{"id":99910,"date":"2022-11-04T11:48:12","date_gmt":"2022-11-04T14:48:12","guid":{"rendered":"https:\/\/www.institutodeengenharia.org.br\/site\/?p=99910"},"modified":"2022-11-17T12:48:16","modified_gmt":"2022-11-17T15:48:16","slug":"por-reginaldo-a-de-paiva-sao-paulo-onde-judas-perdeu-as-botas","status":"publish","type":"post","link":"https:\/\/www.institutodeengenharia.org.br\/site\/2022\/11\/04\/por-reginaldo-a-de-paiva-sao-paulo-onde-judas-perdeu-as-botas\/","title":{"rendered":"Por Reginaldo A. de Paiva &#8211; S\u00e3o Paulo: Onde Judas Perdeu as Botas"},"content":{"rendered":"<p>Exagero? O local em que Judas, ap\u00f3stolo traidor, perdeu as botas fica, na tradi\u00e7\u00e3o popular, em qualquer lugar e em parte alguma. Nunca localizado junto ao observador, que o situa t\u00e3o longe quanto longe seja o seu conceito de lonjura.<\/p>\n<p>Para estas <strong>mal tra\u00e7adas linhas <\/strong>(*), cartesiano que sou \u2013 quando me conv\u00e9m, claro \u2013 chamemos o lugar onde Judas perdeu as botas de JPB.<\/p>\n<p>\u00c9 caracter\u00edstica de um <strong><em>JPB <\/em><\/strong>ser habitado por gentes estranhas, que falam com estranhas entona\u00e7\u00f5es e sotaques, detentoras de estranhos h\u00e1bitos, no vestu\u00e1rio (<em>que <\/em><em>seja<\/em>), na alimenta\u00e7\u00e3o (<em>quase sempre<\/em>) e nas rela\u00e7\u00f5es sociais (<em>com certeza<\/em>).<\/p>\n<p>Para algu\u00e9m postado nas imedia\u00e7\u00f5es do Largo Ana Rosa, em S\u00e3o Paulo, a Pra\u00e7a da Igreja de Cima, em Buriti Alegre (GO) \u00e9 um <strong><em>JPB<\/em><\/strong>; no mesmo tempo e no espa\u00e7o da Pra\u00e7a da Igreja de Cima, a Pra\u00e7a Ana Rosa \u00e9 um <strong><em>JPB<\/em><\/strong>.<\/p>\n<p>Como um par de spins das teorias qu\u00e2nticas, os conceitos giram em sentidos opostos, estando os dois observadores cobertos de raz\u00e3o, porque \u00e9 assim que \u00e9 a relatividade de um <strong><em>JPB<\/em><\/strong>.<\/p>\n<p>Por ter nascido perto da Pra\u00e7a da Igreja de Cima \u2013 minha casa era em \u201c<strong><em>distancia de grito\u201d <\/em><\/strong>da pra\u00e7a \u2013 e ter me mudado para as imedia\u00e7\u00f5es da Pra\u00e7a Ana Rosa, que seja nas <strong><em>imedia\u00e7\u00f5es<\/em><\/strong>, como assim as entendem os paulistanos \u2013 tornei-me um <strong><em>JPB entre JPBs<\/em><\/strong>.<\/p>\n<p>Descobri, nauseado, que a cidade de S\u00e3o Paulo se espraiava \u00e0s margens de rios de \u00e1guas pretas, viscosas, com cheiros nauseabundos e sem peixes. Soube que aqui se comia camar\u00e3o cru e carne mal passada (<em>saingnant, comme il faut<\/em>) e se desconheciam os irresist\u00edveis paladares lenhosos do pequi e os amargos sabores da guariroba (e, que ofensa, os daqui chamavam guariroba de palmito amargo).<\/p>\n<p>Aqui devoram-se ma\u00e7\u00e3s e peras recolhidas de grandes pilhas em estandes de supermercados e se ignora a acidez travosa dos cajus e a suavidade a\u00e7ucarada das gabirobas colhidas diretamente dos galhos.<\/p>\n<p>Apesar de me ter acostumado aos rios sem peixes, sem \u00e1guas claras, e descoberto os prazeres dos pratos de peixes crus e de carnes mal passadas, continuo a n\u00e3o oferecer nenhuma resist\u00eancia a, quando chances surgem, devorar uma pratada de arroz com pequi e guariroba.<\/p>\n<p>Dos cajus e gabirobas guardo os sabores de mem\u00f3ria. Na pr\u00f3xima invas\u00e3o de b\u00e1rbaros a esta capital, espero que um batalh\u00e3o de cozinheiros das Gerais invada os restaurantes dos Jardins.<\/p>\n<p>Ao meu estilo boiadeiro de falar, em dialeto de consoantes viris e vogais carregadas, me era respondido em linguajares de consoantes sussuradas e vogais adamadas.<\/p>\n<p>Explico-me: meus Rs saem dos pulm\u00f5es passando pelo fundo da garganta em lixas grossas; os Ds, os Ts e outras consoantes passam pela boca sem que a l\u00edngua, presa aos dentes inferiores, ofere\u00e7a resist\u00eancia. Ou\u00e7o, com certo desconforto, os Rs paulistanos sussurados, como brisa deslizando em l\u00ednguas de veludo, sons que fazem da ferragem e da presen\u00e7a fortemente met\u00e1lica das ferrovias apenas uma \u201cferovia\u201d. Aqui, os Ds, Ts e outras consoantes s\u00e3o pronunciadas com a l\u00edngua ro\u00e7ando, muito levemente, os dentes superiores, com tal suavidade que quase lhes sobram apenas as vogais.<\/p>\n<p>De meus primeiros tempos na Capital, quando me perguntavam o nome eu dizia Reginaldo <strong>di <\/strong>Paiva e eles escreviam <strong>di <\/strong>Paiva. Eu corrigia \u00e9 D e E. Eles me olhavam com olhares cr\u00edticos e escreviam <strong>de <\/strong>Paiva. Com muito custo aprendi a dizer: <strong>de Paiva<\/strong>, embora as vogais E e O ainda me soem, como l\u00e1 pras bandas das Gerais, um pouco afetadas. Por isso, l\u00e1, nas barrancas do caudaloso rio Parana\u00edba, os substitu\u00edmos por I e U. Falamos <strong><em>Casa du Ju\u00e3o<\/em><\/strong>, falamos <strong><em>panu di viludu<\/em><\/strong>.<\/p>\n<p>Creditei a uma certa heran\u00e7a europeia o sotaque paulistano. Pensava eu, no Hemisf\u00e9rio Norte as pessoas evitam muito abrir a boca para que o ar de quase gelo n\u00e3o lhes congele a garganta.<\/p>\n<p>Teoria errada, porque as mesmas consoantes p\u00e1lidas e an\u00eamicas tamb\u00e9m vieram com os migrantes nordestinos, tudo contribuindo para fazer de S\u00e3o Paulo a capital das consoantes fracas.<\/p>\n<p>D\u00e1-se que tamb\u00e9m vieram migrantes do interior do Estado, que muito gostam de trocar todos os Ls por Rs. Eles at\u00e9 dizem que o <strong>Parm\u00eara \u00e9 um time de futebor<\/strong>. Com eles veio um curioso di\u00e1logo de barbearia, um<\/p>\n<p>exerc\u00edcio matem\u00e1tico nos sal\u00f5es de barbearia de <strong>Botucatur <\/strong>e redondezas. Feita a barba, o barbeiro pergunta pela prefer\u00eancia do cliente:<\/p>\n<ul>\n<li><strong>Arco o tarco<\/strong>? (\u00e1lcool ou talco?). A resposta: <strong>Verva<\/strong>. (\u00e1gua Velva, uma tradicional lo\u00e7\u00e3o ap\u00f3s barba).<\/li>\n<\/ul>\n<p>Se o barbeiro pergunta:<\/p>\n<ul>\n<li><strong>Verva o arco<\/strong>? O cliente responde: <strong>Tarco<\/strong>. E se o barbeiro pergunta:<\/li>\n<li><strong>Verva o tarco<\/strong>?, o cliente responde: <strong>Arco<\/strong>.<\/li>\n<\/ul>\n<p>Como se v\u00ea, um divertido jogo matem\u00e1tico, combina\u00e7\u00f5es de 3 elementos dois a dois, com a resposta recaindo sempre sobre o elemento exclu\u00eddo.<\/p>\n<p><strong><em>Indoutra <\/em><\/strong>hist\u00f3ria dos agrad\u00e1veis ares de Piracicaba; um qualquer caminhante, por uma rua qualquer, visualiza um amigo pela janela aberta de sua casa e, em caloroso cumprimento, lhe pergunta:<\/p>\n<h1>\u2013\u00a0 Firme?<\/h1>\n<p>O amigo lhe responde, com entusiasmo:<\/p>\n<h1>\u2013\u00a0 N\u00e3o! Futebor!<\/h1>\n<p>Mas tamb\u00e9m vieram japoneses e chineses para S\u00e3o Paulo, gente que desconhece os encontros consonantais e n\u00e3o conseguem pronunciar os Rs. Intercalam vogais sempre que uma consoante se apresenta em dobro ou desacompanhada e, ao contr\u00e1rio dos de Piracicaba, trocam os Rs pelos Ls. A prop\u00f3sito, falam <strong>a poloposito, o Vasoco pelodeu do Sano Paulo<\/strong>. \u00c9 por isso, pensei l\u00e1 com meus bot\u00f5es,<\/p>\n<ul>\n<li><strong><em>nada a estranhar, l\u00e1 nos Goi\u00e1s a gente muito conversa c\u2019os bot\u00f5es das camisas <\/em><\/strong>&#8211; que os japoneses n\u00e3o imigraram para a Alemanha e outros pa\u00edses n\u00f3rdicos, preferindo pa\u00edses onde abundam as vogais como nas escritas de sua l\u00edngua natal. N\u00e3o consigo imaginar um japon\u00eas falando palavras triviais do idioma tedesco, como <strong><em>oftget\u00e4uschte<\/em><\/strong>, <strong><em>westf\u00e4lischer, unentbehrlichste<\/em><\/strong>.<\/li>\n<\/ul>\n<p>E tamb\u00e9m aqui chegaram \u00e1rabes, fantasiados de turcos por falta de uma identidade nacional, falando uma l\u00edngua onde n\u00e3o existem Ps, Vs nem \u00c3s nem encontros consonantais. Fan\u00e1ticos por futebol, contam com orgulho que o <strong>Basco berdeu do Zan Baulo. <\/strong>E tamb\u00e9m falam <strong>An-ran-ga-ba\u00fa.<\/strong><\/p>\n<p>Tudo isto considerado, fica muito engra\u00e7ado ouvir um certo ator carioca de televis\u00e3o declarar que, para interpretar, em uma novela, com S\u00e3o Paulo por cen\u00e1rio, que estaria treinando o <strong><em>sotaque paulistano e fugindo da praia para perder o bronzeado<\/em><\/strong>.<\/p>\n<p>&#8211; coisa muito rara j\u00e1 que a televis\u00e3o decidiu que o <strong><em>Brazilian way of live <\/em><\/strong>\u00e9 o que se v\u00ea apenas em algumas poucas quadras da praia de Ipanema &#8211;<\/p>\n<p>Esqueceram de contar-lhe que o sol se espraia sobre todo o planeta e que, para bronzear-se, praias n\u00e3o s\u00e3o imprescind\u00edveis e que n\u00e3o existe \u201co\u201d sotaque paulistano. Tudo o que ele precisaria fazer era substituir os Xs de seus textos por Ss (ao inv\u00e9s de falar, por exemplo, <em>axi ruaxi<\/em>, por <em>as ruas<\/em>. Ou perguntar ao diretor da novela em que bairro de S\u00e3o Paulo mora seu personagem, ainda que, pela sua fala, esta informa\u00e7\u00e3o lhe seria de todo in\u00fatil.<\/p>\n<p>A desinforma\u00e7\u00e3o do ator carioca lembra-me o relato de um amigo publicit\u00e1rio que, ao filmar nos EUA, precisou de um personagem policial e recebeu do ator contratado uma indaga\u00e7\u00e3o curiosa:<\/p>\n<h1>\u201cpolicial de onde, porque, dependendo do bairro, o comportamento do policial muda\u201d.<\/h1>\n<p><strong><em>Os atores americanos s\u00e3o extremamente profissionais<\/em><\/strong>, concluiu-me ele seu relato. Creio que \u00e9 muito exigir, dos atores, para a afoiteza das filmagens das TVs brasileiras.<\/p>\n<p>S\u00e3o Paulo \u00e9 uma <strong><em>cidade-esfinge<\/em><\/strong>, um <strong><em>JPB <\/em><\/strong>at\u00e9 mesmo para o pessoal do Rio, t\u00e3o pr\u00f3ximo geograficamente, mas t\u00e3o distante quanto se queira da cultura local.<\/p>\n<p>Ao contr\u00e1rio do que se v\u00ea hoje nas TVs, o humor paulistano n\u00e3o \u00e9 escrachado. Quem ouviu Pagano Sobrinho na televis\u00e3o sabe a distancia que o separa, por exemplo, de Dercy Gon\u00e7alves.<\/p>\n<p>Os humoristas paulistanos s\u00e3o, digamos, muito peculiares. Relato algumas das lendas que circulam sobre um controvertido quatrocent\u00e3o, quem, se n\u00e3o me engano, se chamava Lara Mesquita. Se n\u00e3o for esse o seu nome, n\u00e3o faz mal. Para a tradi\u00e7\u00e3o oral, qualquer nome \u00e9 um nome bom.<\/p>\n<p>Quando circulou por aqui, a fala do Tom Jobim \u2013 \u201c<em>o problema de S\u00e3o Paulo \u00e9 que l\u00e1 voc\u00ea anda, anda, anda e nunca chega na Praia de Copacabana<\/em>\u201d, o que fez o Lara?<\/p>\n<ul>\n<li>Naquela \u00e9poca, nos anos 60, a rua Augusta era a passarela dos <strong><em>play-boys paulistanos. <\/em><\/strong>Lara, considerando que, n\u00e3o sendo praia nenhum atributo urbano, por ela circulou a bordo de um caminh\u00e3o de areia tendo, na areia, guarda-s\u00f3is, esteiras e deslumbrantes paulistanas em \u201c<strong><em>traje de mai\u00f4\u201d<\/em><\/strong>. Nas laterais da carroceria, faixas explicavam que esta era uma <strong>praia de paulista.<\/strong><\/li>\n<\/ul>\n<p>(<em>traje de mai\u00f4: express\u00e3o usada por Assis Valente no antol\u00f3gico samba E o mundo n\u00e3o se acabou<\/em>).<\/p>\n<ul>\n<li>Outra do Lara: teria sobrevoado, de helic\u00f3ptero, a mans\u00e3o de um amigo, em dia de festa, para a qual n\u00e3o fora convidado, despejando sacos de Sonrisal na<\/li>\n<li>Seria dele a autoria da frase <strong>C\u00e3o Fila \u2013 Km 26<\/strong>, presente, por muito tempo, em muros, morros e estradas da Regi\u00e3o Metropolitana de S\u00e3o Paulo. T\u00e3o divulgada que se tornou capa de um LP de Rock. No km 26 da Estrada do Alvarenga, em uma ilha da Represa Billings, o Lara possu\u00eda um canil de c\u00e3es<\/li>\n<\/ul>\n<p>Se voc\u00ea ouvir (<em>e gostar de<\/em>) Isaurinha Garcia (ou mesmo de Germano Matias) cantando; se voc\u00ea assistir a velhos programas de Pagano Sobrinho e entender o que ele estiver falando, meus p\u00easames, voc\u00ea estar\u00e1 no Br\u00e1s dos anos 50 e acaba de ser mordido pelas musas que atormentaram Mario de Andrade: nunca mais deixar\u00e1 de amar S\u00e3o Paulo.<\/p>\n<p>\u00c9 como uma velha lenda da cidade de Goi\u00e1s: quem bebe da \u00e1gua local n\u00e3o abandona mais a cidade.<\/p>\n<p>Cidade? Acho que n\u00e3o; S\u00e3o Paulo \u00e9 um <strong><em>JPB<\/em><\/strong>. Aqui, foi onde todos perdemos as botas.<\/p>\n<p><strong>(*) No tempo em que os animais n\u00e3o falavam, quando os amigos distantes se comunicavam por cartas manuscritas, recorria-se a modelos de cartas. Os mais famosos, por pedantes e jecas, sugeriam que se come\u00e7assem as cartas com:<\/strong><\/p>\n<p><strong>\u201cEscrevo-lhe estas mal tra\u00e7adas linhas para dar minhas not\u00edcias e saber das suas\u201d<\/strong><\/p>\n<p>A express\u00e3o <strong><em>mal tra\u00e7adas <\/em><\/strong>vem da\u00ed.<\/p>\n<p>_______________________________________________________________________<\/p>\n<p><img loading=\"lazy\" decoding=\"async\" class=\"alignnone size-full wp-image-41624 td-animation-stack-type0-2\" src=\"https:\/\/www.institutodeengenharia.org.br\/site\/wp-content\/uploads\/2019\/04\/reginaldo-A.-Paiva.jpg\" alt=\"\" width=\"134\" height=\"88\" \/><\/p>\n<p><strong>REGINALDO A. DE PAIVA*<\/strong><\/p>\n<p>Diretor secret\u00e1rio da Diretoria Executiva (2014\/2015); representante do Instituto de Engenharia na Comiss\u00e3o Pr\u00e9-Centro e na Opera\u00e7\u00e3o Urbana \u00c1guas Espraiadas e na Comiss\u00e3o Licitat\u00f3ria de Concess\u00f5es Rodovi\u00e1rias (Secretaria de Estado dos Transportes); membro do Conselho Editorial da Revista Engenharia.<\/p>\n<p>*<em>Os artigos publicados com assinatura, n\u00e3o traduzem necessariamente a opini\u00e3o do Instituto de Engenharia. Sua publica\u00e7\u00e3o obedece ao prop\u00f3sito de estimular o debate dos problemas brasileiros e de refletir as diversas tend\u00eancias do pensamento contempor\u00e2neo.<\/em><\/p>\n","protected":false},"excerpt":{"rendered":"<p>Exagero? O local em que Judas, ap\u00f3stolo traidor, perdeu as botas fica, na tradi\u00e7\u00e3o popular, em qualquer lugar e em parte alguma. Nunca localizado junto ao observador, que o situa t\u00e3o longe quanto longe seja o seu conceito de lonjura. Para estas mal tra\u00e7adas linhas (*), cartesiano que sou \u2013 quando me conv\u00e9m, claro \u2013 [&hellip;]<\/p>\n","protected":false},"author":13,"featured_media":99911,"comment_status":"open","ping_status":"open","sticky":false,"template":"","format":"standard","meta":{"footnotes":""},"categories":[11,103],"tags":[],"class_list":{"0":"post-99910","1":"post","2":"type-post","3":"status-publish","4":"format-standard","5":"has-post-thumbnail","7":"category-articulistas","8":"category-reginaldo-a-de-paiva"},"yoast_head":"<!-- This site is optimized with the Yoast SEO plugin v27.2 - https:\/\/yoast.com\/product\/yoast-seo-wordpress\/ -->\n<title>Por Reginaldo A. de Paiva - S\u00e3o Paulo: Onde Judas Perdeu as Botas - Instituto de Engenharia<\/title>\n<meta name=\"robots\" content=\"index, follow, max-snippet:-1, max-image-preview:large, max-video-preview:-1\" \/>\n<link rel=\"canonical\" href=\"https:\/\/www.institutodeengenharia.org.br\/site\/2022\/11\/04\/por-reginaldo-a-de-paiva-sao-paulo-onde-judas-perdeu-as-botas\/\" \/>\n<meta property=\"og:locale\" content=\"pt_BR\" \/>\n<meta property=\"og:type\" content=\"article\" \/>\n<meta property=\"og:title\" content=\"Por Reginaldo A. de Paiva - S\u00e3o Paulo: Onde Judas Perdeu as Botas Por Reginaldo A. de Paiva - S\u00e3o Paulo: Onde Judas Perdeu as Botas\" \/>\n<meta property=\"og:description\" content=\"Exagero? O local em que Judas, ap\u00f3stolo traidor, perdeu as botas fica, na tradi\u00e7\u00e3o popular, em qualquer lugar e em parte alguma. Nunca localizado junto ao observador, que o situa t\u00e3o longe quanto longe seja o seu conceito de lonjura.\" \/>\n<meta property=\"og:url\" content=\"https:\/\/www.institutodeengenharia.org.br\/site\/2022\/11\/04\/por-reginaldo-a-de-paiva-sao-paulo-onde-judas-perdeu-as-botas\/\" \/>\n<meta property=\"og:site_name\" content=\"Instituto de Engenharia\" \/>\n<meta property=\"article:publisher\" content=\"https:\/\/www.facebook.com\/institutodeengenharia\" \/>\n<meta property=\"article:published_time\" content=\"2022-11-04T14:48:12+00:00\" \/>\n<meta property=\"article:modified_time\" content=\"2022-11-17T15:48:16+00:00\" \/>\n<meta property=\"og:image\" content=\"https:\/\/www.institutodeengenharia.org.br\/site\/wp-content\/uploads\/2022\/11\/lapa-g60df7b622_1920.jpg\" \/>\n\t<meta property=\"og:image:width\" content=\"1920\" \/>\n\t<meta property=\"og:image:height\" content=\"1280\" \/>\n\t<meta property=\"og:image:type\" content=\"image\/jpeg\" \/>\n<meta name=\"author\" content=\"Bianca\" \/>\n<meta name=\"twitter:card\" content=\"summary_large_image\" \/>\n<meta name=\"twitter:title\" content=\"Por Reginaldo A. de Paiva - S\u00e3o Paulo: Onde Judas Perdeu as Botas\" \/>\n<meta name=\"twitter:description\" content=\"Exagero? O local em que Judas, ap\u00f3stolo traidor, perdeu as botas fica, na tradi\u00e7\u00e3o popular, em qualquer lugar e em parte alguma. Nunca localizado junto ao observador, que o situa t\u00e3o longe quanto longe seja o seu conceito de lonjura.\" \/>\n<meta name=\"twitter:image\" content=\"https:\/\/www.institutodeengenharia.org.br\/site\/wp-content\/uploads\/2022\/11\/lapa-g60df7b622_1920.jpg\" \/>\n<meta name=\"twitter:creator\" content=\"@iengenharia\" \/>\n<meta name=\"twitter:site\" content=\"@iengenharia\" \/>\n<meta name=\"twitter:label1\" content=\"Escrito por\" \/>\n\t<meta name=\"twitter:data1\" content=\"Bianca\" \/>\n\t<meta name=\"twitter:label2\" content=\"Est. tempo de leitura\" \/>\n\t<meta name=\"twitter:data2\" content=\"10 minutos\" \/>\n<script type=\"application\/ld+json\" class=\"yoast-schema-graph\">{\"@context\":\"https:\/\/schema.org\",\"@graph\":[{\"@type\":\"Article\",\"@id\":\"https:\/\/www.institutodeengenharia.org.br\/site\/2022\/11\/04\/por-reginaldo-a-de-paiva-sao-paulo-onde-judas-perdeu-as-botas\/#article\",\"isPartOf\":{\"@id\":\"https:\/\/www.institutodeengenharia.org.br\/site\/2022\/11\/04\/por-reginaldo-a-de-paiva-sao-paulo-onde-judas-perdeu-as-botas\/\"},\"author\":{\"name\":\"Bianca\",\"@id\":\"https:\/\/www.institutodeengenharia.org.br\/site\/#\/schema\/person\/aeb64951c405e100d26d30b033dd423f\"},\"headline\":\"Por Reginaldo A. de Paiva &#8211; S\u00e3o Paulo: Onde Judas Perdeu as Botas\",\"datePublished\":\"2022-11-04T14:48:12+00:00\",\"dateModified\":\"2022-11-17T15:48:16+00:00\",\"mainEntityOfPage\":{\"@id\":\"https:\/\/www.institutodeengenharia.org.br\/site\/2022\/11\/04\/por-reginaldo-a-de-paiva-sao-paulo-onde-judas-perdeu-as-botas\/\"},\"wordCount\":1872,\"commentCount\":0,\"publisher\":{\"@id\":\"https:\/\/www.institutodeengenharia.org.br\/site\/#organization\"},\"image\":{\"@id\":\"https:\/\/www.institutodeengenharia.org.br\/site\/2022\/11\/04\/por-reginaldo-a-de-paiva-sao-paulo-onde-judas-perdeu-as-botas\/#primaryimage\"},\"thumbnailUrl\":\"https:\/\/www.institutodeengenharia.org.br\/site\/wp-content\/uploads\/2022\/11\/lapa-g60df7b622_1920.jpg\",\"articleSection\":[\"Articulistas\",\"Reginaldo A. de Paiva\"],\"inLanguage\":\"pt-BR\",\"potentialAction\":[{\"@type\":\"CommentAction\",\"name\":\"Comment\",\"target\":[\"https:\/\/www.institutodeengenharia.org.br\/site\/2022\/11\/04\/por-reginaldo-a-de-paiva-sao-paulo-onde-judas-perdeu-as-botas\/#respond\"]}]},{\"@type\":\"WebPage\",\"@id\":\"https:\/\/www.institutodeengenharia.org.br\/site\/2022\/11\/04\/por-reginaldo-a-de-paiva-sao-paulo-onde-judas-perdeu-as-botas\/\",\"url\":\"https:\/\/www.institutodeengenharia.org.br\/site\/2022\/11\/04\/por-reginaldo-a-de-paiva-sao-paulo-onde-judas-perdeu-as-botas\/\",\"name\":\"Por Reginaldo A. de Paiva - S\u00e3o Paulo: Onde Judas Perdeu as Botas - Instituto de Engenharia\",\"isPartOf\":{\"@id\":\"https:\/\/www.institutodeengenharia.org.br\/site\/#website\"},\"primaryImageOfPage\":{\"@id\":\"https:\/\/www.institutodeengenharia.org.br\/site\/2022\/11\/04\/por-reginaldo-a-de-paiva-sao-paulo-onde-judas-perdeu-as-botas\/#primaryimage\"},\"image\":{\"@id\":\"https:\/\/www.institutodeengenharia.org.br\/site\/2022\/11\/04\/por-reginaldo-a-de-paiva-sao-paulo-onde-judas-perdeu-as-botas\/#primaryimage\"},\"thumbnailUrl\":\"https:\/\/www.institutodeengenharia.org.br\/site\/wp-content\/uploads\/2022\/11\/lapa-g60df7b622_1920.jpg\",\"datePublished\":\"2022-11-04T14:48:12+00:00\",\"dateModified\":\"2022-11-17T15:48:16+00:00\",\"breadcrumb\":{\"@id\":\"https:\/\/www.institutodeengenharia.org.br\/site\/2022\/11\/04\/por-reginaldo-a-de-paiva-sao-paulo-onde-judas-perdeu-as-botas\/#breadcrumb\"},\"inLanguage\":\"pt-BR\",\"potentialAction\":[{\"@type\":\"ReadAction\",\"target\":[\"https:\/\/www.institutodeengenharia.org.br\/site\/2022\/11\/04\/por-reginaldo-a-de-paiva-sao-paulo-onde-judas-perdeu-as-botas\/\"]}]},{\"@type\":\"ImageObject\",\"inLanguage\":\"pt-BR\",\"@id\":\"https:\/\/www.institutodeengenharia.org.br\/site\/2022\/11\/04\/por-reginaldo-a-de-paiva-sao-paulo-onde-judas-perdeu-as-botas\/#primaryimage\",\"url\":\"https:\/\/www.institutodeengenharia.org.br\/site\/wp-content\/uploads\/2022\/11\/lapa-g60df7b622_1920.jpg\",\"contentUrl\":\"https:\/\/www.institutodeengenharia.org.br\/site\/wp-content\/uploads\/2022\/11\/lapa-g60df7b622_1920.jpg\",\"width\":1920,\"height\":1280},{\"@type\":\"BreadcrumbList\",\"@id\":\"https:\/\/www.institutodeengenharia.org.br\/site\/2022\/11\/04\/por-reginaldo-a-de-paiva-sao-paulo-onde-judas-perdeu-as-botas\/#breadcrumb\",\"itemListElement\":[{\"@type\":\"ListItem\",\"position\":1,\"name\":\"In\u00edcio\",\"item\":\"https:\/\/www.institutodeengenharia.org.br\/site\/\"},{\"@type\":\"ListItem\",\"position\":2,\"name\":\"Por Reginaldo A. de Paiva &#8211; S\u00e3o Paulo: Onde Judas Perdeu as Botas\"}]},{\"@type\":\"WebSite\",\"@id\":\"https:\/\/www.institutodeengenharia.org.br\/site\/#website\",\"url\":\"https:\/\/www.institutodeengenharia.org.br\/site\/\",\"name\":\"Instituto de Engenharia\",\"description\":\"O Instituto de Engenharia promove a Engenharia em benef\u00edcio do desenvolvimento e da qualidade de vida da sociedade.\",\"publisher\":{\"@id\":\"https:\/\/www.institutodeengenharia.org.br\/site\/#organization\"},\"potentialAction\":[{\"@type\":\"SearchAction\",\"target\":{\"@type\":\"EntryPoint\",\"urlTemplate\":\"https:\/\/www.institutodeengenharia.org.br\/site\/?s={search_term_string}\"},\"query-input\":{\"@type\":\"PropertyValueSpecification\",\"valueRequired\":true,\"valueName\":\"search_term_string\"}}],\"inLanguage\":\"pt-BR\"},{\"@type\":\"Organization\",\"@id\":\"https:\/\/www.institutodeengenharia.org.br\/site\/#organization\",\"name\":\"Instituto de Engenharia\",\"url\":\"https:\/\/www.institutodeengenharia.org.br\/site\/\",\"logo\":{\"@type\":\"ImageObject\",\"inLanguage\":\"pt-BR\",\"@id\":\"https:\/\/www.institutodeengenharia.org.br\/site\/#\/schema\/logo\/image\/\",\"url\":\"https:\/\/www.institutodeengenharia.org.br\/site\/wp-content\/uploads\/2019\/03\/logo-novo-IE2018-1.jpg\",\"contentUrl\":\"https:\/\/www.institutodeengenharia.org.br\/site\/wp-content\/uploads\/2019\/03\/logo-novo-IE2018-1.jpg\",\"width\":1486,\"height\":1879,\"caption\":\"Instituto de Engenharia\"},\"image\":{\"@id\":\"https:\/\/www.institutodeengenharia.org.br\/site\/#\/schema\/logo\/image\/\"},\"sameAs\":[\"https:\/\/www.facebook.com\/institutodeengenharia\",\"https:\/\/x.com\/iengenharia\",\"https:\/\/www.instagram.com\/institutodeengenharia\/\",\"https:\/\/www.linkedin.com\/company\/instituto-de-engenharia\/\",\"https:\/\/www.youtube.com\/channel\/UCXiCAlsSMe977vamW915HxA\"]},{\"@type\":\"Person\",\"@id\":\"https:\/\/www.institutodeengenharia.org.br\/site\/#\/schema\/person\/aeb64951c405e100d26d30b033dd423f\",\"name\":\"Bianca\",\"image\":{\"@type\":\"ImageObject\",\"inLanguage\":\"pt-BR\",\"@id\":\"https:\/\/secure.gravatar.com\/avatar\/a6fbe9bff57405baf4c1e2c5c1811e072b558253974a9f9508f4678900c97c2a?s=96&d=mm&r=g\",\"url\":\"https:\/\/secure.gravatar.com\/avatar\/a6fbe9bff57405baf4c1e2c5c1811e072b558253974a9f9508f4678900c97c2a?s=96&d=mm&r=g\",\"contentUrl\":\"https:\/\/secure.gravatar.com\/avatar\/a6fbe9bff57405baf4c1e2c5c1811e072b558253974a9f9508f4678900c97c2a?s=96&d=mm&r=g\",\"caption\":\"Bianca\"},\"url\":\"https:\/\/www.institutodeengenharia.org.br\/site\/author\/comunicacao1\/\"}]}<\/script>\n<!-- \/ Yoast SEO plugin. -->","yoast_head_json":{"title":"Por Reginaldo A. de Paiva - S\u00e3o Paulo: Onde Judas Perdeu as Botas - Instituto de Engenharia","robots":{"index":"index","follow":"follow","max-snippet":"max-snippet:-1","max-image-preview":"max-image-preview:large","max-video-preview":"max-video-preview:-1"},"canonical":"https:\/\/www.institutodeengenharia.org.br\/site\/2022\/11\/04\/por-reginaldo-a-de-paiva-sao-paulo-onde-judas-perdeu-as-botas\/","og_locale":"pt_BR","og_type":"article","og_title":"Por Reginaldo A. de Paiva - S\u00e3o Paulo: Onde Judas Perdeu as Botas Por Reginaldo A. de Paiva - S\u00e3o Paulo: Onde Judas Perdeu as Botas","og_description":"Exagero? O local em que Judas, ap\u00f3stolo traidor, perdeu as botas fica, na tradi\u00e7\u00e3o popular, em qualquer lugar e em parte alguma. Nunca localizado junto ao observador, que o situa t\u00e3o longe quanto longe seja o seu conceito de lonjura.","og_url":"https:\/\/www.institutodeengenharia.org.br\/site\/2022\/11\/04\/por-reginaldo-a-de-paiva-sao-paulo-onde-judas-perdeu-as-botas\/","og_site_name":"Instituto de Engenharia","article_publisher":"https:\/\/www.facebook.com\/institutodeengenharia","article_published_time":"2022-11-04T14:48:12+00:00","article_modified_time":"2022-11-17T15:48:16+00:00","og_image":[{"width":1920,"height":1280,"url":"https:\/\/www.institutodeengenharia.org.br\/site\/wp-content\/uploads\/2022\/11\/lapa-g60df7b622_1920.jpg","type":"image\/jpeg"}],"author":"Bianca","twitter_card":"summary_large_image","twitter_title":"Por Reginaldo A. de Paiva - S\u00e3o Paulo: Onde Judas Perdeu as Botas","twitter_description":"Exagero? O local em que Judas, ap\u00f3stolo traidor, perdeu as botas fica, na tradi\u00e7\u00e3o popular, em qualquer lugar e em parte alguma. Nunca localizado junto ao observador, que o situa t\u00e3o longe quanto longe seja o seu conceito de lonjura.","twitter_image":"https:\/\/www.institutodeengenharia.org.br\/site\/wp-content\/uploads\/2022\/11\/lapa-g60df7b622_1920.jpg","twitter_creator":"@iengenharia","twitter_site":"@iengenharia","twitter_misc":{"Escrito por":"Bianca","Est. tempo de leitura":"10 minutos"},"schema":{"@context":"https:\/\/schema.org","@graph":[{"@type":"Article","@id":"https:\/\/www.institutodeengenharia.org.br\/site\/2022\/11\/04\/por-reginaldo-a-de-paiva-sao-paulo-onde-judas-perdeu-as-botas\/#article","isPartOf":{"@id":"https:\/\/www.institutodeengenharia.org.br\/site\/2022\/11\/04\/por-reginaldo-a-de-paiva-sao-paulo-onde-judas-perdeu-as-botas\/"},"author":{"name":"Bianca","@id":"https:\/\/www.institutodeengenharia.org.br\/site\/#\/schema\/person\/aeb64951c405e100d26d30b033dd423f"},"headline":"Por Reginaldo A. de Paiva &#8211; S\u00e3o Paulo: Onde Judas Perdeu as Botas","datePublished":"2022-11-04T14:48:12+00:00","dateModified":"2022-11-17T15:48:16+00:00","mainEntityOfPage":{"@id":"https:\/\/www.institutodeengenharia.org.br\/site\/2022\/11\/04\/por-reginaldo-a-de-paiva-sao-paulo-onde-judas-perdeu-as-botas\/"},"wordCount":1872,"commentCount":0,"publisher":{"@id":"https:\/\/www.institutodeengenharia.org.br\/site\/#organization"},"image":{"@id":"https:\/\/www.institutodeengenharia.org.br\/site\/2022\/11\/04\/por-reginaldo-a-de-paiva-sao-paulo-onde-judas-perdeu-as-botas\/#primaryimage"},"thumbnailUrl":"https:\/\/www.institutodeengenharia.org.br\/site\/wp-content\/uploads\/2022\/11\/lapa-g60df7b622_1920.jpg","articleSection":["Articulistas","Reginaldo A. de Paiva"],"inLanguage":"pt-BR","potentialAction":[{"@type":"CommentAction","name":"Comment","target":["https:\/\/www.institutodeengenharia.org.br\/site\/2022\/11\/04\/por-reginaldo-a-de-paiva-sao-paulo-onde-judas-perdeu-as-botas\/#respond"]}]},{"@type":"WebPage","@id":"https:\/\/www.institutodeengenharia.org.br\/site\/2022\/11\/04\/por-reginaldo-a-de-paiva-sao-paulo-onde-judas-perdeu-as-botas\/","url":"https:\/\/www.institutodeengenharia.org.br\/site\/2022\/11\/04\/por-reginaldo-a-de-paiva-sao-paulo-onde-judas-perdeu-as-botas\/","name":"Por Reginaldo A. de Paiva - S\u00e3o Paulo: Onde Judas Perdeu as Botas - Instituto de Engenharia","isPartOf":{"@id":"https:\/\/www.institutodeengenharia.org.br\/site\/#website"},"primaryImageOfPage":{"@id":"https:\/\/www.institutodeengenharia.org.br\/site\/2022\/11\/04\/por-reginaldo-a-de-paiva-sao-paulo-onde-judas-perdeu-as-botas\/#primaryimage"},"image":{"@id":"https:\/\/www.institutodeengenharia.org.br\/site\/2022\/11\/04\/por-reginaldo-a-de-paiva-sao-paulo-onde-judas-perdeu-as-botas\/#primaryimage"},"thumbnailUrl":"https:\/\/www.institutodeengenharia.org.br\/site\/wp-content\/uploads\/2022\/11\/lapa-g60df7b622_1920.jpg","datePublished":"2022-11-04T14:48:12+00:00","dateModified":"2022-11-17T15:48:16+00:00","breadcrumb":{"@id":"https:\/\/www.institutodeengenharia.org.br\/site\/2022\/11\/04\/por-reginaldo-a-de-paiva-sao-paulo-onde-judas-perdeu-as-botas\/#breadcrumb"},"inLanguage":"pt-BR","potentialAction":[{"@type":"ReadAction","target":["https:\/\/www.institutodeengenharia.org.br\/site\/2022\/11\/04\/por-reginaldo-a-de-paiva-sao-paulo-onde-judas-perdeu-as-botas\/"]}]},{"@type":"ImageObject","inLanguage":"pt-BR","@id":"https:\/\/www.institutodeengenharia.org.br\/site\/2022\/11\/04\/por-reginaldo-a-de-paiva-sao-paulo-onde-judas-perdeu-as-botas\/#primaryimage","url":"https:\/\/www.institutodeengenharia.org.br\/site\/wp-content\/uploads\/2022\/11\/lapa-g60df7b622_1920.jpg","contentUrl":"https:\/\/www.institutodeengenharia.org.br\/site\/wp-content\/uploads\/2022\/11\/lapa-g60df7b622_1920.jpg","width":1920,"height":1280},{"@type":"BreadcrumbList","@id":"https:\/\/www.institutodeengenharia.org.br\/site\/2022\/11\/04\/por-reginaldo-a-de-paiva-sao-paulo-onde-judas-perdeu-as-botas\/#breadcrumb","itemListElement":[{"@type":"ListItem","position":1,"name":"In\u00edcio","item":"https:\/\/www.institutodeengenharia.org.br\/site\/"},{"@type":"ListItem","position":2,"name":"Por Reginaldo A. de Paiva &#8211; S\u00e3o Paulo: Onde Judas Perdeu as Botas"}]},{"@type":"WebSite","@id":"https:\/\/www.institutodeengenharia.org.br\/site\/#website","url":"https:\/\/www.institutodeengenharia.org.br\/site\/","name":"Instituto de Engenharia","description":"O Instituto de Engenharia promove a Engenharia em benef\u00edcio do desenvolvimento e da qualidade de vida da sociedade.","publisher":{"@id":"https:\/\/www.institutodeengenharia.org.br\/site\/#organization"},"potentialAction":[{"@type":"SearchAction","target":{"@type":"EntryPoint","urlTemplate":"https:\/\/www.institutodeengenharia.org.br\/site\/?s={search_term_string}"},"query-input":{"@type":"PropertyValueSpecification","valueRequired":true,"valueName":"search_term_string"}}],"inLanguage":"pt-BR"},{"@type":"Organization","@id":"https:\/\/www.institutodeengenharia.org.br\/site\/#organization","name":"Instituto de Engenharia","url":"https:\/\/www.institutodeengenharia.org.br\/site\/","logo":{"@type":"ImageObject","inLanguage":"pt-BR","@id":"https:\/\/www.institutodeengenharia.org.br\/site\/#\/schema\/logo\/image\/","url":"https:\/\/www.institutodeengenharia.org.br\/site\/wp-content\/uploads\/2019\/03\/logo-novo-IE2018-1.jpg","contentUrl":"https:\/\/www.institutodeengenharia.org.br\/site\/wp-content\/uploads\/2019\/03\/logo-novo-IE2018-1.jpg","width":1486,"height":1879,"caption":"Instituto de Engenharia"},"image":{"@id":"https:\/\/www.institutodeengenharia.org.br\/site\/#\/schema\/logo\/image\/"},"sameAs":["https:\/\/www.facebook.com\/institutodeengenharia","https:\/\/x.com\/iengenharia","https:\/\/www.instagram.com\/institutodeengenharia\/","https:\/\/www.linkedin.com\/company\/instituto-de-engenharia\/","https:\/\/www.youtube.com\/channel\/UCXiCAlsSMe977vamW915HxA"]},{"@type":"Person","@id":"https:\/\/www.institutodeengenharia.org.br\/site\/#\/schema\/person\/aeb64951c405e100d26d30b033dd423f","name":"Bianca","image":{"@type":"ImageObject","inLanguage":"pt-BR","@id":"https:\/\/secure.gravatar.com\/avatar\/a6fbe9bff57405baf4c1e2c5c1811e072b558253974a9f9508f4678900c97c2a?s=96&d=mm&r=g","url":"https:\/\/secure.gravatar.com\/avatar\/a6fbe9bff57405baf4c1e2c5c1811e072b558253974a9f9508f4678900c97c2a?s=96&d=mm&r=g","contentUrl":"https:\/\/secure.gravatar.com\/avatar\/a6fbe9bff57405baf4c1e2c5c1811e072b558253974a9f9508f4678900c97c2a?s=96&d=mm&r=g","caption":"Bianca"},"url":"https:\/\/www.institutodeengenharia.org.br\/site\/author\/comunicacao1\/"}]}},"_links":{"self":[{"href":"https:\/\/www.institutodeengenharia.org.br\/site\/wp-json\/wp\/v2\/posts\/99910","targetHints":{"allow":["GET"]}}],"collection":[{"href":"https:\/\/www.institutodeengenharia.org.br\/site\/wp-json\/wp\/v2\/posts"}],"about":[{"href":"https:\/\/www.institutodeengenharia.org.br\/site\/wp-json\/wp\/v2\/types\/post"}],"author":[{"embeddable":true,"href":"https:\/\/www.institutodeengenharia.org.br\/site\/wp-json\/wp\/v2\/users\/13"}],"replies":[{"embeddable":true,"href":"https:\/\/www.institutodeengenharia.org.br\/site\/wp-json\/wp\/v2\/comments?post=99910"}],"version-history":[{"count":2,"href":"https:\/\/www.institutodeengenharia.org.br\/site\/wp-json\/wp\/v2\/posts\/99910\/revisions"}],"predecessor-version":[{"id":100363,"href":"https:\/\/www.institutodeengenharia.org.br\/site\/wp-json\/wp\/v2\/posts\/99910\/revisions\/100363"}],"wp:featuredmedia":[{"embeddable":true,"href":"https:\/\/www.institutodeengenharia.org.br\/site\/wp-json\/wp\/v2\/media\/99911"}],"wp:attachment":[{"href":"https:\/\/www.institutodeengenharia.org.br\/site\/wp-json\/wp\/v2\/media?parent=99910"}],"wp:term":[{"taxonomy":"category","embeddable":true,"href":"https:\/\/www.institutodeengenharia.org.br\/site\/wp-json\/wp\/v2\/categories?post=99910"},{"taxonomy":"post_tag","embeddable":true,"href":"https:\/\/www.institutodeengenharia.org.br\/site\/wp-json\/wp\/v2\/tags?post=99910"}],"curies":[{"name":"wp","href":"https:\/\/api.w.org\/{rel}","templated":true}]}}