{"id":99876,"date":"2022-11-03T16:37:14","date_gmt":"2022-11-03T19:37:14","guid":{"rendered":"https:\/\/www.institutodeengenharia.org.br\/site\/?p=99876"},"modified":"2022-12-16T12:55:40","modified_gmt":"2022-12-16T15:55:40","slug":"discurso-eminente-engenheira-do-ano-2022-tania-cosentino","status":"publish","type":"post","link":"https:\/\/www.institutodeengenharia.org.br\/site\/2022\/11\/03\/discurso-eminente-engenheira-do-ano-2022-tania-cosentino\/","title":{"rendered":"Discurso Eminente Engenheira do Ano 2022 \u2013 Tania Cosentino"},"content":{"rendered":"<p>Boa noite a todos e todas, acho que n\u00e3o \u00e9 preciso dizer o tamanho da emo\u00e7\u00e3o que estou sentindo por estar aqui hoje, um lugar que nunca pensei. Em primeiro lugar, queria agradecer ao Eng. Paulo, Eng. Andr\u00e9, ao Instituto de Engenharia, a todos os colegas engenheiros que est\u00e3o presentes aqui e ao pessoal do Instituto por organizar n\u00e3o s\u00f3 a homenagem e me selecionarem como Eminente Engenheira do Ano, mas por todo o carinho. E isso \u00e9 uma coisa importante, a aten\u00e7\u00e3o e o carinho que foi dedicado a mim e minha equipe em todo esse per\u00edodo que v\u00edamos conversando para organizar este evento. Ent\u00e3o, gostaria de agradecer do fundo do meu cora\u00e7\u00e3o a todos voc\u00eas que organizaram esta homenagem t\u00e3o bonita aqui e ao senhor Eng. Jardim que fez uma organiza\u00e7\u00e3o bem bacana.<\/p>\n<p>Queria tamb\u00e9m parabenizar o Instituto de Engenharia pelos 106 anos, \u00e9 uma hist\u00f3ria linda de um instituto de visa promover uma profiss\u00e3o t\u00e3o dif\u00edcil, uma profiss\u00e3o que n\u00e3o \u00e9 abra\u00e7ada pelos brasileiros como \u00e9 em outros pa\u00edses. E quando olhamos para a import\u00e2ncia da Engenharia para o desenvolvimento econ\u00f4mico de um pa\u00eds para o ganho de competitividade que \u00e9 tudo que a gente precisa aqui no Brasil, me entristece ver que ainda somos t\u00e3o poucos. Sem falar no n\u00famero de mulheres na profiss\u00e3o, o que \u00e9 pior ainda, n\u00f3s somos poucas nesta profiss\u00e3o, se formos olhar para o n\u00famero de formandas de engenharia, o Brasil tem apenas 24% de engenheiras, e se for comparar no mundo, \u00e9 entre 35% at\u00e9 40% se olharmos mais para o lado da \u00c1sia e da Europa. Ent\u00e3o, isso mostra claramente porque alguns pa\u00edses est\u00e3o mais avan\u00e7ados em uma s\u00e9rie de temas do que os nossos, porque eles t\u00eam uma economia mais pujante do que a nossa. Temos um pa\u00eds rico, com uma popula\u00e7\u00e3o maravilhosa, onde o solo \u00e9 rico, ent\u00e3o, \u00e9 aonde precisar\u00edamos de mais engenheiros para extrair os benef\u00edcios de toda essa riqueza e transformar em uma riqueza que transformasse todo esse crescimento econ\u00f4mico e reduzisse as desigualdades.<\/p>\n<p>Eu era muito jovem quando percebi que queria de fato, fazer algo diferente, que pudesse contribuir e gerar impacto. Isso foi algo que sempre me moveu. Mas, tamb\u00e9m, desde muito pequena a minha fam\u00edlia me mostrou a import\u00e2ncia do estudo, da dedica\u00e7\u00e3o e do trabalho e no caso de ser mulher, a autoconfian\u00e7a. Ter tamb\u00e9m o s\u00edmbolo da Atena Minerva, a deusa do conhecimento, reflete em algo que sempre norteou minha vida e carreira, estar aberta para aprender algo novo sempre. Hoje no mundo moderno com o mindset, mas, \u00e9 realmente estar aberto para aprender algo novo todos os dias. \u00c9 o que vai te renovar e te fazer crescer, n\u00e3o importa qual seja sua carreira.<\/p>\n<p>Isso sempre foi o norte da minha carreira e acabei caindo por acaso no mundo t\u00e9cnico, sou da \u00e9poca da Escola T\u00e9cnica Federal de S\u00e3o Paulo, onde fiz meu segundo grau t\u00e9cnico e tenho alguns antigos amigos federais colegas de turma aqui, e a conex\u00e3o com a \u00e1rea t\u00e9cnica transformou a minha vida, me permitiu ter emprego aos 16 anos de idade e fiz 40 anos de profiss\u00e3o realizados esse ano.<\/p>\n<p>E foi a\u00ed que come\u00e7ou a paix\u00e3o, entrei no curso de Engenharia, sendo Engenheira Eletricista pela Faculdade de Engenharia de S\u00e3o Paulo e me formei em 1990. E quando me formei, j\u00e1 tinha oito anos de experi\u00eancia, comecei como estagi\u00e1ria na SIMENS, era um desafio como mulher estar nessa \u00e1rea, \u00e9ramos poucas formandas e poucas as que se aventuravam pelo campo e ch\u00e3o de f\u00e1brica e t\u00ednhamos que fazer a diferen\u00e7a. E a minha forma de fazer diferen\u00e7a era colaborar com meus colegas.<\/p>\n<p>Nessa jornada, encontrei meu marido Carlos, que sempre foi um grande parceiro, responsor e padrinho, que sempre me apoiou e empurrou para frente. Ent\u00e3o, tive fam\u00edlia, que \u00e9 um pilar fundamental. Minha m\u00e3e, meu pai, irm\u00e3, sobrinha, fam\u00edlia sempre junto apoiando \u00e9 fundamental. \u00c9 uma fam\u00edlia onde meus pais sempre falaram que pod\u00edamos ser o que n\u00f3s quis\u00e9ssemos, ent\u00e3o, eu sou engenheira eletricista, minha irm\u00e3 \u00e9 doutora em f\u00edsica e meu irm\u00e3o \u00e9 m\u00fasico. Ent\u00e3o, mostrou que cada um podia realmente fazer suas escolhas e o que importava era ser feliz. Mas, encontro meu marido na engenharia e constru\u00edmos uma carreira construtiva com um apoiando o outro.<\/p>\n<p>Fiquei 16 anos na SIMENS, passei por outras diversas \u00e1reas, passei dois anos na ROCO Arrumation, onde aprendi muito sobre cultura organizacional, saio de uma empresa alem\u00e3 e vou para uma empresa americana. Entrei na Schneider Electric Brasil, onde tive o privil\u00e9gio de aprender muito e me transformar em uma executiva. L\u00e1 conheci muitos dos amigos que est\u00e3o aqui presentes, e \u00e9 uma honra ter cada um de voc\u00eas aqui. E eu fui aprendendo muito e tentando compartilhar meu conhecimento com meus colegas e como eu poderia fazer a diferen\u00e7a na vida de cada um. Quando assumi a presid\u00eancia da Schneider Electric Brasil, em 2009, depois de um ano vivendo na Fran\u00e7a, percebi que poderia fazer mais e principalmente pelas mulheres, pois quando olhei para o lado, eu era uma das engenheiras formadas no Brasil, mas era uma das poucas que chegava na posi\u00e7\u00e3o de CEO de uma organiza\u00e7\u00e3o. E a\u00ed eu entendi que tinha um papel fundamental, espa\u00e7o e voz para fazer a diferen\u00e7a. Primeiro dentro de casa, contribuindo para o crescimento das mulheres na Schneider, mas tamb\u00e9m por fora, levando a voz para que mulheres percebessem que sim, elas poderiam chegar l\u00e1, mostrando que n\u00e3o vim de fam\u00edlia rica, nem de escola rica, trabalhando desde muito jovem, mas sim, \u00e9 poss\u00edvel para qualquer mulher, homem, de qualquer origem, desde que tenha esfor\u00e7o e dedica\u00e7\u00e3o e que encontre pessoas incr\u00edveis pela jornada, e preciso agradecer a todas pessoas incr\u00edveis que encontrei pela minha jornada.<\/p>\n<p>Ao mesmo tempo, naquele momento me conecto com o tema sustentabilidade, e principalmente no meio ambiente, e eu percebo que poderia ter impacto social e ambiental com o servi\u00e7o da minha empresa, e foi a\u00ed que eu me apaixonei pela \u00e1rea. N\u00e3o sou uma expert na \u00e1rea, mas, me apaixonei e vi um horizonte no conhecimento, e surgiu um novo grupo de networking, ent\u00e3o, continuei aprendendo, crescendo e impactando a vida de muitas pessoas.<\/p>\n<p>Tive o privil\u00e9gio de ser reconhecida pela ONU, mas n\u00e3o fui a \u00fanica, tamb\u00e9m tenho duas mulheres maravilhosas. Ent\u00e3o, vemos mulheres servindo de exemplo para outras mulheres e para homens e tenho orgulho de estar nesta jornada. Depois de 19 anos na Schneider, decidi fazer uma mudan\u00e7a pra Microsoft, sempre apoiada pelo meu marido e fam\u00edlia. E foi uma mudan\u00e7a para melhorar, para ver minha capacidade e elasticidade de aprender coisas novas e impactar em escalas. O poder de uma Microsoft de impactar pessoas e organiza\u00e7\u00f5es \u00e9 incr\u00edvel. \u00c9 levar a tecnologia e a tecnologia na veia para transformar a sociedade, reduzir as desigualdades e ingressar nos principais desafios da nossa sociedade e planeta. Ent\u00e3o, quando vi a oportunidade abracei, e a verdade \u00e9 que n\u00e3o sou uma profissional de TI, ent\u00e3o foi mais um desafio para aprender.<\/p>\n<p>E eu me esfor\u00e7o todos os dias para aprender coisas novas, crescer como pessoa para mostrar que sim, qualquer um consegue mover sua carreira. A Microsoft me permite expandir meu alcance, impactar pessoas com projetos e eu sou super comprometida com essas causas citadas. E comprometida para levar a educa\u00e7\u00e3o para todos.<\/p>\n<p>Ent\u00e3o, hoje, mais uma vez, \u00e9 um privil\u00e9gio. N\u00e3o tenho palavras para agradecer a presen\u00e7a de todos, ao carinho de todos do Instituto de Engenharia, e \u00e9 bom demais dar uma olhadinha na minha trajet\u00f3ria, mas, a barra sobe e o compromisso que me trouxe at\u00e9 aqui me cobra a fazer mais, e \u00e9 um compromisso que vou continuar lutando pela diversidade, e que vai al\u00e9m da diversidade de g\u00eanero. O que eu quero \u00e9 que todas as pessoas possam ocupar espa\u00e7os em todos setores e empresas da sociedade, e que todos possam crescer. E \u00e9 isso que vai trazer crescimento para nosso pa\u00eds. Mais uma vez, muito obrigada, uma boa noite, e agora \u00e9 o momento de celebrarmos e brindarmos esse momento t\u00e3o especial que faz um marco em minha vida.<\/p>\n","protected":false},"excerpt":{"rendered":"<p>Boa noite a todos e todas, acho que n\u00e3o \u00e9 preciso dizer o tamanho da emo\u00e7\u00e3o que estou sentindo por estar aqui hoje, um lugar que nunca pensei. Em primeiro lugar, queria agradecer ao Eng. Paulo, Eng. Andr\u00e9, ao Instituto de Engenharia, a todos os colegas engenheiros que est\u00e3o presentes aqui e ao pessoal do [&hellip;]<\/p>\n","protected":false},"author":13,"featured_media":101486,"comment_status":"open","ping_status":"open","sticky":false,"template":"","format":"standard","meta":{"footnotes":""},"categories":[114],"tags":[],"class_list":{"0":"post-99876","1":"post","2":"type-post","3":"status-publish","4":"format-standard","5":"has-post-thumbnail","7":"category-artigos"},"yoast_head":"<!-- This site is optimized with the Yoast SEO plugin v27.2 - https:\/\/yoast.com\/product\/yoast-seo-wordpress\/ -->\n<title>Discurso Eminente Engenheira do Ano 2022 \u2013 Tania Cosentino - Instituto de Engenharia<\/title>\n<meta name=\"robots\" content=\"index, follow, max-snippet:-1, max-image-preview:large, max-video-preview:-1\" \/>\n<link rel=\"canonical\" href=\"https:\/\/www.institutodeengenharia.org.br\/site\/2022\/11\/03\/discurso-eminente-engenheira-do-ano-2022-tania-cosentino\/\" \/>\n<meta property=\"og:locale\" content=\"pt_BR\" \/>\n<meta property=\"og:type\" content=\"article\" \/>\n<meta property=\"og:title\" content=\"Discurso Eminente Engenheira do Ano 2022 \u2013 Tania Cosentino - Instituto de Engenharia\" \/>\n<meta property=\"og:description\" content=\"Boa noite a todos e todas, acho que n\u00e3o \u00e9 preciso dizer o tamanho da emo\u00e7\u00e3o que estou sentindo por estar aqui hoje, um lugar que nunca pensei. Em primeiro lugar, queria agradecer ao Eng. Paulo, Eng. Andr\u00e9, ao Instituto de Engenharia, a todos os colegas engenheiros que est\u00e3o presentes aqui e ao pessoal do [&hellip;]\" \/>\n<meta property=\"og:url\" content=\"https:\/\/www.institutodeengenharia.org.br\/site\/2022\/11\/03\/discurso-eminente-engenheira-do-ano-2022-tania-cosentino\/\" \/>\n<meta property=\"og:site_name\" content=\"Instituto de Engenharia\" \/>\n<meta property=\"article:publisher\" content=\"https:\/\/www.facebook.com\/institutodeengenharia\" \/>\n<meta property=\"article:published_time\" content=\"2022-11-03T19:37:14+00:00\" \/>\n<meta property=\"article:modified_time\" content=\"2022-12-16T15:55:40+00:00\" \/>\n<meta property=\"og:image\" content=\"https:\/\/www.institutodeengenharia.org.br\/site\/wp-content\/uploads\/2022\/11\/52458278684_1f28371064_c.jpg\" \/>\n\t<meta property=\"og:image:width\" content=\"800\" \/>\n\t<meta property=\"og:image:height\" content=\"534\" \/>\n\t<meta property=\"og:image:type\" content=\"image\/jpeg\" \/>\n<meta name=\"author\" content=\"Bianca\" \/>\n<meta name=\"twitter:card\" content=\"summary_large_image\" \/>\n<meta name=\"twitter:creator\" content=\"@iengenharia\" \/>\n<meta name=\"twitter:site\" content=\"@iengenharia\" \/>\n<meta name=\"twitter:label1\" content=\"Escrito por\" \/>\n\t<meta name=\"twitter:data1\" content=\"Bianca\" \/>\n\t<meta name=\"twitter:label2\" content=\"Est. tempo de leitura\" \/>\n\t<meta name=\"twitter:data2\" content=\"8 minutos\" \/>\n<script type=\"application\/ld+json\" class=\"yoast-schema-graph\">{\"@context\":\"https:\/\/schema.org\",\"@graph\":[{\"@type\":\"Article\",\"@id\":\"https:\/\/www.institutodeengenharia.org.br\/site\/2022\/11\/03\/discurso-eminente-engenheira-do-ano-2022-tania-cosentino\/#article\",\"isPartOf\":{\"@id\":\"https:\/\/www.institutodeengenharia.org.br\/site\/2022\/11\/03\/discurso-eminente-engenheira-do-ano-2022-tania-cosentino\/\"},\"author\":{\"name\":\"Bianca\",\"@id\":\"https:\/\/www.institutodeengenharia.org.br\/site\/#\/schema\/person\/aeb64951c405e100d26d30b033dd423f\"},\"headline\":\"Discurso Eminente Engenheira do Ano 2022 \u2013 Tania Cosentino\",\"datePublished\":\"2022-11-03T19:37:14+00:00\",\"dateModified\":\"2022-12-16T15:55:40+00:00\",\"mainEntityOfPage\":{\"@id\":\"https:\/\/www.institutodeengenharia.org.br\/site\/2022\/11\/03\/discurso-eminente-engenheira-do-ano-2022-tania-cosentino\/\"},\"wordCount\":1453,\"commentCount\":0,\"publisher\":{\"@id\":\"https:\/\/www.institutodeengenharia.org.br\/site\/#organization\"},\"image\":{\"@id\":\"https:\/\/www.institutodeengenharia.org.br\/site\/2022\/11\/03\/discurso-eminente-engenheira-do-ano-2022-tania-cosentino\/#primaryimage\"},\"thumbnailUrl\":\"https:\/\/www.institutodeengenharia.org.br\/site\/wp-content\/uploads\/2022\/11\/52458278684_1f28371064_c.jpg\",\"articleSection\":[\"Artigos\"],\"inLanguage\":\"pt-BR\",\"potentialAction\":[{\"@type\":\"CommentAction\",\"name\":\"Comment\",\"target\":[\"https:\/\/www.institutodeengenharia.org.br\/site\/2022\/11\/03\/discurso-eminente-engenheira-do-ano-2022-tania-cosentino\/#respond\"]}]},{\"@type\":\"WebPage\",\"@id\":\"https:\/\/www.institutodeengenharia.org.br\/site\/2022\/11\/03\/discurso-eminente-engenheira-do-ano-2022-tania-cosentino\/\",\"url\":\"https:\/\/www.institutodeengenharia.org.br\/site\/2022\/11\/03\/discurso-eminente-engenheira-do-ano-2022-tania-cosentino\/\",\"name\":\"Discurso Eminente Engenheira do Ano 2022 \u2013 Tania Cosentino - Instituto de Engenharia\",\"isPartOf\":{\"@id\":\"https:\/\/www.institutodeengenharia.org.br\/site\/#website\"},\"primaryImageOfPage\":{\"@id\":\"https:\/\/www.institutodeengenharia.org.br\/site\/2022\/11\/03\/discurso-eminente-engenheira-do-ano-2022-tania-cosentino\/#primaryimage\"},\"image\":{\"@id\":\"https:\/\/www.institutodeengenharia.org.br\/site\/2022\/11\/03\/discurso-eminente-engenheira-do-ano-2022-tania-cosentino\/#primaryimage\"},\"thumbnailUrl\":\"https:\/\/www.institutodeengenharia.org.br\/site\/wp-content\/uploads\/2022\/11\/52458278684_1f28371064_c.jpg\",\"datePublished\":\"2022-11-03T19:37:14+00:00\",\"dateModified\":\"2022-12-16T15:55:40+00:00\",\"breadcrumb\":{\"@id\":\"https:\/\/www.institutodeengenharia.org.br\/site\/2022\/11\/03\/discurso-eminente-engenheira-do-ano-2022-tania-cosentino\/#breadcrumb\"},\"inLanguage\":\"pt-BR\",\"potentialAction\":[{\"@type\":\"ReadAction\",\"target\":[\"https:\/\/www.institutodeengenharia.org.br\/site\/2022\/11\/03\/discurso-eminente-engenheira-do-ano-2022-tania-cosentino\/\"]}]},{\"@type\":\"ImageObject\",\"inLanguage\":\"pt-BR\",\"@id\":\"https:\/\/www.institutodeengenharia.org.br\/site\/2022\/11\/03\/discurso-eminente-engenheira-do-ano-2022-tania-cosentino\/#primaryimage\",\"url\":\"https:\/\/www.institutodeengenharia.org.br\/site\/wp-content\/uploads\/2022\/11\/52458278684_1f28371064_c.jpg\",\"contentUrl\":\"https:\/\/www.institutodeengenharia.org.br\/site\/wp-content\/uploads\/2022\/11\/52458278684_1f28371064_c.jpg\",\"width\":800,\"height\":534},{\"@type\":\"BreadcrumbList\",\"@id\":\"https:\/\/www.institutodeengenharia.org.br\/site\/2022\/11\/03\/discurso-eminente-engenheira-do-ano-2022-tania-cosentino\/#breadcrumb\",\"itemListElement\":[{\"@type\":\"ListItem\",\"position\":1,\"name\":\"In\u00edcio\",\"item\":\"https:\/\/www.institutodeengenharia.org.br\/site\/\"},{\"@type\":\"ListItem\",\"position\":2,\"name\":\"Discurso Eminente Engenheira do Ano 2022 \u2013 Tania Cosentino\"}]},{\"@type\":\"WebSite\",\"@id\":\"https:\/\/www.institutodeengenharia.org.br\/site\/#website\",\"url\":\"https:\/\/www.institutodeengenharia.org.br\/site\/\",\"name\":\"Instituto de Engenharia\",\"description\":\"O Instituto de Engenharia promove a Engenharia em benef\u00edcio do desenvolvimento e da qualidade de vida da sociedade.\",\"publisher\":{\"@id\":\"https:\/\/www.institutodeengenharia.org.br\/site\/#organization\"},\"potentialAction\":[{\"@type\":\"SearchAction\",\"target\":{\"@type\":\"EntryPoint\",\"urlTemplate\":\"https:\/\/www.institutodeengenharia.org.br\/site\/?s={search_term_string}\"},\"query-input\":{\"@type\":\"PropertyValueSpecification\",\"valueRequired\":true,\"valueName\":\"search_term_string\"}}],\"inLanguage\":\"pt-BR\"},{\"@type\":\"Organization\",\"@id\":\"https:\/\/www.institutodeengenharia.org.br\/site\/#organization\",\"name\":\"Instituto de Engenharia\",\"url\":\"https:\/\/www.institutodeengenharia.org.br\/site\/\",\"logo\":{\"@type\":\"ImageObject\",\"inLanguage\":\"pt-BR\",\"@id\":\"https:\/\/www.institutodeengenharia.org.br\/site\/#\/schema\/logo\/image\/\",\"url\":\"https:\/\/www.institutodeengenharia.org.br\/site\/wp-content\/uploads\/2019\/03\/logo-novo-IE2018-1.jpg\",\"contentUrl\":\"https:\/\/www.institutodeengenharia.org.br\/site\/wp-content\/uploads\/2019\/03\/logo-novo-IE2018-1.jpg\",\"width\":1486,\"height\":1879,\"caption\":\"Instituto de Engenharia\"},\"image\":{\"@id\":\"https:\/\/www.institutodeengenharia.org.br\/site\/#\/schema\/logo\/image\/\"},\"sameAs\":[\"https:\/\/www.facebook.com\/institutodeengenharia\",\"https:\/\/x.com\/iengenharia\",\"https:\/\/www.instagram.com\/institutodeengenharia\/\",\"https:\/\/www.linkedin.com\/company\/instituto-de-engenharia\/\",\"https:\/\/www.youtube.com\/channel\/UCXiCAlsSMe977vamW915HxA\"]},{\"@type\":\"Person\",\"@id\":\"https:\/\/www.institutodeengenharia.org.br\/site\/#\/schema\/person\/aeb64951c405e100d26d30b033dd423f\",\"name\":\"Bianca\",\"image\":{\"@type\":\"ImageObject\",\"inLanguage\":\"pt-BR\",\"@id\":\"https:\/\/secure.gravatar.com\/avatar\/a6fbe9bff57405baf4c1e2c5c1811e072b558253974a9f9508f4678900c97c2a?s=96&d=mm&r=g\",\"url\":\"https:\/\/secure.gravatar.com\/avatar\/a6fbe9bff57405baf4c1e2c5c1811e072b558253974a9f9508f4678900c97c2a?s=96&d=mm&r=g\",\"contentUrl\":\"https:\/\/secure.gravatar.com\/avatar\/a6fbe9bff57405baf4c1e2c5c1811e072b558253974a9f9508f4678900c97c2a?s=96&d=mm&r=g\",\"caption\":\"Bianca\"},\"url\":\"https:\/\/www.institutodeengenharia.org.br\/site\/author\/comunicacao1\/\"}]}<\/script>\n<!-- \/ Yoast SEO plugin. -->","yoast_head_json":{"title":"Discurso Eminente Engenheira do Ano 2022 \u2013 Tania Cosentino - Instituto de Engenharia","robots":{"index":"index","follow":"follow","max-snippet":"max-snippet:-1","max-image-preview":"max-image-preview:large","max-video-preview":"max-video-preview:-1"},"canonical":"https:\/\/www.institutodeengenharia.org.br\/site\/2022\/11\/03\/discurso-eminente-engenheira-do-ano-2022-tania-cosentino\/","og_locale":"pt_BR","og_type":"article","og_title":"Discurso Eminente Engenheira do Ano 2022 \u2013 Tania Cosentino - Instituto de Engenharia","og_description":"Boa noite a todos e todas, acho que n\u00e3o \u00e9 preciso dizer o tamanho da emo\u00e7\u00e3o que estou sentindo por estar aqui hoje, um lugar que nunca pensei. Em primeiro lugar, queria agradecer ao Eng. Paulo, Eng. Andr\u00e9, ao Instituto de Engenharia, a todos os colegas engenheiros que est\u00e3o presentes aqui e ao pessoal do [&hellip;]","og_url":"https:\/\/www.institutodeengenharia.org.br\/site\/2022\/11\/03\/discurso-eminente-engenheira-do-ano-2022-tania-cosentino\/","og_site_name":"Instituto de Engenharia","article_publisher":"https:\/\/www.facebook.com\/institutodeengenharia","article_published_time":"2022-11-03T19:37:14+00:00","article_modified_time":"2022-12-16T15:55:40+00:00","og_image":[{"width":800,"height":534,"url":"https:\/\/www.institutodeengenharia.org.br\/site\/wp-content\/uploads\/2022\/11\/52458278684_1f28371064_c.jpg","type":"image\/jpeg"}],"author":"Bianca","twitter_card":"summary_large_image","twitter_creator":"@iengenharia","twitter_site":"@iengenharia","twitter_misc":{"Escrito por":"Bianca","Est. tempo de leitura":"8 minutos"},"schema":{"@context":"https:\/\/schema.org","@graph":[{"@type":"Article","@id":"https:\/\/www.institutodeengenharia.org.br\/site\/2022\/11\/03\/discurso-eminente-engenheira-do-ano-2022-tania-cosentino\/#article","isPartOf":{"@id":"https:\/\/www.institutodeengenharia.org.br\/site\/2022\/11\/03\/discurso-eminente-engenheira-do-ano-2022-tania-cosentino\/"},"author":{"name":"Bianca","@id":"https:\/\/www.institutodeengenharia.org.br\/site\/#\/schema\/person\/aeb64951c405e100d26d30b033dd423f"},"headline":"Discurso Eminente Engenheira do Ano 2022 \u2013 Tania Cosentino","datePublished":"2022-11-03T19:37:14+00:00","dateModified":"2022-12-16T15:55:40+00:00","mainEntityOfPage":{"@id":"https:\/\/www.institutodeengenharia.org.br\/site\/2022\/11\/03\/discurso-eminente-engenheira-do-ano-2022-tania-cosentino\/"},"wordCount":1453,"commentCount":0,"publisher":{"@id":"https:\/\/www.institutodeengenharia.org.br\/site\/#organization"},"image":{"@id":"https:\/\/www.institutodeengenharia.org.br\/site\/2022\/11\/03\/discurso-eminente-engenheira-do-ano-2022-tania-cosentino\/#primaryimage"},"thumbnailUrl":"https:\/\/www.institutodeengenharia.org.br\/site\/wp-content\/uploads\/2022\/11\/52458278684_1f28371064_c.jpg","articleSection":["Artigos"],"inLanguage":"pt-BR","potentialAction":[{"@type":"CommentAction","name":"Comment","target":["https:\/\/www.institutodeengenharia.org.br\/site\/2022\/11\/03\/discurso-eminente-engenheira-do-ano-2022-tania-cosentino\/#respond"]}]},{"@type":"WebPage","@id":"https:\/\/www.institutodeengenharia.org.br\/site\/2022\/11\/03\/discurso-eminente-engenheira-do-ano-2022-tania-cosentino\/","url":"https:\/\/www.institutodeengenharia.org.br\/site\/2022\/11\/03\/discurso-eminente-engenheira-do-ano-2022-tania-cosentino\/","name":"Discurso Eminente Engenheira do Ano 2022 \u2013 Tania Cosentino - Instituto de Engenharia","isPartOf":{"@id":"https:\/\/www.institutodeengenharia.org.br\/site\/#website"},"primaryImageOfPage":{"@id":"https:\/\/www.institutodeengenharia.org.br\/site\/2022\/11\/03\/discurso-eminente-engenheira-do-ano-2022-tania-cosentino\/#primaryimage"},"image":{"@id":"https:\/\/www.institutodeengenharia.org.br\/site\/2022\/11\/03\/discurso-eminente-engenheira-do-ano-2022-tania-cosentino\/#primaryimage"},"thumbnailUrl":"https:\/\/www.institutodeengenharia.org.br\/site\/wp-content\/uploads\/2022\/11\/52458278684_1f28371064_c.jpg","datePublished":"2022-11-03T19:37:14+00:00","dateModified":"2022-12-16T15:55:40+00:00","breadcrumb":{"@id":"https:\/\/www.institutodeengenharia.org.br\/site\/2022\/11\/03\/discurso-eminente-engenheira-do-ano-2022-tania-cosentino\/#breadcrumb"},"inLanguage":"pt-BR","potentialAction":[{"@type":"ReadAction","target":["https:\/\/www.institutodeengenharia.org.br\/site\/2022\/11\/03\/discurso-eminente-engenheira-do-ano-2022-tania-cosentino\/"]}]},{"@type":"ImageObject","inLanguage":"pt-BR","@id":"https:\/\/www.institutodeengenharia.org.br\/site\/2022\/11\/03\/discurso-eminente-engenheira-do-ano-2022-tania-cosentino\/#primaryimage","url":"https:\/\/www.institutodeengenharia.org.br\/site\/wp-content\/uploads\/2022\/11\/52458278684_1f28371064_c.jpg","contentUrl":"https:\/\/www.institutodeengenharia.org.br\/site\/wp-content\/uploads\/2022\/11\/52458278684_1f28371064_c.jpg","width":800,"height":534},{"@type":"BreadcrumbList","@id":"https:\/\/www.institutodeengenharia.org.br\/site\/2022\/11\/03\/discurso-eminente-engenheira-do-ano-2022-tania-cosentino\/#breadcrumb","itemListElement":[{"@type":"ListItem","position":1,"name":"In\u00edcio","item":"https:\/\/www.institutodeengenharia.org.br\/site\/"},{"@type":"ListItem","position":2,"name":"Discurso Eminente Engenheira do Ano 2022 \u2013 Tania Cosentino"}]},{"@type":"WebSite","@id":"https:\/\/www.institutodeengenharia.org.br\/site\/#website","url":"https:\/\/www.institutodeengenharia.org.br\/site\/","name":"Instituto de Engenharia","description":"O Instituto de Engenharia promove a Engenharia em benef\u00edcio do desenvolvimento e da qualidade de vida da sociedade.","publisher":{"@id":"https:\/\/www.institutodeengenharia.org.br\/site\/#organization"},"potentialAction":[{"@type":"SearchAction","target":{"@type":"EntryPoint","urlTemplate":"https:\/\/www.institutodeengenharia.org.br\/site\/?s={search_term_string}"},"query-input":{"@type":"PropertyValueSpecification","valueRequired":true,"valueName":"search_term_string"}}],"inLanguage":"pt-BR"},{"@type":"Organization","@id":"https:\/\/www.institutodeengenharia.org.br\/site\/#organization","name":"Instituto de Engenharia","url":"https:\/\/www.institutodeengenharia.org.br\/site\/","logo":{"@type":"ImageObject","inLanguage":"pt-BR","@id":"https:\/\/www.institutodeengenharia.org.br\/site\/#\/schema\/logo\/image\/","url":"https:\/\/www.institutodeengenharia.org.br\/site\/wp-content\/uploads\/2019\/03\/logo-novo-IE2018-1.jpg","contentUrl":"https:\/\/www.institutodeengenharia.org.br\/site\/wp-content\/uploads\/2019\/03\/logo-novo-IE2018-1.jpg","width":1486,"height":1879,"caption":"Instituto de Engenharia"},"image":{"@id":"https:\/\/www.institutodeengenharia.org.br\/site\/#\/schema\/logo\/image\/"},"sameAs":["https:\/\/www.facebook.com\/institutodeengenharia","https:\/\/x.com\/iengenharia","https:\/\/www.instagram.com\/institutodeengenharia\/","https:\/\/www.linkedin.com\/company\/instituto-de-engenharia\/","https:\/\/www.youtube.com\/channel\/UCXiCAlsSMe977vamW915HxA"]},{"@type":"Person","@id":"https:\/\/www.institutodeengenharia.org.br\/site\/#\/schema\/person\/aeb64951c405e100d26d30b033dd423f","name":"Bianca","image":{"@type":"ImageObject","inLanguage":"pt-BR","@id":"https:\/\/secure.gravatar.com\/avatar\/a6fbe9bff57405baf4c1e2c5c1811e072b558253974a9f9508f4678900c97c2a?s=96&d=mm&r=g","url":"https:\/\/secure.gravatar.com\/avatar\/a6fbe9bff57405baf4c1e2c5c1811e072b558253974a9f9508f4678900c97c2a?s=96&d=mm&r=g","contentUrl":"https:\/\/secure.gravatar.com\/avatar\/a6fbe9bff57405baf4c1e2c5c1811e072b558253974a9f9508f4678900c97c2a?s=96&d=mm&r=g","caption":"Bianca"},"url":"https:\/\/www.institutodeengenharia.org.br\/site\/author\/comunicacao1\/"}]}},"_links":{"self":[{"href":"https:\/\/www.institutodeengenharia.org.br\/site\/wp-json\/wp\/v2\/posts\/99876","targetHints":{"allow":["GET"]}}],"collection":[{"href":"https:\/\/www.institutodeengenharia.org.br\/site\/wp-json\/wp\/v2\/posts"}],"about":[{"href":"https:\/\/www.institutodeengenharia.org.br\/site\/wp-json\/wp\/v2\/types\/post"}],"author":[{"embeddable":true,"href":"https:\/\/www.institutodeengenharia.org.br\/site\/wp-json\/wp\/v2\/users\/13"}],"replies":[{"embeddable":true,"href":"https:\/\/www.institutodeengenharia.org.br\/site\/wp-json\/wp\/v2\/comments?post=99876"}],"version-history":[{"count":1,"href":"https:\/\/www.institutodeengenharia.org.br\/site\/wp-json\/wp\/v2\/posts\/99876\/revisions"}],"predecessor-version":[{"id":99878,"href":"https:\/\/www.institutodeengenharia.org.br\/site\/wp-json\/wp\/v2\/posts\/99876\/revisions\/99878"}],"wp:featuredmedia":[{"embeddable":true,"href":"https:\/\/www.institutodeengenharia.org.br\/site\/wp-json\/wp\/v2\/media\/101486"}],"wp:attachment":[{"href":"https:\/\/www.institutodeengenharia.org.br\/site\/wp-json\/wp\/v2\/media?parent=99876"}],"wp:term":[{"taxonomy":"category","embeddable":true,"href":"https:\/\/www.institutodeengenharia.org.br\/site\/wp-json\/wp\/v2\/categories?post=99876"},{"taxonomy":"post_tag","embeddable":true,"href":"https:\/\/www.institutodeengenharia.org.br\/site\/wp-json\/wp\/v2\/tags?post=99876"}],"curies":[{"name":"wp","href":"https:\/\/api.w.org\/{rel}","templated":true}]}}