{"id":99833,"date":"2022-11-03T14:14:20","date_gmt":"2022-11-03T17:14:20","guid":{"rendered":"https:\/\/www.institutodeengenharia.org.br\/site\/?p=99833"},"modified":"2022-11-03T14:14:20","modified_gmt":"2022-11-03T17:14:20","slug":"recuperacao-e-reforco-de-estruturas-tecnologias-cases-e-sistemas-de-acesso","status":"publish","type":"post","link":"https:\/\/www.institutodeengenharia.org.br\/site\/2022\/11\/03\/recuperacao-e-reforco-de-estruturas-tecnologias-cases-e-sistemas-de-acesso\/","title":{"rendered":"Recupera\u00e7\u00e3o e refor\u00e7o de estruturas \u2013 Tecnologias, cases e sistemas de acesso"},"content":{"rendered":"<p><strong>Assista \u00e0 grava\u00e7\u00e3o do evento:\u00a0<\/strong><\/p>\n<div style=\"padding: 56.25% 0 0 0; position: relative;\"><iframe style=\"position: absolute; top: 0; left: 0; width: 100%; height: 100%;\" title=\"Recupera&amp;ccedil;&amp;atilde;o e Refor&amp;ccedil;o de Estruturas &amp;ndash; Tecnol&amp;oacute;gicas, Cases e Sistemas de Acesso.\" src=\"https:\/\/player.vimeo.com\/video\/766159777?h=1ce35f21b1&amp;badge=0&amp;autopause=0&amp;player_id=0&amp;app_id=58479\" frameborder=\"0\" allowfullscreen=\"allowfullscreen\"><\/iframe><\/div>\n<p><script src=\"https:\/\/player.vimeo.com\/api\/player.js\"><\/script><strong>+ Informa\u00e7\u00f5es:\u00a0\u00a0<\/strong><\/p>\n<p>O objetivo da palestra \u00e9 a apresenta\u00e7\u00e3o de novas tecnologias, cases e sistemas de acesso para manuten\u00e7\u00e3o, recupera\u00e7\u00e3o e refor\u00e7o de obras de Infraestrutura com seguran\u00e7a e produtividade.<\/p>\n<p><strong>P\u00fablico-alvo:<\/strong><\/p>\n<p>Engenheiros, compradores e t\u00e9cnicos de seguran\u00e7a do trabalho.<\/p>\n<p><strong>Programa\u00e7\u00e3o:<\/strong><\/p>\n<ul>\n<li>Abertura e Apresenta\u00e7\u00e3o do Grupo Priner;<\/li>\n<li>Apresenta\u00e7\u00e3o Unidade de Infraestrutura;<\/li>\n<li>Refor\u00e7o com fibra de carbono e inje\u00e7\u00e3o \u2013 Obras de recupera\u00e7\u00e3o estrutural em andamento \u2013 Construtora gmaia;<\/li>\n<li>Case TIG \u2013 Acesso Suspenso Priner Deck;<\/li>\n<li>Perguntas e respostas.<\/li>\n<\/ul>\n<p><strong>Realiza\u00e7\u00e3o:<\/strong><\/p>\n<p><img loading=\"lazy\" decoding=\"async\" class=\"wp-image-81229 alignleft\" src=\"https:\/\/www.institutodeengenharia.org.br\/site\/wp-content\/uploads\/2021\/05\/ie-logo-escudo.jpeg\" alt=\"\" width=\"145\" height=\"184\" srcset=\"https:\/\/www.institutodeengenharia.org.br\/site\/wp-content\/uploads\/2021\/05\/ie-logo-escudo.jpeg 1012w, https:\/\/www.institutodeengenharia.org.br\/site\/wp-content\/uploads\/2021\/05\/ie-logo-escudo-237x300.jpeg 237w, https:\/\/www.institutodeengenharia.org.br\/site\/wp-content\/uploads\/2021\/05\/ie-logo-escudo-810x1024.jpeg 810w, https:\/\/www.institutodeengenharia.org.br\/site\/wp-content\/uploads\/2021\/05\/ie-logo-escudo-768x971.jpeg 768w, https:\/\/www.institutodeengenharia.org.br\/site\/wp-content\/uploads\/2021\/05\/ie-logo-escudo-696x880.jpeg 696w, https:\/\/www.institutodeengenharia.org.br\/site\/wp-content\/uploads\/2021\/05\/ie-logo-escudo-332x420.jpeg 332w, https:\/\/www.institutodeengenharia.org.br\/site\/wp-content\/uploads\/2021\/05\/ie-logo-escudo-600x759.jpeg 600w\" sizes=\"auto, (max-width: 145px) 100vw, 145px\" \/><\/p>\n<p><strong>Eng. Ivan Metran Whately<\/strong> \u2013 Vice-Presidente de Atividades T\u00e9cnicas<\/p>\n<p><strong>Eng. Elcio Kazuaki Niwa<\/strong> \u2013 Vice-Diretor de Opera\u00e7\u00f5es e Coordenador da Divis\u00e3o T\u00e9cnica de Equipamentos Automotores para Servi\u00e7os de Manuten\u00e7\u00e3o Ferrovi\u00e1ria<\/p>\n<p><strong>Eng. Francisco Jos\u00e9 Pereira de Oliveira<\/strong> \u2013 Diretor do Departamento de Desenvolvimento de Projeto e Servi\u00e7os de Infraestrutura<\/p>\n<p><strong>Eng. Al\u00e9ssio Bento Borelli<\/strong> \u2013 Diretor do Departamento de Desenvolvimento de Tecnologia, Ind\u00fastria, Energia e Telecomunica\u00e7\u00f5es<\/p>\n<p><strong>Eng. Rafael Timerman<\/strong> \u2013 Coordenador da Divis\u00e3o T\u00e9cnica de Estruturas e Controle Tecnol\u00f3gico<\/p>\n<p><strong>Eng. Jos\u00e9 Eduardo Frasca Poyares Jardim<\/strong> \u2013 Coordenador da Divis\u00e3o T\u00e9cnica de Petr\u00f3leo, G\u00e1s, Bioenergia, Minera\u00e7\u00e3o e Dutovias<\/p>\n<p><strong>Grupo Priner<\/strong><\/p>\n<p><strong>Patroc\u00ednio:<\/strong><\/p>\n<p><img loading=\"lazy\" decoding=\"async\" class=\"alignnone wp-image-97159\" src=\"https:\/\/www.institutodeengenharia.org.br\/site\/wp-content\/uploads\/2022\/08\/logo-grupo.png\" alt=\"\" width=\"249\" height=\"71\" srcset=\"https:\/\/www.institutodeengenharia.org.br\/site\/wp-content\/uploads\/2022\/08\/logo-grupo.png 2000w, https:\/\/www.institutodeengenharia.org.br\/site\/wp-content\/uploads\/2022\/08\/logo-grupo-300x86.png 300w, https:\/\/www.institutodeengenharia.org.br\/site\/wp-content\/uploads\/2022\/08\/logo-grupo-1024x293.png 1024w, https:\/\/www.institutodeengenharia.org.br\/site\/wp-content\/uploads\/2022\/08\/logo-grupo-768x220.png 768w, https:\/\/www.institutodeengenharia.org.br\/site\/wp-content\/uploads\/2022\/08\/logo-grupo-1536x439.png 1536w, https:\/\/www.institutodeengenharia.org.br\/site\/wp-content\/uploads\/2022\/08\/logo-grupo-696x199.png 696w, https:\/\/www.institutodeengenharia.org.br\/site\/wp-content\/uploads\/2022\/08\/logo-grupo-1068x305.png 1068w, https:\/\/www.institutodeengenharia.org.br\/site\/wp-content\/uploads\/2022\/08\/logo-grupo-1920x549.png 1920w, https:\/\/www.institutodeengenharia.org.br\/site\/wp-content\/uploads\/2022\/08\/logo-grupo-1469x420.png 1469w, https:\/\/www.institutodeengenharia.org.br\/site\/wp-content\/uploads\/2022\/08\/logo-grupo-600x172.png 600w\" sizes=\"auto, (max-width: 249px) 100vw, 249px\" \/><\/p>\n<p>&nbsp;<\/p>\n","protected":false},"excerpt":{"rendered":"<p>Assista \u00e0 grava\u00e7\u00e3o do evento:\u00a0 + Informa\u00e7\u00f5es:\u00a0\u00a0 O objetivo da palestra \u00e9 a apresenta\u00e7\u00e3o de novas tecnologias, cases e sistemas de acesso para manuten\u00e7\u00e3o, recupera\u00e7\u00e3o e refor\u00e7o de obras de Infraestrutura com seguran\u00e7a e produtividade. P\u00fablico-alvo: Engenheiros, compradores e t\u00e9cnicos de seguran\u00e7a do trabalho. Programa\u00e7\u00e3o: Abertura e Apresenta\u00e7\u00e3o do Grupo Priner; Apresenta\u00e7\u00e3o Unidade de Infraestrutura; [&hellip;]<\/p>\n","protected":false},"author":13,"featured_media":97077,"comment_status":"open","ping_status":"open","sticky":false,"template":"","format":"video","meta":{"footnotes":""},"categories":[968,969],"tags":[],"class_list":{"0":"post-99833","1":"post","2":"type-post","3":"status-publish","4":"format-video","5":"has-post-thumbnail","7":"category-nova-tv-engenharia","8":"category-palestra","9":"post_format-post-format-video"},"yoast_head":"<!-- This site is optimized with the Yoast SEO plugin v27.2 - https:\/\/yoast.com\/product\/yoast-seo-wordpress\/ -->\n<title>Recupera\u00e7\u00e3o e refor\u00e7o de estruturas \u2013 Tecnologias, cases e sistemas de acesso - Instituto de Engenharia<\/title>\n<meta name=\"robots\" content=\"index, follow, max-snippet:-1, max-image-preview:large, max-video-preview:-1\" \/>\n<link rel=\"canonical\" href=\"https:\/\/www.institutodeengenharia.org.br\/site\/2022\/11\/03\/recuperacao-e-reforco-de-estruturas-tecnologias-cases-e-sistemas-de-acesso\/\" \/>\n<meta property=\"og:locale\" content=\"pt_BR\" \/>\n<meta property=\"og:type\" content=\"article\" \/>\n<meta property=\"og:title\" content=\"Recupera\u00e7\u00e3o e refor\u00e7o de estruturas \u2013 Tecnologias, cases e sistemas de acesso\" \/>\n<meta property=\"og:description\" content=\"O objetivo da palestra \u00e9 a apresenta\u00e7\u00e3o de novas tecnologias, cases e sistemas de acesso para manuten\u00e7\u00e3o, recupera\u00e7\u00e3o e refor\u00e7o de obras de Infraestrutura com seguran\u00e7a e produtividade.\" \/>\n<meta property=\"og:url\" content=\"https:\/\/www.institutodeengenharia.org.br\/site\/2022\/11\/03\/recuperacao-e-reforco-de-estruturas-tecnologias-cases-e-sistemas-de-acesso\/\" \/>\n<meta property=\"og:site_name\" content=\"Instituto de Engenharia\" \/>\n<meta property=\"article:publisher\" content=\"https:\/\/www.facebook.com\/institutodeengenharia\" \/>\n<meta property=\"article:published_time\" content=\"2022-11-03T17:14:20+00:00\" \/>\n<meta property=\"og:image\" content=\"https:\/\/www.institutodeengenharia.org.br\/site\/wp-content\/uploads\/2022\/08\/Design-sem-nome-88-1024x576.png\" \/>\n\t<meta property=\"og:image:width\" content=\"1024\" \/>\n\t<meta property=\"og:image:height\" content=\"576\" \/>\n\t<meta property=\"og:image:type\" content=\"image\/png\" \/>\n<meta name=\"author\" content=\"Bianca\" \/>\n<meta name=\"twitter:card\" content=\"summary_large_image\" \/>\n<meta name=\"twitter:title\" content=\"Recupera\u00e7\u00e3o e refor\u00e7o de estruturas \u2013 Tecnologias, cases e sistemas de acesso\" \/>\n<meta name=\"twitter:description\" content=\"O objetivo da palestra \u00e9 a apresenta\u00e7\u00e3o de novas tecnologias, cases e sistemas de acesso para manuten\u00e7\u00e3o, recupera\u00e7\u00e3o e refor\u00e7o de obras de Infraestrutura com seguran\u00e7a e produtividade.\" \/>\n<meta name=\"twitter:image\" content=\"https:\/\/www.institutodeengenharia.org.br\/site\/wp-content\/uploads\/2022\/08\/Design-sem-nome-88.png\" \/>\n<meta name=\"twitter:creator\" content=\"@iengenharia\" \/>\n<meta name=\"twitter:site\" content=\"@iengenharia\" \/>\n<meta name=\"twitter:label1\" content=\"Escrito por\" \/>\n\t<meta name=\"twitter:data1\" content=\"Bianca\" \/>\n\t<meta name=\"twitter:label2\" content=\"Est. tempo de leitura\" \/>\n\t<meta name=\"twitter:data2\" content=\"2 minutos\" \/>\n<script type=\"application\/ld+json\" class=\"yoast-schema-graph\">{\"@context\":\"https:\/\/schema.org\",\"@graph\":[{\"@type\":\"Article\",\"@id\":\"https:\/\/www.institutodeengenharia.org.br\/site\/2022\/11\/03\/recuperacao-e-reforco-de-estruturas-tecnologias-cases-e-sistemas-de-acesso\/#article\",\"isPartOf\":{\"@id\":\"https:\/\/www.institutodeengenharia.org.br\/site\/2022\/11\/03\/recuperacao-e-reforco-de-estruturas-tecnologias-cases-e-sistemas-de-acesso\/\"},\"author\":{\"name\":\"Bianca\",\"@id\":\"https:\/\/www.institutodeengenharia.org.br\/site\/#\/schema\/person\/aeb64951c405e100d26d30b033dd423f\"},\"headline\":\"Recupera\u00e7\u00e3o e refor\u00e7o de estruturas \u2013 Tecnologias, cases e sistemas de acesso\",\"datePublished\":\"2022-11-03T17:14:20+00:00\",\"mainEntityOfPage\":{\"@id\":\"https:\/\/www.institutodeengenharia.org.br\/site\/2022\/11\/03\/recuperacao-e-reforco-de-estruturas-tecnologias-cases-e-sistemas-de-acesso\/\"},\"wordCount\":220,\"commentCount\":0,\"publisher\":{\"@id\":\"https:\/\/www.institutodeengenharia.org.br\/site\/#organization\"},\"image\":{\"@id\":\"https:\/\/www.institutodeengenharia.org.br\/site\/2022\/11\/03\/recuperacao-e-reforco-de-estruturas-tecnologias-cases-e-sistemas-de-acesso\/#primaryimage\"},\"thumbnailUrl\":\"https:\/\/www.institutodeengenharia.org.br\/site\/wp-content\/uploads\/2022\/08\/Design-sem-nome-88.png\",\"articleSection\":[\"Nova TV Engenharia\",\"Palestra\"],\"inLanguage\":\"pt-BR\",\"potentialAction\":[{\"@type\":\"CommentAction\",\"name\":\"Comment\",\"target\":[\"https:\/\/www.institutodeengenharia.org.br\/site\/2022\/11\/03\/recuperacao-e-reforco-de-estruturas-tecnologias-cases-e-sistemas-de-acesso\/#respond\"]}]},{\"@type\":\"WebPage\",\"@id\":\"https:\/\/www.institutodeengenharia.org.br\/site\/2022\/11\/03\/recuperacao-e-reforco-de-estruturas-tecnologias-cases-e-sistemas-de-acesso\/\",\"url\":\"https:\/\/www.institutodeengenharia.org.br\/site\/2022\/11\/03\/recuperacao-e-reforco-de-estruturas-tecnologias-cases-e-sistemas-de-acesso\/\",\"name\":\"Recupera\u00e7\u00e3o e refor\u00e7o de estruturas \u2013 Tecnologias, cases e sistemas de acesso - Instituto de Engenharia\",\"isPartOf\":{\"@id\":\"https:\/\/www.institutodeengenharia.org.br\/site\/#website\"},\"primaryImageOfPage\":{\"@id\":\"https:\/\/www.institutodeengenharia.org.br\/site\/2022\/11\/03\/recuperacao-e-reforco-de-estruturas-tecnologias-cases-e-sistemas-de-acesso\/#primaryimage\"},\"image\":{\"@id\":\"https:\/\/www.institutodeengenharia.org.br\/site\/2022\/11\/03\/recuperacao-e-reforco-de-estruturas-tecnologias-cases-e-sistemas-de-acesso\/#primaryimage\"},\"thumbnailUrl\":\"https:\/\/www.institutodeengenharia.org.br\/site\/wp-content\/uploads\/2022\/08\/Design-sem-nome-88.png\",\"datePublished\":\"2022-11-03T17:14:20+00:00\",\"breadcrumb\":{\"@id\":\"https:\/\/www.institutodeengenharia.org.br\/site\/2022\/11\/03\/recuperacao-e-reforco-de-estruturas-tecnologias-cases-e-sistemas-de-acesso\/#breadcrumb\"},\"inLanguage\":\"pt-BR\",\"potentialAction\":[{\"@type\":\"ReadAction\",\"target\":[\"https:\/\/www.institutodeengenharia.org.br\/site\/2022\/11\/03\/recuperacao-e-reforco-de-estruturas-tecnologias-cases-e-sistemas-de-acesso\/\"]}]},{\"@type\":\"ImageObject\",\"inLanguage\":\"pt-BR\",\"@id\":\"https:\/\/www.institutodeengenharia.org.br\/site\/2022\/11\/03\/recuperacao-e-reforco-de-estruturas-tecnologias-cases-e-sistemas-de-acesso\/#primaryimage\",\"url\":\"https:\/\/www.institutodeengenharia.org.br\/site\/wp-content\/uploads\/2022\/08\/Design-sem-nome-88.png\",\"contentUrl\":\"https:\/\/www.institutodeengenharia.org.br\/site\/wp-content\/uploads\/2022\/08\/Design-sem-nome-88.png\",\"width\":1920,\"height\":1080},{\"@type\":\"BreadcrumbList\",\"@id\":\"https:\/\/www.institutodeengenharia.org.br\/site\/2022\/11\/03\/recuperacao-e-reforco-de-estruturas-tecnologias-cases-e-sistemas-de-acesso\/#breadcrumb\",\"itemListElement\":[{\"@type\":\"ListItem\",\"position\":1,\"name\":\"In\u00edcio\",\"item\":\"https:\/\/www.institutodeengenharia.org.br\/site\/\"},{\"@type\":\"ListItem\",\"position\":2,\"name\":\"Recupera\u00e7\u00e3o e refor\u00e7o de estruturas \u2013 Tecnologias, cases e sistemas de acesso\"}]},{\"@type\":\"WebSite\",\"@id\":\"https:\/\/www.institutodeengenharia.org.br\/site\/#website\",\"url\":\"https:\/\/www.institutodeengenharia.org.br\/site\/\",\"name\":\"Instituto de Engenharia\",\"description\":\"O Instituto de Engenharia promove a Engenharia em benef\u00edcio do desenvolvimento e da qualidade de vida da sociedade.\",\"publisher\":{\"@id\":\"https:\/\/www.institutodeengenharia.org.br\/site\/#organization\"},\"potentialAction\":[{\"@type\":\"SearchAction\",\"target\":{\"@type\":\"EntryPoint\",\"urlTemplate\":\"https:\/\/www.institutodeengenharia.org.br\/site\/?s={search_term_string}\"},\"query-input\":{\"@type\":\"PropertyValueSpecification\",\"valueRequired\":true,\"valueName\":\"search_term_string\"}}],\"inLanguage\":\"pt-BR\"},{\"@type\":\"Organization\",\"@id\":\"https:\/\/www.institutodeengenharia.org.br\/site\/#organization\",\"name\":\"Instituto de Engenharia\",\"url\":\"https:\/\/www.institutodeengenharia.org.br\/site\/\",\"logo\":{\"@type\":\"ImageObject\",\"inLanguage\":\"pt-BR\",\"@id\":\"https:\/\/www.institutodeengenharia.org.br\/site\/#\/schema\/logo\/image\/\",\"url\":\"https:\/\/www.institutodeengenharia.org.br\/site\/wp-content\/uploads\/2019\/03\/logo-novo-IE2018-1.jpg\",\"contentUrl\":\"https:\/\/www.institutodeengenharia.org.br\/site\/wp-content\/uploads\/2019\/03\/logo-novo-IE2018-1.jpg\",\"width\":1486,\"height\":1879,\"caption\":\"Instituto de Engenharia\"},\"image\":{\"@id\":\"https:\/\/www.institutodeengenharia.org.br\/site\/#\/schema\/logo\/image\/\"},\"sameAs\":[\"https:\/\/www.facebook.com\/institutodeengenharia\",\"https:\/\/x.com\/iengenharia\",\"https:\/\/www.instagram.com\/institutodeengenharia\/\",\"https:\/\/www.linkedin.com\/company\/instituto-de-engenharia\/\",\"https:\/\/www.youtube.com\/channel\/UCXiCAlsSMe977vamW915HxA\"]},{\"@type\":\"Person\",\"@id\":\"https:\/\/www.institutodeengenharia.org.br\/site\/#\/schema\/person\/aeb64951c405e100d26d30b033dd423f\",\"name\":\"Bianca\",\"image\":{\"@type\":\"ImageObject\",\"inLanguage\":\"pt-BR\",\"@id\":\"https:\/\/secure.gravatar.com\/avatar\/a6fbe9bff57405baf4c1e2c5c1811e072b558253974a9f9508f4678900c97c2a?s=96&d=mm&r=g\",\"url\":\"https:\/\/secure.gravatar.com\/avatar\/a6fbe9bff57405baf4c1e2c5c1811e072b558253974a9f9508f4678900c97c2a?s=96&d=mm&r=g\",\"contentUrl\":\"https:\/\/secure.gravatar.com\/avatar\/a6fbe9bff57405baf4c1e2c5c1811e072b558253974a9f9508f4678900c97c2a?s=96&d=mm&r=g\",\"caption\":\"Bianca\"},\"url\":\"https:\/\/www.institutodeengenharia.org.br\/site\/author\/comunicacao1\/\"}]}<\/script>\n<!-- \/ Yoast SEO plugin. -->","yoast_head_json":{"title":"Recupera\u00e7\u00e3o e refor\u00e7o de estruturas \u2013 Tecnologias, cases e sistemas de acesso - Instituto de Engenharia","robots":{"index":"index","follow":"follow","max-snippet":"max-snippet:-1","max-image-preview":"max-image-preview:large","max-video-preview":"max-video-preview:-1"},"canonical":"https:\/\/www.institutodeengenharia.org.br\/site\/2022\/11\/03\/recuperacao-e-reforco-de-estruturas-tecnologias-cases-e-sistemas-de-acesso\/","og_locale":"pt_BR","og_type":"article","og_title":"Recupera\u00e7\u00e3o e refor\u00e7o de estruturas \u2013 Tecnologias, cases e sistemas de acesso","og_description":"O objetivo da palestra \u00e9 a apresenta\u00e7\u00e3o de novas tecnologias, cases e sistemas de acesso para manuten\u00e7\u00e3o, recupera\u00e7\u00e3o e refor\u00e7o de obras de Infraestrutura com seguran\u00e7a e produtividade.","og_url":"https:\/\/www.institutodeengenharia.org.br\/site\/2022\/11\/03\/recuperacao-e-reforco-de-estruturas-tecnologias-cases-e-sistemas-de-acesso\/","og_site_name":"Instituto de Engenharia","article_publisher":"https:\/\/www.facebook.com\/institutodeengenharia","article_published_time":"2022-11-03T17:14:20+00:00","og_image":[{"width":1024,"height":576,"url":"https:\/\/www.institutodeengenharia.org.br\/site\/wp-content\/uploads\/2022\/08\/Design-sem-nome-88-1024x576.png","type":"image\/png"}],"author":"Bianca","twitter_card":"summary_large_image","twitter_title":"Recupera\u00e7\u00e3o e refor\u00e7o de estruturas \u2013 Tecnologias, cases e sistemas de acesso","twitter_description":"O objetivo da palestra \u00e9 a apresenta\u00e7\u00e3o de novas tecnologias, cases e sistemas de acesso para manuten\u00e7\u00e3o, recupera\u00e7\u00e3o e refor\u00e7o de obras de Infraestrutura com seguran\u00e7a e produtividade.","twitter_image":"https:\/\/www.institutodeengenharia.org.br\/site\/wp-content\/uploads\/2022\/08\/Design-sem-nome-88.png","twitter_creator":"@iengenharia","twitter_site":"@iengenharia","twitter_misc":{"Escrito por":"Bianca","Est. tempo de leitura":"2 minutos"},"schema":{"@context":"https:\/\/schema.org","@graph":[{"@type":"Article","@id":"https:\/\/www.institutodeengenharia.org.br\/site\/2022\/11\/03\/recuperacao-e-reforco-de-estruturas-tecnologias-cases-e-sistemas-de-acesso\/#article","isPartOf":{"@id":"https:\/\/www.institutodeengenharia.org.br\/site\/2022\/11\/03\/recuperacao-e-reforco-de-estruturas-tecnologias-cases-e-sistemas-de-acesso\/"},"author":{"name":"Bianca","@id":"https:\/\/www.institutodeengenharia.org.br\/site\/#\/schema\/person\/aeb64951c405e100d26d30b033dd423f"},"headline":"Recupera\u00e7\u00e3o e refor\u00e7o de estruturas \u2013 Tecnologias, cases e sistemas de acesso","datePublished":"2022-11-03T17:14:20+00:00","mainEntityOfPage":{"@id":"https:\/\/www.institutodeengenharia.org.br\/site\/2022\/11\/03\/recuperacao-e-reforco-de-estruturas-tecnologias-cases-e-sistemas-de-acesso\/"},"wordCount":220,"commentCount":0,"publisher":{"@id":"https:\/\/www.institutodeengenharia.org.br\/site\/#organization"},"image":{"@id":"https:\/\/www.institutodeengenharia.org.br\/site\/2022\/11\/03\/recuperacao-e-reforco-de-estruturas-tecnologias-cases-e-sistemas-de-acesso\/#primaryimage"},"thumbnailUrl":"https:\/\/www.institutodeengenharia.org.br\/site\/wp-content\/uploads\/2022\/08\/Design-sem-nome-88.png","articleSection":["Nova TV Engenharia","Palestra"],"inLanguage":"pt-BR","potentialAction":[{"@type":"CommentAction","name":"Comment","target":["https:\/\/www.institutodeengenharia.org.br\/site\/2022\/11\/03\/recuperacao-e-reforco-de-estruturas-tecnologias-cases-e-sistemas-de-acesso\/#respond"]}]},{"@type":"WebPage","@id":"https:\/\/www.institutodeengenharia.org.br\/site\/2022\/11\/03\/recuperacao-e-reforco-de-estruturas-tecnologias-cases-e-sistemas-de-acesso\/","url":"https:\/\/www.institutodeengenharia.org.br\/site\/2022\/11\/03\/recuperacao-e-reforco-de-estruturas-tecnologias-cases-e-sistemas-de-acesso\/","name":"Recupera\u00e7\u00e3o e refor\u00e7o de estruturas \u2013 Tecnologias, cases e sistemas de acesso - Instituto de Engenharia","isPartOf":{"@id":"https:\/\/www.institutodeengenharia.org.br\/site\/#website"},"primaryImageOfPage":{"@id":"https:\/\/www.institutodeengenharia.org.br\/site\/2022\/11\/03\/recuperacao-e-reforco-de-estruturas-tecnologias-cases-e-sistemas-de-acesso\/#primaryimage"},"image":{"@id":"https:\/\/www.institutodeengenharia.org.br\/site\/2022\/11\/03\/recuperacao-e-reforco-de-estruturas-tecnologias-cases-e-sistemas-de-acesso\/#primaryimage"},"thumbnailUrl":"https:\/\/www.institutodeengenharia.org.br\/site\/wp-content\/uploads\/2022\/08\/Design-sem-nome-88.png","datePublished":"2022-11-03T17:14:20+00:00","breadcrumb":{"@id":"https:\/\/www.institutodeengenharia.org.br\/site\/2022\/11\/03\/recuperacao-e-reforco-de-estruturas-tecnologias-cases-e-sistemas-de-acesso\/#breadcrumb"},"inLanguage":"pt-BR","potentialAction":[{"@type":"ReadAction","target":["https:\/\/www.institutodeengenharia.org.br\/site\/2022\/11\/03\/recuperacao-e-reforco-de-estruturas-tecnologias-cases-e-sistemas-de-acesso\/"]}]},{"@type":"ImageObject","inLanguage":"pt-BR","@id":"https:\/\/www.institutodeengenharia.org.br\/site\/2022\/11\/03\/recuperacao-e-reforco-de-estruturas-tecnologias-cases-e-sistemas-de-acesso\/#primaryimage","url":"https:\/\/www.institutodeengenharia.org.br\/site\/wp-content\/uploads\/2022\/08\/Design-sem-nome-88.png","contentUrl":"https:\/\/www.institutodeengenharia.org.br\/site\/wp-content\/uploads\/2022\/08\/Design-sem-nome-88.png","width":1920,"height":1080},{"@type":"BreadcrumbList","@id":"https:\/\/www.institutodeengenharia.org.br\/site\/2022\/11\/03\/recuperacao-e-reforco-de-estruturas-tecnologias-cases-e-sistemas-de-acesso\/#breadcrumb","itemListElement":[{"@type":"ListItem","position":1,"name":"In\u00edcio","item":"https:\/\/www.institutodeengenharia.org.br\/site\/"},{"@type":"ListItem","position":2,"name":"Recupera\u00e7\u00e3o e refor\u00e7o de estruturas \u2013 Tecnologias, cases e sistemas de acesso"}]},{"@type":"WebSite","@id":"https:\/\/www.institutodeengenharia.org.br\/site\/#website","url":"https:\/\/www.institutodeengenharia.org.br\/site\/","name":"Instituto de Engenharia","description":"O Instituto de Engenharia promove a Engenharia em benef\u00edcio do desenvolvimento e da qualidade de vida da sociedade.","publisher":{"@id":"https:\/\/www.institutodeengenharia.org.br\/site\/#organization"},"potentialAction":[{"@type":"SearchAction","target":{"@type":"EntryPoint","urlTemplate":"https:\/\/www.institutodeengenharia.org.br\/site\/?s={search_term_string}"},"query-input":{"@type":"PropertyValueSpecification","valueRequired":true,"valueName":"search_term_string"}}],"inLanguage":"pt-BR"},{"@type":"Organization","@id":"https:\/\/www.institutodeengenharia.org.br\/site\/#organization","name":"Instituto de Engenharia","url":"https:\/\/www.institutodeengenharia.org.br\/site\/","logo":{"@type":"ImageObject","inLanguage":"pt-BR","@id":"https:\/\/www.institutodeengenharia.org.br\/site\/#\/schema\/logo\/image\/","url":"https:\/\/www.institutodeengenharia.org.br\/site\/wp-content\/uploads\/2019\/03\/logo-novo-IE2018-1.jpg","contentUrl":"https:\/\/www.institutodeengenharia.org.br\/site\/wp-content\/uploads\/2019\/03\/logo-novo-IE2018-1.jpg","width":1486,"height":1879,"caption":"Instituto de Engenharia"},"image":{"@id":"https:\/\/www.institutodeengenharia.org.br\/site\/#\/schema\/logo\/image\/"},"sameAs":["https:\/\/www.facebook.com\/institutodeengenharia","https:\/\/x.com\/iengenharia","https:\/\/www.instagram.com\/institutodeengenharia\/","https:\/\/www.linkedin.com\/company\/instituto-de-engenharia\/","https:\/\/www.youtube.com\/channel\/UCXiCAlsSMe977vamW915HxA"]},{"@type":"Person","@id":"https:\/\/www.institutodeengenharia.org.br\/site\/#\/schema\/person\/aeb64951c405e100d26d30b033dd423f","name":"Bianca","image":{"@type":"ImageObject","inLanguage":"pt-BR","@id":"https:\/\/secure.gravatar.com\/avatar\/a6fbe9bff57405baf4c1e2c5c1811e072b558253974a9f9508f4678900c97c2a?s=96&d=mm&r=g","url":"https:\/\/secure.gravatar.com\/avatar\/a6fbe9bff57405baf4c1e2c5c1811e072b558253974a9f9508f4678900c97c2a?s=96&d=mm&r=g","contentUrl":"https:\/\/secure.gravatar.com\/avatar\/a6fbe9bff57405baf4c1e2c5c1811e072b558253974a9f9508f4678900c97c2a?s=96&d=mm&r=g","caption":"Bianca"},"url":"https:\/\/www.institutodeengenharia.org.br\/site\/author\/comunicacao1\/"}]}},"_links":{"self":[{"href":"https:\/\/www.institutodeengenharia.org.br\/site\/wp-json\/wp\/v2\/posts\/99833","targetHints":{"allow":["GET"]}}],"collection":[{"href":"https:\/\/www.institutodeengenharia.org.br\/site\/wp-json\/wp\/v2\/posts"}],"about":[{"href":"https:\/\/www.institutodeengenharia.org.br\/site\/wp-json\/wp\/v2\/types\/post"}],"author":[{"embeddable":true,"href":"https:\/\/www.institutodeengenharia.org.br\/site\/wp-json\/wp\/v2\/users\/13"}],"replies":[{"embeddable":true,"href":"https:\/\/www.institutodeengenharia.org.br\/site\/wp-json\/wp\/v2\/comments?post=99833"}],"version-history":[{"count":1,"href":"https:\/\/www.institutodeengenharia.org.br\/site\/wp-json\/wp\/v2\/posts\/99833\/revisions"}],"predecessor-version":[{"id":99836,"href":"https:\/\/www.institutodeengenharia.org.br\/site\/wp-json\/wp\/v2\/posts\/99833\/revisions\/99836"}],"wp:featuredmedia":[{"embeddable":true,"href":"https:\/\/www.institutodeengenharia.org.br\/site\/wp-json\/wp\/v2\/media\/97077"}],"wp:attachment":[{"href":"https:\/\/www.institutodeengenharia.org.br\/site\/wp-json\/wp\/v2\/media?parent=99833"}],"wp:term":[{"taxonomy":"category","embeddable":true,"href":"https:\/\/www.institutodeengenharia.org.br\/site\/wp-json\/wp\/v2\/categories?post=99833"},{"taxonomy":"post_tag","embeddable":true,"href":"https:\/\/www.institutodeengenharia.org.br\/site\/wp-json\/wp\/v2\/tags?post=99833"}],"curies":[{"name":"wp","href":"https:\/\/api.w.org\/{rel}","templated":true}]}}