{"id":98938,"date":"2022-10-10T09:53:41","date_gmt":"2022-10-10T12:53:41","guid":{"rendered":"https:\/\/www.institutodeengenharia.org.br\/site\/?p=98938"},"modified":"2022-11-24T09:42:51","modified_gmt":"2022-11-24T12:42:51","slug":"assista-a-gravacao-do-evento-o-movimento-das-construcoes-sustentaveis-x-automacao-no-brasil","status":"publish","type":"post","link":"https:\/\/www.institutodeengenharia.org.br\/site\/2022\/10\/10\/assista-a-gravacao-do-evento-o-movimento-das-construcoes-sustentaveis-x-automacao-no-brasil\/","title":{"rendered":"O movimento das constru\u00e7\u00f5es sustent\u00e1veis x automa\u00e7\u00e3o no Brasil"},"content":{"rendered":"<p><strong>Assita abaixo \u00e0 grava\u00e7\u00e3o do evento:<\/strong><\/p>\n<div style=\"padding: 56.25% 0 0 0; position: relative;\"><iframe style=\"position: absolute; top: 0; left: 0; width: 100%; height: 100%;\" title=\"O Movimento das Constru&amp;ccedil;&amp;otilde;es Sustent&amp;aacute;veis x Automa&amp;ccedil;&amp;atilde;o no Brasil\" src=\"https:\/\/player.vimeo.com\/video\/757569337?h=367ab191aa&amp;badge=0&amp;autopause=0&amp;player_id=0&amp;app_id=58479\" frameborder=\"0\" allowfullscreen=\"allowfullscreen\"><\/iframe><\/div>\n<p><strong>+ Informa\u00e7\u00f5es:<\/strong><\/p>\n<p>A apresenta\u00e7\u00e3o ir\u00e1 destacar os marcos do movimento das constru\u00e7\u00f5es sustent\u00e1veis no mundo e explicar a trajet\u00f3ria do movimento no Brasil, desde seu in\u00edcio em meados de 2007 at\u00e9 os dias de hoje. Com foco no cen\u00e1rio brasileiro, ser\u00e3o apresentadas as \u00faltimas novidades das ferramentas de certifica\u00e7\u00e3o de sustentabilidade para o ambiente constru\u00eddo e seu alinhamento com projetos globais.<\/p>\n<p><strong>P\u00fablico-alvo:<\/strong><\/p>\n<p>Engenheiros, arquitetos e afins.<\/p>\n<p><strong>Realiza\u00e7\u00e3o:<\/strong><\/p>\n<p><img loading=\"lazy\" decoding=\"async\" class=\"wp-image-86938 alignnone alignleft td-animation-stack-type0-2\" src=\"https:\/\/www.institutodeengenharia.org.br\/site\/wp-content\/uploads\/2021\/10\/logo-news2.png\" alt=\"\" width=\"125\" height=\"181\" srcset=\"https:\/\/www.institutodeengenharia.org.br\/site\/wp-content\/uploads\/2021\/10\/logo-news2.png 553w, https:\/\/www.institutodeengenharia.org.br\/site\/wp-content\/uploads\/2021\/10\/logo-news2-207x300.png 207w, https:\/\/www.institutodeengenharia.org.br\/site\/wp-content\/uploads\/2021\/10\/logo-news2-290x420.png 290w\" sizes=\"auto, (max-width: 125px) 100vw, 125px\" \/><\/p>\n<p><strong>Eng. Ivan Metran Whately<\/strong>\u00a0\u2013 Vice-Presidente de Atividades T\u00e9cnicas<\/p>\n<p><strong>Eng. Al\u00e9ssio Bento Borelli<\/strong>\u00a0\u2013 Diretor do Departamento de Desenvolvimento de Tecnologia, Ind\u00fastria, Energia e Telecomunica\u00e7\u00f5es<\/p>\n<p><strong>Eng. Francisco Jos\u00e9 Pereira de Oliveira<\/strong>\u00a0\u2013 Diretor do Departamento de Desenvolvimento de Projeto e Servi\u00e7os de Infraestrutura<\/p>\n<p><strong>Eng.\u00aa Aurea L. Vendramin Georgi<\/strong>\u00a0\u2013 Coordenadora da Divis\u00e3o T\u00e9cnica de Intelig\u00eancia Artificial, Controle e Automa\u00e7\u00e3o<\/p>\n<p><strong>Arq. Urb. Taina Volcov<\/strong>\u00a0\u2013 Coordenadora da Divis\u00e3o T\u00e9cnica de Arquitetura, Paisagismo e Comunica\u00e7\u00e3o Visual<\/p>\n<p><strong>Apoio Institucional:<\/strong><\/p>\n<p><img loading=\"lazy\" decoding=\"async\" class=\"alignnone wp-image-77696 td-animation-stack-type0-2\" src=\"https:\/\/www.institutodeengenharia.org.br\/site\/wp-content\/uploads\/2021\/02\/crea.jpg\" alt=\"\" width=\"140\" height=\"98\" srcset=\"https:\/\/www.institutodeengenharia.org.br\/site\/wp-content\/uploads\/2021\/02\/crea.jpg 448w, https:\/\/www.institutodeengenharia.org.br\/site\/wp-content\/uploads\/2021\/02\/crea-300x211.jpg 300w, https:\/\/www.institutodeengenharia.org.br\/site\/wp-content\/uploads\/2021\/02\/crea-100x70.jpg 100w\" sizes=\"auto, (max-width: 140px) 100vw, 140px\" \/><\/p>\n<p><strong>Apoio \u00e0 forma\u00e7\u00e3o:\u00a0<\/strong><\/p>\n<p>Espa\u00e7o aberto ao CREA-SP, objetivando o aperfei\u00e7oamento dos profissionais e o aprimoramento da fiscaliza\u00e7\u00e3o das \u00e1reas abrangidas pelo Sistema Confea\/CREAs, al\u00e9m de promover a conscientiza\u00e7\u00e3o da sociedade quanto \u00e0 necessidade e obrigatoriedade de contratar um profissional devidamente habilitado.<\/p>\n<p>&nbsp;<\/p>\n","protected":false},"excerpt":{"rendered":"<p>Assita abaixo \u00e0 grava\u00e7\u00e3o do evento: + Informa\u00e7\u00f5es: A apresenta\u00e7\u00e3o ir\u00e1 destacar os marcos do movimento das constru\u00e7\u00f5es sustent\u00e1veis no mundo e explicar a trajet\u00f3ria do movimento no Brasil, desde seu in\u00edcio em meados de 2007 at\u00e9 os dias de hoje. Com foco no cen\u00e1rio brasileiro, ser\u00e3o apresentadas as \u00faltimas novidades das ferramentas de certifica\u00e7\u00e3o [&hellip;]<\/p>\n","protected":false},"author":13,"featured_media":96588,"comment_status":"open","ping_status":"open","sticky":false,"template":"","format":"video","meta":{"footnotes":""},"categories":[968,969],"tags":[1176],"class_list":{"0":"post-98938","1":"post","2":"type-post","3":"status-publish","4":"format-video","5":"has-post-thumbnail","7":"category-nova-tv-engenharia","8":"category-palestra","9":"tag-video-home","10":"post_format-post-format-video"},"yoast_head":"<!-- This site is optimized with the Yoast SEO plugin v27.2 - https:\/\/yoast.com\/product\/yoast-seo-wordpress\/ -->\n<title>O movimento das constru\u00e7\u00f5es sustent\u00e1veis x automa\u00e7\u00e3o no Brasil - Instituto de Engenharia<\/title>\n<meta name=\"robots\" content=\"index, follow, max-snippet:-1, max-image-preview:large, max-video-preview:-1\" \/>\n<link rel=\"canonical\" href=\"https:\/\/www.institutodeengenharia.org.br\/site\/2022\/10\/10\/assista-a-gravacao-do-evento-o-movimento-das-construcoes-sustentaveis-x-automacao-no-brasil\/\" \/>\n<meta property=\"og:locale\" content=\"pt_BR\" \/>\n<meta property=\"og:type\" content=\"article\" \/>\n<meta property=\"og:title\" content=\"Assista \u00e0 grava\u00e7\u00e3o do evento: O movimento das constru\u00e7\u00f5es sustent\u00e1veis x automa\u00e7\u00e3o no Brasil\" \/>\n<meta property=\"og:description\" content=\"A apresenta\u00e7\u00e3o ir\u00e1 destacar os marcos do movimento das constru\u00e7\u00f5es sustent\u00e1veis no mundo e explicar a trajet\u00f3ria do movimento no Brasil, desde seu in\u00edcio em meados de 2007 at\u00e9 os dias de hoje. Com foco no cen\u00e1rio brasileiro, ser\u00e3o apresentadas as \u00faltimas novidades das ferramentas de certifica\u00e7\u00e3o de sustentabilidade para o ambiente constru\u00eddo e seu alinhamento com projetos globais.\" \/>\n<meta property=\"og:url\" content=\"https:\/\/www.institutodeengenharia.org.br\/site\/2022\/10\/10\/assista-a-gravacao-do-evento-o-movimento-das-construcoes-sustentaveis-x-automacao-no-brasil\/\" \/>\n<meta property=\"og:site_name\" content=\"Instituto de Engenharia\" \/>\n<meta property=\"article:publisher\" content=\"https:\/\/www.facebook.com\/institutodeengenharia\" \/>\n<meta property=\"article:published_time\" content=\"2022-10-10T12:53:41+00:00\" \/>\n<meta property=\"article:modified_time\" content=\"2022-11-24T12:42:51+00:00\" \/>\n<meta property=\"og:image\" content=\"https:\/\/www.institutodeengenharia.org.br\/site\/wp-content\/uploads\/2022\/08\/Design-sem-nome-74.jpg\" \/>\n\t<meta property=\"og:image:width\" content=\"1920\" \/>\n\t<meta property=\"og:image:height\" content=\"852\" \/>\n\t<meta property=\"og:image:type\" content=\"image\/jpeg\" \/>\n<meta name=\"author\" content=\"Bianca\" \/>\n<meta name=\"twitter:card\" content=\"summary_large_image\" \/>\n<meta name=\"twitter:title\" content=\"Assista \u00e0 grava\u00e7\u00e3o do evento: O movimento das constru\u00e7\u00f5es sustent\u00e1veis x automa\u00e7\u00e3o no Brasil\" \/>\n<meta name=\"twitter:description\" content=\"A apresenta\u00e7\u00e3o ir\u00e1 destacar os marcos do movimento das constru\u00e7\u00f5es sustent\u00e1veis no mundo e explicar a trajet\u00f3ria do movimento no Brasil, desde seu in\u00edcio em meados de 2007 at\u00e9 os dias de hoje. Com foco no cen\u00e1rio brasileiro, ser\u00e3o apresentadas as \u00faltimas novidades das ferramentas de certifica\u00e7\u00e3o de sustentabilidade para o ambiente constru\u00eddo e seu alinhamento com projetos globais.\" \/>\n<meta name=\"twitter:image\" content=\"https:\/\/www.institutodeengenharia.org.br\/site\/wp-content\/uploads\/2022\/08\/Design-sem-nome-74.jpg\" \/>\n<meta name=\"twitter:creator\" content=\"@iengenharia\" \/>\n<meta name=\"twitter:site\" content=\"@iengenharia\" \/>\n<meta name=\"twitter:label1\" content=\"Escrito por\" \/>\n\t<meta name=\"twitter:data1\" content=\"Bianca\" \/>\n\t<meta name=\"twitter:label2\" content=\"Est. tempo de leitura\" \/>\n\t<meta name=\"twitter:data2\" content=\"2 minutos\" \/>\n<script type=\"application\/ld+json\" class=\"yoast-schema-graph\">{\"@context\":\"https:\/\/schema.org\",\"@graph\":[{\"@type\":\"Article\",\"@id\":\"https:\/\/www.institutodeengenharia.org.br\/site\/2022\/10\/10\/assista-a-gravacao-do-evento-o-movimento-das-construcoes-sustentaveis-x-automacao-no-brasil\/#article\",\"isPartOf\":{\"@id\":\"https:\/\/www.institutodeengenharia.org.br\/site\/2022\/10\/10\/assista-a-gravacao-do-evento-o-movimento-das-construcoes-sustentaveis-x-automacao-no-brasil\/\"},\"author\":{\"name\":\"Bianca\",\"@id\":\"https:\/\/www.institutodeengenharia.org.br\/site\/#\/schema\/person\/aeb64951c405e100d26d30b033dd423f\"},\"headline\":\"O movimento das constru\u00e7\u00f5es sustent\u00e1veis x automa\u00e7\u00e3o no Brasil\",\"datePublished\":\"2022-10-10T12:53:41+00:00\",\"dateModified\":\"2022-11-24T12:42:51+00:00\",\"mainEntityOfPage\":{\"@id\":\"https:\/\/www.institutodeengenharia.org.br\/site\/2022\/10\/10\/assista-a-gravacao-do-evento-o-movimento-das-construcoes-sustentaveis-x-automacao-no-brasil\/\"},\"wordCount\":225,\"commentCount\":0,\"publisher\":{\"@id\":\"https:\/\/www.institutodeengenharia.org.br\/site\/#organization\"},\"image\":{\"@id\":\"https:\/\/www.institutodeengenharia.org.br\/site\/2022\/10\/10\/assista-a-gravacao-do-evento-o-movimento-das-construcoes-sustentaveis-x-automacao-no-brasil\/#primaryimage\"},\"thumbnailUrl\":\"https:\/\/www.institutodeengenharia.org.br\/site\/wp-content\/uploads\/2022\/08\/Design-sem-nome-74.jpg\",\"keywords\":[\"video-home\"],\"articleSection\":[\"Nova TV Engenharia\",\"Palestra\"],\"inLanguage\":\"pt-BR\",\"potentialAction\":[{\"@type\":\"CommentAction\",\"name\":\"Comment\",\"target\":[\"https:\/\/www.institutodeengenharia.org.br\/site\/2022\/10\/10\/assista-a-gravacao-do-evento-o-movimento-das-construcoes-sustentaveis-x-automacao-no-brasil\/#respond\"]}]},{\"@type\":\"WebPage\",\"@id\":\"https:\/\/www.institutodeengenharia.org.br\/site\/2022\/10\/10\/assista-a-gravacao-do-evento-o-movimento-das-construcoes-sustentaveis-x-automacao-no-brasil\/\",\"url\":\"https:\/\/www.institutodeengenharia.org.br\/site\/2022\/10\/10\/assista-a-gravacao-do-evento-o-movimento-das-construcoes-sustentaveis-x-automacao-no-brasil\/\",\"name\":\"O movimento das constru\u00e7\u00f5es sustent\u00e1veis x automa\u00e7\u00e3o no Brasil - Instituto de Engenharia\",\"isPartOf\":{\"@id\":\"https:\/\/www.institutodeengenharia.org.br\/site\/#website\"},\"primaryImageOfPage\":{\"@id\":\"https:\/\/www.institutodeengenharia.org.br\/site\/2022\/10\/10\/assista-a-gravacao-do-evento-o-movimento-das-construcoes-sustentaveis-x-automacao-no-brasil\/#primaryimage\"},\"image\":{\"@id\":\"https:\/\/www.institutodeengenharia.org.br\/site\/2022\/10\/10\/assista-a-gravacao-do-evento-o-movimento-das-construcoes-sustentaveis-x-automacao-no-brasil\/#primaryimage\"},\"thumbnailUrl\":\"https:\/\/www.institutodeengenharia.org.br\/site\/wp-content\/uploads\/2022\/08\/Design-sem-nome-74.jpg\",\"datePublished\":\"2022-10-10T12:53:41+00:00\",\"dateModified\":\"2022-11-24T12:42:51+00:00\",\"breadcrumb\":{\"@id\":\"https:\/\/www.institutodeengenharia.org.br\/site\/2022\/10\/10\/assista-a-gravacao-do-evento-o-movimento-das-construcoes-sustentaveis-x-automacao-no-brasil\/#breadcrumb\"},\"inLanguage\":\"pt-BR\",\"potentialAction\":[{\"@type\":\"ReadAction\",\"target\":[\"https:\/\/www.institutodeengenharia.org.br\/site\/2022\/10\/10\/assista-a-gravacao-do-evento-o-movimento-das-construcoes-sustentaveis-x-automacao-no-brasil\/\"]}]},{\"@type\":\"ImageObject\",\"inLanguage\":\"pt-BR\",\"@id\":\"https:\/\/www.institutodeengenharia.org.br\/site\/2022\/10\/10\/assista-a-gravacao-do-evento-o-movimento-das-construcoes-sustentaveis-x-automacao-no-brasil\/#primaryimage\",\"url\":\"https:\/\/www.institutodeengenharia.org.br\/site\/wp-content\/uploads\/2022\/08\/Design-sem-nome-74.jpg\",\"contentUrl\":\"https:\/\/www.institutodeengenharia.org.br\/site\/wp-content\/uploads\/2022\/08\/Design-sem-nome-74.jpg\",\"width\":1920,\"height\":852,\"caption\":\"xr:d:DAFIeuRgHiY:2,j:32265762577,t:22080518\"},{\"@type\":\"BreadcrumbList\",\"@id\":\"https:\/\/www.institutodeengenharia.org.br\/site\/2022\/10\/10\/assista-a-gravacao-do-evento-o-movimento-das-construcoes-sustentaveis-x-automacao-no-brasil\/#breadcrumb\",\"itemListElement\":[{\"@type\":\"ListItem\",\"position\":1,\"name\":\"In\u00edcio\",\"item\":\"https:\/\/www.institutodeengenharia.org.br\/site\/\"},{\"@type\":\"ListItem\",\"position\":2,\"name\":\"O movimento das constru\u00e7\u00f5es sustent\u00e1veis x automa\u00e7\u00e3o no Brasil\"}]},{\"@type\":\"WebSite\",\"@id\":\"https:\/\/www.institutodeengenharia.org.br\/site\/#website\",\"url\":\"https:\/\/www.institutodeengenharia.org.br\/site\/\",\"name\":\"Instituto de Engenharia\",\"description\":\"O Instituto de Engenharia promove a Engenharia em benef\u00edcio do desenvolvimento e da qualidade de vida da sociedade.\",\"publisher\":{\"@id\":\"https:\/\/www.institutodeengenharia.org.br\/site\/#organization\"},\"potentialAction\":[{\"@type\":\"SearchAction\",\"target\":{\"@type\":\"EntryPoint\",\"urlTemplate\":\"https:\/\/www.institutodeengenharia.org.br\/site\/?s={search_term_string}\"},\"query-input\":{\"@type\":\"PropertyValueSpecification\",\"valueRequired\":true,\"valueName\":\"search_term_string\"}}],\"inLanguage\":\"pt-BR\"},{\"@type\":\"Organization\",\"@id\":\"https:\/\/www.institutodeengenharia.org.br\/site\/#organization\",\"name\":\"Instituto de Engenharia\",\"url\":\"https:\/\/www.institutodeengenharia.org.br\/site\/\",\"logo\":{\"@type\":\"ImageObject\",\"inLanguage\":\"pt-BR\",\"@id\":\"https:\/\/www.institutodeengenharia.org.br\/site\/#\/schema\/logo\/image\/\",\"url\":\"https:\/\/www.institutodeengenharia.org.br\/site\/wp-content\/uploads\/2019\/03\/logo-novo-IE2018-1.jpg\",\"contentUrl\":\"https:\/\/www.institutodeengenharia.org.br\/site\/wp-content\/uploads\/2019\/03\/logo-novo-IE2018-1.jpg\",\"width\":1486,\"height\":1879,\"caption\":\"Instituto de Engenharia\"},\"image\":{\"@id\":\"https:\/\/www.institutodeengenharia.org.br\/site\/#\/schema\/logo\/image\/\"},\"sameAs\":[\"https:\/\/www.facebook.com\/institutodeengenharia\",\"https:\/\/x.com\/iengenharia\",\"https:\/\/www.instagram.com\/institutodeengenharia\/\",\"https:\/\/www.linkedin.com\/company\/instituto-de-engenharia\/\",\"https:\/\/www.youtube.com\/channel\/UCXiCAlsSMe977vamW915HxA\"]},{\"@type\":\"Person\",\"@id\":\"https:\/\/www.institutodeengenharia.org.br\/site\/#\/schema\/person\/aeb64951c405e100d26d30b033dd423f\",\"name\":\"Bianca\",\"image\":{\"@type\":\"ImageObject\",\"inLanguage\":\"pt-BR\",\"@id\":\"https:\/\/secure.gravatar.com\/avatar\/a6fbe9bff57405baf4c1e2c5c1811e072b558253974a9f9508f4678900c97c2a?s=96&d=mm&r=g\",\"url\":\"https:\/\/secure.gravatar.com\/avatar\/a6fbe9bff57405baf4c1e2c5c1811e072b558253974a9f9508f4678900c97c2a?s=96&d=mm&r=g\",\"contentUrl\":\"https:\/\/secure.gravatar.com\/avatar\/a6fbe9bff57405baf4c1e2c5c1811e072b558253974a9f9508f4678900c97c2a?s=96&d=mm&r=g\",\"caption\":\"Bianca\"},\"url\":\"https:\/\/www.institutodeengenharia.org.br\/site\/author\/comunicacao1\/\"}]}<\/script>\n<!-- \/ Yoast SEO plugin. -->","yoast_head_json":{"title":"O movimento das constru\u00e7\u00f5es sustent\u00e1veis x automa\u00e7\u00e3o no Brasil - Instituto de Engenharia","robots":{"index":"index","follow":"follow","max-snippet":"max-snippet:-1","max-image-preview":"max-image-preview:large","max-video-preview":"max-video-preview:-1"},"canonical":"https:\/\/www.institutodeengenharia.org.br\/site\/2022\/10\/10\/assista-a-gravacao-do-evento-o-movimento-das-construcoes-sustentaveis-x-automacao-no-brasil\/","og_locale":"pt_BR","og_type":"article","og_title":"Assista \u00e0 grava\u00e7\u00e3o do evento: O movimento das constru\u00e7\u00f5es sustent\u00e1veis x automa\u00e7\u00e3o no Brasil","og_description":"A apresenta\u00e7\u00e3o ir\u00e1 destacar os marcos do movimento das constru\u00e7\u00f5es sustent\u00e1veis no mundo e explicar a trajet\u00f3ria do movimento no Brasil, desde seu in\u00edcio em meados de 2007 at\u00e9 os dias de hoje. Com foco no cen\u00e1rio brasileiro, ser\u00e3o apresentadas as \u00faltimas novidades das ferramentas de certifica\u00e7\u00e3o de sustentabilidade para o ambiente constru\u00eddo e seu alinhamento com projetos globais.","og_url":"https:\/\/www.institutodeengenharia.org.br\/site\/2022\/10\/10\/assista-a-gravacao-do-evento-o-movimento-das-construcoes-sustentaveis-x-automacao-no-brasil\/","og_site_name":"Instituto de Engenharia","article_publisher":"https:\/\/www.facebook.com\/institutodeengenharia","article_published_time":"2022-10-10T12:53:41+00:00","article_modified_time":"2022-11-24T12:42:51+00:00","og_image":[{"width":1920,"height":852,"url":"https:\/\/www.institutodeengenharia.org.br\/site\/wp-content\/uploads\/2022\/08\/Design-sem-nome-74.jpg","type":"image\/jpeg"}],"author":"Bianca","twitter_card":"summary_large_image","twitter_title":"Assista \u00e0 grava\u00e7\u00e3o do evento: O movimento das constru\u00e7\u00f5es sustent\u00e1veis x automa\u00e7\u00e3o no Brasil","twitter_description":"A apresenta\u00e7\u00e3o ir\u00e1 destacar os marcos do movimento das constru\u00e7\u00f5es sustent\u00e1veis no mundo e explicar a trajet\u00f3ria do movimento no Brasil, desde seu in\u00edcio em meados de 2007 at\u00e9 os dias de hoje. Com foco no cen\u00e1rio brasileiro, ser\u00e3o apresentadas as \u00faltimas novidades das ferramentas de certifica\u00e7\u00e3o de sustentabilidade para o ambiente constru\u00eddo e seu alinhamento com projetos globais.","twitter_image":"https:\/\/www.institutodeengenharia.org.br\/site\/wp-content\/uploads\/2022\/08\/Design-sem-nome-74.jpg","twitter_creator":"@iengenharia","twitter_site":"@iengenharia","twitter_misc":{"Escrito por":"Bianca","Est. tempo de leitura":"2 minutos"},"schema":{"@context":"https:\/\/schema.org","@graph":[{"@type":"Article","@id":"https:\/\/www.institutodeengenharia.org.br\/site\/2022\/10\/10\/assista-a-gravacao-do-evento-o-movimento-das-construcoes-sustentaveis-x-automacao-no-brasil\/#article","isPartOf":{"@id":"https:\/\/www.institutodeengenharia.org.br\/site\/2022\/10\/10\/assista-a-gravacao-do-evento-o-movimento-das-construcoes-sustentaveis-x-automacao-no-brasil\/"},"author":{"name":"Bianca","@id":"https:\/\/www.institutodeengenharia.org.br\/site\/#\/schema\/person\/aeb64951c405e100d26d30b033dd423f"},"headline":"O movimento das constru\u00e7\u00f5es sustent\u00e1veis x automa\u00e7\u00e3o no Brasil","datePublished":"2022-10-10T12:53:41+00:00","dateModified":"2022-11-24T12:42:51+00:00","mainEntityOfPage":{"@id":"https:\/\/www.institutodeengenharia.org.br\/site\/2022\/10\/10\/assista-a-gravacao-do-evento-o-movimento-das-construcoes-sustentaveis-x-automacao-no-brasil\/"},"wordCount":225,"commentCount":0,"publisher":{"@id":"https:\/\/www.institutodeengenharia.org.br\/site\/#organization"},"image":{"@id":"https:\/\/www.institutodeengenharia.org.br\/site\/2022\/10\/10\/assista-a-gravacao-do-evento-o-movimento-das-construcoes-sustentaveis-x-automacao-no-brasil\/#primaryimage"},"thumbnailUrl":"https:\/\/www.institutodeengenharia.org.br\/site\/wp-content\/uploads\/2022\/08\/Design-sem-nome-74.jpg","keywords":["video-home"],"articleSection":["Nova TV Engenharia","Palestra"],"inLanguage":"pt-BR","potentialAction":[{"@type":"CommentAction","name":"Comment","target":["https:\/\/www.institutodeengenharia.org.br\/site\/2022\/10\/10\/assista-a-gravacao-do-evento-o-movimento-das-construcoes-sustentaveis-x-automacao-no-brasil\/#respond"]}]},{"@type":"WebPage","@id":"https:\/\/www.institutodeengenharia.org.br\/site\/2022\/10\/10\/assista-a-gravacao-do-evento-o-movimento-das-construcoes-sustentaveis-x-automacao-no-brasil\/","url":"https:\/\/www.institutodeengenharia.org.br\/site\/2022\/10\/10\/assista-a-gravacao-do-evento-o-movimento-das-construcoes-sustentaveis-x-automacao-no-brasil\/","name":"O movimento das constru\u00e7\u00f5es sustent\u00e1veis x automa\u00e7\u00e3o no Brasil - Instituto de Engenharia","isPartOf":{"@id":"https:\/\/www.institutodeengenharia.org.br\/site\/#website"},"primaryImageOfPage":{"@id":"https:\/\/www.institutodeengenharia.org.br\/site\/2022\/10\/10\/assista-a-gravacao-do-evento-o-movimento-das-construcoes-sustentaveis-x-automacao-no-brasil\/#primaryimage"},"image":{"@id":"https:\/\/www.institutodeengenharia.org.br\/site\/2022\/10\/10\/assista-a-gravacao-do-evento-o-movimento-das-construcoes-sustentaveis-x-automacao-no-brasil\/#primaryimage"},"thumbnailUrl":"https:\/\/www.institutodeengenharia.org.br\/site\/wp-content\/uploads\/2022\/08\/Design-sem-nome-74.jpg","datePublished":"2022-10-10T12:53:41+00:00","dateModified":"2022-11-24T12:42:51+00:00","breadcrumb":{"@id":"https:\/\/www.institutodeengenharia.org.br\/site\/2022\/10\/10\/assista-a-gravacao-do-evento-o-movimento-das-construcoes-sustentaveis-x-automacao-no-brasil\/#breadcrumb"},"inLanguage":"pt-BR","potentialAction":[{"@type":"ReadAction","target":["https:\/\/www.institutodeengenharia.org.br\/site\/2022\/10\/10\/assista-a-gravacao-do-evento-o-movimento-das-construcoes-sustentaveis-x-automacao-no-brasil\/"]}]},{"@type":"ImageObject","inLanguage":"pt-BR","@id":"https:\/\/www.institutodeengenharia.org.br\/site\/2022\/10\/10\/assista-a-gravacao-do-evento-o-movimento-das-construcoes-sustentaveis-x-automacao-no-brasil\/#primaryimage","url":"https:\/\/www.institutodeengenharia.org.br\/site\/wp-content\/uploads\/2022\/08\/Design-sem-nome-74.jpg","contentUrl":"https:\/\/www.institutodeengenharia.org.br\/site\/wp-content\/uploads\/2022\/08\/Design-sem-nome-74.jpg","width":1920,"height":852,"caption":"xr:d:DAFIeuRgHiY:2,j:32265762577,t:22080518"},{"@type":"BreadcrumbList","@id":"https:\/\/www.institutodeengenharia.org.br\/site\/2022\/10\/10\/assista-a-gravacao-do-evento-o-movimento-das-construcoes-sustentaveis-x-automacao-no-brasil\/#breadcrumb","itemListElement":[{"@type":"ListItem","position":1,"name":"In\u00edcio","item":"https:\/\/www.institutodeengenharia.org.br\/site\/"},{"@type":"ListItem","position":2,"name":"O movimento das constru\u00e7\u00f5es sustent\u00e1veis x automa\u00e7\u00e3o no Brasil"}]},{"@type":"WebSite","@id":"https:\/\/www.institutodeengenharia.org.br\/site\/#website","url":"https:\/\/www.institutodeengenharia.org.br\/site\/","name":"Instituto de Engenharia","description":"O Instituto de Engenharia promove a Engenharia em benef\u00edcio do desenvolvimento e da qualidade de vida da sociedade.","publisher":{"@id":"https:\/\/www.institutodeengenharia.org.br\/site\/#organization"},"potentialAction":[{"@type":"SearchAction","target":{"@type":"EntryPoint","urlTemplate":"https:\/\/www.institutodeengenharia.org.br\/site\/?s={search_term_string}"},"query-input":{"@type":"PropertyValueSpecification","valueRequired":true,"valueName":"search_term_string"}}],"inLanguage":"pt-BR"},{"@type":"Organization","@id":"https:\/\/www.institutodeengenharia.org.br\/site\/#organization","name":"Instituto de Engenharia","url":"https:\/\/www.institutodeengenharia.org.br\/site\/","logo":{"@type":"ImageObject","inLanguage":"pt-BR","@id":"https:\/\/www.institutodeengenharia.org.br\/site\/#\/schema\/logo\/image\/","url":"https:\/\/www.institutodeengenharia.org.br\/site\/wp-content\/uploads\/2019\/03\/logo-novo-IE2018-1.jpg","contentUrl":"https:\/\/www.institutodeengenharia.org.br\/site\/wp-content\/uploads\/2019\/03\/logo-novo-IE2018-1.jpg","width":1486,"height":1879,"caption":"Instituto de Engenharia"},"image":{"@id":"https:\/\/www.institutodeengenharia.org.br\/site\/#\/schema\/logo\/image\/"},"sameAs":["https:\/\/www.facebook.com\/institutodeengenharia","https:\/\/x.com\/iengenharia","https:\/\/www.instagram.com\/institutodeengenharia\/","https:\/\/www.linkedin.com\/company\/instituto-de-engenharia\/","https:\/\/www.youtube.com\/channel\/UCXiCAlsSMe977vamW915HxA"]},{"@type":"Person","@id":"https:\/\/www.institutodeengenharia.org.br\/site\/#\/schema\/person\/aeb64951c405e100d26d30b033dd423f","name":"Bianca","image":{"@type":"ImageObject","inLanguage":"pt-BR","@id":"https:\/\/secure.gravatar.com\/avatar\/a6fbe9bff57405baf4c1e2c5c1811e072b558253974a9f9508f4678900c97c2a?s=96&d=mm&r=g","url":"https:\/\/secure.gravatar.com\/avatar\/a6fbe9bff57405baf4c1e2c5c1811e072b558253974a9f9508f4678900c97c2a?s=96&d=mm&r=g","contentUrl":"https:\/\/secure.gravatar.com\/avatar\/a6fbe9bff57405baf4c1e2c5c1811e072b558253974a9f9508f4678900c97c2a?s=96&d=mm&r=g","caption":"Bianca"},"url":"https:\/\/www.institutodeengenharia.org.br\/site\/author\/comunicacao1\/"}]}},"_links":{"self":[{"href":"https:\/\/www.institutodeengenharia.org.br\/site\/wp-json\/wp\/v2\/posts\/98938","targetHints":{"allow":["GET"]}}],"collection":[{"href":"https:\/\/www.institutodeengenharia.org.br\/site\/wp-json\/wp\/v2\/posts"}],"about":[{"href":"https:\/\/www.institutodeengenharia.org.br\/site\/wp-json\/wp\/v2\/types\/post"}],"author":[{"embeddable":true,"href":"https:\/\/www.institutodeengenharia.org.br\/site\/wp-json\/wp\/v2\/users\/13"}],"replies":[{"embeddable":true,"href":"https:\/\/www.institutodeengenharia.org.br\/site\/wp-json\/wp\/v2\/comments?post=98938"}],"version-history":[{"count":2,"href":"https:\/\/www.institutodeengenharia.org.br\/site\/wp-json\/wp\/v2\/posts\/98938\/revisions"}],"predecessor-version":[{"id":100778,"href":"https:\/\/www.institutodeengenharia.org.br\/site\/wp-json\/wp\/v2\/posts\/98938\/revisions\/100778"}],"wp:featuredmedia":[{"embeddable":true,"href":"https:\/\/www.institutodeengenharia.org.br\/site\/wp-json\/wp\/v2\/media\/96588"}],"wp:attachment":[{"href":"https:\/\/www.institutodeengenharia.org.br\/site\/wp-json\/wp\/v2\/media?parent=98938"}],"wp:term":[{"taxonomy":"category","embeddable":true,"href":"https:\/\/www.institutodeengenharia.org.br\/site\/wp-json\/wp\/v2\/categories?post=98938"},{"taxonomy":"post_tag","embeddable":true,"href":"https:\/\/www.institutodeengenharia.org.br\/site\/wp-json\/wp\/v2\/tags?post=98938"}],"curies":[{"name":"wp","href":"https:\/\/api.w.org\/{rel}","templated":true}]}}