{"id":98742,"date":"2022-10-04T09:44:43","date_gmt":"2022-10-04T12:44:43","guid":{"rendered":"https:\/\/www.institutodeengenharia.org.br\/site\/?p=98742"},"modified":"2022-11-24T09:43:26","modified_gmt":"2022-11-24T12:43:26","slug":"o-processo-estrategico-de-mudanca-do-modelo-de-negocio-nas-empresas-de-arquitetura-engenharia-e-construcao","status":"publish","type":"post","link":"https:\/\/www.institutodeengenharia.org.br\/site\/2022\/10\/04\/o-processo-estrategico-de-mudanca-do-modelo-de-negocio-nas-empresas-de-arquitetura-engenharia-e-construcao\/","title":{"rendered":"O processo estrat\u00e9gico de mudan\u00e7a do modelo de neg\u00f3cio nas empresas de arquitetura, engenharia e constru\u00e7\u00e3o"},"content":{"rendered":"<p><strong>Assista abaixo \u00e0 grava\u00e7\u00e3o do evento:\u00a0<\/strong><\/p>\n<div style=\"padding: 56.25% 0 0 0; position: relative;\"><iframe style=\"position: absolute; top: 0; left: 0; width: 100%; height: 100%;\" title=\"O Processo Estrat&amp;eacute;gico De Mudan&amp;ccedil;a Do Modelo De Neg&amp;oacute;cios Nas Empresas De Arquitetura, Engenharia e Constru&amp;ccedil;&amp;atilde;o\" src=\"https:\/\/player.vimeo.com\/video\/755161664?h=2f415373fa&amp;badge=0&amp;autopause=0&amp;player_id=0&amp;app_id=58479\" frameborder=\"0\" allowfullscreen=\"allowfullscreen\"><\/iframe><\/div>\n<p><script src=\"https:\/\/player.vimeo.com\/api\/player.js\"><\/script><strong>+ Informa\u00e7\u00f5es:\u00a0<\/strong><\/p>\n<p>A inova\u00e7\u00e3o em modelos de neg\u00f3cios \u00e9 considerada um fen\u00f4meno emergente em todos os ramos de neg\u00f3cio. Empresa montadoras de autom\u00f3veis pesquisam como ser\u00e1 o melhor modelo de neg\u00f3cio no qual as pessoas v\u00e3o comprar pelo acesso de uso do ve\u00edculo ao inv\u00e9s de compr\u00e1-lo. Fabricantes de caminh\u00e3o estudam como vender capacidade de carga ao inv\u00e9s de caminh\u00f5es. A venda de software como servi\u00e7o \u00e9 hoje um exemplo de modelo de neg\u00f3cio inovado em rela\u00e7\u00e3o a venda de software em caixinhas que existia at\u00e9 h\u00e1 algum tempo atr\u00e1s. As empresas de constru\u00e7\u00e3o ter\u00e3o que lidar com novas tecnologias, como por exemplo, constru\u00e7\u00e3o com tecnologia de impress\u00e3o 3D, BIM, constru\u00e7\u00e3o modular pr\u00e9-fabricada e at\u00e9 mesmo o uso de madeira \u201cengenheirada\u201d que vai permitir fazer edif\u00edcios de v\u00e1rios andares de maneira mais sustent\u00e1vel. Essas tecnologias somadas aos aspectos de governan\u00e7a,\u00a0<em>compliance<\/em>\u00a0e exig\u00eancia de abordagens \u00e9ticas e sustent\u00e1veis na ind\u00fastria da constru\u00e7\u00e3o, v\u00e3o impactar o modelo de neg\u00f3cios das empresas de arquitetura, engenharia e constru\u00e7\u00e3o. A maneira antiga de fazer neg\u00f3cio n\u00e3o vai mais funcionar adequadamente. Infelizmente existe pouca pesquisa cientifica sobre como se d\u00e1 o processo estrat\u00e9gico de mudan\u00e7a de neg\u00f3cios das empresas. Nesta palestra, \u00c1lvaro Camargo, consultor e professor, apresentar\u00e1 um modelo de como se d\u00e1 o processo de mudan\u00e7a estrat\u00e9gica do modelo de neg\u00f3cios nas empresas, explicando os conceitos de capacidades din\u00e2micas de adapta\u00e7\u00e3o, agilidade organizacional, gerenciamento de projetos e interfaces de comunica\u00e7\u00e3o entre os diversos est\u00e1gios da mudan\u00e7a. O conte\u00fado em foco permitir\u00e1 que os participantes conhe\u00e7am os problemas, dificuldades e desafios relacionados com a mudan\u00e7a estrat\u00e9gica de modelo de neg\u00f3cio na \u00e1rea de arquitetura, engenharia e constru\u00e7\u00e3o. A palestra \u00e9 produto de pesquisa cientifica com base na mais recente literatura cientifica e pesquisas com empresas brasileiras e estrangeiras que o palestrante desenvolve desde 2019.<\/p>\n<p><strong>P\u00fablico-alvo:<\/strong><\/p>\n<p>Diretores e gestores estrat\u00e9gicos em empresas ligadas ao setor de engenharia.<\/p>\n<p><strong>Realiza\u00e7\u00e3o<\/strong><\/p>\n<p><img loading=\"lazy\" decoding=\"async\" class=\"wp-image-81229 alignleft td-animation-stack-type0-2\" src=\"https:\/\/www.institutodeengenharia.org.br\/site\/wp-content\/uploads\/2021\/05\/ie-logo-escudo.jpeg\" alt=\"\" width=\"123\" height=\"156\" srcset=\"https:\/\/www.institutodeengenharia.org.br\/site\/wp-content\/uploads\/2021\/05\/ie-logo-escudo.jpeg 1012w, https:\/\/www.institutodeengenharia.org.br\/site\/wp-content\/uploads\/2021\/05\/ie-logo-escudo-237x300.jpeg 237w, https:\/\/www.institutodeengenharia.org.br\/site\/wp-content\/uploads\/2021\/05\/ie-logo-escudo-810x1024.jpeg 810w, https:\/\/www.institutodeengenharia.org.br\/site\/wp-content\/uploads\/2021\/05\/ie-logo-escudo-768x971.jpeg 768w, https:\/\/www.institutodeengenharia.org.br\/site\/wp-content\/uploads\/2021\/05\/ie-logo-escudo-696x880.jpeg 696w, https:\/\/www.institutodeengenharia.org.br\/site\/wp-content\/uploads\/2021\/05\/ie-logo-escudo-332x420.jpeg 332w, https:\/\/www.institutodeengenharia.org.br\/site\/wp-content\/uploads\/2021\/05\/ie-logo-escudo-600x759.jpeg 600w\" sizes=\"auto, (max-width: 123px) 100vw, 123px\" \/><\/p>\n<p><strong>Eng. Ivan Metran Whately<\/strong>\u00a0\u2013 Vice-Presidente de Atividades T\u00e9cnicas<br \/>\n<strong>Eng.\u00aa D\u00e9bora Sanches de A. Marinello<\/strong>\u00a0\u2013 Diretora do Departamento de Desenvolvimento de Gest\u00e3o e Objetivos<br \/>\n<strong>Eng. S\u00e9rgio Luiz Azevedo Resende<\/strong>\u00a0\u2013 Coordenador da Divis\u00e3o T\u00e9cnica de Gerenciamento de Empreendimentos<\/p>\n<p>&nbsp;<\/p>\n<p><strong>Apoio Institucional:<\/strong><\/p>\n<p><img loading=\"lazy\" decoding=\"async\" class=\"alignnone wp-image-77696 td-animation-stack-type0-2\" src=\"https:\/\/www.institutodeengenharia.org.br\/site\/wp-content\/uploads\/2021\/02\/crea.jpg\" alt=\"\" width=\"140\" height=\"98\" srcset=\"https:\/\/www.institutodeengenharia.org.br\/site\/wp-content\/uploads\/2021\/02\/crea.jpg 448w, https:\/\/www.institutodeengenharia.org.br\/site\/wp-content\/uploads\/2021\/02\/crea-300x211.jpg 300w, https:\/\/www.institutodeengenharia.org.br\/site\/wp-content\/uploads\/2021\/02\/crea-100x70.jpg 100w\" sizes=\"auto, (max-width: 140px) 100vw, 140px\" \/><\/p>\n<p><strong>Apoio \u00e0 forma\u00e7\u00e3o:\u00a0<\/strong><\/p>\n<p>Espa\u00e7o aberto ao CREA-SP, objetivando o aperfei\u00e7oamento dos profissionais e o aprimoramento da fiscaliza\u00e7\u00e3o das \u00e1reas abrangidas pelo Sistema Confea\/CREAs, al\u00e9m de promover a conscientiza\u00e7\u00e3o da sociedade quanto \u00e0 necessidade e obrigatoriedade de contratar um profissional devidamente habilitado.<\/p>\n<div style=\"padding: 56.25% 0 0 0; position: relative;\"><\/div>\n<p>&nbsp;<\/p>\n","protected":false},"excerpt":{"rendered":"<p>Assista abaixo \u00e0 grava\u00e7\u00e3o do evento:\u00a0 + Informa\u00e7\u00f5es:\u00a0 A inova\u00e7\u00e3o em modelos de neg\u00f3cios \u00e9 considerada um fen\u00f4meno emergente em todos os ramos de neg\u00f3cio. Empresa montadoras de autom\u00f3veis pesquisam como ser\u00e1 o melhor modelo de neg\u00f3cio no qual as pessoas v\u00e3o comprar pelo acesso de uso do ve\u00edculo ao inv\u00e9s de compr\u00e1-lo. Fabricantes de [&hellip;]<\/p>\n","protected":false},"author":13,"featured_media":95270,"comment_status":"open","ping_status":"open","sticky":false,"template":"","format":"video","meta":{"footnotes":""},"categories":[968,969],"tags":[1176],"class_list":{"0":"post-98742","1":"post","2":"type-post","3":"status-publish","4":"format-video","5":"has-post-thumbnail","7":"category-nova-tv-engenharia","8":"category-palestra","9":"tag-video-home","10":"post_format-post-format-video"},"yoast_head":"<!-- This site is optimized with the Yoast SEO plugin v27.2 - https:\/\/yoast.com\/product\/yoast-seo-wordpress\/ -->\n<title>O processo estrat\u00e9gico de mudan\u00e7a do modelo de neg\u00f3cio nas empresas de arquitetura, engenharia e constru\u00e7\u00e3o - Instituto de Engenharia<\/title>\n<meta name=\"robots\" content=\"index, follow, max-snippet:-1, max-image-preview:large, max-video-preview:-1\" \/>\n<link rel=\"canonical\" href=\"https:\/\/www.institutodeengenharia.org.br\/site\/2022\/10\/04\/o-processo-estrategico-de-mudanca-do-modelo-de-negocio-nas-empresas-de-arquitetura-engenharia-e-construcao\/\" \/>\n<meta property=\"og:locale\" content=\"pt_BR\" \/>\n<meta property=\"og:type\" content=\"article\" \/>\n<meta property=\"og:title\" content=\"O processo estrat\u00e9gico de mudan\u00e7a do modelo de neg\u00f3cio nas empresas de arquitetura, engenharia e constru\u00e7\u00e3o\" \/>\n<meta property=\"og:description\" content=\"A inova\u00e7\u00e3o em modelos de neg\u00f3cios \u00e9 considerada um fen\u00f4meno emergente em todos os ramos de neg\u00f3cio. Empresa montadoras de autom\u00f3veis pesquisam como ser\u00e1 o melhor modelo de neg\u00f3cio no qual as pessoas v\u00e3o comprar pelo acesso de uso do ve\u00edculo ao inv\u00e9s de compr\u00e1-lo.\" \/>\n<meta property=\"og:url\" content=\"https:\/\/www.institutodeengenharia.org.br\/site\/2022\/10\/04\/o-processo-estrategico-de-mudanca-do-modelo-de-negocio-nas-empresas-de-arquitetura-engenharia-e-construcao\/\" \/>\n<meta property=\"og:site_name\" content=\"Instituto de Engenharia\" \/>\n<meta property=\"article:publisher\" content=\"https:\/\/www.facebook.com\/institutodeengenharia\" \/>\n<meta property=\"article:published_time\" content=\"2022-10-04T12:44:43+00:00\" \/>\n<meta property=\"article:modified_time\" content=\"2022-11-24T12:43:26+00:00\" \/>\n<meta property=\"og:image\" content=\"https:\/\/www.institutodeengenharia.org.br\/site\/wp-content\/uploads\/2022\/07\/Design-sem-nome-64-1024x576.png\" \/>\n\t<meta property=\"og:image:width\" content=\"1024\" \/>\n\t<meta property=\"og:image:height\" content=\"576\" \/>\n\t<meta property=\"og:image:type\" content=\"image\/png\" \/>\n<meta name=\"author\" content=\"Bianca\" \/>\n<meta name=\"twitter:card\" content=\"summary_large_image\" \/>\n<meta name=\"twitter:title\" content=\"O processo estrat\u00e9gico de mudan\u00e7a do modelo de neg\u00f3cio nas empresas de arquitetura, engenharia e constru\u00e7\u00e3o\" \/>\n<meta name=\"twitter:description\" content=\"A inova\u00e7\u00e3o em modelos de neg\u00f3cios \u00e9 considerada um fen\u00f4meno emergente em todos os ramos de neg\u00f3cio. Empresa montadoras de autom\u00f3veis pesquisam como ser\u00e1 o melhor modelo de neg\u00f3cio no qual as pessoas v\u00e3o comprar pelo acesso de uso do ve\u00edculo ao inv\u00e9s de compr\u00e1-lo.\" \/>\n<meta name=\"twitter:image\" content=\"https:\/\/www.institutodeengenharia.org.br\/site\/wp-content\/uploads\/2022\/07\/Design-sem-nome-64.png\" \/>\n<meta name=\"twitter:creator\" content=\"@iengenharia\" \/>\n<meta name=\"twitter:site\" content=\"@iengenharia\" \/>\n<meta name=\"twitter:label1\" content=\"Escrito por\" \/>\n\t<meta name=\"twitter:data1\" content=\"Bianca\" \/>\n\t<meta name=\"twitter:label2\" content=\"Est. tempo de leitura\" \/>\n\t<meta name=\"twitter:data2\" content=\"3 minutos\" \/>\n<script type=\"application\/ld+json\" class=\"yoast-schema-graph\">{\"@context\":\"https:\/\/schema.org\",\"@graph\":[{\"@type\":\"Article\",\"@id\":\"https:\/\/www.institutodeengenharia.org.br\/site\/2022\/10\/04\/o-processo-estrategico-de-mudanca-do-modelo-de-negocio-nas-empresas-de-arquitetura-engenharia-e-construcao\/#article\",\"isPartOf\":{\"@id\":\"https:\/\/www.institutodeengenharia.org.br\/site\/2022\/10\/04\/o-processo-estrategico-de-mudanca-do-modelo-de-negocio-nas-empresas-de-arquitetura-engenharia-e-construcao\/\"},\"author\":{\"name\":\"Bianca\",\"@id\":\"https:\/\/www.institutodeengenharia.org.br\/site\/#\/schema\/person\/aeb64951c405e100d26d30b033dd423f\"},\"headline\":\"O processo estrat\u00e9gico de mudan\u00e7a do modelo de neg\u00f3cio nas empresas de arquitetura, engenharia e constru\u00e7\u00e3o\",\"datePublished\":\"2022-10-04T12:44:43+00:00\",\"dateModified\":\"2022-11-24T12:43:26+00:00\",\"mainEntityOfPage\":{\"@id\":\"https:\/\/www.institutodeengenharia.org.br\/site\/2022\/10\/04\/o-processo-estrategico-de-mudanca-do-modelo-de-negocio-nas-empresas-de-arquitetura-engenharia-e-construcao\/\"},\"wordCount\":482,\"commentCount\":0,\"publisher\":{\"@id\":\"https:\/\/www.institutodeengenharia.org.br\/site\/#organization\"},\"image\":{\"@id\":\"https:\/\/www.institutodeengenharia.org.br\/site\/2022\/10\/04\/o-processo-estrategico-de-mudanca-do-modelo-de-negocio-nas-empresas-de-arquitetura-engenharia-e-construcao\/#primaryimage\"},\"thumbnailUrl\":\"https:\/\/www.institutodeengenharia.org.br\/site\/wp-content\/uploads\/2022\/07\/Design-sem-nome-64.png\",\"keywords\":[\"video-home\"],\"articleSection\":[\"Nova TV Engenharia\",\"Palestra\"],\"inLanguage\":\"pt-BR\",\"potentialAction\":[{\"@type\":\"CommentAction\",\"name\":\"Comment\",\"target\":[\"https:\/\/www.institutodeengenharia.org.br\/site\/2022\/10\/04\/o-processo-estrategico-de-mudanca-do-modelo-de-negocio-nas-empresas-de-arquitetura-engenharia-e-construcao\/#respond\"]}]},{\"@type\":\"WebPage\",\"@id\":\"https:\/\/www.institutodeengenharia.org.br\/site\/2022\/10\/04\/o-processo-estrategico-de-mudanca-do-modelo-de-negocio-nas-empresas-de-arquitetura-engenharia-e-construcao\/\",\"url\":\"https:\/\/www.institutodeengenharia.org.br\/site\/2022\/10\/04\/o-processo-estrategico-de-mudanca-do-modelo-de-negocio-nas-empresas-de-arquitetura-engenharia-e-construcao\/\",\"name\":\"O processo estrat\u00e9gico de mudan\u00e7a do modelo de neg\u00f3cio nas empresas de arquitetura, engenharia e constru\u00e7\u00e3o - Instituto de Engenharia\",\"isPartOf\":{\"@id\":\"https:\/\/www.institutodeengenharia.org.br\/site\/#website\"},\"primaryImageOfPage\":{\"@id\":\"https:\/\/www.institutodeengenharia.org.br\/site\/2022\/10\/04\/o-processo-estrategico-de-mudanca-do-modelo-de-negocio-nas-empresas-de-arquitetura-engenharia-e-construcao\/#primaryimage\"},\"image\":{\"@id\":\"https:\/\/www.institutodeengenharia.org.br\/site\/2022\/10\/04\/o-processo-estrategico-de-mudanca-do-modelo-de-negocio-nas-empresas-de-arquitetura-engenharia-e-construcao\/#primaryimage\"},\"thumbnailUrl\":\"https:\/\/www.institutodeengenharia.org.br\/site\/wp-content\/uploads\/2022\/07\/Design-sem-nome-64.png\",\"datePublished\":\"2022-10-04T12:44:43+00:00\",\"dateModified\":\"2022-11-24T12:43:26+00:00\",\"breadcrumb\":{\"@id\":\"https:\/\/www.institutodeengenharia.org.br\/site\/2022\/10\/04\/o-processo-estrategico-de-mudanca-do-modelo-de-negocio-nas-empresas-de-arquitetura-engenharia-e-construcao\/#breadcrumb\"},\"inLanguage\":\"pt-BR\",\"potentialAction\":[{\"@type\":\"ReadAction\",\"target\":[\"https:\/\/www.institutodeengenharia.org.br\/site\/2022\/10\/04\/o-processo-estrategico-de-mudanca-do-modelo-de-negocio-nas-empresas-de-arquitetura-engenharia-e-construcao\/\"]}]},{\"@type\":\"ImageObject\",\"inLanguage\":\"pt-BR\",\"@id\":\"https:\/\/www.institutodeengenharia.org.br\/site\/2022\/10\/04\/o-processo-estrategico-de-mudanca-do-modelo-de-negocio-nas-empresas-de-arquitetura-engenharia-e-construcao\/#primaryimage\",\"url\":\"https:\/\/www.institutodeengenharia.org.br\/site\/wp-content\/uploads\/2022\/07\/Design-sem-nome-64.png\",\"contentUrl\":\"https:\/\/www.institutodeengenharia.org.br\/site\/wp-content\/uploads\/2022\/07\/Design-sem-nome-64.png\",\"width\":1920,\"height\":1080},{\"@type\":\"BreadcrumbList\",\"@id\":\"https:\/\/www.institutodeengenharia.org.br\/site\/2022\/10\/04\/o-processo-estrategico-de-mudanca-do-modelo-de-negocio-nas-empresas-de-arquitetura-engenharia-e-construcao\/#breadcrumb\",\"itemListElement\":[{\"@type\":\"ListItem\",\"position\":1,\"name\":\"In\u00edcio\",\"item\":\"https:\/\/www.institutodeengenharia.org.br\/site\/\"},{\"@type\":\"ListItem\",\"position\":2,\"name\":\"O processo estrat\u00e9gico de mudan\u00e7a do modelo de neg\u00f3cio nas empresas de arquitetura, engenharia e constru\u00e7\u00e3o\"}]},{\"@type\":\"WebSite\",\"@id\":\"https:\/\/www.institutodeengenharia.org.br\/site\/#website\",\"url\":\"https:\/\/www.institutodeengenharia.org.br\/site\/\",\"name\":\"Instituto de Engenharia\",\"description\":\"O Instituto de Engenharia promove a Engenharia em benef\u00edcio do desenvolvimento e da qualidade de vida da sociedade.\",\"publisher\":{\"@id\":\"https:\/\/www.institutodeengenharia.org.br\/site\/#organization\"},\"potentialAction\":[{\"@type\":\"SearchAction\",\"target\":{\"@type\":\"EntryPoint\",\"urlTemplate\":\"https:\/\/www.institutodeengenharia.org.br\/site\/?s={search_term_string}\"},\"query-input\":{\"@type\":\"PropertyValueSpecification\",\"valueRequired\":true,\"valueName\":\"search_term_string\"}}],\"inLanguage\":\"pt-BR\"},{\"@type\":\"Organization\",\"@id\":\"https:\/\/www.institutodeengenharia.org.br\/site\/#organization\",\"name\":\"Instituto de Engenharia\",\"url\":\"https:\/\/www.institutodeengenharia.org.br\/site\/\",\"logo\":{\"@type\":\"ImageObject\",\"inLanguage\":\"pt-BR\",\"@id\":\"https:\/\/www.institutodeengenharia.org.br\/site\/#\/schema\/logo\/image\/\",\"url\":\"https:\/\/www.institutodeengenharia.org.br\/site\/wp-content\/uploads\/2019\/03\/logo-novo-IE2018-1.jpg\",\"contentUrl\":\"https:\/\/www.institutodeengenharia.org.br\/site\/wp-content\/uploads\/2019\/03\/logo-novo-IE2018-1.jpg\",\"width\":1486,\"height\":1879,\"caption\":\"Instituto de Engenharia\"},\"image\":{\"@id\":\"https:\/\/www.institutodeengenharia.org.br\/site\/#\/schema\/logo\/image\/\"},\"sameAs\":[\"https:\/\/www.facebook.com\/institutodeengenharia\",\"https:\/\/x.com\/iengenharia\",\"https:\/\/www.instagram.com\/institutodeengenharia\/\",\"https:\/\/www.linkedin.com\/company\/instituto-de-engenharia\/\",\"https:\/\/www.youtube.com\/channel\/UCXiCAlsSMe977vamW915HxA\"]},{\"@type\":\"Person\",\"@id\":\"https:\/\/www.institutodeengenharia.org.br\/site\/#\/schema\/person\/aeb64951c405e100d26d30b033dd423f\",\"name\":\"Bianca\",\"image\":{\"@type\":\"ImageObject\",\"inLanguage\":\"pt-BR\",\"@id\":\"https:\/\/secure.gravatar.com\/avatar\/a6fbe9bff57405baf4c1e2c5c1811e072b558253974a9f9508f4678900c97c2a?s=96&d=mm&r=g\",\"url\":\"https:\/\/secure.gravatar.com\/avatar\/a6fbe9bff57405baf4c1e2c5c1811e072b558253974a9f9508f4678900c97c2a?s=96&d=mm&r=g\",\"contentUrl\":\"https:\/\/secure.gravatar.com\/avatar\/a6fbe9bff57405baf4c1e2c5c1811e072b558253974a9f9508f4678900c97c2a?s=96&d=mm&r=g\",\"caption\":\"Bianca\"},\"url\":\"https:\/\/www.institutodeengenharia.org.br\/site\/author\/comunicacao1\/\"}]}<\/script>\n<!-- \/ Yoast SEO plugin. -->","yoast_head_json":{"title":"O processo estrat\u00e9gico de mudan\u00e7a do modelo de neg\u00f3cio nas empresas de arquitetura, engenharia e constru\u00e7\u00e3o - Instituto de Engenharia","robots":{"index":"index","follow":"follow","max-snippet":"max-snippet:-1","max-image-preview":"max-image-preview:large","max-video-preview":"max-video-preview:-1"},"canonical":"https:\/\/www.institutodeengenharia.org.br\/site\/2022\/10\/04\/o-processo-estrategico-de-mudanca-do-modelo-de-negocio-nas-empresas-de-arquitetura-engenharia-e-construcao\/","og_locale":"pt_BR","og_type":"article","og_title":"O processo estrat\u00e9gico de mudan\u00e7a do modelo de neg\u00f3cio nas empresas de arquitetura, engenharia e constru\u00e7\u00e3o","og_description":"A inova\u00e7\u00e3o em modelos de neg\u00f3cios \u00e9 considerada um fen\u00f4meno emergente em todos os ramos de neg\u00f3cio. Empresa montadoras de autom\u00f3veis pesquisam como ser\u00e1 o melhor modelo de neg\u00f3cio no qual as pessoas v\u00e3o comprar pelo acesso de uso do ve\u00edculo ao inv\u00e9s de compr\u00e1-lo.","og_url":"https:\/\/www.institutodeengenharia.org.br\/site\/2022\/10\/04\/o-processo-estrategico-de-mudanca-do-modelo-de-negocio-nas-empresas-de-arquitetura-engenharia-e-construcao\/","og_site_name":"Instituto de Engenharia","article_publisher":"https:\/\/www.facebook.com\/institutodeengenharia","article_published_time":"2022-10-04T12:44:43+00:00","article_modified_time":"2022-11-24T12:43:26+00:00","og_image":[{"width":1024,"height":576,"url":"https:\/\/www.institutodeengenharia.org.br\/site\/wp-content\/uploads\/2022\/07\/Design-sem-nome-64-1024x576.png","type":"image\/png"}],"author":"Bianca","twitter_card":"summary_large_image","twitter_title":"O processo estrat\u00e9gico de mudan\u00e7a do modelo de neg\u00f3cio nas empresas de arquitetura, engenharia e constru\u00e7\u00e3o","twitter_description":"A inova\u00e7\u00e3o em modelos de neg\u00f3cios \u00e9 considerada um fen\u00f4meno emergente em todos os ramos de neg\u00f3cio. Empresa montadoras de autom\u00f3veis pesquisam como ser\u00e1 o melhor modelo de neg\u00f3cio no qual as pessoas v\u00e3o comprar pelo acesso de uso do ve\u00edculo ao inv\u00e9s de compr\u00e1-lo.","twitter_image":"https:\/\/www.institutodeengenharia.org.br\/site\/wp-content\/uploads\/2022\/07\/Design-sem-nome-64.png","twitter_creator":"@iengenharia","twitter_site":"@iengenharia","twitter_misc":{"Escrito por":"Bianca","Est. tempo de leitura":"3 minutos"},"schema":{"@context":"https:\/\/schema.org","@graph":[{"@type":"Article","@id":"https:\/\/www.institutodeengenharia.org.br\/site\/2022\/10\/04\/o-processo-estrategico-de-mudanca-do-modelo-de-negocio-nas-empresas-de-arquitetura-engenharia-e-construcao\/#article","isPartOf":{"@id":"https:\/\/www.institutodeengenharia.org.br\/site\/2022\/10\/04\/o-processo-estrategico-de-mudanca-do-modelo-de-negocio-nas-empresas-de-arquitetura-engenharia-e-construcao\/"},"author":{"name":"Bianca","@id":"https:\/\/www.institutodeengenharia.org.br\/site\/#\/schema\/person\/aeb64951c405e100d26d30b033dd423f"},"headline":"O processo estrat\u00e9gico de mudan\u00e7a do modelo de neg\u00f3cio nas empresas de arquitetura, engenharia e constru\u00e7\u00e3o","datePublished":"2022-10-04T12:44:43+00:00","dateModified":"2022-11-24T12:43:26+00:00","mainEntityOfPage":{"@id":"https:\/\/www.institutodeengenharia.org.br\/site\/2022\/10\/04\/o-processo-estrategico-de-mudanca-do-modelo-de-negocio-nas-empresas-de-arquitetura-engenharia-e-construcao\/"},"wordCount":482,"commentCount":0,"publisher":{"@id":"https:\/\/www.institutodeengenharia.org.br\/site\/#organization"},"image":{"@id":"https:\/\/www.institutodeengenharia.org.br\/site\/2022\/10\/04\/o-processo-estrategico-de-mudanca-do-modelo-de-negocio-nas-empresas-de-arquitetura-engenharia-e-construcao\/#primaryimage"},"thumbnailUrl":"https:\/\/www.institutodeengenharia.org.br\/site\/wp-content\/uploads\/2022\/07\/Design-sem-nome-64.png","keywords":["video-home"],"articleSection":["Nova TV Engenharia","Palestra"],"inLanguage":"pt-BR","potentialAction":[{"@type":"CommentAction","name":"Comment","target":["https:\/\/www.institutodeengenharia.org.br\/site\/2022\/10\/04\/o-processo-estrategico-de-mudanca-do-modelo-de-negocio-nas-empresas-de-arquitetura-engenharia-e-construcao\/#respond"]}]},{"@type":"WebPage","@id":"https:\/\/www.institutodeengenharia.org.br\/site\/2022\/10\/04\/o-processo-estrategico-de-mudanca-do-modelo-de-negocio-nas-empresas-de-arquitetura-engenharia-e-construcao\/","url":"https:\/\/www.institutodeengenharia.org.br\/site\/2022\/10\/04\/o-processo-estrategico-de-mudanca-do-modelo-de-negocio-nas-empresas-de-arquitetura-engenharia-e-construcao\/","name":"O processo estrat\u00e9gico de mudan\u00e7a do modelo de neg\u00f3cio nas empresas de arquitetura, engenharia e constru\u00e7\u00e3o - Instituto de Engenharia","isPartOf":{"@id":"https:\/\/www.institutodeengenharia.org.br\/site\/#website"},"primaryImageOfPage":{"@id":"https:\/\/www.institutodeengenharia.org.br\/site\/2022\/10\/04\/o-processo-estrategico-de-mudanca-do-modelo-de-negocio-nas-empresas-de-arquitetura-engenharia-e-construcao\/#primaryimage"},"image":{"@id":"https:\/\/www.institutodeengenharia.org.br\/site\/2022\/10\/04\/o-processo-estrategico-de-mudanca-do-modelo-de-negocio-nas-empresas-de-arquitetura-engenharia-e-construcao\/#primaryimage"},"thumbnailUrl":"https:\/\/www.institutodeengenharia.org.br\/site\/wp-content\/uploads\/2022\/07\/Design-sem-nome-64.png","datePublished":"2022-10-04T12:44:43+00:00","dateModified":"2022-11-24T12:43:26+00:00","breadcrumb":{"@id":"https:\/\/www.institutodeengenharia.org.br\/site\/2022\/10\/04\/o-processo-estrategico-de-mudanca-do-modelo-de-negocio-nas-empresas-de-arquitetura-engenharia-e-construcao\/#breadcrumb"},"inLanguage":"pt-BR","potentialAction":[{"@type":"ReadAction","target":["https:\/\/www.institutodeengenharia.org.br\/site\/2022\/10\/04\/o-processo-estrategico-de-mudanca-do-modelo-de-negocio-nas-empresas-de-arquitetura-engenharia-e-construcao\/"]}]},{"@type":"ImageObject","inLanguage":"pt-BR","@id":"https:\/\/www.institutodeengenharia.org.br\/site\/2022\/10\/04\/o-processo-estrategico-de-mudanca-do-modelo-de-negocio-nas-empresas-de-arquitetura-engenharia-e-construcao\/#primaryimage","url":"https:\/\/www.institutodeengenharia.org.br\/site\/wp-content\/uploads\/2022\/07\/Design-sem-nome-64.png","contentUrl":"https:\/\/www.institutodeengenharia.org.br\/site\/wp-content\/uploads\/2022\/07\/Design-sem-nome-64.png","width":1920,"height":1080},{"@type":"BreadcrumbList","@id":"https:\/\/www.institutodeengenharia.org.br\/site\/2022\/10\/04\/o-processo-estrategico-de-mudanca-do-modelo-de-negocio-nas-empresas-de-arquitetura-engenharia-e-construcao\/#breadcrumb","itemListElement":[{"@type":"ListItem","position":1,"name":"In\u00edcio","item":"https:\/\/www.institutodeengenharia.org.br\/site\/"},{"@type":"ListItem","position":2,"name":"O processo estrat\u00e9gico de mudan\u00e7a do modelo de neg\u00f3cio nas empresas de arquitetura, engenharia e constru\u00e7\u00e3o"}]},{"@type":"WebSite","@id":"https:\/\/www.institutodeengenharia.org.br\/site\/#website","url":"https:\/\/www.institutodeengenharia.org.br\/site\/","name":"Instituto de Engenharia","description":"O Instituto de Engenharia promove a Engenharia em benef\u00edcio do desenvolvimento e da qualidade de vida da sociedade.","publisher":{"@id":"https:\/\/www.institutodeengenharia.org.br\/site\/#organization"},"potentialAction":[{"@type":"SearchAction","target":{"@type":"EntryPoint","urlTemplate":"https:\/\/www.institutodeengenharia.org.br\/site\/?s={search_term_string}"},"query-input":{"@type":"PropertyValueSpecification","valueRequired":true,"valueName":"search_term_string"}}],"inLanguage":"pt-BR"},{"@type":"Organization","@id":"https:\/\/www.institutodeengenharia.org.br\/site\/#organization","name":"Instituto de Engenharia","url":"https:\/\/www.institutodeengenharia.org.br\/site\/","logo":{"@type":"ImageObject","inLanguage":"pt-BR","@id":"https:\/\/www.institutodeengenharia.org.br\/site\/#\/schema\/logo\/image\/","url":"https:\/\/www.institutodeengenharia.org.br\/site\/wp-content\/uploads\/2019\/03\/logo-novo-IE2018-1.jpg","contentUrl":"https:\/\/www.institutodeengenharia.org.br\/site\/wp-content\/uploads\/2019\/03\/logo-novo-IE2018-1.jpg","width":1486,"height":1879,"caption":"Instituto de Engenharia"},"image":{"@id":"https:\/\/www.institutodeengenharia.org.br\/site\/#\/schema\/logo\/image\/"},"sameAs":["https:\/\/www.facebook.com\/institutodeengenharia","https:\/\/x.com\/iengenharia","https:\/\/www.instagram.com\/institutodeengenharia\/","https:\/\/www.linkedin.com\/company\/instituto-de-engenharia\/","https:\/\/www.youtube.com\/channel\/UCXiCAlsSMe977vamW915HxA"]},{"@type":"Person","@id":"https:\/\/www.institutodeengenharia.org.br\/site\/#\/schema\/person\/aeb64951c405e100d26d30b033dd423f","name":"Bianca","image":{"@type":"ImageObject","inLanguage":"pt-BR","@id":"https:\/\/secure.gravatar.com\/avatar\/a6fbe9bff57405baf4c1e2c5c1811e072b558253974a9f9508f4678900c97c2a?s=96&d=mm&r=g","url":"https:\/\/secure.gravatar.com\/avatar\/a6fbe9bff57405baf4c1e2c5c1811e072b558253974a9f9508f4678900c97c2a?s=96&d=mm&r=g","contentUrl":"https:\/\/secure.gravatar.com\/avatar\/a6fbe9bff57405baf4c1e2c5c1811e072b558253974a9f9508f4678900c97c2a?s=96&d=mm&r=g","caption":"Bianca"},"url":"https:\/\/www.institutodeengenharia.org.br\/site\/author\/comunicacao1\/"}]}},"_links":{"self":[{"href":"https:\/\/www.institutodeengenharia.org.br\/site\/wp-json\/wp\/v2\/posts\/98742","targetHints":{"allow":["GET"]}}],"collection":[{"href":"https:\/\/www.institutodeengenharia.org.br\/site\/wp-json\/wp\/v2\/posts"}],"about":[{"href":"https:\/\/www.institutodeengenharia.org.br\/site\/wp-json\/wp\/v2\/types\/post"}],"author":[{"embeddable":true,"href":"https:\/\/www.institutodeengenharia.org.br\/site\/wp-json\/wp\/v2\/users\/13"}],"replies":[{"embeddable":true,"href":"https:\/\/www.institutodeengenharia.org.br\/site\/wp-json\/wp\/v2\/comments?post=98742"}],"version-history":[{"count":3,"href":"https:\/\/www.institutodeengenharia.org.br\/site\/wp-json\/wp\/v2\/posts\/98742\/revisions"}],"predecessor-version":[{"id":100780,"href":"https:\/\/www.institutodeengenharia.org.br\/site\/wp-json\/wp\/v2\/posts\/98742\/revisions\/100780"}],"wp:featuredmedia":[{"embeddable":true,"href":"https:\/\/www.institutodeengenharia.org.br\/site\/wp-json\/wp\/v2\/media\/95270"}],"wp:attachment":[{"href":"https:\/\/www.institutodeengenharia.org.br\/site\/wp-json\/wp\/v2\/media?parent=98742"}],"wp:term":[{"taxonomy":"category","embeddable":true,"href":"https:\/\/www.institutodeengenharia.org.br\/site\/wp-json\/wp\/v2\/categories?post=98742"},{"taxonomy":"post_tag","embeddable":true,"href":"https:\/\/www.institutodeengenharia.org.br\/site\/wp-json\/wp\/v2\/tags?post=98742"}],"curies":[{"name":"wp","href":"https:\/\/api.w.org\/{rel}","templated":true}]}}