{"id":98531,"date":"2022-09-28T08:46:17","date_gmt":"2022-09-28T11:46:17","guid":{"rendered":"https:\/\/www.institutodeengenharia.org.br\/site\/?p=98531"},"modified":"2022-09-28T14:58:40","modified_gmt":"2022-09-28T17:58:40","slug":"assista-a-gravacao-do-evento-engenharia-em-foco-200-anos-de-independencia","status":"publish","type":"post","link":"https:\/\/www.institutodeengenharia.org.br\/site\/2022\/09\/28\/assista-a-gravacao-do-evento-engenharia-em-foco-200-anos-de-independencia\/","title":{"rendered":"Vinheta de abertura do evento: 200 Anos de Independ\u00eancia &#8211; Engenharia em Foco"},"content":{"rendered":"<div>Assista abaixo \u00e0 vinheta de abertura do evento:<\/div>\n<div><\/div>\n<div style=\"padding: 75% 0 0 0; position: relative;\"><iframe style=\"position: absolute; top: 0; left: 0; width: 100%; height: 100%;\" title=\"200 anos - VIDEO EVENTO.mov\" src=\"https:\/\/player.vimeo.com\/video\/754441626?h=8719f8e286&amp;badge=0&amp;autopause=0&amp;player_id=0&amp;app_id=58479\" frameborder=\"0\" allowfullscreen=\"allowfullscreen\"><\/iframe><\/div>\n<div><\/div>\n<p><strong>+ Informa\u00e7\u00f5es:<\/strong><\/p>\n<p>Iniciativa conjunta do Instituto de Engenharia com diversas entidades e empresas dos setores da Engenharia, para expressar a hist\u00f3ria, conhecimentos e desafios da Engenharia Nacional, desde a Independ\u00eancia do Brasil. Com esta a\u00e7\u00e3o, pretendemos registrar uma parte das li\u00e7\u00f5es aprendidas, melhores pr\u00e1ticas e tecnologias realizadas, al\u00e9m de enaltecer a import\u00e2ncia da Engenharia e seu protagonismo no desenvolvimento tecnol\u00f3gico, econ\u00f4mico, social e estruturante para o Brasil e o mundo.<\/p>\n<p><strong>Acesse <a href=\"https:\/\/app.virtualieventos.com.br\/200anosengenhariaemfoco\/\">aqui<\/a>\u00a0o site oficial do evento.\u00a0<\/strong><\/p>\n","protected":false},"excerpt":{"rendered":"<p>Assista abaixo \u00e0 vinheta de abertura do evento: + Informa\u00e7\u00f5es: Iniciativa conjunta do Instituto de Engenharia com diversas entidades e empresas dos setores da Engenharia, para expressar a hist\u00f3ria, conhecimentos e desafios da Engenharia Nacional, desde a Independ\u00eancia do Brasil. Com esta a\u00e7\u00e3o, pretendemos registrar uma parte das li\u00e7\u00f5es aprendidas, melhores pr\u00e1ticas e tecnologias realizadas, [&hellip;]<\/p>\n","protected":false},"author":13,"featured_media":97494,"comment_status":"open","ping_status":"open","sticky":false,"template":"","format":"video","meta":{"footnotes":""},"categories":[968,969],"tags":[],"class_list":{"0":"post-98531","1":"post","2":"type-post","3":"status-publish","4":"format-video","5":"has-post-thumbnail","7":"category-nova-tv-engenharia","8":"category-palestra","9":"post_format-post-format-video"},"yoast_head":"<!-- This site is optimized with the Yoast SEO plugin v27.2 - https:\/\/yoast.com\/product\/yoast-seo-wordpress\/ -->\n<title>Vinheta de abertura do evento: 200 Anos de Independ\u00eancia - Engenharia em Foco - Instituto de Engenharia<\/title>\n<meta name=\"robots\" content=\"index, follow, max-snippet:-1, max-image-preview:large, max-video-preview:-1\" \/>\n<link rel=\"canonical\" href=\"https:\/\/www.institutodeengenharia.org.br\/site\/2022\/09\/28\/assista-a-gravacao-do-evento-engenharia-em-foco-200-anos-de-independencia\/\" \/>\n<meta property=\"og:locale\" content=\"pt_BR\" \/>\n<meta property=\"og:type\" content=\"article\" \/>\n<meta property=\"og:title\" content=\"Engenharia em Foco \u2013 200 Anos de Independ\u00eancia\" \/>\n<meta property=\"og:description\" content=\"Iniciativa conjunta do Instituto de Engenharia com diversas entidades e empresas dos setores da Engenharia, para expressar a hist\u00f3ria, conhecimentos e desafios da Engenharia Nacional, desde a Independ\u00eancia do Brasil. Com esta a\u00e7\u00e3o, pretendemos registrar uma parte das li\u00e7\u00f5es aprendidas, melhores pr\u00e1ticas e tecnologias realizadas, al\u00e9m de enaltecer a import\u00e2ncia da Engenharia e seu protagonismo no desenvolvimento tecnol\u00f3gico, econ\u00f4mico, social e estruturante para o Brasil e o mundo.\" \/>\n<meta property=\"og:url\" content=\"https:\/\/www.institutodeengenharia.org.br\/site\/2022\/09\/28\/assista-a-gravacao-do-evento-engenharia-em-foco-200-anos-de-independencia\/\" \/>\n<meta property=\"og:site_name\" content=\"Instituto de Engenharia\" \/>\n<meta property=\"article:publisher\" content=\"https:\/\/www.facebook.com\/institutodeengenharia\" \/>\n<meta property=\"article:published_time\" content=\"2022-09-28T11:46:17+00:00\" \/>\n<meta property=\"article:modified_time\" content=\"2022-09-28T17:58:40+00:00\" \/>\n<meta property=\"og:image\" content=\"https:\/\/www.institutodeengenharia.org.br\/site\/wp-content\/uploads\/2022\/09\/selo-final.png\" \/>\n\t<meta property=\"og:image:width\" content=\"582\" \/>\n\t<meta property=\"og:image:height\" content=\"386\" \/>\n\t<meta property=\"og:image:type\" content=\"image\/png\" \/>\n<meta name=\"author\" content=\"Bianca\" \/>\n<meta name=\"twitter:card\" content=\"summary_large_image\" \/>\n<meta name=\"twitter:title\" content=\"Engenharia em Foco \u2013 200 Anos de Independ\u00eancia\" \/>\n<meta name=\"twitter:description\" content=\"Iniciativa conjunta do Instituto de Engenharia com diversas entidades e empresas dos setores da Engenharia, para expressar a hist\u00f3ria, conhecimentos e desafios da Engenharia Nacional, desde a Independ\u00eancia do Brasil. Com esta a\u00e7\u00e3o, pretendemos registrar uma parte das li\u00e7\u00f5es aprendidas, melhores pr\u00e1ticas e tecnologias realizadas, al\u00e9m de enaltecer a import\u00e2ncia da Engenharia e seu protagonismo no desenvolvimento tecnol\u00f3gico, econ\u00f4mico, social e estruturante para o Brasil e o mundo.\" \/>\n<meta name=\"twitter:image\" content=\"https:\/\/www.institutodeengenharia.org.br\/site\/wp-content\/uploads\/2022\/09\/selo-final.png\" \/>\n<meta name=\"twitter:creator\" content=\"@iengenharia\" \/>\n<meta name=\"twitter:site\" content=\"@iengenharia\" \/>\n<meta name=\"twitter:label1\" content=\"Escrito por\" \/>\n\t<meta name=\"twitter:data1\" content=\"Bianca\" \/>\n\t<meta name=\"twitter:label2\" content=\"Est. tempo de leitura\" \/>\n\t<meta name=\"twitter:data2\" content=\"1 minuto\" \/>\n<script type=\"application\/ld+json\" class=\"yoast-schema-graph\">{\"@context\":\"https:\/\/schema.org\",\"@graph\":[{\"@type\":\"Article\",\"@id\":\"https:\/\/www.institutodeengenharia.org.br\/site\/2022\/09\/28\/assista-a-gravacao-do-evento-engenharia-em-foco-200-anos-de-independencia\/#article\",\"isPartOf\":{\"@id\":\"https:\/\/www.institutodeengenharia.org.br\/site\/2022\/09\/28\/assista-a-gravacao-do-evento-engenharia-em-foco-200-anos-de-independencia\/\"},\"author\":{\"name\":\"Bianca\",\"@id\":\"https:\/\/www.institutodeengenharia.org.br\/site\/#\/schema\/person\/aeb64951c405e100d26d30b033dd423f\"},\"headline\":\"Vinheta de abertura do evento: 200 Anos de Independ\u00eancia &#8211; Engenharia em Foco\",\"datePublished\":\"2022-09-28T11:46:17+00:00\",\"dateModified\":\"2022-09-28T17:58:40+00:00\",\"mainEntityOfPage\":{\"@id\":\"https:\/\/www.institutodeengenharia.org.br\/site\/2022\/09\/28\/assista-a-gravacao-do-evento-engenharia-em-foco-200-anos-de-independencia\/\"},\"wordCount\":106,\"commentCount\":0,\"publisher\":{\"@id\":\"https:\/\/www.institutodeengenharia.org.br\/site\/#organization\"},\"image\":{\"@id\":\"https:\/\/www.institutodeengenharia.org.br\/site\/2022\/09\/28\/assista-a-gravacao-do-evento-engenharia-em-foco-200-anos-de-independencia\/#primaryimage\"},\"thumbnailUrl\":\"https:\/\/www.institutodeengenharia.org.br\/site\/wp-content\/uploads\/2022\/09\/selo-final.png\",\"articleSection\":[\"Nova TV Engenharia\",\"Palestra\"],\"inLanguage\":\"pt-BR\",\"potentialAction\":[{\"@type\":\"CommentAction\",\"name\":\"Comment\",\"target\":[\"https:\/\/www.institutodeengenharia.org.br\/site\/2022\/09\/28\/assista-a-gravacao-do-evento-engenharia-em-foco-200-anos-de-independencia\/#respond\"]}]},{\"@type\":\"WebPage\",\"@id\":\"https:\/\/www.institutodeengenharia.org.br\/site\/2022\/09\/28\/assista-a-gravacao-do-evento-engenharia-em-foco-200-anos-de-independencia\/\",\"url\":\"https:\/\/www.institutodeengenharia.org.br\/site\/2022\/09\/28\/assista-a-gravacao-do-evento-engenharia-em-foco-200-anos-de-independencia\/\",\"name\":\"Vinheta de abertura do evento: 200 Anos de Independ\u00eancia - Engenharia em Foco - Instituto de Engenharia\",\"isPartOf\":{\"@id\":\"https:\/\/www.institutodeengenharia.org.br\/site\/#website\"},\"primaryImageOfPage\":{\"@id\":\"https:\/\/www.institutodeengenharia.org.br\/site\/2022\/09\/28\/assista-a-gravacao-do-evento-engenharia-em-foco-200-anos-de-independencia\/#primaryimage\"},\"image\":{\"@id\":\"https:\/\/www.institutodeengenharia.org.br\/site\/2022\/09\/28\/assista-a-gravacao-do-evento-engenharia-em-foco-200-anos-de-independencia\/#primaryimage\"},\"thumbnailUrl\":\"https:\/\/www.institutodeengenharia.org.br\/site\/wp-content\/uploads\/2022\/09\/selo-final.png\",\"datePublished\":\"2022-09-28T11:46:17+00:00\",\"dateModified\":\"2022-09-28T17:58:40+00:00\",\"breadcrumb\":{\"@id\":\"https:\/\/www.institutodeengenharia.org.br\/site\/2022\/09\/28\/assista-a-gravacao-do-evento-engenharia-em-foco-200-anos-de-independencia\/#breadcrumb\"},\"inLanguage\":\"pt-BR\",\"potentialAction\":[{\"@type\":\"ReadAction\",\"target\":[\"https:\/\/www.institutodeengenharia.org.br\/site\/2022\/09\/28\/assista-a-gravacao-do-evento-engenharia-em-foco-200-anos-de-independencia\/\"]}]},{\"@type\":\"ImageObject\",\"inLanguage\":\"pt-BR\",\"@id\":\"https:\/\/www.institutodeengenharia.org.br\/site\/2022\/09\/28\/assista-a-gravacao-do-evento-engenharia-em-foco-200-anos-de-independencia\/#primaryimage\",\"url\":\"https:\/\/www.institutodeengenharia.org.br\/site\/wp-content\/uploads\/2022\/09\/selo-final.png\",\"contentUrl\":\"https:\/\/www.institutodeengenharia.org.br\/site\/wp-content\/uploads\/2022\/09\/selo-final.png\",\"width\":582,\"height\":386},{\"@type\":\"BreadcrumbList\",\"@id\":\"https:\/\/www.institutodeengenharia.org.br\/site\/2022\/09\/28\/assista-a-gravacao-do-evento-engenharia-em-foco-200-anos-de-independencia\/#breadcrumb\",\"itemListElement\":[{\"@type\":\"ListItem\",\"position\":1,\"name\":\"In\u00edcio\",\"item\":\"https:\/\/www.institutodeengenharia.org.br\/site\/\"},{\"@type\":\"ListItem\",\"position\":2,\"name\":\"Vinheta de abertura do evento: 200 Anos de Independ\u00eancia &#8211; Engenharia em Foco\"}]},{\"@type\":\"WebSite\",\"@id\":\"https:\/\/www.institutodeengenharia.org.br\/site\/#website\",\"url\":\"https:\/\/www.institutodeengenharia.org.br\/site\/\",\"name\":\"Instituto de Engenharia\",\"description\":\"O Instituto de Engenharia promove a Engenharia em benef\u00edcio do desenvolvimento e da qualidade de vida da sociedade.\",\"publisher\":{\"@id\":\"https:\/\/www.institutodeengenharia.org.br\/site\/#organization\"},\"potentialAction\":[{\"@type\":\"SearchAction\",\"target\":{\"@type\":\"EntryPoint\",\"urlTemplate\":\"https:\/\/www.institutodeengenharia.org.br\/site\/?s={search_term_string}\"},\"query-input\":{\"@type\":\"PropertyValueSpecification\",\"valueRequired\":true,\"valueName\":\"search_term_string\"}}],\"inLanguage\":\"pt-BR\"},{\"@type\":\"Organization\",\"@id\":\"https:\/\/www.institutodeengenharia.org.br\/site\/#organization\",\"name\":\"Instituto de Engenharia\",\"url\":\"https:\/\/www.institutodeengenharia.org.br\/site\/\",\"logo\":{\"@type\":\"ImageObject\",\"inLanguage\":\"pt-BR\",\"@id\":\"https:\/\/www.institutodeengenharia.org.br\/site\/#\/schema\/logo\/image\/\",\"url\":\"https:\/\/www.institutodeengenharia.org.br\/site\/wp-content\/uploads\/2019\/03\/logo-novo-IE2018-1.jpg\",\"contentUrl\":\"https:\/\/www.institutodeengenharia.org.br\/site\/wp-content\/uploads\/2019\/03\/logo-novo-IE2018-1.jpg\",\"width\":1486,\"height\":1879,\"caption\":\"Instituto de Engenharia\"},\"image\":{\"@id\":\"https:\/\/www.institutodeengenharia.org.br\/site\/#\/schema\/logo\/image\/\"},\"sameAs\":[\"https:\/\/www.facebook.com\/institutodeengenharia\",\"https:\/\/x.com\/iengenharia\",\"https:\/\/www.instagram.com\/institutodeengenharia\/\",\"https:\/\/www.linkedin.com\/company\/instituto-de-engenharia\/\",\"https:\/\/www.youtube.com\/channel\/UCXiCAlsSMe977vamW915HxA\"]},{\"@type\":\"Person\",\"@id\":\"https:\/\/www.institutodeengenharia.org.br\/site\/#\/schema\/person\/aeb64951c405e100d26d30b033dd423f\",\"name\":\"Bianca\",\"image\":{\"@type\":\"ImageObject\",\"inLanguage\":\"pt-BR\",\"@id\":\"https:\/\/secure.gravatar.com\/avatar\/a6fbe9bff57405baf4c1e2c5c1811e072b558253974a9f9508f4678900c97c2a?s=96&d=mm&r=g\",\"url\":\"https:\/\/secure.gravatar.com\/avatar\/a6fbe9bff57405baf4c1e2c5c1811e072b558253974a9f9508f4678900c97c2a?s=96&d=mm&r=g\",\"contentUrl\":\"https:\/\/secure.gravatar.com\/avatar\/a6fbe9bff57405baf4c1e2c5c1811e072b558253974a9f9508f4678900c97c2a?s=96&d=mm&r=g\",\"caption\":\"Bianca\"},\"url\":\"https:\/\/www.institutodeengenharia.org.br\/site\/author\/comunicacao1\/\"}]}<\/script>\n<!-- \/ Yoast SEO plugin. -->","yoast_head_json":{"title":"Vinheta de abertura do evento: 200 Anos de Independ\u00eancia - Engenharia em Foco - Instituto de Engenharia","robots":{"index":"index","follow":"follow","max-snippet":"max-snippet:-1","max-image-preview":"max-image-preview:large","max-video-preview":"max-video-preview:-1"},"canonical":"https:\/\/www.institutodeengenharia.org.br\/site\/2022\/09\/28\/assista-a-gravacao-do-evento-engenharia-em-foco-200-anos-de-independencia\/","og_locale":"pt_BR","og_type":"article","og_title":"Engenharia em Foco \u2013 200 Anos de Independ\u00eancia","og_description":"Iniciativa conjunta do Instituto de Engenharia com diversas entidades e empresas dos setores da Engenharia, para expressar a hist\u00f3ria, conhecimentos e desafios da Engenharia Nacional, desde a Independ\u00eancia do Brasil. Com esta a\u00e7\u00e3o, pretendemos registrar uma parte das li\u00e7\u00f5es aprendidas, melhores pr\u00e1ticas e tecnologias realizadas, al\u00e9m de enaltecer a import\u00e2ncia da Engenharia e seu protagonismo no desenvolvimento tecnol\u00f3gico, econ\u00f4mico, social e estruturante para o Brasil e o mundo.","og_url":"https:\/\/www.institutodeengenharia.org.br\/site\/2022\/09\/28\/assista-a-gravacao-do-evento-engenharia-em-foco-200-anos-de-independencia\/","og_site_name":"Instituto de Engenharia","article_publisher":"https:\/\/www.facebook.com\/institutodeengenharia","article_published_time":"2022-09-28T11:46:17+00:00","article_modified_time":"2022-09-28T17:58:40+00:00","og_image":[{"width":582,"height":386,"url":"https:\/\/www.institutodeengenharia.org.br\/site\/wp-content\/uploads\/2022\/09\/selo-final.png","type":"image\/png"}],"author":"Bianca","twitter_card":"summary_large_image","twitter_title":"Engenharia em Foco \u2013 200 Anos de Independ\u00eancia","twitter_description":"Iniciativa conjunta do Instituto de Engenharia com diversas entidades e empresas dos setores da Engenharia, para expressar a hist\u00f3ria, conhecimentos e desafios da Engenharia Nacional, desde a Independ\u00eancia do Brasil. Com esta a\u00e7\u00e3o, pretendemos registrar uma parte das li\u00e7\u00f5es aprendidas, melhores pr\u00e1ticas e tecnologias realizadas, al\u00e9m de enaltecer a import\u00e2ncia da Engenharia e seu protagonismo no desenvolvimento tecnol\u00f3gico, econ\u00f4mico, social e estruturante para o Brasil e o mundo.","twitter_image":"https:\/\/www.institutodeengenharia.org.br\/site\/wp-content\/uploads\/2022\/09\/selo-final.png","twitter_creator":"@iengenharia","twitter_site":"@iengenharia","twitter_misc":{"Escrito por":"Bianca","Est. tempo de leitura":"1 minuto"},"schema":{"@context":"https:\/\/schema.org","@graph":[{"@type":"Article","@id":"https:\/\/www.institutodeengenharia.org.br\/site\/2022\/09\/28\/assista-a-gravacao-do-evento-engenharia-em-foco-200-anos-de-independencia\/#article","isPartOf":{"@id":"https:\/\/www.institutodeengenharia.org.br\/site\/2022\/09\/28\/assista-a-gravacao-do-evento-engenharia-em-foco-200-anos-de-independencia\/"},"author":{"name":"Bianca","@id":"https:\/\/www.institutodeengenharia.org.br\/site\/#\/schema\/person\/aeb64951c405e100d26d30b033dd423f"},"headline":"Vinheta de abertura do evento: 200 Anos de Independ\u00eancia &#8211; Engenharia em Foco","datePublished":"2022-09-28T11:46:17+00:00","dateModified":"2022-09-28T17:58:40+00:00","mainEntityOfPage":{"@id":"https:\/\/www.institutodeengenharia.org.br\/site\/2022\/09\/28\/assista-a-gravacao-do-evento-engenharia-em-foco-200-anos-de-independencia\/"},"wordCount":106,"commentCount":0,"publisher":{"@id":"https:\/\/www.institutodeengenharia.org.br\/site\/#organization"},"image":{"@id":"https:\/\/www.institutodeengenharia.org.br\/site\/2022\/09\/28\/assista-a-gravacao-do-evento-engenharia-em-foco-200-anos-de-independencia\/#primaryimage"},"thumbnailUrl":"https:\/\/www.institutodeengenharia.org.br\/site\/wp-content\/uploads\/2022\/09\/selo-final.png","articleSection":["Nova TV Engenharia","Palestra"],"inLanguage":"pt-BR","potentialAction":[{"@type":"CommentAction","name":"Comment","target":["https:\/\/www.institutodeengenharia.org.br\/site\/2022\/09\/28\/assista-a-gravacao-do-evento-engenharia-em-foco-200-anos-de-independencia\/#respond"]}]},{"@type":"WebPage","@id":"https:\/\/www.institutodeengenharia.org.br\/site\/2022\/09\/28\/assista-a-gravacao-do-evento-engenharia-em-foco-200-anos-de-independencia\/","url":"https:\/\/www.institutodeengenharia.org.br\/site\/2022\/09\/28\/assista-a-gravacao-do-evento-engenharia-em-foco-200-anos-de-independencia\/","name":"Vinheta de abertura do evento: 200 Anos de Independ\u00eancia - Engenharia em Foco - Instituto de Engenharia","isPartOf":{"@id":"https:\/\/www.institutodeengenharia.org.br\/site\/#website"},"primaryImageOfPage":{"@id":"https:\/\/www.institutodeengenharia.org.br\/site\/2022\/09\/28\/assista-a-gravacao-do-evento-engenharia-em-foco-200-anos-de-independencia\/#primaryimage"},"image":{"@id":"https:\/\/www.institutodeengenharia.org.br\/site\/2022\/09\/28\/assista-a-gravacao-do-evento-engenharia-em-foco-200-anos-de-independencia\/#primaryimage"},"thumbnailUrl":"https:\/\/www.institutodeengenharia.org.br\/site\/wp-content\/uploads\/2022\/09\/selo-final.png","datePublished":"2022-09-28T11:46:17+00:00","dateModified":"2022-09-28T17:58:40+00:00","breadcrumb":{"@id":"https:\/\/www.institutodeengenharia.org.br\/site\/2022\/09\/28\/assista-a-gravacao-do-evento-engenharia-em-foco-200-anos-de-independencia\/#breadcrumb"},"inLanguage":"pt-BR","potentialAction":[{"@type":"ReadAction","target":["https:\/\/www.institutodeengenharia.org.br\/site\/2022\/09\/28\/assista-a-gravacao-do-evento-engenharia-em-foco-200-anos-de-independencia\/"]}]},{"@type":"ImageObject","inLanguage":"pt-BR","@id":"https:\/\/www.institutodeengenharia.org.br\/site\/2022\/09\/28\/assista-a-gravacao-do-evento-engenharia-em-foco-200-anos-de-independencia\/#primaryimage","url":"https:\/\/www.institutodeengenharia.org.br\/site\/wp-content\/uploads\/2022\/09\/selo-final.png","contentUrl":"https:\/\/www.institutodeengenharia.org.br\/site\/wp-content\/uploads\/2022\/09\/selo-final.png","width":582,"height":386},{"@type":"BreadcrumbList","@id":"https:\/\/www.institutodeengenharia.org.br\/site\/2022\/09\/28\/assista-a-gravacao-do-evento-engenharia-em-foco-200-anos-de-independencia\/#breadcrumb","itemListElement":[{"@type":"ListItem","position":1,"name":"In\u00edcio","item":"https:\/\/www.institutodeengenharia.org.br\/site\/"},{"@type":"ListItem","position":2,"name":"Vinheta de abertura do evento: 200 Anos de Independ\u00eancia &#8211; Engenharia em Foco"}]},{"@type":"WebSite","@id":"https:\/\/www.institutodeengenharia.org.br\/site\/#website","url":"https:\/\/www.institutodeengenharia.org.br\/site\/","name":"Instituto de Engenharia","description":"O Instituto de Engenharia promove a Engenharia em benef\u00edcio do desenvolvimento e da qualidade de vida da sociedade.","publisher":{"@id":"https:\/\/www.institutodeengenharia.org.br\/site\/#organization"},"potentialAction":[{"@type":"SearchAction","target":{"@type":"EntryPoint","urlTemplate":"https:\/\/www.institutodeengenharia.org.br\/site\/?s={search_term_string}"},"query-input":{"@type":"PropertyValueSpecification","valueRequired":true,"valueName":"search_term_string"}}],"inLanguage":"pt-BR"},{"@type":"Organization","@id":"https:\/\/www.institutodeengenharia.org.br\/site\/#organization","name":"Instituto de Engenharia","url":"https:\/\/www.institutodeengenharia.org.br\/site\/","logo":{"@type":"ImageObject","inLanguage":"pt-BR","@id":"https:\/\/www.institutodeengenharia.org.br\/site\/#\/schema\/logo\/image\/","url":"https:\/\/www.institutodeengenharia.org.br\/site\/wp-content\/uploads\/2019\/03\/logo-novo-IE2018-1.jpg","contentUrl":"https:\/\/www.institutodeengenharia.org.br\/site\/wp-content\/uploads\/2019\/03\/logo-novo-IE2018-1.jpg","width":1486,"height":1879,"caption":"Instituto de Engenharia"},"image":{"@id":"https:\/\/www.institutodeengenharia.org.br\/site\/#\/schema\/logo\/image\/"},"sameAs":["https:\/\/www.facebook.com\/institutodeengenharia","https:\/\/x.com\/iengenharia","https:\/\/www.instagram.com\/institutodeengenharia\/","https:\/\/www.linkedin.com\/company\/instituto-de-engenharia\/","https:\/\/www.youtube.com\/channel\/UCXiCAlsSMe977vamW915HxA"]},{"@type":"Person","@id":"https:\/\/www.institutodeengenharia.org.br\/site\/#\/schema\/person\/aeb64951c405e100d26d30b033dd423f","name":"Bianca","image":{"@type":"ImageObject","inLanguage":"pt-BR","@id":"https:\/\/secure.gravatar.com\/avatar\/a6fbe9bff57405baf4c1e2c5c1811e072b558253974a9f9508f4678900c97c2a?s=96&d=mm&r=g","url":"https:\/\/secure.gravatar.com\/avatar\/a6fbe9bff57405baf4c1e2c5c1811e072b558253974a9f9508f4678900c97c2a?s=96&d=mm&r=g","contentUrl":"https:\/\/secure.gravatar.com\/avatar\/a6fbe9bff57405baf4c1e2c5c1811e072b558253974a9f9508f4678900c97c2a?s=96&d=mm&r=g","caption":"Bianca"},"url":"https:\/\/www.institutodeengenharia.org.br\/site\/author\/comunicacao1\/"}]}},"_links":{"self":[{"href":"https:\/\/www.institutodeengenharia.org.br\/site\/wp-json\/wp\/v2\/posts\/98531","targetHints":{"allow":["GET"]}}],"collection":[{"href":"https:\/\/www.institutodeengenharia.org.br\/site\/wp-json\/wp\/v2\/posts"}],"about":[{"href":"https:\/\/www.institutodeengenharia.org.br\/site\/wp-json\/wp\/v2\/types\/post"}],"author":[{"embeddable":true,"href":"https:\/\/www.institutodeengenharia.org.br\/site\/wp-json\/wp\/v2\/users\/13"}],"replies":[{"embeddable":true,"href":"https:\/\/www.institutodeengenharia.org.br\/site\/wp-json\/wp\/v2\/comments?post=98531"}],"version-history":[{"count":3,"href":"https:\/\/www.institutodeengenharia.org.br\/site\/wp-json\/wp\/v2\/posts\/98531\/revisions"}],"predecessor-version":[{"id":98563,"href":"https:\/\/www.institutodeengenharia.org.br\/site\/wp-json\/wp\/v2\/posts\/98531\/revisions\/98563"}],"wp:featuredmedia":[{"embeddable":true,"href":"https:\/\/www.institutodeengenharia.org.br\/site\/wp-json\/wp\/v2\/media\/97494"}],"wp:attachment":[{"href":"https:\/\/www.institutodeengenharia.org.br\/site\/wp-json\/wp\/v2\/media?parent=98531"}],"wp:term":[{"taxonomy":"category","embeddable":true,"href":"https:\/\/www.institutodeengenharia.org.br\/site\/wp-json\/wp\/v2\/categories?post=98531"},{"taxonomy":"post_tag","embeddable":true,"href":"https:\/\/www.institutodeengenharia.org.br\/site\/wp-json\/wp\/v2\/tags?post=98531"}],"curies":[{"name":"wp","href":"https:\/\/api.w.org\/{rel}","templated":true}]}}