{"id":97807,"date":"2022-09-16T08:31:24","date_gmt":"2022-09-16T11:31:24","guid":{"rendered":"https:\/\/www.institutodeengenharia.org.br\/site\/?p=97807"},"modified":"2022-09-16T09:53:16","modified_gmt":"2022-09-16T12:53:16","slug":"a-rodovia-dos-tamoios-projeto-construcao-e-operacao","status":"publish","type":"post","link":"https:\/\/www.institutodeengenharia.org.br\/site\/2022\/09\/16\/a-rodovia-dos-tamoios-projeto-construcao-e-operacao\/","title":{"rendered":"Assista \u00e0 grava\u00e7\u00e3o do evento: A Rodovia dos Tamoios \u2013 Projeto, Constru\u00e7\u00e3o e Opera\u00e7\u00e3o"},"content":{"rendered":"<p><strong>Assista abaixo \u00e0 grava\u00e7\u00e3o do evento:<\/strong><\/p>\n<p><iframe loading=\"lazy\" src=\"https:\/\/player.vimeo.com\/video\/745172989?h=4b7ef87a2e\" width=\"640\" height=\"360\" frameborder=\"0\" allowfullscreen=\"allowfullscreen\"><\/iframe><\/p>\n<p><strong>+ Informa\u00e7\u00f5es:<\/strong><\/p>\n<p>Com solu\u00e7\u00f5es construtivas inovadoras, com benef\u00edcio ao meio ambiente devido a pouco impacto gerado em fun\u00e7\u00e3o de t\u00faneis, viadutos e acessos com uso de Cable Crane, a nova rodovia dos Tamoios \u00e9 um marco da engenharia brasileira, com grandes n\u00fameros, como o maior t\u00fanel em comprimento constru\u00eddo no Brasil. Ser\u00e3o comentados pelas autoridades e especialistas os detalhes e m\u00e9todos construtivos utilizados nesta obra.<\/p>\n<p><strong>P\u00fablico-alvo:<\/strong><\/p>\n<p>Profissionais e estudantes ligados \u00e0 Constru\u00e7\u00e3o, engenheiros, estudantes e Arquitetos do Instituto de Engenharia<\/p>\n<p><strong>Programa\u00e7\u00e3o:<\/strong><\/p>\n<p>18h30 \u2013 Coffee<\/p>\n<p>19h &#8211; Abertura &#8211;\u00a0Paulo Ferreira \u2013 Presidente do Instituto de Engenharia<\/p>\n<p>Participa\u00e7\u00e3o &#8211; Ivan Metran Whately &#8211;\u00a0 Vice-presidente de Atividades T\u00e9cnicas<br \/>\nDemais autoridades convidadas<\/p>\n<p>19h30 &#8211; Palestra &#8211; Marcelo Stachow Machado da Silva &#8211; Diretor-presidente da Concession\u00e1ria Tamoios<\/p>\n<p>21h \u2013 Perguntas<\/p>\n<p>&nbsp;<\/p>\n<p><strong>Realiza\u00e7\u00e3o:<\/strong><\/p>\n<p><img loading=\"lazy\" decoding=\"async\" class=\"wp-image-81229 alignleft\" src=\"https:\/\/www.institutodeengenharia.org.br\/site\/wp-content\/uploads\/2021\/05\/ie-logo-escudo.jpeg\" alt=\"\" width=\"123\" height=\"156\" srcset=\"https:\/\/www.institutodeengenharia.org.br\/site\/wp-content\/uploads\/2021\/05\/ie-logo-escudo.jpeg 1012w, https:\/\/www.institutodeengenharia.org.br\/site\/wp-content\/uploads\/2021\/05\/ie-logo-escudo-237x300.jpeg 237w, https:\/\/www.institutodeengenharia.org.br\/site\/wp-content\/uploads\/2021\/05\/ie-logo-escudo-810x1024.jpeg 810w, https:\/\/www.institutodeengenharia.org.br\/site\/wp-content\/uploads\/2021\/05\/ie-logo-escudo-768x971.jpeg 768w, https:\/\/www.institutodeengenharia.org.br\/site\/wp-content\/uploads\/2021\/05\/ie-logo-escudo-696x880.jpeg 696w, https:\/\/www.institutodeengenharia.org.br\/site\/wp-content\/uploads\/2021\/05\/ie-logo-escudo-332x420.jpeg 332w, https:\/\/www.institutodeengenharia.org.br\/site\/wp-content\/uploads\/2021\/05\/ie-logo-escudo-600x759.jpeg 600w\" sizes=\"auto, (max-width: 123px) 100vw, 123px\" \/><\/p>\n<p><span data-contrast=\"auto\">Eng. Ivan Metran Whately \u2013 Vice-Presidente de Atividades T\u00e9cnicas<\/span><span data-ccp-props=\"{&quot;201341983&quot;:0,&quot;335551550&quot;:6,&quot;335551620&quot;:6,&quot;335559740&quot;:240}\">\u00a0<\/span><\/p>\n<p><span data-contrast=\"none\">Eng.\u00aa D\u00e9bora Sanches de A. Marinello \u2013 Diretora do Departamento de <\/span><span data-contrast=\"auto\">Desenvolvimento de Gest\u00e3o e Objetivos<\/span><span data-ccp-props=\"{&quot;201341983&quot;:0,&quot;335551550&quot;:6,&quot;335551620&quot;:6,&quot;335559740&quot;:240}\">\u00a0<\/span><\/p>\n<p><span data-contrast=\"none\">Eng. S\u00e9rgio Luiz Azevedo Resende \u2013 Coordenador da Divis\u00e3o T\u00e9cnica de Gerenciamento de Empreendimentos<\/span><span data-ccp-props=\"{&quot;201341983&quot;:0,&quot;335551550&quot;:6,&quot;335551620&quot;:6,&quot;335559740&quot;:240}\">\u00a0<\/span><\/p>\n<p><span data-ccp-props=\"{&quot;201341983&quot;:0,&quot;335551550&quot;:6,&quot;335551620&quot;:6,&quot;335559740&quot;:240}\">\u00a0<\/span><\/p>\n<p><strong>Apoio Institucional:<\/strong><\/p>\n<p><img loading=\"lazy\" decoding=\"async\" class=\"alignnone wp-image-77696\" src=\"https:\/\/www.institutodeengenharia.org.br\/site\/wp-content\/uploads\/2021\/02\/crea.jpg\" alt=\"\" width=\"140\" height=\"98\" srcset=\"https:\/\/www.institutodeengenharia.org.br\/site\/wp-content\/uploads\/2021\/02\/crea.jpg 448w, https:\/\/www.institutodeengenharia.org.br\/site\/wp-content\/uploads\/2021\/02\/crea-300x211.jpg 300w, https:\/\/www.institutodeengenharia.org.br\/site\/wp-content\/uploads\/2021\/02\/crea-100x70.jpg 100w\" sizes=\"auto, (max-width: 140px) 100vw, 140px\" \/><\/p>\n<p><strong>Apoio \u00e0 forma\u00e7\u00e3o:\u00a0<\/strong><\/p>\n<p>Espa\u00e7o aberto ao CREA-SP, objetivando o aperfei\u00e7oamento dos profissionais e o aprimoramento da fiscaliza\u00e7\u00e3o das \u00e1reas abrangidas pelo Sistema Confea\/CREAs, al\u00e9m de promover a conscientiza\u00e7\u00e3o da sociedade quanto \u00e0 necessidade e obrigatoriedade de contratar um profissional devidamente habilitado.<\/p>\n","protected":false},"excerpt":{"rendered":"<p>Assista abaixo \u00e0 grava\u00e7\u00e3o do evento: + Informa\u00e7\u00f5es: Com solu\u00e7\u00f5es construtivas inovadoras, com benef\u00edcio ao meio ambiente devido a pouco impacto gerado em fun\u00e7\u00e3o de t\u00faneis, viadutos e acessos com uso de Cable Crane, a nova rodovia dos Tamoios \u00e9 um marco da engenharia brasileira, com grandes n\u00fameros, como o maior t\u00fanel em comprimento constru\u00eddo [&hellip;]<\/p>\n","protected":false},"author":13,"featured_media":97371,"comment_status":"open","ping_status":"open","sticky":false,"template":"","format":"video","meta":{"footnotes":""},"categories":[968,969],"tags":[1176],"class_list":{"0":"post-97807","1":"post","2":"type-post","3":"status-publish","4":"format-video","5":"has-post-thumbnail","7":"category-nova-tv-engenharia","8":"category-palestra","9":"tag-video-home","10":"post_format-post-format-video"},"yoast_head":"<!-- This site is optimized with the Yoast SEO plugin v27.2 - https:\/\/yoast.com\/product\/yoast-seo-wordpress\/ -->\n<title>Assista \u00e0 grava\u00e7\u00e3o do evento: A Rodovia dos Tamoios \u2013 Projeto, Constru\u00e7\u00e3o e Opera\u00e7\u00e3o - Instituto de Engenharia<\/title>\n<meta name=\"robots\" content=\"index, follow, max-snippet:-1, max-image-preview:large, max-video-preview:-1\" \/>\n<link rel=\"canonical\" href=\"https:\/\/www.institutodeengenharia.org.br\/site\/2022\/09\/16\/a-rodovia-dos-tamoios-projeto-construcao-e-operacao\/\" \/>\n<meta property=\"og:locale\" content=\"pt_BR\" \/>\n<meta property=\"og:type\" content=\"article\" \/>\n<meta property=\"og:title\" content=\"A Rodovia dos Tamoios \u2013 Projeto, Constru\u00e7\u00e3o e Opera\u00e7\u00e3o\" \/>\n<meta property=\"og:description\" content=\"Com solu\u00e7\u00f5es construtivas inovadoras, com benef\u00edcio ao meio ambiente devido a pouco impacto gerado em fun\u00e7\u00e3o de t\u00faneis, viadutos e acessos com uso de Cable Crane, a nova rodovia dos Tamoios \u00e9 um marco da engenharia brasileira, com grandes n\u00fameros, como o maior t\u00fanel em comprimento constru\u00eddo no Brasil. Ser\u00e3o comentados pelas autoridades e especialistas os detalhes e m\u00e9todos construtivos utilizados nesta obra.\" \/>\n<meta property=\"og:url\" content=\"https:\/\/www.institutodeengenharia.org.br\/site\/2022\/09\/16\/a-rodovia-dos-tamoios-projeto-construcao-e-operacao\/\" \/>\n<meta property=\"og:site_name\" content=\"Instituto de Engenharia\" \/>\n<meta property=\"article:publisher\" content=\"https:\/\/www.facebook.com\/institutodeengenharia\" \/>\n<meta property=\"article:published_time\" content=\"2022-09-16T11:31:24+00:00\" \/>\n<meta property=\"article:modified_time\" content=\"2022-09-16T12:53:16+00:00\" \/>\n<meta property=\"og:image\" content=\"https:\/\/www.institutodeengenharia.org.br\/site\/wp-content\/uploads\/2022\/09\/fotoviaduto-scaled-1.jpg\" \/>\n\t<meta property=\"og:image:width\" content=\"2560\" \/>\n\t<meta property=\"og:image:height\" content=\"837\" \/>\n\t<meta property=\"og:image:type\" content=\"image\/jpeg\" \/>\n<meta name=\"author\" content=\"Bianca\" \/>\n<meta name=\"twitter:card\" content=\"summary_large_image\" \/>\n<meta name=\"twitter:title\" content=\"A Rodovia dos Tamoios \u2013 Projeto, Constru\u00e7\u00e3o e Opera\u00e7\u00e3o\" \/>\n<meta name=\"twitter:description\" content=\"Com solu\u00e7\u00f5es construtivas inovadoras, com benef\u00edcio ao meio ambiente devido a pouco impacto gerado em fun\u00e7\u00e3o de t\u00faneis, viadutos e acessos com uso de Cable Crane, a nova rodovia dos Tamoios \u00e9 um marco da engenharia brasileira, com grandes n\u00fameros, como o maior t\u00fanel em comprimento constru\u00eddo no Brasil. Ser\u00e3o comentados pelas autoridades e especialistas os detalhes e m\u00e9todos construtivos utilizados nesta obra.\" \/>\n<meta name=\"twitter:image\" content=\"https:\/\/www.institutodeengenharia.org.br\/site\/wp-content\/uploads\/2022\/09\/fotoviaduto-scaled-1.jpg\" \/>\n<meta name=\"twitter:creator\" content=\"@iengenharia\" \/>\n<meta name=\"twitter:site\" content=\"@iengenharia\" \/>\n<meta name=\"twitter:label1\" content=\"Escrito por\" \/>\n\t<meta name=\"twitter:data1\" content=\"Bianca\" \/>\n\t<meta name=\"twitter:label2\" content=\"Est. tempo de leitura\" \/>\n\t<meta name=\"twitter:data2\" content=\"2 minutos\" \/>\n<script type=\"application\/ld+json\" class=\"yoast-schema-graph\">{\"@context\":\"https:\/\/schema.org\",\"@graph\":[{\"@type\":\"Article\",\"@id\":\"https:\/\/www.institutodeengenharia.org.br\/site\/2022\/09\/16\/a-rodovia-dos-tamoios-projeto-construcao-e-operacao\/#article\",\"isPartOf\":{\"@id\":\"https:\/\/www.institutodeengenharia.org.br\/site\/2022\/09\/16\/a-rodovia-dos-tamoios-projeto-construcao-e-operacao\/\"},\"author\":{\"name\":\"Bianca\",\"@id\":\"https:\/\/www.institutodeengenharia.org.br\/site\/#\/schema\/person\/aeb64951c405e100d26d30b033dd423f\"},\"headline\":\"Assista \u00e0 grava\u00e7\u00e3o do evento: A Rodovia dos Tamoios \u2013 Projeto, Constru\u00e7\u00e3o e Opera\u00e7\u00e3o\",\"datePublished\":\"2022-09-16T11:31:24+00:00\",\"dateModified\":\"2022-09-16T12:53:16+00:00\",\"mainEntityOfPage\":{\"@id\":\"https:\/\/www.institutodeengenharia.org.br\/site\/2022\/09\/16\/a-rodovia-dos-tamoios-projeto-construcao-e-operacao\/\"},\"wordCount\":250,\"commentCount\":0,\"publisher\":{\"@id\":\"https:\/\/www.institutodeengenharia.org.br\/site\/#organization\"},\"image\":{\"@id\":\"https:\/\/www.institutodeengenharia.org.br\/site\/2022\/09\/16\/a-rodovia-dos-tamoios-projeto-construcao-e-operacao\/#primaryimage\"},\"thumbnailUrl\":\"https:\/\/www.institutodeengenharia.org.br\/site\/wp-content\/uploads\/2022\/09\/fotoviaduto-scaled-1.jpg\",\"keywords\":[\"video-home\"],\"articleSection\":[\"Nova TV Engenharia\",\"Palestra\"],\"inLanguage\":\"pt-BR\",\"potentialAction\":[{\"@type\":\"CommentAction\",\"name\":\"Comment\",\"target\":[\"https:\/\/www.institutodeengenharia.org.br\/site\/2022\/09\/16\/a-rodovia-dos-tamoios-projeto-construcao-e-operacao\/#respond\"]}]},{\"@type\":\"WebPage\",\"@id\":\"https:\/\/www.institutodeengenharia.org.br\/site\/2022\/09\/16\/a-rodovia-dos-tamoios-projeto-construcao-e-operacao\/\",\"url\":\"https:\/\/www.institutodeengenharia.org.br\/site\/2022\/09\/16\/a-rodovia-dos-tamoios-projeto-construcao-e-operacao\/\",\"name\":\"Assista \u00e0 grava\u00e7\u00e3o do evento: A Rodovia dos Tamoios \u2013 Projeto, Constru\u00e7\u00e3o e Opera\u00e7\u00e3o - Instituto de Engenharia\",\"isPartOf\":{\"@id\":\"https:\/\/www.institutodeengenharia.org.br\/site\/#website\"},\"primaryImageOfPage\":{\"@id\":\"https:\/\/www.institutodeengenharia.org.br\/site\/2022\/09\/16\/a-rodovia-dos-tamoios-projeto-construcao-e-operacao\/#primaryimage\"},\"image\":{\"@id\":\"https:\/\/www.institutodeengenharia.org.br\/site\/2022\/09\/16\/a-rodovia-dos-tamoios-projeto-construcao-e-operacao\/#primaryimage\"},\"thumbnailUrl\":\"https:\/\/www.institutodeengenharia.org.br\/site\/wp-content\/uploads\/2022\/09\/fotoviaduto-scaled-1.jpg\",\"datePublished\":\"2022-09-16T11:31:24+00:00\",\"dateModified\":\"2022-09-16T12:53:16+00:00\",\"breadcrumb\":{\"@id\":\"https:\/\/www.institutodeengenharia.org.br\/site\/2022\/09\/16\/a-rodovia-dos-tamoios-projeto-construcao-e-operacao\/#breadcrumb\"},\"inLanguage\":\"pt-BR\",\"potentialAction\":[{\"@type\":\"ReadAction\",\"target\":[\"https:\/\/www.institutodeengenharia.org.br\/site\/2022\/09\/16\/a-rodovia-dos-tamoios-projeto-construcao-e-operacao\/\"]}]},{\"@type\":\"ImageObject\",\"inLanguage\":\"pt-BR\",\"@id\":\"https:\/\/www.institutodeengenharia.org.br\/site\/2022\/09\/16\/a-rodovia-dos-tamoios-projeto-construcao-e-operacao\/#primaryimage\",\"url\":\"https:\/\/www.institutodeengenharia.org.br\/site\/wp-content\/uploads\/2022\/09\/fotoviaduto-scaled-1.jpg\",\"contentUrl\":\"https:\/\/www.institutodeengenharia.org.br\/site\/wp-content\/uploads\/2022\/09\/fotoviaduto-scaled-1.jpg\",\"width\":2560,\"height\":837,\"caption\":\"default\"},{\"@type\":\"BreadcrumbList\",\"@id\":\"https:\/\/www.institutodeengenharia.org.br\/site\/2022\/09\/16\/a-rodovia-dos-tamoios-projeto-construcao-e-operacao\/#breadcrumb\",\"itemListElement\":[{\"@type\":\"ListItem\",\"position\":1,\"name\":\"In\u00edcio\",\"item\":\"https:\/\/www.institutodeengenharia.org.br\/site\/\"},{\"@type\":\"ListItem\",\"position\":2,\"name\":\"Assista \u00e0 grava\u00e7\u00e3o do evento: A Rodovia dos Tamoios \u2013 Projeto, Constru\u00e7\u00e3o e Opera\u00e7\u00e3o\"}]},{\"@type\":\"WebSite\",\"@id\":\"https:\/\/www.institutodeengenharia.org.br\/site\/#website\",\"url\":\"https:\/\/www.institutodeengenharia.org.br\/site\/\",\"name\":\"Instituto de Engenharia\",\"description\":\"O Instituto de Engenharia promove a Engenharia em benef\u00edcio do desenvolvimento e da qualidade de vida da sociedade.\",\"publisher\":{\"@id\":\"https:\/\/www.institutodeengenharia.org.br\/site\/#organization\"},\"potentialAction\":[{\"@type\":\"SearchAction\",\"target\":{\"@type\":\"EntryPoint\",\"urlTemplate\":\"https:\/\/www.institutodeengenharia.org.br\/site\/?s={search_term_string}\"},\"query-input\":{\"@type\":\"PropertyValueSpecification\",\"valueRequired\":true,\"valueName\":\"search_term_string\"}}],\"inLanguage\":\"pt-BR\"},{\"@type\":\"Organization\",\"@id\":\"https:\/\/www.institutodeengenharia.org.br\/site\/#organization\",\"name\":\"Instituto de Engenharia\",\"url\":\"https:\/\/www.institutodeengenharia.org.br\/site\/\",\"logo\":{\"@type\":\"ImageObject\",\"inLanguage\":\"pt-BR\",\"@id\":\"https:\/\/www.institutodeengenharia.org.br\/site\/#\/schema\/logo\/image\/\",\"url\":\"https:\/\/www.institutodeengenharia.org.br\/site\/wp-content\/uploads\/2019\/03\/logo-novo-IE2018-1.jpg\",\"contentUrl\":\"https:\/\/www.institutodeengenharia.org.br\/site\/wp-content\/uploads\/2019\/03\/logo-novo-IE2018-1.jpg\",\"width\":1486,\"height\":1879,\"caption\":\"Instituto de Engenharia\"},\"image\":{\"@id\":\"https:\/\/www.institutodeengenharia.org.br\/site\/#\/schema\/logo\/image\/\"},\"sameAs\":[\"https:\/\/www.facebook.com\/institutodeengenharia\",\"https:\/\/x.com\/iengenharia\",\"https:\/\/www.instagram.com\/institutodeengenharia\/\",\"https:\/\/www.linkedin.com\/company\/instituto-de-engenharia\/\",\"https:\/\/www.youtube.com\/channel\/UCXiCAlsSMe977vamW915HxA\"]},{\"@type\":\"Person\",\"@id\":\"https:\/\/www.institutodeengenharia.org.br\/site\/#\/schema\/person\/aeb64951c405e100d26d30b033dd423f\",\"name\":\"Bianca\",\"image\":{\"@type\":\"ImageObject\",\"inLanguage\":\"pt-BR\",\"@id\":\"https:\/\/secure.gravatar.com\/avatar\/a6fbe9bff57405baf4c1e2c5c1811e072b558253974a9f9508f4678900c97c2a?s=96&d=mm&r=g\",\"url\":\"https:\/\/secure.gravatar.com\/avatar\/a6fbe9bff57405baf4c1e2c5c1811e072b558253974a9f9508f4678900c97c2a?s=96&d=mm&r=g\",\"contentUrl\":\"https:\/\/secure.gravatar.com\/avatar\/a6fbe9bff57405baf4c1e2c5c1811e072b558253974a9f9508f4678900c97c2a?s=96&d=mm&r=g\",\"caption\":\"Bianca\"},\"url\":\"https:\/\/www.institutodeengenharia.org.br\/site\/author\/comunicacao1\/\"}]}<\/script>\n<!-- \/ Yoast SEO plugin. -->","yoast_head_json":{"title":"Assista \u00e0 grava\u00e7\u00e3o do evento: A Rodovia dos Tamoios \u2013 Projeto, Constru\u00e7\u00e3o e Opera\u00e7\u00e3o - Instituto de Engenharia","robots":{"index":"index","follow":"follow","max-snippet":"max-snippet:-1","max-image-preview":"max-image-preview:large","max-video-preview":"max-video-preview:-1"},"canonical":"https:\/\/www.institutodeengenharia.org.br\/site\/2022\/09\/16\/a-rodovia-dos-tamoios-projeto-construcao-e-operacao\/","og_locale":"pt_BR","og_type":"article","og_title":"A Rodovia dos Tamoios \u2013 Projeto, Constru\u00e7\u00e3o e Opera\u00e7\u00e3o","og_description":"Com solu\u00e7\u00f5es construtivas inovadoras, com benef\u00edcio ao meio ambiente devido a pouco impacto gerado em fun\u00e7\u00e3o de t\u00faneis, viadutos e acessos com uso de Cable Crane, a nova rodovia dos Tamoios \u00e9 um marco da engenharia brasileira, com grandes n\u00fameros, como o maior t\u00fanel em comprimento constru\u00eddo no Brasil. Ser\u00e3o comentados pelas autoridades e especialistas os detalhes e m\u00e9todos construtivos utilizados nesta obra.","og_url":"https:\/\/www.institutodeengenharia.org.br\/site\/2022\/09\/16\/a-rodovia-dos-tamoios-projeto-construcao-e-operacao\/","og_site_name":"Instituto de Engenharia","article_publisher":"https:\/\/www.facebook.com\/institutodeengenharia","article_published_time":"2022-09-16T11:31:24+00:00","article_modified_time":"2022-09-16T12:53:16+00:00","og_image":[{"width":2560,"height":837,"url":"https:\/\/www.institutodeengenharia.org.br\/site\/wp-content\/uploads\/2022\/09\/fotoviaduto-scaled-1.jpg","type":"image\/jpeg"}],"author":"Bianca","twitter_card":"summary_large_image","twitter_title":"A Rodovia dos Tamoios \u2013 Projeto, Constru\u00e7\u00e3o e Opera\u00e7\u00e3o","twitter_description":"Com solu\u00e7\u00f5es construtivas inovadoras, com benef\u00edcio ao meio ambiente devido a pouco impacto gerado em fun\u00e7\u00e3o de t\u00faneis, viadutos e acessos com uso de Cable Crane, a nova rodovia dos Tamoios \u00e9 um marco da engenharia brasileira, com grandes n\u00fameros, como o maior t\u00fanel em comprimento constru\u00eddo no Brasil. Ser\u00e3o comentados pelas autoridades e especialistas os detalhes e m\u00e9todos construtivos utilizados nesta obra.","twitter_image":"https:\/\/www.institutodeengenharia.org.br\/site\/wp-content\/uploads\/2022\/09\/fotoviaduto-scaled-1.jpg","twitter_creator":"@iengenharia","twitter_site":"@iengenharia","twitter_misc":{"Escrito por":"Bianca","Est. tempo de leitura":"2 minutos"},"schema":{"@context":"https:\/\/schema.org","@graph":[{"@type":"Article","@id":"https:\/\/www.institutodeengenharia.org.br\/site\/2022\/09\/16\/a-rodovia-dos-tamoios-projeto-construcao-e-operacao\/#article","isPartOf":{"@id":"https:\/\/www.institutodeengenharia.org.br\/site\/2022\/09\/16\/a-rodovia-dos-tamoios-projeto-construcao-e-operacao\/"},"author":{"name":"Bianca","@id":"https:\/\/www.institutodeengenharia.org.br\/site\/#\/schema\/person\/aeb64951c405e100d26d30b033dd423f"},"headline":"Assista \u00e0 grava\u00e7\u00e3o do evento: A Rodovia dos Tamoios \u2013 Projeto, Constru\u00e7\u00e3o e Opera\u00e7\u00e3o","datePublished":"2022-09-16T11:31:24+00:00","dateModified":"2022-09-16T12:53:16+00:00","mainEntityOfPage":{"@id":"https:\/\/www.institutodeengenharia.org.br\/site\/2022\/09\/16\/a-rodovia-dos-tamoios-projeto-construcao-e-operacao\/"},"wordCount":250,"commentCount":0,"publisher":{"@id":"https:\/\/www.institutodeengenharia.org.br\/site\/#organization"},"image":{"@id":"https:\/\/www.institutodeengenharia.org.br\/site\/2022\/09\/16\/a-rodovia-dos-tamoios-projeto-construcao-e-operacao\/#primaryimage"},"thumbnailUrl":"https:\/\/www.institutodeengenharia.org.br\/site\/wp-content\/uploads\/2022\/09\/fotoviaduto-scaled-1.jpg","keywords":["video-home"],"articleSection":["Nova TV Engenharia","Palestra"],"inLanguage":"pt-BR","potentialAction":[{"@type":"CommentAction","name":"Comment","target":["https:\/\/www.institutodeengenharia.org.br\/site\/2022\/09\/16\/a-rodovia-dos-tamoios-projeto-construcao-e-operacao\/#respond"]}]},{"@type":"WebPage","@id":"https:\/\/www.institutodeengenharia.org.br\/site\/2022\/09\/16\/a-rodovia-dos-tamoios-projeto-construcao-e-operacao\/","url":"https:\/\/www.institutodeengenharia.org.br\/site\/2022\/09\/16\/a-rodovia-dos-tamoios-projeto-construcao-e-operacao\/","name":"Assista \u00e0 grava\u00e7\u00e3o do evento: A Rodovia dos Tamoios \u2013 Projeto, Constru\u00e7\u00e3o e Opera\u00e7\u00e3o - Instituto de Engenharia","isPartOf":{"@id":"https:\/\/www.institutodeengenharia.org.br\/site\/#website"},"primaryImageOfPage":{"@id":"https:\/\/www.institutodeengenharia.org.br\/site\/2022\/09\/16\/a-rodovia-dos-tamoios-projeto-construcao-e-operacao\/#primaryimage"},"image":{"@id":"https:\/\/www.institutodeengenharia.org.br\/site\/2022\/09\/16\/a-rodovia-dos-tamoios-projeto-construcao-e-operacao\/#primaryimage"},"thumbnailUrl":"https:\/\/www.institutodeengenharia.org.br\/site\/wp-content\/uploads\/2022\/09\/fotoviaduto-scaled-1.jpg","datePublished":"2022-09-16T11:31:24+00:00","dateModified":"2022-09-16T12:53:16+00:00","breadcrumb":{"@id":"https:\/\/www.institutodeengenharia.org.br\/site\/2022\/09\/16\/a-rodovia-dos-tamoios-projeto-construcao-e-operacao\/#breadcrumb"},"inLanguage":"pt-BR","potentialAction":[{"@type":"ReadAction","target":["https:\/\/www.institutodeengenharia.org.br\/site\/2022\/09\/16\/a-rodovia-dos-tamoios-projeto-construcao-e-operacao\/"]}]},{"@type":"ImageObject","inLanguage":"pt-BR","@id":"https:\/\/www.institutodeengenharia.org.br\/site\/2022\/09\/16\/a-rodovia-dos-tamoios-projeto-construcao-e-operacao\/#primaryimage","url":"https:\/\/www.institutodeengenharia.org.br\/site\/wp-content\/uploads\/2022\/09\/fotoviaduto-scaled-1.jpg","contentUrl":"https:\/\/www.institutodeengenharia.org.br\/site\/wp-content\/uploads\/2022\/09\/fotoviaduto-scaled-1.jpg","width":2560,"height":837,"caption":"default"},{"@type":"BreadcrumbList","@id":"https:\/\/www.institutodeengenharia.org.br\/site\/2022\/09\/16\/a-rodovia-dos-tamoios-projeto-construcao-e-operacao\/#breadcrumb","itemListElement":[{"@type":"ListItem","position":1,"name":"In\u00edcio","item":"https:\/\/www.institutodeengenharia.org.br\/site\/"},{"@type":"ListItem","position":2,"name":"Assista \u00e0 grava\u00e7\u00e3o do evento: A Rodovia dos Tamoios \u2013 Projeto, Constru\u00e7\u00e3o e Opera\u00e7\u00e3o"}]},{"@type":"WebSite","@id":"https:\/\/www.institutodeengenharia.org.br\/site\/#website","url":"https:\/\/www.institutodeengenharia.org.br\/site\/","name":"Instituto de Engenharia","description":"O Instituto de Engenharia promove a Engenharia em benef\u00edcio do desenvolvimento e da qualidade de vida da sociedade.","publisher":{"@id":"https:\/\/www.institutodeengenharia.org.br\/site\/#organization"},"potentialAction":[{"@type":"SearchAction","target":{"@type":"EntryPoint","urlTemplate":"https:\/\/www.institutodeengenharia.org.br\/site\/?s={search_term_string}"},"query-input":{"@type":"PropertyValueSpecification","valueRequired":true,"valueName":"search_term_string"}}],"inLanguage":"pt-BR"},{"@type":"Organization","@id":"https:\/\/www.institutodeengenharia.org.br\/site\/#organization","name":"Instituto de Engenharia","url":"https:\/\/www.institutodeengenharia.org.br\/site\/","logo":{"@type":"ImageObject","inLanguage":"pt-BR","@id":"https:\/\/www.institutodeengenharia.org.br\/site\/#\/schema\/logo\/image\/","url":"https:\/\/www.institutodeengenharia.org.br\/site\/wp-content\/uploads\/2019\/03\/logo-novo-IE2018-1.jpg","contentUrl":"https:\/\/www.institutodeengenharia.org.br\/site\/wp-content\/uploads\/2019\/03\/logo-novo-IE2018-1.jpg","width":1486,"height":1879,"caption":"Instituto de Engenharia"},"image":{"@id":"https:\/\/www.institutodeengenharia.org.br\/site\/#\/schema\/logo\/image\/"},"sameAs":["https:\/\/www.facebook.com\/institutodeengenharia","https:\/\/x.com\/iengenharia","https:\/\/www.instagram.com\/institutodeengenharia\/","https:\/\/www.linkedin.com\/company\/instituto-de-engenharia\/","https:\/\/www.youtube.com\/channel\/UCXiCAlsSMe977vamW915HxA"]},{"@type":"Person","@id":"https:\/\/www.institutodeengenharia.org.br\/site\/#\/schema\/person\/aeb64951c405e100d26d30b033dd423f","name":"Bianca","image":{"@type":"ImageObject","inLanguage":"pt-BR","@id":"https:\/\/secure.gravatar.com\/avatar\/a6fbe9bff57405baf4c1e2c5c1811e072b558253974a9f9508f4678900c97c2a?s=96&d=mm&r=g","url":"https:\/\/secure.gravatar.com\/avatar\/a6fbe9bff57405baf4c1e2c5c1811e072b558253974a9f9508f4678900c97c2a?s=96&d=mm&r=g","contentUrl":"https:\/\/secure.gravatar.com\/avatar\/a6fbe9bff57405baf4c1e2c5c1811e072b558253974a9f9508f4678900c97c2a?s=96&d=mm&r=g","caption":"Bianca"},"url":"https:\/\/www.institutodeengenharia.org.br\/site\/author\/comunicacao1\/"}]}},"_links":{"self":[{"href":"https:\/\/www.institutodeengenharia.org.br\/site\/wp-json\/wp\/v2\/posts\/97807","targetHints":{"allow":["GET"]}}],"collection":[{"href":"https:\/\/www.institutodeengenharia.org.br\/site\/wp-json\/wp\/v2\/posts"}],"about":[{"href":"https:\/\/www.institutodeengenharia.org.br\/site\/wp-json\/wp\/v2\/types\/post"}],"author":[{"embeddable":true,"href":"https:\/\/www.institutodeengenharia.org.br\/site\/wp-json\/wp\/v2\/users\/13"}],"replies":[{"embeddable":true,"href":"https:\/\/www.institutodeengenharia.org.br\/site\/wp-json\/wp\/v2\/comments?post=97807"}],"version-history":[{"count":2,"href":"https:\/\/www.institutodeengenharia.org.br\/site\/wp-json\/wp\/v2\/posts\/97807\/revisions"}],"predecessor-version":[{"id":97815,"href":"https:\/\/www.institutodeengenharia.org.br\/site\/wp-json\/wp\/v2\/posts\/97807\/revisions\/97815"}],"wp:featuredmedia":[{"embeddable":true,"href":"https:\/\/www.institutodeengenharia.org.br\/site\/wp-json\/wp\/v2\/media\/97371"}],"wp:attachment":[{"href":"https:\/\/www.institutodeengenharia.org.br\/site\/wp-json\/wp\/v2\/media?parent=97807"}],"wp:term":[{"taxonomy":"category","embeddable":true,"href":"https:\/\/www.institutodeengenharia.org.br\/site\/wp-json\/wp\/v2\/categories?post=97807"},{"taxonomy":"post_tag","embeddable":true,"href":"https:\/\/www.institutodeengenharia.org.br\/site\/wp-json\/wp\/v2\/tags?post=97807"}],"curies":[{"name":"wp","href":"https:\/\/api.w.org\/{rel}","templated":true}]}}