{"id":96627,"date":"2022-08-09T14:37:31","date_gmt":"2022-08-09T17:37:31","guid":{"rendered":"https:\/\/www.institutodeengenharia.org.br\/site\/?p=96627"},"modified":"2022-08-09T14:37:31","modified_gmt":"2022-08-09T17:37:31","slug":"contencoes-orientacoes-praticas-na-elaboracao-de-projetos","status":"publish","type":"post","link":"https:\/\/www.institutodeengenharia.org.br\/site\/2022\/08\/09\/contencoes-orientacoes-praticas-na-elaboracao-de-projetos\/","title":{"rendered":"Conten\u00e7\u00f5es: Orienta\u00e7\u00f5es Pr\u00e1ticas na Elabora\u00e7\u00e3o de Projetos"},"content":{"rendered":"<p><strong>Assista \u00e0 grava\u00e7\u00e3o do evento:<\/strong><\/p>\n<div style=\"padding: 56.25% 0 0 0; position: relative;\"><iframe style=\"position: absolute; top: 0; left: 0; width: 100%; height: 100%;\" title=\"Conten&amp;ccedil;&amp;otilde;es: Orienta&amp;ccedil;&amp;otilde;es Pr&amp;aacute;ticas na Elabora&amp;ccedil;&amp;atilde;o de Projetos\" src=\"https:\/\/player.vimeo.com\/video\/737938020?h=94f0f4343b&amp;badge=0&amp;autopause=0&amp;player_id=0&amp;app_id=58479\" frameborder=\"0\" allowfullscreen=\"allowfullscreen\"><\/iframe><\/div>\n<p><script src=\"https:\/\/player.vimeo.com\/api\/player.js\"><\/script><strong>+ Informa\u00e7\u00f5es:\u00a0<\/strong><\/p>\n<p>1 &#8211; Entendimento do problema;<br \/>\n2 &#8211; Investiga\u00e7\u00e3o Geol\u00f3gica e Geot\u00e9cnica;<br \/>\n3 &#8211; Obten\u00e7\u00e3o de par\u00e2metros;<br \/>\n4 &#8211; Escolha da solu\u00e7\u00e3o mais adequada;<br \/>\n5 &#8211; Processos de dimensionamento: Determin\u00edsticos\/Estat\u00edsticos;<br \/>\n6 &#8211; Monitoramento.<\/p>\n<p><strong>P\u00fablico-alvo:<\/strong><\/p>\n<p>Engenheiros geot\u00e9cnicos e civis; Aberto ao p\u00fablico em geral.<\/p>\n<p><strong>Realiza\u00e7\u00e3o:<\/strong><\/p>\n<p><img loading=\"lazy\" decoding=\"async\" class=\"wp-image-81229 alignleft\" src=\"https:\/\/www.institutodeengenharia.org.br\/site\/wp-content\/uploads\/2021\/05\/ie-logo-escudo.jpeg\" alt=\"\" width=\"123\" height=\"156\" srcset=\"https:\/\/www.institutodeengenharia.org.br\/site\/wp-content\/uploads\/2021\/05\/ie-logo-escudo.jpeg 1012w, https:\/\/www.institutodeengenharia.org.br\/site\/wp-content\/uploads\/2021\/05\/ie-logo-escudo-237x300.jpeg 237w, https:\/\/www.institutodeengenharia.org.br\/site\/wp-content\/uploads\/2021\/05\/ie-logo-escudo-810x1024.jpeg 810w, https:\/\/www.institutodeengenharia.org.br\/site\/wp-content\/uploads\/2021\/05\/ie-logo-escudo-768x971.jpeg 768w, https:\/\/www.institutodeengenharia.org.br\/site\/wp-content\/uploads\/2021\/05\/ie-logo-escudo-696x880.jpeg 696w, https:\/\/www.institutodeengenharia.org.br\/site\/wp-content\/uploads\/2021\/05\/ie-logo-escudo-332x420.jpeg 332w, https:\/\/www.institutodeengenharia.org.br\/site\/wp-content\/uploads\/2021\/05\/ie-logo-escudo-600x759.jpeg 600w\" sizes=\"auto, (max-width: 123px) 100vw, 123px\" \/><\/p>\n<p><strong>Eng. Ivan Metran Whately<\/strong> \u2013 Vice-Presidente de Atividades T\u00e9cnicas<\/p>\n<p><strong>Eng. Francisco Jos\u00e9 Pereira de Oliveira<\/strong> \u2013 Diretor do Departamento de Desenvolvimento de Projetos e Servi\u00e7os de Infraestrutura<\/p>\n<p><strong>Eng. Rog\u00e9rio Carvalho Ribeiro Nogueira<\/strong> \u2013 Coordenador da Divis\u00e3o T\u00e9cnica de Geotecnia<\/p>\n<p><strong>Eng. Arthur Teixeira Askinis<\/strong> \u2013 Vice- Coordenador da Divis\u00e3o T\u00e9cnica de Geotecnia<\/p>\n<p><strong>Apoio Institucional:<\/strong><\/p>\n<p><img loading=\"lazy\" decoding=\"async\" class=\"alignnone wp-image-77696\" src=\"https:\/\/www.institutodeengenharia.org.br\/site\/wp-content\/uploads\/2021\/02\/crea.jpg\" alt=\"\" width=\"140\" height=\"98\" srcset=\"https:\/\/www.institutodeengenharia.org.br\/site\/wp-content\/uploads\/2021\/02\/crea.jpg 448w, https:\/\/www.institutodeengenharia.org.br\/site\/wp-content\/uploads\/2021\/02\/crea-300x211.jpg 300w, https:\/\/www.institutodeengenharia.org.br\/site\/wp-content\/uploads\/2021\/02\/crea-100x70.jpg 100w\" sizes=\"auto, (max-width: 140px) 100vw, 140px\" \/><\/p>\n<p><strong>Apoio \u00e0 forma\u00e7\u00e3o:\u00a0<\/strong><\/p>\n<p>Espa\u00e7o aberto ao CREA-SP, objetivando o aperfei\u00e7oamento dos profissionais e o aprimoramento da fiscaliza\u00e7\u00e3o das \u00e1reas abrangidas pelo Sistema Confea\/CREAs, al\u00e9m de promover a conscientiza\u00e7\u00e3o da sociedade quanto \u00e0 necessidade e obrigatoriedade de contratar um profissional devidamente habilitado.<\/p>\n","protected":false},"excerpt":{"rendered":"<p>Assista \u00e0 grava\u00e7\u00e3o do evento: + Informa\u00e7\u00f5es:\u00a0 1 &#8211; Entendimento do problema; 2 &#8211; Investiga\u00e7\u00e3o Geol\u00f3gica e Geot\u00e9cnica; 3 &#8211; Obten\u00e7\u00e3o de par\u00e2metros; 4 &#8211; Escolha da solu\u00e7\u00e3o mais adequada; 5 &#8211; Processos de dimensionamento: Determin\u00edsticos\/Estat\u00edsticos; 6 &#8211; Monitoramento. P\u00fablico-alvo: Engenheiros geot\u00e9cnicos e civis; Aberto ao p\u00fablico em geral. Realiza\u00e7\u00e3o: Eng. Ivan Metran Whately \u2013 [&hellip;]<\/p>\n","protected":false},"author":13,"featured_media":95389,"comment_status":"open","ping_status":"open","sticky":false,"template":"","format":"video","meta":{"footnotes":""},"categories":[968,969],"tags":[],"class_list":{"0":"post-96627","1":"post","2":"type-post","3":"status-publish","4":"format-video","5":"has-post-thumbnail","7":"category-nova-tv-engenharia","8":"category-palestra","9":"post_format-post-format-video"},"yoast_head":"<!-- This site is optimized with the Yoast SEO plugin v27.2 - https:\/\/yoast.com\/product\/yoast-seo-wordpress\/ -->\n<title>Conten\u00e7\u00f5es: Orienta\u00e7\u00f5es Pr\u00e1ticas na Elabora\u00e7\u00e3o de Projetos - Instituto de Engenharia<\/title>\n<meta name=\"robots\" content=\"index, follow, max-snippet:-1, max-image-preview:large, max-video-preview:-1\" \/>\n<link rel=\"canonical\" href=\"https:\/\/www.institutodeengenharia.org.br\/site\/2022\/08\/09\/contencoes-orientacoes-praticas-na-elaboracao-de-projetos\/\" \/>\n<meta property=\"og:locale\" content=\"pt_BR\" \/>\n<meta property=\"og:type\" content=\"article\" \/>\n<meta property=\"og:title\" content=\"Conten\u00e7\u00f5es: Orienta\u00e7\u00f5es Pr\u00e1ticas na Elabora\u00e7\u00e3o de Projetos\" \/>\n<meta property=\"og:description\" content=\"1 - Entendimento do problema;2 - Investiga\u00e7\u00e3o Geol\u00f3gica e Geot\u00e9cnica;3 - Obten\u00e7\u00e3o de par\u00e2metros;4 - Escolha da solu\u00e7\u00e3o mais adequada;5 - Processos de dimensionamento: Determin\u00edsticos\/Estat\u00edsticos;6 - Monitoramento.\" \/>\n<meta property=\"og:url\" content=\"https:\/\/www.institutodeengenharia.org.br\/site\/2022\/08\/09\/contencoes-orientacoes-praticas-na-elaboracao-de-projetos\/\" \/>\n<meta property=\"og:site_name\" content=\"Instituto de Engenharia\" \/>\n<meta property=\"article:publisher\" content=\"https:\/\/www.facebook.com\/institutodeengenharia\" \/>\n<meta property=\"article:published_time\" content=\"2022-08-09T17:37:31+00:00\" \/>\n<meta property=\"og:image\" content=\"https:\/\/www.institutodeengenharia.org.br\/site\/wp-content\/uploads\/2022\/07\/MicrosoftTeams-image-94.jpg\" \/>\n\t<meta property=\"og:image:width\" content=\"1918\" \/>\n\t<meta property=\"og:image:height\" content=\"850\" \/>\n\t<meta property=\"og:image:type\" content=\"image\/jpeg\" \/>\n<meta name=\"author\" content=\"Bianca\" \/>\n<meta name=\"twitter:card\" content=\"summary_large_image\" \/>\n<meta name=\"twitter:title\" content=\"Conten\u00e7\u00f5es: Orienta\u00e7\u00f5es Pr\u00e1ticas na Elabora\u00e7\u00e3o de Projetos\" \/>\n<meta name=\"twitter:description\" content=\"1 - Entendimento do problema;2 - Investiga\u00e7\u00e3o Geol\u00f3gica e Geot\u00e9cnica;3 - Obten\u00e7\u00e3o de par\u00e2metros;4 - Escolha da solu\u00e7\u00e3o mais adequada;5 - Processos de dimensionamento: Determin\u00edsticos\/Estat\u00edsticos;6 - Monitoramento.\" \/>\n<meta name=\"twitter:image\" content=\"https:\/\/www.institutodeengenharia.org.br\/site\/wp-content\/uploads\/2022\/07\/MicrosoftTeams-image-94.jpg\" \/>\n<meta name=\"twitter:creator\" content=\"@iengenharia\" \/>\n<meta name=\"twitter:site\" content=\"@iengenharia\" \/>\n<meta name=\"twitter:label1\" content=\"Escrito por\" \/>\n\t<meta name=\"twitter:data1\" content=\"Bianca\" \/>\n\t<meta name=\"twitter:label2\" content=\"Est. tempo de leitura\" \/>\n\t<meta name=\"twitter:data2\" content=\"2 minutos\" \/>\n<script type=\"application\/ld+json\" class=\"yoast-schema-graph\">{\"@context\":\"https:\/\/schema.org\",\"@graph\":[{\"@type\":\"Article\",\"@id\":\"https:\/\/www.institutodeengenharia.org.br\/site\/2022\/08\/09\/contencoes-orientacoes-praticas-na-elaboracao-de-projetos\/#article\",\"isPartOf\":{\"@id\":\"https:\/\/www.institutodeengenharia.org.br\/site\/2022\/08\/09\/contencoes-orientacoes-praticas-na-elaboracao-de-projetos\/\"},\"author\":{\"name\":\"Bianca\",\"@id\":\"https:\/\/www.institutodeengenharia.org.br\/site\/#\/schema\/person\/aeb64951c405e100d26d30b033dd423f\"},\"headline\":\"Conten\u00e7\u00f5es: Orienta\u00e7\u00f5es Pr\u00e1ticas na Elabora\u00e7\u00e3o de Projetos\",\"datePublished\":\"2022-08-09T17:37:31+00:00\",\"mainEntityOfPage\":{\"@id\":\"https:\/\/www.institutodeengenharia.org.br\/site\/2022\/08\/09\/contencoes-orientacoes-praticas-na-elaboracao-de-projetos\/\"},\"wordCount\":170,\"commentCount\":0,\"publisher\":{\"@id\":\"https:\/\/www.institutodeengenharia.org.br\/site\/#organization\"},\"image\":{\"@id\":\"https:\/\/www.institutodeengenharia.org.br\/site\/2022\/08\/09\/contencoes-orientacoes-praticas-na-elaboracao-de-projetos\/#primaryimage\"},\"thumbnailUrl\":\"https:\/\/www.institutodeengenharia.org.br\/site\/wp-content\/uploads\/2022\/07\/MicrosoftTeams-image-94.jpg\",\"articleSection\":[\"Nova TV Engenharia\",\"Palestra\"],\"inLanguage\":\"pt-BR\",\"potentialAction\":[{\"@type\":\"CommentAction\",\"name\":\"Comment\",\"target\":[\"https:\/\/www.institutodeengenharia.org.br\/site\/2022\/08\/09\/contencoes-orientacoes-praticas-na-elaboracao-de-projetos\/#respond\"]}]},{\"@type\":\"WebPage\",\"@id\":\"https:\/\/www.institutodeengenharia.org.br\/site\/2022\/08\/09\/contencoes-orientacoes-praticas-na-elaboracao-de-projetos\/\",\"url\":\"https:\/\/www.institutodeengenharia.org.br\/site\/2022\/08\/09\/contencoes-orientacoes-praticas-na-elaboracao-de-projetos\/\",\"name\":\"Conten\u00e7\u00f5es: Orienta\u00e7\u00f5es Pr\u00e1ticas na Elabora\u00e7\u00e3o de Projetos - Instituto de Engenharia\",\"isPartOf\":{\"@id\":\"https:\/\/www.institutodeengenharia.org.br\/site\/#website\"},\"primaryImageOfPage\":{\"@id\":\"https:\/\/www.institutodeengenharia.org.br\/site\/2022\/08\/09\/contencoes-orientacoes-praticas-na-elaboracao-de-projetos\/#primaryimage\"},\"image\":{\"@id\":\"https:\/\/www.institutodeengenharia.org.br\/site\/2022\/08\/09\/contencoes-orientacoes-praticas-na-elaboracao-de-projetos\/#primaryimage\"},\"thumbnailUrl\":\"https:\/\/www.institutodeengenharia.org.br\/site\/wp-content\/uploads\/2022\/07\/MicrosoftTeams-image-94.jpg\",\"datePublished\":\"2022-08-09T17:37:31+00:00\",\"breadcrumb\":{\"@id\":\"https:\/\/www.institutodeengenharia.org.br\/site\/2022\/08\/09\/contencoes-orientacoes-praticas-na-elaboracao-de-projetos\/#breadcrumb\"},\"inLanguage\":\"pt-BR\",\"potentialAction\":[{\"@type\":\"ReadAction\",\"target\":[\"https:\/\/www.institutodeengenharia.org.br\/site\/2022\/08\/09\/contencoes-orientacoes-praticas-na-elaboracao-de-projetos\/\"]}]},{\"@type\":\"ImageObject\",\"inLanguage\":\"pt-BR\",\"@id\":\"https:\/\/www.institutodeengenharia.org.br\/site\/2022\/08\/09\/contencoes-orientacoes-praticas-na-elaboracao-de-projetos\/#primaryimage\",\"url\":\"https:\/\/www.institutodeengenharia.org.br\/site\/wp-content\/uploads\/2022\/07\/MicrosoftTeams-image-94.jpg\",\"contentUrl\":\"https:\/\/www.institutodeengenharia.org.br\/site\/wp-content\/uploads\/2022\/07\/MicrosoftTeams-image-94.jpg\",\"width\":1918,\"height\":850,\"caption\":\"xr:d:DAFEPUKlH9k:2,j:29125217137,t:22062113\"},{\"@type\":\"BreadcrumbList\",\"@id\":\"https:\/\/www.institutodeengenharia.org.br\/site\/2022\/08\/09\/contencoes-orientacoes-praticas-na-elaboracao-de-projetos\/#breadcrumb\",\"itemListElement\":[{\"@type\":\"ListItem\",\"position\":1,\"name\":\"In\u00edcio\",\"item\":\"https:\/\/www.institutodeengenharia.org.br\/site\/\"},{\"@type\":\"ListItem\",\"position\":2,\"name\":\"Conten\u00e7\u00f5es: Orienta\u00e7\u00f5es Pr\u00e1ticas na Elabora\u00e7\u00e3o de Projetos\"}]},{\"@type\":\"WebSite\",\"@id\":\"https:\/\/www.institutodeengenharia.org.br\/site\/#website\",\"url\":\"https:\/\/www.institutodeengenharia.org.br\/site\/\",\"name\":\"Instituto de Engenharia\",\"description\":\"O Instituto de Engenharia promove a Engenharia em benef\u00edcio do desenvolvimento e da qualidade de vida da sociedade.\",\"publisher\":{\"@id\":\"https:\/\/www.institutodeengenharia.org.br\/site\/#organization\"},\"potentialAction\":[{\"@type\":\"SearchAction\",\"target\":{\"@type\":\"EntryPoint\",\"urlTemplate\":\"https:\/\/www.institutodeengenharia.org.br\/site\/?s={search_term_string}\"},\"query-input\":{\"@type\":\"PropertyValueSpecification\",\"valueRequired\":true,\"valueName\":\"search_term_string\"}}],\"inLanguage\":\"pt-BR\"},{\"@type\":\"Organization\",\"@id\":\"https:\/\/www.institutodeengenharia.org.br\/site\/#organization\",\"name\":\"Instituto de Engenharia\",\"url\":\"https:\/\/www.institutodeengenharia.org.br\/site\/\",\"logo\":{\"@type\":\"ImageObject\",\"inLanguage\":\"pt-BR\",\"@id\":\"https:\/\/www.institutodeengenharia.org.br\/site\/#\/schema\/logo\/image\/\",\"url\":\"https:\/\/www.institutodeengenharia.org.br\/site\/wp-content\/uploads\/2019\/03\/logo-novo-IE2018-1.jpg\",\"contentUrl\":\"https:\/\/www.institutodeengenharia.org.br\/site\/wp-content\/uploads\/2019\/03\/logo-novo-IE2018-1.jpg\",\"width\":1486,\"height\":1879,\"caption\":\"Instituto de Engenharia\"},\"image\":{\"@id\":\"https:\/\/www.institutodeengenharia.org.br\/site\/#\/schema\/logo\/image\/\"},\"sameAs\":[\"https:\/\/www.facebook.com\/institutodeengenharia\",\"https:\/\/x.com\/iengenharia\",\"https:\/\/www.instagram.com\/institutodeengenharia\/\",\"https:\/\/www.linkedin.com\/company\/instituto-de-engenharia\/\",\"https:\/\/www.youtube.com\/channel\/UCXiCAlsSMe977vamW915HxA\"]},{\"@type\":\"Person\",\"@id\":\"https:\/\/www.institutodeengenharia.org.br\/site\/#\/schema\/person\/aeb64951c405e100d26d30b033dd423f\",\"name\":\"Bianca\",\"image\":{\"@type\":\"ImageObject\",\"inLanguage\":\"pt-BR\",\"@id\":\"https:\/\/secure.gravatar.com\/avatar\/a6fbe9bff57405baf4c1e2c5c1811e072b558253974a9f9508f4678900c97c2a?s=96&d=mm&r=g\",\"url\":\"https:\/\/secure.gravatar.com\/avatar\/a6fbe9bff57405baf4c1e2c5c1811e072b558253974a9f9508f4678900c97c2a?s=96&d=mm&r=g\",\"contentUrl\":\"https:\/\/secure.gravatar.com\/avatar\/a6fbe9bff57405baf4c1e2c5c1811e072b558253974a9f9508f4678900c97c2a?s=96&d=mm&r=g\",\"caption\":\"Bianca\"},\"url\":\"https:\/\/www.institutodeengenharia.org.br\/site\/author\/comunicacao1\/\"}]}<\/script>\n<!-- \/ Yoast SEO plugin. -->","yoast_head_json":{"title":"Conten\u00e7\u00f5es: Orienta\u00e7\u00f5es Pr\u00e1ticas na Elabora\u00e7\u00e3o de Projetos - Instituto de Engenharia","robots":{"index":"index","follow":"follow","max-snippet":"max-snippet:-1","max-image-preview":"max-image-preview:large","max-video-preview":"max-video-preview:-1"},"canonical":"https:\/\/www.institutodeengenharia.org.br\/site\/2022\/08\/09\/contencoes-orientacoes-praticas-na-elaboracao-de-projetos\/","og_locale":"pt_BR","og_type":"article","og_title":"Conten\u00e7\u00f5es: Orienta\u00e7\u00f5es Pr\u00e1ticas na Elabora\u00e7\u00e3o de Projetos","og_description":"1 - Entendimento do problema;2 - Investiga\u00e7\u00e3o Geol\u00f3gica e Geot\u00e9cnica;3 - Obten\u00e7\u00e3o de par\u00e2metros;4 - Escolha da solu\u00e7\u00e3o mais adequada;5 - Processos de dimensionamento: Determin\u00edsticos\/Estat\u00edsticos;6 - Monitoramento.","og_url":"https:\/\/www.institutodeengenharia.org.br\/site\/2022\/08\/09\/contencoes-orientacoes-praticas-na-elaboracao-de-projetos\/","og_site_name":"Instituto de Engenharia","article_publisher":"https:\/\/www.facebook.com\/institutodeengenharia","article_published_time":"2022-08-09T17:37:31+00:00","og_image":[{"width":1918,"height":850,"url":"https:\/\/www.institutodeengenharia.org.br\/site\/wp-content\/uploads\/2022\/07\/MicrosoftTeams-image-94.jpg","type":"image\/jpeg"}],"author":"Bianca","twitter_card":"summary_large_image","twitter_title":"Conten\u00e7\u00f5es: Orienta\u00e7\u00f5es Pr\u00e1ticas na Elabora\u00e7\u00e3o de Projetos","twitter_description":"1 - Entendimento do problema;2 - Investiga\u00e7\u00e3o Geol\u00f3gica e Geot\u00e9cnica;3 - Obten\u00e7\u00e3o de par\u00e2metros;4 - Escolha da solu\u00e7\u00e3o mais adequada;5 - Processos de dimensionamento: Determin\u00edsticos\/Estat\u00edsticos;6 - Monitoramento.","twitter_image":"https:\/\/www.institutodeengenharia.org.br\/site\/wp-content\/uploads\/2022\/07\/MicrosoftTeams-image-94.jpg","twitter_creator":"@iengenharia","twitter_site":"@iengenharia","twitter_misc":{"Escrito por":"Bianca","Est. tempo de leitura":"2 minutos"},"schema":{"@context":"https:\/\/schema.org","@graph":[{"@type":"Article","@id":"https:\/\/www.institutodeengenharia.org.br\/site\/2022\/08\/09\/contencoes-orientacoes-praticas-na-elaboracao-de-projetos\/#article","isPartOf":{"@id":"https:\/\/www.institutodeengenharia.org.br\/site\/2022\/08\/09\/contencoes-orientacoes-praticas-na-elaboracao-de-projetos\/"},"author":{"name":"Bianca","@id":"https:\/\/www.institutodeengenharia.org.br\/site\/#\/schema\/person\/aeb64951c405e100d26d30b033dd423f"},"headline":"Conten\u00e7\u00f5es: Orienta\u00e7\u00f5es Pr\u00e1ticas na Elabora\u00e7\u00e3o de Projetos","datePublished":"2022-08-09T17:37:31+00:00","mainEntityOfPage":{"@id":"https:\/\/www.institutodeengenharia.org.br\/site\/2022\/08\/09\/contencoes-orientacoes-praticas-na-elaboracao-de-projetos\/"},"wordCount":170,"commentCount":0,"publisher":{"@id":"https:\/\/www.institutodeengenharia.org.br\/site\/#organization"},"image":{"@id":"https:\/\/www.institutodeengenharia.org.br\/site\/2022\/08\/09\/contencoes-orientacoes-praticas-na-elaboracao-de-projetos\/#primaryimage"},"thumbnailUrl":"https:\/\/www.institutodeengenharia.org.br\/site\/wp-content\/uploads\/2022\/07\/MicrosoftTeams-image-94.jpg","articleSection":["Nova TV Engenharia","Palestra"],"inLanguage":"pt-BR","potentialAction":[{"@type":"CommentAction","name":"Comment","target":["https:\/\/www.institutodeengenharia.org.br\/site\/2022\/08\/09\/contencoes-orientacoes-praticas-na-elaboracao-de-projetos\/#respond"]}]},{"@type":"WebPage","@id":"https:\/\/www.institutodeengenharia.org.br\/site\/2022\/08\/09\/contencoes-orientacoes-praticas-na-elaboracao-de-projetos\/","url":"https:\/\/www.institutodeengenharia.org.br\/site\/2022\/08\/09\/contencoes-orientacoes-praticas-na-elaboracao-de-projetos\/","name":"Conten\u00e7\u00f5es: Orienta\u00e7\u00f5es Pr\u00e1ticas na Elabora\u00e7\u00e3o de Projetos - Instituto de Engenharia","isPartOf":{"@id":"https:\/\/www.institutodeengenharia.org.br\/site\/#website"},"primaryImageOfPage":{"@id":"https:\/\/www.institutodeengenharia.org.br\/site\/2022\/08\/09\/contencoes-orientacoes-praticas-na-elaboracao-de-projetos\/#primaryimage"},"image":{"@id":"https:\/\/www.institutodeengenharia.org.br\/site\/2022\/08\/09\/contencoes-orientacoes-praticas-na-elaboracao-de-projetos\/#primaryimage"},"thumbnailUrl":"https:\/\/www.institutodeengenharia.org.br\/site\/wp-content\/uploads\/2022\/07\/MicrosoftTeams-image-94.jpg","datePublished":"2022-08-09T17:37:31+00:00","breadcrumb":{"@id":"https:\/\/www.institutodeengenharia.org.br\/site\/2022\/08\/09\/contencoes-orientacoes-praticas-na-elaboracao-de-projetos\/#breadcrumb"},"inLanguage":"pt-BR","potentialAction":[{"@type":"ReadAction","target":["https:\/\/www.institutodeengenharia.org.br\/site\/2022\/08\/09\/contencoes-orientacoes-praticas-na-elaboracao-de-projetos\/"]}]},{"@type":"ImageObject","inLanguage":"pt-BR","@id":"https:\/\/www.institutodeengenharia.org.br\/site\/2022\/08\/09\/contencoes-orientacoes-praticas-na-elaboracao-de-projetos\/#primaryimage","url":"https:\/\/www.institutodeengenharia.org.br\/site\/wp-content\/uploads\/2022\/07\/MicrosoftTeams-image-94.jpg","contentUrl":"https:\/\/www.institutodeengenharia.org.br\/site\/wp-content\/uploads\/2022\/07\/MicrosoftTeams-image-94.jpg","width":1918,"height":850,"caption":"xr:d:DAFEPUKlH9k:2,j:29125217137,t:22062113"},{"@type":"BreadcrumbList","@id":"https:\/\/www.institutodeengenharia.org.br\/site\/2022\/08\/09\/contencoes-orientacoes-praticas-na-elaboracao-de-projetos\/#breadcrumb","itemListElement":[{"@type":"ListItem","position":1,"name":"In\u00edcio","item":"https:\/\/www.institutodeengenharia.org.br\/site\/"},{"@type":"ListItem","position":2,"name":"Conten\u00e7\u00f5es: Orienta\u00e7\u00f5es Pr\u00e1ticas na Elabora\u00e7\u00e3o de Projetos"}]},{"@type":"WebSite","@id":"https:\/\/www.institutodeengenharia.org.br\/site\/#website","url":"https:\/\/www.institutodeengenharia.org.br\/site\/","name":"Instituto de Engenharia","description":"O Instituto de Engenharia promove a Engenharia em benef\u00edcio do desenvolvimento e da qualidade de vida da sociedade.","publisher":{"@id":"https:\/\/www.institutodeengenharia.org.br\/site\/#organization"},"potentialAction":[{"@type":"SearchAction","target":{"@type":"EntryPoint","urlTemplate":"https:\/\/www.institutodeengenharia.org.br\/site\/?s={search_term_string}"},"query-input":{"@type":"PropertyValueSpecification","valueRequired":true,"valueName":"search_term_string"}}],"inLanguage":"pt-BR"},{"@type":"Organization","@id":"https:\/\/www.institutodeengenharia.org.br\/site\/#organization","name":"Instituto de Engenharia","url":"https:\/\/www.institutodeengenharia.org.br\/site\/","logo":{"@type":"ImageObject","inLanguage":"pt-BR","@id":"https:\/\/www.institutodeengenharia.org.br\/site\/#\/schema\/logo\/image\/","url":"https:\/\/www.institutodeengenharia.org.br\/site\/wp-content\/uploads\/2019\/03\/logo-novo-IE2018-1.jpg","contentUrl":"https:\/\/www.institutodeengenharia.org.br\/site\/wp-content\/uploads\/2019\/03\/logo-novo-IE2018-1.jpg","width":1486,"height":1879,"caption":"Instituto de Engenharia"},"image":{"@id":"https:\/\/www.institutodeengenharia.org.br\/site\/#\/schema\/logo\/image\/"},"sameAs":["https:\/\/www.facebook.com\/institutodeengenharia","https:\/\/x.com\/iengenharia","https:\/\/www.instagram.com\/institutodeengenharia\/","https:\/\/www.linkedin.com\/company\/instituto-de-engenharia\/","https:\/\/www.youtube.com\/channel\/UCXiCAlsSMe977vamW915HxA"]},{"@type":"Person","@id":"https:\/\/www.institutodeengenharia.org.br\/site\/#\/schema\/person\/aeb64951c405e100d26d30b033dd423f","name":"Bianca","image":{"@type":"ImageObject","inLanguage":"pt-BR","@id":"https:\/\/secure.gravatar.com\/avatar\/a6fbe9bff57405baf4c1e2c5c1811e072b558253974a9f9508f4678900c97c2a?s=96&d=mm&r=g","url":"https:\/\/secure.gravatar.com\/avatar\/a6fbe9bff57405baf4c1e2c5c1811e072b558253974a9f9508f4678900c97c2a?s=96&d=mm&r=g","contentUrl":"https:\/\/secure.gravatar.com\/avatar\/a6fbe9bff57405baf4c1e2c5c1811e072b558253974a9f9508f4678900c97c2a?s=96&d=mm&r=g","caption":"Bianca"},"url":"https:\/\/www.institutodeengenharia.org.br\/site\/author\/comunicacao1\/"}]}},"_links":{"self":[{"href":"https:\/\/www.institutodeengenharia.org.br\/site\/wp-json\/wp\/v2\/posts\/96627","targetHints":{"allow":["GET"]}}],"collection":[{"href":"https:\/\/www.institutodeengenharia.org.br\/site\/wp-json\/wp\/v2\/posts"}],"about":[{"href":"https:\/\/www.institutodeengenharia.org.br\/site\/wp-json\/wp\/v2\/types\/post"}],"author":[{"embeddable":true,"href":"https:\/\/www.institutodeengenharia.org.br\/site\/wp-json\/wp\/v2\/users\/13"}],"replies":[{"embeddable":true,"href":"https:\/\/www.institutodeengenharia.org.br\/site\/wp-json\/wp\/v2\/comments?post=96627"}],"version-history":[{"count":1,"href":"https:\/\/www.institutodeengenharia.org.br\/site\/wp-json\/wp\/v2\/posts\/96627\/revisions"}],"predecessor-version":[{"id":96628,"href":"https:\/\/www.institutodeengenharia.org.br\/site\/wp-json\/wp\/v2\/posts\/96627\/revisions\/96628"}],"wp:featuredmedia":[{"embeddable":true,"href":"https:\/\/www.institutodeengenharia.org.br\/site\/wp-json\/wp\/v2\/media\/95389"}],"wp:attachment":[{"href":"https:\/\/www.institutodeengenharia.org.br\/site\/wp-json\/wp\/v2\/media?parent=96627"}],"wp:term":[{"taxonomy":"category","embeddable":true,"href":"https:\/\/www.institutodeengenharia.org.br\/site\/wp-json\/wp\/v2\/categories?post=96627"},{"taxonomy":"post_tag","embeddable":true,"href":"https:\/\/www.institutodeengenharia.org.br\/site\/wp-json\/wp\/v2\/tags?post=96627"}],"curies":[{"name":"wp","href":"https:\/\/api.w.org\/{rel}","templated":true}]}}