{"id":96621,"date":"2022-08-09T14:29:02","date_gmt":"2022-08-09T17:29:02","guid":{"rendered":"https:\/\/www.institutodeengenharia.org.br\/site\/?p=96621"},"modified":"2023-01-09T11:17:22","modified_gmt":"2023-01-09T14:17:22","slug":"1o-debate-ie-abve-sobre-eletromobilidade","status":"publish","type":"post","link":"https:\/\/www.institutodeengenharia.org.br\/site\/2022\/08\/09\/1o-debate-ie-abve-sobre-eletromobilidade\/","title":{"rendered":"1\u00ba Debate IE\/ABVE sobre eletromobilidade"},"content":{"rendered":"<p><strong>Assista \u00e0 grava\u00e7\u00e3o do primeiro dia do evento:<\/strong><\/p>\n<p><iframe loading=\"lazy\" src=\"https:\/\/player.vimeo.com\/video\/731835775?h=be8b6fe75d\" width=\"640\" height=\"360\" frameborder=\"0\" allowfullscreen=\"allowfullscreen\"><\/iframe><\/p>\n<p><strong>Assista \u00e0 grava\u00e7\u00e3o do segundo dia do evento:<\/strong><\/p>\n<p><iframe loading=\"lazy\" src=\"https:\/\/player.vimeo.com\/video\/731843174?h=f2a5434457\" width=\"640\" height=\"360\" frameborder=\"0\" allowfullscreen=\"allowfullscreen\"><\/iframe><\/p>\n<p><strong>+ Informa\u00e7\u00f5es:<\/strong><\/p>\n<p>O Instituto de Engenharia e a Associa\u00e7\u00e3o Brasileira do Ve\u00edculo El\u00e9trico promovem nos dias 28 e 29 de julho\u00a0 um amplo debate sobre o tema mais importante de nosso tempo: a Eletromobilidade no Brasil e no mundo.<\/p>\n<p>Durante dois dias, especialistas e lideran\u00e7as pol\u00edticas discutir\u00e3o os efeitos do transporte limpo e sustent\u00e1vel para o futuro da ind\u00fastria brasileira, a gera\u00e7\u00e3o de empregos, a qualidade de vida nas grandes cidades e a mitiga\u00e7\u00e3o das mudan\u00e7as clim\u00e1ticas globais.<\/p>\n<p>Ao final, no dia 29, os organizadores divulgar\u00e3o a Carta da Eletromobilidade no Brasil, documento-s\u00edntese sobre o tema, que ser\u00e1 enviado aos principais candidatos a Presidente da Rep\u00fablica, Governos Estaduais e Congresso Nacional, nas elei\u00e7\u00f5es de outubro.<\/p>\n<p><strong>PROPOSTAS<\/strong><\/p>\n<p>A Carta da Eletromobilidade conter\u00e1 um conjunto de propostas para os futuros governantes sintonizarem as pol\u00edticas p\u00fablicas no Brasil \u00e0s estrat\u00e9gias j\u00e1 em curso nos principais pa\u00edses do mundo.<\/p>\n<p>O evento ser\u00e1 realizado na sede do Instituto de Engenharia, com transmiss\u00e3o ao vivo pela internet. Os debates presenciais seguir\u00e3o todos os protocolos de sa\u00fade p\u00fablica recomendados pelas autoridades.<\/p>\n<p>Para o presidente do Instituto de Engenharia, Paulo Ferreira, o 1\u00ba Debate IE-ABVE ser\u00e1 uma oportunidade para apresentar propostas s\u00f3lidas aos candidatos e qualificar o debate eleitoral.<\/p>\n<p>\u201cA Eletromobilidade \u00e9 a grande fronteira econ\u00f4mica do s\u00e9culo 21. \u00c9 nosso dever, como engenheiros e especialistas em pol\u00edticas p\u00fablicas, apresentar nossas propostas para um novo ciclo de desenvolvimento econ\u00f4mico e social em nosso pa\u00eds\u201d \u2013 afirmou.<\/p>\n<p>Para o presidente da ABVE, Adalberto Maluf, as pol\u00edticas de transporte limpo devem ser o eixo de uma nova estrat\u00e9gia nacional pela recupera\u00e7\u00e3o da competitividade da ind\u00fastria brasileira e pela gera\u00e7\u00e3o dos empregos de qualidade \u00e0s futuras gera\u00e7\u00f5es.<\/p>\n<p>\u201cO Brasil n\u00e3o pode assistir impass\u00edvel a essa grande revolu\u00e7\u00e3o tecnol\u00f3gica, que j\u00e1 est\u00e1 mudando a economia e a sociedade dos principais pa\u00edses. Nosso objetivo \u00e9 apresentar subs\u00eddios para uma Pol\u00edtica Nacional de Eletromobilidade, a exemplo das que j\u00e1 existem nas maiores economias do planeta\u201d.<\/p>\n<p>O 1\u00ba Debate IE-ABVE sobre Eletromobilidade \u00e9 o resultado do acordo assinado pelas duas entidades para promover e qualificar a discuss\u00e3o sobre as rotas de desenvolvimento econ\u00f4mico, social e tecnol\u00f3gico que desafiam as lideran\u00e7as pol\u00edticas e empresariais, num momento cr\u00edtico da vida nacional.<\/p>\n<p><strong>CEN\u00c1RIO:<\/strong><\/p>\n<p>A Eletromobilidade j\u00e1 \u00e9 uma realidade. Em 2021, 6,6 milh\u00f5es de ve\u00edculos el\u00e9tricos foram comercializados no mundo, ou 9% das vendas globais de ve\u00edculos. O crescimento foi de 109% sobre das vendas de VEs de 2020.<\/p>\n<p>Hoje, 10 milh\u00f5es de autom\u00f3veis e comerciais leves el\u00e9tricos circulam em todo o mundo, al\u00e9m de 600 mil \u00f4nibus el\u00e9tricos.<\/p>\n<p>Os grandes eventos recentes, como a Covid-19 e, agora, a guerra na Ucr\u00e2nia, com seus efeitos imediatos sobre os pre\u00e7os dos combust\u00edveis f\u00f3sseis, ressaltam dramaticamente a urg\u00eancia de instalar a Eletromobilidade no topo da agenda global e nacional.<\/p>\n<p><strong>Patroc\u00ednio:<\/strong><\/p>\n<p>Vibra, PCN Latam, PUC \u2013 RS, WEG e Visaway<\/p>\n<p><strong>Apoio Institucional:<\/strong><\/p>\n<p>Abifer, Aeamesp, Antp, Ibms, Projeto 34<\/p>\n","protected":false},"excerpt":{"rendered":"<p>Assista \u00e0 grava\u00e7\u00e3o do primeiro dia do evento: Assista \u00e0 grava\u00e7\u00e3o do segundo dia do evento: + Informa\u00e7\u00f5es: O Instituto de Engenharia e a Associa\u00e7\u00e3o Brasileira do Ve\u00edculo El\u00e9trico promovem nos dias 28 e 29 de julho\u00a0 um amplo debate sobre o tema mais importante de nosso tempo: a Eletromobilidade no Brasil e no mundo. [&hellip;]<\/p>\n","protected":false},"author":13,"featured_media":94709,"comment_status":"open","ping_status":"open","sticky":false,"template":"","format":"video","meta":{"footnotes":""},"categories":[968,969],"tags":[1475,1176],"class_list":{"0":"post-96621","1":"post","2":"type-post","3":"status-publish","4":"format-video","5":"has-post-thumbnail","7":"category-nova-tv-engenharia","8":"category-palestra","9":"tag-covid","10":"tag-video-home","11":"post_format-post-format-video"},"yoast_head":"<!-- This site is optimized with the Yoast SEO plugin v27.2 - https:\/\/yoast.com\/product\/yoast-seo-wordpress\/ -->\n<title>1\u00ba Debate IE\/ABVE sobre eletromobilidade - Instituto de Engenharia<\/title>\n<meta name=\"robots\" content=\"index, follow, max-snippet:-1, max-image-preview:large, max-video-preview:-1\" \/>\n<link rel=\"canonical\" href=\"https:\/\/www.institutodeengenharia.org.br\/site\/2022\/08\/09\/1o-debate-ie-abve-sobre-eletromobilidade\/\" \/>\n<meta property=\"og:locale\" content=\"pt_BR\" \/>\n<meta property=\"og:type\" content=\"article\" \/>\n<meta property=\"og:title\" content=\"1\u00ba Debate IE\/ABVE sobre eletromobilidade\" \/>\n<meta property=\"og:description\" content=\"O Instituto de Engenharia e a Associa\u00e7\u00e3o Brasileira do Ve\u00edculo El\u00e9trico promovem nos dias 28 e 29 de julho\u00a0 um amplo debate sobre o tema mais importante de nosso tempo: a Eletromobilidade no Brasil e no mundo.\" \/>\n<meta property=\"og:url\" content=\"https:\/\/www.institutodeengenharia.org.br\/site\/2022\/08\/09\/1o-debate-ie-abve-sobre-eletromobilidade\/\" \/>\n<meta property=\"og:site_name\" content=\"Instituto de Engenharia\" \/>\n<meta property=\"article:publisher\" content=\"https:\/\/www.facebook.com\/institutodeengenharia\" \/>\n<meta property=\"article:published_time\" content=\"2022-08-09T17:29:02+00:00\" \/>\n<meta property=\"article:modified_time\" content=\"2023-01-09T14:17:22+00:00\" \/>\n<meta property=\"og:image\" content=\"https:\/\/www.institutodeengenharia.org.br\/site\/wp-content\/uploads\/2022\/06\/CABECALHO.png\" \/>\n\t<meta property=\"og:image:width\" content=\"1064\" \/>\n\t<meta property=\"og:image:height\" content=\"601\" \/>\n\t<meta property=\"og:image:type\" content=\"image\/png\" \/>\n<meta name=\"author\" content=\"Bianca\" \/>\n<meta name=\"twitter:card\" content=\"summary_large_image\" \/>\n<meta name=\"twitter:title\" content=\"1\u00ba Debate IE\/ABVE sobre eletromobilidade\" \/>\n<meta name=\"twitter:description\" content=\"O Instituto de Engenharia e a Associa\u00e7\u00e3o Brasileira do Ve\u00edculo El\u00e9trico promovem nos dias 28 e 29 de julho\u00a0 um amplo debate sobre o tema mais importante de nosso tempo: a Eletromobilidade no Brasil e no mundo.\" \/>\n<meta name=\"twitter:image\" content=\"https:\/\/www.institutodeengenharia.org.br\/site\/wp-content\/uploads\/2022\/06\/CABECALHO.png\" \/>\n<meta name=\"twitter:creator\" content=\"@iengenharia\" \/>\n<meta name=\"twitter:site\" content=\"@iengenharia\" \/>\n<meta name=\"twitter:label1\" content=\"Escrito por\" \/>\n\t<meta name=\"twitter:data1\" content=\"Bianca\" \/>\n\t<meta name=\"twitter:label2\" content=\"Est. tempo de leitura\" \/>\n\t<meta name=\"twitter:data2\" content=\"3 minutos\" \/>\n<script type=\"application\/ld+json\" class=\"yoast-schema-graph\">{\"@context\":\"https:\/\/schema.org\",\"@graph\":[{\"@type\":\"Article\",\"@id\":\"https:\/\/www.institutodeengenharia.org.br\/site\/2022\/08\/09\/1o-debate-ie-abve-sobre-eletromobilidade\/#article\",\"isPartOf\":{\"@id\":\"https:\/\/www.institutodeengenharia.org.br\/site\/2022\/08\/09\/1o-debate-ie-abve-sobre-eletromobilidade\/\"},\"author\":{\"name\":\"Bianca\",\"@id\":\"https:\/\/www.institutodeengenharia.org.br\/site\/#\/schema\/person\/aeb64951c405e100d26d30b033dd423f\"},\"headline\":\"1\u00ba Debate IE\/ABVE sobre eletromobilidade\",\"datePublished\":\"2022-08-09T17:29:02+00:00\",\"dateModified\":\"2023-01-09T14:17:22+00:00\",\"mainEntityOfPage\":{\"@id\":\"https:\/\/www.institutodeengenharia.org.br\/site\/2022\/08\/09\/1o-debate-ie-abve-sobre-eletromobilidade\/\"},\"wordCount\":543,\"commentCount\":0,\"publisher\":{\"@id\":\"https:\/\/www.institutodeengenharia.org.br\/site\/#organization\"},\"image\":{\"@id\":\"https:\/\/www.institutodeengenharia.org.br\/site\/2022\/08\/09\/1o-debate-ie-abve-sobre-eletromobilidade\/#primaryimage\"},\"thumbnailUrl\":\"https:\/\/www.institutodeengenharia.org.br\/site\/wp-content\/uploads\/2022\/06\/CABECALHO.png\",\"keywords\":[\"covid\",\"video-home\"],\"articleSection\":[\"Nova TV Engenharia\",\"Palestra\"],\"inLanguage\":\"pt-BR\",\"potentialAction\":[{\"@type\":\"CommentAction\",\"name\":\"Comment\",\"target\":[\"https:\/\/www.institutodeengenharia.org.br\/site\/2022\/08\/09\/1o-debate-ie-abve-sobre-eletromobilidade\/#respond\"]}]},{\"@type\":\"WebPage\",\"@id\":\"https:\/\/www.institutodeengenharia.org.br\/site\/2022\/08\/09\/1o-debate-ie-abve-sobre-eletromobilidade\/\",\"url\":\"https:\/\/www.institutodeengenharia.org.br\/site\/2022\/08\/09\/1o-debate-ie-abve-sobre-eletromobilidade\/\",\"name\":\"1\u00ba Debate IE\/ABVE sobre eletromobilidade - Instituto de Engenharia\",\"isPartOf\":{\"@id\":\"https:\/\/www.institutodeengenharia.org.br\/site\/#website\"},\"primaryImageOfPage\":{\"@id\":\"https:\/\/www.institutodeengenharia.org.br\/site\/2022\/08\/09\/1o-debate-ie-abve-sobre-eletromobilidade\/#primaryimage\"},\"image\":{\"@id\":\"https:\/\/www.institutodeengenharia.org.br\/site\/2022\/08\/09\/1o-debate-ie-abve-sobre-eletromobilidade\/#primaryimage\"},\"thumbnailUrl\":\"https:\/\/www.institutodeengenharia.org.br\/site\/wp-content\/uploads\/2022\/06\/CABECALHO.png\",\"datePublished\":\"2022-08-09T17:29:02+00:00\",\"dateModified\":\"2023-01-09T14:17:22+00:00\",\"breadcrumb\":{\"@id\":\"https:\/\/www.institutodeengenharia.org.br\/site\/2022\/08\/09\/1o-debate-ie-abve-sobre-eletromobilidade\/#breadcrumb\"},\"inLanguage\":\"pt-BR\",\"potentialAction\":[{\"@type\":\"ReadAction\",\"target\":[\"https:\/\/www.institutodeengenharia.org.br\/site\/2022\/08\/09\/1o-debate-ie-abve-sobre-eletromobilidade\/\"]}]},{\"@type\":\"ImageObject\",\"inLanguage\":\"pt-BR\",\"@id\":\"https:\/\/www.institutodeengenharia.org.br\/site\/2022\/08\/09\/1o-debate-ie-abve-sobre-eletromobilidade\/#primaryimage\",\"url\":\"https:\/\/www.institutodeengenharia.org.br\/site\/wp-content\/uploads\/2022\/06\/CABECALHO.png\",\"contentUrl\":\"https:\/\/www.institutodeengenharia.org.br\/site\/wp-content\/uploads\/2022\/06\/CABECALHO.png\",\"width\":1064,\"height\":601},{\"@type\":\"BreadcrumbList\",\"@id\":\"https:\/\/www.institutodeengenharia.org.br\/site\/2022\/08\/09\/1o-debate-ie-abve-sobre-eletromobilidade\/#breadcrumb\",\"itemListElement\":[{\"@type\":\"ListItem\",\"position\":1,\"name\":\"In\u00edcio\",\"item\":\"https:\/\/www.institutodeengenharia.org.br\/site\/\"},{\"@type\":\"ListItem\",\"position\":2,\"name\":\"1\u00ba Debate IE\/ABVE sobre eletromobilidade\"}]},{\"@type\":\"WebSite\",\"@id\":\"https:\/\/www.institutodeengenharia.org.br\/site\/#website\",\"url\":\"https:\/\/www.institutodeengenharia.org.br\/site\/\",\"name\":\"Instituto de Engenharia\",\"description\":\"O Instituto de Engenharia promove a Engenharia em benef\u00edcio do desenvolvimento e da qualidade de vida da sociedade.\",\"publisher\":{\"@id\":\"https:\/\/www.institutodeengenharia.org.br\/site\/#organization\"},\"potentialAction\":[{\"@type\":\"SearchAction\",\"target\":{\"@type\":\"EntryPoint\",\"urlTemplate\":\"https:\/\/www.institutodeengenharia.org.br\/site\/?s={search_term_string}\"},\"query-input\":{\"@type\":\"PropertyValueSpecification\",\"valueRequired\":true,\"valueName\":\"search_term_string\"}}],\"inLanguage\":\"pt-BR\"},{\"@type\":\"Organization\",\"@id\":\"https:\/\/www.institutodeengenharia.org.br\/site\/#organization\",\"name\":\"Instituto de Engenharia\",\"url\":\"https:\/\/www.institutodeengenharia.org.br\/site\/\",\"logo\":{\"@type\":\"ImageObject\",\"inLanguage\":\"pt-BR\",\"@id\":\"https:\/\/www.institutodeengenharia.org.br\/site\/#\/schema\/logo\/image\/\",\"url\":\"https:\/\/www.institutodeengenharia.org.br\/site\/wp-content\/uploads\/2019\/03\/logo-novo-IE2018-1.jpg\",\"contentUrl\":\"https:\/\/www.institutodeengenharia.org.br\/site\/wp-content\/uploads\/2019\/03\/logo-novo-IE2018-1.jpg\",\"width\":1486,\"height\":1879,\"caption\":\"Instituto de Engenharia\"},\"image\":{\"@id\":\"https:\/\/www.institutodeengenharia.org.br\/site\/#\/schema\/logo\/image\/\"},\"sameAs\":[\"https:\/\/www.facebook.com\/institutodeengenharia\",\"https:\/\/x.com\/iengenharia\",\"https:\/\/www.instagram.com\/institutodeengenharia\/\",\"https:\/\/www.linkedin.com\/company\/instituto-de-engenharia\/\",\"https:\/\/www.youtube.com\/channel\/UCXiCAlsSMe977vamW915HxA\"]},{\"@type\":\"Person\",\"@id\":\"https:\/\/www.institutodeengenharia.org.br\/site\/#\/schema\/person\/aeb64951c405e100d26d30b033dd423f\",\"name\":\"Bianca\",\"image\":{\"@type\":\"ImageObject\",\"inLanguage\":\"pt-BR\",\"@id\":\"https:\/\/secure.gravatar.com\/avatar\/a6fbe9bff57405baf4c1e2c5c1811e072b558253974a9f9508f4678900c97c2a?s=96&d=mm&r=g\",\"url\":\"https:\/\/secure.gravatar.com\/avatar\/a6fbe9bff57405baf4c1e2c5c1811e072b558253974a9f9508f4678900c97c2a?s=96&d=mm&r=g\",\"contentUrl\":\"https:\/\/secure.gravatar.com\/avatar\/a6fbe9bff57405baf4c1e2c5c1811e072b558253974a9f9508f4678900c97c2a?s=96&d=mm&r=g\",\"caption\":\"Bianca\"},\"url\":\"https:\/\/www.institutodeengenharia.org.br\/site\/author\/comunicacao1\/\"}]}<\/script>\n<!-- \/ Yoast SEO plugin. -->","yoast_head_json":{"title":"1\u00ba Debate IE\/ABVE sobre eletromobilidade - Instituto de Engenharia","robots":{"index":"index","follow":"follow","max-snippet":"max-snippet:-1","max-image-preview":"max-image-preview:large","max-video-preview":"max-video-preview:-1"},"canonical":"https:\/\/www.institutodeengenharia.org.br\/site\/2022\/08\/09\/1o-debate-ie-abve-sobre-eletromobilidade\/","og_locale":"pt_BR","og_type":"article","og_title":"1\u00ba Debate IE\/ABVE sobre eletromobilidade","og_description":"O Instituto de Engenharia e a Associa\u00e7\u00e3o Brasileira do Ve\u00edculo El\u00e9trico promovem nos dias 28 e 29 de julho\u00a0 um amplo debate sobre o tema mais importante de nosso tempo: a Eletromobilidade no Brasil e no mundo.","og_url":"https:\/\/www.institutodeengenharia.org.br\/site\/2022\/08\/09\/1o-debate-ie-abve-sobre-eletromobilidade\/","og_site_name":"Instituto de Engenharia","article_publisher":"https:\/\/www.facebook.com\/institutodeengenharia","article_published_time":"2022-08-09T17:29:02+00:00","article_modified_time":"2023-01-09T14:17:22+00:00","og_image":[{"width":1064,"height":601,"url":"https:\/\/www.institutodeengenharia.org.br\/site\/wp-content\/uploads\/2022\/06\/CABECALHO.png","type":"image\/png"}],"author":"Bianca","twitter_card":"summary_large_image","twitter_title":"1\u00ba Debate IE\/ABVE sobre eletromobilidade","twitter_description":"O Instituto de Engenharia e a Associa\u00e7\u00e3o Brasileira do Ve\u00edculo El\u00e9trico promovem nos dias 28 e 29 de julho\u00a0 um amplo debate sobre o tema mais importante de nosso tempo: a Eletromobilidade no Brasil e no mundo.","twitter_image":"https:\/\/www.institutodeengenharia.org.br\/site\/wp-content\/uploads\/2022\/06\/CABECALHO.png","twitter_creator":"@iengenharia","twitter_site":"@iengenharia","twitter_misc":{"Escrito por":"Bianca","Est. tempo de leitura":"3 minutos"},"schema":{"@context":"https:\/\/schema.org","@graph":[{"@type":"Article","@id":"https:\/\/www.institutodeengenharia.org.br\/site\/2022\/08\/09\/1o-debate-ie-abve-sobre-eletromobilidade\/#article","isPartOf":{"@id":"https:\/\/www.institutodeengenharia.org.br\/site\/2022\/08\/09\/1o-debate-ie-abve-sobre-eletromobilidade\/"},"author":{"name":"Bianca","@id":"https:\/\/www.institutodeengenharia.org.br\/site\/#\/schema\/person\/aeb64951c405e100d26d30b033dd423f"},"headline":"1\u00ba Debate IE\/ABVE sobre eletromobilidade","datePublished":"2022-08-09T17:29:02+00:00","dateModified":"2023-01-09T14:17:22+00:00","mainEntityOfPage":{"@id":"https:\/\/www.institutodeengenharia.org.br\/site\/2022\/08\/09\/1o-debate-ie-abve-sobre-eletromobilidade\/"},"wordCount":543,"commentCount":0,"publisher":{"@id":"https:\/\/www.institutodeengenharia.org.br\/site\/#organization"},"image":{"@id":"https:\/\/www.institutodeengenharia.org.br\/site\/2022\/08\/09\/1o-debate-ie-abve-sobre-eletromobilidade\/#primaryimage"},"thumbnailUrl":"https:\/\/www.institutodeengenharia.org.br\/site\/wp-content\/uploads\/2022\/06\/CABECALHO.png","keywords":["covid","video-home"],"articleSection":["Nova TV Engenharia","Palestra"],"inLanguage":"pt-BR","potentialAction":[{"@type":"CommentAction","name":"Comment","target":["https:\/\/www.institutodeengenharia.org.br\/site\/2022\/08\/09\/1o-debate-ie-abve-sobre-eletromobilidade\/#respond"]}]},{"@type":"WebPage","@id":"https:\/\/www.institutodeengenharia.org.br\/site\/2022\/08\/09\/1o-debate-ie-abve-sobre-eletromobilidade\/","url":"https:\/\/www.institutodeengenharia.org.br\/site\/2022\/08\/09\/1o-debate-ie-abve-sobre-eletromobilidade\/","name":"1\u00ba Debate IE\/ABVE sobre eletromobilidade - Instituto de Engenharia","isPartOf":{"@id":"https:\/\/www.institutodeengenharia.org.br\/site\/#website"},"primaryImageOfPage":{"@id":"https:\/\/www.institutodeengenharia.org.br\/site\/2022\/08\/09\/1o-debate-ie-abve-sobre-eletromobilidade\/#primaryimage"},"image":{"@id":"https:\/\/www.institutodeengenharia.org.br\/site\/2022\/08\/09\/1o-debate-ie-abve-sobre-eletromobilidade\/#primaryimage"},"thumbnailUrl":"https:\/\/www.institutodeengenharia.org.br\/site\/wp-content\/uploads\/2022\/06\/CABECALHO.png","datePublished":"2022-08-09T17:29:02+00:00","dateModified":"2023-01-09T14:17:22+00:00","breadcrumb":{"@id":"https:\/\/www.institutodeengenharia.org.br\/site\/2022\/08\/09\/1o-debate-ie-abve-sobre-eletromobilidade\/#breadcrumb"},"inLanguage":"pt-BR","potentialAction":[{"@type":"ReadAction","target":["https:\/\/www.institutodeengenharia.org.br\/site\/2022\/08\/09\/1o-debate-ie-abve-sobre-eletromobilidade\/"]}]},{"@type":"ImageObject","inLanguage":"pt-BR","@id":"https:\/\/www.institutodeengenharia.org.br\/site\/2022\/08\/09\/1o-debate-ie-abve-sobre-eletromobilidade\/#primaryimage","url":"https:\/\/www.institutodeengenharia.org.br\/site\/wp-content\/uploads\/2022\/06\/CABECALHO.png","contentUrl":"https:\/\/www.institutodeengenharia.org.br\/site\/wp-content\/uploads\/2022\/06\/CABECALHO.png","width":1064,"height":601},{"@type":"BreadcrumbList","@id":"https:\/\/www.institutodeengenharia.org.br\/site\/2022\/08\/09\/1o-debate-ie-abve-sobre-eletromobilidade\/#breadcrumb","itemListElement":[{"@type":"ListItem","position":1,"name":"In\u00edcio","item":"https:\/\/www.institutodeengenharia.org.br\/site\/"},{"@type":"ListItem","position":2,"name":"1\u00ba Debate IE\/ABVE sobre eletromobilidade"}]},{"@type":"WebSite","@id":"https:\/\/www.institutodeengenharia.org.br\/site\/#website","url":"https:\/\/www.institutodeengenharia.org.br\/site\/","name":"Instituto de Engenharia","description":"O Instituto de Engenharia promove a Engenharia em benef\u00edcio do desenvolvimento e da qualidade de vida da sociedade.","publisher":{"@id":"https:\/\/www.institutodeengenharia.org.br\/site\/#organization"},"potentialAction":[{"@type":"SearchAction","target":{"@type":"EntryPoint","urlTemplate":"https:\/\/www.institutodeengenharia.org.br\/site\/?s={search_term_string}"},"query-input":{"@type":"PropertyValueSpecification","valueRequired":true,"valueName":"search_term_string"}}],"inLanguage":"pt-BR"},{"@type":"Organization","@id":"https:\/\/www.institutodeengenharia.org.br\/site\/#organization","name":"Instituto de Engenharia","url":"https:\/\/www.institutodeengenharia.org.br\/site\/","logo":{"@type":"ImageObject","inLanguage":"pt-BR","@id":"https:\/\/www.institutodeengenharia.org.br\/site\/#\/schema\/logo\/image\/","url":"https:\/\/www.institutodeengenharia.org.br\/site\/wp-content\/uploads\/2019\/03\/logo-novo-IE2018-1.jpg","contentUrl":"https:\/\/www.institutodeengenharia.org.br\/site\/wp-content\/uploads\/2019\/03\/logo-novo-IE2018-1.jpg","width":1486,"height":1879,"caption":"Instituto de Engenharia"},"image":{"@id":"https:\/\/www.institutodeengenharia.org.br\/site\/#\/schema\/logo\/image\/"},"sameAs":["https:\/\/www.facebook.com\/institutodeengenharia","https:\/\/x.com\/iengenharia","https:\/\/www.instagram.com\/institutodeengenharia\/","https:\/\/www.linkedin.com\/company\/instituto-de-engenharia\/","https:\/\/www.youtube.com\/channel\/UCXiCAlsSMe977vamW915HxA"]},{"@type":"Person","@id":"https:\/\/www.institutodeengenharia.org.br\/site\/#\/schema\/person\/aeb64951c405e100d26d30b033dd423f","name":"Bianca","image":{"@type":"ImageObject","inLanguage":"pt-BR","@id":"https:\/\/secure.gravatar.com\/avatar\/a6fbe9bff57405baf4c1e2c5c1811e072b558253974a9f9508f4678900c97c2a?s=96&d=mm&r=g","url":"https:\/\/secure.gravatar.com\/avatar\/a6fbe9bff57405baf4c1e2c5c1811e072b558253974a9f9508f4678900c97c2a?s=96&d=mm&r=g","contentUrl":"https:\/\/secure.gravatar.com\/avatar\/a6fbe9bff57405baf4c1e2c5c1811e072b558253974a9f9508f4678900c97c2a?s=96&d=mm&r=g","caption":"Bianca"},"url":"https:\/\/www.institutodeengenharia.org.br\/site\/author\/comunicacao1\/"}]}},"_links":{"self":[{"href":"https:\/\/www.institutodeengenharia.org.br\/site\/wp-json\/wp\/v2\/posts\/96621","targetHints":{"allow":["GET"]}}],"collection":[{"href":"https:\/\/www.institutodeengenharia.org.br\/site\/wp-json\/wp\/v2\/posts"}],"about":[{"href":"https:\/\/www.institutodeengenharia.org.br\/site\/wp-json\/wp\/v2\/types\/post"}],"author":[{"embeddable":true,"href":"https:\/\/www.institutodeengenharia.org.br\/site\/wp-json\/wp\/v2\/users\/13"}],"replies":[{"embeddable":true,"href":"https:\/\/www.institutodeengenharia.org.br\/site\/wp-json\/wp\/v2\/comments?post=96621"}],"version-history":[{"count":1,"href":"https:\/\/www.institutodeengenharia.org.br\/site\/wp-json\/wp\/v2\/posts\/96621\/revisions"}],"predecessor-version":[{"id":96625,"href":"https:\/\/www.institutodeengenharia.org.br\/site\/wp-json\/wp\/v2\/posts\/96621\/revisions\/96625"}],"wp:featuredmedia":[{"embeddable":true,"href":"https:\/\/www.institutodeengenharia.org.br\/site\/wp-json\/wp\/v2\/media\/94709"}],"wp:attachment":[{"href":"https:\/\/www.institutodeengenharia.org.br\/site\/wp-json\/wp\/v2\/media?parent=96621"}],"wp:term":[{"taxonomy":"category","embeddable":true,"href":"https:\/\/www.institutodeengenharia.org.br\/site\/wp-json\/wp\/v2\/categories?post=96621"},{"taxonomy":"post_tag","embeddable":true,"href":"https:\/\/www.institutodeengenharia.org.br\/site\/wp-json\/wp\/v2\/tags?post=96621"}],"curies":[{"name":"wp","href":"https:\/\/api.w.org\/{rel}","templated":true}]}}