{"id":96400,"date":"2022-08-03T15:15:15","date_gmt":"2022-08-03T18:15:15","guid":{"rendered":"https:\/\/www.institutodeengenharia.org.br\/site\/?p=96400"},"modified":"2022-08-03T15:15:15","modified_gmt":"2022-08-03T18:15:15","slug":"governanca-corporativa-e-a-engenharia","status":"publish","type":"post","link":"https:\/\/www.institutodeengenharia.org.br\/site\/2022\/08\/03\/governanca-corporativa-e-a-engenharia\/","title":{"rendered":"Governan\u00e7a corporativa e a Engenharia"},"content":{"rendered":"<p><strong>Assista abaixo \u00e0 grava\u00e7\u00e3o do evento:<\/strong><\/p>\n<div style=\"padding: 56.25% 0 0 0; position: relative;\"><iframe style=\"position: absolute; top: 0; left: 0; width: 100%; height: 100%;\" title=\"Governan&amp;ccedil;a Corporativa e a Engenharia\" src=\"https:\/\/player.vimeo.com\/video\/735809591?h=073b8c8f12&amp;badge=0&amp;autopause=0&amp;player_id=0&amp;app_id=58479\" frameborder=\"0\" allowfullscreen=\"allowfullscreen\"><\/iframe><\/div>\n<p><script src=\"https:\/\/player.vimeo.com\/api\/player.js\"><\/script><strong>+ Informa\u00e7\u00f5es:<\/strong><\/p>\n<p>Como os integrantes do departamento de engenharia devem se relacionar adequadamente com a alta gest\u00e3o, principalmente, na defini\u00e7\u00e3o e documenta\u00e7\u00e3o das responsabilidades profissionais, no que concerne da responsabilidade de governan\u00e7a, gest\u00e3o de riscos, contabilidade, compliance, controle interno e finan\u00e7as.<\/p>\n<p><strong>P\u00fablico-alvo:<\/strong><\/p>\n<p>Profissionais de engenharia, professores e estudantes.<\/p>\n<p><strong>Palestrantes:<\/strong><\/p>\n<p><img loading=\"lazy\" decoding=\"async\" class=\"alignnone wp-image-91885\" src=\"https:\/\/www.institutodeengenharia.org.br\/site\/wp-content\/uploads\/2022\/04\/andres.png\" alt=\"\" width=\"179\" height=\"178\" srcset=\"https:\/\/www.institutodeengenharia.org.br\/site\/wp-content\/uploads\/2022\/04\/andres.png 396w, https:\/\/www.institutodeengenharia.org.br\/site\/wp-content\/uploads\/2022\/04\/andres-300x300.png 300w, https:\/\/www.institutodeengenharia.org.br\/site\/wp-content\/uploads\/2022\/04\/andres-150x150.png 150w, https:\/\/www.institutodeengenharia.org.br\/site\/wp-content\/uploads\/2022\/04\/andres-100x100.png 100w\" sizes=\"auto, (max-width: 179px) 100vw, 179px\" \/><\/p>\n<p><strong>Andr\u00e9 Souza<\/strong><strong> \u2013 <\/strong><strong>Professor de MBA<\/strong><\/p>\n<ul>\n<li>Presidente de Comit\u00eas de Auditoria e Conselhos Fiscais de diversas empresas e institui\u00e7\u00f5es<\/li>\n<li>30 anos de experi\u00eancia profissional em Auditoria Externa, Contabilidade e Impostos;<\/li>\n<li>Contador, Auditor Independente (CVM, SUSEP e BACEN), Perito Cont\u00e1bil e Conselheiro Fiscal Certificado;<\/li>\n<li>Professor de MBA e P\u00f3s-Gradua\u00e7\u00e3o em Auditoria Externa, Auditoria Interna, Controle Interno, Compliance Tribut\u00e1rio e Preven\u00e7\u00e3o de Fraudes. Possui MBA em Finan\u00e7as;<\/li>\n<li>Associado ao IBEF\/SP \u2013 Instituto Brasileiro de Executivos de Finan\u00e7as, Membro da Comiss\u00e3o de Finan\u00e7as e Contabilidade do Instituto Brasileiro de Governan\u00e7a Corporativa (IBGC) e do IIA \u2013 Instituto dos Auditores Internos.<\/li>\n<\/ul>\n<p><img loading=\"lazy\" decoding=\"async\" class=\"alignnone wp-image-91886\" src=\"https:\/\/www.institutodeengenharia.org.br\/site\/wp-content\/uploads\/2022\/04\/antonioe.png\" alt=\"\" width=\"206\" height=\"152\" srcset=\"https:\/\/www.institutodeengenharia.org.br\/site\/wp-content\/uploads\/2022\/04\/antonioe.png 588w, https:\/\/www.institutodeengenharia.org.br\/site\/wp-content\/uploads\/2022\/04\/antonioe-300x223.png 300w, https:\/\/www.institutodeengenharia.org.br\/site\/wp-content\/uploads\/2022\/04\/antonioe-485x360.png 485w, https:\/\/www.institutodeengenharia.org.br\/site\/wp-content\/uploads\/2022\/04\/antonioe-565x420.png 565w, https:\/\/www.institutodeengenharia.org.br\/site\/wp-content\/uploads\/2022\/04\/antonioe-80x60.png 80w\" sizes=\"auto, (max-width: 206px) 100vw, 206px\" \/><\/p>\n<p><strong>Ant\u00f4nio Edson<\/strong><\/p>\n<ul>\n<li>Mais de 25 anos de experi\u00eancia em Auditoria Interna, Controle Interno, Gest\u00e3o de Riscos e Compliance em multinacionais, ocupado posi\u00e7\u00f5es de ger\u00eancia e diretoria;<\/li>\n<li>Conselheiro Fiscal e Membro do Comit\u00ea de Auditoria Estatut\u00e1rio de diversas organiza\u00e7\u00f5es;<\/li>\n<li>Certificado pelo IBGC em CCA, conselheiro de administra\u00e7\u00e3o; CCF, conselheiro fiscal; CCoAud+, membro de comit\u00ea de auditoria experiente e CCSA pelo The IIA Global;<\/li>\n<li>Mestre em controladoria empresarial, especialista em estrat\u00e9gia e consultoria organizacional, administrador, curso de extens\u00e3o em Enterprise Risk Management for Corporate Leadersem Harvard Business School(EUA);<\/li>\n<li>Membro da comiss\u00e3o de governan\u00e7a em institui\u00e7\u00f5es financeira, um dos autores do Guia de Gerenciamento de Risco e do IBGC Orienta-Auditoria Interna, entre outras publica\u00e7\u00f5es na \u00e1rea;<\/li>\n<li>Professor do IBGC para os cursos de conselheiro da administra\u00e7\u00e3o, incompany, entre outros.<\/li>\n<\/ul>\n<p><strong>Realiza\u00e7\u00e3o:<\/strong><\/p>\n<p><strong>Eng. Ivan Metran Whately<\/strong> \u2013 Vice-Presidente de Atividades T\u00e9cnicas<\/p>\n<p><strong>Eng.\u00aa D\u00e9bora Sanches de A. Marinello<\/strong> \u2013 Diretora do Departamento de Desenvolvimento de Gest\u00e3o e Objetivos<\/p>\n<p><strong>Arq. Milene Costa Facioli<\/strong> \u2013 Coordenadora da Divis\u00e3o T\u00e9cnica de Compliance<\/p>\n<p><strong>Apoio Institucional:<\/strong><\/p>\n<p><img loading=\"lazy\" decoding=\"async\" class=\"alignnone size-full wp-image-94458\" src=\"https:\/\/www.institutodeengenharia.org.br\/site\/wp-content\/uploads\/2022\/04\/logogov.png\" alt=\"\" width=\"813\" height=\"176\" srcset=\"https:\/\/www.institutodeengenharia.org.br\/site\/wp-content\/uploads\/2022\/04\/logogov.png 813w, https:\/\/www.institutodeengenharia.org.br\/site\/wp-content\/uploads\/2022\/04\/logogov-300x65.png 300w, https:\/\/www.institutodeengenharia.org.br\/site\/wp-content\/uploads\/2022\/04\/logogov-768x166.png 768w, https:\/\/www.institutodeengenharia.org.br\/site\/wp-content\/uploads\/2022\/04\/logogov-696x151.png 696w, https:\/\/www.institutodeengenharia.org.br\/site\/wp-content\/uploads\/2022\/04\/logogov-600x130.png 600w\" sizes=\"auto, (max-width: 813px) 100vw, 813px\" \/><\/p>\n<p><strong>Apoio \u00e0 forma\u00e7\u00e3o:\u00a0<\/strong><\/p>\n<p>Espa\u00e7o aberto ao CREA-SP, objetivando o aperfei\u00e7oamento dos profissionais e o aprimoramento da fiscaliza\u00e7\u00e3o das \u00e1reas abrangidas pelo Sistema Confea\/CREAs, al\u00e9m de promover a conscientiza\u00e7\u00e3o da sociedade quanto \u00e0 necessidade e obrigatoriedade de contratar um profissional devidamente habilitado.<\/p>\n<div style=\"width: 696px;\" class=\"wp-video\"><video class=\"wp-video-shortcode\" id=\"video-96400-1\" width=\"696\" height=\"394\" preload=\"metadata\" controls=\"controls\"><source type=\"video\/mp4\" src=\"https:\/\/www.institutodeengenharia.org.br\/site\/wp-content\/uploads\/2021\/03\/WhatsApp-Video-2020-08-10-at-12.02.02-1.mp4?_=1\" \/><a href=\"https:\/\/www.institutodeengenharia.org.br\/site\/wp-content\/uploads\/2021\/03\/WhatsApp-Video-2020-08-10-at-12.02.02-1.mp4\">https:\/\/www.institutodeengenharia.org.br\/site\/wp-content\/uploads\/2021\/03\/WhatsApp-Video-2020-08-10-at-12.02.02-1.mp4<\/a><\/video><\/div>\n","protected":false},"excerpt":{"rendered":"<p>Assista abaixo \u00e0 grava\u00e7\u00e3o do evento: + Informa\u00e7\u00f5es: Como os integrantes do departamento de engenharia devem se relacionar adequadamente com a alta gest\u00e3o, principalmente, na defini\u00e7\u00e3o e documenta\u00e7\u00e3o das responsabilidades profissionais, no que concerne da responsabilidade de governan\u00e7a, gest\u00e3o de riscos, contabilidade, compliance, controle interno e finan\u00e7as. P\u00fablico-alvo: Profissionais de engenharia, professores e estudantes. Palestrantes: [&hellip;]<\/p>\n","protected":false},"author":13,"featured_media":95579,"comment_status":"open","ping_status":"open","sticky":false,"template":"","format":"video","meta":{"footnotes":""},"categories":[968,969],"tags":[],"class_list":{"0":"post-96400","1":"post","2":"type-post","3":"status-publish","4":"format-video","5":"has-post-thumbnail","7":"category-nova-tv-engenharia","8":"category-palestra","9":"post_format-post-format-video"},"yoast_head":"<!-- This site is optimized with the Yoast SEO plugin v27.2 - https:\/\/yoast.com\/product\/yoast-seo-wordpress\/ -->\n<title>Governan\u00e7a corporativa e a Engenharia - Instituto de Engenharia<\/title>\n<meta name=\"robots\" content=\"index, follow, max-snippet:-1, max-image-preview:large, max-video-preview:-1\" \/>\n<link rel=\"canonical\" href=\"https:\/\/www.institutodeengenharia.org.br\/site\/2022\/08\/03\/governanca-corporativa-e-a-engenharia\/\" \/>\n<meta property=\"og:locale\" content=\"pt_BR\" \/>\n<meta property=\"og:type\" content=\"article\" \/>\n<meta property=\"og:title\" content=\"Governan\u00e7a corporativa e a Engenharia\" \/>\n<meta property=\"og:description\" content=\"Como os integrantes do departamento de engenharia devem se relacionar adequadamente com a alta gest\u00e3o, principalmente, na defini\u00e7\u00e3o e documenta\u00e7\u00e3o das responsabilidades profissionais, no que concerne da responsabilidade de governan\u00e7a, gest\u00e3o de riscos, contabilidade, compliance, controle interno e finan\u00e7as.\" \/>\n<meta property=\"og:url\" content=\"https:\/\/www.institutodeengenharia.org.br\/site\/2022\/08\/03\/governanca-corporativa-e-a-engenharia\/\" \/>\n<meta property=\"og:site_name\" content=\"Instituto de Engenharia\" \/>\n<meta property=\"article:publisher\" content=\"https:\/\/www.facebook.com\/institutodeengenharia\" \/>\n<meta property=\"article:published_time\" content=\"2022-08-03T18:15:15+00:00\" \/>\n<meta property=\"og:image\" content=\"https:\/\/www.institutodeengenharia.org.br\/site\/wp-content\/uploads\/2022\/07\/Design-sem-nome-18m.jpg\" \/>\n\t<meta property=\"og:image:width\" content=\"1920\" \/>\n\t<meta property=\"og:image:height\" content=\"850\" \/>\n\t<meta property=\"og:image:type\" content=\"image\/jpeg\" \/>\n<meta name=\"author\" content=\"Bianca\" \/>\n<meta name=\"twitter:card\" content=\"summary_large_image\" \/>\n<meta name=\"twitter:title\" content=\"Governan\u00e7a corporativa e a Engenharia\" \/>\n<meta name=\"twitter:description\" content=\"Como os integrantes do departamento de engenharia devem se relacionar adequadamente com a alta gest\u00e3o, principalmente, na defini\u00e7\u00e3o e documenta\u00e7\u00e3o das responsabilidades profissionais, no que concerne da responsabilidade de governan\u00e7a, gest\u00e3o de riscos, contabilidade, compliance, controle interno e finan\u00e7as.\" \/>\n<meta name=\"twitter:image\" content=\"https:\/\/www.institutodeengenharia.org.br\/site\/wp-content\/uploads\/2022\/07\/Design-sem-nome-18m.jpg\" \/>\n<meta name=\"twitter:creator\" content=\"@iengenharia\" \/>\n<meta name=\"twitter:site\" content=\"@iengenharia\" \/>\n<meta name=\"twitter:label1\" content=\"Escrito por\" \/>\n\t<meta name=\"twitter:data1\" content=\"Bianca\" \/>\n\t<meta name=\"twitter:label2\" content=\"Est. tempo de leitura\" \/>\n\t<meta name=\"twitter:data2\" content=\"3 minutos\" \/>\n<script type=\"application\/ld+json\" class=\"yoast-schema-graph\">{\"@context\":\"https:\/\/schema.org\",\"@graph\":[{\"@type\":\"Article\",\"@id\":\"https:\/\/www.institutodeengenharia.org.br\/site\/2022\/08\/03\/governanca-corporativa-e-a-engenharia\/#article\",\"isPartOf\":{\"@id\":\"https:\/\/www.institutodeengenharia.org.br\/site\/2022\/08\/03\/governanca-corporativa-e-a-engenharia\/\"},\"author\":{\"name\":\"Bianca\",\"@id\":\"https:\/\/www.institutodeengenharia.org.br\/site\/#\/schema\/person\/aeb64951c405e100d26d30b033dd423f\"},\"headline\":\"Governan\u00e7a corporativa e a Engenharia\",\"datePublished\":\"2022-08-03T18:15:15+00:00\",\"mainEntityOfPage\":{\"@id\":\"https:\/\/www.institutodeengenharia.org.br\/site\/2022\/08\/03\/governanca-corporativa-e-a-engenharia\/\"},\"wordCount\":423,\"commentCount\":0,\"publisher\":{\"@id\":\"https:\/\/www.institutodeengenharia.org.br\/site\/#organization\"},\"image\":{\"@id\":\"https:\/\/www.institutodeengenharia.org.br\/site\/2022\/08\/03\/governanca-corporativa-e-a-engenharia\/#primaryimage\"},\"thumbnailUrl\":\"https:\/\/www.institutodeengenharia.org.br\/site\/wp-content\/uploads\/2022\/07\/Design-sem-nome-18m.jpg\",\"articleSection\":[\"Nova TV Engenharia\",\"Palestra\"],\"inLanguage\":\"pt-BR\",\"potentialAction\":[{\"@type\":\"CommentAction\",\"name\":\"Comment\",\"target\":[\"https:\/\/www.institutodeengenharia.org.br\/site\/2022\/08\/03\/governanca-corporativa-e-a-engenharia\/#respond\"]}]},{\"@type\":\"WebPage\",\"@id\":\"https:\/\/www.institutodeengenharia.org.br\/site\/2022\/08\/03\/governanca-corporativa-e-a-engenharia\/\",\"url\":\"https:\/\/www.institutodeengenharia.org.br\/site\/2022\/08\/03\/governanca-corporativa-e-a-engenharia\/\",\"name\":\"Governan\u00e7a corporativa e a Engenharia - Instituto de Engenharia\",\"isPartOf\":{\"@id\":\"https:\/\/www.institutodeengenharia.org.br\/site\/#website\"},\"primaryImageOfPage\":{\"@id\":\"https:\/\/www.institutodeengenharia.org.br\/site\/2022\/08\/03\/governanca-corporativa-e-a-engenharia\/#primaryimage\"},\"image\":{\"@id\":\"https:\/\/www.institutodeengenharia.org.br\/site\/2022\/08\/03\/governanca-corporativa-e-a-engenharia\/#primaryimage\"},\"thumbnailUrl\":\"https:\/\/www.institutodeengenharia.org.br\/site\/wp-content\/uploads\/2022\/07\/Design-sem-nome-18m.jpg\",\"datePublished\":\"2022-08-03T18:15:15+00:00\",\"breadcrumb\":{\"@id\":\"https:\/\/www.institutodeengenharia.org.br\/site\/2022\/08\/03\/governanca-corporativa-e-a-engenharia\/#breadcrumb\"},\"inLanguage\":\"pt-BR\",\"potentialAction\":[{\"@type\":\"ReadAction\",\"target\":[\"https:\/\/www.institutodeengenharia.org.br\/site\/2022\/08\/03\/governanca-corporativa-e-a-engenharia\/\"]}]},{\"@type\":\"ImageObject\",\"inLanguage\":\"pt-BR\",\"@id\":\"https:\/\/www.institutodeengenharia.org.br\/site\/2022\/08\/03\/governanca-corporativa-e-a-engenharia\/#primaryimage\",\"url\":\"https:\/\/www.institutodeengenharia.org.br\/site\/wp-content\/uploads\/2022\/07\/Design-sem-nome-18m.jpg\",\"contentUrl\":\"https:\/\/www.institutodeengenharia.org.br\/site\/wp-content\/uploads\/2022\/07\/Design-sem-nome-18m.jpg\",\"width\":1920,\"height\":850},{\"@type\":\"BreadcrumbList\",\"@id\":\"https:\/\/www.institutodeengenharia.org.br\/site\/2022\/08\/03\/governanca-corporativa-e-a-engenharia\/#breadcrumb\",\"itemListElement\":[{\"@type\":\"ListItem\",\"position\":1,\"name\":\"In\u00edcio\",\"item\":\"https:\/\/www.institutodeengenharia.org.br\/site\/\"},{\"@type\":\"ListItem\",\"position\":2,\"name\":\"Governan\u00e7a corporativa e a Engenharia\"}]},{\"@type\":\"WebSite\",\"@id\":\"https:\/\/www.institutodeengenharia.org.br\/site\/#website\",\"url\":\"https:\/\/www.institutodeengenharia.org.br\/site\/\",\"name\":\"Instituto de Engenharia\",\"description\":\"O Instituto de Engenharia promove a Engenharia em benef\u00edcio do desenvolvimento e da qualidade de vida da sociedade.\",\"publisher\":{\"@id\":\"https:\/\/www.institutodeengenharia.org.br\/site\/#organization\"},\"potentialAction\":[{\"@type\":\"SearchAction\",\"target\":{\"@type\":\"EntryPoint\",\"urlTemplate\":\"https:\/\/www.institutodeengenharia.org.br\/site\/?s={search_term_string}\"},\"query-input\":{\"@type\":\"PropertyValueSpecification\",\"valueRequired\":true,\"valueName\":\"search_term_string\"}}],\"inLanguage\":\"pt-BR\"},{\"@type\":\"Organization\",\"@id\":\"https:\/\/www.institutodeengenharia.org.br\/site\/#organization\",\"name\":\"Instituto de Engenharia\",\"url\":\"https:\/\/www.institutodeengenharia.org.br\/site\/\",\"logo\":{\"@type\":\"ImageObject\",\"inLanguage\":\"pt-BR\",\"@id\":\"https:\/\/www.institutodeengenharia.org.br\/site\/#\/schema\/logo\/image\/\",\"url\":\"https:\/\/www.institutodeengenharia.org.br\/site\/wp-content\/uploads\/2019\/03\/logo-novo-IE2018-1.jpg\",\"contentUrl\":\"https:\/\/www.institutodeengenharia.org.br\/site\/wp-content\/uploads\/2019\/03\/logo-novo-IE2018-1.jpg\",\"width\":1486,\"height\":1879,\"caption\":\"Instituto de Engenharia\"},\"image\":{\"@id\":\"https:\/\/www.institutodeengenharia.org.br\/site\/#\/schema\/logo\/image\/\"},\"sameAs\":[\"https:\/\/www.facebook.com\/institutodeengenharia\",\"https:\/\/x.com\/iengenharia\",\"https:\/\/www.instagram.com\/institutodeengenharia\/\",\"https:\/\/www.linkedin.com\/company\/instituto-de-engenharia\/\",\"https:\/\/www.youtube.com\/channel\/UCXiCAlsSMe977vamW915HxA\"]},{\"@type\":\"Person\",\"@id\":\"https:\/\/www.institutodeengenharia.org.br\/site\/#\/schema\/person\/aeb64951c405e100d26d30b033dd423f\",\"name\":\"Bianca\",\"image\":{\"@type\":\"ImageObject\",\"inLanguage\":\"pt-BR\",\"@id\":\"https:\/\/secure.gravatar.com\/avatar\/a6fbe9bff57405baf4c1e2c5c1811e072b558253974a9f9508f4678900c97c2a?s=96&d=mm&r=g\",\"url\":\"https:\/\/secure.gravatar.com\/avatar\/a6fbe9bff57405baf4c1e2c5c1811e072b558253974a9f9508f4678900c97c2a?s=96&d=mm&r=g\",\"contentUrl\":\"https:\/\/secure.gravatar.com\/avatar\/a6fbe9bff57405baf4c1e2c5c1811e072b558253974a9f9508f4678900c97c2a?s=96&d=mm&r=g\",\"caption\":\"Bianca\"},\"url\":\"https:\/\/www.institutodeengenharia.org.br\/site\/author\/comunicacao1\/\"}]}<\/script>\n<!-- \/ Yoast SEO plugin. -->","yoast_head_json":{"title":"Governan\u00e7a corporativa e a Engenharia - Instituto de Engenharia","robots":{"index":"index","follow":"follow","max-snippet":"max-snippet:-1","max-image-preview":"max-image-preview:large","max-video-preview":"max-video-preview:-1"},"canonical":"https:\/\/www.institutodeengenharia.org.br\/site\/2022\/08\/03\/governanca-corporativa-e-a-engenharia\/","og_locale":"pt_BR","og_type":"article","og_title":"Governan\u00e7a corporativa e a Engenharia","og_description":"Como os integrantes do departamento de engenharia devem se relacionar adequadamente com a alta gest\u00e3o, principalmente, na defini\u00e7\u00e3o e documenta\u00e7\u00e3o das responsabilidades profissionais, no que concerne da responsabilidade de governan\u00e7a, gest\u00e3o de riscos, contabilidade, compliance, controle interno e finan\u00e7as.","og_url":"https:\/\/www.institutodeengenharia.org.br\/site\/2022\/08\/03\/governanca-corporativa-e-a-engenharia\/","og_site_name":"Instituto de Engenharia","article_publisher":"https:\/\/www.facebook.com\/institutodeengenharia","article_published_time":"2022-08-03T18:15:15+00:00","og_image":[{"width":1920,"height":850,"url":"https:\/\/www.institutodeengenharia.org.br\/site\/wp-content\/uploads\/2022\/07\/Design-sem-nome-18m.jpg","type":"image\/jpeg"}],"author":"Bianca","twitter_card":"summary_large_image","twitter_title":"Governan\u00e7a corporativa e a Engenharia","twitter_description":"Como os integrantes do departamento de engenharia devem se relacionar adequadamente com a alta gest\u00e3o, principalmente, na defini\u00e7\u00e3o e documenta\u00e7\u00e3o das responsabilidades profissionais, no que concerne da responsabilidade de governan\u00e7a, gest\u00e3o de riscos, contabilidade, compliance, controle interno e finan\u00e7as.","twitter_image":"https:\/\/www.institutodeengenharia.org.br\/site\/wp-content\/uploads\/2022\/07\/Design-sem-nome-18m.jpg","twitter_creator":"@iengenharia","twitter_site":"@iengenharia","twitter_misc":{"Escrito por":"Bianca","Est. tempo de leitura":"3 minutos"},"schema":{"@context":"https:\/\/schema.org","@graph":[{"@type":"Article","@id":"https:\/\/www.institutodeengenharia.org.br\/site\/2022\/08\/03\/governanca-corporativa-e-a-engenharia\/#article","isPartOf":{"@id":"https:\/\/www.institutodeengenharia.org.br\/site\/2022\/08\/03\/governanca-corporativa-e-a-engenharia\/"},"author":{"name":"Bianca","@id":"https:\/\/www.institutodeengenharia.org.br\/site\/#\/schema\/person\/aeb64951c405e100d26d30b033dd423f"},"headline":"Governan\u00e7a corporativa e a Engenharia","datePublished":"2022-08-03T18:15:15+00:00","mainEntityOfPage":{"@id":"https:\/\/www.institutodeengenharia.org.br\/site\/2022\/08\/03\/governanca-corporativa-e-a-engenharia\/"},"wordCount":423,"commentCount":0,"publisher":{"@id":"https:\/\/www.institutodeengenharia.org.br\/site\/#organization"},"image":{"@id":"https:\/\/www.institutodeengenharia.org.br\/site\/2022\/08\/03\/governanca-corporativa-e-a-engenharia\/#primaryimage"},"thumbnailUrl":"https:\/\/www.institutodeengenharia.org.br\/site\/wp-content\/uploads\/2022\/07\/Design-sem-nome-18m.jpg","articleSection":["Nova TV Engenharia","Palestra"],"inLanguage":"pt-BR","potentialAction":[{"@type":"CommentAction","name":"Comment","target":["https:\/\/www.institutodeengenharia.org.br\/site\/2022\/08\/03\/governanca-corporativa-e-a-engenharia\/#respond"]}]},{"@type":"WebPage","@id":"https:\/\/www.institutodeengenharia.org.br\/site\/2022\/08\/03\/governanca-corporativa-e-a-engenharia\/","url":"https:\/\/www.institutodeengenharia.org.br\/site\/2022\/08\/03\/governanca-corporativa-e-a-engenharia\/","name":"Governan\u00e7a corporativa e a Engenharia - Instituto de Engenharia","isPartOf":{"@id":"https:\/\/www.institutodeengenharia.org.br\/site\/#website"},"primaryImageOfPage":{"@id":"https:\/\/www.institutodeengenharia.org.br\/site\/2022\/08\/03\/governanca-corporativa-e-a-engenharia\/#primaryimage"},"image":{"@id":"https:\/\/www.institutodeengenharia.org.br\/site\/2022\/08\/03\/governanca-corporativa-e-a-engenharia\/#primaryimage"},"thumbnailUrl":"https:\/\/www.institutodeengenharia.org.br\/site\/wp-content\/uploads\/2022\/07\/Design-sem-nome-18m.jpg","datePublished":"2022-08-03T18:15:15+00:00","breadcrumb":{"@id":"https:\/\/www.institutodeengenharia.org.br\/site\/2022\/08\/03\/governanca-corporativa-e-a-engenharia\/#breadcrumb"},"inLanguage":"pt-BR","potentialAction":[{"@type":"ReadAction","target":["https:\/\/www.institutodeengenharia.org.br\/site\/2022\/08\/03\/governanca-corporativa-e-a-engenharia\/"]}]},{"@type":"ImageObject","inLanguage":"pt-BR","@id":"https:\/\/www.institutodeengenharia.org.br\/site\/2022\/08\/03\/governanca-corporativa-e-a-engenharia\/#primaryimage","url":"https:\/\/www.institutodeengenharia.org.br\/site\/wp-content\/uploads\/2022\/07\/Design-sem-nome-18m.jpg","contentUrl":"https:\/\/www.institutodeengenharia.org.br\/site\/wp-content\/uploads\/2022\/07\/Design-sem-nome-18m.jpg","width":1920,"height":850},{"@type":"BreadcrumbList","@id":"https:\/\/www.institutodeengenharia.org.br\/site\/2022\/08\/03\/governanca-corporativa-e-a-engenharia\/#breadcrumb","itemListElement":[{"@type":"ListItem","position":1,"name":"In\u00edcio","item":"https:\/\/www.institutodeengenharia.org.br\/site\/"},{"@type":"ListItem","position":2,"name":"Governan\u00e7a corporativa e a Engenharia"}]},{"@type":"WebSite","@id":"https:\/\/www.institutodeengenharia.org.br\/site\/#website","url":"https:\/\/www.institutodeengenharia.org.br\/site\/","name":"Instituto de Engenharia","description":"O Instituto de Engenharia promove a Engenharia em benef\u00edcio do desenvolvimento e da qualidade de vida da sociedade.","publisher":{"@id":"https:\/\/www.institutodeengenharia.org.br\/site\/#organization"},"potentialAction":[{"@type":"SearchAction","target":{"@type":"EntryPoint","urlTemplate":"https:\/\/www.institutodeengenharia.org.br\/site\/?s={search_term_string}"},"query-input":{"@type":"PropertyValueSpecification","valueRequired":true,"valueName":"search_term_string"}}],"inLanguage":"pt-BR"},{"@type":"Organization","@id":"https:\/\/www.institutodeengenharia.org.br\/site\/#organization","name":"Instituto de Engenharia","url":"https:\/\/www.institutodeengenharia.org.br\/site\/","logo":{"@type":"ImageObject","inLanguage":"pt-BR","@id":"https:\/\/www.institutodeengenharia.org.br\/site\/#\/schema\/logo\/image\/","url":"https:\/\/www.institutodeengenharia.org.br\/site\/wp-content\/uploads\/2019\/03\/logo-novo-IE2018-1.jpg","contentUrl":"https:\/\/www.institutodeengenharia.org.br\/site\/wp-content\/uploads\/2019\/03\/logo-novo-IE2018-1.jpg","width":1486,"height":1879,"caption":"Instituto de Engenharia"},"image":{"@id":"https:\/\/www.institutodeengenharia.org.br\/site\/#\/schema\/logo\/image\/"},"sameAs":["https:\/\/www.facebook.com\/institutodeengenharia","https:\/\/x.com\/iengenharia","https:\/\/www.instagram.com\/institutodeengenharia\/","https:\/\/www.linkedin.com\/company\/instituto-de-engenharia\/","https:\/\/www.youtube.com\/channel\/UCXiCAlsSMe977vamW915HxA"]},{"@type":"Person","@id":"https:\/\/www.institutodeengenharia.org.br\/site\/#\/schema\/person\/aeb64951c405e100d26d30b033dd423f","name":"Bianca","image":{"@type":"ImageObject","inLanguage":"pt-BR","@id":"https:\/\/secure.gravatar.com\/avatar\/a6fbe9bff57405baf4c1e2c5c1811e072b558253974a9f9508f4678900c97c2a?s=96&d=mm&r=g","url":"https:\/\/secure.gravatar.com\/avatar\/a6fbe9bff57405baf4c1e2c5c1811e072b558253974a9f9508f4678900c97c2a?s=96&d=mm&r=g","contentUrl":"https:\/\/secure.gravatar.com\/avatar\/a6fbe9bff57405baf4c1e2c5c1811e072b558253974a9f9508f4678900c97c2a?s=96&d=mm&r=g","caption":"Bianca"},"url":"https:\/\/www.institutodeengenharia.org.br\/site\/author\/comunicacao1\/"}]}},"_links":{"self":[{"href":"https:\/\/www.institutodeengenharia.org.br\/site\/wp-json\/wp\/v2\/posts\/96400","targetHints":{"allow":["GET"]}}],"collection":[{"href":"https:\/\/www.institutodeengenharia.org.br\/site\/wp-json\/wp\/v2\/posts"}],"about":[{"href":"https:\/\/www.institutodeengenharia.org.br\/site\/wp-json\/wp\/v2\/types\/post"}],"author":[{"embeddable":true,"href":"https:\/\/www.institutodeengenharia.org.br\/site\/wp-json\/wp\/v2\/users\/13"}],"replies":[{"embeddable":true,"href":"https:\/\/www.institutodeengenharia.org.br\/site\/wp-json\/wp\/v2\/comments?post=96400"}],"version-history":[{"count":1,"href":"https:\/\/www.institutodeengenharia.org.br\/site\/wp-json\/wp\/v2\/posts\/96400\/revisions"}],"predecessor-version":[{"id":96401,"href":"https:\/\/www.institutodeengenharia.org.br\/site\/wp-json\/wp\/v2\/posts\/96400\/revisions\/96401"}],"wp:featuredmedia":[{"embeddable":true,"href":"https:\/\/www.institutodeengenharia.org.br\/site\/wp-json\/wp\/v2\/media\/95579"}],"wp:attachment":[{"href":"https:\/\/www.institutodeengenharia.org.br\/site\/wp-json\/wp\/v2\/media?parent=96400"}],"wp:term":[{"taxonomy":"category","embeddable":true,"href":"https:\/\/www.institutodeengenharia.org.br\/site\/wp-json\/wp\/v2\/categories?post=96400"},{"taxonomy":"post_tag","embeddable":true,"href":"https:\/\/www.institutodeengenharia.org.br\/site\/wp-json\/wp\/v2\/tags?post=96400"}],"curies":[{"name":"wp","href":"https:\/\/api.w.org\/{rel}","templated":true}]}}