{"id":95175,"date":"2022-07-01T14:22:35","date_gmt":"2022-07-01T17:22:35","guid":{"rendered":"https:\/\/www.institutodeengenharia.org.br\/site\/?p=95175"},"modified":"2022-07-04T12:15:15","modified_gmt":"2022-07-04T15:15:15","slug":"encontro-aberto-gt-amazonia-e-bioeconomia-bioeconomia-da-sociobiodiversidade-no-estado-do-para","status":"publish","type":"post","link":"https:\/\/www.institutodeengenharia.org.br\/site\/2022\/07\/01\/encontro-aberto-gt-amazonia-e-bioeconomia-bioeconomia-da-sociobiodiversidade-no-estado-do-para\/","title":{"rendered":"Encontro Aberto GT Amaz\u00f4nia e Bioeconomia \u2013 Bioeconomia da Sociobiodiversidade no Estado do Par\u00e1"},"content":{"rendered":"<p><strong>Assista abaixo \u00e0 grava\u00e7\u00e3o do evento:<\/strong><\/p>\n<div style=\"padding: 56.25% 0 0 0; position: relative;\"><iframe style=\"position: absolute; top: 0; left: 0; width: 100%; height: 100%;\" title=\"Encontro Aberto GT Amaz&amp;ocirc;nia e Bioeconomia &amp;ndash; Bioeconomia da Sociobiodiversidade no Estado do Par&amp;aacute;\" src=\"https:\/\/player.vimeo.com\/video\/725720135?h=9e44cd0847&amp;badge=0&amp;autopause=0&amp;player_id=0&amp;app_id=58479\" frameborder=\"0\" allowfullscreen=\"allowfullscreen\"><\/iframe><\/div>\n<p>&nbsp;<\/p>\n<p><strong>+ Informa\u00e7\u00e3o:<\/strong><\/p>\n<p>Durante sua apresenta\u00e7\u00e3o, a convidada Bruna Ciasca compartilhou sobre o Estudo da Sociobiodiversidade no estado do Par\u00e1, publicado em 2021. Realizado pela The Nature Conservancy (TNC), em parceria com o Banco Interamericano de Desenvolvimento (BID) e a Natura, o estudo traz an\u00e1lises socioecon\u00f4micas in\u00e9ditas sobre os impactos das cadeias produtivas da sociobiodiversidade na regi\u00e3o.<\/p>\n<p>A produ\u00e7\u00e3o da sociobiodiversidade no Par\u00e1 \u00e9 uma das mais expressivas do pa\u00eds e est\u00e1 associada \u00e0 conserva\u00e7\u00e3o de florestas e \u00e0 diversidade sociocultural de povos ind\u00edgenas, quilombolas e comunidades tradicionais. A an\u00e1lise contemplou 7 das 12 Regi\u00f5es de Integra\u00e7\u00e3o (RI) do estado, que representam 88,5% do valor de produ\u00e7\u00e3o dos produtos da sociobiodiversidade da regi\u00e3o, e analisou 30 produtos desde a produ\u00e7\u00e3o at\u00e9 a comercializa\u00e7\u00e3o.<\/p>\n<p>Na fase de discuss\u00f5es da reuni\u00e3o George Paulus, coordenador do Grupo de Trabalho Amaz\u00f4nia e Bioeconomia, destacou a necessidade de inova\u00e7\u00e3o no modelo de desenvolvimento, para que seja poss\u00edvel trazer escala \u00e0 diversidade evitando a concentra\u00e7\u00e3o da produ\u00e7\u00e3o em apenas dois ou tr\u00eas produtos. Al\u00e9m disso, o prof. Carlos Nobre trouxe como contribui\u00e7\u00e3o a sugest\u00e3o para que a an\u00e1lise seja feita a partir do sistema agroflorestal, que \u00e9 o elemento da bioeconomia, deixando de lado a perspectiva dos produtos individualizados.<\/p>\n<p>No mais, o estudo da regi\u00e3o \u00e9 uma abordagem da sociobiodiversidade como bioeconomia bioecol\u00f3gica: baseada na valoriza\u00e7\u00e3o de processos ecol\u00f3gicos inerentes \u00e0 conserva\u00e7\u00e3o florestal, que otimizam o uso de energias e nutrientes da biodiversidade. O Par\u00e1 e sua sociobiodiversidade possuem grande relev\u00e2ncia no \u00e2mbito da bioeconomia, com potencial para gerar mais de R$ 170 bilh\u00f5es em renda em 2040. Ao longo da conversa, a convidada Bruna Ciasca apresentou os resultados obtidos com valores potenciais e recomenda\u00e7\u00f5es para a implementa\u00e7\u00e3o de pol\u00edticas p\u00fablicas a fim de desenvolver uma bioeconomia baseada na floresta nativa e na sociobiodiversidade do estado.<\/p>\n<p>O estudo completo pode ser acessado atrav\u00e9s do link:\u00a0<a href=\"https:\/\/www.tnc.org.br\/content\/dam\/tnc\/nature\/en\/documents\/brasil\/projeto_amazonia_bioeconomia.pdf\">https:\/\/www.tnc.org.br\/content\/dam\/tnc\/nature\/en\/documents\/brasil\/projeto_amazonia_bioeconomia.pdf<\/a><\/p>\n<p><strong>Realiza\u00e7\u00e3o:<\/strong><\/p>\n<p><img loading=\"lazy\" decoding=\"async\" class=\"wp-image-81229 alignleft td-animation-stack-type0-2\" src=\"https:\/\/www.institutodeengenharia.org.br\/site\/wp-content\/uploads\/2021\/05\/ie-logo-escudo.jpeg\" alt=\"\" width=\"126\" height=\"159\" srcset=\"https:\/\/www.institutodeengenharia.org.br\/site\/wp-content\/uploads\/2021\/05\/ie-logo-escudo.jpeg 1012w, https:\/\/www.institutodeengenharia.org.br\/site\/wp-content\/uploads\/2021\/05\/ie-logo-escudo-237x300.jpeg 237w, https:\/\/www.institutodeengenharia.org.br\/site\/wp-content\/uploads\/2021\/05\/ie-logo-escudo-810x1024.jpeg 810w, https:\/\/www.institutodeengenharia.org.br\/site\/wp-content\/uploads\/2021\/05\/ie-logo-escudo-768x971.jpeg 768w, https:\/\/www.institutodeengenharia.org.br\/site\/wp-content\/uploads\/2021\/05\/ie-logo-escudo-696x880.jpeg 696w, https:\/\/www.institutodeengenharia.org.br\/site\/wp-content\/uploads\/2021\/05\/ie-logo-escudo-332x420.jpeg 332w, https:\/\/www.institutodeengenharia.org.br\/site\/wp-content\/uploads\/2021\/05\/ie-logo-escudo-600x759.jpeg 600w\" sizes=\"auto, (max-width: 126px) 100vw, 126px\" \/><\/p>\n<p><strong>Eng. Paulo Ferreira<\/strong>\u00a0\u2013 Presidente do Instituto de Engenharia<\/p>\n<p><strong>GT Amaz\u00f4nia e Bioeconomia<\/strong><\/p>\n<p>&nbsp;<\/p>\n<p>&nbsp;<\/p>\n<p><strong>Apoio Institucional:<\/strong><\/p>\n<p><img loading=\"lazy\" decoding=\"async\" class=\"alignnone wp-image-77696 td-animation-stack-type0-2\" src=\"https:\/\/www.institutodeengenharia.org.br\/site\/wp-content\/uploads\/2021\/02\/crea.jpg\" alt=\"\" width=\"140\" height=\"98\" srcset=\"https:\/\/www.institutodeengenharia.org.br\/site\/wp-content\/uploads\/2021\/02\/crea.jpg 448w, https:\/\/www.institutodeengenharia.org.br\/site\/wp-content\/uploads\/2021\/02\/crea-300x211.jpg 300w, https:\/\/www.institutodeengenharia.org.br\/site\/wp-content\/uploads\/2021\/02\/crea-100x70.jpg 100w\" sizes=\"auto, (max-width: 140px) 100vw, 140px\" \/><\/p>\n<p><strong>Apoio \u00e0 forma\u00e7\u00e3o:\u00a0<\/strong><\/p>\n<p>Espa\u00e7o aberto ao CREA-SP, objetivando o aperfei\u00e7oamento dos profissionais e o aprimoramento da fiscaliza\u00e7\u00e3o das \u00e1reas abrangidas pelo Sistema Confea\/CREAs, al\u00e9m de promover a conscientiza\u00e7\u00e3o da sociedade quanto \u00e0 necessidade e obrigatoriedade de contratar um profissional devidamente habilitado.<\/p>\n<div class=\"wp-video\"><\/div>\n","protected":false},"excerpt":{"rendered":"<p>Assista abaixo \u00e0 grava\u00e7\u00e3o do evento: &nbsp; + Informa\u00e7\u00e3o: Durante sua apresenta\u00e7\u00e3o, a convidada Bruna Ciasca compartilhou sobre o Estudo da Sociobiodiversidade no estado do Par\u00e1, publicado em 2021. Realizado pela The Nature Conservancy (TNC), em parceria com o Banco Interamericano de Desenvolvimento (BID) e a Natura, o estudo traz an\u00e1lises socioecon\u00f4micas in\u00e9ditas sobre os [&hellip;]<\/p>\n","protected":false},"author":13,"featured_media":93699,"comment_status":"open","ping_status":"open","sticky":false,"template":"","format":"standard","meta":{"footnotes":""},"categories":[968,969],"tags":[1176],"class_list":{"0":"post-95175","1":"post","2":"type-post","3":"status-publish","4":"format-standard","5":"has-post-thumbnail","7":"category-nova-tv-engenharia","8":"category-palestra","9":"tag-video-home"},"yoast_head":"<!-- This site is optimized with the Yoast SEO plugin v27.2 - https:\/\/yoast.com\/product\/yoast-seo-wordpress\/ -->\n<title>Encontro Aberto GT Amaz\u00f4nia e Bioeconomia \u2013 Bioeconomia da Sociobiodiversidade no Estado do Par\u00e1 - Instituto de Engenharia<\/title>\n<meta name=\"robots\" content=\"index, follow, max-snippet:-1, max-image-preview:large, max-video-preview:-1\" \/>\n<link rel=\"canonical\" href=\"https:\/\/www.institutodeengenharia.org.br\/site\/2022\/07\/01\/encontro-aberto-gt-amazonia-e-bioeconomia-bioeconomia-da-sociobiodiversidade-no-estado-do-para\/\" \/>\n<meta property=\"og:locale\" content=\"pt_BR\" \/>\n<meta property=\"og:type\" content=\"article\" \/>\n<meta property=\"og:title\" content=\"Encontro Aberto GT Amaz\u00f4nia e Bioeconomia \u2013 Bioeconomia da Sociobiodiversidade no Estado do Par\u00e1\" \/>\n<meta property=\"og:description\" content=\"Durante sua apresenta\u00e7\u00e3o, a convidada Bruna Ciasca compartilhou sobre o Estudo da Sociobiodiversidade no estado do Par\u00e1, publicado em 2021. Realizado pela The Nature Conservancy (TNC), em parceria com o Banco Interamericano de Desenvolvimento (BID) e a Natura, o estudo traz an\u00e1lises socioecon\u00f4micas in\u00e9ditas sobre os impactos das cadeias produtivas da sociobiodiversidade na regi\u00e3o.\" \/>\n<meta property=\"og:url\" content=\"https:\/\/www.institutodeengenharia.org.br\/site\/2022\/07\/01\/encontro-aberto-gt-amazonia-e-bioeconomia-bioeconomia-da-sociobiodiversidade-no-estado-do-para\/\" \/>\n<meta property=\"og:site_name\" content=\"Instituto de Engenharia\" \/>\n<meta property=\"article:publisher\" content=\"https:\/\/www.facebook.com\/institutodeengenharia\" \/>\n<meta property=\"article:published_time\" content=\"2022-07-01T17:22:35+00:00\" \/>\n<meta property=\"article:modified_time\" content=\"2022-07-04T15:15:15+00:00\" \/>\n<meta property=\"og:image\" content=\"https:\/\/www.institutodeengenharia.org.br\/site\/wp-content\/uploads\/2022\/04\/the-bosque-rodrigues-alves-g3ceb64712_1920.jpg\" \/>\n\t<meta property=\"og:image:width\" content=\"1920\" \/>\n\t<meta property=\"og:image:height\" content=\"1280\" \/>\n\t<meta property=\"og:image:type\" content=\"image\/jpeg\" \/>\n<meta name=\"author\" content=\"Bianca\" \/>\n<meta name=\"twitter:card\" content=\"summary_large_image\" \/>\n<meta name=\"twitter:title\" content=\"Encontro Aberto GT Amaz\u00f4nia e Bioeconomia \u2013 Bioeconomia da Sociobiodiversidade no Estado do Par\u00e1\" \/>\n<meta name=\"twitter:description\" content=\"Durante sua apresenta\u00e7\u00e3o, a convidada Bruna Ciasca compartilhou sobre o Estudo da Sociobiodiversidade no estado do Par\u00e1, publicado em 2021. Realizado pela The Nature Conservancy (TNC), em parceria com o Banco Interamericano de Desenvolvimento (BID) e a Natura, o estudo traz an\u00e1lises socioecon\u00f4micas in\u00e9ditas sobre os impactos das cadeias produtivas da sociobiodiversidade na regi\u00e3o.\" \/>\n<meta name=\"twitter:image\" content=\"https:\/\/www.institutodeengenharia.org.br\/site\/wp-content\/uploads\/2022\/04\/the-bosque-rodrigues-alves-g3ceb64712_1920.jpg\" \/>\n<meta name=\"twitter:creator\" content=\"@iengenharia\" \/>\n<meta name=\"twitter:site\" content=\"@iengenharia\" \/>\n<meta name=\"twitter:label1\" content=\"Escrito por\" \/>\n\t<meta name=\"twitter:data1\" content=\"Bianca\" \/>\n\t<meta name=\"twitter:label2\" content=\"Est. tempo de leitura\" \/>\n\t<meta name=\"twitter:data2\" content=\"3 minutos\" \/>\n<script type=\"application\/ld+json\" class=\"yoast-schema-graph\">{\"@context\":\"https:\/\/schema.org\",\"@graph\":[{\"@type\":\"Article\",\"@id\":\"https:\/\/www.institutodeengenharia.org.br\/site\/2022\/07\/01\/encontro-aberto-gt-amazonia-e-bioeconomia-bioeconomia-da-sociobiodiversidade-no-estado-do-para\/#article\",\"isPartOf\":{\"@id\":\"https:\/\/www.institutodeengenharia.org.br\/site\/2022\/07\/01\/encontro-aberto-gt-amazonia-e-bioeconomia-bioeconomia-da-sociobiodiversidade-no-estado-do-para\/\"},\"author\":{\"name\":\"Bianca\",\"@id\":\"https:\/\/www.institutodeengenharia.org.br\/site\/#\/schema\/person\/aeb64951c405e100d26d30b033dd423f\"},\"headline\":\"Encontro Aberto GT Amaz\u00f4nia e Bioeconomia \u2013 Bioeconomia da Sociobiodiversidade no Estado do Par\u00e1\",\"datePublished\":\"2022-07-01T17:22:35+00:00\",\"dateModified\":\"2022-07-04T15:15:15+00:00\",\"mainEntityOfPage\":{\"@id\":\"https:\/\/www.institutodeengenharia.org.br\/site\/2022\/07\/01\/encontro-aberto-gt-amazonia-e-bioeconomia-bioeconomia-da-sociobiodiversidade-no-estado-do-para\/\"},\"wordCount\":436,\"commentCount\":0,\"publisher\":{\"@id\":\"https:\/\/www.institutodeengenharia.org.br\/site\/#organization\"},\"image\":{\"@id\":\"https:\/\/www.institutodeengenharia.org.br\/site\/2022\/07\/01\/encontro-aberto-gt-amazonia-e-bioeconomia-bioeconomia-da-sociobiodiversidade-no-estado-do-para\/#primaryimage\"},\"thumbnailUrl\":\"https:\/\/www.institutodeengenharia.org.br\/site\/wp-content\/uploads\/2022\/04\/the-bosque-rodrigues-alves-g3ceb64712_1920.jpg\",\"keywords\":[\"video-home\"],\"articleSection\":[\"Nova TV Engenharia\",\"Palestra\"],\"inLanguage\":\"pt-BR\",\"potentialAction\":[{\"@type\":\"CommentAction\",\"name\":\"Comment\",\"target\":[\"https:\/\/www.institutodeengenharia.org.br\/site\/2022\/07\/01\/encontro-aberto-gt-amazonia-e-bioeconomia-bioeconomia-da-sociobiodiversidade-no-estado-do-para\/#respond\"]}]},{\"@type\":\"WebPage\",\"@id\":\"https:\/\/www.institutodeengenharia.org.br\/site\/2022\/07\/01\/encontro-aberto-gt-amazonia-e-bioeconomia-bioeconomia-da-sociobiodiversidade-no-estado-do-para\/\",\"url\":\"https:\/\/www.institutodeengenharia.org.br\/site\/2022\/07\/01\/encontro-aberto-gt-amazonia-e-bioeconomia-bioeconomia-da-sociobiodiversidade-no-estado-do-para\/\",\"name\":\"Encontro Aberto GT Amaz\u00f4nia e Bioeconomia \u2013 Bioeconomia da Sociobiodiversidade no Estado do Par\u00e1 - Instituto de Engenharia\",\"isPartOf\":{\"@id\":\"https:\/\/www.institutodeengenharia.org.br\/site\/#website\"},\"primaryImageOfPage\":{\"@id\":\"https:\/\/www.institutodeengenharia.org.br\/site\/2022\/07\/01\/encontro-aberto-gt-amazonia-e-bioeconomia-bioeconomia-da-sociobiodiversidade-no-estado-do-para\/#primaryimage\"},\"image\":{\"@id\":\"https:\/\/www.institutodeengenharia.org.br\/site\/2022\/07\/01\/encontro-aberto-gt-amazonia-e-bioeconomia-bioeconomia-da-sociobiodiversidade-no-estado-do-para\/#primaryimage\"},\"thumbnailUrl\":\"https:\/\/www.institutodeengenharia.org.br\/site\/wp-content\/uploads\/2022\/04\/the-bosque-rodrigues-alves-g3ceb64712_1920.jpg\",\"datePublished\":\"2022-07-01T17:22:35+00:00\",\"dateModified\":\"2022-07-04T15:15:15+00:00\",\"breadcrumb\":{\"@id\":\"https:\/\/www.institutodeengenharia.org.br\/site\/2022\/07\/01\/encontro-aberto-gt-amazonia-e-bioeconomia-bioeconomia-da-sociobiodiversidade-no-estado-do-para\/#breadcrumb\"},\"inLanguage\":\"pt-BR\",\"potentialAction\":[{\"@type\":\"ReadAction\",\"target\":[\"https:\/\/www.institutodeengenharia.org.br\/site\/2022\/07\/01\/encontro-aberto-gt-amazonia-e-bioeconomia-bioeconomia-da-sociobiodiversidade-no-estado-do-para\/\"]}]},{\"@type\":\"ImageObject\",\"inLanguage\":\"pt-BR\",\"@id\":\"https:\/\/www.institutodeengenharia.org.br\/site\/2022\/07\/01\/encontro-aberto-gt-amazonia-e-bioeconomia-bioeconomia-da-sociobiodiversidade-no-estado-do-para\/#primaryimage\",\"url\":\"https:\/\/www.institutodeengenharia.org.br\/site\/wp-content\/uploads\/2022\/04\/the-bosque-rodrigues-alves-g3ceb64712_1920.jpg\",\"contentUrl\":\"https:\/\/www.institutodeengenharia.org.br\/site\/wp-content\/uploads\/2022\/04\/the-bosque-rodrigues-alves-g3ceb64712_1920.jpg\",\"width\":1920,\"height\":1280},{\"@type\":\"BreadcrumbList\",\"@id\":\"https:\/\/www.institutodeengenharia.org.br\/site\/2022\/07\/01\/encontro-aberto-gt-amazonia-e-bioeconomia-bioeconomia-da-sociobiodiversidade-no-estado-do-para\/#breadcrumb\",\"itemListElement\":[{\"@type\":\"ListItem\",\"position\":1,\"name\":\"In\u00edcio\",\"item\":\"https:\/\/www.institutodeengenharia.org.br\/site\/\"},{\"@type\":\"ListItem\",\"position\":2,\"name\":\"Encontro Aberto GT Amaz\u00f4nia e Bioeconomia \u2013 Bioeconomia da Sociobiodiversidade no Estado do Par\u00e1\"}]},{\"@type\":\"WebSite\",\"@id\":\"https:\/\/www.institutodeengenharia.org.br\/site\/#website\",\"url\":\"https:\/\/www.institutodeengenharia.org.br\/site\/\",\"name\":\"Instituto de Engenharia\",\"description\":\"O Instituto de Engenharia promove a Engenharia em benef\u00edcio do desenvolvimento e da qualidade de vida da sociedade.\",\"publisher\":{\"@id\":\"https:\/\/www.institutodeengenharia.org.br\/site\/#organization\"},\"potentialAction\":[{\"@type\":\"SearchAction\",\"target\":{\"@type\":\"EntryPoint\",\"urlTemplate\":\"https:\/\/www.institutodeengenharia.org.br\/site\/?s={search_term_string}\"},\"query-input\":{\"@type\":\"PropertyValueSpecification\",\"valueRequired\":true,\"valueName\":\"search_term_string\"}}],\"inLanguage\":\"pt-BR\"},{\"@type\":\"Organization\",\"@id\":\"https:\/\/www.institutodeengenharia.org.br\/site\/#organization\",\"name\":\"Instituto de Engenharia\",\"url\":\"https:\/\/www.institutodeengenharia.org.br\/site\/\",\"logo\":{\"@type\":\"ImageObject\",\"inLanguage\":\"pt-BR\",\"@id\":\"https:\/\/www.institutodeengenharia.org.br\/site\/#\/schema\/logo\/image\/\",\"url\":\"https:\/\/www.institutodeengenharia.org.br\/site\/wp-content\/uploads\/2019\/03\/logo-novo-IE2018-1.jpg\",\"contentUrl\":\"https:\/\/www.institutodeengenharia.org.br\/site\/wp-content\/uploads\/2019\/03\/logo-novo-IE2018-1.jpg\",\"width\":1486,\"height\":1879,\"caption\":\"Instituto de Engenharia\"},\"image\":{\"@id\":\"https:\/\/www.institutodeengenharia.org.br\/site\/#\/schema\/logo\/image\/\"},\"sameAs\":[\"https:\/\/www.facebook.com\/institutodeengenharia\",\"https:\/\/x.com\/iengenharia\",\"https:\/\/www.instagram.com\/institutodeengenharia\/\",\"https:\/\/www.linkedin.com\/company\/instituto-de-engenharia\/\",\"https:\/\/www.youtube.com\/channel\/UCXiCAlsSMe977vamW915HxA\"]},{\"@type\":\"Person\",\"@id\":\"https:\/\/www.institutodeengenharia.org.br\/site\/#\/schema\/person\/aeb64951c405e100d26d30b033dd423f\",\"name\":\"Bianca\",\"image\":{\"@type\":\"ImageObject\",\"inLanguage\":\"pt-BR\",\"@id\":\"https:\/\/secure.gravatar.com\/avatar\/a6fbe9bff57405baf4c1e2c5c1811e072b558253974a9f9508f4678900c97c2a?s=96&d=mm&r=g\",\"url\":\"https:\/\/secure.gravatar.com\/avatar\/a6fbe9bff57405baf4c1e2c5c1811e072b558253974a9f9508f4678900c97c2a?s=96&d=mm&r=g\",\"contentUrl\":\"https:\/\/secure.gravatar.com\/avatar\/a6fbe9bff57405baf4c1e2c5c1811e072b558253974a9f9508f4678900c97c2a?s=96&d=mm&r=g\",\"caption\":\"Bianca\"},\"url\":\"https:\/\/www.institutodeengenharia.org.br\/site\/author\/comunicacao1\/\"}]}<\/script>\n<!-- \/ Yoast SEO plugin. -->","yoast_head_json":{"title":"Encontro Aberto GT Amaz\u00f4nia e Bioeconomia \u2013 Bioeconomia da Sociobiodiversidade no Estado do Par\u00e1 - Instituto de Engenharia","robots":{"index":"index","follow":"follow","max-snippet":"max-snippet:-1","max-image-preview":"max-image-preview:large","max-video-preview":"max-video-preview:-1"},"canonical":"https:\/\/www.institutodeengenharia.org.br\/site\/2022\/07\/01\/encontro-aberto-gt-amazonia-e-bioeconomia-bioeconomia-da-sociobiodiversidade-no-estado-do-para\/","og_locale":"pt_BR","og_type":"article","og_title":"Encontro Aberto GT Amaz\u00f4nia e Bioeconomia \u2013 Bioeconomia da Sociobiodiversidade no Estado do Par\u00e1","og_description":"Durante sua apresenta\u00e7\u00e3o, a convidada Bruna Ciasca compartilhou sobre o Estudo da Sociobiodiversidade no estado do Par\u00e1, publicado em 2021. Realizado pela The Nature Conservancy (TNC), em parceria com o Banco Interamericano de Desenvolvimento (BID) e a Natura, o estudo traz an\u00e1lises socioecon\u00f4micas in\u00e9ditas sobre os impactos das cadeias produtivas da sociobiodiversidade na regi\u00e3o.","og_url":"https:\/\/www.institutodeengenharia.org.br\/site\/2022\/07\/01\/encontro-aberto-gt-amazonia-e-bioeconomia-bioeconomia-da-sociobiodiversidade-no-estado-do-para\/","og_site_name":"Instituto de Engenharia","article_publisher":"https:\/\/www.facebook.com\/institutodeengenharia","article_published_time":"2022-07-01T17:22:35+00:00","article_modified_time":"2022-07-04T15:15:15+00:00","og_image":[{"width":1920,"height":1280,"url":"https:\/\/www.institutodeengenharia.org.br\/site\/wp-content\/uploads\/2022\/04\/the-bosque-rodrigues-alves-g3ceb64712_1920.jpg","type":"image\/jpeg"}],"author":"Bianca","twitter_card":"summary_large_image","twitter_title":"Encontro Aberto GT Amaz\u00f4nia e Bioeconomia \u2013 Bioeconomia da Sociobiodiversidade no Estado do Par\u00e1","twitter_description":"Durante sua apresenta\u00e7\u00e3o, a convidada Bruna Ciasca compartilhou sobre o Estudo da Sociobiodiversidade no estado do Par\u00e1, publicado em 2021. Realizado pela The Nature Conservancy (TNC), em parceria com o Banco Interamericano de Desenvolvimento (BID) e a Natura, o estudo traz an\u00e1lises socioecon\u00f4micas in\u00e9ditas sobre os impactos das cadeias produtivas da sociobiodiversidade na regi\u00e3o.","twitter_image":"https:\/\/www.institutodeengenharia.org.br\/site\/wp-content\/uploads\/2022\/04\/the-bosque-rodrigues-alves-g3ceb64712_1920.jpg","twitter_creator":"@iengenharia","twitter_site":"@iengenharia","twitter_misc":{"Escrito por":"Bianca","Est. tempo de leitura":"3 minutos"},"schema":{"@context":"https:\/\/schema.org","@graph":[{"@type":"Article","@id":"https:\/\/www.institutodeengenharia.org.br\/site\/2022\/07\/01\/encontro-aberto-gt-amazonia-e-bioeconomia-bioeconomia-da-sociobiodiversidade-no-estado-do-para\/#article","isPartOf":{"@id":"https:\/\/www.institutodeengenharia.org.br\/site\/2022\/07\/01\/encontro-aberto-gt-amazonia-e-bioeconomia-bioeconomia-da-sociobiodiversidade-no-estado-do-para\/"},"author":{"name":"Bianca","@id":"https:\/\/www.institutodeengenharia.org.br\/site\/#\/schema\/person\/aeb64951c405e100d26d30b033dd423f"},"headline":"Encontro Aberto GT Amaz\u00f4nia e Bioeconomia \u2013 Bioeconomia da Sociobiodiversidade no Estado do Par\u00e1","datePublished":"2022-07-01T17:22:35+00:00","dateModified":"2022-07-04T15:15:15+00:00","mainEntityOfPage":{"@id":"https:\/\/www.institutodeengenharia.org.br\/site\/2022\/07\/01\/encontro-aberto-gt-amazonia-e-bioeconomia-bioeconomia-da-sociobiodiversidade-no-estado-do-para\/"},"wordCount":436,"commentCount":0,"publisher":{"@id":"https:\/\/www.institutodeengenharia.org.br\/site\/#organization"},"image":{"@id":"https:\/\/www.institutodeengenharia.org.br\/site\/2022\/07\/01\/encontro-aberto-gt-amazonia-e-bioeconomia-bioeconomia-da-sociobiodiversidade-no-estado-do-para\/#primaryimage"},"thumbnailUrl":"https:\/\/www.institutodeengenharia.org.br\/site\/wp-content\/uploads\/2022\/04\/the-bosque-rodrigues-alves-g3ceb64712_1920.jpg","keywords":["video-home"],"articleSection":["Nova TV Engenharia","Palestra"],"inLanguage":"pt-BR","potentialAction":[{"@type":"CommentAction","name":"Comment","target":["https:\/\/www.institutodeengenharia.org.br\/site\/2022\/07\/01\/encontro-aberto-gt-amazonia-e-bioeconomia-bioeconomia-da-sociobiodiversidade-no-estado-do-para\/#respond"]}]},{"@type":"WebPage","@id":"https:\/\/www.institutodeengenharia.org.br\/site\/2022\/07\/01\/encontro-aberto-gt-amazonia-e-bioeconomia-bioeconomia-da-sociobiodiversidade-no-estado-do-para\/","url":"https:\/\/www.institutodeengenharia.org.br\/site\/2022\/07\/01\/encontro-aberto-gt-amazonia-e-bioeconomia-bioeconomia-da-sociobiodiversidade-no-estado-do-para\/","name":"Encontro Aberto GT Amaz\u00f4nia e Bioeconomia \u2013 Bioeconomia da Sociobiodiversidade no Estado do Par\u00e1 - Instituto de Engenharia","isPartOf":{"@id":"https:\/\/www.institutodeengenharia.org.br\/site\/#website"},"primaryImageOfPage":{"@id":"https:\/\/www.institutodeengenharia.org.br\/site\/2022\/07\/01\/encontro-aberto-gt-amazonia-e-bioeconomia-bioeconomia-da-sociobiodiversidade-no-estado-do-para\/#primaryimage"},"image":{"@id":"https:\/\/www.institutodeengenharia.org.br\/site\/2022\/07\/01\/encontro-aberto-gt-amazonia-e-bioeconomia-bioeconomia-da-sociobiodiversidade-no-estado-do-para\/#primaryimage"},"thumbnailUrl":"https:\/\/www.institutodeengenharia.org.br\/site\/wp-content\/uploads\/2022\/04\/the-bosque-rodrigues-alves-g3ceb64712_1920.jpg","datePublished":"2022-07-01T17:22:35+00:00","dateModified":"2022-07-04T15:15:15+00:00","breadcrumb":{"@id":"https:\/\/www.institutodeengenharia.org.br\/site\/2022\/07\/01\/encontro-aberto-gt-amazonia-e-bioeconomia-bioeconomia-da-sociobiodiversidade-no-estado-do-para\/#breadcrumb"},"inLanguage":"pt-BR","potentialAction":[{"@type":"ReadAction","target":["https:\/\/www.institutodeengenharia.org.br\/site\/2022\/07\/01\/encontro-aberto-gt-amazonia-e-bioeconomia-bioeconomia-da-sociobiodiversidade-no-estado-do-para\/"]}]},{"@type":"ImageObject","inLanguage":"pt-BR","@id":"https:\/\/www.institutodeengenharia.org.br\/site\/2022\/07\/01\/encontro-aberto-gt-amazonia-e-bioeconomia-bioeconomia-da-sociobiodiversidade-no-estado-do-para\/#primaryimage","url":"https:\/\/www.institutodeengenharia.org.br\/site\/wp-content\/uploads\/2022\/04\/the-bosque-rodrigues-alves-g3ceb64712_1920.jpg","contentUrl":"https:\/\/www.institutodeengenharia.org.br\/site\/wp-content\/uploads\/2022\/04\/the-bosque-rodrigues-alves-g3ceb64712_1920.jpg","width":1920,"height":1280},{"@type":"BreadcrumbList","@id":"https:\/\/www.institutodeengenharia.org.br\/site\/2022\/07\/01\/encontro-aberto-gt-amazonia-e-bioeconomia-bioeconomia-da-sociobiodiversidade-no-estado-do-para\/#breadcrumb","itemListElement":[{"@type":"ListItem","position":1,"name":"In\u00edcio","item":"https:\/\/www.institutodeengenharia.org.br\/site\/"},{"@type":"ListItem","position":2,"name":"Encontro Aberto GT Amaz\u00f4nia e Bioeconomia \u2013 Bioeconomia da Sociobiodiversidade no Estado do Par\u00e1"}]},{"@type":"WebSite","@id":"https:\/\/www.institutodeengenharia.org.br\/site\/#website","url":"https:\/\/www.institutodeengenharia.org.br\/site\/","name":"Instituto de Engenharia","description":"O Instituto de Engenharia promove a Engenharia em benef\u00edcio do desenvolvimento e da qualidade de vida da sociedade.","publisher":{"@id":"https:\/\/www.institutodeengenharia.org.br\/site\/#organization"},"potentialAction":[{"@type":"SearchAction","target":{"@type":"EntryPoint","urlTemplate":"https:\/\/www.institutodeengenharia.org.br\/site\/?s={search_term_string}"},"query-input":{"@type":"PropertyValueSpecification","valueRequired":true,"valueName":"search_term_string"}}],"inLanguage":"pt-BR"},{"@type":"Organization","@id":"https:\/\/www.institutodeengenharia.org.br\/site\/#organization","name":"Instituto de Engenharia","url":"https:\/\/www.institutodeengenharia.org.br\/site\/","logo":{"@type":"ImageObject","inLanguage":"pt-BR","@id":"https:\/\/www.institutodeengenharia.org.br\/site\/#\/schema\/logo\/image\/","url":"https:\/\/www.institutodeengenharia.org.br\/site\/wp-content\/uploads\/2019\/03\/logo-novo-IE2018-1.jpg","contentUrl":"https:\/\/www.institutodeengenharia.org.br\/site\/wp-content\/uploads\/2019\/03\/logo-novo-IE2018-1.jpg","width":1486,"height":1879,"caption":"Instituto de Engenharia"},"image":{"@id":"https:\/\/www.institutodeengenharia.org.br\/site\/#\/schema\/logo\/image\/"},"sameAs":["https:\/\/www.facebook.com\/institutodeengenharia","https:\/\/x.com\/iengenharia","https:\/\/www.instagram.com\/institutodeengenharia\/","https:\/\/www.linkedin.com\/company\/instituto-de-engenharia\/","https:\/\/www.youtube.com\/channel\/UCXiCAlsSMe977vamW915HxA"]},{"@type":"Person","@id":"https:\/\/www.institutodeengenharia.org.br\/site\/#\/schema\/person\/aeb64951c405e100d26d30b033dd423f","name":"Bianca","image":{"@type":"ImageObject","inLanguage":"pt-BR","@id":"https:\/\/secure.gravatar.com\/avatar\/a6fbe9bff57405baf4c1e2c5c1811e072b558253974a9f9508f4678900c97c2a?s=96&d=mm&r=g","url":"https:\/\/secure.gravatar.com\/avatar\/a6fbe9bff57405baf4c1e2c5c1811e072b558253974a9f9508f4678900c97c2a?s=96&d=mm&r=g","contentUrl":"https:\/\/secure.gravatar.com\/avatar\/a6fbe9bff57405baf4c1e2c5c1811e072b558253974a9f9508f4678900c97c2a?s=96&d=mm&r=g","caption":"Bianca"},"url":"https:\/\/www.institutodeengenharia.org.br\/site\/author\/comunicacao1\/"}]}},"_links":{"self":[{"href":"https:\/\/www.institutodeengenharia.org.br\/site\/wp-json\/wp\/v2\/posts\/95175","targetHints":{"allow":["GET"]}}],"collection":[{"href":"https:\/\/www.institutodeengenharia.org.br\/site\/wp-json\/wp\/v2\/posts"}],"about":[{"href":"https:\/\/www.institutodeengenharia.org.br\/site\/wp-json\/wp\/v2\/types\/post"}],"author":[{"embeddable":true,"href":"https:\/\/www.institutodeengenharia.org.br\/site\/wp-json\/wp\/v2\/users\/13"}],"replies":[{"embeddable":true,"href":"https:\/\/www.institutodeengenharia.org.br\/site\/wp-json\/wp\/v2\/comments?post=95175"}],"version-history":[{"count":2,"href":"https:\/\/www.institutodeengenharia.org.br\/site\/wp-json\/wp\/v2\/posts\/95175\/revisions"}],"predecessor-version":[{"id":95202,"href":"https:\/\/www.institutodeengenharia.org.br\/site\/wp-json\/wp\/v2\/posts\/95175\/revisions\/95202"}],"wp:featuredmedia":[{"embeddable":true,"href":"https:\/\/www.institutodeengenharia.org.br\/site\/wp-json\/wp\/v2\/media\/93699"}],"wp:attachment":[{"href":"https:\/\/www.institutodeengenharia.org.br\/site\/wp-json\/wp\/v2\/media?parent=95175"}],"wp:term":[{"taxonomy":"category","embeddable":true,"href":"https:\/\/www.institutodeengenharia.org.br\/site\/wp-json\/wp\/v2\/categories?post=95175"},{"taxonomy":"post_tag","embeddable":true,"href":"https:\/\/www.institutodeengenharia.org.br\/site\/wp-json\/wp\/v2\/tags?post=95175"}],"curies":[{"name":"wp","href":"https:\/\/api.w.org\/{rel}","templated":true}]}}