{"id":95007,"date":"2022-06-27T15:35:14","date_gmt":"2022-06-27T18:35:14","guid":{"rendered":"https:\/\/www.institutodeengenharia.org.br\/site\/?p=95007"},"modified":"2022-06-27T15:37:09","modified_gmt":"2022-06-27T18:37:09","slug":"a-relevancia-do-amortecimento-em-estruturas-de-concreto-submetidas-a-diversas-acoes-dinamicas","status":"publish","type":"post","link":"https:\/\/www.institutodeengenharia.org.br\/site\/2022\/06\/27\/a-relevancia-do-amortecimento-em-estruturas-de-concreto-submetidas-a-diversas-acoes-dinamicas\/","title":{"rendered":"A relev\u00e2ncia do amortecimento em estruturas de concreto submetidas a diversas a\u00e7\u00f5es din\u00e2micas"},"content":{"rendered":"<p><strong>Assista abaixo \u00e0 grava\u00e7\u00e3o do evento:\u00a0<\/strong><\/p>\n<div style=\"padding: 56.25% 0 0 0; position: relative;\"><iframe style=\"position: absolute; top: 0; left: 0; width: 100%; height: 100%;\" title=\"A relev&amp;acirc;ncia do amortecimento em estruturas de concreto submetidas a diversas a&amp;ccedil;&amp;otilde;es din&amp;acirc;micas\" src=\"https:\/\/player.vimeo.com\/video\/720761277?h=b7110f2e2e&amp;badge=0&amp;autopause=0&amp;player_id=0&amp;app_id=58479\" frameborder=\"0\" allowfullscreen=\"allowfullscreen\"><\/iframe><\/div>\n<p><script src=\"https:\/\/player.vimeo.com\/api\/player.js\"><\/script><strong>+ Informa\u00e7\u00f5es:\u00a0<\/strong><\/p>\n<p>Apresenta\u00e7\u00e3o dos conceitos fundamentais e demonstra\u00e7\u00e3o da relev\u00e2ncia e complexidade do amortecimento por meio de casos exemplos de estruturas de concreto (pontes, edif\u00edcios e torres) submetidas a a\u00e7\u00f5es din\u00e2micas (ambientais, mec\u00e2nicas e humanas). Discuss\u00e3o dos procedimentos usuais para determina\u00e7\u00e3o experimental das taxas de amortecimento e descri\u00e7\u00e3o sum\u00e1ria dos modelos matem\u00e1tico-computacionais 3D, calibrados experimentalmente, utilizados para an\u00e1lise do comportamento e da estabilidade din\u00e2mica da estrutura.<\/p>\n<p><strong>P\u00fablico-alvo:<\/strong><\/p>\n<p>Estudantes de engenharia e engenheiros.<\/p>\n<p>&nbsp;<\/p>\n<p><strong><img loading=\"lazy\" decoding=\"async\" class=\"wp-image-73069 alignleft\" src=\"https:\/\/www.institutodeengenharia.org.br\/site\/wp-content\/uploads\/2020\/11\/logo-novo-IE2018-1.jpg\" alt=\"\" width=\"129\" height=\"163\" srcset=\"https:\/\/www.institutodeengenharia.org.br\/site\/wp-content\/uploads\/2020\/11\/logo-novo-IE2018-1.jpg 272w, https:\/\/www.institutodeengenharia.org.br\/site\/wp-content\/uploads\/2020\/11\/logo-novo-IE2018-1-237x300.jpg 237w\" sizes=\"auto, (max-width: 129px) 100vw, 129px\" \/>Realiza\u00e7\u00e3o:<\/strong><\/p>\n<p><strong>Eng. Ivan Metran Whately<\/strong> \u2013 Vice-Presidente de Atividades T\u00e9cnicas<br \/>\n<strong>Eng. Francisco Jos\u00e9 Pereira de Oliveira<\/strong> \u2013 Diretor do Departamento de Desenvolvimento de Projeto e Servi\u00e7os de Infraestrutura<br \/>\n<strong>Eng. Rafael Timerman<\/strong> \u2013 Coordenador da Divis\u00e3o T\u00e9cnica de Estruturas e Controle Tecnol\u00f3gico<\/p>\n<p>&nbsp;<\/p>\n<p><strong>Correaliza\u00e7\u00e3o:<\/strong><\/p>\n<p><img loading=\"lazy\" decoding=\"async\" class=\"alignnone size-full wp-image-91963\" src=\"https:\/\/www.institutodeengenharia.org.br\/site\/wp-content\/uploads\/2022\/04\/logost.png\" alt=\"\" width=\"378\" height=\"166\" srcset=\"https:\/\/www.institutodeengenharia.org.br\/site\/wp-content\/uploads\/2022\/04\/logost.png 378w, https:\/\/www.institutodeengenharia.org.br\/site\/wp-content\/uploads\/2022\/04\/logost-300x132.png 300w\" sizes=\"auto, (max-width: 378px) 100vw, 378px\" \/><\/p>\n<p><strong>Apoio Institucional:<\/strong><\/p>\n<p><img loading=\"lazy\" decoding=\"async\" class=\"alignnone wp-image-77696\" src=\"https:\/\/www.institutodeengenharia.org.br\/site\/wp-content\/uploads\/2021\/02\/crea.jpg\" alt=\"\" width=\"140\" height=\"98\" srcset=\"https:\/\/www.institutodeengenharia.org.br\/site\/wp-content\/uploads\/2021\/02\/crea.jpg 448w, https:\/\/www.institutodeengenharia.org.br\/site\/wp-content\/uploads\/2021\/02\/crea-300x211.jpg 300w, https:\/\/www.institutodeengenharia.org.br\/site\/wp-content\/uploads\/2021\/02\/crea-100x70.jpg 100w\" sizes=\"auto, (max-width: 140px) 100vw, 140px\" \/><\/p>\n<p><strong>Apoio \u00e0 forma\u00e7\u00e3o:\u00a0<\/strong><\/p>\n<p>Espa\u00e7o aberto ao CREA-SP, objetivando o aperfei\u00e7oamento dos profissionais e o aprimoramento da fiscaliza\u00e7\u00e3o das \u00e1reas abrangidas pelo Sistema Confea\/CREAs, al\u00e9m de promover a conscientiza\u00e7\u00e3o da sociedade quanto \u00e0 necessidade e obrigatoriedade de contratar um profissional devidamente habilitado.<\/p>\n","protected":false},"excerpt":{"rendered":"<p>Assista abaixo \u00e0 grava\u00e7\u00e3o do evento:\u00a0 + Informa\u00e7\u00f5es:\u00a0 Apresenta\u00e7\u00e3o dos conceitos fundamentais e demonstra\u00e7\u00e3o da relev\u00e2ncia e complexidade do amortecimento por meio de casos exemplos de estruturas de concreto (pontes, edif\u00edcios e torres) submetidas a a\u00e7\u00f5es din\u00e2micas (ambientais, mec\u00e2nicas e humanas). Discuss\u00e3o dos procedimentos usuais para determina\u00e7\u00e3o experimental das taxas de amortecimento e descri\u00e7\u00e3o sum\u00e1ria [&hellip;]<\/p>\n","protected":false},"author":13,"featured_media":95008,"comment_status":"open","ping_status":"open","sticky":false,"template":"","format":"video","meta":{"footnotes":""},"categories":[968,969],"tags":[1176],"class_list":{"0":"post-95007","1":"post","2":"type-post","3":"status-publish","4":"format-video","5":"has-post-thumbnail","7":"category-nova-tv-engenharia","8":"category-palestra","9":"tag-video-home","10":"post_format-post-format-video"},"yoast_head":"<!-- This site is optimized with the Yoast SEO plugin v27.2 - https:\/\/yoast.com\/product\/yoast-seo-wordpress\/ -->\n<title>A relev\u00e2ncia do amortecimento em estruturas de concreto submetidas a diversas a\u00e7\u00f5es din\u00e2micas - Instituto de Engenharia<\/title>\n<meta name=\"robots\" content=\"index, follow, max-snippet:-1, max-image-preview:large, max-video-preview:-1\" \/>\n<link rel=\"canonical\" href=\"https:\/\/www.institutodeengenharia.org.br\/site\/2022\/06\/27\/a-relevancia-do-amortecimento-em-estruturas-de-concreto-submetidas-a-diversas-acoes-dinamicas\/\" \/>\n<meta property=\"og:locale\" content=\"pt_BR\" \/>\n<meta property=\"og:type\" content=\"article\" \/>\n<meta property=\"og:title\" content=\"A relev\u00e2ncia do amortecimento em estruturas de concreto submetidas a diversas a\u00e7\u00f5es din\u00e2micas\" \/>\n<meta property=\"og:description\" content=\"Apresenta\u00e7\u00e3o dos conceitos fundamentais e demonstra\u00e7\u00e3o da relev\u00e2ncia e complexidade do amortecimento por meio de casos exemplos de estruturas de concreto (pontes, edif\u00edcios e torres) submetidas a a\u00e7\u00f5es din\u00e2micas (ambientais, mec\u00e2nicas e humanas).\" \/>\n<meta property=\"og:url\" content=\"https:\/\/www.institutodeengenharia.org.br\/site\/2022\/06\/27\/a-relevancia-do-amortecimento-em-estruturas-de-concreto-submetidas-a-diversas-acoes-dinamicas\/\" \/>\n<meta property=\"og:site_name\" content=\"Instituto de Engenharia\" \/>\n<meta property=\"article:publisher\" content=\"https:\/\/www.facebook.com\/institutodeengenharia\" \/>\n<meta property=\"article:published_time\" content=\"2022-06-27T18:35:14+00:00\" \/>\n<meta property=\"article:modified_time\" content=\"2022-06-27T18:37:09+00:00\" \/>\n<meta property=\"og:image\" content=\"https:\/\/www.institutodeengenharia.org.br\/site\/wp-content\/uploads\/2022\/06\/Design-sem-nome-60-1024x576.png\" \/>\n\t<meta property=\"og:image:width\" content=\"1024\" \/>\n\t<meta property=\"og:image:height\" content=\"576\" \/>\n\t<meta property=\"og:image:type\" content=\"image\/png\" \/>\n<meta name=\"author\" content=\"Bianca\" \/>\n<meta name=\"twitter:card\" content=\"summary_large_image\" \/>\n<meta name=\"twitter:title\" content=\"A relev\u00e2ncia do amortecimento em estruturas de concreto submetidas a diversas a\u00e7\u00f5es din\u00e2micas\" \/>\n<meta name=\"twitter:description\" content=\"Apresenta\u00e7\u00e3o dos conceitos fundamentais e demonstra\u00e7\u00e3o da relev\u00e2ncia e complexidade do amortecimento por meio de casos exemplos de estruturas de concreto (pontes, edif\u00edcios e torres) submetidas a a\u00e7\u00f5es din\u00e2micas (ambientais, mec\u00e2nicas e humanas).\" \/>\n<meta name=\"twitter:image\" content=\"https:\/\/www.institutodeengenharia.org.br\/site\/wp-content\/uploads\/2022\/06\/Design-sem-nome-60.png\" \/>\n<meta name=\"twitter:creator\" content=\"@iengenharia\" \/>\n<meta name=\"twitter:site\" content=\"@iengenharia\" \/>\n<meta name=\"twitter:label1\" content=\"Escrito por\" \/>\n\t<meta name=\"twitter:data1\" content=\"Bianca\" \/>\n\t<meta name=\"twitter:label2\" content=\"Est. tempo de leitura\" \/>\n\t<meta name=\"twitter:data2\" content=\"2 minutos\" \/>\n<script type=\"application\/ld+json\" class=\"yoast-schema-graph\">{\"@context\":\"https:\/\/schema.org\",\"@graph\":[{\"@type\":\"Article\",\"@id\":\"https:\/\/www.institutodeengenharia.org.br\/site\/2022\/06\/27\/a-relevancia-do-amortecimento-em-estruturas-de-concreto-submetidas-a-diversas-acoes-dinamicas\/#article\",\"isPartOf\":{\"@id\":\"https:\/\/www.institutodeengenharia.org.br\/site\/2022\/06\/27\/a-relevancia-do-amortecimento-em-estruturas-de-concreto-submetidas-a-diversas-acoes-dinamicas\/\"},\"author\":{\"name\":\"Bianca\",\"@id\":\"https:\/\/www.institutodeengenharia.org.br\/site\/#\/schema\/person\/aeb64951c405e100d26d30b033dd423f\"},\"headline\":\"A relev\u00e2ncia do amortecimento em estruturas de concreto submetidas a diversas a\u00e7\u00f5es din\u00e2micas\",\"datePublished\":\"2022-06-27T18:35:14+00:00\",\"dateModified\":\"2022-06-27T18:37:09+00:00\",\"mainEntityOfPage\":{\"@id\":\"https:\/\/www.institutodeengenharia.org.br\/site\/2022\/06\/27\/a-relevancia-do-amortecimento-em-estruturas-de-concreto-submetidas-a-diversas-acoes-dinamicas\/\"},\"wordCount\":205,\"commentCount\":0,\"publisher\":{\"@id\":\"https:\/\/www.institutodeengenharia.org.br\/site\/#organization\"},\"image\":{\"@id\":\"https:\/\/www.institutodeengenharia.org.br\/site\/2022\/06\/27\/a-relevancia-do-amortecimento-em-estruturas-de-concreto-submetidas-a-diversas-acoes-dinamicas\/#primaryimage\"},\"thumbnailUrl\":\"https:\/\/www.institutodeengenharia.org.br\/site\/wp-content\/uploads\/2022\/06\/Design-sem-nome-60.png\",\"keywords\":[\"video-home\"],\"articleSection\":[\"Nova TV Engenharia\",\"Palestra\"],\"inLanguage\":\"pt-BR\",\"potentialAction\":[{\"@type\":\"CommentAction\",\"name\":\"Comment\",\"target\":[\"https:\/\/www.institutodeengenharia.org.br\/site\/2022\/06\/27\/a-relevancia-do-amortecimento-em-estruturas-de-concreto-submetidas-a-diversas-acoes-dinamicas\/#respond\"]}]},{\"@type\":\"WebPage\",\"@id\":\"https:\/\/www.institutodeengenharia.org.br\/site\/2022\/06\/27\/a-relevancia-do-amortecimento-em-estruturas-de-concreto-submetidas-a-diversas-acoes-dinamicas\/\",\"url\":\"https:\/\/www.institutodeengenharia.org.br\/site\/2022\/06\/27\/a-relevancia-do-amortecimento-em-estruturas-de-concreto-submetidas-a-diversas-acoes-dinamicas\/\",\"name\":\"A relev\u00e2ncia do amortecimento em estruturas de concreto submetidas a diversas a\u00e7\u00f5es din\u00e2micas - Instituto de Engenharia\",\"isPartOf\":{\"@id\":\"https:\/\/www.institutodeengenharia.org.br\/site\/#website\"},\"primaryImageOfPage\":{\"@id\":\"https:\/\/www.institutodeengenharia.org.br\/site\/2022\/06\/27\/a-relevancia-do-amortecimento-em-estruturas-de-concreto-submetidas-a-diversas-acoes-dinamicas\/#primaryimage\"},\"image\":{\"@id\":\"https:\/\/www.institutodeengenharia.org.br\/site\/2022\/06\/27\/a-relevancia-do-amortecimento-em-estruturas-de-concreto-submetidas-a-diversas-acoes-dinamicas\/#primaryimage\"},\"thumbnailUrl\":\"https:\/\/www.institutodeengenharia.org.br\/site\/wp-content\/uploads\/2022\/06\/Design-sem-nome-60.png\",\"datePublished\":\"2022-06-27T18:35:14+00:00\",\"dateModified\":\"2022-06-27T18:37:09+00:00\",\"breadcrumb\":{\"@id\":\"https:\/\/www.institutodeengenharia.org.br\/site\/2022\/06\/27\/a-relevancia-do-amortecimento-em-estruturas-de-concreto-submetidas-a-diversas-acoes-dinamicas\/#breadcrumb\"},\"inLanguage\":\"pt-BR\",\"potentialAction\":[{\"@type\":\"ReadAction\",\"target\":[\"https:\/\/www.institutodeengenharia.org.br\/site\/2022\/06\/27\/a-relevancia-do-amortecimento-em-estruturas-de-concreto-submetidas-a-diversas-acoes-dinamicas\/\"]}]},{\"@type\":\"ImageObject\",\"inLanguage\":\"pt-BR\",\"@id\":\"https:\/\/www.institutodeengenharia.org.br\/site\/2022\/06\/27\/a-relevancia-do-amortecimento-em-estruturas-de-concreto-submetidas-a-diversas-acoes-dinamicas\/#primaryimage\",\"url\":\"https:\/\/www.institutodeengenharia.org.br\/site\/wp-content\/uploads\/2022\/06\/Design-sem-nome-60.png\",\"contentUrl\":\"https:\/\/www.institutodeengenharia.org.br\/site\/wp-content\/uploads\/2022\/06\/Design-sem-nome-60.png\",\"width\":1920,\"height\":1080},{\"@type\":\"BreadcrumbList\",\"@id\":\"https:\/\/www.institutodeengenharia.org.br\/site\/2022\/06\/27\/a-relevancia-do-amortecimento-em-estruturas-de-concreto-submetidas-a-diversas-acoes-dinamicas\/#breadcrumb\",\"itemListElement\":[{\"@type\":\"ListItem\",\"position\":1,\"name\":\"In\u00edcio\",\"item\":\"https:\/\/www.institutodeengenharia.org.br\/site\/\"},{\"@type\":\"ListItem\",\"position\":2,\"name\":\"A relev\u00e2ncia do amortecimento em estruturas de concreto submetidas a diversas a\u00e7\u00f5es din\u00e2micas\"}]},{\"@type\":\"WebSite\",\"@id\":\"https:\/\/www.institutodeengenharia.org.br\/site\/#website\",\"url\":\"https:\/\/www.institutodeengenharia.org.br\/site\/\",\"name\":\"Instituto de Engenharia\",\"description\":\"O Instituto de Engenharia promove a Engenharia em benef\u00edcio do desenvolvimento e da qualidade de vida da sociedade.\",\"publisher\":{\"@id\":\"https:\/\/www.institutodeengenharia.org.br\/site\/#organization\"},\"potentialAction\":[{\"@type\":\"SearchAction\",\"target\":{\"@type\":\"EntryPoint\",\"urlTemplate\":\"https:\/\/www.institutodeengenharia.org.br\/site\/?s={search_term_string}\"},\"query-input\":{\"@type\":\"PropertyValueSpecification\",\"valueRequired\":true,\"valueName\":\"search_term_string\"}}],\"inLanguage\":\"pt-BR\"},{\"@type\":\"Organization\",\"@id\":\"https:\/\/www.institutodeengenharia.org.br\/site\/#organization\",\"name\":\"Instituto de Engenharia\",\"url\":\"https:\/\/www.institutodeengenharia.org.br\/site\/\",\"logo\":{\"@type\":\"ImageObject\",\"inLanguage\":\"pt-BR\",\"@id\":\"https:\/\/www.institutodeengenharia.org.br\/site\/#\/schema\/logo\/image\/\",\"url\":\"https:\/\/www.institutodeengenharia.org.br\/site\/wp-content\/uploads\/2019\/03\/logo-novo-IE2018-1.jpg\",\"contentUrl\":\"https:\/\/www.institutodeengenharia.org.br\/site\/wp-content\/uploads\/2019\/03\/logo-novo-IE2018-1.jpg\",\"width\":1486,\"height\":1879,\"caption\":\"Instituto de Engenharia\"},\"image\":{\"@id\":\"https:\/\/www.institutodeengenharia.org.br\/site\/#\/schema\/logo\/image\/\"},\"sameAs\":[\"https:\/\/www.facebook.com\/institutodeengenharia\",\"https:\/\/x.com\/iengenharia\",\"https:\/\/www.instagram.com\/institutodeengenharia\/\",\"https:\/\/www.linkedin.com\/company\/instituto-de-engenharia\/\",\"https:\/\/www.youtube.com\/channel\/UCXiCAlsSMe977vamW915HxA\"]},{\"@type\":\"Person\",\"@id\":\"https:\/\/www.institutodeengenharia.org.br\/site\/#\/schema\/person\/aeb64951c405e100d26d30b033dd423f\",\"name\":\"Bianca\",\"image\":{\"@type\":\"ImageObject\",\"inLanguage\":\"pt-BR\",\"@id\":\"https:\/\/secure.gravatar.com\/avatar\/a6fbe9bff57405baf4c1e2c5c1811e072b558253974a9f9508f4678900c97c2a?s=96&d=mm&r=g\",\"url\":\"https:\/\/secure.gravatar.com\/avatar\/a6fbe9bff57405baf4c1e2c5c1811e072b558253974a9f9508f4678900c97c2a?s=96&d=mm&r=g\",\"contentUrl\":\"https:\/\/secure.gravatar.com\/avatar\/a6fbe9bff57405baf4c1e2c5c1811e072b558253974a9f9508f4678900c97c2a?s=96&d=mm&r=g\",\"caption\":\"Bianca\"},\"url\":\"https:\/\/www.institutodeengenharia.org.br\/site\/author\/comunicacao1\/\"}]}<\/script>\n<!-- \/ Yoast SEO plugin. -->","yoast_head_json":{"title":"A relev\u00e2ncia do amortecimento em estruturas de concreto submetidas a diversas a\u00e7\u00f5es din\u00e2micas - Instituto de Engenharia","robots":{"index":"index","follow":"follow","max-snippet":"max-snippet:-1","max-image-preview":"max-image-preview:large","max-video-preview":"max-video-preview:-1"},"canonical":"https:\/\/www.institutodeengenharia.org.br\/site\/2022\/06\/27\/a-relevancia-do-amortecimento-em-estruturas-de-concreto-submetidas-a-diversas-acoes-dinamicas\/","og_locale":"pt_BR","og_type":"article","og_title":"A relev\u00e2ncia do amortecimento em estruturas de concreto submetidas a diversas a\u00e7\u00f5es din\u00e2micas","og_description":"Apresenta\u00e7\u00e3o dos conceitos fundamentais e demonstra\u00e7\u00e3o da relev\u00e2ncia e complexidade do amortecimento por meio de casos exemplos de estruturas de concreto (pontes, edif\u00edcios e torres) submetidas a a\u00e7\u00f5es din\u00e2micas (ambientais, mec\u00e2nicas e humanas).","og_url":"https:\/\/www.institutodeengenharia.org.br\/site\/2022\/06\/27\/a-relevancia-do-amortecimento-em-estruturas-de-concreto-submetidas-a-diversas-acoes-dinamicas\/","og_site_name":"Instituto de Engenharia","article_publisher":"https:\/\/www.facebook.com\/institutodeengenharia","article_published_time":"2022-06-27T18:35:14+00:00","article_modified_time":"2022-06-27T18:37:09+00:00","og_image":[{"width":1024,"height":576,"url":"https:\/\/www.institutodeengenharia.org.br\/site\/wp-content\/uploads\/2022\/06\/Design-sem-nome-60-1024x576.png","type":"image\/png"}],"author":"Bianca","twitter_card":"summary_large_image","twitter_title":"A relev\u00e2ncia do amortecimento em estruturas de concreto submetidas a diversas a\u00e7\u00f5es din\u00e2micas","twitter_description":"Apresenta\u00e7\u00e3o dos conceitos fundamentais e demonstra\u00e7\u00e3o da relev\u00e2ncia e complexidade do amortecimento por meio de casos exemplos de estruturas de concreto (pontes, edif\u00edcios e torres) submetidas a a\u00e7\u00f5es din\u00e2micas (ambientais, mec\u00e2nicas e humanas).","twitter_image":"https:\/\/www.institutodeengenharia.org.br\/site\/wp-content\/uploads\/2022\/06\/Design-sem-nome-60.png","twitter_creator":"@iengenharia","twitter_site":"@iengenharia","twitter_misc":{"Escrito por":"Bianca","Est. tempo de leitura":"2 minutos"},"schema":{"@context":"https:\/\/schema.org","@graph":[{"@type":"Article","@id":"https:\/\/www.institutodeengenharia.org.br\/site\/2022\/06\/27\/a-relevancia-do-amortecimento-em-estruturas-de-concreto-submetidas-a-diversas-acoes-dinamicas\/#article","isPartOf":{"@id":"https:\/\/www.institutodeengenharia.org.br\/site\/2022\/06\/27\/a-relevancia-do-amortecimento-em-estruturas-de-concreto-submetidas-a-diversas-acoes-dinamicas\/"},"author":{"name":"Bianca","@id":"https:\/\/www.institutodeengenharia.org.br\/site\/#\/schema\/person\/aeb64951c405e100d26d30b033dd423f"},"headline":"A relev\u00e2ncia do amortecimento em estruturas de concreto submetidas a diversas a\u00e7\u00f5es din\u00e2micas","datePublished":"2022-06-27T18:35:14+00:00","dateModified":"2022-06-27T18:37:09+00:00","mainEntityOfPage":{"@id":"https:\/\/www.institutodeengenharia.org.br\/site\/2022\/06\/27\/a-relevancia-do-amortecimento-em-estruturas-de-concreto-submetidas-a-diversas-acoes-dinamicas\/"},"wordCount":205,"commentCount":0,"publisher":{"@id":"https:\/\/www.institutodeengenharia.org.br\/site\/#organization"},"image":{"@id":"https:\/\/www.institutodeengenharia.org.br\/site\/2022\/06\/27\/a-relevancia-do-amortecimento-em-estruturas-de-concreto-submetidas-a-diversas-acoes-dinamicas\/#primaryimage"},"thumbnailUrl":"https:\/\/www.institutodeengenharia.org.br\/site\/wp-content\/uploads\/2022\/06\/Design-sem-nome-60.png","keywords":["video-home"],"articleSection":["Nova TV Engenharia","Palestra"],"inLanguage":"pt-BR","potentialAction":[{"@type":"CommentAction","name":"Comment","target":["https:\/\/www.institutodeengenharia.org.br\/site\/2022\/06\/27\/a-relevancia-do-amortecimento-em-estruturas-de-concreto-submetidas-a-diversas-acoes-dinamicas\/#respond"]}]},{"@type":"WebPage","@id":"https:\/\/www.institutodeengenharia.org.br\/site\/2022\/06\/27\/a-relevancia-do-amortecimento-em-estruturas-de-concreto-submetidas-a-diversas-acoes-dinamicas\/","url":"https:\/\/www.institutodeengenharia.org.br\/site\/2022\/06\/27\/a-relevancia-do-amortecimento-em-estruturas-de-concreto-submetidas-a-diversas-acoes-dinamicas\/","name":"A relev\u00e2ncia do amortecimento em estruturas de concreto submetidas a diversas a\u00e7\u00f5es din\u00e2micas - Instituto de Engenharia","isPartOf":{"@id":"https:\/\/www.institutodeengenharia.org.br\/site\/#website"},"primaryImageOfPage":{"@id":"https:\/\/www.institutodeengenharia.org.br\/site\/2022\/06\/27\/a-relevancia-do-amortecimento-em-estruturas-de-concreto-submetidas-a-diversas-acoes-dinamicas\/#primaryimage"},"image":{"@id":"https:\/\/www.institutodeengenharia.org.br\/site\/2022\/06\/27\/a-relevancia-do-amortecimento-em-estruturas-de-concreto-submetidas-a-diversas-acoes-dinamicas\/#primaryimage"},"thumbnailUrl":"https:\/\/www.institutodeengenharia.org.br\/site\/wp-content\/uploads\/2022\/06\/Design-sem-nome-60.png","datePublished":"2022-06-27T18:35:14+00:00","dateModified":"2022-06-27T18:37:09+00:00","breadcrumb":{"@id":"https:\/\/www.institutodeengenharia.org.br\/site\/2022\/06\/27\/a-relevancia-do-amortecimento-em-estruturas-de-concreto-submetidas-a-diversas-acoes-dinamicas\/#breadcrumb"},"inLanguage":"pt-BR","potentialAction":[{"@type":"ReadAction","target":["https:\/\/www.institutodeengenharia.org.br\/site\/2022\/06\/27\/a-relevancia-do-amortecimento-em-estruturas-de-concreto-submetidas-a-diversas-acoes-dinamicas\/"]}]},{"@type":"ImageObject","inLanguage":"pt-BR","@id":"https:\/\/www.institutodeengenharia.org.br\/site\/2022\/06\/27\/a-relevancia-do-amortecimento-em-estruturas-de-concreto-submetidas-a-diversas-acoes-dinamicas\/#primaryimage","url":"https:\/\/www.institutodeengenharia.org.br\/site\/wp-content\/uploads\/2022\/06\/Design-sem-nome-60.png","contentUrl":"https:\/\/www.institutodeengenharia.org.br\/site\/wp-content\/uploads\/2022\/06\/Design-sem-nome-60.png","width":1920,"height":1080},{"@type":"BreadcrumbList","@id":"https:\/\/www.institutodeengenharia.org.br\/site\/2022\/06\/27\/a-relevancia-do-amortecimento-em-estruturas-de-concreto-submetidas-a-diversas-acoes-dinamicas\/#breadcrumb","itemListElement":[{"@type":"ListItem","position":1,"name":"In\u00edcio","item":"https:\/\/www.institutodeengenharia.org.br\/site\/"},{"@type":"ListItem","position":2,"name":"A relev\u00e2ncia do amortecimento em estruturas de concreto submetidas a diversas a\u00e7\u00f5es din\u00e2micas"}]},{"@type":"WebSite","@id":"https:\/\/www.institutodeengenharia.org.br\/site\/#website","url":"https:\/\/www.institutodeengenharia.org.br\/site\/","name":"Instituto de Engenharia","description":"O Instituto de Engenharia promove a Engenharia em benef\u00edcio do desenvolvimento e da qualidade de vida da sociedade.","publisher":{"@id":"https:\/\/www.institutodeengenharia.org.br\/site\/#organization"},"potentialAction":[{"@type":"SearchAction","target":{"@type":"EntryPoint","urlTemplate":"https:\/\/www.institutodeengenharia.org.br\/site\/?s={search_term_string}"},"query-input":{"@type":"PropertyValueSpecification","valueRequired":true,"valueName":"search_term_string"}}],"inLanguage":"pt-BR"},{"@type":"Organization","@id":"https:\/\/www.institutodeengenharia.org.br\/site\/#organization","name":"Instituto de Engenharia","url":"https:\/\/www.institutodeengenharia.org.br\/site\/","logo":{"@type":"ImageObject","inLanguage":"pt-BR","@id":"https:\/\/www.institutodeengenharia.org.br\/site\/#\/schema\/logo\/image\/","url":"https:\/\/www.institutodeengenharia.org.br\/site\/wp-content\/uploads\/2019\/03\/logo-novo-IE2018-1.jpg","contentUrl":"https:\/\/www.institutodeengenharia.org.br\/site\/wp-content\/uploads\/2019\/03\/logo-novo-IE2018-1.jpg","width":1486,"height":1879,"caption":"Instituto de Engenharia"},"image":{"@id":"https:\/\/www.institutodeengenharia.org.br\/site\/#\/schema\/logo\/image\/"},"sameAs":["https:\/\/www.facebook.com\/institutodeengenharia","https:\/\/x.com\/iengenharia","https:\/\/www.instagram.com\/institutodeengenharia\/","https:\/\/www.linkedin.com\/company\/instituto-de-engenharia\/","https:\/\/www.youtube.com\/channel\/UCXiCAlsSMe977vamW915HxA"]},{"@type":"Person","@id":"https:\/\/www.institutodeengenharia.org.br\/site\/#\/schema\/person\/aeb64951c405e100d26d30b033dd423f","name":"Bianca","image":{"@type":"ImageObject","inLanguage":"pt-BR","@id":"https:\/\/secure.gravatar.com\/avatar\/a6fbe9bff57405baf4c1e2c5c1811e072b558253974a9f9508f4678900c97c2a?s=96&d=mm&r=g","url":"https:\/\/secure.gravatar.com\/avatar\/a6fbe9bff57405baf4c1e2c5c1811e072b558253974a9f9508f4678900c97c2a?s=96&d=mm&r=g","contentUrl":"https:\/\/secure.gravatar.com\/avatar\/a6fbe9bff57405baf4c1e2c5c1811e072b558253974a9f9508f4678900c97c2a?s=96&d=mm&r=g","caption":"Bianca"},"url":"https:\/\/www.institutodeengenharia.org.br\/site\/author\/comunicacao1\/"}]}},"_links":{"self":[{"href":"https:\/\/www.institutodeengenharia.org.br\/site\/wp-json\/wp\/v2\/posts\/95007","targetHints":{"allow":["GET"]}}],"collection":[{"href":"https:\/\/www.institutodeengenharia.org.br\/site\/wp-json\/wp\/v2\/posts"}],"about":[{"href":"https:\/\/www.institutodeengenharia.org.br\/site\/wp-json\/wp\/v2\/types\/post"}],"author":[{"embeddable":true,"href":"https:\/\/www.institutodeengenharia.org.br\/site\/wp-json\/wp\/v2\/users\/13"}],"replies":[{"embeddable":true,"href":"https:\/\/www.institutodeengenharia.org.br\/site\/wp-json\/wp\/v2\/comments?post=95007"}],"version-history":[{"count":1,"href":"https:\/\/www.institutodeengenharia.org.br\/site\/wp-json\/wp\/v2\/posts\/95007\/revisions"}],"predecessor-version":[{"id":95009,"href":"https:\/\/www.institutodeengenharia.org.br\/site\/wp-json\/wp\/v2\/posts\/95007\/revisions\/95009"}],"wp:featuredmedia":[{"embeddable":true,"href":"https:\/\/www.institutodeengenharia.org.br\/site\/wp-json\/wp\/v2\/media\/95008"}],"wp:attachment":[{"href":"https:\/\/www.institutodeengenharia.org.br\/site\/wp-json\/wp\/v2\/media?parent=95007"}],"wp:term":[{"taxonomy":"category","embeddable":true,"href":"https:\/\/www.institutodeengenharia.org.br\/site\/wp-json\/wp\/v2\/categories?post=95007"},{"taxonomy":"post_tag","embeddable":true,"href":"https:\/\/www.institutodeengenharia.org.br\/site\/wp-json\/wp\/v2\/tags?post=95007"}],"curies":[{"name":"wp","href":"https:\/\/api.w.org\/{rel}","templated":true}]}}