{"id":94277,"date":"2022-06-08T11:29:07","date_gmt":"2022-06-08T14:29:07","guid":{"rendered":"https:\/\/www.institutodeengenharia.org.br\/site\/?p=94277"},"modified":"2022-06-08T11:29:07","modified_gmt":"2022-06-08T14:29:07","slug":"reducao-dos-impactos-ambientais-e-aumento-da-pontuacao-leed-atraves-de-melhorias-no-concreto-2","status":"publish","type":"post","link":"https:\/\/www.institutodeengenharia.org.br\/site\/2022\/06\/08\/reducao-dos-impactos-ambientais-e-aumento-da-pontuacao-leed-atraves-de-melhorias-no-concreto-2\/","title":{"rendered":"Redu\u00e7\u00e3o dos impactos ambientais e aumento da pontua\u00e7\u00e3o LEED atrav\u00e9s de melhorias no concreto"},"content":{"rendered":"<p><strong>Assista abaixo \u00e0 grava\u00e7\u00e3o do evento:<\/strong><\/p>\n<div style=\"padding: 56.25% 0 0 0; position: relative;\"><iframe style=\"position: absolute; top: 0; left: 0; width: 100%; height: 100%;\" title=\"Redu&amp;ccedil;&amp;atilde;o dos impactos ambientais e aumento da pontua&amp;ccedil;&amp;atilde;o do leed atrav&amp;eacute;s de melhorias no concreto\" src=\"https:\/\/player.vimeo.com\/video\/717566811?h=bccaeb0d82&amp;badge=0&amp;autopause=0&amp;player_id=0&amp;app_id=58479\" frameborder=\"0\" allowfullscreen=\"allowfullscreen\"><\/iframe><\/div>\n<p><script src=\"https:\/\/player.vimeo.com\/api\/player.js\"><\/script><strong>+ Informa\u00e7\u00f5es:\u00a0<\/strong><\/p>\n<p>Mostrar como algumas altera\u00e7\u00f5es na dosagem do concreto podem contribuir para a redu\u00e7\u00e3o dos impactos ambientais, al\u00e9m de mitigar manifesta\u00e7\u00f5es patol\u00f3gicas nas estruturas de concreto e contribuir para a redu\u00e7\u00e3o do custo da obra.<\/p>\n<p><strong>P\u00fablico-alvo:<\/strong><\/p>\n<p>Estudantes de engenharia e engenheiros.<\/p>\n<p><strong>Palestrantes:<\/strong><\/p>\n<p><img loading=\"lazy\" decoding=\"async\" class=\"alignnone wp-image-92332\" src=\"https:\/\/www.institutodeengenharia.org.br\/site\/wp-content\/uploads\/2022\/04\/grazielle.png\" alt=\"\" width=\"250\" height=\"148\" srcset=\"https:\/\/www.institutodeengenharia.org.br\/site\/wp-content\/uploads\/2022\/04\/grazielle.png 455w, https:\/\/www.institutodeengenharia.org.br\/site\/wp-content\/uploads\/2022\/04\/grazielle-300x177.png 300w\" sizes=\"auto, (max-width: 250px) 100vw, 250px\" \/><\/p>\n<p><strong>Grazielle Vicente \u2013 <\/strong><strong>Engenheira Civil na DESEK LTDA<\/strong><\/p>\n<p>Engenheira Civil (Universidade Presbiteriana Mackenzie, 2010), com p\u00f3s-gradua\u00e7\u00e3o &#8220;Lato sensu&#8221; em Patologia nas Obras Civis (Instituto de<\/p>\n<p>Educa\u00e7\u00e3o Tecnol\u00f3gica De Luca Daher, 2012). Cursou as disciplinas de mestrado de Infraestrutura Aeron\u00e1utica e Aeroportos pelo ITA (2014). Membro das Comiss\u00f5es de Estudos CE 18:300.04 (Concreto Compactado com Rolo), CE 18:300.08 (Concreto Massa) e da Comiss\u00e3o de Estudo Especial de Inspe\u00e7\u00f5es de Estruturas de Concreto<\/p>\n<p>(ABNT\/CEE-169), participando da elabora\u00e7\u00e3o do texto base da norma NBR 16230 (Inspe\u00e7\u00e3o de estruturas de concreto \u2013 Qualifica\u00e7\u00e3o e certifica\u00e7\u00e3o de pessoal \u2013 Requisitos) e da revis\u00e3o da NBR 9452 (Vistoria de pontes e viadutos de concreto \u2013 Procedimento). S\u00f3cia do IBRACON e do CBDB, Engenheira Civil na DESEK LTDA desde 2009. Tem experi\u00eancia na \u00e1rea de Engenharia Civil, com \u00eanfase em<\/p>\n<p>Constru\u00e7\u00e3o Civil, atuando principalmente nos seguintes temas: Tecnologia de Concreto, Instrumenta\u00e7\u00e3o de Barragens, Patologia, Sistemas de Manuten\u00e7\u00e3o e Recupera\u00e7\u00e3o de Estruturas de Concreto.<\/p>\n<p><img loading=\"lazy\" decoding=\"async\" class=\"wp-image-92334 alignnone\" src=\"https:\/\/www.institutodeengenharia.org.br\/site\/wp-content\/uploads\/2022\/04\/henrique.jpg\" alt=\"\" width=\"185\" height=\"185\" srcset=\"https:\/\/www.institutodeengenharia.org.br\/site\/wp-content\/uploads\/2022\/04\/henrique.jpg 500w, https:\/\/www.institutodeengenharia.org.br\/site\/wp-content\/uploads\/2022\/04\/henrique-300x300.jpg 300w, https:\/\/www.institutodeengenharia.org.br\/site\/wp-content\/uploads\/2022\/04\/henrique-150x150.jpg 150w, https:\/\/www.institutodeengenharia.org.br\/site\/wp-content\/uploads\/2022\/04\/henrique-420x420.jpg 420w, https:\/\/www.institutodeengenharia.org.br\/site\/wp-content\/uploads\/2022\/04\/henrique-100x100.jpg 100w\" sizes=\"auto, (max-width: 185px) 100vw, 185px\" \/><\/p>\n<p><strong>Henrique Machado de Mendon\u00e7a \u2013 Co-CEO, Diretor de Novos Neg\u00f3cios na eTool<\/strong><\/p>\n<p>Gradua\u00e7\u00e3o em Engenharia El\u00e9trica, Eletr\u00f4nica e de Comunica\u00e7\u00f5es &#8211; Universidade Santa Cec\u00edlia. Especializa\u00e7\u00e3o em Sustentabilidade \u2013 Central Institute of Technology. Especialista em Avalia\u00e7\u00e3o de Ciclo de Vida para constru\u00e7\u00e3o, metodologia utilizada na eTool para fornecer servi\u00e7os de consultoria e solu\u00e7\u00f5es de software com o objetivo de reduzir a emiss\u00e3o de carbono na constru\u00e7\u00e3o civil e reduzir os impactos ambientais.<\/p>\n<p><strong>Realiza\u00e7\u00e3o:<\/strong><\/p>\n<p><strong>Eng. Ivan Metran Whately<\/strong> \u2013 Vice-Presidente de Atividades T\u00e9cnicas<\/p>\n<p><strong>Eng. Francisco Jos\u00e9 Pereira de Oliveira<\/strong> \u2013 Diretor do Departamento de Desenvolvimento de Projeto e Servi\u00e7os de Infraestrutura<\/p>\n<p><strong>Eng. Rafael Timerman<\/strong> \u2013 Coordenador da Divis\u00e3o T\u00e9cnica de Estruturas e Controle Tecnol\u00f3gico<\/p>\n<p><strong>Corealiza\u00e7\u00e3o:<\/strong><\/p>\n<p><img loading=\"lazy\" decoding=\"async\" class=\"alignnone size-full wp-image-91963\" src=\"https:\/\/www.institutodeengenharia.org.br\/site\/wp-content\/uploads\/2022\/04\/logost.png\" alt=\"\" width=\"378\" height=\"166\" srcset=\"https:\/\/www.institutodeengenharia.org.br\/site\/wp-content\/uploads\/2022\/04\/logost.png 378w, https:\/\/www.institutodeengenharia.org.br\/site\/wp-content\/uploads\/2022\/04\/logost-300x132.png 300w\" sizes=\"auto, (max-width: 378px) 100vw, 378px\" \/><\/p>\n<p><strong>Apoio Institucional:<\/strong><\/p>\n<p><img loading=\"lazy\" decoding=\"async\" class=\"alignnone wp-image-77696\" src=\"https:\/\/www.institutodeengenharia.org.br\/site\/wp-content\/uploads\/2021\/02\/crea.jpg\" alt=\"\" width=\"140\" height=\"98\" srcset=\"https:\/\/www.institutodeengenharia.org.br\/site\/wp-content\/uploads\/2021\/02\/crea.jpg 448w, https:\/\/www.institutodeengenharia.org.br\/site\/wp-content\/uploads\/2021\/02\/crea-300x211.jpg 300w, https:\/\/www.institutodeengenharia.org.br\/site\/wp-content\/uploads\/2021\/02\/crea-100x70.jpg 100w\" sizes=\"auto, (max-width: 140px) 100vw, 140px\" \/><\/p>\n<p><strong>Apoio \u00e0 forma\u00e7\u00e3o:\u00a0<\/strong><\/p>\n<p>Espa\u00e7o aberto ao CREA-SP, objetivando o aperfei\u00e7oamento dos profissionais e o aprimoramento da fiscaliza\u00e7\u00e3o das \u00e1reas abrangidas pelo Sistema Confea\/CREAs, al\u00e9m de promover a conscientiza\u00e7\u00e3o da sociedade quanto \u00e0 necessidade e obrigatoriedade de contratar um profissional devidamente habilitado.<\/p>\n","protected":false},"excerpt":{"rendered":"<p>Assista abaixo \u00e0 grava\u00e7\u00e3o do evento: + Informa\u00e7\u00f5es:\u00a0 Mostrar como algumas altera\u00e7\u00f5es na dosagem do concreto podem contribuir para a redu\u00e7\u00e3o dos impactos ambientais, al\u00e9m de mitigar manifesta\u00e7\u00f5es patol\u00f3gicas nas estruturas de concreto e contribuir para a redu\u00e7\u00e3o do custo da obra. P\u00fablico-alvo: Estudantes de engenharia e engenheiros. Palestrantes: Grazielle Vicente \u2013 Engenheira Civil na [&hellip;]<\/p>\n","protected":false},"author":13,"featured_media":94278,"comment_status":"open","ping_status":"open","sticky":false,"template":"","format":"video","meta":{"footnotes":""},"categories":[968,969],"tags":[],"class_list":{"0":"post-94277","1":"post","2":"type-post","3":"status-publish","4":"format-video","5":"has-post-thumbnail","7":"category-nova-tv-engenharia","8":"category-palestra","9":"post_format-post-format-video"},"yoast_head":"<!-- This site is optimized with the Yoast SEO plugin v27.2 - https:\/\/yoast.com\/product\/yoast-seo-wordpress\/ -->\n<title>Redu\u00e7\u00e3o dos impactos ambientais e aumento da pontua\u00e7\u00e3o LEED atrav\u00e9s de melhorias no concreto - Instituto de Engenharia<\/title>\n<meta name=\"robots\" content=\"index, follow, max-snippet:-1, max-image-preview:large, max-video-preview:-1\" \/>\n<link rel=\"canonical\" href=\"https:\/\/www.institutodeengenharia.org.br\/site\/2022\/06\/08\/reducao-dos-impactos-ambientais-e-aumento-da-pontuacao-leed-atraves-de-melhorias-no-concreto-2\/\" \/>\n<meta property=\"og:locale\" content=\"pt_BR\" \/>\n<meta property=\"og:type\" content=\"article\" \/>\n<meta property=\"og:title\" content=\"Redu\u00e7\u00e3o dos impactos ambientais e aumento da pontua\u00e7\u00e3o LEED atrav\u00e9s de melhorias no concreto\" \/>\n<meta property=\"og:description\" content=\"Assista \u00e0 grava\u00e7\u00e3o do evento\" \/>\n<meta property=\"og:url\" content=\"https:\/\/www.institutodeengenharia.org.br\/site\/2022\/06\/08\/reducao-dos-impactos-ambientais-e-aumento-da-pontuacao-leed-atraves-de-melhorias-no-concreto-2\/\" \/>\n<meta property=\"og:site_name\" content=\"Instituto de Engenharia\" \/>\n<meta property=\"article:publisher\" content=\"https:\/\/www.facebook.com\/institutodeengenharia\" \/>\n<meta property=\"article:published_time\" content=\"2022-06-08T14:29:07+00:00\" \/>\n<meta property=\"og:image\" content=\"https:\/\/www.institutodeengenharia.org.br\/site\/wp-content\/uploads\/2022\/06\/MicrosoftTeams-image-63.jpg\" \/>\n\t<meta property=\"og:image:width\" content=\"1000\" \/>\n\t<meta property=\"og:image:height\" content=\"563\" \/>\n\t<meta property=\"og:image:type\" content=\"image\/jpeg\" \/>\n<meta name=\"author\" content=\"Bianca\" \/>\n<meta name=\"twitter:card\" content=\"summary_large_image\" \/>\n<meta name=\"twitter:title\" content=\"Redu\u00e7\u00e3o dos impactos ambientais e aumento da pontua\u00e7\u00e3o LEED atrav\u00e9s de melhorias no concreto\" \/>\n<meta name=\"twitter:description\" content=\"Assista \u00e0 grava\u00e7\u00e3o do evento\" \/>\n<meta name=\"twitter:image\" content=\"https:\/\/www.institutodeengenharia.org.br\/site\/wp-content\/uploads\/2022\/06\/MicrosoftTeams-image-63.jpg\" \/>\n<meta name=\"twitter:creator\" content=\"@iengenharia\" \/>\n<meta name=\"twitter:site\" content=\"@iengenharia\" \/>\n<meta name=\"twitter:label1\" content=\"Escrito por\" \/>\n\t<meta name=\"twitter:data1\" content=\"Bianca\" \/>\n\t<meta name=\"twitter:label2\" content=\"Est. tempo de leitura\" \/>\n\t<meta name=\"twitter:data2\" content=\"3 minutos\" \/>\n<script type=\"application\/ld+json\" class=\"yoast-schema-graph\">{\"@context\":\"https:\/\/schema.org\",\"@graph\":[{\"@type\":\"Article\",\"@id\":\"https:\/\/www.institutodeengenharia.org.br\/site\/2022\/06\/08\/reducao-dos-impactos-ambientais-e-aumento-da-pontuacao-leed-atraves-de-melhorias-no-concreto-2\/#article\",\"isPartOf\":{\"@id\":\"https:\/\/www.institutodeengenharia.org.br\/site\/2022\/06\/08\/reducao-dos-impactos-ambientais-e-aumento-da-pontuacao-leed-atraves-de-melhorias-no-concreto-2\/\"},\"author\":{\"name\":\"Bianca\",\"@id\":\"https:\/\/www.institutodeengenharia.org.br\/site\/#\/schema\/person\/aeb64951c405e100d26d30b033dd423f\"},\"headline\":\"Redu\u00e7\u00e3o dos impactos ambientais e aumento da pontua\u00e7\u00e3o LEED atrav\u00e9s de melhorias no concreto\",\"datePublished\":\"2022-06-08T14:29:07+00:00\",\"mainEntityOfPage\":{\"@id\":\"https:\/\/www.institutodeengenharia.org.br\/site\/2022\/06\/08\/reducao-dos-impactos-ambientais-e-aumento-da-pontuacao-leed-atraves-de-melhorias-no-concreto-2\/\"},\"wordCount\":414,\"commentCount\":0,\"publisher\":{\"@id\":\"https:\/\/www.institutodeengenharia.org.br\/site\/#organization\"},\"image\":{\"@id\":\"https:\/\/www.institutodeengenharia.org.br\/site\/2022\/06\/08\/reducao-dos-impactos-ambientais-e-aumento-da-pontuacao-leed-atraves-de-melhorias-no-concreto-2\/#primaryimage\"},\"thumbnailUrl\":\"https:\/\/www.institutodeengenharia.org.br\/site\/wp-content\/uploads\/2022\/06\/MicrosoftTeams-image-63.jpg\",\"articleSection\":[\"Nova TV Engenharia\",\"Palestra\"],\"inLanguage\":\"pt-BR\",\"potentialAction\":[{\"@type\":\"CommentAction\",\"name\":\"Comment\",\"target\":[\"https:\/\/www.institutodeengenharia.org.br\/site\/2022\/06\/08\/reducao-dos-impactos-ambientais-e-aumento-da-pontuacao-leed-atraves-de-melhorias-no-concreto-2\/#respond\"]}]},{\"@type\":\"WebPage\",\"@id\":\"https:\/\/www.institutodeengenharia.org.br\/site\/2022\/06\/08\/reducao-dos-impactos-ambientais-e-aumento-da-pontuacao-leed-atraves-de-melhorias-no-concreto-2\/\",\"url\":\"https:\/\/www.institutodeengenharia.org.br\/site\/2022\/06\/08\/reducao-dos-impactos-ambientais-e-aumento-da-pontuacao-leed-atraves-de-melhorias-no-concreto-2\/\",\"name\":\"Redu\u00e7\u00e3o dos impactos ambientais e aumento da pontua\u00e7\u00e3o LEED atrav\u00e9s de melhorias no concreto - Instituto de Engenharia\",\"isPartOf\":{\"@id\":\"https:\/\/www.institutodeengenharia.org.br\/site\/#website\"},\"primaryImageOfPage\":{\"@id\":\"https:\/\/www.institutodeengenharia.org.br\/site\/2022\/06\/08\/reducao-dos-impactos-ambientais-e-aumento-da-pontuacao-leed-atraves-de-melhorias-no-concreto-2\/#primaryimage\"},\"image\":{\"@id\":\"https:\/\/www.institutodeengenharia.org.br\/site\/2022\/06\/08\/reducao-dos-impactos-ambientais-e-aumento-da-pontuacao-leed-atraves-de-melhorias-no-concreto-2\/#primaryimage\"},\"thumbnailUrl\":\"https:\/\/www.institutodeengenharia.org.br\/site\/wp-content\/uploads\/2022\/06\/MicrosoftTeams-image-63.jpg\",\"datePublished\":\"2022-06-08T14:29:07+00:00\",\"breadcrumb\":{\"@id\":\"https:\/\/www.institutodeengenharia.org.br\/site\/2022\/06\/08\/reducao-dos-impactos-ambientais-e-aumento-da-pontuacao-leed-atraves-de-melhorias-no-concreto-2\/#breadcrumb\"},\"inLanguage\":\"pt-BR\",\"potentialAction\":[{\"@type\":\"ReadAction\",\"target\":[\"https:\/\/www.institutodeengenharia.org.br\/site\/2022\/06\/08\/reducao-dos-impactos-ambientais-e-aumento-da-pontuacao-leed-atraves-de-melhorias-no-concreto-2\/\"]}]},{\"@type\":\"ImageObject\",\"inLanguage\":\"pt-BR\",\"@id\":\"https:\/\/www.institutodeengenharia.org.br\/site\/2022\/06\/08\/reducao-dos-impactos-ambientais-e-aumento-da-pontuacao-leed-atraves-de-melhorias-no-concreto-2\/#primaryimage\",\"url\":\"https:\/\/www.institutodeengenharia.org.br\/site\/wp-content\/uploads\/2022\/06\/MicrosoftTeams-image-63.jpg\",\"contentUrl\":\"https:\/\/www.institutodeengenharia.org.br\/site\/wp-content\/uploads\/2022\/06\/MicrosoftTeams-image-63.jpg\",\"width\":1000,\"height\":563},{\"@type\":\"BreadcrumbList\",\"@id\":\"https:\/\/www.institutodeengenharia.org.br\/site\/2022\/06\/08\/reducao-dos-impactos-ambientais-e-aumento-da-pontuacao-leed-atraves-de-melhorias-no-concreto-2\/#breadcrumb\",\"itemListElement\":[{\"@type\":\"ListItem\",\"position\":1,\"name\":\"In\u00edcio\",\"item\":\"https:\/\/www.institutodeengenharia.org.br\/site\/\"},{\"@type\":\"ListItem\",\"position\":2,\"name\":\"Redu\u00e7\u00e3o dos impactos ambientais e aumento da pontua\u00e7\u00e3o LEED atrav\u00e9s de melhorias no concreto\"}]},{\"@type\":\"WebSite\",\"@id\":\"https:\/\/www.institutodeengenharia.org.br\/site\/#website\",\"url\":\"https:\/\/www.institutodeengenharia.org.br\/site\/\",\"name\":\"Instituto de Engenharia\",\"description\":\"O Instituto de Engenharia promove a Engenharia em benef\u00edcio do desenvolvimento e da qualidade de vida da sociedade.\",\"publisher\":{\"@id\":\"https:\/\/www.institutodeengenharia.org.br\/site\/#organization\"},\"potentialAction\":[{\"@type\":\"SearchAction\",\"target\":{\"@type\":\"EntryPoint\",\"urlTemplate\":\"https:\/\/www.institutodeengenharia.org.br\/site\/?s={search_term_string}\"},\"query-input\":{\"@type\":\"PropertyValueSpecification\",\"valueRequired\":true,\"valueName\":\"search_term_string\"}}],\"inLanguage\":\"pt-BR\"},{\"@type\":\"Organization\",\"@id\":\"https:\/\/www.institutodeengenharia.org.br\/site\/#organization\",\"name\":\"Instituto de Engenharia\",\"url\":\"https:\/\/www.institutodeengenharia.org.br\/site\/\",\"logo\":{\"@type\":\"ImageObject\",\"inLanguage\":\"pt-BR\",\"@id\":\"https:\/\/www.institutodeengenharia.org.br\/site\/#\/schema\/logo\/image\/\",\"url\":\"https:\/\/www.institutodeengenharia.org.br\/site\/wp-content\/uploads\/2019\/03\/logo-novo-IE2018-1.jpg\",\"contentUrl\":\"https:\/\/www.institutodeengenharia.org.br\/site\/wp-content\/uploads\/2019\/03\/logo-novo-IE2018-1.jpg\",\"width\":1486,\"height\":1879,\"caption\":\"Instituto de Engenharia\"},\"image\":{\"@id\":\"https:\/\/www.institutodeengenharia.org.br\/site\/#\/schema\/logo\/image\/\"},\"sameAs\":[\"https:\/\/www.facebook.com\/institutodeengenharia\",\"https:\/\/x.com\/iengenharia\",\"https:\/\/www.instagram.com\/institutodeengenharia\/\",\"https:\/\/www.linkedin.com\/company\/instituto-de-engenharia\/\",\"https:\/\/www.youtube.com\/channel\/UCXiCAlsSMe977vamW915HxA\"]},{\"@type\":\"Person\",\"@id\":\"https:\/\/www.institutodeengenharia.org.br\/site\/#\/schema\/person\/aeb64951c405e100d26d30b033dd423f\",\"name\":\"Bianca\",\"image\":{\"@type\":\"ImageObject\",\"inLanguage\":\"pt-BR\",\"@id\":\"https:\/\/secure.gravatar.com\/avatar\/a6fbe9bff57405baf4c1e2c5c1811e072b558253974a9f9508f4678900c97c2a?s=96&d=mm&r=g\",\"url\":\"https:\/\/secure.gravatar.com\/avatar\/a6fbe9bff57405baf4c1e2c5c1811e072b558253974a9f9508f4678900c97c2a?s=96&d=mm&r=g\",\"contentUrl\":\"https:\/\/secure.gravatar.com\/avatar\/a6fbe9bff57405baf4c1e2c5c1811e072b558253974a9f9508f4678900c97c2a?s=96&d=mm&r=g\",\"caption\":\"Bianca\"},\"url\":\"https:\/\/www.institutodeengenharia.org.br\/site\/author\/comunicacao1\/\"}]}<\/script>\n<!-- \/ Yoast SEO plugin. -->","yoast_head_json":{"title":"Redu\u00e7\u00e3o dos impactos ambientais e aumento da pontua\u00e7\u00e3o LEED atrav\u00e9s de melhorias no concreto - Instituto de Engenharia","robots":{"index":"index","follow":"follow","max-snippet":"max-snippet:-1","max-image-preview":"max-image-preview:large","max-video-preview":"max-video-preview:-1"},"canonical":"https:\/\/www.institutodeengenharia.org.br\/site\/2022\/06\/08\/reducao-dos-impactos-ambientais-e-aumento-da-pontuacao-leed-atraves-de-melhorias-no-concreto-2\/","og_locale":"pt_BR","og_type":"article","og_title":"Redu\u00e7\u00e3o dos impactos ambientais e aumento da pontua\u00e7\u00e3o LEED atrav\u00e9s de melhorias no concreto","og_description":"Assista \u00e0 grava\u00e7\u00e3o do evento","og_url":"https:\/\/www.institutodeengenharia.org.br\/site\/2022\/06\/08\/reducao-dos-impactos-ambientais-e-aumento-da-pontuacao-leed-atraves-de-melhorias-no-concreto-2\/","og_site_name":"Instituto de Engenharia","article_publisher":"https:\/\/www.facebook.com\/institutodeengenharia","article_published_time":"2022-06-08T14:29:07+00:00","og_image":[{"width":1000,"height":563,"url":"https:\/\/www.institutodeengenharia.org.br\/site\/wp-content\/uploads\/2022\/06\/MicrosoftTeams-image-63.jpg","type":"image\/jpeg"}],"author":"Bianca","twitter_card":"summary_large_image","twitter_title":"Redu\u00e7\u00e3o dos impactos ambientais e aumento da pontua\u00e7\u00e3o LEED atrav\u00e9s de melhorias no concreto","twitter_description":"Assista \u00e0 grava\u00e7\u00e3o do evento","twitter_image":"https:\/\/www.institutodeengenharia.org.br\/site\/wp-content\/uploads\/2022\/06\/MicrosoftTeams-image-63.jpg","twitter_creator":"@iengenharia","twitter_site":"@iengenharia","twitter_misc":{"Escrito por":"Bianca","Est. tempo de leitura":"3 minutos"},"schema":{"@context":"https:\/\/schema.org","@graph":[{"@type":"Article","@id":"https:\/\/www.institutodeengenharia.org.br\/site\/2022\/06\/08\/reducao-dos-impactos-ambientais-e-aumento-da-pontuacao-leed-atraves-de-melhorias-no-concreto-2\/#article","isPartOf":{"@id":"https:\/\/www.institutodeengenharia.org.br\/site\/2022\/06\/08\/reducao-dos-impactos-ambientais-e-aumento-da-pontuacao-leed-atraves-de-melhorias-no-concreto-2\/"},"author":{"name":"Bianca","@id":"https:\/\/www.institutodeengenharia.org.br\/site\/#\/schema\/person\/aeb64951c405e100d26d30b033dd423f"},"headline":"Redu\u00e7\u00e3o dos impactos ambientais e aumento da pontua\u00e7\u00e3o LEED atrav\u00e9s de melhorias no concreto","datePublished":"2022-06-08T14:29:07+00:00","mainEntityOfPage":{"@id":"https:\/\/www.institutodeengenharia.org.br\/site\/2022\/06\/08\/reducao-dos-impactos-ambientais-e-aumento-da-pontuacao-leed-atraves-de-melhorias-no-concreto-2\/"},"wordCount":414,"commentCount":0,"publisher":{"@id":"https:\/\/www.institutodeengenharia.org.br\/site\/#organization"},"image":{"@id":"https:\/\/www.institutodeengenharia.org.br\/site\/2022\/06\/08\/reducao-dos-impactos-ambientais-e-aumento-da-pontuacao-leed-atraves-de-melhorias-no-concreto-2\/#primaryimage"},"thumbnailUrl":"https:\/\/www.institutodeengenharia.org.br\/site\/wp-content\/uploads\/2022\/06\/MicrosoftTeams-image-63.jpg","articleSection":["Nova TV Engenharia","Palestra"],"inLanguage":"pt-BR","potentialAction":[{"@type":"CommentAction","name":"Comment","target":["https:\/\/www.institutodeengenharia.org.br\/site\/2022\/06\/08\/reducao-dos-impactos-ambientais-e-aumento-da-pontuacao-leed-atraves-de-melhorias-no-concreto-2\/#respond"]}]},{"@type":"WebPage","@id":"https:\/\/www.institutodeengenharia.org.br\/site\/2022\/06\/08\/reducao-dos-impactos-ambientais-e-aumento-da-pontuacao-leed-atraves-de-melhorias-no-concreto-2\/","url":"https:\/\/www.institutodeengenharia.org.br\/site\/2022\/06\/08\/reducao-dos-impactos-ambientais-e-aumento-da-pontuacao-leed-atraves-de-melhorias-no-concreto-2\/","name":"Redu\u00e7\u00e3o dos impactos ambientais e aumento da pontua\u00e7\u00e3o LEED atrav\u00e9s de melhorias no concreto - Instituto de Engenharia","isPartOf":{"@id":"https:\/\/www.institutodeengenharia.org.br\/site\/#website"},"primaryImageOfPage":{"@id":"https:\/\/www.institutodeengenharia.org.br\/site\/2022\/06\/08\/reducao-dos-impactos-ambientais-e-aumento-da-pontuacao-leed-atraves-de-melhorias-no-concreto-2\/#primaryimage"},"image":{"@id":"https:\/\/www.institutodeengenharia.org.br\/site\/2022\/06\/08\/reducao-dos-impactos-ambientais-e-aumento-da-pontuacao-leed-atraves-de-melhorias-no-concreto-2\/#primaryimage"},"thumbnailUrl":"https:\/\/www.institutodeengenharia.org.br\/site\/wp-content\/uploads\/2022\/06\/MicrosoftTeams-image-63.jpg","datePublished":"2022-06-08T14:29:07+00:00","breadcrumb":{"@id":"https:\/\/www.institutodeengenharia.org.br\/site\/2022\/06\/08\/reducao-dos-impactos-ambientais-e-aumento-da-pontuacao-leed-atraves-de-melhorias-no-concreto-2\/#breadcrumb"},"inLanguage":"pt-BR","potentialAction":[{"@type":"ReadAction","target":["https:\/\/www.institutodeengenharia.org.br\/site\/2022\/06\/08\/reducao-dos-impactos-ambientais-e-aumento-da-pontuacao-leed-atraves-de-melhorias-no-concreto-2\/"]}]},{"@type":"ImageObject","inLanguage":"pt-BR","@id":"https:\/\/www.institutodeengenharia.org.br\/site\/2022\/06\/08\/reducao-dos-impactos-ambientais-e-aumento-da-pontuacao-leed-atraves-de-melhorias-no-concreto-2\/#primaryimage","url":"https:\/\/www.institutodeengenharia.org.br\/site\/wp-content\/uploads\/2022\/06\/MicrosoftTeams-image-63.jpg","contentUrl":"https:\/\/www.institutodeengenharia.org.br\/site\/wp-content\/uploads\/2022\/06\/MicrosoftTeams-image-63.jpg","width":1000,"height":563},{"@type":"BreadcrumbList","@id":"https:\/\/www.institutodeengenharia.org.br\/site\/2022\/06\/08\/reducao-dos-impactos-ambientais-e-aumento-da-pontuacao-leed-atraves-de-melhorias-no-concreto-2\/#breadcrumb","itemListElement":[{"@type":"ListItem","position":1,"name":"In\u00edcio","item":"https:\/\/www.institutodeengenharia.org.br\/site\/"},{"@type":"ListItem","position":2,"name":"Redu\u00e7\u00e3o dos impactos ambientais e aumento da pontua\u00e7\u00e3o LEED atrav\u00e9s de melhorias no concreto"}]},{"@type":"WebSite","@id":"https:\/\/www.institutodeengenharia.org.br\/site\/#website","url":"https:\/\/www.institutodeengenharia.org.br\/site\/","name":"Instituto de Engenharia","description":"O Instituto de Engenharia promove a Engenharia em benef\u00edcio do desenvolvimento e da qualidade de vida da sociedade.","publisher":{"@id":"https:\/\/www.institutodeengenharia.org.br\/site\/#organization"},"potentialAction":[{"@type":"SearchAction","target":{"@type":"EntryPoint","urlTemplate":"https:\/\/www.institutodeengenharia.org.br\/site\/?s={search_term_string}"},"query-input":{"@type":"PropertyValueSpecification","valueRequired":true,"valueName":"search_term_string"}}],"inLanguage":"pt-BR"},{"@type":"Organization","@id":"https:\/\/www.institutodeengenharia.org.br\/site\/#organization","name":"Instituto de Engenharia","url":"https:\/\/www.institutodeengenharia.org.br\/site\/","logo":{"@type":"ImageObject","inLanguage":"pt-BR","@id":"https:\/\/www.institutodeengenharia.org.br\/site\/#\/schema\/logo\/image\/","url":"https:\/\/www.institutodeengenharia.org.br\/site\/wp-content\/uploads\/2019\/03\/logo-novo-IE2018-1.jpg","contentUrl":"https:\/\/www.institutodeengenharia.org.br\/site\/wp-content\/uploads\/2019\/03\/logo-novo-IE2018-1.jpg","width":1486,"height":1879,"caption":"Instituto de Engenharia"},"image":{"@id":"https:\/\/www.institutodeengenharia.org.br\/site\/#\/schema\/logo\/image\/"},"sameAs":["https:\/\/www.facebook.com\/institutodeengenharia","https:\/\/x.com\/iengenharia","https:\/\/www.instagram.com\/institutodeengenharia\/","https:\/\/www.linkedin.com\/company\/instituto-de-engenharia\/","https:\/\/www.youtube.com\/channel\/UCXiCAlsSMe977vamW915HxA"]},{"@type":"Person","@id":"https:\/\/www.institutodeengenharia.org.br\/site\/#\/schema\/person\/aeb64951c405e100d26d30b033dd423f","name":"Bianca","image":{"@type":"ImageObject","inLanguage":"pt-BR","@id":"https:\/\/secure.gravatar.com\/avatar\/a6fbe9bff57405baf4c1e2c5c1811e072b558253974a9f9508f4678900c97c2a?s=96&d=mm&r=g","url":"https:\/\/secure.gravatar.com\/avatar\/a6fbe9bff57405baf4c1e2c5c1811e072b558253974a9f9508f4678900c97c2a?s=96&d=mm&r=g","contentUrl":"https:\/\/secure.gravatar.com\/avatar\/a6fbe9bff57405baf4c1e2c5c1811e072b558253974a9f9508f4678900c97c2a?s=96&d=mm&r=g","caption":"Bianca"},"url":"https:\/\/www.institutodeengenharia.org.br\/site\/author\/comunicacao1\/"}]}},"_links":{"self":[{"href":"https:\/\/www.institutodeengenharia.org.br\/site\/wp-json\/wp\/v2\/posts\/94277","targetHints":{"allow":["GET"]}}],"collection":[{"href":"https:\/\/www.institutodeengenharia.org.br\/site\/wp-json\/wp\/v2\/posts"}],"about":[{"href":"https:\/\/www.institutodeengenharia.org.br\/site\/wp-json\/wp\/v2\/types\/post"}],"author":[{"embeddable":true,"href":"https:\/\/www.institutodeengenharia.org.br\/site\/wp-json\/wp\/v2\/users\/13"}],"replies":[{"embeddable":true,"href":"https:\/\/www.institutodeengenharia.org.br\/site\/wp-json\/wp\/v2\/comments?post=94277"}],"version-history":[{"count":1,"href":"https:\/\/www.institutodeengenharia.org.br\/site\/wp-json\/wp\/v2\/posts\/94277\/revisions"}],"predecessor-version":[{"id":94279,"href":"https:\/\/www.institutodeengenharia.org.br\/site\/wp-json\/wp\/v2\/posts\/94277\/revisions\/94279"}],"wp:featuredmedia":[{"embeddable":true,"href":"https:\/\/www.institutodeengenharia.org.br\/site\/wp-json\/wp\/v2\/media\/94278"}],"wp:attachment":[{"href":"https:\/\/www.institutodeengenharia.org.br\/site\/wp-json\/wp\/v2\/media?parent=94277"}],"wp:term":[{"taxonomy":"category","embeddable":true,"href":"https:\/\/www.institutodeengenharia.org.br\/site\/wp-json\/wp\/v2\/categories?post=94277"},{"taxonomy":"post_tag","embeddable":true,"href":"https:\/\/www.institutodeengenharia.org.br\/site\/wp-json\/wp\/v2\/tags?post=94277"}],"curies":[{"name":"wp","href":"https:\/\/api.w.org\/{rel}","templated":true}]}}