{"id":94118,"date":"2022-06-07T12:58:11","date_gmt":"2022-06-07T15:58:11","guid":{"rendered":"https:\/\/www.institutodeengenharia.org.br\/site\/?p=94118"},"modified":"2022-06-07T13:02:21","modified_gmt":"2022-06-07T16:02:21","slug":"emendas-mecanicas-de-barras-de-aco-em-estruturas-de-concreto-armado","status":"publish","type":"post","link":"https:\/\/www.institutodeengenharia.org.br\/site\/2022\/06\/07\/emendas-mecanicas-de-barras-de-aco-em-estruturas-de-concreto-armado\/","title":{"rendered":"Emendas mec\u00e2nicas de barras de a\u00e7o em estruturas de concreto armado"},"content":{"rendered":"<div><strong>Assista \u00e0 grava\u00e7\u00e3o do evento:<\/strong><\/div>\n<div><\/div>\n<div style=\"padding: 56.25% 0 0 0; position: relative;\"><iframe style=\"position: absolute; top: 0; left: 0; width: 100%; height: 100%;\" title=\"Emendas mec&amp;acirc;nicas de barras de a&amp;ccedil;o em estruturas de concreto armado\" src=\"https:\/\/player.vimeo.com\/video\/715984496?h=540f8371da&amp;badge=0&amp;autopause=0&amp;player_id=0&amp;app_id=58479\" frameborder=\"0\" allowfullscreen=\"allowfullscreen\"><\/iframe><\/div>\n<div><\/div>\n<div><strong>+ Informa\u00e7\u00f5es:<\/strong><\/div>\n<ul>\n<li>Conceitua\u00e7\u00e3o;<\/li>\n<li>Tipos de luva para emenda de barras de a\u00e7o;<\/li>\n<li>Normaliza\u00e7\u00f5es nacionais e internacionais vigentes;<\/li>\n<li>M\u00e9todos de ensaio em laborat\u00f3rio e par\u00e2metros de desempenho;<\/li>\n<li>Exemplos de aplica\u00e7\u00e3o.<\/li>\n<\/ul>\n<p><strong>P\u00fablico-alvo:<\/strong><\/p>\n<p>Estudantes de engenharia e engenheiros.<\/p>\n<p><strong>Palestrante:<\/strong><\/p>\n<p><img loading=\"lazy\" decoding=\"async\" class=\"alignnone wp-image-91828 td-animation-stack-type0-2\" src=\"https:\/\/www.institutodeengenharia.org.br\/site\/wp-content\/uploads\/2022\/04\/victorchiari.jpg\" alt=\"\" width=\"174\" height=\"207\" srcset=\"https:\/\/www.institutodeengenharia.org.br\/site\/wp-content\/uploads\/2022\/04\/victorchiari.jpg 539w, https:\/\/www.institutodeengenharia.org.br\/site\/wp-content\/uploads\/2022\/04\/victorchiari-253x300.jpg 253w, https:\/\/www.institutodeengenharia.org.br\/site\/wp-content\/uploads\/2022\/04\/victorchiari-354x420.jpg 354w\" sizes=\"auto, (max-width: 174px) 100vw, 174px\" \/><\/p>\n<p><strong>Victor Chiari \u2013 Diretor Executivo da C4V<\/strong><\/p>\n<p>Engenheiro Civil pela Universidade S\u00e3o Francisco e Mestre na \u00e1rea de Estruturas e Geot\u00e9cnica pela UNICAMP, al\u00e9m de 2 MBAs em Gest\u00e3o de Neg\u00f3cios pela FGV. Com experi\u00eancia de 20 anos em engenharia estrutural e geot\u00e9cnica, fundou a C4V Consultoria, Gest\u00e3o e Solu\u00e7\u00f5es para Engenharia em 2020, empresa focada em diversas solu\u00e7\u00f5es para engenharia estrutural e pisos de concreto de alto desempenho. Possui grande experi\u00eancia nacional e internacional em neg\u00f3cios e projetos em diversos pa\u00edses da Am\u00e9rica do Sul e Central, al\u00e9m dos Estados Unidos e alguns pa\u00edses europeus como Fran\u00e7a e It\u00e1lia.<\/p>\n<p><strong>Realiza\u00e7\u00e3o:<\/strong><\/p>\n<p><strong>Eng. Ivan Metran Whately<\/strong>\u00a0\u2013 Vice-Presidente de Atividades T\u00e9cnicas<\/p>\n<p><strong>Eng. Francisco Jos\u00e9 Pereira de Oliveira<\/strong>\u00a0\u2013 Diretor do Departamento de Desenvolvimento de Projeto e Servi\u00e7os de Infraestrutura<\/p>\n<p><strong>Eng. Rafael Timerman<\/strong>\u00a0\u2013 Coordenador da Divis\u00e3o T\u00e9cnica de Estruturas e Controle Tecnol\u00f3gico<\/p>\n<p><strong>Apoio Institucional:<\/strong><\/p>\n<p><img loading=\"lazy\" decoding=\"async\" class=\"alignnone wp-image-80756 td-animation-stack-type0-2\" src=\"https:\/\/www.institutodeengenharia.org.br\/site\/wp-content\/uploads\/2021\/05\/LOGOS12.png\" alt=\"\" width=\"468\" height=\"124\" srcset=\"https:\/\/www.institutodeengenharia.org.br\/site\/wp-content\/uploads\/2021\/05\/LOGOS12.png 573w, https:\/\/www.institutodeengenharia.org.br\/site\/wp-content\/uploads\/2021\/05\/LOGOS12-300x80.png 300w\" sizes=\"auto, (max-width: 468px) 100vw, 468px\" \/><\/p>\n<p><strong>Apoio \u00e0 forma\u00e7\u00e3o:\u00a0<\/strong><\/p>\n<p>Espa\u00e7o aberto ao CREA-SP, objetivando o aperfei\u00e7oamento dos profissionais e o aprimoramento da fiscaliza\u00e7\u00e3o das \u00e1reas abrangidas pelo Sistema Confea\/CREAs, al\u00e9m de promover a conscientiza\u00e7\u00e3o da sociedade quanto \u00e0 necessidade e obrigatoriedade de contratar um profissional devidamente habilitado.<\/p>\n","protected":false},"excerpt":{"rendered":"<p>Assista \u00e0 grava\u00e7\u00e3o do evento: + Informa\u00e7\u00f5es: Conceitua\u00e7\u00e3o; Tipos de luva para emenda de barras de a\u00e7o; Normaliza\u00e7\u00f5es nacionais e internacionais vigentes; M\u00e9todos de ensaio em laborat\u00f3rio e par\u00e2metros de desempenho; Exemplos de aplica\u00e7\u00e3o. P\u00fablico-alvo: Estudantes de engenharia e engenheiros. Palestrante: Victor Chiari \u2013 Diretor Executivo da C4V Engenheiro Civil pela Universidade S\u00e3o Francisco e [&hellip;]<\/p>\n","protected":false},"author":13,"featured_media":94119,"comment_status":"open","ping_status":"open","sticky":false,"template":"","format":"video","meta":{"footnotes":""},"categories":[968,969],"tags":[1176],"class_list":{"0":"post-94118","1":"post","2":"type-post","3":"status-publish","4":"format-video","5":"has-post-thumbnail","7":"category-nova-tv-engenharia","8":"category-palestra","9":"tag-video-home","10":"post_format-post-format-video"},"yoast_head":"<!-- This site is optimized with the Yoast SEO plugin v27.2 - https:\/\/yoast.com\/product\/yoast-seo-wordpress\/ -->\n<title>Emendas mec\u00e2nicas de barras de a\u00e7o em estruturas de concreto armado - Instituto de Engenharia<\/title>\n<meta name=\"robots\" content=\"index, follow, max-snippet:-1, max-image-preview:large, max-video-preview:-1\" \/>\n<link rel=\"canonical\" href=\"https:\/\/www.institutodeengenharia.org.br\/site\/2022\/06\/07\/emendas-mecanicas-de-barras-de-aco-em-estruturas-de-concreto-armado\/\" \/>\n<meta property=\"og:locale\" content=\"pt_BR\" \/>\n<meta property=\"og:type\" content=\"article\" \/>\n<meta property=\"og:title\" content=\"Emendas mec\u00e2nicas de barras de a\u00e7o em estruturas de concreto armado - Instituto de Engenharia\" \/>\n<meta property=\"og:description\" content=\"Assista \u00e0 grava\u00e7\u00e3o do evento: + Informa\u00e7\u00f5es: Conceitua\u00e7\u00e3o; Tipos de luva para emenda de barras de a\u00e7o; Normaliza\u00e7\u00f5es nacionais e internacionais vigentes; M\u00e9todos de ensaio em laborat\u00f3rio e par\u00e2metros de desempenho; Exemplos de aplica\u00e7\u00e3o. P\u00fablico-alvo: Estudantes de engenharia e engenheiros. Palestrante: Victor Chiari \u2013 Diretor Executivo da C4V Engenheiro Civil pela Universidade S\u00e3o Francisco e [&hellip;]\" \/>\n<meta property=\"og:url\" content=\"https:\/\/www.institutodeengenharia.org.br\/site\/2022\/06\/07\/emendas-mecanicas-de-barras-de-aco-em-estruturas-de-concreto-armado\/\" \/>\n<meta property=\"og:site_name\" content=\"Instituto de Engenharia\" \/>\n<meta property=\"article:publisher\" content=\"https:\/\/www.facebook.com\/institutodeengenharia\" \/>\n<meta property=\"article:published_time\" content=\"2022-06-07T15:58:11+00:00\" \/>\n<meta property=\"article:modified_time\" content=\"2022-06-07T16:02:21+00:00\" \/>\n<meta property=\"og:image\" content=\"https:\/\/www.institutodeengenharia.org.br\/site\/wp-content\/uploads\/2022\/06\/Design-sem-nome-45.jpg\" \/>\n\t<meta property=\"og:image:width\" content=\"1920\" \/>\n\t<meta property=\"og:image:height\" content=\"1080\" \/>\n\t<meta property=\"og:image:type\" content=\"image\/jpeg\" \/>\n<meta name=\"author\" content=\"Bianca\" \/>\n<meta name=\"twitter:card\" content=\"summary_large_image\" \/>\n<meta name=\"twitter:image\" content=\"https:\/\/www.institutodeengenharia.org.br\/site\/wp-content\/uploads\/2022\/06\/Design-sem-nome-45.jpg\" \/>\n<meta name=\"twitter:creator\" content=\"@iengenharia\" \/>\n<meta name=\"twitter:site\" content=\"@iengenharia\" \/>\n<meta name=\"twitter:label1\" content=\"Escrito por\" \/>\n\t<meta name=\"twitter:data1\" content=\"Bianca\" \/>\n\t<meta name=\"twitter:label2\" content=\"Est. tempo de leitura\" \/>\n\t<meta name=\"twitter:data2\" content=\"2 minutos\" \/>\n<script type=\"application\/ld+json\" class=\"yoast-schema-graph\">{\"@context\":\"https:\/\/schema.org\",\"@graph\":[{\"@type\":\"Article\",\"@id\":\"https:\/\/www.institutodeengenharia.org.br\/site\/2022\/06\/07\/emendas-mecanicas-de-barras-de-aco-em-estruturas-de-concreto-armado\/#article\",\"isPartOf\":{\"@id\":\"https:\/\/www.institutodeengenharia.org.br\/site\/2022\/06\/07\/emendas-mecanicas-de-barras-de-aco-em-estruturas-de-concreto-armado\/\"},\"author\":{\"name\":\"Bianca\",\"@id\":\"https:\/\/www.institutodeengenharia.org.br\/site\/#\/schema\/person\/aeb64951c405e100d26d30b033dd423f\"},\"headline\":\"Emendas mec\u00e2nicas de barras de a\u00e7o em estruturas de concreto armado\",\"datePublished\":\"2022-06-07T15:58:11+00:00\",\"dateModified\":\"2022-06-07T16:02:21+00:00\",\"mainEntityOfPage\":{\"@id\":\"https:\/\/www.institutodeengenharia.org.br\/site\/2022\/06\/07\/emendas-mecanicas-de-barras-de-aco-em-estruturas-de-concreto-armado\/\"},\"wordCount\":270,\"commentCount\":0,\"publisher\":{\"@id\":\"https:\/\/www.institutodeengenharia.org.br\/site\/#organization\"},\"image\":{\"@id\":\"https:\/\/www.institutodeengenharia.org.br\/site\/2022\/06\/07\/emendas-mecanicas-de-barras-de-aco-em-estruturas-de-concreto-armado\/#primaryimage\"},\"thumbnailUrl\":\"https:\/\/www.institutodeengenharia.org.br\/site\/wp-content\/uploads\/2022\/06\/Design-sem-nome-45.jpg\",\"keywords\":[\"video-home\"],\"articleSection\":[\"Nova TV Engenharia\",\"Palestra\"],\"inLanguage\":\"pt-BR\",\"potentialAction\":[{\"@type\":\"CommentAction\",\"name\":\"Comment\",\"target\":[\"https:\/\/www.institutodeengenharia.org.br\/site\/2022\/06\/07\/emendas-mecanicas-de-barras-de-aco-em-estruturas-de-concreto-armado\/#respond\"]}]},{\"@type\":\"WebPage\",\"@id\":\"https:\/\/www.institutodeengenharia.org.br\/site\/2022\/06\/07\/emendas-mecanicas-de-barras-de-aco-em-estruturas-de-concreto-armado\/\",\"url\":\"https:\/\/www.institutodeengenharia.org.br\/site\/2022\/06\/07\/emendas-mecanicas-de-barras-de-aco-em-estruturas-de-concreto-armado\/\",\"name\":\"Emendas mec\u00e2nicas de barras de a\u00e7o em estruturas de concreto armado - Instituto de Engenharia\",\"isPartOf\":{\"@id\":\"https:\/\/www.institutodeengenharia.org.br\/site\/#website\"},\"primaryImageOfPage\":{\"@id\":\"https:\/\/www.institutodeengenharia.org.br\/site\/2022\/06\/07\/emendas-mecanicas-de-barras-de-aco-em-estruturas-de-concreto-armado\/#primaryimage\"},\"image\":{\"@id\":\"https:\/\/www.institutodeengenharia.org.br\/site\/2022\/06\/07\/emendas-mecanicas-de-barras-de-aco-em-estruturas-de-concreto-armado\/#primaryimage\"},\"thumbnailUrl\":\"https:\/\/www.institutodeengenharia.org.br\/site\/wp-content\/uploads\/2022\/06\/Design-sem-nome-45.jpg\",\"datePublished\":\"2022-06-07T15:58:11+00:00\",\"dateModified\":\"2022-06-07T16:02:21+00:00\",\"breadcrumb\":{\"@id\":\"https:\/\/www.institutodeengenharia.org.br\/site\/2022\/06\/07\/emendas-mecanicas-de-barras-de-aco-em-estruturas-de-concreto-armado\/#breadcrumb\"},\"inLanguage\":\"pt-BR\",\"potentialAction\":[{\"@type\":\"ReadAction\",\"target\":[\"https:\/\/www.institutodeengenharia.org.br\/site\/2022\/06\/07\/emendas-mecanicas-de-barras-de-aco-em-estruturas-de-concreto-armado\/\"]}]},{\"@type\":\"ImageObject\",\"inLanguage\":\"pt-BR\",\"@id\":\"https:\/\/www.institutodeengenharia.org.br\/site\/2022\/06\/07\/emendas-mecanicas-de-barras-de-aco-em-estruturas-de-concreto-armado\/#primaryimage\",\"url\":\"https:\/\/www.institutodeengenharia.org.br\/site\/wp-content\/uploads\/2022\/06\/Design-sem-nome-45.jpg\",\"contentUrl\":\"https:\/\/www.institutodeengenharia.org.br\/site\/wp-content\/uploads\/2022\/06\/Design-sem-nome-45.jpg\",\"width\":1920,\"height\":1080},{\"@type\":\"BreadcrumbList\",\"@id\":\"https:\/\/www.institutodeengenharia.org.br\/site\/2022\/06\/07\/emendas-mecanicas-de-barras-de-aco-em-estruturas-de-concreto-armado\/#breadcrumb\",\"itemListElement\":[{\"@type\":\"ListItem\",\"position\":1,\"name\":\"In\u00edcio\",\"item\":\"https:\/\/www.institutodeengenharia.org.br\/site\/\"},{\"@type\":\"ListItem\",\"position\":2,\"name\":\"Emendas mec\u00e2nicas de barras de a\u00e7o em estruturas de concreto armado\"}]},{\"@type\":\"WebSite\",\"@id\":\"https:\/\/www.institutodeengenharia.org.br\/site\/#website\",\"url\":\"https:\/\/www.institutodeengenharia.org.br\/site\/\",\"name\":\"Instituto de Engenharia\",\"description\":\"O Instituto de Engenharia promove a Engenharia em benef\u00edcio do desenvolvimento e da qualidade de vida da sociedade.\",\"publisher\":{\"@id\":\"https:\/\/www.institutodeengenharia.org.br\/site\/#organization\"},\"potentialAction\":[{\"@type\":\"SearchAction\",\"target\":{\"@type\":\"EntryPoint\",\"urlTemplate\":\"https:\/\/www.institutodeengenharia.org.br\/site\/?s={search_term_string}\"},\"query-input\":{\"@type\":\"PropertyValueSpecification\",\"valueRequired\":true,\"valueName\":\"search_term_string\"}}],\"inLanguage\":\"pt-BR\"},{\"@type\":\"Organization\",\"@id\":\"https:\/\/www.institutodeengenharia.org.br\/site\/#organization\",\"name\":\"Instituto de Engenharia\",\"url\":\"https:\/\/www.institutodeengenharia.org.br\/site\/\",\"logo\":{\"@type\":\"ImageObject\",\"inLanguage\":\"pt-BR\",\"@id\":\"https:\/\/www.institutodeengenharia.org.br\/site\/#\/schema\/logo\/image\/\",\"url\":\"https:\/\/www.institutodeengenharia.org.br\/site\/wp-content\/uploads\/2019\/03\/logo-novo-IE2018-1.jpg\",\"contentUrl\":\"https:\/\/www.institutodeengenharia.org.br\/site\/wp-content\/uploads\/2019\/03\/logo-novo-IE2018-1.jpg\",\"width\":1486,\"height\":1879,\"caption\":\"Instituto de Engenharia\"},\"image\":{\"@id\":\"https:\/\/www.institutodeengenharia.org.br\/site\/#\/schema\/logo\/image\/\"},\"sameAs\":[\"https:\/\/www.facebook.com\/institutodeengenharia\",\"https:\/\/x.com\/iengenharia\",\"https:\/\/www.instagram.com\/institutodeengenharia\/\",\"https:\/\/www.linkedin.com\/company\/instituto-de-engenharia\/\",\"https:\/\/www.youtube.com\/channel\/UCXiCAlsSMe977vamW915HxA\"]},{\"@type\":\"Person\",\"@id\":\"https:\/\/www.institutodeengenharia.org.br\/site\/#\/schema\/person\/aeb64951c405e100d26d30b033dd423f\",\"name\":\"Bianca\",\"image\":{\"@type\":\"ImageObject\",\"inLanguage\":\"pt-BR\",\"@id\":\"https:\/\/secure.gravatar.com\/avatar\/a6fbe9bff57405baf4c1e2c5c1811e072b558253974a9f9508f4678900c97c2a?s=96&d=mm&r=g\",\"url\":\"https:\/\/secure.gravatar.com\/avatar\/a6fbe9bff57405baf4c1e2c5c1811e072b558253974a9f9508f4678900c97c2a?s=96&d=mm&r=g\",\"contentUrl\":\"https:\/\/secure.gravatar.com\/avatar\/a6fbe9bff57405baf4c1e2c5c1811e072b558253974a9f9508f4678900c97c2a?s=96&d=mm&r=g\",\"caption\":\"Bianca\"},\"url\":\"https:\/\/www.institutodeengenharia.org.br\/site\/author\/comunicacao1\/\"}]}<\/script>\n<!-- \/ Yoast SEO plugin. -->","yoast_head_json":{"title":"Emendas mec\u00e2nicas de barras de a\u00e7o em estruturas de concreto armado - Instituto de Engenharia","robots":{"index":"index","follow":"follow","max-snippet":"max-snippet:-1","max-image-preview":"max-image-preview:large","max-video-preview":"max-video-preview:-1"},"canonical":"https:\/\/www.institutodeengenharia.org.br\/site\/2022\/06\/07\/emendas-mecanicas-de-barras-de-aco-em-estruturas-de-concreto-armado\/","og_locale":"pt_BR","og_type":"article","og_title":"Emendas mec\u00e2nicas de barras de a\u00e7o em estruturas de concreto armado - Instituto de Engenharia","og_description":"Assista \u00e0 grava\u00e7\u00e3o do evento: + Informa\u00e7\u00f5es: Conceitua\u00e7\u00e3o; Tipos de luva para emenda de barras de a\u00e7o; Normaliza\u00e7\u00f5es nacionais e internacionais vigentes; M\u00e9todos de ensaio em laborat\u00f3rio e par\u00e2metros de desempenho; Exemplos de aplica\u00e7\u00e3o. P\u00fablico-alvo: Estudantes de engenharia e engenheiros. Palestrante: Victor Chiari \u2013 Diretor Executivo da C4V Engenheiro Civil pela Universidade S\u00e3o Francisco e [&hellip;]","og_url":"https:\/\/www.institutodeengenharia.org.br\/site\/2022\/06\/07\/emendas-mecanicas-de-barras-de-aco-em-estruturas-de-concreto-armado\/","og_site_name":"Instituto de Engenharia","article_publisher":"https:\/\/www.facebook.com\/institutodeengenharia","article_published_time":"2022-06-07T15:58:11+00:00","article_modified_time":"2022-06-07T16:02:21+00:00","og_image":[{"width":1920,"height":1080,"url":"https:\/\/www.institutodeengenharia.org.br\/site\/wp-content\/uploads\/2022\/06\/Design-sem-nome-45.jpg","type":"image\/jpeg"}],"author":"Bianca","twitter_card":"summary_large_image","twitter_image":"https:\/\/www.institutodeengenharia.org.br\/site\/wp-content\/uploads\/2022\/06\/Design-sem-nome-45.jpg","twitter_creator":"@iengenharia","twitter_site":"@iengenharia","twitter_misc":{"Escrito por":"Bianca","Est. tempo de leitura":"2 minutos"},"schema":{"@context":"https:\/\/schema.org","@graph":[{"@type":"Article","@id":"https:\/\/www.institutodeengenharia.org.br\/site\/2022\/06\/07\/emendas-mecanicas-de-barras-de-aco-em-estruturas-de-concreto-armado\/#article","isPartOf":{"@id":"https:\/\/www.institutodeengenharia.org.br\/site\/2022\/06\/07\/emendas-mecanicas-de-barras-de-aco-em-estruturas-de-concreto-armado\/"},"author":{"name":"Bianca","@id":"https:\/\/www.institutodeengenharia.org.br\/site\/#\/schema\/person\/aeb64951c405e100d26d30b033dd423f"},"headline":"Emendas mec\u00e2nicas de barras de a\u00e7o em estruturas de concreto armado","datePublished":"2022-06-07T15:58:11+00:00","dateModified":"2022-06-07T16:02:21+00:00","mainEntityOfPage":{"@id":"https:\/\/www.institutodeengenharia.org.br\/site\/2022\/06\/07\/emendas-mecanicas-de-barras-de-aco-em-estruturas-de-concreto-armado\/"},"wordCount":270,"commentCount":0,"publisher":{"@id":"https:\/\/www.institutodeengenharia.org.br\/site\/#organization"},"image":{"@id":"https:\/\/www.institutodeengenharia.org.br\/site\/2022\/06\/07\/emendas-mecanicas-de-barras-de-aco-em-estruturas-de-concreto-armado\/#primaryimage"},"thumbnailUrl":"https:\/\/www.institutodeengenharia.org.br\/site\/wp-content\/uploads\/2022\/06\/Design-sem-nome-45.jpg","keywords":["video-home"],"articleSection":["Nova TV Engenharia","Palestra"],"inLanguage":"pt-BR","potentialAction":[{"@type":"CommentAction","name":"Comment","target":["https:\/\/www.institutodeengenharia.org.br\/site\/2022\/06\/07\/emendas-mecanicas-de-barras-de-aco-em-estruturas-de-concreto-armado\/#respond"]}]},{"@type":"WebPage","@id":"https:\/\/www.institutodeengenharia.org.br\/site\/2022\/06\/07\/emendas-mecanicas-de-barras-de-aco-em-estruturas-de-concreto-armado\/","url":"https:\/\/www.institutodeengenharia.org.br\/site\/2022\/06\/07\/emendas-mecanicas-de-barras-de-aco-em-estruturas-de-concreto-armado\/","name":"Emendas mec\u00e2nicas de barras de a\u00e7o em estruturas de concreto armado - Instituto de Engenharia","isPartOf":{"@id":"https:\/\/www.institutodeengenharia.org.br\/site\/#website"},"primaryImageOfPage":{"@id":"https:\/\/www.institutodeengenharia.org.br\/site\/2022\/06\/07\/emendas-mecanicas-de-barras-de-aco-em-estruturas-de-concreto-armado\/#primaryimage"},"image":{"@id":"https:\/\/www.institutodeengenharia.org.br\/site\/2022\/06\/07\/emendas-mecanicas-de-barras-de-aco-em-estruturas-de-concreto-armado\/#primaryimage"},"thumbnailUrl":"https:\/\/www.institutodeengenharia.org.br\/site\/wp-content\/uploads\/2022\/06\/Design-sem-nome-45.jpg","datePublished":"2022-06-07T15:58:11+00:00","dateModified":"2022-06-07T16:02:21+00:00","breadcrumb":{"@id":"https:\/\/www.institutodeengenharia.org.br\/site\/2022\/06\/07\/emendas-mecanicas-de-barras-de-aco-em-estruturas-de-concreto-armado\/#breadcrumb"},"inLanguage":"pt-BR","potentialAction":[{"@type":"ReadAction","target":["https:\/\/www.institutodeengenharia.org.br\/site\/2022\/06\/07\/emendas-mecanicas-de-barras-de-aco-em-estruturas-de-concreto-armado\/"]}]},{"@type":"ImageObject","inLanguage":"pt-BR","@id":"https:\/\/www.institutodeengenharia.org.br\/site\/2022\/06\/07\/emendas-mecanicas-de-barras-de-aco-em-estruturas-de-concreto-armado\/#primaryimage","url":"https:\/\/www.institutodeengenharia.org.br\/site\/wp-content\/uploads\/2022\/06\/Design-sem-nome-45.jpg","contentUrl":"https:\/\/www.institutodeengenharia.org.br\/site\/wp-content\/uploads\/2022\/06\/Design-sem-nome-45.jpg","width":1920,"height":1080},{"@type":"BreadcrumbList","@id":"https:\/\/www.institutodeengenharia.org.br\/site\/2022\/06\/07\/emendas-mecanicas-de-barras-de-aco-em-estruturas-de-concreto-armado\/#breadcrumb","itemListElement":[{"@type":"ListItem","position":1,"name":"In\u00edcio","item":"https:\/\/www.institutodeengenharia.org.br\/site\/"},{"@type":"ListItem","position":2,"name":"Emendas mec\u00e2nicas de barras de a\u00e7o em estruturas de concreto armado"}]},{"@type":"WebSite","@id":"https:\/\/www.institutodeengenharia.org.br\/site\/#website","url":"https:\/\/www.institutodeengenharia.org.br\/site\/","name":"Instituto de Engenharia","description":"O Instituto de Engenharia promove a Engenharia em benef\u00edcio do desenvolvimento e da qualidade de vida da sociedade.","publisher":{"@id":"https:\/\/www.institutodeengenharia.org.br\/site\/#organization"},"potentialAction":[{"@type":"SearchAction","target":{"@type":"EntryPoint","urlTemplate":"https:\/\/www.institutodeengenharia.org.br\/site\/?s={search_term_string}"},"query-input":{"@type":"PropertyValueSpecification","valueRequired":true,"valueName":"search_term_string"}}],"inLanguage":"pt-BR"},{"@type":"Organization","@id":"https:\/\/www.institutodeengenharia.org.br\/site\/#organization","name":"Instituto de Engenharia","url":"https:\/\/www.institutodeengenharia.org.br\/site\/","logo":{"@type":"ImageObject","inLanguage":"pt-BR","@id":"https:\/\/www.institutodeengenharia.org.br\/site\/#\/schema\/logo\/image\/","url":"https:\/\/www.institutodeengenharia.org.br\/site\/wp-content\/uploads\/2019\/03\/logo-novo-IE2018-1.jpg","contentUrl":"https:\/\/www.institutodeengenharia.org.br\/site\/wp-content\/uploads\/2019\/03\/logo-novo-IE2018-1.jpg","width":1486,"height":1879,"caption":"Instituto de Engenharia"},"image":{"@id":"https:\/\/www.institutodeengenharia.org.br\/site\/#\/schema\/logo\/image\/"},"sameAs":["https:\/\/www.facebook.com\/institutodeengenharia","https:\/\/x.com\/iengenharia","https:\/\/www.instagram.com\/institutodeengenharia\/","https:\/\/www.linkedin.com\/company\/instituto-de-engenharia\/","https:\/\/www.youtube.com\/channel\/UCXiCAlsSMe977vamW915HxA"]},{"@type":"Person","@id":"https:\/\/www.institutodeengenharia.org.br\/site\/#\/schema\/person\/aeb64951c405e100d26d30b033dd423f","name":"Bianca","image":{"@type":"ImageObject","inLanguage":"pt-BR","@id":"https:\/\/secure.gravatar.com\/avatar\/a6fbe9bff57405baf4c1e2c5c1811e072b558253974a9f9508f4678900c97c2a?s=96&d=mm&r=g","url":"https:\/\/secure.gravatar.com\/avatar\/a6fbe9bff57405baf4c1e2c5c1811e072b558253974a9f9508f4678900c97c2a?s=96&d=mm&r=g","contentUrl":"https:\/\/secure.gravatar.com\/avatar\/a6fbe9bff57405baf4c1e2c5c1811e072b558253974a9f9508f4678900c97c2a?s=96&d=mm&r=g","caption":"Bianca"},"url":"https:\/\/www.institutodeengenharia.org.br\/site\/author\/comunicacao1\/"}]}},"_links":{"self":[{"href":"https:\/\/www.institutodeengenharia.org.br\/site\/wp-json\/wp\/v2\/posts\/94118","targetHints":{"allow":["GET"]}}],"collection":[{"href":"https:\/\/www.institutodeengenharia.org.br\/site\/wp-json\/wp\/v2\/posts"}],"about":[{"href":"https:\/\/www.institutodeengenharia.org.br\/site\/wp-json\/wp\/v2\/types\/post"}],"author":[{"embeddable":true,"href":"https:\/\/www.institutodeengenharia.org.br\/site\/wp-json\/wp\/v2\/users\/13"}],"replies":[{"embeddable":true,"href":"https:\/\/www.institutodeengenharia.org.br\/site\/wp-json\/wp\/v2\/comments?post=94118"}],"version-history":[{"count":1,"href":"https:\/\/www.institutodeengenharia.org.br\/site\/wp-json\/wp\/v2\/posts\/94118\/revisions"}],"predecessor-version":[{"id":94120,"href":"https:\/\/www.institutodeengenharia.org.br\/site\/wp-json\/wp\/v2\/posts\/94118\/revisions\/94120"}],"wp:featuredmedia":[{"embeddable":true,"href":"https:\/\/www.institutodeengenharia.org.br\/site\/wp-json\/wp\/v2\/media\/94119"}],"wp:attachment":[{"href":"https:\/\/www.institutodeengenharia.org.br\/site\/wp-json\/wp\/v2\/media?parent=94118"}],"wp:term":[{"taxonomy":"category","embeddable":true,"href":"https:\/\/www.institutodeengenharia.org.br\/site\/wp-json\/wp\/v2\/categories?post=94118"},{"taxonomy":"post_tag","embeddable":true,"href":"https:\/\/www.institutodeengenharia.org.br\/site\/wp-json\/wp\/v2\/tags?post=94118"}],"curies":[{"name":"wp","href":"https:\/\/api.w.org\/{rel}","templated":true}]}}