{"id":93955,"date":"2022-06-01T14:17:39","date_gmt":"2022-06-01T17:17:39","guid":{"rendered":"https:\/\/www.institutodeengenharia.org.br\/site\/?p=93955"},"modified":"2022-06-09T14:11:34","modified_gmt":"2022-06-09T17:11:34","slug":"tuneis-em-areas-urbanas","status":"publish","type":"post","link":"https:\/\/www.institutodeengenharia.org.br\/site\/2022\/06\/01\/tuneis-em-areas-urbanas\/","title":{"rendered":"T\u00faneis em \u00e1reas urbanas"},"content":{"rendered":"<p><strong>Assista \u00e0 grava\u00e7\u00e3o do evento:<\/strong><\/p>\n<div style=\"padding: 56.25% 0 0 0; position: relative;\"><iframe style=\"position: absolute; top: 0; left: 0; width: 100%; height: 100%;\" title=\"T&amp;uacute;neis em &amp;Aacute;reas Urbanas\" src=\"https:\/\/player.vimeo.com\/video\/718778055?h=012c5625f1&amp;badge=0&amp;autopause=0&amp;player_id=0&amp;app_id=58479\" frameborder=\"0\" allowfullscreen=\"allowfullscreen\"><\/iframe><\/div>\n<p><script src=\"https:\/\/player.vimeo.com\/api\/player.js\"><\/script><strong>+ Informa\u00e7\u00f5es:\u00a0<\/strong><\/p>\n<p>O crescimento das cidades tem exigido cada vez mais o uso do espa\u00e7o subterr\u00e2neo para solu\u00e7\u00f5es de infraestrutura e at\u00e9 de moradia. Na realidade brasileira, solu\u00e7\u00f5es de moradia subterr\u00e2nea ainda podem estar distantes. No que diz respeito \u00e0 infraestrutura de transporte, para citar apenas um segmento, nossas cidades s\u00e3o ainda muito carentes. Exemplos ser\u00e3o citados de solu\u00e7\u00f5es subterr\u00e2neas inovadoras sendo implantadas no presente para transporte individual ou coletivo. Sendo mais diretas, as solu\u00e7\u00f5es subterr\u00e2neas trazem vantagens de trajetos e tempos de viagem mais curtos, e por consequ\u00eancia, menores custos operacionais e rastros de emiss\u00e3o de carbono mais leves. Exemplos reais com n\u00fameros ser\u00e3o apresentados. Por outro lado, o ambiente constru\u00eddo urbano representa um desafio para as constru\u00e7\u00f5es subterr\u00e2neas, impondo restri\u00e7\u00f5es de seguran\u00e7a e de desempenho bem mais severas que para t\u00faneis remotos. Al\u00e9m da confiabilidade da estabilidade das escava\u00e7\u00f5es, os deslocamentos inerentes ao al\u00edvio provocado por elas t\u00eam de ser minimizados de modo a restringir os danos \u00e0s edifica\u00e7\u00f5es e linhas de utilidade sobrejacentes. Exemplos reais ser\u00e3o tamb\u00e9m apresentados, bem como resultados parciais de avan\u00e7os de uma pesquisa em andamento sobre a previs\u00e3o de deforma\u00e7\u00f5es horizontais provocadas por t\u00faneis.<\/p>\n<p><strong>P\u00fablico-alvo:<\/strong><\/p>\n<p>Engenheiros (civis, geot\u00e9cnicos, mec\u00e2nicos, produ\u00e7\u00e3o, de minas, etc), ge\u00f3logos, urbanistas e estudantes.<\/p>\n<p><strong>Palestrante:<\/strong><\/p>\n<p><img loading=\"lazy\" decoding=\"async\" class=\"wp-image-92188 alignleft td-animation-stack-type0-2\" src=\"https:\/\/www.institutodeengenharia.org.br\/site\/wp-content\/uploads\/2022\/04\/tarcisio.png\" alt=\"\" width=\"173\" height=\"171\" srcset=\"https:\/\/www.institutodeengenharia.org.br\/site\/wp-content\/uploads\/2022\/04\/tarcisio.png 716w, https:\/\/www.institutodeengenharia.org.br\/site\/wp-content\/uploads\/2022\/04\/tarcisio-300x297.png 300w, https:\/\/www.institutodeengenharia.org.br\/site\/wp-content\/uploads\/2022\/04\/tarcisio-696x689.png 696w, https:\/\/www.institutodeengenharia.org.br\/site\/wp-content\/uploads\/2022\/04\/tarcisio-424x420.png 424w, https:\/\/www.institutodeengenharia.org.br\/site\/wp-content\/uploads\/2022\/04\/tarcisio-600x594.png 600w, https:\/\/www.institutodeengenharia.org.br\/site\/wp-content\/uploads\/2022\/04\/tarcisio-100x100.png 100w\" sizes=\"auto, (max-width: 173px) 100vw, 173px\" \/><\/p>\n<p><strong>Tarc\u00edsio Barreto Celestino \u2013 Professor Doutor no Departamento de Geotecnia da Escola de Engenharia de S\u00e3o Carlos<\/strong><\/p>\n<p>Graduado em Engenharia Civil pela Escola Polit\u00e9cnica da Universidade de S\u00e3o Paulo (1972), obteve mestrado (1978) e doutorado (1981) em Engenharia Civil pela Universidade da Calif\u00f3rnia, Berkeley.<\/p>\n<p>Atualmente \u00e9 Professor Doutor no Departamento de Geotecnia da Escola de Engenharia de S\u00e3o Carlos, Universidade de S\u00e3o Paulo e Gerente de Engenharia Civil da Themag Engenharia, S\u00e3o Paulo. Respons\u00e1vel pelos projetos geot\u00e9cnicos de v\u00e1rias usinas hidrel\u00e9tricas, esta\u00e7\u00f5es e t\u00faneis de via de metr\u00f4s etc. Consultor de v\u00e1rias obras no Brasil e no exterior.<\/p>\n<p>Foi Presidente da International Tunnelling and Underground Space Association (ITA) de 2016 a 2019, ocupando atualmente a posi\u00e7\u00e3o de Past President no Conselho Executivo daquela Associa\u00e7\u00e3o. Foi Presidente do CBT \u2013 Comit\u00ea Brasileiro de T\u00faneis. Foi Vice-Presidente da ISRM \u2013 International Society for Rock Mechanics.<\/p>\n<p>Recebeu o Pr\u00eamio Manuel Rocha, e o Pr\u00eamio Terzaghi, da ABMS, em 2012 e 2020, respectivamente. Foi Editor Associado do peri\u00f3dico Tunnelling and Underground Space Technology (2010-2015). Professor convidado dos Programas de Mestrado em Obras Subterr\u00e2neas do International Institute for Infrastructural, Hydraulic and Environmental Engineering (IHE), Delft, Holanda e da \u00c9cole Polytechnique F\u00e9d\u00e9rale de Lausanne, Su\u00ed\u00e7a, entre outros. Tem mais de 160 artigos t\u00e9cnicos publicados em peri\u00f3dicos e anais de congressos.<\/p>\n<p><strong>Realiza\u00e7\u00e3o:<\/strong><\/p>\n<p><strong>Eng. Ivan Metran Whately<\/strong>\u00a0\u2013 Vice-presidente de Atividades T\u00e9cnicas<\/p>\n<p><strong>Eng. Francisco Jos\u00e9 Pereira de Oliveira<\/strong>\u00a0\u2013 Diretor do Departamento de Desenvolvimento de Projetos e Servi\u00e7os de Infraestrutura<\/p>\n<p><strong>Eng. Rog\u00e9rio Carvalho Ribeiro Nogueira<\/strong>\u00a0\u2013 Coordenador da Divis\u00e3o T\u00e9cnica de Geotecnia<\/p>\n<p><strong>Eng. Arthur Teixeira Askinis<\/strong>\u00a0\u2013 Vice-coordenador da Divis\u00e3o T\u00e9cnica de Geotecnia<\/p>\n<p><strong>Apoio Institucional:<\/strong><\/p>\n<p><img loading=\"lazy\" decoding=\"async\" class=\"alignnone wp-image-77696 td-animation-stack-type0-2\" src=\"https:\/\/www.institutodeengenharia.org.br\/site\/wp-content\/uploads\/2021\/02\/crea.jpg\" alt=\"\" width=\"140\" height=\"98\" srcset=\"https:\/\/www.institutodeengenharia.org.br\/site\/wp-content\/uploads\/2021\/02\/crea.jpg 448w, https:\/\/www.institutodeengenharia.org.br\/site\/wp-content\/uploads\/2021\/02\/crea-300x211.jpg 300w, https:\/\/www.institutodeengenharia.org.br\/site\/wp-content\/uploads\/2021\/02\/crea-100x70.jpg 100w\" sizes=\"auto, (max-width: 140px) 100vw, 140px\" \/><\/p>\n<p><strong>Apoio \u00e0 forma\u00e7\u00e3o:\u00a0<\/strong><\/p>\n<p>Espa\u00e7o aberto ao CREA-SP, objetivando o aperfei\u00e7oamento dos profissionais e o aprimoramento da fiscaliza\u00e7\u00e3o das \u00e1reas abrangidas pelo Sistema Confea\/CREAs, al\u00e9m de promover a conscientiza\u00e7\u00e3o da sociedade quanto \u00e0 necessidade e obrigatoriedade de contratar um profissional devidamente habilitado.<\/p>\n","protected":false},"excerpt":{"rendered":"<p>Assista \u00e0 grava\u00e7\u00e3o do evento: + Informa\u00e7\u00f5es:\u00a0 O crescimento das cidades tem exigido cada vez mais o uso do espa\u00e7o subterr\u00e2neo para solu\u00e7\u00f5es de infraestrutura e at\u00e9 de moradia. Na realidade brasileira, solu\u00e7\u00f5es de moradia subterr\u00e2nea ainda podem estar distantes. No que diz respeito \u00e0 infraestrutura de transporte, para citar apenas um segmento, nossas cidades [&hellip;]<\/p>\n","protected":false},"author":13,"featured_media":93956,"comment_status":"open","ping_status":"open","sticky":false,"template":"","format":"standard","meta":{"footnotes":""},"categories":[968,969],"tags":[],"class_list":{"0":"post-93955","1":"post","2":"type-post","3":"status-publish","4":"format-standard","5":"has-post-thumbnail","7":"category-nova-tv-engenharia","8":"category-palestra"},"yoast_head":"<!-- This site is optimized with the Yoast SEO plugin v27.2 - https:\/\/yoast.com\/product\/yoast-seo-wordpress\/ -->\n<title>T\u00faneis em \u00e1reas urbanas - Instituto de Engenharia<\/title>\n<meta name=\"robots\" content=\"index, follow, max-snippet:-1, max-image-preview:large, max-video-preview:-1\" \/>\n<link rel=\"canonical\" href=\"https:\/\/www.institutodeengenharia.org.br\/site\/2022\/06\/01\/tuneis-em-areas-urbanas\/\" \/>\n<meta property=\"og:locale\" content=\"pt_BR\" \/>\n<meta property=\"og:type\" content=\"article\" \/>\n<meta property=\"og:title\" content=\"T\u00faneis em \u00e1reas urbanas\" \/>\n<meta property=\"og:description\" content=\"O crescimento das cidades tem exigido cada vez mais o uso do espa\u00e7o subterr\u00e2neo para solu\u00e7\u00f5es de infraestrutura e at\u00e9 de moradia. Na realidade brasileira, solu\u00e7\u00f5es de moradia subterr\u00e2nea ainda podem estar distantes.\" \/>\n<meta property=\"og:url\" content=\"https:\/\/www.institutodeengenharia.org.br\/site\/2022\/06\/01\/tuneis-em-areas-urbanas\/\" \/>\n<meta property=\"og:site_name\" content=\"Instituto de Engenharia\" \/>\n<meta property=\"article:publisher\" content=\"https:\/\/www.facebook.com\/institutodeengenharia\" \/>\n<meta property=\"article:published_time\" content=\"2022-06-01T17:17:39+00:00\" \/>\n<meta property=\"article:modified_time\" content=\"2022-06-09T17:11:34+00:00\" \/>\n<meta property=\"og:image\" content=\"https:\/\/www.institutodeengenharia.org.br\/site\/wp-content\/uploads\/2022\/06\/tunnel-g3d79cf5e8_1920.jpg\" \/>\n\t<meta property=\"og:image:width\" content=\"1920\" \/>\n\t<meta property=\"og:image:height\" content=\"1235\" \/>\n\t<meta property=\"og:image:type\" content=\"image\/jpeg\" \/>\n<meta name=\"author\" content=\"Bianca\" \/>\n<meta name=\"twitter:card\" content=\"summary_large_image\" \/>\n<meta name=\"twitter:title\" content=\"T\u00faneis em \u00e1reas urbanas\" \/>\n<meta name=\"twitter:description\" content=\"O crescimento das cidades tem exigido cada vez mais o uso do espa\u00e7o subterr\u00e2neo para solu\u00e7\u00f5es de infraestrutura e at\u00e9 de moradia. Na realidade brasileira, solu\u00e7\u00f5es de moradia subterr\u00e2nea ainda podem estar distantes.\" \/>\n<meta name=\"twitter:image\" content=\"https:\/\/www.institutodeengenharia.org.br\/site\/wp-content\/uploads\/2022\/06\/tunnel-g3d79cf5e8_1920.jpg\" \/>\n<meta name=\"twitter:creator\" content=\"@iengenharia\" \/>\n<meta name=\"twitter:site\" content=\"@iengenharia\" \/>\n<meta name=\"twitter:label1\" content=\"Escrito por\" \/>\n\t<meta name=\"twitter:data1\" content=\"Bianca\" \/>\n\t<meta name=\"twitter:label2\" content=\"Est. tempo de leitura\" \/>\n\t<meta name=\"twitter:data2\" content=\"4 minutos\" \/>\n<script type=\"application\/ld+json\" class=\"yoast-schema-graph\">{\"@context\":\"https:\/\/schema.org\",\"@graph\":[{\"@type\":\"Article\",\"@id\":\"https:\/\/www.institutodeengenharia.org.br\/site\/2022\/06\/01\/tuneis-em-areas-urbanas\/#article\",\"isPartOf\":{\"@id\":\"https:\/\/www.institutodeengenharia.org.br\/site\/2022\/06\/01\/tuneis-em-areas-urbanas\/\"},\"author\":{\"name\":\"Bianca\",\"@id\":\"https:\/\/www.institutodeengenharia.org.br\/site\/#\/schema\/person\/aeb64951c405e100d26d30b033dd423f\"},\"headline\":\"T\u00faneis em \u00e1reas urbanas\",\"datePublished\":\"2022-06-01T17:17:39+00:00\",\"dateModified\":\"2022-06-09T17:11:34+00:00\",\"mainEntityOfPage\":{\"@id\":\"https:\/\/www.institutodeengenharia.org.br\/site\/2022\/06\/01\/tuneis-em-areas-urbanas\/\"},\"wordCount\":584,\"commentCount\":0,\"publisher\":{\"@id\":\"https:\/\/www.institutodeengenharia.org.br\/site\/#organization\"},\"image\":{\"@id\":\"https:\/\/www.institutodeengenharia.org.br\/site\/2022\/06\/01\/tuneis-em-areas-urbanas\/#primaryimage\"},\"thumbnailUrl\":\"https:\/\/www.institutodeengenharia.org.br\/site\/wp-content\/uploads\/2022\/06\/tunnel-g3d79cf5e8_1920.jpg\",\"articleSection\":[\"Nova TV Engenharia\",\"Palestra\"],\"inLanguage\":\"pt-BR\",\"potentialAction\":[{\"@type\":\"CommentAction\",\"name\":\"Comment\",\"target\":[\"https:\/\/www.institutodeengenharia.org.br\/site\/2022\/06\/01\/tuneis-em-areas-urbanas\/#respond\"]}]},{\"@type\":\"WebPage\",\"@id\":\"https:\/\/www.institutodeengenharia.org.br\/site\/2022\/06\/01\/tuneis-em-areas-urbanas\/\",\"url\":\"https:\/\/www.institutodeengenharia.org.br\/site\/2022\/06\/01\/tuneis-em-areas-urbanas\/\",\"name\":\"T\u00faneis em \u00e1reas urbanas - Instituto de Engenharia\",\"isPartOf\":{\"@id\":\"https:\/\/www.institutodeengenharia.org.br\/site\/#website\"},\"primaryImageOfPage\":{\"@id\":\"https:\/\/www.institutodeengenharia.org.br\/site\/2022\/06\/01\/tuneis-em-areas-urbanas\/#primaryimage\"},\"image\":{\"@id\":\"https:\/\/www.institutodeengenharia.org.br\/site\/2022\/06\/01\/tuneis-em-areas-urbanas\/#primaryimage\"},\"thumbnailUrl\":\"https:\/\/www.institutodeengenharia.org.br\/site\/wp-content\/uploads\/2022\/06\/tunnel-g3d79cf5e8_1920.jpg\",\"datePublished\":\"2022-06-01T17:17:39+00:00\",\"dateModified\":\"2022-06-09T17:11:34+00:00\",\"breadcrumb\":{\"@id\":\"https:\/\/www.institutodeengenharia.org.br\/site\/2022\/06\/01\/tuneis-em-areas-urbanas\/#breadcrumb\"},\"inLanguage\":\"pt-BR\",\"potentialAction\":[{\"@type\":\"ReadAction\",\"target\":[\"https:\/\/www.institutodeengenharia.org.br\/site\/2022\/06\/01\/tuneis-em-areas-urbanas\/\"]}]},{\"@type\":\"ImageObject\",\"inLanguage\":\"pt-BR\",\"@id\":\"https:\/\/www.institutodeengenharia.org.br\/site\/2022\/06\/01\/tuneis-em-areas-urbanas\/#primaryimage\",\"url\":\"https:\/\/www.institutodeengenharia.org.br\/site\/wp-content\/uploads\/2022\/06\/tunnel-g3d79cf5e8_1920.jpg\",\"contentUrl\":\"https:\/\/www.institutodeengenharia.org.br\/site\/wp-content\/uploads\/2022\/06\/tunnel-g3d79cf5e8_1920.jpg\",\"width\":1920,\"height\":1235},{\"@type\":\"BreadcrumbList\",\"@id\":\"https:\/\/www.institutodeengenharia.org.br\/site\/2022\/06\/01\/tuneis-em-areas-urbanas\/#breadcrumb\",\"itemListElement\":[{\"@type\":\"ListItem\",\"position\":1,\"name\":\"In\u00edcio\",\"item\":\"https:\/\/www.institutodeengenharia.org.br\/site\/\"},{\"@type\":\"ListItem\",\"position\":2,\"name\":\"T\u00faneis em \u00e1reas urbanas\"}]},{\"@type\":\"WebSite\",\"@id\":\"https:\/\/www.institutodeengenharia.org.br\/site\/#website\",\"url\":\"https:\/\/www.institutodeengenharia.org.br\/site\/\",\"name\":\"Instituto de Engenharia\",\"description\":\"O Instituto de Engenharia promove a Engenharia em benef\u00edcio do desenvolvimento e da qualidade de vida da sociedade.\",\"publisher\":{\"@id\":\"https:\/\/www.institutodeengenharia.org.br\/site\/#organization\"},\"potentialAction\":[{\"@type\":\"SearchAction\",\"target\":{\"@type\":\"EntryPoint\",\"urlTemplate\":\"https:\/\/www.institutodeengenharia.org.br\/site\/?s={search_term_string}\"},\"query-input\":{\"@type\":\"PropertyValueSpecification\",\"valueRequired\":true,\"valueName\":\"search_term_string\"}}],\"inLanguage\":\"pt-BR\"},{\"@type\":\"Organization\",\"@id\":\"https:\/\/www.institutodeengenharia.org.br\/site\/#organization\",\"name\":\"Instituto de Engenharia\",\"url\":\"https:\/\/www.institutodeengenharia.org.br\/site\/\",\"logo\":{\"@type\":\"ImageObject\",\"inLanguage\":\"pt-BR\",\"@id\":\"https:\/\/www.institutodeengenharia.org.br\/site\/#\/schema\/logo\/image\/\",\"url\":\"https:\/\/www.institutodeengenharia.org.br\/site\/wp-content\/uploads\/2019\/03\/logo-novo-IE2018-1.jpg\",\"contentUrl\":\"https:\/\/www.institutodeengenharia.org.br\/site\/wp-content\/uploads\/2019\/03\/logo-novo-IE2018-1.jpg\",\"width\":1486,\"height\":1879,\"caption\":\"Instituto de Engenharia\"},\"image\":{\"@id\":\"https:\/\/www.institutodeengenharia.org.br\/site\/#\/schema\/logo\/image\/\"},\"sameAs\":[\"https:\/\/www.facebook.com\/institutodeengenharia\",\"https:\/\/x.com\/iengenharia\",\"https:\/\/www.instagram.com\/institutodeengenharia\/\",\"https:\/\/www.linkedin.com\/company\/instituto-de-engenharia\/\",\"https:\/\/www.youtube.com\/channel\/UCXiCAlsSMe977vamW915HxA\"]},{\"@type\":\"Person\",\"@id\":\"https:\/\/www.institutodeengenharia.org.br\/site\/#\/schema\/person\/aeb64951c405e100d26d30b033dd423f\",\"name\":\"Bianca\",\"image\":{\"@type\":\"ImageObject\",\"inLanguage\":\"pt-BR\",\"@id\":\"https:\/\/secure.gravatar.com\/avatar\/a6fbe9bff57405baf4c1e2c5c1811e072b558253974a9f9508f4678900c97c2a?s=96&d=mm&r=g\",\"url\":\"https:\/\/secure.gravatar.com\/avatar\/a6fbe9bff57405baf4c1e2c5c1811e072b558253974a9f9508f4678900c97c2a?s=96&d=mm&r=g\",\"contentUrl\":\"https:\/\/secure.gravatar.com\/avatar\/a6fbe9bff57405baf4c1e2c5c1811e072b558253974a9f9508f4678900c97c2a?s=96&d=mm&r=g\",\"caption\":\"Bianca\"},\"url\":\"https:\/\/www.institutodeengenharia.org.br\/site\/author\/comunicacao1\/\"}]}<\/script>\n<!-- \/ Yoast SEO plugin. -->","yoast_head_json":{"title":"T\u00faneis em \u00e1reas urbanas - Instituto de Engenharia","robots":{"index":"index","follow":"follow","max-snippet":"max-snippet:-1","max-image-preview":"max-image-preview:large","max-video-preview":"max-video-preview:-1"},"canonical":"https:\/\/www.institutodeengenharia.org.br\/site\/2022\/06\/01\/tuneis-em-areas-urbanas\/","og_locale":"pt_BR","og_type":"article","og_title":"T\u00faneis em \u00e1reas urbanas","og_description":"O crescimento das cidades tem exigido cada vez mais o uso do espa\u00e7o subterr\u00e2neo para solu\u00e7\u00f5es de infraestrutura e at\u00e9 de moradia. Na realidade brasileira, solu\u00e7\u00f5es de moradia subterr\u00e2nea ainda podem estar distantes.","og_url":"https:\/\/www.institutodeengenharia.org.br\/site\/2022\/06\/01\/tuneis-em-areas-urbanas\/","og_site_name":"Instituto de Engenharia","article_publisher":"https:\/\/www.facebook.com\/institutodeengenharia","article_published_time":"2022-06-01T17:17:39+00:00","article_modified_time":"2022-06-09T17:11:34+00:00","og_image":[{"width":1920,"height":1235,"url":"https:\/\/www.institutodeengenharia.org.br\/site\/wp-content\/uploads\/2022\/06\/tunnel-g3d79cf5e8_1920.jpg","type":"image\/jpeg"}],"author":"Bianca","twitter_card":"summary_large_image","twitter_title":"T\u00faneis em \u00e1reas urbanas","twitter_description":"O crescimento das cidades tem exigido cada vez mais o uso do espa\u00e7o subterr\u00e2neo para solu\u00e7\u00f5es de infraestrutura e at\u00e9 de moradia. Na realidade brasileira, solu\u00e7\u00f5es de moradia subterr\u00e2nea ainda podem estar distantes.","twitter_image":"https:\/\/www.institutodeengenharia.org.br\/site\/wp-content\/uploads\/2022\/06\/tunnel-g3d79cf5e8_1920.jpg","twitter_creator":"@iengenharia","twitter_site":"@iengenharia","twitter_misc":{"Escrito por":"Bianca","Est. tempo de leitura":"4 minutos"},"schema":{"@context":"https:\/\/schema.org","@graph":[{"@type":"Article","@id":"https:\/\/www.institutodeengenharia.org.br\/site\/2022\/06\/01\/tuneis-em-areas-urbanas\/#article","isPartOf":{"@id":"https:\/\/www.institutodeengenharia.org.br\/site\/2022\/06\/01\/tuneis-em-areas-urbanas\/"},"author":{"name":"Bianca","@id":"https:\/\/www.institutodeengenharia.org.br\/site\/#\/schema\/person\/aeb64951c405e100d26d30b033dd423f"},"headline":"T\u00faneis em \u00e1reas urbanas","datePublished":"2022-06-01T17:17:39+00:00","dateModified":"2022-06-09T17:11:34+00:00","mainEntityOfPage":{"@id":"https:\/\/www.institutodeengenharia.org.br\/site\/2022\/06\/01\/tuneis-em-areas-urbanas\/"},"wordCount":584,"commentCount":0,"publisher":{"@id":"https:\/\/www.institutodeengenharia.org.br\/site\/#organization"},"image":{"@id":"https:\/\/www.institutodeengenharia.org.br\/site\/2022\/06\/01\/tuneis-em-areas-urbanas\/#primaryimage"},"thumbnailUrl":"https:\/\/www.institutodeengenharia.org.br\/site\/wp-content\/uploads\/2022\/06\/tunnel-g3d79cf5e8_1920.jpg","articleSection":["Nova TV Engenharia","Palestra"],"inLanguage":"pt-BR","potentialAction":[{"@type":"CommentAction","name":"Comment","target":["https:\/\/www.institutodeengenharia.org.br\/site\/2022\/06\/01\/tuneis-em-areas-urbanas\/#respond"]}]},{"@type":"WebPage","@id":"https:\/\/www.institutodeengenharia.org.br\/site\/2022\/06\/01\/tuneis-em-areas-urbanas\/","url":"https:\/\/www.institutodeengenharia.org.br\/site\/2022\/06\/01\/tuneis-em-areas-urbanas\/","name":"T\u00faneis em \u00e1reas urbanas - Instituto de Engenharia","isPartOf":{"@id":"https:\/\/www.institutodeengenharia.org.br\/site\/#website"},"primaryImageOfPage":{"@id":"https:\/\/www.institutodeengenharia.org.br\/site\/2022\/06\/01\/tuneis-em-areas-urbanas\/#primaryimage"},"image":{"@id":"https:\/\/www.institutodeengenharia.org.br\/site\/2022\/06\/01\/tuneis-em-areas-urbanas\/#primaryimage"},"thumbnailUrl":"https:\/\/www.institutodeengenharia.org.br\/site\/wp-content\/uploads\/2022\/06\/tunnel-g3d79cf5e8_1920.jpg","datePublished":"2022-06-01T17:17:39+00:00","dateModified":"2022-06-09T17:11:34+00:00","breadcrumb":{"@id":"https:\/\/www.institutodeengenharia.org.br\/site\/2022\/06\/01\/tuneis-em-areas-urbanas\/#breadcrumb"},"inLanguage":"pt-BR","potentialAction":[{"@type":"ReadAction","target":["https:\/\/www.institutodeengenharia.org.br\/site\/2022\/06\/01\/tuneis-em-areas-urbanas\/"]}]},{"@type":"ImageObject","inLanguage":"pt-BR","@id":"https:\/\/www.institutodeengenharia.org.br\/site\/2022\/06\/01\/tuneis-em-areas-urbanas\/#primaryimage","url":"https:\/\/www.institutodeengenharia.org.br\/site\/wp-content\/uploads\/2022\/06\/tunnel-g3d79cf5e8_1920.jpg","contentUrl":"https:\/\/www.institutodeengenharia.org.br\/site\/wp-content\/uploads\/2022\/06\/tunnel-g3d79cf5e8_1920.jpg","width":1920,"height":1235},{"@type":"BreadcrumbList","@id":"https:\/\/www.institutodeengenharia.org.br\/site\/2022\/06\/01\/tuneis-em-areas-urbanas\/#breadcrumb","itemListElement":[{"@type":"ListItem","position":1,"name":"In\u00edcio","item":"https:\/\/www.institutodeengenharia.org.br\/site\/"},{"@type":"ListItem","position":2,"name":"T\u00faneis em \u00e1reas urbanas"}]},{"@type":"WebSite","@id":"https:\/\/www.institutodeengenharia.org.br\/site\/#website","url":"https:\/\/www.institutodeengenharia.org.br\/site\/","name":"Instituto de Engenharia","description":"O Instituto de Engenharia promove a Engenharia em benef\u00edcio do desenvolvimento e da qualidade de vida da sociedade.","publisher":{"@id":"https:\/\/www.institutodeengenharia.org.br\/site\/#organization"},"potentialAction":[{"@type":"SearchAction","target":{"@type":"EntryPoint","urlTemplate":"https:\/\/www.institutodeengenharia.org.br\/site\/?s={search_term_string}"},"query-input":{"@type":"PropertyValueSpecification","valueRequired":true,"valueName":"search_term_string"}}],"inLanguage":"pt-BR"},{"@type":"Organization","@id":"https:\/\/www.institutodeengenharia.org.br\/site\/#organization","name":"Instituto de Engenharia","url":"https:\/\/www.institutodeengenharia.org.br\/site\/","logo":{"@type":"ImageObject","inLanguage":"pt-BR","@id":"https:\/\/www.institutodeengenharia.org.br\/site\/#\/schema\/logo\/image\/","url":"https:\/\/www.institutodeengenharia.org.br\/site\/wp-content\/uploads\/2019\/03\/logo-novo-IE2018-1.jpg","contentUrl":"https:\/\/www.institutodeengenharia.org.br\/site\/wp-content\/uploads\/2019\/03\/logo-novo-IE2018-1.jpg","width":1486,"height":1879,"caption":"Instituto de Engenharia"},"image":{"@id":"https:\/\/www.institutodeengenharia.org.br\/site\/#\/schema\/logo\/image\/"},"sameAs":["https:\/\/www.facebook.com\/institutodeengenharia","https:\/\/x.com\/iengenharia","https:\/\/www.instagram.com\/institutodeengenharia\/","https:\/\/www.linkedin.com\/company\/instituto-de-engenharia\/","https:\/\/www.youtube.com\/channel\/UCXiCAlsSMe977vamW915HxA"]},{"@type":"Person","@id":"https:\/\/www.institutodeengenharia.org.br\/site\/#\/schema\/person\/aeb64951c405e100d26d30b033dd423f","name":"Bianca","image":{"@type":"ImageObject","inLanguage":"pt-BR","@id":"https:\/\/secure.gravatar.com\/avatar\/a6fbe9bff57405baf4c1e2c5c1811e072b558253974a9f9508f4678900c97c2a?s=96&d=mm&r=g","url":"https:\/\/secure.gravatar.com\/avatar\/a6fbe9bff57405baf4c1e2c5c1811e072b558253974a9f9508f4678900c97c2a?s=96&d=mm&r=g","contentUrl":"https:\/\/secure.gravatar.com\/avatar\/a6fbe9bff57405baf4c1e2c5c1811e072b558253974a9f9508f4678900c97c2a?s=96&d=mm&r=g","caption":"Bianca"},"url":"https:\/\/www.institutodeengenharia.org.br\/site\/author\/comunicacao1\/"}]}},"_links":{"self":[{"href":"https:\/\/www.institutodeengenharia.org.br\/site\/wp-json\/wp\/v2\/posts\/93955","targetHints":{"allow":["GET"]}}],"collection":[{"href":"https:\/\/www.institutodeengenharia.org.br\/site\/wp-json\/wp\/v2\/posts"}],"about":[{"href":"https:\/\/www.institutodeengenharia.org.br\/site\/wp-json\/wp\/v2\/types\/post"}],"author":[{"embeddable":true,"href":"https:\/\/www.institutodeengenharia.org.br\/site\/wp-json\/wp\/v2\/users\/13"}],"replies":[{"embeddable":true,"href":"https:\/\/www.institutodeengenharia.org.br\/site\/wp-json\/wp\/v2\/comments?post=93955"}],"version-history":[{"count":4,"href":"https:\/\/www.institutodeengenharia.org.br\/site\/wp-json\/wp\/v2\/posts\/93955\/revisions"}],"predecessor-version":[{"id":94339,"href":"https:\/\/www.institutodeengenharia.org.br\/site\/wp-json\/wp\/v2\/posts\/93955\/revisions\/94339"}],"wp:featuredmedia":[{"embeddable":true,"href":"https:\/\/www.institutodeengenharia.org.br\/site\/wp-json\/wp\/v2\/media\/93956"}],"wp:attachment":[{"href":"https:\/\/www.institutodeengenharia.org.br\/site\/wp-json\/wp\/v2\/media?parent=93955"}],"wp:term":[{"taxonomy":"category","embeddable":true,"href":"https:\/\/www.institutodeengenharia.org.br\/site\/wp-json\/wp\/v2\/categories?post=93955"},{"taxonomy":"post_tag","embeddable":true,"href":"https:\/\/www.institutodeengenharia.org.br\/site\/wp-json\/wp\/v2\/tags?post=93955"}],"curies":[{"name":"wp","href":"https:\/\/api.w.org\/{rel}","templated":true}]}}