{"id":93285,"date":"2022-05-30T10:14:35","date_gmt":"2022-05-30T13:14:35","guid":{"rendered":"https:\/\/www.institutodeengenharia.org.br\/site\/?p=93285"},"modified":"2022-05-30T11:07:25","modified_gmt":"2022-05-30T14:07:25","slug":"ciclo-de-formacao-a-necessidade-urgente-de-uma-nova-bioeconomia-de-floresta-em-pe","status":"publish","type":"post","link":"https:\/\/www.institutodeengenharia.org.br\/site\/2022\/05\/30\/ciclo-de-formacao-a-necessidade-urgente-de-uma-nova-bioeconomia-de-floresta-em-pe\/","title":{"rendered":"Ciclo de forma\u00e7\u00e3o \u2013 A necessidade urgente de uma nova bioeconomia de floresta em p\u00e9"},"content":{"rendered":"<p>Assista abaixo \u00e0 grava\u00e7\u00e3o do evento:<\/p>\n<div style=\"padding: 56.25% 0 0 0; position: relative;\"><iframe style=\"position: absolute; top: 0; left: 0; width: 100%; height: 100%;\" title=\"Ciclo de forma&amp;ccedil;&amp;atilde;o &amp;ndash; A necessidade urgente de uma nova bioeconomia de floresta em p&amp;eacute;\" src=\"https:\/\/player.vimeo.com\/video\/710950187?h=9ebe7ed22e&amp;badge=0&amp;autopause=0&amp;player_id=0&amp;app_id=58479\" frameborder=\"0\" allowfullscreen=\"allowfullscreen\"><\/iframe><\/div>\n<p><script src=\"https:\/\/player.vimeo.com\/api\/player.js\"><\/script><strong>+ Informa\u00e7\u00f5es:\u00a0<\/strong><\/p>\n<p>Amaz\u00f4nia e desenvolvimento de uma bioeconomia sustent\u00e1vel.<\/p>\n<p><strong>Parte 1<\/strong>\u00a0\u2013 Nessa aula o Professor Carlos Nobre faz um detalhado relato, repleto de dados e evid\u00eancias sobre riscos e oportunidades para o desenvolvimento de uma bioeconomia de floresta em p\u00e9 e rios fluindo. A aula desenvolve-se sob o mote de que o Brasil tem a oportunidade de consolidar-se como a 1\u00aa potencia global da sociobiodiversidade.<\/p>\n<p><strong>Parte 2<\/strong>\u00a0\u2013 Durante a sess\u00e3o de perguntas e resposta Carlos Nobre vai descrever aos participantes da primeira turma da expedi\u00e7\u00e3o \u00e0 Amazonia do Instituto de Engenharia sobre o in\u00edcio de sua carreira profissional e o surgimento de sua conex\u00e3o com a Amaz\u00f4nia.<\/p>\n<p><strong>Obs.: a Parte 1 j\u00e1 est\u00e1 gravada e dispon\u00edvel para ser assistida no v\u00eddeo abaixo. A parte 2 ser\u00e1 ao vivo no dia do evento.<\/strong><\/p>\n<p><iframe loading=\"lazy\" title=\"YouTube video player\" src=\"https:\/\/www.youtube.com\/embed\/-Jej0vFrF8o\" width=\"100%\" height=\"315\" frameborder=\"0\" allowfullscreen=\"allowfullscreen\" data-mce-fragment=\"1\"><\/iframe><\/p>\n<p><strong>P\u00fablico-alvo:<\/strong><\/p>\n<p>Profissionais de engenharia, professores e estudantes.<\/p>\n<p><strong>Palestrante:<\/strong><\/p>\n<p><img loading=\"lazy\" decoding=\"async\" class=\"wp-image-78433 aligncenter td-animation-stack-type0-2\" src=\"https:\/\/www.institutodeengenharia.org.br\/site\/wp-content\/uploads\/2021\/03\/Carlos-Nobre-1.jpg\" alt=\"\" width=\"199\" height=\"216\" srcset=\"https:\/\/www.institutodeengenharia.org.br\/site\/wp-content\/uploads\/2021\/03\/Carlos-Nobre-1.jpg 422w, https:\/\/www.institutodeengenharia.org.br\/site\/wp-content\/uploads\/2021\/03\/Carlos-Nobre-1-276x300.jpg 276w, https:\/\/www.institutodeengenharia.org.br\/site\/wp-content\/uploads\/2021\/03\/Carlos-Nobre-1-386x420.jpg 386w\" sizes=\"auto, (max-width: 199px) 100vw, 199px\" \/><\/p>\n<p><strong>Carlos Nobre \u2013 Cientista<\/strong><\/p>\n<p>Cientista, pesquisador e professor, Nobre \u00e9 refer\u00eancia de pesquisa clim\u00e1tica, em especial em florestas tropicais, como a Amaz\u00f4nia. Teve participa\u00e7\u00e3o importante no relat\u00f3rio de mudan\u00e7as clim\u00e1ticas que recebeu o Pr\u00eamio Nobel da Paz em 2007.<\/p>\n<p>Graduado em Engenharia Eletr\u00f4nica pelo ITA, doutorado pelo MIT, atualmente \u00e9 pesquisador s\u00eanior do Instituto de Estudos Avan\u00e7ados da (USP), e coordena o projeto Amaz\u00f4nia 4.0, iniciativa destinada a transformar a floresta em um centro tecnol\u00f3gico e de empreendedorismo sustent\u00e1vel.<\/p>\n<p><strong>Moderadores:\u00a0<\/strong><\/p>\n<p><img loading=\"lazy\" decoding=\"async\" class=\"alignnone wp-image-77772 td-animation-stack-type0-2\" src=\"https:\/\/www.institutodeengenharia.org.br\/site\/wp-content\/uploads\/2021\/02\/George-Paulus.jpg\" alt=\"\" width=\"165\" height=\"165\" srcset=\"https:\/\/www.institutodeengenharia.org.br\/site\/wp-content\/uploads\/2021\/02\/George-Paulus.jpg 597w, https:\/\/www.institutodeengenharia.org.br\/site\/wp-content\/uploads\/2021\/02\/George-Paulus-300x300.jpg 300w, https:\/\/www.institutodeengenharia.org.br\/site\/wp-content\/uploads\/2021\/02\/George-Paulus-150x150.jpg 150w, https:\/\/www.institutodeengenharia.org.br\/site\/wp-content\/uploads\/2021\/02\/George-Paulus-420x420.jpg 420w, https:\/\/www.institutodeengenharia.org.br\/site\/wp-content\/uploads\/2021\/02\/George-Paulus-100x100.jpg 100w\" sizes=\"auto, (max-width: 165px) 100vw, 165px\" \/><\/p>\n<p><strong>George Paulus<\/strong>\u00a0\u2013 Nascido no Br\u00e1s, criado no Tatuap\u00e9 e juventino da Mooca. Engenheiro de Produ\u00e7\u00e3o (Poli-USP), mestre na \u00e1rea de Log\u00edstica e doutor pela mesma escola. T\u00e9cnico em Eletr\u00f4nica (LAOSP). Iniciou sua carreira na Engenharia como consultor nas \u00e1reas de gest\u00e3o da cadeia de suprimentos e de gest\u00e3o de projetos. Atua como empreendedor na \u00e1rea de internet e software, desde 1999. Empreendeu o sistema aprendizado com jogos de empresas salaVIVA e o software online de gerenciamento de projetos GP3. Paralelamente \u00e0 carreira de empreendedor, acumulou 20 anos de experi\u00eancia como docente em cursos de gradua\u00e7\u00e3o e p\u00f3s-gradua\u00e7\u00e3o pela Funda\u00e7\u00e3o Vanzolini e Insper. Foi diretor de Comunica\u00e7\u00e3o do Instituto de Engenharia nas gest\u00f5es 2017-21, onde tamb\u00e9m coordenou o projeto do Associado Digital e atualmente coordena o GT Amaz\u00f4nia e Bioeconomia.<\/p>\n<p>&nbsp;<\/p>\n<p><img loading=\"lazy\" decoding=\"async\" class=\"wp-image-77830 alignright td-animation-stack-type0-2\" src=\"https:\/\/www.institutodeengenharia.org.br\/site\/wp-content\/uploads\/2021\/02\/Felipe-Geribello.jpeg\" alt=\"\" width=\"177\" height=\"199\" srcset=\"https:\/\/www.institutodeengenharia.org.br\/site\/wp-content\/uploads\/2021\/02\/Felipe-Geribello.jpeg 1023w, https:\/\/www.institutodeengenharia.org.br\/site\/wp-content\/uploads\/2021\/02\/Felipe-Geribello-266x300.jpeg 266w, https:\/\/www.institutodeengenharia.org.br\/site\/wp-content\/uploads\/2021\/02\/Felipe-Geribello-907x1024.jpeg 907w, https:\/\/www.institutodeengenharia.org.br\/site\/wp-content\/uploads\/2021\/02\/Felipe-Geribello-768x867.jpeg 768w, https:\/\/www.institutodeengenharia.org.br\/site\/wp-content\/uploads\/2021\/02\/Felipe-Geribello-696x786.jpeg 696w, https:\/\/www.institutodeengenharia.org.br\/site\/wp-content\/uploads\/2021\/02\/Felipe-Geribello-372x420.jpeg 372w, https:\/\/www.institutodeengenharia.org.br\/site\/wp-content\/uploads\/2021\/02\/Felipe-Geribello-600x677.jpeg 600w\" sizes=\"auto, (max-width: 177px) 100vw, 177px\" \/><\/p>\n<p><strong>Felipe Geribello Ferreira Cabral\u00a0<\/strong>\u00a0\u2013 Engenheiro Civil formado pelo Instituto Mau\u00e1 de Tecnologia em 2018, p\u00f3s-graduado em Gerenciamento de Projetos pela FGV e atualmente cursando p\u00f3s-gradua\u00e7\u00e3o em Neuroci\u00eancia e Comportamento pela PUC-RS. Trabalha na Geribello Engenharia Ltda., empresa de gerenciamento, fiscaliza\u00e7\u00e3o e supervis\u00e3o de obras, j\u00e1 tendo atuado no departamento de planejamento e como engenheiro fiscal em contratos de habita\u00e7\u00e3o popular (CDHU). Atualmente trabalha no Departamento de Qualidade e Desenvolvimento da empresa, sendo respons\u00e1vel pela busca de inova\u00e7\u00f5es. \u00c9 vice-coordenador da Divis\u00e3o T\u00e9cnica de Engenharia Sanit\u00e1ria e Recursos H\u00eddricos e Biotecnologia, desde 2019.<\/p>\n<p>&nbsp;<\/p>\n<p><strong>Realiza\u00e7\u00e3o \u2013\u00a0<\/strong>Presid\u00eancia do Instituto de Engenharia<\/p>\n<p><strong>Organiza\u00e7\u00e3o-\u00a0\u00a0<\/strong>GT Amaz\u00f4nia e Bioeconomia<\/p>\n<p><strong>Apoio Institucional:<\/strong><\/p>\n<p><img loading=\"lazy\" decoding=\"async\" class=\"alignnone wp-image-77696 td-animation-stack-type0-2\" src=\"https:\/\/www.institutodeengenharia.org.br\/site\/wp-content\/uploads\/2021\/02\/crea-300x211.jpg\" alt=\"\" width=\"151\" height=\"106\" srcset=\"https:\/\/www.institutodeengenharia.org.br\/site\/wp-content\/uploads\/2021\/02\/crea-300x211.jpg 300w, https:\/\/www.institutodeengenharia.org.br\/site\/wp-content\/uploads\/2021\/02\/crea-100x70.jpg 100w, https:\/\/www.institutodeengenharia.org.br\/site\/wp-content\/uploads\/2021\/02\/crea.jpg 448w\" sizes=\"auto, (max-width: 151px) 100vw, 151px\" \/><\/p>\n<p><strong>Apoio \u00e0 forma\u00e7\u00e3o:\u00a0<\/strong><\/p>\n<p>Espa\u00e7o aberto ao CREA-SP, objetivando o aperfei\u00e7oamento dos profissionais e o aprimoramento da fiscaliza\u00e7\u00e3o das \u00e1reas abrangidas pelo Sistema Confea\/CREAs, al\u00e9m de promover a conscientiza\u00e7\u00e3o da sociedade quanto \u00e0 necessidade e obrigatoriedade de contratar um profissional devidamente habilitado.<\/p>\n","protected":false},"excerpt":{"rendered":"<p>Assista abaixo \u00e0 grava\u00e7\u00e3o do evento: + Informa\u00e7\u00f5es:\u00a0 Amaz\u00f4nia e desenvolvimento de uma bioeconomia sustent\u00e1vel. Parte 1\u00a0\u2013 Nessa aula o Professor Carlos Nobre faz um detalhado relato, repleto de dados e evid\u00eancias sobre riscos e oportunidades para o desenvolvimento de uma bioeconomia de floresta em p\u00e9 e rios fluindo. A aula desenvolve-se sob o mote [&hellip;]<\/p>\n","protected":false},"author":13,"featured_media":92843,"comment_status":"open","ping_status":"open","sticky":false,"template":"","format":"video","meta":{"footnotes":""},"categories":[968,969],"tags":[1176],"class_list":{"0":"post-93285","1":"post","2":"type-post","3":"status-publish","4":"format-video","5":"has-post-thumbnail","7":"category-nova-tv-engenharia","8":"category-palestra","9":"tag-video-home","10":"post_format-post-format-video"},"yoast_head":"<!-- This site is optimized with the Yoast SEO plugin v27.2 - https:\/\/yoast.com\/product\/yoast-seo-wordpress\/ -->\n<title>Ciclo de forma\u00e7\u00e3o \u2013 A necessidade urgente de uma nova bioeconomia de floresta em p\u00e9 - Instituto de Engenharia<\/title>\n<meta name=\"robots\" content=\"index, follow, max-snippet:-1, max-image-preview:large, max-video-preview:-1\" \/>\n<link rel=\"canonical\" href=\"https:\/\/www.institutodeengenharia.org.br\/site\/2022\/05\/30\/ciclo-de-formacao-a-necessidade-urgente-de-uma-nova-bioeconomia-de-floresta-em-pe\/\" \/>\n<meta property=\"og:locale\" content=\"pt_BR\" \/>\n<meta property=\"og:type\" content=\"article\" \/>\n<meta property=\"og:title\" content=\"Ciclo de forma\u00e7\u00e3o \u2013 A necessidade urgente de uma nova bioeconomia de floresta em p\u00e9\" \/>\n<meta property=\"og:description\" content=\"Assista abaixo \u00e0 grava\u00e7\u00e3o do evento\" \/>\n<meta property=\"og:url\" content=\"https:\/\/www.institutodeengenharia.org.br\/site\/2022\/05\/30\/ciclo-de-formacao-a-necessidade-urgente-de-uma-nova-bioeconomia-de-floresta-em-pe\/\" \/>\n<meta property=\"og:site_name\" content=\"Instituto de Engenharia\" \/>\n<meta property=\"article:publisher\" content=\"https:\/\/www.facebook.com\/institutodeengenharia\" \/>\n<meta property=\"article:published_time\" content=\"2022-05-30T13:14:35+00:00\" \/>\n<meta property=\"article:modified_time\" content=\"2022-05-30T14:07:25+00:00\" \/>\n<meta property=\"og:image\" content=\"https:\/\/www.institutodeengenharia.org.br\/site\/wp-content\/uploads\/2022\/05\/suspension-bridge-g7c81ec70a_1920-1.jpg\" \/>\n\t<meta property=\"og:image:width\" content=\"1920\" \/>\n\t<meta property=\"og:image:height\" content=\"1280\" \/>\n\t<meta property=\"og:image:type\" content=\"image\/jpeg\" \/>\n<meta name=\"author\" content=\"Bianca\" \/>\n<meta name=\"twitter:card\" content=\"summary_large_image\" \/>\n<meta name=\"twitter:title\" content=\"Ciclo de forma\u00e7\u00e3o \u2013 A necessidade urgente de uma nova bioeconomia de floresta em p\u00e9\" \/>\n<meta name=\"twitter:description\" content=\"Assista abaixo \u00e0 grava\u00e7\u00e3o do evento\" \/>\n<meta name=\"twitter:image\" content=\"https:\/\/www.institutodeengenharia.org.br\/site\/wp-content\/uploads\/2022\/05\/suspension-bridge-g7c81ec70a_1920-1.jpg\" \/>\n<meta name=\"twitter:creator\" content=\"@iengenharia\" \/>\n<meta name=\"twitter:site\" content=\"@iengenharia\" \/>\n<meta name=\"twitter:label1\" content=\"Escrito por\" \/>\n\t<meta name=\"twitter:data1\" content=\"Bianca\" \/>\n\t<meta name=\"twitter:label2\" content=\"Est. tempo de leitura\" \/>\n\t<meta name=\"twitter:data2\" content=\"4 minutos\" \/>\n<script type=\"application\/ld+json\" class=\"yoast-schema-graph\">{\"@context\":\"https:\/\/schema.org\",\"@graph\":[{\"@type\":\"Article\",\"@id\":\"https:\/\/www.institutodeengenharia.org.br\/site\/2022\/05\/30\/ciclo-de-formacao-a-necessidade-urgente-de-uma-nova-bioeconomia-de-floresta-em-pe\/#article\",\"isPartOf\":{\"@id\":\"https:\/\/www.institutodeengenharia.org.br\/site\/2022\/05\/30\/ciclo-de-formacao-a-necessidade-urgente-de-uma-nova-bioeconomia-de-floresta-em-pe\/\"},\"author\":{\"name\":\"Bianca\",\"@id\":\"https:\/\/www.institutodeengenharia.org.br\/site\/#\/schema\/person\/aeb64951c405e100d26d30b033dd423f\"},\"headline\":\"Ciclo de forma\u00e7\u00e3o \u2013 A necessidade urgente de uma nova bioeconomia de floresta em p\u00e9\",\"datePublished\":\"2022-05-30T13:14:35+00:00\",\"dateModified\":\"2022-05-30T14:07:25+00:00\",\"mainEntityOfPage\":{\"@id\":\"https:\/\/www.institutodeengenharia.org.br\/site\/2022\/05\/30\/ciclo-de-formacao-a-necessidade-urgente-de-uma-nova-bioeconomia-de-floresta-em-pe\/\"},\"wordCount\":564,\"commentCount\":0,\"publisher\":{\"@id\":\"https:\/\/www.institutodeengenharia.org.br\/site\/#organization\"},\"image\":{\"@id\":\"https:\/\/www.institutodeengenharia.org.br\/site\/2022\/05\/30\/ciclo-de-formacao-a-necessidade-urgente-de-uma-nova-bioeconomia-de-floresta-em-pe\/#primaryimage\"},\"thumbnailUrl\":\"https:\/\/www.institutodeengenharia.org.br\/site\/wp-content\/uploads\/2022\/05\/suspension-bridge-g7c81ec70a_1920-1.jpg\",\"keywords\":[\"video-home\"],\"articleSection\":[\"Nova TV Engenharia\",\"Palestra\"],\"inLanguage\":\"pt-BR\",\"potentialAction\":[{\"@type\":\"CommentAction\",\"name\":\"Comment\",\"target\":[\"https:\/\/www.institutodeengenharia.org.br\/site\/2022\/05\/30\/ciclo-de-formacao-a-necessidade-urgente-de-uma-nova-bioeconomia-de-floresta-em-pe\/#respond\"]}]},{\"@type\":\"WebPage\",\"@id\":\"https:\/\/www.institutodeengenharia.org.br\/site\/2022\/05\/30\/ciclo-de-formacao-a-necessidade-urgente-de-uma-nova-bioeconomia-de-floresta-em-pe\/\",\"url\":\"https:\/\/www.institutodeengenharia.org.br\/site\/2022\/05\/30\/ciclo-de-formacao-a-necessidade-urgente-de-uma-nova-bioeconomia-de-floresta-em-pe\/\",\"name\":\"Ciclo de forma\u00e7\u00e3o \u2013 A necessidade urgente de uma nova bioeconomia de floresta em p\u00e9 - Instituto de Engenharia\",\"isPartOf\":{\"@id\":\"https:\/\/www.institutodeengenharia.org.br\/site\/#website\"},\"primaryImageOfPage\":{\"@id\":\"https:\/\/www.institutodeengenharia.org.br\/site\/2022\/05\/30\/ciclo-de-formacao-a-necessidade-urgente-de-uma-nova-bioeconomia-de-floresta-em-pe\/#primaryimage\"},\"image\":{\"@id\":\"https:\/\/www.institutodeengenharia.org.br\/site\/2022\/05\/30\/ciclo-de-formacao-a-necessidade-urgente-de-uma-nova-bioeconomia-de-floresta-em-pe\/#primaryimage\"},\"thumbnailUrl\":\"https:\/\/www.institutodeengenharia.org.br\/site\/wp-content\/uploads\/2022\/05\/suspension-bridge-g7c81ec70a_1920-1.jpg\",\"datePublished\":\"2022-05-30T13:14:35+00:00\",\"dateModified\":\"2022-05-30T14:07:25+00:00\",\"breadcrumb\":{\"@id\":\"https:\/\/www.institutodeengenharia.org.br\/site\/2022\/05\/30\/ciclo-de-formacao-a-necessidade-urgente-de-uma-nova-bioeconomia-de-floresta-em-pe\/#breadcrumb\"},\"inLanguage\":\"pt-BR\",\"potentialAction\":[{\"@type\":\"ReadAction\",\"target\":[\"https:\/\/www.institutodeengenharia.org.br\/site\/2022\/05\/30\/ciclo-de-formacao-a-necessidade-urgente-de-uma-nova-bioeconomia-de-floresta-em-pe\/\"]}]},{\"@type\":\"ImageObject\",\"inLanguage\":\"pt-BR\",\"@id\":\"https:\/\/www.institutodeengenharia.org.br\/site\/2022\/05\/30\/ciclo-de-formacao-a-necessidade-urgente-de-uma-nova-bioeconomia-de-floresta-em-pe\/#primaryimage\",\"url\":\"https:\/\/www.institutodeengenharia.org.br\/site\/wp-content\/uploads\/2022\/05\/suspension-bridge-g7c81ec70a_1920-1.jpg\",\"contentUrl\":\"https:\/\/www.institutodeengenharia.org.br\/site\/wp-content\/uploads\/2022\/05\/suspension-bridge-g7c81ec70a_1920-1.jpg\",\"width\":1920,\"height\":1280},{\"@type\":\"BreadcrumbList\",\"@id\":\"https:\/\/www.institutodeengenharia.org.br\/site\/2022\/05\/30\/ciclo-de-formacao-a-necessidade-urgente-de-uma-nova-bioeconomia-de-floresta-em-pe\/#breadcrumb\",\"itemListElement\":[{\"@type\":\"ListItem\",\"position\":1,\"name\":\"In\u00edcio\",\"item\":\"https:\/\/www.institutodeengenharia.org.br\/site\/\"},{\"@type\":\"ListItem\",\"position\":2,\"name\":\"Ciclo de forma\u00e7\u00e3o \u2013 A necessidade urgente de uma nova bioeconomia de floresta em p\u00e9\"}]},{\"@type\":\"WebSite\",\"@id\":\"https:\/\/www.institutodeengenharia.org.br\/site\/#website\",\"url\":\"https:\/\/www.institutodeengenharia.org.br\/site\/\",\"name\":\"Instituto de Engenharia\",\"description\":\"O Instituto de Engenharia promove a Engenharia em benef\u00edcio do desenvolvimento e da qualidade de vida da sociedade.\",\"publisher\":{\"@id\":\"https:\/\/www.institutodeengenharia.org.br\/site\/#organization\"},\"potentialAction\":[{\"@type\":\"SearchAction\",\"target\":{\"@type\":\"EntryPoint\",\"urlTemplate\":\"https:\/\/www.institutodeengenharia.org.br\/site\/?s={search_term_string}\"},\"query-input\":{\"@type\":\"PropertyValueSpecification\",\"valueRequired\":true,\"valueName\":\"search_term_string\"}}],\"inLanguage\":\"pt-BR\"},{\"@type\":\"Organization\",\"@id\":\"https:\/\/www.institutodeengenharia.org.br\/site\/#organization\",\"name\":\"Instituto de Engenharia\",\"url\":\"https:\/\/www.institutodeengenharia.org.br\/site\/\",\"logo\":{\"@type\":\"ImageObject\",\"inLanguage\":\"pt-BR\",\"@id\":\"https:\/\/www.institutodeengenharia.org.br\/site\/#\/schema\/logo\/image\/\",\"url\":\"https:\/\/www.institutodeengenharia.org.br\/site\/wp-content\/uploads\/2019\/03\/logo-novo-IE2018-1.jpg\",\"contentUrl\":\"https:\/\/www.institutodeengenharia.org.br\/site\/wp-content\/uploads\/2019\/03\/logo-novo-IE2018-1.jpg\",\"width\":1486,\"height\":1879,\"caption\":\"Instituto de Engenharia\"},\"image\":{\"@id\":\"https:\/\/www.institutodeengenharia.org.br\/site\/#\/schema\/logo\/image\/\"},\"sameAs\":[\"https:\/\/www.facebook.com\/institutodeengenharia\",\"https:\/\/x.com\/iengenharia\",\"https:\/\/www.instagram.com\/institutodeengenharia\/\",\"https:\/\/www.linkedin.com\/company\/instituto-de-engenharia\/\",\"https:\/\/www.youtube.com\/channel\/UCXiCAlsSMe977vamW915HxA\"]},{\"@type\":\"Person\",\"@id\":\"https:\/\/www.institutodeengenharia.org.br\/site\/#\/schema\/person\/aeb64951c405e100d26d30b033dd423f\",\"name\":\"Bianca\",\"image\":{\"@type\":\"ImageObject\",\"inLanguage\":\"pt-BR\",\"@id\":\"https:\/\/secure.gravatar.com\/avatar\/a6fbe9bff57405baf4c1e2c5c1811e072b558253974a9f9508f4678900c97c2a?s=96&d=mm&r=g\",\"url\":\"https:\/\/secure.gravatar.com\/avatar\/a6fbe9bff57405baf4c1e2c5c1811e072b558253974a9f9508f4678900c97c2a?s=96&d=mm&r=g\",\"contentUrl\":\"https:\/\/secure.gravatar.com\/avatar\/a6fbe9bff57405baf4c1e2c5c1811e072b558253974a9f9508f4678900c97c2a?s=96&d=mm&r=g\",\"caption\":\"Bianca\"},\"url\":\"https:\/\/www.institutodeengenharia.org.br\/site\/author\/comunicacao1\/\"}]}<\/script>\n<!-- \/ Yoast SEO plugin. -->","yoast_head_json":{"title":"Ciclo de forma\u00e7\u00e3o \u2013 A necessidade urgente de uma nova bioeconomia de floresta em p\u00e9 - Instituto de Engenharia","robots":{"index":"index","follow":"follow","max-snippet":"max-snippet:-1","max-image-preview":"max-image-preview:large","max-video-preview":"max-video-preview:-1"},"canonical":"https:\/\/www.institutodeengenharia.org.br\/site\/2022\/05\/30\/ciclo-de-formacao-a-necessidade-urgente-de-uma-nova-bioeconomia-de-floresta-em-pe\/","og_locale":"pt_BR","og_type":"article","og_title":"Ciclo de forma\u00e7\u00e3o \u2013 A necessidade urgente de uma nova bioeconomia de floresta em p\u00e9","og_description":"Assista abaixo \u00e0 grava\u00e7\u00e3o do evento","og_url":"https:\/\/www.institutodeengenharia.org.br\/site\/2022\/05\/30\/ciclo-de-formacao-a-necessidade-urgente-de-uma-nova-bioeconomia-de-floresta-em-pe\/","og_site_name":"Instituto de Engenharia","article_publisher":"https:\/\/www.facebook.com\/institutodeengenharia","article_published_time":"2022-05-30T13:14:35+00:00","article_modified_time":"2022-05-30T14:07:25+00:00","og_image":[{"width":1920,"height":1280,"url":"https:\/\/www.institutodeengenharia.org.br\/site\/wp-content\/uploads\/2022\/05\/suspension-bridge-g7c81ec70a_1920-1.jpg","type":"image\/jpeg"}],"author":"Bianca","twitter_card":"summary_large_image","twitter_title":"Ciclo de forma\u00e7\u00e3o \u2013 A necessidade urgente de uma nova bioeconomia de floresta em p\u00e9","twitter_description":"Assista abaixo \u00e0 grava\u00e7\u00e3o do evento","twitter_image":"https:\/\/www.institutodeengenharia.org.br\/site\/wp-content\/uploads\/2022\/05\/suspension-bridge-g7c81ec70a_1920-1.jpg","twitter_creator":"@iengenharia","twitter_site":"@iengenharia","twitter_misc":{"Escrito por":"Bianca","Est. tempo de leitura":"4 minutos"},"schema":{"@context":"https:\/\/schema.org","@graph":[{"@type":"Article","@id":"https:\/\/www.institutodeengenharia.org.br\/site\/2022\/05\/30\/ciclo-de-formacao-a-necessidade-urgente-de-uma-nova-bioeconomia-de-floresta-em-pe\/#article","isPartOf":{"@id":"https:\/\/www.institutodeengenharia.org.br\/site\/2022\/05\/30\/ciclo-de-formacao-a-necessidade-urgente-de-uma-nova-bioeconomia-de-floresta-em-pe\/"},"author":{"name":"Bianca","@id":"https:\/\/www.institutodeengenharia.org.br\/site\/#\/schema\/person\/aeb64951c405e100d26d30b033dd423f"},"headline":"Ciclo de forma\u00e7\u00e3o \u2013 A necessidade urgente de uma nova bioeconomia de floresta em p\u00e9","datePublished":"2022-05-30T13:14:35+00:00","dateModified":"2022-05-30T14:07:25+00:00","mainEntityOfPage":{"@id":"https:\/\/www.institutodeengenharia.org.br\/site\/2022\/05\/30\/ciclo-de-formacao-a-necessidade-urgente-de-uma-nova-bioeconomia-de-floresta-em-pe\/"},"wordCount":564,"commentCount":0,"publisher":{"@id":"https:\/\/www.institutodeengenharia.org.br\/site\/#organization"},"image":{"@id":"https:\/\/www.institutodeengenharia.org.br\/site\/2022\/05\/30\/ciclo-de-formacao-a-necessidade-urgente-de-uma-nova-bioeconomia-de-floresta-em-pe\/#primaryimage"},"thumbnailUrl":"https:\/\/www.institutodeengenharia.org.br\/site\/wp-content\/uploads\/2022\/05\/suspension-bridge-g7c81ec70a_1920-1.jpg","keywords":["video-home"],"articleSection":["Nova TV Engenharia","Palestra"],"inLanguage":"pt-BR","potentialAction":[{"@type":"CommentAction","name":"Comment","target":["https:\/\/www.institutodeengenharia.org.br\/site\/2022\/05\/30\/ciclo-de-formacao-a-necessidade-urgente-de-uma-nova-bioeconomia-de-floresta-em-pe\/#respond"]}]},{"@type":"WebPage","@id":"https:\/\/www.institutodeengenharia.org.br\/site\/2022\/05\/30\/ciclo-de-formacao-a-necessidade-urgente-de-uma-nova-bioeconomia-de-floresta-em-pe\/","url":"https:\/\/www.institutodeengenharia.org.br\/site\/2022\/05\/30\/ciclo-de-formacao-a-necessidade-urgente-de-uma-nova-bioeconomia-de-floresta-em-pe\/","name":"Ciclo de forma\u00e7\u00e3o \u2013 A necessidade urgente de uma nova bioeconomia de floresta em p\u00e9 - Instituto de Engenharia","isPartOf":{"@id":"https:\/\/www.institutodeengenharia.org.br\/site\/#website"},"primaryImageOfPage":{"@id":"https:\/\/www.institutodeengenharia.org.br\/site\/2022\/05\/30\/ciclo-de-formacao-a-necessidade-urgente-de-uma-nova-bioeconomia-de-floresta-em-pe\/#primaryimage"},"image":{"@id":"https:\/\/www.institutodeengenharia.org.br\/site\/2022\/05\/30\/ciclo-de-formacao-a-necessidade-urgente-de-uma-nova-bioeconomia-de-floresta-em-pe\/#primaryimage"},"thumbnailUrl":"https:\/\/www.institutodeengenharia.org.br\/site\/wp-content\/uploads\/2022\/05\/suspension-bridge-g7c81ec70a_1920-1.jpg","datePublished":"2022-05-30T13:14:35+00:00","dateModified":"2022-05-30T14:07:25+00:00","breadcrumb":{"@id":"https:\/\/www.institutodeengenharia.org.br\/site\/2022\/05\/30\/ciclo-de-formacao-a-necessidade-urgente-de-uma-nova-bioeconomia-de-floresta-em-pe\/#breadcrumb"},"inLanguage":"pt-BR","potentialAction":[{"@type":"ReadAction","target":["https:\/\/www.institutodeengenharia.org.br\/site\/2022\/05\/30\/ciclo-de-formacao-a-necessidade-urgente-de-uma-nova-bioeconomia-de-floresta-em-pe\/"]}]},{"@type":"ImageObject","inLanguage":"pt-BR","@id":"https:\/\/www.institutodeengenharia.org.br\/site\/2022\/05\/30\/ciclo-de-formacao-a-necessidade-urgente-de-uma-nova-bioeconomia-de-floresta-em-pe\/#primaryimage","url":"https:\/\/www.institutodeengenharia.org.br\/site\/wp-content\/uploads\/2022\/05\/suspension-bridge-g7c81ec70a_1920-1.jpg","contentUrl":"https:\/\/www.institutodeengenharia.org.br\/site\/wp-content\/uploads\/2022\/05\/suspension-bridge-g7c81ec70a_1920-1.jpg","width":1920,"height":1280},{"@type":"BreadcrumbList","@id":"https:\/\/www.institutodeengenharia.org.br\/site\/2022\/05\/30\/ciclo-de-formacao-a-necessidade-urgente-de-uma-nova-bioeconomia-de-floresta-em-pe\/#breadcrumb","itemListElement":[{"@type":"ListItem","position":1,"name":"In\u00edcio","item":"https:\/\/www.institutodeengenharia.org.br\/site\/"},{"@type":"ListItem","position":2,"name":"Ciclo de forma\u00e7\u00e3o \u2013 A necessidade urgente de uma nova bioeconomia de floresta em p\u00e9"}]},{"@type":"WebSite","@id":"https:\/\/www.institutodeengenharia.org.br\/site\/#website","url":"https:\/\/www.institutodeengenharia.org.br\/site\/","name":"Instituto de Engenharia","description":"O Instituto de Engenharia promove a Engenharia em benef\u00edcio do desenvolvimento e da qualidade de vida da sociedade.","publisher":{"@id":"https:\/\/www.institutodeengenharia.org.br\/site\/#organization"},"potentialAction":[{"@type":"SearchAction","target":{"@type":"EntryPoint","urlTemplate":"https:\/\/www.institutodeengenharia.org.br\/site\/?s={search_term_string}"},"query-input":{"@type":"PropertyValueSpecification","valueRequired":true,"valueName":"search_term_string"}}],"inLanguage":"pt-BR"},{"@type":"Organization","@id":"https:\/\/www.institutodeengenharia.org.br\/site\/#organization","name":"Instituto de Engenharia","url":"https:\/\/www.institutodeengenharia.org.br\/site\/","logo":{"@type":"ImageObject","inLanguage":"pt-BR","@id":"https:\/\/www.institutodeengenharia.org.br\/site\/#\/schema\/logo\/image\/","url":"https:\/\/www.institutodeengenharia.org.br\/site\/wp-content\/uploads\/2019\/03\/logo-novo-IE2018-1.jpg","contentUrl":"https:\/\/www.institutodeengenharia.org.br\/site\/wp-content\/uploads\/2019\/03\/logo-novo-IE2018-1.jpg","width":1486,"height":1879,"caption":"Instituto de Engenharia"},"image":{"@id":"https:\/\/www.institutodeengenharia.org.br\/site\/#\/schema\/logo\/image\/"},"sameAs":["https:\/\/www.facebook.com\/institutodeengenharia","https:\/\/x.com\/iengenharia","https:\/\/www.instagram.com\/institutodeengenharia\/","https:\/\/www.linkedin.com\/company\/instituto-de-engenharia\/","https:\/\/www.youtube.com\/channel\/UCXiCAlsSMe977vamW915HxA"]},{"@type":"Person","@id":"https:\/\/www.institutodeengenharia.org.br\/site\/#\/schema\/person\/aeb64951c405e100d26d30b033dd423f","name":"Bianca","image":{"@type":"ImageObject","inLanguage":"pt-BR","@id":"https:\/\/secure.gravatar.com\/avatar\/a6fbe9bff57405baf4c1e2c5c1811e072b558253974a9f9508f4678900c97c2a?s=96&d=mm&r=g","url":"https:\/\/secure.gravatar.com\/avatar\/a6fbe9bff57405baf4c1e2c5c1811e072b558253974a9f9508f4678900c97c2a?s=96&d=mm&r=g","contentUrl":"https:\/\/secure.gravatar.com\/avatar\/a6fbe9bff57405baf4c1e2c5c1811e072b558253974a9f9508f4678900c97c2a?s=96&d=mm&r=g","caption":"Bianca"},"url":"https:\/\/www.institutodeengenharia.org.br\/site\/author\/comunicacao1\/"}]}},"_links":{"self":[{"href":"https:\/\/www.institutodeengenharia.org.br\/site\/wp-json\/wp\/v2\/posts\/93285","targetHints":{"allow":["GET"]}}],"collection":[{"href":"https:\/\/www.institutodeengenharia.org.br\/site\/wp-json\/wp\/v2\/posts"}],"about":[{"href":"https:\/\/www.institutodeengenharia.org.br\/site\/wp-json\/wp\/v2\/types\/post"}],"author":[{"embeddable":true,"href":"https:\/\/www.institutodeengenharia.org.br\/site\/wp-json\/wp\/v2\/users\/13"}],"replies":[{"embeddable":true,"href":"https:\/\/www.institutodeengenharia.org.br\/site\/wp-json\/wp\/v2\/comments?post=93285"}],"version-history":[{"count":1,"href":"https:\/\/www.institutodeengenharia.org.br\/site\/wp-json\/wp\/v2\/posts\/93285\/revisions"}],"predecessor-version":[{"id":93286,"href":"https:\/\/www.institutodeengenharia.org.br\/site\/wp-json\/wp\/v2\/posts\/93285\/revisions\/93286"}],"wp:featuredmedia":[{"embeddable":true,"href":"https:\/\/www.institutodeengenharia.org.br\/site\/wp-json\/wp\/v2\/media\/92843"}],"wp:attachment":[{"href":"https:\/\/www.institutodeengenharia.org.br\/site\/wp-json\/wp\/v2\/media?parent=93285"}],"wp:term":[{"taxonomy":"category","embeddable":true,"href":"https:\/\/www.institutodeengenharia.org.br\/site\/wp-json\/wp\/v2\/categories?post=93285"},{"taxonomy":"post_tag","embeddable":true,"href":"https:\/\/www.institutodeengenharia.org.br\/site\/wp-json\/wp\/v2\/tags?post=93285"}],"curies":[{"name":"wp","href":"https:\/\/api.w.org\/{rel}","templated":true}]}}