{"id":92857,"date":"2022-05-12T16:41:45","date_gmt":"2022-05-12T19:41:45","guid":{"rendered":"https:\/\/www.institutodeengenharia.org.br\/site\/?p=92857"},"modified":"2022-05-12T16:41:45","modified_gmt":"2022-05-12T19:41:45","slug":"manifesto-pelo-avanco-das-ferrovias-de-passageiros-no-brasil","status":"publish","type":"post","link":"https:\/\/www.institutodeengenharia.org.br\/site\/2022\/05\/12\/manifesto-pelo-avanco-das-ferrovias-de-passageiros-no-brasil\/","title":{"rendered":"Manifesto pelo avan\u00e7o das ferrovias de passageiros no Brasil"},"content":{"rendered":"<p>O Brasil \u00e9 um pa\u00eds populoso e de dimens\u00f5es continentais que precisa de uma infraestrutura adequada de transporte e o Governo Brasileiro conta com uma oportunidade \u00fanica para alavancar esse desenvolvimento atrav\u00e9s da publica\u00e7\u00e3o da Pol\u00edtica Nacional do Transporte Ferrovi\u00e1rio de Passageiros \u2013 PNTFP, que est\u00e1 sendo desenvolvida pelo Minist\u00e9rio da Infraestrutura.<\/p>\n<p>A Pol\u00edtica Nacional visa regulamentar e incentivar o desenvolvimento do sistema ferrovi\u00e1rio regional de passageiros e proporcionar\u00e1 o aquecimento deste mercado e da ind\u00fastria a ele associada, reduzindo a depend\u00eancia da popula\u00e7\u00e3o em rela\u00e7\u00e3o ao transporte rodovi\u00e1rio regional, fortalecendo o poder de escolha dos usu\u00e1rios e propondo diretrizes para a formula\u00e7\u00e3o de um modelo de neg\u00f3cio atrativo ao mercado, potencializando os benef\u00edcios sociais e ambientais caracter\u00edsticos do modo ferrovi\u00e1rio de passageiros.<\/p>\n<p>A inexist\u00eancia de um marco regulat\u00f3rio espec\u00edfico para o transporte regional de passageiros, que \u00e9 um segmento totalmente diferente do ferrovi\u00e1rio de carga, em especial no que tange \u00e0 opera\u00e7\u00e3o, seguran\u00e7a, interface com os clientes e servi\u00e7os ofertados, gera inseguran\u00e7a jur\u00eddica e instabilidade regulat\u00f3ria, que contribuem sobremaneira para o afastamento do mercado e o desinteresse pelo investimento privado.<\/p>\n<p>Acreditamos no potencial do mercado regional no Brasil, que, a exemplo do setor metroferrovi\u00e1rio urbano de passageiros, que tem seus marcos estabelecidos e \u00e9 altamente atrativo ao investimento privado, que tem respondido de forma positiva \u00e0s Parcerias P\u00fablico-Privadas e processos de Concess\u00e3o, gerando consecutivos recordes de arrecada\u00e7\u00e3o em leil\u00f5es. Para se ter uma ideia, nos \u00faltimos 10 anos a participa\u00e7\u00e3o privada no setor metroferrovi\u00e1rio urbano de passageiros aumentou mais de 300%.<\/p>\n<p>A publica\u00e7\u00e3o deste marco regulat\u00f3rio contribuir\u00e1 para que haja seguran\u00e7a jur\u00eddica para que dispositivos j\u00e1 existentes, como o das autoriza\u00e7\u00f5es ferrovi\u00e1rias, possam ser aplicados \u00e0 \u00e1rea de passageiros, aumentando o rol de investimentos em infraestrutura nacional, ao mesmo tempo em que contribuir\u00e1 para aumentar a efici\u00eancia da atual malha ferrovi\u00e1ria brasileira.<\/p>\n<p>As entidades que subscrevem este manifesto consideram esta Pol\u00edtica P\u00fablica um marco para o setor e para o desenvolvimento das t\u00e3o desejadas conex\u00f5es regionais de passageiros, com o crescimento econ\u00f4mico e social, com a instala\u00e7\u00e3o de empreendimentos e gera\u00e7\u00e3o de empregos ao longo dos seus percursos. A Pol\u00edtica Nacional abre um importante caminho para o desenvolvimento de uma ind\u00fastria forte, de uma nova cadeia produtiva e profissional, gerando ainda mais emprego e renda para a popula\u00e7\u00e3o e para o Pa\u00eds.<\/p>\n<p>A Pol\u00edtica Nacional do Transporte Ferrovi\u00e1rio de Passageiros \u2013 PNTFP \u00e9, sem d\u00favida, um grande instrumento para resgatar o transporte ferrovi\u00e1rio de longa dist\u00e2ncia no Brasil e marcar a retomada dos investimentos no transporte ferrovi\u00e1rio regional de passageiros em todo o territ\u00f3rio Nacional.<\/p>\n<p style=\"text-align: center;\"><strong>MOVIMENTO PELO AVAN\u00c7O DAS FERROVIAS DE PASSAGEIROS<\/strong><\/p>\n<p>Associa\u00e7\u00e3o Nacional dos Transportadores de Passageiros sobre Trilhos &#8211; ANPTrilhos Associa\u00e7\u00e3o Brasileira da Ind\u00fastria Ferrovi\u00e1ria \u2013 ABIFER<\/p>\n<p>Associa\u00e7\u00e3o Brasileira da Infraestrutura e Ind\u00fastrias de Base &#8211; ABDIB Associa\u00e7\u00e3o dos Engenheiros e Arquitetos de Metr\u00f4 \u2013 AEAMESP Associa\u00e7\u00e3o Internacional do Transporte P\u00fablico &#8211; UITP<\/p>\n<p>Associa\u00e7\u00e3o Latino-Americana de Ferrovias \u2013 ALAF Associa\u00e7\u00e3o Nacional de Transportes P\u00fablicos \u2013 ANTP Confedera\u00e7\u00e3o Nacional do Transporte &#8211; CNT<\/p>\n<p>Conselho Nacional de Secret\u00e1rios de Transportes \u2013 CONSETRANS Instituto de Engenharia &#8211; IE<\/p>\n<p>Instituto do Movimento Nacional pelo Direito ao Transporte P\u00fablico de Qualidade &#8211; MDT Instituto para o Desenvolvimento dos Sistemas de Transportes &#8211; iDestra<\/p>\n<p>Sindicato Interestadual da Ind\u00fastria de Materiais e Equipamentos Ferrovi\u00e1rios e Rodovi\u00e1rios \u2013 SIMEFRE Aeromovel Brasil<\/p>\n<p>Alstom Brasil Energia e Transporte CAF Brasil Ind\u00fastria e Com\u00e9rcio CCR Mobilidade<\/p>\n<p>Deutsche Bahn International Hyundai-Rotem Brasil Marcopolo Rail<\/p>\n<p>MPE Engenharia Thales International Brasil<\/p>\n","protected":false},"excerpt":{"rendered":"<p>O Brasil \u00e9 um pa\u00eds populoso e de dimens\u00f5es continentais que precisa de uma infraestrutura adequada de transporte e o Governo Brasileiro conta com uma oportunidade \u00fanica para alavancar esse desenvolvimento atrav\u00e9s da publica\u00e7\u00e3o da Pol\u00edtica Nacional do Transporte Ferrovi\u00e1rio de Passageiros \u2013 PNTFP, que est\u00e1 sendo desenvolvida pelo Minist\u00e9rio da Infraestrutura. A Pol\u00edtica Nacional [&hellip;]<\/p>\n","protected":false},"author":13,"featured_media":92859,"comment_status":"open","ping_status":"open","sticky":false,"template":"","format":"standard","meta":{"footnotes":""},"categories":[1106,27,6],"tags":[],"class_list":{"0":"post-92857","1":"post","2":"type-post","3":"status-publish","4":"format-standard","5":"has-post-thumbnail","7":"category-divisao-de-ferrovias","8":"category-instituto-de-engenharia","9":"category-noticias"},"yoast_head":"<!-- This site is optimized with the Yoast SEO plugin v27.2 - https:\/\/yoast.com\/product\/yoast-seo-wordpress\/ -->\n<title>Manifesto pelo avan\u00e7o das ferrovias de passageiros no Brasil - Instituto de Engenharia<\/title>\n<meta name=\"robots\" content=\"index, follow, max-snippet:-1, max-image-preview:large, max-video-preview:-1\" \/>\n<link rel=\"canonical\" href=\"https:\/\/www.institutodeengenharia.org.br\/site\/2022\/05\/12\/manifesto-pelo-avanco-das-ferrovias-de-passageiros-no-brasil\/\" \/>\n<meta property=\"og:locale\" content=\"pt_BR\" \/>\n<meta property=\"og:type\" content=\"article\" \/>\n<meta property=\"og:title\" content=\"Manifesto pelo avan\u00e7o das ferrovias de passageiros no BrasilManifesto pelo avan\u00e7o das ferrovias de passageiros no Brasil\" \/>\n<meta property=\"og:description\" content=\"O Brasil \u00e9 um pa\u00eds populoso e de dimens\u00f5es continentais que precisa de uma infraestrutura adequada de transporte e o Governo Brasileiro conta com uma oportunidade \u00fanica para alavancar esse desenvolvimento atrav\u00e9s da publica\u00e7\u00e3o da Pol\u00edtica Nacional do Transporte Ferrovi\u00e1rio de Passageiros \u2013 PNTFP, que est\u00e1 sendo desenvolvida pelo Minist\u00e9rio da Infraestrutura.\" \/>\n<meta property=\"og:url\" content=\"https:\/\/www.institutodeengenharia.org.br\/site\/2022\/05\/12\/manifesto-pelo-avanco-das-ferrovias-de-passageiros-no-brasil\/\" \/>\n<meta property=\"og:site_name\" content=\"Instituto de Engenharia\" \/>\n<meta property=\"article:publisher\" content=\"https:\/\/www.facebook.com\/institutodeengenharia\" \/>\n<meta property=\"article:published_time\" content=\"2022-05-12T19:41:45+00:00\" \/>\n<meta property=\"og:image\" content=\"https:\/\/www.institutodeengenharia.org.br\/site\/wp-content\/uploads\/2022\/05\/Design-sem-nome-28.png\" \/>\n\t<meta property=\"og:image:width\" content=\"1920\" \/>\n\t<meta property=\"og:image:height\" content=\"1080\" \/>\n\t<meta property=\"og:image:type\" content=\"image\/png\" \/>\n<meta name=\"author\" content=\"Bianca\" \/>\n<meta name=\"twitter:card\" content=\"summary_large_image\" \/>\n<meta name=\"twitter:title\" content=\"Manifesto pelo avan\u00e7o das ferrovias de passageiros no Brasil\" \/>\n<meta name=\"twitter:description\" content=\"O Brasil \u00e9 um pa\u00eds populoso e de dimens\u00f5es continentais que precisa de uma infraestrutura adequada de transporte e o Governo Brasileiro conta com uma oportunidade \u00fanica para alavancar esse desenvolvimento atrav\u00e9s da publica\u00e7\u00e3o da Pol\u00edtica Nacional do Transporte Ferrovi\u00e1rio de Passageiros \u2013 PNTFP, que est\u00e1 sendo desenvolvida pelo Minist\u00e9rio da Infraestrutura.\" \/>\n<meta name=\"twitter:image\" content=\"https:\/\/www.institutodeengenharia.org.br\/site\/wp-content\/uploads\/2022\/05\/Design-sem-nome-28.png\" \/>\n<meta name=\"twitter:creator\" content=\"@iengenharia\" \/>\n<meta name=\"twitter:site\" content=\"@iengenharia\" \/>\n<meta name=\"twitter:label1\" content=\"Escrito por\" \/>\n\t<meta name=\"twitter:data1\" content=\"Bianca\" \/>\n\t<meta name=\"twitter:label2\" content=\"Est. tempo de leitura\" \/>\n\t<meta name=\"twitter:data2\" content=\"4 minutos\" \/>\n<script type=\"application\/ld+json\" class=\"yoast-schema-graph\">{\"@context\":\"https:\/\/schema.org\",\"@graph\":[{\"@type\":\"Article\",\"@id\":\"https:\/\/www.institutodeengenharia.org.br\/site\/2022\/05\/12\/manifesto-pelo-avanco-das-ferrovias-de-passageiros-no-brasil\/#article\",\"isPartOf\":{\"@id\":\"https:\/\/www.institutodeengenharia.org.br\/site\/2022\/05\/12\/manifesto-pelo-avanco-das-ferrovias-de-passageiros-no-brasil\/\"},\"author\":{\"name\":\"Bianca\",\"@id\":\"https:\/\/www.institutodeengenharia.org.br\/site\/#\/schema\/person\/aeb64951c405e100d26d30b033dd423f\"},\"headline\":\"Manifesto pelo avan\u00e7o das ferrovias de passageiros no Brasil\",\"datePublished\":\"2022-05-12T19:41:45+00:00\",\"mainEntityOfPage\":{\"@id\":\"https:\/\/www.institutodeengenharia.org.br\/site\/2022\/05\/12\/manifesto-pelo-avanco-das-ferrovias-de-passageiros-no-brasil\/\"},\"wordCount\":648,\"commentCount\":0,\"publisher\":{\"@id\":\"https:\/\/www.institutodeengenharia.org.br\/site\/#organization\"},\"image\":{\"@id\":\"https:\/\/www.institutodeengenharia.org.br\/site\/2022\/05\/12\/manifesto-pelo-avanco-das-ferrovias-de-passageiros-no-brasil\/#primaryimage\"},\"thumbnailUrl\":\"https:\/\/www.institutodeengenharia.org.br\/site\/wp-content\/uploads\/2022\/05\/Design-sem-nome-28.png\",\"articleSection\":[\"Divis\u00e3o T\u00e9cnica de Ferrovias\",\"Instituto de Engenharia\",\"Not\u00edcias\"],\"inLanguage\":\"pt-BR\",\"potentialAction\":[{\"@type\":\"CommentAction\",\"name\":\"Comment\",\"target\":[\"https:\/\/www.institutodeengenharia.org.br\/site\/2022\/05\/12\/manifesto-pelo-avanco-das-ferrovias-de-passageiros-no-brasil\/#respond\"]}]},{\"@type\":\"WebPage\",\"@id\":\"https:\/\/www.institutodeengenharia.org.br\/site\/2022\/05\/12\/manifesto-pelo-avanco-das-ferrovias-de-passageiros-no-brasil\/\",\"url\":\"https:\/\/www.institutodeengenharia.org.br\/site\/2022\/05\/12\/manifesto-pelo-avanco-das-ferrovias-de-passageiros-no-brasil\/\",\"name\":\"Manifesto pelo avan\u00e7o das ferrovias de passageiros no Brasil - Instituto de Engenharia\",\"isPartOf\":{\"@id\":\"https:\/\/www.institutodeengenharia.org.br\/site\/#website\"},\"primaryImageOfPage\":{\"@id\":\"https:\/\/www.institutodeengenharia.org.br\/site\/2022\/05\/12\/manifesto-pelo-avanco-das-ferrovias-de-passageiros-no-brasil\/#primaryimage\"},\"image\":{\"@id\":\"https:\/\/www.institutodeengenharia.org.br\/site\/2022\/05\/12\/manifesto-pelo-avanco-das-ferrovias-de-passageiros-no-brasil\/#primaryimage\"},\"thumbnailUrl\":\"https:\/\/www.institutodeengenharia.org.br\/site\/wp-content\/uploads\/2022\/05\/Design-sem-nome-28.png\",\"datePublished\":\"2022-05-12T19:41:45+00:00\",\"breadcrumb\":{\"@id\":\"https:\/\/www.institutodeengenharia.org.br\/site\/2022\/05\/12\/manifesto-pelo-avanco-das-ferrovias-de-passageiros-no-brasil\/#breadcrumb\"},\"inLanguage\":\"pt-BR\",\"potentialAction\":[{\"@type\":\"ReadAction\",\"target\":[\"https:\/\/www.institutodeengenharia.org.br\/site\/2022\/05\/12\/manifesto-pelo-avanco-das-ferrovias-de-passageiros-no-brasil\/\"]}]},{\"@type\":\"ImageObject\",\"inLanguage\":\"pt-BR\",\"@id\":\"https:\/\/www.institutodeengenharia.org.br\/site\/2022\/05\/12\/manifesto-pelo-avanco-das-ferrovias-de-passageiros-no-brasil\/#primaryimage\",\"url\":\"https:\/\/www.institutodeengenharia.org.br\/site\/wp-content\/uploads\/2022\/05\/Design-sem-nome-28.png\",\"contentUrl\":\"https:\/\/www.institutodeengenharia.org.br\/site\/wp-content\/uploads\/2022\/05\/Design-sem-nome-28.png\",\"width\":1920,\"height\":1080},{\"@type\":\"BreadcrumbList\",\"@id\":\"https:\/\/www.institutodeengenharia.org.br\/site\/2022\/05\/12\/manifesto-pelo-avanco-das-ferrovias-de-passageiros-no-brasil\/#breadcrumb\",\"itemListElement\":[{\"@type\":\"ListItem\",\"position\":1,\"name\":\"In\u00edcio\",\"item\":\"https:\/\/www.institutodeengenharia.org.br\/site\/\"},{\"@type\":\"ListItem\",\"position\":2,\"name\":\"Manifesto pelo avan\u00e7o das ferrovias de passageiros no Brasil\"}]},{\"@type\":\"WebSite\",\"@id\":\"https:\/\/www.institutodeengenharia.org.br\/site\/#website\",\"url\":\"https:\/\/www.institutodeengenharia.org.br\/site\/\",\"name\":\"Instituto de Engenharia\",\"description\":\"O Instituto de Engenharia promove a Engenharia em benef\u00edcio do desenvolvimento e da qualidade de vida da sociedade.\",\"publisher\":{\"@id\":\"https:\/\/www.institutodeengenharia.org.br\/site\/#organization\"},\"potentialAction\":[{\"@type\":\"SearchAction\",\"target\":{\"@type\":\"EntryPoint\",\"urlTemplate\":\"https:\/\/www.institutodeengenharia.org.br\/site\/?s={search_term_string}\"},\"query-input\":{\"@type\":\"PropertyValueSpecification\",\"valueRequired\":true,\"valueName\":\"search_term_string\"}}],\"inLanguage\":\"pt-BR\"},{\"@type\":\"Organization\",\"@id\":\"https:\/\/www.institutodeengenharia.org.br\/site\/#organization\",\"name\":\"Instituto de Engenharia\",\"url\":\"https:\/\/www.institutodeengenharia.org.br\/site\/\",\"logo\":{\"@type\":\"ImageObject\",\"inLanguage\":\"pt-BR\",\"@id\":\"https:\/\/www.institutodeengenharia.org.br\/site\/#\/schema\/logo\/image\/\",\"url\":\"https:\/\/www.institutodeengenharia.org.br\/site\/wp-content\/uploads\/2019\/03\/logo-novo-IE2018-1.jpg\",\"contentUrl\":\"https:\/\/www.institutodeengenharia.org.br\/site\/wp-content\/uploads\/2019\/03\/logo-novo-IE2018-1.jpg\",\"width\":1486,\"height\":1879,\"caption\":\"Instituto de Engenharia\"},\"image\":{\"@id\":\"https:\/\/www.institutodeengenharia.org.br\/site\/#\/schema\/logo\/image\/\"},\"sameAs\":[\"https:\/\/www.facebook.com\/institutodeengenharia\",\"https:\/\/x.com\/iengenharia\",\"https:\/\/www.instagram.com\/institutodeengenharia\/\",\"https:\/\/www.linkedin.com\/company\/instituto-de-engenharia\/\",\"https:\/\/www.youtube.com\/channel\/UCXiCAlsSMe977vamW915HxA\"]},{\"@type\":\"Person\",\"@id\":\"https:\/\/www.institutodeengenharia.org.br\/site\/#\/schema\/person\/aeb64951c405e100d26d30b033dd423f\",\"name\":\"Bianca\",\"image\":{\"@type\":\"ImageObject\",\"inLanguage\":\"pt-BR\",\"@id\":\"https:\/\/secure.gravatar.com\/avatar\/a6fbe9bff57405baf4c1e2c5c1811e072b558253974a9f9508f4678900c97c2a?s=96&d=mm&r=g\",\"url\":\"https:\/\/secure.gravatar.com\/avatar\/a6fbe9bff57405baf4c1e2c5c1811e072b558253974a9f9508f4678900c97c2a?s=96&d=mm&r=g\",\"contentUrl\":\"https:\/\/secure.gravatar.com\/avatar\/a6fbe9bff57405baf4c1e2c5c1811e072b558253974a9f9508f4678900c97c2a?s=96&d=mm&r=g\",\"caption\":\"Bianca\"},\"url\":\"https:\/\/www.institutodeengenharia.org.br\/site\/author\/comunicacao1\/\"}]}<\/script>\n<!-- \/ Yoast SEO plugin. -->","yoast_head_json":{"title":"Manifesto pelo avan\u00e7o das ferrovias de passageiros no Brasil - Instituto de Engenharia","robots":{"index":"index","follow":"follow","max-snippet":"max-snippet:-1","max-image-preview":"max-image-preview:large","max-video-preview":"max-video-preview:-1"},"canonical":"https:\/\/www.institutodeengenharia.org.br\/site\/2022\/05\/12\/manifesto-pelo-avanco-das-ferrovias-de-passageiros-no-brasil\/","og_locale":"pt_BR","og_type":"article","og_title":"Manifesto pelo avan\u00e7o das ferrovias de passageiros no BrasilManifesto pelo avan\u00e7o das ferrovias de passageiros no Brasil","og_description":"O Brasil \u00e9 um pa\u00eds populoso e de dimens\u00f5es continentais que precisa de uma infraestrutura adequada de transporte e o Governo Brasileiro conta com uma oportunidade \u00fanica para alavancar esse desenvolvimento atrav\u00e9s da publica\u00e7\u00e3o da Pol\u00edtica Nacional do Transporte Ferrovi\u00e1rio de Passageiros \u2013 PNTFP, que est\u00e1 sendo desenvolvida pelo Minist\u00e9rio da Infraestrutura.","og_url":"https:\/\/www.institutodeengenharia.org.br\/site\/2022\/05\/12\/manifesto-pelo-avanco-das-ferrovias-de-passageiros-no-brasil\/","og_site_name":"Instituto de Engenharia","article_publisher":"https:\/\/www.facebook.com\/institutodeengenharia","article_published_time":"2022-05-12T19:41:45+00:00","og_image":[{"width":1920,"height":1080,"url":"https:\/\/www.institutodeengenharia.org.br\/site\/wp-content\/uploads\/2022\/05\/Design-sem-nome-28.png","type":"image\/png"}],"author":"Bianca","twitter_card":"summary_large_image","twitter_title":"Manifesto pelo avan\u00e7o das ferrovias de passageiros no Brasil","twitter_description":"O Brasil \u00e9 um pa\u00eds populoso e de dimens\u00f5es continentais que precisa de uma infraestrutura adequada de transporte e o Governo Brasileiro conta com uma oportunidade \u00fanica para alavancar esse desenvolvimento atrav\u00e9s da publica\u00e7\u00e3o da Pol\u00edtica Nacional do Transporte Ferrovi\u00e1rio de Passageiros \u2013 PNTFP, que est\u00e1 sendo desenvolvida pelo Minist\u00e9rio da Infraestrutura.","twitter_image":"https:\/\/www.institutodeengenharia.org.br\/site\/wp-content\/uploads\/2022\/05\/Design-sem-nome-28.png","twitter_creator":"@iengenharia","twitter_site":"@iengenharia","twitter_misc":{"Escrito por":"Bianca","Est. tempo de leitura":"4 minutos"},"schema":{"@context":"https:\/\/schema.org","@graph":[{"@type":"Article","@id":"https:\/\/www.institutodeengenharia.org.br\/site\/2022\/05\/12\/manifesto-pelo-avanco-das-ferrovias-de-passageiros-no-brasil\/#article","isPartOf":{"@id":"https:\/\/www.institutodeengenharia.org.br\/site\/2022\/05\/12\/manifesto-pelo-avanco-das-ferrovias-de-passageiros-no-brasil\/"},"author":{"name":"Bianca","@id":"https:\/\/www.institutodeengenharia.org.br\/site\/#\/schema\/person\/aeb64951c405e100d26d30b033dd423f"},"headline":"Manifesto pelo avan\u00e7o das ferrovias de passageiros no Brasil","datePublished":"2022-05-12T19:41:45+00:00","mainEntityOfPage":{"@id":"https:\/\/www.institutodeengenharia.org.br\/site\/2022\/05\/12\/manifesto-pelo-avanco-das-ferrovias-de-passageiros-no-brasil\/"},"wordCount":648,"commentCount":0,"publisher":{"@id":"https:\/\/www.institutodeengenharia.org.br\/site\/#organization"},"image":{"@id":"https:\/\/www.institutodeengenharia.org.br\/site\/2022\/05\/12\/manifesto-pelo-avanco-das-ferrovias-de-passageiros-no-brasil\/#primaryimage"},"thumbnailUrl":"https:\/\/www.institutodeengenharia.org.br\/site\/wp-content\/uploads\/2022\/05\/Design-sem-nome-28.png","articleSection":["Divis\u00e3o T\u00e9cnica de Ferrovias","Instituto de Engenharia","Not\u00edcias"],"inLanguage":"pt-BR","potentialAction":[{"@type":"CommentAction","name":"Comment","target":["https:\/\/www.institutodeengenharia.org.br\/site\/2022\/05\/12\/manifesto-pelo-avanco-das-ferrovias-de-passageiros-no-brasil\/#respond"]}]},{"@type":"WebPage","@id":"https:\/\/www.institutodeengenharia.org.br\/site\/2022\/05\/12\/manifesto-pelo-avanco-das-ferrovias-de-passageiros-no-brasil\/","url":"https:\/\/www.institutodeengenharia.org.br\/site\/2022\/05\/12\/manifesto-pelo-avanco-das-ferrovias-de-passageiros-no-brasil\/","name":"Manifesto pelo avan\u00e7o das ferrovias de passageiros no Brasil - Instituto de Engenharia","isPartOf":{"@id":"https:\/\/www.institutodeengenharia.org.br\/site\/#website"},"primaryImageOfPage":{"@id":"https:\/\/www.institutodeengenharia.org.br\/site\/2022\/05\/12\/manifesto-pelo-avanco-das-ferrovias-de-passageiros-no-brasil\/#primaryimage"},"image":{"@id":"https:\/\/www.institutodeengenharia.org.br\/site\/2022\/05\/12\/manifesto-pelo-avanco-das-ferrovias-de-passageiros-no-brasil\/#primaryimage"},"thumbnailUrl":"https:\/\/www.institutodeengenharia.org.br\/site\/wp-content\/uploads\/2022\/05\/Design-sem-nome-28.png","datePublished":"2022-05-12T19:41:45+00:00","breadcrumb":{"@id":"https:\/\/www.institutodeengenharia.org.br\/site\/2022\/05\/12\/manifesto-pelo-avanco-das-ferrovias-de-passageiros-no-brasil\/#breadcrumb"},"inLanguage":"pt-BR","potentialAction":[{"@type":"ReadAction","target":["https:\/\/www.institutodeengenharia.org.br\/site\/2022\/05\/12\/manifesto-pelo-avanco-das-ferrovias-de-passageiros-no-brasil\/"]}]},{"@type":"ImageObject","inLanguage":"pt-BR","@id":"https:\/\/www.institutodeengenharia.org.br\/site\/2022\/05\/12\/manifesto-pelo-avanco-das-ferrovias-de-passageiros-no-brasil\/#primaryimage","url":"https:\/\/www.institutodeengenharia.org.br\/site\/wp-content\/uploads\/2022\/05\/Design-sem-nome-28.png","contentUrl":"https:\/\/www.institutodeengenharia.org.br\/site\/wp-content\/uploads\/2022\/05\/Design-sem-nome-28.png","width":1920,"height":1080},{"@type":"BreadcrumbList","@id":"https:\/\/www.institutodeengenharia.org.br\/site\/2022\/05\/12\/manifesto-pelo-avanco-das-ferrovias-de-passageiros-no-brasil\/#breadcrumb","itemListElement":[{"@type":"ListItem","position":1,"name":"In\u00edcio","item":"https:\/\/www.institutodeengenharia.org.br\/site\/"},{"@type":"ListItem","position":2,"name":"Manifesto pelo avan\u00e7o das ferrovias de passageiros no Brasil"}]},{"@type":"WebSite","@id":"https:\/\/www.institutodeengenharia.org.br\/site\/#website","url":"https:\/\/www.institutodeengenharia.org.br\/site\/","name":"Instituto de Engenharia","description":"O Instituto de Engenharia promove a Engenharia em benef\u00edcio do desenvolvimento e da qualidade de vida da sociedade.","publisher":{"@id":"https:\/\/www.institutodeengenharia.org.br\/site\/#organization"},"potentialAction":[{"@type":"SearchAction","target":{"@type":"EntryPoint","urlTemplate":"https:\/\/www.institutodeengenharia.org.br\/site\/?s={search_term_string}"},"query-input":{"@type":"PropertyValueSpecification","valueRequired":true,"valueName":"search_term_string"}}],"inLanguage":"pt-BR"},{"@type":"Organization","@id":"https:\/\/www.institutodeengenharia.org.br\/site\/#organization","name":"Instituto de Engenharia","url":"https:\/\/www.institutodeengenharia.org.br\/site\/","logo":{"@type":"ImageObject","inLanguage":"pt-BR","@id":"https:\/\/www.institutodeengenharia.org.br\/site\/#\/schema\/logo\/image\/","url":"https:\/\/www.institutodeengenharia.org.br\/site\/wp-content\/uploads\/2019\/03\/logo-novo-IE2018-1.jpg","contentUrl":"https:\/\/www.institutodeengenharia.org.br\/site\/wp-content\/uploads\/2019\/03\/logo-novo-IE2018-1.jpg","width":1486,"height":1879,"caption":"Instituto de Engenharia"},"image":{"@id":"https:\/\/www.institutodeengenharia.org.br\/site\/#\/schema\/logo\/image\/"},"sameAs":["https:\/\/www.facebook.com\/institutodeengenharia","https:\/\/x.com\/iengenharia","https:\/\/www.instagram.com\/institutodeengenharia\/","https:\/\/www.linkedin.com\/company\/instituto-de-engenharia\/","https:\/\/www.youtube.com\/channel\/UCXiCAlsSMe977vamW915HxA"]},{"@type":"Person","@id":"https:\/\/www.institutodeengenharia.org.br\/site\/#\/schema\/person\/aeb64951c405e100d26d30b033dd423f","name":"Bianca","image":{"@type":"ImageObject","inLanguage":"pt-BR","@id":"https:\/\/secure.gravatar.com\/avatar\/a6fbe9bff57405baf4c1e2c5c1811e072b558253974a9f9508f4678900c97c2a?s=96&d=mm&r=g","url":"https:\/\/secure.gravatar.com\/avatar\/a6fbe9bff57405baf4c1e2c5c1811e072b558253974a9f9508f4678900c97c2a?s=96&d=mm&r=g","contentUrl":"https:\/\/secure.gravatar.com\/avatar\/a6fbe9bff57405baf4c1e2c5c1811e072b558253974a9f9508f4678900c97c2a?s=96&d=mm&r=g","caption":"Bianca"},"url":"https:\/\/www.institutodeengenharia.org.br\/site\/author\/comunicacao1\/"}]}},"_links":{"self":[{"href":"https:\/\/www.institutodeengenharia.org.br\/site\/wp-json\/wp\/v2\/posts\/92857","targetHints":{"allow":["GET"]}}],"collection":[{"href":"https:\/\/www.institutodeengenharia.org.br\/site\/wp-json\/wp\/v2\/posts"}],"about":[{"href":"https:\/\/www.institutodeengenharia.org.br\/site\/wp-json\/wp\/v2\/types\/post"}],"author":[{"embeddable":true,"href":"https:\/\/www.institutodeengenharia.org.br\/site\/wp-json\/wp\/v2\/users\/13"}],"replies":[{"embeddable":true,"href":"https:\/\/www.institutodeengenharia.org.br\/site\/wp-json\/wp\/v2\/comments?post=92857"}],"version-history":[{"count":1,"href":"https:\/\/www.institutodeengenharia.org.br\/site\/wp-json\/wp\/v2\/posts\/92857\/revisions"}],"predecessor-version":[{"id":92860,"href":"https:\/\/www.institutodeengenharia.org.br\/site\/wp-json\/wp\/v2\/posts\/92857\/revisions\/92860"}],"wp:featuredmedia":[{"embeddable":true,"href":"https:\/\/www.institutodeengenharia.org.br\/site\/wp-json\/wp\/v2\/media\/92859"}],"wp:attachment":[{"href":"https:\/\/www.institutodeengenharia.org.br\/site\/wp-json\/wp\/v2\/media?parent=92857"}],"wp:term":[{"taxonomy":"category","embeddable":true,"href":"https:\/\/www.institutodeengenharia.org.br\/site\/wp-json\/wp\/v2\/categories?post=92857"},{"taxonomy":"post_tag","embeddable":true,"href":"https:\/\/www.institutodeengenharia.org.br\/site\/wp-json\/wp\/v2\/tags?post=92857"}],"curies":[{"name":"wp","href":"https:\/\/api.w.org\/{rel}","templated":true}]}}