{"id":92750,"date":"2022-05-10T13:54:55","date_gmt":"2022-05-10T16:54:55","guid":{"rendered":"https:\/\/www.institutodeengenharia.org.br\/site\/?p=92750"},"modified":"2022-05-10T14:18:08","modified_gmt":"2022-05-10T17:18:08","slug":"reducao-dos-impactos-ambientais-e-aumento-da-pontuacao-leed-atraves-de-melhorias-no-concreto","status":"publish","type":"post","link":"https:\/\/www.institutodeengenharia.org.br\/site\/2022\/05\/10\/reducao-dos-impactos-ambientais-e-aumento-da-pontuacao-leed-atraves-de-melhorias-no-concreto\/","title":{"rendered":"Redu\u00e7\u00e3o dos impactos ambientais e aumento da pontua\u00e7\u00e3o LEED atrav\u00e9s de melhorias no concreto"},"content":{"rendered":"<p><strong>Abordagem:<\/strong><\/p>\n<p>Mostrar como algumas altera\u00e7\u00f5es na dosagem do concreto podem contribuir para a redu\u00e7\u00e3o dos impactos ambientais, al\u00e9m de mitigar manifesta\u00e7\u00f5es patol\u00f3gicas nas estruturas de concreto e contribuir para a redu\u00e7\u00e3o do custo da obra.<\/p>\n<p><strong>P\u00fablico-alvo:<\/strong><\/p>\n<p>Estudantes de engenharia e engenheiros.<\/p>\n<p><strong>Palestrantes:<\/strong><\/p>\n<p><img loading=\"lazy\" decoding=\"async\" class=\"alignnone wp-image-92332 td-animation-stack-type0-2\" src=\"https:\/\/www.institutodeengenharia.org.br\/site\/wp-content\/uploads\/2022\/04\/grazielle.png\" alt=\"\" width=\"250\" height=\"148\" srcset=\"https:\/\/www.institutodeengenharia.org.br\/site\/wp-content\/uploads\/2022\/04\/grazielle.png 455w, https:\/\/www.institutodeengenharia.org.br\/site\/wp-content\/uploads\/2022\/04\/grazielle-300x177.png 300w\" sizes=\"auto, (max-width: 250px) 100vw, 250px\" \/><\/p>\n<p><strong>Grazielle Vicente \u2013\u00a0<\/strong><strong>Engenheira Civil na DESEK LTDA<\/strong><\/p>\n<p>Engenheira Civil (Universidade Presbiteriana Mackenzie, 2010), com p\u00f3s-gradua\u00e7\u00e3o \u201cLato sensu\u201d em Patologia nas Obras Civis (Instituto de<\/p>\n<p>Educa\u00e7\u00e3o Tecnol\u00f3gica De Luca Daher, 2012). Cursou as disciplinas de mestrado de Infraestrutura Aeron\u00e1utica e Aeroportos pelo ITA (2014). Membro das Comiss\u00f5es de Estudos CE 18:300.04 (Concreto Compactado com Rolo), CE 18:300.08 (Concreto Massa) e da Comiss\u00e3o de Estudo Especial de Inspe\u00e7\u00f5es de Estruturas de Concreto<\/p>\n<p>(ABNT\/CEE-169), participando da elabora\u00e7\u00e3o do texto base da norma NBR 16230 (Inspe\u00e7\u00e3o de estruturas de concreto \u2013 Qualifica\u00e7\u00e3o e certifica\u00e7\u00e3o de pessoal \u2013 Requisitos) e da revis\u00e3o da NBR 9452 (Vistoria de pontes e viadutos de concreto \u2013 Procedimento). S\u00f3cia do IBRACON e do CBDB, Engenheira Civil na DESEK LTDA desde 2009. Tem experi\u00eancia na \u00e1rea de Engenharia Civil, com \u00eanfase em<\/p>\n<p>Constru\u00e7\u00e3o Civil, atuando principalmente nos seguintes temas: Tecnologia de Concreto, Instrumenta\u00e7\u00e3o de Barragens, Patologia, Sistemas de Manuten\u00e7\u00e3o e Recupera\u00e7\u00e3o de Estruturas de Concreto.<\/p>\n<p><img loading=\"lazy\" decoding=\"async\" class=\"wp-image-92334 alignnone td-animation-stack-type0-2\" src=\"https:\/\/www.institutodeengenharia.org.br\/site\/wp-content\/uploads\/2022\/04\/henrique.jpg\" alt=\"\" width=\"185\" height=\"185\" srcset=\"https:\/\/www.institutodeengenharia.org.br\/site\/wp-content\/uploads\/2022\/04\/henrique.jpg 500w, https:\/\/www.institutodeengenharia.org.br\/site\/wp-content\/uploads\/2022\/04\/henrique-300x300.jpg 300w, https:\/\/www.institutodeengenharia.org.br\/site\/wp-content\/uploads\/2022\/04\/henrique-150x150.jpg 150w, https:\/\/www.institutodeengenharia.org.br\/site\/wp-content\/uploads\/2022\/04\/henrique-420x420.jpg 420w, https:\/\/www.institutodeengenharia.org.br\/site\/wp-content\/uploads\/2022\/04\/henrique-100x100.jpg 100w\" sizes=\"auto, (max-width: 185px) 100vw, 185px\" \/><\/p>\n<p><strong>Henrique Machado de Mendon\u00e7a \u2013 Co-CEO, Diretor de Novos Neg\u00f3cios na eTool<\/strong><\/p>\n<p>Gradua\u00e7\u00e3o em Engenharia El\u00e9trica, Eletr\u00f4nica e de Comunica\u00e7\u00f5es \u2013 Universidade Santa Cec\u00edlia. Especializa\u00e7\u00e3o em Sustentabilidade \u2013 Central Institute of Technology. Especialista em Avalia\u00e7\u00e3o de Ciclo de Vida para constru\u00e7\u00e3o, metodologia utilizada na eTool para fornecer servi\u00e7os de consultoria e solu\u00e7\u00f5es de software com o objetivo de reduzir a emiss\u00e3o de carbono na constru\u00e7\u00e3o civil e reduzir os impactos ambientais.<\/p>\n<p><strong>Realiza\u00e7\u00e3o:<\/strong><\/p>\n<p><strong>Eng. Ivan Metran Whately<\/strong>\u00a0\u2013 Vice-Presidente de Atividades T\u00e9cnicas<\/p>\n<p><strong>Eng. Francisco Jos\u00e9 Pereira de Oliveira<\/strong>\u00a0\u2013 Diretor do Departamento de Desenvolvimento de Projeto e Servi\u00e7os de Infraestrutura<\/p>\n<p><strong>Eng. Rafael Timerman<\/strong>\u00a0\u2013 Coordenador da Divis\u00e3o T\u00e9cnica de Estruturas e Controle Tecnol\u00f3gico<\/p>\n","protected":false},"excerpt":{"rendered":"<p>Abordagem: Mostrar como algumas altera\u00e7\u00f5es na dosagem do concreto podem contribuir para a redu\u00e7\u00e3o dos impactos ambientais, al\u00e9m de mitigar manifesta\u00e7\u00f5es patol\u00f3gicas nas estruturas de concreto e contribuir para a redu\u00e7\u00e3o do custo da obra. P\u00fablico-alvo: Estudantes de engenharia e engenheiros. Palestrantes: Grazielle Vicente \u2013\u00a0Engenheira Civil na DESEK LTDA Engenheira Civil (Universidade Presbiteriana Mackenzie, 2010), [&hellip;]<\/p>\n","protected":false},"author":2,"featured_media":92393,"comment_status":"open","ping_status":"open","sticky":false,"template":"","format":"video","meta":{"footnotes":""},"categories":[968,969],"tags":[1176],"class_list":{"0":"post-92750","1":"post","2":"type-post","3":"status-publish","4":"format-video","5":"has-post-thumbnail","7":"category-nova-tv-engenharia","8":"category-palestra","9":"tag-video-home","10":"post_format-post-format-video"},"yoast_head":"<!-- This site is optimized with the Yoast SEO plugin v27.2 - https:\/\/yoast.com\/product\/yoast-seo-wordpress\/ -->\n<title>Redu\u00e7\u00e3o dos impactos ambientais e aumento da pontua\u00e7\u00e3o LEED atrav\u00e9s de melhorias no concreto - Instituto de Engenharia<\/title>\n<meta name=\"robots\" content=\"index, follow, max-snippet:-1, max-image-preview:large, max-video-preview:-1\" \/>\n<link rel=\"canonical\" href=\"https:\/\/www.institutodeengenharia.org.br\/site\/2022\/05\/10\/reducao-dos-impactos-ambientais-e-aumento-da-pontuacao-leed-atraves-de-melhorias-no-concreto\/\" \/>\n<meta property=\"og:locale\" content=\"pt_BR\" \/>\n<meta property=\"og:type\" content=\"article\" \/>\n<meta property=\"og:title\" content=\"Redu\u00e7\u00e3o dos impactos ambientais e aumento da pontua\u00e7\u00e3o LEED atrav\u00e9s de melhorias no concreto - Instituto de Engenharia\" \/>\n<meta property=\"og:description\" content=\"Abordagem: Mostrar como algumas altera\u00e7\u00f5es na dosagem do concreto podem contribuir para a redu\u00e7\u00e3o dos impactos ambientais, al\u00e9m de mitigar manifesta\u00e7\u00f5es patol\u00f3gicas nas estruturas de concreto e contribuir para a redu\u00e7\u00e3o do custo da obra. P\u00fablico-alvo: Estudantes de engenharia e engenheiros. Palestrantes: Grazielle Vicente \u2013\u00a0Engenheira Civil na DESEK LTDA Engenheira Civil (Universidade Presbiteriana Mackenzie, 2010), [&hellip;]\" \/>\n<meta property=\"og:url\" content=\"https:\/\/www.institutodeengenharia.org.br\/site\/2022\/05\/10\/reducao-dos-impactos-ambientais-e-aumento-da-pontuacao-leed-atraves-de-melhorias-no-concreto\/\" \/>\n<meta property=\"og:site_name\" content=\"Instituto de Engenharia\" \/>\n<meta property=\"article:publisher\" content=\"https:\/\/www.facebook.com\/institutodeengenharia\" \/>\n<meta property=\"article:published_time\" content=\"2022-05-10T16:54:55+00:00\" \/>\n<meta property=\"article:modified_time\" content=\"2022-05-10T17:18:08+00:00\" \/>\n<meta property=\"og:image\" content=\"https:\/\/www.institutodeengenharia.org.br\/site\/wp-content\/uploads\/2022\/05\/MicrosoftTeams-image-63.jpg\" \/>\n\t<meta property=\"og:image:width\" content=\"1000\" \/>\n\t<meta property=\"og:image:height\" content=\"563\" \/>\n\t<meta property=\"og:image:type\" content=\"image\/jpeg\" \/>\n<meta name=\"author\" content=\"Isabel\" \/>\n<meta name=\"twitter:card\" content=\"summary_large_image\" \/>\n<meta name=\"twitter:creator\" content=\"@iengenharia\" \/>\n<meta name=\"twitter:site\" content=\"@iengenharia\" \/>\n<meta name=\"twitter:label1\" content=\"Escrito por\" \/>\n\t<meta name=\"twitter:data1\" content=\"Isabel\" \/>\n\t<meta name=\"twitter:label2\" content=\"Est. tempo de leitura\" \/>\n\t<meta name=\"twitter:data2\" content=\"3 minutos\" \/>\n<script type=\"application\/ld+json\" class=\"yoast-schema-graph\">{\"@context\":\"https:\/\/schema.org\",\"@graph\":[{\"@type\":\"Article\",\"@id\":\"https:\/\/www.institutodeengenharia.org.br\/site\/2022\/05\/10\/reducao-dos-impactos-ambientais-e-aumento-da-pontuacao-leed-atraves-de-melhorias-no-concreto\/#article\",\"isPartOf\":{\"@id\":\"https:\/\/www.institutodeengenharia.org.br\/site\/2022\/05\/10\/reducao-dos-impactos-ambientais-e-aumento-da-pontuacao-leed-atraves-de-melhorias-no-concreto\/\"},\"author\":{\"name\":\"Isabel\",\"@id\":\"https:\/\/www.institutodeengenharia.org.br\/site\/#\/schema\/person\/d1764429c217aaa88954818c8f9a3036\"},\"headline\":\"Redu\u00e7\u00e3o dos impactos ambientais e aumento da pontua\u00e7\u00e3o LEED atrav\u00e9s de melhorias no concreto\",\"datePublished\":\"2022-05-10T16:54:55+00:00\",\"dateModified\":\"2022-05-10T17:18:08+00:00\",\"mainEntityOfPage\":{\"@id\":\"https:\/\/www.institutodeengenharia.org.br\/site\/2022\/05\/10\/reducao-dos-impactos-ambientais-e-aumento-da-pontuacao-leed-atraves-de-melhorias-no-concreto\/\"},\"wordCount\":356,\"commentCount\":0,\"publisher\":{\"@id\":\"https:\/\/www.institutodeengenharia.org.br\/site\/#organization\"},\"image\":{\"@id\":\"https:\/\/www.institutodeengenharia.org.br\/site\/2022\/05\/10\/reducao-dos-impactos-ambientais-e-aumento-da-pontuacao-leed-atraves-de-melhorias-no-concreto\/#primaryimage\"},\"thumbnailUrl\":\"https:\/\/www.institutodeengenharia.org.br\/site\/wp-content\/uploads\/2022\/05\/MicrosoftTeams-image-63.jpg\",\"keywords\":[\"video-home\"],\"articleSection\":[\"Nova TV Engenharia\",\"Palestra\"],\"inLanguage\":\"pt-BR\",\"potentialAction\":[{\"@type\":\"CommentAction\",\"name\":\"Comment\",\"target\":[\"https:\/\/www.institutodeengenharia.org.br\/site\/2022\/05\/10\/reducao-dos-impactos-ambientais-e-aumento-da-pontuacao-leed-atraves-de-melhorias-no-concreto\/#respond\"]}]},{\"@type\":\"WebPage\",\"@id\":\"https:\/\/www.institutodeengenharia.org.br\/site\/2022\/05\/10\/reducao-dos-impactos-ambientais-e-aumento-da-pontuacao-leed-atraves-de-melhorias-no-concreto\/\",\"url\":\"https:\/\/www.institutodeengenharia.org.br\/site\/2022\/05\/10\/reducao-dos-impactos-ambientais-e-aumento-da-pontuacao-leed-atraves-de-melhorias-no-concreto\/\",\"name\":\"Redu\u00e7\u00e3o dos impactos ambientais e aumento da pontua\u00e7\u00e3o LEED atrav\u00e9s de melhorias no concreto - Instituto de Engenharia\",\"isPartOf\":{\"@id\":\"https:\/\/www.institutodeengenharia.org.br\/site\/#website\"},\"primaryImageOfPage\":{\"@id\":\"https:\/\/www.institutodeengenharia.org.br\/site\/2022\/05\/10\/reducao-dos-impactos-ambientais-e-aumento-da-pontuacao-leed-atraves-de-melhorias-no-concreto\/#primaryimage\"},\"image\":{\"@id\":\"https:\/\/www.institutodeengenharia.org.br\/site\/2022\/05\/10\/reducao-dos-impactos-ambientais-e-aumento-da-pontuacao-leed-atraves-de-melhorias-no-concreto\/#primaryimage\"},\"thumbnailUrl\":\"https:\/\/www.institutodeengenharia.org.br\/site\/wp-content\/uploads\/2022\/05\/MicrosoftTeams-image-63.jpg\",\"datePublished\":\"2022-05-10T16:54:55+00:00\",\"dateModified\":\"2022-05-10T17:18:08+00:00\",\"breadcrumb\":{\"@id\":\"https:\/\/www.institutodeengenharia.org.br\/site\/2022\/05\/10\/reducao-dos-impactos-ambientais-e-aumento-da-pontuacao-leed-atraves-de-melhorias-no-concreto\/#breadcrumb\"},\"inLanguage\":\"pt-BR\",\"potentialAction\":[{\"@type\":\"ReadAction\",\"target\":[\"https:\/\/www.institutodeengenharia.org.br\/site\/2022\/05\/10\/reducao-dos-impactos-ambientais-e-aumento-da-pontuacao-leed-atraves-de-melhorias-no-concreto\/\"]}]},{\"@type\":\"ImageObject\",\"inLanguage\":\"pt-BR\",\"@id\":\"https:\/\/www.institutodeengenharia.org.br\/site\/2022\/05\/10\/reducao-dos-impactos-ambientais-e-aumento-da-pontuacao-leed-atraves-de-melhorias-no-concreto\/#primaryimage\",\"url\":\"https:\/\/www.institutodeengenharia.org.br\/site\/wp-content\/uploads\/2022\/05\/MicrosoftTeams-image-63.jpg\",\"contentUrl\":\"https:\/\/www.institutodeengenharia.org.br\/site\/wp-content\/uploads\/2022\/05\/MicrosoftTeams-image-63.jpg\",\"width\":1000,\"height\":563},{\"@type\":\"BreadcrumbList\",\"@id\":\"https:\/\/www.institutodeengenharia.org.br\/site\/2022\/05\/10\/reducao-dos-impactos-ambientais-e-aumento-da-pontuacao-leed-atraves-de-melhorias-no-concreto\/#breadcrumb\",\"itemListElement\":[{\"@type\":\"ListItem\",\"position\":1,\"name\":\"In\u00edcio\",\"item\":\"https:\/\/www.institutodeengenharia.org.br\/site\/\"},{\"@type\":\"ListItem\",\"position\":2,\"name\":\"Redu\u00e7\u00e3o dos impactos ambientais e aumento da pontua\u00e7\u00e3o LEED atrav\u00e9s de melhorias no concreto\"}]},{\"@type\":\"WebSite\",\"@id\":\"https:\/\/www.institutodeengenharia.org.br\/site\/#website\",\"url\":\"https:\/\/www.institutodeengenharia.org.br\/site\/\",\"name\":\"Instituto de Engenharia\",\"description\":\"O Instituto de Engenharia promove a Engenharia em benef\u00edcio do desenvolvimento e da qualidade de vida da sociedade.\",\"publisher\":{\"@id\":\"https:\/\/www.institutodeengenharia.org.br\/site\/#organization\"},\"potentialAction\":[{\"@type\":\"SearchAction\",\"target\":{\"@type\":\"EntryPoint\",\"urlTemplate\":\"https:\/\/www.institutodeengenharia.org.br\/site\/?s={search_term_string}\"},\"query-input\":{\"@type\":\"PropertyValueSpecification\",\"valueRequired\":true,\"valueName\":\"search_term_string\"}}],\"inLanguage\":\"pt-BR\"},{\"@type\":\"Organization\",\"@id\":\"https:\/\/www.institutodeengenharia.org.br\/site\/#organization\",\"name\":\"Instituto de Engenharia\",\"url\":\"https:\/\/www.institutodeengenharia.org.br\/site\/\",\"logo\":{\"@type\":\"ImageObject\",\"inLanguage\":\"pt-BR\",\"@id\":\"https:\/\/www.institutodeengenharia.org.br\/site\/#\/schema\/logo\/image\/\",\"url\":\"https:\/\/www.institutodeengenharia.org.br\/site\/wp-content\/uploads\/2019\/03\/logo-novo-IE2018-1.jpg\",\"contentUrl\":\"https:\/\/www.institutodeengenharia.org.br\/site\/wp-content\/uploads\/2019\/03\/logo-novo-IE2018-1.jpg\",\"width\":1486,\"height\":1879,\"caption\":\"Instituto de Engenharia\"},\"image\":{\"@id\":\"https:\/\/www.institutodeengenharia.org.br\/site\/#\/schema\/logo\/image\/\"},\"sameAs\":[\"https:\/\/www.facebook.com\/institutodeengenharia\",\"https:\/\/x.com\/iengenharia\",\"https:\/\/www.instagram.com\/institutodeengenharia\/\",\"https:\/\/www.linkedin.com\/company\/instituto-de-engenharia\/\",\"https:\/\/www.youtube.com\/channel\/UCXiCAlsSMe977vamW915HxA\"]},{\"@type\":\"Person\",\"@id\":\"https:\/\/www.institutodeengenharia.org.br\/site\/#\/schema\/person\/d1764429c217aaa88954818c8f9a3036\",\"name\":\"Isabel\",\"image\":{\"@type\":\"ImageObject\",\"inLanguage\":\"pt-BR\",\"@id\":\"https:\/\/secure.gravatar.com\/avatar\/a91d60506c31a7cb05e69a21529f91908e538db3b21f58bfda4039be740fcb71?s=96&d=mm&r=g\",\"url\":\"https:\/\/secure.gravatar.com\/avatar\/a91d60506c31a7cb05e69a21529f91908e538db3b21f58bfda4039be740fcb71?s=96&d=mm&r=g\",\"contentUrl\":\"https:\/\/secure.gravatar.com\/avatar\/a91d60506c31a7cb05e69a21529f91908e538db3b21f58bfda4039be740fcb71?s=96&d=mm&r=g\",\"caption\":\"Isabel\"},\"url\":\"https:\/\/www.institutodeengenharia.org.br\/site\/author\/isabel\/\"}]}<\/script>\n<!-- \/ Yoast SEO plugin. -->","yoast_head_json":{"title":"Redu\u00e7\u00e3o dos impactos ambientais e aumento da pontua\u00e7\u00e3o LEED atrav\u00e9s de melhorias no concreto - Instituto de Engenharia","robots":{"index":"index","follow":"follow","max-snippet":"max-snippet:-1","max-image-preview":"max-image-preview:large","max-video-preview":"max-video-preview:-1"},"canonical":"https:\/\/www.institutodeengenharia.org.br\/site\/2022\/05\/10\/reducao-dos-impactos-ambientais-e-aumento-da-pontuacao-leed-atraves-de-melhorias-no-concreto\/","og_locale":"pt_BR","og_type":"article","og_title":"Redu\u00e7\u00e3o dos impactos ambientais e aumento da pontua\u00e7\u00e3o LEED atrav\u00e9s de melhorias no concreto - Instituto de Engenharia","og_description":"Abordagem: Mostrar como algumas altera\u00e7\u00f5es na dosagem do concreto podem contribuir para a redu\u00e7\u00e3o dos impactos ambientais, al\u00e9m de mitigar manifesta\u00e7\u00f5es patol\u00f3gicas nas estruturas de concreto e contribuir para a redu\u00e7\u00e3o do custo da obra. P\u00fablico-alvo: Estudantes de engenharia e engenheiros. Palestrantes: Grazielle Vicente \u2013\u00a0Engenheira Civil na DESEK LTDA Engenheira Civil (Universidade Presbiteriana Mackenzie, 2010), [&hellip;]","og_url":"https:\/\/www.institutodeengenharia.org.br\/site\/2022\/05\/10\/reducao-dos-impactos-ambientais-e-aumento-da-pontuacao-leed-atraves-de-melhorias-no-concreto\/","og_site_name":"Instituto de Engenharia","article_publisher":"https:\/\/www.facebook.com\/institutodeengenharia","article_published_time":"2022-05-10T16:54:55+00:00","article_modified_time":"2022-05-10T17:18:08+00:00","og_image":[{"width":1000,"height":563,"url":"https:\/\/www.institutodeengenharia.org.br\/site\/wp-content\/uploads\/2022\/05\/MicrosoftTeams-image-63.jpg","type":"image\/jpeg"}],"author":"Isabel","twitter_card":"summary_large_image","twitter_creator":"@iengenharia","twitter_site":"@iengenharia","twitter_misc":{"Escrito por":"Isabel","Est. tempo de leitura":"3 minutos"},"schema":{"@context":"https:\/\/schema.org","@graph":[{"@type":"Article","@id":"https:\/\/www.institutodeengenharia.org.br\/site\/2022\/05\/10\/reducao-dos-impactos-ambientais-e-aumento-da-pontuacao-leed-atraves-de-melhorias-no-concreto\/#article","isPartOf":{"@id":"https:\/\/www.institutodeengenharia.org.br\/site\/2022\/05\/10\/reducao-dos-impactos-ambientais-e-aumento-da-pontuacao-leed-atraves-de-melhorias-no-concreto\/"},"author":{"name":"Isabel","@id":"https:\/\/www.institutodeengenharia.org.br\/site\/#\/schema\/person\/d1764429c217aaa88954818c8f9a3036"},"headline":"Redu\u00e7\u00e3o dos impactos ambientais e aumento da pontua\u00e7\u00e3o LEED atrav\u00e9s de melhorias no concreto","datePublished":"2022-05-10T16:54:55+00:00","dateModified":"2022-05-10T17:18:08+00:00","mainEntityOfPage":{"@id":"https:\/\/www.institutodeengenharia.org.br\/site\/2022\/05\/10\/reducao-dos-impactos-ambientais-e-aumento-da-pontuacao-leed-atraves-de-melhorias-no-concreto\/"},"wordCount":356,"commentCount":0,"publisher":{"@id":"https:\/\/www.institutodeengenharia.org.br\/site\/#organization"},"image":{"@id":"https:\/\/www.institutodeengenharia.org.br\/site\/2022\/05\/10\/reducao-dos-impactos-ambientais-e-aumento-da-pontuacao-leed-atraves-de-melhorias-no-concreto\/#primaryimage"},"thumbnailUrl":"https:\/\/www.institutodeengenharia.org.br\/site\/wp-content\/uploads\/2022\/05\/MicrosoftTeams-image-63.jpg","keywords":["video-home"],"articleSection":["Nova TV Engenharia","Palestra"],"inLanguage":"pt-BR","potentialAction":[{"@type":"CommentAction","name":"Comment","target":["https:\/\/www.institutodeengenharia.org.br\/site\/2022\/05\/10\/reducao-dos-impactos-ambientais-e-aumento-da-pontuacao-leed-atraves-de-melhorias-no-concreto\/#respond"]}]},{"@type":"WebPage","@id":"https:\/\/www.institutodeengenharia.org.br\/site\/2022\/05\/10\/reducao-dos-impactos-ambientais-e-aumento-da-pontuacao-leed-atraves-de-melhorias-no-concreto\/","url":"https:\/\/www.institutodeengenharia.org.br\/site\/2022\/05\/10\/reducao-dos-impactos-ambientais-e-aumento-da-pontuacao-leed-atraves-de-melhorias-no-concreto\/","name":"Redu\u00e7\u00e3o dos impactos ambientais e aumento da pontua\u00e7\u00e3o LEED atrav\u00e9s de melhorias no concreto - Instituto de Engenharia","isPartOf":{"@id":"https:\/\/www.institutodeengenharia.org.br\/site\/#website"},"primaryImageOfPage":{"@id":"https:\/\/www.institutodeengenharia.org.br\/site\/2022\/05\/10\/reducao-dos-impactos-ambientais-e-aumento-da-pontuacao-leed-atraves-de-melhorias-no-concreto\/#primaryimage"},"image":{"@id":"https:\/\/www.institutodeengenharia.org.br\/site\/2022\/05\/10\/reducao-dos-impactos-ambientais-e-aumento-da-pontuacao-leed-atraves-de-melhorias-no-concreto\/#primaryimage"},"thumbnailUrl":"https:\/\/www.institutodeengenharia.org.br\/site\/wp-content\/uploads\/2022\/05\/MicrosoftTeams-image-63.jpg","datePublished":"2022-05-10T16:54:55+00:00","dateModified":"2022-05-10T17:18:08+00:00","breadcrumb":{"@id":"https:\/\/www.institutodeengenharia.org.br\/site\/2022\/05\/10\/reducao-dos-impactos-ambientais-e-aumento-da-pontuacao-leed-atraves-de-melhorias-no-concreto\/#breadcrumb"},"inLanguage":"pt-BR","potentialAction":[{"@type":"ReadAction","target":["https:\/\/www.institutodeengenharia.org.br\/site\/2022\/05\/10\/reducao-dos-impactos-ambientais-e-aumento-da-pontuacao-leed-atraves-de-melhorias-no-concreto\/"]}]},{"@type":"ImageObject","inLanguage":"pt-BR","@id":"https:\/\/www.institutodeengenharia.org.br\/site\/2022\/05\/10\/reducao-dos-impactos-ambientais-e-aumento-da-pontuacao-leed-atraves-de-melhorias-no-concreto\/#primaryimage","url":"https:\/\/www.institutodeengenharia.org.br\/site\/wp-content\/uploads\/2022\/05\/MicrosoftTeams-image-63.jpg","contentUrl":"https:\/\/www.institutodeengenharia.org.br\/site\/wp-content\/uploads\/2022\/05\/MicrosoftTeams-image-63.jpg","width":1000,"height":563},{"@type":"BreadcrumbList","@id":"https:\/\/www.institutodeengenharia.org.br\/site\/2022\/05\/10\/reducao-dos-impactos-ambientais-e-aumento-da-pontuacao-leed-atraves-de-melhorias-no-concreto\/#breadcrumb","itemListElement":[{"@type":"ListItem","position":1,"name":"In\u00edcio","item":"https:\/\/www.institutodeengenharia.org.br\/site\/"},{"@type":"ListItem","position":2,"name":"Redu\u00e7\u00e3o dos impactos ambientais e aumento da pontua\u00e7\u00e3o LEED atrav\u00e9s de melhorias no concreto"}]},{"@type":"WebSite","@id":"https:\/\/www.institutodeengenharia.org.br\/site\/#website","url":"https:\/\/www.institutodeengenharia.org.br\/site\/","name":"Instituto de Engenharia","description":"O Instituto de Engenharia promove a Engenharia em benef\u00edcio do desenvolvimento e da qualidade de vida da sociedade.","publisher":{"@id":"https:\/\/www.institutodeengenharia.org.br\/site\/#organization"},"potentialAction":[{"@type":"SearchAction","target":{"@type":"EntryPoint","urlTemplate":"https:\/\/www.institutodeengenharia.org.br\/site\/?s={search_term_string}"},"query-input":{"@type":"PropertyValueSpecification","valueRequired":true,"valueName":"search_term_string"}}],"inLanguage":"pt-BR"},{"@type":"Organization","@id":"https:\/\/www.institutodeengenharia.org.br\/site\/#organization","name":"Instituto de Engenharia","url":"https:\/\/www.institutodeengenharia.org.br\/site\/","logo":{"@type":"ImageObject","inLanguage":"pt-BR","@id":"https:\/\/www.institutodeengenharia.org.br\/site\/#\/schema\/logo\/image\/","url":"https:\/\/www.institutodeengenharia.org.br\/site\/wp-content\/uploads\/2019\/03\/logo-novo-IE2018-1.jpg","contentUrl":"https:\/\/www.institutodeengenharia.org.br\/site\/wp-content\/uploads\/2019\/03\/logo-novo-IE2018-1.jpg","width":1486,"height":1879,"caption":"Instituto de Engenharia"},"image":{"@id":"https:\/\/www.institutodeengenharia.org.br\/site\/#\/schema\/logo\/image\/"},"sameAs":["https:\/\/www.facebook.com\/institutodeengenharia","https:\/\/x.com\/iengenharia","https:\/\/www.instagram.com\/institutodeengenharia\/","https:\/\/www.linkedin.com\/company\/instituto-de-engenharia\/","https:\/\/www.youtube.com\/channel\/UCXiCAlsSMe977vamW915HxA"]},{"@type":"Person","@id":"https:\/\/www.institutodeengenharia.org.br\/site\/#\/schema\/person\/d1764429c217aaa88954818c8f9a3036","name":"Isabel","image":{"@type":"ImageObject","inLanguage":"pt-BR","@id":"https:\/\/secure.gravatar.com\/avatar\/a91d60506c31a7cb05e69a21529f91908e538db3b21f58bfda4039be740fcb71?s=96&d=mm&r=g","url":"https:\/\/secure.gravatar.com\/avatar\/a91d60506c31a7cb05e69a21529f91908e538db3b21f58bfda4039be740fcb71?s=96&d=mm&r=g","contentUrl":"https:\/\/secure.gravatar.com\/avatar\/a91d60506c31a7cb05e69a21529f91908e538db3b21f58bfda4039be740fcb71?s=96&d=mm&r=g","caption":"Isabel"},"url":"https:\/\/www.institutodeengenharia.org.br\/site\/author\/isabel\/"}]}},"_links":{"self":[{"href":"https:\/\/www.institutodeengenharia.org.br\/site\/wp-json\/wp\/v2\/posts\/92750","targetHints":{"allow":["GET"]}}],"collection":[{"href":"https:\/\/www.institutodeengenharia.org.br\/site\/wp-json\/wp\/v2\/posts"}],"about":[{"href":"https:\/\/www.institutodeengenharia.org.br\/site\/wp-json\/wp\/v2\/types\/post"}],"author":[{"embeddable":true,"href":"https:\/\/www.institutodeengenharia.org.br\/site\/wp-json\/wp\/v2\/users\/2"}],"replies":[{"embeddable":true,"href":"https:\/\/www.institutodeengenharia.org.br\/site\/wp-json\/wp\/v2\/comments?post=92750"}],"version-history":[{"count":4,"href":"https:\/\/www.institutodeengenharia.org.br\/site\/wp-json\/wp\/v2\/posts\/92750\/revisions"}],"predecessor-version":[{"id":92762,"href":"https:\/\/www.institutodeengenharia.org.br\/site\/wp-json\/wp\/v2\/posts\/92750\/revisions\/92762"}],"wp:featuredmedia":[{"embeddable":true,"href":"https:\/\/www.institutodeengenharia.org.br\/site\/wp-json\/wp\/v2\/media\/92393"}],"wp:attachment":[{"href":"https:\/\/www.institutodeengenharia.org.br\/site\/wp-json\/wp\/v2\/media?parent=92750"}],"wp:term":[{"taxonomy":"category","embeddable":true,"href":"https:\/\/www.institutodeengenharia.org.br\/site\/wp-json\/wp\/v2\/categories?post=92750"},{"taxonomy":"post_tag","embeddable":true,"href":"https:\/\/www.institutodeengenharia.org.br\/site\/wp-json\/wp\/v2\/tags?post=92750"}],"curies":[{"name":"wp","href":"https:\/\/api.w.org\/{rel}","templated":true}]}}