{"id":92275,"date":"2022-04-29T15:30:17","date_gmt":"2022-04-29T18:30:17","guid":{"rendered":"https:\/\/www.institutodeengenharia.org.br\/site\/?p=92275"},"modified":"2022-06-03T15:00:45","modified_gmt":"2022-06-03T18:00:45","slug":"nr-32-seguranca-e-saude-no-trabalho-nos-servicos-de-saude","status":"publish","type":"post","link":"https:\/\/www.institutodeengenharia.org.br\/site\/2022\/04\/29\/nr-32-seguranca-e-saude-no-trabalho-nos-servicos-de-saude\/","title":{"rendered":"NR-32 \u2013 Seguran\u00e7a e sa\u00fade no trabalho nos servi\u00e7os de sa\u00fade"},"content":{"rendered":"<div style=\"padding: 56.25% 0 0 0; position: relative;\"><iframe style=\"position: absolute; top: 0; left: 0; width: 100%; height: 100%;\" title=\"NR-32 - Seguran&amp;ccedil;a e Sa&amp;uacute;de no Trabalho nos Servi&amp;ccedil;os de Sa&amp;uacute;de\" src=\"https:\/\/player.vimeo.com\/video\/716559936?h=e53666f153&amp;badge=0&amp;autopause=0&amp;player_id=0&amp;app_id=58479\" frameborder=\"0\" allowfullscreen=\"allowfullscreen\"><\/iframe><\/div>\n<p><script src=\"https:\/\/player.vimeo.com\/api\/player.js\"><\/script><\/p>\n<p><strong>+ Informa\u00e7\u00f5es:<\/strong><\/p>\n<ol>\n<li>Res\u00edduos dos Servi\u00e7os de Sa\u00fade \u2013 RSS;<\/li>\n<li>Riscos Ocupacionais \u2013 Biol\u00f3gicos;<\/li>\n<li>Plano de Gerenciamento de Res\u00edduos S\u00f3lidos de Sa\u00fade;<\/li>\n<li>NR-32 \u2013 Seguran\u00e7a e Sa\u00fade no trabalho nos servi\u00e7os de sa\u00fade.<\/li>\n<\/ol>\n<p><strong>P\u00fablico-alvo:<\/strong><\/p>\n<p>Profissionais da SST (Seguran\u00e7a e Sa\u00fade Trabalho), engenheiros, t\u00e9cnicos, enfermeiros e m\u00e9dicos.<\/p>\n<p><strong>Moderador:<\/strong><\/p>\n<p><img loading=\"lazy\" decoding=\"async\" class=\"alignnone wp-image-91464 td-animation-stack-type0-2\" src=\"https:\/\/www.institutodeengenharia.org.br\/site\/wp-content\/uploads\/2022\/03\/joaocarlospires.jpg\" alt=\"\" width=\"153\" height=\"162\" srcset=\"https:\/\/www.institutodeengenharia.org.br\/site\/wp-content\/uploads\/2022\/03\/joaocarlospires.jpg 364w, https:\/\/www.institutodeengenharia.org.br\/site\/wp-content\/uploads\/2022\/03\/joaocarlospires-284x300.jpg 284w\" sizes=\"auto, (max-width: 153px) 100vw, 153px\" \/><\/p>\n<p><strong>Jo\u00e3o Carlos Pires Campos \u2013\u00a0<\/strong>Engenheiro de Seguran\u00e7a do Trabalho na Ger\u00eancia de Infraestrutura e Suprimentos \u2013 GIS \u2013 Servi\u00e7o Nacional de Aprendizagem Industrial \u2013 SENAI-SP<\/p>\n<p>Atuando na implementa\u00e7\u00e3o da NR-12 Seguran\u00e7a em atividades com m\u00e1quinas e equipamentos, contribuindo na constru\u00e7\u00e3o de propostas setoriais, incluindo a revis\u00e3o dos anexos da NR-12 e outros setores industriais.<\/p>\n<p>Colaborando na ABNT nas Comiss\u00f5es de Estudo de Seguran\u00e7a de m\u00e1quinas em geral e m\u00e1quinas-ferramentas das \u00e1reas da metalmec\u00e2nica e da madeira.<\/p>\n<p>Trabalhando com fornecedores de m\u00e1quinas, simuladores e equipamentos de prote\u00e7\u00e3o coletiva e individual, para melhoria dos ambientes educacionais de ensino profissionalizante e no desenvolvimento de treinamentos relacionados \u00e0 Seguran\u00e7a e Sa\u00fade no Trabalho, principalmente com rela\u00e7\u00e3o a preven\u00e7\u00e3o de quedas, mas envolvendo as NR-06, NR-10, NR-11, NR-12, NR-18, NR-23, NR-26, NR-31, NR-33, NR-34, NR-35 e NR-36.<\/p>\n<p><strong>Palestrantes:<\/strong><\/p>\n<p><img loading=\"lazy\" decoding=\"async\" class=\"alignnone wp-image-91465 td-animation-stack-type0-2\" src=\"https:\/\/www.institutodeengenharia.org.br\/site\/wp-content\/uploads\/2022\/03\/jefferson.jpg\" alt=\"\" width=\"146\" height=\"139\" srcset=\"https:\/\/www.institutodeengenharia.org.br\/site\/wp-content\/uploads\/2022\/03\/jefferson.jpg 629w, https:\/\/www.institutodeengenharia.org.br\/site\/wp-content\/uploads\/2022\/03\/jefferson-437x420.jpg 437w, https:\/\/www.institutodeengenharia.org.br\/site\/wp-content\/uploads\/2022\/03\/jefferson-600x577.jpg 600w\" sizes=\"auto, (max-width: 146px) 100vw, 146px\" \/><\/p>\n<p><strong>Jefferson D. Teixeira da Costa \u2013\u00a0<\/strong>Coordenador da Divis\u00e3o T\u00e9cnica de Seguran\u00e7a do Trabalho<\/p>\n<ul>\n<li>Engenheiro Civil, 41 anos de experi\u00eancia na \u00e1rea da constru\u00e7\u00e3o civil em empresas de diferentes portes;<\/li>\n<li>Engenheiro de Seguran\u00e7a do Trabalho, 28 anos de experi\u00eancia, com viv\u00eancia na \u00e1rea de constru\u00e7\u00e3o civil, hospitalar e de institui\u00e7\u00e3o financeira.<\/li>\n<li>UNIVERSIDADE S\u00c3O JUDAS TADEU \u2013Lecionou durante 10 anos para todas turmas de gradua\u00e7\u00e3o de Engenharia na disciplina Seguran\u00e7a do Trabalho<\/li>\n<li>UNIP \u2013 Universidade Paulista- (desde 2004) \u2013 Docente para turmas de p\u00f3s-gradua\u00e7\u00e3o de Engenharia de Seguran\u00e7a do Trabalho- Higiene do Trabalho \u00eanfase NR-32.<\/li>\n<li>IAMSPE \u2013 Instituto de Assist. M\u00e9dica do Servidor P\u00fablico Estadual- Engenheiro de Seg. do Trabalho durante 9 anos e mais outros diversos Hospitais Privados.<\/li>\n<li>CNEC- Cons\u00f3rcio Nacional de Engenheiros Consultores \u2013 Contrato do CDH, para a obra: INCOR \u2013 INSTITUTO DO CORA\u00c7\u00c3O (65.000,00m\u00b2) \u2013 Engenheiro Civil \u2013 Gerenciamento de Obras P\u00fablicas e + obras como: Hipermercado, Industria, Escolas.<\/li>\n<li>Coordenador da Divis\u00e3o T\u00e9cnica de Seguran\u00e7a no Trabalho do I.E.;<\/li>\n<li>Gerente T\u00e9cnico da Foco Engenharia de Avalia\u00e7\u00e3o e Pericias Ltda.<\/li>\n<\/ul>\n<p><img loading=\"lazy\" decoding=\"async\" class=\"alignnone wp-image-91466 td-animation-stack-type0-2\" src=\"https:\/\/www.institutodeengenharia.org.br\/site\/wp-content\/uploads\/2022\/03\/sidney.jpg\" alt=\"\" width=\"161\" height=\"245\" srcset=\"https:\/\/www.institutodeengenharia.org.br\/site\/wp-content\/uploads\/2022\/03\/sidney.jpg 397w, https:\/\/www.institutodeengenharia.org.br\/site\/wp-content\/uploads\/2022\/03\/sidney-196x300.jpg 196w, https:\/\/www.institutodeengenharia.org.br\/site\/wp-content\/uploads\/2022\/03\/sidney-275x420.jpg 275w\" sizes=\"auto, (max-width: 161px) 100vw, 161px\" \/><\/p>\n<p><strong>Sidney Esteves Peinado \u2013\u00a0<\/strong>Diretor T\u00e9cnico da Fast Solution Automa\u00e7\u00e3o e Seguran\u00e7a Ltda<\/p>\n<ul>\n<li>Forma\u00e7\u00e3o em engenharia El\u00e9trica, Automa\u00e7\u00e3o e Seguran\u00e7a do Trabalho;<\/li>\n<li>42 anos de experi\u00eancia;<\/li>\n<li>P\u00f3s-Graduado em SST na OIT \u2013 Organiza\u00e7\u00e3o Internacional do Trabalho em Turin (2012);<\/li>\n<li>Mestrado de Gest\u00e3o Integrada: Meio Ambiente, Qualidade e Seguran\u00e7a na Espanha (2021);<\/li>\n<li>Auditor formado pela EXIDA \u2013 USA (1994);<\/li>\n<li>Diretor T\u00e9cnico da Fast Solution Automa\u00e7\u00e3o e Seguran\u00e7a Ltda. Solu\u00e7\u00f5es Integradas.<\/li>\n<\/ul>\n<p><strong>Realiza\u00e7\u00e3o:<\/strong><\/p>\n<p><strong>Eng. Ivan Metran Whately<\/strong>\u00a0\u2013 Vice-Presidente de Atividades T\u00e9cnicas<\/p>\n<p><strong>Eng.\u00aa D\u00e9bora Sanches de A. Marinello<\/strong>\u00a0\u2013 Diretora do Departamento de Desenvolvimento de Gest\u00e3o e Objetivos<\/p>\n<p><strong>Eng. Jefferson D. Teixeira da Costa<\/strong>\u00a0\u2013 Coordenador da Divis\u00e3o T\u00e9cnica de Seguran\u00e7a no Trabalho<\/p>\n<p><strong>Eng. Theophilo Darcio Guimar\u00e3es<\/strong>\u00a0\u2013 Vice- Coordenador da Divis\u00e3o T\u00e9cnica de Seguran\u00e7a no Trabalho<\/p>\n<p><strong>Apoio Institucional:<\/strong><\/p>\n<p><img loading=\"lazy\" decoding=\"async\" class=\"alignnone wp-image-77696 td-animation-stack-type0-2\" src=\"https:\/\/www.institutodeengenharia.org.br\/site\/wp-content\/uploads\/2021\/02\/crea-300x211.jpg\" alt=\"\" width=\"151\" height=\"106\" srcset=\"https:\/\/www.institutodeengenharia.org.br\/site\/wp-content\/uploads\/2021\/02\/crea-300x211.jpg 300w, https:\/\/www.institutodeengenharia.org.br\/site\/wp-content\/uploads\/2021\/02\/crea-100x70.jpg 100w, https:\/\/www.institutodeengenharia.org.br\/site\/wp-content\/uploads\/2021\/02\/crea.jpg 448w\" sizes=\"auto, (max-width: 151px) 100vw, 151px\" \/><\/p>\n<p><strong>Apoio \u00e0 forma\u00e7\u00e3o:\u00a0<\/strong><\/p>\n<p>Espa\u00e7o aberto ao CREA-SP, objetivando o aperfei\u00e7oamento dos profissionais e o aprimoramento da fiscaliza\u00e7\u00e3o das \u00e1reas abrangidas pelo Sistema Confea\/CREAs, al\u00e9m de promover a conscientiza\u00e7\u00e3o da sociedade quanto \u00e0 necessidade e obrigatoriedade de contratar um profissional devidamente habilitado.<\/p>\n","protected":false},"excerpt":{"rendered":"<p>+ Informa\u00e7\u00f5es: Res\u00edduos dos Servi\u00e7os de Sa\u00fade \u2013 RSS; Riscos Ocupacionais \u2013 Biol\u00f3gicos; Plano de Gerenciamento de Res\u00edduos S\u00f3lidos de Sa\u00fade; NR-32 \u2013 Seguran\u00e7a e Sa\u00fade no trabalho nos servi\u00e7os de sa\u00fade. P\u00fablico-alvo: Profissionais da SST (Seguran\u00e7a e Sa\u00fade Trabalho), engenheiros, t\u00e9cnicos, enfermeiros e m\u00e9dicos. Moderador: Jo\u00e3o Carlos Pires Campos \u2013\u00a0Engenheiro de Seguran\u00e7a do Trabalho [&hellip;]<\/p>\n","protected":false},"author":13,"featured_media":91902,"comment_status":"open","ping_status":"open","sticky":false,"template":"","format":"standard","meta":{"footnotes":""},"categories":[968,969],"tags":[1176],"class_list":{"0":"post-92275","1":"post","2":"type-post","3":"status-publish","4":"format-standard","5":"has-post-thumbnail","7":"category-nova-tv-engenharia","8":"category-palestra","9":"tag-video-home"},"yoast_head":"<!-- This site is optimized with the Yoast SEO plugin v27.2 - https:\/\/yoast.com\/product\/yoast-seo-wordpress\/ -->\n<title>NR-32 \u2013 Seguran\u00e7a e sa\u00fade no trabalho nos servi\u00e7os de sa\u00fade - Instituto de Engenharia<\/title>\n<meta name=\"robots\" content=\"index, follow, max-snippet:-1, max-image-preview:large, max-video-preview:-1\" \/>\n<link rel=\"canonical\" href=\"https:\/\/www.institutodeengenharia.org.br\/site\/2022\/04\/29\/nr-32-seguranca-e-saude-no-trabalho-nos-servicos-de-saude\/\" \/>\n<meta property=\"og:locale\" content=\"pt_BR\" \/>\n<meta property=\"og:type\" content=\"article\" \/>\n<meta property=\"og:title\" content=\"NR-32 \u2013 Seguran\u00e7a e sa\u00fade no trabalho nos servi\u00e7os de sa\u00fadeNR-32 \u2013 Seguran\u00e7a e sa\u00fade no trabalho nos servi\u00e7os de sa\u00fade\" \/>\n<meta property=\"og:description\" content=\"Assista \u00e0 grava\u00e7\u00e3o do evento\" \/>\n<meta property=\"og:url\" content=\"https:\/\/www.institutodeengenharia.org.br\/site\/2022\/04\/29\/nr-32-seguranca-e-saude-no-trabalho-nos-servicos-de-saude\/\" \/>\n<meta property=\"og:site_name\" content=\"Instituto de Engenharia\" \/>\n<meta property=\"article:publisher\" content=\"https:\/\/www.facebook.com\/institutodeengenharia\" \/>\n<meta property=\"article:published_time\" content=\"2022-04-29T18:30:17+00:00\" \/>\n<meta property=\"article:modified_time\" content=\"2022-06-03T18:00:45+00:00\" \/>\n<meta property=\"og:image\" content=\"https:\/\/www.institutodeengenharia.org.br\/site\/wp-content\/uploads\/2022\/04\/Design-sem-nome-12.jpg\" \/>\n\t<meta property=\"og:image:width\" content=\"1920\" \/>\n\t<meta property=\"og:image:height\" content=\"891\" \/>\n\t<meta property=\"og:image:type\" content=\"image\/jpeg\" \/>\n<meta name=\"author\" content=\"Bianca\" \/>\n<meta name=\"twitter:card\" content=\"summary_large_image\" \/>\n<meta name=\"twitter:title\" content=\"NR-32 \u2013 Seguran\u00e7a e sa\u00fade no trabalho nos servi\u00e7os de sa\u00fade\" \/>\n<meta name=\"twitter:description\" content=\"Assista \u00e0 grava\u00e7\u00e3o do evento\" \/>\n<meta name=\"twitter:image\" content=\"https:\/\/www.institutodeengenharia.org.br\/site\/wp-content\/uploads\/2022\/04\/Design-sem-nome-12.jpg\" \/>\n<meta name=\"twitter:creator\" content=\"@iengenharia\" \/>\n<meta name=\"twitter:site\" content=\"@iengenharia\" \/>\n<meta name=\"twitter:label1\" content=\"Escrito por\" \/>\n\t<meta name=\"twitter:data1\" content=\"Bianca\" \/>\n\t<meta name=\"twitter:label2\" content=\"Est. tempo de leitura\" \/>\n\t<meta name=\"twitter:data2\" content=\"4 minutos\" \/>\n<script type=\"application\/ld+json\" class=\"yoast-schema-graph\">{\"@context\":\"https:\/\/schema.org\",\"@graph\":[{\"@type\":\"Article\",\"@id\":\"https:\/\/www.institutodeengenharia.org.br\/site\/2022\/04\/29\/nr-32-seguranca-e-saude-no-trabalho-nos-servicos-de-saude\/#article\",\"isPartOf\":{\"@id\":\"https:\/\/www.institutodeengenharia.org.br\/site\/2022\/04\/29\/nr-32-seguranca-e-saude-no-trabalho-nos-servicos-de-saude\/\"},\"author\":{\"name\":\"Bianca\",\"@id\":\"https:\/\/www.institutodeengenharia.org.br\/site\/#\/schema\/person\/aeb64951c405e100d26d30b033dd423f\"},\"headline\":\"NR-32 \u2013 Seguran\u00e7a e sa\u00fade no trabalho nos servi\u00e7os de sa\u00fade\",\"datePublished\":\"2022-04-29T18:30:17+00:00\",\"dateModified\":\"2022-06-03T18:00:45+00:00\",\"mainEntityOfPage\":{\"@id\":\"https:\/\/www.institutodeengenharia.org.br\/site\/2022\/04\/29\/nr-32-seguranca-e-saude-no-trabalho-nos-servicos-de-saude\/\"},\"wordCount\":595,\"commentCount\":0,\"publisher\":{\"@id\":\"https:\/\/www.institutodeengenharia.org.br\/site\/#organization\"},\"image\":{\"@id\":\"https:\/\/www.institutodeengenharia.org.br\/site\/2022\/04\/29\/nr-32-seguranca-e-saude-no-trabalho-nos-servicos-de-saude\/#primaryimage\"},\"thumbnailUrl\":\"https:\/\/www.institutodeengenharia.org.br\/site\/wp-content\/uploads\/2022\/04\/Design-sem-nome-12.jpg\",\"keywords\":[\"video-home\"],\"articleSection\":[\"Nova TV Engenharia\",\"Palestra\"],\"inLanguage\":\"pt-BR\",\"potentialAction\":[{\"@type\":\"CommentAction\",\"name\":\"Comment\",\"target\":[\"https:\/\/www.institutodeengenharia.org.br\/site\/2022\/04\/29\/nr-32-seguranca-e-saude-no-trabalho-nos-servicos-de-saude\/#respond\"]}]},{\"@type\":\"WebPage\",\"@id\":\"https:\/\/www.institutodeengenharia.org.br\/site\/2022\/04\/29\/nr-32-seguranca-e-saude-no-trabalho-nos-servicos-de-saude\/\",\"url\":\"https:\/\/www.institutodeengenharia.org.br\/site\/2022\/04\/29\/nr-32-seguranca-e-saude-no-trabalho-nos-servicos-de-saude\/\",\"name\":\"NR-32 \u2013 Seguran\u00e7a e sa\u00fade no trabalho nos servi\u00e7os de sa\u00fade - Instituto de Engenharia\",\"isPartOf\":{\"@id\":\"https:\/\/www.institutodeengenharia.org.br\/site\/#website\"},\"primaryImageOfPage\":{\"@id\":\"https:\/\/www.institutodeengenharia.org.br\/site\/2022\/04\/29\/nr-32-seguranca-e-saude-no-trabalho-nos-servicos-de-saude\/#primaryimage\"},\"image\":{\"@id\":\"https:\/\/www.institutodeengenharia.org.br\/site\/2022\/04\/29\/nr-32-seguranca-e-saude-no-trabalho-nos-servicos-de-saude\/#primaryimage\"},\"thumbnailUrl\":\"https:\/\/www.institutodeengenharia.org.br\/site\/wp-content\/uploads\/2022\/04\/Design-sem-nome-12.jpg\",\"datePublished\":\"2022-04-29T18:30:17+00:00\",\"dateModified\":\"2022-06-03T18:00:45+00:00\",\"breadcrumb\":{\"@id\":\"https:\/\/www.institutodeengenharia.org.br\/site\/2022\/04\/29\/nr-32-seguranca-e-saude-no-trabalho-nos-servicos-de-saude\/#breadcrumb\"},\"inLanguage\":\"pt-BR\",\"potentialAction\":[{\"@type\":\"ReadAction\",\"target\":[\"https:\/\/www.institutodeengenharia.org.br\/site\/2022\/04\/29\/nr-32-seguranca-e-saude-no-trabalho-nos-servicos-de-saude\/\"]}]},{\"@type\":\"ImageObject\",\"inLanguage\":\"pt-BR\",\"@id\":\"https:\/\/www.institutodeengenharia.org.br\/site\/2022\/04\/29\/nr-32-seguranca-e-saude-no-trabalho-nos-servicos-de-saude\/#primaryimage\",\"url\":\"https:\/\/www.institutodeengenharia.org.br\/site\/wp-content\/uploads\/2022\/04\/Design-sem-nome-12.jpg\",\"contentUrl\":\"https:\/\/www.institutodeengenharia.org.br\/site\/wp-content\/uploads\/2022\/04\/Design-sem-nome-12.jpg\",\"width\":1920,\"height\":891},{\"@type\":\"BreadcrumbList\",\"@id\":\"https:\/\/www.institutodeengenharia.org.br\/site\/2022\/04\/29\/nr-32-seguranca-e-saude-no-trabalho-nos-servicos-de-saude\/#breadcrumb\",\"itemListElement\":[{\"@type\":\"ListItem\",\"position\":1,\"name\":\"In\u00edcio\",\"item\":\"https:\/\/www.institutodeengenharia.org.br\/site\/\"},{\"@type\":\"ListItem\",\"position\":2,\"name\":\"NR-32 \u2013 Seguran\u00e7a e sa\u00fade no trabalho nos servi\u00e7os de sa\u00fade\"}]},{\"@type\":\"WebSite\",\"@id\":\"https:\/\/www.institutodeengenharia.org.br\/site\/#website\",\"url\":\"https:\/\/www.institutodeengenharia.org.br\/site\/\",\"name\":\"Instituto de Engenharia\",\"description\":\"O Instituto de Engenharia promove a Engenharia em benef\u00edcio do desenvolvimento e da qualidade de vida da sociedade.\",\"publisher\":{\"@id\":\"https:\/\/www.institutodeengenharia.org.br\/site\/#organization\"},\"potentialAction\":[{\"@type\":\"SearchAction\",\"target\":{\"@type\":\"EntryPoint\",\"urlTemplate\":\"https:\/\/www.institutodeengenharia.org.br\/site\/?s={search_term_string}\"},\"query-input\":{\"@type\":\"PropertyValueSpecification\",\"valueRequired\":true,\"valueName\":\"search_term_string\"}}],\"inLanguage\":\"pt-BR\"},{\"@type\":\"Organization\",\"@id\":\"https:\/\/www.institutodeengenharia.org.br\/site\/#organization\",\"name\":\"Instituto de Engenharia\",\"url\":\"https:\/\/www.institutodeengenharia.org.br\/site\/\",\"logo\":{\"@type\":\"ImageObject\",\"inLanguage\":\"pt-BR\",\"@id\":\"https:\/\/www.institutodeengenharia.org.br\/site\/#\/schema\/logo\/image\/\",\"url\":\"https:\/\/www.institutodeengenharia.org.br\/site\/wp-content\/uploads\/2019\/03\/logo-novo-IE2018-1.jpg\",\"contentUrl\":\"https:\/\/www.institutodeengenharia.org.br\/site\/wp-content\/uploads\/2019\/03\/logo-novo-IE2018-1.jpg\",\"width\":1486,\"height\":1879,\"caption\":\"Instituto de Engenharia\"},\"image\":{\"@id\":\"https:\/\/www.institutodeengenharia.org.br\/site\/#\/schema\/logo\/image\/\"},\"sameAs\":[\"https:\/\/www.facebook.com\/institutodeengenharia\",\"https:\/\/x.com\/iengenharia\",\"https:\/\/www.instagram.com\/institutodeengenharia\/\",\"https:\/\/www.linkedin.com\/company\/instituto-de-engenharia\/\",\"https:\/\/www.youtube.com\/channel\/UCXiCAlsSMe977vamW915HxA\"]},{\"@type\":\"Person\",\"@id\":\"https:\/\/www.institutodeengenharia.org.br\/site\/#\/schema\/person\/aeb64951c405e100d26d30b033dd423f\",\"name\":\"Bianca\",\"image\":{\"@type\":\"ImageObject\",\"inLanguage\":\"pt-BR\",\"@id\":\"https:\/\/secure.gravatar.com\/avatar\/a6fbe9bff57405baf4c1e2c5c1811e072b558253974a9f9508f4678900c97c2a?s=96&d=mm&r=g\",\"url\":\"https:\/\/secure.gravatar.com\/avatar\/a6fbe9bff57405baf4c1e2c5c1811e072b558253974a9f9508f4678900c97c2a?s=96&d=mm&r=g\",\"contentUrl\":\"https:\/\/secure.gravatar.com\/avatar\/a6fbe9bff57405baf4c1e2c5c1811e072b558253974a9f9508f4678900c97c2a?s=96&d=mm&r=g\",\"caption\":\"Bianca\"},\"url\":\"https:\/\/www.institutodeengenharia.org.br\/site\/author\/comunicacao1\/\"}]}<\/script>\n<!-- \/ Yoast SEO plugin. -->","yoast_head_json":{"title":"NR-32 \u2013 Seguran\u00e7a e sa\u00fade no trabalho nos servi\u00e7os de sa\u00fade - Instituto de Engenharia","robots":{"index":"index","follow":"follow","max-snippet":"max-snippet:-1","max-image-preview":"max-image-preview:large","max-video-preview":"max-video-preview:-1"},"canonical":"https:\/\/www.institutodeengenharia.org.br\/site\/2022\/04\/29\/nr-32-seguranca-e-saude-no-trabalho-nos-servicos-de-saude\/","og_locale":"pt_BR","og_type":"article","og_title":"NR-32 \u2013 Seguran\u00e7a e sa\u00fade no trabalho nos servi\u00e7os de sa\u00fadeNR-32 \u2013 Seguran\u00e7a e sa\u00fade no trabalho nos servi\u00e7os de sa\u00fade","og_description":"Assista \u00e0 grava\u00e7\u00e3o do evento","og_url":"https:\/\/www.institutodeengenharia.org.br\/site\/2022\/04\/29\/nr-32-seguranca-e-saude-no-trabalho-nos-servicos-de-saude\/","og_site_name":"Instituto de Engenharia","article_publisher":"https:\/\/www.facebook.com\/institutodeengenharia","article_published_time":"2022-04-29T18:30:17+00:00","article_modified_time":"2022-06-03T18:00:45+00:00","og_image":[{"width":1920,"height":891,"url":"https:\/\/www.institutodeengenharia.org.br\/site\/wp-content\/uploads\/2022\/04\/Design-sem-nome-12.jpg","type":"image\/jpeg"}],"author":"Bianca","twitter_card":"summary_large_image","twitter_title":"NR-32 \u2013 Seguran\u00e7a e sa\u00fade no trabalho nos servi\u00e7os de sa\u00fade","twitter_description":"Assista \u00e0 grava\u00e7\u00e3o do evento","twitter_image":"https:\/\/www.institutodeengenharia.org.br\/site\/wp-content\/uploads\/2022\/04\/Design-sem-nome-12.jpg","twitter_creator":"@iengenharia","twitter_site":"@iengenharia","twitter_misc":{"Escrito por":"Bianca","Est. tempo de leitura":"4 minutos"},"schema":{"@context":"https:\/\/schema.org","@graph":[{"@type":"Article","@id":"https:\/\/www.institutodeengenharia.org.br\/site\/2022\/04\/29\/nr-32-seguranca-e-saude-no-trabalho-nos-servicos-de-saude\/#article","isPartOf":{"@id":"https:\/\/www.institutodeengenharia.org.br\/site\/2022\/04\/29\/nr-32-seguranca-e-saude-no-trabalho-nos-servicos-de-saude\/"},"author":{"name":"Bianca","@id":"https:\/\/www.institutodeengenharia.org.br\/site\/#\/schema\/person\/aeb64951c405e100d26d30b033dd423f"},"headline":"NR-32 \u2013 Seguran\u00e7a e sa\u00fade no trabalho nos servi\u00e7os de sa\u00fade","datePublished":"2022-04-29T18:30:17+00:00","dateModified":"2022-06-03T18:00:45+00:00","mainEntityOfPage":{"@id":"https:\/\/www.institutodeengenharia.org.br\/site\/2022\/04\/29\/nr-32-seguranca-e-saude-no-trabalho-nos-servicos-de-saude\/"},"wordCount":595,"commentCount":0,"publisher":{"@id":"https:\/\/www.institutodeengenharia.org.br\/site\/#organization"},"image":{"@id":"https:\/\/www.institutodeengenharia.org.br\/site\/2022\/04\/29\/nr-32-seguranca-e-saude-no-trabalho-nos-servicos-de-saude\/#primaryimage"},"thumbnailUrl":"https:\/\/www.institutodeengenharia.org.br\/site\/wp-content\/uploads\/2022\/04\/Design-sem-nome-12.jpg","keywords":["video-home"],"articleSection":["Nova TV Engenharia","Palestra"],"inLanguage":"pt-BR","potentialAction":[{"@type":"CommentAction","name":"Comment","target":["https:\/\/www.institutodeengenharia.org.br\/site\/2022\/04\/29\/nr-32-seguranca-e-saude-no-trabalho-nos-servicos-de-saude\/#respond"]}]},{"@type":"WebPage","@id":"https:\/\/www.institutodeengenharia.org.br\/site\/2022\/04\/29\/nr-32-seguranca-e-saude-no-trabalho-nos-servicos-de-saude\/","url":"https:\/\/www.institutodeengenharia.org.br\/site\/2022\/04\/29\/nr-32-seguranca-e-saude-no-trabalho-nos-servicos-de-saude\/","name":"NR-32 \u2013 Seguran\u00e7a e sa\u00fade no trabalho nos servi\u00e7os de sa\u00fade - Instituto de Engenharia","isPartOf":{"@id":"https:\/\/www.institutodeengenharia.org.br\/site\/#website"},"primaryImageOfPage":{"@id":"https:\/\/www.institutodeengenharia.org.br\/site\/2022\/04\/29\/nr-32-seguranca-e-saude-no-trabalho-nos-servicos-de-saude\/#primaryimage"},"image":{"@id":"https:\/\/www.institutodeengenharia.org.br\/site\/2022\/04\/29\/nr-32-seguranca-e-saude-no-trabalho-nos-servicos-de-saude\/#primaryimage"},"thumbnailUrl":"https:\/\/www.institutodeengenharia.org.br\/site\/wp-content\/uploads\/2022\/04\/Design-sem-nome-12.jpg","datePublished":"2022-04-29T18:30:17+00:00","dateModified":"2022-06-03T18:00:45+00:00","breadcrumb":{"@id":"https:\/\/www.institutodeengenharia.org.br\/site\/2022\/04\/29\/nr-32-seguranca-e-saude-no-trabalho-nos-servicos-de-saude\/#breadcrumb"},"inLanguage":"pt-BR","potentialAction":[{"@type":"ReadAction","target":["https:\/\/www.institutodeengenharia.org.br\/site\/2022\/04\/29\/nr-32-seguranca-e-saude-no-trabalho-nos-servicos-de-saude\/"]}]},{"@type":"ImageObject","inLanguage":"pt-BR","@id":"https:\/\/www.institutodeengenharia.org.br\/site\/2022\/04\/29\/nr-32-seguranca-e-saude-no-trabalho-nos-servicos-de-saude\/#primaryimage","url":"https:\/\/www.institutodeengenharia.org.br\/site\/wp-content\/uploads\/2022\/04\/Design-sem-nome-12.jpg","contentUrl":"https:\/\/www.institutodeengenharia.org.br\/site\/wp-content\/uploads\/2022\/04\/Design-sem-nome-12.jpg","width":1920,"height":891},{"@type":"BreadcrumbList","@id":"https:\/\/www.institutodeengenharia.org.br\/site\/2022\/04\/29\/nr-32-seguranca-e-saude-no-trabalho-nos-servicos-de-saude\/#breadcrumb","itemListElement":[{"@type":"ListItem","position":1,"name":"In\u00edcio","item":"https:\/\/www.institutodeengenharia.org.br\/site\/"},{"@type":"ListItem","position":2,"name":"NR-32 \u2013 Seguran\u00e7a e sa\u00fade no trabalho nos servi\u00e7os de sa\u00fade"}]},{"@type":"WebSite","@id":"https:\/\/www.institutodeengenharia.org.br\/site\/#website","url":"https:\/\/www.institutodeengenharia.org.br\/site\/","name":"Instituto de Engenharia","description":"O Instituto de Engenharia promove a Engenharia em benef\u00edcio do desenvolvimento e da qualidade de vida da sociedade.","publisher":{"@id":"https:\/\/www.institutodeengenharia.org.br\/site\/#organization"},"potentialAction":[{"@type":"SearchAction","target":{"@type":"EntryPoint","urlTemplate":"https:\/\/www.institutodeengenharia.org.br\/site\/?s={search_term_string}"},"query-input":{"@type":"PropertyValueSpecification","valueRequired":true,"valueName":"search_term_string"}}],"inLanguage":"pt-BR"},{"@type":"Organization","@id":"https:\/\/www.institutodeengenharia.org.br\/site\/#organization","name":"Instituto de Engenharia","url":"https:\/\/www.institutodeengenharia.org.br\/site\/","logo":{"@type":"ImageObject","inLanguage":"pt-BR","@id":"https:\/\/www.institutodeengenharia.org.br\/site\/#\/schema\/logo\/image\/","url":"https:\/\/www.institutodeengenharia.org.br\/site\/wp-content\/uploads\/2019\/03\/logo-novo-IE2018-1.jpg","contentUrl":"https:\/\/www.institutodeengenharia.org.br\/site\/wp-content\/uploads\/2019\/03\/logo-novo-IE2018-1.jpg","width":1486,"height":1879,"caption":"Instituto de Engenharia"},"image":{"@id":"https:\/\/www.institutodeengenharia.org.br\/site\/#\/schema\/logo\/image\/"},"sameAs":["https:\/\/www.facebook.com\/institutodeengenharia","https:\/\/x.com\/iengenharia","https:\/\/www.instagram.com\/institutodeengenharia\/","https:\/\/www.linkedin.com\/company\/instituto-de-engenharia\/","https:\/\/www.youtube.com\/channel\/UCXiCAlsSMe977vamW915HxA"]},{"@type":"Person","@id":"https:\/\/www.institutodeengenharia.org.br\/site\/#\/schema\/person\/aeb64951c405e100d26d30b033dd423f","name":"Bianca","image":{"@type":"ImageObject","inLanguage":"pt-BR","@id":"https:\/\/secure.gravatar.com\/avatar\/a6fbe9bff57405baf4c1e2c5c1811e072b558253974a9f9508f4678900c97c2a?s=96&d=mm&r=g","url":"https:\/\/secure.gravatar.com\/avatar\/a6fbe9bff57405baf4c1e2c5c1811e072b558253974a9f9508f4678900c97c2a?s=96&d=mm&r=g","contentUrl":"https:\/\/secure.gravatar.com\/avatar\/a6fbe9bff57405baf4c1e2c5c1811e072b558253974a9f9508f4678900c97c2a?s=96&d=mm&r=g","caption":"Bianca"},"url":"https:\/\/www.institutodeengenharia.org.br\/site\/author\/comunicacao1\/"}]}},"_links":{"self":[{"href":"https:\/\/www.institutodeengenharia.org.br\/site\/wp-json\/wp\/v2\/posts\/92275","targetHints":{"allow":["GET"]}}],"collection":[{"href":"https:\/\/www.institutodeengenharia.org.br\/site\/wp-json\/wp\/v2\/posts"}],"about":[{"href":"https:\/\/www.institutodeengenharia.org.br\/site\/wp-json\/wp\/v2\/types\/post"}],"author":[{"embeddable":true,"href":"https:\/\/www.institutodeengenharia.org.br\/site\/wp-json\/wp\/v2\/users\/13"}],"replies":[{"embeddable":true,"href":"https:\/\/www.institutodeengenharia.org.br\/site\/wp-json\/wp\/v2\/comments?post=92275"}],"version-history":[{"count":4,"href":"https:\/\/www.institutodeengenharia.org.br\/site\/wp-json\/wp\/v2\/posts\/92275\/revisions"}],"predecessor-version":[{"id":94121,"href":"https:\/\/www.institutodeengenharia.org.br\/site\/wp-json\/wp\/v2\/posts\/92275\/revisions\/94121"}],"wp:featuredmedia":[{"embeddable":true,"href":"https:\/\/www.institutodeengenharia.org.br\/site\/wp-json\/wp\/v2\/media\/91902"}],"wp:attachment":[{"href":"https:\/\/www.institutodeengenharia.org.br\/site\/wp-json\/wp\/v2\/media?parent=92275"}],"wp:term":[{"taxonomy":"category","embeddable":true,"href":"https:\/\/www.institutodeengenharia.org.br\/site\/wp-json\/wp\/v2\/categories?post=92275"},{"taxonomy":"post_tag","embeddable":true,"href":"https:\/\/www.institutodeengenharia.org.br\/site\/wp-json\/wp\/v2\/tags?post=92275"}],"curies":[{"name":"wp","href":"https:\/\/api.w.org\/{rel}","templated":true}]}}