{"id":92226,"date":"2022-04-30T11:50:02","date_gmt":"2022-04-30T14:50:02","guid":{"rendered":"https:\/\/www.institutodeengenharia.org.br\/site\/?p=92226"},"modified":"2022-05-30T11:50:31","modified_gmt":"2022-05-30T14:50:31","slug":"livro-o-anel-de-giges-uma-fantasia-etica-por-eduardo-giannetti","status":"publish","type":"post","link":"https:\/\/www.institutodeengenharia.org.br\/site\/2022\/04\/30\/livro-o-anel-de-giges-uma-fantasia-etica-por-eduardo-giannetti\/","title":{"rendered":"Livro: O Anel de Giges \u2013 Uma fantasia \u00e9tica por Eduardo Giannetti"},"content":{"rendered":"<div style=\"padding: 56.25% 0 0 0; position: relative;\"><iframe style=\"position: absolute; top: 0; left: 0; width: 100%; height: 100%;\" title=\"Palestra Webinar: Livro: O Anel de Giges - uma fantasia &amp;eacute;tica por Eduardo Giannetti\" src=\"https:\/\/player.vimeo.com\/video\/712022534?h=e8a8da0c44&amp;badge=0&amp;autopause=0&amp;player_id=0&amp;app_id=58479\" frameborder=\"0\" allowfullscreen=\"allowfullscreen\"><\/iframe><\/div>\n<p><script src=\"https:\/\/player.vimeo.com\/api\/player.js\"><\/script><\/p>\n<p><em>O Instituto de Engenharia agradece a gentileza de Maiani da Silva que autorizou o uso de seu v\u00eddeo durante no evento.<\/em><br \/>\n<em>M\u00fasica Quando Carnaval Chegar<\/em><br \/>\n<em>Arranjo e interpretac\u00e3o de Maiani da Silva, www.maianidasilva.com<\/em><br \/>\n<em>Musica de: Chico Buarque<\/em><br \/>\n<em>V\u00eddeo and Audio: Nick Zoulek, www.nzmedia.net<\/em><br \/>\n<em>Gravado em 2021 nos est\u00fadios da Eighth Blackbird, Chicago, IL<\/em><\/p>\n<h1 class=\"entry-title\"><strong style=\"color: #222222; font-family: Verdana, BlinkMacSystemFont, -apple-system, 'Segoe UI', Roboto, Oxygen, Ubuntu, Cantarell, 'Open Sans', 'Helvetica Neue', sans-serif; font-size: 15px;\">+Informa\u00e7\u00f5es:<\/strong><\/h1>\n<p>Com a evolu\u00e7\u00e3o do capitalismo a \u00e9tica ganha cada vez mais relev\u00e2ncia no espa\u00e7o empresarial. O ensino de engenharia muitas vezes deixa a margem discuss\u00f5es no \u00e2mbito profissional, assim como o faz com a sustentabilidade.<\/p>\n<p>Com o objetivo de trazer mais centralidade ao tema para a engenharia, o Instituto de Engenharia promove o evento \u201cO anel de Giges: Uma fantasia \u00e9tica\u201d, em que se buscar\u00e1 aproximar essas tem\u00e1ticas a partir de uma conversa com o autor Eduardo Giannetti.<\/p>\n<p><strong>P\u00fablico-alvo:<\/strong><\/p>\n<p>Profissionais de Engenharia, professores e estudantes.<\/p>\n<p><strong>Programa\u00e7\u00e3o:<\/strong><br \/>\nAbertura e apresenta\u00e7\u00e3o do livro<br \/>\nPerguntas e respostas.<\/p>\n<p>&nbsp;<\/p>\n<p><strong>Palestrante:<\/strong><\/p>\n<p><img loading=\"lazy\" decoding=\"async\" class=\"wp-image-91533 aligncenter td-animation-stack-type0-2\" src=\"https:\/\/www.institutodeengenharia.org.br\/site\/wp-content\/uploads\/2022\/03\/autor.jpg\" alt=\"\" width=\"127\" height=\"191\" srcset=\"https:\/\/www.institutodeengenharia.org.br\/site\/wp-content\/uploads\/2022\/03\/autor.jpg 308w, https:\/\/www.institutodeengenharia.org.br\/site\/wp-content\/uploads\/2022\/03\/autor-200x300.jpg 200w, https:\/\/www.institutodeengenharia.org.br\/site\/wp-content\/uploads\/2022\/03\/autor-281x420.jpg 281w\" sizes=\"auto, (max-width: 127px) 100vw, 127px\" \/><strong>Eduardo Giannetti \u2013 Autor<\/strong><\/p>\n<p>Nasceu em Belo Horizonte, em 1957. Formou-se em Economia e Ci\u00eancias Sociais na Universidade de S\u00e3o Paulo e obteve o Ph.D. na Universidade de Cambridge. Foi professor na Universidade de Cambridge, na FEA-USP e no Insper S\u00e3o Paulo. \u00c9 membro da Academia Brasileira de Letras e autor de Autoengano, O valor do amanh\u00e3 e Tr\u00f3picos ut\u00f3picos, entre outros.<\/p>\n<p><b>Moderadores:<\/b><\/p>\n<p><img loading=\"lazy\" decoding=\"async\" class=\"wp-image-77772 aligncenter td-animation-stack-type0-2\" src=\"https:\/\/www.institutodeengenharia.org.br\/site\/wp-content\/uploads\/2021\/02\/George-Paulus.jpg\" alt=\"\" width=\"142\" height=\"142\" srcset=\"https:\/\/www.institutodeengenharia.org.br\/site\/wp-content\/uploads\/2021\/02\/George-Paulus.jpg 597w, https:\/\/www.institutodeengenharia.org.br\/site\/wp-content\/uploads\/2021\/02\/George-Paulus-300x300.jpg 300w, https:\/\/www.institutodeengenharia.org.br\/site\/wp-content\/uploads\/2021\/02\/George-Paulus-150x150.jpg 150w, https:\/\/www.institutodeengenharia.org.br\/site\/wp-content\/uploads\/2021\/02\/George-Paulus-420x420.jpg 420w, https:\/\/www.institutodeengenharia.org.br\/site\/wp-content\/uploads\/2021\/02\/George-Paulus-100x100.jpg 100w\" sizes=\"auto, (max-width: 142px) 100vw, 142px\" \/><\/p>\n<p><strong>George Paulus<\/strong>\u00a0\u2013 coordenador do Projeto Amaz\u00f4nia e Bioeconomia<\/p>\n<p><strong><img loading=\"lazy\" decoding=\"async\" class=\"wp-image-68770 aligncenter td-animation-stack-type0-2\" src=\"https:\/\/www.institutodeengenharia.org.br\/site\/wp-content\/uploads\/2020\/07\/milene-facioli.jpg\" alt=\"\" width=\"134\" height=\"134\" srcset=\"https:\/\/www.institutodeengenharia.org.br\/site\/wp-content\/uploads\/2020\/07\/milene-facioli.jpg 119w, https:\/\/www.institutodeengenharia.org.br\/site\/wp-content\/uploads\/2020\/07\/milene-facioli-100x100.jpg 100w\" sizes=\"auto, (max-width: 134px) 100vw, 134px\" \/><\/strong><strong>Milene Costa Facioli<\/strong>\u00a0\u2013 coordenadora da Divis\u00e3o T\u00e9cnica de Compliance<\/p>\n<p><strong>Realiza\u00e7\u00e3o:<\/strong><\/p>\n<p><strong>Eng. Ivan Metran Whately<\/strong>\u00a0\u2013 Vice-Presidente de Atividades T\u00e9cnicas<\/p>\n<p><strong>Eng.\u00aa D\u00e9bora Sanches de A. Marinello<\/strong>\u00a0\u2013 Diretora do Departamento de Desenvolvimento de Gest\u00e3o e Objetivos<\/p>\n<p><strong>Arq. Milene Costa Facioli<\/strong>\u00a0\u2013 Coordenadora da Divis\u00e3o T\u00e9cnica de Compliance<\/p>\n<p><strong>GT. Amaz\u00f4nia e Bioeconomia<\/strong><\/p>\n<p><strong>Apoio Institucional:<\/strong><\/p>\n<p><img loading=\"lazy\" decoding=\"async\" class=\"alignnone wp-image-77696 td-animation-stack-type0-2\" src=\"https:\/\/www.institutodeengenharia.org.br\/site\/wp-content\/uploads\/2021\/02\/crea-300x211.jpg\" alt=\"\" width=\"151\" height=\"106\" srcset=\"https:\/\/www.institutodeengenharia.org.br\/site\/wp-content\/uploads\/2021\/02\/crea-300x211.jpg 300w, https:\/\/www.institutodeengenharia.org.br\/site\/wp-content\/uploads\/2021\/02\/crea-100x70.jpg 100w, https:\/\/www.institutodeengenharia.org.br\/site\/wp-content\/uploads\/2021\/02\/crea.jpg 448w\" sizes=\"auto, (max-width: 151px) 100vw, 151px\" \/><\/p>\n<p><strong>Apoio \u00e0 forma\u00e7\u00e3o:\u00a0<\/strong><\/p>\n<p>Espa\u00e7o aberto ao CREA-SP, objetivando o aperfei\u00e7oamento dos profissionais e o aprimoramento da fiscaliza\u00e7\u00e3o das \u00e1reas abrangidas pelo Sistema Confea\/CREAs, al\u00e9m de promover a conscientiza\u00e7\u00e3o da sociedade quanto \u00e0 necessidade e obrigatoriedade de contrat<\/p>\n","protected":false},"excerpt":{"rendered":"<p>O Instituto de Engenharia agradece a gentileza de Maiani da Silva que autorizou o uso de seu v\u00eddeo durante no evento. M\u00fasica Quando Carnaval Chegar Arranjo e interpretac\u00e3o de Maiani da Silva, www.maianidasilva.com Musica de: Chico Buarque V\u00eddeo and Audio: Nick Zoulek, www.nzmedia.net Gravado em 2021 nos est\u00fadios da Eighth Blackbird, Chicago, IL +Informa\u00e7\u00f5es: Com [&hellip;]<\/p>\n","protected":false},"author":13,"featured_media":92229,"comment_status":"open","ping_status":"open","sticky":false,"template":"","format":"video","meta":{"footnotes":""},"categories":[968,969],"tags":[1176],"class_list":{"0":"post-92226","1":"post","2":"type-post","3":"status-publish","4":"format-video","5":"has-post-thumbnail","7":"category-nova-tv-engenharia","8":"category-palestra","9":"tag-video-home","10":"post_format-post-format-video"},"yoast_head":"<!-- This site is optimized with the Yoast SEO plugin v27.2 - https:\/\/yoast.com\/product\/yoast-seo-wordpress\/ -->\n<title>Livro: O Anel de Giges \u2013 Uma fantasia \u00e9tica por Eduardo Giannetti - Instituto de Engenharia<\/title>\n<meta name=\"robots\" content=\"index, follow, max-snippet:-1, max-image-preview:large, max-video-preview:-1\" \/>\n<link rel=\"canonical\" href=\"https:\/\/www.institutodeengenharia.org.br\/site\/2022\/04\/30\/livro-o-anel-de-giges-uma-fantasia-etica-por-eduardo-giannetti\/\" \/>\n<meta property=\"og:locale\" content=\"pt_BR\" \/>\n<meta property=\"og:type\" content=\"article\" \/>\n<meta property=\"og:title\" content=\"Livro: O Anel de Giges \u2013 Uma fantasia \u00e9tica por Eduardo Giannetti\" \/>\n<meta property=\"og:description\" content=\"Com a evolu\u00e7\u00e3o do capitalismo a \u00e9tica ganha cada vez mais relev\u00e2ncia no espa\u00e7o empresarial. O ensino de engenharia muitas vezes deixa a margem discuss\u00f5es no \u00e2mbito profissional, assim como o faz com a sustentabilidade.\" \/>\n<meta property=\"og:url\" content=\"https:\/\/www.institutodeengenharia.org.br\/site\/2022\/04\/30\/livro-o-anel-de-giges-uma-fantasia-etica-por-eduardo-giannetti\/\" \/>\n<meta property=\"og:site_name\" content=\"Instituto de Engenharia\" \/>\n<meta property=\"article:publisher\" content=\"https:\/\/www.facebook.com\/institutodeengenharia\" \/>\n<meta property=\"article:published_time\" content=\"2022-04-30T14:50:02+00:00\" \/>\n<meta property=\"article:modified_time\" content=\"2022-05-30T14:50:31+00:00\" \/>\n<meta property=\"og:image\" content=\"https:\/\/www.institutodeengenharia.org.br\/site\/wp-content\/uploads\/2022\/04\/61W2ioHO2dL.jpg\" \/>\n\t<meta property=\"og:image:width\" content=\"1654\" \/>\n\t<meta property=\"og:image:height\" content=\"976\" \/>\n\t<meta property=\"og:image:type\" content=\"image\/jpeg\" \/>\n<meta name=\"author\" content=\"Bianca\" \/>\n<meta name=\"twitter:card\" content=\"summary_large_image\" \/>\n<meta name=\"twitter:title\" content=\"Livro: O Anel de Giges \u2013 Uma fantasia \u00e9tica por Eduardo Giannetti\" \/>\n<meta name=\"twitter:description\" content=\"Com a evolu\u00e7\u00e3o do capitalismo a \u00e9tica ganha cada vez mais relev\u00e2ncia no espa\u00e7o empresarial. O ensino de engenharia muitas vezes deixa a margem discuss\u00f5es no \u00e2mbito profissional, assim como o faz com a sustentabilidade.\" \/>\n<meta name=\"twitter:image\" content=\"https:\/\/www.institutodeengenharia.org.br\/site\/wp-content\/uploads\/2022\/04\/61W2ioHO2dL.jpg\" \/>\n<meta name=\"twitter:creator\" content=\"@iengenharia\" \/>\n<meta name=\"twitter:site\" content=\"@iengenharia\" \/>\n<meta name=\"twitter:label1\" content=\"Escrito por\" \/>\n\t<meta name=\"twitter:data1\" content=\"Bianca\" \/>\n\t<meta name=\"twitter:label2\" content=\"Est. tempo de leitura\" \/>\n\t<meta name=\"twitter:data2\" content=\"3 minutos\" \/>\n<script type=\"application\/ld+json\" class=\"yoast-schema-graph\">{\"@context\":\"https:\/\/schema.org\",\"@graph\":[{\"@type\":\"Article\",\"@id\":\"https:\/\/www.institutodeengenharia.org.br\/site\/2022\/04\/30\/livro-o-anel-de-giges-uma-fantasia-etica-por-eduardo-giannetti\/#article\",\"isPartOf\":{\"@id\":\"https:\/\/www.institutodeengenharia.org.br\/site\/2022\/04\/30\/livro-o-anel-de-giges-uma-fantasia-etica-por-eduardo-giannetti\/\"},\"author\":{\"name\":\"Bianca\",\"@id\":\"https:\/\/www.institutodeengenharia.org.br\/site\/#\/schema\/person\/aeb64951c405e100d26d30b033dd423f\"},\"headline\":\"Livro: O Anel de Giges \u2013 Uma fantasia \u00e9tica por Eduardo Giannetti\",\"datePublished\":\"2022-04-30T14:50:02+00:00\",\"dateModified\":\"2022-05-30T14:50:31+00:00\",\"mainEntityOfPage\":{\"@id\":\"https:\/\/www.institutodeengenharia.org.br\/site\/2022\/04\/30\/livro-o-anel-de-giges-uma-fantasia-etica-por-eduardo-giannetti\/\"},\"wordCount\":353,\"commentCount\":0,\"publisher\":{\"@id\":\"https:\/\/www.institutodeengenharia.org.br\/site\/#organization\"},\"image\":{\"@id\":\"https:\/\/www.institutodeengenharia.org.br\/site\/2022\/04\/30\/livro-o-anel-de-giges-uma-fantasia-etica-por-eduardo-giannetti\/#primaryimage\"},\"thumbnailUrl\":\"https:\/\/www.institutodeengenharia.org.br\/site\/wp-content\/uploads\/2022\/04\/Design-sem-nome-24.jpg\",\"keywords\":[\"video-home\"],\"articleSection\":[\"Nova TV Engenharia\",\"Palestra\"],\"inLanguage\":\"pt-BR\",\"potentialAction\":[{\"@type\":\"CommentAction\",\"name\":\"Comment\",\"target\":[\"https:\/\/www.institutodeengenharia.org.br\/site\/2022\/04\/30\/livro-o-anel-de-giges-uma-fantasia-etica-por-eduardo-giannetti\/#respond\"]}]},{\"@type\":\"WebPage\",\"@id\":\"https:\/\/www.institutodeengenharia.org.br\/site\/2022\/04\/30\/livro-o-anel-de-giges-uma-fantasia-etica-por-eduardo-giannetti\/\",\"url\":\"https:\/\/www.institutodeengenharia.org.br\/site\/2022\/04\/30\/livro-o-anel-de-giges-uma-fantasia-etica-por-eduardo-giannetti\/\",\"name\":\"Livro: O Anel de Giges \u2013 Uma fantasia \u00e9tica por Eduardo Giannetti - Instituto de Engenharia\",\"isPartOf\":{\"@id\":\"https:\/\/www.institutodeengenharia.org.br\/site\/#website\"},\"primaryImageOfPage\":{\"@id\":\"https:\/\/www.institutodeengenharia.org.br\/site\/2022\/04\/30\/livro-o-anel-de-giges-uma-fantasia-etica-por-eduardo-giannetti\/#primaryimage\"},\"image\":{\"@id\":\"https:\/\/www.institutodeengenharia.org.br\/site\/2022\/04\/30\/livro-o-anel-de-giges-uma-fantasia-etica-por-eduardo-giannetti\/#primaryimage\"},\"thumbnailUrl\":\"https:\/\/www.institutodeengenharia.org.br\/site\/wp-content\/uploads\/2022\/04\/Design-sem-nome-24.jpg\",\"datePublished\":\"2022-04-30T14:50:02+00:00\",\"dateModified\":\"2022-05-30T14:50:31+00:00\",\"breadcrumb\":{\"@id\":\"https:\/\/www.institutodeengenharia.org.br\/site\/2022\/04\/30\/livro-o-anel-de-giges-uma-fantasia-etica-por-eduardo-giannetti\/#breadcrumb\"},\"inLanguage\":\"pt-BR\",\"potentialAction\":[{\"@type\":\"ReadAction\",\"target\":[\"https:\/\/www.institutodeengenharia.org.br\/site\/2022\/04\/30\/livro-o-anel-de-giges-uma-fantasia-etica-por-eduardo-giannetti\/\"]}]},{\"@type\":\"ImageObject\",\"inLanguage\":\"pt-BR\",\"@id\":\"https:\/\/www.institutodeengenharia.org.br\/site\/2022\/04\/30\/livro-o-anel-de-giges-uma-fantasia-etica-por-eduardo-giannetti\/#primaryimage\",\"url\":\"https:\/\/www.institutodeengenharia.org.br\/site\/wp-content\/uploads\/2022\/04\/Design-sem-nome-24.jpg\",\"contentUrl\":\"https:\/\/www.institutodeengenharia.org.br\/site\/wp-content\/uploads\/2022\/04\/Design-sem-nome-24.jpg\",\"width\":1920,\"height\":1080},{\"@type\":\"BreadcrumbList\",\"@id\":\"https:\/\/www.institutodeengenharia.org.br\/site\/2022\/04\/30\/livro-o-anel-de-giges-uma-fantasia-etica-por-eduardo-giannetti\/#breadcrumb\",\"itemListElement\":[{\"@type\":\"ListItem\",\"position\":1,\"name\":\"In\u00edcio\",\"item\":\"https:\/\/www.institutodeengenharia.org.br\/site\/\"},{\"@type\":\"ListItem\",\"position\":2,\"name\":\"Livro: O Anel de Giges \u2013 Uma fantasia \u00e9tica por Eduardo Giannetti\"}]},{\"@type\":\"WebSite\",\"@id\":\"https:\/\/www.institutodeengenharia.org.br\/site\/#website\",\"url\":\"https:\/\/www.institutodeengenharia.org.br\/site\/\",\"name\":\"Instituto de Engenharia\",\"description\":\"O Instituto de Engenharia promove a Engenharia em benef\u00edcio do desenvolvimento e da qualidade de vida da sociedade.\",\"publisher\":{\"@id\":\"https:\/\/www.institutodeengenharia.org.br\/site\/#organization\"},\"potentialAction\":[{\"@type\":\"SearchAction\",\"target\":{\"@type\":\"EntryPoint\",\"urlTemplate\":\"https:\/\/www.institutodeengenharia.org.br\/site\/?s={search_term_string}\"},\"query-input\":{\"@type\":\"PropertyValueSpecification\",\"valueRequired\":true,\"valueName\":\"search_term_string\"}}],\"inLanguage\":\"pt-BR\"},{\"@type\":\"Organization\",\"@id\":\"https:\/\/www.institutodeengenharia.org.br\/site\/#organization\",\"name\":\"Instituto de Engenharia\",\"url\":\"https:\/\/www.institutodeengenharia.org.br\/site\/\",\"logo\":{\"@type\":\"ImageObject\",\"inLanguage\":\"pt-BR\",\"@id\":\"https:\/\/www.institutodeengenharia.org.br\/site\/#\/schema\/logo\/image\/\",\"url\":\"https:\/\/www.institutodeengenharia.org.br\/site\/wp-content\/uploads\/2019\/03\/logo-novo-IE2018-1.jpg\",\"contentUrl\":\"https:\/\/www.institutodeengenharia.org.br\/site\/wp-content\/uploads\/2019\/03\/logo-novo-IE2018-1.jpg\",\"width\":1486,\"height\":1879,\"caption\":\"Instituto de Engenharia\"},\"image\":{\"@id\":\"https:\/\/www.institutodeengenharia.org.br\/site\/#\/schema\/logo\/image\/\"},\"sameAs\":[\"https:\/\/www.facebook.com\/institutodeengenharia\",\"https:\/\/x.com\/iengenharia\",\"https:\/\/www.instagram.com\/institutodeengenharia\/\",\"https:\/\/www.linkedin.com\/company\/instituto-de-engenharia\/\",\"https:\/\/www.youtube.com\/channel\/UCXiCAlsSMe977vamW915HxA\"]},{\"@type\":\"Person\",\"@id\":\"https:\/\/www.institutodeengenharia.org.br\/site\/#\/schema\/person\/aeb64951c405e100d26d30b033dd423f\",\"name\":\"Bianca\",\"image\":{\"@type\":\"ImageObject\",\"inLanguage\":\"pt-BR\",\"@id\":\"https:\/\/secure.gravatar.com\/avatar\/a6fbe9bff57405baf4c1e2c5c1811e072b558253974a9f9508f4678900c97c2a?s=96&d=mm&r=g\",\"url\":\"https:\/\/secure.gravatar.com\/avatar\/a6fbe9bff57405baf4c1e2c5c1811e072b558253974a9f9508f4678900c97c2a?s=96&d=mm&r=g\",\"contentUrl\":\"https:\/\/secure.gravatar.com\/avatar\/a6fbe9bff57405baf4c1e2c5c1811e072b558253974a9f9508f4678900c97c2a?s=96&d=mm&r=g\",\"caption\":\"Bianca\"},\"url\":\"https:\/\/www.institutodeengenharia.org.br\/site\/author\/comunicacao1\/\"}]}<\/script>\n<!-- \/ Yoast SEO plugin. -->","yoast_head_json":{"title":"Livro: O Anel de Giges \u2013 Uma fantasia \u00e9tica por Eduardo Giannetti - Instituto de Engenharia","robots":{"index":"index","follow":"follow","max-snippet":"max-snippet:-1","max-image-preview":"max-image-preview:large","max-video-preview":"max-video-preview:-1"},"canonical":"https:\/\/www.institutodeengenharia.org.br\/site\/2022\/04\/30\/livro-o-anel-de-giges-uma-fantasia-etica-por-eduardo-giannetti\/","og_locale":"pt_BR","og_type":"article","og_title":"Livro: O Anel de Giges \u2013 Uma fantasia \u00e9tica por Eduardo Giannetti","og_description":"Com a evolu\u00e7\u00e3o do capitalismo a \u00e9tica ganha cada vez mais relev\u00e2ncia no espa\u00e7o empresarial. O ensino de engenharia muitas vezes deixa a margem discuss\u00f5es no \u00e2mbito profissional, assim como o faz com a sustentabilidade.","og_url":"https:\/\/www.institutodeengenharia.org.br\/site\/2022\/04\/30\/livro-o-anel-de-giges-uma-fantasia-etica-por-eduardo-giannetti\/","og_site_name":"Instituto de Engenharia","article_publisher":"https:\/\/www.facebook.com\/institutodeengenharia","article_published_time":"2022-04-30T14:50:02+00:00","article_modified_time":"2022-05-30T14:50:31+00:00","og_image":[{"width":1654,"height":976,"url":"https:\/\/www.institutodeengenharia.org.br\/site\/wp-content\/uploads\/2022\/04\/61W2ioHO2dL.jpg","type":"image\/jpeg"}],"author":"Bianca","twitter_card":"summary_large_image","twitter_title":"Livro: O Anel de Giges \u2013 Uma fantasia \u00e9tica por Eduardo Giannetti","twitter_description":"Com a evolu\u00e7\u00e3o do capitalismo a \u00e9tica ganha cada vez mais relev\u00e2ncia no espa\u00e7o empresarial. O ensino de engenharia muitas vezes deixa a margem discuss\u00f5es no \u00e2mbito profissional, assim como o faz com a sustentabilidade.","twitter_image":"https:\/\/www.institutodeengenharia.org.br\/site\/wp-content\/uploads\/2022\/04\/61W2ioHO2dL.jpg","twitter_creator":"@iengenharia","twitter_site":"@iengenharia","twitter_misc":{"Escrito por":"Bianca","Est. tempo de leitura":"3 minutos"},"schema":{"@context":"https:\/\/schema.org","@graph":[{"@type":"Article","@id":"https:\/\/www.institutodeengenharia.org.br\/site\/2022\/04\/30\/livro-o-anel-de-giges-uma-fantasia-etica-por-eduardo-giannetti\/#article","isPartOf":{"@id":"https:\/\/www.institutodeengenharia.org.br\/site\/2022\/04\/30\/livro-o-anel-de-giges-uma-fantasia-etica-por-eduardo-giannetti\/"},"author":{"name":"Bianca","@id":"https:\/\/www.institutodeengenharia.org.br\/site\/#\/schema\/person\/aeb64951c405e100d26d30b033dd423f"},"headline":"Livro: O Anel de Giges \u2013 Uma fantasia \u00e9tica por Eduardo Giannetti","datePublished":"2022-04-30T14:50:02+00:00","dateModified":"2022-05-30T14:50:31+00:00","mainEntityOfPage":{"@id":"https:\/\/www.institutodeengenharia.org.br\/site\/2022\/04\/30\/livro-o-anel-de-giges-uma-fantasia-etica-por-eduardo-giannetti\/"},"wordCount":353,"commentCount":0,"publisher":{"@id":"https:\/\/www.institutodeengenharia.org.br\/site\/#organization"},"image":{"@id":"https:\/\/www.institutodeengenharia.org.br\/site\/2022\/04\/30\/livro-o-anel-de-giges-uma-fantasia-etica-por-eduardo-giannetti\/#primaryimage"},"thumbnailUrl":"https:\/\/www.institutodeengenharia.org.br\/site\/wp-content\/uploads\/2022\/04\/Design-sem-nome-24.jpg","keywords":["video-home"],"articleSection":["Nova TV Engenharia","Palestra"],"inLanguage":"pt-BR","potentialAction":[{"@type":"CommentAction","name":"Comment","target":["https:\/\/www.institutodeengenharia.org.br\/site\/2022\/04\/30\/livro-o-anel-de-giges-uma-fantasia-etica-por-eduardo-giannetti\/#respond"]}]},{"@type":"WebPage","@id":"https:\/\/www.institutodeengenharia.org.br\/site\/2022\/04\/30\/livro-o-anel-de-giges-uma-fantasia-etica-por-eduardo-giannetti\/","url":"https:\/\/www.institutodeengenharia.org.br\/site\/2022\/04\/30\/livro-o-anel-de-giges-uma-fantasia-etica-por-eduardo-giannetti\/","name":"Livro: O Anel de Giges \u2013 Uma fantasia \u00e9tica por Eduardo Giannetti - Instituto de Engenharia","isPartOf":{"@id":"https:\/\/www.institutodeengenharia.org.br\/site\/#website"},"primaryImageOfPage":{"@id":"https:\/\/www.institutodeengenharia.org.br\/site\/2022\/04\/30\/livro-o-anel-de-giges-uma-fantasia-etica-por-eduardo-giannetti\/#primaryimage"},"image":{"@id":"https:\/\/www.institutodeengenharia.org.br\/site\/2022\/04\/30\/livro-o-anel-de-giges-uma-fantasia-etica-por-eduardo-giannetti\/#primaryimage"},"thumbnailUrl":"https:\/\/www.institutodeengenharia.org.br\/site\/wp-content\/uploads\/2022\/04\/Design-sem-nome-24.jpg","datePublished":"2022-04-30T14:50:02+00:00","dateModified":"2022-05-30T14:50:31+00:00","breadcrumb":{"@id":"https:\/\/www.institutodeengenharia.org.br\/site\/2022\/04\/30\/livro-o-anel-de-giges-uma-fantasia-etica-por-eduardo-giannetti\/#breadcrumb"},"inLanguage":"pt-BR","potentialAction":[{"@type":"ReadAction","target":["https:\/\/www.institutodeengenharia.org.br\/site\/2022\/04\/30\/livro-o-anel-de-giges-uma-fantasia-etica-por-eduardo-giannetti\/"]}]},{"@type":"ImageObject","inLanguage":"pt-BR","@id":"https:\/\/www.institutodeengenharia.org.br\/site\/2022\/04\/30\/livro-o-anel-de-giges-uma-fantasia-etica-por-eduardo-giannetti\/#primaryimage","url":"https:\/\/www.institutodeengenharia.org.br\/site\/wp-content\/uploads\/2022\/04\/Design-sem-nome-24.jpg","contentUrl":"https:\/\/www.institutodeengenharia.org.br\/site\/wp-content\/uploads\/2022\/04\/Design-sem-nome-24.jpg","width":1920,"height":1080},{"@type":"BreadcrumbList","@id":"https:\/\/www.institutodeengenharia.org.br\/site\/2022\/04\/30\/livro-o-anel-de-giges-uma-fantasia-etica-por-eduardo-giannetti\/#breadcrumb","itemListElement":[{"@type":"ListItem","position":1,"name":"In\u00edcio","item":"https:\/\/www.institutodeengenharia.org.br\/site\/"},{"@type":"ListItem","position":2,"name":"Livro: O Anel de Giges \u2013 Uma fantasia \u00e9tica por Eduardo Giannetti"}]},{"@type":"WebSite","@id":"https:\/\/www.institutodeengenharia.org.br\/site\/#website","url":"https:\/\/www.institutodeengenharia.org.br\/site\/","name":"Instituto de Engenharia","description":"O Instituto de Engenharia promove a Engenharia em benef\u00edcio do desenvolvimento e da qualidade de vida da sociedade.","publisher":{"@id":"https:\/\/www.institutodeengenharia.org.br\/site\/#organization"},"potentialAction":[{"@type":"SearchAction","target":{"@type":"EntryPoint","urlTemplate":"https:\/\/www.institutodeengenharia.org.br\/site\/?s={search_term_string}"},"query-input":{"@type":"PropertyValueSpecification","valueRequired":true,"valueName":"search_term_string"}}],"inLanguage":"pt-BR"},{"@type":"Organization","@id":"https:\/\/www.institutodeengenharia.org.br\/site\/#organization","name":"Instituto de Engenharia","url":"https:\/\/www.institutodeengenharia.org.br\/site\/","logo":{"@type":"ImageObject","inLanguage":"pt-BR","@id":"https:\/\/www.institutodeengenharia.org.br\/site\/#\/schema\/logo\/image\/","url":"https:\/\/www.institutodeengenharia.org.br\/site\/wp-content\/uploads\/2019\/03\/logo-novo-IE2018-1.jpg","contentUrl":"https:\/\/www.institutodeengenharia.org.br\/site\/wp-content\/uploads\/2019\/03\/logo-novo-IE2018-1.jpg","width":1486,"height":1879,"caption":"Instituto de Engenharia"},"image":{"@id":"https:\/\/www.institutodeengenharia.org.br\/site\/#\/schema\/logo\/image\/"},"sameAs":["https:\/\/www.facebook.com\/institutodeengenharia","https:\/\/x.com\/iengenharia","https:\/\/www.instagram.com\/institutodeengenharia\/","https:\/\/www.linkedin.com\/company\/instituto-de-engenharia\/","https:\/\/www.youtube.com\/channel\/UCXiCAlsSMe977vamW915HxA"]},{"@type":"Person","@id":"https:\/\/www.institutodeengenharia.org.br\/site\/#\/schema\/person\/aeb64951c405e100d26d30b033dd423f","name":"Bianca","image":{"@type":"ImageObject","inLanguage":"pt-BR","@id":"https:\/\/secure.gravatar.com\/avatar\/a6fbe9bff57405baf4c1e2c5c1811e072b558253974a9f9508f4678900c97c2a?s=96&d=mm&r=g","url":"https:\/\/secure.gravatar.com\/avatar\/a6fbe9bff57405baf4c1e2c5c1811e072b558253974a9f9508f4678900c97c2a?s=96&d=mm&r=g","contentUrl":"https:\/\/secure.gravatar.com\/avatar\/a6fbe9bff57405baf4c1e2c5c1811e072b558253974a9f9508f4678900c97c2a?s=96&d=mm&r=g","caption":"Bianca"},"url":"https:\/\/www.institutodeengenharia.org.br\/site\/author\/comunicacao1\/"}]}},"_links":{"self":[{"href":"https:\/\/www.institutodeengenharia.org.br\/site\/wp-json\/wp\/v2\/posts\/92226","targetHints":{"allow":["GET"]}}],"collection":[{"href":"https:\/\/www.institutodeengenharia.org.br\/site\/wp-json\/wp\/v2\/posts"}],"about":[{"href":"https:\/\/www.institutodeengenharia.org.br\/site\/wp-json\/wp\/v2\/types\/post"}],"author":[{"embeddable":true,"href":"https:\/\/www.institutodeengenharia.org.br\/site\/wp-json\/wp\/v2\/users\/13"}],"replies":[{"embeddable":true,"href":"https:\/\/www.institutodeengenharia.org.br\/site\/wp-json\/wp\/v2\/comments?post=92226"}],"version-history":[{"count":3,"href":"https:\/\/www.institutodeengenharia.org.br\/site\/wp-json\/wp\/v2\/posts\/92226\/revisions"}],"predecessor-version":[{"id":93530,"href":"https:\/\/www.institutodeengenharia.org.br\/site\/wp-json\/wp\/v2\/posts\/92226\/revisions\/93530"}],"wp:featuredmedia":[{"embeddable":true,"href":"https:\/\/www.institutodeengenharia.org.br\/site\/wp-json\/wp\/v2\/media\/92229"}],"wp:attachment":[{"href":"https:\/\/www.institutodeengenharia.org.br\/site\/wp-json\/wp\/v2\/media?parent=92226"}],"wp:term":[{"taxonomy":"category","embeddable":true,"href":"https:\/\/www.institutodeengenharia.org.br\/site\/wp-json\/wp\/v2\/categories?post=92226"},{"taxonomy":"post_tag","embeddable":true,"href":"https:\/\/www.institutodeengenharia.org.br\/site\/wp-json\/wp\/v2\/tags?post=92226"}],"curies":[{"name":"wp","href":"https:\/\/api.w.org\/{rel}","templated":true}]}}