{"id":92059,"date":"2022-04-18T11:27:44","date_gmt":"2022-04-18T14:27:44","guid":{"rendered":"https:\/\/www.institutodeengenharia.org.br\/site\/?p=92059"},"modified":"2022-04-18T11:27:44","modified_gmt":"2022-04-18T14:27:44","slug":"silos-de-concreto-analise-projeto-e-reabilitacao","status":"publish","type":"post","link":"https:\/\/www.institutodeengenharia.org.br\/site\/2022\/04\/18\/silos-de-concreto-analise-projeto-e-reabilitacao\/","title":{"rendered":"Silos de concreto &#8211; An\u00e1lise, projeto e reabilita\u00e7\u00e3o"},"content":{"rendered":"<p>&nbsp;<\/p>\n<p><strong>+ Informa\u00e7\u00f5es:\u00a0\u00a0<\/strong><\/p>\n<ul>\n<li>Introdu\u00e7\u00e3o e principais tipologias;<\/li>\n<li>A\u00e7\u00f5es a considerar;<\/li>\n<li>Normaliza\u00e7\u00e3o internacional;<\/li>\n<li>An\u00e1lise estrutural;<\/li>\n<li>Projeto estrutural de Silos;<\/li>\n<li>Reabilita\u00e7\u00e3o de Silos \u2013 Recupera\u00e7\u00e3o e Refor\u00e7o.<\/li>\n<\/ul>\n<p><strong>P\u00fablico-alvo:<\/strong><\/p>\n<p>Estudantes de engenharia e engenheiros.<\/p>\n<p><strong>Palestrantes:<\/strong><\/p>\n<p><img loading=\"lazy\" decoding=\"async\" class=\"alignnone wp-image-91636 td-animation-stack-type0-2\" src=\"https:\/\/www.institutodeengenharia.org.br\/site\/wp-content\/uploads\/2022\/03\/tiago.png\" alt=\"\" width=\"200\" height=\"225\" \/><\/p>\n<p><strong>Percival Camanho \u2013 S\u00f3cio e diretor t\u00e9cnico da CSG ENGENHEIROS ASSOCIADOS LTDA<\/strong><\/p>\n<p>T\u00e9cnico em Edifica\u00e7\u00f5es formado pela Escola T\u00e9cnica Federal de S\u00e3o Paulo em 1975. Engenheiro Civil formado pela Faculdade de Engenharia da Funda\u00e7\u00e3o Armando Alvares Penteado em 1981. Aluno monitor da cadeira de Estabilidade das Constru\u00e7\u00f5es no ano de 1980. Estagi\u00e1rio de Engenharia Civil no Escrit\u00f3rio T\u00e9cnico Arthur Luiz Pitta de julho de 1980 a dezembro de 1981.<\/p>\n<p>Engenheiro Civil no Escrit\u00f3rio T\u00e9cnico Arthur Luiz Pitta de janeiro de 1981 a maio de 2003, onde atuou na \u00e1rea de projetos estruturais para ind\u00fastrias. S\u00f3cio e diretor t\u00e9cnico da CSG ENGENHEIROS ASSOCIADOS LTDA a partir de junho de 2003, empresa que atua na \u00e1rea de projetos estruturais para ind\u00fastrias e j\u00e1 projetou 43 silos. Auxiliar de ensino da cadeira de concreto armado da Faculdade de Engenharia da Funda\u00e7\u00e3o Armando Alvares Penteado de outubro de 1985 a janeiro de 2004. Professor Associado da cadeira de concreto armado da Faculdade de Engenharia da Funda\u00e7\u00e3o Armando Alvares Penteado de fevereiro de 2004 a janeiro de 2012.<\/p>\n<p><img loading=\"lazy\" decoding=\"async\" class=\"alignnone wp-image-91637 td-animation-stack-type0-2\" src=\"https:\/\/www.institutodeengenharia.org.br\/site\/wp-content\/uploads\/2022\/03\/tiagoq.png\" alt=\"\" width=\"191\" height=\"221\" \/><\/p>\n<p><strong>Tiago Garcia Carmona \u2013 Diretor da CARMONA Solu\u00e7\u00f5es de Engenharia<\/strong><\/p>\n<p>Engenheiro Civil pela Escola de Engenharia da Funda\u00e7\u00e3o Armando \u00c1lvares Penteado FAAP \u2013 1998. Mestre Em Engenharia pelo departamento de Estruturas da UNICAMP \u2013 2005. Diretor da ABECE \u2013 Associa\u00e7\u00e3o Brasileira de Engenharia e Consultoria de Estruturas. Professor das disciplinas de Concreto Armado e Patologia das constru\u00e7\u00f5es da Universidade Presbiteriana MACKENZIE. Diretor da CARMONA Solu\u00e7\u00f5es de Engenharia sendo respons\u00e1vel pelo projeto e fiscaliza\u00e7\u00e3o de obras industriais, comerciais e de Infraestrutura com experi\u00eancia em refor\u00e7o e recupera\u00e7\u00e3o estrutural.<\/p>\n<p><strong>Realiza\u00e7\u00e3o:<\/strong><\/p>\n<p><strong>Eng. Ivan Metran Whately<\/strong>\u00a0\u2013 Vice-Presidente de Atividades T\u00e9cnicas<\/p>\n<p><strong>Eng. Francisco Jos\u00e9 Pereira de Oliveira<\/strong>\u00a0\u2013 Diretor do Departamento de Desenvolvimento de Projeto e Servi\u00e7os de Infraestrutura<\/p>\n<p><strong>Eng. Rafael Timerman<\/strong>\u00a0\u2013 Coordenador da Divis\u00e3o T\u00e9cnica de Estruturas e Controle Tecnol\u00f3gico<\/p>\n<p><strong>Co-realiza\u00e7\u00e3o:<\/strong><\/p>\n<p><img loading=\"lazy\" decoding=\"async\" class=\"alignnone size-full wp-image-33660 td-animation-stack-type0-2\" src=\"https:\/\/www.institutodeengenharia.org.br\/site\/wp-content\/uploads\/2018\/03\/abece(57).jpg\" alt=\"\" width=\"123\" height=\"72\" \/><img loading=\"lazy\" decoding=\"async\" class=\"alignnone wp-image-84910 td-animation-stack-type0-2\" src=\"https:\/\/www.institutodeengenharia.org.br\/site\/wp-content\/uploads\/2021\/08\/ibracon.png\" alt=\"\" width=\"90\" height=\"90\" srcset=\"https:\/\/www.institutodeengenharia.org.br\/site\/wp-content\/uploads\/2021\/08\/ibracon.png 200w, https:\/\/www.institutodeengenharia.org.br\/site\/wp-content\/uploads\/2021\/08\/ibracon-150x150.png 150w, https:\/\/www.institutodeengenharia.org.br\/site\/wp-content\/uploads\/2021\/08\/ibracon-100x100.png 100w\" sizes=\"auto, (max-width: 90px) 100vw, 90px\" \/><\/p>\n<p><strong>Apoio Institucional:<\/strong><\/p>\n<p><img loading=\"lazy\" decoding=\"async\" class=\"alignnone wp-image-77696 td-animation-stack-type0-2\" src=\"https:\/\/www.institutodeengenharia.org.br\/site\/wp-content\/uploads\/2021\/02\/crea-300x211.jpg\" alt=\"\" width=\"151\" height=\"106\" srcset=\"https:\/\/www.institutodeengenharia.org.br\/site\/wp-content\/uploads\/2021\/02\/crea-300x211.jpg 300w, https:\/\/www.institutodeengenharia.org.br\/site\/wp-content\/uploads\/2021\/02\/crea-100x70.jpg 100w, https:\/\/www.institutodeengenharia.org.br\/site\/wp-content\/uploads\/2021\/02\/crea.jpg 448w\" sizes=\"auto, (max-width: 151px) 100vw, 151px\" \/><\/p>\n<p><strong>Apoio \u00e0 forma\u00e7\u00e3o:\u00a0<\/strong><\/p>\n<p>Espa\u00e7o aberto ao CREA-SP, objetivando o aperfei\u00e7oamento dos profissionais e o aprimoramento da fiscaliza\u00e7\u00e3o das \u00e1reas abrangidas pelo Sistema Confea\/CREAs, al\u00e9m de promover a conscientiza\u00e7\u00e3o da sociedade quanto \u00e0 necessidade e obrigatoriedade de contratar um profissional devidamente habilitado.<\/p>\n","protected":false},"excerpt":{"rendered":"<p>&nbsp; + Informa\u00e7\u00f5es:\u00a0\u00a0 Introdu\u00e7\u00e3o e principais tipologias; A\u00e7\u00f5es a considerar; Normaliza\u00e7\u00e3o internacional; An\u00e1lise estrutural; Projeto estrutural de Silos; Reabilita\u00e7\u00e3o de Silos \u2013 Recupera\u00e7\u00e3o e Refor\u00e7o. P\u00fablico-alvo: Estudantes de engenharia e engenheiros. Palestrantes: Percival Camanho \u2013 S\u00f3cio e diretor t\u00e9cnico da CSG ENGENHEIROS ASSOCIADOS LTDA T\u00e9cnico em Edifica\u00e7\u00f5es formado pela Escola T\u00e9cnica Federal de S\u00e3o Paulo [&hellip;]<\/p>\n","protected":false},"author":13,"featured_media":92061,"comment_status":"open","ping_status":"open","sticky":false,"template":"","format":"video","meta":{"footnotes":""},"categories":[968,969],"tags":[1176],"class_list":{"0":"post-92059","1":"post","2":"type-post","3":"status-publish","4":"format-video","5":"has-post-thumbnail","7":"category-nova-tv-engenharia","8":"category-palestra","9":"tag-video-home","10":"post_format-post-format-video"},"yoast_head":"<!-- This site is optimized with the Yoast SEO plugin v27.2 - https:\/\/yoast.com\/product\/yoast-seo-wordpress\/ -->\n<title>Silos de concreto - An\u00e1lise, projeto e reabilita\u00e7\u00e3o - Instituto de Engenharia<\/title>\n<meta name=\"robots\" content=\"index, follow, max-snippet:-1, max-image-preview:large, max-video-preview:-1\" \/>\n<link rel=\"canonical\" href=\"https:\/\/www.institutodeengenharia.org.br\/site\/2022\/04\/18\/silos-de-concreto-analise-projeto-e-reabilitacao\/\" \/>\n<meta property=\"og:locale\" content=\"pt_BR\" \/>\n<meta property=\"og:type\" content=\"article\" \/>\n<meta property=\"og:title\" content=\"Silos de concreto - An\u00e1lise, projeto e reabilita\u00e7\u00e3o\" \/>\n<meta property=\"og:description\" content=\"Assista \u00e0 grava\u00e7\u00e3o do evento\" \/>\n<meta property=\"og:url\" content=\"https:\/\/www.institutodeengenharia.org.br\/site\/2022\/04\/18\/silos-de-concreto-analise-projeto-e-reabilitacao\/\" \/>\n<meta property=\"og:site_name\" content=\"Instituto de Engenharia\" \/>\n<meta property=\"article:publisher\" content=\"https:\/\/www.facebook.com\/institutodeengenharia\" \/>\n<meta property=\"article:published_time\" content=\"2022-04-18T14:27:44+00:00\" \/>\n<meta property=\"og:image\" content=\"https:\/\/www.institutodeengenharia.org.br\/site\/wp-content\/uploads\/2022\/04\/Design-sem-nome-21.jpg\" \/>\n\t<meta property=\"og:image:width\" content=\"1920\" \/>\n\t<meta property=\"og:image:height\" content=\"1080\" \/>\n\t<meta property=\"og:image:type\" content=\"image\/jpeg\" \/>\n<meta name=\"author\" content=\"Bianca\" \/>\n<meta name=\"twitter:card\" content=\"summary_large_image\" \/>\n<meta name=\"twitter:title\" content=\"Silos de concreto - An\u00e1lise, projeto e reabilita\u00e7\u00e3o\" \/>\n<meta name=\"twitter:description\" content=\"Assista \u00e0 grava\u00e7\u00e3o do evento\" \/>\n<meta name=\"twitter:image\" content=\"https:\/\/www.institutodeengenharia.org.br\/site\/wp-content\/uploads\/2022\/04\/Design-sem-nome-21.jpg\" \/>\n<meta name=\"twitter:creator\" content=\"@iengenharia\" \/>\n<meta name=\"twitter:site\" content=\"@iengenharia\" \/>\n<meta name=\"twitter:label1\" content=\"Escrito por\" \/>\n\t<meta name=\"twitter:data1\" content=\"Bianca\" \/>\n\t<meta name=\"twitter:label2\" content=\"Est. tempo de leitura\" \/>\n\t<meta name=\"twitter:data2\" content=\"4 minutos\" \/>\n<script type=\"application\/ld+json\" class=\"yoast-schema-graph\">{\"@context\":\"https:\/\/schema.org\",\"@graph\":[{\"@type\":\"Article\",\"@id\":\"https:\/\/www.institutodeengenharia.org.br\/site\/2022\/04\/18\/silos-de-concreto-analise-projeto-e-reabilitacao\/#article\",\"isPartOf\":{\"@id\":\"https:\/\/www.institutodeengenharia.org.br\/site\/2022\/04\/18\/silos-de-concreto-analise-projeto-e-reabilitacao\/\"},\"author\":{\"name\":\"Bianca\",\"@id\":\"https:\/\/www.institutodeengenharia.org.br\/site\/#\/schema\/person\/aeb64951c405e100d26d30b033dd423f\"},\"headline\":\"Silos de concreto &#8211; An\u00e1lise, projeto e reabilita\u00e7\u00e3o\",\"datePublished\":\"2022-04-18T14:27:44+00:00\",\"mainEntityOfPage\":{\"@id\":\"https:\/\/www.institutodeengenharia.org.br\/site\/2022\/04\/18\/silos-de-concreto-analise-projeto-e-reabilitacao\/\"},\"wordCount\":412,\"commentCount\":0,\"publisher\":{\"@id\":\"https:\/\/www.institutodeengenharia.org.br\/site\/#organization\"},\"image\":{\"@id\":\"https:\/\/www.institutodeengenharia.org.br\/site\/2022\/04\/18\/silos-de-concreto-analise-projeto-e-reabilitacao\/#primaryimage\"},\"thumbnailUrl\":\"https:\/\/www.institutodeengenharia.org.br\/site\/wp-content\/uploads\/2022\/04\/Design-sem-nome-21.jpg\",\"keywords\":[\"video-home\"],\"articleSection\":[\"Nova TV Engenharia\",\"Palestra\"],\"inLanguage\":\"pt-BR\",\"potentialAction\":[{\"@type\":\"CommentAction\",\"name\":\"Comment\",\"target\":[\"https:\/\/www.institutodeengenharia.org.br\/site\/2022\/04\/18\/silos-de-concreto-analise-projeto-e-reabilitacao\/#respond\"]}]},{\"@type\":\"WebPage\",\"@id\":\"https:\/\/www.institutodeengenharia.org.br\/site\/2022\/04\/18\/silos-de-concreto-analise-projeto-e-reabilitacao\/\",\"url\":\"https:\/\/www.institutodeengenharia.org.br\/site\/2022\/04\/18\/silos-de-concreto-analise-projeto-e-reabilitacao\/\",\"name\":\"Silos de concreto - An\u00e1lise, projeto e reabilita\u00e7\u00e3o - Instituto de Engenharia\",\"isPartOf\":{\"@id\":\"https:\/\/www.institutodeengenharia.org.br\/site\/#website\"},\"primaryImageOfPage\":{\"@id\":\"https:\/\/www.institutodeengenharia.org.br\/site\/2022\/04\/18\/silos-de-concreto-analise-projeto-e-reabilitacao\/#primaryimage\"},\"image\":{\"@id\":\"https:\/\/www.institutodeengenharia.org.br\/site\/2022\/04\/18\/silos-de-concreto-analise-projeto-e-reabilitacao\/#primaryimage\"},\"thumbnailUrl\":\"https:\/\/www.institutodeengenharia.org.br\/site\/wp-content\/uploads\/2022\/04\/Design-sem-nome-21.jpg\",\"datePublished\":\"2022-04-18T14:27:44+00:00\",\"breadcrumb\":{\"@id\":\"https:\/\/www.institutodeengenharia.org.br\/site\/2022\/04\/18\/silos-de-concreto-analise-projeto-e-reabilitacao\/#breadcrumb\"},\"inLanguage\":\"pt-BR\",\"potentialAction\":[{\"@type\":\"ReadAction\",\"target\":[\"https:\/\/www.institutodeengenharia.org.br\/site\/2022\/04\/18\/silos-de-concreto-analise-projeto-e-reabilitacao\/\"]}]},{\"@type\":\"ImageObject\",\"inLanguage\":\"pt-BR\",\"@id\":\"https:\/\/www.institutodeengenharia.org.br\/site\/2022\/04\/18\/silos-de-concreto-analise-projeto-e-reabilitacao\/#primaryimage\",\"url\":\"https:\/\/www.institutodeengenharia.org.br\/site\/wp-content\/uploads\/2022\/04\/Design-sem-nome-21.jpg\",\"contentUrl\":\"https:\/\/www.institutodeengenharia.org.br\/site\/wp-content\/uploads\/2022\/04\/Design-sem-nome-21.jpg\",\"width\":1920,\"height\":1080},{\"@type\":\"BreadcrumbList\",\"@id\":\"https:\/\/www.institutodeengenharia.org.br\/site\/2022\/04\/18\/silos-de-concreto-analise-projeto-e-reabilitacao\/#breadcrumb\",\"itemListElement\":[{\"@type\":\"ListItem\",\"position\":1,\"name\":\"In\u00edcio\",\"item\":\"https:\/\/www.institutodeengenharia.org.br\/site\/\"},{\"@type\":\"ListItem\",\"position\":2,\"name\":\"Silos de concreto &#8211; An\u00e1lise, projeto e reabilita\u00e7\u00e3o\"}]},{\"@type\":\"WebSite\",\"@id\":\"https:\/\/www.institutodeengenharia.org.br\/site\/#website\",\"url\":\"https:\/\/www.institutodeengenharia.org.br\/site\/\",\"name\":\"Instituto de Engenharia\",\"description\":\"O Instituto de Engenharia promove a Engenharia em benef\u00edcio do desenvolvimento e da qualidade de vida da sociedade.\",\"publisher\":{\"@id\":\"https:\/\/www.institutodeengenharia.org.br\/site\/#organization\"},\"potentialAction\":[{\"@type\":\"SearchAction\",\"target\":{\"@type\":\"EntryPoint\",\"urlTemplate\":\"https:\/\/www.institutodeengenharia.org.br\/site\/?s={search_term_string}\"},\"query-input\":{\"@type\":\"PropertyValueSpecification\",\"valueRequired\":true,\"valueName\":\"search_term_string\"}}],\"inLanguage\":\"pt-BR\"},{\"@type\":\"Organization\",\"@id\":\"https:\/\/www.institutodeengenharia.org.br\/site\/#organization\",\"name\":\"Instituto de Engenharia\",\"url\":\"https:\/\/www.institutodeengenharia.org.br\/site\/\",\"logo\":{\"@type\":\"ImageObject\",\"inLanguage\":\"pt-BR\",\"@id\":\"https:\/\/www.institutodeengenharia.org.br\/site\/#\/schema\/logo\/image\/\",\"url\":\"https:\/\/www.institutodeengenharia.org.br\/site\/wp-content\/uploads\/2019\/03\/logo-novo-IE2018-1.jpg\",\"contentUrl\":\"https:\/\/www.institutodeengenharia.org.br\/site\/wp-content\/uploads\/2019\/03\/logo-novo-IE2018-1.jpg\",\"width\":1486,\"height\":1879,\"caption\":\"Instituto de Engenharia\"},\"image\":{\"@id\":\"https:\/\/www.institutodeengenharia.org.br\/site\/#\/schema\/logo\/image\/\"},\"sameAs\":[\"https:\/\/www.facebook.com\/institutodeengenharia\",\"https:\/\/x.com\/iengenharia\",\"https:\/\/www.instagram.com\/institutodeengenharia\/\",\"https:\/\/www.linkedin.com\/company\/instituto-de-engenharia\/\",\"https:\/\/www.youtube.com\/channel\/UCXiCAlsSMe977vamW915HxA\"]},{\"@type\":\"Person\",\"@id\":\"https:\/\/www.institutodeengenharia.org.br\/site\/#\/schema\/person\/aeb64951c405e100d26d30b033dd423f\",\"name\":\"Bianca\",\"image\":{\"@type\":\"ImageObject\",\"inLanguage\":\"pt-BR\",\"@id\":\"https:\/\/secure.gravatar.com\/avatar\/a6fbe9bff57405baf4c1e2c5c1811e072b558253974a9f9508f4678900c97c2a?s=96&d=mm&r=g\",\"url\":\"https:\/\/secure.gravatar.com\/avatar\/a6fbe9bff57405baf4c1e2c5c1811e072b558253974a9f9508f4678900c97c2a?s=96&d=mm&r=g\",\"contentUrl\":\"https:\/\/secure.gravatar.com\/avatar\/a6fbe9bff57405baf4c1e2c5c1811e072b558253974a9f9508f4678900c97c2a?s=96&d=mm&r=g\",\"caption\":\"Bianca\"},\"url\":\"https:\/\/www.institutodeengenharia.org.br\/site\/author\/comunicacao1\/\"}]}<\/script>\n<!-- \/ Yoast SEO plugin. -->","yoast_head_json":{"title":"Silos de concreto - An\u00e1lise, projeto e reabilita\u00e7\u00e3o - Instituto de Engenharia","robots":{"index":"index","follow":"follow","max-snippet":"max-snippet:-1","max-image-preview":"max-image-preview:large","max-video-preview":"max-video-preview:-1"},"canonical":"https:\/\/www.institutodeengenharia.org.br\/site\/2022\/04\/18\/silos-de-concreto-analise-projeto-e-reabilitacao\/","og_locale":"pt_BR","og_type":"article","og_title":"Silos de concreto - An\u00e1lise, projeto e reabilita\u00e7\u00e3o","og_description":"Assista \u00e0 grava\u00e7\u00e3o do evento","og_url":"https:\/\/www.institutodeengenharia.org.br\/site\/2022\/04\/18\/silos-de-concreto-analise-projeto-e-reabilitacao\/","og_site_name":"Instituto de Engenharia","article_publisher":"https:\/\/www.facebook.com\/institutodeengenharia","article_published_time":"2022-04-18T14:27:44+00:00","og_image":[{"width":1920,"height":1080,"url":"https:\/\/www.institutodeengenharia.org.br\/site\/wp-content\/uploads\/2022\/04\/Design-sem-nome-21.jpg","type":"image\/jpeg"}],"author":"Bianca","twitter_card":"summary_large_image","twitter_title":"Silos de concreto - An\u00e1lise, projeto e reabilita\u00e7\u00e3o","twitter_description":"Assista \u00e0 grava\u00e7\u00e3o do evento","twitter_image":"https:\/\/www.institutodeengenharia.org.br\/site\/wp-content\/uploads\/2022\/04\/Design-sem-nome-21.jpg","twitter_creator":"@iengenharia","twitter_site":"@iengenharia","twitter_misc":{"Escrito por":"Bianca","Est. tempo de leitura":"4 minutos"},"schema":{"@context":"https:\/\/schema.org","@graph":[{"@type":"Article","@id":"https:\/\/www.institutodeengenharia.org.br\/site\/2022\/04\/18\/silos-de-concreto-analise-projeto-e-reabilitacao\/#article","isPartOf":{"@id":"https:\/\/www.institutodeengenharia.org.br\/site\/2022\/04\/18\/silos-de-concreto-analise-projeto-e-reabilitacao\/"},"author":{"name":"Bianca","@id":"https:\/\/www.institutodeengenharia.org.br\/site\/#\/schema\/person\/aeb64951c405e100d26d30b033dd423f"},"headline":"Silos de concreto &#8211; An\u00e1lise, projeto e reabilita\u00e7\u00e3o","datePublished":"2022-04-18T14:27:44+00:00","mainEntityOfPage":{"@id":"https:\/\/www.institutodeengenharia.org.br\/site\/2022\/04\/18\/silos-de-concreto-analise-projeto-e-reabilitacao\/"},"wordCount":412,"commentCount":0,"publisher":{"@id":"https:\/\/www.institutodeengenharia.org.br\/site\/#organization"},"image":{"@id":"https:\/\/www.institutodeengenharia.org.br\/site\/2022\/04\/18\/silos-de-concreto-analise-projeto-e-reabilitacao\/#primaryimage"},"thumbnailUrl":"https:\/\/www.institutodeengenharia.org.br\/site\/wp-content\/uploads\/2022\/04\/Design-sem-nome-21.jpg","keywords":["video-home"],"articleSection":["Nova TV Engenharia","Palestra"],"inLanguage":"pt-BR","potentialAction":[{"@type":"CommentAction","name":"Comment","target":["https:\/\/www.institutodeengenharia.org.br\/site\/2022\/04\/18\/silos-de-concreto-analise-projeto-e-reabilitacao\/#respond"]}]},{"@type":"WebPage","@id":"https:\/\/www.institutodeengenharia.org.br\/site\/2022\/04\/18\/silos-de-concreto-analise-projeto-e-reabilitacao\/","url":"https:\/\/www.institutodeengenharia.org.br\/site\/2022\/04\/18\/silos-de-concreto-analise-projeto-e-reabilitacao\/","name":"Silos de concreto - An\u00e1lise, projeto e reabilita\u00e7\u00e3o - Instituto de Engenharia","isPartOf":{"@id":"https:\/\/www.institutodeengenharia.org.br\/site\/#website"},"primaryImageOfPage":{"@id":"https:\/\/www.institutodeengenharia.org.br\/site\/2022\/04\/18\/silos-de-concreto-analise-projeto-e-reabilitacao\/#primaryimage"},"image":{"@id":"https:\/\/www.institutodeengenharia.org.br\/site\/2022\/04\/18\/silos-de-concreto-analise-projeto-e-reabilitacao\/#primaryimage"},"thumbnailUrl":"https:\/\/www.institutodeengenharia.org.br\/site\/wp-content\/uploads\/2022\/04\/Design-sem-nome-21.jpg","datePublished":"2022-04-18T14:27:44+00:00","breadcrumb":{"@id":"https:\/\/www.institutodeengenharia.org.br\/site\/2022\/04\/18\/silos-de-concreto-analise-projeto-e-reabilitacao\/#breadcrumb"},"inLanguage":"pt-BR","potentialAction":[{"@type":"ReadAction","target":["https:\/\/www.institutodeengenharia.org.br\/site\/2022\/04\/18\/silos-de-concreto-analise-projeto-e-reabilitacao\/"]}]},{"@type":"ImageObject","inLanguage":"pt-BR","@id":"https:\/\/www.institutodeengenharia.org.br\/site\/2022\/04\/18\/silos-de-concreto-analise-projeto-e-reabilitacao\/#primaryimage","url":"https:\/\/www.institutodeengenharia.org.br\/site\/wp-content\/uploads\/2022\/04\/Design-sem-nome-21.jpg","contentUrl":"https:\/\/www.institutodeengenharia.org.br\/site\/wp-content\/uploads\/2022\/04\/Design-sem-nome-21.jpg","width":1920,"height":1080},{"@type":"BreadcrumbList","@id":"https:\/\/www.institutodeengenharia.org.br\/site\/2022\/04\/18\/silos-de-concreto-analise-projeto-e-reabilitacao\/#breadcrumb","itemListElement":[{"@type":"ListItem","position":1,"name":"In\u00edcio","item":"https:\/\/www.institutodeengenharia.org.br\/site\/"},{"@type":"ListItem","position":2,"name":"Silos de concreto &#8211; An\u00e1lise, projeto e reabilita\u00e7\u00e3o"}]},{"@type":"WebSite","@id":"https:\/\/www.institutodeengenharia.org.br\/site\/#website","url":"https:\/\/www.institutodeengenharia.org.br\/site\/","name":"Instituto de Engenharia","description":"O Instituto de Engenharia promove a Engenharia em benef\u00edcio do desenvolvimento e da qualidade de vida da sociedade.","publisher":{"@id":"https:\/\/www.institutodeengenharia.org.br\/site\/#organization"},"potentialAction":[{"@type":"SearchAction","target":{"@type":"EntryPoint","urlTemplate":"https:\/\/www.institutodeengenharia.org.br\/site\/?s={search_term_string}"},"query-input":{"@type":"PropertyValueSpecification","valueRequired":true,"valueName":"search_term_string"}}],"inLanguage":"pt-BR"},{"@type":"Organization","@id":"https:\/\/www.institutodeengenharia.org.br\/site\/#organization","name":"Instituto de Engenharia","url":"https:\/\/www.institutodeengenharia.org.br\/site\/","logo":{"@type":"ImageObject","inLanguage":"pt-BR","@id":"https:\/\/www.institutodeengenharia.org.br\/site\/#\/schema\/logo\/image\/","url":"https:\/\/www.institutodeengenharia.org.br\/site\/wp-content\/uploads\/2019\/03\/logo-novo-IE2018-1.jpg","contentUrl":"https:\/\/www.institutodeengenharia.org.br\/site\/wp-content\/uploads\/2019\/03\/logo-novo-IE2018-1.jpg","width":1486,"height":1879,"caption":"Instituto de Engenharia"},"image":{"@id":"https:\/\/www.institutodeengenharia.org.br\/site\/#\/schema\/logo\/image\/"},"sameAs":["https:\/\/www.facebook.com\/institutodeengenharia","https:\/\/x.com\/iengenharia","https:\/\/www.instagram.com\/institutodeengenharia\/","https:\/\/www.linkedin.com\/company\/instituto-de-engenharia\/","https:\/\/www.youtube.com\/channel\/UCXiCAlsSMe977vamW915HxA"]},{"@type":"Person","@id":"https:\/\/www.institutodeengenharia.org.br\/site\/#\/schema\/person\/aeb64951c405e100d26d30b033dd423f","name":"Bianca","image":{"@type":"ImageObject","inLanguage":"pt-BR","@id":"https:\/\/secure.gravatar.com\/avatar\/a6fbe9bff57405baf4c1e2c5c1811e072b558253974a9f9508f4678900c97c2a?s=96&d=mm&r=g","url":"https:\/\/secure.gravatar.com\/avatar\/a6fbe9bff57405baf4c1e2c5c1811e072b558253974a9f9508f4678900c97c2a?s=96&d=mm&r=g","contentUrl":"https:\/\/secure.gravatar.com\/avatar\/a6fbe9bff57405baf4c1e2c5c1811e072b558253974a9f9508f4678900c97c2a?s=96&d=mm&r=g","caption":"Bianca"},"url":"https:\/\/www.institutodeengenharia.org.br\/site\/author\/comunicacao1\/"}]}},"_links":{"self":[{"href":"https:\/\/www.institutodeengenharia.org.br\/site\/wp-json\/wp\/v2\/posts\/92059","targetHints":{"allow":["GET"]}}],"collection":[{"href":"https:\/\/www.institutodeengenharia.org.br\/site\/wp-json\/wp\/v2\/posts"}],"about":[{"href":"https:\/\/www.institutodeengenharia.org.br\/site\/wp-json\/wp\/v2\/types\/post"}],"author":[{"embeddable":true,"href":"https:\/\/www.institutodeengenharia.org.br\/site\/wp-json\/wp\/v2\/users\/13"}],"replies":[{"embeddable":true,"href":"https:\/\/www.institutodeengenharia.org.br\/site\/wp-json\/wp\/v2\/comments?post=92059"}],"version-history":[{"count":1,"href":"https:\/\/www.institutodeengenharia.org.br\/site\/wp-json\/wp\/v2\/posts\/92059\/revisions"}],"predecessor-version":[{"id":92062,"href":"https:\/\/www.institutodeengenharia.org.br\/site\/wp-json\/wp\/v2\/posts\/92059\/revisions\/92062"}],"wp:featuredmedia":[{"embeddable":true,"href":"https:\/\/www.institutodeengenharia.org.br\/site\/wp-json\/wp\/v2\/media\/92061"}],"wp:attachment":[{"href":"https:\/\/www.institutodeengenharia.org.br\/site\/wp-json\/wp\/v2\/media?parent=92059"}],"wp:term":[{"taxonomy":"category","embeddable":true,"href":"https:\/\/www.institutodeengenharia.org.br\/site\/wp-json\/wp\/v2\/categories?post=92059"},{"taxonomy":"post_tag","embeddable":true,"href":"https:\/\/www.institutodeengenharia.org.br\/site\/wp-json\/wp\/v2\/tags?post=92059"}],"curies":[{"name":"wp","href":"https:\/\/api.w.org\/{rel}","templated":true}]}}