{"id":91971,"date":"2022-04-13T14:47:26","date_gmt":"2022-04-13T17:47:26","guid":{"rendered":"https:\/\/www.institutodeengenharia.org.br\/site\/?p=91971"},"modified":"2022-04-14T10:49:53","modified_gmt":"2022-04-14T13:49:53","slug":"associado-ao-ie-ha-quase-75-anos-robert-schoueri-completa-100-anos-de-vida","status":"publish","type":"post","link":"https:\/\/www.institutodeengenharia.org.br\/site\/2022\/04\/13\/associado-ao-ie-ha-quase-75-anos-robert-schoueri-completa-100-anos-de-vida\/","title":{"rendered":"Associado ao IE h\u00e1 quase 75 anos, Robert Schoueri completa 100 anos de vida"},"content":{"rendered":"<p><iframe loading=\"lazy\" src=\"https:\/\/player.vimeo.com\/video\/699269104?h=6cfd6a8386\" width=\"640\" height=\"360\" frameborder=\"0\" allowfullscreen=\"allowfullscreen\"><\/iframe><\/p>\n<p>Robert Schoueri, que completa 100 anos de vida hoje (13) de abril, \u00e9 associado ao Instituto de Engenharia desde 1947.<\/p>\n<p><img loading=\"lazy\" decoding=\"async\" class=\" wp-image-91973 alignleft\" src=\"https:\/\/www.institutodeengenharia.org.br\/site\/wp-content\/uploads\/2022\/04\/WhatsApp-Image-2022-04-13-at-14.42.15-225x300.jpeg\" alt=\"\" width=\"335\" height=\"447\" srcset=\"https:\/\/www.institutodeengenharia.org.br\/site\/wp-content\/uploads\/2022\/04\/WhatsApp-Image-2022-04-13-at-14.42.15-225x300.jpeg 225w, https:\/\/www.institutodeengenharia.org.br\/site\/wp-content\/uploads\/2022\/04\/WhatsApp-Image-2022-04-13-at-14.42.15-768x1024.jpeg 768w, https:\/\/www.institutodeengenharia.org.br\/site\/wp-content\/uploads\/2022\/04\/WhatsApp-Image-2022-04-13-at-14.42.15-696x928.jpeg 696w, https:\/\/www.institutodeengenharia.org.br\/site\/wp-content\/uploads\/2022\/04\/WhatsApp-Image-2022-04-13-at-14.42.15-315x420.jpeg 315w, https:\/\/www.institutodeengenharia.org.br\/site\/wp-content\/uploads\/2022\/04\/WhatsApp-Image-2022-04-13-at-14.42.15-600x800.jpeg 600w, https:\/\/www.institutodeengenharia.org.br\/site\/wp-content\/uploads\/2022\/04\/WhatsApp-Image-2022-04-13-at-14.42.15.jpeg 780w\" sizes=\"auto, (max-width: 335px) 100vw, 335px\" \/>Formado em Engenharia Civil, pela Universidade Presbiteriana Mackenzie, em 1946, \u00e9 fluente em quatro idiomas (portugu\u00eas, ingl\u00eas, franc\u00eas e espanhol).<\/p>\n<p>Ap\u00f3s se formar, fez uma longa viagem com a m\u00e3e ao Egito, L\u00edbano e v\u00e1rios pa\u00edses da Europa, onde estagiou em f\u00e1bricas t\u00eaxteis e empresas de engenharia. Ao voltar, no in\u00edcio da d\u00e9cada de 1950, passou a se dedicar \u00e0 ind\u00fastria fundada pelo pai, a F\u00e1brica de Fios e Linhas Marte.<\/p>\n<p>Mesmo sendo engenheiro Civil, destacou-se como administrador industrial no setor t\u00eaxtil, e seu esp\u00edrito de lideran\u00e7a levou-o a integrar a diretoria da Federa\u00e7\u00e3o das Ind\u00fastrias do Estado de S\u00e3o Paulo (Fiesp). L\u00e1, exerceu a presid\u00eancia do seu Conselho de Produtividade, tornando-se representante do Sindit\u00eaxtil.<\/p>\n<p>Ap\u00f3s assumir a Fios e Linhas Marte, Schoeuri fundou as empresas Sanin Mercantil e Sanin Fios e Linhas.<\/p>\n<p>De perfil idealizador e ainda atuante, tem dedicado boa parte da vida profissional nos \u00faltimos 40 anos a debates e a\u00e7\u00f5es voltadas ao desenvolvimento dos pequenos neg\u00f3cios e ao incremento do com\u00e9rcio exterior, sendo o grande inspirador da cria\u00e7\u00e3o do Conselho Brasileiro das Empresas Comerciais Importadoras e Exportadoras (Ceciex) da ACSP.<\/p>\n<p>Descendente de libaneses nascido na antiga Maternidade S\u00e3o Paulo, Schoueri \u00e9 casado com Maria L\u00facia desde 1954, tem nove netos e \u00e9 pai de Maria Alice, Ant\u00f4nio Carlos, Roberto Jr., Paulo Henrique, diretor e conselheiro da Fiesp, e do Prof.Luiz Eduardo, coordenador do Conselho de Altos Estudos de Finan\u00e7as e Tributa\u00e7\u00e3o (Caeft) da ACSP.<\/p>\n<p>Parab\u00e9ns, Robert Schoueri \u00e9 uma honra ao Instituto de Engenharia ter um profissional t\u00e3o atuante e que tanto contribuiu para o desenvolvimento de nosso Pa\u00eds.<\/p>\n<p>&nbsp;<\/p>\n<p><em>Fonte: Di\u00e1rio do Com\u00e9rcio<\/em><\/p>\n<p>&nbsp;<\/p>\n","protected":false},"excerpt":{"rendered":"<p>Robert Schoueri, que completa 100 anos de vida hoje (13) de abril, \u00e9 associado ao Instituto de Engenharia desde 1947. Formado em Engenharia Civil, pela Universidade Presbiteriana Mackenzie, em 1946, \u00e9 fluente em quatro idiomas (portugu\u00eas, ingl\u00eas, franc\u00eas e espanhol). Ap\u00f3s se formar, fez uma longa viagem com a m\u00e3e ao Egito, L\u00edbano e v\u00e1rios [&hellip;]<\/p>\n","protected":false},"author":2,"featured_media":91972,"comment_status":"open","ping_status":"open","sticky":false,"template":"","format":"standard","meta":{"footnotes":""},"categories":[1152,6,1],"tags":[202],"class_list":{"0":"post-91971","1":"post","2":"type-post","3":"status-publish","4":"format-standard","5":"has-post-thumbnail","7":"category-105-anos-ie","8":"category-noticias","9":"category-sem-categoria","10":"tag-destaque"},"yoast_head":"<!-- This site is optimized with the Yoast SEO plugin v27.2 - https:\/\/yoast.com\/product\/yoast-seo-wordpress\/ -->\n<title>Associado ao IE h\u00e1 quase 75 anos, Robert Schoueri completa 100 anos de vida - Instituto de Engenharia<\/title>\n<meta name=\"robots\" content=\"index, follow, max-snippet:-1, max-image-preview:large, max-video-preview:-1\" \/>\n<link rel=\"canonical\" href=\"https:\/\/www.institutodeengenharia.org.br\/site\/2022\/04\/13\/associado-ao-ie-ha-quase-75-anos-robert-schoueri-completa-100-anos-de-vida\/\" \/>\n<meta property=\"og:locale\" content=\"pt_BR\" \/>\n<meta property=\"og:type\" content=\"article\" \/>\n<meta property=\"og:title\" content=\"Associado ao IE h\u00e1 quase 75 anos, Robert Schoueri completa 100 anos de vida - Instituto de Engenharia\" \/>\n<meta property=\"og:description\" content=\"Robert Schoueri, que completa 100 anos de vida hoje (13) de abril, \u00e9 associado ao Instituto de Engenharia desde 1947. Formado em Engenharia Civil, pela Universidade Presbiteriana Mackenzie, em 1946, \u00e9 fluente em quatro idiomas (portugu\u00eas, ingl\u00eas, franc\u00eas e espanhol). Ap\u00f3s se formar, fez uma longa viagem com a m\u00e3e ao Egito, L\u00edbano e v\u00e1rios [&hellip;]\" \/>\n<meta property=\"og:url\" content=\"https:\/\/www.institutodeengenharia.org.br\/site\/2022\/04\/13\/associado-ao-ie-ha-quase-75-anos-robert-schoueri-completa-100-anos-de-vida\/\" \/>\n<meta property=\"og:site_name\" content=\"Instituto de Engenharia\" \/>\n<meta property=\"article:publisher\" content=\"https:\/\/www.facebook.com\/institutodeengenharia\" \/>\n<meta property=\"article:published_time\" content=\"2022-04-13T17:47:26+00:00\" \/>\n<meta property=\"article:modified_time\" content=\"2022-04-14T13:49:53+00:00\" \/>\n<meta property=\"og:image\" content=\"https:\/\/www.institutodeengenharia.org.br\/site\/wp-content\/uploads\/2022\/04\/WhatsApp-Image-2022-04-13-at-14.22.45.jpeg\" \/>\n\t<meta property=\"og:image:width\" content=\"745\" \/>\n\t<meta property=\"og:image:height\" content=\"372\" \/>\n\t<meta property=\"og:image:type\" content=\"image\/jpeg\" \/>\n<meta name=\"author\" content=\"Isabel\" \/>\n<meta name=\"twitter:card\" content=\"summary_large_image\" \/>\n<meta name=\"twitter:creator\" content=\"@iengenharia\" \/>\n<meta name=\"twitter:site\" content=\"@iengenharia\" \/>\n<meta name=\"twitter:label1\" content=\"Escrito por\" \/>\n\t<meta name=\"twitter:data1\" content=\"Isabel\" \/>\n\t<meta name=\"twitter:label2\" content=\"Est. tempo de leitura\" \/>\n\t<meta name=\"twitter:data2\" content=\"2 minutos\" \/>\n<script type=\"application\/ld+json\" class=\"yoast-schema-graph\">{\"@context\":\"https:\/\/schema.org\",\"@graph\":[{\"@type\":\"Article\",\"@id\":\"https:\/\/www.institutodeengenharia.org.br\/site\/2022\/04\/13\/associado-ao-ie-ha-quase-75-anos-robert-schoueri-completa-100-anos-de-vida\/#article\",\"isPartOf\":{\"@id\":\"https:\/\/www.institutodeengenharia.org.br\/site\/2022\/04\/13\/associado-ao-ie-ha-quase-75-anos-robert-schoueri-completa-100-anos-de-vida\/\"},\"author\":{\"name\":\"Isabel\",\"@id\":\"https:\/\/www.institutodeengenharia.org.br\/site\/#\/schema\/person\/d1764429c217aaa88954818c8f9a3036\"},\"headline\":\"Associado ao IE h\u00e1 quase 75 anos, Robert Schoueri completa 100 anos de vida\",\"datePublished\":\"2022-04-13T17:47:26+00:00\",\"dateModified\":\"2022-04-14T13:49:53+00:00\",\"mainEntityOfPage\":{\"@id\":\"https:\/\/www.institutodeengenharia.org.br\/site\/2022\/04\/13\/associado-ao-ie-ha-quase-75-anos-robert-schoueri-completa-100-anos-de-vida\/\"},\"wordCount\":326,\"commentCount\":0,\"publisher\":{\"@id\":\"https:\/\/www.institutodeengenharia.org.br\/site\/#organization\"},\"image\":{\"@id\":\"https:\/\/www.institutodeengenharia.org.br\/site\/2022\/04\/13\/associado-ao-ie-ha-quase-75-anos-robert-schoueri-completa-100-anos-de-vida\/#primaryimage\"},\"thumbnailUrl\":\"https:\/\/www.institutodeengenharia.org.br\/site\/wp-content\/uploads\/2022\/04\/WhatsApp-Image-2022-04-13-at-14.22.45.jpeg\",\"keywords\":[\"+ Destaque\"],\"articleSection\":[\"105 anos IE\",\"Not\u00edcias\"],\"inLanguage\":\"pt-BR\",\"potentialAction\":[{\"@type\":\"CommentAction\",\"name\":\"Comment\",\"target\":[\"https:\/\/www.institutodeengenharia.org.br\/site\/2022\/04\/13\/associado-ao-ie-ha-quase-75-anos-robert-schoueri-completa-100-anos-de-vida\/#respond\"]}]},{\"@type\":\"WebPage\",\"@id\":\"https:\/\/www.institutodeengenharia.org.br\/site\/2022\/04\/13\/associado-ao-ie-ha-quase-75-anos-robert-schoueri-completa-100-anos-de-vida\/\",\"url\":\"https:\/\/www.institutodeengenharia.org.br\/site\/2022\/04\/13\/associado-ao-ie-ha-quase-75-anos-robert-schoueri-completa-100-anos-de-vida\/\",\"name\":\"Associado ao IE h\u00e1 quase 75 anos, Robert Schoueri completa 100 anos de vida - Instituto de Engenharia\",\"isPartOf\":{\"@id\":\"https:\/\/www.institutodeengenharia.org.br\/site\/#website\"},\"primaryImageOfPage\":{\"@id\":\"https:\/\/www.institutodeengenharia.org.br\/site\/2022\/04\/13\/associado-ao-ie-ha-quase-75-anos-robert-schoueri-completa-100-anos-de-vida\/#primaryimage\"},\"image\":{\"@id\":\"https:\/\/www.institutodeengenharia.org.br\/site\/2022\/04\/13\/associado-ao-ie-ha-quase-75-anos-robert-schoueri-completa-100-anos-de-vida\/#primaryimage\"},\"thumbnailUrl\":\"https:\/\/www.institutodeengenharia.org.br\/site\/wp-content\/uploads\/2022\/04\/WhatsApp-Image-2022-04-13-at-14.22.45.jpeg\",\"datePublished\":\"2022-04-13T17:47:26+00:00\",\"dateModified\":\"2022-04-14T13:49:53+00:00\",\"breadcrumb\":{\"@id\":\"https:\/\/www.institutodeengenharia.org.br\/site\/2022\/04\/13\/associado-ao-ie-ha-quase-75-anos-robert-schoueri-completa-100-anos-de-vida\/#breadcrumb\"},\"inLanguage\":\"pt-BR\",\"potentialAction\":[{\"@type\":\"ReadAction\",\"target\":[\"https:\/\/www.institutodeengenharia.org.br\/site\/2022\/04\/13\/associado-ao-ie-ha-quase-75-anos-robert-schoueri-completa-100-anos-de-vida\/\"]}]},{\"@type\":\"ImageObject\",\"inLanguage\":\"pt-BR\",\"@id\":\"https:\/\/www.institutodeengenharia.org.br\/site\/2022\/04\/13\/associado-ao-ie-ha-quase-75-anos-robert-schoueri-completa-100-anos-de-vida\/#primaryimage\",\"url\":\"https:\/\/www.institutodeengenharia.org.br\/site\/wp-content\/uploads\/2022\/04\/WhatsApp-Image-2022-04-13-at-14.22.45.jpeg\",\"contentUrl\":\"https:\/\/www.institutodeengenharia.org.br\/site\/wp-content\/uploads\/2022\/04\/WhatsApp-Image-2022-04-13-at-14.22.45.jpeg\",\"width\":745,\"height\":372},{\"@type\":\"BreadcrumbList\",\"@id\":\"https:\/\/www.institutodeengenharia.org.br\/site\/2022\/04\/13\/associado-ao-ie-ha-quase-75-anos-robert-schoueri-completa-100-anos-de-vida\/#breadcrumb\",\"itemListElement\":[{\"@type\":\"ListItem\",\"position\":1,\"name\":\"In\u00edcio\",\"item\":\"https:\/\/www.institutodeengenharia.org.br\/site\/\"},{\"@type\":\"ListItem\",\"position\":2,\"name\":\"Associado ao IE h\u00e1 quase 75 anos, Robert Schoueri completa 100 anos de vida\"}]},{\"@type\":\"WebSite\",\"@id\":\"https:\/\/www.institutodeengenharia.org.br\/site\/#website\",\"url\":\"https:\/\/www.institutodeengenharia.org.br\/site\/\",\"name\":\"Instituto de Engenharia\",\"description\":\"O Instituto de Engenharia promove a Engenharia em benef\u00edcio do desenvolvimento e da qualidade de vida da sociedade.\",\"publisher\":{\"@id\":\"https:\/\/www.institutodeengenharia.org.br\/site\/#organization\"},\"potentialAction\":[{\"@type\":\"SearchAction\",\"target\":{\"@type\":\"EntryPoint\",\"urlTemplate\":\"https:\/\/www.institutodeengenharia.org.br\/site\/?s={search_term_string}\"},\"query-input\":{\"@type\":\"PropertyValueSpecification\",\"valueRequired\":true,\"valueName\":\"search_term_string\"}}],\"inLanguage\":\"pt-BR\"},{\"@type\":\"Organization\",\"@id\":\"https:\/\/www.institutodeengenharia.org.br\/site\/#organization\",\"name\":\"Instituto de Engenharia\",\"url\":\"https:\/\/www.institutodeengenharia.org.br\/site\/\",\"logo\":{\"@type\":\"ImageObject\",\"inLanguage\":\"pt-BR\",\"@id\":\"https:\/\/www.institutodeengenharia.org.br\/site\/#\/schema\/logo\/image\/\",\"url\":\"https:\/\/www.institutodeengenharia.org.br\/site\/wp-content\/uploads\/2019\/03\/logo-novo-IE2018-1.jpg\",\"contentUrl\":\"https:\/\/www.institutodeengenharia.org.br\/site\/wp-content\/uploads\/2019\/03\/logo-novo-IE2018-1.jpg\",\"width\":1486,\"height\":1879,\"caption\":\"Instituto de Engenharia\"},\"image\":{\"@id\":\"https:\/\/www.institutodeengenharia.org.br\/site\/#\/schema\/logo\/image\/\"},\"sameAs\":[\"https:\/\/www.facebook.com\/institutodeengenharia\",\"https:\/\/x.com\/iengenharia\",\"https:\/\/www.instagram.com\/institutodeengenharia\/\",\"https:\/\/www.linkedin.com\/company\/instituto-de-engenharia\/\",\"https:\/\/www.youtube.com\/channel\/UCXiCAlsSMe977vamW915HxA\"]},{\"@type\":\"Person\",\"@id\":\"https:\/\/www.institutodeengenharia.org.br\/site\/#\/schema\/person\/d1764429c217aaa88954818c8f9a3036\",\"name\":\"Isabel\",\"image\":{\"@type\":\"ImageObject\",\"inLanguage\":\"pt-BR\",\"@id\":\"https:\/\/secure.gravatar.com\/avatar\/a91d60506c31a7cb05e69a21529f91908e538db3b21f58bfda4039be740fcb71?s=96&d=mm&r=g\",\"url\":\"https:\/\/secure.gravatar.com\/avatar\/a91d60506c31a7cb05e69a21529f91908e538db3b21f58bfda4039be740fcb71?s=96&d=mm&r=g\",\"contentUrl\":\"https:\/\/secure.gravatar.com\/avatar\/a91d60506c31a7cb05e69a21529f91908e538db3b21f58bfda4039be740fcb71?s=96&d=mm&r=g\",\"caption\":\"Isabel\"},\"url\":\"https:\/\/www.institutodeengenharia.org.br\/site\/author\/isabel\/\"}]}<\/script>\n<!-- \/ Yoast SEO plugin. -->","yoast_head_json":{"title":"Associado ao IE h\u00e1 quase 75 anos, Robert Schoueri completa 100 anos de vida - Instituto de Engenharia","robots":{"index":"index","follow":"follow","max-snippet":"max-snippet:-1","max-image-preview":"max-image-preview:large","max-video-preview":"max-video-preview:-1"},"canonical":"https:\/\/www.institutodeengenharia.org.br\/site\/2022\/04\/13\/associado-ao-ie-ha-quase-75-anos-robert-schoueri-completa-100-anos-de-vida\/","og_locale":"pt_BR","og_type":"article","og_title":"Associado ao IE h\u00e1 quase 75 anos, Robert Schoueri completa 100 anos de vida - Instituto de Engenharia","og_description":"Robert Schoueri, que completa 100 anos de vida hoje (13) de abril, \u00e9 associado ao Instituto de Engenharia desde 1947. Formado em Engenharia Civil, pela Universidade Presbiteriana Mackenzie, em 1946, \u00e9 fluente em quatro idiomas (portugu\u00eas, ingl\u00eas, franc\u00eas e espanhol). Ap\u00f3s se formar, fez uma longa viagem com a m\u00e3e ao Egito, L\u00edbano e v\u00e1rios [&hellip;]","og_url":"https:\/\/www.institutodeengenharia.org.br\/site\/2022\/04\/13\/associado-ao-ie-ha-quase-75-anos-robert-schoueri-completa-100-anos-de-vida\/","og_site_name":"Instituto de Engenharia","article_publisher":"https:\/\/www.facebook.com\/institutodeengenharia","article_published_time":"2022-04-13T17:47:26+00:00","article_modified_time":"2022-04-14T13:49:53+00:00","og_image":[{"width":745,"height":372,"url":"https:\/\/www.institutodeengenharia.org.br\/site\/wp-content\/uploads\/2022\/04\/WhatsApp-Image-2022-04-13-at-14.22.45.jpeg","type":"image\/jpeg"}],"author":"Isabel","twitter_card":"summary_large_image","twitter_creator":"@iengenharia","twitter_site":"@iengenharia","twitter_misc":{"Escrito por":"Isabel","Est. tempo de leitura":"2 minutos"},"schema":{"@context":"https:\/\/schema.org","@graph":[{"@type":"Article","@id":"https:\/\/www.institutodeengenharia.org.br\/site\/2022\/04\/13\/associado-ao-ie-ha-quase-75-anos-robert-schoueri-completa-100-anos-de-vida\/#article","isPartOf":{"@id":"https:\/\/www.institutodeengenharia.org.br\/site\/2022\/04\/13\/associado-ao-ie-ha-quase-75-anos-robert-schoueri-completa-100-anos-de-vida\/"},"author":{"name":"Isabel","@id":"https:\/\/www.institutodeengenharia.org.br\/site\/#\/schema\/person\/d1764429c217aaa88954818c8f9a3036"},"headline":"Associado ao IE h\u00e1 quase 75 anos, Robert Schoueri completa 100 anos de vida","datePublished":"2022-04-13T17:47:26+00:00","dateModified":"2022-04-14T13:49:53+00:00","mainEntityOfPage":{"@id":"https:\/\/www.institutodeengenharia.org.br\/site\/2022\/04\/13\/associado-ao-ie-ha-quase-75-anos-robert-schoueri-completa-100-anos-de-vida\/"},"wordCount":326,"commentCount":0,"publisher":{"@id":"https:\/\/www.institutodeengenharia.org.br\/site\/#organization"},"image":{"@id":"https:\/\/www.institutodeengenharia.org.br\/site\/2022\/04\/13\/associado-ao-ie-ha-quase-75-anos-robert-schoueri-completa-100-anos-de-vida\/#primaryimage"},"thumbnailUrl":"https:\/\/www.institutodeengenharia.org.br\/site\/wp-content\/uploads\/2022\/04\/WhatsApp-Image-2022-04-13-at-14.22.45.jpeg","keywords":["+ Destaque"],"articleSection":["105 anos IE","Not\u00edcias"],"inLanguage":"pt-BR","potentialAction":[{"@type":"CommentAction","name":"Comment","target":["https:\/\/www.institutodeengenharia.org.br\/site\/2022\/04\/13\/associado-ao-ie-ha-quase-75-anos-robert-schoueri-completa-100-anos-de-vida\/#respond"]}]},{"@type":"WebPage","@id":"https:\/\/www.institutodeengenharia.org.br\/site\/2022\/04\/13\/associado-ao-ie-ha-quase-75-anos-robert-schoueri-completa-100-anos-de-vida\/","url":"https:\/\/www.institutodeengenharia.org.br\/site\/2022\/04\/13\/associado-ao-ie-ha-quase-75-anos-robert-schoueri-completa-100-anos-de-vida\/","name":"Associado ao IE h\u00e1 quase 75 anos, Robert Schoueri completa 100 anos de vida - Instituto de Engenharia","isPartOf":{"@id":"https:\/\/www.institutodeengenharia.org.br\/site\/#website"},"primaryImageOfPage":{"@id":"https:\/\/www.institutodeengenharia.org.br\/site\/2022\/04\/13\/associado-ao-ie-ha-quase-75-anos-robert-schoueri-completa-100-anos-de-vida\/#primaryimage"},"image":{"@id":"https:\/\/www.institutodeengenharia.org.br\/site\/2022\/04\/13\/associado-ao-ie-ha-quase-75-anos-robert-schoueri-completa-100-anos-de-vida\/#primaryimage"},"thumbnailUrl":"https:\/\/www.institutodeengenharia.org.br\/site\/wp-content\/uploads\/2022\/04\/WhatsApp-Image-2022-04-13-at-14.22.45.jpeg","datePublished":"2022-04-13T17:47:26+00:00","dateModified":"2022-04-14T13:49:53+00:00","breadcrumb":{"@id":"https:\/\/www.institutodeengenharia.org.br\/site\/2022\/04\/13\/associado-ao-ie-ha-quase-75-anos-robert-schoueri-completa-100-anos-de-vida\/#breadcrumb"},"inLanguage":"pt-BR","potentialAction":[{"@type":"ReadAction","target":["https:\/\/www.institutodeengenharia.org.br\/site\/2022\/04\/13\/associado-ao-ie-ha-quase-75-anos-robert-schoueri-completa-100-anos-de-vida\/"]}]},{"@type":"ImageObject","inLanguage":"pt-BR","@id":"https:\/\/www.institutodeengenharia.org.br\/site\/2022\/04\/13\/associado-ao-ie-ha-quase-75-anos-robert-schoueri-completa-100-anos-de-vida\/#primaryimage","url":"https:\/\/www.institutodeengenharia.org.br\/site\/wp-content\/uploads\/2022\/04\/WhatsApp-Image-2022-04-13-at-14.22.45.jpeg","contentUrl":"https:\/\/www.institutodeengenharia.org.br\/site\/wp-content\/uploads\/2022\/04\/WhatsApp-Image-2022-04-13-at-14.22.45.jpeg","width":745,"height":372},{"@type":"BreadcrumbList","@id":"https:\/\/www.institutodeengenharia.org.br\/site\/2022\/04\/13\/associado-ao-ie-ha-quase-75-anos-robert-schoueri-completa-100-anos-de-vida\/#breadcrumb","itemListElement":[{"@type":"ListItem","position":1,"name":"In\u00edcio","item":"https:\/\/www.institutodeengenharia.org.br\/site\/"},{"@type":"ListItem","position":2,"name":"Associado ao IE h\u00e1 quase 75 anos, Robert Schoueri completa 100 anos de vida"}]},{"@type":"WebSite","@id":"https:\/\/www.institutodeengenharia.org.br\/site\/#website","url":"https:\/\/www.institutodeengenharia.org.br\/site\/","name":"Instituto de Engenharia","description":"O Instituto de Engenharia promove a Engenharia em benef\u00edcio do desenvolvimento e da qualidade de vida da sociedade.","publisher":{"@id":"https:\/\/www.institutodeengenharia.org.br\/site\/#organization"},"potentialAction":[{"@type":"SearchAction","target":{"@type":"EntryPoint","urlTemplate":"https:\/\/www.institutodeengenharia.org.br\/site\/?s={search_term_string}"},"query-input":{"@type":"PropertyValueSpecification","valueRequired":true,"valueName":"search_term_string"}}],"inLanguage":"pt-BR"},{"@type":"Organization","@id":"https:\/\/www.institutodeengenharia.org.br\/site\/#organization","name":"Instituto de Engenharia","url":"https:\/\/www.institutodeengenharia.org.br\/site\/","logo":{"@type":"ImageObject","inLanguage":"pt-BR","@id":"https:\/\/www.institutodeengenharia.org.br\/site\/#\/schema\/logo\/image\/","url":"https:\/\/www.institutodeengenharia.org.br\/site\/wp-content\/uploads\/2019\/03\/logo-novo-IE2018-1.jpg","contentUrl":"https:\/\/www.institutodeengenharia.org.br\/site\/wp-content\/uploads\/2019\/03\/logo-novo-IE2018-1.jpg","width":1486,"height":1879,"caption":"Instituto de Engenharia"},"image":{"@id":"https:\/\/www.institutodeengenharia.org.br\/site\/#\/schema\/logo\/image\/"},"sameAs":["https:\/\/www.facebook.com\/institutodeengenharia","https:\/\/x.com\/iengenharia","https:\/\/www.instagram.com\/institutodeengenharia\/","https:\/\/www.linkedin.com\/company\/instituto-de-engenharia\/","https:\/\/www.youtube.com\/channel\/UCXiCAlsSMe977vamW915HxA"]},{"@type":"Person","@id":"https:\/\/www.institutodeengenharia.org.br\/site\/#\/schema\/person\/d1764429c217aaa88954818c8f9a3036","name":"Isabel","image":{"@type":"ImageObject","inLanguage":"pt-BR","@id":"https:\/\/secure.gravatar.com\/avatar\/a91d60506c31a7cb05e69a21529f91908e538db3b21f58bfda4039be740fcb71?s=96&d=mm&r=g","url":"https:\/\/secure.gravatar.com\/avatar\/a91d60506c31a7cb05e69a21529f91908e538db3b21f58bfda4039be740fcb71?s=96&d=mm&r=g","contentUrl":"https:\/\/secure.gravatar.com\/avatar\/a91d60506c31a7cb05e69a21529f91908e538db3b21f58bfda4039be740fcb71?s=96&d=mm&r=g","caption":"Isabel"},"url":"https:\/\/www.institutodeengenharia.org.br\/site\/author\/isabel\/"}]}},"_links":{"self":[{"href":"https:\/\/www.institutodeengenharia.org.br\/site\/wp-json\/wp\/v2\/posts\/91971","targetHints":{"allow":["GET"]}}],"collection":[{"href":"https:\/\/www.institutodeengenharia.org.br\/site\/wp-json\/wp\/v2\/posts"}],"about":[{"href":"https:\/\/www.institutodeengenharia.org.br\/site\/wp-json\/wp\/v2\/types\/post"}],"author":[{"embeddable":true,"href":"https:\/\/www.institutodeengenharia.org.br\/site\/wp-json\/wp\/v2\/users\/2"}],"replies":[{"embeddable":true,"href":"https:\/\/www.institutodeengenharia.org.br\/site\/wp-json\/wp\/v2\/comments?post=91971"}],"version-history":[{"count":2,"href":"https:\/\/www.institutodeengenharia.org.br\/site\/wp-json\/wp\/v2\/posts\/91971\/revisions"}],"predecessor-version":[{"id":92009,"href":"https:\/\/www.institutodeengenharia.org.br\/site\/wp-json\/wp\/v2\/posts\/91971\/revisions\/92009"}],"wp:featuredmedia":[{"embeddable":true,"href":"https:\/\/www.institutodeengenharia.org.br\/site\/wp-json\/wp\/v2\/media\/91972"}],"wp:attachment":[{"href":"https:\/\/www.institutodeengenharia.org.br\/site\/wp-json\/wp\/v2\/media?parent=91971"}],"wp:term":[{"taxonomy":"category","embeddable":true,"href":"https:\/\/www.institutodeengenharia.org.br\/site\/wp-json\/wp\/v2\/categories?post=91971"},{"taxonomy":"post_tag","embeddable":true,"href":"https:\/\/www.institutodeengenharia.org.br\/site\/wp-json\/wp\/v2\/tags?post=91971"}],"curies":[{"name":"wp","href":"https:\/\/api.w.org\/{rel}","templated":true}]}}