{"id":91847,"date":"2022-04-07T14:57:45","date_gmt":"2022-04-07T17:57:45","guid":{"rendered":"https:\/\/www.institutodeengenharia.org.br\/site\/?p=91847"},"modified":"2022-04-07T15:49:53","modified_gmt":"2022-04-07T18:49:53","slug":"consolidacao-de-uma-base-de-conhecimento-para-estrategia-nacional-de-bioeconomia-esf","status":"publish","type":"post","link":"https:\/\/www.institutodeengenharia.org.br\/site\/2022\/04\/07\/consolidacao-de-uma-base-de-conhecimento-para-estrategia-nacional-de-bioeconomia-esf\/","title":{"rendered":"Consolida\u00e7\u00e3o de uma base de conhecimento para estrat\u00e9gia nacional de bioeconomia &#8211; ESF"},"content":{"rendered":"<p><strong>Assista \u00e0 grava\u00e7\u00e3o do evento:<\/strong><\/p>\n<div style=\"padding: 56.25% 0 0 0; position: relative;\"><iframe style=\"position: absolute; top: 0; left: 0; width: 100%; height: 100%;\" title=\"Consolida&amp;ccedil;&amp;atilde;o de uma base de conhecimento para estrat&amp;eacute;gia nacional de bioeconomia - ESF\" src=\"https:\/\/player.vimeo.com\/video\/696646806?h=8429f2eac6&amp;badge=0&amp;autopause=0&amp;player_id=0&amp;app_id=58479\" frameborder=\"0\" allowfullscreen=\"allowfullscreen\"><\/iframe><\/div>\n<p><script src=\"https:\/\/player.vimeo.com\/api\/player.js\"><\/script><br \/>\n<strong>+ Informa\u00e7\u00f5es:\u00a0<\/strong><\/p>\n<p>Divulga\u00e7\u00e3o do projeto \u201cConsolida\u00e7\u00e3o de uma base de conhecimento para estrat\u00e9gia nacional de bioeconomia\u201d e forma\u00e7\u00e3o de parceria entre IE e Engenheiros Sem Fronteiras.<\/p>\n<p><strong>P\u00fablico-alvo:<\/strong><\/p>\n<p>Engenheiros, universit\u00e1rios, arquitetos, bi\u00f3logos, professores, e interessados.<\/p>\n<p><strong>Participantes:<\/strong><\/p>\n<p><img loading=\"lazy\" decoding=\"async\" class=\"alignnone wp-image-77772 alignleft td-animation-stack-type0-2\" src=\"https:\/\/www.institutodeengenharia.org.br\/site\/wp-content\/uploads\/2021\/02\/George-Paulus.jpg\" alt=\"\" width=\"218\" height=\"218\" srcset=\"https:\/\/www.institutodeengenharia.org.br\/site\/wp-content\/uploads\/2021\/02\/George-Paulus.jpg 597w, https:\/\/www.institutodeengenharia.org.br\/site\/wp-content\/uploads\/2021\/02\/George-Paulus-300x300.jpg 300w, https:\/\/www.institutodeengenharia.org.br\/site\/wp-content\/uploads\/2021\/02\/George-Paulus-150x150.jpg 150w, https:\/\/www.institutodeengenharia.org.br\/site\/wp-content\/uploads\/2021\/02\/George-Paulus-420x420.jpg 420w, https:\/\/www.institutodeengenharia.org.br\/site\/wp-content\/uploads\/2021\/02\/George-Paulus-100x100.jpg 100w\" sizes=\"auto, (max-width: 218px) 100vw, 218px\" \/><\/p>\n<p><strong>George Paulus \u2013 Coordenador do GT Amaz\u00f4nia e Bioeconomia<\/strong><\/p>\n<p>Engenheiro de Produ\u00e7\u00e3o (Poli-USP), mestre na \u00e1rea de Log\u00edstica e doutor pela mesma escola. Iniciou sua carreira na Engenharia como consultor nas \u00e1reas de gest\u00e3o da cadeia de suprimentos e de gest\u00e3o de projetos. Empreendedor na \u00e1rea de desenvolvimento de software. Experi\u00eancia como professor nas \u00e1reas de Gest\u00e3o da Cadeia de Suprimentos, Gest\u00e3o de Projetos e T\u00f3picos Avan\u00e7ados de Sustentabilidade.<\/p>\n<p>&nbsp;<\/p>\n<p><img loading=\"lazy\" decoding=\"async\" class=\"alignnone wp-image-91509 alignright td-animation-stack-type0-2\" src=\"https:\/\/www.institutodeengenharia.org.br\/site\/wp-content\/uploads\/2022\/03\/WhatsApp-Image-2022-03-24-at-15.06.35.jpeg\" alt=\"\" width=\"217\" height=\"216\" srcset=\"https:\/\/www.institutodeengenharia.org.br\/site\/wp-content\/uploads\/2022\/03\/WhatsApp-Image-2022-03-24-at-15.06.35.jpeg 640w, https:\/\/www.institutodeengenharia.org.br\/site\/wp-content\/uploads\/2022\/03\/WhatsApp-Image-2022-03-24-at-15.06.35-300x300.jpeg 300w, https:\/\/www.institutodeengenharia.org.br\/site\/wp-content\/uploads\/2022\/03\/WhatsApp-Image-2022-03-24-at-15.06.35-150x150.jpeg 150w, https:\/\/www.institutodeengenharia.org.br\/site\/wp-content\/uploads\/2022\/03\/WhatsApp-Image-2022-03-24-at-15.06.35-420x420.jpeg 420w, https:\/\/www.institutodeengenharia.org.br\/site\/wp-content\/uploads\/2022\/03\/WhatsApp-Image-2022-03-24-at-15.06.35-600x600.jpeg 600w, https:\/\/www.institutodeengenharia.org.br\/site\/wp-content\/uploads\/2022\/03\/WhatsApp-Image-2022-03-24-at-15.06.35-100x100.jpeg 100w\" sizes=\"auto, (max-width: 217px) 100vw, 217px\" \/><\/p>\n<p><strong>K\u00e1ssia Regina Bazzo\u00a0<\/strong><\/p>\n<p>Engenheira Sanitarista e Ambiental pela Universidade Federal de Pelotas e Mestra em Engenharia de Recursos H\u00eddricos pela Universidade Federal do Paran\u00e1. Seis anos de experi\u00eancia em projetos relacionados \u00e0 gest\u00e3o da \u00e1gua, com foco nos instrumentos de gest\u00e3o da Pol\u00edtica Nacional de Recursos H\u00eddricos, meio ambiente e sustentabilidade no meio acad\u00eamico, setores p\u00fablico e privado e mais recentemente na sociedade civil organizada. Atualmente coordena projeto de bioeconomia no GT Amaz\u00f4nia e Bioeconomia.<\/p>\n<p>&nbsp;<\/p>\n<p><img loading=\"lazy\" decoding=\"async\" class=\"alignnone wp-image-91510 alignleft td-animation-stack-type0-2\" src=\"https:\/\/www.institutodeengenharia.org.br\/site\/wp-content\/uploads\/2022\/03\/victor2.jpg\" alt=\"\" width=\"199\" height=\"204\" srcset=\"https:\/\/www.institutodeengenharia.org.br\/site\/wp-content\/uploads\/2022\/03\/victor2.jpg 372w, https:\/\/www.institutodeengenharia.org.br\/site\/wp-content\/uploads\/2022\/03\/victor2-292x300.jpg 292w, https:\/\/www.institutodeengenharia.org.br\/site\/wp-content\/uploads\/2022\/03\/victor2-356x364.jpg 356w\" sizes=\"auto, (max-width: 199px) 100vw, 199px\" \/><\/p>\n<p><strong>Victor Phanebecker<\/strong><\/p>\n<p>\u00c9 graduando em engenharia de produ\u00e7\u00e3o pela Universidade Federal do Rio Grande do Sul. Dentro da rede Engenheiros Sem Fronteiras, foi assessor de gest\u00e3o de pessoas no n\u00facleo ESF-Porto Alegre e atualmente \u00e9 presidente na diretoria nacional do Engenheiros Sem Fronteiras Brasil.<\/p>\n<p>&nbsp;<\/p>\n<p>&nbsp;<\/p>\n<p>&nbsp;<\/p>\n<p><strong>Realiza\u00e7\u00e3o:<\/strong><\/p>\n<p><strong>GT. Amaz\u00f4nia e Bioeconomia<\/strong><\/p>\n<p><img loading=\"lazy\" decoding=\"async\" class=\"alignnone wp-image-91422 td-animation-stack-type0-2\" src=\"https:\/\/www.institutodeengenharia.org.br\/site\/wp-content\/uploads\/2022\/03\/12.-Logotipo-Padrao-ESF-Brasil.png\" alt=\"\" width=\"227\" height=\"115\" srcset=\"https:\/\/www.institutodeengenharia.org.br\/site\/wp-content\/uploads\/2022\/03\/12.-Logotipo-Padrao-ESF-Brasil.png 1477w, https:\/\/www.institutodeengenharia.org.br\/site\/wp-content\/uploads\/2022\/03\/12.-Logotipo-Padrao-ESF-Brasil-300x152.png 300w, https:\/\/www.institutodeengenharia.org.br\/site\/wp-content\/uploads\/2022\/03\/12.-Logotipo-Padrao-ESF-Brasil-1024x518.png 1024w, https:\/\/www.institutodeengenharia.org.br\/site\/wp-content\/uploads\/2022\/03\/12.-Logotipo-Padrao-ESF-Brasil-768x388.png 768w, https:\/\/www.institutodeengenharia.org.br\/site\/wp-content\/uploads\/2022\/03\/12.-Logotipo-Padrao-ESF-Brasil-696x352.png 696w, https:\/\/www.institutodeengenharia.org.br\/site\/wp-content\/uploads\/2022\/03\/12.-Logotipo-Padrao-ESF-Brasil-1068x540.png 1068w, https:\/\/www.institutodeengenharia.org.br\/site\/wp-content\/uploads\/2022\/03\/12.-Logotipo-Padrao-ESF-Brasil-830x420.png 830w, https:\/\/www.institutodeengenharia.org.br\/site\/wp-content\/uploads\/2022\/03\/12.-Logotipo-Padrao-ESF-Brasil-600x303.png 600w\" sizes=\"auto, (max-width: 227px) 100vw, 227px\" \/><\/p>\n<p><strong>Apoio Institucional:<\/strong><\/p>\n<p><img loading=\"lazy\" decoding=\"async\" class=\"alignnone wp-image-77696 td-animation-stack-type0-2\" src=\"https:\/\/www.institutodeengenharia.org.br\/site\/wp-content\/uploads\/2021\/02\/crea-300x211.jpg\" alt=\"\" width=\"151\" height=\"106\" srcset=\"https:\/\/www.institutodeengenharia.org.br\/site\/wp-content\/uploads\/2021\/02\/crea-300x211.jpg 300w, https:\/\/www.institutodeengenharia.org.br\/site\/wp-content\/uploads\/2021\/02\/crea-100x70.jpg 100w, https:\/\/www.institutodeengenharia.org.br\/site\/wp-content\/uploads\/2021\/02\/crea.jpg 448w\" sizes=\"auto, (max-width: 151px) 100vw, 151px\" \/><\/p>\n<p><strong>Apoio \u00e0 forma\u00e7\u00e3o:\u00a0<\/strong><\/p>\n<p>Espa\u00e7o aberto ao CREA-SP, objetivando o aperfei\u00e7oamento dos profissionais e o aprimoramento da fiscaliza\u00e7\u00e3o das \u00e1reas abrangidas pelo Sistema Confea\/CREAs, al\u00e9m de promover a conscientiza\u00e7\u00e3o da sociedade quanto \u00e0 necessidade e obrigatoriedade de contratar um profissional devidamente habilitado.<\/p>\n","protected":false},"excerpt":{"rendered":"<p>Assista \u00e0 grava\u00e7\u00e3o do evento: + Informa\u00e7\u00f5es:\u00a0 Divulga\u00e7\u00e3o do projeto \u201cConsolida\u00e7\u00e3o de uma base de conhecimento para estrat\u00e9gia nacional de bioeconomia\u201d e forma\u00e7\u00e3o de parceria entre IE e Engenheiros Sem Fronteiras. P\u00fablico-alvo: Engenheiros, universit\u00e1rios, arquitetos, bi\u00f3logos, professores, e interessados. Participantes: George Paulus \u2013 Coordenador do GT Amaz\u00f4nia e Bioeconomia Engenheiro de Produ\u00e7\u00e3o (Poli-USP), mestre na [&hellip;]<\/p>\n","protected":false},"author":13,"featured_media":91848,"comment_status":"open","ping_status":"open","sticky":false,"template":"","format":"video","meta":{"footnotes":""},"categories":[968,969],"tags":[1176],"class_list":{"0":"post-91847","1":"post","2":"type-post","3":"status-publish","4":"format-video","5":"has-post-thumbnail","7":"category-nova-tv-engenharia","8":"category-palestra","9":"tag-video-home","10":"post_format-post-format-video"},"yoast_head":"<!-- This site is optimized with the Yoast SEO plugin v27.2 - https:\/\/yoast.com\/product\/yoast-seo-wordpress\/ -->\n<title>Consolida\u00e7\u00e3o de uma base de conhecimento para estrat\u00e9gia nacional de bioeconomia - ESF - Instituto de Engenharia<\/title>\n<meta name=\"robots\" content=\"index, follow, max-snippet:-1, max-image-preview:large, max-video-preview:-1\" \/>\n<link rel=\"canonical\" href=\"https:\/\/www.institutodeengenharia.org.br\/site\/2022\/04\/07\/consolidacao-de-uma-base-de-conhecimento-para-estrategia-nacional-de-bioeconomia-esf\/\" \/>\n<meta property=\"og:locale\" content=\"pt_BR\" \/>\n<meta property=\"og:type\" content=\"article\" \/>\n<meta property=\"og:title\" content=\"Consolida\u00e7\u00e3o de uma base de conhecimento para estrat\u00e9gia nacional de bioeconomia - ESF\" \/>\n<meta property=\"og:description\" content=\"Assista \u00e0 grava\u00e7\u00e3o do evento\" \/>\n<meta property=\"og:url\" content=\"https:\/\/www.institutodeengenharia.org.br\/site\/2022\/04\/07\/consolidacao-de-uma-base-de-conhecimento-para-estrategia-nacional-de-bioeconomia-esf\/\" \/>\n<meta property=\"og:site_name\" content=\"Instituto de Engenharia\" \/>\n<meta property=\"article:publisher\" content=\"https:\/\/www.facebook.com\/institutodeengenharia\" \/>\n<meta property=\"article:published_time\" content=\"2022-04-07T17:57:45+00:00\" \/>\n<meta property=\"article:modified_time\" content=\"2022-04-07T18:49:53+00:00\" \/>\n<meta property=\"og:image\" content=\"https:\/\/www.institutodeengenharia.org.br\/site\/wp-content\/uploads\/2022\/04\/amazon-g41210a201_1920-1024x535-1.jpg\" \/>\n\t<meta property=\"og:image:width\" content=\"1024\" \/>\n\t<meta property=\"og:image:height\" content=\"420\" \/>\n\t<meta property=\"og:image:type\" content=\"image\/jpeg\" \/>\n<meta name=\"author\" content=\"Bianca\" \/>\n<meta name=\"twitter:card\" content=\"summary_large_image\" \/>\n<meta name=\"twitter:title\" content=\"Consolida\u00e7\u00e3o de uma base de conhecimento para estrat\u00e9gia nacional de bioeconomia - ESF\" \/>\n<meta name=\"twitter:description\" content=\"Assista \u00e0 grava\u00e7\u00e3o do evento\" \/>\n<meta name=\"twitter:image\" content=\"https:\/\/www.institutodeengenharia.org.br\/site\/wp-content\/uploads\/2022\/04\/amazon-g41210a201_1920-1024x535-1.jpg\" \/>\n<meta name=\"twitter:creator\" content=\"@iengenharia\" \/>\n<meta name=\"twitter:site\" content=\"@iengenharia\" \/>\n<meta name=\"twitter:label1\" content=\"Escrito por\" \/>\n\t<meta name=\"twitter:data1\" content=\"Bianca\" \/>\n\t<meta name=\"twitter:label2\" content=\"Est. tempo de leitura\" \/>\n\t<meta name=\"twitter:data2\" content=\"3 minutos\" \/>\n<script type=\"application\/ld+json\" class=\"yoast-schema-graph\">{\"@context\":\"https:\/\/schema.org\",\"@graph\":[{\"@type\":\"Article\",\"@id\":\"https:\/\/www.institutodeengenharia.org.br\/site\/2022\/04\/07\/consolidacao-de-uma-base-de-conhecimento-para-estrategia-nacional-de-bioeconomia-esf\/#article\",\"isPartOf\":{\"@id\":\"https:\/\/www.institutodeengenharia.org.br\/site\/2022\/04\/07\/consolidacao-de-uma-base-de-conhecimento-para-estrategia-nacional-de-bioeconomia-esf\/\"},\"author\":{\"name\":\"Bianca\",\"@id\":\"https:\/\/www.institutodeengenharia.org.br\/site\/#\/schema\/person\/aeb64951c405e100d26d30b033dd423f\"},\"headline\":\"Consolida\u00e7\u00e3o de uma base de conhecimento para estrat\u00e9gia nacional de bioeconomia &#8211; ESF\",\"datePublished\":\"2022-04-07T17:57:45+00:00\",\"dateModified\":\"2022-04-07T18:49:53+00:00\",\"mainEntityOfPage\":{\"@id\":\"https:\/\/www.institutodeengenharia.org.br\/site\/2022\/04\/07\/consolidacao-de-uma-base-de-conhecimento-para-estrategia-nacional-de-bioeconomia-esf\/\"},\"wordCount\":329,\"commentCount\":0,\"publisher\":{\"@id\":\"https:\/\/www.institutodeengenharia.org.br\/site\/#organization\"},\"image\":{\"@id\":\"https:\/\/www.institutodeengenharia.org.br\/site\/2022\/04\/07\/consolidacao-de-uma-base-de-conhecimento-para-estrategia-nacional-de-bioeconomia-esf\/#primaryimage\"},\"thumbnailUrl\":\"https:\/\/www.institutodeengenharia.org.br\/site\/wp-content\/uploads\/2022\/04\/amazon-g41210a201_1920-1024x535-1.jpg\",\"keywords\":[\"video-home\"],\"articleSection\":[\"Nova TV Engenharia\",\"Palestra\"],\"inLanguage\":\"pt-BR\",\"potentialAction\":[{\"@type\":\"CommentAction\",\"name\":\"Comment\",\"target\":[\"https:\/\/www.institutodeengenharia.org.br\/site\/2022\/04\/07\/consolidacao-de-uma-base-de-conhecimento-para-estrategia-nacional-de-bioeconomia-esf\/#respond\"]}]},{\"@type\":\"WebPage\",\"@id\":\"https:\/\/www.institutodeengenharia.org.br\/site\/2022\/04\/07\/consolidacao-de-uma-base-de-conhecimento-para-estrategia-nacional-de-bioeconomia-esf\/\",\"url\":\"https:\/\/www.institutodeengenharia.org.br\/site\/2022\/04\/07\/consolidacao-de-uma-base-de-conhecimento-para-estrategia-nacional-de-bioeconomia-esf\/\",\"name\":\"Consolida\u00e7\u00e3o de uma base de conhecimento para estrat\u00e9gia nacional de bioeconomia - ESF - Instituto de Engenharia\",\"isPartOf\":{\"@id\":\"https:\/\/www.institutodeengenharia.org.br\/site\/#website\"},\"primaryImageOfPage\":{\"@id\":\"https:\/\/www.institutodeengenharia.org.br\/site\/2022\/04\/07\/consolidacao-de-uma-base-de-conhecimento-para-estrategia-nacional-de-bioeconomia-esf\/#primaryimage\"},\"image\":{\"@id\":\"https:\/\/www.institutodeengenharia.org.br\/site\/2022\/04\/07\/consolidacao-de-uma-base-de-conhecimento-para-estrategia-nacional-de-bioeconomia-esf\/#primaryimage\"},\"thumbnailUrl\":\"https:\/\/www.institutodeengenharia.org.br\/site\/wp-content\/uploads\/2022\/04\/amazon-g41210a201_1920-1024x535-1.jpg\",\"datePublished\":\"2022-04-07T17:57:45+00:00\",\"dateModified\":\"2022-04-07T18:49:53+00:00\",\"breadcrumb\":{\"@id\":\"https:\/\/www.institutodeengenharia.org.br\/site\/2022\/04\/07\/consolidacao-de-uma-base-de-conhecimento-para-estrategia-nacional-de-bioeconomia-esf\/#breadcrumb\"},\"inLanguage\":\"pt-BR\",\"potentialAction\":[{\"@type\":\"ReadAction\",\"target\":[\"https:\/\/www.institutodeengenharia.org.br\/site\/2022\/04\/07\/consolidacao-de-uma-base-de-conhecimento-para-estrategia-nacional-de-bioeconomia-esf\/\"]}]},{\"@type\":\"ImageObject\",\"inLanguage\":\"pt-BR\",\"@id\":\"https:\/\/www.institutodeengenharia.org.br\/site\/2022\/04\/07\/consolidacao-de-uma-base-de-conhecimento-para-estrategia-nacional-de-bioeconomia-esf\/#primaryimage\",\"url\":\"https:\/\/www.institutodeengenharia.org.br\/site\/wp-content\/uploads\/2022\/04\/amazon-g41210a201_1920-1024x535-1.jpg\",\"contentUrl\":\"https:\/\/www.institutodeengenharia.org.br\/site\/wp-content\/uploads\/2022\/04\/amazon-g41210a201_1920-1024x535-1.jpg\",\"width\":1024,\"height\":420},{\"@type\":\"BreadcrumbList\",\"@id\":\"https:\/\/www.institutodeengenharia.org.br\/site\/2022\/04\/07\/consolidacao-de-uma-base-de-conhecimento-para-estrategia-nacional-de-bioeconomia-esf\/#breadcrumb\",\"itemListElement\":[{\"@type\":\"ListItem\",\"position\":1,\"name\":\"In\u00edcio\",\"item\":\"https:\/\/www.institutodeengenharia.org.br\/site\/\"},{\"@type\":\"ListItem\",\"position\":2,\"name\":\"Consolida\u00e7\u00e3o de uma base de conhecimento para estrat\u00e9gia nacional de bioeconomia &#8211; ESF\"}]},{\"@type\":\"WebSite\",\"@id\":\"https:\/\/www.institutodeengenharia.org.br\/site\/#website\",\"url\":\"https:\/\/www.institutodeengenharia.org.br\/site\/\",\"name\":\"Instituto de Engenharia\",\"description\":\"O Instituto de Engenharia promove a Engenharia em benef\u00edcio do desenvolvimento e da qualidade de vida da sociedade.\",\"publisher\":{\"@id\":\"https:\/\/www.institutodeengenharia.org.br\/site\/#organization\"},\"potentialAction\":[{\"@type\":\"SearchAction\",\"target\":{\"@type\":\"EntryPoint\",\"urlTemplate\":\"https:\/\/www.institutodeengenharia.org.br\/site\/?s={search_term_string}\"},\"query-input\":{\"@type\":\"PropertyValueSpecification\",\"valueRequired\":true,\"valueName\":\"search_term_string\"}}],\"inLanguage\":\"pt-BR\"},{\"@type\":\"Organization\",\"@id\":\"https:\/\/www.institutodeengenharia.org.br\/site\/#organization\",\"name\":\"Instituto de Engenharia\",\"url\":\"https:\/\/www.institutodeengenharia.org.br\/site\/\",\"logo\":{\"@type\":\"ImageObject\",\"inLanguage\":\"pt-BR\",\"@id\":\"https:\/\/www.institutodeengenharia.org.br\/site\/#\/schema\/logo\/image\/\",\"url\":\"https:\/\/www.institutodeengenharia.org.br\/site\/wp-content\/uploads\/2019\/03\/logo-novo-IE2018-1.jpg\",\"contentUrl\":\"https:\/\/www.institutodeengenharia.org.br\/site\/wp-content\/uploads\/2019\/03\/logo-novo-IE2018-1.jpg\",\"width\":1486,\"height\":1879,\"caption\":\"Instituto de Engenharia\"},\"image\":{\"@id\":\"https:\/\/www.institutodeengenharia.org.br\/site\/#\/schema\/logo\/image\/\"},\"sameAs\":[\"https:\/\/www.facebook.com\/institutodeengenharia\",\"https:\/\/x.com\/iengenharia\",\"https:\/\/www.instagram.com\/institutodeengenharia\/\",\"https:\/\/www.linkedin.com\/company\/instituto-de-engenharia\/\",\"https:\/\/www.youtube.com\/channel\/UCXiCAlsSMe977vamW915HxA\"]},{\"@type\":\"Person\",\"@id\":\"https:\/\/www.institutodeengenharia.org.br\/site\/#\/schema\/person\/aeb64951c405e100d26d30b033dd423f\",\"name\":\"Bianca\",\"image\":{\"@type\":\"ImageObject\",\"inLanguage\":\"pt-BR\",\"@id\":\"https:\/\/secure.gravatar.com\/avatar\/a6fbe9bff57405baf4c1e2c5c1811e072b558253974a9f9508f4678900c97c2a?s=96&d=mm&r=g\",\"url\":\"https:\/\/secure.gravatar.com\/avatar\/a6fbe9bff57405baf4c1e2c5c1811e072b558253974a9f9508f4678900c97c2a?s=96&d=mm&r=g\",\"contentUrl\":\"https:\/\/secure.gravatar.com\/avatar\/a6fbe9bff57405baf4c1e2c5c1811e072b558253974a9f9508f4678900c97c2a?s=96&d=mm&r=g\",\"caption\":\"Bianca\"},\"url\":\"https:\/\/www.institutodeengenharia.org.br\/site\/author\/comunicacao1\/\"}]}<\/script>\n<!-- \/ Yoast SEO plugin. -->","yoast_head_json":{"title":"Consolida\u00e7\u00e3o de uma base de conhecimento para estrat\u00e9gia nacional de bioeconomia - ESF - Instituto de Engenharia","robots":{"index":"index","follow":"follow","max-snippet":"max-snippet:-1","max-image-preview":"max-image-preview:large","max-video-preview":"max-video-preview:-1"},"canonical":"https:\/\/www.institutodeengenharia.org.br\/site\/2022\/04\/07\/consolidacao-de-uma-base-de-conhecimento-para-estrategia-nacional-de-bioeconomia-esf\/","og_locale":"pt_BR","og_type":"article","og_title":"Consolida\u00e7\u00e3o de uma base de conhecimento para estrat\u00e9gia nacional de bioeconomia - ESF","og_description":"Assista \u00e0 grava\u00e7\u00e3o do evento","og_url":"https:\/\/www.institutodeengenharia.org.br\/site\/2022\/04\/07\/consolidacao-de-uma-base-de-conhecimento-para-estrategia-nacional-de-bioeconomia-esf\/","og_site_name":"Instituto de Engenharia","article_publisher":"https:\/\/www.facebook.com\/institutodeengenharia","article_published_time":"2022-04-07T17:57:45+00:00","article_modified_time":"2022-04-07T18:49:53+00:00","og_image":[{"width":1024,"height":420,"url":"https:\/\/www.institutodeengenharia.org.br\/site\/wp-content\/uploads\/2022\/04\/amazon-g41210a201_1920-1024x535-1.jpg","type":"image\/jpeg"}],"author":"Bianca","twitter_card":"summary_large_image","twitter_title":"Consolida\u00e7\u00e3o de uma base de conhecimento para estrat\u00e9gia nacional de bioeconomia - ESF","twitter_description":"Assista \u00e0 grava\u00e7\u00e3o do evento","twitter_image":"https:\/\/www.institutodeengenharia.org.br\/site\/wp-content\/uploads\/2022\/04\/amazon-g41210a201_1920-1024x535-1.jpg","twitter_creator":"@iengenharia","twitter_site":"@iengenharia","twitter_misc":{"Escrito por":"Bianca","Est. tempo de leitura":"3 minutos"},"schema":{"@context":"https:\/\/schema.org","@graph":[{"@type":"Article","@id":"https:\/\/www.institutodeengenharia.org.br\/site\/2022\/04\/07\/consolidacao-de-uma-base-de-conhecimento-para-estrategia-nacional-de-bioeconomia-esf\/#article","isPartOf":{"@id":"https:\/\/www.institutodeengenharia.org.br\/site\/2022\/04\/07\/consolidacao-de-uma-base-de-conhecimento-para-estrategia-nacional-de-bioeconomia-esf\/"},"author":{"name":"Bianca","@id":"https:\/\/www.institutodeengenharia.org.br\/site\/#\/schema\/person\/aeb64951c405e100d26d30b033dd423f"},"headline":"Consolida\u00e7\u00e3o de uma base de conhecimento para estrat\u00e9gia nacional de bioeconomia &#8211; ESF","datePublished":"2022-04-07T17:57:45+00:00","dateModified":"2022-04-07T18:49:53+00:00","mainEntityOfPage":{"@id":"https:\/\/www.institutodeengenharia.org.br\/site\/2022\/04\/07\/consolidacao-de-uma-base-de-conhecimento-para-estrategia-nacional-de-bioeconomia-esf\/"},"wordCount":329,"commentCount":0,"publisher":{"@id":"https:\/\/www.institutodeengenharia.org.br\/site\/#organization"},"image":{"@id":"https:\/\/www.institutodeengenharia.org.br\/site\/2022\/04\/07\/consolidacao-de-uma-base-de-conhecimento-para-estrategia-nacional-de-bioeconomia-esf\/#primaryimage"},"thumbnailUrl":"https:\/\/www.institutodeengenharia.org.br\/site\/wp-content\/uploads\/2022\/04\/amazon-g41210a201_1920-1024x535-1.jpg","keywords":["video-home"],"articleSection":["Nova TV Engenharia","Palestra"],"inLanguage":"pt-BR","potentialAction":[{"@type":"CommentAction","name":"Comment","target":["https:\/\/www.institutodeengenharia.org.br\/site\/2022\/04\/07\/consolidacao-de-uma-base-de-conhecimento-para-estrategia-nacional-de-bioeconomia-esf\/#respond"]}]},{"@type":"WebPage","@id":"https:\/\/www.institutodeengenharia.org.br\/site\/2022\/04\/07\/consolidacao-de-uma-base-de-conhecimento-para-estrategia-nacional-de-bioeconomia-esf\/","url":"https:\/\/www.institutodeengenharia.org.br\/site\/2022\/04\/07\/consolidacao-de-uma-base-de-conhecimento-para-estrategia-nacional-de-bioeconomia-esf\/","name":"Consolida\u00e7\u00e3o de uma base de conhecimento para estrat\u00e9gia nacional de bioeconomia - ESF - Instituto de Engenharia","isPartOf":{"@id":"https:\/\/www.institutodeengenharia.org.br\/site\/#website"},"primaryImageOfPage":{"@id":"https:\/\/www.institutodeengenharia.org.br\/site\/2022\/04\/07\/consolidacao-de-uma-base-de-conhecimento-para-estrategia-nacional-de-bioeconomia-esf\/#primaryimage"},"image":{"@id":"https:\/\/www.institutodeengenharia.org.br\/site\/2022\/04\/07\/consolidacao-de-uma-base-de-conhecimento-para-estrategia-nacional-de-bioeconomia-esf\/#primaryimage"},"thumbnailUrl":"https:\/\/www.institutodeengenharia.org.br\/site\/wp-content\/uploads\/2022\/04\/amazon-g41210a201_1920-1024x535-1.jpg","datePublished":"2022-04-07T17:57:45+00:00","dateModified":"2022-04-07T18:49:53+00:00","breadcrumb":{"@id":"https:\/\/www.institutodeengenharia.org.br\/site\/2022\/04\/07\/consolidacao-de-uma-base-de-conhecimento-para-estrategia-nacional-de-bioeconomia-esf\/#breadcrumb"},"inLanguage":"pt-BR","potentialAction":[{"@type":"ReadAction","target":["https:\/\/www.institutodeengenharia.org.br\/site\/2022\/04\/07\/consolidacao-de-uma-base-de-conhecimento-para-estrategia-nacional-de-bioeconomia-esf\/"]}]},{"@type":"ImageObject","inLanguage":"pt-BR","@id":"https:\/\/www.institutodeengenharia.org.br\/site\/2022\/04\/07\/consolidacao-de-uma-base-de-conhecimento-para-estrategia-nacional-de-bioeconomia-esf\/#primaryimage","url":"https:\/\/www.institutodeengenharia.org.br\/site\/wp-content\/uploads\/2022\/04\/amazon-g41210a201_1920-1024x535-1.jpg","contentUrl":"https:\/\/www.institutodeengenharia.org.br\/site\/wp-content\/uploads\/2022\/04\/amazon-g41210a201_1920-1024x535-1.jpg","width":1024,"height":420},{"@type":"BreadcrumbList","@id":"https:\/\/www.institutodeengenharia.org.br\/site\/2022\/04\/07\/consolidacao-de-uma-base-de-conhecimento-para-estrategia-nacional-de-bioeconomia-esf\/#breadcrumb","itemListElement":[{"@type":"ListItem","position":1,"name":"In\u00edcio","item":"https:\/\/www.institutodeengenharia.org.br\/site\/"},{"@type":"ListItem","position":2,"name":"Consolida\u00e7\u00e3o de uma base de conhecimento para estrat\u00e9gia nacional de bioeconomia &#8211; ESF"}]},{"@type":"WebSite","@id":"https:\/\/www.institutodeengenharia.org.br\/site\/#website","url":"https:\/\/www.institutodeengenharia.org.br\/site\/","name":"Instituto de Engenharia","description":"O Instituto de Engenharia promove a Engenharia em benef\u00edcio do desenvolvimento e da qualidade de vida da sociedade.","publisher":{"@id":"https:\/\/www.institutodeengenharia.org.br\/site\/#organization"},"potentialAction":[{"@type":"SearchAction","target":{"@type":"EntryPoint","urlTemplate":"https:\/\/www.institutodeengenharia.org.br\/site\/?s={search_term_string}"},"query-input":{"@type":"PropertyValueSpecification","valueRequired":true,"valueName":"search_term_string"}}],"inLanguage":"pt-BR"},{"@type":"Organization","@id":"https:\/\/www.institutodeengenharia.org.br\/site\/#organization","name":"Instituto de Engenharia","url":"https:\/\/www.institutodeengenharia.org.br\/site\/","logo":{"@type":"ImageObject","inLanguage":"pt-BR","@id":"https:\/\/www.institutodeengenharia.org.br\/site\/#\/schema\/logo\/image\/","url":"https:\/\/www.institutodeengenharia.org.br\/site\/wp-content\/uploads\/2019\/03\/logo-novo-IE2018-1.jpg","contentUrl":"https:\/\/www.institutodeengenharia.org.br\/site\/wp-content\/uploads\/2019\/03\/logo-novo-IE2018-1.jpg","width":1486,"height":1879,"caption":"Instituto de Engenharia"},"image":{"@id":"https:\/\/www.institutodeengenharia.org.br\/site\/#\/schema\/logo\/image\/"},"sameAs":["https:\/\/www.facebook.com\/institutodeengenharia","https:\/\/x.com\/iengenharia","https:\/\/www.instagram.com\/institutodeengenharia\/","https:\/\/www.linkedin.com\/company\/instituto-de-engenharia\/","https:\/\/www.youtube.com\/channel\/UCXiCAlsSMe977vamW915HxA"]},{"@type":"Person","@id":"https:\/\/www.institutodeengenharia.org.br\/site\/#\/schema\/person\/aeb64951c405e100d26d30b033dd423f","name":"Bianca","image":{"@type":"ImageObject","inLanguage":"pt-BR","@id":"https:\/\/secure.gravatar.com\/avatar\/a6fbe9bff57405baf4c1e2c5c1811e072b558253974a9f9508f4678900c97c2a?s=96&d=mm&r=g","url":"https:\/\/secure.gravatar.com\/avatar\/a6fbe9bff57405baf4c1e2c5c1811e072b558253974a9f9508f4678900c97c2a?s=96&d=mm&r=g","contentUrl":"https:\/\/secure.gravatar.com\/avatar\/a6fbe9bff57405baf4c1e2c5c1811e072b558253974a9f9508f4678900c97c2a?s=96&d=mm&r=g","caption":"Bianca"},"url":"https:\/\/www.institutodeengenharia.org.br\/site\/author\/comunicacao1\/"}]}},"_links":{"self":[{"href":"https:\/\/www.institutodeengenharia.org.br\/site\/wp-json\/wp\/v2\/posts\/91847","targetHints":{"allow":["GET"]}}],"collection":[{"href":"https:\/\/www.institutodeengenharia.org.br\/site\/wp-json\/wp\/v2\/posts"}],"about":[{"href":"https:\/\/www.institutodeengenharia.org.br\/site\/wp-json\/wp\/v2\/types\/post"}],"author":[{"embeddable":true,"href":"https:\/\/www.institutodeengenharia.org.br\/site\/wp-json\/wp\/v2\/users\/13"}],"replies":[{"embeddable":true,"href":"https:\/\/www.institutodeengenharia.org.br\/site\/wp-json\/wp\/v2\/comments?post=91847"}],"version-history":[{"count":1,"href":"https:\/\/www.institutodeengenharia.org.br\/site\/wp-json\/wp\/v2\/posts\/91847\/revisions"}],"predecessor-version":[{"id":91849,"href":"https:\/\/www.institutodeengenharia.org.br\/site\/wp-json\/wp\/v2\/posts\/91847\/revisions\/91849"}],"wp:featuredmedia":[{"embeddable":true,"href":"https:\/\/www.institutodeengenharia.org.br\/site\/wp-json\/wp\/v2\/media\/91848"}],"wp:attachment":[{"href":"https:\/\/www.institutodeengenharia.org.br\/site\/wp-json\/wp\/v2\/media?parent=91847"}],"wp:term":[{"taxonomy":"category","embeddable":true,"href":"https:\/\/www.institutodeengenharia.org.br\/site\/wp-json\/wp\/v2\/categories?post=91847"},{"taxonomy":"post_tag","embeddable":true,"href":"https:\/\/www.institutodeengenharia.org.br\/site\/wp-json\/wp\/v2\/tags?post=91847"}],"curies":[{"name":"wp","href":"https:\/\/api.w.org\/{rel}","templated":true}]}}