{"id":91845,"date":"2022-03-25T14:54:28","date_gmt":"2022-03-25T17:54:28","guid":{"rendered":"https:\/\/www.institutodeengenharia.org.br\/site\/?p=91845"},"modified":"2022-05-17T16:35:11","modified_gmt":"2022-05-17T19:35:11","slug":"ciclo-de-formacao-uma-amazonia-para-o-futuro-sustentabilidade-conceitos-e-sua-complexidade","status":"publish","type":"post","link":"https:\/\/www.institutodeengenharia.org.br\/site\/2022\/03\/25\/ciclo-de-formacao-uma-amazonia-para-o-futuro-sustentabilidade-conceitos-e-sua-complexidade\/","title":{"rendered":"Ciclo de Forma\u00e7\u00e3o: Uma Amaz\u00f4nia para o futuro \u2013 Sustentabilidade: Conceitos e sua complexidade"},"content":{"rendered":"<p><strong>Assista \u00e0 grava\u00e7\u00e3o do evento:<\/strong><\/p>\n<div style=\"padding: 56.25% 0 0 0; position: relative;\"><iframe style=\"position: absolute; top: 0; left: 0; width: 100%; height: 100%;\" title=\"Palestra Webinar - Ciclo de Forma&amp;ccedil;&amp;atilde;o Uma Amaz&amp;ocirc;nia para o futuro &amp;ndash; Sustentabilidade Conceitos e sua complexidade\" src=\"https:\/\/player.vimeo.com\/video\/696571220?h=8e6011c004&amp;badge=0&amp;autopause=0&amp;player_id=0&amp;app_id=58479\" frameborder=\"0\" allowfullscreen=\"allowfullscreen\"><\/iframe><\/div>\n<p><script src=\"https:\/\/player.vimeo.com\/api\/player.js\"><\/script><strong>+ Informa\u00e7\u00f5es:\u00a0<\/strong><\/p>\n<p>Ciclo de Forma\u00e7\u00e3o: Uma Amaz\u00f4nia Para o Futuro \u00e9 um projeto realizado em parceria Instituto de Engenharia com a Academia Amaz\u00f4nia Ensina, de cinco webin\u00e1rios ao longo do primeiro semestre de 2022, com o intuito de introduzir temas relacionados \u00e0 Expedi\u00e7\u00e3o Amaz\u00f4nia 21, prevista para acontecer entre os dias 10 e 17 de julho de 2022.<\/p>\n<p><a href=\"https:\/\/www.institutodeengenharia.org.br\/site\/2022\/02\/22\/ciclo-de-formacao-uma-amazonia-para-o-futuro-historia-economica-da-amazonia\/\"><strong>Clique aqui<\/strong>\u00a0<\/a>e assista ao primeiro encontro com o tema \u201cFuturo Hist\u00f3ria Econ\u00f4mica da Amaz\u00f4nia\u201d, que foi ministrado por Jo\u00e3o Tezza Neto, diretor executivo da Academia Amaz\u00f4nia Ensina. E j\u00e1 garanta a sua vaga para o segundo encontro. Inscreva-se!<\/p>\n<p><strong>P\u00fablico-alvo:<\/strong><\/p>\n<p>Engenheiros, universit\u00e1rios, arquitetos, bi\u00f3logos, professores, e interessados<\/p>\n<p><strong>Palestrante<\/strong><br \/>\nAndrea Waichman \u2013 Prof\u00aa da Universidade Federal do Amazonas \u2013 UFAM.<\/p>\n<p><strong>Moderador<\/strong><br \/>\nFelipe Geribello Ferreira Cabral \u2013 diretor Instituto de Engenharia<\/p>\n<p><strong>Saiba sobre a participante\u00a0<\/strong><\/p>\n<p><img loading=\"lazy\" decoding=\"async\" class=\"wp-image-91132 alignleft td-animation-stack-type0-2\" src=\"https:\/\/www.institutodeengenharia.org.br\/site\/wp-content\/uploads\/2022\/03\/Foto-Andrea.webp\" alt=\"\" width=\"147\" height=\"146\" srcset=\"https:\/\/www.institutodeengenharia.org.br\/site\/wp-content\/uploads\/2022\/03\/Foto-Andrea.webp 640w, https:\/\/www.institutodeengenharia.org.br\/site\/wp-content\/uploads\/2022\/03\/Foto-Andrea-300x300.webp 300w, https:\/\/www.institutodeengenharia.org.br\/site\/wp-content\/uploads\/2022\/03\/Foto-Andrea-150x150.webp 150w, https:\/\/www.institutodeengenharia.org.br\/site\/wp-content\/uploads\/2022\/03\/Foto-Andrea-420x420.webp 420w, https:\/\/www.institutodeengenharia.org.br\/site\/wp-content\/uploads\/2022\/03\/Foto-Andrea-600x600.webp 600w, https:\/\/www.institutodeengenharia.org.br\/site\/wp-content\/uploads\/2022\/03\/Foto-Andrea-100x100.webp 100w\" sizes=\"auto, (max-width: 147px) 100vw, 147px\" \/><b>Andrea Waichman \u2013\u00a0<\/b>Professora titular da Universidade Federal do Amazonas (UFAM), possui gradua\u00e7\u00e3o em Ci\u00eancias Biol\u00f3gicas pela Universidad Nacional de Buenos Aires, Argentina, mestrado em Ecologia pelo Instituto Nacional de Pesquisas da Amaz\u00f4nia e concluiu o doutorado em Biologia de \u00c1gua Doce e Pesca Interior pelo Instituto Nacional de Pesquisas da Amaz\u00f4nia, em 1999.<\/p>\n<p>No per\u00edodo de 2001 a 2004 foi diretora de Capacita\u00e7\u00e3o do Centro de Ci\u00eancias do Ambiente da Universidade Federal do Amazonas. Foi Diretora de P\u00f3s-Gradua\u00e7\u00e3o da Universidade Federal do Amazonas no per\u00edodo de 2005 a 2009.<\/p>\n<p>De 2012 a 2017 foi Diretora T\u00e9cnico Cient\u00edfica da Funda\u00e7\u00e3o de Amparo \u00e0 Pesquisa do Estado do Amazonas \u2013 FAPEAM. Foi Diretora de Gest\u00e3o de Inova\u00e7\u00e3o, Propriedade Intelectual e Transfer\u00eancia Tecnol\u00f3gica da UFAM. Possui ampla experi\u00eancia em avalia\u00e7\u00e3o e acompanhamento de projetos de coopera\u00e7\u00e3o cient\u00edfica internacional, gest\u00e3o de redes de pesquisa e inova\u00e7\u00e3o, financiamento p\u00fablico da pesquisa e da inova\u00e7\u00e3o, gest\u00e3o p\u00fablica de C,T &amp; I, elabora\u00e7\u00e3o de editais p\u00fablicos de C, T &amp; I, pol\u00edticas p\u00fablicas e gest\u00e3o estrat\u00e9gica.<\/p>\n<p>Na pesquisa, atua na \u00e1rea de Avalia\u00e7\u00e3o de Risco, Avalia\u00e7\u00e3o de Impactos Ambientais e Sustentabilidade. \u00c9 empreendedora, e professora do Programa de P\u00f3s-Gradua\u00e7\u00e3o em Ci\u00eancias do Ambiente e Sustentabilidade na Amaz\u00f4nia e do Programa de P\u00f3s-Gradua\u00e7\u00e3o em Propriedade Intelectual e Transfer\u00eancia de Tecnologia para a Inova\u00e7\u00e3o.<strong><br \/>\n<\/strong><\/p>\n<p>&nbsp;<\/p>\n<p><strong><img loading=\"lazy\" decoding=\"async\" class=\"wp-image-77830 alignright td-animation-stack-type0-2\" src=\"https:\/\/www.institutodeengenharia.org.br\/site\/wp-content\/uploads\/2021\/02\/Felipe-Geribello.jpeg\" alt=\"\" width=\"170\" height=\"192\" srcset=\"https:\/\/www.institutodeengenharia.org.br\/site\/wp-content\/uploads\/2021\/02\/Felipe-Geribello.jpeg 1023w, https:\/\/www.institutodeengenharia.org.br\/site\/wp-content\/uploads\/2021\/02\/Felipe-Geribello-266x300.jpeg 266w, https:\/\/www.institutodeengenharia.org.br\/site\/wp-content\/uploads\/2021\/02\/Felipe-Geribello-907x1024.jpeg 907w, https:\/\/www.institutodeengenharia.org.br\/site\/wp-content\/uploads\/2021\/02\/Felipe-Geribello-768x867.jpeg 768w, https:\/\/www.institutodeengenharia.org.br\/site\/wp-content\/uploads\/2021\/02\/Felipe-Geribello-696x786.jpeg 696w, https:\/\/www.institutodeengenharia.org.br\/site\/wp-content\/uploads\/2021\/02\/Felipe-Geribello-372x420.jpeg 372w, https:\/\/www.institutodeengenharia.org.br\/site\/wp-content\/uploads\/2021\/02\/Felipe-Geribello-600x677.jpeg 600w\" sizes=\"auto, (max-width: 170px) 100vw, 170px\" \/>Felipe Geribello Ferreira Cabral\u00a0<\/strong>\u00a0\u2013 Engenheiro Civil formado pelo Instituto Mau\u00e1 de Tecnologia em 2018, p\u00f3s-graduado em Gerenciamento de Projetos pela FGV e atualmente cursando p\u00f3s-gradua\u00e7\u00e3o em Neuroci\u00eancia e Comportamento pela PUC-RS. Trabalha na Geribello Engenharia Ltda., empresa de gerenciamento, fiscaliza\u00e7\u00e3o e supervis\u00e3o de obras, j\u00e1 tendo atuado no departamento de planejamento e como engenheiro fiscal em contratos de habita\u00e7\u00e3o popular (CDHU). Atualmente trabalha no Departamento de Qualidade e Desenvolvimento da empresa, sendo respons\u00e1vel pela busca de inova\u00e7\u00f5es. \u00c9 vice-coordenador da Divis\u00e3o T\u00e9cnica de Engenharia Sanit\u00e1ria e Recursos H\u00eddricos e Biotecnologia, desde 2019.<\/p>\n<p>&nbsp;<\/p>\n<p><em><strong>Realiza\u00e7\u00e3o:<\/strong><\/em><\/p>\n<p><em>Vice- Presid\u00eancia de Atividades T\u00e9cnicas Departamento \u2013 Ivan Metran Whately<\/em><br \/>\nDepartamento de Desenvolvimento de Gest\u00e3o e Objetivos<br \/>\nDivis\u00e3o T\u00e9cnica de Planejamento e Engenharia Econ\u00f4mica<br \/>\nGT Amaz\u00f4nia e Bioeconomia<\/p>\n<p><strong>Apoio Institucional:<\/strong><\/p>\n<p><img loading=\"lazy\" decoding=\"async\" class=\"alignnone wp-image-77696 td-animation-stack-type0-2\" src=\"https:\/\/www.institutodeengenharia.org.br\/site\/wp-content\/uploads\/2021\/02\/crea-300x211.jpg\" alt=\"\" width=\"151\" height=\"106\" srcset=\"https:\/\/www.institutodeengenharia.org.br\/site\/wp-content\/uploads\/2021\/02\/crea-300x211.jpg 300w, https:\/\/www.institutodeengenharia.org.br\/site\/wp-content\/uploads\/2021\/02\/crea-100x70.jpg 100w, https:\/\/www.institutodeengenharia.org.br\/site\/wp-content\/uploads\/2021\/02\/crea.jpg 448w\" sizes=\"auto, (max-width: 151px) 100vw, 151px\" \/><\/p>\n<p><strong>Apoio \u00e0 forma\u00e7\u00e3o:\u00a0<\/strong><\/p>\n<p>Espa\u00e7o aberto ao CREA-SP, objetivando o aperfei\u00e7oamento dos profissionais e o aprimoramento da fiscaliza\u00e7\u00e3o das \u00e1reas abrangidas pelo Sistema Confea\/CREAs, al\u00e9m de promover a conscientiza\u00e7\u00e3o da sociedade quanto \u00e0 necessidade e obrigatoriedade de contratar um profissional devidamente habilitado.<\/p>\n","protected":false},"excerpt":{"rendered":"<p>Assista \u00e0 grava\u00e7\u00e3o do evento: + Informa\u00e7\u00f5es:\u00a0 Ciclo de Forma\u00e7\u00e3o: Uma Amaz\u00f4nia Para o Futuro \u00e9 um projeto realizado em parceria Instituto de Engenharia com a Academia Amaz\u00f4nia Ensina, de cinco webin\u00e1rios ao longo do primeiro semestre de 2022, com o intuito de introduzir temas relacionados \u00e0 Expedi\u00e7\u00e3o Amaz\u00f4nia 21, prevista para acontecer entre os [&hellip;]<\/p>\n","protected":false},"author":13,"featured_media":91131,"comment_status":"open","ping_status":"open","sticky":false,"template":"","format":"standard","meta":{"footnotes":""},"categories":[1119,968,969],"tags":[],"class_list":{"0":"post-91845","1":"post","2":"type-post","3":"status-publish","4":"format-standard","5":"has-post-thumbnail","7":"category-amazonia-e-bioeconomia","8":"category-nova-tv-engenharia","9":"category-palestra"},"yoast_head":"<!-- This site is optimized with the Yoast SEO plugin v27.2 - https:\/\/yoast.com\/product\/yoast-seo-wordpress\/ -->\n<title>Ciclo de Forma\u00e7\u00e3o: Uma Amaz\u00f4nia para o futuro \u2013 Sustentabilidade: Conceitos e sua complexidade - Instituto de Engenharia<\/title>\n<meta name=\"robots\" content=\"index, follow, max-snippet:-1, max-image-preview:large, max-video-preview:-1\" \/>\n<link rel=\"canonical\" href=\"https:\/\/www.institutodeengenharia.org.br\/site\/2022\/03\/25\/ciclo-de-formacao-uma-amazonia-para-o-futuro-sustentabilidade-conceitos-e-sua-complexidade\/\" \/>\n<meta property=\"og:locale\" content=\"pt_BR\" \/>\n<meta property=\"og:type\" content=\"article\" \/>\n<meta property=\"og:title\" content=\"Ciclo de Forma\u00e7\u00e3o: Uma Amaz\u00f4nia para o futuro \u2013 Sustentabilidade: Conceitos e sua complexidade\" \/>\n<meta property=\"og:description\" content=\"Assista \u00e0 grava\u00e7\u00e3o do evento\" \/>\n<meta property=\"og:url\" content=\"https:\/\/www.institutodeengenharia.org.br\/site\/2022\/03\/25\/ciclo-de-formacao-uma-amazonia-para-o-futuro-sustentabilidade-conceitos-e-sua-complexidade\/\" \/>\n<meta property=\"og:site_name\" content=\"Instituto de Engenharia\" \/>\n<meta property=\"article:publisher\" content=\"https:\/\/www.facebook.com\/institutodeengenharia\" \/>\n<meta property=\"article:published_time\" content=\"2022-03-25T17:54:28+00:00\" \/>\n<meta property=\"article:modified_time\" content=\"2022-05-17T19:35:11+00:00\" \/>\n<meta property=\"og:image\" content=\"https:\/\/www.institutodeengenharia.org.br\/site\/wp-content\/uploads\/2022\/03\/A1A1415-3-scaled.jpg\" \/>\n\t<meta property=\"og:image:width\" content=\"2560\" \/>\n\t<meta property=\"og:image:height\" content=\"1440\" \/>\n\t<meta property=\"og:image:type\" content=\"image\/jpeg\" \/>\n<meta name=\"author\" content=\"Bianca\" \/>\n<meta name=\"twitter:card\" content=\"summary_large_image\" \/>\n<meta name=\"twitter:title\" content=\"Ciclo de Forma\u00e7\u00e3o: Uma Amaz\u00f4nia para o futuro \u2013 Sustentabilidade: Conceitos e sua complexidade\" \/>\n<meta name=\"twitter:description\" content=\"Assista \u00e0 grava\u00e7\u00e3o do evento\" \/>\n<meta name=\"twitter:image\" content=\"https:\/\/www.institutodeengenharia.org.br\/site\/wp-content\/uploads\/2022\/03\/A1A1415-3.webp\" \/>\n<meta name=\"twitter:creator\" content=\"@iengenharia\" \/>\n<meta name=\"twitter:site\" content=\"@iengenharia\" \/>\n<meta name=\"twitter:label1\" content=\"Escrito por\" \/>\n\t<meta name=\"twitter:data1\" content=\"Bianca\" \/>\n\t<meta name=\"twitter:label2\" content=\"Est. tempo de leitura\" \/>\n\t<meta name=\"twitter:data2\" content=\"4 minutos\" \/>\n<script type=\"application\/ld+json\" class=\"yoast-schema-graph\">{\"@context\":\"https:\/\/schema.org\",\"@graph\":[{\"@type\":\"Article\",\"@id\":\"https:\/\/www.institutodeengenharia.org.br\/site\/2022\/03\/25\/ciclo-de-formacao-uma-amazonia-para-o-futuro-sustentabilidade-conceitos-e-sua-complexidade\/#article\",\"isPartOf\":{\"@id\":\"https:\/\/www.institutodeengenharia.org.br\/site\/2022\/03\/25\/ciclo-de-formacao-uma-amazonia-para-o-futuro-sustentabilidade-conceitos-e-sua-complexidade\/\"},\"author\":{\"name\":\"Bianca\",\"@id\":\"https:\/\/www.institutodeengenharia.org.br\/site\/#\/schema\/person\/aeb64951c405e100d26d30b033dd423f\"},\"headline\":\"Ciclo de Forma\u00e7\u00e3o: Uma Amaz\u00f4nia para o futuro \u2013 Sustentabilidade: Conceitos e sua complexidade\",\"datePublished\":\"2022-03-25T17:54:28+00:00\",\"dateModified\":\"2022-05-17T19:35:11+00:00\",\"mainEntityOfPage\":{\"@id\":\"https:\/\/www.institutodeengenharia.org.br\/site\/2022\/03\/25\/ciclo-de-formacao-uma-amazonia-para-o-futuro-sustentabilidade-conceitos-e-sua-complexidade\/\"},\"wordCount\":593,\"commentCount\":0,\"publisher\":{\"@id\":\"https:\/\/www.institutodeengenharia.org.br\/site\/#organization\"},\"image\":{\"@id\":\"https:\/\/www.institutodeengenharia.org.br\/site\/2022\/03\/25\/ciclo-de-formacao-uma-amazonia-para-o-futuro-sustentabilidade-conceitos-e-sua-complexidade\/#primaryimage\"},\"thumbnailUrl\":\"https:\/\/www.institutodeengenharia.org.br\/site\/wp-content\/uploads\/2022\/03\/A1A1415-3.webp\",\"articleSection\":[\"Amaz\u00f4nia e Bioeconomia\",\"Nova TV Engenharia\",\"Palestra\"],\"inLanguage\":\"pt-BR\",\"potentialAction\":[{\"@type\":\"CommentAction\",\"name\":\"Comment\",\"target\":[\"https:\/\/www.institutodeengenharia.org.br\/site\/2022\/03\/25\/ciclo-de-formacao-uma-amazonia-para-o-futuro-sustentabilidade-conceitos-e-sua-complexidade\/#respond\"]}]},{\"@type\":\"WebPage\",\"@id\":\"https:\/\/www.institutodeengenharia.org.br\/site\/2022\/03\/25\/ciclo-de-formacao-uma-amazonia-para-o-futuro-sustentabilidade-conceitos-e-sua-complexidade\/\",\"url\":\"https:\/\/www.institutodeengenharia.org.br\/site\/2022\/03\/25\/ciclo-de-formacao-uma-amazonia-para-o-futuro-sustentabilidade-conceitos-e-sua-complexidade\/\",\"name\":\"Ciclo de Forma\u00e7\u00e3o: Uma Amaz\u00f4nia para o futuro \u2013 Sustentabilidade: Conceitos e sua complexidade - Instituto de Engenharia\",\"isPartOf\":{\"@id\":\"https:\/\/www.institutodeengenharia.org.br\/site\/#website\"},\"primaryImageOfPage\":{\"@id\":\"https:\/\/www.institutodeengenharia.org.br\/site\/2022\/03\/25\/ciclo-de-formacao-uma-amazonia-para-o-futuro-sustentabilidade-conceitos-e-sua-complexidade\/#primaryimage\"},\"image\":{\"@id\":\"https:\/\/www.institutodeengenharia.org.br\/site\/2022\/03\/25\/ciclo-de-formacao-uma-amazonia-para-o-futuro-sustentabilidade-conceitos-e-sua-complexidade\/#primaryimage\"},\"thumbnailUrl\":\"https:\/\/www.institutodeengenharia.org.br\/site\/wp-content\/uploads\/2022\/03\/A1A1415-3.webp\",\"datePublished\":\"2022-03-25T17:54:28+00:00\",\"dateModified\":\"2022-05-17T19:35:11+00:00\",\"breadcrumb\":{\"@id\":\"https:\/\/www.institutodeengenharia.org.br\/site\/2022\/03\/25\/ciclo-de-formacao-uma-amazonia-para-o-futuro-sustentabilidade-conceitos-e-sua-complexidade\/#breadcrumb\"},\"inLanguage\":\"pt-BR\",\"potentialAction\":[{\"@type\":\"ReadAction\",\"target\":[\"https:\/\/www.institutodeengenharia.org.br\/site\/2022\/03\/25\/ciclo-de-formacao-uma-amazonia-para-o-futuro-sustentabilidade-conceitos-e-sua-complexidade\/\"]}]},{\"@type\":\"ImageObject\",\"inLanguage\":\"pt-BR\",\"@id\":\"https:\/\/www.institutodeengenharia.org.br\/site\/2022\/03\/25\/ciclo-de-formacao-uma-amazonia-para-o-futuro-sustentabilidade-conceitos-e-sua-complexidade\/#primaryimage\",\"url\":\"https:\/\/www.institutodeengenharia.org.br\/site\/wp-content\/uploads\/2022\/03\/A1A1415-3.webp\",\"contentUrl\":\"https:\/\/www.institutodeengenharia.org.br\/site\/wp-content\/uploads\/2022\/03\/A1A1415-3.webp\",\"width\":2000,\"height\":1124},{\"@type\":\"BreadcrumbList\",\"@id\":\"https:\/\/www.institutodeengenharia.org.br\/site\/2022\/03\/25\/ciclo-de-formacao-uma-amazonia-para-o-futuro-sustentabilidade-conceitos-e-sua-complexidade\/#breadcrumb\",\"itemListElement\":[{\"@type\":\"ListItem\",\"position\":1,\"name\":\"In\u00edcio\",\"item\":\"https:\/\/www.institutodeengenharia.org.br\/site\/\"},{\"@type\":\"ListItem\",\"position\":2,\"name\":\"Ciclo de Forma\u00e7\u00e3o: Uma Amaz\u00f4nia para o futuro \u2013 Sustentabilidade: Conceitos e sua complexidade\"}]},{\"@type\":\"WebSite\",\"@id\":\"https:\/\/www.institutodeengenharia.org.br\/site\/#website\",\"url\":\"https:\/\/www.institutodeengenharia.org.br\/site\/\",\"name\":\"Instituto de Engenharia\",\"description\":\"O Instituto de Engenharia promove a Engenharia em benef\u00edcio do desenvolvimento e da qualidade de vida da sociedade.\",\"publisher\":{\"@id\":\"https:\/\/www.institutodeengenharia.org.br\/site\/#organization\"},\"potentialAction\":[{\"@type\":\"SearchAction\",\"target\":{\"@type\":\"EntryPoint\",\"urlTemplate\":\"https:\/\/www.institutodeengenharia.org.br\/site\/?s={search_term_string}\"},\"query-input\":{\"@type\":\"PropertyValueSpecification\",\"valueRequired\":true,\"valueName\":\"search_term_string\"}}],\"inLanguage\":\"pt-BR\"},{\"@type\":\"Organization\",\"@id\":\"https:\/\/www.institutodeengenharia.org.br\/site\/#organization\",\"name\":\"Instituto de Engenharia\",\"url\":\"https:\/\/www.institutodeengenharia.org.br\/site\/\",\"logo\":{\"@type\":\"ImageObject\",\"inLanguage\":\"pt-BR\",\"@id\":\"https:\/\/www.institutodeengenharia.org.br\/site\/#\/schema\/logo\/image\/\",\"url\":\"https:\/\/www.institutodeengenharia.org.br\/site\/wp-content\/uploads\/2019\/03\/logo-novo-IE2018-1.jpg\",\"contentUrl\":\"https:\/\/www.institutodeengenharia.org.br\/site\/wp-content\/uploads\/2019\/03\/logo-novo-IE2018-1.jpg\",\"width\":1486,\"height\":1879,\"caption\":\"Instituto de Engenharia\"},\"image\":{\"@id\":\"https:\/\/www.institutodeengenharia.org.br\/site\/#\/schema\/logo\/image\/\"},\"sameAs\":[\"https:\/\/www.facebook.com\/institutodeengenharia\",\"https:\/\/x.com\/iengenharia\",\"https:\/\/www.instagram.com\/institutodeengenharia\/\",\"https:\/\/www.linkedin.com\/company\/instituto-de-engenharia\/\",\"https:\/\/www.youtube.com\/channel\/UCXiCAlsSMe977vamW915HxA\"]},{\"@type\":\"Person\",\"@id\":\"https:\/\/www.institutodeengenharia.org.br\/site\/#\/schema\/person\/aeb64951c405e100d26d30b033dd423f\",\"name\":\"Bianca\",\"image\":{\"@type\":\"ImageObject\",\"inLanguage\":\"pt-BR\",\"@id\":\"https:\/\/secure.gravatar.com\/avatar\/a6fbe9bff57405baf4c1e2c5c1811e072b558253974a9f9508f4678900c97c2a?s=96&d=mm&r=g\",\"url\":\"https:\/\/secure.gravatar.com\/avatar\/a6fbe9bff57405baf4c1e2c5c1811e072b558253974a9f9508f4678900c97c2a?s=96&d=mm&r=g\",\"contentUrl\":\"https:\/\/secure.gravatar.com\/avatar\/a6fbe9bff57405baf4c1e2c5c1811e072b558253974a9f9508f4678900c97c2a?s=96&d=mm&r=g\",\"caption\":\"Bianca\"},\"url\":\"https:\/\/www.institutodeengenharia.org.br\/site\/author\/comunicacao1\/\"}]}<\/script>\n<!-- \/ Yoast SEO plugin. -->","yoast_head_json":{"title":"Ciclo de Forma\u00e7\u00e3o: Uma Amaz\u00f4nia para o futuro \u2013 Sustentabilidade: Conceitos e sua complexidade - Instituto de Engenharia","robots":{"index":"index","follow":"follow","max-snippet":"max-snippet:-1","max-image-preview":"max-image-preview:large","max-video-preview":"max-video-preview:-1"},"canonical":"https:\/\/www.institutodeengenharia.org.br\/site\/2022\/03\/25\/ciclo-de-formacao-uma-amazonia-para-o-futuro-sustentabilidade-conceitos-e-sua-complexidade\/","og_locale":"pt_BR","og_type":"article","og_title":"Ciclo de Forma\u00e7\u00e3o: Uma Amaz\u00f4nia para o futuro \u2013 Sustentabilidade: Conceitos e sua complexidade","og_description":"Assista \u00e0 grava\u00e7\u00e3o do evento","og_url":"https:\/\/www.institutodeengenharia.org.br\/site\/2022\/03\/25\/ciclo-de-formacao-uma-amazonia-para-o-futuro-sustentabilidade-conceitos-e-sua-complexidade\/","og_site_name":"Instituto de Engenharia","article_publisher":"https:\/\/www.facebook.com\/institutodeengenharia","article_published_time":"2022-03-25T17:54:28+00:00","article_modified_time":"2022-05-17T19:35:11+00:00","og_image":[{"width":2560,"height":1440,"url":"https:\/\/www.institutodeengenharia.org.br\/site\/wp-content\/uploads\/2022\/03\/A1A1415-3-scaled.jpg","type":"image\/jpeg"}],"author":"Bianca","twitter_card":"summary_large_image","twitter_title":"Ciclo de Forma\u00e7\u00e3o: Uma Amaz\u00f4nia para o futuro \u2013 Sustentabilidade: Conceitos e sua complexidade","twitter_description":"Assista \u00e0 grava\u00e7\u00e3o do evento","twitter_image":"https:\/\/www.institutodeengenharia.org.br\/site\/wp-content\/uploads\/2022\/03\/A1A1415-3.webp","twitter_creator":"@iengenharia","twitter_site":"@iengenharia","twitter_misc":{"Escrito por":"Bianca","Est. tempo de leitura":"4 minutos"},"schema":{"@context":"https:\/\/schema.org","@graph":[{"@type":"Article","@id":"https:\/\/www.institutodeengenharia.org.br\/site\/2022\/03\/25\/ciclo-de-formacao-uma-amazonia-para-o-futuro-sustentabilidade-conceitos-e-sua-complexidade\/#article","isPartOf":{"@id":"https:\/\/www.institutodeengenharia.org.br\/site\/2022\/03\/25\/ciclo-de-formacao-uma-amazonia-para-o-futuro-sustentabilidade-conceitos-e-sua-complexidade\/"},"author":{"name":"Bianca","@id":"https:\/\/www.institutodeengenharia.org.br\/site\/#\/schema\/person\/aeb64951c405e100d26d30b033dd423f"},"headline":"Ciclo de Forma\u00e7\u00e3o: Uma Amaz\u00f4nia para o futuro \u2013 Sustentabilidade: Conceitos e sua complexidade","datePublished":"2022-03-25T17:54:28+00:00","dateModified":"2022-05-17T19:35:11+00:00","mainEntityOfPage":{"@id":"https:\/\/www.institutodeengenharia.org.br\/site\/2022\/03\/25\/ciclo-de-formacao-uma-amazonia-para-o-futuro-sustentabilidade-conceitos-e-sua-complexidade\/"},"wordCount":593,"commentCount":0,"publisher":{"@id":"https:\/\/www.institutodeengenharia.org.br\/site\/#organization"},"image":{"@id":"https:\/\/www.institutodeengenharia.org.br\/site\/2022\/03\/25\/ciclo-de-formacao-uma-amazonia-para-o-futuro-sustentabilidade-conceitos-e-sua-complexidade\/#primaryimage"},"thumbnailUrl":"https:\/\/www.institutodeengenharia.org.br\/site\/wp-content\/uploads\/2022\/03\/A1A1415-3.webp","articleSection":["Amaz\u00f4nia e Bioeconomia","Nova TV Engenharia","Palestra"],"inLanguage":"pt-BR","potentialAction":[{"@type":"CommentAction","name":"Comment","target":["https:\/\/www.institutodeengenharia.org.br\/site\/2022\/03\/25\/ciclo-de-formacao-uma-amazonia-para-o-futuro-sustentabilidade-conceitos-e-sua-complexidade\/#respond"]}]},{"@type":"WebPage","@id":"https:\/\/www.institutodeengenharia.org.br\/site\/2022\/03\/25\/ciclo-de-formacao-uma-amazonia-para-o-futuro-sustentabilidade-conceitos-e-sua-complexidade\/","url":"https:\/\/www.institutodeengenharia.org.br\/site\/2022\/03\/25\/ciclo-de-formacao-uma-amazonia-para-o-futuro-sustentabilidade-conceitos-e-sua-complexidade\/","name":"Ciclo de Forma\u00e7\u00e3o: Uma Amaz\u00f4nia para o futuro \u2013 Sustentabilidade: Conceitos e sua complexidade - Instituto de Engenharia","isPartOf":{"@id":"https:\/\/www.institutodeengenharia.org.br\/site\/#website"},"primaryImageOfPage":{"@id":"https:\/\/www.institutodeengenharia.org.br\/site\/2022\/03\/25\/ciclo-de-formacao-uma-amazonia-para-o-futuro-sustentabilidade-conceitos-e-sua-complexidade\/#primaryimage"},"image":{"@id":"https:\/\/www.institutodeengenharia.org.br\/site\/2022\/03\/25\/ciclo-de-formacao-uma-amazonia-para-o-futuro-sustentabilidade-conceitos-e-sua-complexidade\/#primaryimage"},"thumbnailUrl":"https:\/\/www.institutodeengenharia.org.br\/site\/wp-content\/uploads\/2022\/03\/A1A1415-3.webp","datePublished":"2022-03-25T17:54:28+00:00","dateModified":"2022-05-17T19:35:11+00:00","breadcrumb":{"@id":"https:\/\/www.institutodeengenharia.org.br\/site\/2022\/03\/25\/ciclo-de-formacao-uma-amazonia-para-o-futuro-sustentabilidade-conceitos-e-sua-complexidade\/#breadcrumb"},"inLanguage":"pt-BR","potentialAction":[{"@type":"ReadAction","target":["https:\/\/www.institutodeengenharia.org.br\/site\/2022\/03\/25\/ciclo-de-formacao-uma-amazonia-para-o-futuro-sustentabilidade-conceitos-e-sua-complexidade\/"]}]},{"@type":"ImageObject","inLanguage":"pt-BR","@id":"https:\/\/www.institutodeengenharia.org.br\/site\/2022\/03\/25\/ciclo-de-formacao-uma-amazonia-para-o-futuro-sustentabilidade-conceitos-e-sua-complexidade\/#primaryimage","url":"https:\/\/www.institutodeengenharia.org.br\/site\/wp-content\/uploads\/2022\/03\/A1A1415-3.webp","contentUrl":"https:\/\/www.institutodeengenharia.org.br\/site\/wp-content\/uploads\/2022\/03\/A1A1415-3.webp","width":2000,"height":1124},{"@type":"BreadcrumbList","@id":"https:\/\/www.institutodeengenharia.org.br\/site\/2022\/03\/25\/ciclo-de-formacao-uma-amazonia-para-o-futuro-sustentabilidade-conceitos-e-sua-complexidade\/#breadcrumb","itemListElement":[{"@type":"ListItem","position":1,"name":"In\u00edcio","item":"https:\/\/www.institutodeengenharia.org.br\/site\/"},{"@type":"ListItem","position":2,"name":"Ciclo de Forma\u00e7\u00e3o: Uma Amaz\u00f4nia para o futuro \u2013 Sustentabilidade: Conceitos e sua complexidade"}]},{"@type":"WebSite","@id":"https:\/\/www.institutodeengenharia.org.br\/site\/#website","url":"https:\/\/www.institutodeengenharia.org.br\/site\/","name":"Instituto de Engenharia","description":"O Instituto de Engenharia promove a Engenharia em benef\u00edcio do desenvolvimento e da qualidade de vida da sociedade.","publisher":{"@id":"https:\/\/www.institutodeengenharia.org.br\/site\/#organization"},"potentialAction":[{"@type":"SearchAction","target":{"@type":"EntryPoint","urlTemplate":"https:\/\/www.institutodeengenharia.org.br\/site\/?s={search_term_string}"},"query-input":{"@type":"PropertyValueSpecification","valueRequired":true,"valueName":"search_term_string"}}],"inLanguage":"pt-BR"},{"@type":"Organization","@id":"https:\/\/www.institutodeengenharia.org.br\/site\/#organization","name":"Instituto de Engenharia","url":"https:\/\/www.institutodeengenharia.org.br\/site\/","logo":{"@type":"ImageObject","inLanguage":"pt-BR","@id":"https:\/\/www.institutodeengenharia.org.br\/site\/#\/schema\/logo\/image\/","url":"https:\/\/www.institutodeengenharia.org.br\/site\/wp-content\/uploads\/2019\/03\/logo-novo-IE2018-1.jpg","contentUrl":"https:\/\/www.institutodeengenharia.org.br\/site\/wp-content\/uploads\/2019\/03\/logo-novo-IE2018-1.jpg","width":1486,"height":1879,"caption":"Instituto de Engenharia"},"image":{"@id":"https:\/\/www.institutodeengenharia.org.br\/site\/#\/schema\/logo\/image\/"},"sameAs":["https:\/\/www.facebook.com\/institutodeengenharia","https:\/\/x.com\/iengenharia","https:\/\/www.instagram.com\/institutodeengenharia\/","https:\/\/www.linkedin.com\/company\/instituto-de-engenharia\/","https:\/\/www.youtube.com\/channel\/UCXiCAlsSMe977vamW915HxA"]},{"@type":"Person","@id":"https:\/\/www.institutodeengenharia.org.br\/site\/#\/schema\/person\/aeb64951c405e100d26d30b033dd423f","name":"Bianca","image":{"@type":"ImageObject","inLanguage":"pt-BR","@id":"https:\/\/secure.gravatar.com\/avatar\/a6fbe9bff57405baf4c1e2c5c1811e072b558253974a9f9508f4678900c97c2a?s=96&d=mm&r=g","url":"https:\/\/secure.gravatar.com\/avatar\/a6fbe9bff57405baf4c1e2c5c1811e072b558253974a9f9508f4678900c97c2a?s=96&d=mm&r=g","contentUrl":"https:\/\/secure.gravatar.com\/avatar\/a6fbe9bff57405baf4c1e2c5c1811e072b558253974a9f9508f4678900c97c2a?s=96&d=mm&r=g","caption":"Bianca"},"url":"https:\/\/www.institutodeengenharia.org.br\/site\/author\/comunicacao1\/"}]}},"_links":{"self":[{"href":"https:\/\/www.institutodeengenharia.org.br\/site\/wp-json\/wp\/v2\/posts\/91845","targetHints":{"allow":["GET"]}}],"collection":[{"href":"https:\/\/www.institutodeengenharia.org.br\/site\/wp-json\/wp\/v2\/posts"}],"about":[{"href":"https:\/\/www.institutodeengenharia.org.br\/site\/wp-json\/wp\/v2\/types\/post"}],"author":[{"embeddable":true,"href":"https:\/\/www.institutodeengenharia.org.br\/site\/wp-json\/wp\/v2\/users\/13"}],"replies":[{"embeddable":true,"href":"https:\/\/www.institutodeengenharia.org.br\/site\/wp-json\/wp\/v2\/comments?post=91845"}],"version-history":[{"count":1,"href":"https:\/\/www.institutodeengenharia.org.br\/site\/wp-json\/wp\/v2\/posts\/91845\/revisions"}],"predecessor-version":[{"id":91846,"href":"https:\/\/www.institutodeengenharia.org.br\/site\/wp-json\/wp\/v2\/posts\/91845\/revisions\/91846"}],"wp:featuredmedia":[{"embeddable":true,"href":"https:\/\/www.institutodeengenharia.org.br\/site\/wp-json\/wp\/v2\/media\/91131"}],"wp:attachment":[{"href":"https:\/\/www.institutodeengenharia.org.br\/site\/wp-json\/wp\/v2\/media?parent=91845"}],"wp:term":[{"taxonomy":"category","embeddable":true,"href":"https:\/\/www.institutodeengenharia.org.br\/site\/wp-json\/wp\/v2\/categories?post=91845"},{"taxonomy":"post_tag","embeddable":true,"href":"https:\/\/www.institutodeengenharia.org.br\/site\/wp-json\/wp\/v2\/tags?post=91845"}],"curies":[{"name":"wp","href":"https:\/\/api.w.org\/{rel}","templated":true}]}}