{"id":91841,"date":"2022-04-25T10:47:00","date_gmt":"2022-04-25T13:47:00","guid":{"rendered":"https:\/\/www.institutodeengenharia.org.br\/site\/?p=91841"},"modified":"2022-05-17T16:31:43","modified_gmt":"2022-05-17T19:31:43","slug":"seguranca-da-agua-para-abastecimento-publico","status":"publish","type":"post","link":"https:\/\/www.institutodeengenharia.org.br\/site\/2022\/04\/25\/seguranca-da-agua-para-abastecimento-publico\/","title":{"rendered":"Seguran\u00e7a da \u00e1gua para abastecimento p\u00fablico"},"content":{"rendered":"<p><strong>Assista \u00e0 grava\u00e7\u00e3o do evento:\u00a0<\/strong><\/p>\n<div style=\"padding: 56.25% 0 0 0; position: relative;\"><iframe style=\"position: absolute; top: 0; left: 0; width: 100%; height: 100%;\" title=\"Seguran&amp;ccedil;a da &amp;Aacute;gua para Abastecimento P&amp;uacute;blico\" src=\"https:\/\/player.vimeo.com\/video\/696646281?h=444bbcfb7f&amp;badge=0&amp;autopause=0&amp;player_id=0&amp;app_id=58479\" frameborder=\"0\" allowfullscreen=\"allowfullscreen\"><\/iframe><\/div>\n<p><script src=\"https:\/\/player.vimeo.com\/api\/player.js\"><\/script><strong>+ Informa\u00e7\u00f5es:\u00a0<\/strong><\/p>\n<p>A disponibilidade da \u00e1gua em regi\u00f5es de grandes concentra\u00e7\u00f5es urbanas para atender as atividades humanas \u00e9 uma quest\u00e3o premente nos dias atuais.<\/p>\n<p>Em decorr\u00eancia dos intensos movimentos migrat\u00f3rios de popula\u00e7\u00f5es mais carentes na busca de oportunidades de trabalho (sobretudo para as regi\u00f5es metropolitanas), a press\u00e3o sobre os recursos h\u00eddricos tem se intensificado de tal modo que, em algumas delas, ocorreram crises peri\u00f3dicas de abastecimento de \u00e1gua pot\u00e1vel.<\/p>\n<p>A solu\u00e7\u00e3o da busca da \u00e1gua em locais cada vez mais distantes j\u00e1 n\u00e3o se sustenta. O impacto da retirada de \u00e1gua nas regi\u00f5es de capta\u00e7\u00e3o, aliados a gera\u00e7\u00e3o dos esgotos onde a \u00e1gua \u00e9 utilizada, tem se mostrado uma pr\u00e1tica absolutamente equivocada.<\/p>\n<p>Tendo isso como pano de fundo, o evento Seguran\u00e7a da \u00c1gua para Abastecimento P\u00fablico foi concebido em quatro itens:<\/p>\n<p>O primeiro, \u00e9 destinado ao lan\u00e7amento do Centro de Refer\u00eancia em Seguran\u00e7a da \u00c1gua, Cersa. A diretoria do Cersa dar\u00e1 conhecimento ao p\u00fablico das finalidades do Centro e seus objetivos e prop\u00f3sitos.<\/p>\n<p>O segundo item \u00e9 destinado \u00e0 divulga\u00e7\u00e3o da obra\u00a0<em>Re\u00faso de \u00c1gua Pot\u00e1vel Como Estrat\u00e9gia para a Escassez<\/em>. Essa publica\u00e7\u00e3o destina-se a temas voltados para a quest\u00e3o da escassez de \u00e1gua, apontando o re\u00faso de \u00e1gua como uma metodologia cada vez mais presente em todo o mundo.<\/p>\n<p>O terceiro item, \u00e9 o lan\u00e7amento do livro\u00a0<em>A Primeira Esta\u00e7\u00e3o de Potabiliza\u00e7\u00e3o de Esgoto da Am\u00e9rica Latina.<\/em>\u00a0Trata-se de um livro t\u00e9cnico, apresentado sob a forma de um conto que acaba levando o leitor a entender os principais processos e opera\u00e7\u00f5es unit\u00e1rias sem que seja exigido que ele seja um especialista no tema.<\/p>\n<p>O quarto item corresponde a uma roda de discuss\u00e3o com alguns dos autores do livro sobre re\u00faso de \u00e1gua.<\/p>\n<p><strong>P\u00fablico-alvo:<\/strong><\/p>\n<p>Engenheiros, agr\u00f4nomos, arquitetos, bi\u00f3logos, qu\u00edmicos, advogados e interessados.<\/p>\n<p><strong>Assuntos:<\/strong><\/p>\n<p>Apresenta\u00e7\u00e3o do Centro de Refer\u00eancia em Seguran\u00e7a da \u00c1gua (CERSA);<br \/>\nLan\u00e7amento dos livros sobre re\u00faso de \u00e1gua: Re\u00faso de \u00e1gua pot\u00e1vel como estrat\u00e9gia para a escassez;<br \/>\nA primeira esta\u00e7\u00e3o da potabiliza\u00e7\u00e3o de esgoto da Am\u00e9rica Latina.<\/p>\n<p><strong>Programa\u00e7\u00e3o:<\/strong><\/p>\n<p><em><strong>Abertura:<\/strong><\/em><\/p>\n<p>Paulo Ferreira \u2013 Presidente do Instituto de Engenharia<br \/>\nIvan Metran Whately \u2013 Vice-presidente de Atividades T\u00e9cnicas<br \/>\nSandra Akemi Shimada Kishi \u2013 Procuradora Regional da Rep\u00fablica do Minist\u00e9rio P\u00fablico Federal<\/p>\n<p><strong>Roda de Discuss\u00e3o com os seguintes participantes:<\/strong><\/p>\n<p>Pedro C. S. Mancuso\/ Alexandra Hespanhol \u2013 Autor<br \/>\nPaulo A. M. Machado<br \/>\nF\u00e1bio Kummrow \u2013 Autor<br \/>\nJos\u00e9 Carlos Mierzwa<br \/>\nAlexandra Hespanhol<br \/>\nRoseane Garcia\/Alejandro Jorge Dourado \u2013 Autor<br \/>\nPaula Andreia Dagostino Vilela<\/p>\n<p><i><strong>Moderadores<\/strong>\u00a0\u2013\u00a0<\/i>Dione Mari Morita e Jos\u00e9 Eduardo Cavalcanti<\/p>\n<p><strong>Conhe\u00e7a os participantes:<\/strong><\/p>\n<p><img loading=\"lazy\" decoding=\"async\" class=\"alignnone wp-image-87812 alignleft td-animation-stack-type0-2\" src=\"https:\/\/www.institutodeengenharia.org.br\/site\/wp-content\/uploads\/2021\/10\/alejandrojorge.png\" alt=\"\" width=\"242\" height=\"184\" srcset=\"https:\/\/www.institutodeengenharia.org.br\/site\/wp-content\/uploads\/2021\/10\/alejandrojorge.png 424w, https:\/\/www.institutodeengenharia.org.br\/site\/wp-content\/uploads\/2021\/10\/alejandrojorge-300x229.png 300w, https:\/\/www.institutodeengenharia.org.br\/site\/wp-content\/uploads\/2021\/10\/alejandrojorge-80x60.png 80w\" sizes=\"auto, (max-width: 242px) 100vw, 242px\" \/><\/p>\n<p><strong>Alejandro Jorge Dorado<\/strong><\/p>\n<p>Bi\u00f3logo, MSc em Ecologia, doutor e p\u00f3s-doutor em Sa\u00fade P\u00fablica e pesquisador do Centro de Refer\u00eancia em Seguran\u00e7a da \u00c1gua (Cersa-CEAP\/USP).<\/p>\n<p>&nbsp;<\/p>\n<p><img loading=\"lazy\" decoding=\"async\" class=\"alignnone wp-image-87814 alignright td-animation-stack-type0-2\" src=\"https:\/\/www.institutodeengenharia.org.br\/site\/wp-content\/uploads\/2021\/10\/alexandrahespanhol-1.jpg\" alt=\"\" width=\"209\" height=\"209\" srcset=\"https:\/\/www.institutodeengenharia.org.br\/site\/wp-content\/uploads\/2021\/10\/alexandrahespanhol-1.jpg 259w, https:\/\/www.institutodeengenharia.org.br\/site\/wp-content\/uploads\/2021\/10\/alexandrahespanhol-1-150x150.jpg 150w, https:\/\/www.institutodeengenharia.org.br\/site\/wp-content\/uploads\/2021\/10\/alexandrahespanhol-1-100x100.jpg 100w\" sizes=\"auto, (max-width: 209px) 100vw, 209px\" \/><\/p>\n<p><strong>Alexandra Hespanhol<\/strong><\/p>\n<p>Graduada em Publicidade e Propaganda pela Universidade S\u00e3o Judas Tadeu, Turismo pelo Senac e em Secretaria Trilingue pela Ecole Schultz -Genebra Su\u00ed\u00e7a. Atuou por 15 anos no Centro Internacional de Refer\u00eancia em Re\u00faso de \u00c1gua -CIRRA, como Secret\u00e1ria Executiva e tradutora junto com o Prof Dr. Ivanildo Hespanhol e equipe. Experi\u00eancia na \u00e1rea administrativa, eventos dentre outros. Formada em franc\u00eas (Alliance Fran\u00e7aise) e em Ingl\u00eas (Cambridge University), com experi\u00eancia internacional, trabalhando para o Governo Su\u00ed\u00e7o.<\/p>\n<p>&nbsp;<\/p>\n<p><img loading=\"lazy\" decoding=\"async\" class=\"alignnone wp-image-87815 alignleft td-animation-stack-type0-2\" src=\"https:\/\/www.institutodeengenharia.org.br\/site\/wp-content\/uploads\/2021\/10\/dionemari.jpg\" alt=\"\" width=\"175\" height=\"233\" srcset=\"https:\/\/www.institutodeengenharia.org.br\/site\/wp-content\/uploads\/2021\/10\/dionemari.jpg 307w, https:\/\/www.institutodeengenharia.org.br\/site\/wp-content\/uploads\/2021\/10\/dionemari-225x300.jpg 225w\" sizes=\"auto, (max-width: 175px) 100vw, 175px\" \/><\/p>\n<p><strong>Dione Mari Morita<\/strong><\/p>\n<p>Engenheira civil pela Escola de Engenharia da Universidade Mackenzie (1984); Doutora em Engenharia Hidr\u00e1ulica pela Escola Polit\u00e9cnica da Universidade de S\u00e3o Paulo \u2013 EPUSP (1993); Livre-docente em Engenharia Ambiental pela EPUSP (2010); engenheira da E.P.A. Engenharia de Prote\u00e7\u00e3o Ambiental Ltda. (1985 a 1988); Professora associada da EPUSP (1989 a 1998; 2001 a 2019); Assistente executiva da Diretoria de Controle da Polui\u00e7\u00e3o da CETESB (1999 a 2000); Assessora da Secretaria de Meio Ambiente do Estado de S\u00e3o Paulo (2000 a 2003); Professora visitante do Departamento de Saneamento e Meio Ambiente da UNICAMP (2002 a 2007).<\/p>\n<p>&nbsp;<\/p>\n<p><img loading=\"lazy\" decoding=\"async\" class=\"alignnone wp-image-87817 alignright td-animation-stack-type0-2\" src=\"https:\/\/www.institutodeengenharia.org.br\/site\/wp-content\/uploads\/2021\/10\/fabiokummrow.png\" alt=\"\" width=\"207\" height=\"183\" \/><\/p>\n<p><strong>F\u00e1bio Kummrow<\/strong><\/p>\n<p>Farmac\u00eautico-Bioqu\u00edmico. Doutor em Toxicologia e An\u00e1lises Toxicol\u00f3gicas pelo Departamento de Ci\u00eancias Farmac\u00eauticas do Instituto de Ci\u00eancias Ambientais, Qu\u00edmica e Farmac\u00eauticas da Universidade Federal de S\u00e3o Paulo \u2013 Campus Diadema.<\/p>\n<p><img loading=\"lazy\" decoding=\"async\" class=\"alignnone wp-image-43624 alignleft td-animation-stack-type0-2\" src=\"https:\/\/www.institutodeengenharia.org.br\/site\/wp-content\/uploads\/2019\/08\/ivan1.jpg\" alt=\"\" width=\"222\" height=\"166\" srcset=\"https:\/\/www.institutodeengenharia.org.br\/site\/wp-content\/uploads\/2019\/08\/ivan1.jpg 314w, https:\/\/www.institutodeengenharia.org.br\/site\/wp-content\/uploads\/2019\/08\/ivan1-300x225.jpg 300w, https:\/\/www.institutodeengenharia.org.br\/site\/wp-content\/uploads\/2019\/08\/ivan1-80x60.jpg 80w, https:\/\/www.institutodeengenharia.org.br\/site\/wp-content\/uploads\/2019\/08\/ivan1-265x198.jpg 265w\" sizes=\"auto, (max-width: 222px) 100vw, 222px\" \/><\/p>\n<p><strong>Ivan Metran Whately<\/strong><\/p>\n<p>No Instituto de Engenharia h\u00e1 40 anos, atuou como 1\u00ba Secret\u00e1rio da Diretoria Executiva nos \u00faltimos quatro anos. H\u00e1 seis anos \u00e9 diretor do Departamento de Mobilidade e Log\u00edstica e atuou por cinco anos como coordenador da Divis\u00e3o T\u00e9cnica de Transportes Metropolitanos. Por dois per\u00edodos de quatro anos fez parte do Conselho Deliberativo. Atualmente \u00e9 VP de Atividades T\u00e9cnicas e atua no Conselho Consultivo. Participa do Conselho Editorial e de Pauta da Revista Engenharia. Sempre desenvolveu atividades volunt\u00e1rias, e como confrade, participa das degusta\u00e7\u00f5es da SocIEt\u00e0 \u2013 grupo de associados amigos do vinho no Instituto de Engenharia. Formado em Engenharia Civil pela FAAP, em 1974; Arquitetura pela universidade Presbiteriana Mackenzie, em 1967; com cursos de extens\u00e3o e est\u00e1gios profissionais no Brasil e na Fran\u00e7a, nas especializa\u00e7\u00f5es de Engenharia de Tr\u00e1fego e Transporte e Planejamento de Transporte. Atuou em empresas privadas e p\u00fablicas. Atualmente \u00e9 consultor de Planejamento de Transporte, j\u00e1 foi foi assessor da Diretoria do Metr\u00f4-SP (2013-2019), foi assessor Especial do SMT (2010-2013), foi gerente de Projetos e Obras da EMTU (2007-2013), foi superintendente do DAEE (1995-1997) e foi diretor de Projetos e diretor-presidente da CPOS (1997-2005). Foi Presidente da Comiss\u00e3o Pr\u00f3-Centro e diretor do DTP da PMSP. Al\u00e9m disso, foi consultor da OEA no Uruguai; diretor de Projetos de Engenharia do FUNDUSP; dirigente da Assessoria T\u00e9cnica da Secretaria dos Neg\u00f3cios Metropolitanos; assessor T\u00e9cnico da Secretaria de Estado dos Transportes, diretor do Departamento de Projetos da SEEBLA \u2013 Servi\u00e7os de Engenharia, onde coordenou projetos em cidades brasileiras, Chile, Venezuela e Col\u00f4mbia.<\/p>\n<p><img loading=\"lazy\" decoding=\"async\" class=\"alignnone wp-image-87818 alignright td-animation-stack-type0-2\" src=\"https:\/\/www.institutodeengenharia.org.br\/site\/wp-content\/uploads\/2021\/10\/ivanildohespanhol.jpg\" alt=\"\" width=\"218\" height=\"217\" srcset=\"https:\/\/www.institutodeengenharia.org.br\/site\/wp-content\/uploads\/2021\/10\/ivanildohespanhol.jpg 225w, https:\/\/www.institutodeengenharia.org.br\/site\/wp-content\/uploads\/2021\/10\/ivanildohespanhol-150x150.jpg 150w, https:\/\/www.institutodeengenharia.org.br\/site\/wp-content\/uploads\/2021\/10\/ivanildohespanhol-100x100.jpg 100w\" sizes=\"auto, (max-width: 218px) 100vw, 218px\" \/><\/p>\n<p><strong>Ivanildo Hespanhol (In Memorian)<\/strong><\/p>\n<p>Graduado em Engenharia Civil (1961) e em Engenharia Sanit\u00e1ria (1968) em S\u00e3o Carlos, pela Escola Polit\u00e9cnica da Universidade de S\u00e3o Paulo (EPUSP). Mestre em Engenharia Sanit\u00e1ria pela University of California, Berkeley, CA \u2013 EUA (1972). Doutor em Engenharia Sanit\u00e1ria pela University of California, Berkeley, CA (1975), e em Sa\u00fade P\u00fablica pela Faculdade de Sa\u00fade P\u00fablica da USP (1968). Professor titular da Escola Polit\u00e9cnica da Universidade de S\u00e3o Paulo (EPUSP). Diretor fundador do Centro Internacional de Refer\u00eancia em Re\u00faso de \u00c1gua (CIRRA\/ IRCWR), da Universidade de S\u00e3o Paulo. Experi\u00eancia na \u00e1rea de Engenharia Sanit\u00e1ria e Ambiental, atuando principalmente nos seguintes temas: Conserva\u00e7\u00e3o e Re\u00faso de \u00c1gua; Re\u00faso de \u00c1gua Pot\u00e1vel, Gest\u00e3o de Recursos H\u00eddricos; Sistemas Avan\u00e7ados de Tratamento de Esgotos e Efluentes Industriais por meio de Sistemas de Membranas, Processos Oxidativos, Biomembranas e Evaporadores de Compress\u00e3o de Vapor. Atuou como colaborador consultor da Organiza\u00e7\u00e3o Mundial da Sa\u00fade (OMS) em Genebra, Su\u00ed\u00e7a, no per\u00edodo de 1987 a 1996.<\/p>\n<p><strong><img loading=\"lazy\" decoding=\"async\" class=\"wp-image-89373 alignleft td-animation-stack-type0-2\" src=\"https:\/\/www.institutodeengenharia.org.br\/site\/wp-content\/uploads\/2021\/11\/mierzwa.png\" alt=\"\" width=\"183\" height=\"178\" \/>Jos\u00e9 Carlos Mierzwa \u2013\u00a0<\/strong>Engenheiro Qu\u00edmico pela Universidade de Mogi das Cruzes. Mestre em Tecnologia Nuclear pela Universidade de S\u00e3o Paulo \u2013USP, Doutor em Engenharia Civil pela USP. P\u00f3s-Doutorado em Engenharia e Ci\u00eancias Aplicadas de Harvard. Livre-doc\u00eancia na Escola Polit\u00e9cnica. Professor pesquisador da USP, com experi\u00eancia na \u00e1rea de projetos e processos de sistemas de tratamento de \u00e1gua e efluentes, conserva\u00e7\u00e3o e re\u00faso de \u00e1gua e tecnologia de separa\u00e7\u00e3o por membranas. Professor Da Escola Polit\u00e9cnica da Universidade de S\u00e3o Paulo \u2013 USP<\/p>\n<p><strong><img loading=\"lazy\" decoding=\"async\" class=\"wp-image-31353 alignright td-animation-stack-type0-2\" src=\"https:\/\/www.institutodeengenharia.org.br\/site\/wp-content\/uploads\/2018\/02\/cavalcanti-alta2-e1547225067645-298x300.jpg\" alt=\"\" width=\"173\" height=\"174\" srcset=\"https:\/\/www.institutodeengenharia.org.br\/site\/wp-content\/uploads\/2018\/02\/cavalcanti-alta2-e1547225067645-298x300.jpg 298w, https:\/\/www.institutodeengenharia.org.br\/site\/wp-content\/uploads\/2018\/02\/cavalcanti-alta2-e1547225067645-150x150.jpg 150w, https:\/\/www.institutodeengenharia.org.br\/site\/wp-content\/uploads\/2018\/02\/cavalcanti-alta2-e1547225067645-417x420.jpg 417w, https:\/\/www.institutodeengenharia.org.br\/site\/wp-content\/uploads\/2018\/02\/cavalcanti-alta2-e1547225067645.jpg 606w\" sizes=\"auto, (max-width: 173px) 100vw, 173px\" \/>Jos\u00e9 Eduardo Cavalcanti \u2013\u00a0<\/strong>\u00c9 engenheiro consultor, diretor do Departamento de Engenharia da Ambiental do Brasil, diretor da Divis\u00e3o de Saneamento do Deinfra \u2013 Departamento de Infraestrutura da Federa\u00e7\u00e3o das Ind\u00fastrias do Estado de S\u00e3o Paulo (Fiesp), conselheiro do Instituto de Engenharia.<\/p>\n<p>&nbsp;<\/p>\n<p><strong>Paula Andreia Dagostino Vilela \u2013\u00a0<\/strong>Engenheira Civil. Mestrado e doutorado pela Faculdade de Sa\u00fade P\u00fablica da Universidade de S\u00e3o Paulo \u2013 USP \u2013 e p\u00f3s-doutorado pelo\u00a0<em>Institute for Water Education<\/em>, Holanda. Pesquisadora da Faculdade de Sa\u00fade P\u00fablica da Universidade de S\u00e3o Paulo \u2013 USP.<\/p>\n<p>&nbsp;<\/p>\n<p><img loading=\"lazy\" decoding=\"async\" class=\"wp-image-87820 alignleft td-animation-stack-type0-2\" src=\"https:\/\/www.institutodeengenharia.org.br\/site\/wp-content\/uploads\/2021\/10\/pauloafonso-1-rotated.jpg\" alt=\"\" width=\"194\" height=\"258\" srcset=\"https:\/\/www.institutodeengenharia.org.br\/site\/wp-content\/uploads\/2021\/10\/pauloafonso-1-rotated.jpg 288w, https:\/\/www.institutodeengenharia.org.br\/site\/wp-content\/uploads\/2021\/10\/pauloafonso-1-226x300.jpg 226w\" sizes=\"auto, (max-width: 194px) 100vw, 194px\" \/><\/p>\n<p><strong>Paulo Afonso da Mata Machado<\/strong><\/p>\n<p>Graduado em Engenharia Civil e Sanit\u00e1ria pela Universidade Federal de Minas Gerais \u2013 UFMG. Mestre em Meio Ambiente pela Rice University \u2013 Houston, Texas \u2013 EUA. Atuou como professor titular da Universidade de Alfenas, MG e Professor Assistente da Escola Superior de Agrimensura nas cidades de Minas Gerais e Belo Horizonte, MG. Engenheiro Civil da Petrobras. Aposentado pelo Banco do Brasil.<\/p>\n<p>&nbsp;<\/p>\n<p>&nbsp;<\/p>\n<p><img loading=\"lazy\" decoding=\"async\" class=\"wp-image-79180 alignright td-animation-stack-type0-2\" src=\"https:\/\/www.institutodeengenharia.org.br\/site\/wp-content\/uploads\/2021\/03\/paulo_home.png\" alt=\"\" width=\"215\" height=\"191\" srcset=\"https:\/\/www.institutodeengenharia.org.br\/site\/wp-content\/uploads\/2021\/03\/paulo_home.png 578w, https:\/\/www.institutodeengenharia.org.br\/site\/wp-content\/uploads\/2021\/03\/paulo_home-300x267.png 300w, https:\/\/www.institutodeengenharia.org.br\/site\/wp-content\/uploads\/2021\/03\/paulo_home-472x420.png 472w\" sizes=\"auto, (max-width: 215px) 100vw, 215px\" \/><\/p>\n<p><strong>Paulo Ferreira<\/strong><\/p>\n<p>Engenheiro Civil pela Escola de Engenharia da Universidade Presbiteriana Mackenzie, mestre e doutor pela Escola Polit\u00e9cnica da Universidade de S\u00e3o Paulo (EPUSP). Engenheiro de Planejamento, coordenador de Projetos, superintendente de Projetos, diretor T\u00e9cnico e de Meio Ambiente da Sabesp; diretor de Controle de Polui\u00e7\u00e3o da Cetesb; professor adjunto da E.E. Mackenzie. \u00c9 conselheiro Consultivo e j\u00e1 foi vice-presidente de Atividades T\u00e9cnicas do Instituto de Engenharia, secret\u00e1rio adjunto de Meio Ambiente do Estado de S\u00e3o Paulo, secret\u00e1rio Nacional de Saneamento Ambiental do Minist\u00e9rio das Cidades, diretor Administrativo e Financeiro da Telebras do Minist\u00e9rio das Comunica\u00e7\u00f5es.<\/p>\n<p>&nbsp;<\/p>\n<p><img loading=\"lazy\" decoding=\"async\" class=\"wp-image-87821 alignright td-animation-stack-type0-2\" src=\"https:\/\/www.institutodeengenharia.org.br\/site\/wp-content\/uploads\/2021\/10\/pedrocaetano.jpg\" alt=\"\" width=\"223\" height=\"149\" \/><\/p>\n<p><strong>Pedro Caetano Sanches Mancuso<\/strong><\/p>\n<p>Engenheiro Industrial Modalidade Qu\u00edmica, Especialista em Administra\u00e7\u00e3o de Empresa pela Funda\u00e7\u00e3o Get\u00falio Vargas de S\u00e3o Paulo \u2013 FGV\/SP e em Sa\u00fade P\u00fablica pela Faculdade de Sa\u00fade P\u00fablica da Universidade de S\u00e3o Paulo \u2013FSP\/USP, Mestre e Doutor em Sa\u00fade P\u00fablica pela \u2013FSP\/USP, Professor Doutor Senior do Departamento de Engenharia Ambiental da FSP\/USP, Diretor do Centro de Refer\u00eancia em Seguran\u00e7a da \u00c1gua \u2013Cersa, membro do Conselho Administrativo do Centro de Apoio \u00e0 Faculdade de Sa\u00fade P\u00fablica da Universidade de S\u00e3o Paulo e consultor em Saneamento Ambiental.<\/p>\n<p>&nbsp;<\/p>\n<p><img loading=\"lazy\" decoding=\"async\" class=\"wp-image-87822 alignleft td-animation-stack-type0-2\" src=\"https:\/\/www.institutodeengenharia.org.br\/site\/wp-content\/uploads\/2021\/10\/roseanemaria.png\" alt=\"\" width=\"224\" height=\"200\" \/><\/p>\n<p><strong>Roseane Maria Garcia Lopes de Souza<\/strong><\/p>\n<p>Engenheira Sanitarista, especializada em Engenharia Ambiental e em Per\u00edcia e Auditoria Ambiental. Pesquisadora do Centro de Refer\u00eancia em Seguran\u00e7a da \u00c1gua (Cersa- CEAP\/ USP).<\/p>\n<p>&nbsp;<\/p>\n<p>&nbsp;<\/p>\n<p><img loading=\"lazy\" decoding=\"async\" class=\"size-full wp-image-89548 alignright td-animation-stack-type0-2\" src=\"https:\/\/www.institutodeengenharia.org.br\/site\/wp-content\/uploads\/2022\/02\/sandra-akemi.png\" alt=\"\" width=\"180\" height=\"180\" srcset=\"https:\/\/www.institutodeengenharia.org.br\/site\/wp-content\/uploads\/2022\/02\/sandra-akemi.png 180w, https:\/\/www.institutodeengenharia.org.br\/site\/wp-content\/uploads\/2022\/02\/sandra-akemi-150x150.png 150w, https:\/\/www.institutodeengenharia.org.br\/site\/wp-content\/uploads\/2022\/02\/sandra-akemi-100x100.png 100w\" sizes=\"auto, (max-width: 180px) 100vw, 180px\" \/><\/p>\n<p><strong>Sandra Akemi Shimada Kishi<\/strong><br \/>\nProcuradora Regional da Rep\u00fablica, vice-presidente da Associa\u00e7\u00e3o Brasileira dos Membros do Minist\u00e9rio P\u00fablico do Meio Ambiente e coordenadora do Projeto Conex\u00e3o \u00c1gua<\/p>\n<p>&nbsp;<\/p>\n<p>&nbsp;<\/p>\n<p>&nbsp;<\/p>\n<p><strong>Realiza\u00e7\u00e3o:<\/strong><\/p>\n<p><strong>Eng. Ivan Metran Whately<\/strong>\u00a0\u2013 Vice-Presidente de Atividades T\u00e9cnicas<br \/>\n<strong>Eng. Luiz Fernando Portella<\/strong>\u00a0\u2013 Diretor do Departamento de Desenvolvimento Urbano e Regional<br \/>\n<strong>Prof. \u00aa Dione Mari Morita<\/strong>\u00a0\u2013 Coordenadora da Divis\u00e3o T\u00e9cnica de \u00c1guas e Saneamento<br \/>\n<strong>Eng\u00aa Miriana Pereira Marques \u2013<\/strong>\u00a0Diretora Operacional<\/p>\n<p><strong>Apoio Institucional:<\/strong><\/p>\n<p><img loading=\"lazy\" decoding=\"async\" class=\"alignnone wp-image-37990 td-animation-stack-type0-2\" src=\"https:\/\/www.institutodeengenharia.org.br\/site\/wp-content\/uploads\/2018\/09\/crea-blog-da-engenharia-prova-1.jpg\" alt=\"\" width=\"108\" height=\"107\" srcset=\"https:\/\/www.institutodeengenharia.org.br\/site\/wp-content\/uploads\/2018\/09\/crea-blog-da-engenharia-prova-1.jpg 800w, https:\/\/www.institutodeengenharia.org.br\/site\/wp-content\/uploads\/2018\/09\/crea-blog-da-engenharia-prova-1-150x150.jpg 150w, https:\/\/www.institutodeengenharia.org.br\/site\/wp-content\/uploads\/2018\/09\/crea-blog-da-engenharia-prova-1-300x300.jpg 300w, https:\/\/www.institutodeengenharia.org.br\/site\/wp-content\/uploads\/2018\/09\/crea-blog-da-engenharia-prova-1-768x768.jpg 768w, https:\/\/www.institutodeengenharia.org.br\/site\/wp-content\/uploads\/2018\/09\/crea-blog-da-engenharia-prova-1-696x696.jpg 696w, https:\/\/www.institutodeengenharia.org.br\/site\/wp-content\/uploads\/2018\/09\/crea-blog-da-engenharia-prova-1-420x420.jpg 420w\" sizes=\"auto, (max-width: 108px) 100vw, 108px\" \/><\/p>\n<p><strong>Apoio \u00e0 forma\u00e7\u00e3o:\u00a0<\/strong><\/p>\n<p>Espa\u00e7o aberto ao CREA-SP, objetivando o aperfei\u00e7oamento dos profissionais e o aprimoramento da fiscaliza\u00e7\u00e3o das \u00e1reas abrangidas pelo Sistema Confea\/CREAs, al\u00e9m de promover a conscientiza\u00e7\u00e3o da sociedade quanto \u00e0 necessidade e obrigatoriedade de contratar um profissional devidamente habilitado.<\/p>\n","protected":false},"excerpt":{"rendered":"<p>Assista \u00e0 grava\u00e7\u00e3o do evento:\u00a0 + Informa\u00e7\u00f5es:\u00a0 A disponibilidade da \u00e1gua em regi\u00f5es de grandes concentra\u00e7\u00f5es urbanas para atender as atividades humanas \u00e9 uma quest\u00e3o premente nos dias atuais. Em decorr\u00eancia dos intensos movimentos migrat\u00f3rios de popula\u00e7\u00f5es mais carentes na busca de oportunidades de trabalho (sobretudo para as regi\u00f5es metropolitanas), a press\u00e3o sobre os recursos [&hellip;]<\/p>\n","protected":false},"author":13,"featured_media":87827,"comment_status":"open","ping_status":"open","sticky":false,"template":"","format":"standard","meta":{"footnotes":""},"categories":[968,969],"tags":[1176],"class_list":{"0":"post-91841","1":"post","2":"type-post","3":"status-publish","4":"format-standard","5":"has-post-thumbnail","7":"category-nova-tv-engenharia","8":"category-palestra","9":"tag-video-home"},"yoast_head":"<!-- This site is optimized with the Yoast SEO plugin v27.2 - https:\/\/yoast.com\/product\/yoast-seo-wordpress\/ -->\n<title>Seguran\u00e7a da \u00e1gua para abastecimento p\u00fablico - Instituto de Engenharia<\/title>\n<meta name=\"robots\" content=\"index, follow, max-snippet:-1, max-image-preview:large, max-video-preview:-1\" \/>\n<link rel=\"canonical\" href=\"https:\/\/www.institutodeengenharia.org.br\/site\/2022\/04\/25\/seguranca-da-agua-para-abastecimento-publico\/\" \/>\n<meta property=\"og:locale\" content=\"pt_BR\" \/>\n<meta property=\"og:type\" content=\"article\" \/>\n<meta property=\"og:title\" content=\"Seguran\u00e7a da \u00e1gua para abastecimento p\u00fablico\" \/>\n<meta property=\"og:description\" content=\"Assista \u00e0 grava\u00e7\u00e3o do evento\" \/>\n<meta property=\"og:url\" content=\"https:\/\/www.institutodeengenharia.org.br\/site\/2022\/04\/25\/seguranca-da-agua-para-abastecimento-publico\/\" \/>\n<meta property=\"og:site_name\" content=\"Instituto de Engenharia\" \/>\n<meta property=\"article:publisher\" content=\"https:\/\/www.facebook.com\/institutodeengenharia\" \/>\n<meta property=\"article:published_time\" content=\"2022-04-25T13:47:00+00:00\" \/>\n<meta property=\"article:modified_time\" content=\"2022-05-17T19:31:43+00:00\" \/>\n<meta property=\"og:image\" content=\"https:\/\/www.institutodeengenharia.org.br\/site\/wp-content\/uploads\/2021\/10\/faucet-g6c7f56a67_1920.jpg\" \/>\n\t<meta property=\"og:image:width\" content=\"1920\" \/>\n\t<meta property=\"og:image:height\" content=\"1280\" \/>\n\t<meta property=\"og:image:type\" content=\"image\/jpeg\" \/>\n<meta name=\"author\" content=\"Bianca\" \/>\n<meta name=\"twitter:card\" content=\"summary_large_image\" \/>\n<meta name=\"twitter:title\" content=\"Seguran\u00e7a da \u00e1gua para abastecimento p\u00fablico\" \/>\n<meta name=\"twitter:description\" content=\"Assista \u00e0 grava\u00e7\u00e3o do evento\" \/>\n<meta name=\"twitter:image\" content=\"https:\/\/www.institutodeengenharia.org.br\/site\/wp-content\/uploads\/2021\/10\/faucet-g6c7f56a67_1920.jpg\" \/>\n<meta name=\"twitter:creator\" content=\"@iengenharia\" \/>\n<meta name=\"twitter:site\" content=\"@iengenharia\" \/>\n<meta name=\"twitter:label1\" content=\"Escrito por\" \/>\n\t<meta name=\"twitter:data1\" content=\"Bianca\" \/>\n\t<meta name=\"twitter:label2\" content=\"Est. tempo de leitura\" \/>\n\t<meta name=\"twitter:data2\" content=\"12 minutos\" \/>\n<script type=\"application\/ld+json\" class=\"yoast-schema-graph\">{\"@context\":\"https:\/\/schema.org\",\"@graph\":[{\"@type\":\"Article\",\"@id\":\"https:\/\/www.institutodeengenharia.org.br\/site\/2022\/04\/25\/seguranca-da-agua-para-abastecimento-publico\/#article\",\"isPartOf\":{\"@id\":\"https:\/\/www.institutodeengenharia.org.br\/site\/2022\/04\/25\/seguranca-da-agua-para-abastecimento-publico\/\"},\"author\":{\"name\":\"Bianca\",\"@id\":\"https:\/\/www.institutodeengenharia.org.br\/site\/#\/schema\/person\/aeb64951c405e100d26d30b033dd423f\"},\"headline\":\"Seguran\u00e7a da \u00e1gua para abastecimento p\u00fablico\",\"datePublished\":\"2022-04-25T13:47:00+00:00\",\"dateModified\":\"2022-05-17T19:31:43+00:00\",\"mainEntityOfPage\":{\"@id\":\"https:\/\/www.institutodeengenharia.org.br\/site\/2022\/04\/25\/seguranca-da-agua-para-abastecimento-publico\/\"},\"wordCount\":1801,\"commentCount\":0,\"publisher\":{\"@id\":\"https:\/\/www.institutodeengenharia.org.br\/site\/#organization\"},\"image\":{\"@id\":\"https:\/\/www.institutodeengenharia.org.br\/site\/2022\/04\/25\/seguranca-da-agua-para-abastecimento-publico\/#primaryimage\"},\"thumbnailUrl\":\"https:\/\/www.institutodeengenharia.org.br\/site\/wp-content\/uploads\/2021\/10\/faucet-g6c7f56a67_1920.jpg\",\"keywords\":[\"video-home\"],\"articleSection\":[\"Nova TV Engenharia\",\"Palestra\"],\"inLanguage\":\"pt-BR\",\"potentialAction\":[{\"@type\":\"CommentAction\",\"name\":\"Comment\",\"target\":[\"https:\/\/www.institutodeengenharia.org.br\/site\/2022\/04\/25\/seguranca-da-agua-para-abastecimento-publico\/#respond\"]}]},{\"@type\":\"WebPage\",\"@id\":\"https:\/\/www.institutodeengenharia.org.br\/site\/2022\/04\/25\/seguranca-da-agua-para-abastecimento-publico\/\",\"url\":\"https:\/\/www.institutodeengenharia.org.br\/site\/2022\/04\/25\/seguranca-da-agua-para-abastecimento-publico\/\",\"name\":\"Seguran\u00e7a da \u00e1gua para abastecimento p\u00fablico - Instituto de Engenharia\",\"isPartOf\":{\"@id\":\"https:\/\/www.institutodeengenharia.org.br\/site\/#website\"},\"primaryImageOfPage\":{\"@id\":\"https:\/\/www.institutodeengenharia.org.br\/site\/2022\/04\/25\/seguranca-da-agua-para-abastecimento-publico\/#primaryimage\"},\"image\":{\"@id\":\"https:\/\/www.institutodeengenharia.org.br\/site\/2022\/04\/25\/seguranca-da-agua-para-abastecimento-publico\/#primaryimage\"},\"thumbnailUrl\":\"https:\/\/www.institutodeengenharia.org.br\/site\/wp-content\/uploads\/2021\/10\/faucet-g6c7f56a67_1920.jpg\",\"datePublished\":\"2022-04-25T13:47:00+00:00\",\"dateModified\":\"2022-05-17T19:31:43+00:00\",\"breadcrumb\":{\"@id\":\"https:\/\/www.institutodeengenharia.org.br\/site\/2022\/04\/25\/seguranca-da-agua-para-abastecimento-publico\/#breadcrumb\"},\"inLanguage\":\"pt-BR\",\"potentialAction\":[{\"@type\":\"ReadAction\",\"target\":[\"https:\/\/www.institutodeengenharia.org.br\/site\/2022\/04\/25\/seguranca-da-agua-para-abastecimento-publico\/\"]}]},{\"@type\":\"ImageObject\",\"inLanguage\":\"pt-BR\",\"@id\":\"https:\/\/www.institutodeengenharia.org.br\/site\/2022\/04\/25\/seguranca-da-agua-para-abastecimento-publico\/#primaryimage\",\"url\":\"https:\/\/www.institutodeengenharia.org.br\/site\/wp-content\/uploads\/2021\/10\/faucet-g6c7f56a67_1920.jpg\",\"contentUrl\":\"https:\/\/www.institutodeengenharia.org.br\/site\/wp-content\/uploads\/2021\/10\/faucet-g6c7f56a67_1920.jpg\",\"width\":1920,\"height\":1280},{\"@type\":\"BreadcrumbList\",\"@id\":\"https:\/\/www.institutodeengenharia.org.br\/site\/2022\/04\/25\/seguranca-da-agua-para-abastecimento-publico\/#breadcrumb\",\"itemListElement\":[{\"@type\":\"ListItem\",\"position\":1,\"name\":\"In\u00edcio\",\"item\":\"https:\/\/www.institutodeengenharia.org.br\/site\/\"},{\"@type\":\"ListItem\",\"position\":2,\"name\":\"Seguran\u00e7a da \u00e1gua para abastecimento p\u00fablico\"}]},{\"@type\":\"WebSite\",\"@id\":\"https:\/\/www.institutodeengenharia.org.br\/site\/#website\",\"url\":\"https:\/\/www.institutodeengenharia.org.br\/site\/\",\"name\":\"Instituto de Engenharia\",\"description\":\"O Instituto de Engenharia promove a Engenharia em benef\u00edcio do desenvolvimento e da qualidade de vida da sociedade.\",\"publisher\":{\"@id\":\"https:\/\/www.institutodeengenharia.org.br\/site\/#organization\"},\"potentialAction\":[{\"@type\":\"SearchAction\",\"target\":{\"@type\":\"EntryPoint\",\"urlTemplate\":\"https:\/\/www.institutodeengenharia.org.br\/site\/?s={search_term_string}\"},\"query-input\":{\"@type\":\"PropertyValueSpecification\",\"valueRequired\":true,\"valueName\":\"search_term_string\"}}],\"inLanguage\":\"pt-BR\"},{\"@type\":\"Organization\",\"@id\":\"https:\/\/www.institutodeengenharia.org.br\/site\/#organization\",\"name\":\"Instituto de Engenharia\",\"url\":\"https:\/\/www.institutodeengenharia.org.br\/site\/\",\"logo\":{\"@type\":\"ImageObject\",\"inLanguage\":\"pt-BR\",\"@id\":\"https:\/\/www.institutodeengenharia.org.br\/site\/#\/schema\/logo\/image\/\",\"url\":\"https:\/\/www.institutodeengenharia.org.br\/site\/wp-content\/uploads\/2019\/03\/logo-novo-IE2018-1.jpg\",\"contentUrl\":\"https:\/\/www.institutodeengenharia.org.br\/site\/wp-content\/uploads\/2019\/03\/logo-novo-IE2018-1.jpg\",\"width\":1486,\"height\":1879,\"caption\":\"Instituto de Engenharia\"},\"image\":{\"@id\":\"https:\/\/www.institutodeengenharia.org.br\/site\/#\/schema\/logo\/image\/\"},\"sameAs\":[\"https:\/\/www.facebook.com\/institutodeengenharia\",\"https:\/\/x.com\/iengenharia\",\"https:\/\/www.instagram.com\/institutodeengenharia\/\",\"https:\/\/www.linkedin.com\/company\/instituto-de-engenharia\/\",\"https:\/\/www.youtube.com\/channel\/UCXiCAlsSMe977vamW915HxA\"]},{\"@type\":\"Person\",\"@id\":\"https:\/\/www.institutodeengenharia.org.br\/site\/#\/schema\/person\/aeb64951c405e100d26d30b033dd423f\",\"name\":\"Bianca\",\"image\":{\"@type\":\"ImageObject\",\"inLanguage\":\"pt-BR\",\"@id\":\"https:\/\/secure.gravatar.com\/avatar\/a6fbe9bff57405baf4c1e2c5c1811e072b558253974a9f9508f4678900c97c2a?s=96&d=mm&r=g\",\"url\":\"https:\/\/secure.gravatar.com\/avatar\/a6fbe9bff57405baf4c1e2c5c1811e072b558253974a9f9508f4678900c97c2a?s=96&d=mm&r=g\",\"contentUrl\":\"https:\/\/secure.gravatar.com\/avatar\/a6fbe9bff57405baf4c1e2c5c1811e072b558253974a9f9508f4678900c97c2a?s=96&d=mm&r=g\",\"caption\":\"Bianca\"},\"url\":\"https:\/\/www.institutodeengenharia.org.br\/site\/author\/comunicacao1\/\"}]}<\/script>\n<!-- \/ Yoast SEO plugin. -->","yoast_head_json":{"title":"Seguran\u00e7a da \u00e1gua para abastecimento p\u00fablico - Instituto de Engenharia","robots":{"index":"index","follow":"follow","max-snippet":"max-snippet:-1","max-image-preview":"max-image-preview:large","max-video-preview":"max-video-preview:-1"},"canonical":"https:\/\/www.institutodeengenharia.org.br\/site\/2022\/04\/25\/seguranca-da-agua-para-abastecimento-publico\/","og_locale":"pt_BR","og_type":"article","og_title":"Seguran\u00e7a da \u00e1gua para abastecimento p\u00fablico","og_description":"Assista \u00e0 grava\u00e7\u00e3o do evento","og_url":"https:\/\/www.institutodeengenharia.org.br\/site\/2022\/04\/25\/seguranca-da-agua-para-abastecimento-publico\/","og_site_name":"Instituto de Engenharia","article_publisher":"https:\/\/www.facebook.com\/institutodeengenharia","article_published_time":"2022-04-25T13:47:00+00:00","article_modified_time":"2022-05-17T19:31:43+00:00","og_image":[{"width":1920,"height":1280,"url":"https:\/\/www.institutodeengenharia.org.br\/site\/wp-content\/uploads\/2021\/10\/faucet-g6c7f56a67_1920.jpg","type":"image\/jpeg"}],"author":"Bianca","twitter_card":"summary_large_image","twitter_title":"Seguran\u00e7a da \u00e1gua para abastecimento p\u00fablico","twitter_description":"Assista \u00e0 grava\u00e7\u00e3o do evento","twitter_image":"https:\/\/www.institutodeengenharia.org.br\/site\/wp-content\/uploads\/2021\/10\/faucet-g6c7f56a67_1920.jpg","twitter_creator":"@iengenharia","twitter_site":"@iengenharia","twitter_misc":{"Escrito por":"Bianca","Est. tempo de leitura":"12 minutos"},"schema":{"@context":"https:\/\/schema.org","@graph":[{"@type":"Article","@id":"https:\/\/www.institutodeengenharia.org.br\/site\/2022\/04\/25\/seguranca-da-agua-para-abastecimento-publico\/#article","isPartOf":{"@id":"https:\/\/www.institutodeengenharia.org.br\/site\/2022\/04\/25\/seguranca-da-agua-para-abastecimento-publico\/"},"author":{"name":"Bianca","@id":"https:\/\/www.institutodeengenharia.org.br\/site\/#\/schema\/person\/aeb64951c405e100d26d30b033dd423f"},"headline":"Seguran\u00e7a da \u00e1gua para abastecimento p\u00fablico","datePublished":"2022-04-25T13:47:00+00:00","dateModified":"2022-05-17T19:31:43+00:00","mainEntityOfPage":{"@id":"https:\/\/www.institutodeengenharia.org.br\/site\/2022\/04\/25\/seguranca-da-agua-para-abastecimento-publico\/"},"wordCount":1801,"commentCount":0,"publisher":{"@id":"https:\/\/www.institutodeengenharia.org.br\/site\/#organization"},"image":{"@id":"https:\/\/www.institutodeengenharia.org.br\/site\/2022\/04\/25\/seguranca-da-agua-para-abastecimento-publico\/#primaryimage"},"thumbnailUrl":"https:\/\/www.institutodeengenharia.org.br\/site\/wp-content\/uploads\/2021\/10\/faucet-g6c7f56a67_1920.jpg","keywords":["video-home"],"articleSection":["Nova TV Engenharia","Palestra"],"inLanguage":"pt-BR","potentialAction":[{"@type":"CommentAction","name":"Comment","target":["https:\/\/www.institutodeengenharia.org.br\/site\/2022\/04\/25\/seguranca-da-agua-para-abastecimento-publico\/#respond"]}]},{"@type":"WebPage","@id":"https:\/\/www.institutodeengenharia.org.br\/site\/2022\/04\/25\/seguranca-da-agua-para-abastecimento-publico\/","url":"https:\/\/www.institutodeengenharia.org.br\/site\/2022\/04\/25\/seguranca-da-agua-para-abastecimento-publico\/","name":"Seguran\u00e7a da \u00e1gua para abastecimento p\u00fablico - Instituto de Engenharia","isPartOf":{"@id":"https:\/\/www.institutodeengenharia.org.br\/site\/#website"},"primaryImageOfPage":{"@id":"https:\/\/www.institutodeengenharia.org.br\/site\/2022\/04\/25\/seguranca-da-agua-para-abastecimento-publico\/#primaryimage"},"image":{"@id":"https:\/\/www.institutodeengenharia.org.br\/site\/2022\/04\/25\/seguranca-da-agua-para-abastecimento-publico\/#primaryimage"},"thumbnailUrl":"https:\/\/www.institutodeengenharia.org.br\/site\/wp-content\/uploads\/2021\/10\/faucet-g6c7f56a67_1920.jpg","datePublished":"2022-04-25T13:47:00+00:00","dateModified":"2022-05-17T19:31:43+00:00","breadcrumb":{"@id":"https:\/\/www.institutodeengenharia.org.br\/site\/2022\/04\/25\/seguranca-da-agua-para-abastecimento-publico\/#breadcrumb"},"inLanguage":"pt-BR","potentialAction":[{"@type":"ReadAction","target":["https:\/\/www.institutodeengenharia.org.br\/site\/2022\/04\/25\/seguranca-da-agua-para-abastecimento-publico\/"]}]},{"@type":"ImageObject","inLanguage":"pt-BR","@id":"https:\/\/www.institutodeengenharia.org.br\/site\/2022\/04\/25\/seguranca-da-agua-para-abastecimento-publico\/#primaryimage","url":"https:\/\/www.institutodeengenharia.org.br\/site\/wp-content\/uploads\/2021\/10\/faucet-g6c7f56a67_1920.jpg","contentUrl":"https:\/\/www.institutodeengenharia.org.br\/site\/wp-content\/uploads\/2021\/10\/faucet-g6c7f56a67_1920.jpg","width":1920,"height":1280},{"@type":"BreadcrumbList","@id":"https:\/\/www.institutodeengenharia.org.br\/site\/2022\/04\/25\/seguranca-da-agua-para-abastecimento-publico\/#breadcrumb","itemListElement":[{"@type":"ListItem","position":1,"name":"In\u00edcio","item":"https:\/\/www.institutodeengenharia.org.br\/site\/"},{"@type":"ListItem","position":2,"name":"Seguran\u00e7a da \u00e1gua para abastecimento p\u00fablico"}]},{"@type":"WebSite","@id":"https:\/\/www.institutodeengenharia.org.br\/site\/#website","url":"https:\/\/www.institutodeengenharia.org.br\/site\/","name":"Instituto de Engenharia","description":"O Instituto de Engenharia promove a Engenharia em benef\u00edcio do desenvolvimento e da qualidade de vida da sociedade.","publisher":{"@id":"https:\/\/www.institutodeengenharia.org.br\/site\/#organization"},"potentialAction":[{"@type":"SearchAction","target":{"@type":"EntryPoint","urlTemplate":"https:\/\/www.institutodeengenharia.org.br\/site\/?s={search_term_string}"},"query-input":{"@type":"PropertyValueSpecification","valueRequired":true,"valueName":"search_term_string"}}],"inLanguage":"pt-BR"},{"@type":"Organization","@id":"https:\/\/www.institutodeengenharia.org.br\/site\/#organization","name":"Instituto de Engenharia","url":"https:\/\/www.institutodeengenharia.org.br\/site\/","logo":{"@type":"ImageObject","inLanguage":"pt-BR","@id":"https:\/\/www.institutodeengenharia.org.br\/site\/#\/schema\/logo\/image\/","url":"https:\/\/www.institutodeengenharia.org.br\/site\/wp-content\/uploads\/2019\/03\/logo-novo-IE2018-1.jpg","contentUrl":"https:\/\/www.institutodeengenharia.org.br\/site\/wp-content\/uploads\/2019\/03\/logo-novo-IE2018-1.jpg","width":1486,"height":1879,"caption":"Instituto de Engenharia"},"image":{"@id":"https:\/\/www.institutodeengenharia.org.br\/site\/#\/schema\/logo\/image\/"},"sameAs":["https:\/\/www.facebook.com\/institutodeengenharia","https:\/\/x.com\/iengenharia","https:\/\/www.instagram.com\/institutodeengenharia\/","https:\/\/www.linkedin.com\/company\/instituto-de-engenharia\/","https:\/\/www.youtube.com\/channel\/UCXiCAlsSMe977vamW915HxA"]},{"@type":"Person","@id":"https:\/\/www.institutodeengenharia.org.br\/site\/#\/schema\/person\/aeb64951c405e100d26d30b033dd423f","name":"Bianca","image":{"@type":"ImageObject","inLanguage":"pt-BR","@id":"https:\/\/secure.gravatar.com\/avatar\/a6fbe9bff57405baf4c1e2c5c1811e072b558253974a9f9508f4678900c97c2a?s=96&d=mm&r=g","url":"https:\/\/secure.gravatar.com\/avatar\/a6fbe9bff57405baf4c1e2c5c1811e072b558253974a9f9508f4678900c97c2a?s=96&d=mm&r=g","contentUrl":"https:\/\/secure.gravatar.com\/avatar\/a6fbe9bff57405baf4c1e2c5c1811e072b558253974a9f9508f4678900c97c2a?s=96&d=mm&r=g","caption":"Bianca"},"url":"https:\/\/www.institutodeengenharia.org.br\/site\/author\/comunicacao1\/"}]}},"_links":{"self":[{"href":"https:\/\/www.institutodeengenharia.org.br\/site\/wp-json\/wp\/v2\/posts\/91841","targetHints":{"allow":["GET"]}}],"collection":[{"href":"https:\/\/www.institutodeengenharia.org.br\/site\/wp-json\/wp\/v2\/posts"}],"about":[{"href":"https:\/\/www.institutodeengenharia.org.br\/site\/wp-json\/wp\/v2\/types\/post"}],"author":[{"embeddable":true,"href":"https:\/\/www.institutodeengenharia.org.br\/site\/wp-json\/wp\/v2\/users\/13"}],"replies":[{"embeddable":true,"href":"https:\/\/www.institutodeengenharia.org.br\/site\/wp-json\/wp\/v2\/comments?post=91841"}],"version-history":[{"count":3,"href":"https:\/\/www.institutodeengenharia.org.br\/site\/wp-json\/wp\/v2\/posts\/91841\/revisions"}],"predecessor-version":[{"id":93197,"href":"https:\/\/www.institutodeengenharia.org.br\/site\/wp-json\/wp\/v2\/posts\/91841\/revisions\/93197"}],"wp:featuredmedia":[{"embeddable":true,"href":"https:\/\/www.institutodeengenharia.org.br\/site\/wp-json\/wp\/v2\/media\/87827"}],"wp:attachment":[{"href":"https:\/\/www.institutodeengenharia.org.br\/site\/wp-json\/wp\/v2\/media?parent=91841"}],"wp:term":[{"taxonomy":"category","embeddable":true,"href":"https:\/\/www.institutodeengenharia.org.br\/site\/wp-json\/wp\/v2\/categories?post=91841"},{"taxonomy":"post_tag","embeddable":true,"href":"https:\/\/www.institutodeengenharia.org.br\/site\/wp-json\/wp\/v2\/tags?post=91841"}],"curies":[{"name":"wp","href":"https:\/\/api.w.org\/{rel}","templated":true}]}}