{"id":91737,"date":"2022-04-25T11:30:20","date_gmt":"2022-04-25T14:30:20","guid":{"rendered":"https:\/\/www.institutodeengenharia.org.br\/site\/?p=91737"},"modified":"2022-05-17T16:31:17","modified_gmt":"2022-05-17T19:31:17","slug":"como-o-programa-de-mentoria-do-ie-pode-ajudar-no-desenvolvimento-de-carreiras-e-lideranca-humanizada-nas-empresas","status":"publish","type":"post","link":"https:\/\/www.institutodeengenharia.org.br\/site\/2022\/04\/25\/como-o-programa-de-mentoria-do-ie-pode-ajudar-no-desenvolvimento-de-carreiras-e-lideranca-humanizada-nas-empresas\/","title":{"rendered":"Como o programa de Mentoria do IE pode ajudar no desenvolvimento de carreiras e lideran\u00e7a humanizada nas empresas"},"content":{"rendered":"<p><strong>Abordagem:<\/strong><\/p>\n<p>Mesa-redonda com mentores do Instituto de Engenharia<\/p>\n<p><strong>P\u00fablico-alvo:<\/strong><br \/>\nAssociados ao Instituto de Engenharia, seguidores de nossas redes sociais, que tenham interesse em se associar ao IE e\/ou participar de eventos e cursos no IE.<\/p>\n<p><strong>Participantes:\u00a0<\/strong>Eng. Ivan Whatey &#8211; Vice-presidente de Atividades T\u00e9cnicas IE<br \/>\nEng\u00aa Miriana Marques &#8211; Diretora de Programa IE<br \/>\nEquipe de mentores do IE &#8211; <strong>\u00a0<\/strong>Ernesto Righetto, Reinaldo Koie Yonamine, Sergio Guedes,\u00a0Vicenzo Lasalvia.<\/p>\n<p><strong>Moderador:<\/strong> Eng. Fernando Portella<\/p>\n<p>&nbsp;<\/p>\n<p><strong>Saiba sobre os participantes:<\/strong><\/p>\n<p><strong><img loading=\"lazy\" decoding=\"async\" class=\"wp-image-89341 alignleft\" src=\"https:\/\/www.institutodeengenharia.org.br\/site\/wp-content\/uploads\/2022\/02\/ernesto.png\" alt=\"\" width=\"155\" height=\"193\" \/>Ernesto Righetto<\/strong> &#8211; Administrador de empresas com atua\u00e7\u00e3o nas \u00e1reas de Gest\u00e3o de Recursos Humanos, Desenvolvimento Organizacional e Inova\u00e7\u00e3o e Cria\u00e7\u00e3o de produtos industriais e servi\u00e7os. Experi\u00eancia profissional: Grupo ULtra, Cia Melhoramentos de S\u00e3o Paulo, diretor Grupo Permetal, Alfa Laval, diretor executivo Domus Design e conselheiro do Instituto de Engenharia.<\/p>\n<p>&nbsp;<\/p>\n<p><img loading=\"lazy\" decoding=\"async\" class=\"wp-image-43623 alignright\" src=\"https:\/\/www.institutodeengenharia.org.br\/site\/wp-content\/uploads\/2019\/08\/IVAN_WHATELY.jpg\" alt=\"\" width=\"214\" height=\"161\" srcset=\"https:\/\/www.institutodeengenharia.org.br\/site\/wp-content\/uploads\/2019\/08\/IVAN_WHATELY.jpg 1280w, https:\/\/www.institutodeengenharia.org.br\/site\/wp-content\/uploads\/2019\/08\/IVAN_WHATELY-300x225.jpg 300w, https:\/\/www.institutodeengenharia.org.br\/site\/wp-content\/uploads\/2019\/08\/IVAN_WHATELY-768x576.jpg 768w, https:\/\/www.institutodeengenharia.org.br\/site\/wp-content\/uploads\/2019\/08\/IVAN_WHATELY-1024x768.jpg 1024w, https:\/\/www.institutodeengenharia.org.br\/site\/wp-content\/uploads\/2019\/08\/IVAN_WHATELY-80x60.jpg 80w, https:\/\/www.institutodeengenharia.org.br\/site\/wp-content\/uploads\/2019\/08\/IVAN_WHATELY-265x198.jpg 265w, https:\/\/www.institutodeengenharia.org.br\/site\/wp-content\/uploads\/2019\/08\/IVAN_WHATELY-696x522.jpg 696w, https:\/\/www.institutodeengenharia.org.br\/site\/wp-content\/uploads\/2019\/08\/IVAN_WHATELY-1068x801.jpg 1068w, https:\/\/www.institutodeengenharia.org.br\/site\/wp-content\/uploads\/2019\/08\/IVAN_WHATELY-560x420.jpg 560w\" sizes=\"auto, (max-width: 214px) 100vw, 214px\" \/><\/p>\n<p><strong>Ivan Metran Whately &#8211; <\/strong>No Instituto de Engenharia h\u00e1 40 anos, atuou como 1\u00ba Secret\u00e1rio da Diretoria Executiva nos \u00faltimos quatro anos. H\u00e1 seis anos \u00e9 diretor do Departamento de Mobilidade e Log\u00edstica e atuou por cinco anos como coordenador da Divis\u00e3o T\u00e9cnica de Transportes Metropolitanos. Por dois per\u00edodos de quatro anos fez parte do Conselho Deliberativo, e atua no Conselho Consultivo. Participa do Conselho Editorial e de Pauta da Revista Engenharia. Sempre desenvolveu atividades volunt\u00e1rias, e como confrade, participa das degusta\u00e7\u00f5es da SocIEt\u00e0 \u2013 grupo de associados amigos do vinho no Instituto de Engenharia. Formado em Engenharia Civil pela FAAP, em 1974; Arquitetura pela universidade Presbiteriana Mackenzie, em 1967; com cursos de extens\u00e3o e est\u00e1gios profissionais no Brasil e na Fran\u00e7a, nas especializa\u00e7\u00f5es de Engenharia de Tr\u00e1fego e Transporte e Planejamento de Transporte. Atuou em empresas privadas e p\u00fablicas. Atualmente \u00e9 consultor de Planejamento de Transporte, j\u00e1 foi foi assessor da Diretoria do Metr\u00f4-SP (2013-2019), foi assessor Especial do SMT (2010-2013), foi gerente de Projetos e Obras da EMTU (2007-2013), foi superintendente do DAEE (1995-1997) e foi diretor de Projetos e diretor-presidente da CPOS (1997-2005). Foi Presidente da Comiss\u00e3o Pr\u00f3-Centro e diretor do DTP da PMSP. Al\u00e9m disso, foi consultor da OEA no Uruguai; diretor de Projetos de Engenharia do FUNDUSP; dirigente da Assessoria T\u00e9cnica da Secretaria dos Neg\u00f3cios Metropolitanos; assessor T\u00e9cnico da Secretaria de Estado dos Transportes, diretor do Departamento de Projetos da SEEBLA \u2013 Servi\u00e7os de Engenharia, onde coordenou projetos em cidades brasileiras, Chile, Venezuela e Col\u00f4mbia.<\/p>\n<p><strong><img loading=\"lazy\" decoding=\"async\" class=\"wp-image-36879 alignleft\" src=\"https:\/\/www.institutodeengenharia.org.br\/site\/wp-content\/uploads\/2018\/06\/Foto-Portella-1-e1596726677492-249x300.jpg\" alt=\"\" width=\"146\" height=\"176\" srcset=\"https:\/\/www.institutodeengenharia.org.br\/site\/wp-content\/uploads\/2018\/06\/Foto-Portella-1-e1596726677492-249x300.jpg 249w, https:\/\/www.institutodeengenharia.org.br\/site\/wp-content\/uploads\/2018\/06\/Foto-Portella-1-e1596726677492-768x926.jpg 768w, https:\/\/www.institutodeengenharia.org.br\/site\/wp-content\/uploads\/2018\/06\/Foto-Portella-1-e1596726677492-696x839.jpg 696w, https:\/\/www.institutodeengenharia.org.br\/site\/wp-content\/uploads\/2018\/06\/Foto-Portella-1-e1596726677492-348x420.jpg 348w, https:\/\/www.institutodeengenharia.org.br\/site\/wp-content\/uploads\/2018\/06\/Foto-Portella-1-e1596726677492-600x723.jpg 600w, https:\/\/www.institutodeengenharia.org.br\/site\/wp-content\/uploads\/2018\/06\/Foto-Portella-1-e1596726677492.jpg 812w\" sizes=\"auto, (max-width: 146px) 100vw, 146px\" \/>Luiz Fernando Portella \u2013<\/strong> Formado h\u00e1 46 anos em engenharia mec\u00e2nica pela Faculdade de Engenharia Industrial, com especializa\u00e7\u00f5es em: Analise de Sistemas Computacionais (Datamec), Administra\u00e7\u00e3o de Empresas(FGV) e Marketing Industrial e Estrat\u00e9gico (MAU\u00c1\/STANFORD). Atuou com o C-Level nas empresas: Exxon, Alfa-Laval (SUECIA), General Eletric , RATP\/Tecnologia ( Fran\u00e7a), Clever Devices (EUA) e Calypso Networks Association (BELGICA ). Atualmente \u00e9 s\u00f3cio na NBO Participa\u00e7\u00f5es &amp; Servi\u00e7os que mantem contratos com empresas multinacionais na \u00e1rea de tecnologia em transportes e concess\u00f5es de arenas e entretenimento.<br \/>\nDesde 1973 atuou em grandes obras de infraestrutura na \u00e9poca, passando por atividades industriais no desenvolvimento de equipamentos para todo seguimento da ind\u00fastria de base e industrial. Atuou fortemente no desenvolvimento de neg\u00f3cios na \u00e1rea de infraestrutura e transportes onde atua at\u00e9 hoje transferindo tecnologia em ITS (Intelligent Transportation Systems) &amp; Meios de Pagamentos dedicados ao transporte e log\u00edstica. Sua atua\u00e7\u00e3o internacional teve inicio em 1979 na Su\u00e9cia, onde residiu trabalhando e continua atuando at\u00e9 hoje na \u00e1rea de mobilidade na Europa, EUA e Am\u00e9rica Latina.<br \/>\n\u00c9 membro da UITP (International Association of Public Transportation) onde coordena dois GT\u2019s ( MaaS &amp; Tiketing), atua com CCO da CNA (Calypso Networks Associacion) para Am\u00e9rica Latina, esta Conselheiro Consultivo do Instituto de Engenharia. Como associado ao IE a mais de 35 anos , participou da cria\u00e7\u00e3o da DIV. de Marketing na Engenharia , promoveu junto ao IE o \u201cPrograma Nacional de Qualidade &amp; Produtividade\u201d, promoveu o caderno de \u201cGovernan\u00e7a Metropolitana\u201d e por ultimo criou o programa de \u201cMentoria a Servi\u00e7o da Engenharia\u201d que esta em andamento. Neste momento esta como diretor do Depto de Desenvolvimento Urbano e Regional do Instituto de Engenharia. Como Mentor tem tido a oportunidade de mentorar v\u00e1rios jovens e seniores, no Brasil e fora do Brasil, e com isso poder \u201cusar\u201d sua maturidade para transferir conhecimento e principalmente despertar em cada um o seu pr\u00f3prio potencial, al\u00e9m de motivar seu pr\u00f3prio desenvolvimento e principalmente defender a qualidade da Engenharia Brasileira.<br \/>\nNo programa de Mentoria do Instituto de Engenharia, onde coordena uma equipe de seis Mentores formados na Escola de Mentores, j\u00e1 foram abordados mais de 870 pessoas e empresas que puderam ter contato com nosso programa de Mentoria.<\/p>\n<p><strong><img loading=\"lazy\" decoding=\"async\" class=\"wp-image-37233 alignright\" src=\"https:\/\/www.institutodeengenharia.org.br\/site\/wp-content\/uploads\/2018\/08\/miriana.jpg\" alt=\"\" width=\"148\" height=\"193\" \/>Miriana Pereira Marques<\/strong> &#8211; Formada em Engenharia Civil pela FAAP, foi professora universit\u00e1ria de Maci\u00e7os e Obras de Terras, Transportes e Mec\u00e2nica dos Solos na mesma faculdade.<br \/>\nCom 20 anos de atua\u00e7\u00e3o profissional dedicada \u00e0 \u00e1rea de Avalia\u00e7\u00f5es e Per\u00edcias, referente a bens patrimoniais e a im\u00f3veis urbanos, comerciais, residenciais, rurais e industriais, \u00e9 respons\u00e1vel t\u00e9cnica pela \u00e1rea de Avalia\u00e7\u00f5es e Per\u00edcias da Marques &amp; Marques Engenharia. Membro da C\u00e2mara de Media\u00e7\u00e3o e Arbitragem do Instituto de Engenharia, assistente t\u00e9cnico do Metr\u00f4 e Dersa. Especialista em Avalia\u00e7\u00f5es e Pericias. No Instituto de Engenharia, \u00e9 Vice-Presidente de Assuntos Internos e Associativos, Vice-Coordenadora da Divis\u00e3o T\u00e9cnica de Tecnologias Digitais e da Divis\u00e3o de Avalia\u00e7\u00f5es e Per\u00edcias, membro do Conselho Consultivo, da C\u00e2mara de Media\u00e7\u00e3o e Arbitragem.<br \/>\nPr\u00eamio de Melhor Trabalho T\u00e9cnico do Ano analisando temas ligados ao exerc\u00edcio da profiss\u00e3o \u2013 \u201cVistoria Cautelar\u201d, \u201cIm\u00f3veis Tombados\u201d e \u201cCal\u00e7adas\u201d.<\/p>\n<p><strong><img loading=\"lazy\" decoding=\"async\" class=\"size-full wp-image-89340 alignleft\" src=\"https:\/\/www.institutodeengenharia.org.br\/site\/wp-content\/uploads\/2022\/02\/reinaldo.png\" alt=\"\" width=\"171\" height=\"208\" \/>Reinaldo Koie Yonamine<\/strong> &#8211; Engenheiro de Produ\u00e7\u00e3o e Psic\u00f3logo (USP), P\u00f3s Graduado em Administra\u00e7\u00e3o \u2013 FGV. Mestre em Psicologia USP e Ph.D. em Engenharia. Certifica\u00e7\u00f5es em Coaching e Mentoring. Consultor Organizacional, Coach &amp; Mentor, empres\u00e1rio.\u00a0Experi\u00eancia profissional: Votorantim, Papel Sim\u00e3o, CESP, Itaudata.<\/p>\n<p>&nbsp;<\/p>\n<p><strong><img loading=\"lazy\" decoding=\"async\" class=\"wp-image-89343 alignright\" src=\"https:\/\/www.institutodeengenharia.org.br\/site\/wp-content\/uploads\/2022\/02\/roberto.png\" alt=\"\" width=\"214\" height=\"209\" \/>Roberto Pereira<\/strong> &#8211; T\u00e9cnico Eletr\u00f4nico\u00a0 &#8211; Liceu de Artes e Of\u00edcios SP, Engenheiro El\u00e9trico Eletricista &#8211; Univ. s\u00e3o Judas Tadeu, Mentor formado pela Escola de Mentores, conciliador e Mediador Judicial, formado pelo Instituto dos Advogados de SP, Constelados familiar, pelo Instituto Olhar Sist\u00eamico (Metodologia de Bert Hellinger) e Coach pelo Instituto Bruno Juliani. Iniciou a carreira profissional em 85, como instrutor de treinamentos e equipamentos\u00a0 de automa\u00e7\u00e3o industrial na Metal Leve controles eletr\u00f4nicos (atual Rockwell Automation), onde Tamb\u00e9m foi respons\u00e1vel pelo desenvolvimento de novos cursos. Como engenheiro e coordenador de vendas em empresas nacionais e internacionais especificou e vendeu centenas de equipamentos e projetos de automa\u00e7\u00e3o industrial, No in\u00edcio da d\u00e9cada de 90, como s\u00f3cio da empresa PACI Automa\u00e7\u00e3o, coordenou projetos de instrumenta\u00e7\u00e3o e automa\u00e7\u00e3o industrial envolvendo sistemas com controladores l\u00f3gicos program\u00e1veis e sistemas de supervis\u00e3o para m\u00e1quinas de papel.\u00a0 \u00c9 diretor-fundador da empresa Controall Tecnologia em Automa\u00e7\u00e3o, que atua h\u00e1 25 anos distribuindo para o Brasil equipamentos para automa\u00e7\u00e3o Industrial, IoT, al\u00e9m de produtos para instala\u00e7\u00e3o industrial, ferrovi\u00e1ria, solar e e\u00f3lico, sendo esta distribuidora exclusiva para o Brasil de empresa americanas, alem\u00e3s e espanholas. Desenvolveu dezenas de campanhas de marketing e vendas para equipamentos industriais, inclusive com treinamento da equipe de vendas e suporte a vendas. Realizou dezenas de visitas a plantas industriais fora do Brasil, assim como visitas a mais de 20 feiras industriais na Alemanha, China e EUA. Vem atuando na concilia\u00e7\u00e3o e media\u00e7\u00e3o de conflitos judiciais, envolvendo disputas comerciais, civis e da vara da fam\u00edlia. Membro da comiss\u00e3o de Direito sist\u00eamico da OAB Osasco.<\/p>\n<p>&nbsp;<\/p>\n<p><img loading=\"lazy\" decoding=\"async\" class=\"wp-image-89337 alignleft\" src=\"https:\/\/www.institutodeengenharia.org.br\/site\/wp-content\/uploads\/2022\/02\/sergio-luiz-guedes.png\" alt=\"\" width=\"193\" height=\"193\" srcset=\"https:\/\/www.institutodeengenharia.org.br\/site\/wp-content\/uploads\/2022\/02\/sergio-luiz-guedes.png 205w, https:\/\/www.institutodeengenharia.org.br\/site\/wp-content\/uploads\/2022\/02\/sergio-luiz-guedes-150x150.png 150w, https:\/\/www.institutodeengenharia.org.br\/site\/wp-content\/uploads\/2022\/02\/sergio-luiz-guedes-100x100.png 100w\" sizes=\"auto, (max-width: 193px) 100vw, 193px\" \/><\/p>\n<p><strong>Sergio Luiz Guedes<\/strong> &#8211; Mais de 35 anos de carreira com atua\u00e7\u00f5es como profissional liberal, empreendedor executivo corporativo (C-Level), com reconhecida capacidade em planejamento organiza\u00e7\u00e3o, al\u00e9m de larga experi\u00eancia em representa\u00e7\u00e3o institucional. Engenheiro Mec\u00e2nico, com p\u00f3s-gradua\u00e7\u00e3o em Engenharia e MBAs em Gest\u00e3o de Neg\u00f3cio. Ampla habilidade na gest\u00e3o de pessoas e equipes, assim como\u00a0 na forma\u00e7\u00e3o de l\u00edderes sucessores e, tamb\u00e9m, forte capacidade anal\u00edtica e l\u00f3gica em negocia\u00e7\u00f5es e comunica\u00e7\u00e3o. Mentor profissional e Coach Executivo, contratado\u00a0 e atuando com institui\u00e7\u00f5es, organiza\u00e7\u00f5es, gestores, profissionais liberais e empreendedores.<\/p>\n<p><a href=\"https:\/\/www.institutodeengenharia.org.br\/site\/wp-content\/uploads\/2022\/02\/vicenzo.webp\"><img loading=\"lazy\" decoding=\"async\" class=\"wp-image-89339 alignright\" src=\"https:\/\/www.institutodeengenharia.org.br\/site\/wp-content\/uploads\/2022\/02\/vicenzo-300x201.webp\" alt=\"\" width=\"272\" height=\"182\" srcset=\"https:\/\/www.institutodeengenharia.org.br\/site\/wp-content\/uploads\/2022\/02\/vicenzo-300x201.webp 300w, https:\/\/www.institutodeengenharia.org.br\/site\/wp-content\/uploads\/2022\/02\/vicenzo.webp 565w\" sizes=\"auto, (max-width: 272px) 100vw, 272px\" \/><\/a><\/p>\n<p><strong>Vicenzo Lasalvia<\/strong> &#8211; CEO e co-founder do INOVI &#8211; Instituto de Inova\u00e7\u00e3o de Vinhedo -, mentor e empres\u00e1rio. Trabalha com l\u00edderes na gest\u00e3o de carreiras e p\u00f3s-carreira, empres\u00e1rios e empreendedores de startups, auxiliando-os nos diversos est\u00e1gios de desenvolvimento de suas empresas. Economista, formado pela PUC-SP, com experi\u00eancia de mais de 40 anos no mundo corporativo.<\/p>\n<p>&nbsp;<\/p>\n<p><strong>\u00a0<\/strong><em><strong>Realiza\u00e7\u00e3o:<\/strong><\/em><\/p>\n<p><em>Vice- Presid\u00eancia de Atividades T\u00e9cnicas Departamento &#8211; Ivan Metran Whately<\/em><br \/>\n<em>Departamento de Desenvolvimento Urbano e Regional &#8211; Luiz Fernando Portella<\/em><br \/>\n<em>Mentoria a Servi\u00e7o da Engenharia &#8211; Luiz Fernando Portella<\/em><\/p>\n<p><strong>Apoio Institucional:<\/strong><\/p>\n<p><img loading=\"lazy\" decoding=\"async\" class=\"alignnone wp-image-77696\" src=\"https:\/\/www.institutodeengenharia.org.br\/site\/wp-content\/uploads\/2021\/02\/crea-300x211.jpg\" alt=\"\" width=\"151\" height=\"106\" srcset=\"https:\/\/www.institutodeengenharia.org.br\/site\/wp-content\/uploads\/2021\/02\/crea-300x211.jpg 300w, https:\/\/www.institutodeengenharia.org.br\/site\/wp-content\/uploads\/2021\/02\/crea-100x70.jpg 100w, https:\/\/www.institutodeengenharia.org.br\/site\/wp-content\/uploads\/2021\/02\/crea.jpg 448w\" sizes=\"auto, (max-width: 151px) 100vw, 151px\" \/><\/p>\n<p><strong>Apoio \u00e0 forma\u00e7\u00e3o:\u00a0<\/strong><\/p>\n<p>Espa\u00e7o aberto ao CREA-SP, objetivando o aperfei\u00e7oamento dos profissionais e o aprimoramento da fiscaliza\u00e7\u00e3o das \u00e1reas abrangidas pelo Sistema Confea\/CREAs, al\u00e9m de promover a conscientiza\u00e7\u00e3o da sociedade quanto \u00e0 necessidade e obrigatoriedade de contratar um profissional devidamente habilitado.<\/p>\n","protected":false},"excerpt":{"rendered":"<p>Abordagem: Mesa-redonda com mentores do Instituto de Engenharia P\u00fablico-alvo: Associados ao Instituto de Engenharia, seguidores de nossas redes sociais, que tenham interesse em se associar ao IE e\/ou participar de eventos e cursos no IE. Participantes:\u00a0Eng. Ivan Whatey &#8211; Vice-presidente de Atividades T\u00e9cnicas IE Eng\u00aa Miriana Marques &#8211; Diretora de Programa IE Equipe de mentores [&hellip;]<\/p>\n","protected":false},"author":13,"featured_media":60570,"comment_status":"open","ping_status":"open","sticky":false,"template":"","format":"video","meta":{"footnotes":""},"categories":[968,969],"tags":[1171],"class_list":{"0":"post-91737","1":"post","2":"type-post","3":"status-publish","4":"format-video","5":"has-post-thumbnail","7":"category-nova-tv-engenharia","8":"category-palestra","9":"tag-destaque-abaixo","10":"post_format-post-format-video"},"yoast_head":"<!-- This site is optimized with the Yoast SEO plugin v27.2 - https:\/\/yoast.com\/product\/yoast-seo-wordpress\/ -->\n<title>Como o programa de Mentoria do IE pode ajudar no desenvolvimento de carreiras e lideran\u00e7a humanizada nas empresas - Instituto de Engenharia<\/title>\n<meta name=\"robots\" content=\"index, follow, max-snippet:-1, max-image-preview:large, max-video-preview:-1\" \/>\n<link rel=\"canonical\" href=\"https:\/\/www.institutodeengenharia.org.br\/site\/2022\/04\/25\/como-o-programa-de-mentoria-do-ie-pode-ajudar-no-desenvolvimento-de-carreiras-e-lideranca-humanizada-nas-empresas\/\" \/>\n<meta property=\"og:locale\" content=\"pt_BR\" \/>\n<meta property=\"og:type\" content=\"article\" \/>\n<meta property=\"og:title\" content=\"Como o programa de Mentoria do IE pode ajudar no desenvolvimento de carreiras e lideran\u00e7a humanizada nas empresas - Instituto de Engenharia\" \/>\n<meta property=\"og:description\" content=\"Abordagem: Mesa-redonda com mentores do Instituto de Engenharia P\u00fablico-alvo: Associados ao Instituto de Engenharia, seguidores de nossas redes sociais, que tenham interesse em se associar ao IE e\/ou participar de eventos e cursos no IE. Participantes:\u00a0Eng. Ivan Whatey &#8211; Vice-presidente de Atividades T\u00e9cnicas IE Eng\u00aa Miriana Marques &#8211; Diretora de Programa IE Equipe de mentores [&hellip;]\" \/>\n<meta property=\"og:url\" content=\"https:\/\/www.institutodeengenharia.org.br\/site\/2022\/04\/25\/como-o-programa-de-mentoria-do-ie-pode-ajudar-no-desenvolvimento-de-carreiras-e-lideranca-humanizada-nas-empresas\/\" \/>\n<meta property=\"og:site_name\" content=\"Instituto de Engenharia\" \/>\n<meta property=\"article:publisher\" content=\"https:\/\/www.facebook.com\/institutodeengenharia\" \/>\n<meta property=\"article:published_time\" content=\"2022-04-25T14:30:20+00:00\" \/>\n<meta property=\"article:modified_time\" content=\"2022-05-17T19:31:17+00:00\" \/>\n<meta property=\"og:image\" content=\"https:\/\/www.institutodeengenharia.org.br\/site\/wp-content\/uploads\/2020\/02\/dicas-mentoria1.jpg\" \/>\n\t<meta property=\"og:image:width\" content=\"957\" \/>\n\t<meta property=\"og:image:height\" content=\"485\" \/>\n\t<meta property=\"og:image:type\" content=\"image\/jpeg\" \/>\n<meta name=\"author\" content=\"Bianca\" \/>\n<meta name=\"twitter:card\" content=\"summary_large_image\" \/>\n<meta name=\"twitter:creator\" content=\"@iengenharia\" \/>\n<meta name=\"twitter:site\" content=\"@iengenharia\" \/>\n<meta name=\"twitter:label1\" content=\"Escrito por\" \/>\n\t<meta name=\"twitter:data1\" content=\"Bianca\" \/>\n\t<meta name=\"twitter:label2\" content=\"Est. tempo de leitura\" \/>\n\t<meta name=\"twitter:data2\" content=\"10 minutos\" \/>\n<script type=\"application\/ld+json\" class=\"yoast-schema-graph\">{\"@context\":\"https:\/\/schema.org\",\"@graph\":[{\"@type\":\"Article\",\"@id\":\"https:\/\/www.institutodeengenharia.org.br\/site\/2022\/04\/25\/como-o-programa-de-mentoria-do-ie-pode-ajudar-no-desenvolvimento-de-carreiras-e-lideranca-humanizada-nas-empresas\/#article\",\"isPartOf\":{\"@id\":\"https:\/\/www.institutodeengenharia.org.br\/site\/2022\/04\/25\/como-o-programa-de-mentoria-do-ie-pode-ajudar-no-desenvolvimento-de-carreiras-e-lideranca-humanizada-nas-empresas\/\"},\"author\":{\"name\":\"Bianca\",\"@id\":\"https:\/\/www.institutodeengenharia.org.br\/site\/#\/schema\/person\/aeb64951c405e100d26d30b033dd423f\"},\"headline\":\"Como o programa de Mentoria do IE pode ajudar no desenvolvimento de carreiras e lideran\u00e7a humanizada nas empresas\",\"datePublished\":\"2022-04-25T14:30:20+00:00\",\"dateModified\":\"2022-05-17T19:31:17+00:00\",\"mainEntityOfPage\":{\"@id\":\"https:\/\/www.institutodeengenharia.org.br\/site\/2022\/04\/25\/como-o-programa-de-mentoria-do-ie-pode-ajudar-no-desenvolvimento-de-carreiras-e-lideranca-humanizada-nas-empresas\/\"},\"wordCount\":1553,\"commentCount\":0,\"publisher\":{\"@id\":\"https:\/\/www.institutodeengenharia.org.br\/site\/#organization\"},\"image\":{\"@id\":\"https:\/\/www.institutodeengenharia.org.br\/site\/2022\/04\/25\/como-o-programa-de-mentoria-do-ie-pode-ajudar-no-desenvolvimento-de-carreiras-e-lideranca-humanizada-nas-empresas\/#primaryimage\"},\"thumbnailUrl\":\"https:\/\/www.institutodeengenharia.org.br\/site\/wp-content\/uploads\/2020\/02\/dicas-mentoria1.jpg\",\"keywords\":[\"destaque-abaixo\"],\"articleSection\":[\"Nova TV Engenharia\",\"Palestra\"],\"inLanguage\":\"pt-BR\",\"potentialAction\":[{\"@type\":\"CommentAction\",\"name\":\"Comment\",\"target\":[\"https:\/\/www.institutodeengenharia.org.br\/site\/2022\/04\/25\/como-o-programa-de-mentoria-do-ie-pode-ajudar-no-desenvolvimento-de-carreiras-e-lideranca-humanizada-nas-empresas\/#respond\"]}]},{\"@type\":\"WebPage\",\"@id\":\"https:\/\/www.institutodeengenharia.org.br\/site\/2022\/04\/25\/como-o-programa-de-mentoria-do-ie-pode-ajudar-no-desenvolvimento-de-carreiras-e-lideranca-humanizada-nas-empresas\/\",\"url\":\"https:\/\/www.institutodeengenharia.org.br\/site\/2022\/04\/25\/como-o-programa-de-mentoria-do-ie-pode-ajudar-no-desenvolvimento-de-carreiras-e-lideranca-humanizada-nas-empresas\/\",\"name\":\"Como o programa de Mentoria do IE pode ajudar no desenvolvimento de carreiras e lideran\u00e7a humanizada nas empresas - Instituto de Engenharia\",\"isPartOf\":{\"@id\":\"https:\/\/www.institutodeengenharia.org.br\/site\/#website\"},\"primaryImageOfPage\":{\"@id\":\"https:\/\/www.institutodeengenharia.org.br\/site\/2022\/04\/25\/como-o-programa-de-mentoria-do-ie-pode-ajudar-no-desenvolvimento-de-carreiras-e-lideranca-humanizada-nas-empresas\/#primaryimage\"},\"image\":{\"@id\":\"https:\/\/www.institutodeengenharia.org.br\/site\/2022\/04\/25\/como-o-programa-de-mentoria-do-ie-pode-ajudar-no-desenvolvimento-de-carreiras-e-lideranca-humanizada-nas-empresas\/#primaryimage\"},\"thumbnailUrl\":\"https:\/\/www.institutodeengenharia.org.br\/site\/wp-content\/uploads\/2020\/02\/dicas-mentoria1.jpg\",\"datePublished\":\"2022-04-25T14:30:20+00:00\",\"dateModified\":\"2022-05-17T19:31:17+00:00\",\"breadcrumb\":{\"@id\":\"https:\/\/www.institutodeengenharia.org.br\/site\/2022\/04\/25\/como-o-programa-de-mentoria-do-ie-pode-ajudar-no-desenvolvimento-de-carreiras-e-lideranca-humanizada-nas-empresas\/#breadcrumb\"},\"inLanguage\":\"pt-BR\",\"potentialAction\":[{\"@type\":\"ReadAction\",\"target\":[\"https:\/\/www.institutodeengenharia.org.br\/site\/2022\/04\/25\/como-o-programa-de-mentoria-do-ie-pode-ajudar-no-desenvolvimento-de-carreiras-e-lideranca-humanizada-nas-empresas\/\"]}]},{\"@type\":\"ImageObject\",\"inLanguage\":\"pt-BR\",\"@id\":\"https:\/\/www.institutodeengenharia.org.br\/site\/2022\/04\/25\/como-o-programa-de-mentoria-do-ie-pode-ajudar-no-desenvolvimento-de-carreiras-e-lideranca-humanizada-nas-empresas\/#primaryimage\",\"url\":\"https:\/\/www.institutodeengenharia.org.br\/site\/wp-content\/uploads\/2020\/02\/dicas-mentoria1.jpg\",\"contentUrl\":\"https:\/\/www.institutodeengenharia.org.br\/site\/wp-content\/uploads\/2020\/02\/dicas-mentoria1.jpg\",\"width\":957,\"height\":485},{\"@type\":\"BreadcrumbList\",\"@id\":\"https:\/\/www.institutodeengenharia.org.br\/site\/2022\/04\/25\/como-o-programa-de-mentoria-do-ie-pode-ajudar-no-desenvolvimento-de-carreiras-e-lideranca-humanizada-nas-empresas\/#breadcrumb\",\"itemListElement\":[{\"@type\":\"ListItem\",\"position\":1,\"name\":\"In\u00edcio\",\"item\":\"https:\/\/www.institutodeengenharia.org.br\/site\/\"},{\"@type\":\"ListItem\",\"position\":2,\"name\":\"Como o programa de Mentoria do IE pode ajudar no desenvolvimento de carreiras e lideran\u00e7a humanizada nas empresas\"}]},{\"@type\":\"WebSite\",\"@id\":\"https:\/\/www.institutodeengenharia.org.br\/site\/#website\",\"url\":\"https:\/\/www.institutodeengenharia.org.br\/site\/\",\"name\":\"Instituto de Engenharia\",\"description\":\"O Instituto de Engenharia promove a Engenharia em benef\u00edcio do desenvolvimento e da qualidade de vida da sociedade.\",\"publisher\":{\"@id\":\"https:\/\/www.institutodeengenharia.org.br\/site\/#organization\"},\"potentialAction\":[{\"@type\":\"SearchAction\",\"target\":{\"@type\":\"EntryPoint\",\"urlTemplate\":\"https:\/\/www.institutodeengenharia.org.br\/site\/?s={search_term_string}\"},\"query-input\":{\"@type\":\"PropertyValueSpecification\",\"valueRequired\":true,\"valueName\":\"search_term_string\"}}],\"inLanguage\":\"pt-BR\"},{\"@type\":\"Organization\",\"@id\":\"https:\/\/www.institutodeengenharia.org.br\/site\/#organization\",\"name\":\"Instituto de Engenharia\",\"url\":\"https:\/\/www.institutodeengenharia.org.br\/site\/\",\"logo\":{\"@type\":\"ImageObject\",\"inLanguage\":\"pt-BR\",\"@id\":\"https:\/\/www.institutodeengenharia.org.br\/site\/#\/schema\/logo\/image\/\",\"url\":\"https:\/\/www.institutodeengenharia.org.br\/site\/wp-content\/uploads\/2019\/03\/logo-novo-IE2018-1.jpg\",\"contentUrl\":\"https:\/\/www.institutodeengenharia.org.br\/site\/wp-content\/uploads\/2019\/03\/logo-novo-IE2018-1.jpg\",\"width\":1486,\"height\":1879,\"caption\":\"Instituto de Engenharia\"},\"image\":{\"@id\":\"https:\/\/www.institutodeengenharia.org.br\/site\/#\/schema\/logo\/image\/\"},\"sameAs\":[\"https:\/\/www.facebook.com\/institutodeengenharia\",\"https:\/\/x.com\/iengenharia\",\"https:\/\/www.instagram.com\/institutodeengenharia\/\",\"https:\/\/www.linkedin.com\/company\/instituto-de-engenharia\/\",\"https:\/\/www.youtube.com\/channel\/UCXiCAlsSMe977vamW915HxA\"]},{\"@type\":\"Person\",\"@id\":\"https:\/\/www.institutodeengenharia.org.br\/site\/#\/schema\/person\/aeb64951c405e100d26d30b033dd423f\",\"name\":\"Bianca\",\"image\":{\"@type\":\"ImageObject\",\"inLanguage\":\"pt-BR\",\"@id\":\"https:\/\/secure.gravatar.com\/avatar\/a6fbe9bff57405baf4c1e2c5c1811e072b558253974a9f9508f4678900c97c2a?s=96&d=mm&r=g\",\"url\":\"https:\/\/secure.gravatar.com\/avatar\/a6fbe9bff57405baf4c1e2c5c1811e072b558253974a9f9508f4678900c97c2a?s=96&d=mm&r=g\",\"contentUrl\":\"https:\/\/secure.gravatar.com\/avatar\/a6fbe9bff57405baf4c1e2c5c1811e072b558253974a9f9508f4678900c97c2a?s=96&d=mm&r=g\",\"caption\":\"Bianca\"},\"url\":\"https:\/\/www.institutodeengenharia.org.br\/site\/author\/comunicacao1\/\"}]}<\/script>\n<!-- \/ Yoast SEO plugin. -->","yoast_head_json":{"title":"Como o programa de Mentoria do IE pode ajudar no desenvolvimento de carreiras e lideran\u00e7a humanizada nas empresas - Instituto de Engenharia","robots":{"index":"index","follow":"follow","max-snippet":"max-snippet:-1","max-image-preview":"max-image-preview:large","max-video-preview":"max-video-preview:-1"},"canonical":"https:\/\/www.institutodeengenharia.org.br\/site\/2022\/04\/25\/como-o-programa-de-mentoria-do-ie-pode-ajudar-no-desenvolvimento-de-carreiras-e-lideranca-humanizada-nas-empresas\/","og_locale":"pt_BR","og_type":"article","og_title":"Como o programa de Mentoria do IE pode ajudar no desenvolvimento de carreiras e lideran\u00e7a humanizada nas empresas - Instituto de Engenharia","og_description":"Abordagem: Mesa-redonda com mentores do Instituto de Engenharia P\u00fablico-alvo: Associados ao Instituto de Engenharia, seguidores de nossas redes sociais, que tenham interesse em se associar ao IE e\/ou participar de eventos e cursos no IE. Participantes:\u00a0Eng. Ivan Whatey &#8211; Vice-presidente de Atividades T\u00e9cnicas IE Eng\u00aa Miriana Marques &#8211; Diretora de Programa IE Equipe de mentores [&hellip;]","og_url":"https:\/\/www.institutodeengenharia.org.br\/site\/2022\/04\/25\/como-o-programa-de-mentoria-do-ie-pode-ajudar-no-desenvolvimento-de-carreiras-e-lideranca-humanizada-nas-empresas\/","og_site_name":"Instituto de Engenharia","article_publisher":"https:\/\/www.facebook.com\/institutodeengenharia","article_published_time":"2022-04-25T14:30:20+00:00","article_modified_time":"2022-05-17T19:31:17+00:00","og_image":[{"width":957,"height":485,"url":"https:\/\/www.institutodeengenharia.org.br\/site\/wp-content\/uploads\/2020\/02\/dicas-mentoria1.jpg","type":"image\/jpeg"}],"author":"Bianca","twitter_card":"summary_large_image","twitter_creator":"@iengenharia","twitter_site":"@iengenharia","twitter_misc":{"Escrito por":"Bianca","Est. tempo de leitura":"10 minutos"},"schema":{"@context":"https:\/\/schema.org","@graph":[{"@type":"Article","@id":"https:\/\/www.institutodeengenharia.org.br\/site\/2022\/04\/25\/como-o-programa-de-mentoria-do-ie-pode-ajudar-no-desenvolvimento-de-carreiras-e-lideranca-humanizada-nas-empresas\/#article","isPartOf":{"@id":"https:\/\/www.institutodeengenharia.org.br\/site\/2022\/04\/25\/como-o-programa-de-mentoria-do-ie-pode-ajudar-no-desenvolvimento-de-carreiras-e-lideranca-humanizada-nas-empresas\/"},"author":{"name":"Bianca","@id":"https:\/\/www.institutodeengenharia.org.br\/site\/#\/schema\/person\/aeb64951c405e100d26d30b033dd423f"},"headline":"Como o programa de Mentoria do IE pode ajudar no desenvolvimento de carreiras e lideran\u00e7a humanizada nas empresas","datePublished":"2022-04-25T14:30:20+00:00","dateModified":"2022-05-17T19:31:17+00:00","mainEntityOfPage":{"@id":"https:\/\/www.institutodeengenharia.org.br\/site\/2022\/04\/25\/como-o-programa-de-mentoria-do-ie-pode-ajudar-no-desenvolvimento-de-carreiras-e-lideranca-humanizada-nas-empresas\/"},"wordCount":1553,"commentCount":0,"publisher":{"@id":"https:\/\/www.institutodeengenharia.org.br\/site\/#organization"},"image":{"@id":"https:\/\/www.institutodeengenharia.org.br\/site\/2022\/04\/25\/como-o-programa-de-mentoria-do-ie-pode-ajudar-no-desenvolvimento-de-carreiras-e-lideranca-humanizada-nas-empresas\/#primaryimage"},"thumbnailUrl":"https:\/\/www.institutodeengenharia.org.br\/site\/wp-content\/uploads\/2020\/02\/dicas-mentoria1.jpg","keywords":["destaque-abaixo"],"articleSection":["Nova TV Engenharia","Palestra"],"inLanguage":"pt-BR","potentialAction":[{"@type":"CommentAction","name":"Comment","target":["https:\/\/www.institutodeengenharia.org.br\/site\/2022\/04\/25\/como-o-programa-de-mentoria-do-ie-pode-ajudar-no-desenvolvimento-de-carreiras-e-lideranca-humanizada-nas-empresas\/#respond"]}]},{"@type":"WebPage","@id":"https:\/\/www.institutodeengenharia.org.br\/site\/2022\/04\/25\/como-o-programa-de-mentoria-do-ie-pode-ajudar-no-desenvolvimento-de-carreiras-e-lideranca-humanizada-nas-empresas\/","url":"https:\/\/www.institutodeengenharia.org.br\/site\/2022\/04\/25\/como-o-programa-de-mentoria-do-ie-pode-ajudar-no-desenvolvimento-de-carreiras-e-lideranca-humanizada-nas-empresas\/","name":"Como o programa de Mentoria do IE pode ajudar no desenvolvimento de carreiras e lideran\u00e7a humanizada nas empresas - Instituto de Engenharia","isPartOf":{"@id":"https:\/\/www.institutodeengenharia.org.br\/site\/#website"},"primaryImageOfPage":{"@id":"https:\/\/www.institutodeengenharia.org.br\/site\/2022\/04\/25\/como-o-programa-de-mentoria-do-ie-pode-ajudar-no-desenvolvimento-de-carreiras-e-lideranca-humanizada-nas-empresas\/#primaryimage"},"image":{"@id":"https:\/\/www.institutodeengenharia.org.br\/site\/2022\/04\/25\/como-o-programa-de-mentoria-do-ie-pode-ajudar-no-desenvolvimento-de-carreiras-e-lideranca-humanizada-nas-empresas\/#primaryimage"},"thumbnailUrl":"https:\/\/www.institutodeengenharia.org.br\/site\/wp-content\/uploads\/2020\/02\/dicas-mentoria1.jpg","datePublished":"2022-04-25T14:30:20+00:00","dateModified":"2022-05-17T19:31:17+00:00","breadcrumb":{"@id":"https:\/\/www.institutodeengenharia.org.br\/site\/2022\/04\/25\/como-o-programa-de-mentoria-do-ie-pode-ajudar-no-desenvolvimento-de-carreiras-e-lideranca-humanizada-nas-empresas\/#breadcrumb"},"inLanguage":"pt-BR","potentialAction":[{"@type":"ReadAction","target":["https:\/\/www.institutodeengenharia.org.br\/site\/2022\/04\/25\/como-o-programa-de-mentoria-do-ie-pode-ajudar-no-desenvolvimento-de-carreiras-e-lideranca-humanizada-nas-empresas\/"]}]},{"@type":"ImageObject","inLanguage":"pt-BR","@id":"https:\/\/www.institutodeengenharia.org.br\/site\/2022\/04\/25\/como-o-programa-de-mentoria-do-ie-pode-ajudar-no-desenvolvimento-de-carreiras-e-lideranca-humanizada-nas-empresas\/#primaryimage","url":"https:\/\/www.institutodeengenharia.org.br\/site\/wp-content\/uploads\/2020\/02\/dicas-mentoria1.jpg","contentUrl":"https:\/\/www.institutodeengenharia.org.br\/site\/wp-content\/uploads\/2020\/02\/dicas-mentoria1.jpg","width":957,"height":485},{"@type":"BreadcrumbList","@id":"https:\/\/www.institutodeengenharia.org.br\/site\/2022\/04\/25\/como-o-programa-de-mentoria-do-ie-pode-ajudar-no-desenvolvimento-de-carreiras-e-lideranca-humanizada-nas-empresas\/#breadcrumb","itemListElement":[{"@type":"ListItem","position":1,"name":"In\u00edcio","item":"https:\/\/www.institutodeengenharia.org.br\/site\/"},{"@type":"ListItem","position":2,"name":"Como o programa de Mentoria do IE pode ajudar no desenvolvimento de carreiras e lideran\u00e7a humanizada nas empresas"}]},{"@type":"WebSite","@id":"https:\/\/www.institutodeengenharia.org.br\/site\/#website","url":"https:\/\/www.institutodeengenharia.org.br\/site\/","name":"Instituto de Engenharia","description":"O Instituto de Engenharia promove a Engenharia em benef\u00edcio do desenvolvimento e da qualidade de vida da sociedade.","publisher":{"@id":"https:\/\/www.institutodeengenharia.org.br\/site\/#organization"},"potentialAction":[{"@type":"SearchAction","target":{"@type":"EntryPoint","urlTemplate":"https:\/\/www.institutodeengenharia.org.br\/site\/?s={search_term_string}"},"query-input":{"@type":"PropertyValueSpecification","valueRequired":true,"valueName":"search_term_string"}}],"inLanguage":"pt-BR"},{"@type":"Organization","@id":"https:\/\/www.institutodeengenharia.org.br\/site\/#organization","name":"Instituto de Engenharia","url":"https:\/\/www.institutodeengenharia.org.br\/site\/","logo":{"@type":"ImageObject","inLanguage":"pt-BR","@id":"https:\/\/www.institutodeengenharia.org.br\/site\/#\/schema\/logo\/image\/","url":"https:\/\/www.institutodeengenharia.org.br\/site\/wp-content\/uploads\/2019\/03\/logo-novo-IE2018-1.jpg","contentUrl":"https:\/\/www.institutodeengenharia.org.br\/site\/wp-content\/uploads\/2019\/03\/logo-novo-IE2018-1.jpg","width":1486,"height":1879,"caption":"Instituto de Engenharia"},"image":{"@id":"https:\/\/www.institutodeengenharia.org.br\/site\/#\/schema\/logo\/image\/"},"sameAs":["https:\/\/www.facebook.com\/institutodeengenharia","https:\/\/x.com\/iengenharia","https:\/\/www.instagram.com\/institutodeengenharia\/","https:\/\/www.linkedin.com\/company\/instituto-de-engenharia\/","https:\/\/www.youtube.com\/channel\/UCXiCAlsSMe977vamW915HxA"]},{"@type":"Person","@id":"https:\/\/www.institutodeengenharia.org.br\/site\/#\/schema\/person\/aeb64951c405e100d26d30b033dd423f","name":"Bianca","image":{"@type":"ImageObject","inLanguage":"pt-BR","@id":"https:\/\/secure.gravatar.com\/avatar\/a6fbe9bff57405baf4c1e2c5c1811e072b558253974a9f9508f4678900c97c2a?s=96&d=mm&r=g","url":"https:\/\/secure.gravatar.com\/avatar\/a6fbe9bff57405baf4c1e2c5c1811e072b558253974a9f9508f4678900c97c2a?s=96&d=mm&r=g","contentUrl":"https:\/\/secure.gravatar.com\/avatar\/a6fbe9bff57405baf4c1e2c5c1811e072b558253974a9f9508f4678900c97c2a?s=96&d=mm&r=g","caption":"Bianca"},"url":"https:\/\/www.institutodeengenharia.org.br\/site\/author\/comunicacao1\/"}]}},"_links":{"self":[{"href":"https:\/\/www.institutodeengenharia.org.br\/site\/wp-json\/wp\/v2\/posts\/91737","targetHints":{"allow":["GET"]}}],"collection":[{"href":"https:\/\/www.institutodeengenharia.org.br\/site\/wp-json\/wp\/v2\/posts"}],"about":[{"href":"https:\/\/www.institutodeengenharia.org.br\/site\/wp-json\/wp\/v2\/types\/post"}],"author":[{"embeddable":true,"href":"https:\/\/www.institutodeengenharia.org.br\/site\/wp-json\/wp\/v2\/users\/13"}],"replies":[{"embeddable":true,"href":"https:\/\/www.institutodeengenharia.org.br\/site\/wp-json\/wp\/v2\/comments?post=91737"}],"version-history":[{"count":3,"href":"https:\/\/www.institutodeengenharia.org.br\/site\/wp-json\/wp\/v2\/posts\/91737\/revisions"}],"predecessor-version":[{"id":93196,"href":"https:\/\/www.institutodeengenharia.org.br\/site\/wp-json\/wp\/v2\/posts\/91737\/revisions\/93196"}],"wp:featuredmedia":[{"embeddable":true,"href":"https:\/\/www.institutodeengenharia.org.br\/site\/wp-json\/wp\/v2\/media\/60570"}],"wp:attachment":[{"href":"https:\/\/www.institutodeengenharia.org.br\/site\/wp-json\/wp\/v2\/media?parent=91737"}],"wp:term":[{"taxonomy":"category","embeddable":true,"href":"https:\/\/www.institutodeengenharia.org.br\/site\/wp-json\/wp\/v2\/categories?post=91737"},{"taxonomy":"post_tag","embeddable":true,"href":"https:\/\/www.institutodeengenharia.org.br\/site\/wp-json\/wp\/v2\/tags?post=91737"}],"curies":[{"name":"wp","href":"https:\/\/api.w.org\/{rel}","templated":true}]}}