{"id":90964,"date":"2022-03-16T11:10:23","date_gmt":"2022-03-16T14:10:23","guid":{"rendered":"https:\/\/www.institutodeengenharia.org.br\/site\/?p=90964"},"modified":"2022-03-17T11:53:01","modified_gmt":"2022-03-17T14:53:01","slug":"assista-o-depoimento-e-participe-voce-tambem","status":"publish","type":"post","link":"https:\/\/www.institutodeengenharia.org.br\/site\/2022\/03\/16\/assista-o-depoimento-e-participe-voce-tambem\/","title":{"rendered":"Assista ao depoimento e participe voc\u00ea tamb\u00e9m!"},"content":{"rendered":"<p>Para comemorar essa data t\u00e3o especial, o Instituto de Engenharia, por meio do Grupo Mulheres IE convida voc\u00ea, engenheira (associada ou n\u00e3o \u00e0 Casa), a gravar um v\u00eddeo de at\u00e9 um minuto contando \u201cQual projeto\/servi\u00e7o de Engenharia que voc\u00ea participou e que tem orgulho?\u201d.<\/p>\n<p>Os v\u00eddeos ser\u00e3o recebidos pelo e-mail\u00a0<a href=\"mailto:comunicacao@iengenharia.org.br\">comunicacao@iengenharia.org.br<\/a> ,durante o m\u00eas de mar\u00e7o, e ser\u00e3o postados em nosso site e redes sociais.<\/p>\n<p>Vamos l\u00e1, conte sua hist\u00f3ria!<\/p>\n","protected":false},"excerpt":{"rendered":"<p>Para comemorar essa data t\u00e3o especial, o Instituto de Engenharia, por meio do Grupo Mulheres IE convida voc\u00ea, engenheira (associada ou n\u00e3o \u00e0 Casa), a gravar um v\u00eddeo de at\u00e9 um minuto contando \u201cQual projeto\/servi\u00e7o de Engenharia que voc\u00ea participou e que tem orgulho?\u201d. Os v\u00eddeos ser\u00e3o recebidos pelo e-mail\u00a0comunicacao@iengenharia.org.br ,durante o m\u00eas de mar\u00e7o, [&hellip;]<\/p>\n","protected":false},"author":13,"featured_media":90967,"comment_status":"open","ping_status":"open","sticky":false,"template":"","format":"video","meta":{"footnotes":""},"categories":[936,968,969],"tags":[1176],"class_list":{"0":"post-90964","1":"post","2":"type-post","3":"status-publish","4":"format-video","5":"has-post-thumbnail","7":"category-mulher","8":"category-nova-tv-engenharia","9":"category-palestra","10":"tag-video-home","11":"post_format-post-format-video"},"yoast_head":"<!-- This site is optimized with the Yoast SEO plugin v27.2 - https:\/\/yoast.com\/product\/yoast-seo-wordpress\/ -->\n<title>Assista ao depoimento e participe voc\u00ea tamb\u00e9m! - Instituto de Engenharia<\/title>\n<meta name=\"robots\" content=\"index, follow, max-snippet:-1, max-image-preview:large, max-video-preview:-1\" \/>\n<link rel=\"canonical\" href=\"https:\/\/www.institutodeengenharia.org.br\/site\/2022\/03\/16\/assista-o-depoimento-e-participe-voce-tambem\/\" \/>\n<meta property=\"og:locale\" content=\"pt_BR\" \/>\n<meta property=\"og:type\" content=\"article\" \/>\n<meta property=\"og:title\" content=\"Assista o depoimento e participe voc\u00ea tamb\u00e9m!\" \/>\n<meta property=\"og:description\" content=\"Para comemorar essa data t\u00e3o especial, o Instituto de Engenharia, por meio do Grupo Mulheres IE convida voc\u00ea, engenheira (associada ou n\u00e3o \u00e0 Casa), a gravar um v\u00eddeo de at\u00e9 um minuto contando \u201cQual projeto\/servi\u00e7o de Engenharia que voc\u00ea participou e que tem orgulho?\u201d.\" \/>\n<meta property=\"og:url\" content=\"https:\/\/www.institutodeengenharia.org.br\/site\/2022\/03\/16\/assista-o-depoimento-e-participe-voce-tambem\/\" \/>\n<meta property=\"og:site_name\" content=\"Instituto de Engenharia\" \/>\n<meta property=\"article:publisher\" content=\"https:\/\/www.facebook.com\/institutodeengenharia\" \/>\n<meta property=\"article:published_time\" content=\"2022-03-16T14:10:23+00:00\" \/>\n<meta property=\"article:modified_time\" content=\"2022-03-17T14:53:01+00:00\" \/>\n<meta property=\"og:image\" content=\"https:\/\/www.institutodeengenharia.org.br\/site\/wp-content\/uploads\/2022\/03\/Depoimentos-Dia-Internacional-da-Mulher.jpg\" \/>\n\t<meta property=\"og:image:width\" content=\"2560\" \/>\n\t<meta property=\"og:image:height\" content=\"1440\" \/>\n\t<meta property=\"og:image:type\" content=\"image\/jpeg\" \/>\n<meta name=\"author\" content=\"Bianca\" \/>\n<meta name=\"twitter:card\" content=\"summary_large_image\" \/>\n<meta name=\"twitter:title\" content=\"Assista o depoimento e participe voc\u00ea tamb\u00e9m!\" \/>\n<meta name=\"twitter:description\" content=\"Para comemorar essa data t\u00e3o especial, o Instituto de Engenharia, por meio do Grupo Mulheres IE convida voc\u00ea, engenheira (associada ou n\u00e3o \u00e0 Casa), a gravar um v\u00eddeo de at\u00e9 um minuto contando \u201cQual projeto\/servi\u00e7o de Engenharia que voc\u00ea participou e que tem orgulho?\u201d.\" \/>\n<meta name=\"twitter:image\" content=\"https:\/\/www.institutodeengenharia.org.br\/site\/wp-content\/uploads\/2022\/03\/Depoimentos-Dia-Internacional-da-Mulher.jpg\" \/>\n<meta name=\"twitter:creator\" content=\"@iengenharia\" \/>\n<meta name=\"twitter:site\" content=\"@iengenharia\" \/>\n<meta name=\"twitter:label1\" content=\"Escrito por\" \/>\n\t<meta name=\"twitter:data1\" content=\"Bianca\" \/>\n\t<meta name=\"twitter:label2\" content=\"Est. tempo de leitura\" \/>\n\t<meta name=\"twitter:data2\" content=\"1 minuto\" \/>\n<script type=\"application\/ld+json\" class=\"yoast-schema-graph\">{\"@context\":\"https:\/\/schema.org\",\"@graph\":[{\"@type\":\"Article\",\"@id\":\"https:\/\/www.institutodeengenharia.org.br\/site\/2022\/03\/16\/assista-o-depoimento-e-participe-voce-tambem\/#article\",\"isPartOf\":{\"@id\":\"https:\/\/www.institutodeengenharia.org.br\/site\/2022\/03\/16\/assista-o-depoimento-e-participe-voce-tambem\/\"},\"author\":{\"name\":\"Bianca\",\"@id\":\"https:\/\/www.institutodeengenharia.org.br\/site\/#\/schema\/person\/aeb64951c405e100d26d30b033dd423f\"},\"headline\":\"Assista ao depoimento e participe voc\u00ea tamb\u00e9m!\",\"datePublished\":\"2022-03-16T14:10:23+00:00\",\"dateModified\":\"2022-03-17T14:53:01+00:00\",\"mainEntityOfPage\":{\"@id\":\"https:\/\/www.institutodeengenharia.org.br\/site\/2022\/03\/16\/assista-o-depoimento-e-participe-voce-tambem\/\"},\"wordCount\":91,\"commentCount\":0,\"publisher\":{\"@id\":\"https:\/\/www.institutodeengenharia.org.br\/site\/#organization\"},\"image\":{\"@id\":\"https:\/\/www.institutodeengenharia.org.br\/site\/2022\/03\/16\/assista-o-depoimento-e-participe-voce-tambem\/#primaryimage\"},\"thumbnailUrl\":\"https:\/\/www.institutodeengenharia.org.br\/site\/wp-content\/uploads\/2022\/03\/maxresdefault.jpg\",\"keywords\":[\"video-home\"],\"articleSection\":[\"Mulher\",\"Nova TV Engenharia\",\"Palestra\"],\"inLanguage\":\"pt-BR\",\"potentialAction\":[{\"@type\":\"CommentAction\",\"name\":\"Comment\",\"target\":[\"https:\/\/www.institutodeengenharia.org.br\/site\/2022\/03\/16\/assista-o-depoimento-e-participe-voce-tambem\/#respond\"]}]},{\"@type\":\"WebPage\",\"@id\":\"https:\/\/www.institutodeengenharia.org.br\/site\/2022\/03\/16\/assista-o-depoimento-e-participe-voce-tambem\/\",\"url\":\"https:\/\/www.institutodeengenharia.org.br\/site\/2022\/03\/16\/assista-o-depoimento-e-participe-voce-tambem\/\",\"name\":\"Assista ao depoimento e participe voc\u00ea tamb\u00e9m! - Instituto de Engenharia\",\"isPartOf\":{\"@id\":\"https:\/\/www.institutodeengenharia.org.br\/site\/#website\"},\"primaryImageOfPage\":{\"@id\":\"https:\/\/www.institutodeengenharia.org.br\/site\/2022\/03\/16\/assista-o-depoimento-e-participe-voce-tambem\/#primaryimage\"},\"image\":{\"@id\":\"https:\/\/www.institutodeengenharia.org.br\/site\/2022\/03\/16\/assista-o-depoimento-e-participe-voce-tambem\/#primaryimage\"},\"thumbnailUrl\":\"https:\/\/www.institutodeengenharia.org.br\/site\/wp-content\/uploads\/2022\/03\/maxresdefault.jpg\",\"datePublished\":\"2022-03-16T14:10:23+00:00\",\"dateModified\":\"2022-03-17T14:53:01+00:00\",\"breadcrumb\":{\"@id\":\"https:\/\/www.institutodeengenharia.org.br\/site\/2022\/03\/16\/assista-o-depoimento-e-participe-voce-tambem\/#breadcrumb\"},\"inLanguage\":\"pt-BR\",\"potentialAction\":[{\"@type\":\"ReadAction\",\"target\":[\"https:\/\/www.institutodeengenharia.org.br\/site\/2022\/03\/16\/assista-o-depoimento-e-participe-voce-tambem\/\"]}]},{\"@type\":\"ImageObject\",\"inLanguage\":\"pt-BR\",\"@id\":\"https:\/\/www.institutodeengenharia.org.br\/site\/2022\/03\/16\/assista-o-depoimento-e-participe-voce-tambem\/#primaryimage\",\"url\":\"https:\/\/www.institutodeengenharia.org.br\/site\/wp-content\/uploads\/2022\/03\/maxresdefault.jpg\",\"contentUrl\":\"https:\/\/www.institutodeengenharia.org.br\/site\/wp-content\/uploads\/2022\/03\/maxresdefault.jpg\",\"width\":1280,\"height\":720},{\"@type\":\"BreadcrumbList\",\"@id\":\"https:\/\/www.institutodeengenharia.org.br\/site\/2022\/03\/16\/assista-o-depoimento-e-participe-voce-tambem\/#breadcrumb\",\"itemListElement\":[{\"@type\":\"ListItem\",\"position\":1,\"name\":\"In\u00edcio\",\"item\":\"https:\/\/www.institutodeengenharia.org.br\/site\/\"},{\"@type\":\"ListItem\",\"position\":2,\"name\":\"Assista ao depoimento e participe voc\u00ea tamb\u00e9m!\"}]},{\"@type\":\"WebSite\",\"@id\":\"https:\/\/www.institutodeengenharia.org.br\/site\/#website\",\"url\":\"https:\/\/www.institutodeengenharia.org.br\/site\/\",\"name\":\"Instituto de Engenharia\",\"description\":\"O Instituto de Engenharia promove a Engenharia em benef\u00edcio do desenvolvimento e da qualidade de vida da sociedade.\",\"publisher\":{\"@id\":\"https:\/\/www.institutodeengenharia.org.br\/site\/#organization\"},\"potentialAction\":[{\"@type\":\"SearchAction\",\"target\":{\"@type\":\"EntryPoint\",\"urlTemplate\":\"https:\/\/www.institutodeengenharia.org.br\/site\/?s={search_term_string}\"},\"query-input\":{\"@type\":\"PropertyValueSpecification\",\"valueRequired\":true,\"valueName\":\"search_term_string\"}}],\"inLanguage\":\"pt-BR\"},{\"@type\":\"Organization\",\"@id\":\"https:\/\/www.institutodeengenharia.org.br\/site\/#organization\",\"name\":\"Instituto de Engenharia\",\"url\":\"https:\/\/www.institutodeengenharia.org.br\/site\/\",\"logo\":{\"@type\":\"ImageObject\",\"inLanguage\":\"pt-BR\",\"@id\":\"https:\/\/www.institutodeengenharia.org.br\/site\/#\/schema\/logo\/image\/\",\"url\":\"https:\/\/www.institutodeengenharia.org.br\/site\/wp-content\/uploads\/2019\/03\/logo-novo-IE2018-1.jpg\",\"contentUrl\":\"https:\/\/www.institutodeengenharia.org.br\/site\/wp-content\/uploads\/2019\/03\/logo-novo-IE2018-1.jpg\",\"width\":1486,\"height\":1879,\"caption\":\"Instituto de Engenharia\"},\"image\":{\"@id\":\"https:\/\/www.institutodeengenharia.org.br\/site\/#\/schema\/logo\/image\/\"},\"sameAs\":[\"https:\/\/www.facebook.com\/institutodeengenharia\",\"https:\/\/x.com\/iengenharia\",\"https:\/\/www.instagram.com\/institutodeengenharia\/\",\"https:\/\/www.linkedin.com\/company\/instituto-de-engenharia\/\",\"https:\/\/www.youtube.com\/channel\/UCXiCAlsSMe977vamW915HxA\"]},{\"@type\":\"Person\",\"@id\":\"https:\/\/www.institutodeengenharia.org.br\/site\/#\/schema\/person\/aeb64951c405e100d26d30b033dd423f\",\"name\":\"Bianca\",\"image\":{\"@type\":\"ImageObject\",\"inLanguage\":\"pt-BR\",\"@id\":\"https:\/\/secure.gravatar.com\/avatar\/a6fbe9bff57405baf4c1e2c5c1811e072b558253974a9f9508f4678900c97c2a?s=96&d=mm&r=g\",\"url\":\"https:\/\/secure.gravatar.com\/avatar\/a6fbe9bff57405baf4c1e2c5c1811e072b558253974a9f9508f4678900c97c2a?s=96&d=mm&r=g\",\"contentUrl\":\"https:\/\/secure.gravatar.com\/avatar\/a6fbe9bff57405baf4c1e2c5c1811e072b558253974a9f9508f4678900c97c2a?s=96&d=mm&r=g\",\"caption\":\"Bianca\"},\"url\":\"https:\/\/www.institutodeengenharia.org.br\/site\/author\/comunicacao1\/\"}]}<\/script>\n<!-- \/ Yoast SEO plugin. -->","yoast_head_json":{"title":"Assista ao depoimento e participe voc\u00ea tamb\u00e9m! - Instituto de Engenharia","robots":{"index":"index","follow":"follow","max-snippet":"max-snippet:-1","max-image-preview":"max-image-preview:large","max-video-preview":"max-video-preview:-1"},"canonical":"https:\/\/www.institutodeengenharia.org.br\/site\/2022\/03\/16\/assista-o-depoimento-e-participe-voce-tambem\/","og_locale":"pt_BR","og_type":"article","og_title":"Assista o depoimento e participe voc\u00ea tamb\u00e9m!","og_description":"Para comemorar essa data t\u00e3o especial, o Instituto de Engenharia, por meio do Grupo Mulheres IE convida voc\u00ea, engenheira (associada ou n\u00e3o \u00e0 Casa), a gravar um v\u00eddeo de at\u00e9 um minuto contando \u201cQual projeto\/servi\u00e7o de Engenharia que voc\u00ea participou e que tem orgulho?\u201d.","og_url":"https:\/\/www.institutodeengenharia.org.br\/site\/2022\/03\/16\/assista-o-depoimento-e-participe-voce-tambem\/","og_site_name":"Instituto de Engenharia","article_publisher":"https:\/\/www.facebook.com\/institutodeengenharia","article_published_time":"2022-03-16T14:10:23+00:00","article_modified_time":"2022-03-17T14:53:01+00:00","og_image":[{"width":2560,"height":1440,"url":"https:\/\/www.institutodeengenharia.org.br\/site\/wp-content\/uploads\/2022\/03\/Depoimentos-Dia-Internacional-da-Mulher.jpg","type":"image\/jpeg"}],"author":"Bianca","twitter_card":"summary_large_image","twitter_title":"Assista o depoimento e participe voc\u00ea tamb\u00e9m!","twitter_description":"Para comemorar essa data t\u00e3o especial, o Instituto de Engenharia, por meio do Grupo Mulheres IE convida voc\u00ea, engenheira (associada ou n\u00e3o \u00e0 Casa), a gravar um v\u00eddeo de at\u00e9 um minuto contando \u201cQual projeto\/servi\u00e7o de Engenharia que voc\u00ea participou e que tem orgulho?\u201d.","twitter_image":"https:\/\/www.institutodeengenharia.org.br\/site\/wp-content\/uploads\/2022\/03\/Depoimentos-Dia-Internacional-da-Mulher.jpg","twitter_creator":"@iengenharia","twitter_site":"@iengenharia","twitter_misc":{"Escrito por":"Bianca","Est. tempo de leitura":"1 minuto"},"schema":{"@context":"https:\/\/schema.org","@graph":[{"@type":"Article","@id":"https:\/\/www.institutodeengenharia.org.br\/site\/2022\/03\/16\/assista-o-depoimento-e-participe-voce-tambem\/#article","isPartOf":{"@id":"https:\/\/www.institutodeengenharia.org.br\/site\/2022\/03\/16\/assista-o-depoimento-e-participe-voce-tambem\/"},"author":{"name":"Bianca","@id":"https:\/\/www.institutodeengenharia.org.br\/site\/#\/schema\/person\/aeb64951c405e100d26d30b033dd423f"},"headline":"Assista ao depoimento e participe voc\u00ea tamb\u00e9m!","datePublished":"2022-03-16T14:10:23+00:00","dateModified":"2022-03-17T14:53:01+00:00","mainEntityOfPage":{"@id":"https:\/\/www.institutodeengenharia.org.br\/site\/2022\/03\/16\/assista-o-depoimento-e-participe-voce-tambem\/"},"wordCount":91,"commentCount":0,"publisher":{"@id":"https:\/\/www.institutodeengenharia.org.br\/site\/#organization"},"image":{"@id":"https:\/\/www.institutodeengenharia.org.br\/site\/2022\/03\/16\/assista-o-depoimento-e-participe-voce-tambem\/#primaryimage"},"thumbnailUrl":"https:\/\/www.institutodeengenharia.org.br\/site\/wp-content\/uploads\/2022\/03\/maxresdefault.jpg","keywords":["video-home"],"articleSection":["Mulher","Nova TV Engenharia","Palestra"],"inLanguage":"pt-BR","potentialAction":[{"@type":"CommentAction","name":"Comment","target":["https:\/\/www.institutodeengenharia.org.br\/site\/2022\/03\/16\/assista-o-depoimento-e-participe-voce-tambem\/#respond"]}]},{"@type":"WebPage","@id":"https:\/\/www.institutodeengenharia.org.br\/site\/2022\/03\/16\/assista-o-depoimento-e-participe-voce-tambem\/","url":"https:\/\/www.institutodeengenharia.org.br\/site\/2022\/03\/16\/assista-o-depoimento-e-participe-voce-tambem\/","name":"Assista ao depoimento e participe voc\u00ea tamb\u00e9m! - Instituto de Engenharia","isPartOf":{"@id":"https:\/\/www.institutodeengenharia.org.br\/site\/#website"},"primaryImageOfPage":{"@id":"https:\/\/www.institutodeengenharia.org.br\/site\/2022\/03\/16\/assista-o-depoimento-e-participe-voce-tambem\/#primaryimage"},"image":{"@id":"https:\/\/www.institutodeengenharia.org.br\/site\/2022\/03\/16\/assista-o-depoimento-e-participe-voce-tambem\/#primaryimage"},"thumbnailUrl":"https:\/\/www.institutodeengenharia.org.br\/site\/wp-content\/uploads\/2022\/03\/maxresdefault.jpg","datePublished":"2022-03-16T14:10:23+00:00","dateModified":"2022-03-17T14:53:01+00:00","breadcrumb":{"@id":"https:\/\/www.institutodeengenharia.org.br\/site\/2022\/03\/16\/assista-o-depoimento-e-participe-voce-tambem\/#breadcrumb"},"inLanguage":"pt-BR","potentialAction":[{"@type":"ReadAction","target":["https:\/\/www.institutodeengenharia.org.br\/site\/2022\/03\/16\/assista-o-depoimento-e-participe-voce-tambem\/"]}]},{"@type":"ImageObject","inLanguage":"pt-BR","@id":"https:\/\/www.institutodeengenharia.org.br\/site\/2022\/03\/16\/assista-o-depoimento-e-participe-voce-tambem\/#primaryimage","url":"https:\/\/www.institutodeengenharia.org.br\/site\/wp-content\/uploads\/2022\/03\/maxresdefault.jpg","contentUrl":"https:\/\/www.institutodeengenharia.org.br\/site\/wp-content\/uploads\/2022\/03\/maxresdefault.jpg","width":1280,"height":720},{"@type":"BreadcrumbList","@id":"https:\/\/www.institutodeengenharia.org.br\/site\/2022\/03\/16\/assista-o-depoimento-e-participe-voce-tambem\/#breadcrumb","itemListElement":[{"@type":"ListItem","position":1,"name":"In\u00edcio","item":"https:\/\/www.institutodeengenharia.org.br\/site\/"},{"@type":"ListItem","position":2,"name":"Assista ao depoimento e participe voc\u00ea tamb\u00e9m!"}]},{"@type":"WebSite","@id":"https:\/\/www.institutodeengenharia.org.br\/site\/#website","url":"https:\/\/www.institutodeengenharia.org.br\/site\/","name":"Instituto de Engenharia","description":"O Instituto de Engenharia promove a Engenharia em benef\u00edcio do desenvolvimento e da qualidade de vida da sociedade.","publisher":{"@id":"https:\/\/www.institutodeengenharia.org.br\/site\/#organization"},"potentialAction":[{"@type":"SearchAction","target":{"@type":"EntryPoint","urlTemplate":"https:\/\/www.institutodeengenharia.org.br\/site\/?s={search_term_string}"},"query-input":{"@type":"PropertyValueSpecification","valueRequired":true,"valueName":"search_term_string"}}],"inLanguage":"pt-BR"},{"@type":"Organization","@id":"https:\/\/www.institutodeengenharia.org.br\/site\/#organization","name":"Instituto de Engenharia","url":"https:\/\/www.institutodeengenharia.org.br\/site\/","logo":{"@type":"ImageObject","inLanguage":"pt-BR","@id":"https:\/\/www.institutodeengenharia.org.br\/site\/#\/schema\/logo\/image\/","url":"https:\/\/www.institutodeengenharia.org.br\/site\/wp-content\/uploads\/2019\/03\/logo-novo-IE2018-1.jpg","contentUrl":"https:\/\/www.institutodeengenharia.org.br\/site\/wp-content\/uploads\/2019\/03\/logo-novo-IE2018-1.jpg","width":1486,"height":1879,"caption":"Instituto de Engenharia"},"image":{"@id":"https:\/\/www.institutodeengenharia.org.br\/site\/#\/schema\/logo\/image\/"},"sameAs":["https:\/\/www.facebook.com\/institutodeengenharia","https:\/\/x.com\/iengenharia","https:\/\/www.instagram.com\/institutodeengenharia\/","https:\/\/www.linkedin.com\/company\/instituto-de-engenharia\/","https:\/\/www.youtube.com\/channel\/UCXiCAlsSMe977vamW915HxA"]},{"@type":"Person","@id":"https:\/\/www.institutodeengenharia.org.br\/site\/#\/schema\/person\/aeb64951c405e100d26d30b033dd423f","name":"Bianca","image":{"@type":"ImageObject","inLanguage":"pt-BR","@id":"https:\/\/secure.gravatar.com\/avatar\/a6fbe9bff57405baf4c1e2c5c1811e072b558253974a9f9508f4678900c97c2a?s=96&d=mm&r=g","url":"https:\/\/secure.gravatar.com\/avatar\/a6fbe9bff57405baf4c1e2c5c1811e072b558253974a9f9508f4678900c97c2a?s=96&d=mm&r=g","contentUrl":"https:\/\/secure.gravatar.com\/avatar\/a6fbe9bff57405baf4c1e2c5c1811e072b558253974a9f9508f4678900c97c2a?s=96&d=mm&r=g","caption":"Bianca"},"url":"https:\/\/www.institutodeengenharia.org.br\/site\/author\/comunicacao1\/"}]}},"_links":{"self":[{"href":"https:\/\/www.institutodeengenharia.org.br\/site\/wp-json\/wp\/v2\/posts\/90964","targetHints":{"allow":["GET"]}}],"collection":[{"href":"https:\/\/www.institutodeengenharia.org.br\/site\/wp-json\/wp\/v2\/posts"}],"about":[{"href":"https:\/\/www.institutodeengenharia.org.br\/site\/wp-json\/wp\/v2\/types\/post"}],"author":[{"embeddable":true,"href":"https:\/\/www.institutodeengenharia.org.br\/site\/wp-json\/wp\/v2\/users\/13"}],"replies":[{"embeddable":true,"href":"https:\/\/www.institutodeengenharia.org.br\/site\/wp-json\/wp\/v2\/comments?post=90964"}],"version-history":[{"count":5,"href":"https:\/\/www.institutodeengenharia.org.br\/site\/wp-json\/wp\/v2\/posts\/90964\/revisions"}],"predecessor-version":[{"id":90971,"href":"https:\/\/www.institutodeengenharia.org.br\/site\/wp-json\/wp\/v2\/posts\/90964\/revisions\/90971"}],"wp:featuredmedia":[{"embeddable":true,"href":"https:\/\/www.institutodeengenharia.org.br\/site\/wp-json\/wp\/v2\/media\/90967"}],"wp:attachment":[{"href":"https:\/\/www.institutodeengenharia.org.br\/site\/wp-json\/wp\/v2\/media?parent=90964"}],"wp:term":[{"taxonomy":"category","embeddable":true,"href":"https:\/\/www.institutodeengenharia.org.br\/site\/wp-json\/wp\/v2\/categories?post=90964"},{"taxonomy":"post_tag","embeddable":true,"href":"https:\/\/www.institutodeengenharia.org.br\/site\/wp-json\/wp\/v2\/tags?post=90964"}],"curies":[{"name":"wp","href":"https:\/\/api.w.org\/{rel}","templated":true}]}}