{"id":90809,"date":"2022-04-25T10:14:20","date_gmt":"2022-04-25T13:14:20","guid":{"rendered":"https:\/\/www.institutodeengenharia.org.br\/site\/?p=90809"},"modified":"2022-05-17T16:32:33","modified_gmt":"2022-05-17T19:32:33","slug":"a-experiencia-com-a-faixa-azul-para-motos-em-sao-paulo","status":"publish","type":"post","link":"https:\/\/www.institutodeengenharia.org.br\/site\/2022\/04\/25\/a-experiencia-com-a-faixa-azul-para-motos-em-sao-paulo\/","title":{"rendered":"A experi\u00eancia com a Faixa Azul para motos em S\u00e3o Paulo"},"content":{"rendered":"<p><strong>Assista \u00e0 grava\u00e7\u00e3o do evento:\u00a0<\/strong><\/p>\n<div style=\"padding: 56.25% 0 0 0; position: relative;\"><iframe style=\"position: absolute; top: 0; left: 0; width: 100%; height: 100%;\" title=\"Webinar A experi&amp;ecirc;ncia com a Faixa Azul para motos em S&amp;atilde;o Paulo\" src=\"https:\/\/player.vimeo.com\/video\/681409583?h=a96f9940dc&amp;badge=0&amp;autopause=0&amp;player_id=0&amp;app_id=58479\" frameborder=\"0\" allowfullscreen=\"allowfullscreen\"><\/iframe><\/div>\n<div><\/div>\n<div><\/div>\n<div><strong>+ Informa\u00e7\u00f5es:\u00a0<\/strong><\/div>\n<div><\/div>\n<div>\n<p>A Secretaria Municipal de Mobilidade e Tr\u00e2nsito (SMT), por meio da Companhia de Engenharia de Tr\u00e1fego (CET), come\u00e7a a implantar a Faixa Azul para motocicletas na Avenida 23 de Maio, no sentido Aeroporto, entre a Pra\u00e7a da Bandeira e o Complexo Vi\u00e1rio Jorge Jo\u00e3o Saad.<\/p>\n<p>O projeto piloto tem por objetivo organizar o espa\u00e7o compartilhado entre os autom\u00f3veis e as motocicletas e pacificar e humanizar o tr\u00e2nsito da cidade de S\u00e3o Paulo. A Faixa Azul n\u00e3o \u00e9 uma faixa exclusiva para motocicletas. Haver\u00e1 uma demarca\u00e7\u00e3o da via entre as faixas 1 e 2 \u2013 usualmente utilizadas pelos motociclistas \u2013 para que, em tr\u00e1fego lento, as motos possam transitar com mais disciplina, de forma segura e consciente e sem alterar a din\u00e2mica j\u00e1 existente na via.<\/p>\n<p>O uso da faixa azul n\u00e3o \u00e9 obrigat\u00f3rio. O motociclista ser\u00e1 orientado a utilizar em caso de tr\u00e2nsito lento. Haver\u00e1 sinaliza\u00e7\u00e3o vertical por toda a via alertando para os limites de velocidade, cuidado e orienta\u00e7\u00e3o ao mudar de faixa e mensagens educativas lembrando do uso da seta, o respeito aos limites de velocidade e a aten\u00e7\u00e3o aos sinais de tr\u00e2nsito e compartilhamento do espa\u00e7o na avenida.<\/p>\n<p>A avenida 23 de Maio foi escolhida para o projeto piloto por tratar-se de uma via com alto n\u00famero de tr\u00e2nsito de motocicletas: 2.400 motos por hora, chegando a 50 mil ao dia, com 78% dos sinistros no local envolvendo a moto.<\/p>\n<p><strong>P\u00fablico-alvo:<\/strong><\/p>\n<p>Engenheiros, arquitetos, interessados no tema<\/p>\n<p><strong>Moderadora<\/strong><br \/>\nMaria da Penha P. Nobre \u2013 Coordenadora da DT de Tr\u00e2nsito<\/p>\n<p><strong>Palestrantes<\/strong><br \/>\nRicardo Teixeira \u2013 Secret\u00e1rio de Mobilidade e Tr\u00e2nsito de SP<br \/>\nLuiz Fernando Devico \u2013 Diretor de Planejamento CET\/SP<\/p>\n<p><strong>Saiba sobre os participantes:<\/strong><\/p>\n<p><strong><a href=\"https:\/\/www.institutodeengenharia.org.br\/site\/wp-content\/uploads\/2022\/02\/maria-penha-1.webp\"><img loading=\"lazy\" decoding=\"async\" class=\"wp-image-89379 alignleft td-animation-stack-type0-2\" src=\"https:\/\/www.institutodeengenharia.org.br\/site\/wp-content\/uploads\/2022\/02\/maria-penha-1.webp\" alt=\"\" width=\"212\" height=\"225\" srcset=\"https:\/\/www.institutodeengenharia.org.br\/site\/wp-content\/uploads\/2022\/02\/maria-penha-1.webp 687w, https:\/\/www.institutodeengenharia.org.br\/site\/wp-content\/uploads\/2022\/02\/maria-penha-1-284x300.webp 284w, https:\/\/www.institutodeengenharia.org.br\/site\/wp-content\/uploads\/2022\/02\/maria-penha-1-397x420.webp 397w, https:\/\/www.institutodeengenharia.org.br\/site\/wp-content\/uploads\/2022\/02\/maria-penha-1-600x634.webp 600w\" sizes=\"auto, (max-width: 212px) 100vw, 212px\" \/><\/a>Maria da Penha Nobre<\/strong>\u00a0\u2013 Arquiteta e urbanista especialista em tr\u00e2nsito, mobilidade e seguran\u00e7a, psicopedagoga, conselheira do Conselho Estadual de Diminui\u00e7\u00e3o de Acidentes de Tr\u00e2nsito e Transportes \u2013 CEDATT \u2013, s\u00f3cia-diretora do Instituto de Mobilidade e Educa\u00e7\u00e3o Plano\/Planotran, coordenadora da Divis\u00e3o T\u00e9cnica de Tr\u00e2nsito do Instituto de Engenharia.<\/p>\n<p>&nbsp;<\/p>\n<p><strong><a href=\"https:\/\/www.institutodeengenharia.org.br\/site\/wp-content\/uploads\/2022\/02\/ricardo.webp\"><img loading=\"lazy\" decoding=\"async\" class=\"wp-image-89291 alignright td-animation-stack-type0-2\" src=\"https:\/\/www.institutodeengenharia.org.br\/site\/wp-content\/uploads\/2022\/02\/ricardo-264x300.webp\" alt=\"\" width=\"220\" height=\"250\" srcset=\"https:\/\/www.institutodeengenharia.org.br\/site\/wp-content\/uploads\/2022\/02\/ricardo-264x300.webp 264w, https:\/\/www.institutodeengenharia.org.br\/site\/wp-content\/uploads\/2022\/02\/ricardo.webp 305w\" sizes=\"auto, (max-width: 220px) 100vw, 220px\" \/><\/a>Ricardo Teixeira<\/strong>\u00a0\u2013 engenheiro, com mais de 40 anos de experi\u00eancia na Administra\u00e7\u00e3o P\u00fablica tendo trabalhado na Companhia de Engenharia de Tr\u00e1fego-CET, DERSA, DER, EMTU e na Prefeitura de S\u00e3o Paulo. Foi Secret\u00e1rio das Subprefeituras e Secret\u00e1rio do Verde e Meio Ambiente em S\u00e3o Paulo. \u00c9 Vereador Licenciado e atualmente ocupa o cargo de Secret\u00e1rio Municipal de Mobilidade e Tr\u00e2nsito no Munic\u00edpio de S\u00e3o Paulo.<\/p>\n<p>&nbsp;<\/p>\n<p><strong><a href=\"https:\/\/www.institutodeengenharia.org.br\/site\/wp-content\/uploads\/2022\/02\/devico.webp\"><img loading=\"lazy\" decoding=\"async\" class=\"wp-image-89292 alignleft td-animation-stack-type0-2\" src=\"https:\/\/www.institutodeengenharia.org.br\/site\/wp-content\/uploads\/2022\/02\/devico-225x300.webp\" alt=\"\" width=\"202\" height=\"269\" srcset=\"https:\/\/www.institutodeengenharia.org.br\/site\/wp-content\/uploads\/2022\/02\/devico-225x300.webp 225w, https:\/\/www.institutodeengenharia.org.br\/site\/wp-content\/uploads\/2022\/02\/devico.webp 296w\" sizes=\"auto, (max-width: 202px) 100vw, 202px\" \/><\/a>Luiz Fernando Devico<\/strong>\u00a0\u2013 ge\u00f3grafo e Auditor de Seguran\u00e7a Vi\u00e1ria formado pela IRF Internacional Road Federation em Washington\/EUA. Fez Curso MBA de Gest\u00e3o Estrat\u00e9gica. Trabalhou na Companhia de Engenharia de Tr\u00e1fego- CET, na Dersa e na Secretaria do Verde e do Meio Ambiente de S\u00e3o Paulo. Foi Diretor-t\u00e9cnico da Sttrada Seguran\u00e7a Vi\u00e1ria e Gestor de Concess\u00f5es Rodovi\u00e1rias. Atualmente \u00e9 o Diretor Adjunto de Planejamento e Projetos da Companhia de Engenharia de Tr\u00e1fego (CET) do Munic\u00edpio de S\u00e3o Paulo.<\/p>\n<p>&nbsp;<\/p>\n<p>&nbsp;<\/p>\n<p>&nbsp;<\/p>\n<p><em><strong>Realiza\u00e7\u00e3o:<\/strong><\/em><\/p>\n<p><em>Vice- Presid\u00eancia de Atividades T\u00e9cnicas Departamento \u2013 Ivan Metran Whately<\/em><br \/>\n<em>Departamento de Desenvolvimento Urbano e Regional \u2013 Luiz Fernando Portella<\/em><br \/>\n<em>Divis\u00e3o T\u00e9cnica de Tr\u00e2nsito \u2013 Maria da Penha P. Nobre<\/em><\/p>\n<p><strong>Apoio Institucional:<\/strong><\/p>\n<p><img loading=\"lazy\" decoding=\"async\" class=\"alignnone wp-image-77696 td-animation-stack-type0-2\" src=\"https:\/\/www.institutodeengenharia.org.br\/site\/wp-content\/uploads\/2021\/02\/crea-300x211.jpg\" alt=\"\" width=\"151\" height=\"106\" srcset=\"https:\/\/www.institutodeengenharia.org.br\/site\/wp-content\/uploads\/2021\/02\/crea-300x211.jpg 300w, https:\/\/www.institutodeengenharia.org.br\/site\/wp-content\/uploads\/2021\/02\/crea-100x70.jpg 100w, https:\/\/www.institutodeengenharia.org.br\/site\/wp-content\/uploads\/2021\/02\/crea.jpg 448w\" sizes=\"auto, (max-width: 151px) 100vw, 151px\" \/><\/p>\n<p><strong>Apoio \u00e0 forma\u00e7\u00e3o:\u00a0<\/strong><\/p>\n<p>Espa\u00e7o aberto ao CREA-SP, objetivando o aperfei\u00e7oamento dos profissionais e o aprimoramento da fiscaliza\u00e7\u00e3o das \u00e1reas abrangidas pelo Sistema Confea\/CREAs, al\u00e9m de promover a conscientiza\u00e7\u00e3o da sociedade quanto \u00e0 necessidade e obrigatoriedade de contratar um profissional devidamente habilitado.<\/p>\n<\/div>\n<p><script src=\"https:\/\/player.vimeo.com\/api\/player.js\"><span data-mce-type=\"bookmark\" style=\"display: inline-block; width: 0px; overflow: hidden; line-height: 0;\" class=\"mce_SELRES_start\"><\/span>&nbsp;<\/p>\n<\/p>\n<p>\n<\/script><\/p>\n","protected":false},"excerpt":{"rendered":"<p>Assista \u00e0 grava\u00e7\u00e3o do evento:\u00a0 + Informa\u00e7\u00f5es:\u00a0 A Secretaria Municipal de Mobilidade e Tr\u00e2nsito (SMT), por meio da Companhia de Engenharia de Tr\u00e1fego (CET), come\u00e7a a implantar a Faixa Azul para motocicletas na Avenida 23 de Maio, no sentido Aeroporto, entre a Pra\u00e7a da Bandeira e o Complexo Vi\u00e1rio Jorge Jo\u00e3o Saad. O projeto piloto [&hellip;]<\/p>\n","protected":false},"author":13,"featured_media":89527,"comment_status":"open","ping_status":"open","sticky":false,"template":"","format":"standard","meta":{"footnotes":""},"categories":[968,969],"tags":[1171],"class_list":{"0":"post-90809","1":"post","2":"type-post","3":"status-publish","4":"format-standard","5":"has-post-thumbnail","7":"category-nova-tv-engenharia","8":"category-palestra","9":"tag-destaque-abaixo"},"yoast_head":"<!-- This site is optimized with the Yoast SEO plugin v27.2 - https:\/\/yoast.com\/product\/yoast-seo-wordpress\/ -->\n<title>A experi\u00eancia com a Faixa Azul para motos em S\u00e3o Paulo - Instituto de Engenharia<\/title>\n<meta name=\"robots\" content=\"index, follow, max-snippet:-1, max-image-preview:large, max-video-preview:-1\" \/>\n<link rel=\"canonical\" href=\"https:\/\/www.institutodeengenharia.org.br\/site\/2022\/04\/25\/a-experiencia-com-a-faixa-azul-para-motos-em-sao-paulo\/\" \/>\n<meta property=\"og:locale\" content=\"pt_BR\" \/>\n<meta property=\"og:type\" content=\"article\" \/>\n<meta property=\"og:title\" content=\"A experi\u00eancia com a Faixa Azul para motos em S\u00e3o Paulo\" \/>\n<meta property=\"og:description\" content=\"A Secretaria Municipal de Mobilidade e Tr\u00e2nsito (SMT), por meio da Companhia de Engenharia de Tr\u00e1fego (CET), come\u00e7a a implantar a Faixa Azul para motocicletas na Avenida 23 de Maio, no sentido Aeroporto, entre a Pra\u00e7a da Bandeira e o Complexo Vi\u00e1rio Jorge Jo\u00e3o Saad.\" \/>\n<meta property=\"og:url\" content=\"https:\/\/www.institutodeengenharia.org.br\/site\/2022\/04\/25\/a-experiencia-com-a-faixa-azul-para-motos-em-sao-paulo\/\" \/>\n<meta property=\"og:site_name\" content=\"Instituto de Engenharia\" \/>\n<meta property=\"article:publisher\" content=\"https:\/\/www.facebook.com\/institutodeengenharia\" \/>\n<meta property=\"article:published_time\" content=\"2022-04-25T13:14:20+00:00\" \/>\n<meta property=\"article:modified_time\" content=\"2022-05-17T19:32:33+00:00\" \/>\n<meta property=\"og:image\" content=\"https:\/\/www.institutodeengenharia.org.br\/site\/wp-content\/uploads\/2022\/02\/cet.jpg\" \/>\n\t<meta property=\"og:image:width\" content=\"790\" \/>\n\t<meta property=\"og:image:height\" content=\"711\" \/>\n\t<meta property=\"og:image:type\" content=\"image\/jpeg\" \/>\n<meta name=\"author\" content=\"Bianca\" \/>\n<meta name=\"twitter:card\" content=\"summary_large_image\" \/>\n<meta name=\"twitter:title\" content=\"A experi\u00eancia com a Faixa Azul para motos em S\u00e3o Paulo\" \/>\n<meta name=\"twitter:description\" content=\"A Secretaria Municipal de Mobilidade e Tr\u00e2nsito (SMT), por meio da Companhia de Engenharia de Tr\u00e1fego (CET), come\u00e7a a implantar a Faixa Azul para motocicletas na Avenida 23 de Maio, no sentido Aeroporto, entre a Pra\u00e7a da Bandeira e o Complexo Vi\u00e1rio Jorge Jo\u00e3o Saad.\" \/>\n<meta name=\"twitter:image\" content=\"https:\/\/www.institutodeengenharia.org.br\/site\/wp-content\/uploads\/2022\/02\/cet.jpg\" \/>\n<meta name=\"twitter:creator\" content=\"@iengenharia\" \/>\n<meta name=\"twitter:site\" content=\"@iengenharia\" \/>\n<meta name=\"twitter:label1\" content=\"Escrito por\" \/>\n\t<meta name=\"twitter:data1\" content=\"Bianca\" \/>\n\t<meta name=\"twitter:label2\" content=\"Est. tempo de leitura\" \/>\n\t<meta name=\"twitter:data2\" content=\"4 minutos\" \/>\n<script type=\"application\/ld+json\" class=\"yoast-schema-graph\">{\"@context\":\"https:\/\/schema.org\",\"@graph\":[{\"@type\":\"Article\",\"@id\":\"https:\/\/www.institutodeengenharia.org.br\/site\/2022\/04\/25\/a-experiencia-com-a-faixa-azul-para-motos-em-sao-paulo\/#article\",\"isPartOf\":{\"@id\":\"https:\/\/www.institutodeengenharia.org.br\/site\/2022\/04\/25\/a-experiencia-com-a-faixa-azul-para-motos-em-sao-paulo\/\"},\"author\":{\"name\":\"Bianca\",\"@id\":\"https:\/\/www.institutodeengenharia.org.br\/site\/#\/schema\/person\/aeb64951c405e100d26d30b033dd423f\"},\"headline\":\"A experi\u00eancia com a Faixa Azul para motos em S\u00e3o Paulo\",\"datePublished\":\"2022-04-25T13:14:20+00:00\",\"dateModified\":\"2022-05-17T19:32:33+00:00\",\"mainEntityOfPage\":{\"@id\":\"https:\/\/www.institutodeengenharia.org.br\/site\/2022\/04\/25\/a-experiencia-com-a-faixa-azul-para-motos-em-sao-paulo\/\"},\"wordCount\":617,\"commentCount\":0,\"publisher\":{\"@id\":\"https:\/\/www.institutodeengenharia.org.br\/site\/#organization\"},\"image\":{\"@id\":\"https:\/\/www.institutodeengenharia.org.br\/site\/2022\/04\/25\/a-experiencia-com-a-faixa-azul-para-motos-em-sao-paulo\/#primaryimage\"},\"thumbnailUrl\":\"https:\/\/www.institutodeengenharia.org.br\/site\/wp-content\/uploads\/2022\/02\/cet.jpg\",\"keywords\":[\"destaque-abaixo\"],\"articleSection\":[\"Nova TV Engenharia\",\"Palestra\"],\"inLanguage\":\"pt-BR\",\"potentialAction\":[{\"@type\":\"CommentAction\",\"name\":\"Comment\",\"target\":[\"https:\/\/www.institutodeengenharia.org.br\/site\/2022\/04\/25\/a-experiencia-com-a-faixa-azul-para-motos-em-sao-paulo\/#respond\"]}]},{\"@type\":\"WebPage\",\"@id\":\"https:\/\/www.institutodeengenharia.org.br\/site\/2022\/04\/25\/a-experiencia-com-a-faixa-azul-para-motos-em-sao-paulo\/\",\"url\":\"https:\/\/www.institutodeengenharia.org.br\/site\/2022\/04\/25\/a-experiencia-com-a-faixa-azul-para-motos-em-sao-paulo\/\",\"name\":\"A experi\u00eancia com a Faixa Azul para motos em S\u00e3o Paulo - Instituto de Engenharia\",\"isPartOf\":{\"@id\":\"https:\/\/www.institutodeengenharia.org.br\/site\/#website\"},\"primaryImageOfPage\":{\"@id\":\"https:\/\/www.institutodeengenharia.org.br\/site\/2022\/04\/25\/a-experiencia-com-a-faixa-azul-para-motos-em-sao-paulo\/#primaryimage\"},\"image\":{\"@id\":\"https:\/\/www.institutodeengenharia.org.br\/site\/2022\/04\/25\/a-experiencia-com-a-faixa-azul-para-motos-em-sao-paulo\/#primaryimage\"},\"thumbnailUrl\":\"https:\/\/www.institutodeengenharia.org.br\/site\/wp-content\/uploads\/2022\/02\/cet.jpg\",\"datePublished\":\"2022-04-25T13:14:20+00:00\",\"dateModified\":\"2022-05-17T19:32:33+00:00\",\"breadcrumb\":{\"@id\":\"https:\/\/www.institutodeengenharia.org.br\/site\/2022\/04\/25\/a-experiencia-com-a-faixa-azul-para-motos-em-sao-paulo\/#breadcrumb\"},\"inLanguage\":\"pt-BR\",\"potentialAction\":[{\"@type\":\"ReadAction\",\"target\":[\"https:\/\/www.institutodeengenharia.org.br\/site\/2022\/04\/25\/a-experiencia-com-a-faixa-azul-para-motos-em-sao-paulo\/\"]}]},{\"@type\":\"ImageObject\",\"inLanguage\":\"pt-BR\",\"@id\":\"https:\/\/www.institutodeengenharia.org.br\/site\/2022\/04\/25\/a-experiencia-com-a-faixa-azul-para-motos-em-sao-paulo\/#primaryimage\",\"url\":\"https:\/\/www.institutodeengenharia.org.br\/site\/wp-content\/uploads\/2022\/02\/cet.jpg\",\"contentUrl\":\"https:\/\/www.institutodeengenharia.org.br\/site\/wp-content\/uploads\/2022\/02\/cet.jpg\",\"width\":790,\"height\":711},{\"@type\":\"BreadcrumbList\",\"@id\":\"https:\/\/www.institutodeengenharia.org.br\/site\/2022\/04\/25\/a-experiencia-com-a-faixa-azul-para-motos-em-sao-paulo\/#breadcrumb\",\"itemListElement\":[{\"@type\":\"ListItem\",\"position\":1,\"name\":\"In\u00edcio\",\"item\":\"https:\/\/www.institutodeengenharia.org.br\/site\/\"},{\"@type\":\"ListItem\",\"position\":2,\"name\":\"A experi\u00eancia com a Faixa Azul para motos em S\u00e3o Paulo\"}]},{\"@type\":\"WebSite\",\"@id\":\"https:\/\/www.institutodeengenharia.org.br\/site\/#website\",\"url\":\"https:\/\/www.institutodeengenharia.org.br\/site\/\",\"name\":\"Instituto de Engenharia\",\"description\":\"O Instituto de Engenharia promove a Engenharia em benef\u00edcio do desenvolvimento e da qualidade de vida da sociedade.\",\"publisher\":{\"@id\":\"https:\/\/www.institutodeengenharia.org.br\/site\/#organization\"},\"potentialAction\":[{\"@type\":\"SearchAction\",\"target\":{\"@type\":\"EntryPoint\",\"urlTemplate\":\"https:\/\/www.institutodeengenharia.org.br\/site\/?s={search_term_string}\"},\"query-input\":{\"@type\":\"PropertyValueSpecification\",\"valueRequired\":true,\"valueName\":\"search_term_string\"}}],\"inLanguage\":\"pt-BR\"},{\"@type\":\"Organization\",\"@id\":\"https:\/\/www.institutodeengenharia.org.br\/site\/#organization\",\"name\":\"Instituto de Engenharia\",\"url\":\"https:\/\/www.institutodeengenharia.org.br\/site\/\",\"logo\":{\"@type\":\"ImageObject\",\"inLanguage\":\"pt-BR\",\"@id\":\"https:\/\/www.institutodeengenharia.org.br\/site\/#\/schema\/logo\/image\/\",\"url\":\"https:\/\/www.institutodeengenharia.org.br\/site\/wp-content\/uploads\/2019\/03\/logo-novo-IE2018-1.jpg\",\"contentUrl\":\"https:\/\/www.institutodeengenharia.org.br\/site\/wp-content\/uploads\/2019\/03\/logo-novo-IE2018-1.jpg\",\"width\":1486,\"height\":1879,\"caption\":\"Instituto de Engenharia\"},\"image\":{\"@id\":\"https:\/\/www.institutodeengenharia.org.br\/site\/#\/schema\/logo\/image\/\"},\"sameAs\":[\"https:\/\/www.facebook.com\/institutodeengenharia\",\"https:\/\/x.com\/iengenharia\",\"https:\/\/www.instagram.com\/institutodeengenharia\/\",\"https:\/\/www.linkedin.com\/company\/instituto-de-engenharia\/\",\"https:\/\/www.youtube.com\/channel\/UCXiCAlsSMe977vamW915HxA\"]},{\"@type\":\"Person\",\"@id\":\"https:\/\/www.institutodeengenharia.org.br\/site\/#\/schema\/person\/aeb64951c405e100d26d30b033dd423f\",\"name\":\"Bianca\",\"image\":{\"@type\":\"ImageObject\",\"inLanguage\":\"pt-BR\",\"@id\":\"https:\/\/secure.gravatar.com\/avatar\/a6fbe9bff57405baf4c1e2c5c1811e072b558253974a9f9508f4678900c97c2a?s=96&d=mm&r=g\",\"url\":\"https:\/\/secure.gravatar.com\/avatar\/a6fbe9bff57405baf4c1e2c5c1811e072b558253974a9f9508f4678900c97c2a?s=96&d=mm&r=g\",\"contentUrl\":\"https:\/\/secure.gravatar.com\/avatar\/a6fbe9bff57405baf4c1e2c5c1811e072b558253974a9f9508f4678900c97c2a?s=96&d=mm&r=g\",\"caption\":\"Bianca\"},\"url\":\"https:\/\/www.institutodeengenharia.org.br\/site\/author\/comunicacao1\/\"}]}<\/script>\n<!-- \/ Yoast SEO plugin. -->","yoast_head_json":{"title":"A experi\u00eancia com a Faixa Azul para motos em S\u00e3o Paulo - Instituto de Engenharia","robots":{"index":"index","follow":"follow","max-snippet":"max-snippet:-1","max-image-preview":"max-image-preview:large","max-video-preview":"max-video-preview:-1"},"canonical":"https:\/\/www.institutodeengenharia.org.br\/site\/2022\/04\/25\/a-experiencia-com-a-faixa-azul-para-motos-em-sao-paulo\/","og_locale":"pt_BR","og_type":"article","og_title":"A experi\u00eancia com a Faixa Azul para motos em S\u00e3o Paulo","og_description":"A Secretaria Municipal de Mobilidade e Tr\u00e2nsito (SMT), por meio da Companhia de Engenharia de Tr\u00e1fego (CET), come\u00e7a a implantar a Faixa Azul para motocicletas na Avenida 23 de Maio, no sentido Aeroporto, entre a Pra\u00e7a da Bandeira e o Complexo Vi\u00e1rio Jorge Jo\u00e3o Saad.","og_url":"https:\/\/www.institutodeengenharia.org.br\/site\/2022\/04\/25\/a-experiencia-com-a-faixa-azul-para-motos-em-sao-paulo\/","og_site_name":"Instituto de Engenharia","article_publisher":"https:\/\/www.facebook.com\/institutodeengenharia","article_published_time":"2022-04-25T13:14:20+00:00","article_modified_time":"2022-05-17T19:32:33+00:00","og_image":[{"width":790,"height":711,"url":"https:\/\/www.institutodeengenharia.org.br\/site\/wp-content\/uploads\/2022\/02\/cet.jpg","type":"image\/jpeg"}],"author":"Bianca","twitter_card":"summary_large_image","twitter_title":"A experi\u00eancia com a Faixa Azul para motos em S\u00e3o Paulo","twitter_description":"A Secretaria Municipal de Mobilidade e Tr\u00e2nsito (SMT), por meio da Companhia de Engenharia de Tr\u00e1fego (CET), come\u00e7a a implantar a Faixa Azul para motocicletas na Avenida 23 de Maio, no sentido Aeroporto, entre a Pra\u00e7a da Bandeira e o Complexo Vi\u00e1rio Jorge Jo\u00e3o Saad.","twitter_image":"https:\/\/www.institutodeengenharia.org.br\/site\/wp-content\/uploads\/2022\/02\/cet.jpg","twitter_creator":"@iengenharia","twitter_site":"@iengenharia","twitter_misc":{"Escrito por":"Bianca","Est. tempo de leitura":"4 minutos"},"schema":{"@context":"https:\/\/schema.org","@graph":[{"@type":"Article","@id":"https:\/\/www.institutodeengenharia.org.br\/site\/2022\/04\/25\/a-experiencia-com-a-faixa-azul-para-motos-em-sao-paulo\/#article","isPartOf":{"@id":"https:\/\/www.institutodeengenharia.org.br\/site\/2022\/04\/25\/a-experiencia-com-a-faixa-azul-para-motos-em-sao-paulo\/"},"author":{"name":"Bianca","@id":"https:\/\/www.institutodeengenharia.org.br\/site\/#\/schema\/person\/aeb64951c405e100d26d30b033dd423f"},"headline":"A experi\u00eancia com a Faixa Azul para motos em S\u00e3o Paulo","datePublished":"2022-04-25T13:14:20+00:00","dateModified":"2022-05-17T19:32:33+00:00","mainEntityOfPage":{"@id":"https:\/\/www.institutodeengenharia.org.br\/site\/2022\/04\/25\/a-experiencia-com-a-faixa-azul-para-motos-em-sao-paulo\/"},"wordCount":617,"commentCount":0,"publisher":{"@id":"https:\/\/www.institutodeengenharia.org.br\/site\/#organization"},"image":{"@id":"https:\/\/www.institutodeengenharia.org.br\/site\/2022\/04\/25\/a-experiencia-com-a-faixa-azul-para-motos-em-sao-paulo\/#primaryimage"},"thumbnailUrl":"https:\/\/www.institutodeengenharia.org.br\/site\/wp-content\/uploads\/2022\/02\/cet.jpg","keywords":["destaque-abaixo"],"articleSection":["Nova TV Engenharia","Palestra"],"inLanguage":"pt-BR","potentialAction":[{"@type":"CommentAction","name":"Comment","target":["https:\/\/www.institutodeengenharia.org.br\/site\/2022\/04\/25\/a-experiencia-com-a-faixa-azul-para-motos-em-sao-paulo\/#respond"]}]},{"@type":"WebPage","@id":"https:\/\/www.institutodeengenharia.org.br\/site\/2022\/04\/25\/a-experiencia-com-a-faixa-azul-para-motos-em-sao-paulo\/","url":"https:\/\/www.institutodeengenharia.org.br\/site\/2022\/04\/25\/a-experiencia-com-a-faixa-azul-para-motos-em-sao-paulo\/","name":"A experi\u00eancia com a Faixa Azul para motos em S\u00e3o Paulo - Instituto de Engenharia","isPartOf":{"@id":"https:\/\/www.institutodeengenharia.org.br\/site\/#website"},"primaryImageOfPage":{"@id":"https:\/\/www.institutodeengenharia.org.br\/site\/2022\/04\/25\/a-experiencia-com-a-faixa-azul-para-motos-em-sao-paulo\/#primaryimage"},"image":{"@id":"https:\/\/www.institutodeengenharia.org.br\/site\/2022\/04\/25\/a-experiencia-com-a-faixa-azul-para-motos-em-sao-paulo\/#primaryimage"},"thumbnailUrl":"https:\/\/www.institutodeengenharia.org.br\/site\/wp-content\/uploads\/2022\/02\/cet.jpg","datePublished":"2022-04-25T13:14:20+00:00","dateModified":"2022-05-17T19:32:33+00:00","breadcrumb":{"@id":"https:\/\/www.institutodeengenharia.org.br\/site\/2022\/04\/25\/a-experiencia-com-a-faixa-azul-para-motos-em-sao-paulo\/#breadcrumb"},"inLanguage":"pt-BR","potentialAction":[{"@type":"ReadAction","target":["https:\/\/www.institutodeengenharia.org.br\/site\/2022\/04\/25\/a-experiencia-com-a-faixa-azul-para-motos-em-sao-paulo\/"]}]},{"@type":"ImageObject","inLanguage":"pt-BR","@id":"https:\/\/www.institutodeengenharia.org.br\/site\/2022\/04\/25\/a-experiencia-com-a-faixa-azul-para-motos-em-sao-paulo\/#primaryimage","url":"https:\/\/www.institutodeengenharia.org.br\/site\/wp-content\/uploads\/2022\/02\/cet.jpg","contentUrl":"https:\/\/www.institutodeengenharia.org.br\/site\/wp-content\/uploads\/2022\/02\/cet.jpg","width":790,"height":711},{"@type":"BreadcrumbList","@id":"https:\/\/www.institutodeengenharia.org.br\/site\/2022\/04\/25\/a-experiencia-com-a-faixa-azul-para-motos-em-sao-paulo\/#breadcrumb","itemListElement":[{"@type":"ListItem","position":1,"name":"In\u00edcio","item":"https:\/\/www.institutodeengenharia.org.br\/site\/"},{"@type":"ListItem","position":2,"name":"A experi\u00eancia com a Faixa Azul para motos em S\u00e3o Paulo"}]},{"@type":"WebSite","@id":"https:\/\/www.institutodeengenharia.org.br\/site\/#website","url":"https:\/\/www.institutodeengenharia.org.br\/site\/","name":"Instituto de Engenharia","description":"O Instituto de Engenharia promove a Engenharia em benef\u00edcio do desenvolvimento e da qualidade de vida da sociedade.","publisher":{"@id":"https:\/\/www.institutodeengenharia.org.br\/site\/#organization"},"potentialAction":[{"@type":"SearchAction","target":{"@type":"EntryPoint","urlTemplate":"https:\/\/www.institutodeengenharia.org.br\/site\/?s={search_term_string}"},"query-input":{"@type":"PropertyValueSpecification","valueRequired":true,"valueName":"search_term_string"}}],"inLanguage":"pt-BR"},{"@type":"Organization","@id":"https:\/\/www.institutodeengenharia.org.br\/site\/#organization","name":"Instituto de Engenharia","url":"https:\/\/www.institutodeengenharia.org.br\/site\/","logo":{"@type":"ImageObject","inLanguage":"pt-BR","@id":"https:\/\/www.institutodeengenharia.org.br\/site\/#\/schema\/logo\/image\/","url":"https:\/\/www.institutodeengenharia.org.br\/site\/wp-content\/uploads\/2019\/03\/logo-novo-IE2018-1.jpg","contentUrl":"https:\/\/www.institutodeengenharia.org.br\/site\/wp-content\/uploads\/2019\/03\/logo-novo-IE2018-1.jpg","width":1486,"height":1879,"caption":"Instituto de Engenharia"},"image":{"@id":"https:\/\/www.institutodeengenharia.org.br\/site\/#\/schema\/logo\/image\/"},"sameAs":["https:\/\/www.facebook.com\/institutodeengenharia","https:\/\/x.com\/iengenharia","https:\/\/www.instagram.com\/institutodeengenharia\/","https:\/\/www.linkedin.com\/company\/instituto-de-engenharia\/","https:\/\/www.youtube.com\/channel\/UCXiCAlsSMe977vamW915HxA"]},{"@type":"Person","@id":"https:\/\/www.institutodeengenharia.org.br\/site\/#\/schema\/person\/aeb64951c405e100d26d30b033dd423f","name":"Bianca","image":{"@type":"ImageObject","inLanguage":"pt-BR","@id":"https:\/\/secure.gravatar.com\/avatar\/a6fbe9bff57405baf4c1e2c5c1811e072b558253974a9f9508f4678900c97c2a?s=96&d=mm&r=g","url":"https:\/\/secure.gravatar.com\/avatar\/a6fbe9bff57405baf4c1e2c5c1811e072b558253974a9f9508f4678900c97c2a?s=96&d=mm&r=g","contentUrl":"https:\/\/secure.gravatar.com\/avatar\/a6fbe9bff57405baf4c1e2c5c1811e072b558253974a9f9508f4678900c97c2a?s=96&d=mm&r=g","caption":"Bianca"},"url":"https:\/\/www.institutodeengenharia.org.br\/site\/author\/comunicacao1\/"}]}},"_links":{"self":[{"href":"https:\/\/www.institutodeengenharia.org.br\/site\/wp-json\/wp\/v2\/posts\/90809","targetHints":{"allow":["GET"]}}],"collection":[{"href":"https:\/\/www.institutodeengenharia.org.br\/site\/wp-json\/wp\/v2\/posts"}],"about":[{"href":"https:\/\/www.institutodeengenharia.org.br\/site\/wp-json\/wp\/v2\/types\/post"}],"author":[{"embeddable":true,"href":"https:\/\/www.institutodeengenharia.org.br\/site\/wp-json\/wp\/v2\/users\/13"}],"replies":[{"embeddable":true,"href":"https:\/\/www.institutodeengenharia.org.br\/site\/wp-json\/wp\/v2\/comments?post=90809"}],"version-history":[{"count":3,"href":"https:\/\/www.institutodeengenharia.org.br\/site\/wp-json\/wp\/v2\/posts\/90809\/revisions"}],"predecessor-version":[{"id":93199,"href":"https:\/\/www.institutodeengenharia.org.br\/site\/wp-json\/wp\/v2\/posts\/90809\/revisions\/93199"}],"wp:featuredmedia":[{"embeddable":true,"href":"https:\/\/www.institutodeengenharia.org.br\/site\/wp-json\/wp\/v2\/media\/89527"}],"wp:attachment":[{"href":"https:\/\/www.institutodeengenharia.org.br\/site\/wp-json\/wp\/v2\/media?parent=90809"}],"wp:term":[{"taxonomy":"category","embeddable":true,"href":"https:\/\/www.institutodeengenharia.org.br\/site\/wp-json\/wp\/v2\/categories?post=90809"},{"taxonomy":"post_tag","embeddable":true,"href":"https:\/\/www.institutodeengenharia.org.br\/site\/wp-json\/wp\/v2\/tags?post=90809"}],"curies":[{"name":"wp","href":"https:\/\/api.w.org\/{rel}","templated":true}]}}