{"id":90798,"date":"2022-02-24T11:56:20","date_gmt":"2022-02-24T14:56:20","guid":{"rendered":"https:\/\/www.institutodeengenharia.org.br\/site\/?p=90798"},"modified":"2022-02-24T11:56:20","modified_gmt":"2022-02-24T14:56:20","slug":"por-reginaldo-a-de-paiva-o-esquartejamento-do-poeta","status":"publish","type":"post","link":"https:\/\/www.institutodeengenharia.org.br\/site\/2022\/02\/24\/por-reginaldo-a-de-paiva-o-esquartejamento-do-poeta\/","title":{"rendered":"Por Reginaldo A. de Paiva \u2013 O esquartejamento do poeta"},"content":{"rendered":"<p><strong>OBJETIVOS<\/strong><br \/>\nComo Maanape, antigamente, buscamos restaurar as 12 pe\u00e7as do corpo do poeta, por ele mesmo sepultadas em v\u00e1rios pontos da cidade, segundo testamento de pr\u00f3prio punho, publicado \u00e0s p\u00e1ginas tantas de suas Poesias Completas, no obitu\u00e1rio da Lira Paulistana.<\/p>\n<p><strong>METAS<\/strong><br \/>\nHomenagear o poeta Mario de Andrade, atrav\u00e9s da instala\u00e7\u00e3o de um \u201ca\u00e7ougue cultural\u201d, que recupere as pr\u00e1ticas de Maanape, irm\u00e3o de Macuna\u00edma e do gigante Piaim\u00e3, comedor de gente e que ainda mora \u201cnum tejupar maravilhoso rodeado de mato no fim da rua Maranh\u00e3o, olhando pra noru\u00e9ga do Pacaemb\u00fa\u201d e que hoje se dedica a mastigar casas velhas e terrenos ociosos da Avenida Paulista. Como escreveu a v\u00edtima: \u201co her\u00f3i picado em vinte vezes trinta torresminhos bubuiava na polenta fervendo, Maanape catou os pedacinhos e os ossos e estendeu tudo no cimento pra refrescar. Quando esfriaram a sarar\u00e1 Cambgique derramou por cima o sangue sugado. Ent\u00e3o Maanape embrulhou todos os pedacinhos sangrando em folhas de bananeira, jogou o embrulho num sapiqu\u00e1 e tocou pra pens\u00e3o. L\u00e1 chegando botou o cesto de p\u00e9 assoprou fumo nele e Macuna\u00edma veio saindo meio pamonha ainda, muito desmerecido, do meio das folhas. Maanape deu guaran\u00e1 pro mano e ele ficou taludo outra vez\u201d. (Macuna\u00edma\/Piaim\u00e3, Cap\u00edtulo V)<br \/>\nSe a \u201cpe\u00e7a acusat\u00f3ria\u201d, apresentada neste documento, nos desvenda o aspecto das partes do poeta, as confiss\u00f5es da v\u00edtima, constantes dos Anexos I e II, nos falam de seu car\u00e1ter irrespons\u00e1vel, brincalh\u00e3o e irreverente. Nos fala do seu g\u00eanio. A recomposi\u00e7\u00e3o urbana do corpo do poeta comporta um trajeto que se inicia pela visita ao seu joelho na Maria<br \/>\nAnt\u00f4nia e termina com a incorpora\u00e7\u00e3o do seu esp\u00edrito, na Pra\u00e7a da S\u00e9. \u00c0 noite podemos buscar seus olhos piscando, l\u00e1 pras bandas do Jaragu\u00e1, atr\u00e1s da desengon\u00e7ada arma\u00e7\u00e3o de seus \u00f3culos.<br \/>\nEsquartejado e deglutido o poeta, estaremos retornando \u00e0s pr\u00e1ticas dos nossos av\u00f3s tupis que, com muita propriedade, entenderam que o melhor a fazer com mission\u00e1rios de nomes t\u00e3o apetitosos com Dom Pero Fernandes Sardinha era ass\u00e1-lo. E o fizeram, com muitos melhores conhecimentos culin\u00e1rios que os esquartejadores de Tiradentes, que esparramaram os peda\u00e7os do M\u00e1rtir pelas estradas de Minas mas entenderam de salgar-lhe a casa (!). Nada entendiam da arte da churrascaria, como se v\u00ea.<\/p>\n<p style=\"text-align: center;\"><em><strong><a href=\"https:\/\/www.institutodeengenharia.org.br\/site\/wp-content\/uploads\/2022\/02\/Esquartejamento-do-poeta.pdf\">Clique aqui para ler o artigo completo<\/a><\/strong><\/em><\/p>\n<p>_______________________________________________________________________<\/p>\n<p><img loading=\"lazy\" decoding=\"async\" class=\"alignnone size-full wp-image-41624 td-animation-stack-type0-2\" src=\"https:\/\/www.institutodeengenharia.org.br\/site\/wp-content\/uploads\/2019\/04\/reginaldo-A.-Paiva.jpg\" alt=\"\" width=\"134\" height=\"88\" \/><\/p>\n<p><strong>REGINALDO A. DE PAIVA*<\/strong><\/p>\n<p>Diretor secret\u00e1rio da Diretoria Executiva (2014\/2015); representante do Instituto de Engenharia na Comiss\u00e3o Pr\u00e9-Centro e na Opera\u00e7\u00e3o Urbana \u00c1guas Espraiadas e na Comiss\u00e3o Licitat\u00f3ria de Concess\u00f5es Rodovi\u00e1rias (Secretaria de Estado dos Transportes); membro do Conselho Editorial da Revista Engenharia.<\/p>\n<p>*<em>Os artigos publicados com assinatura, n\u00e3o traduzem necessariamente a opini\u00e3o do Instituto de Engenharia. Sua publica\u00e7\u00e3o obedece ao prop\u00f3sito de estimular o debate dos problemas brasileiros e de refletir as diversas tend\u00eancias do pensamento contempor\u00e2neo.<\/em><\/p>\n","protected":false},"excerpt":{"rendered":"<p>OBJETIVOS Como Maanape, antigamente, buscamos restaurar as 12 pe\u00e7as do corpo do poeta, por ele mesmo sepultadas em v\u00e1rios pontos da cidade, segundo testamento de pr\u00f3prio punho, publicado \u00e0s p\u00e1ginas tantas de suas Poesias Completas, no obitu\u00e1rio da Lira Paulistana. METAS Homenagear o poeta Mario de Andrade, atrav\u00e9s da instala\u00e7\u00e3o de um \u201ca\u00e7ougue cultural\u201d, que [&hellip;]<\/p>\n","protected":false},"author":13,"featured_media":90802,"comment_status":"open","ping_status":"open","sticky":false,"template":"","format":"standard","meta":{"footnotes":""},"categories":[11,103],"tags":[],"class_list":{"0":"post-90798","1":"post","2":"type-post","3":"status-publish","4":"format-standard","5":"has-post-thumbnail","7":"category-articulistas","8":"category-reginaldo-a-de-paiva"},"yoast_head":"<!-- This site is optimized with the Yoast SEO plugin v27.2 - https:\/\/yoast.com\/product\/yoast-seo-wordpress\/ -->\n<title>Por Reginaldo A. de Paiva \u2013 O esquartejamento do poeta - Instituto de Engenharia<\/title>\n<meta name=\"robots\" content=\"index, follow, max-snippet:-1, max-image-preview:large, max-video-preview:-1\" \/>\n<link rel=\"canonical\" href=\"https:\/\/www.institutodeengenharia.org.br\/site\/2022\/02\/24\/por-reginaldo-a-de-paiva-o-esquartejamento-do-poeta\/\" \/>\n<meta property=\"og:locale\" content=\"pt_BR\" \/>\n<meta property=\"og:type\" content=\"article\" \/>\n<meta property=\"og:title\" content=\"Por Reginaldo A. de Paiva \u2013 O esquartejamento do poeta\" \/>\n<meta property=\"og:description\" content=\"Como Maanape, antigamente, buscamos restaurar as 12 pe\u00e7as do corpo do poeta, por ele mesmo sepultadas em v\u00e1rios pontos da cidade, segundo testamento de pr\u00f3prio punho, publicado \u00e0s p\u00e1ginas tantas de suas Poesias Completas, no obitu\u00e1rio da Lira Paulistana.\" \/>\n<meta property=\"og:url\" content=\"https:\/\/www.institutodeengenharia.org.br\/site\/2022\/02\/24\/por-reginaldo-a-de-paiva-o-esquartejamento-do-poeta\/\" \/>\n<meta property=\"og:site_name\" content=\"Instituto de Engenharia\" \/>\n<meta property=\"article:publisher\" content=\"https:\/\/www.facebook.com\/institutodeengenharia\" \/>\n<meta property=\"article:published_time\" content=\"2022-02-24T14:56:20+00:00\" \/>\n<meta property=\"og:image\" content=\"https:\/\/www.institutodeengenharia.org.br\/site\/wp-content\/uploads\/2022\/02\/artigoreginaldop.png\" \/>\n\t<meta property=\"og:image:width\" content=\"711\" \/>\n\t<meta property=\"og:image:height\" content=\"575\" \/>\n\t<meta property=\"og:image:type\" content=\"image\/png\" \/>\n<meta name=\"author\" content=\"Bianca\" \/>\n<meta name=\"twitter:card\" content=\"summary_large_image\" \/>\n<meta name=\"twitter:title\" content=\"Por Reginaldo A. de Paiva \u2013 O esquartejamento do poeta\" \/>\n<meta name=\"twitter:description\" content=\"Como Maanape, antigamente, buscamos restaurar as 12 pe\u00e7as do corpo do poeta, por ele mesmo sepultadas em v\u00e1rios pontos da cidade, segundo testamento de pr\u00f3prio punho, publicado \u00e0s p\u00e1ginas tantas de suas Poesias Completas, no obitu\u00e1rio da Lira Paulistana.\" \/>\n<meta name=\"twitter:image\" content=\"https:\/\/www.institutodeengenharia.org.br\/site\/wp-content\/uploads\/2022\/02\/artigoreginaldop.png\" \/>\n<meta name=\"twitter:creator\" content=\"@iengenharia\" \/>\n<meta name=\"twitter:site\" content=\"@iengenharia\" \/>\n<meta name=\"twitter:label1\" content=\"Escrito por\" \/>\n\t<meta name=\"twitter:data1\" content=\"Bianca\" \/>\n\t<meta name=\"twitter:label2\" content=\"Est. tempo de leitura\" \/>\n\t<meta name=\"twitter:data2\" content=\"3 minutos\" \/>\n<script type=\"application\/ld+json\" class=\"yoast-schema-graph\">{\"@context\":\"https:\/\/schema.org\",\"@graph\":[{\"@type\":\"Article\",\"@id\":\"https:\/\/www.institutodeengenharia.org.br\/site\/2022\/02\/24\/por-reginaldo-a-de-paiva-o-esquartejamento-do-poeta\/#article\",\"isPartOf\":{\"@id\":\"https:\/\/www.institutodeengenharia.org.br\/site\/2022\/02\/24\/por-reginaldo-a-de-paiva-o-esquartejamento-do-poeta\/\"},\"author\":{\"name\":\"Bianca\",\"@id\":\"https:\/\/www.institutodeengenharia.org.br\/site\/#\/schema\/person\/aeb64951c405e100d26d30b033dd423f\"},\"headline\":\"Por Reginaldo A. de Paiva \u2013 O esquartejamento do poeta\",\"datePublished\":\"2022-02-24T14:56:20+00:00\",\"mainEntityOfPage\":{\"@id\":\"https:\/\/www.institutodeengenharia.org.br\/site\/2022\/02\/24\/por-reginaldo-a-de-paiva-o-esquartejamento-do-poeta\/\"},\"wordCount\":518,\"commentCount\":0,\"publisher\":{\"@id\":\"https:\/\/www.institutodeengenharia.org.br\/site\/#organization\"},\"image\":{\"@id\":\"https:\/\/www.institutodeengenharia.org.br\/site\/2022\/02\/24\/por-reginaldo-a-de-paiva-o-esquartejamento-do-poeta\/#primaryimage\"},\"thumbnailUrl\":\"https:\/\/www.institutodeengenharia.org.br\/site\/wp-content\/uploads\/2022\/02\/artigoreginaldop.png\",\"articleSection\":[\"Articulistas\",\"Reginaldo A. de Paiva\"],\"inLanguage\":\"pt-BR\",\"potentialAction\":[{\"@type\":\"CommentAction\",\"name\":\"Comment\",\"target\":[\"https:\/\/www.institutodeengenharia.org.br\/site\/2022\/02\/24\/por-reginaldo-a-de-paiva-o-esquartejamento-do-poeta\/#respond\"]}]},{\"@type\":\"WebPage\",\"@id\":\"https:\/\/www.institutodeengenharia.org.br\/site\/2022\/02\/24\/por-reginaldo-a-de-paiva-o-esquartejamento-do-poeta\/\",\"url\":\"https:\/\/www.institutodeengenharia.org.br\/site\/2022\/02\/24\/por-reginaldo-a-de-paiva-o-esquartejamento-do-poeta\/\",\"name\":\"Por Reginaldo A. de Paiva \u2013 O esquartejamento do poeta - Instituto de Engenharia\",\"isPartOf\":{\"@id\":\"https:\/\/www.institutodeengenharia.org.br\/site\/#website\"},\"primaryImageOfPage\":{\"@id\":\"https:\/\/www.institutodeengenharia.org.br\/site\/2022\/02\/24\/por-reginaldo-a-de-paiva-o-esquartejamento-do-poeta\/#primaryimage\"},\"image\":{\"@id\":\"https:\/\/www.institutodeengenharia.org.br\/site\/2022\/02\/24\/por-reginaldo-a-de-paiva-o-esquartejamento-do-poeta\/#primaryimage\"},\"thumbnailUrl\":\"https:\/\/www.institutodeengenharia.org.br\/site\/wp-content\/uploads\/2022\/02\/artigoreginaldop.png\",\"datePublished\":\"2022-02-24T14:56:20+00:00\",\"breadcrumb\":{\"@id\":\"https:\/\/www.institutodeengenharia.org.br\/site\/2022\/02\/24\/por-reginaldo-a-de-paiva-o-esquartejamento-do-poeta\/#breadcrumb\"},\"inLanguage\":\"pt-BR\",\"potentialAction\":[{\"@type\":\"ReadAction\",\"target\":[\"https:\/\/www.institutodeengenharia.org.br\/site\/2022\/02\/24\/por-reginaldo-a-de-paiva-o-esquartejamento-do-poeta\/\"]}]},{\"@type\":\"ImageObject\",\"inLanguage\":\"pt-BR\",\"@id\":\"https:\/\/www.institutodeengenharia.org.br\/site\/2022\/02\/24\/por-reginaldo-a-de-paiva-o-esquartejamento-do-poeta\/#primaryimage\",\"url\":\"https:\/\/www.institutodeengenharia.org.br\/site\/wp-content\/uploads\/2022\/02\/artigoreginaldop.png\",\"contentUrl\":\"https:\/\/www.institutodeengenharia.org.br\/site\/wp-content\/uploads\/2022\/02\/artigoreginaldop.png\",\"width\":711,\"height\":575},{\"@type\":\"BreadcrumbList\",\"@id\":\"https:\/\/www.institutodeengenharia.org.br\/site\/2022\/02\/24\/por-reginaldo-a-de-paiva-o-esquartejamento-do-poeta\/#breadcrumb\",\"itemListElement\":[{\"@type\":\"ListItem\",\"position\":1,\"name\":\"In\u00edcio\",\"item\":\"https:\/\/www.institutodeengenharia.org.br\/site\/\"},{\"@type\":\"ListItem\",\"position\":2,\"name\":\"Por Reginaldo A. de Paiva \u2013 O esquartejamento do poeta\"}]},{\"@type\":\"WebSite\",\"@id\":\"https:\/\/www.institutodeengenharia.org.br\/site\/#website\",\"url\":\"https:\/\/www.institutodeengenharia.org.br\/site\/\",\"name\":\"Instituto de Engenharia\",\"description\":\"O Instituto de Engenharia promove a Engenharia em benef\u00edcio do desenvolvimento e da qualidade de vida da sociedade.\",\"publisher\":{\"@id\":\"https:\/\/www.institutodeengenharia.org.br\/site\/#organization\"},\"potentialAction\":[{\"@type\":\"SearchAction\",\"target\":{\"@type\":\"EntryPoint\",\"urlTemplate\":\"https:\/\/www.institutodeengenharia.org.br\/site\/?s={search_term_string}\"},\"query-input\":{\"@type\":\"PropertyValueSpecification\",\"valueRequired\":true,\"valueName\":\"search_term_string\"}}],\"inLanguage\":\"pt-BR\"},{\"@type\":\"Organization\",\"@id\":\"https:\/\/www.institutodeengenharia.org.br\/site\/#organization\",\"name\":\"Instituto de Engenharia\",\"url\":\"https:\/\/www.institutodeengenharia.org.br\/site\/\",\"logo\":{\"@type\":\"ImageObject\",\"inLanguage\":\"pt-BR\",\"@id\":\"https:\/\/www.institutodeengenharia.org.br\/site\/#\/schema\/logo\/image\/\",\"url\":\"https:\/\/www.institutodeengenharia.org.br\/site\/wp-content\/uploads\/2019\/03\/logo-novo-IE2018-1.jpg\",\"contentUrl\":\"https:\/\/www.institutodeengenharia.org.br\/site\/wp-content\/uploads\/2019\/03\/logo-novo-IE2018-1.jpg\",\"width\":1486,\"height\":1879,\"caption\":\"Instituto de Engenharia\"},\"image\":{\"@id\":\"https:\/\/www.institutodeengenharia.org.br\/site\/#\/schema\/logo\/image\/\"},\"sameAs\":[\"https:\/\/www.facebook.com\/institutodeengenharia\",\"https:\/\/x.com\/iengenharia\",\"https:\/\/www.instagram.com\/institutodeengenharia\/\",\"https:\/\/www.linkedin.com\/company\/instituto-de-engenharia\/\",\"https:\/\/www.youtube.com\/channel\/UCXiCAlsSMe977vamW915HxA\"]},{\"@type\":\"Person\",\"@id\":\"https:\/\/www.institutodeengenharia.org.br\/site\/#\/schema\/person\/aeb64951c405e100d26d30b033dd423f\",\"name\":\"Bianca\",\"image\":{\"@type\":\"ImageObject\",\"inLanguage\":\"pt-BR\",\"@id\":\"https:\/\/secure.gravatar.com\/avatar\/a6fbe9bff57405baf4c1e2c5c1811e072b558253974a9f9508f4678900c97c2a?s=96&d=mm&r=g\",\"url\":\"https:\/\/secure.gravatar.com\/avatar\/a6fbe9bff57405baf4c1e2c5c1811e072b558253974a9f9508f4678900c97c2a?s=96&d=mm&r=g\",\"contentUrl\":\"https:\/\/secure.gravatar.com\/avatar\/a6fbe9bff57405baf4c1e2c5c1811e072b558253974a9f9508f4678900c97c2a?s=96&d=mm&r=g\",\"caption\":\"Bianca\"},\"url\":\"https:\/\/www.institutodeengenharia.org.br\/site\/author\/comunicacao1\/\"}]}<\/script>\n<!-- \/ Yoast SEO plugin. -->","yoast_head_json":{"title":"Por Reginaldo A. de Paiva \u2013 O esquartejamento do poeta - Instituto de Engenharia","robots":{"index":"index","follow":"follow","max-snippet":"max-snippet:-1","max-image-preview":"max-image-preview:large","max-video-preview":"max-video-preview:-1"},"canonical":"https:\/\/www.institutodeengenharia.org.br\/site\/2022\/02\/24\/por-reginaldo-a-de-paiva-o-esquartejamento-do-poeta\/","og_locale":"pt_BR","og_type":"article","og_title":"Por Reginaldo A. de Paiva \u2013 O esquartejamento do poeta","og_description":"Como Maanape, antigamente, buscamos restaurar as 12 pe\u00e7as do corpo do poeta, por ele mesmo sepultadas em v\u00e1rios pontos da cidade, segundo testamento de pr\u00f3prio punho, publicado \u00e0s p\u00e1ginas tantas de suas Poesias Completas, no obitu\u00e1rio da Lira Paulistana.","og_url":"https:\/\/www.institutodeengenharia.org.br\/site\/2022\/02\/24\/por-reginaldo-a-de-paiva-o-esquartejamento-do-poeta\/","og_site_name":"Instituto de Engenharia","article_publisher":"https:\/\/www.facebook.com\/institutodeengenharia","article_published_time":"2022-02-24T14:56:20+00:00","og_image":[{"width":711,"height":575,"url":"https:\/\/www.institutodeengenharia.org.br\/site\/wp-content\/uploads\/2022\/02\/artigoreginaldop.png","type":"image\/png"}],"author":"Bianca","twitter_card":"summary_large_image","twitter_title":"Por Reginaldo A. de Paiva \u2013 O esquartejamento do poeta","twitter_description":"Como Maanape, antigamente, buscamos restaurar as 12 pe\u00e7as do corpo do poeta, por ele mesmo sepultadas em v\u00e1rios pontos da cidade, segundo testamento de pr\u00f3prio punho, publicado \u00e0s p\u00e1ginas tantas de suas Poesias Completas, no obitu\u00e1rio da Lira Paulistana.","twitter_image":"https:\/\/www.institutodeengenharia.org.br\/site\/wp-content\/uploads\/2022\/02\/artigoreginaldop.png","twitter_creator":"@iengenharia","twitter_site":"@iengenharia","twitter_misc":{"Escrito por":"Bianca","Est. tempo de leitura":"3 minutos"},"schema":{"@context":"https:\/\/schema.org","@graph":[{"@type":"Article","@id":"https:\/\/www.institutodeengenharia.org.br\/site\/2022\/02\/24\/por-reginaldo-a-de-paiva-o-esquartejamento-do-poeta\/#article","isPartOf":{"@id":"https:\/\/www.institutodeengenharia.org.br\/site\/2022\/02\/24\/por-reginaldo-a-de-paiva-o-esquartejamento-do-poeta\/"},"author":{"name":"Bianca","@id":"https:\/\/www.institutodeengenharia.org.br\/site\/#\/schema\/person\/aeb64951c405e100d26d30b033dd423f"},"headline":"Por Reginaldo A. de Paiva \u2013 O esquartejamento do poeta","datePublished":"2022-02-24T14:56:20+00:00","mainEntityOfPage":{"@id":"https:\/\/www.institutodeengenharia.org.br\/site\/2022\/02\/24\/por-reginaldo-a-de-paiva-o-esquartejamento-do-poeta\/"},"wordCount":518,"commentCount":0,"publisher":{"@id":"https:\/\/www.institutodeengenharia.org.br\/site\/#organization"},"image":{"@id":"https:\/\/www.institutodeengenharia.org.br\/site\/2022\/02\/24\/por-reginaldo-a-de-paiva-o-esquartejamento-do-poeta\/#primaryimage"},"thumbnailUrl":"https:\/\/www.institutodeengenharia.org.br\/site\/wp-content\/uploads\/2022\/02\/artigoreginaldop.png","articleSection":["Articulistas","Reginaldo A. de Paiva"],"inLanguage":"pt-BR","potentialAction":[{"@type":"CommentAction","name":"Comment","target":["https:\/\/www.institutodeengenharia.org.br\/site\/2022\/02\/24\/por-reginaldo-a-de-paiva-o-esquartejamento-do-poeta\/#respond"]}]},{"@type":"WebPage","@id":"https:\/\/www.institutodeengenharia.org.br\/site\/2022\/02\/24\/por-reginaldo-a-de-paiva-o-esquartejamento-do-poeta\/","url":"https:\/\/www.institutodeengenharia.org.br\/site\/2022\/02\/24\/por-reginaldo-a-de-paiva-o-esquartejamento-do-poeta\/","name":"Por Reginaldo A. de Paiva \u2013 O esquartejamento do poeta - Instituto de Engenharia","isPartOf":{"@id":"https:\/\/www.institutodeengenharia.org.br\/site\/#website"},"primaryImageOfPage":{"@id":"https:\/\/www.institutodeengenharia.org.br\/site\/2022\/02\/24\/por-reginaldo-a-de-paiva-o-esquartejamento-do-poeta\/#primaryimage"},"image":{"@id":"https:\/\/www.institutodeengenharia.org.br\/site\/2022\/02\/24\/por-reginaldo-a-de-paiva-o-esquartejamento-do-poeta\/#primaryimage"},"thumbnailUrl":"https:\/\/www.institutodeengenharia.org.br\/site\/wp-content\/uploads\/2022\/02\/artigoreginaldop.png","datePublished":"2022-02-24T14:56:20+00:00","breadcrumb":{"@id":"https:\/\/www.institutodeengenharia.org.br\/site\/2022\/02\/24\/por-reginaldo-a-de-paiva-o-esquartejamento-do-poeta\/#breadcrumb"},"inLanguage":"pt-BR","potentialAction":[{"@type":"ReadAction","target":["https:\/\/www.institutodeengenharia.org.br\/site\/2022\/02\/24\/por-reginaldo-a-de-paiva-o-esquartejamento-do-poeta\/"]}]},{"@type":"ImageObject","inLanguage":"pt-BR","@id":"https:\/\/www.institutodeengenharia.org.br\/site\/2022\/02\/24\/por-reginaldo-a-de-paiva-o-esquartejamento-do-poeta\/#primaryimage","url":"https:\/\/www.institutodeengenharia.org.br\/site\/wp-content\/uploads\/2022\/02\/artigoreginaldop.png","contentUrl":"https:\/\/www.institutodeengenharia.org.br\/site\/wp-content\/uploads\/2022\/02\/artigoreginaldop.png","width":711,"height":575},{"@type":"BreadcrumbList","@id":"https:\/\/www.institutodeengenharia.org.br\/site\/2022\/02\/24\/por-reginaldo-a-de-paiva-o-esquartejamento-do-poeta\/#breadcrumb","itemListElement":[{"@type":"ListItem","position":1,"name":"In\u00edcio","item":"https:\/\/www.institutodeengenharia.org.br\/site\/"},{"@type":"ListItem","position":2,"name":"Por Reginaldo A. de Paiva \u2013 O esquartejamento do poeta"}]},{"@type":"WebSite","@id":"https:\/\/www.institutodeengenharia.org.br\/site\/#website","url":"https:\/\/www.institutodeengenharia.org.br\/site\/","name":"Instituto de Engenharia","description":"O Instituto de Engenharia promove a Engenharia em benef\u00edcio do desenvolvimento e da qualidade de vida da sociedade.","publisher":{"@id":"https:\/\/www.institutodeengenharia.org.br\/site\/#organization"},"potentialAction":[{"@type":"SearchAction","target":{"@type":"EntryPoint","urlTemplate":"https:\/\/www.institutodeengenharia.org.br\/site\/?s={search_term_string}"},"query-input":{"@type":"PropertyValueSpecification","valueRequired":true,"valueName":"search_term_string"}}],"inLanguage":"pt-BR"},{"@type":"Organization","@id":"https:\/\/www.institutodeengenharia.org.br\/site\/#organization","name":"Instituto de Engenharia","url":"https:\/\/www.institutodeengenharia.org.br\/site\/","logo":{"@type":"ImageObject","inLanguage":"pt-BR","@id":"https:\/\/www.institutodeengenharia.org.br\/site\/#\/schema\/logo\/image\/","url":"https:\/\/www.institutodeengenharia.org.br\/site\/wp-content\/uploads\/2019\/03\/logo-novo-IE2018-1.jpg","contentUrl":"https:\/\/www.institutodeengenharia.org.br\/site\/wp-content\/uploads\/2019\/03\/logo-novo-IE2018-1.jpg","width":1486,"height":1879,"caption":"Instituto de Engenharia"},"image":{"@id":"https:\/\/www.institutodeengenharia.org.br\/site\/#\/schema\/logo\/image\/"},"sameAs":["https:\/\/www.facebook.com\/institutodeengenharia","https:\/\/x.com\/iengenharia","https:\/\/www.instagram.com\/institutodeengenharia\/","https:\/\/www.linkedin.com\/company\/instituto-de-engenharia\/","https:\/\/www.youtube.com\/channel\/UCXiCAlsSMe977vamW915HxA"]},{"@type":"Person","@id":"https:\/\/www.institutodeengenharia.org.br\/site\/#\/schema\/person\/aeb64951c405e100d26d30b033dd423f","name":"Bianca","image":{"@type":"ImageObject","inLanguage":"pt-BR","@id":"https:\/\/secure.gravatar.com\/avatar\/a6fbe9bff57405baf4c1e2c5c1811e072b558253974a9f9508f4678900c97c2a?s=96&d=mm&r=g","url":"https:\/\/secure.gravatar.com\/avatar\/a6fbe9bff57405baf4c1e2c5c1811e072b558253974a9f9508f4678900c97c2a?s=96&d=mm&r=g","contentUrl":"https:\/\/secure.gravatar.com\/avatar\/a6fbe9bff57405baf4c1e2c5c1811e072b558253974a9f9508f4678900c97c2a?s=96&d=mm&r=g","caption":"Bianca"},"url":"https:\/\/www.institutodeengenharia.org.br\/site\/author\/comunicacao1\/"}]}},"_links":{"self":[{"href":"https:\/\/www.institutodeengenharia.org.br\/site\/wp-json\/wp\/v2\/posts\/90798","targetHints":{"allow":["GET"]}}],"collection":[{"href":"https:\/\/www.institutodeengenharia.org.br\/site\/wp-json\/wp\/v2\/posts"}],"about":[{"href":"https:\/\/www.institutodeengenharia.org.br\/site\/wp-json\/wp\/v2\/types\/post"}],"author":[{"embeddable":true,"href":"https:\/\/www.institutodeengenharia.org.br\/site\/wp-json\/wp\/v2\/users\/13"}],"replies":[{"embeddable":true,"href":"https:\/\/www.institutodeengenharia.org.br\/site\/wp-json\/wp\/v2\/comments?post=90798"}],"version-history":[{"count":1,"href":"https:\/\/www.institutodeengenharia.org.br\/site\/wp-json\/wp\/v2\/posts\/90798\/revisions"}],"predecessor-version":[{"id":90803,"href":"https:\/\/www.institutodeengenharia.org.br\/site\/wp-json\/wp\/v2\/posts\/90798\/revisions\/90803"}],"wp:featuredmedia":[{"embeddable":true,"href":"https:\/\/www.institutodeengenharia.org.br\/site\/wp-json\/wp\/v2\/media\/90802"}],"wp:attachment":[{"href":"https:\/\/www.institutodeengenharia.org.br\/site\/wp-json\/wp\/v2\/media?parent=90798"}],"wp:term":[{"taxonomy":"category","embeddable":true,"href":"https:\/\/www.institutodeengenharia.org.br\/site\/wp-json\/wp\/v2\/categories?post=90798"},{"taxonomy":"post_tag","embeddable":true,"href":"https:\/\/www.institutodeengenharia.org.br\/site\/wp-json\/wp\/v2\/tags?post=90798"}],"curies":[{"name":"wp","href":"https:\/\/api.w.org\/{rel}","templated":true}]}}