{"id":90792,"date":"2022-02-22T11:37:18","date_gmt":"2022-02-22T14:37:18","guid":{"rendered":"https:\/\/www.institutodeengenharia.org.br\/site\/?p=90792"},"modified":"2022-05-17T16:35:56","modified_gmt":"2022-05-17T19:35:56","slug":"ciclo-de-formacao-uma-amazonia-para-o-futuro-historia-economica-da-amazonia","status":"publish","type":"post","link":"https:\/\/www.institutodeengenharia.org.br\/site\/2022\/02\/22\/ciclo-de-formacao-uma-amazonia-para-o-futuro-historia-economica-da-amazonia\/","title":{"rendered":"Ciclo de Forma\u00e7\u00e3o Uma Amaz\u00f4nia para o Futuro Hist\u00f3ria Econ\u00f4mica da Amaz\u00f4nia"},"content":{"rendered":"<div><strong>Assista \u00e0 grava\u00e7\u00e3o do evento:<\/strong><\/div>\n<div><\/div>\n<div style=\"padding: 56.25% 0 0 0; position: relative;\"><iframe style=\"position: absolute; top: 0; left: 0; width: 100%; height: 100%;\" title=\"Webinar Ciclo de Forma&amp;ccedil;&amp;atilde;o Uma Amaz&amp;ocirc;nia para o Futuro - Hist&amp;oacute;ria Econ&amp;ocirc;mica da Amaz&amp;ocirc;nia\" src=\"https:\/\/player.vimeo.com\/video\/681353549?h=1fc20404af&amp;badge=0&amp;autopause=0&amp;player_id=0&amp;app_id=58479\" frameborder=\"0\" allowfullscreen=\"allowfullscreen\"><\/iframe><\/div>\n<div><\/div>\n<div><strong>+ Informa\u00e7\u00f5es:<\/strong><\/div>\n<div><\/div>\n<div>\n<p>Ciclo de Forma\u00e7\u00e3o: Uma Amaz\u00f4nia Para o Futuro \u00e9 um projeto realizado em parceria Instituto de Engenharia com a Academia Amaz\u00f4nia Ensina, de cinco webin\u00e1rios ao longo do primeiro semestre de 2022, com o intuito de introduzir temas relacionados \u00e0 Expedi\u00e7\u00e3o Amaz\u00f4nia 21, prevista para acontecer entre os dias 10 e 17 de julho de 2022.<\/p>\n<p>O 1\u00b0 Webin\u00e1rio ter\u00e1 o tema \u201dHist\u00f3ria Econ\u00f4mica da Amaz\u00f4nia\u201d, ser\u00e1 ministrado por Jo\u00e3o Tezza Neto, diretor executivo da Academia Amaz\u00f4nia Ensina.<\/p>\n<p><strong>P\u00fablico-alvo:<\/strong><\/p>\n<p>Engenheiros, universit\u00e1rios, arquitetos, bi\u00f3logos, professores, e interessados<\/p>\n<p><strong>Palestrantes<\/strong><br \/>\nJo\u00e3o Batista Tezza Neto \u2013 Academia Amaz\u00f4nia Ensina<\/p>\n<p><strong>Moderador<\/strong><br \/>\nFelipe Geribello Ferreira Cabral \u2013 diretor Instituto de Engenharia<\/p>\n<p><strong>Saiba sobre os participantes:<\/strong><\/p>\n<p><strong><a href=\"https:\/\/www.institutodeengenharia.org.br\/site\/wp-content\/uploads\/2022\/02\/WhatsApp-Image-2022-02-08-at-13.45.16.webp\"><img loading=\"lazy\" decoding=\"async\" class=\"wp-image-89407 alignleft td-animation-stack-type0-2\" src=\"https:\/\/www.institutodeengenharia.org.br\/site\/wp-content\/uploads\/2022\/02\/WhatsApp-Image-2022-02-08-at-13.45.16.webp\" alt=\"\" width=\"139\" height=\"209\" srcset=\"https:\/\/www.institutodeengenharia.org.br\/site\/wp-content\/uploads\/2022\/02\/WhatsApp-Image-2022-02-08-at-13.45.16.webp 790w, https:\/\/www.institutodeengenharia.org.br\/site\/wp-content\/uploads\/2022\/02\/WhatsApp-Image-2022-02-08-at-13.45.16-200x300.webp 200w, https:\/\/www.institutodeengenharia.org.br\/site\/wp-content\/uploads\/2022\/02\/WhatsApp-Image-2022-02-08-at-13.45.16-683x1024.webp 683w, https:\/\/www.institutodeengenharia.org.br\/site\/wp-content\/uploads\/2022\/02\/WhatsApp-Image-2022-02-08-at-13.45.16-768x1152.webp 768w, https:\/\/www.institutodeengenharia.org.br\/site\/wp-content\/uploads\/2022\/02\/WhatsApp-Image-2022-02-08-at-13.45.16-696x1044.webp 696w, https:\/\/www.institutodeengenharia.org.br\/site\/wp-content\/uploads\/2022\/02\/WhatsApp-Image-2022-02-08-at-13.45.16-280x420.webp 280w, https:\/\/www.institutodeengenharia.org.br\/site\/wp-content\/uploads\/2022\/02\/WhatsApp-Image-2022-02-08-at-13.45.16-600x900.webp 600w\" sizes=\"auto, (max-width: 139px) 100vw, 139px\" \/><\/a>Jo\u00e3o Batista Tezza Neto<\/strong>\u00a0\u2013 Economista, Doutor pelo Centro de Ci\u00eancias do Ambiente e Sustentabilidade na Amaz\u00f4nia da UFAM\/UNB (2014 \u2013 2018) e MBA em Gest\u00e3o Estrat\u00e9gica e Econ\u00f4mica de Neg\u00f3cios pela Funda\u00e7\u00e3o Get\u00falio Vargas, tem experi\u00eancia em ambientes de empresas privadas, governo e terceiro setor, e nos \u00faltimos 20 anos tem se dedicado a modelagem e implanta\u00e7\u00e3o de neg\u00f3cios com impacto social e ambiental na Amaz\u00f4nia. Hoje, atua como diretor executivo da empresa Original Trade Consultoria Empresarial e diretor executivo da Academia Amaz\u00f4nia Ensina.<\/p>\n<p>&nbsp;<\/p>\n<p><strong><img loading=\"lazy\" decoding=\"async\" class=\"wp-image-77830 alignright td-animation-stack-type0-2\" src=\"https:\/\/www.institutodeengenharia.org.br\/site\/wp-content\/uploads\/2021\/02\/Felipe-Geribello.jpeg\" alt=\"\" width=\"170\" height=\"192\" srcset=\"https:\/\/www.institutodeengenharia.org.br\/site\/wp-content\/uploads\/2021\/02\/Felipe-Geribello.jpeg 1023w, https:\/\/www.institutodeengenharia.org.br\/site\/wp-content\/uploads\/2021\/02\/Felipe-Geribello-266x300.jpeg 266w, https:\/\/www.institutodeengenharia.org.br\/site\/wp-content\/uploads\/2021\/02\/Felipe-Geribello-907x1024.jpeg 907w, https:\/\/www.institutodeengenharia.org.br\/site\/wp-content\/uploads\/2021\/02\/Felipe-Geribello-768x867.jpeg 768w, https:\/\/www.institutodeengenharia.org.br\/site\/wp-content\/uploads\/2021\/02\/Felipe-Geribello-696x786.jpeg 696w, https:\/\/www.institutodeengenharia.org.br\/site\/wp-content\/uploads\/2021\/02\/Felipe-Geribello-372x420.jpeg 372w, https:\/\/www.institutodeengenharia.org.br\/site\/wp-content\/uploads\/2021\/02\/Felipe-Geribello-600x677.jpeg 600w\" sizes=\"auto, (max-width: 170px) 100vw, 170px\" \/>Felipe Geribello Ferreira Cabral\u00a0<\/strong>\u00a0\u2013 Engenheiro Civil formado pelo Instituto Mau\u00e1 de Tecnologia em 2018, p\u00f3s-graduado em Gerenciamento de Projetos pela FGV e atualmente cursando p\u00f3s-gradua\u00e7\u00e3o em Neuroci\u00eancia e Comportamento pela PUC-RS. Trabalha na Geribello Engenharia Ltda., empresa de gerenciamento, fiscaliza\u00e7\u00e3o e supervis\u00e3o de obras, j\u00e1 tendo atuado no departamento de planejamento e como engenheiro fiscal em contratos de habita\u00e7\u00e3o popular (CDHU). Atualmente trabalha no Departamento de Qualidade e Desenvolvimento da empresa, sendo respons\u00e1vel pela busca de inova\u00e7\u00f5es. \u00c9 vice-coordenador da Divis\u00e3o T\u00e9cnica de Engenharia Sanit\u00e1ria e Recursos H\u00eddricos e Biotecnologia, desde 2019.<\/p>\n<p>&nbsp;<\/p>\n<p><em><strong>Realiza\u00e7\u00e3o:<\/strong><\/em><\/p>\n<p><em>Vice- Presid\u00eancia de Atividades T\u00e9cnicas Departamento \u2013 Ivan Metran Whately<\/em><br \/>\nDepartamento de Desenvolvimento de Gest\u00e3o e Objetivos<br \/>\nDivis\u00e3o T\u00e9cnica de Planejamento e Engenharia Econ\u00f4mica<br \/>\nGT Amaz\u00f4nia e Bioeconomia<\/p>\n<p><strong>Apoio Institucional:<\/strong><\/p>\n<p><img loading=\"lazy\" decoding=\"async\" class=\"alignnone wp-image-77696 td-animation-stack-type0-2\" src=\"https:\/\/www.institutodeengenharia.org.br\/site\/wp-content\/uploads\/2021\/02\/crea-300x211.jpg\" alt=\"\" width=\"151\" height=\"106\" srcset=\"https:\/\/www.institutodeengenharia.org.br\/site\/wp-content\/uploads\/2021\/02\/crea-300x211.jpg 300w, https:\/\/www.institutodeengenharia.org.br\/site\/wp-content\/uploads\/2021\/02\/crea-100x70.jpg 100w, https:\/\/www.institutodeengenharia.org.br\/site\/wp-content\/uploads\/2021\/02\/crea.jpg 448w\" sizes=\"auto, (max-width: 151px) 100vw, 151px\" \/><\/p>\n<p><strong>Apoio \u00e0 forma\u00e7\u00e3o:\u00a0<\/strong><\/p>\n<p>Espa\u00e7o aberto ao CREA-SP, objetivando o aperfei\u00e7oamento dos profissionais e o aprimoramento da fiscaliza\u00e7\u00e3o das \u00e1reas abrangidas pelo Sistema Confea\/CREAs, al\u00e9m de promover a conscientiza\u00e7\u00e3o da sociedade quanto \u00e0 necessidade e obrigatoriedade de contratar um profissional devidamente habilitado.<\/p>\n<\/div>\n<p><script src=\"https:\/\/player.vimeo.com\/api\/player.js\"><\/p>\n<\/p>\n<p><span data-mce-type=\"bookmark\" style=\"display: inline-block; width: 0px; overflow: hidden; line-height: 0;\" class=\"mce_SELRES_start\"><\/span><\/p>\n<p>\n<\/script><\/p>\n","protected":false},"excerpt":{"rendered":"<p>Assista \u00e0 grava\u00e7\u00e3o do evento: + Informa\u00e7\u00f5es: Ciclo de Forma\u00e7\u00e3o: Uma Amaz\u00f4nia Para o Futuro \u00e9 um projeto realizado em parceria Instituto de Engenharia com a Academia Amaz\u00f4nia Ensina, de cinco webin\u00e1rios ao longo do primeiro semestre de 2022, com o intuito de introduzir temas relacionados \u00e0 Expedi\u00e7\u00e3o Amaz\u00f4nia 21, prevista para acontecer entre os [&hellip;]<\/p>\n","protected":false},"author":13,"featured_media":89438,"comment_status":"open","ping_status":"open","sticky":false,"template":"","format":"standard","meta":{"footnotes":""},"categories":[1119,968,969],"tags":[],"class_list":{"0":"post-90792","1":"post","2":"type-post","3":"status-publish","4":"format-standard","5":"has-post-thumbnail","7":"category-amazonia-e-bioeconomia","8":"category-nova-tv-engenharia","9":"category-palestra"},"yoast_head":"<!-- This site is optimized with the Yoast SEO plugin v27.2 - https:\/\/yoast.com\/product\/yoast-seo-wordpress\/ -->\n<title>Ciclo de Forma\u00e7\u00e3o Uma Amaz\u00f4nia para o Futuro Hist\u00f3ria Econ\u00f4mica da Amaz\u00f4nia - Instituto de Engenharia<\/title>\n<meta name=\"robots\" content=\"index, follow, max-snippet:-1, max-image-preview:large, max-video-preview:-1\" \/>\n<link rel=\"canonical\" href=\"https:\/\/www.institutodeengenharia.org.br\/site\/2022\/02\/22\/ciclo-de-formacao-uma-amazonia-para-o-futuro-historia-economica-da-amazonia\/\" \/>\n<meta property=\"og:locale\" content=\"pt_BR\" \/>\n<meta property=\"og:type\" content=\"article\" \/>\n<meta property=\"og:title\" content=\"Ciclo de Forma\u00e7\u00e3o Uma Amaz\u00f4nia para o Futuro Hist\u00f3ria Econ\u00f4mica da Amaz\u00f4nia\" \/>\n<meta property=\"og:description\" content=\"assista \u00e0 grava\u00e7\u00e3o do evento\" \/>\n<meta property=\"og:url\" content=\"https:\/\/www.institutodeengenharia.org.br\/site\/2022\/02\/22\/ciclo-de-formacao-uma-amazonia-para-o-futuro-historia-economica-da-amazonia\/\" \/>\n<meta property=\"og:site_name\" content=\"Instituto de Engenharia\" \/>\n<meta property=\"article:publisher\" content=\"https:\/\/www.facebook.com\/institutodeengenharia\" \/>\n<meta property=\"article:published_time\" content=\"2022-02-22T14:37:18+00:00\" \/>\n<meta property=\"article:modified_time\" content=\"2022-05-17T19:35:56+00:00\" \/>\n<meta property=\"og:image\" content=\"https:\/\/www.institutodeengenharia.org.br\/site\/wp-content\/uploads\/2022\/02\/seringueira.jpg\" \/>\n\t<meta property=\"og:image:width\" content=\"1922\" \/>\n\t<meta property=\"og:image:height\" content=\"1060\" \/>\n\t<meta property=\"og:image:type\" content=\"image\/jpeg\" \/>\n<meta name=\"author\" content=\"Bianca\" \/>\n<meta name=\"twitter:card\" content=\"summary_large_image\" \/>\n<meta name=\"twitter:title\" content=\"Ciclo de Forma\u00e7\u00e3o Uma Amaz\u00f4nia para o Futuro Hist\u00f3ria Econ\u00f4mica da Amaz\u00f4nia\" \/>\n<meta name=\"twitter:description\" content=\"Assista \u00e0 grava\u00e7\u00e3o do evento\" \/>\n<meta name=\"twitter:image\" content=\"https:\/\/www.institutodeengenharia.org.br\/site\/wp-content\/uploads\/2022\/02\/seringueira.jpg\" \/>\n<meta name=\"twitter:creator\" content=\"@iengenharia\" \/>\n<meta name=\"twitter:site\" content=\"@iengenharia\" \/>\n<meta name=\"twitter:label1\" content=\"Escrito por\" \/>\n\t<meta name=\"twitter:data1\" content=\"Bianca\" \/>\n\t<meta name=\"twitter:label2\" content=\"Est. tempo de leitura\" \/>\n\t<meta name=\"twitter:data2\" content=\"3 minutos\" \/>\n<script type=\"application\/ld+json\" class=\"yoast-schema-graph\">{\"@context\":\"https:\/\/schema.org\",\"@graph\":[{\"@type\":\"Article\",\"@id\":\"https:\/\/www.institutodeengenharia.org.br\/site\/2022\/02\/22\/ciclo-de-formacao-uma-amazonia-para-o-futuro-historia-economica-da-amazonia\/#article\",\"isPartOf\":{\"@id\":\"https:\/\/www.institutodeengenharia.org.br\/site\/2022\/02\/22\/ciclo-de-formacao-uma-amazonia-para-o-futuro-historia-economica-da-amazonia\/\"},\"author\":{\"name\":\"Bianca\",\"@id\":\"https:\/\/www.institutodeengenharia.org.br\/site\/#\/schema\/person\/aeb64951c405e100d26d30b033dd423f\"},\"headline\":\"Ciclo de Forma\u00e7\u00e3o Uma Amaz\u00f4nia para o Futuro Hist\u00f3ria Econ\u00f4mica da Amaz\u00f4nia\",\"datePublished\":\"2022-02-22T14:37:18+00:00\",\"dateModified\":\"2022-05-17T19:35:56+00:00\",\"mainEntityOfPage\":{\"@id\":\"https:\/\/www.institutodeengenharia.org.br\/site\/2022\/02\/22\/ciclo-de-formacao-uma-amazonia-para-o-futuro-historia-economica-da-amazonia\/\"},\"wordCount\":423,\"commentCount\":0,\"publisher\":{\"@id\":\"https:\/\/www.institutodeengenharia.org.br\/site\/#organization\"},\"image\":{\"@id\":\"https:\/\/www.institutodeengenharia.org.br\/site\/2022\/02\/22\/ciclo-de-formacao-uma-amazonia-para-o-futuro-historia-economica-da-amazonia\/#primaryimage\"},\"thumbnailUrl\":\"https:\/\/www.institutodeengenharia.org.br\/site\/wp-content\/uploads\/2022\/02\/seringueira.webp\",\"articleSection\":[\"Amaz\u00f4nia e Bioeconomia\",\"Nova TV Engenharia\",\"Palestra\"],\"inLanguage\":\"pt-BR\",\"potentialAction\":[{\"@type\":\"CommentAction\",\"name\":\"Comment\",\"target\":[\"https:\/\/www.institutodeengenharia.org.br\/site\/2022\/02\/22\/ciclo-de-formacao-uma-amazonia-para-o-futuro-historia-economica-da-amazonia\/#respond\"]}]},{\"@type\":\"WebPage\",\"@id\":\"https:\/\/www.institutodeengenharia.org.br\/site\/2022\/02\/22\/ciclo-de-formacao-uma-amazonia-para-o-futuro-historia-economica-da-amazonia\/\",\"url\":\"https:\/\/www.institutodeengenharia.org.br\/site\/2022\/02\/22\/ciclo-de-formacao-uma-amazonia-para-o-futuro-historia-economica-da-amazonia\/\",\"name\":\"Ciclo de Forma\u00e7\u00e3o Uma Amaz\u00f4nia para o Futuro Hist\u00f3ria Econ\u00f4mica da Amaz\u00f4nia - Instituto de Engenharia\",\"isPartOf\":{\"@id\":\"https:\/\/www.institutodeengenharia.org.br\/site\/#website\"},\"primaryImageOfPage\":{\"@id\":\"https:\/\/www.institutodeengenharia.org.br\/site\/2022\/02\/22\/ciclo-de-formacao-uma-amazonia-para-o-futuro-historia-economica-da-amazonia\/#primaryimage\"},\"image\":{\"@id\":\"https:\/\/www.institutodeengenharia.org.br\/site\/2022\/02\/22\/ciclo-de-formacao-uma-amazonia-para-o-futuro-historia-economica-da-amazonia\/#primaryimage\"},\"thumbnailUrl\":\"https:\/\/www.institutodeengenharia.org.br\/site\/wp-content\/uploads\/2022\/02\/seringueira.webp\",\"datePublished\":\"2022-02-22T14:37:18+00:00\",\"dateModified\":\"2022-05-17T19:35:56+00:00\",\"breadcrumb\":{\"@id\":\"https:\/\/www.institutodeengenharia.org.br\/site\/2022\/02\/22\/ciclo-de-formacao-uma-amazonia-para-o-futuro-historia-economica-da-amazonia\/#breadcrumb\"},\"inLanguage\":\"pt-BR\",\"potentialAction\":[{\"@type\":\"ReadAction\",\"target\":[\"https:\/\/www.institutodeengenharia.org.br\/site\/2022\/02\/22\/ciclo-de-formacao-uma-amazonia-para-o-futuro-historia-economica-da-amazonia\/\"]}]},{\"@type\":\"ImageObject\",\"inLanguage\":\"pt-BR\",\"@id\":\"https:\/\/www.institutodeengenharia.org.br\/site\/2022\/02\/22\/ciclo-de-formacao-uma-amazonia-para-o-futuro-historia-economica-da-amazonia\/#primaryimage\",\"url\":\"https:\/\/www.institutodeengenharia.org.br\/site\/wp-content\/uploads\/2022\/02\/seringueira.webp\",\"contentUrl\":\"https:\/\/www.institutodeengenharia.org.br\/site\/wp-content\/uploads\/2022\/02\/seringueira.webp\",\"width\":790,\"height\":436},{\"@type\":\"BreadcrumbList\",\"@id\":\"https:\/\/www.institutodeengenharia.org.br\/site\/2022\/02\/22\/ciclo-de-formacao-uma-amazonia-para-o-futuro-historia-economica-da-amazonia\/#breadcrumb\",\"itemListElement\":[{\"@type\":\"ListItem\",\"position\":1,\"name\":\"In\u00edcio\",\"item\":\"https:\/\/www.institutodeengenharia.org.br\/site\/\"},{\"@type\":\"ListItem\",\"position\":2,\"name\":\"Ciclo de Forma\u00e7\u00e3o Uma Amaz\u00f4nia para o Futuro Hist\u00f3ria Econ\u00f4mica da Amaz\u00f4nia\"}]},{\"@type\":\"WebSite\",\"@id\":\"https:\/\/www.institutodeengenharia.org.br\/site\/#website\",\"url\":\"https:\/\/www.institutodeengenharia.org.br\/site\/\",\"name\":\"Instituto de Engenharia\",\"description\":\"O Instituto de Engenharia promove a Engenharia em benef\u00edcio do desenvolvimento e da qualidade de vida da sociedade.\",\"publisher\":{\"@id\":\"https:\/\/www.institutodeengenharia.org.br\/site\/#organization\"},\"potentialAction\":[{\"@type\":\"SearchAction\",\"target\":{\"@type\":\"EntryPoint\",\"urlTemplate\":\"https:\/\/www.institutodeengenharia.org.br\/site\/?s={search_term_string}\"},\"query-input\":{\"@type\":\"PropertyValueSpecification\",\"valueRequired\":true,\"valueName\":\"search_term_string\"}}],\"inLanguage\":\"pt-BR\"},{\"@type\":\"Organization\",\"@id\":\"https:\/\/www.institutodeengenharia.org.br\/site\/#organization\",\"name\":\"Instituto de Engenharia\",\"url\":\"https:\/\/www.institutodeengenharia.org.br\/site\/\",\"logo\":{\"@type\":\"ImageObject\",\"inLanguage\":\"pt-BR\",\"@id\":\"https:\/\/www.institutodeengenharia.org.br\/site\/#\/schema\/logo\/image\/\",\"url\":\"https:\/\/www.institutodeengenharia.org.br\/site\/wp-content\/uploads\/2019\/03\/logo-novo-IE2018-1.jpg\",\"contentUrl\":\"https:\/\/www.institutodeengenharia.org.br\/site\/wp-content\/uploads\/2019\/03\/logo-novo-IE2018-1.jpg\",\"width\":1486,\"height\":1879,\"caption\":\"Instituto de Engenharia\"},\"image\":{\"@id\":\"https:\/\/www.institutodeengenharia.org.br\/site\/#\/schema\/logo\/image\/\"},\"sameAs\":[\"https:\/\/www.facebook.com\/institutodeengenharia\",\"https:\/\/x.com\/iengenharia\",\"https:\/\/www.instagram.com\/institutodeengenharia\/\",\"https:\/\/www.linkedin.com\/company\/instituto-de-engenharia\/\",\"https:\/\/www.youtube.com\/channel\/UCXiCAlsSMe977vamW915HxA\"]},{\"@type\":\"Person\",\"@id\":\"https:\/\/www.institutodeengenharia.org.br\/site\/#\/schema\/person\/aeb64951c405e100d26d30b033dd423f\",\"name\":\"Bianca\",\"image\":{\"@type\":\"ImageObject\",\"inLanguage\":\"pt-BR\",\"@id\":\"https:\/\/secure.gravatar.com\/avatar\/a6fbe9bff57405baf4c1e2c5c1811e072b558253974a9f9508f4678900c97c2a?s=96&d=mm&r=g\",\"url\":\"https:\/\/secure.gravatar.com\/avatar\/a6fbe9bff57405baf4c1e2c5c1811e072b558253974a9f9508f4678900c97c2a?s=96&d=mm&r=g\",\"contentUrl\":\"https:\/\/secure.gravatar.com\/avatar\/a6fbe9bff57405baf4c1e2c5c1811e072b558253974a9f9508f4678900c97c2a?s=96&d=mm&r=g\",\"caption\":\"Bianca\"},\"url\":\"https:\/\/www.institutodeengenharia.org.br\/site\/author\/comunicacao1\/\"}]}<\/script>\n<!-- \/ Yoast SEO plugin. -->","yoast_head_json":{"title":"Ciclo de Forma\u00e7\u00e3o Uma Amaz\u00f4nia para o Futuro Hist\u00f3ria Econ\u00f4mica da Amaz\u00f4nia - Instituto de Engenharia","robots":{"index":"index","follow":"follow","max-snippet":"max-snippet:-1","max-image-preview":"max-image-preview:large","max-video-preview":"max-video-preview:-1"},"canonical":"https:\/\/www.institutodeengenharia.org.br\/site\/2022\/02\/22\/ciclo-de-formacao-uma-amazonia-para-o-futuro-historia-economica-da-amazonia\/","og_locale":"pt_BR","og_type":"article","og_title":"Ciclo de Forma\u00e7\u00e3o Uma Amaz\u00f4nia para o Futuro Hist\u00f3ria Econ\u00f4mica da Amaz\u00f4nia","og_description":"assista \u00e0 grava\u00e7\u00e3o do evento","og_url":"https:\/\/www.institutodeengenharia.org.br\/site\/2022\/02\/22\/ciclo-de-formacao-uma-amazonia-para-o-futuro-historia-economica-da-amazonia\/","og_site_name":"Instituto de Engenharia","article_publisher":"https:\/\/www.facebook.com\/institutodeengenharia","article_published_time":"2022-02-22T14:37:18+00:00","article_modified_time":"2022-05-17T19:35:56+00:00","og_image":[{"width":1922,"height":1060,"url":"https:\/\/www.institutodeengenharia.org.br\/site\/wp-content\/uploads\/2022\/02\/seringueira.jpg","type":"image\/jpeg"}],"author":"Bianca","twitter_card":"summary_large_image","twitter_title":"Ciclo de Forma\u00e7\u00e3o Uma Amaz\u00f4nia para o Futuro Hist\u00f3ria Econ\u00f4mica da Amaz\u00f4nia","twitter_description":"Assista \u00e0 grava\u00e7\u00e3o do evento","twitter_image":"https:\/\/www.institutodeengenharia.org.br\/site\/wp-content\/uploads\/2022\/02\/seringueira.jpg","twitter_creator":"@iengenharia","twitter_site":"@iengenharia","twitter_misc":{"Escrito por":"Bianca","Est. tempo de leitura":"3 minutos"},"schema":{"@context":"https:\/\/schema.org","@graph":[{"@type":"Article","@id":"https:\/\/www.institutodeengenharia.org.br\/site\/2022\/02\/22\/ciclo-de-formacao-uma-amazonia-para-o-futuro-historia-economica-da-amazonia\/#article","isPartOf":{"@id":"https:\/\/www.institutodeengenharia.org.br\/site\/2022\/02\/22\/ciclo-de-formacao-uma-amazonia-para-o-futuro-historia-economica-da-amazonia\/"},"author":{"name":"Bianca","@id":"https:\/\/www.institutodeengenharia.org.br\/site\/#\/schema\/person\/aeb64951c405e100d26d30b033dd423f"},"headline":"Ciclo de Forma\u00e7\u00e3o Uma Amaz\u00f4nia para o Futuro Hist\u00f3ria Econ\u00f4mica da Amaz\u00f4nia","datePublished":"2022-02-22T14:37:18+00:00","dateModified":"2022-05-17T19:35:56+00:00","mainEntityOfPage":{"@id":"https:\/\/www.institutodeengenharia.org.br\/site\/2022\/02\/22\/ciclo-de-formacao-uma-amazonia-para-o-futuro-historia-economica-da-amazonia\/"},"wordCount":423,"commentCount":0,"publisher":{"@id":"https:\/\/www.institutodeengenharia.org.br\/site\/#organization"},"image":{"@id":"https:\/\/www.institutodeengenharia.org.br\/site\/2022\/02\/22\/ciclo-de-formacao-uma-amazonia-para-o-futuro-historia-economica-da-amazonia\/#primaryimage"},"thumbnailUrl":"https:\/\/www.institutodeengenharia.org.br\/site\/wp-content\/uploads\/2022\/02\/seringueira.webp","articleSection":["Amaz\u00f4nia e Bioeconomia","Nova TV Engenharia","Palestra"],"inLanguage":"pt-BR","potentialAction":[{"@type":"CommentAction","name":"Comment","target":["https:\/\/www.institutodeengenharia.org.br\/site\/2022\/02\/22\/ciclo-de-formacao-uma-amazonia-para-o-futuro-historia-economica-da-amazonia\/#respond"]}]},{"@type":"WebPage","@id":"https:\/\/www.institutodeengenharia.org.br\/site\/2022\/02\/22\/ciclo-de-formacao-uma-amazonia-para-o-futuro-historia-economica-da-amazonia\/","url":"https:\/\/www.institutodeengenharia.org.br\/site\/2022\/02\/22\/ciclo-de-formacao-uma-amazonia-para-o-futuro-historia-economica-da-amazonia\/","name":"Ciclo de Forma\u00e7\u00e3o Uma Amaz\u00f4nia para o Futuro Hist\u00f3ria Econ\u00f4mica da Amaz\u00f4nia - Instituto de Engenharia","isPartOf":{"@id":"https:\/\/www.institutodeengenharia.org.br\/site\/#website"},"primaryImageOfPage":{"@id":"https:\/\/www.institutodeengenharia.org.br\/site\/2022\/02\/22\/ciclo-de-formacao-uma-amazonia-para-o-futuro-historia-economica-da-amazonia\/#primaryimage"},"image":{"@id":"https:\/\/www.institutodeengenharia.org.br\/site\/2022\/02\/22\/ciclo-de-formacao-uma-amazonia-para-o-futuro-historia-economica-da-amazonia\/#primaryimage"},"thumbnailUrl":"https:\/\/www.institutodeengenharia.org.br\/site\/wp-content\/uploads\/2022\/02\/seringueira.webp","datePublished":"2022-02-22T14:37:18+00:00","dateModified":"2022-05-17T19:35:56+00:00","breadcrumb":{"@id":"https:\/\/www.institutodeengenharia.org.br\/site\/2022\/02\/22\/ciclo-de-formacao-uma-amazonia-para-o-futuro-historia-economica-da-amazonia\/#breadcrumb"},"inLanguage":"pt-BR","potentialAction":[{"@type":"ReadAction","target":["https:\/\/www.institutodeengenharia.org.br\/site\/2022\/02\/22\/ciclo-de-formacao-uma-amazonia-para-o-futuro-historia-economica-da-amazonia\/"]}]},{"@type":"ImageObject","inLanguage":"pt-BR","@id":"https:\/\/www.institutodeengenharia.org.br\/site\/2022\/02\/22\/ciclo-de-formacao-uma-amazonia-para-o-futuro-historia-economica-da-amazonia\/#primaryimage","url":"https:\/\/www.institutodeengenharia.org.br\/site\/wp-content\/uploads\/2022\/02\/seringueira.webp","contentUrl":"https:\/\/www.institutodeengenharia.org.br\/site\/wp-content\/uploads\/2022\/02\/seringueira.webp","width":790,"height":436},{"@type":"BreadcrumbList","@id":"https:\/\/www.institutodeengenharia.org.br\/site\/2022\/02\/22\/ciclo-de-formacao-uma-amazonia-para-o-futuro-historia-economica-da-amazonia\/#breadcrumb","itemListElement":[{"@type":"ListItem","position":1,"name":"In\u00edcio","item":"https:\/\/www.institutodeengenharia.org.br\/site\/"},{"@type":"ListItem","position":2,"name":"Ciclo de Forma\u00e7\u00e3o Uma Amaz\u00f4nia para o Futuro Hist\u00f3ria Econ\u00f4mica da Amaz\u00f4nia"}]},{"@type":"WebSite","@id":"https:\/\/www.institutodeengenharia.org.br\/site\/#website","url":"https:\/\/www.institutodeengenharia.org.br\/site\/","name":"Instituto de Engenharia","description":"O Instituto de Engenharia promove a Engenharia em benef\u00edcio do desenvolvimento e da qualidade de vida da sociedade.","publisher":{"@id":"https:\/\/www.institutodeengenharia.org.br\/site\/#organization"},"potentialAction":[{"@type":"SearchAction","target":{"@type":"EntryPoint","urlTemplate":"https:\/\/www.institutodeengenharia.org.br\/site\/?s={search_term_string}"},"query-input":{"@type":"PropertyValueSpecification","valueRequired":true,"valueName":"search_term_string"}}],"inLanguage":"pt-BR"},{"@type":"Organization","@id":"https:\/\/www.institutodeengenharia.org.br\/site\/#organization","name":"Instituto de Engenharia","url":"https:\/\/www.institutodeengenharia.org.br\/site\/","logo":{"@type":"ImageObject","inLanguage":"pt-BR","@id":"https:\/\/www.institutodeengenharia.org.br\/site\/#\/schema\/logo\/image\/","url":"https:\/\/www.institutodeengenharia.org.br\/site\/wp-content\/uploads\/2019\/03\/logo-novo-IE2018-1.jpg","contentUrl":"https:\/\/www.institutodeengenharia.org.br\/site\/wp-content\/uploads\/2019\/03\/logo-novo-IE2018-1.jpg","width":1486,"height":1879,"caption":"Instituto de Engenharia"},"image":{"@id":"https:\/\/www.institutodeengenharia.org.br\/site\/#\/schema\/logo\/image\/"},"sameAs":["https:\/\/www.facebook.com\/institutodeengenharia","https:\/\/x.com\/iengenharia","https:\/\/www.instagram.com\/institutodeengenharia\/","https:\/\/www.linkedin.com\/company\/instituto-de-engenharia\/","https:\/\/www.youtube.com\/channel\/UCXiCAlsSMe977vamW915HxA"]},{"@type":"Person","@id":"https:\/\/www.institutodeengenharia.org.br\/site\/#\/schema\/person\/aeb64951c405e100d26d30b033dd423f","name":"Bianca","image":{"@type":"ImageObject","inLanguage":"pt-BR","@id":"https:\/\/secure.gravatar.com\/avatar\/a6fbe9bff57405baf4c1e2c5c1811e072b558253974a9f9508f4678900c97c2a?s=96&d=mm&r=g","url":"https:\/\/secure.gravatar.com\/avatar\/a6fbe9bff57405baf4c1e2c5c1811e072b558253974a9f9508f4678900c97c2a?s=96&d=mm&r=g","contentUrl":"https:\/\/secure.gravatar.com\/avatar\/a6fbe9bff57405baf4c1e2c5c1811e072b558253974a9f9508f4678900c97c2a?s=96&d=mm&r=g","caption":"Bianca"},"url":"https:\/\/www.institutodeengenharia.org.br\/site\/author\/comunicacao1\/"}]}},"_links":{"self":[{"href":"https:\/\/www.institutodeengenharia.org.br\/site\/wp-json\/wp\/v2\/posts\/90792","targetHints":{"allow":["GET"]}}],"collection":[{"href":"https:\/\/www.institutodeengenharia.org.br\/site\/wp-json\/wp\/v2\/posts"}],"about":[{"href":"https:\/\/www.institutodeengenharia.org.br\/site\/wp-json\/wp\/v2\/types\/post"}],"author":[{"embeddable":true,"href":"https:\/\/www.institutodeengenharia.org.br\/site\/wp-json\/wp\/v2\/users\/13"}],"replies":[{"embeddable":true,"href":"https:\/\/www.institutodeengenharia.org.br\/site\/wp-json\/wp\/v2\/comments?post=90792"}],"version-history":[{"count":2,"href":"https:\/\/www.institutodeengenharia.org.br\/site\/wp-json\/wp\/v2\/posts\/90792\/revisions"}],"predecessor-version":[{"id":93203,"href":"https:\/\/www.institutodeengenharia.org.br\/site\/wp-json\/wp\/v2\/posts\/90792\/revisions\/93203"}],"wp:featuredmedia":[{"embeddable":true,"href":"https:\/\/www.institutodeengenharia.org.br\/site\/wp-json\/wp\/v2\/media\/89438"}],"wp:attachment":[{"href":"https:\/\/www.institutodeengenharia.org.br\/site\/wp-json\/wp\/v2\/media?parent=90792"}],"wp:term":[{"taxonomy":"category","embeddable":true,"href":"https:\/\/www.institutodeengenharia.org.br\/site\/wp-json\/wp\/v2\/categories?post=90792"},{"taxonomy":"post_tag","embeddable":true,"href":"https:\/\/www.institutodeengenharia.org.br\/site\/wp-json\/wp\/v2\/tags?post=90792"}],"curies":[{"name":"wp","href":"https:\/\/api.w.org\/{rel}","templated":true}]}}