{"id":89532,"date":"2022-02-14T17:14:24","date_gmt":"2022-02-14T20:14:24","guid":{"rendered":"https:\/\/www.institutodeengenharia.org.br\/site\/?p=89532"},"modified":"2026-01-16T14:38:37","modified_gmt":"2026-01-16T17:38:37","slug":"por-luiz-fernando-portella-voce-nao-ama-seu-trabalho","status":"publish","type":"post","link":"https:\/\/www.institutodeengenharia.org.br\/site\/2022\/02\/14\/por-luiz-fernando-portella-voce-nao-ama-seu-trabalho\/","title":{"rendered":"Por Luiz Fernando Portella &#8211; Voc\u00ea n\u00e3o ama seu trabalho?"},"content":{"rendered":"<p>Aproveite ao m\u00e1ximo um trabalho que voc\u00ea n\u00e3o ama.<\/p>\n<p>Os empregos nem sempre acabam sendo o que voc\u00ea pensou que seriam. Talvez o papel tenha come\u00e7ado muito bem, mas fracassou desde ent\u00e3o. Ou voc\u00ea s\u00f3 aceitou o emprego porque era a melhor op\u00e7\u00e3o na \u00e9poca. O que quer que esteja fazendo voc\u00ea se sentir \u201cMAL\u201d sobre sua situa\u00e7\u00e3o atual, saiba que voc\u00ea pode tirar o m\u00e1ximo proveito de qualquer trabalho e concentrar sua energia nas oportunidades que ele pode oferecer. Aqui est\u00e3o tr\u00eas coisas que voc\u00ea pode conseguir de uma forma menos que estelar.<\/p>\n<ol>\n<li><strong>Constru\u00e7\u00e3o de habilidades: <\/strong>Considere maneiras de transformar seu trabalho atual em um \u201ccurr\u00edculo\u201d de crescimento que ajudar\u00e1 a melhorar suas perspectivas de carreira no futuro. Por exemplo, se voc\u00ea sabe que sua escrita pode ser melhorada, preste aten\u00e7\u00e3o em todos os e-mails bem escritos que receber de seus colegas e comece a praticar os estilos que mais o impressionam.<\/li>\n<li><strong>Constru\u00e7\u00e3o de relacionamento:<\/strong> Inscreva-se em qualquer programa formal de mentoria ou networking oferecido por sua organiza\u00e7\u00e3o para construir suas conex\u00f5es profissionais e expandir sua rede. Mesmo se voc\u00ea mudar de setor no futuro, nunca saber\u00e1 como seus contatos atuais podem estar conectados a pessoas em outros campos.<\/li>\n<li><strong>Crescimento pessoal:<\/strong> \u00c0s vezes, aprendemos mais sobre n\u00f3s mesmos em situa\u00e7\u00f5es imperfeitas do que em situa\u00e7\u00f5es aparentemente ideais. Passar por um trabalho ruim pode ser uma \u00f3tima maneira de aumentar suas habilidades em agilidade, resili\u00eancia e desenvoltura. Anote as li\u00e7\u00f5es que voc\u00ea est\u00e1 aprendendo ao longo do caminho.<\/li>\n<\/ol>\n<p style=\"text-align: right;\"><em>Esta dica \u00e9 adaptada de \u201cOdeia seu trabalho? Aqui est\u00e1 o que voc\u00ea pode fazer.\u201d por Lindsey Pollak<\/em><\/p>\n<p><img loading=\"lazy\" decoding=\"async\" class=\" wp-image-135592 aligncenter\" src=\"https:\/\/www.institutodeengenharia.org.br\/site\/wp-content\/uploads\/2023\/12\/Entre-em-contato-com-nossa-Central-de-Mentoria-acessando-o-QRCode-acima-E-receba-um-atendimento-gratis-1024x1024.jpg\" alt=\"\" width=\"265\" height=\"265\" srcset=\"https:\/\/www.institutodeengenharia.org.br\/site\/wp-content\/uploads\/2023\/12\/Entre-em-contato-com-nossa-Central-de-Mentoria-acessando-o-QRCode-acima-E-receba-um-atendimento-gratis-1024x1024.jpg 1024w, https:\/\/www.institutodeengenharia.org.br\/site\/wp-content\/uploads\/2023\/12\/Entre-em-contato-com-nossa-Central-de-Mentoria-acessando-o-QRCode-acima-E-receba-um-atendimento-gratis-300x300.jpg 300w, https:\/\/www.institutodeengenharia.org.br\/site\/wp-content\/uploads\/2023\/12\/Entre-em-contato-com-nossa-Central-de-Mentoria-acessando-o-QRCode-acima-E-receba-um-atendimento-gratis-150x150.jpg 150w, https:\/\/www.institutodeengenharia.org.br\/site\/wp-content\/uploads\/2023\/12\/Entre-em-contato-com-nossa-Central-de-Mentoria-acessando-o-QRCode-acima-E-receba-um-atendimento-gratis-768x768.jpg 768w, https:\/\/www.institutodeengenharia.org.br\/site\/wp-content\/uploads\/2023\/12\/Entre-em-contato-com-nossa-Central-de-Mentoria-acessando-o-QRCode-acima-E-receba-um-atendimento-gratis-420x420.jpg 420w, https:\/\/www.institutodeengenharia.org.br\/site\/wp-content\/uploads\/2023\/12\/Entre-em-contato-com-nossa-Central-de-Mentoria-acessando-o-QRCode-acima-E-receba-um-atendimento-gratis-696x696.jpg 696w, https:\/\/www.institutodeengenharia.org.br\/site\/wp-content\/uploads\/2023\/12\/Entre-em-contato-com-nossa-Central-de-Mentoria-acessando-o-QRCode-acima-E-receba-um-atendimento-gratis-1068x1068.jpg 1068w, https:\/\/www.institutodeengenharia.org.br\/site\/wp-content\/uploads\/2023\/12\/Entre-em-contato-com-nossa-Central-de-Mentoria-acessando-o-QRCode-acima-E-receba-um-atendimento-gratis-600x600.jpg 600w, https:\/\/www.institutodeengenharia.org.br\/site\/wp-content\/uploads\/2023\/12\/Entre-em-contato-com-nossa-Central-de-Mentoria-acessando-o-QRCode-acima-E-receba-um-atendimento-gratis-100x100.jpg 100w, https:\/\/www.institutodeengenharia.org.br\/site\/wp-content\/uploads\/2023\/12\/Entre-em-contato-com-nossa-Central-de-Mentoria-acessando-o-QRCode-acima-E-receba-um-atendimento-gratis.jpg 1080w\" sizes=\"auto, (max-width: 265px) 100vw, 265px\" \/><\/p>\n<p><strong><img loading=\"lazy\" decoding=\"async\" class=\"alignleft\" src=\"https:\/\/www.institutodeengenharia.org.br\/site\/wp-content\/uploads\/2018\/06\/Foto-Portella-1-e1596726677492-249x300.jpg\" width=\"180\" height=\"217\" \/>Luiz Fernando Portella*<\/strong>\u00a0\u00e9 CCO da Calypso Networks Association, CEO da NBO Participa\u00e7\u00f5es e Servi\u00e7os e conselheiro do Instituto de Engenharia, onde tamb\u00e9m respons\u00e1vel pelo projeto<em>\u00a0Mentoria a servi\u00e7o da Engenharia.<\/em><\/p>\n<p>&nbsp;<\/p>\n<p>&nbsp;<\/p>\n<p>&nbsp;<\/p>\n<p style=\"text-align: left;\">*<em>Os artigos publicados com assinatura, n\u00e3o traduzem necessariamente a opini\u00e3o do Instituto de Engenharia. Sua publica\u00e7\u00e3o obedece ao prop\u00f3sito de estimular o debate dos problemas brasileiros e de refletir as diversas tend\u00eancias do pensamento contempor\u00e2neo.<\/em><\/p>\n","protected":false},"excerpt":{"rendered":"<p>Aproveite ao m\u00e1ximo um trabalho que voc\u00ea n\u00e3o ama. Os empregos nem sempre acabam sendo o que voc\u00ea pensou que seriam. Talvez o papel tenha come\u00e7ado muito bem, mas fracassou desde ent\u00e3o. Ou voc\u00ea s\u00f3 aceitou o emprego porque era a melhor op\u00e7\u00e3o na \u00e9poca. O que quer que esteja fazendo voc\u00ea se sentir \u201cMAL\u201d [&hellip;]<\/p>\n","protected":false},"author":13,"featured_media":89533,"comment_status":"open","ping_status":"open","sticky":false,"template":"","format":"standard","meta":{"footnotes":""},"categories":[11,1083],"tags":[],"class_list":{"0":"post-89532","1":"post","2":"type-post","3":"status-publish","4":"format-standard","5":"has-post-thumbnail","7":"category-articulistas","8":"category-luiz-fernando-portella"},"yoast_head":"<!-- This site is optimized with the Yoast SEO plugin v27.2 - https:\/\/yoast.com\/product\/yoast-seo-wordpress\/ -->\n<title>Por Luiz Fernando Portella - Voc\u00ea n\u00e3o ama seu trabalho? - Instituto de Engenharia<\/title>\n<meta name=\"robots\" content=\"index, follow, max-snippet:-1, max-image-preview:large, max-video-preview:-1\" \/>\n<link rel=\"canonical\" href=\"https:\/\/www.institutodeengenharia.org.br\/site\/2022\/02\/14\/por-luiz-fernando-portella-voce-nao-ama-seu-trabalho\/\" \/>\n<meta property=\"og:locale\" content=\"pt_BR\" \/>\n<meta property=\"og:type\" content=\"article\" \/>\n<meta property=\"og:title\" content=\"Por Luiz Fernando Portella - Voc\u00ea n\u00e3o ama seu trabalho\" \/>\n<meta property=\"og:description\" content=\"Os empregos nem sempre acabam sendo o que voc\u00ea pensou que seriam. Talvez o papel tenha come\u00e7ado muito bem, mas fracassou desde ent\u00e3o. Ou voc\u00ea s\u00f3 aceitou o emprego porque era a melhor op\u00e7\u00e3o na \u00e9poca. O que quer que esteja fazendo voc\u00ea se sentir \u201cMAU\u201d sobre sua situa\u00e7\u00e3o atual, saiba que voc\u00ea pode tirar o m\u00e1ximo proveito de qualquer trabalho e concentrar sua energia nas oportunidades que ele pode oferecer. Aqui est\u00e3o tr\u00eas coisas que voc\u00ea pode conseguir de uma forma menos que estelar.\" \/>\n<meta property=\"og:url\" content=\"https:\/\/www.institutodeengenharia.org.br\/site\/2022\/02\/14\/por-luiz-fernando-portella-voce-nao-ama-seu-trabalho\/\" \/>\n<meta property=\"og:site_name\" content=\"Instituto de Engenharia\" \/>\n<meta property=\"article:publisher\" content=\"https:\/\/www.facebook.com\/institutodeengenharia\" \/>\n<meta property=\"article:published_time\" content=\"2022-02-14T20:14:24+00:00\" \/>\n<meta property=\"article:modified_time\" content=\"2026-01-16T17:38:37+00:00\" \/>\n<meta property=\"og:image\" content=\"https:\/\/www.institutodeengenharia.org.br\/site\/wp-content\/uploads\/2022\/02\/man-g7217ab15b_1920.jpg\" \/>\n\t<meta property=\"og:image:width\" content=\"1920\" \/>\n\t<meta property=\"og:image:height\" content=\"1279\" \/>\n\t<meta property=\"og:image:type\" content=\"image\/jpeg\" \/>\n<meta name=\"author\" content=\"Bianca\" \/>\n<meta name=\"twitter:card\" content=\"summary_large_image\" \/>\n<meta name=\"twitter:title\" content=\"Por Luiz Fernando Portella - Voc\u00ea n\u00e3o ama seu trabalho\" \/>\n<meta name=\"twitter:description\" content=\"Os empregos nem sempre acabam sendo o que voc\u00ea pensou que seriam. Talvez o papel tenha come\u00e7ado muito bem, mas fracassou desde ent\u00e3o. Ou voc\u00ea s\u00f3 aceitou o emprego porque era a melhor op\u00e7\u00e3o na \u00e9poca. O que quer que esteja fazendo voc\u00ea se sentir \u201cMAU\u201d sobre sua situa\u00e7\u00e3o atual, saiba que voc\u00ea pode tirar o m\u00e1ximo proveito de qualquer trabalho e concentrar sua energia nas oportunidades que ele pode oferecer. Aqui est\u00e3o tr\u00eas coisas que voc\u00ea pode conseguir de uma forma menos que estelar.\" \/>\n<meta name=\"twitter:image\" content=\"https:\/\/www.institutodeengenharia.org.br\/site\/wp-content\/uploads\/2022\/02\/man-g7217ab15b_1920.jpg\" \/>\n<meta name=\"twitter:creator\" content=\"@iengenharia\" \/>\n<meta name=\"twitter:site\" content=\"@iengenharia\" \/>\n<meta name=\"twitter:label1\" content=\"Escrito por\" \/>\n\t<meta name=\"twitter:data1\" content=\"Bianca\" \/>\n\t<meta name=\"twitter:label2\" content=\"Est. tempo de leitura\" \/>\n\t<meta name=\"twitter:data2\" content=\"3 minutos\" \/>\n<script type=\"application\/ld+json\" class=\"yoast-schema-graph\">{\"@context\":\"https:\/\/schema.org\",\"@graph\":[{\"@type\":\"Article\",\"@id\":\"https:\/\/www.institutodeengenharia.org.br\/site\/2022\/02\/14\/por-luiz-fernando-portella-voce-nao-ama-seu-trabalho\/#article\",\"isPartOf\":{\"@id\":\"https:\/\/www.institutodeengenharia.org.br\/site\/2022\/02\/14\/por-luiz-fernando-portella-voce-nao-ama-seu-trabalho\/\"},\"author\":{\"name\":\"Bianca\",\"@id\":\"https:\/\/www.institutodeengenharia.org.br\/site\/#\/schema\/person\/aeb64951c405e100d26d30b033dd423f\"},\"headline\":\"Por Luiz Fernando Portella &#8211; Voc\u00ea n\u00e3o ama seu trabalho?\",\"datePublished\":\"2022-02-14T20:14:24+00:00\",\"dateModified\":\"2026-01-16T17:38:37+00:00\",\"mainEntityOfPage\":{\"@id\":\"https:\/\/www.institutodeengenharia.org.br\/site\/2022\/02\/14\/por-luiz-fernando-portella-voce-nao-ama-seu-trabalho\/\"},\"wordCount\":375,\"commentCount\":0,\"publisher\":{\"@id\":\"https:\/\/www.institutodeengenharia.org.br\/site\/#organization\"},\"image\":{\"@id\":\"https:\/\/www.institutodeengenharia.org.br\/site\/2022\/02\/14\/por-luiz-fernando-portella-voce-nao-ama-seu-trabalho\/#primaryimage\"},\"thumbnailUrl\":\"https:\/\/www.institutodeengenharia.org.br\/site\/wp-content\/uploads\/2022\/02\/man-g7217ab15b_1920.jpg\",\"articleSection\":[\"Articulistas\",\"Luiz Fernando Portella\"],\"inLanguage\":\"pt-BR\",\"potentialAction\":[{\"@type\":\"CommentAction\",\"name\":\"Comment\",\"target\":[\"https:\/\/www.institutodeengenharia.org.br\/site\/2022\/02\/14\/por-luiz-fernando-portella-voce-nao-ama-seu-trabalho\/#respond\"]}]},{\"@type\":\"WebPage\",\"@id\":\"https:\/\/www.institutodeengenharia.org.br\/site\/2022\/02\/14\/por-luiz-fernando-portella-voce-nao-ama-seu-trabalho\/\",\"url\":\"https:\/\/www.institutodeengenharia.org.br\/site\/2022\/02\/14\/por-luiz-fernando-portella-voce-nao-ama-seu-trabalho\/\",\"name\":\"Por Luiz Fernando Portella - Voc\u00ea n\u00e3o ama seu trabalho? - Instituto de Engenharia\",\"isPartOf\":{\"@id\":\"https:\/\/www.institutodeengenharia.org.br\/site\/#website\"},\"primaryImageOfPage\":{\"@id\":\"https:\/\/www.institutodeengenharia.org.br\/site\/2022\/02\/14\/por-luiz-fernando-portella-voce-nao-ama-seu-trabalho\/#primaryimage\"},\"image\":{\"@id\":\"https:\/\/www.institutodeengenharia.org.br\/site\/2022\/02\/14\/por-luiz-fernando-portella-voce-nao-ama-seu-trabalho\/#primaryimage\"},\"thumbnailUrl\":\"https:\/\/www.institutodeengenharia.org.br\/site\/wp-content\/uploads\/2022\/02\/man-g7217ab15b_1920.jpg\",\"datePublished\":\"2022-02-14T20:14:24+00:00\",\"dateModified\":\"2026-01-16T17:38:37+00:00\",\"breadcrumb\":{\"@id\":\"https:\/\/www.institutodeengenharia.org.br\/site\/2022\/02\/14\/por-luiz-fernando-portella-voce-nao-ama-seu-trabalho\/#breadcrumb\"},\"inLanguage\":\"pt-BR\",\"potentialAction\":[{\"@type\":\"ReadAction\",\"target\":[\"https:\/\/www.institutodeengenharia.org.br\/site\/2022\/02\/14\/por-luiz-fernando-portella-voce-nao-ama-seu-trabalho\/\"]}]},{\"@type\":\"ImageObject\",\"inLanguage\":\"pt-BR\",\"@id\":\"https:\/\/www.institutodeengenharia.org.br\/site\/2022\/02\/14\/por-luiz-fernando-portella-voce-nao-ama-seu-trabalho\/#primaryimage\",\"url\":\"https:\/\/www.institutodeengenharia.org.br\/site\/wp-content\/uploads\/2022\/02\/man-g7217ab15b_1920.jpg\",\"contentUrl\":\"https:\/\/www.institutodeengenharia.org.br\/site\/wp-content\/uploads\/2022\/02\/man-g7217ab15b_1920.jpg\",\"width\":1920,\"height\":1279},{\"@type\":\"BreadcrumbList\",\"@id\":\"https:\/\/www.institutodeengenharia.org.br\/site\/2022\/02\/14\/por-luiz-fernando-portella-voce-nao-ama-seu-trabalho\/#breadcrumb\",\"itemListElement\":[{\"@type\":\"ListItem\",\"position\":1,\"name\":\"In\u00edcio\",\"item\":\"https:\/\/www.institutodeengenharia.org.br\/site\/\"},{\"@type\":\"ListItem\",\"position\":2,\"name\":\"Por Luiz Fernando Portella &#8211; Voc\u00ea n\u00e3o ama seu trabalho?\"}]},{\"@type\":\"WebSite\",\"@id\":\"https:\/\/www.institutodeengenharia.org.br\/site\/#website\",\"url\":\"https:\/\/www.institutodeengenharia.org.br\/site\/\",\"name\":\"Instituto de Engenharia\",\"description\":\"O Instituto de Engenharia promove a Engenharia em benef\u00edcio do desenvolvimento e da qualidade de vida da sociedade.\",\"publisher\":{\"@id\":\"https:\/\/www.institutodeengenharia.org.br\/site\/#organization\"},\"potentialAction\":[{\"@type\":\"SearchAction\",\"target\":{\"@type\":\"EntryPoint\",\"urlTemplate\":\"https:\/\/www.institutodeengenharia.org.br\/site\/?s={search_term_string}\"},\"query-input\":{\"@type\":\"PropertyValueSpecification\",\"valueRequired\":true,\"valueName\":\"search_term_string\"}}],\"inLanguage\":\"pt-BR\"},{\"@type\":\"Organization\",\"@id\":\"https:\/\/www.institutodeengenharia.org.br\/site\/#organization\",\"name\":\"Instituto de Engenharia\",\"url\":\"https:\/\/www.institutodeengenharia.org.br\/site\/\",\"logo\":{\"@type\":\"ImageObject\",\"inLanguage\":\"pt-BR\",\"@id\":\"https:\/\/www.institutodeengenharia.org.br\/site\/#\/schema\/logo\/image\/\",\"url\":\"https:\/\/www.institutodeengenharia.org.br\/site\/wp-content\/uploads\/2019\/03\/logo-novo-IE2018-1.jpg\",\"contentUrl\":\"https:\/\/www.institutodeengenharia.org.br\/site\/wp-content\/uploads\/2019\/03\/logo-novo-IE2018-1.jpg\",\"width\":1486,\"height\":1879,\"caption\":\"Instituto de Engenharia\"},\"image\":{\"@id\":\"https:\/\/www.institutodeengenharia.org.br\/site\/#\/schema\/logo\/image\/\"},\"sameAs\":[\"https:\/\/www.facebook.com\/institutodeengenharia\",\"https:\/\/x.com\/iengenharia\",\"https:\/\/www.instagram.com\/institutodeengenharia\/\",\"https:\/\/www.linkedin.com\/company\/instituto-de-engenharia\/\",\"https:\/\/www.youtube.com\/channel\/UCXiCAlsSMe977vamW915HxA\"]},{\"@type\":\"Person\",\"@id\":\"https:\/\/www.institutodeengenharia.org.br\/site\/#\/schema\/person\/aeb64951c405e100d26d30b033dd423f\",\"name\":\"Bianca\",\"image\":{\"@type\":\"ImageObject\",\"inLanguage\":\"pt-BR\",\"@id\":\"https:\/\/secure.gravatar.com\/avatar\/a6fbe9bff57405baf4c1e2c5c1811e072b558253974a9f9508f4678900c97c2a?s=96&d=mm&r=g\",\"url\":\"https:\/\/secure.gravatar.com\/avatar\/a6fbe9bff57405baf4c1e2c5c1811e072b558253974a9f9508f4678900c97c2a?s=96&d=mm&r=g\",\"contentUrl\":\"https:\/\/secure.gravatar.com\/avatar\/a6fbe9bff57405baf4c1e2c5c1811e072b558253974a9f9508f4678900c97c2a?s=96&d=mm&r=g\",\"caption\":\"Bianca\"},\"url\":\"https:\/\/www.institutodeengenharia.org.br\/site\/author\/comunicacao1\/\"}]}<\/script>\n<!-- \/ Yoast SEO plugin. -->","yoast_head_json":{"title":"Por Luiz Fernando Portella - Voc\u00ea n\u00e3o ama seu trabalho? - Instituto de Engenharia","robots":{"index":"index","follow":"follow","max-snippet":"max-snippet:-1","max-image-preview":"max-image-preview:large","max-video-preview":"max-video-preview:-1"},"canonical":"https:\/\/www.institutodeengenharia.org.br\/site\/2022\/02\/14\/por-luiz-fernando-portella-voce-nao-ama-seu-trabalho\/","og_locale":"pt_BR","og_type":"article","og_title":"Por Luiz Fernando Portella - Voc\u00ea n\u00e3o ama seu trabalho","og_description":"Os empregos nem sempre acabam sendo o que voc\u00ea pensou que seriam. Talvez o papel tenha come\u00e7ado muito bem, mas fracassou desde ent\u00e3o. Ou voc\u00ea s\u00f3 aceitou o emprego porque era a melhor op\u00e7\u00e3o na \u00e9poca. O que quer que esteja fazendo voc\u00ea se sentir \u201cMAU\u201d sobre sua situa\u00e7\u00e3o atual, saiba que voc\u00ea pode tirar o m\u00e1ximo proveito de qualquer trabalho e concentrar sua energia nas oportunidades que ele pode oferecer. Aqui est\u00e3o tr\u00eas coisas que voc\u00ea pode conseguir de uma forma menos que estelar.","og_url":"https:\/\/www.institutodeengenharia.org.br\/site\/2022\/02\/14\/por-luiz-fernando-portella-voce-nao-ama-seu-trabalho\/","og_site_name":"Instituto de Engenharia","article_publisher":"https:\/\/www.facebook.com\/institutodeengenharia","article_published_time":"2022-02-14T20:14:24+00:00","article_modified_time":"2026-01-16T17:38:37+00:00","og_image":[{"width":1920,"height":1279,"url":"https:\/\/www.institutodeengenharia.org.br\/site\/wp-content\/uploads\/2022\/02\/man-g7217ab15b_1920.jpg","type":"image\/jpeg"}],"author":"Bianca","twitter_card":"summary_large_image","twitter_title":"Por Luiz Fernando Portella - Voc\u00ea n\u00e3o ama seu trabalho","twitter_description":"Os empregos nem sempre acabam sendo o que voc\u00ea pensou que seriam. Talvez o papel tenha come\u00e7ado muito bem, mas fracassou desde ent\u00e3o. Ou voc\u00ea s\u00f3 aceitou o emprego porque era a melhor op\u00e7\u00e3o na \u00e9poca. O que quer que esteja fazendo voc\u00ea se sentir \u201cMAU\u201d sobre sua situa\u00e7\u00e3o atual, saiba que voc\u00ea pode tirar o m\u00e1ximo proveito de qualquer trabalho e concentrar sua energia nas oportunidades que ele pode oferecer. Aqui est\u00e3o tr\u00eas coisas que voc\u00ea pode conseguir de uma forma menos que estelar.","twitter_image":"https:\/\/www.institutodeengenharia.org.br\/site\/wp-content\/uploads\/2022\/02\/man-g7217ab15b_1920.jpg","twitter_creator":"@iengenharia","twitter_site":"@iengenharia","twitter_misc":{"Escrito por":"Bianca","Est. tempo de leitura":"3 minutos"},"schema":{"@context":"https:\/\/schema.org","@graph":[{"@type":"Article","@id":"https:\/\/www.institutodeengenharia.org.br\/site\/2022\/02\/14\/por-luiz-fernando-portella-voce-nao-ama-seu-trabalho\/#article","isPartOf":{"@id":"https:\/\/www.institutodeengenharia.org.br\/site\/2022\/02\/14\/por-luiz-fernando-portella-voce-nao-ama-seu-trabalho\/"},"author":{"name":"Bianca","@id":"https:\/\/www.institutodeengenharia.org.br\/site\/#\/schema\/person\/aeb64951c405e100d26d30b033dd423f"},"headline":"Por Luiz Fernando Portella &#8211; Voc\u00ea n\u00e3o ama seu trabalho?","datePublished":"2022-02-14T20:14:24+00:00","dateModified":"2026-01-16T17:38:37+00:00","mainEntityOfPage":{"@id":"https:\/\/www.institutodeengenharia.org.br\/site\/2022\/02\/14\/por-luiz-fernando-portella-voce-nao-ama-seu-trabalho\/"},"wordCount":375,"commentCount":0,"publisher":{"@id":"https:\/\/www.institutodeengenharia.org.br\/site\/#organization"},"image":{"@id":"https:\/\/www.institutodeengenharia.org.br\/site\/2022\/02\/14\/por-luiz-fernando-portella-voce-nao-ama-seu-trabalho\/#primaryimage"},"thumbnailUrl":"https:\/\/www.institutodeengenharia.org.br\/site\/wp-content\/uploads\/2022\/02\/man-g7217ab15b_1920.jpg","articleSection":["Articulistas","Luiz Fernando Portella"],"inLanguage":"pt-BR","potentialAction":[{"@type":"CommentAction","name":"Comment","target":["https:\/\/www.institutodeengenharia.org.br\/site\/2022\/02\/14\/por-luiz-fernando-portella-voce-nao-ama-seu-trabalho\/#respond"]}]},{"@type":"WebPage","@id":"https:\/\/www.institutodeengenharia.org.br\/site\/2022\/02\/14\/por-luiz-fernando-portella-voce-nao-ama-seu-trabalho\/","url":"https:\/\/www.institutodeengenharia.org.br\/site\/2022\/02\/14\/por-luiz-fernando-portella-voce-nao-ama-seu-trabalho\/","name":"Por Luiz Fernando Portella - Voc\u00ea n\u00e3o ama seu trabalho? - Instituto de Engenharia","isPartOf":{"@id":"https:\/\/www.institutodeengenharia.org.br\/site\/#website"},"primaryImageOfPage":{"@id":"https:\/\/www.institutodeengenharia.org.br\/site\/2022\/02\/14\/por-luiz-fernando-portella-voce-nao-ama-seu-trabalho\/#primaryimage"},"image":{"@id":"https:\/\/www.institutodeengenharia.org.br\/site\/2022\/02\/14\/por-luiz-fernando-portella-voce-nao-ama-seu-trabalho\/#primaryimage"},"thumbnailUrl":"https:\/\/www.institutodeengenharia.org.br\/site\/wp-content\/uploads\/2022\/02\/man-g7217ab15b_1920.jpg","datePublished":"2022-02-14T20:14:24+00:00","dateModified":"2026-01-16T17:38:37+00:00","breadcrumb":{"@id":"https:\/\/www.institutodeengenharia.org.br\/site\/2022\/02\/14\/por-luiz-fernando-portella-voce-nao-ama-seu-trabalho\/#breadcrumb"},"inLanguage":"pt-BR","potentialAction":[{"@type":"ReadAction","target":["https:\/\/www.institutodeengenharia.org.br\/site\/2022\/02\/14\/por-luiz-fernando-portella-voce-nao-ama-seu-trabalho\/"]}]},{"@type":"ImageObject","inLanguage":"pt-BR","@id":"https:\/\/www.institutodeengenharia.org.br\/site\/2022\/02\/14\/por-luiz-fernando-portella-voce-nao-ama-seu-trabalho\/#primaryimage","url":"https:\/\/www.institutodeengenharia.org.br\/site\/wp-content\/uploads\/2022\/02\/man-g7217ab15b_1920.jpg","contentUrl":"https:\/\/www.institutodeengenharia.org.br\/site\/wp-content\/uploads\/2022\/02\/man-g7217ab15b_1920.jpg","width":1920,"height":1279},{"@type":"BreadcrumbList","@id":"https:\/\/www.institutodeengenharia.org.br\/site\/2022\/02\/14\/por-luiz-fernando-portella-voce-nao-ama-seu-trabalho\/#breadcrumb","itemListElement":[{"@type":"ListItem","position":1,"name":"In\u00edcio","item":"https:\/\/www.institutodeengenharia.org.br\/site\/"},{"@type":"ListItem","position":2,"name":"Por Luiz Fernando Portella &#8211; Voc\u00ea n\u00e3o ama seu trabalho?"}]},{"@type":"WebSite","@id":"https:\/\/www.institutodeengenharia.org.br\/site\/#website","url":"https:\/\/www.institutodeengenharia.org.br\/site\/","name":"Instituto de Engenharia","description":"O Instituto de Engenharia promove a Engenharia em benef\u00edcio do desenvolvimento e da qualidade de vida da sociedade.","publisher":{"@id":"https:\/\/www.institutodeengenharia.org.br\/site\/#organization"},"potentialAction":[{"@type":"SearchAction","target":{"@type":"EntryPoint","urlTemplate":"https:\/\/www.institutodeengenharia.org.br\/site\/?s={search_term_string}"},"query-input":{"@type":"PropertyValueSpecification","valueRequired":true,"valueName":"search_term_string"}}],"inLanguage":"pt-BR"},{"@type":"Organization","@id":"https:\/\/www.institutodeengenharia.org.br\/site\/#organization","name":"Instituto de Engenharia","url":"https:\/\/www.institutodeengenharia.org.br\/site\/","logo":{"@type":"ImageObject","inLanguage":"pt-BR","@id":"https:\/\/www.institutodeengenharia.org.br\/site\/#\/schema\/logo\/image\/","url":"https:\/\/www.institutodeengenharia.org.br\/site\/wp-content\/uploads\/2019\/03\/logo-novo-IE2018-1.jpg","contentUrl":"https:\/\/www.institutodeengenharia.org.br\/site\/wp-content\/uploads\/2019\/03\/logo-novo-IE2018-1.jpg","width":1486,"height":1879,"caption":"Instituto de Engenharia"},"image":{"@id":"https:\/\/www.institutodeengenharia.org.br\/site\/#\/schema\/logo\/image\/"},"sameAs":["https:\/\/www.facebook.com\/institutodeengenharia","https:\/\/x.com\/iengenharia","https:\/\/www.instagram.com\/institutodeengenharia\/","https:\/\/www.linkedin.com\/company\/instituto-de-engenharia\/","https:\/\/www.youtube.com\/channel\/UCXiCAlsSMe977vamW915HxA"]},{"@type":"Person","@id":"https:\/\/www.institutodeengenharia.org.br\/site\/#\/schema\/person\/aeb64951c405e100d26d30b033dd423f","name":"Bianca","image":{"@type":"ImageObject","inLanguage":"pt-BR","@id":"https:\/\/secure.gravatar.com\/avatar\/a6fbe9bff57405baf4c1e2c5c1811e072b558253974a9f9508f4678900c97c2a?s=96&d=mm&r=g","url":"https:\/\/secure.gravatar.com\/avatar\/a6fbe9bff57405baf4c1e2c5c1811e072b558253974a9f9508f4678900c97c2a?s=96&d=mm&r=g","contentUrl":"https:\/\/secure.gravatar.com\/avatar\/a6fbe9bff57405baf4c1e2c5c1811e072b558253974a9f9508f4678900c97c2a?s=96&d=mm&r=g","caption":"Bianca"},"url":"https:\/\/www.institutodeengenharia.org.br\/site\/author\/comunicacao1\/"}]}},"_links":{"self":[{"href":"https:\/\/www.institutodeengenharia.org.br\/site\/wp-json\/wp\/v2\/posts\/89532","targetHints":{"allow":["GET"]}}],"collection":[{"href":"https:\/\/www.institutodeengenharia.org.br\/site\/wp-json\/wp\/v2\/posts"}],"about":[{"href":"https:\/\/www.institutodeengenharia.org.br\/site\/wp-json\/wp\/v2\/types\/post"}],"author":[{"embeddable":true,"href":"https:\/\/www.institutodeengenharia.org.br\/site\/wp-json\/wp\/v2\/users\/13"}],"replies":[{"embeddable":true,"href":"https:\/\/www.institutodeengenharia.org.br\/site\/wp-json\/wp\/v2\/comments?post=89532"}],"version-history":[{"count":3,"href":"https:\/\/www.institutodeengenharia.org.br\/site\/wp-json\/wp\/v2\/posts\/89532\/revisions"}],"predecessor-version":[{"id":135598,"href":"https:\/\/www.institutodeengenharia.org.br\/site\/wp-json\/wp\/v2\/posts\/89532\/revisions\/135598"}],"wp:featuredmedia":[{"embeddable":true,"href":"https:\/\/www.institutodeengenharia.org.br\/site\/wp-json\/wp\/v2\/media\/89533"}],"wp:attachment":[{"href":"https:\/\/www.institutodeengenharia.org.br\/site\/wp-json\/wp\/v2\/media?parent=89532"}],"wp:term":[{"taxonomy":"category","embeddable":true,"href":"https:\/\/www.institutodeengenharia.org.br\/site\/wp-json\/wp\/v2\/categories?post=89532"},{"taxonomy":"post_tag","embeddable":true,"href":"https:\/\/www.institutodeengenharia.org.br\/site\/wp-json\/wp\/v2\/tags?post=89532"}],"curies":[{"name":"wp","href":"https:\/\/api.w.org\/{rel}","templated":true}]}}