{"id":89062,"date":"2022-01-24T11:28:43","date_gmt":"2022-01-24T14:28:43","guid":{"rendered":"https:\/\/www.institutodeengenharia.org.br\/site\/?p=89062"},"modified":"2022-01-27T14:44:12","modified_gmt":"2022-01-27T17:44:12","slug":"arquitetura-em-fachadas-elegancia-e-eficiencia-energetica-unidas-em-nova-tecnologia","status":"publish","type":"post","link":"https:\/\/www.institutodeengenharia.org.br\/site\/2022\/01\/24\/arquitetura-em-fachadas-elegancia-e-eficiencia-energetica-unidas-em-nova-tecnologia\/","title":{"rendered":"Arquitetura em fachadas, eleg\u00e2ncia e efici\u00eancia energ\u00e9tica unidas em nova tecnologia"},"content":{"rendered":"<p><strong>Assista abaixo \u00e0 grava\u00e7\u00e3o do evento:<\/strong><\/p>\n<div style=\"padding: 56.25% 0 0 0; position: relative;\"><iframe style=\"position: absolute; top: 0; left: 0; width: 100%; height: 100%;\" title=\"Arquitetura em fachadas, eleg&amp;acirc;ncia e efici&amp;ecirc;ncia energ&amp;eacute;tica unidas em nova tecnologia\" src=\"https:\/\/player.vimeo.com\/video\/668582790?h=732b67dfff&amp;badge=0&amp;autopause=0&amp;player_id=0&amp;app_id=58479\" frameborder=\"0\" allowfullscreen=\"allowfullscreen\"><\/iframe><\/div>\n<p><script src=\"https:\/\/player.vimeo.com\/api\/player.js\"><\/script><\/p>\n<p><strong>+ Informa\u00e7\u00f5es:<\/strong><\/p>\n<p>Apresenta\u00e7\u00e3o da nova performance dos vidros chamados KROMATIX, utilizados no mundo inteiro (hoje com representa\u00e7\u00e3o no Brasil).<\/p>\n<p>Este vidro adicionado na envolt\u00f3ria do edif\u00edcio \u00e9 capaz de gerar energia el\u00e9trica. Com isso, beneficiar tamb\u00e9m o conforto lum\u00ednico, ac\u00fastico e t\u00e9rmico do edif\u00edcio, al\u00e9m de embelezar suas fun\u00e7\u00f5es t\u00e9cnicas.<\/p>\n<p>O palestrante trar\u00e1 casos nacionais e internacionais do material j\u00e1 implantado nos edif\u00edcios.<\/p>\n<p><strong>P\u00fablico-alvo:<\/strong><\/p>\n<p>T\u00e9cnicos, engenheiros, arquitetos e designers.<\/p>\n<p><b>Palestrante:<\/b><\/p>\n<p><img loading=\"lazy\" decoding=\"async\" class=\"alignnone wp-image-87141\" src=\"https:\/\/www.institutodeengenharia.org.br\/site\/wp-content\/uploads\/2021\/10\/rogerio.jpg\" alt=\"\" width=\"208\" height=\"208\" srcset=\"https:\/\/www.institutodeengenharia.org.br\/site\/wp-content\/uploads\/2021\/10\/rogerio.jpg 366w, https:\/\/www.institutodeengenharia.org.br\/site\/wp-content\/uploads\/2021\/10\/rogerio-300x300.jpg 300w, https:\/\/www.institutodeengenharia.org.br\/site\/wp-content\/uploads\/2021\/10\/rogerio-150x150.jpg 150w, https:\/\/www.institutodeengenharia.org.br\/site\/wp-content\/uploads\/2021\/10\/rogerio-100x100.jpg 100w\" sizes=\"auto, (max-width: 208px) 100vw, 208px\" \/><\/p>\n<p><strong>Rogerio Duarte \u2013 Gerente de Vendas e Markeing para a Am\u00e9rica Latina na Kromatix S\/A<\/strong><\/p>\n<p>Formado em Administra\u00e7\u00e3o de Empresas com \u00eanfase em Com\u00e9rcio Exterior e MBA em Gest\u00e3o de Projetos.<\/p>\n<p>Atuante no mercado de gera\u00e7\u00e3o distribu\u00edda desde 2011, principalmente no segmento BIPV (Building Integrated Photovoltaic), desenvolvendo o mercado solar fotovoltaico integrado a constru\u00e7\u00e3o civil na Am\u00e9rica Latina.<\/p>\n<p><strong>Realiza\u00e7\u00e3o:<\/strong><\/p>\n<div><strong>Eng. Ivan Metran Whately<\/strong>\u00a0\u2013 Vice-Presidente de Atividades T\u00e9cnicas<\/div>\n<div><strong>Eng. Al\u00e9ssio Bento Borelli<\/strong>\u00a0\u2013 Diretor do Departamento de Desenvolvimento de Tecnologia, Ind\u00fastria, Energia e Telecomunica\u00e7\u00f5es<\/div>\n<div><strong>Eng. Roberto Kochen<\/strong>\u00a0\u2013 Diretor do Departamento de Desenvolvimento de Projeto e Servi\u00e7os de Infraestrutura<\/div>\n<div><strong>Eng.\u00aa e Arq.\u00aa Aurea L\u00facia Vendramin Georgi<\/strong>\u00a0\u2013 Coordenadora da Divis\u00e3o T\u00e9cnica de Intelig\u00eancia Artificial, Controle e Automa\u00e7\u00e3o<\/div>\n<div><strong>Arq.\u00aa Taina Vieira Volcov<\/strong>\u00a0\u2013 Coordenadora da Divis\u00e3o T\u00e9cnica de Arquitetura, Paisagismo e Comunica\u00e7\u00e3o Visual<\/div>\n<div><\/div>\n<p><strong>Apoio Institucional:<\/strong><\/p>\n<p><img loading=\"lazy\" decoding=\"async\" class=\"alignnone wp-image-77696\" src=\"https:\/\/www.institutodeengenharia.org.br\/site\/wp-content\/uploads\/2021\/02\/crea.jpg\" alt=\"\" width=\"142\" height=\"100\" srcset=\"https:\/\/www.institutodeengenharia.org.br\/site\/wp-content\/uploads\/2021\/02\/crea.jpg 448w, https:\/\/www.institutodeengenharia.org.br\/site\/wp-content\/uploads\/2021\/02\/crea-300x211.jpg 300w, https:\/\/www.institutodeengenharia.org.br\/site\/wp-content\/uploads\/2021\/02\/crea-100x70.jpg 100w\" sizes=\"auto, (max-width: 142px) 100vw, 142px\" \/><\/p>\n<p><strong>Apoio \u00e0 forma\u00e7\u00e3o:\u00a0<\/strong><\/p>\n<p>Espa\u00e7o aberto ao CREA-SP, objetivando o aperfei\u00e7oamento dos profissionais e o aprimoramento da fiscaliza\u00e7\u00e3o das \u00e1reas abrangidas pelo Sistema Confea\/CREAs, al\u00e9m de promover a conscientiza\u00e7\u00e3o da sociedade quanto \u00e0 necessidade e obrigatoriedade de contratar um profissional devidamente habilitado.<\/p>\n<p>&nbsp;<\/p>\n","protected":false},"excerpt":{"rendered":"<p>Assista abaixo \u00e0 grava\u00e7\u00e3o do evento: + Informa\u00e7\u00f5es: Apresenta\u00e7\u00e3o da nova performance dos vidros chamados KROMATIX, utilizados no mundo inteiro (hoje com representa\u00e7\u00e3o no Brasil). Este vidro adicionado na envolt\u00f3ria do edif\u00edcio \u00e9 capaz de gerar energia el\u00e9trica. Com isso, beneficiar tamb\u00e9m o conforto lum\u00ednico, ac\u00fastico e t\u00e9rmico do edif\u00edcio, al\u00e9m de embelezar suas fun\u00e7\u00f5es [&hellip;]<\/p>\n","protected":false},"author":13,"featured_media":87143,"comment_status":"open","ping_status":"open","sticky":false,"template":"","format":"video","meta":{"footnotes":""},"categories":[16,15,207,43,12,968,969],"tags":[1176],"class_list":{"0":"post-89062","1":"post","2":"type-post","3":"status-publish","4":"format-video","5":"has-post-thumbnail","7":"category-departamento-desenvolvimento-de-tecnologia-industria-energia-e-telecomunicacoes","8":"category-departamento-desenvolvimento-de-projetos-e-servicos-de-infraestrutura","9":"category-divisao-tecnica-arquitetura-paisagismo-e-comunicacao-visual","10":"category-divisao-tecnica-inteligencia-artificial-controle-e-automacao","11":"category-divisoes-tecnicas","12":"category-nova-tv-engenharia","13":"category-palestra","14":"tag-video-home","15":"post_format-post-format-video"},"yoast_head":"<!-- This site is optimized with the Yoast SEO plugin v27.2 - https:\/\/yoast.com\/product\/yoast-seo-wordpress\/ -->\n<title>Arquitetura em fachadas, eleg\u00e2ncia e efici\u00eancia energ\u00e9tica unidas em nova tecnologia - Instituto de Engenharia<\/title>\n<meta name=\"robots\" content=\"index, follow, max-snippet:-1, max-image-preview:large, max-video-preview:-1\" \/>\n<link rel=\"canonical\" href=\"https:\/\/www.institutodeengenharia.org.br\/site\/2022\/01\/24\/arquitetura-em-fachadas-elegancia-e-eficiencia-energetica-unidas-em-nova-tecnologia\/\" \/>\n<meta property=\"og:locale\" content=\"pt_BR\" \/>\n<meta property=\"og:type\" content=\"article\" \/>\n<meta property=\"og:title\" content=\"Arquitetura em fachadas, eleg\u00e2ncia e efici\u00eancia energ\u00e9tica unidas em nova tecnologia\" \/>\n<meta property=\"og:description\" content=\"Assista \u00e0 grava\u00e7\u00e3o do evento\" \/>\n<meta property=\"og:url\" content=\"https:\/\/www.institutodeengenharia.org.br\/site\/2022\/01\/24\/arquitetura-em-fachadas-elegancia-e-eficiencia-energetica-unidas-em-nova-tecnologia\/\" \/>\n<meta property=\"og:site_name\" content=\"Instituto de Engenharia\" \/>\n<meta property=\"article:publisher\" content=\"https:\/\/www.facebook.com\/institutodeengenharia\" \/>\n<meta property=\"article:published_time\" content=\"2022-01-24T14:28:43+00:00\" \/>\n<meta property=\"article:modified_time\" content=\"2022-01-27T17:44:12+00:00\" \/>\n<meta property=\"og:image\" content=\"https:\/\/www.institutodeengenharia.org.br\/site\/wp-content\/uploads\/2021\/10\/buildings-g16068fcc2_1920.jpg\" \/>\n\t<meta property=\"og:image:width\" content=\"1920\" \/>\n\t<meta property=\"og:image:height\" content=\"1227\" \/>\n\t<meta property=\"og:image:type\" content=\"image\/jpeg\" \/>\n<meta name=\"author\" content=\"Bianca\" \/>\n<meta name=\"twitter:card\" content=\"summary_large_image\" \/>\n<meta name=\"twitter:title\" content=\"Arquitetura em fachadas, eleg\u00e2ncia e efici\u00eancia energ\u00e9tica unidas em nova tecnologia\" \/>\n<meta name=\"twitter:description\" content=\"Assista \u00e0 grava\u00e7\u00e3o do evento\" \/>\n<meta name=\"twitter:image\" content=\"https:\/\/www.institutodeengenharia.org.br\/site\/wp-content\/uploads\/2021\/10\/buildings-g16068fcc2_1920.jpg\" \/>\n<meta name=\"twitter:creator\" content=\"@iengenharia\" \/>\n<meta name=\"twitter:site\" content=\"@iengenharia\" \/>\n<meta name=\"twitter:label1\" content=\"Escrito por\" \/>\n\t<meta name=\"twitter:data1\" content=\"Bianca\" \/>\n\t<meta name=\"twitter:label2\" content=\"Est. tempo de leitura\" \/>\n\t<meta name=\"twitter:data2\" content=\"2 minutos\" \/>\n<script type=\"application\/ld+json\" class=\"yoast-schema-graph\">{\"@context\":\"https:\/\/schema.org\",\"@graph\":[{\"@type\":\"Article\",\"@id\":\"https:\/\/www.institutodeengenharia.org.br\/site\/2022\/01\/24\/arquitetura-em-fachadas-elegancia-e-eficiencia-energetica-unidas-em-nova-tecnologia\/#article\",\"isPartOf\":{\"@id\":\"https:\/\/www.institutodeengenharia.org.br\/site\/2022\/01\/24\/arquitetura-em-fachadas-elegancia-e-eficiencia-energetica-unidas-em-nova-tecnologia\/\"},\"author\":{\"name\":\"Bianca\",\"@id\":\"https:\/\/www.institutodeengenharia.org.br\/site\/#\/schema\/person\/aeb64951c405e100d26d30b033dd423f\"},\"headline\":\"Arquitetura em fachadas, eleg\u00e2ncia e efici\u00eancia energ\u00e9tica unidas em nova tecnologia\",\"datePublished\":\"2022-01-24T14:28:43+00:00\",\"dateModified\":\"2022-01-27T17:44:12+00:00\",\"mainEntityOfPage\":{\"@id\":\"https:\/\/www.institutodeengenharia.org.br\/site\/2022\/01\/24\/arquitetura-em-fachadas-elegancia-e-eficiencia-energetica-unidas-em-nova-tecnologia\/\"},\"wordCount\":302,\"commentCount\":0,\"publisher\":{\"@id\":\"https:\/\/www.institutodeengenharia.org.br\/site\/#organization\"},\"image\":{\"@id\":\"https:\/\/www.institutodeengenharia.org.br\/site\/2022\/01\/24\/arquitetura-em-fachadas-elegancia-e-eficiencia-energetica-unidas-em-nova-tecnologia\/#primaryimage\"},\"thumbnailUrl\":\"https:\/\/www.institutodeengenharia.org.br\/site\/wp-content\/uploads\/2021\/10\/buildings-g16068fcc2_1920.jpg\",\"keywords\":[\"video-home\"],\"articleSection\":[\"Departamento de Desenvolvimento de Tecnologia, Ind\u00fastria, Energia e Telecomunica\u00e7\u00f5es\",\"Departamento Desenvolvimento de Projetos e Servi\u00e7os de Infraestrutura\",\"Divis\u00e3o T\u00e9cnica Arquitetura, Paisagismo e Comunica\u00e7\u00e3o Visual\",\"Divis\u00e3o T\u00e9cnica Intelig\u00eancia Artificial, Controle e Automa\u00e7\u00e3o\",\"Divis\u00f5es T\u00e9cnicas\",\"Nova TV Engenharia\",\"Palestra\"],\"inLanguage\":\"pt-BR\",\"potentialAction\":[{\"@type\":\"CommentAction\",\"name\":\"Comment\",\"target\":[\"https:\/\/www.institutodeengenharia.org.br\/site\/2022\/01\/24\/arquitetura-em-fachadas-elegancia-e-eficiencia-energetica-unidas-em-nova-tecnologia\/#respond\"]}]},{\"@type\":\"WebPage\",\"@id\":\"https:\/\/www.institutodeengenharia.org.br\/site\/2022\/01\/24\/arquitetura-em-fachadas-elegancia-e-eficiencia-energetica-unidas-em-nova-tecnologia\/\",\"url\":\"https:\/\/www.institutodeengenharia.org.br\/site\/2022\/01\/24\/arquitetura-em-fachadas-elegancia-e-eficiencia-energetica-unidas-em-nova-tecnologia\/\",\"name\":\"Arquitetura em fachadas, eleg\u00e2ncia e efici\u00eancia energ\u00e9tica unidas em nova tecnologia - Instituto de Engenharia\",\"isPartOf\":{\"@id\":\"https:\/\/www.institutodeengenharia.org.br\/site\/#website\"},\"primaryImageOfPage\":{\"@id\":\"https:\/\/www.institutodeengenharia.org.br\/site\/2022\/01\/24\/arquitetura-em-fachadas-elegancia-e-eficiencia-energetica-unidas-em-nova-tecnologia\/#primaryimage\"},\"image\":{\"@id\":\"https:\/\/www.institutodeengenharia.org.br\/site\/2022\/01\/24\/arquitetura-em-fachadas-elegancia-e-eficiencia-energetica-unidas-em-nova-tecnologia\/#primaryimage\"},\"thumbnailUrl\":\"https:\/\/www.institutodeengenharia.org.br\/site\/wp-content\/uploads\/2021\/10\/buildings-g16068fcc2_1920.jpg\",\"datePublished\":\"2022-01-24T14:28:43+00:00\",\"dateModified\":\"2022-01-27T17:44:12+00:00\",\"breadcrumb\":{\"@id\":\"https:\/\/www.institutodeengenharia.org.br\/site\/2022\/01\/24\/arquitetura-em-fachadas-elegancia-e-eficiencia-energetica-unidas-em-nova-tecnologia\/#breadcrumb\"},\"inLanguage\":\"pt-BR\",\"potentialAction\":[{\"@type\":\"ReadAction\",\"target\":[\"https:\/\/www.institutodeengenharia.org.br\/site\/2022\/01\/24\/arquitetura-em-fachadas-elegancia-e-eficiencia-energetica-unidas-em-nova-tecnologia\/\"]}]},{\"@type\":\"ImageObject\",\"inLanguage\":\"pt-BR\",\"@id\":\"https:\/\/www.institutodeengenharia.org.br\/site\/2022\/01\/24\/arquitetura-em-fachadas-elegancia-e-eficiencia-energetica-unidas-em-nova-tecnologia\/#primaryimage\",\"url\":\"https:\/\/www.institutodeengenharia.org.br\/site\/wp-content\/uploads\/2021\/10\/buildings-g16068fcc2_1920.jpg\",\"contentUrl\":\"https:\/\/www.institutodeengenharia.org.br\/site\/wp-content\/uploads\/2021\/10\/buildings-g16068fcc2_1920.jpg\",\"width\":1920,\"height\":1227},{\"@type\":\"BreadcrumbList\",\"@id\":\"https:\/\/www.institutodeengenharia.org.br\/site\/2022\/01\/24\/arquitetura-em-fachadas-elegancia-e-eficiencia-energetica-unidas-em-nova-tecnologia\/#breadcrumb\",\"itemListElement\":[{\"@type\":\"ListItem\",\"position\":1,\"name\":\"In\u00edcio\",\"item\":\"https:\/\/www.institutodeengenharia.org.br\/site\/\"},{\"@type\":\"ListItem\",\"position\":2,\"name\":\"Arquitetura em fachadas, eleg\u00e2ncia e efici\u00eancia energ\u00e9tica unidas em nova tecnologia\"}]},{\"@type\":\"WebSite\",\"@id\":\"https:\/\/www.institutodeengenharia.org.br\/site\/#website\",\"url\":\"https:\/\/www.institutodeengenharia.org.br\/site\/\",\"name\":\"Instituto de Engenharia\",\"description\":\"O Instituto de Engenharia promove a Engenharia em benef\u00edcio do desenvolvimento e da qualidade de vida da sociedade.\",\"publisher\":{\"@id\":\"https:\/\/www.institutodeengenharia.org.br\/site\/#organization\"},\"potentialAction\":[{\"@type\":\"SearchAction\",\"target\":{\"@type\":\"EntryPoint\",\"urlTemplate\":\"https:\/\/www.institutodeengenharia.org.br\/site\/?s={search_term_string}\"},\"query-input\":{\"@type\":\"PropertyValueSpecification\",\"valueRequired\":true,\"valueName\":\"search_term_string\"}}],\"inLanguage\":\"pt-BR\"},{\"@type\":\"Organization\",\"@id\":\"https:\/\/www.institutodeengenharia.org.br\/site\/#organization\",\"name\":\"Instituto de Engenharia\",\"url\":\"https:\/\/www.institutodeengenharia.org.br\/site\/\",\"logo\":{\"@type\":\"ImageObject\",\"inLanguage\":\"pt-BR\",\"@id\":\"https:\/\/www.institutodeengenharia.org.br\/site\/#\/schema\/logo\/image\/\",\"url\":\"https:\/\/www.institutodeengenharia.org.br\/site\/wp-content\/uploads\/2019\/03\/logo-novo-IE2018-1.jpg\",\"contentUrl\":\"https:\/\/www.institutodeengenharia.org.br\/site\/wp-content\/uploads\/2019\/03\/logo-novo-IE2018-1.jpg\",\"width\":1486,\"height\":1879,\"caption\":\"Instituto de Engenharia\"},\"image\":{\"@id\":\"https:\/\/www.institutodeengenharia.org.br\/site\/#\/schema\/logo\/image\/\"},\"sameAs\":[\"https:\/\/www.facebook.com\/institutodeengenharia\",\"https:\/\/x.com\/iengenharia\",\"https:\/\/www.instagram.com\/institutodeengenharia\/\",\"https:\/\/www.linkedin.com\/company\/instituto-de-engenharia\/\",\"https:\/\/www.youtube.com\/channel\/UCXiCAlsSMe977vamW915HxA\"]},{\"@type\":\"Person\",\"@id\":\"https:\/\/www.institutodeengenharia.org.br\/site\/#\/schema\/person\/aeb64951c405e100d26d30b033dd423f\",\"name\":\"Bianca\",\"image\":{\"@type\":\"ImageObject\",\"inLanguage\":\"pt-BR\",\"@id\":\"https:\/\/secure.gravatar.com\/avatar\/a6fbe9bff57405baf4c1e2c5c1811e072b558253974a9f9508f4678900c97c2a?s=96&d=mm&r=g\",\"url\":\"https:\/\/secure.gravatar.com\/avatar\/a6fbe9bff57405baf4c1e2c5c1811e072b558253974a9f9508f4678900c97c2a?s=96&d=mm&r=g\",\"contentUrl\":\"https:\/\/secure.gravatar.com\/avatar\/a6fbe9bff57405baf4c1e2c5c1811e072b558253974a9f9508f4678900c97c2a?s=96&d=mm&r=g\",\"caption\":\"Bianca\"},\"url\":\"https:\/\/www.institutodeengenharia.org.br\/site\/author\/comunicacao1\/\"}]}<\/script>\n<!-- \/ Yoast SEO plugin. -->","yoast_head_json":{"title":"Arquitetura em fachadas, eleg\u00e2ncia e efici\u00eancia energ\u00e9tica unidas em nova tecnologia - Instituto de Engenharia","robots":{"index":"index","follow":"follow","max-snippet":"max-snippet:-1","max-image-preview":"max-image-preview:large","max-video-preview":"max-video-preview:-1"},"canonical":"https:\/\/www.institutodeengenharia.org.br\/site\/2022\/01\/24\/arquitetura-em-fachadas-elegancia-e-eficiencia-energetica-unidas-em-nova-tecnologia\/","og_locale":"pt_BR","og_type":"article","og_title":"Arquitetura em fachadas, eleg\u00e2ncia e efici\u00eancia energ\u00e9tica unidas em nova tecnologia","og_description":"Assista \u00e0 grava\u00e7\u00e3o do evento","og_url":"https:\/\/www.institutodeengenharia.org.br\/site\/2022\/01\/24\/arquitetura-em-fachadas-elegancia-e-eficiencia-energetica-unidas-em-nova-tecnologia\/","og_site_name":"Instituto de Engenharia","article_publisher":"https:\/\/www.facebook.com\/institutodeengenharia","article_published_time":"2022-01-24T14:28:43+00:00","article_modified_time":"2022-01-27T17:44:12+00:00","og_image":[{"width":1920,"height":1227,"url":"https:\/\/www.institutodeengenharia.org.br\/site\/wp-content\/uploads\/2021\/10\/buildings-g16068fcc2_1920.jpg","type":"image\/jpeg"}],"author":"Bianca","twitter_card":"summary_large_image","twitter_title":"Arquitetura em fachadas, eleg\u00e2ncia e efici\u00eancia energ\u00e9tica unidas em nova tecnologia","twitter_description":"Assista \u00e0 grava\u00e7\u00e3o do evento","twitter_image":"https:\/\/www.institutodeengenharia.org.br\/site\/wp-content\/uploads\/2021\/10\/buildings-g16068fcc2_1920.jpg","twitter_creator":"@iengenharia","twitter_site":"@iengenharia","twitter_misc":{"Escrito por":"Bianca","Est. tempo de leitura":"2 minutos"},"schema":{"@context":"https:\/\/schema.org","@graph":[{"@type":"Article","@id":"https:\/\/www.institutodeengenharia.org.br\/site\/2022\/01\/24\/arquitetura-em-fachadas-elegancia-e-eficiencia-energetica-unidas-em-nova-tecnologia\/#article","isPartOf":{"@id":"https:\/\/www.institutodeengenharia.org.br\/site\/2022\/01\/24\/arquitetura-em-fachadas-elegancia-e-eficiencia-energetica-unidas-em-nova-tecnologia\/"},"author":{"name":"Bianca","@id":"https:\/\/www.institutodeengenharia.org.br\/site\/#\/schema\/person\/aeb64951c405e100d26d30b033dd423f"},"headline":"Arquitetura em fachadas, eleg\u00e2ncia e efici\u00eancia energ\u00e9tica unidas em nova tecnologia","datePublished":"2022-01-24T14:28:43+00:00","dateModified":"2022-01-27T17:44:12+00:00","mainEntityOfPage":{"@id":"https:\/\/www.institutodeengenharia.org.br\/site\/2022\/01\/24\/arquitetura-em-fachadas-elegancia-e-eficiencia-energetica-unidas-em-nova-tecnologia\/"},"wordCount":302,"commentCount":0,"publisher":{"@id":"https:\/\/www.institutodeengenharia.org.br\/site\/#organization"},"image":{"@id":"https:\/\/www.institutodeengenharia.org.br\/site\/2022\/01\/24\/arquitetura-em-fachadas-elegancia-e-eficiencia-energetica-unidas-em-nova-tecnologia\/#primaryimage"},"thumbnailUrl":"https:\/\/www.institutodeengenharia.org.br\/site\/wp-content\/uploads\/2021\/10\/buildings-g16068fcc2_1920.jpg","keywords":["video-home"],"articleSection":["Departamento de Desenvolvimento de Tecnologia, Ind\u00fastria, Energia e Telecomunica\u00e7\u00f5es","Departamento Desenvolvimento de Projetos e Servi\u00e7os de Infraestrutura","Divis\u00e3o T\u00e9cnica Arquitetura, Paisagismo e Comunica\u00e7\u00e3o Visual","Divis\u00e3o T\u00e9cnica Intelig\u00eancia Artificial, Controle e Automa\u00e7\u00e3o","Divis\u00f5es T\u00e9cnicas","Nova TV Engenharia","Palestra"],"inLanguage":"pt-BR","potentialAction":[{"@type":"CommentAction","name":"Comment","target":["https:\/\/www.institutodeengenharia.org.br\/site\/2022\/01\/24\/arquitetura-em-fachadas-elegancia-e-eficiencia-energetica-unidas-em-nova-tecnologia\/#respond"]}]},{"@type":"WebPage","@id":"https:\/\/www.institutodeengenharia.org.br\/site\/2022\/01\/24\/arquitetura-em-fachadas-elegancia-e-eficiencia-energetica-unidas-em-nova-tecnologia\/","url":"https:\/\/www.institutodeengenharia.org.br\/site\/2022\/01\/24\/arquitetura-em-fachadas-elegancia-e-eficiencia-energetica-unidas-em-nova-tecnologia\/","name":"Arquitetura em fachadas, eleg\u00e2ncia e efici\u00eancia energ\u00e9tica unidas em nova tecnologia - Instituto de Engenharia","isPartOf":{"@id":"https:\/\/www.institutodeengenharia.org.br\/site\/#website"},"primaryImageOfPage":{"@id":"https:\/\/www.institutodeengenharia.org.br\/site\/2022\/01\/24\/arquitetura-em-fachadas-elegancia-e-eficiencia-energetica-unidas-em-nova-tecnologia\/#primaryimage"},"image":{"@id":"https:\/\/www.institutodeengenharia.org.br\/site\/2022\/01\/24\/arquitetura-em-fachadas-elegancia-e-eficiencia-energetica-unidas-em-nova-tecnologia\/#primaryimage"},"thumbnailUrl":"https:\/\/www.institutodeengenharia.org.br\/site\/wp-content\/uploads\/2021\/10\/buildings-g16068fcc2_1920.jpg","datePublished":"2022-01-24T14:28:43+00:00","dateModified":"2022-01-27T17:44:12+00:00","breadcrumb":{"@id":"https:\/\/www.institutodeengenharia.org.br\/site\/2022\/01\/24\/arquitetura-em-fachadas-elegancia-e-eficiencia-energetica-unidas-em-nova-tecnologia\/#breadcrumb"},"inLanguage":"pt-BR","potentialAction":[{"@type":"ReadAction","target":["https:\/\/www.institutodeengenharia.org.br\/site\/2022\/01\/24\/arquitetura-em-fachadas-elegancia-e-eficiencia-energetica-unidas-em-nova-tecnologia\/"]}]},{"@type":"ImageObject","inLanguage":"pt-BR","@id":"https:\/\/www.institutodeengenharia.org.br\/site\/2022\/01\/24\/arquitetura-em-fachadas-elegancia-e-eficiencia-energetica-unidas-em-nova-tecnologia\/#primaryimage","url":"https:\/\/www.institutodeengenharia.org.br\/site\/wp-content\/uploads\/2021\/10\/buildings-g16068fcc2_1920.jpg","contentUrl":"https:\/\/www.institutodeengenharia.org.br\/site\/wp-content\/uploads\/2021\/10\/buildings-g16068fcc2_1920.jpg","width":1920,"height":1227},{"@type":"BreadcrumbList","@id":"https:\/\/www.institutodeengenharia.org.br\/site\/2022\/01\/24\/arquitetura-em-fachadas-elegancia-e-eficiencia-energetica-unidas-em-nova-tecnologia\/#breadcrumb","itemListElement":[{"@type":"ListItem","position":1,"name":"In\u00edcio","item":"https:\/\/www.institutodeengenharia.org.br\/site\/"},{"@type":"ListItem","position":2,"name":"Arquitetura em fachadas, eleg\u00e2ncia e efici\u00eancia energ\u00e9tica unidas em nova tecnologia"}]},{"@type":"WebSite","@id":"https:\/\/www.institutodeengenharia.org.br\/site\/#website","url":"https:\/\/www.institutodeengenharia.org.br\/site\/","name":"Instituto de Engenharia","description":"O Instituto de Engenharia promove a Engenharia em benef\u00edcio do desenvolvimento e da qualidade de vida da sociedade.","publisher":{"@id":"https:\/\/www.institutodeengenharia.org.br\/site\/#organization"},"potentialAction":[{"@type":"SearchAction","target":{"@type":"EntryPoint","urlTemplate":"https:\/\/www.institutodeengenharia.org.br\/site\/?s={search_term_string}"},"query-input":{"@type":"PropertyValueSpecification","valueRequired":true,"valueName":"search_term_string"}}],"inLanguage":"pt-BR"},{"@type":"Organization","@id":"https:\/\/www.institutodeengenharia.org.br\/site\/#organization","name":"Instituto de Engenharia","url":"https:\/\/www.institutodeengenharia.org.br\/site\/","logo":{"@type":"ImageObject","inLanguage":"pt-BR","@id":"https:\/\/www.institutodeengenharia.org.br\/site\/#\/schema\/logo\/image\/","url":"https:\/\/www.institutodeengenharia.org.br\/site\/wp-content\/uploads\/2019\/03\/logo-novo-IE2018-1.jpg","contentUrl":"https:\/\/www.institutodeengenharia.org.br\/site\/wp-content\/uploads\/2019\/03\/logo-novo-IE2018-1.jpg","width":1486,"height":1879,"caption":"Instituto de Engenharia"},"image":{"@id":"https:\/\/www.institutodeengenharia.org.br\/site\/#\/schema\/logo\/image\/"},"sameAs":["https:\/\/www.facebook.com\/institutodeengenharia","https:\/\/x.com\/iengenharia","https:\/\/www.instagram.com\/institutodeengenharia\/","https:\/\/www.linkedin.com\/company\/instituto-de-engenharia\/","https:\/\/www.youtube.com\/channel\/UCXiCAlsSMe977vamW915HxA"]},{"@type":"Person","@id":"https:\/\/www.institutodeengenharia.org.br\/site\/#\/schema\/person\/aeb64951c405e100d26d30b033dd423f","name":"Bianca","image":{"@type":"ImageObject","inLanguage":"pt-BR","@id":"https:\/\/secure.gravatar.com\/avatar\/a6fbe9bff57405baf4c1e2c5c1811e072b558253974a9f9508f4678900c97c2a?s=96&d=mm&r=g","url":"https:\/\/secure.gravatar.com\/avatar\/a6fbe9bff57405baf4c1e2c5c1811e072b558253974a9f9508f4678900c97c2a?s=96&d=mm&r=g","contentUrl":"https:\/\/secure.gravatar.com\/avatar\/a6fbe9bff57405baf4c1e2c5c1811e072b558253974a9f9508f4678900c97c2a?s=96&d=mm&r=g","caption":"Bianca"},"url":"https:\/\/www.institutodeengenharia.org.br\/site\/author\/comunicacao1\/"}]}},"_links":{"self":[{"href":"https:\/\/www.institutodeengenharia.org.br\/site\/wp-json\/wp\/v2\/posts\/89062","targetHints":{"allow":["GET"]}}],"collection":[{"href":"https:\/\/www.institutodeengenharia.org.br\/site\/wp-json\/wp\/v2\/posts"}],"about":[{"href":"https:\/\/www.institutodeengenharia.org.br\/site\/wp-json\/wp\/v2\/types\/post"}],"author":[{"embeddable":true,"href":"https:\/\/www.institutodeengenharia.org.br\/site\/wp-json\/wp\/v2\/users\/13"}],"replies":[{"embeddable":true,"href":"https:\/\/www.institutodeengenharia.org.br\/site\/wp-json\/wp\/v2\/comments?post=89062"}],"version-history":[{"count":1,"href":"https:\/\/www.institutodeengenharia.org.br\/site\/wp-json\/wp\/v2\/posts\/89062\/revisions"}],"predecessor-version":[{"id":89063,"href":"https:\/\/www.institutodeengenharia.org.br\/site\/wp-json\/wp\/v2\/posts\/89062\/revisions\/89063"}],"wp:featuredmedia":[{"embeddable":true,"href":"https:\/\/www.institutodeengenharia.org.br\/site\/wp-json\/wp\/v2\/media\/87143"}],"wp:attachment":[{"href":"https:\/\/www.institutodeengenharia.org.br\/site\/wp-json\/wp\/v2\/media?parent=89062"}],"wp:term":[{"taxonomy":"category","embeddable":true,"href":"https:\/\/www.institutodeengenharia.org.br\/site\/wp-json\/wp\/v2\/categories?post=89062"},{"taxonomy":"post_tag","embeddable":true,"href":"https:\/\/www.institutodeengenharia.org.br\/site\/wp-json\/wp\/v2\/tags?post=89062"}],"curies":[{"name":"wp","href":"https:\/\/api.w.org\/{rel}","templated":true}]}}