{"id":88521,"date":"2021-12-07T15:28:06","date_gmt":"2021-12-07T18:28:06","guid":{"rendered":"https:\/\/www.institutodeengenharia.org.br\/site\/?p=88521"},"modified":"2021-12-07T15:28:06","modified_gmt":"2021-12-07T18:28:06","slug":"por-reginaldo-a-de-paiva-mobilidade-na-paulista","status":"publish","type":"post","link":"https:\/\/www.institutodeengenharia.org.br\/site\/2021\/12\/07\/por-reginaldo-a-de-paiva-mobilidade-na-paulista\/","title":{"rendered":"Por Reginaldo A. de Paiva &#8211; Mobilidade na Paulista"},"content":{"rendered":"<p style=\"text-align: center;\">HIST\u00d3RICO<\/p>\n<p style=\"text-align: left;\">\nEm 2008 a reforma das cal\u00e7adas da Paulista foi completada; este texto come\u00e7ou a ser elaborado em 2013, quando da abertura da ciclovia no canteiro central da avenida, \u00e9poca em que os conceitos de \u201cruas completas\u201d surgiram nas mesas de alguns urbanistas de plant\u00e3o.<\/p>\n<p style=\"text-align: left;\">Como ponto inicial, destaco minha discord\u00e2ncia com a configura\u00e7\u00e3o da avenida como um exemplo de acessibilidade sem igual na Am\u00e9rica Latina, na defini\u00e7\u00e3o do ex-secret\u00e1rio Andrea Matarazzo: \u201cA Paulista \u00e9, definitivamente, um local de todos. E hoje este car\u00e1ter est\u00e1 renovado, quando a avenida torna-se, de fato, um espa\u00e7o universal. A revitaliza\u00e7\u00e3o das cal\u00e7adas finalizada em 2008 permitiu que a via se tornasse um exemplo de acessibilidade sem igual na Am\u00e9rica Latina, possibilitando melhores condi\u00e7\u00f5es de mobilidade com conforto para todos, sobretudo \u00e0queles que mais precisam. Al\u00e9m de diversa e din\u00e2mica, a Paulista transformouse, enfim, em um local inclusivo e acolhedor para todo paulistano\u201d.<\/p>\n<p style=\"text-align: right;\"><em>ANDREA MATARAZZO (A import\u00e2ncia da Av. Paulista)<\/em><\/p>\n<p>&nbsp;<\/p>\n<p style=\"text-align: center;\"><strong><a href=\"https:\/\/www.institutodeengenharia.org.br\/site\/wp-content\/uploads\/2021\/12\/Mobilidade-na-Paulista.pdf\">Clique aqui para ler o artigo completo<\/a><\/strong><\/p>\n<p>_______________________________________________________________________<\/p>\n<p><img loading=\"lazy\" decoding=\"async\" class=\"alignnone size-full wp-image-41624 td-animation-stack-type0-2\" src=\"https:\/\/www.institutodeengenharia.org.br\/site\/wp-content\/uploads\/2019\/04\/reginaldo-A.-Paiva.jpg\" alt=\"\" width=\"134\" height=\"88\" \/><\/p>\n<p><strong>REGINALDO A. DE PAIVA*<\/strong><\/p>\n<p>Diretor secret\u00e1rio da Diretoria Executiva (2014\/2015); representante do Instituto de Engenharia na Comiss\u00e3o Pr\u00e9-Centro e na Opera\u00e7\u00e3o Urbana \u00c1guas Espraiadas e na Comiss\u00e3o Licitat\u00f3ria de Concess\u00f5es Rodovi\u00e1rias (Secretaria de Estado dos Transportes); membro do Conselho Editorial da Revista Engenharia.<\/p>\n<p>*<em>Os artigos publicados com assinatura, n\u00e3o traduzem necessariamente a opini\u00e3o do Instituto de Engenharia. Sua publica\u00e7\u00e3o obedece ao prop\u00f3sito de estimular o debate dos problemas brasileiros e de refletir as diversas tend\u00eancias do pensamento contempor\u00e2neo.<\/em><\/p>\n","protected":false},"excerpt":{"rendered":"<p>HIST\u00d3RICO Em 2008 a reforma das cal\u00e7adas da Paulista foi completada; este texto come\u00e7ou a ser elaborado em 2013, quando da abertura da ciclovia no canteiro central da avenida, \u00e9poca em que os conceitos de \u201cruas completas\u201d surgiram nas mesas de alguns urbanistas de plant\u00e3o. Como ponto inicial, destaco minha discord\u00e2ncia com a configura\u00e7\u00e3o da [&hellip;]<\/p>\n","protected":false},"author":13,"featured_media":88528,"comment_status":"open","ping_status":"open","sticky":false,"template":"","format":"standard","meta":{"footnotes":""},"categories":[11,103],"tags":[],"class_list":{"0":"post-88521","1":"post","2":"type-post","3":"status-publish","4":"format-standard","5":"has-post-thumbnail","7":"category-articulistas","8":"category-reginaldo-a-de-paiva"},"yoast_head":"<!-- This site is optimized with the Yoast SEO plugin v27.2 - https:\/\/yoast.com\/product\/yoast-seo-wordpress\/ -->\n<title>Por Reginaldo A. de Paiva - Mobilidade na Paulista - Instituto de Engenharia<\/title>\n<meta name=\"robots\" content=\"index, follow, max-snippet:-1, max-image-preview:large, max-video-preview:-1\" \/>\n<link rel=\"canonical\" href=\"https:\/\/www.institutodeengenharia.org.br\/site\/2021\/12\/07\/por-reginaldo-a-de-paiva-mobilidade-na-paulista\/\" \/>\n<meta property=\"og:locale\" content=\"pt_BR\" \/>\n<meta property=\"og:type\" content=\"article\" \/>\n<meta property=\"og:title\" content=\"Por Reginaldo A. de Paiva - Mobilidade na Paulista\" \/>\n<meta property=\"og:description\" content=\"Em 2008 a reforma das cal\u00e7adas da Paulista foi completada; este texto come\u00e7ou a ser elaborado em 2013, quando da abertura da ciclovia no canteiro central da avenida, \u00e9poca em que os conceitos de \u201cruas completas\u201d surgiram nas mesas de alguns urbanistas de plant\u00e3o.\" \/>\n<meta property=\"og:url\" content=\"https:\/\/www.institutodeengenharia.org.br\/site\/2021\/12\/07\/por-reginaldo-a-de-paiva-mobilidade-na-paulista\/\" \/>\n<meta property=\"og:site_name\" content=\"Instituto de Engenharia\" \/>\n<meta property=\"article:publisher\" content=\"https:\/\/www.facebook.com\/institutodeengenharia\" \/>\n<meta property=\"article:published_time\" content=\"2021-12-07T18:28:06+00:00\" \/>\n<meta property=\"og:image\" content=\"https:\/\/www.institutodeengenharia.org.br\/site\/wp-content\/uploads\/2021\/12\/avenida-paulista-g60dafd166_1920.jpg\" \/>\n\t<meta property=\"og:image:width\" content=\"1920\" \/>\n\t<meta property=\"og:image:height\" content=\"1280\" \/>\n\t<meta property=\"og:image:type\" content=\"image\/jpeg\" \/>\n<meta name=\"author\" content=\"Bianca\" \/>\n<meta name=\"twitter:card\" content=\"summary_large_image\" \/>\n<meta name=\"twitter:title\" content=\"Por Reginaldo A. de Paiva - Mobilidade na Paulista\" \/>\n<meta name=\"twitter:description\" content=\"Em 2008 a reforma das cal\u00e7adas da Paulista foi completada; este texto come\u00e7ou a ser elaborado em 2013, quando da abertura da ciclovia no canteiro central da avenida, \u00e9poca em que os conceitos de \u201cruas completas\u201d surgiram nas mesas de alguns urbanistas de plant\u00e3o.\" \/>\n<meta name=\"twitter:image\" content=\"https:\/\/www.institutodeengenharia.org.br\/site\/wp-content\/uploads\/2021\/12\/avenida-paulista-g60dafd166_1920.jpg\" \/>\n<meta name=\"twitter:creator\" content=\"@iengenharia\" \/>\n<meta name=\"twitter:site\" content=\"@iengenharia\" \/>\n<meta name=\"twitter:label1\" content=\"Escrito por\" \/>\n\t<meta name=\"twitter:data1\" content=\"Bianca\" \/>\n\t<meta name=\"twitter:label2\" content=\"Est. tempo de leitura\" \/>\n\t<meta name=\"twitter:data2\" content=\"2 minutos\" \/>\n<script type=\"application\/ld+json\" class=\"yoast-schema-graph\">{\"@context\":\"https:\/\/schema.org\",\"@graph\":[{\"@type\":\"Article\",\"@id\":\"https:\/\/www.institutodeengenharia.org.br\/site\/2021\/12\/07\/por-reginaldo-a-de-paiva-mobilidade-na-paulista\/#article\",\"isPartOf\":{\"@id\":\"https:\/\/www.institutodeengenharia.org.br\/site\/2021\/12\/07\/por-reginaldo-a-de-paiva-mobilidade-na-paulista\/\"},\"author\":{\"name\":\"Bianca\",\"@id\":\"https:\/\/www.institutodeengenharia.org.br\/site\/#\/schema\/person\/aeb64951c405e100d26d30b033dd423f\"},\"headline\":\"Por Reginaldo A. de Paiva &#8211; Mobilidade na Paulista\",\"datePublished\":\"2021-12-07T18:28:06+00:00\",\"mainEntityOfPage\":{\"@id\":\"https:\/\/www.institutodeengenharia.org.br\/site\/2021\/12\/07\/por-reginaldo-a-de-paiva-mobilidade-na-paulista\/\"},\"wordCount\":278,\"commentCount\":0,\"publisher\":{\"@id\":\"https:\/\/www.institutodeengenharia.org.br\/site\/#organization\"},\"image\":{\"@id\":\"https:\/\/www.institutodeengenharia.org.br\/site\/2021\/12\/07\/por-reginaldo-a-de-paiva-mobilidade-na-paulista\/#primaryimage\"},\"thumbnailUrl\":\"https:\/\/www.institutodeengenharia.org.br\/site\/wp-content\/uploads\/2021\/12\/avenida-paulista-g60dafd166_1920.webp\",\"articleSection\":[\"Articulistas\",\"Reginaldo A. de Paiva\"],\"inLanguage\":\"pt-BR\",\"potentialAction\":[{\"@type\":\"CommentAction\",\"name\":\"Comment\",\"target\":[\"https:\/\/www.institutodeengenharia.org.br\/site\/2021\/12\/07\/por-reginaldo-a-de-paiva-mobilidade-na-paulista\/#respond\"]}]},{\"@type\":\"WebPage\",\"@id\":\"https:\/\/www.institutodeengenharia.org.br\/site\/2021\/12\/07\/por-reginaldo-a-de-paiva-mobilidade-na-paulista\/\",\"url\":\"https:\/\/www.institutodeengenharia.org.br\/site\/2021\/12\/07\/por-reginaldo-a-de-paiva-mobilidade-na-paulista\/\",\"name\":\"Por Reginaldo A. de Paiva - Mobilidade na Paulista - Instituto de Engenharia\",\"isPartOf\":{\"@id\":\"https:\/\/www.institutodeengenharia.org.br\/site\/#website\"},\"primaryImageOfPage\":{\"@id\":\"https:\/\/www.institutodeengenharia.org.br\/site\/2021\/12\/07\/por-reginaldo-a-de-paiva-mobilidade-na-paulista\/#primaryimage\"},\"image\":{\"@id\":\"https:\/\/www.institutodeengenharia.org.br\/site\/2021\/12\/07\/por-reginaldo-a-de-paiva-mobilidade-na-paulista\/#primaryimage\"},\"thumbnailUrl\":\"https:\/\/www.institutodeengenharia.org.br\/site\/wp-content\/uploads\/2021\/12\/avenida-paulista-g60dafd166_1920.webp\",\"datePublished\":\"2021-12-07T18:28:06+00:00\",\"breadcrumb\":{\"@id\":\"https:\/\/www.institutodeengenharia.org.br\/site\/2021\/12\/07\/por-reginaldo-a-de-paiva-mobilidade-na-paulista\/#breadcrumb\"},\"inLanguage\":\"pt-BR\",\"potentialAction\":[{\"@type\":\"ReadAction\",\"target\":[\"https:\/\/www.institutodeengenharia.org.br\/site\/2021\/12\/07\/por-reginaldo-a-de-paiva-mobilidade-na-paulista\/\"]}]},{\"@type\":\"ImageObject\",\"inLanguage\":\"pt-BR\",\"@id\":\"https:\/\/www.institutodeengenharia.org.br\/site\/2021\/12\/07\/por-reginaldo-a-de-paiva-mobilidade-na-paulista\/#primaryimage\",\"url\":\"https:\/\/www.institutodeengenharia.org.br\/site\/wp-content\/uploads\/2021\/12\/avenida-paulista-g60dafd166_1920.webp\",\"contentUrl\":\"https:\/\/www.institutodeengenharia.org.br\/site\/wp-content\/uploads\/2021\/12\/avenida-paulista-g60dafd166_1920.webp\",\"width\":1920,\"height\":1280},{\"@type\":\"BreadcrumbList\",\"@id\":\"https:\/\/www.institutodeengenharia.org.br\/site\/2021\/12\/07\/por-reginaldo-a-de-paiva-mobilidade-na-paulista\/#breadcrumb\",\"itemListElement\":[{\"@type\":\"ListItem\",\"position\":1,\"name\":\"In\u00edcio\",\"item\":\"https:\/\/www.institutodeengenharia.org.br\/site\/\"},{\"@type\":\"ListItem\",\"position\":2,\"name\":\"Por Reginaldo A. de Paiva &#8211; Mobilidade na Paulista\"}]},{\"@type\":\"WebSite\",\"@id\":\"https:\/\/www.institutodeengenharia.org.br\/site\/#website\",\"url\":\"https:\/\/www.institutodeengenharia.org.br\/site\/\",\"name\":\"Instituto de Engenharia\",\"description\":\"O Instituto de Engenharia promove a Engenharia em benef\u00edcio do desenvolvimento e da qualidade de vida da sociedade.\",\"publisher\":{\"@id\":\"https:\/\/www.institutodeengenharia.org.br\/site\/#organization\"},\"potentialAction\":[{\"@type\":\"SearchAction\",\"target\":{\"@type\":\"EntryPoint\",\"urlTemplate\":\"https:\/\/www.institutodeengenharia.org.br\/site\/?s={search_term_string}\"},\"query-input\":{\"@type\":\"PropertyValueSpecification\",\"valueRequired\":true,\"valueName\":\"search_term_string\"}}],\"inLanguage\":\"pt-BR\"},{\"@type\":\"Organization\",\"@id\":\"https:\/\/www.institutodeengenharia.org.br\/site\/#organization\",\"name\":\"Instituto de Engenharia\",\"url\":\"https:\/\/www.institutodeengenharia.org.br\/site\/\",\"logo\":{\"@type\":\"ImageObject\",\"inLanguage\":\"pt-BR\",\"@id\":\"https:\/\/www.institutodeengenharia.org.br\/site\/#\/schema\/logo\/image\/\",\"url\":\"https:\/\/www.institutodeengenharia.org.br\/site\/wp-content\/uploads\/2019\/03\/logo-novo-IE2018-1.jpg\",\"contentUrl\":\"https:\/\/www.institutodeengenharia.org.br\/site\/wp-content\/uploads\/2019\/03\/logo-novo-IE2018-1.jpg\",\"width\":1486,\"height\":1879,\"caption\":\"Instituto de Engenharia\"},\"image\":{\"@id\":\"https:\/\/www.institutodeengenharia.org.br\/site\/#\/schema\/logo\/image\/\"},\"sameAs\":[\"https:\/\/www.facebook.com\/institutodeengenharia\",\"https:\/\/x.com\/iengenharia\",\"https:\/\/www.instagram.com\/institutodeengenharia\/\",\"https:\/\/www.linkedin.com\/company\/instituto-de-engenharia\/\",\"https:\/\/www.youtube.com\/channel\/UCXiCAlsSMe977vamW915HxA\"]},{\"@type\":\"Person\",\"@id\":\"https:\/\/www.institutodeengenharia.org.br\/site\/#\/schema\/person\/aeb64951c405e100d26d30b033dd423f\",\"name\":\"Bianca\",\"image\":{\"@type\":\"ImageObject\",\"inLanguage\":\"pt-BR\",\"@id\":\"https:\/\/secure.gravatar.com\/avatar\/a6fbe9bff57405baf4c1e2c5c1811e072b558253974a9f9508f4678900c97c2a?s=96&d=mm&r=g\",\"url\":\"https:\/\/secure.gravatar.com\/avatar\/a6fbe9bff57405baf4c1e2c5c1811e072b558253974a9f9508f4678900c97c2a?s=96&d=mm&r=g\",\"contentUrl\":\"https:\/\/secure.gravatar.com\/avatar\/a6fbe9bff57405baf4c1e2c5c1811e072b558253974a9f9508f4678900c97c2a?s=96&d=mm&r=g\",\"caption\":\"Bianca\"},\"url\":\"https:\/\/www.institutodeengenharia.org.br\/site\/author\/comunicacao1\/\"}]}<\/script>\n<!-- \/ Yoast SEO plugin. -->","yoast_head_json":{"title":"Por Reginaldo A. de Paiva - Mobilidade na Paulista - Instituto de Engenharia","robots":{"index":"index","follow":"follow","max-snippet":"max-snippet:-1","max-image-preview":"max-image-preview:large","max-video-preview":"max-video-preview:-1"},"canonical":"https:\/\/www.institutodeengenharia.org.br\/site\/2021\/12\/07\/por-reginaldo-a-de-paiva-mobilidade-na-paulista\/","og_locale":"pt_BR","og_type":"article","og_title":"Por Reginaldo A. de Paiva - Mobilidade na Paulista","og_description":"Em 2008 a reforma das cal\u00e7adas da Paulista foi completada; este texto come\u00e7ou a ser elaborado em 2013, quando da abertura da ciclovia no canteiro central da avenida, \u00e9poca em que os conceitos de \u201cruas completas\u201d surgiram nas mesas de alguns urbanistas de plant\u00e3o.","og_url":"https:\/\/www.institutodeengenharia.org.br\/site\/2021\/12\/07\/por-reginaldo-a-de-paiva-mobilidade-na-paulista\/","og_site_name":"Instituto de Engenharia","article_publisher":"https:\/\/www.facebook.com\/institutodeengenharia","article_published_time":"2021-12-07T18:28:06+00:00","og_image":[{"width":1920,"height":1280,"url":"https:\/\/www.institutodeengenharia.org.br\/site\/wp-content\/uploads\/2021\/12\/avenida-paulista-g60dafd166_1920.jpg","type":"image\/jpeg"}],"author":"Bianca","twitter_card":"summary_large_image","twitter_title":"Por Reginaldo A. de Paiva - Mobilidade na Paulista","twitter_description":"Em 2008 a reforma das cal\u00e7adas da Paulista foi completada; este texto come\u00e7ou a ser elaborado em 2013, quando da abertura da ciclovia no canteiro central da avenida, \u00e9poca em que os conceitos de \u201cruas completas\u201d surgiram nas mesas de alguns urbanistas de plant\u00e3o.","twitter_image":"https:\/\/www.institutodeengenharia.org.br\/site\/wp-content\/uploads\/2021\/12\/avenida-paulista-g60dafd166_1920.jpg","twitter_creator":"@iengenharia","twitter_site":"@iengenharia","twitter_misc":{"Escrito por":"Bianca","Est. tempo de leitura":"2 minutos"},"schema":{"@context":"https:\/\/schema.org","@graph":[{"@type":"Article","@id":"https:\/\/www.institutodeengenharia.org.br\/site\/2021\/12\/07\/por-reginaldo-a-de-paiva-mobilidade-na-paulista\/#article","isPartOf":{"@id":"https:\/\/www.institutodeengenharia.org.br\/site\/2021\/12\/07\/por-reginaldo-a-de-paiva-mobilidade-na-paulista\/"},"author":{"name":"Bianca","@id":"https:\/\/www.institutodeengenharia.org.br\/site\/#\/schema\/person\/aeb64951c405e100d26d30b033dd423f"},"headline":"Por Reginaldo A. de Paiva &#8211; Mobilidade na Paulista","datePublished":"2021-12-07T18:28:06+00:00","mainEntityOfPage":{"@id":"https:\/\/www.institutodeengenharia.org.br\/site\/2021\/12\/07\/por-reginaldo-a-de-paiva-mobilidade-na-paulista\/"},"wordCount":278,"commentCount":0,"publisher":{"@id":"https:\/\/www.institutodeengenharia.org.br\/site\/#organization"},"image":{"@id":"https:\/\/www.institutodeengenharia.org.br\/site\/2021\/12\/07\/por-reginaldo-a-de-paiva-mobilidade-na-paulista\/#primaryimage"},"thumbnailUrl":"https:\/\/www.institutodeengenharia.org.br\/site\/wp-content\/uploads\/2021\/12\/avenida-paulista-g60dafd166_1920.webp","articleSection":["Articulistas","Reginaldo A. de Paiva"],"inLanguage":"pt-BR","potentialAction":[{"@type":"CommentAction","name":"Comment","target":["https:\/\/www.institutodeengenharia.org.br\/site\/2021\/12\/07\/por-reginaldo-a-de-paiva-mobilidade-na-paulista\/#respond"]}]},{"@type":"WebPage","@id":"https:\/\/www.institutodeengenharia.org.br\/site\/2021\/12\/07\/por-reginaldo-a-de-paiva-mobilidade-na-paulista\/","url":"https:\/\/www.institutodeengenharia.org.br\/site\/2021\/12\/07\/por-reginaldo-a-de-paiva-mobilidade-na-paulista\/","name":"Por Reginaldo A. de Paiva - Mobilidade na Paulista - Instituto de Engenharia","isPartOf":{"@id":"https:\/\/www.institutodeengenharia.org.br\/site\/#website"},"primaryImageOfPage":{"@id":"https:\/\/www.institutodeengenharia.org.br\/site\/2021\/12\/07\/por-reginaldo-a-de-paiva-mobilidade-na-paulista\/#primaryimage"},"image":{"@id":"https:\/\/www.institutodeengenharia.org.br\/site\/2021\/12\/07\/por-reginaldo-a-de-paiva-mobilidade-na-paulista\/#primaryimage"},"thumbnailUrl":"https:\/\/www.institutodeengenharia.org.br\/site\/wp-content\/uploads\/2021\/12\/avenida-paulista-g60dafd166_1920.webp","datePublished":"2021-12-07T18:28:06+00:00","breadcrumb":{"@id":"https:\/\/www.institutodeengenharia.org.br\/site\/2021\/12\/07\/por-reginaldo-a-de-paiva-mobilidade-na-paulista\/#breadcrumb"},"inLanguage":"pt-BR","potentialAction":[{"@type":"ReadAction","target":["https:\/\/www.institutodeengenharia.org.br\/site\/2021\/12\/07\/por-reginaldo-a-de-paiva-mobilidade-na-paulista\/"]}]},{"@type":"ImageObject","inLanguage":"pt-BR","@id":"https:\/\/www.institutodeengenharia.org.br\/site\/2021\/12\/07\/por-reginaldo-a-de-paiva-mobilidade-na-paulista\/#primaryimage","url":"https:\/\/www.institutodeengenharia.org.br\/site\/wp-content\/uploads\/2021\/12\/avenida-paulista-g60dafd166_1920.webp","contentUrl":"https:\/\/www.institutodeengenharia.org.br\/site\/wp-content\/uploads\/2021\/12\/avenida-paulista-g60dafd166_1920.webp","width":1920,"height":1280},{"@type":"BreadcrumbList","@id":"https:\/\/www.institutodeengenharia.org.br\/site\/2021\/12\/07\/por-reginaldo-a-de-paiva-mobilidade-na-paulista\/#breadcrumb","itemListElement":[{"@type":"ListItem","position":1,"name":"In\u00edcio","item":"https:\/\/www.institutodeengenharia.org.br\/site\/"},{"@type":"ListItem","position":2,"name":"Por Reginaldo A. de Paiva &#8211; Mobilidade na Paulista"}]},{"@type":"WebSite","@id":"https:\/\/www.institutodeengenharia.org.br\/site\/#website","url":"https:\/\/www.institutodeengenharia.org.br\/site\/","name":"Instituto de Engenharia","description":"O Instituto de Engenharia promove a Engenharia em benef\u00edcio do desenvolvimento e da qualidade de vida da sociedade.","publisher":{"@id":"https:\/\/www.institutodeengenharia.org.br\/site\/#organization"},"potentialAction":[{"@type":"SearchAction","target":{"@type":"EntryPoint","urlTemplate":"https:\/\/www.institutodeengenharia.org.br\/site\/?s={search_term_string}"},"query-input":{"@type":"PropertyValueSpecification","valueRequired":true,"valueName":"search_term_string"}}],"inLanguage":"pt-BR"},{"@type":"Organization","@id":"https:\/\/www.institutodeengenharia.org.br\/site\/#organization","name":"Instituto de Engenharia","url":"https:\/\/www.institutodeengenharia.org.br\/site\/","logo":{"@type":"ImageObject","inLanguage":"pt-BR","@id":"https:\/\/www.institutodeengenharia.org.br\/site\/#\/schema\/logo\/image\/","url":"https:\/\/www.institutodeengenharia.org.br\/site\/wp-content\/uploads\/2019\/03\/logo-novo-IE2018-1.jpg","contentUrl":"https:\/\/www.institutodeengenharia.org.br\/site\/wp-content\/uploads\/2019\/03\/logo-novo-IE2018-1.jpg","width":1486,"height":1879,"caption":"Instituto de Engenharia"},"image":{"@id":"https:\/\/www.institutodeengenharia.org.br\/site\/#\/schema\/logo\/image\/"},"sameAs":["https:\/\/www.facebook.com\/institutodeengenharia","https:\/\/x.com\/iengenharia","https:\/\/www.instagram.com\/institutodeengenharia\/","https:\/\/www.linkedin.com\/company\/instituto-de-engenharia\/","https:\/\/www.youtube.com\/channel\/UCXiCAlsSMe977vamW915HxA"]},{"@type":"Person","@id":"https:\/\/www.institutodeengenharia.org.br\/site\/#\/schema\/person\/aeb64951c405e100d26d30b033dd423f","name":"Bianca","image":{"@type":"ImageObject","inLanguage":"pt-BR","@id":"https:\/\/secure.gravatar.com\/avatar\/a6fbe9bff57405baf4c1e2c5c1811e072b558253974a9f9508f4678900c97c2a?s=96&d=mm&r=g","url":"https:\/\/secure.gravatar.com\/avatar\/a6fbe9bff57405baf4c1e2c5c1811e072b558253974a9f9508f4678900c97c2a?s=96&d=mm&r=g","contentUrl":"https:\/\/secure.gravatar.com\/avatar\/a6fbe9bff57405baf4c1e2c5c1811e072b558253974a9f9508f4678900c97c2a?s=96&d=mm&r=g","caption":"Bianca"},"url":"https:\/\/www.institutodeengenharia.org.br\/site\/author\/comunicacao1\/"}]}},"_links":{"self":[{"href":"https:\/\/www.institutodeengenharia.org.br\/site\/wp-json\/wp\/v2\/posts\/88521","targetHints":{"allow":["GET"]}}],"collection":[{"href":"https:\/\/www.institutodeengenharia.org.br\/site\/wp-json\/wp\/v2\/posts"}],"about":[{"href":"https:\/\/www.institutodeengenharia.org.br\/site\/wp-json\/wp\/v2\/types\/post"}],"author":[{"embeddable":true,"href":"https:\/\/www.institutodeengenharia.org.br\/site\/wp-json\/wp\/v2\/users\/13"}],"replies":[{"embeddable":true,"href":"https:\/\/www.institutodeengenharia.org.br\/site\/wp-json\/wp\/v2\/comments?post=88521"}],"version-history":[{"count":1,"href":"https:\/\/www.institutodeengenharia.org.br\/site\/wp-json\/wp\/v2\/posts\/88521\/revisions"}],"predecessor-version":[{"id":88529,"href":"https:\/\/www.institutodeengenharia.org.br\/site\/wp-json\/wp\/v2\/posts\/88521\/revisions\/88529"}],"wp:featuredmedia":[{"embeddable":true,"href":"https:\/\/www.institutodeengenharia.org.br\/site\/wp-json\/wp\/v2\/media\/88528"}],"wp:attachment":[{"href":"https:\/\/www.institutodeengenharia.org.br\/site\/wp-json\/wp\/v2\/media?parent=88521"}],"wp:term":[{"taxonomy":"category","embeddable":true,"href":"https:\/\/www.institutodeengenharia.org.br\/site\/wp-json\/wp\/v2\/categories?post=88521"},{"taxonomy":"post_tag","embeddable":true,"href":"https:\/\/www.institutodeengenharia.org.br\/site\/wp-json\/wp\/v2\/tags?post=88521"}],"curies":[{"name":"wp","href":"https:\/\/api.w.org\/{rel}","templated":true}]}}