{"id":88338,"date":"2021-11-29T11:58:29","date_gmt":"2021-11-29T14:58:29","guid":{"rendered":"https:\/\/www.institutodeengenharia.org.br\/site\/?p=88338"},"modified":"2021-11-29T11:58:29","modified_gmt":"2021-11-29T14:58:29","slug":"avaliacao-de-imoveis-historico-e-momento-atual","status":"publish","type":"post","link":"https:\/\/www.institutodeengenharia.org.br\/site\/2021\/11\/29\/avaliacao-de-imoveis-historico-e-momento-atual\/","title":{"rendered":"Avalia\u00e7\u00e3o de Im\u00f3veis \u2013 Hist\u00f3rico e momento atual"},"content":{"rendered":"<p><strong>Assista abaixo \u00e0 grava\u00e7\u00e3o do evento:\u00a0<\/strong><\/p>\n<p><iframe loading=\"lazy\" src=\"https:\/\/player.vimeo.com\/video\/650280606?h=b2b916e9ae\" width=\"640\" height=\"564\" frameborder=\"0\" allowfullscreen=\"allowfullscreen\"><\/iframe><\/p>\n<p><strong>+ Informa\u00e7\u00f5es:<\/strong><\/p>\n<p>A palestra \u00e9 destinada a engenheiros e t\u00e9cnicos que atuam em per\u00edcias, assim como as pessoas que querem ampliar seus conhecimentos sobre avalia\u00e7\u00e3o de im\u00f3veis.<\/p>\n<p><strong>P\u00fablico-alvo:<\/strong><\/p>\n<p>Profissionais do setor de engenharia civil, saneamento e recursos h\u00eddricos, estudantes de engenharia e interessados no geral sobre o tema.<\/p>\n<p><strong>Abertura\/Moderador:<\/strong><\/p>\n<p><img loading=\"lazy\" decoding=\"async\" class=\"alignnone wp-image-77749 td-animation-stack-type0-2\" src=\"https:\/\/www.institutodeengenharia.org.br\/site\/wp-content\/uploads\/2021\/02\/Ricardo-Imamura-217x300.jpg\" alt=\"\" width=\"143\" height=\"197\" srcset=\"https:\/\/www.institutodeengenharia.org.br\/site\/wp-content\/uploads\/2021\/02\/Ricardo-Imamura-217x300.jpg 217w, https:\/\/www.institutodeengenharia.org.br\/site\/wp-content\/uploads\/2021\/02\/Ricardo-Imamura-304x420.jpg 304w, https:\/\/www.institutodeengenharia.org.br\/site\/wp-content\/uploads\/2021\/02\/Ricardo-Imamura.jpg 513w\" sizes=\"auto, (max-width: 143px) 100vw, 143px\" \/><\/p>\n<p><strong>Eng. Ricardo Henrique de A. Imamura \u2013 Coordenador da Divis\u00e3o T\u00e9cnica de Avalia\u00e7\u00f5es e Per\u00edcias<\/strong><\/p>\n<p>Engenheiro Civil pela Escola de Engenharia de Lins, 1977.<\/p>\n<p>Engenheiro pela Empresa Consultora Hidroservice \u2013 Engenharia de Projetos Ltda., atuando na Unidade de Gest\u00e3o de Contratos e Custos, Elabora\u00e7\u00e3o de Propostas T\u00e9cnicas e Econ\u00f4mico-Financeiras e Comerciais.<\/p>\n<p>Engenheiro pela S.A. Ind\u00fastrias Votorantim, Assessor da Diretoria pela Empresa Consultora Matricial Projetos e Consultoria Ltda. S\u00f3cio.<\/p>\n<p>Propriet\u00e1rio da R.H. Imamura Peritos Consultores. S\u00f3cio Propriet\u00e1rio da Advisors Committee.<\/p>\n<p>Perito Judicial de diversas Varas C\u00edveis e da Fazenda P\u00fablica no Estado de S\u00e3o Paulo, desde 1978. Dentre sua experi\u00eancia como Perito Judicial, encontram-se a Elabora\u00e7\u00e3o de mais de 4.400 Laudos de Engenharia Legal de naturezas diversas ressaltando-se: Desapropria\u00e7\u00f5es; Servid\u00f5es, Avalia\u00e7\u00f5es, Engenharia Econ\u00f4mica (Contratos e Obras de Engenharia Civil); Gest\u00e3o de Custos de Projetos e Empreendimentos, Inspe\u00e7\u00e3o Predial, Ambientais, etc.<\/p>\n<p>Coordenador da Divis\u00e3o T\u00e9cnica de Avalia\u00e7\u00f5es e Per\u00edcias, Vice-Coordenador da Divis\u00e3o T\u00e9cnica de Compliance, Conselheiro e Perito Especialista da C\u00e2mara de Media\u00e7\u00e3o e Arbitragem do Instituto de Engenharia \u2013 S\u00e3o Paulo. Membro de diversas Associa\u00e7\u00f5es.<\/p>\n<p>Medalha de Ouro pelo Melhor Trabalho T\u00e9cnico de 2020, \u201cEngenharia de Per\u00edcias e Avalia\u00e7\u00f5es\u201d e Medalha de Ouro pela \u201cMelhor Avalia\u00e7\u00e3o qualitativa da Divis\u00e3o T\u00e9cnica de Avalia\u00e7\u00f5es e Per\u00edcias\u201d de 2020, pelo Instituto de Engenharia.<\/p>\n<p><strong>Co-moderadora:\u00a0<\/strong><\/p>\n<p><img loading=\"lazy\" decoding=\"async\" class=\"alignnone wp-image-66722 td-animation-stack-type0-2\" src=\"https:\/\/www.institutodeengenharia.org.br\/site\/wp-content\/uploads\/2020\/06\/debora-marinello.jpg\" alt=\"\" width=\"170\" height=\"162\" \/><\/p>\n<p><strong>D\u00e9bora Marinello \u2013 Diretora do Departamento de Desenvolvimento de Gest\u00e3o e Objetivos<\/strong><\/p>\n<p>Engenheira Civil pela Universidade Presbiteriana Mackenzie e T\u00e9cnica em Edifica\u00e7\u00f5es \u2013 Liceu de Artes e Of\u00edcios de S\u00e3o Paulo.<\/p>\n<p>P\u00f3s-graduada pelo IDD\/SP, sendo especialista em \u201cPatologia nas Obras Civis\u201d.<\/p>\n<p>P\u00f3s-graduada em Gerenciamento de Opera\u00e7\u00f5es na Constru\u00e7\u00e3o Civil pela Escola Polit\u00e9cnica da Universidade de S\u00e3o Paulo (Poli-USP).<\/p>\n<p>Aperfei\u00e7oamento em Avalia\u00e7\u00f5es de Im\u00f3veis Urbanos e Rurais e Avalia\u00e7\u00e3o de Alugu\u00e9is pelo Ibape-SP.<\/p>\n<p>Atua na \u00e1rea da Engenharia Diagn\u00f3stica realizando vistorias, inspe\u00e7\u00f5es prediais, auditorias, per\u00edcias e consultorias t\u00e9cnicas de edifica\u00e7\u00f5es para Condom\u00ednios residenciais e comerciais, construtoras e incorporadoras e tamb\u00e9m na \u00e1rea de Avalia\u00e7\u00f5es de Im\u00f3veis residenciais e comerciais.<\/p>\n<p>Assistente t\u00e9cnica junto a escrit\u00f3rios de advocacia e empresas de Engenharia.<\/p>\n<p>No Instituto de Engenharia, atualmente est\u00e1 como Diretora do Departamento de Desenvolvimento de Gest\u00e3o e Objetivos e membro das Divis\u00f5es T\u00e9cnicas de Avalia\u00e7\u00f5es e Per\u00edcias e de Engenharia Diagn\u00f3stica<\/p>\n<p>S\u00f3cia na empresa J. Cabral Per\u00edcias de Engenharia e Avalia\u00e7\u00f5es Ltda.<\/p>\n<p><strong>Palestrantes:<\/strong><\/p>\n<p><img loading=\"lazy\" decoding=\"async\" class=\"alignnone wp-image-87889 td-animation-stack-type0-2\" src=\"https:\/\/www.institutodeengenharia.org.br\/site\/wp-content\/uploads\/2021\/11\/evandro.png\" alt=\"\" width=\"144\" height=\"180\" \/><\/p>\n<p><strong>Evandro Henrique \u2013 Secret\u00e1rio da Divis\u00e3o T\u00e9cnica de Avalia\u00e7\u00f5es e Per\u00edcias<\/strong><\/p>\n<p>Engenheiro Civil pleno da categoria Consultor, graduado pela Universidade Anhembi Morumbi, T\u00e9cnico em Mec\u00e2nica pela ETE \u201cJ\u00falio de Mesquita\u201d, Tecn\u00f3logo em Mec\u00e2nica de Precis\u00e3o com \u00canfase em Mecatr\u00f4nica, p\u00f3s-graduado em Mec\u00e2nica Automobil\u00edstica na Funda\u00e7\u00e3o Educacional Inaciana Padre Sab\u00f3ia de Medeiros \u2013 FEI, portador do CREA\/SP 5069365365 \u2013 Membro titular do Instituto Brasileiro de Avalia\u00e7\u00f5es e Per\u00edcias de Engenharia de S\u00e3o Paulo \u2013 IBAPE\/SP, Secret\u00e1rio da Divis\u00e3o T\u00e9cnica de Avalia\u00e7\u00f5es e Per\u00edcias do IE, Membro da Associa\u00e7\u00e3o Parama\u00e7\u00f4nica de Peritos Judiciais, S\u00f3cio Propriet\u00e1rio da Henrique Engenharia. Perito Judicial desde 2.005, integrante do cadastro de peritos do TJSP. Atua em diversas Varas C\u00edveis e da Fazenda P\u00fablica da Capital, Vara Federal de Piracicaba, em diversos tipos de A\u00e7\u00f5es e, dentre sua experi\u00eancia como Perito Judicial encontram-se a Elabora\u00e7\u00e3o de mais de 3.000 Laudos T\u00e9cnicos de Engenharia Legal de naturezas diversas tais como: Laudos T\u00e9cnicos de Patologias em Im\u00f3veis e Estudo estrutural do bem; Engenharia Econ\u00f4mica relativo a Contratos de Obras P\u00fablicas e Privadas; Elabora\u00e7\u00e3o de Laudos T\u00e9cnicos de Avalia\u00e7\u00e3o de im\u00f3veis urbanos, rurais, industriais e outros; Elabora\u00e7\u00e3o de Laudo de Avalia\u00e7\u00e3o T\u00e9cnica de 2 Helic\u00f3pteros; Avalia\u00e7\u00f5es de mais de 2.000 bens m\u00f3veis; e Per\u00edcias Automotivas para detec\u00e7\u00e3o de defeitos ou v\u00edcios ocultos.<\/p>\n<p><img loading=\"lazy\" decoding=\"async\" class=\"alignnone size-full wp-image-68769 td-animation-stack-type0-2\" src=\"https:\/\/www.institutodeengenharia.org.br\/site\/wp-content\/uploads\/2020\/07\/jos%C3%A9-fiker.jpg\" alt=\"\" width=\"148\" height=\"201\" \/><\/p>\n<p><strong>Jos\u00e9 Fiker \u2013 Assessor Especial da Divis\u00e3o T\u00e9cnica de Avalia\u00e7\u00f5es e Per\u00edcias<\/strong><\/p>\n<p>Doutor em Semi\u00f3tica e Lingu\u00edstica Geral (com \u00eanfase em Laudos. Foi fundador e primeiro presidente da C\u00e2mara de Valores do IBAPE \u2013 Instituto Brasileiro de Avalia\u00e7\u00f5es e Per\u00edcias do Instituto de Engenharia, perito dos Tribunais de Al\u00e7ada e Justi\u00e7a. Assessor Especial da Divis\u00e3o T\u00e9cnica de Avalia\u00e7\u00f5es e Per\u00edcias do Instituto de Engenharia, graduado em portugu\u00eas, Latim e Lingu\u00edstica, Assessor Jur\u00eddico da Diretoria do IBAPE NACIONAL e Vice-presidente do IBAPE- SP . \u00c9 Diretor Presidente da EMBRAVAL \u2013 Empresa Brasileira de Avalia\u00e7\u00f5es S\/C Ltda. \u00c9 autor dos livros Manual de Reda\u00e7\u00e3o de Laudos, Avalia\u00e7\u00e3o de Im\u00f3veis Urbanos e A Per\u00edcia Judicial (este \u00faltimo em coautoria com o Eng\u00ba Joaquim da Rocha Medeiros), Manual Pr\u00e1tico de Avalia\u00e7\u00f5es e Per\u00edcias de Engenharia, todos da Editora Pini. Manual Pr\u00e1tico de Direito das Constru\u00e7\u00f5es, Linguagem do Laudo Pericial, Per\u00edcias e Avalia\u00e7\u00f5es Fundamentos Pr\u00e1ticos e Contesta\u00e7\u00e3o na Per\u00edcia Judicial todos da Editora Leud \u2013 Livraria Editora Universit\u00e1ria de Direito. O livro Linguagem do Laudo Pericial \u00e9 origin\u00e1rio da tese de Doutorado e do Melhor Trabalho do ano em colabora\u00e7\u00e3o com a classe do Instituto de Engenharia de 2004 e 2011, Medalha de Ouro. \u00c9 Advogado formado pela USP. J\u00e1 deu aula nas principais entidades ligadas a avalia\u00e7\u00f5es e per\u00edcias em todo o Brasil.<\/p>\n<p><strong>Realiza\u00e7\u00e3o:<\/strong><\/p>\n<p><strong>Eng. Ivan Metran Whately<\/strong>\u00a0\u2013 Vice-Presidente de Atividades T\u00e9cnicas<\/p>\n<p><strong>Eng.\u00aa D\u00e9bora Sanches de A. Marinello<\/strong>\u00a0\u2013 Diretora do Departamento de Desenvolvimento de Gest\u00e3o e Objetivos<\/p>\n<p><strong>Eng. Jos\u00e9 Fiker<\/strong>\u00a0\u2013 Assessor Especial da Divis\u00e3o T\u00e9cnica de Avalia\u00e7\u00f5es e Per\u00edcias<\/p>\n<p><strong>Eng. Ricardo Henrique de A. Imamura<\/strong>\u00a0\u2013 Coordenador da Divis\u00e3o T\u00e9cnica de Avalia\u00e7\u00f5es e Per\u00edcias<\/p>\n<p><strong>Eng.\u00aa Miriana Marques<\/strong>\u00a0\u2013 Vice-Coordenadora da Divis\u00e3o T\u00e9cnica de Avalia\u00e7\u00f5es e Per\u00edcias<\/p>\n<p><strong>Eng. Evandro Henrique<\/strong>\u00a0\u2013 Secret\u00e1rio da Divis\u00e3o T\u00e9cnica de Avalia\u00e7\u00f5es e Per\u00edcias<\/p>\n<p><strong>Apoio Institucional:<\/strong><\/p>\n<p><img loading=\"lazy\" decoding=\"async\" class=\"alignnone wp-image-77696 td-animation-stack-type0-2\" src=\"https:\/\/www.institutodeengenharia.org.br\/site\/wp-content\/uploads\/2021\/02\/crea-300x211.jpg\" alt=\"\" width=\"151\" height=\"106\" srcset=\"https:\/\/www.institutodeengenharia.org.br\/site\/wp-content\/uploads\/2021\/02\/crea-300x211.jpg 300w, https:\/\/www.institutodeengenharia.org.br\/site\/wp-content\/uploads\/2021\/02\/crea-100x70.jpg 100w, https:\/\/www.institutodeengenharia.org.br\/site\/wp-content\/uploads\/2021\/02\/crea.jpg 448w\" sizes=\"auto, (max-width: 151px) 100vw, 151px\" \/><\/p>\n<p><strong>Apoio \u00e0 forma\u00e7\u00e3o:\u00a0<\/strong><\/p>\n<p>Espa\u00e7o aberto ao CREA-SP, objetivando o aperfei\u00e7oamento dos profissionais e o aprimoramento da fiscaliza\u00e7\u00e3o das \u00e1reas abrangidas pelo Sistema Confea\/CREAs, al\u00e9m de promover a conscientiza\u00e7\u00e3o da sociedade quanto \u00e0 necessidade e obrigatoriedade de contratar um profissional devidamente habilitado.<\/p>\n<p>&nbsp;<\/p>\n","protected":false},"excerpt":{"rendered":"<p>Assista abaixo \u00e0 grava\u00e7\u00e3o do evento:\u00a0 + Informa\u00e7\u00f5es: A palestra \u00e9 destinada a engenheiros e t\u00e9cnicos que atuam em per\u00edcias, assim como as pessoas que querem ampliar seus conhecimentos sobre avalia\u00e7\u00e3o de im\u00f3veis. P\u00fablico-alvo: Profissionais do setor de engenharia civil, saneamento e recursos h\u00eddricos, estudantes de engenharia e interessados no geral sobre o tema. Abertura\/Moderador: [&hellip;]<\/p>\n","protected":false},"author":13,"featured_media":87997,"comment_status":"open","ping_status":"open","sticky":false,"template":"","format":"standard","meta":{"footnotes":""},"categories":[968,969],"tags":[],"class_list":{"0":"post-88338","1":"post","2":"type-post","3":"status-publish","4":"format-standard","5":"has-post-thumbnail","7":"category-nova-tv-engenharia","8":"category-palestra"},"yoast_head":"<!-- This site is optimized with the Yoast SEO plugin v27.2 - https:\/\/yoast.com\/product\/yoast-seo-wordpress\/ -->\n<title>Avalia\u00e7\u00e3o de Im\u00f3veis \u2013 Hist\u00f3rico e momento atual - Instituto de Engenharia<\/title>\n<meta name=\"robots\" content=\"index, follow, max-snippet:-1, max-image-preview:large, max-video-preview:-1\" \/>\n<link rel=\"canonical\" href=\"https:\/\/www.institutodeengenharia.org.br\/site\/2021\/11\/29\/avaliacao-de-imoveis-historico-e-momento-atual\/\" \/>\n<meta property=\"og:locale\" content=\"pt_BR\" \/>\n<meta property=\"og:type\" content=\"article\" \/>\n<meta property=\"og:title\" content=\"Avalia\u00e7\u00e3o de Im\u00f3veis \u2013 Hist\u00f3rico e momento atual\" \/>\n<meta property=\"og:description\" content=\"Assista abaixo \u00e0 grava\u00e7\u00e3o do evento\" \/>\n<meta property=\"og:url\" content=\"https:\/\/www.institutodeengenharia.org.br\/site\/2021\/11\/29\/avaliacao-de-imoveis-historico-e-momento-atual\/\" \/>\n<meta property=\"og:site_name\" content=\"Instituto de Engenharia\" \/>\n<meta property=\"article:publisher\" content=\"https:\/\/www.facebook.com\/institutodeengenharia\" \/>\n<meta property=\"article:published_time\" content=\"2021-11-29T14:58:29+00:00\" \/>\n<meta property=\"og:image\" content=\"https:\/\/www.institutodeengenharia.org.br\/site\/wp-content\/uploads\/2021\/11\/MicrosoftTeams-image-32.jpg\" \/>\n\t<meta property=\"og:image:width\" content=\"1623\" \/>\n\t<meta property=\"og:image:height\" content=\"935\" \/>\n\t<meta property=\"og:image:type\" content=\"image\/jpeg\" \/>\n<meta name=\"author\" content=\"Bianca\" \/>\n<meta name=\"twitter:card\" content=\"summary_large_image\" \/>\n<meta name=\"twitter:title\" content=\"Avalia\u00e7\u00e3o de Im\u00f3veis \u2013 Hist\u00f3rico e momento atual\" \/>\n<meta name=\"twitter:description\" content=\"Assista abaixo \u00e0 grava\u00e7\u00e3o do evento\" \/>\n<meta name=\"twitter:image\" content=\"https:\/\/www.institutodeengenharia.org.br\/site\/wp-content\/uploads\/2021\/11\/MicrosoftTeams-image-32.jpg\" \/>\n<meta name=\"twitter:creator\" content=\"@iengenharia\" \/>\n<meta name=\"twitter:site\" content=\"@iengenharia\" \/>\n<meta name=\"twitter:label1\" content=\"Escrito por\" \/>\n\t<meta name=\"twitter:data1\" content=\"Bianca\" \/>\n\t<meta name=\"twitter:label2\" content=\"Est. tempo de leitura\" \/>\n\t<meta name=\"twitter:data2\" content=\"6 minutos\" \/>\n<script type=\"application\/ld+json\" class=\"yoast-schema-graph\">{\"@context\":\"https:\/\/schema.org\",\"@graph\":[{\"@type\":\"Article\",\"@id\":\"https:\/\/www.institutodeengenharia.org.br\/site\/2021\/11\/29\/avaliacao-de-imoveis-historico-e-momento-atual\/#article\",\"isPartOf\":{\"@id\":\"https:\/\/www.institutodeengenharia.org.br\/site\/2021\/11\/29\/avaliacao-de-imoveis-historico-e-momento-atual\/\"},\"author\":{\"name\":\"Bianca\",\"@id\":\"https:\/\/www.institutodeengenharia.org.br\/site\/#\/schema\/person\/aeb64951c405e100d26d30b033dd423f\"},\"headline\":\"Avalia\u00e7\u00e3o de Im\u00f3veis \u2013 Hist\u00f3rico e momento atual\",\"datePublished\":\"2021-11-29T14:58:29+00:00\",\"mainEntityOfPage\":{\"@id\":\"https:\/\/www.institutodeengenharia.org.br\/site\/2021\/11\/29\/avaliacao-de-imoveis-historico-e-momento-atual\/\"},\"wordCount\":1158,\"commentCount\":0,\"publisher\":{\"@id\":\"https:\/\/www.institutodeengenharia.org.br\/site\/#organization\"},\"image\":{\"@id\":\"https:\/\/www.institutodeengenharia.org.br\/site\/2021\/11\/29\/avaliacao-de-imoveis-historico-e-momento-atual\/#primaryimage\"},\"thumbnailUrl\":\"https:\/\/www.institutodeengenharia.org.br\/site\/wp-content\/uploads\/2021\/11\/MicrosoftTeams-image-32.jpg\",\"articleSection\":[\"Nova TV Engenharia\",\"Palestra\"],\"inLanguage\":\"pt-BR\",\"potentialAction\":[{\"@type\":\"CommentAction\",\"name\":\"Comment\",\"target\":[\"https:\/\/www.institutodeengenharia.org.br\/site\/2021\/11\/29\/avaliacao-de-imoveis-historico-e-momento-atual\/#respond\"]}]},{\"@type\":\"WebPage\",\"@id\":\"https:\/\/www.institutodeengenharia.org.br\/site\/2021\/11\/29\/avaliacao-de-imoveis-historico-e-momento-atual\/\",\"url\":\"https:\/\/www.institutodeengenharia.org.br\/site\/2021\/11\/29\/avaliacao-de-imoveis-historico-e-momento-atual\/\",\"name\":\"Avalia\u00e7\u00e3o de Im\u00f3veis \u2013 Hist\u00f3rico e momento atual - Instituto de Engenharia\",\"isPartOf\":{\"@id\":\"https:\/\/www.institutodeengenharia.org.br\/site\/#website\"},\"primaryImageOfPage\":{\"@id\":\"https:\/\/www.institutodeengenharia.org.br\/site\/2021\/11\/29\/avaliacao-de-imoveis-historico-e-momento-atual\/#primaryimage\"},\"image\":{\"@id\":\"https:\/\/www.institutodeengenharia.org.br\/site\/2021\/11\/29\/avaliacao-de-imoveis-historico-e-momento-atual\/#primaryimage\"},\"thumbnailUrl\":\"https:\/\/www.institutodeengenharia.org.br\/site\/wp-content\/uploads\/2021\/11\/MicrosoftTeams-image-32.jpg\",\"datePublished\":\"2021-11-29T14:58:29+00:00\",\"breadcrumb\":{\"@id\":\"https:\/\/www.institutodeengenharia.org.br\/site\/2021\/11\/29\/avaliacao-de-imoveis-historico-e-momento-atual\/#breadcrumb\"},\"inLanguage\":\"pt-BR\",\"potentialAction\":[{\"@type\":\"ReadAction\",\"target\":[\"https:\/\/www.institutodeengenharia.org.br\/site\/2021\/11\/29\/avaliacao-de-imoveis-historico-e-momento-atual\/\"]}]},{\"@type\":\"ImageObject\",\"inLanguage\":\"pt-BR\",\"@id\":\"https:\/\/www.institutodeengenharia.org.br\/site\/2021\/11\/29\/avaliacao-de-imoveis-historico-e-momento-atual\/#primaryimage\",\"url\":\"https:\/\/www.institutodeengenharia.org.br\/site\/wp-content\/uploads\/2021\/11\/MicrosoftTeams-image-32.jpg\",\"contentUrl\":\"https:\/\/www.institutodeengenharia.org.br\/site\/wp-content\/uploads\/2021\/11\/MicrosoftTeams-image-32.jpg\",\"width\":1623,\"height\":935},{\"@type\":\"BreadcrumbList\",\"@id\":\"https:\/\/www.institutodeengenharia.org.br\/site\/2021\/11\/29\/avaliacao-de-imoveis-historico-e-momento-atual\/#breadcrumb\",\"itemListElement\":[{\"@type\":\"ListItem\",\"position\":1,\"name\":\"In\u00edcio\",\"item\":\"https:\/\/www.institutodeengenharia.org.br\/site\/\"},{\"@type\":\"ListItem\",\"position\":2,\"name\":\"Avalia\u00e7\u00e3o de Im\u00f3veis \u2013 Hist\u00f3rico e momento atual\"}]},{\"@type\":\"WebSite\",\"@id\":\"https:\/\/www.institutodeengenharia.org.br\/site\/#website\",\"url\":\"https:\/\/www.institutodeengenharia.org.br\/site\/\",\"name\":\"Instituto de Engenharia\",\"description\":\"O Instituto de Engenharia promove a Engenharia em benef\u00edcio do desenvolvimento e da qualidade de vida da sociedade.\",\"publisher\":{\"@id\":\"https:\/\/www.institutodeengenharia.org.br\/site\/#organization\"},\"potentialAction\":[{\"@type\":\"SearchAction\",\"target\":{\"@type\":\"EntryPoint\",\"urlTemplate\":\"https:\/\/www.institutodeengenharia.org.br\/site\/?s={search_term_string}\"},\"query-input\":{\"@type\":\"PropertyValueSpecification\",\"valueRequired\":true,\"valueName\":\"search_term_string\"}}],\"inLanguage\":\"pt-BR\"},{\"@type\":\"Organization\",\"@id\":\"https:\/\/www.institutodeengenharia.org.br\/site\/#organization\",\"name\":\"Instituto de Engenharia\",\"url\":\"https:\/\/www.institutodeengenharia.org.br\/site\/\",\"logo\":{\"@type\":\"ImageObject\",\"inLanguage\":\"pt-BR\",\"@id\":\"https:\/\/www.institutodeengenharia.org.br\/site\/#\/schema\/logo\/image\/\",\"url\":\"https:\/\/www.institutodeengenharia.org.br\/site\/wp-content\/uploads\/2019\/03\/logo-novo-IE2018-1.jpg\",\"contentUrl\":\"https:\/\/www.institutodeengenharia.org.br\/site\/wp-content\/uploads\/2019\/03\/logo-novo-IE2018-1.jpg\",\"width\":1486,\"height\":1879,\"caption\":\"Instituto de Engenharia\"},\"image\":{\"@id\":\"https:\/\/www.institutodeengenharia.org.br\/site\/#\/schema\/logo\/image\/\"},\"sameAs\":[\"https:\/\/www.facebook.com\/institutodeengenharia\",\"https:\/\/x.com\/iengenharia\",\"https:\/\/www.instagram.com\/institutodeengenharia\/\",\"https:\/\/www.linkedin.com\/company\/instituto-de-engenharia\/\",\"https:\/\/www.youtube.com\/channel\/UCXiCAlsSMe977vamW915HxA\"]},{\"@type\":\"Person\",\"@id\":\"https:\/\/www.institutodeengenharia.org.br\/site\/#\/schema\/person\/aeb64951c405e100d26d30b033dd423f\",\"name\":\"Bianca\",\"image\":{\"@type\":\"ImageObject\",\"inLanguage\":\"pt-BR\",\"@id\":\"https:\/\/secure.gravatar.com\/avatar\/a6fbe9bff57405baf4c1e2c5c1811e072b558253974a9f9508f4678900c97c2a?s=96&d=mm&r=g\",\"url\":\"https:\/\/secure.gravatar.com\/avatar\/a6fbe9bff57405baf4c1e2c5c1811e072b558253974a9f9508f4678900c97c2a?s=96&d=mm&r=g\",\"contentUrl\":\"https:\/\/secure.gravatar.com\/avatar\/a6fbe9bff57405baf4c1e2c5c1811e072b558253974a9f9508f4678900c97c2a?s=96&d=mm&r=g\",\"caption\":\"Bianca\"},\"url\":\"https:\/\/www.institutodeengenharia.org.br\/site\/author\/comunicacao1\/\"}]}<\/script>\n<!-- \/ Yoast SEO plugin. -->","yoast_head_json":{"title":"Avalia\u00e7\u00e3o de Im\u00f3veis \u2013 Hist\u00f3rico e momento atual - Instituto de Engenharia","robots":{"index":"index","follow":"follow","max-snippet":"max-snippet:-1","max-image-preview":"max-image-preview:large","max-video-preview":"max-video-preview:-1"},"canonical":"https:\/\/www.institutodeengenharia.org.br\/site\/2021\/11\/29\/avaliacao-de-imoveis-historico-e-momento-atual\/","og_locale":"pt_BR","og_type":"article","og_title":"Avalia\u00e7\u00e3o de Im\u00f3veis \u2013 Hist\u00f3rico e momento atual","og_description":"Assista abaixo \u00e0 grava\u00e7\u00e3o do evento","og_url":"https:\/\/www.institutodeengenharia.org.br\/site\/2021\/11\/29\/avaliacao-de-imoveis-historico-e-momento-atual\/","og_site_name":"Instituto de Engenharia","article_publisher":"https:\/\/www.facebook.com\/institutodeengenharia","article_published_time":"2021-11-29T14:58:29+00:00","og_image":[{"width":1623,"height":935,"url":"https:\/\/www.institutodeengenharia.org.br\/site\/wp-content\/uploads\/2021\/11\/MicrosoftTeams-image-32.jpg","type":"image\/jpeg"}],"author":"Bianca","twitter_card":"summary_large_image","twitter_title":"Avalia\u00e7\u00e3o de Im\u00f3veis \u2013 Hist\u00f3rico e momento atual","twitter_description":"Assista abaixo \u00e0 grava\u00e7\u00e3o do evento","twitter_image":"https:\/\/www.institutodeengenharia.org.br\/site\/wp-content\/uploads\/2021\/11\/MicrosoftTeams-image-32.jpg","twitter_creator":"@iengenharia","twitter_site":"@iengenharia","twitter_misc":{"Escrito por":"Bianca","Est. tempo de leitura":"6 minutos"},"schema":{"@context":"https:\/\/schema.org","@graph":[{"@type":"Article","@id":"https:\/\/www.institutodeengenharia.org.br\/site\/2021\/11\/29\/avaliacao-de-imoveis-historico-e-momento-atual\/#article","isPartOf":{"@id":"https:\/\/www.institutodeengenharia.org.br\/site\/2021\/11\/29\/avaliacao-de-imoveis-historico-e-momento-atual\/"},"author":{"name":"Bianca","@id":"https:\/\/www.institutodeengenharia.org.br\/site\/#\/schema\/person\/aeb64951c405e100d26d30b033dd423f"},"headline":"Avalia\u00e7\u00e3o de Im\u00f3veis \u2013 Hist\u00f3rico e momento atual","datePublished":"2021-11-29T14:58:29+00:00","mainEntityOfPage":{"@id":"https:\/\/www.institutodeengenharia.org.br\/site\/2021\/11\/29\/avaliacao-de-imoveis-historico-e-momento-atual\/"},"wordCount":1158,"commentCount":0,"publisher":{"@id":"https:\/\/www.institutodeengenharia.org.br\/site\/#organization"},"image":{"@id":"https:\/\/www.institutodeengenharia.org.br\/site\/2021\/11\/29\/avaliacao-de-imoveis-historico-e-momento-atual\/#primaryimage"},"thumbnailUrl":"https:\/\/www.institutodeengenharia.org.br\/site\/wp-content\/uploads\/2021\/11\/MicrosoftTeams-image-32.jpg","articleSection":["Nova TV Engenharia","Palestra"],"inLanguage":"pt-BR","potentialAction":[{"@type":"CommentAction","name":"Comment","target":["https:\/\/www.institutodeengenharia.org.br\/site\/2021\/11\/29\/avaliacao-de-imoveis-historico-e-momento-atual\/#respond"]}]},{"@type":"WebPage","@id":"https:\/\/www.institutodeengenharia.org.br\/site\/2021\/11\/29\/avaliacao-de-imoveis-historico-e-momento-atual\/","url":"https:\/\/www.institutodeengenharia.org.br\/site\/2021\/11\/29\/avaliacao-de-imoveis-historico-e-momento-atual\/","name":"Avalia\u00e7\u00e3o de Im\u00f3veis \u2013 Hist\u00f3rico e momento atual - Instituto de Engenharia","isPartOf":{"@id":"https:\/\/www.institutodeengenharia.org.br\/site\/#website"},"primaryImageOfPage":{"@id":"https:\/\/www.institutodeengenharia.org.br\/site\/2021\/11\/29\/avaliacao-de-imoveis-historico-e-momento-atual\/#primaryimage"},"image":{"@id":"https:\/\/www.institutodeengenharia.org.br\/site\/2021\/11\/29\/avaliacao-de-imoveis-historico-e-momento-atual\/#primaryimage"},"thumbnailUrl":"https:\/\/www.institutodeengenharia.org.br\/site\/wp-content\/uploads\/2021\/11\/MicrosoftTeams-image-32.jpg","datePublished":"2021-11-29T14:58:29+00:00","breadcrumb":{"@id":"https:\/\/www.institutodeengenharia.org.br\/site\/2021\/11\/29\/avaliacao-de-imoveis-historico-e-momento-atual\/#breadcrumb"},"inLanguage":"pt-BR","potentialAction":[{"@type":"ReadAction","target":["https:\/\/www.institutodeengenharia.org.br\/site\/2021\/11\/29\/avaliacao-de-imoveis-historico-e-momento-atual\/"]}]},{"@type":"ImageObject","inLanguage":"pt-BR","@id":"https:\/\/www.institutodeengenharia.org.br\/site\/2021\/11\/29\/avaliacao-de-imoveis-historico-e-momento-atual\/#primaryimage","url":"https:\/\/www.institutodeengenharia.org.br\/site\/wp-content\/uploads\/2021\/11\/MicrosoftTeams-image-32.jpg","contentUrl":"https:\/\/www.institutodeengenharia.org.br\/site\/wp-content\/uploads\/2021\/11\/MicrosoftTeams-image-32.jpg","width":1623,"height":935},{"@type":"BreadcrumbList","@id":"https:\/\/www.institutodeengenharia.org.br\/site\/2021\/11\/29\/avaliacao-de-imoveis-historico-e-momento-atual\/#breadcrumb","itemListElement":[{"@type":"ListItem","position":1,"name":"In\u00edcio","item":"https:\/\/www.institutodeengenharia.org.br\/site\/"},{"@type":"ListItem","position":2,"name":"Avalia\u00e7\u00e3o de Im\u00f3veis \u2013 Hist\u00f3rico e momento atual"}]},{"@type":"WebSite","@id":"https:\/\/www.institutodeengenharia.org.br\/site\/#website","url":"https:\/\/www.institutodeengenharia.org.br\/site\/","name":"Instituto de Engenharia","description":"O Instituto de Engenharia promove a Engenharia em benef\u00edcio do desenvolvimento e da qualidade de vida da sociedade.","publisher":{"@id":"https:\/\/www.institutodeengenharia.org.br\/site\/#organization"},"potentialAction":[{"@type":"SearchAction","target":{"@type":"EntryPoint","urlTemplate":"https:\/\/www.institutodeengenharia.org.br\/site\/?s={search_term_string}"},"query-input":{"@type":"PropertyValueSpecification","valueRequired":true,"valueName":"search_term_string"}}],"inLanguage":"pt-BR"},{"@type":"Organization","@id":"https:\/\/www.institutodeengenharia.org.br\/site\/#organization","name":"Instituto de Engenharia","url":"https:\/\/www.institutodeengenharia.org.br\/site\/","logo":{"@type":"ImageObject","inLanguage":"pt-BR","@id":"https:\/\/www.institutodeengenharia.org.br\/site\/#\/schema\/logo\/image\/","url":"https:\/\/www.institutodeengenharia.org.br\/site\/wp-content\/uploads\/2019\/03\/logo-novo-IE2018-1.jpg","contentUrl":"https:\/\/www.institutodeengenharia.org.br\/site\/wp-content\/uploads\/2019\/03\/logo-novo-IE2018-1.jpg","width":1486,"height":1879,"caption":"Instituto de Engenharia"},"image":{"@id":"https:\/\/www.institutodeengenharia.org.br\/site\/#\/schema\/logo\/image\/"},"sameAs":["https:\/\/www.facebook.com\/institutodeengenharia","https:\/\/x.com\/iengenharia","https:\/\/www.instagram.com\/institutodeengenharia\/","https:\/\/www.linkedin.com\/company\/instituto-de-engenharia\/","https:\/\/www.youtube.com\/channel\/UCXiCAlsSMe977vamW915HxA"]},{"@type":"Person","@id":"https:\/\/www.institutodeengenharia.org.br\/site\/#\/schema\/person\/aeb64951c405e100d26d30b033dd423f","name":"Bianca","image":{"@type":"ImageObject","inLanguage":"pt-BR","@id":"https:\/\/secure.gravatar.com\/avatar\/a6fbe9bff57405baf4c1e2c5c1811e072b558253974a9f9508f4678900c97c2a?s=96&d=mm&r=g","url":"https:\/\/secure.gravatar.com\/avatar\/a6fbe9bff57405baf4c1e2c5c1811e072b558253974a9f9508f4678900c97c2a?s=96&d=mm&r=g","contentUrl":"https:\/\/secure.gravatar.com\/avatar\/a6fbe9bff57405baf4c1e2c5c1811e072b558253974a9f9508f4678900c97c2a?s=96&d=mm&r=g","caption":"Bianca"},"url":"https:\/\/www.institutodeengenharia.org.br\/site\/author\/comunicacao1\/"}]}},"_links":{"self":[{"href":"https:\/\/www.institutodeengenharia.org.br\/site\/wp-json\/wp\/v2\/posts\/88338","targetHints":{"allow":["GET"]}}],"collection":[{"href":"https:\/\/www.institutodeengenharia.org.br\/site\/wp-json\/wp\/v2\/posts"}],"about":[{"href":"https:\/\/www.institutodeengenharia.org.br\/site\/wp-json\/wp\/v2\/types\/post"}],"author":[{"embeddable":true,"href":"https:\/\/www.institutodeengenharia.org.br\/site\/wp-json\/wp\/v2\/users\/13"}],"replies":[{"embeddable":true,"href":"https:\/\/www.institutodeengenharia.org.br\/site\/wp-json\/wp\/v2\/comments?post=88338"}],"version-history":[{"count":1,"href":"https:\/\/www.institutodeengenharia.org.br\/site\/wp-json\/wp\/v2\/posts\/88338\/revisions"}],"predecessor-version":[{"id":88339,"href":"https:\/\/www.institutodeengenharia.org.br\/site\/wp-json\/wp\/v2\/posts\/88338\/revisions\/88339"}],"wp:featuredmedia":[{"embeddable":true,"href":"https:\/\/www.institutodeengenharia.org.br\/site\/wp-json\/wp\/v2\/media\/87997"}],"wp:attachment":[{"href":"https:\/\/www.institutodeengenharia.org.br\/site\/wp-json\/wp\/v2\/media?parent=88338"}],"wp:term":[{"taxonomy":"category","embeddable":true,"href":"https:\/\/www.institutodeengenharia.org.br\/site\/wp-json\/wp\/v2\/categories?post=88338"},{"taxonomy":"post_tag","embeddable":true,"href":"https:\/\/www.institutodeengenharia.org.br\/site\/wp-json\/wp\/v2\/tags?post=88338"}],"curies":[{"name":"wp","href":"https:\/\/api.w.org\/{rel}","templated":true}]}}