{"id":88336,"date":"2021-11-29T11:52:36","date_gmt":"2021-11-29T14:52:36","guid":{"rendered":"https:\/\/www.institutodeengenharia.org.br\/site\/?p=88336"},"modified":"2021-11-29T11:52:36","modified_gmt":"2021-11-29T14:52:36","slug":"porto-offshore-do-para-o-porto-de-aguas-profundas-para-o-arco-amazonico","status":"publish","type":"post","link":"https:\/\/www.institutodeengenharia.org.br\/site\/2021\/11\/29\/porto-offshore-do-para-o-porto-de-aguas-profundas-para-o-arco-amazonico\/","title":{"rendered":"Porto offshore do Par\u00e1: O porto de \u00e1guas profundas para o Arco Amaz\u00f4nico"},"content":{"rendered":"<p><strong>Assista abaixo \u00e0 grava\u00e7\u00e3o do evento:\u00a0<\/strong><\/p>\n<p><iframe loading=\"lazy\" src=\"https:\/\/player.vimeo.com\/video\/649483643?h=7a24f80d54\" width=\"640\" height=\"564\" frameborder=\"0\" allowfullscreen=\"allowfullscreen\"><\/iframe><\/p>\n<p><strong>+ Informa\u00e7\u00f5es:<\/strong><\/p>\n<p>A identifica\u00e7\u00e3o de \u00e1reas com grande potencial para implanta\u00e7\u00e3o de novos empreendimentos portu\u00e1rios \u00e9 um grande avan\u00e7o no setor de infraestrutura de transportes no Brasil. Ela, denota a inten\u00e7\u00e3o do setor p\u00fablico (governo) de estruturar a cadeia log\u00edstica e, hoje, apresenta grandes rugosidades, inefici\u00eancias e in\u00fameros afunilamentos.<\/p>\n<p>O s\u00edtio portu\u00e1rio escolhido se materializa com a implanta\u00e7\u00e3o de um porto localizado no Estado do Par\u00e1 com as caracter\u00edsticas necess\u00e1rias para um porto concentrador de cargas (hub port), que viabiliza empreendimentos estrat\u00e9gicos para desobstruir os corredores Centro-Norte e Norte de Transportes.<\/p>\n<p>Vale ressaltar que, investimentos em \u00e1reas consideradas estrat\u00e9gicas, como o porto proposto, al\u00e9m de terem seu retorno garantido em m\u00e9dio prazo devido a elevada press\u00e3o da demanda reprimida em infraestrutura do setor de transporte, proporcionar\u00e1 outros benef\u00edcios de dif\u00edcil mensura\u00e7\u00e3o como, por exemplo: os sociais, ambientais e econ\u00f4micos diretos e indiretos a vastas regi\u00f5es do Brasil, e n\u00e3o somente a Amaz\u00f4nia que por si s\u00f3 j\u00e1 viabilizaria o empreendimento no porto em quest\u00e3o.<\/p>\n<p>A seguir, demonstra-se a import\u00e2ncia do empreendimento portu\u00e1rio proposto para o Estado do Par\u00e1 e o que seus terminais representam para a economia do continente sul americano. Essa proposta, foi concebida segundo as necessidades de um porto concentrador de cargas com caracter\u00edsticas de m\u00faltiplo uso e terminais especializados com os principais perfis vocacionais das cargas movimentadas no norte do Estado do Par\u00e1 e do Brasil.<\/p>\n<p><strong>P\u00fablico-alvo:<\/strong><\/p>\n<p>Engenheiros, estudantes de engenharia e interessados em geral.<\/p>\n<p><strong>Palestrantes:<\/strong><\/p>\n<p><img loading=\"lazy\" decoding=\"async\" class=\"alignnone size-full wp-image-88055 td-animation-stack-type0-2\" src=\"https:\/\/www.institutodeengenharia.org.br\/site\/wp-content\/uploads\/2021\/11\/hitobraga.jpg\" alt=\"\" width=\"142\" height=\"167\" \/><\/p>\n<p><strong>Hito Braga de Morais \u2013 Diretor Adjunto do Instituto de Tecnologia da UFPA<\/strong><\/p>\n<p>Graduado em Engenharia Civil pela Universidade Federal do Par\u00e1, especializa\u00e7\u00e3o em Engenharia Naval pela UFRJ\/UFPA, mestrado em Engenharia Oce\u00e2nica pela COPPE\/UFRJ, doutorado em Engenharia Oce\u00e2nica COPPE\/UFRJ e p\u00f3s- doutorado pela Universidade de Southampton na Inglaterra.<\/p>\n<p>Fundador do curso de gradua\u00e7\u00e3o em Engenharia Naval da UFPA. Atualmente, \u00e9 diretor adjunto do Instituto de Tecnologia da UFPA, professor titular da Universidade Federal do Par\u00e1 (UFPA). Possui experi\u00eancia na \u00e1rea de Engenharia Naval e Oce\u00e2nica, com \u00eanfase em Projetos de Embarca\u00e7\u00f5es, atuando principalmente nos seguintes temas: projeto de embarca\u00e7\u00e3o de passageiros, hidrovias, portos e transporte Aquavi\u00e1rio.<\/p>\n<p><img loading=\"lazy\" decoding=\"async\" class=\"alignnone wp-image-66308 td-animation-stack-type0-2\" src=\"https:\/\/www.institutodeengenharia.org.br\/site\/wp-content\/uploads\/2020\/06\/Nelci-de-Jesus-B.-Margalho.jpg\" alt=\"\" width=\"190\" height=\"190\" srcset=\"https:\/\/www.institutodeengenharia.org.br\/site\/wp-content\/uploads\/2020\/06\/Nelci-de-Jesus-B.-Margalho.jpg 225w, https:\/\/www.institutodeengenharia.org.br\/site\/wp-content\/uploads\/2020\/06\/Nelci-de-Jesus-B.-Margalho-150x150.jpg 150w, https:\/\/www.institutodeengenharia.org.br\/site\/wp-content\/uploads\/2020\/06\/Nelci-de-Jesus-B.-Margalho-100x100.jpg 100w\" sizes=\"auto, (max-width: 190px) 100vw, 190px\" \/><\/p>\n<p><strong>Nelci de Jesus Barbosa Margalho \u2013 Diretor Regional do IE em Bel\u00e9m\/Par\u00e1<\/strong><\/p>\n<p>Graduado em engenharia civil pela Universidade Federal do Par\u00e1-UFPA, especializa\u00e7\u00e3o em Engenharia de Equipamentos, especializa\u00e7\u00e3o em Montagem Industrial pelo Centro de Ensino da PETROBRAS,\/RJ, especializa\u00e7\u00e3o em Engenharia Naval pela COPPE\/RJ, Engenharia de Seguran\u00e7a do Trabalho pela PUC\/RJ, especializa\u00e7\u00e3o em Gerenciamento de Projetos nos crit\u00e9rios do Project Management Institute-PMI, apto para o exame para obter as certifica\u00e7\u00f5es Project Management Professional (PMP\/PMI) e capacita\u00e7\u00e3o em SCRUM para certifica\u00e7\u00e3o como Professional Scrum Master (PSM\/Scrum.org).<\/p>\n<p>Atuou por 27 anos na PETROBRAS onde exerceu fun\u00e7\u00f5es t\u00e9cnicas e gerenciais, dentre as quais: planejamento, controle e fiscaliza\u00e7\u00e3o de obras de constru\u00e7\u00e3o civil e montagem industrial: terminais\/oleodutos e refinarias, gerenciou os setores de manuten\u00e7\u00e3o, de inspe\u00e7\u00e3o de equipamentos, de reparos navais e de seguran\u00e7a industrial.<\/p>\n<p>Coordenou a implanta\u00e7\u00e3o da qualidade total na refinaria de Manaus, foi membro\/coordenador de equipes de desenvolvimento e gest\u00e3o de projetos na PETROBRAS e atuou como assessor de inform\u00e1tica do gabinete do secret\u00e1rio municipal de transporte do munic\u00edpio de S\u00e3o Paulo\/SP.<\/p>\n<p>No setor privado, atuou como engenheiro de planejamento e controle de projetos de constru\u00e7\u00e3o civil e montagem industrial. \u00c9 membro do Instituto de Engenharia e exerce as fun\u00e7\u00f5es de Diretor Regional de Bel\u00e9m\/Par\u00e1.<\/p>\n<p><strong>Realiza\u00e7\u00e3o:<\/strong><\/p>\n<p><strong>Eng. Ivan Metran Whately<\/strong>\u00a0\u2013 Vice-Presidente de Atividades T\u00e9cnicas<\/p>\n<p><strong>Eng. Jean Carlos Pejo<\/strong>\u00a0\u2013 Diretor do Departamento de Desenvolvimento de Infraestrutura e Log\u00edstica<\/p>\n<p><strong>Eng. Jos\u00e9 Wagner Leite Ferreira<\/strong>\u00a0\u2013 Coordenador da Divis\u00e3o T\u00e9cnica de Navega\u00e7\u00e3o Interior e Portos<\/p>\n<p><strong>Apoio Institucional:<\/strong><\/p>\n<p><img loading=\"lazy\" decoding=\"async\" class=\"alignnone wp-image-77696 td-animation-stack-type0-2\" src=\"https:\/\/www.institutodeengenharia.org.br\/site\/wp-content\/uploads\/2021\/02\/crea-300x211.jpg\" alt=\"\" width=\"151\" height=\"106\" srcset=\"https:\/\/www.institutodeengenharia.org.br\/site\/wp-content\/uploads\/2021\/02\/crea-300x211.jpg 300w, https:\/\/www.institutodeengenharia.org.br\/site\/wp-content\/uploads\/2021\/02\/crea-100x70.jpg 100w, https:\/\/www.institutodeengenharia.org.br\/site\/wp-content\/uploads\/2021\/02\/crea.jpg 448w\" sizes=\"auto, (max-width: 151px) 100vw, 151px\" \/><\/p>\n<p><strong>Apoio \u00e0 forma\u00e7\u00e3o:\u00a0<\/strong><\/p>\n<p>Espa\u00e7o aberto ao CREA-SP, objetivando o aperfei\u00e7oamento dos profissionais e o aprimoramento da fiscaliza\u00e7\u00e3o das \u00e1reas abrangidas pelo Sistema Confea\/CREAs, al\u00e9m de promover a conscientiza\u00e7\u00e3o da sociedade quanto \u00e0 necessidade e obrigatoriedade de contratar um profissional devidamente habilitado.<\/p>\n<p>&nbsp;<\/p>\n","protected":false},"excerpt":{"rendered":"<p>Assista abaixo \u00e0 grava\u00e7\u00e3o do evento:\u00a0 + Informa\u00e7\u00f5es: A identifica\u00e7\u00e3o de \u00e1reas com grande potencial para implanta\u00e7\u00e3o de novos empreendimentos portu\u00e1rios \u00e9 um grande avan\u00e7o no setor de infraestrutura de transportes no Brasil. Ela, denota a inten\u00e7\u00e3o do setor p\u00fablico (governo) de estruturar a cadeia log\u00edstica e, hoje, apresenta grandes rugosidades, inefici\u00eancias e in\u00fameros afunilamentos. [&hellip;]<\/p>\n","protected":false},"author":13,"featured_media":88058,"comment_status":"open","ping_status":"open","sticky":false,"template":"","format":"standard","meta":{"footnotes":""},"categories":[968,969],"tags":[],"class_list":{"0":"post-88336","1":"post","2":"type-post","3":"status-publish","4":"format-standard","5":"has-post-thumbnail","7":"category-nova-tv-engenharia","8":"category-palestra"},"yoast_head":"<!-- This site is optimized with the Yoast SEO plugin v27.2 - https:\/\/yoast.com\/product\/yoast-seo-wordpress\/ -->\n<title>Porto offshore do Par\u00e1: O porto de \u00e1guas profundas para o Arco Amaz\u00f4nico - Instituto de Engenharia<\/title>\n<meta name=\"robots\" content=\"index, follow, max-snippet:-1, max-image-preview:large, max-video-preview:-1\" \/>\n<link rel=\"canonical\" href=\"https:\/\/www.institutodeengenharia.org.br\/site\/2021\/11\/29\/porto-offshore-do-para-o-porto-de-aguas-profundas-para-o-arco-amazonico\/\" \/>\n<meta property=\"og:locale\" content=\"pt_BR\" \/>\n<meta property=\"og:type\" content=\"article\" \/>\n<meta property=\"og:title\" content=\"Porto offshore do Par\u00e1: O porto de \u00e1guas profundas para o Arco Amaz\u00f4nico\" \/>\n<meta property=\"og:description\" content=\"Assista abaixo \u00e0 grava\u00e7\u00e3o do evento\" \/>\n<meta property=\"og:url\" content=\"https:\/\/www.institutodeengenharia.org.br\/site\/2021\/11\/29\/porto-offshore-do-para-o-porto-de-aguas-profundas-para-o-arco-amazonico\/\" \/>\n<meta property=\"og:site_name\" content=\"Instituto de Engenharia\" \/>\n<meta property=\"article:publisher\" content=\"https:\/\/www.facebook.com\/institutodeengenharia\" \/>\n<meta property=\"article:published_time\" content=\"2021-11-29T14:52:36+00:00\" \/>\n<meta property=\"og:image\" content=\"https:\/\/www.institutodeengenharia.org.br\/site\/wp-content\/uploads\/2021\/11\/vessel-gdd4ce3008_1920.jpg\" \/>\n\t<meta property=\"og:image:width\" content=\"1920\" \/>\n\t<meta property=\"og:image:height\" content=\"1440\" \/>\n\t<meta property=\"og:image:type\" content=\"image\/jpeg\" \/>\n<meta name=\"author\" content=\"Bianca\" \/>\n<meta name=\"twitter:card\" content=\"summary_large_image\" \/>\n<meta name=\"twitter:title\" content=\"Porto offshore do Par\u00e1: O porto de \u00e1guas profundas para o Arco Amaz\u00f4nico\" \/>\n<meta name=\"twitter:description\" content=\"Assista abaixo \u00e0 grava\u00e7\u00e3o do evento\" \/>\n<meta name=\"twitter:image\" content=\"https:\/\/www.institutodeengenharia.org.br\/site\/wp-content\/uploads\/2021\/11\/vessel-gdd4ce3008_1920.jpg\" \/>\n<meta name=\"twitter:creator\" content=\"@iengenharia\" \/>\n<meta name=\"twitter:site\" content=\"@iengenharia\" \/>\n<meta name=\"twitter:label1\" content=\"Escrito por\" \/>\n\t<meta name=\"twitter:data1\" content=\"Bianca\" \/>\n\t<meta name=\"twitter:label2\" content=\"Est. tempo de leitura\" \/>\n\t<meta name=\"twitter:data2\" content=\"4 minutos\" \/>\n<script type=\"application\/ld+json\" class=\"yoast-schema-graph\">{\"@context\":\"https:\/\/schema.org\",\"@graph\":[{\"@type\":\"Article\",\"@id\":\"https:\/\/www.institutodeengenharia.org.br\/site\/2021\/11\/29\/porto-offshore-do-para-o-porto-de-aguas-profundas-para-o-arco-amazonico\/#article\",\"isPartOf\":{\"@id\":\"https:\/\/www.institutodeengenharia.org.br\/site\/2021\/11\/29\/porto-offshore-do-para-o-porto-de-aguas-profundas-para-o-arco-amazonico\/\"},\"author\":{\"name\":\"Bianca\",\"@id\":\"https:\/\/www.institutodeengenharia.org.br\/site\/#\/schema\/person\/aeb64951c405e100d26d30b033dd423f\"},\"headline\":\"Porto offshore do Par\u00e1: O porto de \u00e1guas profundas para o Arco Amaz\u00f4nico\",\"datePublished\":\"2021-11-29T14:52:36+00:00\",\"mainEntityOfPage\":{\"@id\":\"https:\/\/www.institutodeengenharia.org.br\/site\/2021\/11\/29\/porto-offshore-do-para-o-porto-de-aguas-profundas-para-o-arco-amazonico\/\"},\"wordCount\":735,\"commentCount\":0,\"publisher\":{\"@id\":\"https:\/\/www.institutodeengenharia.org.br\/site\/#organization\"},\"image\":{\"@id\":\"https:\/\/www.institutodeengenharia.org.br\/site\/2021\/11\/29\/porto-offshore-do-para-o-porto-de-aguas-profundas-para-o-arco-amazonico\/#primaryimage\"},\"thumbnailUrl\":\"https:\/\/www.institutodeengenharia.org.br\/site\/wp-content\/uploads\/2021\/11\/vessel-gdd4ce3008_1920.jpg\",\"articleSection\":[\"Nova TV Engenharia\",\"Palestra\"],\"inLanguage\":\"pt-BR\",\"potentialAction\":[{\"@type\":\"CommentAction\",\"name\":\"Comment\",\"target\":[\"https:\/\/www.institutodeengenharia.org.br\/site\/2021\/11\/29\/porto-offshore-do-para-o-porto-de-aguas-profundas-para-o-arco-amazonico\/#respond\"]}]},{\"@type\":\"WebPage\",\"@id\":\"https:\/\/www.institutodeengenharia.org.br\/site\/2021\/11\/29\/porto-offshore-do-para-o-porto-de-aguas-profundas-para-o-arco-amazonico\/\",\"url\":\"https:\/\/www.institutodeengenharia.org.br\/site\/2021\/11\/29\/porto-offshore-do-para-o-porto-de-aguas-profundas-para-o-arco-amazonico\/\",\"name\":\"Porto offshore do Par\u00e1: O porto de \u00e1guas profundas para o Arco Amaz\u00f4nico - Instituto de Engenharia\",\"isPartOf\":{\"@id\":\"https:\/\/www.institutodeengenharia.org.br\/site\/#website\"},\"primaryImageOfPage\":{\"@id\":\"https:\/\/www.institutodeengenharia.org.br\/site\/2021\/11\/29\/porto-offshore-do-para-o-porto-de-aguas-profundas-para-o-arco-amazonico\/#primaryimage\"},\"image\":{\"@id\":\"https:\/\/www.institutodeengenharia.org.br\/site\/2021\/11\/29\/porto-offshore-do-para-o-porto-de-aguas-profundas-para-o-arco-amazonico\/#primaryimage\"},\"thumbnailUrl\":\"https:\/\/www.institutodeengenharia.org.br\/site\/wp-content\/uploads\/2021\/11\/vessel-gdd4ce3008_1920.jpg\",\"datePublished\":\"2021-11-29T14:52:36+00:00\",\"breadcrumb\":{\"@id\":\"https:\/\/www.institutodeengenharia.org.br\/site\/2021\/11\/29\/porto-offshore-do-para-o-porto-de-aguas-profundas-para-o-arco-amazonico\/#breadcrumb\"},\"inLanguage\":\"pt-BR\",\"potentialAction\":[{\"@type\":\"ReadAction\",\"target\":[\"https:\/\/www.institutodeengenharia.org.br\/site\/2021\/11\/29\/porto-offshore-do-para-o-porto-de-aguas-profundas-para-o-arco-amazonico\/\"]}]},{\"@type\":\"ImageObject\",\"inLanguage\":\"pt-BR\",\"@id\":\"https:\/\/www.institutodeengenharia.org.br\/site\/2021\/11\/29\/porto-offshore-do-para-o-porto-de-aguas-profundas-para-o-arco-amazonico\/#primaryimage\",\"url\":\"https:\/\/www.institutodeengenharia.org.br\/site\/wp-content\/uploads\/2021\/11\/vessel-gdd4ce3008_1920.jpg\",\"contentUrl\":\"https:\/\/www.institutodeengenharia.org.br\/site\/wp-content\/uploads\/2021\/11\/vessel-gdd4ce3008_1920.jpg\",\"width\":1920,\"height\":1440},{\"@type\":\"BreadcrumbList\",\"@id\":\"https:\/\/www.institutodeengenharia.org.br\/site\/2021\/11\/29\/porto-offshore-do-para-o-porto-de-aguas-profundas-para-o-arco-amazonico\/#breadcrumb\",\"itemListElement\":[{\"@type\":\"ListItem\",\"position\":1,\"name\":\"In\u00edcio\",\"item\":\"https:\/\/www.institutodeengenharia.org.br\/site\/\"},{\"@type\":\"ListItem\",\"position\":2,\"name\":\"Porto offshore do Par\u00e1: O porto de \u00e1guas profundas para o Arco Amaz\u00f4nico\"}]},{\"@type\":\"WebSite\",\"@id\":\"https:\/\/www.institutodeengenharia.org.br\/site\/#website\",\"url\":\"https:\/\/www.institutodeengenharia.org.br\/site\/\",\"name\":\"Instituto de Engenharia\",\"description\":\"O Instituto de Engenharia promove a Engenharia em benef\u00edcio do desenvolvimento e da qualidade de vida da sociedade.\",\"publisher\":{\"@id\":\"https:\/\/www.institutodeengenharia.org.br\/site\/#organization\"},\"potentialAction\":[{\"@type\":\"SearchAction\",\"target\":{\"@type\":\"EntryPoint\",\"urlTemplate\":\"https:\/\/www.institutodeengenharia.org.br\/site\/?s={search_term_string}\"},\"query-input\":{\"@type\":\"PropertyValueSpecification\",\"valueRequired\":true,\"valueName\":\"search_term_string\"}}],\"inLanguage\":\"pt-BR\"},{\"@type\":\"Organization\",\"@id\":\"https:\/\/www.institutodeengenharia.org.br\/site\/#organization\",\"name\":\"Instituto de Engenharia\",\"url\":\"https:\/\/www.institutodeengenharia.org.br\/site\/\",\"logo\":{\"@type\":\"ImageObject\",\"inLanguage\":\"pt-BR\",\"@id\":\"https:\/\/www.institutodeengenharia.org.br\/site\/#\/schema\/logo\/image\/\",\"url\":\"https:\/\/www.institutodeengenharia.org.br\/site\/wp-content\/uploads\/2019\/03\/logo-novo-IE2018-1.jpg\",\"contentUrl\":\"https:\/\/www.institutodeengenharia.org.br\/site\/wp-content\/uploads\/2019\/03\/logo-novo-IE2018-1.jpg\",\"width\":1486,\"height\":1879,\"caption\":\"Instituto de Engenharia\"},\"image\":{\"@id\":\"https:\/\/www.institutodeengenharia.org.br\/site\/#\/schema\/logo\/image\/\"},\"sameAs\":[\"https:\/\/www.facebook.com\/institutodeengenharia\",\"https:\/\/x.com\/iengenharia\",\"https:\/\/www.instagram.com\/institutodeengenharia\/\",\"https:\/\/www.linkedin.com\/company\/instituto-de-engenharia\/\",\"https:\/\/www.youtube.com\/channel\/UCXiCAlsSMe977vamW915HxA\"]},{\"@type\":\"Person\",\"@id\":\"https:\/\/www.institutodeengenharia.org.br\/site\/#\/schema\/person\/aeb64951c405e100d26d30b033dd423f\",\"name\":\"Bianca\",\"image\":{\"@type\":\"ImageObject\",\"inLanguage\":\"pt-BR\",\"@id\":\"https:\/\/secure.gravatar.com\/avatar\/a6fbe9bff57405baf4c1e2c5c1811e072b558253974a9f9508f4678900c97c2a?s=96&d=mm&r=g\",\"url\":\"https:\/\/secure.gravatar.com\/avatar\/a6fbe9bff57405baf4c1e2c5c1811e072b558253974a9f9508f4678900c97c2a?s=96&d=mm&r=g\",\"contentUrl\":\"https:\/\/secure.gravatar.com\/avatar\/a6fbe9bff57405baf4c1e2c5c1811e072b558253974a9f9508f4678900c97c2a?s=96&d=mm&r=g\",\"caption\":\"Bianca\"},\"url\":\"https:\/\/www.institutodeengenharia.org.br\/site\/author\/comunicacao1\/\"}]}<\/script>\n<!-- \/ Yoast SEO plugin. -->","yoast_head_json":{"title":"Porto offshore do Par\u00e1: O porto de \u00e1guas profundas para o Arco Amaz\u00f4nico - Instituto de Engenharia","robots":{"index":"index","follow":"follow","max-snippet":"max-snippet:-1","max-image-preview":"max-image-preview:large","max-video-preview":"max-video-preview:-1"},"canonical":"https:\/\/www.institutodeengenharia.org.br\/site\/2021\/11\/29\/porto-offshore-do-para-o-porto-de-aguas-profundas-para-o-arco-amazonico\/","og_locale":"pt_BR","og_type":"article","og_title":"Porto offshore do Par\u00e1: O porto de \u00e1guas profundas para o Arco Amaz\u00f4nico","og_description":"Assista abaixo \u00e0 grava\u00e7\u00e3o do evento","og_url":"https:\/\/www.institutodeengenharia.org.br\/site\/2021\/11\/29\/porto-offshore-do-para-o-porto-de-aguas-profundas-para-o-arco-amazonico\/","og_site_name":"Instituto de Engenharia","article_publisher":"https:\/\/www.facebook.com\/institutodeengenharia","article_published_time":"2021-11-29T14:52:36+00:00","og_image":[{"width":1920,"height":1440,"url":"https:\/\/www.institutodeengenharia.org.br\/site\/wp-content\/uploads\/2021\/11\/vessel-gdd4ce3008_1920.jpg","type":"image\/jpeg"}],"author":"Bianca","twitter_card":"summary_large_image","twitter_title":"Porto offshore do Par\u00e1: O porto de \u00e1guas profundas para o Arco Amaz\u00f4nico","twitter_description":"Assista abaixo \u00e0 grava\u00e7\u00e3o do evento","twitter_image":"https:\/\/www.institutodeengenharia.org.br\/site\/wp-content\/uploads\/2021\/11\/vessel-gdd4ce3008_1920.jpg","twitter_creator":"@iengenharia","twitter_site":"@iengenharia","twitter_misc":{"Escrito por":"Bianca","Est. tempo de leitura":"4 minutos"},"schema":{"@context":"https:\/\/schema.org","@graph":[{"@type":"Article","@id":"https:\/\/www.institutodeengenharia.org.br\/site\/2021\/11\/29\/porto-offshore-do-para-o-porto-de-aguas-profundas-para-o-arco-amazonico\/#article","isPartOf":{"@id":"https:\/\/www.institutodeengenharia.org.br\/site\/2021\/11\/29\/porto-offshore-do-para-o-porto-de-aguas-profundas-para-o-arco-amazonico\/"},"author":{"name":"Bianca","@id":"https:\/\/www.institutodeengenharia.org.br\/site\/#\/schema\/person\/aeb64951c405e100d26d30b033dd423f"},"headline":"Porto offshore do Par\u00e1: O porto de \u00e1guas profundas para o Arco Amaz\u00f4nico","datePublished":"2021-11-29T14:52:36+00:00","mainEntityOfPage":{"@id":"https:\/\/www.institutodeengenharia.org.br\/site\/2021\/11\/29\/porto-offshore-do-para-o-porto-de-aguas-profundas-para-o-arco-amazonico\/"},"wordCount":735,"commentCount":0,"publisher":{"@id":"https:\/\/www.institutodeengenharia.org.br\/site\/#organization"},"image":{"@id":"https:\/\/www.institutodeengenharia.org.br\/site\/2021\/11\/29\/porto-offshore-do-para-o-porto-de-aguas-profundas-para-o-arco-amazonico\/#primaryimage"},"thumbnailUrl":"https:\/\/www.institutodeengenharia.org.br\/site\/wp-content\/uploads\/2021\/11\/vessel-gdd4ce3008_1920.jpg","articleSection":["Nova TV Engenharia","Palestra"],"inLanguage":"pt-BR","potentialAction":[{"@type":"CommentAction","name":"Comment","target":["https:\/\/www.institutodeengenharia.org.br\/site\/2021\/11\/29\/porto-offshore-do-para-o-porto-de-aguas-profundas-para-o-arco-amazonico\/#respond"]}]},{"@type":"WebPage","@id":"https:\/\/www.institutodeengenharia.org.br\/site\/2021\/11\/29\/porto-offshore-do-para-o-porto-de-aguas-profundas-para-o-arco-amazonico\/","url":"https:\/\/www.institutodeengenharia.org.br\/site\/2021\/11\/29\/porto-offshore-do-para-o-porto-de-aguas-profundas-para-o-arco-amazonico\/","name":"Porto offshore do Par\u00e1: O porto de \u00e1guas profundas para o Arco Amaz\u00f4nico - Instituto de Engenharia","isPartOf":{"@id":"https:\/\/www.institutodeengenharia.org.br\/site\/#website"},"primaryImageOfPage":{"@id":"https:\/\/www.institutodeengenharia.org.br\/site\/2021\/11\/29\/porto-offshore-do-para-o-porto-de-aguas-profundas-para-o-arco-amazonico\/#primaryimage"},"image":{"@id":"https:\/\/www.institutodeengenharia.org.br\/site\/2021\/11\/29\/porto-offshore-do-para-o-porto-de-aguas-profundas-para-o-arco-amazonico\/#primaryimage"},"thumbnailUrl":"https:\/\/www.institutodeengenharia.org.br\/site\/wp-content\/uploads\/2021\/11\/vessel-gdd4ce3008_1920.jpg","datePublished":"2021-11-29T14:52:36+00:00","breadcrumb":{"@id":"https:\/\/www.institutodeengenharia.org.br\/site\/2021\/11\/29\/porto-offshore-do-para-o-porto-de-aguas-profundas-para-o-arco-amazonico\/#breadcrumb"},"inLanguage":"pt-BR","potentialAction":[{"@type":"ReadAction","target":["https:\/\/www.institutodeengenharia.org.br\/site\/2021\/11\/29\/porto-offshore-do-para-o-porto-de-aguas-profundas-para-o-arco-amazonico\/"]}]},{"@type":"ImageObject","inLanguage":"pt-BR","@id":"https:\/\/www.institutodeengenharia.org.br\/site\/2021\/11\/29\/porto-offshore-do-para-o-porto-de-aguas-profundas-para-o-arco-amazonico\/#primaryimage","url":"https:\/\/www.institutodeengenharia.org.br\/site\/wp-content\/uploads\/2021\/11\/vessel-gdd4ce3008_1920.jpg","contentUrl":"https:\/\/www.institutodeengenharia.org.br\/site\/wp-content\/uploads\/2021\/11\/vessel-gdd4ce3008_1920.jpg","width":1920,"height":1440},{"@type":"BreadcrumbList","@id":"https:\/\/www.institutodeengenharia.org.br\/site\/2021\/11\/29\/porto-offshore-do-para-o-porto-de-aguas-profundas-para-o-arco-amazonico\/#breadcrumb","itemListElement":[{"@type":"ListItem","position":1,"name":"In\u00edcio","item":"https:\/\/www.institutodeengenharia.org.br\/site\/"},{"@type":"ListItem","position":2,"name":"Porto offshore do Par\u00e1: O porto de \u00e1guas profundas para o Arco Amaz\u00f4nico"}]},{"@type":"WebSite","@id":"https:\/\/www.institutodeengenharia.org.br\/site\/#website","url":"https:\/\/www.institutodeengenharia.org.br\/site\/","name":"Instituto de Engenharia","description":"O Instituto de Engenharia promove a Engenharia em benef\u00edcio do desenvolvimento e da qualidade de vida da sociedade.","publisher":{"@id":"https:\/\/www.institutodeengenharia.org.br\/site\/#organization"},"potentialAction":[{"@type":"SearchAction","target":{"@type":"EntryPoint","urlTemplate":"https:\/\/www.institutodeengenharia.org.br\/site\/?s={search_term_string}"},"query-input":{"@type":"PropertyValueSpecification","valueRequired":true,"valueName":"search_term_string"}}],"inLanguage":"pt-BR"},{"@type":"Organization","@id":"https:\/\/www.institutodeengenharia.org.br\/site\/#organization","name":"Instituto de Engenharia","url":"https:\/\/www.institutodeengenharia.org.br\/site\/","logo":{"@type":"ImageObject","inLanguage":"pt-BR","@id":"https:\/\/www.institutodeengenharia.org.br\/site\/#\/schema\/logo\/image\/","url":"https:\/\/www.institutodeengenharia.org.br\/site\/wp-content\/uploads\/2019\/03\/logo-novo-IE2018-1.jpg","contentUrl":"https:\/\/www.institutodeengenharia.org.br\/site\/wp-content\/uploads\/2019\/03\/logo-novo-IE2018-1.jpg","width":1486,"height":1879,"caption":"Instituto de Engenharia"},"image":{"@id":"https:\/\/www.institutodeengenharia.org.br\/site\/#\/schema\/logo\/image\/"},"sameAs":["https:\/\/www.facebook.com\/institutodeengenharia","https:\/\/x.com\/iengenharia","https:\/\/www.instagram.com\/institutodeengenharia\/","https:\/\/www.linkedin.com\/company\/instituto-de-engenharia\/","https:\/\/www.youtube.com\/channel\/UCXiCAlsSMe977vamW915HxA"]},{"@type":"Person","@id":"https:\/\/www.institutodeengenharia.org.br\/site\/#\/schema\/person\/aeb64951c405e100d26d30b033dd423f","name":"Bianca","image":{"@type":"ImageObject","inLanguage":"pt-BR","@id":"https:\/\/secure.gravatar.com\/avatar\/a6fbe9bff57405baf4c1e2c5c1811e072b558253974a9f9508f4678900c97c2a?s=96&d=mm&r=g","url":"https:\/\/secure.gravatar.com\/avatar\/a6fbe9bff57405baf4c1e2c5c1811e072b558253974a9f9508f4678900c97c2a?s=96&d=mm&r=g","contentUrl":"https:\/\/secure.gravatar.com\/avatar\/a6fbe9bff57405baf4c1e2c5c1811e072b558253974a9f9508f4678900c97c2a?s=96&d=mm&r=g","caption":"Bianca"},"url":"https:\/\/www.institutodeengenharia.org.br\/site\/author\/comunicacao1\/"}]}},"_links":{"self":[{"href":"https:\/\/www.institutodeengenharia.org.br\/site\/wp-json\/wp\/v2\/posts\/88336","targetHints":{"allow":["GET"]}}],"collection":[{"href":"https:\/\/www.institutodeengenharia.org.br\/site\/wp-json\/wp\/v2\/posts"}],"about":[{"href":"https:\/\/www.institutodeengenharia.org.br\/site\/wp-json\/wp\/v2\/types\/post"}],"author":[{"embeddable":true,"href":"https:\/\/www.institutodeengenharia.org.br\/site\/wp-json\/wp\/v2\/users\/13"}],"replies":[{"embeddable":true,"href":"https:\/\/www.institutodeengenharia.org.br\/site\/wp-json\/wp\/v2\/comments?post=88336"}],"version-history":[{"count":1,"href":"https:\/\/www.institutodeengenharia.org.br\/site\/wp-json\/wp\/v2\/posts\/88336\/revisions"}],"predecessor-version":[{"id":88337,"href":"https:\/\/www.institutodeengenharia.org.br\/site\/wp-json\/wp\/v2\/posts\/88336\/revisions\/88337"}],"wp:featuredmedia":[{"embeddable":true,"href":"https:\/\/www.institutodeengenharia.org.br\/site\/wp-json\/wp\/v2\/media\/88058"}],"wp:attachment":[{"href":"https:\/\/www.institutodeengenharia.org.br\/site\/wp-json\/wp\/v2\/media?parent=88336"}],"wp:term":[{"taxonomy":"category","embeddable":true,"href":"https:\/\/www.institutodeengenharia.org.br\/site\/wp-json\/wp\/v2\/categories?post=88336"},{"taxonomy":"post_tag","embeddable":true,"href":"https:\/\/www.institutodeengenharia.org.br\/site\/wp-json\/wp\/v2\/tags?post=88336"}],"curies":[{"name":"wp","href":"https:\/\/api.w.org\/{rel}","templated":true}]}}