{"id":88260,"date":"2021-11-25T12:02:30","date_gmt":"2021-11-25T15:02:30","guid":{"rendered":"https:\/\/www.institutodeengenharia.org.br\/site\/?p=88260"},"modified":"2021-11-25T14:18:26","modified_gmt":"2021-11-25T17:18:26","slug":"por-reginaldo-a-de-paiva-plano-cicloviario-de-sao-paulo-uma-analise-do-plano-de-2017","status":"publish","type":"post","link":"https:\/\/www.institutodeengenharia.org.br\/site\/2021\/11\/25\/por-reginaldo-a-de-paiva-plano-cicloviario-de-sao-paulo-uma-analise-do-plano-de-2017\/","title":{"rendered":"Por Reginaldo A. de Paiva \u2013 Plano ciclovi\u00e1rio de S\u00e3o Paulo (Uma an\u00e1lise do plano de 2017)"},"content":{"rendered":"<p>ESTRUTURA B\u00c1SICA DE UM PLANO CICLOVI\u00c1RIO URBANO<\/p>\n<p>Cap\u00edtulos B\u00e1sicos a serem considerados em um Plano Ciclovi\u00e1rio:<br \/>\n1. Rede ciclovi\u00e1ria<br \/>\nDiretrizes para a constru\u00e7\u00e3o de uma rede ciclovi\u00e1ria:<br \/>\n&#8211; Coer\u00eancia<br \/>\n&#8211; Rotas diretas<br \/>\n&#8211; Conforto<br \/>\n&#8211; Atratividade<br \/>\nCiclovias, ciclofaixas, vias e cal\u00e7adas de tr\u00e1fego compartilhado com bicicletas comp\u00f5em a rede ciclovi\u00e1ria. Todas as ruas devem ser adequadas \u00e0 circula\u00e7\u00e3o de bicicletas, disponham ou n\u00e3o de sistemas de ciclovias, ciclofaixas ou sinaliza\u00e7\u00e3o especializada para bicicletas (bicycle-friendly streets).<\/p>\n<p>2. Estacionamentos nos pontos de atra\u00e7\u00e3o de viagens de bicicleta, visando tanto estacionamentos em curto espa\u00e7o de tempo (em geral duas horas) e em longos per\u00edodos (nos estacionamentos das esta\u00e7\u00f5es ferrovi\u00e1rios o tempo m\u00e9dio de perman\u00eancia das bicicletas \u00e9 de 11 horas). Seguran\u00e7a, atratividade e manejo confort\u00e1vel das bicicletas devem ser considerados nos projetos destes estacionamentos. Em S\u00e3o Paulo os estacionamentos em \u00e1reas abertas, sem vigil\u00e2ncia s\u00e3o nomeados por paraciclos e os estacionamentos em \u00e1reas fechadas por biciclet\u00e1rios. Vigil\u00e2ncia permanente, controle das entradas e sa\u00eddas dos biciclet\u00e1rios s\u00e3o indispens\u00e1veis para adequar os biciclet\u00e1rios dos padr\u00f5es de atratividade e seguran\u00e7a requeridos \u00e0 uma opera\u00e7\u00e3o eficiente.<\/p>\n<p>3. Educa\u00e7\u00e3o com foco em todos os usu\u00e1rios do sistema vi\u00e1rio, ciclistas, motoristas, motoqueiros e p\u00fablico em geral. Recomenda-se que os programas educativos e os projetos ciclovi\u00e1rios considerem os ciclistas segundo tr\u00eas categorias: experientes, iniciantes e crian\u00e7as.<\/p>\n<p>4. Legisla\u00e7\u00e3o e Estat\u00edsticas de acidentes. S\u00e3o Paulo ainda n\u00e3o disp\u00f5e de um sistema que considere tanto uma forma sistem\u00e1tica de registro de acidentes com bicicletas e de formas de corre\u00e7\u00e3o dos pontos de inseguran\u00e7a vi\u00e1ria. A maior parte dos estudos baseiam-se nos casos de acidentes fatais, nem sempre detectando as \u00e1reas mais inseguras para o tr\u00e2nsito de bicicletas.<\/p>\n<p>5. Marketing e promo\u00e7\u00e3o de sa\u00fade.<\/p>\n<p>6. Bicicletas de carga. O aumento do uso urbano de bicicletas de carga, principalmente nas regi\u00f5es que abrigam grande n\u00famero de estabelecimentos comerciais (bares, restaurantes e escrit\u00f3rios), reclama por uma an\u00e1lise mais abrangente, seja para o estabelecimento de programas que visem a seguran\u00e7a dos ciclistas, seja para a estrutura\u00e7\u00e3o de um programa de incentivo \u00e0 sua utiliza\u00e7\u00e3o como forma de melhor atender \u00e0 popula\u00e7\u00e3o que utiliza os servi\u00e7os deste modo de transporte.<\/p>\n<p><a href=\"https:\/\/www.institutodeengenharia.org.br\/site\/wp-content\/uploads\/2021\/11\/PLANO-CICLOVIARIO-DE-SAO-PAULO.pdf\">Clique e leia o artigo completo<\/a><\/p>\n<p>_______________________________________________________________________<\/p>\n<p><img loading=\"lazy\" decoding=\"async\" class=\"alignnone size-full wp-image-41624 td-animation-stack-type0-2\" src=\"https:\/\/www.institutodeengenharia.org.br\/site\/wp-content\/uploads\/2019\/04\/reginaldo-A.-Paiva.jpg\" alt=\"\" width=\"134\" height=\"88\" \/><\/p>\n<p><strong>REGINALDO A. DE PAIVA*<\/strong><\/p>\n<p>Diretor secret\u00e1rio da Diretoria Executiva (2014\/2015); representante do Instituto de Engenharia na Comiss\u00e3o Pr\u00e9-Centro e na Opera\u00e7\u00e3o Urbana \u00c1guas Espraiadas e na Comiss\u00e3o Licitat\u00f3ria de Concess\u00f5es Rodovi\u00e1rias (Secretaria de Estado dos Transportes); membro do Conselho Editorial da Revista Engenharia.<\/p>\n<p>*<em>Os artigos publicados com assinatura, n\u00e3o traduzem necessariamente a opini\u00e3o do Instituto de Engenharia. Sua publica\u00e7\u00e3o obedece ao prop\u00f3sito de estimular o debate dos problemas brasileiros e de refletir as diversas tend\u00eancias do pensamento contempor\u00e2neo.<\/em><\/p>\n","protected":false},"excerpt":{"rendered":"<p>ESTRUTURA B\u00c1SICA DE UM PLANO CICLOVI\u00c1RIO URBANO Cap\u00edtulos B\u00e1sicos a serem considerados em um Plano Ciclovi\u00e1rio: 1. Rede ciclovi\u00e1ria Diretrizes para a constru\u00e7\u00e3o de uma rede ciclovi\u00e1ria: &#8211; Coer\u00eancia &#8211; Rotas diretas &#8211; Conforto &#8211; Atratividade Ciclovias, ciclofaixas, vias e cal\u00e7adas de tr\u00e1fego compartilhado com bicicletas comp\u00f5em a rede ciclovi\u00e1ria. Todas as ruas devem ser [&hellip;]<\/p>\n","protected":false},"author":13,"featured_media":88263,"comment_status":"open","ping_status":"open","sticky":false,"template":"","format":"standard","meta":{"footnotes":""},"categories":[11,103],"tags":[],"class_list":{"0":"post-88260","1":"post","2":"type-post","3":"status-publish","4":"format-standard","5":"has-post-thumbnail","7":"category-articulistas","8":"category-reginaldo-a-de-paiva"},"yoast_head":"<!-- This site is optimized with the Yoast SEO plugin v27.2 - https:\/\/yoast.com\/product\/yoast-seo-wordpress\/ -->\n<title>Por Reginaldo A. de Paiva \u2013 Plano ciclovi\u00e1rio de S\u00e3o Paulo (Uma an\u00e1lise do plano de 2017) - Instituto de Engenharia<\/title>\n<meta name=\"robots\" content=\"index, follow, max-snippet:-1, max-image-preview:large, max-video-preview:-1\" \/>\n<link rel=\"canonical\" href=\"https:\/\/www.institutodeengenharia.org.br\/site\/2021\/11\/25\/por-reginaldo-a-de-paiva-plano-cicloviario-de-sao-paulo-uma-analise-do-plano-de-2017\/\" \/>\n<meta property=\"og:locale\" content=\"pt_BR\" \/>\n<meta property=\"og:type\" content=\"article\" \/>\n<meta property=\"og:title\" content=\"Por Reginaldo A. de Paiva \u2013 Plano ciclovi\u00e1rio de S\u00e3o Paulo (Uma an\u00e1lise do plano de 2017)\" \/>\n<meta property=\"og:description\" content=\"ESTRUTURA B\u00c1SICA DE UM PLANO CICLOVI\u00c1RIO URBANO\" \/>\n<meta property=\"og:url\" content=\"https:\/\/www.institutodeengenharia.org.br\/site\/2021\/11\/25\/por-reginaldo-a-de-paiva-plano-cicloviario-de-sao-paulo-uma-analise-do-plano-de-2017\/\" \/>\n<meta property=\"og:site_name\" content=\"Instituto de Engenharia\" \/>\n<meta property=\"article:publisher\" content=\"https:\/\/www.facebook.com\/institutodeengenharia\" \/>\n<meta property=\"article:published_time\" content=\"2021-11-25T15:02:30+00:00\" \/>\n<meta property=\"article:modified_time\" content=\"2021-11-25T17:18:26+00:00\" \/>\n<meta property=\"og:image\" content=\"https:\/\/www.institutodeengenharia.org.br\/site\/wp-content\/uploads\/2021\/11\/bicycle-ge19c30692_1920.jpg\" \/>\n\t<meta property=\"og:image:width\" content=\"1920\" \/>\n\t<meta property=\"og:image:height\" content=\"1275\" \/>\n\t<meta property=\"og:image:type\" content=\"image\/jpeg\" \/>\n<meta name=\"author\" content=\"Bianca\" \/>\n<meta name=\"twitter:card\" content=\"summary_large_image\" \/>\n<meta name=\"twitter:title\" content=\"Por Reginaldo A. de Paiva \u2013 Plano ciclovi\u00e1rio de S\u00e3o Paulo (Uma an\u00e1lise do plano de 2017)\" \/>\n<meta name=\"twitter:description\" content=\"ESTRUTURA B\u00c1SICA DE UM PLANO CICLOVI\u00c1RIO URBANO\" \/>\n<meta name=\"twitter:image\" content=\"https:\/\/www.institutodeengenharia.org.br\/site\/wp-content\/uploads\/2021\/11\/bicycle-ge19c30692_1920.jpg\" \/>\n<meta name=\"twitter:creator\" content=\"@iengenharia\" \/>\n<meta name=\"twitter:site\" content=\"@iengenharia\" \/>\n<meta name=\"twitter:label1\" content=\"Escrito por\" \/>\n\t<meta name=\"twitter:data1\" content=\"Bianca\" \/>\n\t<meta name=\"twitter:label2\" content=\"Est. tempo de leitura\" \/>\n\t<meta name=\"twitter:data2\" content=\"3 minutos\" \/>\n<script type=\"application\/ld+json\" class=\"yoast-schema-graph\">{\"@context\":\"https:\/\/schema.org\",\"@graph\":[{\"@type\":\"Article\",\"@id\":\"https:\/\/www.institutodeengenharia.org.br\/site\/2021\/11\/25\/por-reginaldo-a-de-paiva-plano-cicloviario-de-sao-paulo-uma-analise-do-plano-de-2017\/#article\",\"isPartOf\":{\"@id\":\"https:\/\/www.institutodeengenharia.org.br\/site\/2021\/11\/25\/por-reginaldo-a-de-paiva-plano-cicloviario-de-sao-paulo-uma-analise-do-plano-de-2017\/\"},\"author\":{\"name\":\"Bianca\",\"@id\":\"https:\/\/www.institutodeengenharia.org.br\/site\/#\/schema\/person\/aeb64951c405e100d26d30b033dd423f\"},\"headline\":\"Por Reginaldo A. de Paiva \u2013 Plano ciclovi\u00e1rio de S\u00e3o Paulo (Uma an\u00e1lise do plano de 2017)\",\"datePublished\":\"2021-11-25T15:02:30+00:00\",\"dateModified\":\"2021-11-25T17:18:26+00:00\",\"mainEntityOfPage\":{\"@id\":\"https:\/\/www.institutodeengenharia.org.br\/site\/2021\/11\/25\/por-reginaldo-a-de-paiva-plano-cicloviario-de-sao-paulo-uma-analise-do-plano-de-2017\/\"},\"wordCount\":522,\"commentCount\":0,\"publisher\":{\"@id\":\"https:\/\/www.institutodeengenharia.org.br\/site\/#organization\"},\"image\":{\"@id\":\"https:\/\/www.institutodeengenharia.org.br\/site\/2021\/11\/25\/por-reginaldo-a-de-paiva-plano-cicloviario-de-sao-paulo-uma-analise-do-plano-de-2017\/#primaryimage\"},\"thumbnailUrl\":\"https:\/\/www.institutodeengenharia.org.br\/site\/wp-content\/uploads\/2021\/11\/bicycle-ge19c30692_1920.webp\",\"articleSection\":[\"Articulistas\",\"Reginaldo A. de Paiva\"],\"inLanguage\":\"pt-BR\",\"potentialAction\":[{\"@type\":\"CommentAction\",\"name\":\"Comment\",\"target\":[\"https:\/\/www.institutodeengenharia.org.br\/site\/2021\/11\/25\/por-reginaldo-a-de-paiva-plano-cicloviario-de-sao-paulo-uma-analise-do-plano-de-2017\/#respond\"]}]},{\"@type\":\"WebPage\",\"@id\":\"https:\/\/www.institutodeengenharia.org.br\/site\/2021\/11\/25\/por-reginaldo-a-de-paiva-plano-cicloviario-de-sao-paulo-uma-analise-do-plano-de-2017\/\",\"url\":\"https:\/\/www.institutodeengenharia.org.br\/site\/2021\/11\/25\/por-reginaldo-a-de-paiva-plano-cicloviario-de-sao-paulo-uma-analise-do-plano-de-2017\/\",\"name\":\"Por Reginaldo A. de Paiva \u2013 Plano ciclovi\u00e1rio de S\u00e3o Paulo (Uma an\u00e1lise do plano de 2017) - Instituto de Engenharia\",\"isPartOf\":{\"@id\":\"https:\/\/www.institutodeengenharia.org.br\/site\/#website\"},\"primaryImageOfPage\":{\"@id\":\"https:\/\/www.institutodeengenharia.org.br\/site\/2021\/11\/25\/por-reginaldo-a-de-paiva-plano-cicloviario-de-sao-paulo-uma-analise-do-plano-de-2017\/#primaryimage\"},\"image\":{\"@id\":\"https:\/\/www.institutodeengenharia.org.br\/site\/2021\/11\/25\/por-reginaldo-a-de-paiva-plano-cicloviario-de-sao-paulo-uma-analise-do-plano-de-2017\/#primaryimage\"},\"thumbnailUrl\":\"https:\/\/www.institutodeengenharia.org.br\/site\/wp-content\/uploads\/2021\/11\/bicycle-ge19c30692_1920.webp\",\"datePublished\":\"2021-11-25T15:02:30+00:00\",\"dateModified\":\"2021-11-25T17:18:26+00:00\",\"breadcrumb\":{\"@id\":\"https:\/\/www.institutodeengenharia.org.br\/site\/2021\/11\/25\/por-reginaldo-a-de-paiva-plano-cicloviario-de-sao-paulo-uma-analise-do-plano-de-2017\/#breadcrumb\"},\"inLanguage\":\"pt-BR\",\"potentialAction\":[{\"@type\":\"ReadAction\",\"target\":[\"https:\/\/www.institutodeengenharia.org.br\/site\/2021\/11\/25\/por-reginaldo-a-de-paiva-plano-cicloviario-de-sao-paulo-uma-analise-do-plano-de-2017\/\"]}]},{\"@type\":\"ImageObject\",\"inLanguage\":\"pt-BR\",\"@id\":\"https:\/\/www.institutodeengenharia.org.br\/site\/2021\/11\/25\/por-reginaldo-a-de-paiva-plano-cicloviario-de-sao-paulo-uma-analise-do-plano-de-2017\/#primaryimage\",\"url\":\"https:\/\/www.institutodeengenharia.org.br\/site\/wp-content\/uploads\/2021\/11\/bicycle-ge19c30692_1920.webp\",\"contentUrl\":\"https:\/\/www.institutodeengenharia.org.br\/site\/wp-content\/uploads\/2021\/11\/bicycle-ge19c30692_1920.webp\",\"width\":1200,\"height\":797},{\"@type\":\"BreadcrumbList\",\"@id\":\"https:\/\/www.institutodeengenharia.org.br\/site\/2021\/11\/25\/por-reginaldo-a-de-paiva-plano-cicloviario-de-sao-paulo-uma-analise-do-plano-de-2017\/#breadcrumb\",\"itemListElement\":[{\"@type\":\"ListItem\",\"position\":1,\"name\":\"In\u00edcio\",\"item\":\"https:\/\/www.institutodeengenharia.org.br\/site\/\"},{\"@type\":\"ListItem\",\"position\":2,\"name\":\"Por Reginaldo A. de Paiva \u2013 Plano ciclovi\u00e1rio de S\u00e3o Paulo (Uma an\u00e1lise do plano de 2017)\"}]},{\"@type\":\"WebSite\",\"@id\":\"https:\/\/www.institutodeengenharia.org.br\/site\/#website\",\"url\":\"https:\/\/www.institutodeengenharia.org.br\/site\/\",\"name\":\"Instituto de Engenharia\",\"description\":\"O Instituto de Engenharia promove a Engenharia em benef\u00edcio do desenvolvimento e da qualidade de vida da sociedade.\",\"publisher\":{\"@id\":\"https:\/\/www.institutodeengenharia.org.br\/site\/#organization\"},\"potentialAction\":[{\"@type\":\"SearchAction\",\"target\":{\"@type\":\"EntryPoint\",\"urlTemplate\":\"https:\/\/www.institutodeengenharia.org.br\/site\/?s={search_term_string}\"},\"query-input\":{\"@type\":\"PropertyValueSpecification\",\"valueRequired\":true,\"valueName\":\"search_term_string\"}}],\"inLanguage\":\"pt-BR\"},{\"@type\":\"Organization\",\"@id\":\"https:\/\/www.institutodeengenharia.org.br\/site\/#organization\",\"name\":\"Instituto de Engenharia\",\"url\":\"https:\/\/www.institutodeengenharia.org.br\/site\/\",\"logo\":{\"@type\":\"ImageObject\",\"inLanguage\":\"pt-BR\",\"@id\":\"https:\/\/www.institutodeengenharia.org.br\/site\/#\/schema\/logo\/image\/\",\"url\":\"https:\/\/www.institutodeengenharia.org.br\/site\/wp-content\/uploads\/2019\/03\/logo-novo-IE2018-1.jpg\",\"contentUrl\":\"https:\/\/www.institutodeengenharia.org.br\/site\/wp-content\/uploads\/2019\/03\/logo-novo-IE2018-1.jpg\",\"width\":1486,\"height\":1879,\"caption\":\"Instituto de Engenharia\"},\"image\":{\"@id\":\"https:\/\/www.institutodeengenharia.org.br\/site\/#\/schema\/logo\/image\/\"},\"sameAs\":[\"https:\/\/www.facebook.com\/institutodeengenharia\",\"https:\/\/x.com\/iengenharia\",\"https:\/\/www.instagram.com\/institutodeengenharia\/\",\"https:\/\/www.linkedin.com\/company\/instituto-de-engenharia\/\",\"https:\/\/www.youtube.com\/channel\/UCXiCAlsSMe977vamW915HxA\"]},{\"@type\":\"Person\",\"@id\":\"https:\/\/www.institutodeengenharia.org.br\/site\/#\/schema\/person\/aeb64951c405e100d26d30b033dd423f\",\"name\":\"Bianca\",\"image\":{\"@type\":\"ImageObject\",\"inLanguage\":\"pt-BR\",\"@id\":\"https:\/\/secure.gravatar.com\/avatar\/a6fbe9bff57405baf4c1e2c5c1811e072b558253974a9f9508f4678900c97c2a?s=96&d=mm&r=g\",\"url\":\"https:\/\/secure.gravatar.com\/avatar\/a6fbe9bff57405baf4c1e2c5c1811e072b558253974a9f9508f4678900c97c2a?s=96&d=mm&r=g\",\"contentUrl\":\"https:\/\/secure.gravatar.com\/avatar\/a6fbe9bff57405baf4c1e2c5c1811e072b558253974a9f9508f4678900c97c2a?s=96&d=mm&r=g\",\"caption\":\"Bianca\"},\"url\":\"https:\/\/www.institutodeengenharia.org.br\/site\/author\/comunicacao1\/\"}]}<\/script>\n<!-- \/ Yoast SEO plugin. -->","yoast_head_json":{"title":"Por Reginaldo A. de Paiva \u2013 Plano ciclovi\u00e1rio de S\u00e3o Paulo (Uma an\u00e1lise do plano de 2017) - Instituto de Engenharia","robots":{"index":"index","follow":"follow","max-snippet":"max-snippet:-1","max-image-preview":"max-image-preview:large","max-video-preview":"max-video-preview:-1"},"canonical":"https:\/\/www.institutodeengenharia.org.br\/site\/2021\/11\/25\/por-reginaldo-a-de-paiva-plano-cicloviario-de-sao-paulo-uma-analise-do-plano-de-2017\/","og_locale":"pt_BR","og_type":"article","og_title":"Por Reginaldo A. de Paiva \u2013 Plano ciclovi\u00e1rio de S\u00e3o Paulo (Uma an\u00e1lise do plano de 2017)","og_description":"ESTRUTURA B\u00c1SICA DE UM PLANO CICLOVI\u00c1RIO URBANO","og_url":"https:\/\/www.institutodeengenharia.org.br\/site\/2021\/11\/25\/por-reginaldo-a-de-paiva-plano-cicloviario-de-sao-paulo-uma-analise-do-plano-de-2017\/","og_site_name":"Instituto de Engenharia","article_publisher":"https:\/\/www.facebook.com\/institutodeengenharia","article_published_time":"2021-11-25T15:02:30+00:00","article_modified_time":"2021-11-25T17:18:26+00:00","og_image":[{"width":1920,"height":1275,"url":"https:\/\/www.institutodeengenharia.org.br\/site\/wp-content\/uploads\/2021\/11\/bicycle-ge19c30692_1920.jpg","type":"image\/jpeg"}],"author":"Bianca","twitter_card":"summary_large_image","twitter_title":"Por Reginaldo A. de Paiva \u2013 Plano ciclovi\u00e1rio de S\u00e3o Paulo (Uma an\u00e1lise do plano de 2017)","twitter_description":"ESTRUTURA B\u00c1SICA DE UM PLANO CICLOVI\u00c1RIO URBANO","twitter_image":"https:\/\/www.institutodeengenharia.org.br\/site\/wp-content\/uploads\/2021\/11\/bicycle-ge19c30692_1920.jpg","twitter_creator":"@iengenharia","twitter_site":"@iengenharia","twitter_misc":{"Escrito por":"Bianca","Est. tempo de leitura":"3 minutos"},"schema":{"@context":"https:\/\/schema.org","@graph":[{"@type":"Article","@id":"https:\/\/www.institutodeengenharia.org.br\/site\/2021\/11\/25\/por-reginaldo-a-de-paiva-plano-cicloviario-de-sao-paulo-uma-analise-do-plano-de-2017\/#article","isPartOf":{"@id":"https:\/\/www.institutodeengenharia.org.br\/site\/2021\/11\/25\/por-reginaldo-a-de-paiva-plano-cicloviario-de-sao-paulo-uma-analise-do-plano-de-2017\/"},"author":{"name":"Bianca","@id":"https:\/\/www.institutodeengenharia.org.br\/site\/#\/schema\/person\/aeb64951c405e100d26d30b033dd423f"},"headline":"Por Reginaldo A. de Paiva \u2013 Plano ciclovi\u00e1rio de S\u00e3o Paulo (Uma an\u00e1lise do plano de 2017)","datePublished":"2021-11-25T15:02:30+00:00","dateModified":"2021-11-25T17:18:26+00:00","mainEntityOfPage":{"@id":"https:\/\/www.institutodeengenharia.org.br\/site\/2021\/11\/25\/por-reginaldo-a-de-paiva-plano-cicloviario-de-sao-paulo-uma-analise-do-plano-de-2017\/"},"wordCount":522,"commentCount":0,"publisher":{"@id":"https:\/\/www.institutodeengenharia.org.br\/site\/#organization"},"image":{"@id":"https:\/\/www.institutodeengenharia.org.br\/site\/2021\/11\/25\/por-reginaldo-a-de-paiva-plano-cicloviario-de-sao-paulo-uma-analise-do-plano-de-2017\/#primaryimage"},"thumbnailUrl":"https:\/\/www.institutodeengenharia.org.br\/site\/wp-content\/uploads\/2021\/11\/bicycle-ge19c30692_1920.webp","articleSection":["Articulistas","Reginaldo A. de Paiva"],"inLanguage":"pt-BR","potentialAction":[{"@type":"CommentAction","name":"Comment","target":["https:\/\/www.institutodeengenharia.org.br\/site\/2021\/11\/25\/por-reginaldo-a-de-paiva-plano-cicloviario-de-sao-paulo-uma-analise-do-plano-de-2017\/#respond"]}]},{"@type":"WebPage","@id":"https:\/\/www.institutodeengenharia.org.br\/site\/2021\/11\/25\/por-reginaldo-a-de-paiva-plano-cicloviario-de-sao-paulo-uma-analise-do-plano-de-2017\/","url":"https:\/\/www.institutodeengenharia.org.br\/site\/2021\/11\/25\/por-reginaldo-a-de-paiva-plano-cicloviario-de-sao-paulo-uma-analise-do-plano-de-2017\/","name":"Por Reginaldo A. de Paiva \u2013 Plano ciclovi\u00e1rio de S\u00e3o Paulo (Uma an\u00e1lise do plano de 2017) - Instituto de Engenharia","isPartOf":{"@id":"https:\/\/www.institutodeengenharia.org.br\/site\/#website"},"primaryImageOfPage":{"@id":"https:\/\/www.institutodeengenharia.org.br\/site\/2021\/11\/25\/por-reginaldo-a-de-paiva-plano-cicloviario-de-sao-paulo-uma-analise-do-plano-de-2017\/#primaryimage"},"image":{"@id":"https:\/\/www.institutodeengenharia.org.br\/site\/2021\/11\/25\/por-reginaldo-a-de-paiva-plano-cicloviario-de-sao-paulo-uma-analise-do-plano-de-2017\/#primaryimage"},"thumbnailUrl":"https:\/\/www.institutodeengenharia.org.br\/site\/wp-content\/uploads\/2021\/11\/bicycle-ge19c30692_1920.webp","datePublished":"2021-11-25T15:02:30+00:00","dateModified":"2021-11-25T17:18:26+00:00","breadcrumb":{"@id":"https:\/\/www.institutodeengenharia.org.br\/site\/2021\/11\/25\/por-reginaldo-a-de-paiva-plano-cicloviario-de-sao-paulo-uma-analise-do-plano-de-2017\/#breadcrumb"},"inLanguage":"pt-BR","potentialAction":[{"@type":"ReadAction","target":["https:\/\/www.institutodeengenharia.org.br\/site\/2021\/11\/25\/por-reginaldo-a-de-paiva-plano-cicloviario-de-sao-paulo-uma-analise-do-plano-de-2017\/"]}]},{"@type":"ImageObject","inLanguage":"pt-BR","@id":"https:\/\/www.institutodeengenharia.org.br\/site\/2021\/11\/25\/por-reginaldo-a-de-paiva-plano-cicloviario-de-sao-paulo-uma-analise-do-plano-de-2017\/#primaryimage","url":"https:\/\/www.institutodeengenharia.org.br\/site\/wp-content\/uploads\/2021\/11\/bicycle-ge19c30692_1920.webp","contentUrl":"https:\/\/www.institutodeengenharia.org.br\/site\/wp-content\/uploads\/2021\/11\/bicycle-ge19c30692_1920.webp","width":1200,"height":797},{"@type":"BreadcrumbList","@id":"https:\/\/www.institutodeengenharia.org.br\/site\/2021\/11\/25\/por-reginaldo-a-de-paiva-plano-cicloviario-de-sao-paulo-uma-analise-do-plano-de-2017\/#breadcrumb","itemListElement":[{"@type":"ListItem","position":1,"name":"In\u00edcio","item":"https:\/\/www.institutodeengenharia.org.br\/site\/"},{"@type":"ListItem","position":2,"name":"Por Reginaldo A. de Paiva \u2013 Plano ciclovi\u00e1rio de S\u00e3o Paulo (Uma an\u00e1lise do plano de 2017)"}]},{"@type":"WebSite","@id":"https:\/\/www.institutodeengenharia.org.br\/site\/#website","url":"https:\/\/www.institutodeengenharia.org.br\/site\/","name":"Instituto de Engenharia","description":"O Instituto de Engenharia promove a Engenharia em benef\u00edcio do desenvolvimento e da qualidade de vida da sociedade.","publisher":{"@id":"https:\/\/www.institutodeengenharia.org.br\/site\/#organization"},"potentialAction":[{"@type":"SearchAction","target":{"@type":"EntryPoint","urlTemplate":"https:\/\/www.institutodeengenharia.org.br\/site\/?s={search_term_string}"},"query-input":{"@type":"PropertyValueSpecification","valueRequired":true,"valueName":"search_term_string"}}],"inLanguage":"pt-BR"},{"@type":"Organization","@id":"https:\/\/www.institutodeengenharia.org.br\/site\/#organization","name":"Instituto de Engenharia","url":"https:\/\/www.institutodeengenharia.org.br\/site\/","logo":{"@type":"ImageObject","inLanguage":"pt-BR","@id":"https:\/\/www.institutodeengenharia.org.br\/site\/#\/schema\/logo\/image\/","url":"https:\/\/www.institutodeengenharia.org.br\/site\/wp-content\/uploads\/2019\/03\/logo-novo-IE2018-1.jpg","contentUrl":"https:\/\/www.institutodeengenharia.org.br\/site\/wp-content\/uploads\/2019\/03\/logo-novo-IE2018-1.jpg","width":1486,"height":1879,"caption":"Instituto de Engenharia"},"image":{"@id":"https:\/\/www.institutodeengenharia.org.br\/site\/#\/schema\/logo\/image\/"},"sameAs":["https:\/\/www.facebook.com\/institutodeengenharia","https:\/\/x.com\/iengenharia","https:\/\/www.instagram.com\/institutodeengenharia\/","https:\/\/www.linkedin.com\/company\/instituto-de-engenharia\/","https:\/\/www.youtube.com\/channel\/UCXiCAlsSMe977vamW915HxA"]},{"@type":"Person","@id":"https:\/\/www.institutodeengenharia.org.br\/site\/#\/schema\/person\/aeb64951c405e100d26d30b033dd423f","name":"Bianca","image":{"@type":"ImageObject","inLanguage":"pt-BR","@id":"https:\/\/secure.gravatar.com\/avatar\/a6fbe9bff57405baf4c1e2c5c1811e072b558253974a9f9508f4678900c97c2a?s=96&d=mm&r=g","url":"https:\/\/secure.gravatar.com\/avatar\/a6fbe9bff57405baf4c1e2c5c1811e072b558253974a9f9508f4678900c97c2a?s=96&d=mm&r=g","contentUrl":"https:\/\/secure.gravatar.com\/avatar\/a6fbe9bff57405baf4c1e2c5c1811e072b558253974a9f9508f4678900c97c2a?s=96&d=mm&r=g","caption":"Bianca"},"url":"https:\/\/www.institutodeengenharia.org.br\/site\/author\/comunicacao1\/"}]}},"_links":{"self":[{"href":"https:\/\/www.institutodeengenharia.org.br\/site\/wp-json\/wp\/v2\/posts\/88260","targetHints":{"allow":["GET"]}}],"collection":[{"href":"https:\/\/www.institutodeengenharia.org.br\/site\/wp-json\/wp\/v2\/posts"}],"about":[{"href":"https:\/\/www.institutodeengenharia.org.br\/site\/wp-json\/wp\/v2\/types\/post"}],"author":[{"embeddable":true,"href":"https:\/\/www.institutodeengenharia.org.br\/site\/wp-json\/wp\/v2\/users\/13"}],"replies":[{"embeddable":true,"href":"https:\/\/www.institutodeengenharia.org.br\/site\/wp-json\/wp\/v2\/comments?post=88260"}],"version-history":[{"count":2,"href":"https:\/\/www.institutodeengenharia.org.br\/site\/wp-json\/wp\/v2\/posts\/88260\/revisions"}],"predecessor-version":[{"id":88271,"href":"https:\/\/www.institutodeengenharia.org.br\/site\/wp-json\/wp\/v2\/posts\/88260\/revisions\/88271"}],"wp:featuredmedia":[{"embeddable":true,"href":"https:\/\/www.institutodeengenharia.org.br\/site\/wp-json\/wp\/v2\/media\/88263"}],"wp:attachment":[{"href":"https:\/\/www.institutodeengenharia.org.br\/site\/wp-json\/wp\/v2\/media?parent=88260"}],"wp:term":[{"taxonomy":"category","embeddable":true,"href":"https:\/\/www.institutodeengenharia.org.br\/site\/wp-json\/wp\/v2\/categories?post=88260"},{"taxonomy":"post_tag","embeddable":true,"href":"https:\/\/www.institutodeengenharia.org.br\/site\/wp-json\/wp\/v2\/tags?post=88260"}],"curies":[{"name":"wp","href":"https:\/\/api.w.org\/{rel}","templated":true}]}}