{"id":88124,"date":"2021-11-19T15:36:24","date_gmt":"2021-11-19T18:36:24","guid":{"rendered":"https:\/\/www.institutodeengenharia.org.br\/site\/?p=88124"},"modified":"2023-01-10T09:57:35","modified_gmt":"2023-01-10T12:57:35","slug":"discurso-eminente-engenheiro-do-ano-2021-wilson-ferreira-junior","status":"publish","type":"post","link":"https:\/\/www.institutodeengenharia.org.br\/site\/2021\/11\/19\/discurso-eminente-engenheiro-do-ano-2021-wilson-ferreira-junior\/","title":{"rendered":"Discurso Eminente Engenheiro do Ano 2021 &#8211; Wilson Ferreira Junior"},"content":{"rendered":"<p>Boa noite, senhoras e senhores, amigas e amigos,<\/p>\n<p>Agrade\u00e7o muito a presen\u00e7a de todos voc\u00eas.<\/p>\n<p>\u00c9\u00a0um prazer estar aqui hoje, na companhia de\u00a0Paulo Ferreira, presidente do\u00a0Instituto de Engenharia, de toda a diretoria,\u00a0e de voc\u00eas, meus colegas,\u00a0que\u00a0muito\u00a0contribu\u00edram\u00a0para o desenvolvimento\u00a0de\u00a0nossa\u00a0profiss\u00e3o,\u00a0nas \u00faltimas d\u00e9cadas.\u00a0E, al\u00e9m do prazer, existe a honra. De fato, \u00e9\u00a0uma grande honra\u00a0para mim\u00a0receber essa homenagem, e entrar para\u00a0essa galeria dos Engenheiros do Ano,\u00a0ao lado de gente t\u00e3o not\u00e1vel, numa tradi\u00e7\u00e3o de quase 60 anos. Estar ao lado de Engenheiros como Ant\u00f4nio\u00a0Erm\u00edrio, Ozires Silva, Rubens\u00a0Ometto e Pedro Parente, para citar alguns os quais tive a oportunidade de conviver, me enobrece como cidad\u00e3o brasileiro.<\/p>\n<p>Por isso, estou imerso em\u00a0um sentimento de fraternidade, de congra\u00e7amento, de forte liga\u00e7\u00e3o com\u00a0esse Instituto.\u00a0Estou muito agradecido! Estou\u00a0muito feliz!\u00a0Emocionado! Eu\u00a0gostaria de confessar a voc\u00eas uma verdade nua e crua:\u00a0eu\u00a0s\u00f3\u00a0sou o que sou porque sou engenheiro. Portanto, muito obrigado por me acolherem como um de voc\u00eas.\u00a0Pois, mais do que nunca, eu me sinto pertencente a esse grupo. Mais\u00a0do que nunca, eu me filio a essa tradi\u00e7\u00e3o e ao legado da engenharia,\u00a0que construiu esse nosso Brasil,\u00a0que temos hoje,\u00a0e do qual nos orgulhamos\u00a0tanto.<\/p>\n<p>No\u00a0momento\u00a0em que\u00a0eu\u00a0soube que\u00a0receberia\u00a0essa distin\u00e7\u00e3o,\u00a0comecei a pensar\u00a0no\u00a0que significou\u00a0para mim\u00a0ser engenheiro\u00a0e sobre a carreira que trilhei.\u00a0Quando eu ainda estava no col\u00e9gio eu fiz, n\u00e3o somente um, mas dois testes vocacionais.\u00a0Se eu fosse\u00a0me basear somente no primeiro teste, teria\u00a0seguido a carreira de Medicina.\u00a0Naquela hora, eu meditei, meditei, e\u00a0achei melhor procurar uma segunda opini\u00e3o. Parti para o meu segundo teste vocacional.\u00a0Na\u00a0nova\u00a0tentativa, a orientadora conversou comigo,\u00a0depois da realiza\u00e7\u00e3o do teste,\u00a0e\u00a0me apontou\u00a0al\u00e9m da Medicina um outro caminho. Ela me disse que\u00a0eu tinha uma\u00a0vis\u00e3o humanista\u00a0da vida,\u00a0e que\u00a0eu\u00a0devia\u00a0escolher uma profiss\u00e3o que me desse condi\u00e7\u00f5es de trabalhar com o oferecimento, \u00e0s pessoas e \u00e0s comunidades, de servi\u00e7os p\u00fablicos. Surgiu a\u00ed a ideia de estudar\u00a0Engenharia El\u00e9trica,\u00a0um campo que tinha\u00a0empresas\u00a0que\u00a0faziam\u00a0isso muito\u00a0bem.\u00a0Esse foi o caminho que segui,\u00a0e\u00a0jamais me arrependi.\u00a0Fui fazer a minha gradua\u00e7\u00e3o na Universidade Mackenzie, onde formei as minhas primeiras ideias, sobre essa\u00a0maravilhosa\u00a0profiss\u00e3o. Foi l\u00e1 que comecei\u00a0a\u00a0minha trajet\u00f3ria, que me levou a tantas descobertas. A Engenharia moldou a minha forma de pensar, enxergar o mundo, e trabalhar. Seus princ\u00edpios me guiaram at\u00e9 aqui.<\/p>\n<p>Estou completando agora quarenta anos de carreira, plenamente realizado. A vida me brindou com oportunidades e desafios, que moldaram e moveram a minha carreira. Neste momento, \u00e9 interessante lembrar que o meu primeiro desafio, na CESP, foi integrar a Divis\u00e3o de Aplica\u00e7\u00e3o de Energia El\u00e9trica, criada para viabilizar a venda de eletricidade, que, na d\u00e9cada de 80, t\u00ednhamos em excesso. Quer\u00edamos, naquela \u00e9poca, substituir o combust\u00edvel f\u00f3ssil, importado e caro, depois das duas Crises do Petr\u00f3leo,\u00a0da d\u00e9cada de 70, pela energia el\u00e9trica.\u00a0Quarenta anos depois, estou liderando a transforma\u00e7\u00e3o da Vibra Energia. Exatamente, para podermos oferecer novas energias, buscando\u00a0a Transi\u00e7\u00e3o Energ\u00e9tica de nossos clientes, nos juntando a esse nobre e essencial desafio global, de redu\u00e7\u00e3o dos gases de efeito estufa, com o objetivo da preserva\u00e7\u00e3o e da sobreviv\u00eancia de nosso planeta.<\/p>\n<p>Outro desafio fascinante, que tive na CESP,\u00a0e que marcou\u00a0a minha carreira, foi\u00a0a sua Reestrutura\u00e7\u00e3o Empresarial. Dirigida, na \u00e9poca, pelo Governador Geraldo\u00a0Alckmin, aqui presente,\u00a0e pelo Presidente da CESP, Andrea Matarazzo, a quem, quero externar aqui o meu reconhecimento. Eles lideraram\u00a0esse enorme esfor\u00e7o de redu\u00e7\u00e3o de custos, de aumento da produtividade, e da extraordin\u00e1ria evolu\u00e7\u00e3o na qualidade dos\u00a0servi\u00e7os prestados, aos seus clientes. Por todas essas conquistas, a CESP foi a primeira energ\u00e9tica com certifica\u00e7\u00e3o ISO 9000 \u2013 Gest\u00e3o da Qualidade. Conquista que legitimou o \u00eaxito de seu processo\u00a0de gest\u00e3o, salvando\u00a0a companhia, de sua quase fal\u00eancia,\u00a0viabilizando assim\u00a0a privatiza\u00e7\u00e3o da empresa. Importante dizer aqui que o Estado de S\u00e3o Paulo n\u00e3o seria o que \u00e9 hoje, se\u00a0n\u00e3o fosse a privatiza\u00e7\u00e3o de suas empresas, especialmente as el\u00e9tricas,\u00a0que, al\u00e9m de auferir expressivos pr\u00eamios sobre os valores m\u00ednimos, reduziram muito a d\u00edvida do Estado, transferindo todas as d\u00edvidas financeiras e previdenci\u00e1rias das empresas, para os novos operadores privados. Por essa raz\u00e3o, uma das coisas mais\u00a0decisivas\u00a0que fiz,\u00a0no in\u00edcio de\u00a0minha vida profissional, foi\u00a0me\u00a0especializar\u00a0no tema da\u00a0Qualidade Total. Eu fiz isso gra\u00e7as aos ensinamentos que recebi de um grande consultor em Gest\u00e3o Empresarial,\u00a0o Vicente\u00a0Falconi.<\/p>\n<p>Obviamente, esse fant\u00e1stico aprendizado, de busca da excel\u00eancia empresarial, na CESP, foi determinante para que eu pudesse dirigir a RGE &#8211; a Rio Grande Energia, uma das 3 distribuidoras privatizadas em 1997, no Rio Grande do Sul, experi\u00eancia que me foi muito \u00fatil tamb\u00e9m, a partir de 2000, quando tornei-me o presidente da CPFL, onde tal como na CESP, trabalhei por 18 anos, numa jornada, que transformou essa distribuidora do interior de S\u00e3o Paulo, no maior grupo privado de energia do Brasil.<\/p>\n<p>Voc\u00eas imaginem, ent\u00e3o, o que foi, para um engenheiro, que iniciou a sua carreira em uma empresa estatal, liderar a CPFL, com acionistas privados, todos focados em crescimento e efici\u00eancia. \u00a0Na CPFL, participei de um verdadeiro Turnaround empresarial:\u00a0 Constru\u00e7\u00e3o de 7 hidrel\u00e9tricas, Aquisi\u00e7\u00e3o de mais 8 distribuidoras, Cria\u00e7\u00e3o de comercializadoras de energia no mercado livre, Cria\u00e7\u00e3o do neg\u00f3cio de transmiss\u00e3o, Cria\u00e7\u00e3o da maior opera\u00e7\u00e3o de energia renov\u00e1vel do Brasil, com mais de uma centena de parques e\u00f3licos e solares, Repotencia\u00e7\u00e3o e constru\u00e7\u00e3o de PCHs, Cria\u00e7\u00e3o de uma empresa para operar o\u00a0Centro de Servi\u00e7os Compartilhados, Cria\u00e7\u00e3o de uma empresa de telecomunica\u00e7\u00f5es. Enfim, uma extraordin\u00e1ria e expl\u00eandida jornada.<\/p>\n<p>Depois disso tudo, fui convocado, pelo Presidente Michel Temer e pelo Ministro Fernando Coelho Filho, para dirigir a Eletrobras, e jogar, como considero hoje, na Sele\u00e7\u00e3o Brasileira de Energia. Sem duvida nenhuma, o maior desafio que tive na minha vida profissional: Liderar a recupera\u00e7\u00e3o da maior empresa de Eletricidade da Am\u00e9rica do Sul, uma das 15 maiores do mundo, que em 2016, encontrava-se, com s\u00e9rios problemas de sobreviv\u00eancia. A Eletrobras, na \u00e9poca, uma holding listada no Brasil, em Nova York, e em Madri, valia \u00bc do valor da CPFL, apesar de ser, pelo menos, 10 vezes maior em ativos, do que a empresa paulista. A Eletrobras, naquele momento, tinha 16 subsidi\u00e1rias, 178 SPEs, dezenas de obras paradas, a\u00e7\u00f5es no DOJ, na SEC, e uma class-action, no Estados Unidos, impedindo a negocia\u00e7\u00e3o de suas a\u00e7\u00f5es, no preg\u00e3o da NYSE. Com preju\u00edzo de mais de 34 bilh\u00f5es, em 4 anos, o que reduzia quase \u00e0 metade o Patrim\u00f4nio L\u00edquido da companhia, que era, j\u00e1 naquele momento, inferior \u00e0 sua d\u00edvida bruta. A alavancagem da empresa, nessa \u00e9poca, era de quase 9 vezes a sua gera\u00e7\u00e3o anual de caixa. Custos operacionais de 50 a 100% maiores que os custos regulat\u00f3rios. Imeginem voc\u00eas que ela tinha, quando assumi a dire\u00e7\u00e3o da empresa, dois mil gerentes e 26.000 empregados.<\/p>\n<p>A sensa\u00e7\u00e3o de dever cumprido ocorreu quase cinco anos depois, meus amigos. Com grande felicidade, testemunho, agora, que a nossa ELETROBRAS \u00a0n\u00e3o guarda mais nenhuma rela\u00e7\u00e3o com aquela que encontrei, em 2016. Encurtando uma longa hist\u00f3ria, privatizamos as suas 7 distribuidoras, focando a Empresa, naquilo que \u00e9 a sua voca\u00e7\u00e3o, a gera\u00e7\u00e3o e a transmiss\u00e3o de energia el\u00e9trica. Por conta disso, vendemos quase 100 SPEs e, com os recursos conseguidos, conclu\u00edmos todas as obras que estavam esperando encaminhamento. Destaco, aqui, a conclus\u00e3o de todas as hidrel\u00e9tricas do Rio Madeira, do Rio Teles Pires, e, especialmente, a UHE de Belo Monte e a sua respectiva Linha de Transmiss\u00e3o, de 800 kV, em corrente cont\u00ednua, a primeira a ser realizada no Brasil. Ficaram por terminar a constru\u00e7\u00e3o de Angra 3, que termina em 2026, e a Linha de Transmiss\u00e3o Manaus &#8211; Boa Vista, que terminar\u00e1 em 2023.<\/p>\n<p>Mais importante, ainda, o quadro de pessoal da Eletrobras foi reduzido para menos de 12.000 empregados, e a empresa nunca mais teve preju\u00edzos anuais. Pelo contr\u00e1rio, apresentou, em 2018, o maior lucro de sua hist\u00f3ria, revertendo todos os preju\u00edzos acumulados. A alavancagem \u00e9 menor que duas vezes a gera\u00e7\u00e3o anual de caixa. E, o mais significativo, seu patrim\u00f4nio l\u00edquido duplicou, e seu valor de mercado, na bolsa de valores, sextuplicou, atingindo R$ 70 bilh\u00f5es, no come\u00e7o deste ano. Nada disso teria sido poss\u00edvel sem o incondicional apoio dos Ministros Fernando Coelho e Bento Albuquerque, cuja confian\u00e7a, apoio e amizade, foram fundamentais, para\u00a0o cumprimento dessa miss\u00e3o. E, com toda a certeza, o futuro reserva melhores perspectivas, ainda, para a Eletrobr\u00e1s, com a sua privatiza\u00e7\u00e3o, agendada, para ocorrer, no primeiro trimestre de 2022.<\/p>\n<p>Aqui, preciso voltar, uma vez mais, \u00e0 minha juventude.\u00a0Porque, desde\u00a0jovem, aprendi a cultivar grandes\u00a0metas, sem me deixar amedrontar diante dos mais intrincados desafios. Ali\u00e1s, foi com\u00a0os\u00a0meus pais,\u00a0a quem agrade\u00e7o sempre, que\u00a0eu aprendi que\u00a0desafios existem para ser vencidos. Basta termos a coragem de n\u00e3o apequenar a nossa alma, pois, como\u00a0t\u00e3o bem\u00a0sintetizou Fernando Pessoa,\u00a0\u2018Tudo\u00a0vale a pena quando a alma n\u00e3o \u00e9 pequena\u2019.<\/p>\n<p>Mas,\u00a0no meu caso, isso talvez n\u00e3o\u00a0baste. Al\u00e9m de buscar ter uma alma grande, o que \u00e9 uma busca\u00a0pessoal\u00a0di\u00e1ria, a gente tamb\u00e9m precisa ter a cabe\u00e7a no lugar\u00a0\u2013 e, para mim, cabe\u00e7a no lugar \u00e9 sin\u00f4nimo de cabe\u00e7a de engenheiro. A alma sonha e a cabe\u00e7a calcula.\u00a0Gosto disso.\u00a0Imaginar! Projetar! Construir!\u00a0Solucionar\u00a0equa\u00e7\u00f5es onde outros s\u00f3 veem problemas. Criar condi\u00e7\u00f5es para que as solu\u00e7\u00f5es sejam poss\u00edveis.\u00a0\u00c9 assim que eu sou.\u00a0\u00c9\u00a0assim que eu gosto de ser.<\/p>\n<p>Desde o come\u00e7o, eu sabia que\u00a0a engenharia \u00e9 mais do que vital para o desenvolvimento do Brasil.\u00a0Quanto a isso, n\u00f3s, engenheiras e engenheiros, podemos nos orgulhar.\u00a0Pensemos nas\u00a0cidades\u00a0que\u00a0edificamos,\u00a0nos\u00a0transportes p\u00fablicos que criamos,\u00a0no metr\u00f4 que planejamos\u00a0e que atualmente\u00a0ajuda\u00a0milh\u00f5es de pessoas\u00a0a transitarem\u00a0pelos nossos grandes centros urbanos.\u00a0E as\u00a0hidroel\u00e9tricas que entregamos, ent\u00e3o?\u00a0Itaipu,\u00a0Belo Monte, isso para falar apenas de duas, entre\u00a0as centenas que constru\u00edmos, e que\u00a0fazem de nosso sistema el\u00e9trico\u00a0o mais integrado do mundo, gra\u00e7as as linhas de transmiss\u00e3o\u00a0e de distribui\u00e7\u00e3o\u00a0de energia\u00a0que cortam o Pa\u00eds de Norte a Sul! E das plataformas de\u00a0petr\u00f3leo e g\u00e1s, que constru\u00edmos, nessas \u00faltimas d\u00e9cadas,\u00a0que fizeram de nosso pa\u00eds o que ele \u00e9 hoje?<\/p>\n<p>Ao olhar para\u00a0\u00a0o\u00a0Brasil,\u00a0n\u00e3o\u00a0h\u00e1 como n\u00e3o concluir que o nosso\u00a0pa\u00eds\u00a0\u00e9\u00a0tamb\u00e9m uma\u00a0consequ\u00eancia da\u00a0nossa\u00a0contribui\u00e7\u00e3o, da contribui\u00e7\u00e3o de todos n\u00f3s, das engenheiras e dos engenheiros brasileiros.\u00a0N\u00e3o h\u00e1 como n\u00e3o nos orgulharmos.<\/p>\n<p>Eu me orgulho tamb\u00e9m quando percebo que soubemos mudar com o tempo, e soubemos liderar grandes\u00a0transforma\u00e7\u00f5es.\u00a0<u>Em primeiro lugar<\/u>, estamos\u00a0agora na vanguarda das adapta\u00e7\u00f5es\u00a0\u00e0s\u00a0Tecnologias da Informa\u00e7\u00e3o,\u00a0que, atrav\u00e9s das redes sociais e da Internet, est\u00e3o\u00a0batendo\u00a0\u00e0 nossa porta, de minuto a minuto, consolidando a chegada\u00a0da Quarta Revolu\u00e7\u00e3o Industrial.\u00a0<u>Em segundo lugar<\/u>, vamos ter\u00a0tamb\u00e9m\u00a0que nos\u00a0atualizar, em rela\u00e7\u00e3o \u00e0s mudan\u00e7as sanit\u00e1rias,\u00a0que surgiram como consequ\u00eancia\u00a0da\u00a0Epidemia de\u00a0Coronav\u00edrus. Sabemos que poder\u00e3o vir por a\u00ed outras epidemias,\u00a0como\u00a0Bil\u00a0Gates tem nos alertado.\u00a0Ao mesmo tempo, existem as\u00a0mudan\u00e7as que est\u00e3o acontecendo na organiza\u00e7\u00e3o do trabalho, com a chegada do trabalho h\u00edbrido\u00a0e\u00a0do home\u00a0oficce. <u>Em terceiro lugar<\/u>,\u00a0devemos\u00a0tamb\u00e9m\u00a0estar\u00a0muito\u00a0atentos \u00e0s\u00a0Mudan\u00e7as Clim\u00e1ticas\u00a0e\u00a0ao Aquecimento\u00a0Global,\u00a0pois as transforma\u00e7\u00f5es\u00a0ambientais j\u00e1 est\u00e3o trazendo\u00a0consequ\u00eancias\u00a0terr\u00edveis,\u00a0para o nosso mundo, como a\u00a0COP26 (que terminou\u00a0h\u00e1 poucos dias) tem nos mostrado.\u00a0As emiss\u00f5es de gases, causadores\u00a0do\u00a0efeito estufa,\u00a0constituem\u00a0um problema real para as na\u00e7\u00f5es e para as empresas. Cabe a n\u00f3s\u00a0encontrar caminhos alternativos\u00a0que sejam virtuosos. Esse, com certeza, \u00e9 um\u00a0dos maiores\u00a0desafios\u00a0para a engenharia\u00a0atual\u00a0\u2013 e especialmente\u00a0para uma empresa como a VIBRA, que estou dirigindo agora.<\/p>\n<p>Quando assumi a presid\u00eancia da VIBRA, ent\u00e3o ainda BR Distribuidora, estudei bastante o setor e o mercado, conversei com especialistas, e contratamos consultorias\u00a0para nos ajudar. Precis\u00e1vamos pensar no longo prazo, no futuro da companhia, que\u00a0j\u00e1\u00a0est\u00e1\u00a0h\u00e1\u00a0cinquenta anos\u00a0no mercado. O que ser\u00e1 da VIBRA nas\u00a0pr\u00f3ximas\u00a0d\u00e9cadas? T\u00ednhamos de desenhar um caminho, e o caminho\u00a0que escolhemos\u00a0foi de protagonizar a <u>Transi\u00e7\u00e3o Energ\u00e9tica de nossos Clientes<\/u>.<\/p>\n<p>O desafio de reposicionar a VIBRA como uma empresa de energia,\u00a0 na verdade, n\u00e3o se resume apenas a isso.\u00a0O desafio \u00e9 maior. Queremos liderar a\u00a0Transi\u00e7\u00e3o Energ\u00e9tica\u00a0em nosso pa\u00eds. Precisamos ser um ator de destaque nesse cen\u00e1rio, entregando a energia que a sociedade deseja,\u00a0com\u00a0fontes limpas e renov\u00e1veis. Por essa raz\u00e3o, estamos investindo em solu\u00e7\u00f5es\u00a0mais sustent\u00e1veis, que v\u00e3o passar, com certeza, pelo etanol, pela energia solar, pelo\u00a0biometano, pelo Diesel Verde e pelo Hidrog\u00eanio.<\/p>\n<p>Minha gera\u00e7\u00e3o talvez n\u00e3o tenha tido o cuidado de gerenciar essas emiss\u00f5es no passado, mas eu tenho certeza de que estamos formando uma gera\u00e7\u00e3o muito mais consciente e mais atenta, no cuidado com o clima, com o meio ambiente e com a\u00a0sa\u00fade ambiental do planeta.\u00a0Nesse\u00a0ponto, eu me inspiro\u00a0na mensagem de meus filhos, Leonardo\u00a0e Helena,\u00a0ele com 25 anos e ela somente\u00a0com 8 anos. Eles me trazem essa preocupa\u00e7\u00e3o\u00a0todos os dias, e me\u00a0d\u00e3o coragem e confian\u00e7a para buscar\u00a0esse objetivo.<\/p>\n<p>Para terminar, eu gostaria,\u00a0de deixar com voc\u00eas,\u00a0um chamamento \u00e0 nossa condi\u00e7\u00e3o humana.\u00a0Eu disse a voc\u00eas que, quando jovem, eu acreditava que as obras f\u00edsicas eram a melhor tradu\u00e7\u00e3o da Engenharia. Agora, j\u00e1 expandi o meu pensamento sobre isso. A maturidade me trouxe mais uma mudan\u00e7a, que quero compartilhar com voc\u00eas tamb\u00e9m.<\/p>\n<p>Hoje eu vejo a Engenharia\u00a0n\u00e3o\u00a0apenas\u00a0como aquela\u00a0que constr\u00f3i coisas palp\u00e1veis, coisas f\u00edsicas, mas tamb\u00e9m\u00a0como\u00a0aquela que eu chamaria de uma engenharia das pessoas, que constr\u00f3i la\u00e7os fecundos, capazes de unir e de congregar\u00a0as pessoas.<\/p>\n<p>Eu hoje, em grande medida, tenho de mim mesmo o ju\u00edzo de que sou um engenheiro de gente, um engenheiro rela\u00e7\u00f5es com pessoas.\u00a0Quando analiso essas coisas todas, que descrevi agora, nas empresas em que trabalhei, eu penso em mim como algu\u00e9m que teve a felicidade de reunir talentos, montar boas equipes, criar pontes.\u00a0E como eu acho essencial criarmos pontes entre os seres humanos. Lembro que \u00e9\u00a0exatamente isso que a gente l\u00ea, ao final de uma pe\u00e7a de S\u00f3focles, Ant\u00edgona, escrita h\u00e1 mais de 2.000 anos. A frase que me toca \u00e9 esta. Prestem aten\u00e7\u00e3o.\u00a0\u2018Em mim s\u00f3 manda um rei:\u00a0aquele\u00a0que constr\u00f3i pontes e destr\u00f3i muralhas\u2019.<\/p>\n<p>Temos pela frente, uma miss\u00e3o\u00a0civilizat\u00f3ria:\u00a0erguer\u00a0pontes que unam os seres humanos e destruir as muralhas que os separam. Essas muralhas s\u00e3o o preconceito, a irracionalidade e a intoler\u00e2ncia.\u00a0Precisamos ser engenheiros\u00a0humanistas\u00a0e,\u00a0para isso, precisamos saber superar as muralhas que segregam e impedem o encontro\u00a0das pessoas.\u00a0O\u00a0nosso Brasil \u00e9 feito de pessoas diferentes\u00a0e isso \u00e9 muito bom.\u00a0O nosso desafio \u00e9 ajudar essas pessoas a viverem bem e a conviverem bem. Temos de superar as muralhas da intoler\u00e2ncia. Temos que construir pontes\u00a0solid\u00e1rias.<\/p>\n<p>Enquanto digo isso,\u00a0percebo que os sonhos da juventude ainda vibram em mim.\u00a0Ainda vibra em mim o humanismo que a orientadora do teste vocacional viu no adolescente que fui. Eu sou o mesmo humanista, mas, agora, com certas vantagens que s\u00f3 a maturidade nos concede.<\/p>\n<p>Estou me lembrando\u00a0aqui\u00a0de uns\u00a0versos\u00a0de Paulinho da Viola, que falam de\u00a0\u201cum lago mais tranquilo, onde a dor n\u00e3o tem raz\u00e3o\u201d.\u00a0Serenidade!\u00a0Nada de dor!\u00a0Nada de rancor!\u00a0Esse\u00a0\u201clago mais tranquilo\u201d\u00a0acende no nosso esp\u00edrito uma motiva\u00e7\u00e3o de feitio novo:\u00a0\u00a0seguir nessa carreira, a cada dia mais,\u00a0sendo um engenheiro que busca n\u00e3o s\u00f3 a mudan\u00e7a, mas um engenheiro\u00a0que tamb\u00e9m busca a uni\u00e3o das pessoas, dos profissionais, em torno de projetos. Nunca essas palavras foram\u00a0t\u00e3o\u00a0necess\u00e1rias\u00a0ao\u00a0Brasil.\u00a0E nunca\u00a0houve objetivos\u00a0t\u00e3o\u00a0importantes para n\u00f3s.\u00a0O passado\u00a0\u00e9\u00a0o\u00a0passado.\u00a0\u00c9 o presente e o futuro que devem\u00a0importar para todos n\u00f3s.<\/p>\n<p>Por fim, quero aproveitar essa oportunidade para agradecer a minha fam\u00edlia e os meus amigos, que t\u00eam me acompanhado e me apoiado ao longo desses anos todos.\u00a0Estou me referindo \u00e0 minha mulher,\u00a0aos meus filhos, aos meus pais, aos meus irm\u00e3os\u00a0e aos meus amigos.\u00a0S\u00e3o eles\u00a0que t\u00eam me dado for\u00e7a para continuar e para exercer a minha profiss\u00e3o, que tem me orgulhado tanto.<\/p>\n<p>E, com isso, termino esta mensagem, que deixo aqui de cora\u00e7\u00e3o \u2013 e tamb\u00e9m com a minha cabe\u00e7a de engenheiro.\u00a0Sigamos juntos, amigas e amigos do Instituto de Engenharia. Que essa grande honra\u00a0que\u00a0voc\u00eas me concedem\u00a0seja mais um tijolo na ponte de afeto que nos une.\u00a0Aqui, em meio aos meus pares,\u00a0\u00e0\u00a0minha fam\u00edlia,\u00a0e aos meus amigos, n\u00e3o posso deixar de olhar para o futuro,\u00a0e\u00a0para\u00a0as demandas com\u00a0que ele\u00a0nos desafia.\u00a0Tenhamos a certeza\u00a0de\u00a0que haver\u00e1 sempre uma solu\u00e7\u00e3o de engenharia,\u00a0tanto para as dificuldades que surgirem\u00a0no caminho,\u00a0como para os sonhos que acalentarmos.\u00a0Obrigado por tudo! VIVA A ENGENHARIA!<\/p>\n<p>&nbsp;<\/p>\n<p>&nbsp;<\/p>\n<p>&nbsp;<\/p>\n<p>&nbsp;<\/p>\n<p>&nbsp;<\/p>\n<p>&nbsp;<\/p>\n","protected":false},"excerpt":{"rendered":"<p>Boa noite, senhoras e senhores, amigas e amigos, Agrade\u00e7o muito a presen\u00e7a de todos voc\u00eas. \u00c9\u00a0um prazer estar aqui hoje, na companhia de\u00a0Paulo Ferreira, presidente do\u00a0Instituto de Engenharia, de toda a diretoria,\u00a0e de voc\u00eas, meus colegas,\u00a0que\u00a0muito\u00a0contribu\u00edram\u00a0para o desenvolvimento\u00a0de\u00a0nossa\u00a0profiss\u00e3o,\u00a0nas \u00faltimas d\u00e9cadas.\u00a0E, al\u00e9m do prazer, existe a honra. De fato, \u00e9\u00a0uma grande honra\u00a0para mim\u00a0receber essa homenagem, e [&hellip;]<\/p>\n","protected":false},"author":13,"featured_media":101489,"comment_status":"open","ping_status":"open","sticky":false,"template":"","format":"standard","meta":{"footnotes":""},"categories":[114],"tags":[1475],"class_list":{"0":"post-88124","1":"post","2":"type-post","3":"status-publish","4":"format-standard","5":"has-post-thumbnail","7":"category-artigos","8":"tag-covid"},"yoast_head":"<!-- This site is optimized with the Yoast SEO plugin v27.2 - https:\/\/yoast.com\/product\/yoast-seo-wordpress\/ -->\n<title>Discurso Eminente Engenheiro do Ano 2021 - Wilson Ferreira Junior - Instituto de Engenharia<\/title>\n<meta name=\"robots\" content=\"index, follow, max-snippet:-1, max-image-preview:large, max-video-preview:-1\" \/>\n<link rel=\"canonical\" href=\"https:\/\/www.institutodeengenharia.org.br\/site\/2021\/11\/19\/discurso-eminente-engenheiro-do-ano-2021-wilson-ferreira-junior\/\" \/>\n<meta property=\"og:locale\" content=\"pt_BR\" \/>\n<meta property=\"og:type\" content=\"article\" \/>\n<meta property=\"og:title\" content=\"Discurso Eminente Engenheiro do Ano 2021 - Wilson Ferreira Junior - Instituto de Engenharia\" \/>\n<meta property=\"og:description\" content=\"Boa noite, senhoras e senhores, amigas e amigos, Agrade\u00e7o muito a presen\u00e7a de todos voc\u00eas. \u00c9\u00a0um prazer estar aqui hoje, na companhia de\u00a0Paulo Ferreira, presidente do\u00a0Instituto de Engenharia, de toda a diretoria,\u00a0e de voc\u00eas, meus colegas,\u00a0que\u00a0muito\u00a0contribu\u00edram\u00a0para o desenvolvimento\u00a0de\u00a0nossa\u00a0profiss\u00e3o,\u00a0nas \u00faltimas d\u00e9cadas.\u00a0E, al\u00e9m do prazer, existe a honra. De fato, \u00e9\u00a0uma grande honra\u00a0para mim\u00a0receber essa homenagem, e [&hellip;]\" \/>\n<meta property=\"og:url\" content=\"https:\/\/www.institutodeengenharia.org.br\/site\/2021\/11\/19\/discurso-eminente-engenheiro-do-ano-2021-wilson-ferreira-junior\/\" \/>\n<meta property=\"og:site_name\" content=\"Instituto de Engenharia\" \/>\n<meta property=\"article:publisher\" content=\"https:\/\/www.facebook.com\/institutodeengenharia\" \/>\n<meta property=\"article:published_time\" content=\"2021-11-19T18:36:24+00:00\" \/>\n<meta property=\"article:modified_time\" content=\"2023-01-10T12:57:35+00:00\" \/>\n<meta property=\"og:image\" content=\"https:\/\/www.institutodeengenharia.org.br\/site\/wp-content\/uploads\/2021\/11\/51689789487_26370d04ff_c.jpg\" \/>\n\t<meta property=\"og:image:width\" content=\"800\" \/>\n\t<meta property=\"og:image:height\" content=\"534\" \/>\n\t<meta property=\"og:image:type\" content=\"image\/jpeg\" \/>\n<meta name=\"author\" content=\"Bianca\" \/>\n<meta name=\"twitter:card\" content=\"summary_large_image\" \/>\n<meta name=\"twitter:creator\" content=\"@iengenharia\" \/>\n<meta name=\"twitter:site\" content=\"@iengenharia\" \/>\n<meta name=\"twitter:label1\" content=\"Escrito por\" \/>\n\t<meta name=\"twitter:data1\" content=\"Bianca\" \/>\n\t<meta name=\"twitter:label2\" content=\"Est. tempo de leitura\" \/>\n\t<meta name=\"twitter:data2\" content=\"16 minutos\" \/>\n<script type=\"application\/ld+json\" class=\"yoast-schema-graph\">{\"@context\":\"https:\/\/schema.org\",\"@graph\":[{\"@type\":\"Article\",\"@id\":\"https:\/\/www.institutodeengenharia.org.br\/site\/2021\/11\/19\/discurso-eminente-engenheiro-do-ano-2021-wilson-ferreira-junior\/#article\",\"isPartOf\":{\"@id\":\"https:\/\/www.institutodeengenharia.org.br\/site\/2021\/11\/19\/discurso-eminente-engenheiro-do-ano-2021-wilson-ferreira-junior\/\"},\"author\":{\"name\":\"Bianca\",\"@id\":\"https:\/\/www.institutodeengenharia.org.br\/site\/#\/schema\/person\/aeb64951c405e100d26d30b033dd423f\"},\"headline\":\"Discurso Eminente Engenheiro do Ano 2021 &#8211; Wilson Ferreira Junior\",\"datePublished\":\"2021-11-19T18:36:24+00:00\",\"dateModified\":\"2023-01-10T12:57:35+00:00\",\"mainEntityOfPage\":{\"@id\":\"https:\/\/www.institutodeengenharia.org.br\/site\/2021\/11\/19\/discurso-eminente-engenheiro-do-ano-2021-wilson-ferreira-junior\/\"},\"wordCount\":3083,\"commentCount\":0,\"publisher\":{\"@id\":\"https:\/\/www.institutodeengenharia.org.br\/site\/#organization\"},\"image\":{\"@id\":\"https:\/\/www.institutodeengenharia.org.br\/site\/2021\/11\/19\/discurso-eminente-engenheiro-do-ano-2021-wilson-ferreira-junior\/#primaryimage\"},\"thumbnailUrl\":\"https:\/\/www.institutodeengenharia.org.br\/site\/wp-content\/uploads\/2021\/11\/51689789487_26370d04ff_c.jpg\",\"keywords\":[\"covid\"],\"articleSection\":[\"Artigos\"],\"inLanguage\":\"pt-BR\",\"potentialAction\":[{\"@type\":\"CommentAction\",\"name\":\"Comment\",\"target\":[\"https:\/\/www.institutodeengenharia.org.br\/site\/2021\/11\/19\/discurso-eminente-engenheiro-do-ano-2021-wilson-ferreira-junior\/#respond\"]}]},{\"@type\":\"WebPage\",\"@id\":\"https:\/\/www.institutodeengenharia.org.br\/site\/2021\/11\/19\/discurso-eminente-engenheiro-do-ano-2021-wilson-ferreira-junior\/\",\"url\":\"https:\/\/www.institutodeengenharia.org.br\/site\/2021\/11\/19\/discurso-eminente-engenheiro-do-ano-2021-wilson-ferreira-junior\/\",\"name\":\"Discurso Eminente Engenheiro do Ano 2021 - Wilson Ferreira Junior - Instituto de Engenharia\",\"isPartOf\":{\"@id\":\"https:\/\/www.institutodeengenharia.org.br\/site\/#website\"},\"primaryImageOfPage\":{\"@id\":\"https:\/\/www.institutodeengenharia.org.br\/site\/2021\/11\/19\/discurso-eminente-engenheiro-do-ano-2021-wilson-ferreira-junior\/#primaryimage\"},\"image\":{\"@id\":\"https:\/\/www.institutodeengenharia.org.br\/site\/2021\/11\/19\/discurso-eminente-engenheiro-do-ano-2021-wilson-ferreira-junior\/#primaryimage\"},\"thumbnailUrl\":\"https:\/\/www.institutodeengenharia.org.br\/site\/wp-content\/uploads\/2021\/11\/51689789487_26370d04ff_c.jpg\",\"datePublished\":\"2021-11-19T18:36:24+00:00\",\"dateModified\":\"2023-01-10T12:57:35+00:00\",\"breadcrumb\":{\"@id\":\"https:\/\/www.institutodeengenharia.org.br\/site\/2021\/11\/19\/discurso-eminente-engenheiro-do-ano-2021-wilson-ferreira-junior\/#breadcrumb\"},\"inLanguage\":\"pt-BR\",\"potentialAction\":[{\"@type\":\"ReadAction\",\"target\":[\"https:\/\/www.institutodeengenharia.org.br\/site\/2021\/11\/19\/discurso-eminente-engenheiro-do-ano-2021-wilson-ferreira-junior\/\"]}]},{\"@type\":\"ImageObject\",\"inLanguage\":\"pt-BR\",\"@id\":\"https:\/\/www.institutodeengenharia.org.br\/site\/2021\/11\/19\/discurso-eminente-engenheiro-do-ano-2021-wilson-ferreira-junior\/#primaryimage\",\"url\":\"https:\/\/www.institutodeengenharia.org.br\/site\/wp-content\/uploads\/2021\/11\/51689789487_26370d04ff_c.jpg\",\"contentUrl\":\"https:\/\/www.institutodeengenharia.org.br\/site\/wp-content\/uploads\/2021\/11\/51689789487_26370d04ff_c.jpg\",\"width\":800,\"height\":534},{\"@type\":\"BreadcrumbList\",\"@id\":\"https:\/\/www.institutodeengenharia.org.br\/site\/2021\/11\/19\/discurso-eminente-engenheiro-do-ano-2021-wilson-ferreira-junior\/#breadcrumb\",\"itemListElement\":[{\"@type\":\"ListItem\",\"position\":1,\"name\":\"In\u00edcio\",\"item\":\"https:\/\/www.institutodeengenharia.org.br\/site\/\"},{\"@type\":\"ListItem\",\"position\":2,\"name\":\"Discurso Eminente Engenheiro do Ano 2021 &#8211; Wilson Ferreira Junior\"}]},{\"@type\":\"WebSite\",\"@id\":\"https:\/\/www.institutodeengenharia.org.br\/site\/#website\",\"url\":\"https:\/\/www.institutodeengenharia.org.br\/site\/\",\"name\":\"Instituto de Engenharia\",\"description\":\"O Instituto de Engenharia promove a Engenharia em benef\u00edcio do desenvolvimento e da qualidade de vida da sociedade.\",\"publisher\":{\"@id\":\"https:\/\/www.institutodeengenharia.org.br\/site\/#organization\"},\"potentialAction\":[{\"@type\":\"SearchAction\",\"target\":{\"@type\":\"EntryPoint\",\"urlTemplate\":\"https:\/\/www.institutodeengenharia.org.br\/site\/?s={search_term_string}\"},\"query-input\":{\"@type\":\"PropertyValueSpecification\",\"valueRequired\":true,\"valueName\":\"search_term_string\"}}],\"inLanguage\":\"pt-BR\"},{\"@type\":\"Organization\",\"@id\":\"https:\/\/www.institutodeengenharia.org.br\/site\/#organization\",\"name\":\"Instituto de Engenharia\",\"url\":\"https:\/\/www.institutodeengenharia.org.br\/site\/\",\"logo\":{\"@type\":\"ImageObject\",\"inLanguage\":\"pt-BR\",\"@id\":\"https:\/\/www.institutodeengenharia.org.br\/site\/#\/schema\/logo\/image\/\",\"url\":\"https:\/\/www.institutodeengenharia.org.br\/site\/wp-content\/uploads\/2019\/03\/logo-novo-IE2018-1.jpg\",\"contentUrl\":\"https:\/\/www.institutodeengenharia.org.br\/site\/wp-content\/uploads\/2019\/03\/logo-novo-IE2018-1.jpg\",\"width\":1486,\"height\":1879,\"caption\":\"Instituto de Engenharia\"},\"image\":{\"@id\":\"https:\/\/www.institutodeengenharia.org.br\/site\/#\/schema\/logo\/image\/\"},\"sameAs\":[\"https:\/\/www.facebook.com\/institutodeengenharia\",\"https:\/\/x.com\/iengenharia\",\"https:\/\/www.instagram.com\/institutodeengenharia\/\",\"https:\/\/www.linkedin.com\/company\/instituto-de-engenharia\/\",\"https:\/\/www.youtube.com\/channel\/UCXiCAlsSMe977vamW915HxA\"]},{\"@type\":\"Person\",\"@id\":\"https:\/\/www.institutodeengenharia.org.br\/site\/#\/schema\/person\/aeb64951c405e100d26d30b033dd423f\",\"name\":\"Bianca\",\"image\":{\"@type\":\"ImageObject\",\"inLanguage\":\"pt-BR\",\"@id\":\"https:\/\/secure.gravatar.com\/avatar\/a6fbe9bff57405baf4c1e2c5c1811e072b558253974a9f9508f4678900c97c2a?s=96&d=mm&r=g\",\"url\":\"https:\/\/secure.gravatar.com\/avatar\/a6fbe9bff57405baf4c1e2c5c1811e072b558253974a9f9508f4678900c97c2a?s=96&d=mm&r=g\",\"contentUrl\":\"https:\/\/secure.gravatar.com\/avatar\/a6fbe9bff57405baf4c1e2c5c1811e072b558253974a9f9508f4678900c97c2a?s=96&d=mm&r=g\",\"caption\":\"Bianca\"},\"url\":\"https:\/\/www.institutodeengenharia.org.br\/site\/author\/comunicacao1\/\"}]}<\/script>\n<!-- \/ Yoast SEO plugin. -->","yoast_head_json":{"title":"Discurso Eminente Engenheiro do Ano 2021 - Wilson Ferreira Junior - Instituto de Engenharia","robots":{"index":"index","follow":"follow","max-snippet":"max-snippet:-1","max-image-preview":"max-image-preview:large","max-video-preview":"max-video-preview:-1"},"canonical":"https:\/\/www.institutodeengenharia.org.br\/site\/2021\/11\/19\/discurso-eminente-engenheiro-do-ano-2021-wilson-ferreira-junior\/","og_locale":"pt_BR","og_type":"article","og_title":"Discurso Eminente Engenheiro do Ano 2021 - Wilson Ferreira Junior - Instituto de Engenharia","og_description":"Boa noite, senhoras e senhores, amigas e amigos, Agrade\u00e7o muito a presen\u00e7a de todos voc\u00eas. \u00c9\u00a0um prazer estar aqui hoje, na companhia de\u00a0Paulo Ferreira, presidente do\u00a0Instituto de Engenharia, de toda a diretoria,\u00a0e de voc\u00eas, meus colegas,\u00a0que\u00a0muito\u00a0contribu\u00edram\u00a0para o desenvolvimento\u00a0de\u00a0nossa\u00a0profiss\u00e3o,\u00a0nas \u00faltimas d\u00e9cadas.\u00a0E, al\u00e9m do prazer, existe a honra. De fato, \u00e9\u00a0uma grande honra\u00a0para mim\u00a0receber essa homenagem, e [&hellip;]","og_url":"https:\/\/www.institutodeengenharia.org.br\/site\/2021\/11\/19\/discurso-eminente-engenheiro-do-ano-2021-wilson-ferreira-junior\/","og_site_name":"Instituto de Engenharia","article_publisher":"https:\/\/www.facebook.com\/institutodeengenharia","article_published_time":"2021-11-19T18:36:24+00:00","article_modified_time":"2023-01-10T12:57:35+00:00","og_image":[{"width":800,"height":534,"url":"https:\/\/www.institutodeengenharia.org.br\/site\/wp-content\/uploads\/2021\/11\/51689789487_26370d04ff_c.jpg","type":"image\/jpeg"}],"author":"Bianca","twitter_card":"summary_large_image","twitter_creator":"@iengenharia","twitter_site":"@iengenharia","twitter_misc":{"Escrito por":"Bianca","Est. tempo de leitura":"16 minutos"},"schema":{"@context":"https:\/\/schema.org","@graph":[{"@type":"Article","@id":"https:\/\/www.institutodeengenharia.org.br\/site\/2021\/11\/19\/discurso-eminente-engenheiro-do-ano-2021-wilson-ferreira-junior\/#article","isPartOf":{"@id":"https:\/\/www.institutodeengenharia.org.br\/site\/2021\/11\/19\/discurso-eminente-engenheiro-do-ano-2021-wilson-ferreira-junior\/"},"author":{"name":"Bianca","@id":"https:\/\/www.institutodeengenharia.org.br\/site\/#\/schema\/person\/aeb64951c405e100d26d30b033dd423f"},"headline":"Discurso Eminente Engenheiro do Ano 2021 &#8211; Wilson Ferreira Junior","datePublished":"2021-11-19T18:36:24+00:00","dateModified":"2023-01-10T12:57:35+00:00","mainEntityOfPage":{"@id":"https:\/\/www.institutodeengenharia.org.br\/site\/2021\/11\/19\/discurso-eminente-engenheiro-do-ano-2021-wilson-ferreira-junior\/"},"wordCount":3083,"commentCount":0,"publisher":{"@id":"https:\/\/www.institutodeengenharia.org.br\/site\/#organization"},"image":{"@id":"https:\/\/www.institutodeengenharia.org.br\/site\/2021\/11\/19\/discurso-eminente-engenheiro-do-ano-2021-wilson-ferreira-junior\/#primaryimage"},"thumbnailUrl":"https:\/\/www.institutodeengenharia.org.br\/site\/wp-content\/uploads\/2021\/11\/51689789487_26370d04ff_c.jpg","keywords":["covid"],"articleSection":["Artigos"],"inLanguage":"pt-BR","potentialAction":[{"@type":"CommentAction","name":"Comment","target":["https:\/\/www.institutodeengenharia.org.br\/site\/2021\/11\/19\/discurso-eminente-engenheiro-do-ano-2021-wilson-ferreira-junior\/#respond"]}]},{"@type":"WebPage","@id":"https:\/\/www.institutodeengenharia.org.br\/site\/2021\/11\/19\/discurso-eminente-engenheiro-do-ano-2021-wilson-ferreira-junior\/","url":"https:\/\/www.institutodeengenharia.org.br\/site\/2021\/11\/19\/discurso-eminente-engenheiro-do-ano-2021-wilson-ferreira-junior\/","name":"Discurso Eminente Engenheiro do Ano 2021 - Wilson Ferreira Junior - Instituto de Engenharia","isPartOf":{"@id":"https:\/\/www.institutodeengenharia.org.br\/site\/#website"},"primaryImageOfPage":{"@id":"https:\/\/www.institutodeengenharia.org.br\/site\/2021\/11\/19\/discurso-eminente-engenheiro-do-ano-2021-wilson-ferreira-junior\/#primaryimage"},"image":{"@id":"https:\/\/www.institutodeengenharia.org.br\/site\/2021\/11\/19\/discurso-eminente-engenheiro-do-ano-2021-wilson-ferreira-junior\/#primaryimage"},"thumbnailUrl":"https:\/\/www.institutodeengenharia.org.br\/site\/wp-content\/uploads\/2021\/11\/51689789487_26370d04ff_c.jpg","datePublished":"2021-11-19T18:36:24+00:00","dateModified":"2023-01-10T12:57:35+00:00","breadcrumb":{"@id":"https:\/\/www.institutodeengenharia.org.br\/site\/2021\/11\/19\/discurso-eminente-engenheiro-do-ano-2021-wilson-ferreira-junior\/#breadcrumb"},"inLanguage":"pt-BR","potentialAction":[{"@type":"ReadAction","target":["https:\/\/www.institutodeengenharia.org.br\/site\/2021\/11\/19\/discurso-eminente-engenheiro-do-ano-2021-wilson-ferreira-junior\/"]}]},{"@type":"ImageObject","inLanguage":"pt-BR","@id":"https:\/\/www.institutodeengenharia.org.br\/site\/2021\/11\/19\/discurso-eminente-engenheiro-do-ano-2021-wilson-ferreira-junior\/#primaryimage","url":"https:\/\/www.institutodeengenharia.org.br\/site\/wp-content\/uploads\/2021\/11\/51689789487_26370d04ff_c.jpg","contentUrl":"https:\/\/www.institutodeengenharia.org.br\/site\/wp-content\/uploads\/2021\/11\/51689789487_26370d04ff_c.jpg","width":800,"height":534},{"@type":"BreadcrumbList","@id":"https:\/\/www.institutodeengenharia.org.br\/site\/2021\/11\/19\/discurso-eminente-engenheiro-do-ano-2021-wilson-ferreira-junior\/#breadcrumb","itemListElement":[{"@type":"ListItem","position":1,"name":"In\u00edcio","item":"https:\/\/www.institutodeengenharia.org.br\/site\/"},{"@type":"ListItem","position":2,"name":"Discurso Eminente Engenheiro do Ano 2021 &#8211; Wilson Ferreira Junior"}]},{"@type":"WebSite","@id":"https:\/\/www.institutodeengenharia.org.br\/site\/#website","url":"https:\/\/www.institutodeengenharia.org.br\/site\/","name":"Instituto de Engenharia","description":"O Instituto de Engenharia promove a Engenharia em benef\u00edcio do desenvolvimento e da qualidade de vida da sociedade.","publisher":{"@id":"https:\/\/www.institutodeengenharia.org.br\/site\/#organization"},"potentialAction":[{"@type":"SearchAction","target":{"@type":"EntryPoint","urlTemplate":"https:\/\/www.institutodeengenharia.org.br\/site\/?s={search_term_string}"},"query-input":{"@type":"PropertyValueSpecification","valueRequired":true,"valueName":"search_term_string"}}],"inLanguage":"pt-BR"},{"@type":"Organization","@id":"https:\/\/www.institutodeengenharia.org.br\/site\/#organization","name":"Instituto de Engenharia","url":"https:\/\/www.institutodeengenharia.org.br\/site\/","logo":{"@type":"ImageObject","inLanguage":"pt-BR","@id":"https:\/\/www.institutodeengenharia.org.br\/site\/#\/schema\/logo\/image\/","url":"https:\/\/www.institutodeengenharia.org.br\/site\/wp-content\/uploads\/2019\/03\/logo-novo-IE2018-1.jpg","contentUrl":"https:\/\/www.institutodeengenharia.org.br\/site\/wp-content\/uploads\/2019\/03\/logo-novo-IE2018-1.jpg","width":1486,"height":1879,"caption":"Instituto de Engenharia"},"image":{"@id":"https:\/\/www.institutodeengenharia.org.br\/site\/#\/schema\/logo\/image\/"},"sameAs":["https:\/\/www.facebook.com\/institutodeengenharia","https:\/\/x.com\/iengenharia","https:\/\/www.instagram.com\/institutodeengenharia\/","https:\/\/www.linkedin.com\/company\/instituto-de-engenharia\/","https:\/\/www.youtube.com\/channel\/UCXiCAlsSMe977vamW915HxA"]},{"@type":"Person","@id":"https:\/\/www.institutodeengenharia.org.br\/site\/#\/schema\/person\/aeb64951c405e100d26d30b033dd423f","name":"Bianca","image":{"@type":"ImageObject","inLanguage":"pt-BR","@id":"https:\/\/secure.gravatar.com\/avatar\/a6fbe9bff57405baf4c1e2c5c1811e072b558253974a9f9508f4678900c97c2a?s=96&d=mm&r=g","url":"https:\/\/secure.gravatar.com\/avatar\/a6fbe9bff57405baf4c1e2c5c1811e072b558253974a9f9508f4678900c97c2a?s=96&d=mm&r=g","contentUrl":"https:\/\/secure.gravatar.com\/avatar\/a6fbe9bff57405baf4c1e2c5c1811e072b558253974a9f9508f4678900c97c2a?s=96&d=mm&r=g","caption":"Bianca"},"url":"https:\/\/www.institutodeengenharia.org.br\/site\/author\/comunicacao1\/"}]}},"_links":{"self":[{"href":"https:\/\/www.institutodeengenharia.org.br\/site\/wp-json\/wp\/v2\/posts\/88124","targetHints":{"allow":["GET"]}}],"collection":[{"href":"https:\/\/www.institutodeengenharia.org.br\/site\/wp-json\/wp\/v2\/posts"}],"about":[{"href":"https:\/\/www.institutodeengenharia.org.br\/site\/wp-json\/wp\/v2\/types\/post"}],"author":[{"embeddable":true,"href":"https:\/\/www.institutodeengenharia.org.br\/site\/wp-json\/wp\/v2\/users\/13"}],"replies":[{"embeddable":true,"href":"https:\/\/www.institutodeengenharia.org.br\/site\/wp-json\/wp\/v2\/comments?post=88124"}],"version-history":[{"count":1,"href":"https:\/\/www.institutodeengenharia.org.br\/site\/wp-json\/wp\/v2\/posts\/88124\/revisions"}],"predecessor-version":[{"id":88125,"href":"https:\/\/www.institutodeengenharia.org.br\/site\/wp-json\/wp\/v2\/posts\/88124\/revisions\/88125"}],"wp:featuredmedia":[{"embeddable":true,"href":"https:\/\/www.institutodeengenharia.org.br\/site\/wp-json\/wp\/v2\/media\/101489"}],"wp:attachment":[{"href":"https:\/\/www.institutodeengenharia.org.br\/site\/wp-json\/wp\/v2\/media?parent=88124"}],"wp:term":[{"taxonomy":"category","embeddable":true,"href":"https:\/\/www.institutodeengenharia.org.br\/site\/wp-json\/wp\/v2\/categories?post=88124"},{"taxonomy":"post_tag","embeddable":true,"href":"https:\/\/www.institutodeengenharia.org.br\/site\/wp-json\/wp\/v2\/tags?post=88124"}],"curies":[{"name":"wp","href":"https:\/\/api.w.org\/{rel}","templated":true}]}}