{"id":88103,"date":"2021-11-19T13:06:49","date_gmt":"2021-11-19T16:06:49","guid":{"rendered":"https:\/\/www.institutodeengenharia.org.br\/site\/?p=88103"},"modified":"2021-11-19T13:06:49","modified_gmt":"2021-11-19T16:06:49","slug":"expedicoes-amazonia-2021","status":"publish","type":"post","link":"https:\/\/www.institutodeengenharia.org.br\/site\/2021\/11\/19\/expedicoes-amazonia-2021\/","title":{"rendered":"Expedi\u00e7\u00f5es Amaz\u00f4nia 2021"},"content":{"rendered":"<p><strong>Assista abaixo \u00e0 grava\u00e7\u00e3o do evento:\u00a0<\/strong><\/p>\n<div style=\"padding: 56.25% 0 0 0; position: relative;\"><iframe style=\"position: absolute; top: 0; left: 0; width: 100%; height: 100%;\" title=\"Expedi&amp;ccedil;&amp;otilde;es Amaz&amp;ocirc;nia 2021\" src=\"https:\/\/player.vimeo.com\/video\/646536399?h=eef16ccafe&amp;badge=0&amp;autopause=0&amp;player_id=0&amp;app_id=58479\" frameborder=\"0\" allowfullscreen=\"allowfullscreen\"><\/iframe><\/div>\n<p><script src=\"https:\/\/player.vimeo.com\/api\/player.js\"><\/script><\/p>\n<p><strong>+ Informa\u00e7\u00f5es:<\/strong><\/p>\n<p><em>Evento de lan\u00e7amento das Expedi\u00e7\u00f5es para a Amaz\u00f4nia \u2013 Instituto de Engenharia em parceria com a Academia Amaz\u00f4nia Ensina\u00a0<\/em><\/p>\n<p>O Instituto de Engenharia, em parceria com a Academia Amaz\u00f4nia Ensina, participar\u00e1 da organiza\u00e7\u00e3o de uma expedi\u00e7\u00e3o voltada para estudantes de Engenharia, na fase de gradua\u00e7\u00e3o, que procuram atualizar as quest\u00f5es da sustentabilidade do s\u00e9culo 21 por meio de uma experi\u00eancia imersiva de sete dias na sociobiodiversidade amaz\u00f4nica, com conte\u00fados acad\u00eamicos atuais oferecidos por professores e pesquisadores renomados, e visitas de campo a projetos e comunidades locais.<\/p>\n<p>O evento de lan\u00e7amento, no pr\u00f3ximo dia\u00a0 11 contar\u00e1 a expedi\u00e7\u00e3o em detalhes, com informa\u00e7\u00f5es sobre as datas, programa\u00e7\u00e3o completa, inscri\u00e7\u00f5es, bolsas e valores.<\/p>\n<p>Esse projeto faz parte das iniciativas do Grupo T\u00e9cnico Amaz\u00f4nia e Bioeconomia, coordenado por George Paulus, conselheiro do Instituto de Engenharia.<\/p>\n<p><strong>Sobre a ACADEMIA AMAZ\u00d4NIA ENSINA:<\/strong><\/p>\n<p>A Academia Amaz\u00f4nia Ensina (AAE) \u00e9 uma institui\u00e7\u00e3o de educa\u00e7\u00e3o, aprendizado e pesquisa para o ensino da sustentabilidade econ\u00f4mica e ecol\u00f3gica. Nossa miss\u00e3o \u00e9 preparar as pessoas para os desafios econ\u00f4micos, sociais e ecol\u00f3gicos no s\u00e9culo XXI, tendo a Amaz\u00f4nia como espa\u00e7o de pesquisa, viv\u00eancia e aprendizado\u201d.<\/p>\n<p>Realizamos expedi\u00e7\u00f5es de ensino, educa\u00e7\u00e3o e pesquisa, conciliando experi\u00eancias de visita\u00e7\u00e3o com eventos de forma\u00e7\u00e3o acad\u00eamica e profissional.<\/p>\n<p>Ci\u00eancia contempor\u00e2nea, viv\u00eancias na Amaz\u00f4nia, saber tradicional, interatividade e gera\u00e7\u00e3o de conte\u00fado constituem uma abordagem pedag\u00f3gica direcionada para inova\u00e7\u00e3o, sensibiliza\u00e7\u00e3o, crescimento pessoal, acad\u00eamico e profissional.<\/p>\n<p>Pretendemos gerar impacto socioambiental contribuindo com a forma\u00e7\u00e3o de jovens e adultos para uma vis\u00e3o ampliada e contempor\u00e2nea em torno do problema ambiental e as oportunidades de concilia\u00e7\u00e3o do desenvolvimento econ\u00f4mico e a conversa\u00e7\u00e3o ambiental no S\u00e9culo 21.<\/p>\n<p><strong>P\u00fablico-alvo:<\/strong><\/p>\n<p>Engenheiros, universit\u00e1rios, arquitetos, bi\u00f3logos, professores, e interessados.<\/p>\n<p><strong>Programa\u00e7\u00e3o:<\/strong><\/p>\n<p><em>Abertura:\u00a0<\/em>Felipe Geribello Ferreira Cabral \u2013 Diretor-Secret\u00e1rio do IE<\/p>\n<p><em>Participa\u00e7\u00e3o:<\/em>\u00a0George Paulus \u2013 Coordenador do Grupo de Trabalho Amaz\u00f4nia e Bioeconomia e conselheiro IE<\/p>\n<p>Palestrantes: Jo\u00e3o Batista Tezza Neto \u2013 Diretor Executivo da Academia Amaz\u00f4nia Ensina<\/p>\n<p>Maria Eugenia Rocha Tezza \u2013 Coordenadora Executiva da Academia Amaz\u00f4nia Ensina<\/p>\n<p><strong>Conhe\u00e7a os participantes:<\/strong><\/p>\n<p><img loading=\"lazy\" decoding=\"async\" class=\"alignnone wp-image-77830 alignleft td-animation-stack-type0-2\" src=\"https:\/\/www.institutodeengenharia.org.br\/site\/wp-content\/uploads\/2021\/02\/Felipe-Geribello.jpeg\" alt=\"\" width=\"169\" height=\"190\" srcset=\"https:\/\/www.institutodeengenharia.org.br\/site\/wp-content\/uploads\/2021\/02\/Felipe-Geribello.jpeg 1023w, https:\/\/www.institutodeengenharia.org.br\/site\/wp-content\/uploads\/2021\/02\/Felipe-Geribello-266x300.jpeg 266w, https:\/\/www.institutodeengenharia.org.br\/site\/wp-content\/uploads\/2021\/02\/Felipe-Geribello-907x1024.jpeg 907w, https:\/\/www.institutodeengenharia.org.br\/site\/wp-content\/uploads\/2021\/02\/Felipe-Geribello-768x867.jpeg 768w, https:\/\/www.institutodeengenharia.org.br\/site\/wp-content\/uploads\/2021\/02\/Felipe-Geribello-696x786.jpeg 696w, https:\/\/www.institutodeengenharia.org.br\/site\/wp-content\/uploads\/2021\/02\/Felipe-Geribello-372x420.jpeg 372w, https:\/\/www.institutodeengenharia.org.br\/site\/wp-content\/uploads\/2021\/02\/Felipe-Geribello-600x677.jpeg 600w\" sizes=\"auto, (max-width: 169px) 100vw, 169px\" \/><\/p>\n<p><strong>Felipe Geribello Ferreira Cabral \u2013 2\u00ba Diretor-Secret\u00e1rio do IE<\/strong><\/p>\n<p>Engenheiro Civil formado pelo Instituto Mau\u00e1 de Tecnologia em 2018, p\u00f3s-graduado em Gerenciamento de Projetos pela FGV e atualmente cursando p\u00f3s-gradua\u00e7\u00e3o em Neuroci\u00eancia e Comportamento pela PUC-RS. Trabalha na Geribello Engenharia Ltda., empresa de gerenciamento, fiscaliza\u00e7\u00e3o e supervis\u00e3o de obras, j\u00e1 tendo atuado no departamento de planejamento e como engenheiro fiscal em contratos de habita\u00e7\u00e3o popular (CDHU). Atualmente trabalha no Departamento de Qualidade e Desenvolvimento da empresa, sendo respons\u00e1vel pela busca de inova\u00e7\u00f5es. \u00c9 vice-coordenador da Divis\u00e3o T\u00e9cnica de Engenharia Sanit\u00e1ria e Recursos H\u00eddricos e Biotecnologia, desde 2019.<\/p>\n<p>&nbsp;<\/p>\n<p><img loading=\"lazy\" decoding=\"async\" class=\"alignnone wp-image-77772 alignright td-animation-stack-type0-2\" src=\"https:\/\/www.institutodeengenharia.org.br\/site\/wp-content\/uploads\/2021\/02\/George-Paulus.jpg\" alt=\"\" width=\"195\" height=\"195\" srcset=\"https:\/\/www.institutodeengenharia.org.br\/site\/wp-content\/uploads\/2021\/02\/George-Paulus.jpg 597w, https:\/\/www.institutodeengenharia.org.br\/site\/wp-content\/uploads\/2021\/02\/George-Paulus-300x300.jpg 300w, https:\/\/www.institutodeengenharia.org.br\/site\/wp-content\/uploads\/2021\/02\/George-Paulus-150x150.jpg 150w, https:\/\/www.institutodeengenharia.org.br\/site\/wp-content\/uploads\/2021\/02\/George-Paulus-420x420.jpg 420w, https:\/\/www.institutodeengenharia.org.br\/site\/wp-content\/uploads\/2021\/02\/George-Paulus-100x100.jpg 100w\" sizes=\"auto, (max-width: 195px) 100vw, 195px\" \/><\/p>\n<p><strong>George Paulus \u2013 Coordenador do GT Amaz\u00f4nia e Bioeconomia<\/strong><\/p>\n<p>Engenheiro de Produ\u00e7\u00e3o (Poli-USP), mestre na \u00e1rea de Log\u00edstica e doutor pela mesma escola. Iniciou sua carreira na Engenharia como consultor nas \u00e1reas de gest\u00e3o da cadeia de suprimentos e de gest\u00e3o de projetos. Empreendedor na \u00e1rea de desenvolvimento de software. Experi\u00eancia como professor nas \u00e1reas de Gest\u00e3o da Cadeia de Suprimentos, Gest\u00e3o de Projetos e T\u00f3picos Avan\u00e7ados de Sustentabilidade.<\/p>\n<p>&nbsp;<\/p>\n<p><img loading=\"lazy\" decoding=\"async\" class=\"alignnone wp-image-87706 alignleft td-animation-stack-type0-2\" src=\"https:\/\/www.institutodeengenharia.org.br\/site\/wp-content\/uploads\/2021\/11\/joaobatista.jpg\" alt=\"\" width=\"164\" height=\"245\" srcset=\"https:\/\/www.institutodeengenharia.org.br\/site\/wp-content\/uploads\/2021\/11\/joaobatista.jpg 248w, https:\/\/www.institutodeengenharia.org.br\/site\/wp-content\/uploads\/2021\/11\/joaobatista-201x300.jpg 201w\" sizes=\"auto, (max-width: 164px) 100vw, 164px\" \/><\/p>\n<p><strong>Jo\u00e3o Batista Tezza Neto \u2013 Diretor Executivo da Academia Amaz\u00f4nia Ensina<\/strong><\/p>\n<p>Economista, Doutor pelo Centro de Ci\u00eancias do Ambiente e Sustentabilidade na Amaz\u00f4nia da UFAM\/UNB (2014 \u2013 2018) e MBA em Gest\u00e3o Estrat\u00e9gica e Econ\u00f4mica de Neg\u00f3cios pela Funda\u00e7\u00e3o Get\u00falio Vargas, tem experi\u00eancia em ambientes de empresas privadas, governo e terceiro setor, e nos \u00faltimos 20 anos tem se dedicado a modelagem e implanta\u00e7\u00e3o de neg\u00f3cios com impacto social e ambiental na Amaz\u00f4nia. Hoje, atua como diretor executivo da empresa Original Trade Consultoria Empresarial e diretor executivo da Academia Amaz\u00f4nia Ensina.<\/p>\n<p>&nbsp;<\/p>\n<p><img loading=\"lazy\" decoding=\"async\" class=\"alignnone wp-image-87707 alignright td-animation-stack-type0-2\" src=\"https:\/\/www.institutodeengenharia.org.br\/site\/wp-content\/uploads\/2021\/11\/mariaeugenia.png\" alt=\"\" width=\"175\" height=\"233\" \/><\/p>\n<p><strong>Maria Eugenia Rocha Tezza \u2013 Coordenadora Executiva da Academia Amaz\u00f4nia Ensina<\/strong><\/p>\n<p>Formada em Rela\u00e7\u00f5es Internacionais pela UNICURITIBA, participou do processo de cria\u00e7\u00e3o da Academia Amaz\u00f4nia Ensina, onde hoje atua com coordenadora executiva desde 2018, realizando expedi\u00e7\u00f5es formativas na regi\u00e3o, al\u00e9m de promover eventos ligados a sustentabilidade, empreendedorismo, e criando projetos que ajudam a viabilizar a ci\u00eancia na Amaz\u00f4nia.<\/p>\n<p>&nbsp;<\/p>\n<p><strong>Realiza\u00e7\u00e3o:<\/strong><\/p>\n<p><strong>Eng. Ivan Metran Whately<\/strong>\u00a0\u2013 Vice-Presidente de Atividades T\u00e9cnicas<\/p>\n<p><strong>Eng. George Paulus<\/strong>\u00a0\u2013 Coordenador do GT Amaz\u00f4nia e Bioeconomia<\/p>\n<p><strong>Eng. Felipe Geribello Ferreira Cabral<\/strong>\u00a0\u2013 2\u00ba Diretor-Secret\u00e1rio do IE<\/p>\n<p><strong>IE Jovem<\/strong><\/p>\n<p><strong>Apoio Institucional:<\/strong><\/p>\n<p><img loading=\"lazy\" decoding=\"async\" class=\"alignnone size-full wp-image-87708 td-animation-stack-type0-2\" src=\"https:\/\/www.institutodeengenharia.org.br\/site\/wp-content\/uploads\/2021\/11\/appoios.png\" alt=\"\" width=\"309\" height=\"141\" srcset=\"https:\/\/www.institutodeengenharia.org.br\/site\/wp-content\/uploads\/2021\/11\/appoios.png 309w, https:\/\/www.institutodeengenharia.org.br\/site\/wp-content\/uploads\/2021\/11\/appoios-300x137.png 300w\" sizes=\"auto, (max-width: 309px) 100vw, 309px\" \/><\/p>\n<p><strong>Apoio \u00e0 forma\u00e7\u00e3o:\u00a0<\/strong><\/p>\n<p>Espa\u00e7o aberto ao CREA-SP, objetivando o aperfei\u00e7oamento dos profissionais e o aprimoramento da fiscaliza\u00e7\u00e3o das \u00e1reas abrangidas pelo Sistema Confea\/CREAs, al\u00e9m de promover a conscientiza\u00e7\u00e3o da sociedade quanto \u00e0 necessidade e obrigatoriedade de contratar um profissional devidamente habilitado.<\/p>\n<p>&nbsp;<\/p>\n","protected":false},"excerpt":{"rendered":"<p>Assista abaixo \u00e0 grava\u00e7\u00e3o do evento:\u00a0 + Informa\u00e7\u00f5es: Evento de lan\u00e7amento das Expedi\u00e7\u00f5es para a Amaz\u00f4nia \u2013 Instituto de Engenharia em parceria com a Academia Amaz\u00f4nia Ensina\u00a0 O Instituto de Engenharia, em parceria com a Academia Amaz\u00f4nia Ensina, participar\u00e1 da organiza\u00e7\u00e3o de uma expedi\u00e7\u00e3o voltada para estudantes de Engenharia, na fase de gradua\u00e7\u00e3o, que procuram [&hellip;]<\/p>\n","protected":false},"author":13,"featured_media":87710,"comment_status":"open","ping_status":"open","sticky":false,"template":"","format":"standard","meta":{"footnotes":""},"categories":[12,968,969],"tags":[],"class_list":{"0":"post-88103","1":"post","2":"type-post","3":"status-publish","4":"format-standard","5":"has-post-thumbnail","7":"category-divisoes-tecnicas","8":"category-nova-tv-engenharia","9":"category-palestra"},"yoast_head":"<!-- This site is optimized with the Yoast SEO plugin v27.2 - https:\/\/yoast.com\/product\/yoast-seo-wordpress\/ -->\n<title>Expedi\u00e7\u00f5es Amaz\u00f4nia 2021 - Instituto de Engenharia<\/title>\n<meta name=\"robots\" content=\"index, follow, max-snippet:-1, max-image-preview:large, max-video-preview:-1\" \/>\n<link rel=\"canonical\" href=\"https:\/\/www.institutodeengenharia.org.br\/site\/2021\/11\/19\/expedicoes-amazonia-2021\/\" \/>\n<meta property=\"og:locale\" content=\"pt_BR\" \/>\n<meta property=\"og:type\" content=\"article\" \/>\n<meta property=\"og:title\" content=\"Expedi\u00e7\u00f5es Amaz\u00f4nia 2021\" \/>\n<meta property=\"og:description\" content=\"Assista abaixo \u00e0 grava\u00e7\u00e3o do evento\" \/>\n<meta property=\"og:url\" content=\"https:\/\/www.institutodeengenharia.org.br\/site\/2021\/11\/19\/expedicoes-amazonia-2021\/\" \/>\n<meta property=\"og:site_name\" content=\"Instituto de Engenharia\" \/>\n<meta property=\"article:publisher\" content=\"https:\/\/www.facebook.com\/institutodeengenharia\" \/>\n<meta property=\"article:published_time\" content=\"2021-11-19T16:06:49+00:00\" \/>\n<meta property=\"og:image\" content=\"https:\/\/www.institutodeengenharia.org.br\/site\/wp-content\/uploads\/2021\/11\/rio-branco-ga34d8fa12_1920-1.jpg\" \/>\n\t<meta property=\"og:image:width\" content=\"1920\" \/>\n\t<meta property=\"og:image:height\" content=\"1280\" \/>\n\t<meta property=\"og:image:type\" content=\"image\/jpeg\" \/>\n<meta name=\"author\" content=\"Bianca\" \/>\n<meta name=\"twitter:card\" content=\"summary_large_image\" \/>\n<meta name=\"twitter:title\" content=\"Expedi\u00e7\u00f5es Amaz\u00f4nia 2021\" \/>\n<meta name=\"twitter:description\" content=\"Assista abaixo \u00e0 grava\u00e7\u00e3o do evento\" \/>\n<meta name=\"twitter:creator\" content=\"@iengenharia\" \/>\n<meta name=\"twitter:site\" content=\"@iengenharia\" \/>\n<meta name=\"twitter:label1\" content=\"Escrito por\" \/>\n\t<meta name=\"twitter:data1\" content=\"Bianca\" \/>\n\t<meta name=\"twitter:label2\" content=\"Est. tempo de leitura\" \/>\n\t<meta name=\"twitter:data2\" content=\"5 minutos\" \/>\n<script type=\"application\/ld+json\" class=\"yoast-schema-graph\">{\"@context\":\"https:\/\/schema.org\",\"@graph\":[{\"@type\":\"Article\",\"@id\":\"https:\/\/www.institutodeengenharia.org.br\/site\/2021\/11\/19\/expedicoes-amazonia-2021\/#article\",\"isPartOf\":{\"@id\":\"https:\/\/www.institutodeengenharia.org.br\/site\/2021\/11\/19\/expedicoes-amazonia-2021\/\"},\"author\":{\"name\":\"Bianca\",\"@id\":\"https:\/\/www.institutodeengenharia.org.br\/site\/#\/schema\/person\/aeb64951c405e100d26d30b033dd423f\"},\"headline\":\"Expedi\u00e7\u00f5es Amaz\u00f4nia 2021\",\"datePublished\":\"2021-11-19T16:06:49+00:00\",\"mainEntityOfPage\":{\"@id\":\"https:\/\/www.institutodeengenharia.org.br\/site\/2021\/11\/19\/expedicoes-amazonia-2021\/\"},\"wordCount\":830,\"commentCount\":0,\"publisher\":{\"@id\":\"https:\/\/www.institutodeengenharia.org.br\/site\/#organization\"},\"image\":{\"@id\":\"https:\/\/www.institutodeengenharia.org.br\/site\/2021\/11\/19\/expedicoes-amazonia-2021\/#primaryimage\"},\"thumbnailUrl\":\"https:\/\/www.institutodeengenharia.org.br\/site\/wp-content\/uploads\/2021\/11\/rio-branco-ga34d8fa12_1920-1.jpg\",\"articleSection\":[\"Divis\u00f5es T\u00e9cnicas\",\"Nova TV Engenharia\",\"Palestra\"],\"inLanguage\":\"pt-BR\",\"potentialAction\":[{\"@type\":\"CommentAction\",\"name\":\"Comment\",\"target\":[\"https:\/\/www.institutodeengenharia.org.br\/site\/2021\/11\/19\/expedicoes-amazonia-2021\/#respond\"]}]},{\"@type\":\"WebPage\",\"@id\":\"https:\/\/www.institutodeengenharia.org.br\/site\/2021\/11\/19\/expedicoes-amazonia-2021\/\",\"url\":\"https:\/\/www.institutodeengenharia.org.br\/site\/2021\/11\/19\/expedicoes-amazonia-2021\/\",\"name\":\"Expedi\u00e7\u00f5es Amaz\u00f4nia 2021 - Instituto de Engenharia\",\"isPartOf\":{\"@id\":\"https:\/\/www.institutodeengenharia.org.br\/site\/#website\"},\"primaryImageOfPage\":{\"@id\":\"https:\/\/www.institutodeengenharia.org.br\/site\/2021\/11\/19\/expedicoes-amazonia-2021\/#primaryimage\"},\"image\":{\"@id\":\"https:\/\/www.institutodeengenharia.org.br\/site\/2021\/11\/19\/expedicoes-amazonia-2021\/#primaryimage\"},\"thumbnailUrl\":\"https:\/\/www.institutodeengenharia.org.br\/site\/wp-content\/uploads\/2021\/11\/rio-branco-ga34d8fa12_1920-1.jpg\",\"datePublished\":\"2021-11-19T16:06:49+00:00\",\"breadcrumb\":{\"@id\":\"https:\/\/www.institutodeengenharia.org.br\/site\/2021\/11\/19\/expedicoes-amazonia-2021\/#breadcrumb\"},\"inLanguage\":\"pt-BR\",\"potentialAction\":[{\"@type\":\"ReadAction\",\"target\":[\"https:\/\/www.institutodeengenharia.org.br\/site\/2021\/11\/19\/expedicoes-amazonia-2021\/\"]}]},{\"@type\":\"ImageObject\",\"inLanguage\":\"pt-BR\",\"@id\":\"https:\/\/www.institutodeengenharia.org.br\/site\/2021\/11\/19\/expedicoes-amazonia-2021\/#primaryimage\",\"url\":\"https:\/\/www.institutodeengenharia.org.br\/site\/wp-content\/uploads\/2021\/11\/rio-branco-ga34d8fa12_1920-1.jpg\",\"contentUrl\":\"https:\/\/www.institutodeengenharia.org.br\/site\/wp-content\/uploads\/2021\/11\/rio-branco-ga34d8fa12_1920-1.jpg\",\"width\":1920,\"height\":1280},{\"@type\":\"BreadcrumbList\",\"@id\":\"https:\/\/www.institutodeengenharia.org.br\/site\/2021\/11\/19\/expedicoes-amazonia-2021\/#breadcrumb\",\"itemListElement\":[{\"@type\":\"ListItem\",\"position\":1,\"name\":\"In\u00edcio\",\"item\":\"https:\/\/www.institutodeengenharia.org.br\/site\/\"},{\"@type\":\"ListItem\",\"position\":2,\"name\":\"Expedi\u00e7\u00f5es Amaz\u00f4nia 2021\"}]},{\"@type\":\"WebSite\",\"@id\":\"https:\/\/www.institutodeengenharia.org.br\/site\/#website\",\"url\":\"https:\/\/www.institutodeengenharia.org.br\/site\/\",\"name\":\"Instituto de Engenharia\",\"description\":\"O Instituto de Engenharia promove a Engenharia em benef\u00edcio do desenvolvimento e da qualidade de vida da sociedade.\",\"publisher\":{\"@id\":\"https:\/\/www.institutodeengenharia.org.br\/site\/#organization\"},\"potentialAction\":[{\"@type\":\"SearchAction\",\"target\":{\"@type\":\"EntryPoint\",\"urlTemplate\":\"https:\/\/www.institutodeengenharia.org.br\/site\/?s={search_term_string}\"},\"query-input\":{\"@type\":\"PropertyValueSpecification\",\"valueRequired\":true,\"valueName\":\"search_term_string\"}}],\"inLanguage\":\"pt-BR\"},{\"@type\":\"Organization\",\"@id\":\"https:\/\/www.institutodeengenharia.org.br\/site\/#organization\",\"name\":\"Instituto de Engenharia\",\"url\":\"https:\/\/www.institutodeengenharia.org.br\/site\/\",\"logo\":{\"@type\":\"ImageObject\",\"inLanguage\":\"pt-BR\",\"@id\":\"https:\/\/www.institutodeengenharia.org.br\/site\/#\/schema\/logo\/image\/\",\"url\":\"https:\/\/www.institutodeengenharia.org.br\/site\/wp-content\/uploads\/2019\/03\/logo-novo-IE2018-1.jpg\",\"contentUrl\":\"https:\/\/www.institutodeengenharia.org.br\/site\/wp-content\/uploads\/2019\/03\/logo-novo-IE2018-1.jpg\",\"width\":1486,\"height\":1879,\"caption\":\"Instituto de Engenharia\"},\"image\":{\"@id\":\"https:\/\/www.institutodeengenharia.org.br\/site\/#\/schema\/logo\/image\/\"},\"sameAs\":[\"https:\/\/www.facebook.com\/institutodeengenharia\",\"https:\/\/x.com\/iengenharia\",\"https:\/\/www.instagram.com\/institutodeengenharia\/\",\"https:\/\/www.linkedin.com\/company\/instituto-de-engenharia\/\",\"https:\/\/www.youtube.com\/channel\/UCXiCAlsSMe977vamW915HxA\"]},{\"@type\":\"Person\",\"@id\":\"https:\/\/www.institutodeengenharia.org.br\/site\/#\/schema\/person\/aeb64951c405e100d26d30b033dd423f\",\"name\":\"Bianca\",\"image\":{\"@type\":\"ImageObject\",\"inLanguage\":\"pt-BR\",\"@id\":\"https:\/\/secure.gravatar.com\/avatar\/a6fbe9bff57405baf4c1e2c5c1811e072b558253974a9f9508f4678900c97c2a?s=96&d=mm&r=g\",\"url\":\"https:\/\/secure.gravatar.com\/avatar\/a6fbe9bff57405baf4c1e2c5c1811e072b558253974a9f9508f4678900c97c2a?s=96&d=mm&r=g\",\"contentUrl\":\"https:\/\/secure.gravatar.com\/avatar\/a6fbe9bff57405baf4c1e2c5c1811e072b558253974a9f9508f4678900c97c2a?s=96&d=mm&r=g\",\"caption\":\"Bianca\"},\"url\":\"https:\/\/www.institutodeengenharia.org.br\/site\/author\/comunicacao1\/\"}]}<\/script>\n<!-- \/ Yoast SEO plugin. -->","yoast_head_json":{"title":"Expedi\u00e7\u00f5es Amaz\u00f4nia 2021 - Instituto de Engenharia","robots":{"index":"index","follow":"follow","max-snippet":"max-snippet:-1","max-image-preview":"max-image-preview:large","max-video-preview":"max-video-preview:-1"},"canonical":"https:\/\/www.institutodeengenharia.org.br\/site\/2021\/11\/19\/expedicoes-amazonia-2021\/","og_locale":"pt_BR","og_type":"article","og_title":"Expedi\u00e7\u00f5es Amaz\u00f4nia 2021","og_description":"Assista abaixo \u00e0 grava\u00e7\u00e3o do evento","og_url":"https:\/\/www.institutodeengenharia.org.br\/site\/2021\/11\/19\/expedicoes-amazonia-2021\/","og_site_name":"Instituto de Engenharia","article_publisher":"https:\/\/www.facebook.com\/institutodeengenharia","article_published_time":"2021-11-19T16:06:49+00:00","og_image":[{"width":1920,"height":1280,"url":"https:\/\/www.institutodeengenharia.org.br\/site\/wp-content\/uploads\/2021\/11\/rio-branco-ga34d8fa12_1920-1.jpg","type":"image\/jpeg"}],"author":"Bianca","twitter_card":"summary_large_image","twitter_title":"Expedi\u00e7\u00f5es Amaz\u00f4nia 2021","twitter_description":"Assista abaixo \u00e0 grava\u00e7\u00e3o do evento","twitter_creator":"@iengenharia","twitter_site":"@iengenharia","twitter_misc":{"Escrito por":"Bianca","Est. tempo de leitura":"5 minutos"},"schema":{"@context":"https:\/\/schema.org","@graph":[{"@type":"Article","@id":"https:\/\/www.institutodeengenharia.org.br\/site\/2021\/11\/19\/expedicoes-amazonia-2021\/#article","isPartOf":{"@id":"https:\/\/www.institutodeengenharia.org.br\/site\/2021\/11\/19\/expedicoes-amazonia-2021\/"},"author":{"name":"Bianca","@id":"https:\/\/www.institutodeengenharia.org.br\/site\/#\/schema\/person\/aeb64951c405e100d26d30b033dd423f"},"headline":"Expedi\u00e7\u00f5es Amaz\u00f4nia 2021","datePublished":"2021-11-19T16:06:49+00:00","mainEntityOfPage":{"@id":"https:\/\/www.institutodeengenharia.org.br\/site\/2021\/11\/19\/expedicoes-amazonia-2021\/"},"wordCount":830,"commentCount":0,"publisher":{"@id":"https:\/\/www.institutodeengenharia.org.br\/site\/#organization"},"image":{"@id":"https:\/\/www.institutodeengenharia.org.br\/site\/2021\/11\/19\/expedicoes-amazonia-2021\/#primaryimage"},"thumbnailUrl":"https:\/\/www.institutodeengenharia.org.br\/site\/wp-content\/uploads\/2021\/11\/rio-branco-ga34d8fa12_1920-1.jpg","articleSection":["Divis\u00f5es T\u00e9cnicas","Nova TV Engenharia","Palestra"],"inLanguage":"pt-BR","potentialAction":[{"@type":"CommentAction","name":"Comment","target":["https:\/\/www.institutodeengenharia.org.br\/site\/2021\/11\/19\/expedicoes-amazonia-2021\/#respond"]}]},{"@type":"WebPage","@id":"https:\/\/www.institutodeengenharia.org.br\/site\/2021\/11\/19\/expedicoes-amazonia-2021\/","url":"https:\/\/www.institutodeengenharia.org.br\/site\/2021\/11\/19\/expedicoes-amazonia-2021\/","name":"Expedi\u00e7\u00f5es Amaz\u00f4nia 2021 - Instituto de Engenharia","isPartOf":{"@id":"https:\/\/www.institutodeengenharia.org.br\/site\/#website"},"primaryImageOfPage":{"@id":"https:\/\/www.institutodeengenharia.org.br\/site\/2021\/11\/19\/expedicoes-amazonia-2021\/#primaryimage"},"image":{"@id":"https:\/\/www.institutodeengenharia.org.br\/site\/2021\/11\/19\/expedicoes-amazonia-2021\/#primaryimage"},"thumbnailUrl":"https:\/\/www.institutodeengenharia.org.br\/site\/wp-content\/uploads\/2021\/11\/rio-branco-ga34d8fa12_1920-1.jpg","datePublished":"2021-11-19T16:06:49+00:00","breadcrumb":{"@id":"https:\/\/www.institutodeengenharia.org.br\/site\/2021\/11\/19\/expedicoes-amazonia-2021\/#breadcrumb"},"inLanguage":"pt-BR","potentialAction":[{"@type":"ReadAction","target":["https:\/\/www.institutodeengenharia.org.br\/site\/2021\/11\/19\/expedicoes-amazonia-2021\/"]}]},{"@type":"ImageObject","inLanguage":"pt-BR","@id":"https:\/\/www.institutodeengenharia.org.br\/site\/2021\/11\/19\/expedicoes-amazonia-2021\/#primaryimage","url":"https:\/\/www.institutodeengenharia.org.br\/site\/wp-content\/uploads\/2021\/11\/rio-branco-ga34d8fa12_1920-1.jpg","contentUrl":"https:\/\/www.institutodeengenharia.org.br\/site\/wp-content\/uploads\/2021\/11\/rio-branco-ga34d8fa12_1920-1.jpg","width":1920,"height":1280},{"@type":"BreadcrumbList","@id":"https:\/\/www.institutodeengenharia.org.br\/site\/2021\/11\/19\/expedicoes-amazonia-2021\/#breadcrumb","itemListElement":[{"@type":"ListItem","position":1,"name":"In\u00edcio","item":"https:\/\/www.institutodeengenharia.org.br\/site\/"},{"@type":"ListItem","position":2,"name":"Expedi\u00e7\u00f5es Amaz\u00f4nia 2021"}]},{"@type":"WebSite","@id":"https:\/\/www.institutodeengenharia.org.br\/site\/#website","url":"https:\/\/www.institutodeengenharia.org.br\/site\/","name":"Instituto de Engenharia","description":"O Instituto de Engenharia promove a Engenharia em benef\u00edcio do desenvolvimento e da qualidade de vida da sociedade.","publisher":{"@id":"https:\/\/www.institutodeengenharia.org.br\/site\/#organization"},"potentialAction":[{"@type":"SearchAction","target":{"@type":"EntryPoint","urlTemplate":"https:\/\/www.institutodeengenharia.org.br\/site\/?s={search_term_string}"},"query-input":{"@type":"PropertyValueSpecification","valueRequired":true,"valueName":"search_term_string"}}],"inLanguage":"pt-BR"},{"@type":"Organization","@id":"https:\/\/www.institutodeengenharia.org.br\/site\/#organization","name":"Instituto de Engenharia","url":"https:\/\/www.institutodeengenharia.org.br\/site\/","logo":{"@type":"ImageObject","inLanguage":"pt-BR","@id":"https:\/\/www.institutodeengenharia.org.br\/site\/#\/schema\/logo\/image\/","url":"https:\/\/www.institutodeengenharia.org.br\/site\/wp-content\/uploads\/2019\/03\/logo-novo-IE2018-1.jpg","contentUrl":"https:\/\/www.institutodeengenharia.org.br\/site\/wp-content\/uploads\/2019\/03\/logo-novo-IE2018-1.jpg","width":1486,"height":1879,"caption":"Instituto de Engenharia"},"image":{"@id":"https:\/\/www.institutodeengenharia.org.br\/site\/#\/schema\/logo\/image\/"},"sameAs":["https:\/\/www.facebook.com\/institutodeengenharia","https:\/\/x.com\/iengenharia","https:\/\/www.instagram.com\/institutodeengenharia\/","https:\/\/www.linkedin.com\/company\/instituto-de-engenharia\/","https:\/\/www.youtube.com\/channel\/UCXiCAlsSMe977vamW915HxA"]},{"@type":"Person","@id":"https:\/\/www.institutodeengenharia.org.br\/site\/#\/schema\/person\/aeb64951c405e100d26d30b033dd423f","name":"Bianca","image":{"@type":"ImageObject","inLanguage":"pt-BR","@id":"https:\/\/secure.gravatar.com\/avatar\/a6fbe9bff57405baf4c1e2c5c1811e072b558253974a9f9508f4678900c97c2a?s=96&d=mm&r=g","url":"https:\/\/secure.gravatar.com\/avatar\/a6fbe9bff57405baf4c1e2c5c1811e072b558253974a9f9508f4678900c97c2a?s=96&d=mm&r=g","contentUrl":"https:\/\/secure.gravatar.com\/avatar\/a6fbe9bff57405baf4c1e2c5c1811e072b558253974a9f9508f4678900c97c2a?s=96&d=mm&r=g","caption":"Bianca"},"url":"https:\/\/www.institutodeengenharia.org.br\/site\/author\/comunicacao1\/"}]}},"_links":{"self":[{"href":"https:\/\/www.institutodeengenharia.org.br\/site\/wp-json\/wp\/v2\/posts\/88103","targetHints":{"allow":["GET"]}}],"collection":[{"href":"https:\/\/www.institutodeengenharia.org.br\/site\/wp-json\/wp\/v2\/posts"}],"about":[{"href":"https:\/\/www.institutodeengenharia.org.br\/site\/wp-json\/wp\/v2\/types\/post"}],"author":[{"embeddable":true,"href":"https:\/\/www.institutodeengenharia.org.br\/site\/wp-json\/wp\/v2\/users\/13"}],"replies":[{"embeddable":true,"href":"https:\/\/www.institutodeengenharia.org.br\/site\/wp-json\/wp\/v2\/comments?post=88103"}],"version-history":[{"count":1,"href":"https:\/\/www.institutodeengenharia.org.br\/site\/wp-json\/wp\/v2\/posts\/88103\/revisions"}],"predecessor-version":[{"id":88104,"href":"https:\/\/www.institutodeengenharia.org.br\/site\/wp-json\/wp\/v2\/posts\/88103\/revisions\/88104"}],"wp:featuredmedia":[{"embeddable":true,"href":"https:\/\/www.institutodeengenharia.org.br\/site\/wp-json\/wp\/v2\/media\/87710"}],"wp:attachment":[{"href":"https:\/\/www.institutodeengenharia.org.br\/site\/wp-json\/wp\/v2\/media?parent=88103"}],"wp:term":[{"taxonomy":"category","embeddable":true,"href":"https:\/\/www.institutodeengenharia.org.br\/site\/wp-json\/wp\/v2\/categories?post=88103"},{"taxonomy":"post_tag","embeddable":true,"href":"https:\/\/www.institutodeengenharia.org.br\/site\/wp-json\/wp\/v2\/tags?post=88103"}],"curies":[{"name":"wp","href":"https:\/\/api.w.org\/{rel}","templated":true}]}}