{"id":88073,"date":"2021-11-18T11:06:05","date_gmt":"2021-11-18T14:06:05","guid":{"rendered":"https:\/\/www.institutodeengenharia.org.br\/site\/?p=88073"},"modified":"2021-11-18T11:06:05","modified_gmt":"2021-11-18T14:06:05","slug":"por-reginaldo-a-de-paiva-antropofagia-ecologica","status":"publish","type":"post","link":"https:\/\/www.institutodeengenharia.org.br\/site\/2021\/11\/18\/por-reginaldo-a-de-paiva-antropofagia-ecologica\/","title":{"rendered":"Por Reginaldo A. de Paiva \u2013 Antropofagia Ecol\u00f3gica"},"content":{"rendered":"<p>Cai a tarde e eu fico a pensar em como esta frase soube ser po\u00e9tica, um dia. As tardes caiam, sim, e n\u00e3o apenas eram tristonhas e serenas, como tamb\u00e9m aconteciam em macio e suave langor (langor, esta \u00e9 uma palavra morta).<\/p>\n<p>Se as tardes ainda hoje podem ser tristonhas, ningu\u00e9m pensaria em dizer serena da noite que chega no congestionamento das ruas, na irritante sucess\u00e3o de buzinas, luzes, freadas e de pessoas circulando (assustadas), por entre carros e sinais.<\/p>\n<p>Uma hora de lenta agonia, completam os versos da velha can\u00e7\u00e3o, sem que se possa saber como uma tarde, que morre em lenta agonia, possa ser serena. No entanto, eram em noites assim, serenas, que um t\u00eanue vapor terminava por se condensar em pequenas gotas sobre as folhas, mansamente, (serena)mente: sereno (serena e sereno, estas s\u00e3o palavras mortas).<\/p>\n<p>Cantava-se, tamb\u00e9m, o orvalho, que vem caindo. Mas \u00e9 que se vivia em um tempo de chap\u00e9us molhados, em um tempo de estrelas, sumindo, uma a uma, l\u00e1 no c\u00e9u. J\u00e1 n\u00e3o mais existe orvalho, sequer sereno. A antiga humidade dos capins, molhando o couro matinal dos sapatos. Toda a grama que nos resta foi petrificada em monumentos ao verde e, como orvalho, restou apenas aquela desagrad\u00e1vel e fria humidade que ensopa os jornais, desfolhados pelos mendigos que se desaquecem sob os viadutos. A minha cama \u00e9 uma folha de jornal (l\u00e1, tamb\u00e9m \u00e9 palavra morta).<\/p>\n<p>A visibilidade mal ultrapassa o topo dos edif\u00edcios. H\u00e1 que se ser mais modesto e s\u00f3 se falar em al\u00eds. Qualquer coisa que queira ser mais vis\u00edvel, al\u00e9m de um ali, dever\u00e1 ser, pelo menos, t\u00e3o grande quanto o gigantesco rel\u00f3gio luminoso, instalado, ao longe, sobre o pr\u00e9dio do Conjunto Nacional na Avenida Paulista e que me informa, em grandes n\u00fameros, que as horas j\u00e1 s\u00e3o mais que 20:30 e que a temperatura beira os 18\u00ba (cruzes, que esta noite vai ser fria).<\/p>\n<p>O dia tamb\u00e9m morreu, acompanhando todas as can\u00e7\u00f5es nost\u00e1lgicas e rom\u00e2nticas, que falavam desta cidade e de sua garoa; todas sepultadas na melodia de uma can\u00e7\u00e3o que ningu\u00e9m mais canta. Talvez o melhor seja encerrar o dia, como se ainda possu\u00edssemos uma qualquer individualidade urbana, como se f\u00f4ssemos pessoas que voltam para casa entre acenos e cumprimentos. E, ent\u00e3o, sa\u00edmos em pequenos grupos de cada escrit\u00f3rio, amontoados entre perfumes e odores nos elevadores, em grupos maiores nos sagu\u00f5es dos edif\u00edcios, em compactas multid\u00f5es nas ruas.<\/p>\n<p>Os acenos e eventuais cumprimentos s\u00e3o outros tantos gestos an\u00f4nimos do grande gesto de retorno ao lar. Provisoriamente libertos e definitivamente perdidos, os que v\u00e3o e os que v\u00eam, estabelecem r\u00edgidos sentidos de circula\u00e7\u00e3o, contornando desgastadas anci\u00e3s que vendem bonecas de pano, marginais precoces que oferecem correntinhas de ouro e falsos executivos que passeiam suas pastas negras. Cinemas e teatros piscam acenos, iluminam promessas de renova\u00e7\u00e3o dos gestos universais de amor, de rebeli\u00e3o ou de risos.<br \/>\nDepois, vem um chope, batatas fritas e fil\u00e9-de-palito (mastigar, isso n\u00e3o morreu, chega-se, at\u00e9, a reinventar a arte de comer um simples fil\u00e9).<\/p>\n<p>A rua e suas luzes, a noite e seus moradores.<\/p>\n<p>Gira-se, ent\u00e3o, a chave \u2013 duas ou tr\u00eas vezes \u2013 as travas estalam, as linguetas correm e de pronto, a enganosa seguran\u00e7a do lar.<\/p>\n<p>De olhos no teto, as p\u00e1lpebras piscando em pistas de areia, o sono chegando, vamos acordando antigos planos de uma fuga para praias distantes onde possamos viver apenas do mar e do sol.<\/p>\n<p>E ent\u00e3o se sonha com imposs\u00edveis savanas africanas, o sol trincando o ch\u00e3o em secas estivais e seus le\u00f5es (jubas irritadas e garras brancas).<\/p>\n<p>_______________________________________________________________________<\/p>\n<p><img loading=\"lazy\" decoding=\"async\" class=\"alignnone size-full wp-image-41624 td-animation-stack-type0-2\" src=\"https:\/\/www.institutodeengenharia.org.br\/site\/wp-content\/uploads\/2019\/04\/reginaldo-A.-Paiva.jpg\" alt=\"\" width=\"134\" height=\"88\" \/><\/p>\n<p><strong>REGINALDO A. DE PAIVA*<\/strong><\/p>\n<p>Diretor secret\u00e1rio da Diretoria Executiva (2014\/2015); representante do Instituto de Engenharia na Comiss\u00e3o Pr\u00e9-Centro e na Opera\u00e7\u00e3o Urbana \u00c1guas Espraiadas e na Comiss\u00e3o Licitat\u00f3ria de Concess\u00f5es Rodovi\u00e1rias (Secretaria de Estado dos Transportes); membro do Conselho Editorial da Revista Engenharia.<\/p>\n<p>*<em>Os artigos publicados com assinatura, n\u00e3o traduzem necessariamente a opini\u00e3o do Instituto de Engenharia. Sua publica\u00e7\u00e3o obedece ao prop\u00f3sito de estimular o debate dos problemas brasileiros e de refletir as diversas tend\u00eancias do pensamento contempor\u00e2neo.<\/em><\/p>\n","protected":false},"excerpt":{"rendered":"<p>Cai a tarde e eu fico a pensar em como esta frase soube ser po\u00e9tica, um dia. As tardes caiam, sim, e n\u00e3o apenas eram tristonhas e serenas, como tamb\u00e9m aconteciam em macio e suave langor (langor, esta \u00e9 uma palavra morta). Se as tardes ainda hoje podem ser tristonhas, ningu\u00e9m pensaria em dizer serena [&hellip;]<\/p>\n","protected":false},"author":13,"featured_media":88074,"comment_status":"open","ping_status":"open","sticky":false,"template":"","format":"standard","meta":{"footnotes":""},"categories":[11,103],"tags":[],"class_list":{"0":"post-88073","1":"post","2":"type-post","3":"status-publish","4":"format-standard","5":"has-post-thumbnail","7":"category-articulistas","8":"category-reginaldo-a-de-paiva"},"yoast_head":"<!-- This site is optimized with the Yoast SEO plugin v27.2 - https:\/\/yoast.com\/product\/yoast-seo-wordpress\/ -->\n<title>Por Reginaldo A. de Paiva \u2013 Antropofagia Ecol\u00f3gica - Instituto de Engenharia<\/title>\n<meta name=\"robots\" content=\"index, follow, max-snippet:-1, max-image-preview:large, max-video-preview:-1\" \/>\n<link rel=\"canonical\" href=\"https:\/\/www.institutodeengenharia.org.br\/site\/2021\/11\/18\/por-reginaldo-a-de-paiva-antropofagia-ecologica\/\" \/>\n<meta property=\"og:locale\" content=\"pt_BR\" \/>\n<meta property=\"og:type\" content=\"article\" \/>\n<meta property=\"og:title\" content=\"Por Reginaldo A. de Paiva \u2013 Antropofagia Ecol\u00f3gica\" \/>\n<meta property=\"og:description\" content=\"Cai a tarde e eu fico a pensar em como esta frase soube ser po\u00e9tica, um dia. As tardes caiam, sim, e n\u00e3o apenas eram tristonhas e serenas, como tamb\u00e9m aconteciam em macio e suave langor (langor, esta \u00e9 uma palavra morta).\" \/>\n<meta property=\"og:url\" content=\"https:\/\/www.institutodeengenharia.org.br\/site\/2021\/11\/18\/por-reginaldo-a-de-paiva-antropofagia-ecologica\/\" \/>\n<meta property=\"og:site_name\" content=\"Instituto de Engenharia\" \/>\n<meta property=\"article:publisher\" content=\"https:\/\/www.facebook.com\/institutodeengenharia\" \/>\n<meta property=\"article:published_time\" content=\"2021-11-18T14:06:05+00:00\" \/>\n<meta property=\"og:image\" content=\"https:\/\/www.institutodeengenharia.org.br\/site\/wp-content\/uploads\/2021\/11\/monkey-gfeab5f5f2_1920.jpg\" \/>\n\t<meta property=\"og:image:width\" content=\"1920\" \/>\n\t<meta property=\"og:image:height\" content=\"1280\" \/>\n\t<meta property=\"og:image:type\" content=\"image\/jpeg\" \/>\n<meta name=\"author\" content=\"Bianca\" \/>\n<meta name=\"twitter:card\" content=\"summary_large_image\" \/>\n<meta name=\"twitter:title\" content=\"Por Reginaldo A. de Paiva \u2013 Antropofagia Ecol\u00f3gica\" \/>\n<meta name=\"twitter:description\" content=\"Cai a tarde e eu fico a pensar em como esta frase soube ser po\u00e9tica, um dia. As tardes caiam, sim, e n\u00e3o apenas eram tristonhas e serenas, como tamb\u00e9m aconteciam em macio e suave langor (langor, esta \u00e9 uma palavra morta).\" \/>\n<meta name=\"twitter:image\" content=\"https:\/\/www.institutodeengenharia.org.br\/site\/wp-content\/uploads\/2021\/11\/monkey-gfeab5f5f2_1920.jpg\" \/>\n<meta name=\"twitter:creator\" content=\"@iengenharia\" \/>\n<meta name=\"twitter:site\" content=\"@iengenharia\" \/>\n<meta name=\"twitter:label1\" content=\"Escrito por\" \/>\n\t<meta name=\"twitter:data1\" content=\"Bianca\" \/>\n\t<meta name=\"twitter:label2\" content=\"Est. tempo de leitura\" \/>\n\t<meta name=\"twitter:data2\" content=\"4 minutos\" \/>\n<script type=\"application\/ld+json\" class=\"yoast-schema-graph\">{\"@context\":\"https:\/\/schema.org\",\"@graph\":[{\"@type\":\"Article\",\"@id\":\"https:\/\/www.institutodeengenharia.org.br\/site\/2021\/11\/18\/por-reginaldo-a-de-paiva-antropofagia-ecologica\/#article\",\"isPartOf\":{\"@id\":\"https:\/\/www.institutodeengenharia.org.br\/site\/2021\/11\/18\/por-reginaldo-a-de-paiva-antropofagia-ecologica\/\"},\"author\":{\"name\":\"Bianca\",\"@id\":\"https:\/\/www.institutodeengenharia.org.br\/site\/#\/schema\/person\/aeb64951c405e100d26d30b033dd423f\"},\"headline\":\"Por Reginaldo A. de Paiva \u2013 Antropofagia Ecol\u00f3gica\",\"datePublished\":\"2021-11-18T14:06:05+00:00\",\"mainEntityOfPage\":{\"@id\":\"https:\/\/www.institutodeengenharia.org.br\/site\/2021\/11\/18\/por-reginaldo-a-de-paiva-antropofagia-ecologica\/\"},\"wordCount\":740,\"commentCount\":0,\"publisher\":{\"@id\":\"https:\/\/www.institutodeengenharia.org.br\/site\/#organization\"},\"image\":{\"@id\":\"https:\/\/www.institutodeengenharia.org.br\/site\/2021\/11\/18\/por-reginaldo-a-de-paiva-antropofagia-ecologica\/#primaryimage\"},\"thumbnailUrl\":\"https:\/\/www.institutodeengenharia.org.br\/site\/wp-content\/uploads\/2021\/11\/monkey-gfeab5f5f2_1920.jpg\",\"articleSection\":[\"Articulistas\",\"Reginaldo A. de Paiva\"],\"inLanguage\":\"pt-BR\",\"potentialAction\":[{\"@type\":\"CommentAction\",\"name\":\"Comment\",\"target\":[\"https:\/\/www.institutodeengenharia.org.br\/site\/2021\/11\/18\/por-reginaldo-a-de-paiva-antropofagia-ecologica\/#respond\"]}]},{\"@type\":\"WebPage\",\"@id\":\"https:\/\/www.institutodeengenharia.org.br\/site\/2021\/11\/18\/por-reginaldo-a-de-paiva-antropofagia-ecologica\/\",\"url\":\"https:\/\/www.institutodeengenharia.org.br\/site\/2021\/11\/18\/por-reginaldo-a-de-paiva-antropofagia-ecologica\/\",\"name\":\"Por Reginaldo A. de Paiva \u2013 Antropofagia Ecol\u00f3gica - Instituto de Engenharia\",\"isPartOf\":{\"@id\":\"https:\/\/www.institutodeengenharia.org.br\/site\/#website\"},\"primaryImageOfPage\":{\"@id\":\"https:\/\/www.institutodeengenharia.org.br\/site\/2021\/11\/18\/por-reginaldo-a-de-paiva-antropofagia-ecologica\/#primaryimage\"},\"image\":{\"@id\":\"https:\/\/www.institutodeengenharia.org.br\/site\/2021\/11\/18\/por-reginaldo-a-de-paiva-antropofagia-ecologica\/#primaryimage\"},\"thumbnailUrl\":\"https:\/\/www.institutodeengenharia.org.br\/site\/wp-content\/uploads\/2021\/11\/monkey-gfeab5f5f2_1920.jpg\",\"datePublished\":\"2021-11-18T14:06:05+00:00\",\"breadcrumb\":{\"@id\":\"https:\/\/www.institutodeengenharia.org.br\/site\/2021\/11\/18\/por-reginaldo-a-de-paiva-antropofagia-ecologica\/#breadcrumb\"},\"inLanguage\":\"pt-BR\",\"potentialAction\":[{\"@type\":\"ReadAction\",\"target\":[\"https:\/\/www.institutodeengenharia.org.br\/site\/2021\/11\/18\/por-reginaldo-a-de-paiva-antropofagia-ecologica\/\"]}]},{\"@type\":\"ImageObject\",\"inLanguage\":\"pt-BR\",\"@id\":\"https:\/\/www.institutodeengenharia.org.br\/site\/2021\/11\/18\/por-reginaldo-a-de-paiva-antropofagia-ecologica\/#primaryimage\",\"url\":\"https:\/\/www.institutodeengenharia.org.br\/site\/wp-content\/uploads\/2021\/11\/monkey-gfeab5f5f2_1920.jpg\",\"contentUrl\":\"https:\/\/www.institutodeengenharia.org.br\/site\/wp-content\/uploads\/2021\/11\/monkey-gfeab5f5f2_1920.jpg\",\"width\":1920,\"height\":1280},{\"@type\":\"BreadcrumbList\",\"@id\":\"https:\/\/www.institutodeengenharia.org.br\/site\/2021\/11\/18\/por-reginaldo-a-de-paiva-antropofagia-ecologica\/#breadcrumb\",\"itemListElement\":[{\"@type\":\"ListItem\",\"position\":1,\"name\":\"In\u00edcio\",\"item\":\"https:\/\/www.institutodeengenharia.org.br\/site\/\"},{\"@type\":\"ListItem\",\"position\":2,\"name\":\"Por Reginaldo A. de Paiva \u2013 Antropofagia Ecol\u00f3gica\"}]},{\"@type\":\"WebSite\",\"@id\":\"https:\/\/www.institutodeengenharia.org.br\/site\/#website\",\"url\":\"https:\/\/www.institutodeengenharia.org.br\/site\/\",\"name\":\"Instituto de Engenharia\",\"description\":\"O Instituto de Engenharia promove a Engenharia em benef\u00edcio do desenvolvimento e da qualidade de vida da sociedade.\",\"publisher\":{\"@id\":\"https:\/\/www.institutodeengenharia.org.br\/site\/#organization\"},\"potentialAction\":[{\"@type\":\"SearchAction\",\"target\":{\"@type\":\"EntryPoint\",\"urlTemplate\":\"https:\/\/www.institutodeengenharia.org.br\/site\/?s={search_term_string}\"},\"query-input\":{\"@type\":\"PropertyValueSpecification\",\"valueRequired\":true,\"valueName\":\"search_term_string\"}}],\"inLanguage\":\"pt-BR\"},{\"@type\":\"Organization\",\"@id\":\"https:\/\/www.institutodeengenharia.org.br\/site\/#organization\",\"name\":\"Instituto de Engenharia\",\"url\":\"https:\/\/www.institutodeengenharia.org.br\/site\/\",\"logo\":{\"@type\":\"ImageObject\",\"inLanguage\":\"pt-BR\",\"@id\":\"https:\/\/www.institutodeengenharia.org.br\/site\/#\/schema\/logo\/image\/\",\"url\":\"https:\/\/www.institutodeengenharia.org.br\/site\/wp-content\/uploads\/2019\/03\/logo-novo-IE2018-1.jpg\",\"contentUrl\":\"https:\/\/www.institutodeengenharia.org.br\/site\/wp-content\/uploads\/2019\/03\/logo-novo-IE2018-1.jpg\",\"width\":1486,\"height\":1879,\"caption\":\"Instituto de Engenharia\"},\"image\":{\"@id\":\"https:\/\/www.institutodeengenharia.org.br\/site\/#\/schema\/logo\/image\/\"},\"sameAs\":[\"https:\/\/www.facebook.com\/institutodeengenharia\",\"https:\/\/x.com\/iengenharia\",\"https:\/\/www.instagram.com\/institutodeengenharia\/\",\"https:\/\/www.linkedin.com\/company\/instituto-de-engenharia\/\",\"https:\/\/www.youtube.com\/channel\/UCXiCAlsSMe977vamW915HxA\"]},{\"@type\":\"Person\",\"@id\":\"https:\/\/www.institutodeengenharia.org.br\/site\/#\/schema\/person\/aeb64951c405e100d26d30b033dd423f\",\"name\":\"Bianca\",\"image\":{\"@type\":\"ImageObject\",\"inLanguage\":\"pt-BR\",\"@id\":\"https:\/\/secure.gravatar.com\/avatar\/a6fbe9bff57405baf4c1e2c5c1811e072b558253974a9f9508f4678900c97c2a?s=96&d=mm&r=g\",\"url\":\"https:\/\/secure.gravatar.com\/avatar\/a6fbe9bff57405baf4c1e2c5c1811e072b558253974a9f9508f4678900c97c2a?s=96&d=mm&r=g\",\"contentUrl\":\"https:\/\/secure.gravatar.com\/avatar\/a6fbe9bff57405baf4c1e2c5c1811e072b558253974a9f9508f4678900c97c2a?s=96&d=mm&r=g\",\"caption\":\"Bianca\"},\"url\":\"https:\/\/www.institutodeengenharia.org.br\/site\/author\/comunicacao1\/\"}]}<\/script>\n<!-- \/ Yoast SEO plugin. -->","yoast_head_json":{"title":"Por Reginaldo A. de Paiva \u2013 Antropofagia Ecol\u00f3gica - Instituto de Engenharia","robots":{"index":"index","follow":"follow","max-snippet":"max-snippet:-1","max-image-preview":"max-image-preview:large","max-video-preview":"max-video-preview:-1"},"canonical":"https:\/\/www.institutodeengenharia.org.br\/site\/2021\/11\/18\/por-reginaldo-a-de-paiva-antropofagia-ecologica\/","og_locale":"pt_BR","og_type":"article","og_title":"Por Reginaldo A. de Paiva \u2013 Antropofagia Ecol\u00f3gica","og_description":"Cai a tarde e eu fico a pensar em como esta frase soube ser po\u00e9tica, um dia. As tardes caiam, sim, e n\u00e3o apenas eram tristonhas e serenas, como tamb\u00e9m aconteciam em macio e suave langor (langor, esta \u00e9 uma palavra morta).","og_url":"https:\/\/www.institutodeengenharia.org.br\/site\/2021\/11\/18\/por-reginaldo-a-de-paiva-antropofagia-ecologica\/","og_site_name":"Instituto de Engenharia","article_publisher":"https:\/\/www.facebook.com\/institutodeengenharia","article_published_time":"2021-11-18T14:06:05+00:00","og_image":[{"width":1920,"height":1280,"url":"https:\/\/www.institutodeengenharia.org.br\/site\/wp-content\/uploads\/2021\/11\/monkey-gfeab5f5f2_1920.jpg","type":"image\/jpeg"}],"author":"Bianca","twitter_card":"summary_large_image","twitter_title":"Por Reginaldo A. de Paiva \u2013 Antropofagia Ecol\u00f3gica","twitter_description":"Cai a tarde e eu fico a pensar em como esta frase soube ser po\u00e9tica, um dia. As tardes caiam, sim, e n\u00e3o apenas eram tristonhas e serenas, como tamb\u00e9m aconteciam em macio e suave langor (langor, esta \u00e9 uma palavra morta).","twitter_image":"https:\/\/www.institutodeengenharia.org.br\/site\/wp-content\/uploads\/2021\/11\/monkey-gfeab5f5f2_1920.jpg","twitter_creator":"@iengenharia","twitter_site":"@iengenharia","twitter_misc":{"Escrito por":"Bianca","Est. tempo de leitura":"4 minutos"},"schema":{"@context":"https:\/\/schema.org","@graph":[{"@type":"Article","@id":"https:\/\/www.institutodeengenharia.org.br\/site\/2021\/11\/18\/por-reginaldo-a-de-paiva-antropofagia-ecologica\/#article","isPartOf":{"@id":"https:\/\/www.institutodeengenharia.org.br\/site\/2021\/11\/18\/por-reginaldo-a-de-paiva-antropofagia-ecologica\/"},"author":{"name":"Bianca","@id":"https:\/\/www.institutodeengenharia.org.br\/site\/#\/schema\/person\/aeb64951c405e100d26d30b033dd423f"},"headline":"Por Reginaldo A. de Paiva \u2013 Antropofagia Ecol\u00f3gica","datePublished":"2021-11-18T14:06:05+00:00","mainEntityOfPage":{"@id":"https:\/\/www.institutodeengenharia.org.br\/site\/2021\/11\/18\/por-reginaldo-a-de-paiva-antropofagia-ecologica\/"},"wordCount":740,"commentCount":0,"publisher":{"@id":"https:\/\/www.institutodeengenharia.org.br\/site\/#organization"},"image":{"@id":"https:\/\/www.institutodeengenharia.org.br\/site\/2021\/11\/18\/por-reginaldo-a-de-paiva-antropofagia-ecologica\/#primaryimage"},"thumbnailUrl":"https:\/\/www.institutodeengenharia.org.br\/site\/wp-content\/uploads\/2021\/11\/monkey-gfeab5f5f2_1920.jpg","articleSection":["Articulistas","Reginaldo A. de Paiva"],"inLanguage":"pt-BR","potentialAction":[{"@type":"CommentAction","name":"Comment","target":["https:\/\/www.institutodeengenharia.org.br\/site\/2021\/11\/18\/por-reginaldo-a-de-paiva-antropofagia-ecologica\/#respond"]}]},{"@type":"WebPage","@id":"https:\/\/www.institutodeengenharia.org.br\/site\/2021\/11\/18\/por-reginaldo-a-de-paiva-antropofagia-ecologica\/","url":"https:\/\/www.institutodeengenharia.org.br\/site\/2021\/11\/18\/por-reginaldo-a-de-paiva-antropofagia-ecologica\/","name":"Por Reginaldo A. de Paiva \u2013 Antropofagia Ecol\u00f3gica - Instituto de Engenharia","isPartOf":{"@id":"https:\/\/www.institutodeengenharia.org.br\/site\/#website"},"primaryImageOfPage":{"@id":"https:\/\/www.institutodeengenharia.org.br\/site\/2021\/11\/18\/por-reginaldo-a-de-paiva-antropofagia-ecologica\/#primaryimage"},"image":{"@id":"https:\/\/www.institutodeengenharia.org.br\/site\/2021\/11\/18\/por-reginaldo-a-de-paiva-antropofagia-ecologica\/#primaryimage"},"thumbnailUrl":"https:\/\/www.institutodeengenharia.org.br\/site\/wp-content\/uploads\/2021\/11\/monkey-gfeab5f5f2_1920.jpg","datePublished":"2021-11-18T14:06:05+00:00","breadcrumb":{"@id":"https:\/\/www.institutodeengenharia.org.br\/site\/2021\/11\/18\/por-reginaldo-a-de-paiva-antropofagia-ecologica\/#breadcrumb"},"inLanguage":"pt-BR","potentialAction":[{"@type":"ReadAction","target":["https:\/\/www.institutodeengenharia.org.br\/site\/2021\/11\/18\/por-reginaldo-a-de-paiva-antropofagia-ecologica\/"]}]},{"@type":"ImageObject","inLanguage":"pt-BR","@id":"https:\/\/www.institutodeengenharia.org.br\/site\/2021\/11\/18\/por-reginaldo-a-de-paiva-antropofagia-ecologica\/#primaryimage","url":"https:\/\/www.institutodeengenharia.org.br\/site\/wp-content\/uploads\/2021\/11\/monkey-gfeab5f5f2_1920.jpg","contentUrl":"https:\/\/www.institutodeengenharia.org.br\/site\/wp-content\/uploads\/2021\/11\/monkey-gfeab5f5f2_1920.jpg","width":1920,"height":1280},{"@type":"BreadcrumbList","@id":"https:\/\/www.institutodeengenharia.org.br\/site\/2021\/11\/18\/por-reginaldo-a-de-paiva-antropofagia-ecologica\/#breadcrumb","itemListElement":[{"@type":"ListItem","position":1,"name":"In\u00edcio","item":"https:\/\/www.institutodeengenharia.org.br\/site\/"},{"@type":"ListItem","position":2,"name":"Por Reginaldo A. de Paiva \u2013 Antropofagia Ecol\u00f3gica"}]},{"@type":"WebSite","@id":"https:\/\/www.institutodeengenharia.org.br\/site\/#website","url":"https:\/\/www.institutodeengenharia.org.br\/site\/","name":"Instituto de Engenharia","description":"O Instituto de Engenharia promove a Engenharia em benef\u00edcio do desenvolvimento e da qualidade de vida da sociedade.","publisher":{"@id":"https:\/\/www.institutodeengenharia.org.br\/site\/#organization"},"potentialAction":[{"@type":"SearchAction","target":{"@type":"EntryPoint","urlTemplate":"https:\/\/www.institutodeengenharia.org.br\/site\/?s={search_term_string}"},"query-input":{"@type":"PropertyValueSpecification","valueRequired":true,"valueName":"search_term_string"}}],"inLanguage":"pt-BR"},{"@type":"Organization","@id":"https:\/\/www.institutodeengenharia.org.br\/site\/#organization","name":"Instituto de Engenharia","url":"https:\/\/www.institutodeengenharia.org.br\/site\/","logo":{"@type":"ImageObject","inLanguage":"pt-BR","@id":"https:\/\/www.institutodeengenharia.org.br\/site\/#\/schema\/logo\/image\/","url":"https:\/\/www.institutodeengenharia.org.br\/site\/wp-content\/uploads\/2019\/03\/logo-novo-IE2018-1.jpg","contentUrl":"https:\/\/www.institutodeengenharia.org.br\/site\/wp-content\/uploads\/2019\/03\/logo-novo-IE2018-1.jpg","width":1486,"height":1879,"caption":"Instituto de Engenharia"},"image":{"@id":"https:\/\/www.institutodeengenharia.org.br\/site\/#\/schema\/logo\/image\/"},"sameAs":["https:\/\/www.facebook.com\/institutodeengenharia","https:\/\/x.com\/iengenharia","https:\/\/www.instagram.com\/institutodeengenharia\/","https:\/\/www.linkedin.com\/company\/instituto-de-engenharia\/","https:\/\/www.youtube.com\/channel\/UCXiCAlsSMe977vamW915HxA"]},{"@type":"Person","@id":"https:\/\/www.institutodeengenharia.org.br\/site\/#\/schema\/person\/aeb64951c405e100d26d30b033dd423f","name":"Bianca","image":{"@type":"ImageObject","inLanguage":"pt-BR","@id":"https:\/\/secure.gravatar.com\/avatar\/a6fbe9bff57405baf4c1e2c5c1811e072b558253974a9f9508f4678900c97c2a?s=96&d=mm&r=g","url":"https:\/\/secure.gravatar.com\/avatar\/a6fbe9bff57405baf4c1e2c5c1811e072b558253974a9f9508f4678900c97c2a?s=96&d=mm&r=g","contentUrl":"https:\/\/secure.gravatar.com\/avatar\/a6fbe9bff57405baf4c1e2c5c1811e072b558253974a9f9508f4678900c97c2a?s=96&d=mm&r=g","caption":"Bianca"},"url":"https:\/\/www.institutodeengenharia.org.br\/site\/author\/comunicacao1\/"}]}},"_links":{"self":[{"href":"https:\/\/www.institutodeengenharia.org.br\/site\/wp-json\/wp\/v2\/posts\/88073","targetHints":{"allow":["GET"]}}],"collection":[{"href":"https:\/\/www.institutodeengenharia.org.br\/site\/wp-json\/wp\/v2\/posts"}],"about":[{"href":"https:\/\/www.institutodeengenharia.org.br\/site\/wp-json\/wp\/v2\/types\/post"}],"author":[{"embeddable":true,"href":"https:\/\/www.institutodeengenharia.org.br\/site\/wp-json\/wp\/v2\/users\/13"}],"replies":[{"embeddable":true,"href":"https:\/\/www.institutodeengenharia.org.br\/site\/wp-json\/wp\/v2\/comments?post=88073"}],"version-history":[{"count":1,"href":"https:\/\/www.institutodeengenharia.org.br\/site\/wp-json\/wp\/v2\/posts\/88073\/revisions"}],"predecessor-version":[{"id":88075,"href":"https:\/\/www.institutodeengenharia.org.br\/site\/wp-json\/wp\/v2\/posts\/88073\/revisions\/88075"}],"wp:featuredmedia":[{"embeddable":true,"href":"https:\/\/www.institutodeengenharia.org.br\/site\/wp-json\/wp\/v2\/media\/88074"}],"wp:attachment":[{"href":"https:\/\/www.institutodeengenharia.org.br\/site\/wp-json\/wp\/v2\/media?parent=88073"}],"wp:term":[{"taxonomy":"category","embeddable":true,"href":"https:\/\/www.institutodeengenharia.org.br\/site\/wp-json\/wp\/v2\/categories?post=88073"},{"taxonomy":"post_tag","embeddable":true,"href":"https:\/\/www.institutodeengenharia.org.br\/site\/wp-json\/wp\/v2\/tags?post=88073"}],"curies":[{"name":"wp","href":"https:\/\/api.w.org\/{rel}","templated":true}]}}