{"id":87702,"date":"2021-11-04T11:31:28","date_gmt":"2021-11-04T14:31:28","guid":{"rendered":"https:\/\/www.institutodeengenharia.org.br\/site\/?p=87702"},"modified":"2021-11-05T11:45:11","modified_gmt":"2021-11-05T14:45:11","slug":"introducao-a-engenharia-uma-abordagem-baseada-em-ensino-por-competencias","status":"publish","type":"post","link":"https:\/\/www.institutodeengenharia.org.br\/site\/2021\/11\/04\/introducao-a-engenharia-uma-abordagem-baseada-em-ensino-por-competencias\/","title":{"rendered":"Introdu\u00e7\u00e3o \u00e0 Engenharia: Uma abordagem baseada em ensino por compet\u00eancias"},"content":{"rendered":"<p><strong>Assista abaixo \u00e0 grava\u00e7\u00e3o do evento:<\/strong><\/p>\n<p><iframe loading=\"lazy\" src=\"https:\/\/player.vimeo.com\/video\/642659773?h=7257f40467\" width=\"640\" height=\"564\" frameborder=\"0\" allowfullscreen=\"allowfullscreen\"><\/iframe><\/p>\n<p><strong>+ Informa\u00e7\u00f5es:<\/strong><\/p>\n<p>Apresenta\u00e7\u00e3o do livro pelo autor.<\/p>\n<p><img loading=\"lazy\" decoding=\"async\" class=\"size-medium wp-image-85702 aligncenter td-animation-stack-type0-2\" src=\"https:\/\/www.institutodeengenharia.org.br\/site\/wp-content\/uploads\/2021\/09\/5160V2VjjkL-206x300.jpg\" alt=\"\" width=\"206\" height=\"300\" srcset=\"https:\/\/www.institutodeengenharia.org.br\/site\/wp-content\/uploads\/2021\/09\/5160V2VjjkL-206x300.jpg 206w, https:\/\/www.institutodeengenharia.org.br\/site\/wp-content\/uploads\/2021\/09\/5160V2VjjkL-289x420.jpg 289w, https:\/\/www.institutodeengenharia.org.br\/site\/wp-content\/uploads\/2021\/09\/5160V2VjjkL.jpg 344w\" sizes=\"auto, (max-width: 206px) 100vw, 206px\" \/><\/p>\n<p><strong>P\u00fablico-alvo:<\/strong><\/p>\n<p>Professores e estudantes de engenharia.<\/p>\n<p><strong>Palestrante:<\/strong><\/p>\n<p><img loading=\"lazy\" decoding=\"async\" class=\"alignnone wp-image-85703 td-animation-stack-type0-2\" src=\"https:\/\/www.institutodeengenharia.org.br\/site\/wp-content\/uploads\/2021\/09\/joseroberto.png\" alt=\"\" width=\"169\" height=\"192\" \/><\/p>\n<p><strong>Jos\u00e9 Roberto Cardoso \u2013 Professor da Escola Polit\u00e9cnica da USP<\/strong><\/p>\n<p>Professor da Escola Polit\u00e9cnica da USP desde 1976. Publicou 3 livros. Orientou 40 teses\/disserta\u00e7\u00f5es e publicou mais de 70 artigos em revistas cient\u00edficas e apresentou mais 200 trabalhos em eventos cient\u00edficos na \u00e1rea de M\u00e9todos Num\u00e9ricos para o Eletromagnetismo e Educa\u00e7\u00e3o em Engenharia. \u00c9 presidente da SBMAG \u2013 Sociedade Brasileira de Eletromagnetismo. Coordenador do LMAG \u2013 Laborat\u00f3rio de Eletromagnetismo Aplicado. No per\u00edodo de 2010 a 2014 foi Diretor da EPUSP.<\/p>\n<p>Al\u00e9m do LMAG sou membro do LGrid \u2013 Laborat\u00f3rio de Redes Inteligentes, coordenado por um ex orientado. Trtabalhando com eles me envolvi com os estudos sobre o impacto das fontes geradoras de energia renov\u00e1veis, como fotovoltaica, e\u00f3lica e outras, nas redes el\u00e9tricas.<\/p>\n<p>A complexidade e o n\u00famero de alternativas s\u00e3o desafiadoras, pois n\u00e3o h\u00e1 solu\u00e7\u00e3o fechada que garante que estamos tomando a melhor decis\u00e3o.<\/p>\n<p>Dentre as vari\u00e1veis que passaram a afetar fortemente as tomadas de decis\u00f5es passou a ser a combina\u00e7\u00e3o da sustentabilidade, com o impacto social, levando, naturalmente, o grupo a incluir ESG nos estudos.<\/p>\n<p>Participou em 2018 da cria\u00e7\u00e3o do movimento Peace Engineering (Engenharia para a Paz), que um grupo de professores de diversas escolas de engenharia ao redor do mundo organizou em 2018. O objetivo deste movimento \u00e9 mostrar o impacto de nossa profiss\u00e3o para a paz no planeta. O envolvimento com as ideias geradas no seio deste grupo canalizou nossas iniciativas na \u00e1rea de Educa\u00e7\u00e3o em Engenharia para esta quest\u00e3o, que \u00e9 garantir a concientiza\u00e7\u00e3o de nossos estudantes que, al\u00e9m do meio ambiente, o impacto social de nossos projetos deve ser uma das vari\u00e1veis a ser considera nos empreendimentos.<\/p>\n<p><strong>Realiza\u00e7\u00e3o:<\/strong><\/p>\n<p><strong>Eng. Ivan Metran Whately<\/strong>\u00a0\u2013 Vice-Presidente de Atividades T\u00e9cnicas<\/p>\n<p><strong>Eng.\u00aa Fl\u00e1via Bartkevicius Cruz<\/strong>\u00a0\u2013 Vice-Presidente de Assuntos Internos<\/p>\n<p><strong>Eng.\u00aa Miriana Marques<\/strong>\u00a0\u2013 Diretora Operacional<\/p>\n<p><strong>Eng. Marco Antonio Gullo<\/strong>\u00a0\u2013 Diretor de Cursos<\/p>\n<p><strong>Eng. Angelo Sebasti\u00e3o Zanini<\/strong>\u00a0\u2013 Diretor de Assuntos Acad\u00eamicos<\/p>\n<p><strong>IE Jovem<\/strong><\/p>\n<p><strong>Apoio Institucional:<\/strong><\/p>\n<p><img loading=\"lazy\" decoding=\"async\" class=\"alignnone wp-image-77696 td-animation-stack-type0-2\" src=\"https:\/\/www.institutodeengenharia.org.br\/site\/wp-content\/uploads\/2021\/02\/crea.jpg\" alt=\"\" width=\"142\" height=\"100\" srcset=\"https:\/\/www.institutodeengenharia.org.br\/site\/wp-content\/uploads\/2021\/02\/crea.jpg 448w, https:\/\/www.institutodeengenharia.org.br\/site\/wp-content\/uploads\/2021\/02\/crea-300x211.jpg 300w, https:\/\/www.institutodeengenharia.org.br\/site\/wp-content\/uploads\/2021\/02\/crea-100x70.jpg 100w\" sizes=\"auto, (max-width: 142px) 100vw, 142px\" \/><\/p>\n<p><strong>Apoio \u00e0 forma\u00e7\u00e3o:\u00a0<\/strong><\/p>\n<p>Espa\u00e7o aberto ao CREA-SP, objetivando o aperfei\u00e7oamento dos profissionais e o aprimoramento da fiscaliza\u00e7\u00e3o das \u00e1reas abrangidas pelo Sistema Confea\/CREAs, al\u00e9m de promover a conscientiza\u00e7\u00e3o da sociedade quanto \u00e0 necessidade e obrigatoriedade de contratar um profissional devidamente habilitado.<\/p>\n<p>&nbsp;<\/p>\n","protected":false},"excerpt":{"rendered":"<p>Assista abaixo \u00e0 grava\u00e7\u00e3o do evento: + Informa\u00e7\u00f5es: Apresenta\u00e7\u00e3o do livro pelo autor. P\u00fablico-alvo: Professores e estudantes de engenharia. Palestrante: Jos\u00e9 Roberto Cardoso \u2013 Professor da Escola Polit\u00e9cnica da USP Professor da Escola Polit\u00e9cnica da USP desde 1976. Publicou 3 livros. Orientou 40 teses\/disserta\u00e7\u00f5es e publicou mais de 70 artigos em revistas cient\u00edficas e apresentou [&hellip;]<\/p>\n","protected":false},"author":13,"featured_media":87530,"comment_status":"open","ping_status":"open","sticky":false,"template":"","format":"standard","meta":{"footnotes":""},"categories":[968,969],"tags":[],"class_list":{"0":"post-87702","1":"post","2":"type-post","3":"status-publish","4":"format-standard","5":"has-post-thumbnail","7":"category-nova-tv-engenharia","8":"category-palestra"},"yoast_head":"<!-- This site is optimized with the Yoast SEO plugin v27.2 - https:\/\/yoast.com\/product\/yoast-seo-wordpress\/ -->\n<title>Introdu\u00e7\u00e3o \u00e0 Engenharia: Uma abordagem baseada em ensino por compet\u00eancias - Instituto de Engenharia<\/title>\n<meta name=\"robots\" content=\"index, follow, max-snippet:-1, max-image-preview:large, max-video-preview:-1\" \/>\n<link rel=\"canonical\" href=\"https:\/\/www.institutodeengenharia.org.br\/site\/2021\/11\/04\/introducao-a-engenharia-uma-abordagem-baseada-em-ensino-por-competencias\/\" \/>\n<meta property=\"og:locale\" content=\"pt_BR\" \/>\n<meta property=\"og:type\" content=\"article\" \/>\n<meta property=\"og:title\" content=\"Introdu\u00e7\u00e3o \u00e0 Engenharia: Uma abordagem baseada em ensino por compet\u00eancias\" \/>\n<meta property=\"og:description\" content=\"Assista abaixo \u00e0 grava\u00e7\u00e3o do evento\" \/>\n<meta property=\"og:url\" content=\"https:\/\/www.institutodeengenharia.org.br\/site\/2021\/11\/04\/introducao-a-engenharia-uma-abordagem-baseada-em-ensino-por-competencias\/\" \/>\n<meta property=\"og:site_name\" content=\"Instituto de Engenharia\" \/>\n<meta property=\"article:publisher\" content=\"https:\/\/www.facebook.com\/institutodeengenharia\" \/>\n<meta property=\"article:published_time\" content=\"2021-11-04T14:31:28+00:00\" \/>\n<meta property=\"article:modified_time\" content=\"2021-11-05T14:45:11+00:00\" \/>\n<meta property=\"og:image\" content=\"https:\/\/www.institutodeengenharia.org.br\/site\/wp-content\/uploads\/2021\/10\/5160V2VjjkL._SR600315_PIWhiteStripBottomLeft035_SCLZZZZZZZ_FMpng_BG255255255.jpg\" \/>\n\t<meta property=\"og:image:width\" content=\"600\" \/>\n\t<meta property=\"og:image:height\" content=\"314\" \/>\n\t<meta property=\"og:image:type\" content=\"image\/jpeg\" \/>\n<meta name=\"author\" content=\"Bianca\" \/>\n<meta name=\"twitter:card\" content=\"summary_large_image\" \/>\n<meta name=\"twitter:title\" content=\"Introdu\u00e7\u00e3o \u00e0 Engenharia: Uma abordagem baseada em ensino por compet\u00eancias\" \/>\n<meta name=\"twitter:description\" content=\"Assista abaixo \u00e0 grava\u00e7\u00e3o do evento\" \/>\n<meta name=\"twitter:image\" content=\"https:\/\/www.institutodeengenharia.org.br\/site\/wp-content\/uploads\/2021\/10\/5160V2VjjkL._SR600315_PIWhiteStripBottomLeft035_SCLZZZZZZZ_FMpng_BG255255255.jpg\" \/>\n<meta name=\"twitter:creator\" content=\"@iengenharia\" \/>\n<meta name=\"twitter:site\" content=\"@iengenharia\" \/>\n<meta name=\"twitter:label1\" content=\"Escrito por\" \/>\n\t<meta name=\"twitter:data1\" content=\"Bianca\" \/>\n\t<meta name=\"twitter:label2\" content=\"Est. tempo de leitura\" \/>\n\t<meta name=\"twitter:data2\" content=\"2 minutos\" \/>\n<script type=\"application\/ld+json\" class=\"yoast-schema-graph\">{\"@context\":\"https:\/\/schema.org\",\"@graph\":[{\"@type\":\"Article\",\"@id\":\"https:\/\/www.institutodeengenharia.org.br\/site\/2021\/11\/04\/introducao-a-engenharia-uma-abordagem-baseada-em-ensino-por-competencias\/#article\",\"isPartOf\":{\"@id\":\"https:\/\/www.institutodeengenharia.org.br\/site\/2021\/11\/04\/introducao-a-engenharia-uma-abordagem-baseada-em-ensino-por-competencias\/\"},\"author\":{\"name\":\"Bianca\",\"@id\":\"https:\/\/www.institutodeengenharia.org.br\/site\/#\/schema\/person\/aeb64951c405e100d26d30b033dd423f\"},\"headline\":\"Introdu\u00e7\u00e3o \u00e0 Engenharia: Uma abordagem baseada em ensino por compet\u00eancias\",\"datePublished\":\"2021-11-04T14:31:28+00:00\",\"dateModified\":\"2021-11-05T14:45:11+00:00\",\"mainEntityOfPage\":{\"@id\":\"https:\/\/www.institutodeengenharia.org.br\/site\/2021\/11\/04\/introducao-a-engenharia-uma-abordagem-baseada-em-ensino-por-competencias\/\"},\"wordCount\":414,\"commentCount\":0,\"publisher\":{\"@id\":\"https:\/\/www.institutodeengenharia.org.br\/site\/#organization\"},\"image\":{\"@id\":\"https:\/\/www.institutodeengenharia.org.br\/site\/2021\/11\/04\/introducao-a-engenharia-uma-abordagem-baseada-em-ensino-por-competencias\/#primaryimage\"},\"thumbnailUrl\":\"https:\/\/www.institutodeengenharia.org.br\/site\/wp-content\/uploads\/2021\/10\/5160V2VjjkL._SR600315_PIWhiteStripBottomLeft035_SCLZZZZZZZ_FMpng_BG255255255.jpg\",\"articleSection\":[\"Nova TV Engenharia\",\"Palestra\"],\"inLanguage\":\"pt-BR\",\"potentialAction\":[{\"@type\":\"CommentAction\",\"name\":\"Comment\",\"target\":[\"https:\/\/www.institutodeengenharia.org.br\/site\/2021\/11\/04\/introducao-a-engenharia-uma-abordagem-baseada-em-ensino-por-competencias\/#respond\"]}]},{\"@type\":\"WebPage\",\"@id\":\"https:\/\/www.institutodeengenharia.org.br\/site\/2021\/11\/04\/introducao-a-engenharia-uma-abordagem-baseada-em-ensino-por-competencias\/\",\"url\":\"https:\/\/www.institutodeengenharia.org.br\/site\/2021\/11\/04\/introducao-a-engenharia-uma-abordagem-baseada-em-ensino-por-competencias\/\",\"name\":\"Introdu\u00e7\u00e3o \u00e0 Engenharia: Uma abordagem baseada em ensino por compet\u00eancias - Instituto de Engenharia\",\"isPartOf\":{\"@id\":\"https:\/\/www.institutodeengenharia.org.br\/site\/#website\"},\"primaryImageOfPage\":{\"@id\":\"https:\/\/www.institutodeengenharia.org.br\/site\/2021\/11\/04\/introducao-a-engenharia-uma-abordagem-baseada-em-ensino-por-competencias\/#primaryimage\"},\"image\":{\"@id\":\"https:\/\/www.institutodeengenharia.org.br\/site\/2021\/11\/04\/introducao-a-engenharia-uma-abordagem-baseada-em-ensino-por-competencias\/#primaryimage\"},\"thumbnailUrl\":\"https:\/\/www.institutodeengenharia.org.br\/site\/wp-content\/uploads\/2021\/10\/5160V2VjjkL._SR600315_PIWhiteStripBottomLeft035_SCLZZZZZZZ_FMpng_BG255255255.jpg\",\"datePublished\":\"2021-11-04T14:31:28+00:00\",\"dateModified\":\"2021-11-05T14:45:11+00:00\",\"breadcrumb\":{\"@id\":\"https:\/\/www.institutodeengenharia.org.br\/site\/2021\/11\/04\/introducao-a-engenharia-uma-abordagem-baseada-em-ensino-por-competencias\/#breadcrumb\"},\"inLanguage\":\"pt-BR\",\"potentialAction\":[{\"@type\":\"ReadAction\",\"target\":[\"https:\/\/www.institutodeengenharia.org.br\/site\/2021\/11\/04\/introducao-a-engenharia-uma-abordagem-baseada-em-ensino-por-competencias\/\"]}]},{\"@type\":\"ImageObject\",\"inLanguage\":\"pt-BR\",\"@id\":\"https:\/\/www.institutodeengenharia.org.br\/site\/2021\/11\/04\/introducao-a-engenharia-uma-abordagem-baseada-em-ensino-por-competencias\/#primaryimage\",\"url\":\"https:\/\/www.institutodeengenharia.org.br\/site\/wp-content\/uploads\/2021\/10\/5160V2VjjkL._SR600315_PIWhiteStripBottomLeft035_SCLZZZZZZZ_FMpng_BG255255255.jpg\",\"contentUrl\":\"https:\/\/www.institutodeengenharia.org.br\/site\/wp-content\/uploads\/2021\/10\/5160V2VjjkL._SR600315_PIWhiteStripBottomLeft035_SCLZZZZZZZ_FMpng_BG255255255.jpg\",\"width\":600,\"height\":314},{\"@type\":\"BreadcrumbList\",\"@id\":\"https:\/\/www.institutodeengenharia.org.br\/site\/2021\/11\/04\/introducao-a-engenharia-uma-abordagem-baseada-em-ensino-por-competencias\/#breadcrumb\",\"itemListElement\":[{\"@type\":\"ListItem\",\"position\":1,\"name\":\"In\u00edcio\",\"item\":\"https:\/\/www.institutodeengenharia.org.br\/site\/\"},{\"@type\":\"ListItem\",\"position\":2,\"name\":\"Introdu\u00e7\u00e3o \u00e0 Engenharia: Uma abordagem baseada em ensino por compet\u00eancias\"}]},{\"@type\":\"WebSite\",\"@id\":\"https:\/\/www.institutodeengenharia.org.br\/site\/#website\",\"url\":\"https:\/\/www.institutodeengenharia.org.br\/site\/\",\"name\":\"Instituto de Engenharia\",\"description\":\"O Instituto de Engenharia promove a Engenharia em benef\u00edcio do desenvolvimento e da qualidade de vida da sociedade.\",\"publisher\":{\"@id\":\"https:\/\/www.institutodeengenharia.org.br\/site\/#organization\"},\"potentialAction\":[{\"@type\":\"SearchAction\",\"target\":{\"@type\":\"EntryPoint\",\"urlTemplate\":\"https:\/\/www.institutodeengenharia.org.br\/site\/?s={search_term_string}\"},\"query-input\":{\"@type\":\"PropertyValueSpecification\",\"valueRequired\":true,\"valueName\":\"search_term_string\"}}],\"inLanguage\":\"pt-BR\"},{\"@type\":\"Organization\",\"@id\":\"https:\/\/www.institutodeengenharia.org.br\/site\/#organization\",\"name\":\"Instituto de Engenharia\",\"url\":\"https:\/\/www.institutodeengenharia.org.br\/site\/\",\"logo\":{\"@type\":\"ImageObject\",\"inLanguage\":\"pt-BR\",\"@id\":\"https:\/\/www.institutodeengenharia.org.br\/site\/#\/schema\/logo\/image\/\",\"url\":\"https:\/\/www.institutodeengenharia.org.br\/site\/wp-content\/uploads\/2019\/03\/logo-novo-IE2018-1.jpg\",\"contentUrl\":\"https:\/\/www.institutodeengenharia.org.br\/site\/wp-content\/uploads\/2019\/03\/logo-novo-IE2018-1.jpg\",\"width\":1486,\"height\":1879,\"caption\":\"Instituto de Engenharia\"},\"image\":{\"@id\":\"https:\/\/www.institutodeengenharia.org.br\/site\/#\/schema\/logo\/image\/\"},\"sameAs\":[\"https:\/\/www.facebook.com\/institutodeengenharia\",\"https:\/\/x.com\/iengenharia\",\"https:\/\/www.instagram.com\/institutodeengenharia\/\",\"https:\/\/www.linkedin.com\/company\/instituto-de-engenharia\/\",\"https:\/\/www.youtube.com\/channel\/UCXiCAlsSMe977vamW915HxA\"]},{\"@type\":\"Person\",\"@id\":\"https:\/\/www.institutodeengenharia.org.br\/site\/#\/schema\/person\/aeb64951c405e100d26d30b033dd423f\",\"name\":\"Bianca\",\"image\":{\"@type\":\"ImageObject\",\"inLanguage\":\"pt-BR\",\"@id\":\"https:\/\/secure.gravatar.com\/avatar\/a6fbe9bff57405baf4c1e2c5c1811e072b558253974a9f9508f4678900c97c2a?s=96&d=mm&r=g\",\"url\":\"https:\/\/secure.gravatar.com\/avatar\/a6fbe9bff57405baf4c1e2c5c1811e072b558253974a9f9508f4678900c97c2a?s=96&d=mm&r=g\",\"contentUrl\":\"https:\/\/secure.gravatar.com\/avatar\/a6fbe9bff57405baf4c1e2c5c1811e072b558253974a9f9508f4678900c97c2a?s=96&d=mm&r=g\",\"caption\":\"Bianca\"},\"url\":\"https:\/\/www.institutodeengenharia.org.br\/site\/author\/comunicacao1\/\"}]}<\/script>\n<!-- \/ Yoast SEO plugin. -->","yoast_head_json":{"title":"Introdu\u00e7\u00e3o \u00e0 Engenharia: Uma abordagem baseada em ensino por compet\u00eancias - Instituto de Engenharia","robots":{"index":"index","follow":"follow","max-snippet":"max-snippet:-1","max-image-preview":"max-image-preview:large","max-video-preview":"max-video-preview:-1"},"canonical":"https:\/\/www.institutodeengenharia.org.br\/site\/2021\/11\/04\/introducao-a-engenharia-uma-abordagem-baseada-em-ensino-por-competencias\/","og_locale":"pt_BR","og_type":"article","og_title":"Introdu\u00e7\u00e3o \u00e0 Engenharia: Uma abordagem baseada em ensino por compet\u00eancias","og_description":"Assista abaixo \u00e0 grava\u00e7\u00e3o do evento","og_url":"https:\/\/www.institutodeengenharia.org.br\/site\/2021\/11\/04\/introducao-a-engenharia-uma-abordagem-baseada-em-ensino-por-competencias\/","og_site_name":"Instituto de Engenharia","article_publisher":"https:\/\/www.facebook.com\/institutodeengenharia","article_published_time":"2021-11-04T14:31:28+00:00","article_modified_time":"2021-11-05T14:45:11+00:00","og_image":[{"width":600,"height":314,"url":"https:\/\/www.institutodeengenharia.org.br\/site\/wp-content\/uploads\/2021\/10\/5160V2VjjkL._SR600315_PIWhiteStripBottomLeft035_SCLZZZZZZZ_FMpng_BG255255255.jpg","type":"image\/jpeg"}],"author":"Bianca","twitter_card":"summary_large_image","twitter_title":"Introdu\u00e7\u00e3o \u00e0 Engenharia: Uma abordagem baseada em ensino por compet\u00eancias","twitter_description":"Assista abaixo \u00e0 grava\u00e7\u00e3o do evento","twitter_image":"https:\/\/www.institutodeengenharia.org.br\/site\/wp-content\/uploads\/2021\/10\/5160V2VjjkL._SR600315_PIWhiteStripBottomLeft035_SCLZZZZZZZ_FMpng_BG255255255.jpg","twitter_creator":"@iengenharia","twitter_site":"@iengenharia","twitter_misc":{"Escrito por":"Bianca","Est. tempo de leitura":"2 minutos"},"schema":{"@context":"https:\/\/schema.org","@graph":[{"@type":"Article","@id":"https:\/\/www.institutodeengenharia.org.br\/site\/2021\/11\/04\/introducao-a-engenharia-uma-abordagem-baseada-em-ensino-por-competencias\/#article","isPartOf":{"@id":"https:\/\/www.institutodeengenharia.org.br\/site\/2021\/11\/04\/introducao-a-engenharia-uma-abordagem-baseada-em-ensino-por-competencias\/"},"author":{"name":"Bianca","@id":"https:\/\/www.institutodeengenharia.org.br\/site\/#\/schema\/person\/aeb64951c405e100d26d30b033dd423f"},"headline":"Introdu\u00e7\u00e3o \u00e0 Engenharia: Uma abordagem baseada em ensino por compet\u00eancias","datePublished":"2021-11-04T14:31:28+00:00","dateModified":"2021-11-05T14:45:11+00:00","mainEntityOfPage":{"@id":"https:\/\/www.institutodeengenharia.org.br\/site\/2021\/11\/04\/introducao-a-engenharia-uma-abordagem-baseada-em-ensino-por-competencias\/"},"wordCount":414,"commentCount":0,"publisher":{"@id":"https:\/\/www.institutodeengenharia.org.br\/site\/#organization"},"image":{"@id":"https:\/\/www.institutodeengenharia.org.br\/site\/2021\/11\/04\/introducao-a-engenharia-uma-abordagem-baseada-em-ensino-por-competencias\/#primaryimage"},"thumbnailUrl":"https:\/\/www.institutodeengenharia.org.br\/site\/wp-content\/uploads\/2021\/10\/5160V2VjjkL._SR600315_PIWhiteStripBottomLeft035_SCLZZZZZZZ_FMpng_BG255255255.jpg","articleSection":["Nova TV Engenharia","Palestra"],"inLanguage":"pt-BR","potentialAction":[{"@type":"CommentAction","name":"Comment","target":["https:\/\/www.institutodeengenharia.org.br\/site\/2021\/11\/04\/introducao-a-engenharia-uma-abordagem-baseada-em-ensino-por-competencias\/#respond"]}]},{"@type":"WebPage","@id":"https:\/\/www.institutodeengenharia.org.br\/site\/2021\/11\/04\/introducao-a-engenharia-uma-abordagem-baseada-em-ensino-por-competencias\/","url":"https:\/\/www.institutodeengenharia.org.br\/site\/2021\/11\/04\/introducao-a-engenharia-uma-abordagem-baseada-em-ensino-por-competencias\/","name":"Introdu\u00e7\u00e3o \u00e0 Engenharia: Uma abordagem baseada em ensino por compet\u00eancias - Instituto de Engenharia","isPartOf":{"@id":"https:\/\/www.institutodeengenharia.org.br\/site\/#website"},"primaryImageOfPage":{"@id":"https:\/\/www.institutodeengenharia.org.br\/site\/2021\/11\/04\/introducao-a-engenharia-uma-abordagem-baseada-em-ensino-por-competencias\/#primaryimage"},"image":{"@id":"https:\/\/www.institutodeengenharia.org.br\/site\/2021\/11\/04\/introducao-a-engenharia-uma-abordagem-baseada-em-ensino-por-competencias\/#primaryimage"},"thumbnailUrl":"https:\/\/www.institutodeengenharia.org.br\/site\/wp-content\/uploads\/2021\/10\/5160V2VjjkL._SR600315_PIWhiteStripBottomLeft035_SCLZZZZZZZ_FMpng_BG255255255.jpg","datePublished":"2021-11-04T14:31:28+00:00","dateModified":"2021-11-05T14:45:11+00:00","breadcrumb":{"@id":"https:\/\/www.institutodeengenharia.org.br\/site\/2021\/11\/04\/introducao-a-engenharia-uma-abordagem-baseada-em-ensino-por-competencias\/#breadcrumb"},"inLanguage":"pt-BR","potentialAction":[{"@type":"ReadAction","target":["https:\/\/www.institutodeengenharia.org.br\/site\/2021\/11\/04\/introducao-a-engenharia-uma-abordagem-baseada-em-ensino-por-competencias\/"]}]},{"@type":"ImageObject","inLanguage":"pt-BR","@id":"https:\/\/www.institutodeengenharia.org.br\/site\/2021\/11\/04\/introducao-a-engenharia-uma-abordagem-baseada-em-ensino-por-competencias\/#primaryimage","url":"https:\/\/www.institutodeengenharia.org.br\/site\/wp-content\/uploads\/2021\/10\/5160V2VjjkL._SR600315_PIWhiteStripBottomLeft035_SCLZZZZZZZ_FMpng_BG255255255.jpg","contentUrl":"https:\/\/www.institutodeengenharia.org.br\/site\/wp-content\/uploads\/2021\/10\/5160V2VjjkL._SR600315_PIWhiteStripBottomLeft035_SCLZZZZZZZ_FMpng_BG255255255.jpg","width":600,"height":314},{"@type":"BreadcrumbList","@id":"https:\/\/www.institutodeengenharia.org.br\/site\/2021\/11\/04\/introducao-a-engenharia-uma-abordagem-baseada-em-ensino-por-competencias\/#breadcrumb","itemListElement":[{"@type":"ListItem","position":1,"name":"In\u00edcio","item":"https:\/\/www.institutodeengenharia.org.br\/site\/"},{"@type":"ListItem","position":2,"name":"Introdu\u00e7\u00e3o \u00e0 Engenharia: Uma abordagem baseada em ensino por compet\u00eancias"}]},{"@type":"WebSite","@id":"https:\/\/www.institutodeengenharia.org.br\/site\/#website","url":"https:\/\/www.institutodeengenharia.org.br\/site\/","name":"Instituto de Engenharia","description":"O Instituto de Engenharia promove a Engenharia em benef\u00edcio do desenvolvimento e da qualidade de vida da sociedade.","publisher":{"@id":"https:\/\/www.institutodeengenharia.org.br\/site\/#organization"},"potentialAction":[{"@type":"SearchAction","target":{"@type":"EntryPoint","urlTemplate":"https:\/\/www.institutodeengenharia.org.br\/site\/?s={search_term_string}"},"query-input":{"@type":"PropertyValueSpecification","valueRequired":true,"valueName":"search_term_string"}}],"inLanguage":"pt-BR"},{"@type":"Organization","@id":"https:\/\/www.institutodeengenharia.org.br\/site\/#organization","name":"Instituto de Engenharia","url":"https:\/\/www.institutodeengenharia.org.br\/site\/","logo":{"@type":"ImageObject","inLanguage":"pt-BR","@id":"https:\/\/www.institutodeengenharia.org.br\/site\/#\/schema\/logo\/image\/","url":"https:\/\/www.institutodeengenharia.org.br\/site\/wp-content\/uploads\/2019\/03\/logo-novo-IE2018-1.jpg","contentUrl":"https:\/\/www.institutodeengenharia.org.br\/site\/wp-content\/uploads\/2019\/03\/logo-novo-IE2018-1.jpg","width":1486,"height":1879,"caption":"Instituto de Engenharia"},"image":{"@id":"https:\/\/www.institutodeengenharia.org.br\/site\/#\/schema\/logo\/image\/"},"sameAs":["https:\/\/www.facebook.com\/institutodeengenharia","https:\/\/x.com\/iengenharia","https:\/\/www.instagram.com\/institutodeengenharia\/","https:\/\/www.linkedin.com\/company\/instituto-de-engenharia\/","https:\/\/www.youtube.com\/channel\/UCXiCAlsSMe977vamW915HxA"]},{"@type":"Person","@id":"https:\/\/www.institutodeengenharia.org.br\/site\/#\/schema\/person\/aeb64951c405e100d26d30b033dd423f","name":"Bianca","image":{"@type":"ImageObject","inLanguage":"pt-BR","@id":"https:\/\/secure.gravatar.com\/avatar\/a6fbe9bff57405baf4c1e2c5c1811e072b558253974a9f9508f4678900c97c2a?s=96&d=mm&r=g","url":"https:\/\/secure.gravatar.com\/avatar\/a6fbe9bff57405baf4c1e2c5c1811e072b558253974a9f9508f4678900c97c2a?s=96&d=mm&r=g","contentUrl":"https:\/\/secure.gravatar.com\/avatar\/a6fbe9bff57405baf4c1e2c5c1811e072b558253974a9f9508f4678900c97c2a?s=96&d=mm&r=g","caption":"Bianca"},"url":"https:\/\/www.institutodeengenharia.org.br\/site\/author\/comunicacao1\/"}]}},"_links":{"self":[{"href":"https:\/\/www.institutodeengenharia.org.br\/site\/wp-json\/wp\/v2\/posts\/87702","targetHints":{"allow":["GET"]}}],"collection":[{"href":"https:\/\/www.institutodeengenharia.org.br\/site\/wp-json\/wp\/v2\/posts"}],"about":[{"href":"https:\/\/www.institutodeengenharia.org.br\/site\/wp-json\/wp\/v2\/types\/post"}],"author":[{"embeddable":true,"href":"https:\/\/www.institutodeengenharia.org.br\/site\/wp-json\/wp\/v2\/users\/13"}],"replies":[{"embeddable":true,"href":"https:\/\/www.institutodeengenharia.org.br\/site\/wp-json\/wp\/v2\/comments?post=87702"}],"version-history":[{"count":1,"href":"https:\/\/www.institutodeengenharia.org.br\/site\/wp-json\/wp\/v2\/posts\/87702\/revisions"}],"predecessor-version":[{"id":87703,"href":"https:\/\/www.institutodeengenharia.org.br\/site\/wp-json\/wp\/v2\/posts\/87702\/revisions\/87703"}],"wp:featuredmedia":[{"embeddable":true,"href":"https:\/\/www.institutodeengenharia.org.br\/site\/wp-json\/wp\/v2\/media\/87530"}],"wp:attachment":[{"href":"https:\/\/www.institutodeengenharia.org.br\/site\/wp-json\/wp\/v2\/media?parent=87702"}],"wp:term":[{"taxonomy":"category","embeddable":true,"href":"https:\/\/www.institutodeengenharia.org.br\/site\/wp-json\/wp\/v2\/categories?post=87702"},{"taxonomy":"post_tag","embeddable":true,"href":"https:\/\/www.institutodeengenharia.org.br\/site\/wp-json\/wp\/v2\/tags?post=87702"}],"curies":[{"name":"wp","href":"https:\/\/api.w.org\/{rel}","templated":true}]}}