{"id":87463,"date":"2021-10-27T12:32:32","date_gmt":"2021-10-27T15:32:32","guid":{"rendered":"https:\/\/www.institutodeengenharia.org.br\/site\/?p=87463"},"modified":"2021-10-27T12:32:32","modified_gmt":"2021-10-27T15:32:32","slug":"por-jose-eduardo-w-de-a-cavalcanti-a-concepcao-de-tratamento-das-urs-unidades-recuperadoras-da-qualidade-das-aguas","status":"publish","type":"post","link":"https:\/\/www.institutodeengenharia.org.br\/site\/2021\/10\/27\/por-jose-eduardo-w-de-a-cavalcanti-a-concepcao-de-tratamento-das-urs-unidades-recuperadoras-da-qualidade-das-aguas\/","title":{"rendered":"Por Jos\u00e9 Eduardo W. de A. Cavalcanti \u2013 A concep\u00e7\u00e3o de tratamento das URs \u2013 Unidades Recuperadoras da Qualidade das \u00c1guas"},"content":{"rendered":"<p>No \u00e2mbito do Projeto Novo Pinheiros de iniciativa do Governo do Estado de S\u00e3o Paulo, objetivando a requalifica\u00e7\u00e3o do canal Pinheiros at\u00e9 2022 com obras lineares de infraestrutura sanit\u00e1ria, foi prevista tamb\u00e9m a implanta\u00e7\u00e3o de 5 URs \u2013 Unidade Recuperadoras da Qualidade das \u00c1guas em \u00e1reas informais em cinco de seus afluentes mediante capta\u00e7\u00e3o em pontos estrat\u00e9gicos daqueles c\u00f3rregos para tratamento de suas \u00e1guas e posterior devolu\u00e7\u00e3o pouco mais a jusante dos pontos de tomada d\u2019\u00e1gua, de modo a propiciar aos corpos h\u00eddricos destas sub bacias um n\u00edvel pelo menos de Classe IV contribuindo para a melhoria das \u00e1guas do canal.<\/p>\n<p>A ideia da Sabesp com as URs teve, pois, por finalidade propiciar uma melhoria da qualidade das \u00e1guas daqueles c\u00f3rregos que est\u00e3o bastante polu\u00eddas pelas contribui\u00e7\u00f5es de esgotos oriundas de \u00e1reas irregulares das respectivas bacias onde n\u00e3o foi poss\u00edvel implantar redes de esgotos e coletores tronco ocasionando, em consequ\u00eancia, um carreamento consider\u00e1vel de carga poluidora ao Pinheiros.<\/p>\n<p>Em 2020 a Sabesp licitou as obras sob o regime de contrata\u00e7\u00e3o integrada para a implanta\u00e7\u00e3o destas 5 URs com vaz\u00f5es variando de 180 L\/s \u00e0 600 L\/s em um total de 1.6 m3\/s, deixando tamb\u00e9m para as empresas contratadas a incumb\u00eancia de definir as solu\u00e7\u00f5es de engenharia que inclui, dentre outras atividades, o estudo e detalhamento do processo de tratamento.<\/p>\n<p>Para tanto, a Sabesp definiu as \u00e1reas e suas extens\u00f5es onde seriam implantadas as URs, a vaz\u00e3o e a carga org\u00e2nica afluente a ser tratada e um anteprojeto de um tratamento biol\u00f3gico consubstanciado em um \u201clay out\u201d contendo apenas as \u00e1reas circundadas dispostas lado a lado das unidades componentes das esta\u00e7\u00f5es de tratamento abrangendo edif\u00edcios operacionais e administrativos. Ressalte-se que a DBO afluente de cada UR foi fixada teoricamente com base na popula\u00e7\u00e3o estimada que n\u00e3o tem seus esgotos coletados nas respectivas bacias.<\/p>\n<p>Como o anteprojeto ofertado pela Sabesp teve car\u00e1ter apenas orientativo, as empresas contratadas se puseram a desenvolver os projetos definitivos com base nas suas \u201cexpertises\u201d desvinculando-se da Sabesp, por\u00e9m sujeitos \u00e0 aprova\u00e7\u00e3o da Cetesb para emiss\u00e3o das respectivas Licen\u00e7as de Instala\u00e7\u00e3o.<\/p>\n<p>Assim sendo, embora n\u00e3o estando dispon\u00edveis maiores informa\u00e7\u00f5es acerca das concep\u00e7\u00f5es adotadas pelos dois Cons\u00f3rcios contratados, sabe-se que houve altera\u00e7\u00f5es substanciais relativas aos anteprojetos da Sabesp sendo que para a UR do Jaguar\u00e9, por exemplo, foi previsto tratamento f\u00edsico-qu\u00edmico e ozoniza\u00e7\u00e3o. Nas demais URs permaneceu o tratamento biol\u00f3gico, como sugerido nos Termos de Refer\u00eancia, com os reatores sendo dotados de m\u00eddias MBBR.<\/p>\n<p>Mas a preocupa\u00e7\u00e3o que fica \u00e9 sobre a aus\u00eancia de tratamento que teria de ser dado ao lodo qu\u00edmico e principalmente aos lodos biol\u00f3gicos excedentes estimados em 60 ton\/dia a 20% de SS, uma vez que os projetos previram apenas a desidrata\u00e7\u00e3o em centr\u00edfugas do lodo tal e qual, isto \u00e9, sem estabiliza\u00e7\u00e3o, conforme confirmado pela Sabesp em \u201clive\u201d da ABES em setembro \u00faltimo.<\/p>\n<p>Este receio \u00e9 ainda mais preocupante quando se sabe que o manuseio e transporte destes res\u00edduos, incluindo tamb\u00e9m material gradeado, areia e \u00f3leo separados no tratamento preliminar, se dar\u00e3o em \u00e1reas intensamente habitadas podendo provocar incomodidade na forma de desprendimento de odores com o risco de se criar um impasse de ordem sanit\u00e1ria.<\/p>\n<p>Como j\u00e1 sugerido em outro artigo, uma alternativa seria lan\u00e7ar o lodo excedente e o lodo qu\u00edmico \u00e0 rede de coleta mais pr\u00f3xima das URs, de modo que, interligadas aos coletores-tronco e aos interceptores do Pinheiros, alcancem a ETE Barueri onde seriam tratados. Procedimento similar j\u00e1 foi feito pela Sabesb com o lodo da ETA ABV.<\/p>\n<p>As vaz\u00f5es de lodo destas URs lan\u00e7adas na concentra\u00e7\u00e3o em que os lodos s\u00e3o gerados (1%) seriam irris\u00f3rias frente ao porte das vaz\u00f5es nominais das URs e a estrutura da rede coletora Como ilustra\u00e7\u00e3o, a UR Pirajussara, a maior delas com 600 L\/s e 6094 Kg DBO\/dia, lan\u00e7aria apenas 5 L\/s a 1% de SS no coletor. Caso contr\u00e1rio, geraria 24 ton\/dia de lodo a 20% de SS, n\u00e3o digerido.<\/p>\n<p>Desta forma, a Sabesp poderia considerar esta alternativa, pelo menos como redund\u00e2ncia a fim de evitar problemas futuros com a disposi\u00e7\u00e3o de lodo.<\/p>\n<p>________________________________________________________________________<\/p>\n<p><img loading=\"lazy\" decoding=\"async\" class=\"td-animation-stack-type0-2\" src=\"https:\/\/www.institutodeengenharia.org.br\/site\/wp-content\/uploads\/2018\/02\/cavalcanti-alta2-e1547225067645.jpg\" width=\"157\" height=\"158\" \/><\/p>\n<p><strong>*Jos\u00e9 Eduardo W. de A. Cavalcanti<\/strong><\/p>\n<p>\u00c9 engenheiro consultor, diretor do Departamento de Engenharia da Ambiental do Brasil, diretor da Divis\u00e3o de Saneamento do Deinfra \u2013 Departamento de Infraestrutura da Federa\u00e7\u00e3o das Ind\u00fastrias do Estado de S\u00e3o Paulo (Fiesp), conselheiro do Instituto de Engenharia, e membro da Comiss\u00e3o Editorial da Revista Engenharia<\/p>\n<p>E-mail:\u00a0cavalcanti@ambientaldobrasil.com.br<\/p>\n<p>*<em>Os artigos publicados com assinatura, n\u00e3o traduzem necessariamente a opini\u00e3o do Instituto de Engenharia. Sua publica\u00e7\u00e3o obedece ao prop\u00f3sito de estimular o debate dos problemas brasileiros e de refletir as diversas tend\u00eancias do pensamento contempor\u00e2neo.<\/em><\/p>\n","protected":false},"excerpt":{"rendered":"<p>No \u00e2mbito do Projeto Novo Pinheiros de iniciativa do Governo do Estado de S\u00e3o Paulo, objetivando a requalifica\u00e7\u00e3o do canal Pinheiros at\u00e9 2022 com obras lineares de infraestrutura sanit\u00e1ria, foi prevista tamb\u00e9m a implanta\u00e7\u00e3o de 5 URs \u2013 Unidade Recuperadoras da Qualidade das \u00c1guas em \u00e1reas informais em cinco de seus afluentes mediante capta\u00e7\u00e3o em [&hellip;]<\/p>\n","protected":false},"author":13,"featured_media":87465,"comment_status":"open","ping_status":"open","sticky":false,"template":"","format":"standard","meta":{"footnotes":""},"categories":[11,92],"tags":[],"class_list":{"0":"post-87463","1":"post","2":"type-post","3":"status-publish","4":"format-standard","5":"has-post-thumbnail","7":"category-articulistas","8":"category-jose-eduardo-cavalcanti"},"yoast_head":"<!-- This site is optimized with the Yoast SEO plugin v27.2 - https:\/\/yoast.com\/product\/yoast-seo-wordpress\/ -->\n<title>Por Jos\u00e9 Eduardo W. de A. Cavalcanti \u2013 A concep\u00e7\u00e3o de tratamento das URs \u2013 Unidades Recuperadoras da Qualidade das \u00c1guas - Instituto de Engenharia<\/title>\n<meta name=\"robots\" content=\"index, follow, max-snippet:-1, max-image-preview:large, max-video-preview:-1\" \/>\n<link rel=\"canonical\" href=\"https:\/\/www.institutodeengenharia.org.br\/site\/2021\/10\/27\/por-jose-eduardo-w-de-a-cavalcanti-a-concepcao-de-tratamento-das-urs-unidades-recuperadoras-da-qualidade-das-aguas\/\" \/>\n<meta property=\"og:locale\" content=\"pt_BR\" \/>\n<meta property=\"og:type\" content=\"article\" \/>\n<meta property=\"og:title\" content=\"Por Jos\u00e9 Eduardo W. de A. Cavalcanti \u2013 A concep\u00e7\u00e3o de tratamento das URs \u2013 Unidades Recuperadoras da Qualidade das \u00c1guas\" \/>\n<meta property=\"og:description\" content=\"Como j\u00e1 sugerido em outro artigo, uma alternativa seria lan\u00e7ar o lodo excedente e o lodo qu\u00edmico \u00e0 rede de coleta mais pr\u00f3xima das URs, de modo que, interligadas aos coletores-tronco e aos interceptores do Pinheiros, alcancem a ETE Barueri onde seriam tratados. Procedimento similar j\u00e1 foi feito pela Sabesb com o lodo da ETA ABV.\" \/>\n<meta property=\"og:url\" content=\"https:\/\/www.institutodeengenharia.org.br\/site\/2021\/10\/27\/por-jose-eduardo-w-de-a-cavalcanti-a-concepcao-de-tratamento-das-urs-unidades-recuperadoras-da-qualidade-das-aguas\/\" \/>\n<meta property=\"og:site_name\" content=\"Instituto de Engenharia\" \/>\n<meta property=\"article:publisher\" content=\"https:\/\/www.facebook.com\/institutodeengenharia\" \/>\n<meta property=\"article:published_time\" content=\"2021-10-27T15:32:32+00:00\" \/>\n<meta property=\"og:image\" content=\"https:\/\/www.institutodeengenharia.org.br\/site\/wp-content\/uploads\/2021\/10\/drop-g48c4e30b0_1920.jpg\" \/>\n\t<meta property=\"og:image:width\" content=\"1920\" \/>\n\t<meta property=\"og:image:height\" content=\"1164\" \/>\n\t<meta property=\"og:image:type\" content=\"image\/jpeg\" \/>\n<meta name=\"author\" content=\"Bianca\" \/>\n<meta name=\"twitter:card\" content=\"summary_large_image\" \/>\n<meta name=\"twitter:title\" content=\"Por Jos\u00e9 Eduardo W. de A. Cavalcanti \u2013 A concep\u00e7\u00e3o de tratamento das URs \u2013 Unidades Recuperadoras da Qualidade das \u00c1guas\" \/>\n<meta name=\"twitter:description\" content=\"Como j\u00e1 sugerido em outro artigo, uma alternativa seria lan\u00e7ar o lodo excedente e o lodo qu\u00edmico \u00e0 rede de coleta mais pr\u00f3xima das URs, de modo que, interligadas aos coletores-tronco e aos interceptores do Pinheiros, alcancem a ETE Barueri onde seriam tratados. Procedimento similar j\u00e1 foi feito pela Sabesb com o lodo da ETA ABV.\" \/>\n<meta name=\"twitter:image\" content=\"https:\/\/www.institutodeengenharia.org.br\/site\/wp-content\/uploads\/2021\/10\/drop-g48c4e30b0_1920.jpg\" \/>\n<meta name=\"twitter:creator\" content=\"@iengenharia\" \/>\n<meta name=\"twitter:site\" content=\"@iengenharia\" \/>\n<meta name=\"twitter:label1\" content=\"Escrito por\" \/>\n\t<meta name=\"twitter:data1\" content=\"Bianca\" \/>\n\t<meta name=\"twitter:label2\" content=\"Est. tempo de leitura\" \/>\n\t<meta name=\"twitter:data2\" content=\"4 minutos\" \/>\n<script type=\"application\/ld+json\" class=\"yoast-schema-graph\">{\"@context\":\"https:\/\/schema.org\",\"@graph\":[{\"@type\":\"Article\",\"@id\":\"https:\/\/www.institutodeengenharia.org.br\/site\/2021\/10\/27\/por-jose-eduardo-w-de-a-cavalcanti-a-concepcao-de-tratamento-das-urs-unidades-recuperadoras-da-qualidade-das-aguas\/#article\",\"isPartOf\":{\"@id\":\"https:\/\/www.institutodeengenharia.org.br\/site\/2021\/10\/27\/por-jose-eduardo-w-de-a-cavalcanti-a-concepcao-de-tratamento-das-urs-unidades-recuperadoras-da-qualidade-das-aguas\/\"},\"author\":{\"name\":\"Bianca\",\"@id\":\"https:\/\/www.institutodeengenharia.org.br\/site\/#\/schema\/person\/aeb64951c405e100d26d30b033dd423f\"},\"headline\":\"Por Jos\u00e9 Eduardo W. de A. Cavalcanti \u2013 A concep\u00e7\u00e3o de tratamento das URs \u2013 Unidades Recuperadoras da Qualidade das \u00c1guas\",\"datePublished\":\"2021-10-27T15:32:32+00:00\",\"mainEntityOfPage\":{\"@id\":\"https:\/\/www.institutodeengenharia.org.br\/site\/2021\/10\/27\/por-jose-eduardo-w-de-a-cavalcanti-a-concepcao-de-tratamento-das-urs-unidades-recuperadoras-da-qualidade-das-aguas\/\"},\"wordCount\":855,\"commentCount\":0,\"publisher\":{\"@id\":\"https:\/\/www.institutodeengenharia.org.br\/site\/#organization\"},\"image\":{\"@id\":\"https:\/\/www.institutodeengenharia.org.br\/site\/2021\/10\/27\/por-jose-eduardo-w-de-a-cavalcanti-a-concepcao-de-tratamento-das-urs-unidades-recuperadoras-da-qualidade-das-aguas\/#primaryimage\"},\"thumbnailUrl\":\"https:\/\/www.institutodeengenharia.org.br\/site\/wp-content\/uploads\/2021\/10\/drop-g48c4e30b0_1920.webp\",\"articleSection\":[\"Articulistas\",\"Jos\u00e9 Eduardo Cavalcanti\"],\"inLanguage\":\"pt-BR\",\"potentialAction\":[{\"@type\":\"CommentAction\",\"name\":\"Comment\",\"target\":[\"https:\/\/www.institutodeengenharia.org.br\/site\/2021\/10\/27\/por-jose-eduardo-w-de-a-cavalcanti-a-concepcao-de-tratamento-das-urs-unidades-recuperadoras-da-qualidade-das-aguas\/#respond\"]}]},{\"@type\":\"WebPage\",\"@id\":\"https:\/\/www.institutodeengenharia.org.br\/site\/2021\/10\/27\/por-jose-eduardo-w-de-a-cavalcanti-a-concepcao-de-tratamento-das-urs-unidades-recuperadoras-da-qualidade-das-aguas\/\",\"url\":\"https:\/\/www.institutodeengenharia.org.br\/site\/2021\/10\/27\/por-jose-eduardo-w-de-a-cavalcanti-a-concepcao-de-tratamento-das-urs-unidades-recuperadoras-da-qualidade-das-aguas\/\",\"name\":\"Por Jos\u00e9 Eduardo W. de A. Cavalcanti \u2013 A concep\u00e7\u00e3o de tratamento das URs \u2013 Unidades Recuperadoras da Qualidade das \u00c1guas - Instituto de Engenharia\",\"isPartOf\":{\"@id\":\"https:\/\/www.institutodeengenharia.org.br\/site\/#website\"},\"primaryImageOfPage\":{\"@id\":\"https:\/\/www.institutodeengenharia.org.br\/site\/2021\/10\/27\/por-jose-eduardo-w-de-a-cavalcanti-a-concepcao-de-tratamento-das-urs-unidades-recuperadoras-da-qualidade-das-aguas\/#primaryimage\"},\"image\":{\"@id\":\"https:\/\/www.institutodeengenharia.org.br\/site\/2021\/10\/27\/por-jose-eduardo-w-de-a-cavalcanti-a-concepcao-de-tratamento-das-urs-unidades-recuperadoras-da-qualidade-das-aguas\/#primaryimage\"},\"thumbnailUrl\":\"https:\/\/www.institutodeengenharia.org.br\/site\/wp-content\/uploads\/2021\/10\/drop-g48c4e30b0_1920.webp\",\"datePublished\":\"2021-10-27T15:32:32+00:00\",\"breadcrumb\":{\"@id\":\"https:\/\/www.institutodeengenharia.org.br\/site\/2021\/10\/27\/por-jose-eduardo-w-de-a-cavalcanti-a-concepcao-de-tratamento-das-urs-unidades-recuperadoras-da-qualidade-das-aguas\/#breadcrumb\"},\"inLanguage\":\"pt-BR\",\"potentialAction\":[{\"@type\":\"ReadAction\",\"target\":[\"https:\/\/www.institutodeengenharia.org.br\/site\/2021\/10\/27\/por-jose-eduardo-w-de-a-cavalcanti-a-concepcao-de-tratamento-das-urs-unidades-recuperadoras-da-qualidade-das-aguas\/\"]}]},{\"@type\":\"ImageObject\",\"inLanguage\":\"pt-BR\",\"@id\":\"https:\/\/www.institutodeengenharia.org.br\/site\/2021\/10\/27\/por-jose-eduardo-w-de-a-cavalcanti-a-concepcao-de-tratamento-das-urs-unidades-recuperadoras-da-qualidade-das-aguas\/#primaryimage\",\"url\":\"https:\/\/www.institutodeengenharia.org.br\/site\/wp-content\/uploads\/2021\/10\/drop-g48c4e30b0_1920.webp\",\"contentUrl\":\"https:\/\/www.institutodeengenharia.org.br\/site\/wp-content\/uploads\/2021\/10\/drop-g48c4e30b0_1920.webp\",\"width\":1000,\"height\":607},{\"@type\":\"BreadcrumbList\",\"@id\":\"https:\/\/www.institutodeengenharia.org.br\/site\/2021\/10\/27\/por-jose-eduardo-w-de-a-cavalcanti-a-concepcao-de-tratamento-das-urs-unidades-recuperadoras-da-qualidade-das-aguas\/#breadcrumb\",\"itemListElement\":[{\"@type\":\"ListItem\",\"position\":1,\"name\":\"In\u00edcio\",\"item\":\"https:\/\/www.institutodeengenharia.org.br\/site\/\"},{\"@type\":\"ListItem\",\"position\":2,\"name\":\"Por Jos\u00e9 Eduardo W. de A. Cavalcanti \u2013 A concep\u00e7\u00e3o de tratamento das URs \u2013 Unidades Recuperadoras da Qualidade das \u00c1guas\"}]},{\"@type\":\"WebSite\",\"@id\":\"https:\/\/www.institutodeengenharia.org.br\/site\/#website\",\"url\":\"https:\/\/www.institutodeengenharia.org.br\/site\/\",\"name\":\"Instituto de Engenharia\",\"description\":\"O Instituto de Engenharia promove a Engenharia em benef\u00edcio do desenvolvimento e da qualidade de vida da sociedade.\",\"publisher\":{\"@id\":\"https:\/\/www.institutodeengenharia.org.br\/site\/#organization\"},\"potentialAction\":[{\"@type\":\"SearchAction\",\"target\":{\"@type\":\"EntryPoint\",\"urlTemplate\":\"https:\/\/www.institutodeengenharia.org.br\/site\/?s={search_term_string}\"},\"query-input\":{\"@type\":\"PropertyValueSpecification\",\"valueRequired\":true,\"valueName\":\"search_term_string\"}}],\"inLanguage\":\"pt-BR\"},{\"@type\":\"Organization\",\"@id\":\"https:\/\/www.institutodeengenharia.org.br\/site\/#organization\",\"name\":\"Instituto de Engenharia\",\"url\":\"https:\/\/www.institutodeengenharia.org.br\/site\/\",\"logo\":{\"@type\":\"ImageObject\",\"inLanguage\":\"pt-BR\",\"@id\":\"https:\/\/www.institutodeengenharia.org.br\/site\/#\/schema\/logo\/image\/\",\"url\":\"https:\/\/www.institutodeengenharia.org.br\/site\/wp-content\/uploads\/2019\/03\/logo-novo-IE2018-1.jpg\",\"contentUrl\":\"https:\/\/www.institutodeengenharia.org.br\/site\/wp-content\/uploads\/2019\/03\/logo-novo-IE2018-1.jpg\",\"width\":1486,\"height\":1879,\"caption\":\"Instituto de Engenharia\"},\"image\":{\"@id\":\"https:\/\/www.institutodeengenharia.org.br\/site\/#\/schema\/logo\/image\/\"},\"sameAs\":[\"https:\/\/www.facebook.com\/institutodeengenharia\",\"https:\/\/x.com\/iengenharia\",\"https:\/\/www.instagram.com\/institutodeengenharia\/\",\"https:\/\/www.linkedin.com\/company\/instituto-de-engenharia\/\",\"https:\/\/www.youtube.com\/channel\/UCXiCAlsSMe977vamW915HxA\"]},{\"@type\":\"Person\",\"@id\":\"https:\/\/www.institutodeengenharia.org.br\/site\/#\/schema\/person\/aeb64951c405e100d26d30b033dd423f\",\"name\":\"Bianca\",\"image\":{\"@type\":\"ImageObject\",\"inLanguage\":\"pt-BR\",\"@id\":\"https:\/\/secure.gravatar.com\/avatar\/a6fbe9bff57405baf4c1e2c5c1811e072b558253974a9f9508f4678900c97c2a?s=96&d=mm&r=g\",\"url\":\"https:\/\/secure.gravatar.com\/avatar\/a6fbe9bff57405baf4c1e2c5c1811e072b558253974a9f9508f4678900c97c2a?s=96&d=mm&r=g\",\"contentUrl\":\"https:\/\/secure.gravatar.com\/avatar\/a6fbe9bff57405baf4c1e2c5c1811e072b558253974a9f9508f4678900c97c2a?s=96&d=mm&r=g\",\"caption\":\"Bianca\"},\"url\":\"https:\/\/www.institutodeengenharia.org.br\/site\/author\/comunicacao1\/\"}]}<\/script>\n<!-- \/ Yoast SEO plugin. -->","yoast_head_json":{"title":"Por Jos\u00e9 Eduardo W. de A. Cavalcanti \u2013 A concep\u00e7\u00e3o de tratamento das URs \u2013 Unidades Recuperadoras da Qualidade das \u00c1guas - Instituto de Engenharia","robots":{"index":"index","follow":"follow","max-snippet":"max-snippet:-1","max-image-preview":"max-image-preview:large","max-video-preview":"max-video-preview:-1"},"canonical":"https:\/\/www.institutodeengenharia.org.br\/site\/2021\/10\/27\/por-jose-eduardo-w-de-a-cavalcanti-a-concepcao-de-tratamento-das-urs-unidades-recuperadoras-da-qualidade-das-aguas\/","og_locale":"pt_BR","og_type":"article","og_title":"Por Jos\u00e9 Eduardo W. de A. Cavalcanti \u2013 A concep\u00e7\u00e3o de tratamento das URs \u2013 Unidades Recuperadoras da Qualidade das \u00c1guas","og_description":"Como j\u00e1 sugerido em outro artigo, uma alternativa seria lan\u00e7ar o lodo excedente e o lodo qu\u00edmico \u00e0 rede de coleta mais pr\u00f3xima das URs, de modo que, interligadas aos coletores-tronco e aos interceptores do Pinheiros, alcancem a ETE Barueri onde seriam tratados. Procedimento similar j\u00e1 foi feito pela Sabesb com o lodo da ETA ABV.","og_url":"https:\/\/www.institutodeengenharia.org.br\/site\/2021\/10\/27\/por-jose-eduardo-w-de-a-cavalcanti-a-concepcao-de-tratamento-das-urs-unidades-recuperadoras-da-qualidade-das-aguas\/","og_site_name":"Instituto de Engenharia","article_publisher":"https:\/\/www.facebook.com\/institutodeengenharia","article_published_time":"2021-10-27T15:32:32+00:00","og_image":[{"width":1920,"height":1164,"url":"https:\/\/www.institutodeengenharia.org.br\/site\/wp-content\/uploads\/2021\/10\/drop-g48c4e30b0_1920.jpg","type":"image\/jpeg"}],"author":"Bianca","twitter_card":"summary_large_image","twitter_title":"Por Jos\u00e9 Eduardo W. de A. Cavalcanti \u2013 A concep\u00e7\u00e3o de tratamento das URs \u2013 Unidades Recuperadoras da Qualidade das \u00c1guas","twitter_description":"Como j\u00e1 sugerido em outro artigo, uma alternativa seria lan\u00e7ar o lodo excedente e o lodo qu\u00edmico \u00e0 rede de coleta mais pr\u00f3xima das URs, de modo que, interligadas aos coletores-tronco e aos interceptores do Pinheiros, alcancem a ETE Barueri onde seriam tratados. Procedimento similar j\u00e1 foi feito pela Sabesb com o lodo da ETA ABV.","twitter_image":"https:\/\/www.institutodeengenharia.org.br\/site\/wp-content\/uploads\/2021\/10\/drop-g48c4e30b0_1920.jpg","twitter_creator":"@iengenharia","twitter_site":"@iengenharia","twitter_misc":{"Escrito por":"Bianca","Est. tempo de leitura":"4 minutos"},"schema":{"@context":"https:\/\/schema.org","@graph":[{"@type":"Article","@id":"https:\/\/www.institutodeengenharia.org.br\/site\/2021\/10\/27\/por-jose-eduardo-w-de-a-cavalcanti-a-concepcao-de-tratamento-das-urs-unidades-recuperadoras-da-qualidade-das-aguas\/#article","isPartOf":{"@id":"https:\/\/www.institutodeengenharia.org.br\/site\/2021\/10\/27\/por-jose-eduardo-w-de-a-cavalcanti-a-concepcao-de-tratamento-das-urs-unidades-recuperadoras-da-qualidade-das-aguas\/"},"author":{"name":"Bianca","@id":"https:\/\/www.institutodeengenharia.org.br\/site\/#\/schema\/person\/aeb64951c405e100d26d30b033dd423f"},"headline":"Por Jos\u00e9 Eduardo W. de A. Cavalcanti \u2013 A concep\u00e7\u00e3o de tratamento das URs \u2013 Unidades Recuperadoras da Qualidade das \u00c1guas","datePublished":"2021-10-27T15:32:32+00:00","mainEntityOfPage":{"@id":"https:\/\/www.institutodeengenharia.org.br\/site\/2021\/10\/27\/por-jose-eduardo-w-de-a-cavalcanti-a-concepcao-de-tratamento-das-urs-unidades-recuperadoras-da-qualidade-das-aguas\/"},"wordCount":855,"commentCount":0,"publisher":{"@id":"https:\/\/www.institutodeengenharia.org.br\/site\/#organization"},"image":{"@id":"https:\/\/www.institutodeengenharia.org.br\/site\/2021\/10\/27\/por-jose-eduardo-w-de-a-cavalcanti-a-concepcao-de-tratamento-das-urs-unidades-recuperadoras-da-qualidade-das-aguas\/#primaryimage"},"thumbnailUrl":"https:\/\/www.institutodeengenharia.org.br\/site\/wp-content\/uploads\/2021\/10\/drop-g48c4e30b0_1920.webp","articleSection":["Articulistas","Jos\u00e9 Eduardo Cavalcanti"],"inLanguage":"pt-BR","potentialAction":[{"@type":"CommentAction","name":"Comment","target":["https:\/\/www.institutodeengenharia.org.br\/site\/2021\/10\/27\/por-jose-eduardo-w-de-a-cavalcanti-a-concepcao-de-tratamento-das-urs-unidades-recuperadoras-da-qualidade-das-aguas\/#respond"]}]},{"@type":"WebPage","@id":"https:\/\/www.institutodeengenharia.org.br\/site\/2021\/10\/27\/por-jose-eduardo-w-de-a-cavalcanti-a-concepcao-de-tratamento-das-urs-unidades-recuperadoras-da-qualidade-das-aguas\/","url":"https:\/\/www.institutodeengenharia.org.br\/site\/2021\/10\/27\/por-jose-eduardo-w-de-a-cavalcanti-a-concepcao-de-tratamento-das-urs-unidades-recuperadoras-da-qualidade-das-aguas\/","name":"Por Jos\u00e9 Eduardo W. de A. Cavalcanti \u2013 A concep\u00e7\u00e3o de tratamento das URs \u2013 Unidades Recuperadoras da Qualidade das \u00c1guas - Instituto de Engenharia","isPartOf":{"@id":"https:\/\/www.institutodeengenharia.org.br\/site\/#website"},"primaryImageOfPage":{"@id":"https:\/\/www.institutodeengenharia.org.br\/site\/2021\/10\/27\/por-jose-eduardo-w-de-a-cavalcanti-a-concepcao-de-tratamento-das-urs-unidades-recuperadoras-da-qualidade-das-aguas\/#primaryimage"},"image":{"@id":"https:\/\/www.institutodeengenharia.org.br\/site\/2021\/10\/27\/por-jose-eduardo-w-de-a-cavalcanti-a-concepcao-de-tratamento-das-urs-unidades-recuperadoras-da-qualidade-das-aguas\/#primaryimage"},"thumbnailUrl":"https:\/\/www.institutodeengenharia.org.br\/site\/wp-content\/uploads\/2021\/10\/drop-g48c4e30b0_1920.webp","datePublished":"2021-10-27T15:32:32+00:00","breadcrumb":{"@id":"https:\/\/www.institutodeengenharia.org.br\/site\/2021\/10\/27\/por-jose-eduardo-w-de-a-cavalcanti-a-concepcao-de-tratamento-das-urs-unidades-recuperadoras-da-qualidade-das-aguas\/#breadcrumb"},"inLanguage":"pt-BR","potentialAction":[{"@type":"ReadAction","target":["https:\/\/www.institutodeengenharia.org.br\/site\/2021\/10\/27\/por-jose-eduardo-w-de-a-cavalcanti-a-concepcao-de-tratamento-das-urs-unidades-recuperadoras-da-qualidade-das-aguas\/"]}]},{"@type":"ImageObject","inLanguage":"pt-BR","@id":"https:\/\/www.institutodeengenharia.org.br\/site\/2021\/10\/27\/por-jose-eduardo-w-de-a-cavalcanti-a-concepcao-de-tratamento-das-urs-unidades-recuperadoras-da-qualidade-das-aguas\/#primaryimage","url":"https:\/\/www.institutodeengenharia.org.br\/site\/wp-content\/uploads\/2021\/10\/drop-g48c4e30b0_1920.webp","contentUrl":"https:\/\/www.institutodeengenharia.org.br\/site\/wp-content\/uploads\/2021\/10\/drop-g48c4e30b0_1920.webp","width":1000,"height":607},{"@type":"BreadcrumbList","@id":"https:\/\/www.institutodeengenharia.org.br\/site\/2021\/10\/27\/por-jose-eduardo-w-de-a-cavalcanti-a-concepcao-de-tratamento-das-urs-unidades-recuperadoras-da-qualidade-das-aguas\/#breadcrumb","itemListElement":[{"@type":"ListItem","position":1,"name":"In\u00edcio","item":"https:\/\/www.institutodeengenharia.org.br\/site\/"},{"@type":"ListItem","position":2,"name":"Por Jos\u00e9 Eduardo W. de A. Cavalcanti \u2013 A concep\u00e7\u00e3o de tratamento das URs \u2013 Unidades Recuperadoras da Qualidade das \u00c1guas"}]},{"@type":"WebSite","@id":"https:\/\/www.institutodeengenharia.org.br\/site\/#website","url":"https:\/\/www.institutodeengenharia.org.br\/site\/","name":"Instituto de Engenharia","description":"O Instituto de Engenharia promove a Engenharia em benef\u00edcio do desenvolvimento e da qualidade de vida da sociedade.","publisher":{"@id":"https:\/\/www.institutodeengenharia.org.br\/site\/#organization"},"potentialAction":[{"@type":"SearchAction","target":{"@type":"EntryPoint","urlTemplate":"https:\/\/www.institutodeengenharia.org.br\/site\/?s={search_term_string}"},"query-input":{"@type":"PropertyValueSpecification","valueRequired":true,"valueName":"search_term_string"}}],"inLanguage":"pt-BR"},{"@type":"Organization","@id":"https:\/\/www.institutodeengenharia.org.br\/site\/#organization","name":"Instituto de Engenharia","url":"https:\/\/www.institutodeengenharia.org.br\/site\/","logo":{"@type":"ImageObject","inLanguage":"pt-BR","@id":"https:\/\/www.institutodeengenharia.org.br\/site\/#\/schema\/logo\/image\/","url":"https:\/\/www.institutodeengenharia.org.br\/site\/wp-content\/uploads\/2019\/03\/logo-novo-IE2018-1.jpg","contentUrl":"https:\/\/www.institutodeengenharia.org.br\/site\/wp-content\/uploads\/2019\/03\/logo-novo-IE2018-1.jpg","width":1486,"height":1879,"caption":"Instituto de Engenharia"},"image":{"@id":"https:\/\/www.institutodeengenharia.org.br\/site\/#\/schema\/logo\/image\/"},"sameAs":["https:\/\/www.facebook.com\/institutodeengenharia","https:\/\/x.com\/iengenharia","https:\/\/www.instagram.com\/institutodeengenharia\/","https:\/\/www.linkedin.com\/company\/instituto-de-engenharia\/","https:\/\/www.youtube.com\/channel\/UCXiCAlsSMe977vamW915HxA"]},{"@type":"Person","@id":"https:\/\/www.institutodeengenharia.org.br\/site\/#\/schema\/person\/aeb64951c405e100d26d30b033dd423f","name":"Bianca","image":{"@type":"ImageObject","inLanguage":"pt-BR","@id":"https:\/\/secure.gravatar.com\/avatar\/a6fbe9bff57405baf4c1e2c5c1811e072b558253974a9f9508f4678900c97c2a?s=96&d=mm&r=g","url":"https:\/\/secure.gravatar.com\/avatar\/a6fbe9bff57405baf4c1e2c5c1811e072b558253974a9f9508f4678900c97c2a?s=96&d=mm&r=g","contentUrl":"https:\/\/secure.gravatar.com\/avatar\/a6fbe9bff57405baf4c1e2c5c1811e072b558253974a9f9508f4678900c97c2a?s=96&d=mm&r=g","caption":"Bianca"},"url":"https:\/\/www.institutodeengenharia.org.br\/site\/author\/comunicacao1\/"}]}},"_links":{"self":[{"href":"https:\/\/www.institutodeengenharia.org.br\/site\/wp-json\/wp\/v2\/posts\/87463","targetHints":{"allow":["GET"]}}],"collection":[{"href":"https:\/\/www.institutodeengenharia.org.br\/site\/wp-json\/wp\/v2\/posts"}],"about":[{"href":"https:\/\/www.institutodeengenharia.org.br\/site\/wp-json\/wp\/v2\/types\/post"}],"author":[{"embeddable":true,"href":"https:\/\/www.institutodeengenharia.org.br\/site\/wp-json\/wp\/v2\/users\/13"}],"replies":[{"embeddable":true,"href":"https:\/\/www.institutodeengenharia.org.br\/site\/wp-json\/wp\/v2\/comments?post=87463"}],"version-history":[{"count":1,"href":"https:\/\/www.institutodeengenharia.org.br\/site\/wp-json\/wp\/v2\/posts\/87463\/revisions"}],"predecessor-version":[{"id":87466,"href":"https:\/\/www.institutodeengenharia.org.br\/site\/wp-json\/wp\/v2\/posts\/87463\/revisions\/87466"}],"wp:featuredmedia":[{"embeddable":true,"href":"https:\/\/www.institutodeengenharia.org.br\/site\/wp-json\/wp\/v2\/media\/87465"}],"wp:attachment":[{"href":"https:\/\/www.institutodeengenharia.org.br\/site\/wp-json\/wp\/v2\/media?parent=87463"}],"wp:term":[{"taxonomy":"category","embeddable":true,"href":"https:\/\/www.institutodeengenharia.org.br\/site\/wp-json\/wp\/v2\/categories?post=87463"},{"taxonomy":"post_tag","embeddable":true,"href":"https:\/\/www.institutodeengenharia.org.br\/site\/wp-json\/wp\/v2\/tags?post=87463"}],"curies":[{"name":"wp","href":"https:\/\/api.w.org\/{rel}","templated":true}]}}