{"id":87333,"date":"2021-10-22T14:40:21","date_gmt":"2021-10-22T17:40:21","guid":{"rendered":"https:\/\/www.institutodeengenharia.org.br\/site\/?p=87333"},"modified":"2021-10-22T14:40:21","modified_gmt":"2021-10-22T17:40:21","slug":"a-importancia-da-navegacao-na-matriz-de-transporte-105-anos-do-ie","status":"publish","type":"post","link":"https:\/\/www.institutodeengenharia.org.br\/site\/2021\/10\/22\/a-importancia-da-navegacao-na-matriz-de-transporte-105-anos-do-ie\/","title":{"rendered":"A import\u00e2ncia da navega\u00e7\u00e3o na matriz de transporte &#8211; 105 anos do IE"},"content":{"rendered":"<p><strong>Assista abaixo \u00e0 grava\u00e7\u00e3o do evento:<\/strong><\/p>\n<div style=\"padding: 56.25% 0 0 0; position: relative;\"><iframe style=\"position: absolute; top: 0; left: 0; width: 100%; height: 100%;\" title=\"A import&amp;acirc;ncia da navega&amp;ccedil;&amp;atilde;o na matriz de transporte - 105 anos do IE\" src=\"https:\/\/player.vimeo.com\/video\/637836046?h=87ee54d833&amp;badge=0&amp;autopause=0&amp;player_id=0&amp;app_id=58479\" frameborder=\"0\" allowfullscreen=\"allowfullscreen\"><\/iframe><\/div>\n<p><script src=\"https:\/\/player.vimeo.com\/api\/player.js\"><\/script><\/p>\n<p><strong>+ Informa\u00e7\u00f5es:<\/strong><\/p>\n<p>Como parte das comemora\u00e7\u00f5es dos 105 anos do Instituto de Engenharia, realizaremos, de 13 a 15 de outubro, uma s\u00e9rie de palestras sobre os cadernos especiais.<\/p>\n<p>Dia 15 \u00e9 a vez do tema \u2018A Import\u00e2ncia da Navega\u00e7\u00e3o na Matriz de Transporte\u201d, como parte do caderno\u00a0 \u201c<b><a href=\"https:\/\/www.institutodeengenharia.org.br\/site\/hidroviacomovetordedesenvolvimento\/\">A Hidrovia como vetor de Desenvolvimento e de Integra\u00e7\u00e3o Multimodal do Brasil e da Am\u00e9rica do Sul<\/a>\u201c<\/b><\/p>\n<p>As hidrovias respondem, hoje, por cerca de 13% do transporte de cargas no Brasil, enquanto em algumas regi\u00f5es da Europa alcan\u00e7a em torno de 40%. Aumentar essa participa\u00e7\u00e3o trar\u00e1 ao Pa\u00eds ganhos econ\u00f4micos, ambientais e de desenvolvimento regional, j\u00e1 comprovados por outros pa\u00edses. E vai ser preciso muita Engenharia, com atua\u00e7\u00e3o nas \u00e1reas de log\u00edstica, moderniza\u00e7\u00e3o da frota, constru\u00e7\u00e3o de eclusas e muito mais, para concretizar essa mudan\u00e7a.<\/p>\n<p>Agora, trabalha para ver essa proposta concretizada em a\u00e7\u00f5es que, ao investir na amplia\u00e7\u00e3o de um transporte hidrovi\u00e1rio moderno, com integra\u00e7\u00f5es ferrovi\u00e1rias e rodovi\u00e1rias, viabilizem o escoamento eficiente da produ\u00e7\u00e3o, com redu\u00e7\u00e3o nos custos do transporte e no impacto socioambiental, para que o Brasil possa atender ao aumento de demanda que o futuro lhe reserva.<\/p>\n<p><strong>Palestrante<\/strong><\/p>\n<p><img loading=\"lazy\" decoding=\"async\" class=\"alignnone wp-image-86417 td-animation-stack-type0-2\" src=\"https:\/\/www.institutodeengenharia.org.br\/site\/wp-content\/uploads\/2021\/09\/Mariana-scaled.jpg\" alt=\"\" width=\"180\" height=\"270\" srcset=\"https:\/\/www.institutodeengenharia.org.br\/site\/wp-content\/uploads\/2021\/09\/Mariana-scaled.jpg 1709w, https:\/\/www.institutodeengenharia.org.br\/site\/wp-content\/uploads\/2021\/09\/Mariana-200x300.jpg 200w, https:\/\/www.institutodeengenharia.org.br\/site\/wp-content\/uploads\/2021\/09\/Mariana-684x1024.jpg 684w, https:\/\/www.institutodeengenharia.org.br\/site\/wp-content\/uploads\/2021\/09\/Mariana-768x1150.jpg 768w, https:\/\/www.institutodeengenharia.org.br\/site\/wp-content\/uploads\/2021\/09\/Mariana-1025x1536.jpg 1025w, https:\/\/www.institutodeengenharia.org.br\/site\/wp-content\/uploads\/2021\/09\/Mariana-1367x2048.jpg 1367w, https:\/\/www.institutodeengenharia.org.br\/site\/wp-content\/uploads\/2021\/09\/Mariana-696x1043.jpg 696w, https:\/\/www.institutodeengenharia.org.br\/site\/wp-content\/uploads\/2021\/09\/Mariana-1068x1600.jpg 1068w, https:\/\/www.institutodeengenharia.org.br\/site\/wp-content\/uploads\/2021\/09\/Mariana-1920x2876.jpg 1920w, https:\/\/www.institutodeengenharia.org.br\/site\/wp-content\/uploads\/2021\/09\/Mariana-280x420.jpg 280w, https:\/\/www.institutodeengenharia.org.br\/site\/wp-content\/uploads\/2021\/09\/Mariana-600x899.jpg 600w\" sizes=\"auto, (max-width: 180px) 100vw, 180px\" \/><\/p>\n<p><strong>Dra. Mariana Yoshioka \u2013 Diretora de Engenharia, Inova\u00e7\u00e3o, Manuten\u00e7\u00e3o e Planejamento Operacional da Hidrovias do Brasil S.A.<\/strong><br \/>\n<strong><br \/>\nDebatedor<\/strong><\/p>\n<p><img loading=\"lazy\" decoding=\"async\" class=\"wp-image-86067 alignleft td-animation-stack-type0-2\" src=\"https:\/\/www.institutodeengenharia.org.br\/site\/wp-content\/uploads\/2021\/09\/adalbertoy.png\" alt=\"\" width=\"223\" height=\"205\" srcset=\"https:\/\/www.institutodeengenharia.org.br\/site\/wp-content\/uploads\/2021\/09\/adalbertoy.png 745w, https:\/\/www.institutodeengenharia.org.br\/site\/wp-content\/uploads\/2021\/09\/adalbertoy-300x275.png 300w, https:\/\/www.institutodeengenharia.org.br\/site\/wp-content\/uploads\/2021\/09\/adalbertoy-696x639.png 696w, https:\/\/www.institutodeengenharia.org.br\/site\/wp-content\/uploads\/2021\/09\/adalbertoy-457x420.png 457w, https:\/\/www.institutodeengenharia.org.br\/site\/wp-content\/uploads\/2021\/09\/adalbertoy-600x551.png 600w\" sizes=\"auto, (max-width: 223px) 100vw, 223px\" \/><\/p>\n<p>&nbsp;<\/p>\n<p>&nbsp;<\/p>\n<p>&nbsp;<\/p>\n<p>&nbsp;<\/p>\n<p>&nbsp;<\/p>\n<p><strong>Dr. Adalberto Tokarski \u2013 Diretor da ANTAQ<\/strong><\/p>\n<p><strong>Fa\u00e7a j\u00e1 sua inscri\u00e7\u00e3o para esta e as demais palestras:<\/strong><\/p>\n<p><a href=\"https:\/\/www.institutodeengenharia.org.br\/site\/events\/amazonia-e-bioeconomia\/\">Passado, Presente e Futuro da Amaz\u00f4nia<\/a><br \/>\n<a href=\"https:\/\/www.institutodeengenharia.org.br\/site\/events\/palestra-de-lancamento-da-cartilha-5g\/\">5G<\/a><br \/>\n<a href=\"https:\/\/www.institutodeengenharia.org.br\/site\/events\/governanca-metropolitana-dos-transportes\/\">Governan\u00e7a Metropolitana dos Transportes<\/a><\/p>\n<p><strong>Apoio Institucional:<\/strong><\/p>\n<p><img loading=\"lazy\" decoding=\"async\" class=\"alignnone wp-image-77696 td-animation-stack-type0-2\" src=\"https:\/\/www.institutodeengenharia.org.br\/site\/wp-content\/uploads\/2021\/02\/crea.jpg\" alt=\"\" width=\"142\" height=\"100\" srcset=\"https:\/\/www.institutodeengenharia.org.br\/site\/wp-content\/uploads\/2021\/02\/crea.jpg 448w, https:\/\/www.institutodeengenharia.org.br\/site\/wp-content\/uploads\/2021\/02\/crea-300x211.jpg 300w, https:\/\/www.institutodeengenharia.org.br\/site\/wp-content\/uploads\/2021\/02\/crea-100x70.jpg 100w\" sizes=\"auto, (max-width: 142px) 100vw, 142px\" \/><\/p>\n<p><strong>Apoio \u00e0 forma\u00e7\u00e3o:\u00a0<\/strong><\/p>\n<p>Espa\u00e7o aberto ao CREA-SP, objetivando o aperfei\u00e7oamento dos profissionais e o aprimoramento da fiscaliza\u00e7\u00e3o das \u00e1reas abrangidas pelo Sistema Confea\/CREAs, al\u00e9m de promover a conscientiza\u00e7\u00e3o da sociedade quanto \u00e0 necessidade e obrigatoriedade de contratar um profissional devidamente habilitado.<\/p>\n<p>&nbsp;<\/p>\n<p>&nbsp;<\/p>\n","protected":false},"excerpt":{"rendered":"<p>Assista abaixo \u00e0 grava\u00e7\u00e3o do evento: + Informa\u00e7\u00f5es: Como parte das comemora\u00e7\u00f5es dos 105 anos do Instituto de Engenharia, realizaremos, de 13 a 15 de outubro, uma s\u00e9rie de palestras sobre os cadernos especiais. Dia 15 \u00e9 a vez do tema \u2018A Import\u00e2ncia da Navega\u00e7\u00e3o na Matriz de Transporte\u201d, como parte do caderno\u00a0 \u201cA Hidrovia [&hellip;]<\/p>\n","protected":false},"author":13,"featured_media":73427,"comment_status":"open","ping_status":"open","sticky":false,"template":"","format":"standard","meta":{"footnotes":""},"categories":[968,969],"tags":[],"class_list":{"0":"post-87333","1":"post","2":"type-post","3":"status-publish","4":"format-standard","5":"has-post-thumbnail","7":"category-nova-tv-engenharia","8":"category-palestra"},"yoast_head":"<!-- This site is optimized with the Yoast SEO plugin v27.2 - https:\/\/yoast.com\/product\/yoast-seo-wordpress\/ -->\n<title>A import\u00e2ncia da navega\u00e7\u00e3o na matriz de transporte - 105 anos do IE - Instituto de Engenharia<\/title>\n<meta name=\"robots\" content=\"index, follow, max-snippet:-1, max-image-preview:large, max-video-preview:-1\" \/>\n<link rel=\"canonical\" href=\"https:\/\/www.institutodeengenharia.org.br\/site\/2021\/10\/22\/a-importancia-da-navegacao-na-matriz-de-transporte-105-anos-do-ie\/\" \/>\n<meta property=\"og:locale\" content=\"pt_BR\" \/>\n<meta property=\"og:type\" content=\"article\" \/>\n<meta property=\"og:title\" content=\"A import\u00e2ncia da navega\u00e7\u00e3o na matriz de transporte - 105 anos do IE\" \/>\n<meta property=\"og:description\" content=\"As hidrovias respondem, hoje, por cerca de 13% do transporte de cargas no Brasil, enquanto em algumas regi\u00f5es da Europa alcan\u00e7a em torno de 40%. Aumentar essa participa\u00e7\u00e3o trar\u00e1 ao Pa\u00eds ganhos econ\u00f4micos, ambientais e de desenvolvimento regional, j\u00e1 comprovados por outros pa\u00edses. E vai ser preciso muita Engenharia, com atua\u00e7\u00e3o nas \u00e1reas de log\u00edstica, moderniza\u00e7\u00e3o da frota, constru\u00e7\u00e3o de eclusas e muito mais, para concretizar essa mudan\u00e7a.\" \/>\n<meta property=\"og:url\" content=\"https:\/\/www.institutodeengenharia.org.br\/site\/2021\/10\/22\/a-importancia-da-navegacao-na-matriz-de-transporte-105-anos-do-ie\/\" \/>\n<meta property=\"og:site_name\" content=\"Instituto de Engenharia\" \/>\n<meta property=\"article:publisher\" content=\"https:\/\/www.facebook.com\/institutodeengenharia\" \/>\n<meta property=\"article:published_time\" content=\"2021-10-22T17:40:21+00:00\" \/>\n<meta property=\"og:image\" content=\"https:\/\/www.institutodeengenharia.org.br\/site\/wp-content\/uploads\/2020\/12\/Hidrovias.jpg\" \/>\n\t<meta property=\"og:image:width\" content=\"571\" \/>\n\t<meta property=\"og:image:height\" content=\"416\" \/>\n\t<meta property=\"og:image:type\" content=\"image\/jpeg\" \/>\n<meta name=\"author\" content=\"Bianca\" \/>\n<meta name=\"twitter:card\" content=\"summary_large_image\" \/>\n<meta name=\"twitter:title\" content=\"A import\u00e2ncia da navega\u00e7\u00e3o na matriz de transporte - 105 anos do IE\" \/>\n<meta name=\"twitter:description\" content=\"As hidrovias respondem, hoje, por cerca de 13% do transporte de cargas no Brasil, enquanto em algumas regi\u00f5es da Europa alcan\u00e7a em torno de 40%. Aumentar essa participa\u00e7\u00e3o trar\u00e1 ao Pa\u00eds ganhos econ\u00f4micos, ambientais e de desenvolvimento regional, j\u00e1 comprovados por outros pa\u00edses. E vai ser preciso muita Engenharia, com atua\u00e7\u00e3o nas \u00e1reas de log\u00edstica, moderniza\u00e7\u00e3o da frota, constru\u00e7\u00e3o de eclusas e muito mais, para concretizar essa mudan\u00e7a.\" \/>\n<meta name=\"twitter:image\" content=\"https:\/\/www.institutodeengenharia.org.br\/site\/wp-content\/uploads\/2020\/12\/Hidrovias.jpg\" \/>\n<meta name=\"twitter:creator\" content=\"@iengenharia\" \/>\n<meta name=\"twitter:site\" content=\"@iengenharia\" \/>\n<meta name=\"twitter:label1\" content=\"Escrito por\" \/>\n\t<meta name=\"twitter:data1\" content=\"Bianca\" \/>\n\t<meta name=\"twitter:label2\" content=\"Est. tempo de leitura\" \/>\n\t<meta name=\"twitter:data2\" content=\"2 minutos\" \/>\n<script type=\"application\/ld+json\" class=\"yoast-schema-graph\">{\"@context\":\"https:\/\/schema.org\",\"@graph\":[{\"@type\":\"Article\",\"@id\":\"https:\/\/www.institutodeengenharia.org.br\/site\/2021\/10\/22\/a-importancia-da-navegacao-na-matriz-de-transporte-105-anos-do-ie\/#article\",\"isPartOf\":{\"@id\":\"https:\/\/www.institutodeengenharia.org.br\/site\/2021\/10\/22\/a-importancia-da-navegacao-na-matriz-de-transporte-105-anos-do-ie\/\"},\"author\":{\"name\":\"Bianca\",\"@id\":\"https:\/\/www.institutodeengenharia.org.br\/site\/#\/schema\/person\/aeb64951c405e100d26d30b033dd423f\"},\"headline\":\"A import\u00e2ncia da navega\u00e7\u00e3o na matriz de transporte &#8211; 105 anos do IE\",\"datePublished\":\"2021-10-22T17:40:21+00:00\",\"mainEntityOfPage\":{\"@id\":\"https:\/\/www.institutodeengenharia.org.br\/site\/2021\/10\/22\/a-importancia-da-navegacao-na-matriz-de-transporte-105-anos-do-ie\/\"},\"wordCount\":332,\"commentCount\":0,\"publisher\":{\"@id\":\"https:\/\/www.institutodeengenharia.org.br\/site\/#organization\"},\"image\":{\"@id\":\"https:\/\/www.institutodeengenharia.org.br\/site\/2021\/10\/22\/a-importancia-da-navegacao-na-matriz-de-transporte-105-anos-do-ie\/#primaryimage\"},\"thumbnailUrl\":\"https:\/\/www.institutodeengenharia.org.br\/site\/wp-content\/uploads\/2020\/12\/Hidrovias.jpg\",\"articleSection\":[\"Nova TV Engenharia\",\"Palestra\"],\"inLanguage\":\"pt-BR\",\"potentialAction\":[{\"@type\":\"CommentAction\",\"name\":\"Comment\",\"target\":[\"https:\/\/www.institutodeengenharia.org.br\/site\/2021\/10\/22\/a-importancia-da-navegacao-na-matriz-de-transporte-105-anos-do-ie\/#respond\"]}]},{\"@type\":\"WebPage\",\"@id\":\"https:\/\/www.institutodeengenharia.org.br\/site\/2021\/10\/22\/a-importancia-da-navegacao-na-matriz-de-transporte-105-anos-do-ie\/\",\"url\":\"https:\/\/www.institutodeengenharia.org.br\/site\/2021\/10\/22\/a-importancia-da-navegacao-na-matriz-de-transporte-105-anos-do-ie\/\",\"name\":\"A import\u00e2ncia da navega\u00e7\u00e3o na matriz de transporte - 105 anos do IE - Instituto de Engenharia\",\"isPartOf\":{\"@id\":\"https:\/\/www.institutodeengenharia.org.br\/site\/#website\"},\"primaryImageOfPage\":{\"@id\":\"https:\/\/www.institutodeengenharia.org.br\/site\/2021\/10\/22\/a-importancia-da-navegacao-na-matriz-de-transporte-105-anos-do-ie\/#primaryimage\"},\"image\":{\"@id\":\"https:\/\/www.institutodeengenharia.org.br\/site\/2021\/10\/22\/a-importancia-da-navegacao-na-matriz-de-transporte-105-anos-do-ie\/#primaryimage\"},\"thumbnailUrl\":\"https:\/\/www.institutodeengenharia.org.br\/site\/wp-content\/uploads\/2020\/12\/Hidrovias.jpg\",\"datePublished\":\"2021-10-22T17:40:21+00:00\",\"breadcrumb\":{\"@id\":\"https:\/\/www.institutodeengenharia.org.br\/site\/2021\/10\/22\/a-importancia-da-navegacao-na-matriz-de-transporte-105-anos-do-ie\/#breadcrumb\"},\"inLanguage\":\"pt-BR\",\"potentialAction\":[{\"@type\":\"ReadAction\",\"target\":[\"https:\/\/www.institutodeengenharia.org.br\/site\/2021\/10\/22\/a-importancia-da-navegacao-na-matriz-de-transporte-105-anos-do-ie\/\"]}]},{\"@type\":\"ImageObject\",\"inLanguage\":\"pt-BR\",\"@id\":\"https:\/\/www.institutodeengenharia.org.br\/site\/2021\/10\/22\/a-importancia-da-navegacao-na-matriz-de-transporte-105-anos-do-ie\/#primaryimage\",\"url\":\"https:\/\/www.institutodeengenharia.org.br\/site\/wp-content\/uploads\/2020\/12\/Hidrovias.jpg\",\"contentUrl\":\"https:\/\/www.institutodeengenharia.org.br\/site\/wp-content\/uploads\/2020\/12\/Hidrovias.jpg\",\"width\":571,\"height\":416},{\"@type\":\"BreadcrumbList\",\"@id\":\"https:\/\/www.institutodeengenharia.org.br\/site\/2021\/10\/22\/a-importancia-da-navegacao-na-matriz-de-transporte-105-anos-do-ie\/#breadcrumb\",\"itemListElement\":[{\"@type\":\"ListItem\",\"position\":1,\"name\":\"In\u00edcio\",\"item\":\"https:\/\/www.institutodeengenharia.org.br\/site\/\"},{\"@type\":\"ListItem\",\"position\":2,\"name\":\"A import\u00e2ncia da navega\u00e7\u00e3o na matriz de transporte &#8211; 105 anos do IE\"}]},{\"@type\":\"WebSite\",\"@id\":\"https:\/\/www.institutodeengenharia.org.br\/site\/#website\",\"url\":\"https:\/\/www.institutodeengenharia.org.br\/site\/\",\"name\":\"Instituto de Engenharia\",\"description\":\"O Instituto de Engenharia promove a Engenharia em benef\u00edcio do desenvolvimento e da qualidade de vida da sociedade.\",\"publisher\":{\"@id\":\"https:\/\/www.institutodeengenharia.org.br\/site\/#organization\"},\"potentialAction\":[{\"@type\":\"SearchAction\",\"target\":{\"@type\":\"EntryPoint\",\"urlTemplate\":\"https:\/\/www.institutodeengenharia.org.br\/site\/?s={search_term_string}\"},\"query-input\":{\"@type\":\"PropertyValueSpecification\",\"valueRequired\":true,\"valueName\":\"search_term_string\"}}],\"inLanguage\":\"pt-BR\"},{\"@type\":\"Organization\",\"@id\":\"https:\/\/www.institutodeengenharia.org.br\/site\/#organization\",\"name\":\"Instituto de Engenharia\",\"url\":\"https:\/\/www.institutodeengenharia.org.br\/site\/\",\"logo\":{\"@type\":\"ImageObject\",\"inLanguage\":\"pt-BR\",\"@id\":\"https:\/\/www.institutodeengenharia.org.br\/site\/#\/schema\/logo\/image\/\",\"url\":\"https:\/\/www.institutodeengenharia.org.br\/site\/wp-content\/uploads\/2019\/03\/logo-novo-IE2018-1.jpg\",\"contentUrl\":\"https:\/\/www.institutodeengenharia.org.br\/site\/wp-content\/uploads\/2019\/03\/logo-novo-IE2018-1.jpg\",\"width\":1486,\"height\":1879,\"caption\":\"Instituto de Engenharia\"},\"image\":{\"@id\":\"https:\/\/www.institutodeengenharia.org.br\/site\/#\/schema\/logo\/image\/\"},\"sameAs\":[\"https:\/\/www.facebook.com\/institutodeengenharia\",\"https:\/\/x.com\/iengenharia\",\"https:\/\/www.instagram.com\/institutodeengenharia\/\",\"https:\/\/www.linkedin.com\/company\/instituto-de-engenharia\/\",\"https:\/\/www.youtube.com\/channel\/UCXiCAlsSMe977vamW915HxA\"]},{\"@type\":\"Person\",\"@id\":\"https:\/\/www.institutodeengenharia.org.br\/site\/#\/schema\/person\/aeb64951c405e100d26d30b033dd423f\",\"name\":\"Bianca\",\"image\":{\"@type\":\"ImageObject\",\"inLanguage\":\"pt-BR\",\"@id\":\"https:\/\/secure.gravatar.com\/avatar\/a6fbe9bff57405baf4c1e2c5c1811e072b558253974a9f9508f4678900c97c2a?s=96&d=mm&r=g\",\"url\":\"https:\/\/secure.gravatar.com\/avatar\/a6fbe9bff57405baf4c1e2c5c1811e072b558253974a9f9508f4678900c97c2a?s=96&d=mm&r=g\",\"contentUrl\":\"https:\/\/secure.gravatar.com\/avatar\/a6fbe9bff57405baf4c1e2c5c1811e072b558253974a9f9508f4678900c97c2a?s=96&d=mm&r=g\",\"caption\":\"Bianca\"},\"url\":\"https:\/\/www.institutodeengenharia.org.br\/site\/author\/comunicacao1\/\"}]}<\/script>\n<!-- \/ Yoast SEO plugin. -->","yoast_head_json":{"title":"A import\u00e2ncia da navega\u00e7\u00e3o na matriz de transporte - 105 anos do IE - Instituto de Engenharia","robots":{"index":"index","follow":"follow","max-snippet":"max-snippet:-1","max-image-preview":"max-image-preview:large","max-video-preview":"max-video-preview:-1"},"canonical":"https:\/\/www.institutodeengenharia.org.br\/site\/2021\/10\/22\/a-importancia-da-navegacao-na-matriz-de-transporte-105-anos-do-ie\/","og_locale":"pt_BR","og_type":"article","og_title":"A import\u00e2ncia da navega\u00e7\u00e3o na matriz de transporte - 105 anos do IE","og_description":"As hidrovias respondem, hoje, por cerca de 13% do transporte de cargas no Brasil, enquanto em algumas regi\u00f5es da Europa alcan\u00e7a em torno de 40%. Aumentar essa participa\u00e7\u00e3o trar\u00e1 ao Pa\u00eds ganhos econ\u00f4micos, ambientais e de desenvolvimento regional, j\u00e1 comprovados por outros pa\u00edses. E vai ser preciso muita Engenharia, com atua\u00e7\u00e3o nas \u00e1reas de log\u00edstica, moderniza\u00e7\u00e3o da frota, constru\u00e7\u00e3o de eclusas e muito mais, para concretizar essa mudan\u00e7a.","og_url":"https:\/\/www.institutodeengenharia.org.br\/site\/2021\/10\/22\/a-importancia-da-navegacao-na-matriz-de-transporte-105-anos-do-ie\/","og_site_name":"Instituto de Engenharia","article_publisher":"https:\/\/www.facebook.com\/institutodeengenharia","article_published_time":"2021-10-22T17:40:21+00:00","og_image":[{"width":571,"height":416,"url":"https:\/\/www.institutodeengenharia.org.br\/site\/wp-content\/uploads\/2020\/12\/Hidrovias.jpg","type":"image\/jpeg"}],"author":"Bianca","twitter_card":"summary_large_image","twitter_title":"A import\u00e2ncia da navega\u00e7\u00e3o na matriz de transporte - 105 anos do IE","twitter_description":"As hidrovias respondem, hoje, por cerca de 13% do transporte de cargas no Brasil, enquanto em algumas regi\u00f5es da Europa alcan\u00e7a em torno de 40%. Aumentar essa participa\u00e7\u00e3o trar\u00e1 ao Pa\u00eds ganhos econ\u00f4micos, ambientais e de desenvolvimento regional, j\u00e1 comprovados por outros pa\u00edses. E vai ser preciso muita Engenharia, com atua\u00e7\u00e3o nas \u00e1reas de log\u00edstica, moderniza\u00e7\u00e3o da frota, constru\u00e7\u00e3o de eclusas e muito mais, para concretizar essa mudan\u00e7a.","twitter_image":"https:\/\/www.institutodeengenharia.org.br\/site\/wp-content\/uploads\/2020\/12\/Hidrovias.jpg","twitter_creator":"@iengenharia","twitter_site":"@iengenharia","twitter_misc":{"Escrito por":"Bianca","Est. tempo de leitura":"2 minutos"},"schema":{"@context":"https:\/\/schema.org","@graph":[{"@type":"Article","@id":"https:\/\/www.institutodeengenharia.org.br\/site\/2021\/10\/22\/a-importancia-da-navegacao-na-matriz-de-transporte-105-anos-do-ie\/#article","isPartOf":{"@id":"https:\/\/www.institutodeengenharia.org.br\/site\/2021\/10\/22\/a-importancia-da-navegacao-na-matriz-de-transporte-105-anos-do-ie\/"},"author":{"name":"Bianca","@id":"https:\/\/www.institutodeengenharia.org.br\/site\/#\/schema\/person\/aeb64951c405e100d26d30b033dd423f"},"headline":"A import\u00e2ncia da navega\u00e7\u00e3o na matriz de transporte &#8211; 105 anos do IE","datePublished":"2021-10-22T17:40:21+00:00","mainEntityOfPage":{"@id":"https:\/\/www.institutodeengenharia.org.br\/site\/2021\/10\/22\/a-importancia-da-navegacao-na-matriz-de-transporte-105-anos-do-ie\/"},"wordCount":332,"commentCount":0,"publisher":{"@id":"https:\/\/www.institutodeengenharia.org.br\/site\/#organization"},"image":{"@id":"https:\/\/www.institutodeengenharia.org.br\/site\/2021\/10\/22\/a-importancia-da-navegacao-na-matriz-de-transporte-105-anos-do-ie\/#primaryimage"},"thumbnailUrl":"https:\/\/www.institutodeengenharia.org.br\/site\/wp-content\/uploads\/2020\/12\/Hidrovias.jpg","articleSection":["Nova TV Engenharia","Palestra"],"inLanguage":"pt-BR","potentialAction":[{"@type":"CommentAction","name":"Comment","target":["https:\/\/www.institutodeengenharia.org.br\/site\/2021\/10\/22\/a-importancia-da-navegacao-na-matriz-de-transporte-105-anos-do-ie\/#respond"]}]},{"@type":"WebPage","@id":"https:\/\/www.institutodeengenharia.org.br\/site\/2021\/10\/22\/a-importancia-da-navegacao-na-matriz-de-transporte-105-anos-do-ie\/","url":"https:\/\/www.institutodeengenharia.org.br\/site\/2021\/10\/22\/a-importancia-da-navegacao-na-matriz-de-transporte-105-anos-do-ie\/","name":"A import\u00e2ncia da navega\u00e7\u00e3o na matriz de transporte - 105 anos do IE - Instituto de Engenharia","isPartOf":{"@id":"https:\/\/www.institutodeengenharia.org.br\/site\/#website"},"primaryImageOfPage":{"@id":"https:\/\/www.institutodeengenharia.org.br\/site\/2021\/10\/22\/a-importancia-da-navegacao-na-matriz-de-transporte-105-anos-do-ie\/#primaryimage"},"image":{"@id":"https:\/\/www.institutodeengenharia.org.br\/site\/2021\/10\/22\/a-importancia-da-navegacao-na-matriz-de-transporte-105-anos-do-ie\/#primaryimage"},"thumbnailUrl":"https:\/\/www.institutodeengenharia.org.br\/site\/wp-content\/uploads\/2020\/12\/Hidrovias.jpg","datePublished":"2021-10-22T17:40:21+00:00","breadcrumb":{"@id":"https:\/\/www.institutodeengenharia.org.br\/site\/2021\/10\/22\/a-importancia-da-navegacao-na-matriz-de-transporte-105-anos-do-ie\/#breadcrumb"},"inLanguage":"pt-BR","potentialAction":[{"@type":"ReadAction","target":["https:\/\/www.institutodeengenharia.org.br\/site\/2021\/10\/22\/a-importancia-da-navegacao-na-matriz-de-transporte-105-anos-do-ie\/"]}]},{"@type":"ImageObject","inLanguage":"pt-BR","@id":"https:\/\/www.institutodeengenharia.org.br\/site\/2021\/10\/22\/a-importancia-da-navegacao-na-matriz-de-transporte-105-anos-do-ie\/#primaryimage","url":"https:\/\/www.institutodeengenharia.org.br\/site\/wp-content\/uploads\/2020\/12\/Hidrovias.jpg","contentUrl":"https:\/\/www.institutodeengenharia.org.br\/site\/wp-content\/uploads\/2020\/12\/Hidrovias.jpg","width":571,"height":416},{"@type":"BreadcrumbList","@id":"https:\/\/www.institutodeengenharia.org.br\/site\/2021\/10\/22\/a-importancia-da-navegacao-na-matriz-de-transporte-105-anos-do-ie\/#breadcrumb","itemListElement":[{"@type":"ListItem","position":1,"name":"In\u00edcio","item":"https:\/\/www.institutodeengenharia.org.br\/site\/"},{"@type":"ListItem","position":2,"name":"A import\u00e2ncia da navega\u00e7\u00e3o na matriz de transporte &#8211; 105 anos do IE"}]},{"@type":"WebSite","@id":"https:\/\/www.institutodeengenharia.org.br\/site\/#website","url":"https:\/\/www.institutodeengenharia.org.br\/site\/","name":"Instituto de Engenharia","description":"O Instituto de Engenharia promove a Engenharia em benef\u00edcio do desenvolvimento e da qualidade de vida da sociedade.","publisher":{"@id":"https:\/\/www.institutodeengenharia.org.br\/site\/#organization"},"potentialAction":[{"@type":"SearchAction","target":{"@type":"EntryPoint","urlTemplate":"https:\/\/www.institutodeengenharia.org.br\/site\/?s={search_term_string}"},"query-input":{"@type":"PropertyValueSpecification","valueRequired":true,"valueName":"search_term_string"}}],"inLanguage":"pt-BR"},{"@type":"Organization","@id":"https:\/\/www.institutodeengenharia.org.br\/site\/#organization","name":"Instituto de Engenharia","url":"https:\/\/www.institutodeengenharia.org.br\/site\/","logo":{"@type":"ImageObject","inLanguage":"pt-BR","@id":"https:\/\/www.institutodeengenharia.org.br\/site\/#\/schema\/logo\/image\/","url":"https:\/\/www.institutodeengenharia.org.br\/site\/wp-content\/uploads\/2019\/03\/logo-novo-IE2018-1.jpg","contentUrl":"https:\/\/www.institutodeengenharia.org.br\/site\/wp-content\/uploads\/2019\/03\/logo-novo-IE2018-1.jpg","width":1486,"height":1879,"caption":"Instituto de Engenharia"},"image":{"@id":"https:\/\/www.institutodeengenharia.org.br\/site\/#\/schema\/logo\/image\/"},"sameAs":["https:\/\/www.facebook.com\/institutodeengenharia","https:\/\/x.com\/iengenharia","https:\/\/www.instagram.com\/institutodeengenharia\/","https:\/\/www.linkedin.com\/company\/instituto-de-engenharia\/","https:\/\/www.youtube.com\/channel\/UCXiCAlsSMe977vamW915HxA"]},{"@type":"Person","@id":"https:\/\/www.institutodeengenharia.org.br\/site\/#\/schema\/person\/aeb64951c405e100d26d30b033dd423f","name":"Bianca","image":{"@type":"ImageObject","inLanguage":"pt-BR","@id":"https:\/\/secure.gravatar.com\/avatar\/a6fbe9bff57405baf4c1e2c5c1811e072b558253974a9f9508f4678900c97c2a?s=96&d=mm&r=g","url":"https:\/\/secure.gravatar.com\/avatar\/a6fbe9bff57405baf4c1e2c5c1811e072b558253974a9f9508f4678900c97c2a?s=96&d=mm&r=g","contentUrl":"https:\/\/secure.gravatar.com\/avatar\/a6fbe9bff57405baf4c1e2c5c1811e072b558253974a9f9508f4678900c97c2a?s=96&d=mm&r=g","caption":"Bianca"},"url":"https:\/\/www.institutodeengenharia.org.br\/site\/author\/comunicacao1\/"}]}},"_links":{"self":[{"href":"https:\/\/www.institutodeengenharia.org.br\/site\/wp-json\/wp\/v2\/posts\/87333","targetHints":{"allow":["GET"]}}],"collection":[{"href":"https:\/\/www.institutodeengenharia.org.br\/site\/wp-json\/wp\/v2\/posts"}],"about":[{"href":"https:\/\/www.institutodeengenharia.org.br\/site\/wp-json\/wp\/v2\/types\/post"}],"author":[{"embeddable":true,"href":"https:\/\/www.institutodeengenharia.org.br\/site\/wp-json\/wp\/v2\/users\/13"}],"replies":[{"embeddable":true,"href":"https:\/\/www.institutodeengenharia.org.br\/site\/wp-json\/wp\/v2\/comments?post=87333"}],"version-history":[{"count":1,"href":"https:\/\/www.institutodeengenharia.org.br\/site\/wp-json\/wp\/v2\/posts\/87333\/revisions"}],"predecessor-version":[{"id":87334,"href":"https:\/\/www.institutodeengenharia.org.br\/site\/wp-json\/wp\/v2\/posts\/87333\/revisions\/87334"}],"wp:featuredmedia":[{"embeddable":true,"href":"https:\/\/www.institutodeengenharia.org.br\/site\/wp-json\/wp\/v2\/media\/73427"}],"wp:attachment":[{"href":"https:\/\/www.institutodeengenharia.org.br\/site\/wp-json\/wp\/v2\/media?parent=87333"}],"wp:term":[{"taxonomy":"category","embeddable":true,"href":"https:\/\/www.institutodeengenharia.org.br\/site\/wp-json\/wp\/v2\/categories?post=87333"},{"taxonomy":"post_tag","embeddable":true,"href":"https:\/\/www.institutodeengenharia.org.br\/site\/wp-json\/wp\/v2\/tags?post=87333"}],"curies":[{"name":"wp","href":"https:\/\/api.w.org\/{rel}","templated":true}]}}