{"id":87330,"date":"2021-10-22T14:29:14","date_gmt":"2021-10-22T17:29:14","guid":{"rendered":"https:\/\/www.institutodeengenharia.org.br\/site\/?p=87330"},"modified":"2021-10-22T14:29:14","modified_gmt":"2021-10-22T17:29:14","slug":"governanca-metropolitana-dos-transportes-105-anos-do-ie","status":"publish","type":"post","link":"https:\/\/www.institutodeengenharia.org.br\/site\/2021\/10\/22\/governanca-metropolitana-dos-transportes-105-anos-do-ie\/","title":{"rendered":"Governan\u00e7a Metropolitana dos Transportes &#8211; 105 anos do IE"},"content":{"rendered":"<p><strong>Assista abaixo \u00e0 grava\u00e7\u00e3o do evento:<\/strong><\/p>\n<div style=\"padding: 53.65% 0 0 0; position: relative;\"><iframe style=\"position: absolute; top: 0; left: 0; width: 100%; height: 100%;\" title=\"Caderno Especial - Governan&amp;ccedil;a Metropolitana dos Transportes - 105 anos do IE\" src=\"https:\/\/player.vimeo.com\/video\/637832034?h=980d226505&amp;badge=0&amp;autopause=0&amp;player_id=0&amp;app_id=58479\" frameborder=\"0\" allowfullscreen=\"allowfullscreen\"><\/iframe><\/div>\n<p><script src=\"https:\/\/player.vimeo.com\/api\/player.js\"><\/script><\/p>\n<p><strong>+ Informa\u00e7\u00f5es:<\/strong><\/p>\n<p>Como parte das comemora\u00e7\u00f5es dos 105 anos do Instituto de Engenharia, realizaremos, de 13 a 15 de outubro, uma s\u00e9rie de palestras sobre os cadernos especiais.<\/p>\n<p>Dia 14 \u00e9 uma vez do tema\u00a0<a href=\"https:\/\/www.institutodeengenharia.org.br\/site\/governancametropolitanatransportes\/\">Governan\u00e7a Metropolitana dos Transportes<\/a>\u00a0.<\/p>\n<p><strong>Abordagem:<\/strong><\/p>\n<p>Milh\u00f5es de viagens realizadas todos os dias, com origem \/ destino em um dos 39 munic\u00edpios da Regi\u00e3o Metropolitana de S\u00e3o Paulo.\u00a0Milh\u00f5es de passageiros transportados num dos maiores aglomerados urbanos do mundo, em que cada cidade e o Estado t\u00eam sistemas distintos de transportes.\u00a0Um sistema em que convivem \u00f4nibus urbanos e intermunicipais, trens e metr\u00f4, que compartilham ruas e avenidas com uma frota gigantesca de ve\u00edculos leves e pesados, sem contar ciclistas e pedestres.\u00a0Como organizar esse cen\u00e1rio de forma a garantir, no futuro, uma mobilidade de qualidade em toda a Regi\u00e3o?<\/p>\n<p>Fechar essa conta com saldo positivo vai depender de muita Engenharia, para buscar solu\u00e7\u00f5es coordenadas e integradoras que suceder a circula\u00e7\u00e3o de todos os componentes dessa equa\u00e7\u00e3o, sem os atuais desencontros de planejamento e gest\u00e3o que explodem em transporte p\u00fablico ineficiente, todos percorrer de milhas de congestionamentos os dias, acidentes, problemas log\u00edsticos e tarif\u00e1rios.<\/p>\n<p>Cumprindo seu compromisso de \u201cpromover a Engenharia em desenvolvimento e da qualidade de vida da sociedade\u201d, o Instituto de Engenharia se empenhou em discutir e desenvolver sua proposta t\u00e9cnica de Governan\u00e7a Metropolitana dos Transportes, que apresenta neste documento.\u00a0S\u00e3o engenheiros exercendo uma cidadania para propor uma gest\u00e3o de transportes para a Regi\u00e3o Metropolitana como um todo, que garanta o direito de ir e vir com dignidade para milh\u00f5es de pessoas.<\/p>\n<p><strong>P\u00fablico-alvo:<\/strong><\/p>\n<p>Projetistas, Construtoras, Escolas de Engenharia, Engenheiros, Arquitetos e Estudantes.<\/p>\n<p>&nbsp;<\/p>\n<p><em><strong>Conhe\u00e7a os participantes:<\/strong><\/em><\/p>\n<p><img loading=\"lazy\" decoding=\"async\" class=\"alignnone wp-image-82005 alignleft td-animation-stack-type0-2\" src=\"https:\/\/www.institutodeengenharia.org.br\/site\/wp-content\/uploads\/2021\/06\/alberto-198x300.png\" alt=\"\" width=\"170\" height=\"258\" srcset=\"https:\/\/www.institutodeengenharia.org.br\/site\/wp-content\/uploads\/2021\/06\/alberto-198x300.png 198w, https:\/\/www.institutodeengenharia.org.br\/site\/wp-content\/uploads\/2021\/06\/alberto-277x420.png 277w, https:\/\/www.institutodeengenharia.org.br\/site\/wp-content\/uploads\/2021\/06\/alberto.png 303w\" sizes=\"auto, (max-width: 170px) 100vw, 170px\" \/><\/p>\n<p><strong>Alberto Epifani \u2013 Coordenador da DT.\u00a0de urbaniza\u00e7\u00e3o<\/strong><\/p>\n<p>Arquiteto e Urbanismo, pela Faculdade de Arquitetura e Urbanismo da Universidade de S\u00e3o Paulo, com cursos de especializa\u00e7\u00e3o em Transporte Coletivo por \u00d4nibus, Movimentos Sociais Urbanos e Urbaniza\u00e7\u00e3o e Treinamento B\u00e1sico de Administra\u00e7\u00e3o \u2013 TBA.\u00a0Na Companhia do Metropolitano de S\u00e3o Paulo \u2013 METR\u00d4, atuou como Analista de Projetos, Coordenador de Monitora\u00e7\u00e3o do Sistema de Transporte P\u00fablico de Passageiros e de Pesquisas Operacionais, da Diretoria de Planejamento, Chefe de Departamento do Sistema Operacional, Gerente do Sistema de Transporte, Chefe da Assessoria para Integra\u00e7\u00e3o do Sistema Metropolitano, Gerente de Planejamento e Integra\u00e7\u00e3o de Transporte Metropolitano e Diretor de Planejamento e Expans\u00e3o dos Transportes Metropolitanos.\u00a0Diretor de Planejamento da Companhia Paulista de Trens Metropolitanos \u2013 CPTM.<\/p>\n<p><img loading=\"lazy\" decoding=\"async\" class=\"alignnone wp-image-82743 alignright td-animation-stack-type0-2\" src=\"https:\/\/www.institutodeengenharia.org.br\/site\/wp-content\/uploads\/2021\/07\/flaminio-250x300.jpg\" alt=\"\" width=\"176\" height=\"211\" srcset=\"https:\/\/www.institutodeengenharia.org.br\/site\/wp-content\/uploads\/2021\/07\/flaminio-250x300.jpg 250w, https:\/\/www.institutodeengenharia.org.br\/site\/wp-content\/uploads\/2021\/07\/flaminio.jpg 312w\" sizes=\"auto, (max-width: 176px) 100vw, 176px\" \/><\/p>\n<p><strong>Flam\u00ednio Fichmann \u2013 Coordenador da DT.\u00a0de Mobilidade e Log\u00edstica Urbana<\/strong><\/p>\n<p>Graduado em Arquitetura e Urbanismo pela Universidade Mackenzie com especializa\u00e7\u00e3o na FGV.\u00a0Trabalhou na administra\u00e7\u00e3o p\u00fablica por 14 anos (CET e EMTU \/ SP).\u00a0Atua como consultor h\u00e1 28 anos, s\u00f3cio e diretor da Projeto 34 \u2013 Arquitetura e Engenharia, empresa que executou in\u00fameros planos e projetos no Brasil e exterior, de rodovias, BRTs, metr\u00f4s, trens e atividades relacionadas a mobilidade urbana junto para \u00f3rg\u00e3os p\u00fablicos e empresas particulares.\u00a0\u00c9 Coordenador da Divis\u00e3o T\u00e9cnica de Transporte Metropolitano do IE e Diretor de Mobilidade da Associa\u00e7\u00e3o Brasileira de Ve\u00edculos El\u00e9tricos \u2013 ABVE.\u00a0Foi consultor da Socicam e do INST \u2013 Instituto Nacional de Seguran\u00e7a no Tr\u00e2nsito;\u00a0Diretor da ONG Bairro Vivo, Presidente do Comit\u00ea de Tr\u00e2nsito da Ag\u00eancia Brasil de Seguran\u00e7a \u2013 ABS,<\/p>\n<p><img loading=\"lazy\" decoding=\"async\" class=\"alignnone wp-image-43624 alignleft td-animation-stack-type0-2\" src=\"https:\/\/www.institutodeengenharia.org.br\/site\/wp-content\/uploads\/2019\/08\/ivan1-300x225.jpg\" alt=\"\" width=\"251\" height=\"188\" srcset=\"https:\/\/www.institutodeengenharia.org.br\/site\/wp-content\/uploads\/2019\/08\/ivan1-300x225.jpg 300w, https:\/\/www.institutodeengenharia.org.br\/site\/wp-content\/uploads\/2019\/08\/ivan1-80x60.jpg 80w, https:\/\/www.institutodeengenharia.org.br\/site\/wp-content\/uploads\/2019\/08\/ivan1-265x198.jpg 265w, https:\/\/www.institutodeengenharia.org.br\/site\/wp-content\/uploads\/2019\/08\/ivan1.jpg 314w\" sizes=\"auto, (max-width: 251px) 100vw, 251px\" \/><\/p>\n<p><strong>Ivan Metran Whately- Vice-Presidente de Atividades T\u00e9cnicas<\/strong><\/p>\n<p>No Instituto de Engenharia h\u00e1 40 anos, atuou como 1\u00ba Secret\u00e1rio da Diretoria Executiva nos \u00faltimos quatro anos.\u00a0H\u00e1 seis anos \u00e9 diretor do Departamento de Mobilidade e Log\u00edstica e atuou por cinco anos como coordenador da Divis\u00e3o T\u00e9cnica de Transportes Metropolitanos.\u00a0Por dois per\u00edodos de quatro anos fez parte do Conselho Deliberativo.\u00a0Atualmente \u00e9 VP de Atividades T\u00e9cnicas e Atua no Conselho Consultivo.\u00a0Participa do Conselho Editorial e de Pauta da Revista Engenharia.\u00a0Sempre atividades volunt\u00e1rias, e como confrade, participa das degusta\u00e7\u00f5es da SocIEt\u00e0 \u2013 grupo de associados amigos do vinho no Instituto de Engenharia.\u00a0Formado em Engenharia Civil pela FAAP, em 1974;\u00a0Arquitetura pela universidade Presbiteriana Mackenzie, em 1967;\u00a0com cursos de extens\u00e3o e est\u00e1gios profissionais no Brasil e na Fran\u00e7a,\u00a0nas especializa\u00e7\u00f5es de Engenharia de Tr\u00e1fego e Transporte e Planejamento de Transporte.\u00a0Atuou em empresas privadas e p\u00fablicas.\u00a0Atualmente \u00e9 consultor de Planejamento de Transporte, j\u00e1 foi assessor da Diretoria do Metr\u00f4-SP (2013-2019), foi assessor Especial do SMT (2010-2013), foi gerente de Projetos e Obras da EMTU (2007-2013), foi superintendente do DAEE (1995-1997) e foi diretor de Projetos e diretor-presidente da CPOS (1997-2005).\u00a0Foi Presidente da Comiss\u00e3o Pr\u00f3-Centro e diretor do DTP da PMSP.\u00a0Al\u00e9m disso, foi consultor da OEA no Uruguai;\u00a0Diretor de Projetos de Engenharia do FUNDUSP;\u00a0dirigente da Assessoria T\u00e9cnica da Secretaria dos Neg\u00f3cios Metropolitanos;\u00a0assessor T\u00e9cnico da Secretaria de Estado dos Transportes, diretor do Departamento de Projetos da SEEBLA \u2013 Servi\u00e7os de Engenharia, onde coordenou projetos em cidades brasileiras, Chile,<\/p>\n<p><img loading=\"lazy\" decoding=\"async\" class=\"alignnone wp-image-36879 alignright td-animation-stack-type0-2\" src=\"https:\/\/www.institutodeengenharia.org.br\/site\/wp-content\/uploads\/2018\/06\/Foto-Portella-1-e1596726677492-249x300.jpg\" alt=\"\" width=\"179\" height=\"215\" srcset=\"https:\/\/www.institutodeengenharia.org.br\/site\/wp-content\/uploads\/2018\/06\/Foto-Portella-1-e1596726677492-249x300.jpg 249w, https:\/\/www.institutodeengenharia.org.br\/site\/wp-content\/uploads\/2018\/06\/Foto-Portella-1-e1596726677492-768x926.jpg 768w, https:\/\/www.institutodeengenharia.org.br\/site\/wp-content\/uploads\/2018\/06\/Foto-Portella-1-e1596726677492-696x839.jpg 696w, https:\/\/www.institutodeengenharia.org.br\/site\/wp-content\/uploads\/2018\/06\/Foto-Portella-1-e1596726677492-348x420.jpg 348w, https:\/\/www.institutodeengenharia.org.br\/site\/wp-content\/uploads\/2018\/06\/Foto-Portella-1-e1596726677492-600x723.jpg 600w, https:\/\/www.institutodeengenharia.org.br\/site\/wp-content\/uploads\/2018\/06\/Foto-Portella-1-e1596726677492.jpg 812w\" sizes=\"auto, (max-width: 179px) 100vw, 179px\" \/><\/p>\n<p><strong>Luiz Fernando Portella \u2013 Diretor do Departamento de Desenvolvimento Urbano e Regional<\/strong><\/p>\n<p>Formado h\u00e1 45 anos em engenharia mec\u00e2nica pela Faculdade de Engenharia Industrial, com tr\u00eas p\u00f3s em: An\u00e1lise de Sistemas Computacionais (Datamec), Administra\u00e7\u00e3o de Empresas (FGV) e Marketing Industrial e Estrat\u00e9gico (MAU\u00c1\/STANFORD).<\/p>\n<p>Atuou com o C-Level nas empresas: Exxon, Maquinas Piratininga, Alfa-Laval,\u00a0 General Eletric e RATP\/Tecnologia (Fran\u00e7a). Atualmente, \u00e9 s\u00f3cio na NBO Participa\u00e7\u00f5es &amp; Servi\u00e7os .<\/p>\n<p>Desde 1973 atuou em grandes obras de infraestrutura, passando por atividades industriais no desenvolvimento de equipamentos para todo seguimento da ind\u00fastria de base e industrial. Atuou fortemente no desenvolvimento de neg\u00f3cios na \u00e1rea de infraestrutura e transportes, onde atua at\u00e9 hoje transferindo tecnologia em ITS (Intelligent Transportation Systems) &amp; Meios de Pagamentos dedicados ao transporte e log\u00edstica.<\/p>\n<p>Sua atua\u00e7\u00e3o internacional teve inicio em 1979 na Su\u00e9cia, onde residiu trabalhando e continua atuando at\u00e9 hoje na \u00e1rea de mobilidade na Europa, EUA e Am\u00e9rica Latina.<\/p>\n<p>\u00c9 membro da UITP (International Association of Public Transportation) onde coordena dois GT\u2019s (MaaS &amp; Tiketing). Atua com CCO da CNA (Calypso Networks Associacion) para Am\u00e9rica Latina, esta Conselheiro Consultivo do Instituto de Engenharia. Como associado ao IE h\u00e1 mais de 35 anos, participou da cria\u00e7\u00e3o da DIV. de Marketing na Engenharia, promoveu junto ao IE o \u201cPrograma Nacional de Qualidade &amp; Produtividade\u201d, caderno de \u201cGovernan\u00e7a Metropolitana\u201d e por ultimo criou o programa de \u201cMentoria a Servi\u00e7o da Engenharia\u201d que esta em andamento.<\/p>\n<p>Como Mentor tem tido a oportunidade de mentorar v\u00e1rios jovens e seniores no Brasil e fora do Brasil e com isso, poder \u201cusar\u201d sua maturidade para transferir conhecimento e principalmente despertar em cada um o seu pr\u00f3prio potencial, al\u00e9m de\u00a0 motivar seu pr\u00f3prio desenvolvimento e principalmente\u00a0 defender a qualidade da Engenharia Brasileira. No programa de Mentoria do Instituto de Engenharia, onde coordena uma equipe de 6 Mentores formados na Escola de Mentores, j\u00e1 foram abordados mais de 870 pessoas e empresas que puderam ter contato com o programa de Mentoria.<\/p>\n<p>&nbsp;<\/p>\n<p><img loading=\"lazy\" decoding=\"async\" class=\"alignnone wp-image-37233 alignleft td-animation-stack-type0-2\" src=\"https:\/\/www.institutodeengenharia.org.br\/site\/wp-content\/uploads\/2018\/08\/miriana.jpg\" alt=\"\" width=\"185\" height=\"242\" \/><\/p>\n<p><strong>Eng.\u00aa Miriana Marques \u2013 Diretora Operacional<\/strong><\/p>\n<p>Engenheira Civil formada h\u00e1 31 anos pela FEFAAP, e especialista em Avalia\u00e7\u00f5es e Per\u00edcias pela Universidade 9 de Julho.\u00a0\u00c9 respons\u00e1vel t\u00e9cnica da Marques &amp; Marques Engenharia Avalia\u00e7\u00f5es e Per\u00edcias, tendo como foco principal a realiza\u00e7\u00e3o de Relat\u00f3rios T\u00e9cnicos de Vistoria de Vizinhan\u00e7a para grandes obras de infraestrutura no Estado de S\u00e3o Paulo \u2013 Metr\u00f4, Rodoanel, Contorno da Tamoios, Descida da Serra, entre outros .\u00a0Na vida acad\u00eamica foi professora de Maci\u00e7os e Obras de Terra, Transportes e Mec\u00e2nica dos Solos na FEFAAP, professora convidada nos cursos de p\u00f3s-gradua\u00e7\u00e3o de Avalia\u00e7\u00f5es e Per\u00edcias da FAAP e IBEC.\u00a0Na \u00e1rea judicial atua como assistente t\u00e9cnico do Metr\u00f4, foi assistente t\u00e9cnica da DERSA e \u00e9 perita na 6\u00ba Vara C\u00edvel do F\u00f3rum de Jundia\u00ed.\u00a0Na \u00e1rea p\u00fablica foi supervisora \u200b\u200bT\u00e9cnica de Planejamento Urbano na Subprefeitura do Butant\u00e3 e assessora da Superintend\u00eancia de Obras na Siurb, na gest\u00e3o do prefeito Gilberto Kassab.\u00a0No Instituto de Engenharia, \u00e9 diretora de programa\u00e7\u00e3o junto \u00e0 Vice Presidencia de Atividades T\u00e9cnicas, membro do Conselho Deliberativo e Consultivo, membro da C\u00e2mara de Media\u00e7\u00e3o e Arbitragem, membro do Grupo Mulheres e Mentoria, vice-diretora da Divis\u00e3o T\u00e9cnica de Avalia\u00e7\u00f5es e Per\u00edcias e secret\u00e1ria da Divis\u00e3o T\u00e9cnica de Novas Tecnologias.\u00a0Agraciada com o Pr\u00eamio de Melhor Trabalho T\u00e9cnico do Ano analisando temas ligados ao exerc\u00edcio da profiss\u00e3o \u2013 \u201cVistoria Cautelar\u201d, \u201cIm\u00f3veis Tombados\u201d, \u201cCal\u00e7adas\u201d e \u201cAs Maravilhas da Engenharia\u201d.\u00a0\u00e9 diretora de programa\u00e7\u00e3o junto \u00e0 Vice-Presid\u00eancia de Atividades T\u00e9cnicas, membro do Conselho Deliberativo e Consultivo, membro da C\u00e2mara de Media\u00e7\u00e3o e Arbitragem, membro do Grupo Mulheres e Mentoria, vice-diretora da Divis\u00e3o T\u00e9cnica de Avalia\u00e7\u00f5es e Per\u00edcias e secret\u00e1ria da Divis\u00e3o T\u00e9cnica de Novas Tecnologias.\u00a0Agraciada com o Pr\u00eamio de Melhor Trabalho T\u00e9cnico do Ano analisando temas ligados ao exerc\u00edcio da profiss\u00e3o \u2013 \u201cVistoria Cautelar\u201d, \u201cIm\u00f3veis Tombados\u201d, \u201cCal\u00e7adas\u201d e \u201cAs Maravilhas da Engenharia\u201d.\u00a0\u00e9 diretora de programa\u00e7\u00e3o junto \u00e0 Vice-Presid\u00eancia de Atividades T\u00e9cnicas, membro do Conselho Deliberativo e Consultivo, membro da C\u00e2mara de Media\u00e7\u00e3o e Arbitragem, membro do Grupo Mulheres e Mentoria, vice-diretora da Divis\u00e3o T\u00e9cnica de Avalia\u00e7\u00f5es e Per\u00edcias e secret\u00e1ria da Divis\u00e3o T\u00e9cnica de Novas Tecnologias.\u00a0Agraciada com o Pr\u00eamio de Melhor Trabalho T\u00e9cnico do Ano analisando temas ligados ao exerc\u00edcio da profiss\u00e3o \u2013 \u201cVistoria Cautelar\u201d, \u201cIm\u00f3veis Tombados\u201d, \u201cCal\u00e7adas\u201d e \u201cAs Maravilhas da Engenharia\u201d.<\/p>\n<p>Fa\u00e7a j\u00e1 sua inscri\u00e7\u00e3o para esta e as demais palestras:<\/p>\n<p><a href=\"https:\/\/www.institutodeengenharia.org.br\/site\/events\/amazonia-e-bioeconomia\/\">Passado, Presente e Futuro da Amaz\u00f4nia<\/a><br \/>\n<a href=\"https:\/\/www.institutodeengenharia.org.br\/site\/events\/palestra-de-lancamento-da-cartilha-5g\/\">5G<\/a><br \/>\n<a href=\"https:\/\/www.institutodeengenharia.org.br\/site\/events\/hidrovias-do-brasil\/\">A Import\u00e2ncia da Navega\u00e7\u00e3o na Matriz de Transporte<\/a><\/p>\n<p><strong>Apoio Institucional:<\/strong><\/p>\n<p><img loading=\"lazy\" decoding=\"async\" class=\"alignnone wp-image-77696 td-animation-stack-type0-2\" src=\"https:\/\/www.institutodeengenharia.org.br\/site\/wp-content\/uploads\/2021\/02\/crea.jpg\" alt=\"\" width=\"142\" height=\"100\" srcset=\"https:\/\/www.institutodeengenharia.org.br\/site\/wp-content\/uploads\/2021\/02\/crea.jpg 448w, https:\/\/www.institutodeengenharia.org.br\/site\/wp-content\/uploads\/2021\/02\/crea-300x211.jpg 300w, https:\/\/www.institutodeengenharia.org.br\/site\/wp-content\/uploads\/2021\/02\/crea-100x70.jpg 100w\" sizes=\"auto, (max-width: 142px) 100vw, 142px\" \/><\/p>\n<p><strong>Apoio \u00e0 forma\u00e7\u00e3o:\u00a0<\/strong><\/p>\n<p>Espa\u00e7o aberto ao CREA-SP, objetivando o aperfei\u00e7oamento dos profissionais e o aprimoramento da fiscaliza\u00e7\u00e3o das \u00e1reas abrangidas pelo Sistema Confea \/ CREAs, al\u00e9m de promover a conscientiza\u00e7\u00e3o da sociedade quanto \u00e0 necessidade e obrigatoriedade de contratar um profissional devidamente habilitado.<\/p>\n","protected":false},"excerpt":{"rendered":"<p>Assista abaixo \u00e0 grava\u00e7\u00e3o do evento: + Informa\u00e7\u00f5es: Como parte das comemora\u00e7\u00f5es dos 105 anos do Instituto de Engenharia, realizaremos, de 13 a 15 de outubro, uma s\u00e9rie de palestras sobre os cadernos especiais. Dia 14 \u00e9 uma vez do tema\u00a0Governan\u00e7a Metropolitana dos Transportes\u00a0. Abordagem: Milh\u00f5es de viagens realizadas todos os dias, com origem \/ [&hellip;]<\/p>\n","protected":false},"author":13,"featured_media":85604,"comment_status":"open","ping_status":"open","sticky":false,"template":"","format":"standard","meta":{"footnotes":""},"categories":[968,969],"tags":[],"class_list":{"0":"post-87330","1":"post","2":"type-post","3":"status-publish","4":"format-standard","5":"has-post-thumbnail","7":"category-nova-tv-engenharia","8":"category-palestra"},"yoast_head":"<!-- This site is optimized with the Yoast SEO plugin v27.2 - https:\/\/yoast.com\/product\/yoast-seo-wordpress\/ -->\n<title>Governan\u00e7a Metropolitana dos Transportes - 105 anos do IE - Instituto de Engenharia<\/title>\n<meta name=\"robots\" content=\"index, follow, max-snippet:-1, max-image-preview:large, max-video-preview:-1\" \/>\n<link rel=\"canonical\" href=\"https:\/\/www.institutodeengenharia.org.br\/site\/2021\/10\/22\/governanca-metropolitana-dos-transportes-105-anos-do-ie\/\" \/>\n<meta property=\"og:locale\" content=\"pt_BR\" \/>\n<meta property=\"og:type\" content=\"article\" \/>\n<meta property=\"og:title\" content=\"Governan\u00e7a Metropolitana dos Transportes - 105 anos do IE\" \/>\n<meta property=\"og:description\" content=\"Cumprindo seu compromisso de \u201cpromover a Engenharia em desenvolvimento e da qualidade de vida da sociedade\u201d, o Instituto de Engenharia se empenhou em discutir e desenvolver sua proposta t\u00e9cnica de Governan\u00e7a Metropolitana dos Transportes, que apresenta neste documento.\" \/>\n<meta property=\"og:url\" content=\"https:\/\/www.institutodeengenharia.org.br\/site\/2021\/10\/22\/governanca-metropolitana-dos-transportes-105-anos-do-ie\/\" \/>\n<meta property=\"og:site_name\" content=\"Instituto de Engenharia\" \/>\n<meta property=\"article:publisher\" content=\"https:\/\/www.facebook.com\/institutodeengenharia\" \/>\n<meta property=\"article:published_time\" content=\"2021-10-22T17:29:14+00:00\" \/>\n<meta property=\"og:image\" content=\"https:\/\/www.institutodeengenharia.org.br\/site\/wp-content\/uploads\/2021\/09\/governanca.jpg\" \/>\n\t<meta property=\"og:image:width\" content=\"1880\" \/>\n\t<meta property=\"og:image:height\" content=\"1056\" \/>\n\t<meta property=\"og:image:type\" content=\"image\/jpeg\" \/>\n<meta name=\"author\" content=\"Bianca\" \/>\n<meta name=\"twitter:card\" content=\"summary_large_image\" \/>\n<meta name=\"twitter:title\" content=\"Governan\u00e7a Metropolitana dos Transportes - 105 anos do IE\" \/>\n<meta name=\"twitter:description\" content=\"Cumprindo seu compromisso de \u201cpromover a Engenharia em desenvolvimento e da qualidade de vida da sociedade\u201d, o Instituto de Engenharia se empenhou em discutir e desenvolver sua proposta t\u00e9cnica de Governan\u00e7a Metropolitana dos Transportes, que apresenta neste documento.\" \/>\n<meta name=\"twitter:image\" content=\"https:\/\/www.institutodeengenharia.org.br\/site\/wp-content\/uploads\/2021\/09\/governanca.jpg\" \/>\n<meta name=\"twitter:creator\" content=\"@iengenharia\" \/>\n<meta name=\"twitter:site\" content=\"@iengenharia\" \/>\n<meta name=\"twitter:label1\" content=\"Escrito por\" \/>\n\t<meta name=\"twitter:data1\" content=\"Bianca\" \/>\n\t<meta name=\"twitter:label2\" content=\"Est. tempo de leitura\" \/>\n\t<meta name=\"twitter:data2\" content=\"9 minutos\" \/>\n<script type=\"application\/ld+json\" class=\"yoast-schema-graph\">{\"@context\":\"https:\/\/schema.org\",\"@graph\":[{\"@type\":\"Article\",\"@id\":\"https:\/\/www.institutodeengenharia.org.br\/site\/2021\/10\/22\/governanca-metropolitana-dos-transportes-105-anos-do-ie\/#article\",\"isPartOf\":{\"@id\":\"https:\/\/www.institutodeengenharia.org.br\/site\/2021\/10\/22\/governanca-metropolitana-dos-transportes-105-anos-do-ie\/\"},\"author\":{\"name\":\"Bianca\",\"@id\":\"https:\/\/www.institutodeengenharia.org.br\/site\/#\/schema\/person\/aeb64951c405e100d26d30b033dd423f\"},\"headline\":\"Governan\u00e7a Metropolitana dos Transportes &#8211; 105 anos do IE\",\"datePublished\":\"2021-10-22T17:29:14+00:00\",\"mainEntityOfPage\":{\"@id\":\"https:\/\/www.institutodeengenharia.org.br\/site\/2021\/10\/22\/governanca-metropolitana-dos-transportes-105-anos-do-ie\/\"},\"wordCount\":1709,\"commentCount\":0,\"publisher\":{\"@id\":\"https:\/\/www.institutodeengenharia.org.br\/site\/#organization\"},\"image\":{\"@id\":\"https:\/\/www.institutodeengenharia.org.br\/site\/2021\/10\/22\/governanca-metropolitana-dos-transportes-105-anos-do-ie\/#primaryimage\"},\"thumbnailUrl\":\"https:\/\/www.institutodeengenharia.org.br\/site\/wp-content\/uploads\/2021\/09\/governanca.jpg\",\"articleSection\":[\"Nova TV Engenharia\",\"Palestra\"],\"inLanguage\":\"pt-BR\",\"potentialAction\":[{\"@type\":\"CommentAction\",\"name\":\"Comment\",\"target\":[\"https:\/\/www.institutodeengenharia.org.br\/site\/2021\/10\/22\/governanca-metropolitana-dos-transportes-105-anos-do-ie\/#respond\"]}]},{\"@type\":\"WebPage\",\"@id\":\"https:\/\/www.institutodeengenharia.org.br\/site\/2021\/10\/22\/governanca-metropolitana-dos-transportes-105-anos-do-ie\/\",\"url\":\"https:\/\/www.institutodeengenharia.org.br\/site\/2021\/10\/22\/governanca-metropolitana-dos-transportes-105-anos-do-ie\/\",\"name\":\"Governan\u00e7a Metropolitana dos Transportes - 105 anos do IE - Instituto de Engenharia\",\"isPartOf\":{\"@id\":\"https:\/\/www.institutodeengenharia.org.br\/site\/#website\"},\"primaryImageOfPage\":{\"@id\":\"https:\/\/www.institutodeengenharia.org.br\/site\/2021\/10\/22\/governanca-metropolitana-dos-transportes-105-anos-do-ie\/#primaryimage\"},\"image\":{\"@id\":\"https:\/\/www.institutodeengenharia.org.br\/site\/2021\/10\/22\/governanca-metropolitana-dos-transportes-105-anos-do-ie\/#primaryimage\"},\"thumbnailUrl\":\"https:\/\/www.institutodeengenharia.org.br\/site\/wp-content\/uploads\/2021\/09\/governanca.jpg\",\"datePublished\":\"2021-10-22T17:29:14+00:00\",\"breadcrumb\":{\"@id\":\"https:\/\/www.institutodeengenharia.org.br\/site\/2021\/10\/22\/governanca-metropolitana-dos-transportes-105-anos-do-ie\/#breadcrumb\"},\"inLanguage\":\"pt-BR\",\"potentialAction\":[{\"@type\":\"ReadAction\",\"target\":[\"https:\/\/www.institutodeengenharia.org.br\/site\/2021\/10\/22\/governanca-metropolitana-dos-transportes-105-anos-do-ie\/\"]}]},{\"@type\":\"ImageObject\",\"inLanguage\":\"pt-BR\",\"@id\":\"https:\/\/www.institutodeengenharia.org.br\/site\/2021\/10\/22\/governanca-metropolitana-dos-transportes-105-anos-do-ie\/#primaryimage\",\"url\":\"https:\/\/www.institutodeengenharia.org.br\/site\/wp-content\/uploads\/2021\/09\/governanca.jpg\",\"contentUrl\":\"https:\/\/www.institutodeengenharia.org.br\/site\/wp-content\/uploads\/2021\/09\/governanca.jpg\",\"width\":1880,\"height\":1056},{\"@type\":\"BreadcrumbList\",\"@id\":\"https:\/\/www.institutodeengenharia.org.br\/site\/2021\/10\/22\/governanca-metropolitana-dos-transportes-105-anos-do-ie\/#breadcrumb\",\"itemListElement\":[{\"@type\":\"ListItem\",\"position\":1,\"name\":\"In\u00edcio\",\"item\":\"https:\/\/www.institutodeengenharia.org.br\/site\/\"},{\"@type\":\"ListItem\",\"position\":2,\"name\":\"Governan\u00e7a Metropolitana dos Transportes &#8211; 105 anos do IE\"}]},{\"@type\":\"WebSite\",\"@id\":\"https:\/\/www.institutodeengenharia.org.br\/site\/#website\",\"url\":\"https:\/\/www.institutodeengenharia.org.br\/site\/\",\"name\":\"Instituto de Engenharia\",\"description\":\"O Instituto de Engenharia promove a Engenharia em benef\u00edcio do desenvolvimento e da qualidade de vida da sociedade.\",\"publisher\":{\"@id\":\"https:\/\/www.institutodeengenharia.org.br\/site\/#organization\"},\"potentialAction\":[{\"@type\":\"SearchAction\",\"target\":{\"@type\":\"EntryPoint\",\"urlTemplate\":\"https:\/\/www.institutodeengenharia.org.br\/site\/?s={search_term_string}\"},\"query-input\":{\"@type\":\"PropertyValueSpecification\",\"valueRequired\":true,\"valueName\":\"search_term_string\"}}],\"inLanguage\":\"pt-BR\"},{\"@type\":\"Organization\",\"@id\":\"https:\/\/www.institutodeengenharia.org.br\/site\/#organization\",\"name\":\"Instituto de Engenharia\",\"url\":\"https:\/\/www.institutodeengenharia.org.br\/site\/\",\"logo\":{\"@type\":\"ImageObject\",\"inLanguage\":\"pt-BR\",\"@id\":\"https:\/\/www.institutodeengenharia.org.br\/site\/#\/schema\/logo\/image\/\",\"url\":\"https:\/\/www.institutodeengenharia.org.br\/site\/wp-content\/uploads\/2019\/03\/logo-novo-IE2018-1.jpg\",\"contentUrl\":\"https:\/\/www.institutodeengenharia.org.br\/site\/wp-content\/uploads\/2019\/03\/logo-novo-IE2018-1.jpg\",\"width\":1486,\"height\":1879,\"caption\":\"Instituto de Engenharia\"},\"image\":{\"@id\":\"https:\/\/www.institutodeengenharia.org.br\/site\/#\/schema\/logo\/image\/\"},\"sameAs\":[\"https:\/\/www.facebook.com\/institutodeengenharia\",\"https:\/\/x.com\/iengenharia\",\"https:\/\/www.instagram.com\/institutodeengenharia\/\",\"https:\/\/www.linkedin.com\/company\/instituto-de-engenharia\/\",\"https:\/\/www.youtube.com\/channel\/UCXiCAlsSMe977vamW915HxA\"]},{\"@type\":\"Person\",\"@id\":\"https:\/\/www.institutodeengenharia.org.br\/site\/#\/schema\/person\/aeb64951c405e100d26d30b033dd423f\",\"name\":\"Bianca\",\"image\":{\"@type\":\"ImageObject\",\"inLanguage\":\"pt-BR\",\"@id\":\"https:\/\/secure.gravatar.com\/avatar\/a6fbe9bff57405baf4c1e2c5c1811e072b558253974a9f9508f4678900c97c2a?s=96&d=mm&r=g\",\"url\":\"https:\/\/secure.gravatar.com\/avatar\/a6fbe9bff57405baf4c1e2c5c1811e072b558253974a9f9508f4678900c97c2a?s=96&d=mm&r=g\",\"contentUrl\":\"https:\/\/secure.gravatar.com\/avatar\/a6fbe9bff57405baf4c1e2c5c1811e072b558253974a9f9508f4678900c97c2a?s=96&d=mm&r=g\",\"caption\":\"Bianca\"},\"url\":\"https:\/\/www.institutodeengenharia.org.br\/site\/author\/comunicacao1\/\"}]}<\/script>\n<!-- \/ Yoast SEO plugin. -->","yoast_head_json":{"title":"Governan\u00e7a Metropolitana dos Transportes - 105 anos do IE - Instituto de Engenharia","robots":{"index":"index","follow":"follow","max-snippet":"max-snippet:-1","max-image-preview":"max-image-preview:large","max-video-preview":"max-video-preview:-1"},"canonical":"https:\/\/www.institutodeengenharia.org.br\/site\/2021\/10\/22\/governanca-metropolitana-dos-transportes-105-anos-do-ie\/","og_locale":"pt_BR","og_type":"article","og_title":"Governan\u00e7a Metropolitana dos Transportes - 105 anos do IE","og_description":"Cumprindo seu compromisso de \u201cpromover a Engenharia em desenvolvimento e da qualidade de vida da sociedade\u201d, o Instituto de Engenharia se empenhou em discutir e desenvolver sua proposta t\u00e9cnica de Governan\u00e7a Metropolitana dos Transportes, que apresenta neste documento.","og_url":"https:\/\/www.institutodeengenharia.org.br\/site\/2021\/10\/22\/governanca-metropolitana-dos-transportes-105-anos-do-ie\/","og_site_name":"Instituto de Engenharia","article_publisher":"https:\/\/www.facebook.com\/institutodeengenharia","article_published_time":"2021-10-22T17:29:14+00:00","og_image":[{"width":1880,"height":1056,"url":"https:\/\/www.institutodeengenharia.org.br\/site\/wp-content\/uploads\/2021\/09\/governanca.jpg","type":"image\/jpeg"}],"author":"Bianca","twitter_card":"summary_large_image","twitter_title":"Governan\u00e7a Metropolitana dos Transportes - 105 anos do IE","twitter_description":"Cumprindo seu compromisso de \u201cpromover a Engenharia em desenvolvimento e da qualidade de vida da sociedade\u201d, o Instituto de Engenharia se empenhou em discutir e desenvolver sua proposta t\u00e9cnica de Governan\u00e7a Metropolitana dos Transportes, que apresenta neste documento.","twitter_image":"https:\/\/www.institutodeengenharia.org.br\/site\/wp-content\/uploads\/2021\/09\/governanca.jpg","twitter_creator":"@iengenharia","twitter_site":"@iengenharia","twitter_misc":{"Escrito por":"Bianca","Est. tempo de leitura":"9 minutos"},"schema":{"@context":"https:\/\/schema.org","@graph":[{"@type":"Article","@id":"https:\/\/www.institutodeengenharia.org.br\/site\/2021\/10\/22\/governanca-metropolitana-dos-transportes-105-anos-do-ie\/#article","isPartOf":{"@id":"https:\/\/www.institutodeengenharia.org.br\/site\/2021\/10\/22\/governanca-metropolitana-dos-transportes-105-anos-do-ie\/"},"author":{"name":"Bianca","@id":"https:\/\/www.institutodeengenharia.org.br\/site\/#\/schema\/person\/aeb64951c405e100d26d30b033dd423f"},"headline":"Governan\u00e7a Metropolitana dos Transportes &#8211; 105 anos do IE","datePublished":"2021-10-22T17:29:14+00:00","mainEntityOfPage":{"@id":"https:\/\/www.institutodeengenharia.org.br\/site\/2021\/10\/22\/governanca-metropolitana-dos-transportes-105-anos-do-ie\/"},"wordCount":1709,"commentCount":0,"publisher":{"@id":"https:\/\/www.institutodeengenharia.org.br\/site\/#organization"},"image":{"@id":"https:\/\/www.institutodeengenharia.org.br\/site\/2021\/10\/22\/governanca-metropolitana-dos-transportes-105-anos-do-ie\/#primaryimage"},"thumbnailUrl":"https:\/\/www.institutodeengenharia.org.br\/site\/wp-content\/uploads\/2021\/09\/governanca.jpg","articleSection":["Nova TV Engenharia","Palestra"],"inLanguage":"pt-BR","potentialAction":[{"@type":"CommentAction","name":"Comment","target":["https:\/\/www.institutodeengenharia.org.br\/site\/2021\/10\/22\/governanca-metropolitana-dos-transportes-105-anos-do-ie\/#respond"]}]},{"@type":"WebPage","@id":"https:\/\/www.institutodeengenharia.org.br\/site\/2021\/10\/22\/governanca-metropolitana-dos-transportes-105-anos-do-ie\/","url":"https:\/\/www.institutodeengenharia.org.br\/site\/2021\/10\/22\/governanca-metropolitana-dos-transportes-105-anos-do-ie\/","name":"Governan\u00e7a Metropolitana dos Transportes - 105 anos do IE - Instituto de Engenharia","isPartOf":{"@id":"https:\/\/www.institutodeengenharia.org.br\/site\/#website"},"primaryImageOfPage":{"@id":"https:\/\/www.institutodeengenharia.org.br\/site\/2021\/10\/22\/governanca-metropolitana-dos-transportes-105-anos-do-ie\/#primaryimage"},"image":{"@id":"https:\/\/www.institutodeengenharia.org.br\/site\/2021\/10\/22\/governanca-metropolitana-dos-transportes-105-anos-do-ie\/#primaryimage"},"thumbnailUrl":"https:\/\/www.institutodeengenharia.org.br\/site\/wp-content\/uploads\/2021\/09\/governanca.jpg","datePublished":"2021-10-22T17:29:14+00:00","breadcrumb":{"@id":"https:\/\/www.institutodeengenharia.org.br\/site\/2021\/10\/22\/governanca-metropolitana-dos-transportes-105-anos-do-ie\/#breadcrumb"},"inLanguage":"pt-BR","potentialAction":[{"@type":"ReadAction","target":["https:\/\/www.institutodeengenharia.org.br\/site\/2021\/10\/22\/governanca-metropolitana-dos-transportes-105-anos-do-ie\/"]}]},{"@type":"ImageObject","inLanguage":"pt-BR","@id":"https:\/\/www.institutodeengenharia.org.br\/site\/2021\/10\/22\/governanca-metropolitana-dos-transportes-105-anos-do-ie\/#primaryimage","url":"https:\/\/www.institutodeengenharia.org.br\/site\/wp-content\/uploads\/2021\/09\/governanca.jpg","contentUrl":"https:\/\/www.institutodeengenharia.org.br\/site\/wp-content\/uploads\/2021\/09\/governanca.jpg","width":1880,"height":1056},{"@type":"BreadcrumbList","@id":"https:\/\/www.institutodeengenharia.org.br\/site\/2021\/10\/22\/governanca-metropolitana-dos-transportes-105-anos-do-ie\/#breadcrumb","itemListElement":[{"@type":"ListItem","position":1,"name":"In\u00edcio","item":"https:\/\/www.institutodeengenharia.org.br\/site\/"},{"@type":"ListItem","position":2,"name":"Governan\u00e7a Metropolitana dos Transportes &#8211; 105 anos do IE"}]},{"@type":"WebSite","@id":"https:\/\/www.institutodeengenharia.org.br\/site\/#website","url":"https:\/\/www.institutodeengenharia.org.br\/site\/","name":"Instituto de Engenharia","description":"O Instituto de Engenharia promove a Engenharia em benef\u00edcio do desenvolvimento e da qualidade de vida da sociedade.","publisher":{"@id":"https:\/\/www.institutodeengenharia.org.br\/site\/#organization"},"potentialAction":[{"@type":"SearchAction","target":{"@type":"EntryPoint","urlTemplate":"https:\/\/www.institutodeengenharia.org.br\/site\/?s={search_term_string}"},"query-input":{"@type":"PropertyValueSpecification","valueRequired":true,"valueName":"search_term_string"}}],"inLanguage":"pt-BR"},{"@type":"Organization","@id":"https:\/\/www.institutodeengenharia.org.br\/site\/#organization","name":"Instituto de Engenharia","url":"https:\/\/www.institutodeengenharia.org.br\/site\/","logo":{"@type":"ImageObject","inLanguage":"pt-BR","@id":"https:\/\/www.institutodeengenharia.org.br\/site\/#\/schema\/logo\/image\/","url":"https:\/\/www.institutodeengenharia.org.br\/site\/wp-content\/uploads\/2019\/03\/logo-novo-IE2018-1.jpg","contentUrl":"https:\/\/www.institutodeengenharia.org.br\/site\/wp-content\/uploads\/2019\/03\/logo-novo-IE2018-1.jpg","width":1486,"height":1879,"caption":"Instituto de Engenharia"},"image":{"@id":"https:\/\/www.institutodeengenharia.org.br\/site\/#\/schema\/logo\/image\/"},"sameAs":["https:\/\/www.facebook.com\/institutodeengenharia","https:\/\/x.com\/iengenharia","https:\/\/www.instagram.com\/institutodeengenharia\/","https:\/\/www.linkedin.com\/company\/instituto-de-engenharia\/","https:\/\/www.youtube.com\/channel\/UCXiCAlsSMe977vamW915HxA"]},{"@type":"Person","@id":"https:\/\/www.institutodeengenharia.org.br\/site\/#\/schema\/person\/aeb64951c405e100d26d30b033dd423f","name":"Bianca","image":{"@type":"ImageObject","inLanguage":"pt-BR","@id":"https:\/\/secure.gravatar.com\/avatar\/a6fbe9bff57405baf4c1e2c5c1811e072b558253974a9f9508f4678900c97c2a?s=96&d=mm&r=g","url":"https:\/\/secure.gravatar.com\/avatar\/a6fbe9bff57405baf4c1e2c5c1811e072b558253974a9f9508f4678900c97c2a?s=96&d=mm&r=g","contentUrl":"https:\/\/secure.gravatar.com\/avatar\/a6fbe9bff57405baf4c1e2c5c1811e072b558253974a9f9508f4678900c97c2a?s=96&d=mm&r=g","caption":"Bianca"},"url":"https:\/\/www.institutodeengenharia.org.br\/site\/author\/comunicacao1\/"}]}},"_links":{"self":[{"href":"https:\/\/www.institutodeengenharia.org.br\/site\/wp-json\/wp\/v2\/posts\/87330","targetHints":{"allow":["GET"]}}],"collection":[{"href":"https:\/\/www.institutodeengenharia.org.br\/site\/wp-json\/wp\/v2\/posts"}],"about":[{"href":"https:\/\/www.institutodeengenharia.org.br\/site\/wp-json\/wp\/v2\/types\/post"}],"author":[{"embeddable":true,"href":"https:\/\/www.institutodeengenharia.org.br\/site\/wp-json\/wp\/v2\/users\/13"}],"replies":[{"embeddable":true,"href":"https:\/\/www.institutodeengenharia.org.br\/site\/wp-json\/wp\/v2\/comments?post=87330"}],"version-history":[{"count":1,"href":"https:\/\/www.institutodeengenharia.org.br\/site\/wp-json\/wp\/v2\/posts\/87330\/revisions"}],"predecessor-version":[{"id":87332,"href":"https:\/\/www.institutodeengenharia.org.br\/site\/wp-json\/wp\/v2\/posts\/87330\/revisions\/87332"}],"wp:featuredmedia":[{"embeddable":true,"href":"https:\/\/www.institutodeengenharia.org.br\/site\/wp-json\/wp\/v2\/media\/85604"}],"wp:attachment":[{"href":"https:\/\/www.institutodeengenharia.org.br\/site\/wp-json\/wp\/v2\/media?parent=87330"}],"wp:term":[{"taxonomy":"category","embeddable":true,"href":"https:\/\/www.institutodeengenharia.org.br\/site\/wp-json\/wp\/v2\/categories?post=87330"},{"taxonomy":"post_tag","embeddable":true,"href":"https:\/\/www.institutodeengenharia.org.br\/site\/wp-json\/wp\/v2\/tags?post=87330"}],"curies":[{"name":"wp","href":"https:\/\/api.w.org\/{rel}","templated":true}]}}