{"id":87325,"date":"2021-10-22T14:22:03","date_gmt":"2021-10-22T17:22:03","guid":{"rendered":"https:\/\/www.institutodeengenharia.org.br\/site\/?p=87325"},"modified":"2021-10-22T14:22:03","modified_gmt":"2021-10-22T17:22:03","slug":"lancamento-da-cartilha-do-5g-105-anos-do-ie","status":"publish","type":"post","link":"https:\/\/www.institutodeengenharia.org.br\/site\/2021\/10\/22\/lancamento-da-cartilha-do-5g-105-anos-do-ie\/","title":{"rendered":"Lan\u00e7amento da cartilha do 5G &#8211; 105 anos do IE"},"content":{"rendered":"<p><strong>Assista abaixo \u00e0 grava\u00e7\u00e3o do evento:<\/strong><\/p>\n<div style=\"padding: 56.25% 0 0 0; position: relative;\"><iframe style=\"position: absolute; top: 0; left: 0; width: 100%; height: 100%;\" title=\"Lan&amp;ccedil;amento da cartilha do 5G - 105 anos do IE\" src=\"https:\/\/player.vimeo.com\/video\/637827248?h=6e47ed5e15&amp;badge=0&amp;autopause=0&amp;player_id=0&amp;app_id=58479\" frameborder=\"0\" allowfullscreen=\"allowfullscreen\"><\/iframe><\/div>\n<p><script src=\"https:\/\/player.vimeo.com\/api\/player.js\"><\/script><\/p>\n<p><strong>+ Informa\u00e7\u00f5es:<\/strong><\/p>\n<p>A palestra constar\u00e1 de uma breve explica\u00e7\u00e3o sobre o que \u00e9 a tecnologia 5G, seus benef\u00edcios e desafios para sua instala\u00e7\u00e3o no territ\u00f3rio nacional, al\u00e9m de explica\u00e7\u00e3o sobre os objetivos e trabalho envolvido no desenvolvimento da Cartilha 5G.<\/p>\n<p><strong>P\u00fablico-alvo:<\/strong><\/p>\n<p>Engenheiros, estudantes de engenharia e demais interessados em tecnologia.<\/p>\n<p><em><b>Conhe\u00e7a os participantes:<\/b><\/em><\/p>\n<p><strong>Adilson Jos\u00e9 do Amaral<\/strong><\/p>\n<p>Engenheiro Eletricista \u2013 Eletr\u00f4nico pela ESCOLA DE ENGENHARIA MAU\u00c1, ano 1973. Participou nos cursos, a n\u00edvel de P\u00f3s-Gradua\u00e7\u00e3o, de Comunica\u00e7\u00e3o de Dados do INATEL (2000 a 2001) e Arquitetura de Redes de Computadores do Laborat\u00f3rio de Arquitetura e Redes de Computadores (LARC) da EPUSP (2002 a 2003).<\/p>\n<p>Atualmente se dedica a \u00e1rea da Tecnologia da Informa\u00e7\u00e3o (TI), Projetos de Instala\u00e7\u00f5es El\u00e9tricas e de Prote\u00e7\u00e3o de Descargas Atmosf\u00e9ricas (PDA).<\/p>\n<p>Trabalhou na Telecomunica\u00e7\u00f5es do Paran\u00e1 S\/A de 1974 a 1999, sendo que na \u00c1rea de Opera\u00e7\u00f5es, atuou em Energia e Climatiza\u00e7\u00e3o, Transmiss\u00e3o, Administrativa, Financeira, Comercial e, com \u00eanfase, Comuta\u00e7\u00e3o, Rede Externa, incluindo Projeto e Constru\u00e7\u00e3o, e Comunica\u00e7\u00e3o de Dados.<\/p>\n<p><strong><img loading=\"lazy\" decoding=\"async\" class=\"wp-image-86054 alignleft td-animation-stack-type0-2\" src=\"https:\/\/www.institutodeengenharia.org.br\/site\/wp-content\/uploads\/2021\/09\/alessandrolaneve.jpg\" alt=\"\" width=\"157\" height=\"209\" srcset=\"https:\/\/www.institutodeengenharia.org.br\/site\/wp-content\/uploads\/2021\/09\/alessandrolaneve.jpg 388w, https:\/\/www.institutodeengenharia.org.br\/site\/wp-content\/uploads\/2021\/09\/alessandrolaneve-225x300.jpg 225w, https:\/\/www.institutodeengenharia.org.br\/site\/wp-content\/uploads\/2021\/09\/alessandrolaneve-315x420.jpg 315w\" sizes=\"auto, (max-width: 157px) 100vw, 157px\" \/>Alessandro La Neve<\/strong><\/p>\n<p>Engenheiro Eletricista, op\u00e7\u00e3o eletr\u00f4nica, pela Faculdade de Engenharia Industrial, 1973. Mestre em Engenharia El\u00e9trica \u2013 \u00c1rea: Sistemas Digitais, pela Escola Polit\u00e9cnica da USP, 1980. Doutor em Engenharia El\u00e9trica, \u00e1rea de sistemas digitais, pela Escola Polit\u00e9cnica da USP, 1982. P\u00f3s-Doutorado em Engenharia El\u00e9trica, no LSI da Escola Polit\u00e9cnica da USP, desenvolvendo estudos em Arquiteturas de Computadores de Alto Desempenho ,1983-1985.<\/p>\n<p>Pesquisador do LSI- Laborat\u00f3rio de Sistemas Integr\u00e1veis \/ EPUSP, de 1976 at\u00e9 1985<\/p>\n<p>Professor da FEI, de 1974 at\u00e9 2019.<\/p>\n<p>Pesquisador e coordenador do PA, Projeto Automa\u00e7\u00e3o, do Instituto de Pesquisas e Estudos Industriais \u2013 IPEI, da FCA, de 1978 at\u00e9 1983.<\/p>\n<p>Coordenador do curso de p\u00f3s-gradua\u00e7\u00e3o na FEI, Mestrado em Engenharia El\u00e9trica, de 1982 at\u00e9 1992.<\/p>\n<p>Professor Titular do Departamento de Engenharia El\u00e9trica da FEI desde 01\/03\/86.<\/p>\n<p>Coordenador do Centro de Computa\u00e7\u00e3o Integrada \u2013 CCI de 1992 a julho de 1995.<\/p>\n<p>Vice-Diretor Acad\u00eamico da FEI de 1995 a 2001.<\/p>\n<p>Secret\u00e1rio Geral Extraordin\u00e1rio do Centro Universit\u00e1rio da FEI, de 2002 2019. Coordenador do Vestibular da FEI 1995 a 2019.<\/p>\n<p>Coordenador do Setor de Est\u00e1gios da FEI de 1995 a 2019.<\/p>\n<p><img loading=\"lazy\" decoding=\"async\" class=\"alignnone wp-image-85852 alignright td-animation-stack-type0-2\" src=\"https:\/\/www.institutodeengenharia.org.br\/site\/wp-content\/uploads\/2021\/09\/flavia-200x300.jpg\" alt=\"\" width=\"158\" height=\"237\" srcset=\"https:\/\/www.institutodeengenharia.org.br\/site\/wp-content\/uploads\/2021\/09\/flavia-200x300.jpg 200w, https:\/\/www.institutodeengenharia.org.br\/site\/wp-content\/uploads\/2021\/09\/flavia.jpg 201w\" sizes=\"auto, (max-width: 158px) 100vw, 158px\" \/><\/p>\n<p><strong>Flavia Bartkevicius Cruz<\/strong><\/p>\n<p>Engenheira Eletricista-Eletr\u00f4nica pela Escola de Engenharia Mau\u00e1, Especializa\u00e7\u00e3o em Engenharia Ferrovi\u00e1ria e Metroferrovi\u00e1ria. Especialista em Empreendedorismo e Inova\u00e7\u00e3o Tecnol\u00f3gica nas Engenharias (parceria UNESP\/CREA\/UNIVESP). Atua como consultora na parte de infraestrutura de telecom.<\/p>\n<p>Atua no IE desde 2015 como Coordenadora da Divis\u00e3o T\u00e9cnica de Telecomunica\u00e7\u00f5es.<\/p>\n<p>Respons\u00e1vel pela cria\u00e7\u00e3o do Grupo de Mulheres do IE (COMET \u2013 Comit\u00ea para Valoriza\u00e7\u00e3o das Mulheres na Engenharia e Tecnologia),<\/p>\n<p>Em mar\u00e7o de 2021 foi eleita vice-presidente de Assuntos Internos do Instituto de Engenharia.<\/p>\n<p><img loading=\"lazy\" decoding=\"async\" class=\"alignnone wp-image-85853 alignleft td-animation-stack-type0-2\" src=\"https:\/\/www.institutodeengenharia.org.br\/site\/wp-content\/uploads\/2021\/09\/marcosl.png\" alt=\"\" width=\"241\" height=\"159\" \/><\/p>\n<p><strong>Marcos Agenor Lazarini<\/strong><\/p>\n<p>Eng. Eletricista com ampla experi\u00eancia em Telecomunica\u00e7\u00f5es e TI tendo atuado por mais de 30 anos nas \u00e1reas de Sistemas Celulares, Redes \u00d3ticas, Transmiss\u00e3o e Comuta\u00e7\u00e3o de Voz e Dados. Sendo executivo de produtos e neg\u00f3cios em empresas nacionais e experi\u00eancia internacional para o mercado Brasileiro e Am\u00e9rica Latina. \u00c9 consultor para a transforma\u00e7\u00e3o digital e desenvolvimento de produtos e mercado para<em>\u00a0Internet das Coisas.<\/em><\/p>\n<p>&nbsp;<\/p>\n<p><strong>Fa\u00e7a j\u00e1 sua inscri\u00e7\u00e3o para esta e as demais palestras:<\/strong><\/p>\n<p><a href=\"https:\/\/www.institutodeengenharia.org.br\/site\/events\/amazonia-e-bioeconomia\/\">Passado, Presente e Futuro da Amaz\u00f4nia\u00a0<\/a><br \/>\n<a href=\"https:\/\/www.institutodeengenharia.org.br\/site\/events\/hidrovias-do-brasil\/\">A Import\u00e2ncia da Navega\u00e7\u00e3o na Matriz de Transporte l<\/a><br \/>\n<a href=\"https:\/\/www.institutodeengenharia.org.br\/site\/events\/governanca-metropolitana-dos-transportes\/\">Governan\u00e7a Metropolitana dos Transportes<\/a><\/p>\n<p><strong>Realiza\u00e7\u00e3o:<\/strong><\/p>\n<p><strong>Eng. Ivan Metran Whately<\/strong>\u00a0\u2013 Vice-Presidente de Atividades T\u00e9cnicas<\/p>\n<p><strong>Eng. Al\u00e9ssio Bento Borelli<\/strong>\u00a0\u2013 Diretor do Departamento de Desenvolvimento de Tecnologia, Ind\u00fastria, Energia e Telecomunica\u00e7\u00f5es<\/p>\n<p><strong>Apoio Institucional:<\/strong><\/p>\n<p><img loading=\"lazy\" decoding=\"async\" class=\"alignnone wp-image-77696 td-animation-stack-type0-2\" src=\"https:\/\/www.institutodeengenharia.org.br\/site\/wp-content\/uploads\/2021\/02\/crea.jpg\" alt=\"\" width=\"142\" height=\"100\" srcset=\"https:\/\/www.institutodeengenharia.org.br\/site\/wp-content\/uploads\/2021\/02\/crea.jpg 448w, https:\/\/www.institutodeengenharia.org.br\/site\/wp-content\/uploads\/2021\/02\/crea-300x211.jpg 300w, https:\/\/www.institutodeengenharia.org.br\/site\/wp-content\/uploads\/2021\/02\/crea-100x70.jpg 100w\" sizes=\"auto, (max-width: 142px) 100vw, 142px\" \/><\/p>\n<p><strong>Apoio \u00e0 forma\u00e7\u00e3o:\u00a0<\/strong><\/p>\n<p>Espa\u00e7o aberto ao CREA-SP, objetivando o aperfei\u00e7oamento dos profissionais e o aprimoramento da fiscaliza\u00e7\u00e3o das \u00e1reas abrangidas pelo Sistema Confea\/CREAs, al\u00e9m de promover a conscientiza\u00e7\u00e3o da sociedade quanto \u00e0 necessidade e obrigatoriedade de contratar um profissional devidamente habilitado.<\/p>\n<p>&nbsp;<\/p>\n","protected":false},"excerpt":{"rendered":"<p>Assista abaixo \u00e0 grava\u00e7\u00e3o do evento: + Informa\u00e7\u00f5es: A palestra constar\u00e1 de uma breve explica\u00e7\u00e3o sobre o que \u00e9 a tecnologia 5G, seus benef\u00edcios e desafios para sua instala\u00e7\u00e3o no territ\u00f3rio nacional, al\u00e9m de explica\u00e7\u00e3o sobre os objetivos e trabalho envolvido no desenvolvimento da Cartilha 5G. P\u00fablico-alvo: Engenheiros, estudantes de engenharia e demais interessados em [&hellip;]<\/p>\n","protected":false},"author":13,"featured_media":85583,"comment_status":"open","ping_status":"open","sticky":false,"template":"","format":"standard","meta":{"footnotes":""},"categories":[968,969],"tags":[],"class_list":{"0":"post-87325","1":"post","2":"type-post","3":"status-publish","4":"format-standard","5":"has-post-thumbnail","7":"category-nova-tv-engenharia","8":"category-palestra"},"yoast_head":"<!-- This site is optimized with the Yoast SEO plugin v27.2 - https:\/\/yoast.com\/product\/yoast-seo-wordpress\/ -->\n<title>Lan\u00e7amento da cartilha do 5G - 105 anos do IE - Instituto de Engenharia<\/title>\n<meta name=\"robots\" content=\"index, follow, max-snippet:-1, max-image-preview:large, max-video-preview:-1\" \/>\n<link rel=\"canonical\" href=\"https:\/\/www.institutodeengenharia.org.br\/site\/2021\/10\/22\/lancamento-da-cartilha-do-5g-105-anos-do-ie\/\" \/>\n<meta property=\"og:locale\" content=\"pt_BR\" \/>\n<meta property=\"og:type\" content=\"article\" \/>\n<meta property=\"og:title\" content=\"Lan\u00e7amento da cartilha do 5G - 105 anos do IE\" \/>\n<meta property=\"og:description\" content=\"A palestra constar\u00e1 de uma breve explica\u00e7\u00e3o sobre o que \u00e9 a tecnologia 5G, seus benef\u00edcios e desafios para sua instala\u00e7\u00e3o no territ\u00f3rio nacional, al\u00e9m de explica\u00e7\u00e3o sobre os objetivos e trabalho envolvido no desenvolvimento da Cartilha 5G.\" \/>\n<meta property=\"og:url\" content=\"https:\/\/www.institutodeengenharia.org.br\/site\/2021\/10\/22\/lancamento-da-cartilha-do-5g-105-anos-do-ie\/\" \/>\n<meta property=\"og:site_name\" content=\"Instituto de Engenharia\" \/>\n<meta property=\"article:publisher\" content=\"https:\/\/www.facebook.com\/institutodeengenharia\" \/>\n<meta property=\"article:published_time\" content=\"2021-10-22T17:22:03+00:00\" \/>\n<meta property=\"og:image\" content=\"https:\/\/www.institutodeengenharia.org.br\/site\/wp-content\/uploads\/2021\/09\/IMAGEM-EVENTO.png\" \/>\n\t<meta property=\"og:image:width\" content=\"990\" \/>\n\t<meta property=\"og:image:height\" content=\"523\" \/>\n\t<meta property=\"og:image:type\" content=\"image\/png\" \/>\n<meta name=\"author\" content=\"Bianca\" \/>\n<meta name=\"twitter:card\" content=\"summary_large_image\" \/>\n<meta name=\"twitter:title\" content=\"Lan\u00e7amento da cartilha do 5G - 105 anos do IE\" \/>\n<meta name=\"twitter:description\" content=\"A palestra constar\u00e1 de uma breve explica\u00e7\u00e3o sobre o que \u00e9 a tecnologia 5G, seus benef\u00edcios e desafios para sua instala\u00e7\u00e3o no territ\u00f3rio nacional, al\u00e9m de explica\u00e7\u00e3o sobre os objetivos e trabalho envolvido no desenvolvimento da Cartilha 5G.\" \/>\n<meta name=\"twitter:image\" content=\"https:\/\/www.institutodeengenharia.org.br\/site\/wp-content\/uploads\/2021\/09\/IMAGEM-EVENTO.png\" \/>\n<meta name=\"twitter:creator\" content=\"@iengenharia\" \/>\n<meta name=\"twitter:site\" content=\"@iengenharia\" \/>\n<meta name=\"twitter:label1\" content=\"Escrito por\" \/>\n\t<meta name=\"twitter:data1\" content=\"Bianca\" \/>\n\t<meta name=\"twitter:label2\" content=\"Est. tempo de leitura\" \/>\n\t<meta name=\"twitter:data2\" content=\"3 minutos\" \/>\n<script type=\"application\/ld+json\" class=\"yoast-schema-graph\">{\"@context\":\"https:\/\/schema.org\",\"@graph\":[{\"@type\":\"Article\",\"@id\":\"https:\/\/www.institutodeengenharia.org.br\/site\/2021\/10\/22\/lancamento-da-cartilha-do-5g-105-anos-do-ie\/#article\",\"isPartOf\":{\"@id\":\"https:\/\/www.institutodeengenharia.org.br\/site\/2021\/10\/22\/lancamento-da-cartilha-do-5g-105-anos-do-ie\/\"},\"author\":{\"name\":\"Bianca\",\"@id\":\"https:\/\/www.institutodeengenharia.org.br\/site\/#\/schema\/person\/aeb64951c405e100d26d30b033dd423f\"},\"headline\":\"Lan\u00e7amento da cartilha do 5G &#8211; 105 anos do IE\",\"datePublished\":\"2021-10-22T17:22:03+00:00\",\"mainEntityOfPage\":{\"@id\":\"https:\/\/www.institutodeengenharia.org.br\/site\/2021\/10\/22\/lancamento-da-cartilha-do-5g-105-anos-do-ie\/\"},\"wordCount\":657,\"commentCount\":0,\"publisher\":{\"@id\":\"https:\/\/www.institutodeengenharia.org.br\/site\/#organization\"},\"image\":{\"@id\":\"https:\/\/www.institutodeengenharia.org.br\/site\/2021\/10\/22\/lancamento-da-cartilha-do-5g-105-anos-do-ie\/#primaryimage\"},\"thumbnailUrl\":\"https:\/\/www.institutodeengenharia.org.br\/site\/wp-content\/uploads\/2021\/09\/IMAGEM-EVENTO.png\",\"articleSection\":[\"Nova TV Engenharia\",\"Palestra\"],\"inLanguage\":\"pt-BR\",\"potentialAction\":[{\"@type\":\"CommentAction\",\"name\":\"Comment\",\"target\":[\"https:\/\/www.institutodeengenharia.org.br\/site\/2021\/10\/22\/lancamento-da-cartilha-do-5g-105-anos-do-ie\/#respond\"]}]},{\"@type\":\"WebPage\",\"@id\":\"https:\/\/www.institutodeengenharia.org.br\/site\/2021\/10\/22\/lancamento-da-cartilha-do-5g-105-anos-do-ie\/\",\"url\":\"https:\/\/www.institutodeengenharia.org.br\/site\/2021\/10\/22\/lancamento-da-cartilha-do-5g-105-anos-do-ie\/\",\"name\":\"Lan\u00e7amento da cartilha do 5G - 105 anos do IE - Instituto de Engenharia\",\"isPartOf\":{\"@id\":\"https:\/\/www.institutodeengenharia.org.br\/site\/#website\"},\"primaryImageOfPage\":{\"@id\":\"https:\/\/www.institutodeengenharia.org.br\/site\/2021\/10\/22\/lancamento-da-cartilha-do-5g-105-anos-do-ie\/#primaryimage\"},\"image\":{\"@id\":\"https:\/\/www.institutodeengenharia.org.br\/site\/2021\/10\/22\/lancamento-da-cartilha-do-5g-105-anos-do-ie\/#primaryimage\"},\"thumbnailUrl\":\"https:\/\/www.institutodeengenharia.org.br\/site\/wp-content\/uploads\/2021\/09\/IMAGEM-EVENTO.png\",\"datePublished\":\"2021-10-22T17:22:03+00:00\",\"breadcrumb\":{\"@id\":\"https:\/\/www.institutodeengenharia.org.br\/site\/2021\/10\/22\/lancamento-da-cartilha-do-5g-105-anos-do-ie\/#breadcrumb\"},\"inLanguage\":\"pt-BR\",\"potentialAction\":[{\"@type\":\"ReadAction\",\"target\":[\"https:\/\/www.institutodeengenharia.org.br\/site\/2021\/10\/22\/lancamento-da-cartilha-do-5g-105-anos-do-ie\/\"]}]},{\"@type\":\"ImageObject\",\"inLanguage\":\"pt-BR\",\"@id\":\"https:\/\/www.institutodeengenharia.org.br\/site\/2021\/10\/22\/lancamento-da-cartilha-do-5g-105-anos-do-ie\/#primaryimage\",\"url\":\"https:\/\/www.institutodeengenharia.org.br\/site\/wp-content\/uploads\/2021\/09\/IMAGEM-EVENTO.png\",\"contentUrl\":\"https:\/\/www.institutodeengenharia.org.br\/site\/wp-content\/uploads\/2021\/09\/IMAGEM-EVENTO.png\",\"width\":990,\"height\":523},{\"@type\":\"BreadcrumbList\",\"@id\":\"https:\/\/www.institutodeengenharia.org.br\/site\/2021\/10\/22\/lancamento-da-cartilha-do-5g-105-anos-do-ie\/#breadcrumb\",\"itemListElement\":[{\"@type\":\"ListItem\",\"position\":1,\"name\":\"In\u00edcio\",\"item\":\"https:\/\/www.institutodeengenharia.org.br\/site\/\"},{\"@type\":\"ListItem\",\"position\":2,\"name\":\"Lan\u00e7amento da cartilha do 5G &#8211; 105 anos do IE\"}]},{\"@type\":\"WebSite\",\"@id\":\"https:\/\/www.institutodeengenharia.org.br\/site\/#website\",\"url\":\"https:\/\/www.institutodeengenharia.org.br\/site\/\",\"name\":\"Instituto de Engenharia\",\"description\":\"O Instituto de Engenharia promove a Engenharia em benef\u00edcio do desenvolvimento e da qualidade de vida da sociedade.\",\"publisher\":{\"@id\":\"https:\/\/www.institutodeengenharia.org.br\/site\/#organization\"},\"potentialAction\":[{\"@type\":\"SearchAction\",\"target\":{\"@type\":\"EntryPoint\",\"urlTemplate\":\"https:\/\/www.institutodeengenharia.org.br\/site\/?s={search_term_string}\"},\"query-input\":{\"@type\":\"PropertyValueSpecification\",\"valueRequired\":true,\"valueName\":\"search_term_string\"}}],\"inLanguage\":\"pt-BR\"},{\"@type\":\"Organization\",\"@id\":\"https:\/\/www.institutodeengenharia.org.br\/site\/#organization\",\"name\":\"Instituto de Engenharia\",\"url\":\"https:\/\/www.institutodeengenharia.org.br\/site\/\",\"logo\":{\"@type\":\"ImageObject\",\"inLanguage\":\"pt-BR\",\"@id\":\"https:\/\/www.institutodeengenharia.org.br\/site\/#\/schema\/logo\/image\/\",\"url\":\"https:\/\/www.institutodeengenharia.org.br\/site\/wp-content\/uploads\/2019\/03\/logo-novo-IE2018-1.jpg\",\"contentUrl\":\"https:\/\/www.institutodeengenharia.org.br\/site\/wp-content\/uploads\/2019\/03\/logo-novo-IE2018-1.jpg\",\"width\":1486,\"height\":1879,\"caption\":\"Instituto de Engenharia\"},\"image\":{\"@id\":\"https:\/\/www.institutodeengenharia.org.br\/site\/#\/schema\/logo\/image\/\"},\"sameAs\":[\"https:\/\/www.facebook.com\/institutodeengenharia\",\"https:\/\/x.com\/iengenharia\",\"https:\/\/www.instagram.com\/institutodeengenharia\/\",\"https:\/\/www.linkedin.com\/company\/instituto-de-engenharia\/\",\"https:\/\/www.youtube.com\/channel\/UCXiCAlsSMe977vamW915HxA\"]},{\"@type\":\"Person\",\"@id\":\"https:\/\/www.institutodeengenharia.org.br\/site\/#\/schema\/person\/aeb64951c405e100d26d30b033dd423f\",\"name\":\"Bianca\",\"image\":{\"@type\":\"ImageObject\",\"inLanguage\":\"pt-BR\",\"@id\":\"https:\/\/secure.gravatar.com\/avatar\/a6fbe9bff57405baf4c1e2c5c1811e072b558253974a9f9508f4678900c97c2a?s=96&d=mm&r=g\",\"url\":\"https:\/\/secure.gravatar.com\/avatar\/a6fbe9bff57405baf4c1e2c5c1811e072b558253974a9f9508f4678900c97c2a?s=96&d=mm&r=g\",\"contentUrl\":\"https:\/\/secure.gravatar.com\/avatar\/a6fbe9bff57405baf4c1e2c5c1811e072b558253974a9f9508f4678900c97c2a?s=96&d=mm&r=g\",\"caption\":\"Bianca\"},\"url\":\"https:\/\/www.institutodeengenharia.org.br\/site\/author\/comunicacao1\/\"}]}<\/script>\n<!-- \/ Yoast SEO plugin. -->","yoast_head_json":{"title":"Lan\u00e7amento da cartilha do 5G - 105 anos do IE - Instituto de Engenharia","robots":{"index":"index","follow":"follow","max-snippet":"max-snippet:-1","max-image-preview":"max-image-preview:large","max-video-preview":"max-video-preview:-1"},"canonical":"https:\/\/www.institutodeengenharia.org.br\/site\/2021\/10\/22\/lancamento-da-cartilha-do-5g-105-anos-do-ie\/","og_locale":"pt_BR","og_type":"article","og_title":"Lan\u00e7amento da cartilha do 5G - 105 anos do IE","og_description":"A palestra constar\u00e1 de uma breve explica\u00e7\u00e3o sobre o que \u00e9 a tecnologia 5G, seus benef\u00edcios e desafios para sua instala\u00e7\u00e3o no territ\u00f3rio nacional, al\u00e9m de explica\u00e7\u00e3o sobre os objetivos e trabalho envolvido no desenvolvimento da Cartilha 5G.","og_url":"https:\/\/www.institutodeengenharia.org.br\/site\/2021\/10\/22\/lancamento-da-cartilha-do-5g-105-anos-do-ie\/","og_site_name":"Instituto de Engenharia","article_publisher":"https:\/\/www.facebook.com\/institutodeengenharia","article_published_time":"2021-10-22T17:22:03+00:00","og_image":[{"width":990,"height":523,"url":"https:\/\/www.institutodeengenharia.org.br\/site\/wp-content\/uploads\/2021\/09\/IMAGEM-EVENTO.png","type":"image\/png"}],"author":"Bianca","twitter_card":"summary_large_image","twitter_title":"Lan\u00e7amento da cartilha do 5G - 105 anos do IE","twitter_description":"A palestra constar\u00e1 de uma breve explica\u00e7\u00e3o sobre o que \u00e9 a tecnologia 5G, seus benef\u00edcios e desafios para sua instala\u00e7\u00e3o no territ\u00f3rio nacional, al\u00e9m de explica\u00e7\u00e3o sobre os objetivos e trabalho envolvido no desenvolvimento da Cartilha 5G.","twitter_image":"https:\/\/www.institutodeengenharia.org.br\/site\/wp-content\/uploads\/2021\/09\/IMAGEM-EVENTO.png","twitter_creator":"@iengenharia","twitter_site":"@iengenharia","twitter_misc":{"Escrito por":"Bianca","Est. tempo de leitura":"3 minutos"},"schema":{"@context":"https:\/\/schema.org","@graph":[{"@type":"Article","@id":"https:\/\/www.institutodeengenharia.org.br\/site\/2021\/10\/22\/lancamento-da-cartilha-do-5g-105-anos-do-ie\/#article","isPartOf":{"@id":"https:\/\/www.institutodeengenharia.org.br\/site\/2021\/10\/22\/lancamento-da-cartilha-do-5g-105-anos-do-ie\/"},"author":{"name":"Bianca","@id":"https:\/\/www.institutodeengenharia.org.br\/site\/#\/schema\/person\/aeb64951c405e100d26d30b033dd423f"},"headline":"Lan\u00e7amento da cartilha do 5G &#8211; 105 anos do IE","datePublished":"2021-10-22T17:22:03+00:00","mainEntityOfPage":{"@id":"https:\/\/www.institutodeengenharia.org.br\/site\/2021\/10\/22\/lancamento-da-cartilha-do-5g-105-anos-do-ie\/"},"wordCount":657,"commentCount":0,"publisher":{"@id":"https:\/\/www.institutodeengenharia.org.br\/site\/#organization"},"image":{"@id":"https:\/\/www.institutodeengenharia.org.br\/site\/2021\/10\/22\/lancamento-da-cartilha-do-5g-105-anos-do-ie\/#primaryimage"},"thumbnailUrl":"https:\/\/www.institutodeengenharia.org.br\/site\/wp-content\/uploads\/2021\/09\/IMAGEM-EVENTO.png","articleSection":["Nova TV Engenharia","Palestra"],"inLanguage":"pt-BR","potentialAction":[{"@type":"CommentAction","name":"Comment","target":["https:\/\/www.institutodeengenharia.org.br\/site\/2021\/10\/22\/lancamento-da-cartilha-do-5g-105-anos-do-ie\/#respond"]}]},{"@type":"WebPage","@id":"https:\/\/www.institutodeengenharia.org.br\/site\/2021\/10\/22\/lancamento-da-cartilha-do-5g-105-anos-do-ie\/","url":"https:\/\/www.institutodeengenharia.org.br\/site\/2021\/10\/22\/lancamento-da-cartilha-do-5g-105-anos-do-ie\/","name":"Lan\u00e7amento da cartilha do 5G - 105 anos do IE - Instituto de Engenharia","isPartOf":{"@id":"https:\/\/www.institutodeengenharia.org.br\/site\/#website"},"primaryImageOfPage":{"@id":"https:\/\/www.institutodeengenharia.org.br\/site\/2021\/10\/22\/lancamento-da-cartilha-do-5g-105-anos-do-ie\/#primaryimage"},"image":{"@id":"https:\/\/www.institutodeengenharia.org.br\/site\/2021\/10\/22\/lancamento-da-cartilha-do-5g-105-anos-do-ie\/#primaryimage"},"thumbnailUrl":"https:\/\/www.institutodeengenharia.org.br\/site\/wp-content\/uploads\/2021\/09\/IMAGEM-EVENTO.png","datePublished":"2021-10-22T17:22:03+00:00","breadcrumb":{"@id":"https:\/\/www.institutodeengenharia.org.br\/site\/2021\/10\/22\/lancamento-da-cartilha-do-5g-105-anos-do-ie\/#breadcrumb"},"inLanguage":"pt-BR","potentialAction":[{"@type":"ReadAction","target":["https:\/\/www.institutodeengenharia.org.br\/site\/2021\/10\/22\/lancamento-da-cartilha-do-5g-105-anos-do-ie\/"]}]},{"@type":"ImageObject","inLanguage":"pt-BR","@id":"https:\/\/www.institutodeengenharia.org.br\/site\/2021\/10\/22\/lancamento-da-cartilha-do-5g-105-anos-do-ie\/#primaryimage","url":"https:\/\/www.institutodeengenharia.org.br\/site\/wp-content\/uploads\/2021\/09\/IMAGEM-EVENTO.png","contentUrl":"https:\/\/www.institutodeengenharia.org.br\/site\/wp-content\/uploads\/2021\/09\/IMAGEM-EVENTO.png","width":990,"height":523},{"@type":"BreadcrumbList","@id":"https:\/\/www.institutodeengenharia.org.br\/site\/2021\/10\/22\/lancamento-da-cartilha-do-5g-105-anos-do-ie\/#breadcrumb","itemListElement":[{"@type":"ListItem","position":1,"name":"In\u00edcio","item":"https:\/\/www.institutodeengenharia.org.br\/site\/"},{"@type":"ListItem","position":2,"name":"Lan\u00e7amento da cartilha do 5G &#8211; 105 anos do IE"}]},{"@type":"WebSite","@id":"https:\/\/www.institutodeengenharia.org.br\/site\/#website","url":"https:\/\/www.institutodeengenharia.org.br\/site\/","name":"Instituto de Engenharia","description":"O Instituto de Engenharia promove a Engenharia em benef\u00edcio do desenvolvimento e da qualidade de vida da sociedade.","publisher":{"@id":"https:\/\/www.institutodeengenharia.org.br\/site\/#organization"},"potentialAction":[{"@type":"SearchAction","target":{"@type":"EntryPoint","urlTemplate":"https:\/\/www.institutodeengenharia.org.br\/site\/?s={search_term_string}"},"query-input":{"@type":"PropertyValueSpecification","valueRequired":true,"valueName":"search_term_string"}}],"inLanguage":"pt-BR"},{"@type":"Organization","@id":"https:\/\/www.institutodeengenharia.org.br\/site\/#organization","name":"Instituto de Engenharia","url":"https:\/\/www.institutodeengenharia.org.br\/site\/","logo":{"@type":"ImageObject","inLanguage":"pt-BR","@id":"https:\/\/www.institutodeengenharia.org.br\/site\/#\/schema\/logo\/image\/","url":"https:\/\/www.institutodeengenharia.org.br\/site\/wp-content\/uploads\/2019\/03\/logo-novo-IE2018-1.jpg","contentUrl":"https:\/\/www.institutodeengenharia.org.br\/site\/wp-content\/uploads\/2019\/03\/logo-novo-IE2018-1.jpg","width":1486,"height":1879,"caption":"Instituto de Engenharia"},"image":{"@id":"https:\/\/www.institutodeengenharia.org.br\/site\/#\/schema\/logo\/image\/"},"sameAs":["https:\/\/www.facebook.com\/institutodeengenharia","https:\/\/x.com\/iengenharia","https:\/\/www.instagram.com\/institutodeengenharia\/","https:\/\/www.linkedin.com\/company\/instituto-de-engenharia\/","https:\/\/www.youtube.com\/channel\/UCXiCAlsSMe977vamW915HxA"]},{"@type":"Person","@id":"https:\/\/www.institutodeengenharia.org.br\/site\/#\/schema\/person\/aeb64951c405e100d26d30b033dd423f","name":"Bianca","image":{"@type":"ImageObject","inLanguage":"pt-BR","@id":"https:\/\/secure.gravatar.com\/avatar\/a6fbe9bff57405baf4c1e2c5c1811e072b558253974a9f9508f4678900c97c2a?s=96&d=mm&r=g","url":"https:\/\/secure.gravatar.com\/avatar\/a6fbe9bff57405baf4c1e2c5c1811e072b558253974a9f9508f4678900c97c2a?s=96&d=mm&r=g","contentUrl":"https:\/\/secure.gravatar.com\/avatar\/a6fbe9bff57405baf4c1e2c5c1811e072b558253974a9f9508f4678900c97c2a?s=96&d=mm&r=g","caption":"Bianca"},"url":"https:\/\/www.institutodeengenharia.org.br\/site\/author\/comunicacao1\/"}]}},"_links":{"self":[{"href":"https:\/\/www.institutodeengenharia.org.br\/site\/wp-json\/wp\/v2\/posts\/87325","targetHints":{"allow":["GET"]}}],"collection":[{"href":"https:\/\/www.institutodeengenharia.org.br\/site\/wp-json\/wp\/v2\/posts"}],"about":[{"href":"https:\/\/www.institutodeengenharia.org.br\/site\/wp-json\/wp\/v2\/types\/post"}],"author":[{"embeddable":true,"href":"https:\/\/www.institutodeengenharia.org.br\/site\/wp-json\/wp\/v2\/users\/13"}],"replies":[{"embeddable":true,"href":"https:\/\/www.institutodeengenharia.org.br\/site\/wp-json\/wp\/v2\/comments?post=87325"}],"version-history":[{"count":1,"href":"https:\/\/www.institutodeengenharia.org.br\/site\/wp-json\/wp\/v2\/posts\/87325\/revisions"}],"predecessor-version":[{"id":87326,"href":"https:\/\/www.institutodeengenharia.org.br\/site\/wp-json\/wp\/v2\/posts\/87325\/revisions\/87326"}],"wp:featuredmedia":[{"embeddable":true,"href":"https:\/\/www.institutodeengenharia.org.br\/site\/wp-json\/wp\/v2\/media\/85583"}],"wp:attachment":[{"href":"https:\/\/www.institutodeengenharia.org.br\/site\/wp-json\/wp\/v2\/media?parent=87325"}],"wp:term":[{"taxonomy":"category","embeddable":true,"href":"https:\/\/www.institutodeengenharia.org.br\/site\/wp-json\/wp\/v2\/categories?post=87325"},{"taxonomy":"post_tag","embeddable":true,"href":"https:\/\/www.institutodeengenharia.org.br\/site\/wp-json\/wp\/v2\/tags?post=87325"}],"curies":[{"name":"wp","href":"https:\/\/api.w.org\/{rel}","templated":true}]}}