{"id":87318,"date":"2021-10-22T13:59:23","date_gmt":"2021-10-22T16:59:23","guid":{"rendered":"https:\/\/www.institutodeengenharia.org.br\/site\/?p=87318"},"modified":"2021-10-22T13:59:23","modified_gmt":"2021-10-22T16:59:23","slug":"passado-presente-e-futuro-da-amazonia-105-anos-do-ie","status":"publish","type":"post","link":"https:\/\/www.institutodeengenharia.org.br\/site\/2021\/10\/22\/passado-presente-e-futuro-da-amazonia-105-anos-do-ie\/","title":{"rendered":"Passado, Presente e Futuro da Amaz\u00f4nia &#8211; 105 anos do IE"},"content":{"rendered":"<p><strong>Assista abaixo \u00e0 grava\u00e7\u00e3o do evento:<\/strong><\/p>\n<div style=\"padding: 56.25% 0 0 0; position: relative;\"><iframe style=\"position: absolute; top: 0; left: 0; width: 100%; height: 100%;\" title=\"Passado, Presente e Futuro da Amaz&amp;ocirc;nia - 105 anos do IE\" src=\"https:\/\/player.vimeo.com\/video\/637826663?h=743b168142&amp;badge=0&amp;autopause=0&amp;player_id=0&amp;app_id=58479\" frameborder=\"0\" allowfullscreen=\"allowfullscreen\"><\/iframe><\/div>\n<p><script src=\"https:\/\/player.vimeo.com\/api\/player.js\"><\/script><\/p>\n<p><strong>+ Informa\u00e7\u00f5es:<\/strong><\/p>\n<p>Como parte das comemora\u00e7\u00f5es dos 105 anos do Instituto de Engenharia, realizaremos, de 13 a 15 de outubro, uma s\u00e9rie de palestras sobre os cadernos especiais.<\/p>\n<p>Dia 13 \u00e9 a vez do tema \u201c<a href=\"https:\/\/www.institutodeengenharia.org.br\/site\/amazonia-e-bioeconomia\/\">Amaz\u00f4nia e Bioeconomia \u2013 Sustentada em Ci\u00eancia, Tecnologia e Inova\u00e7\u00e3o<\/a>\u201c.<\/p>\n<p>O tema traz para discuss\u00e3o as oportunidades e desafios do Brasil na Bioeconomia e as mudan\u00e7as clim\u00e1ticas, \u00e1reas em que j\u00e1 existem exemplos de sucesso, resultantes da coopera\u00e7\u00e3o entre institui\u00e7\u00f5es p\u00fablicas, governo e iniciativa privada. O Pa\u00eds precisa investir mais em Educa\u00e7\u00e3o, Ci\u00eancia e Tecnologia e oferecer um ambiente de neg\u00f3cios est\u00e1vel e internacionalmente competitivo, para poder se apropriar de seu mais significativo diferencial: ter a biodiversidade do planeta, parte significativa dela, na Amaz\u00f4nia.<\/p>\n<p><em><strong>Palestrantes:<\/strong><\/em><\/p>\n<p><img loading=\"lazy\" decoding=\"async\" class=\"alignnone wp-image-85758 alignleft td-animation-stack-type0-2\" src=\"https:\/\/www.institutodeengenharia.org.br\/site\/wp-content\/uploads\/2021\/09\/alexandre.jpg\" alt=\"\" width=\"231\" height=\"231\" srcset=\"https:\/\/www.institutodeengenharia.org.br\/site\/wp-content\/uploads\/2021\/09\/alexandre.jpg 276w, https:\/\/www.institutodeengenharia.org.br\/site\/wp-content\/uploads\/2021\/09\/alexandre-150x150.jpg 150w, https:\/\/www.institutodeengenharia.org.br\/site\/wp-content\/uploads\/2021\/09\/alexandre-100x100.jpg 100w\" sizes=\"auto, (max-width: 231px) 100vw, 231px\" \/><\/p>\n<p><strong>Alexandre Silva Saraiva<\/strong><\/p>\n<p>\u00c9 Delegado de Pol\u00edcia Federal, Doutor em Ci\u00eancias Ambientais e Sustentabilidade da Amaz\u00f4nia no PPGCASA da Universidade Federal do Amazonas (UFAM), p\u00f3s-graduado em Gest\u00e3o de Organiza\u00e7\u00f5es de Seguran\u00e7a P\u00fablica pelo Instituto de Pesquisas do Rio de Janeiro \u2013 Universidade C\u00e2ndido Mendes e Escola de Pol\u00edticas P\u00fablicas e Governo e graduado em Direito pela Universidade Federal Fluminense. Foi Coordenador da Comiss\u00e3o Estadual de Seguran\u00e7a nos Portos, Terminais e Vias Naveg\u00e1veis no Estado do Amazonas (Cesportos\/AM). Foi tamb\u00e9m, por dez anos, Superintendente Regional da Pol\u00edcia Federal nos Estados de Roraima, Maranh\u00e3o e Amazonas. Faz parte do rol de professores da Academia Nacional de Pol\u00edcia (PF) na disciplina Crimes Ambientais. Coordenou diversas opera\u00e7\u00f5es da PF entre as quais se destacam: Ox\u00f3ssi, Iscariotes, Euterpe, Arquimedes e Handroanthus. Atua na \u00e1rea de Direito, com \u00eanfase em Direito de Pol\u00edcia Judici\u00e1ria, principalmente nos seguintes temas: investiga\u00e7\u00f5es de crimes ambientais, organiza\u00e7\u00f5es criminosas, corrup\u00e7\u00e3o e geointelig\u00eancia.<\/p>\n<p><img loading=\"lazy\" decoding=\"async\" class=\"alignnone wp-image-71417 alignright td-animation-stack-type0-2\" src=\"https:\/\/www.institutodeengenharia.org.br\/site\/wp-content\/uploads\/2020\/10\/carlos_nobre-e1615489315505-278x300.jpg\" alt=\"\" width=\"204\" height=\"220\" srcset=\"https:\/\/www.institutodeengenharia.org.br\/site\/wp-content\/uploads\/2020\/10\/carlos_nobre-e1615489315505-278x300.jpg 278w, https:\/\/www.institutodeengenharia.org.br\/site\/wp-content\/uploads\/2020\/10\/carlos_nobre-e1615489315505-768x829.jpg 768w, https:\/\/www.institutodeengenharia.org.br\/site\/wp-content\/uploads\/2020\/10\/carlos_nobre-e1615489315505-696x751.jpg 696w, https:\/\/www.institutodeengenharia.org.br\/site\/wp-content\/uploads\/2020\/10\/carlos_nobre-e1615489315505-389x420.jpg 389w, https:\/\/www.institutodeengenharia.org.br\/site\/wp-content\/uploads\/2020\/10\/carlos_nobre-e1615489315505-600x648.jpg 600w, https:\/\/www.institutodeengenharia.org.br\/site\/wp-content\/uploads\/2020\/10\/carlos_nobre-e1615489315505.jpg 934w\" sizes=\"auto, (max-width: 204px) 100vw, 204px\" \/><\/p>\n<p><strong>Carlos Nobre<\/strong><\/p>\n<p>Cientista, pesquisador e professor, Nobre \u00e9 refer\u00eancia de pesquisa em meio ambiente, em especial em florestas tropicais, como a Amaz\u00f4nia. Teve participa\u00e7\u00e3o importante no relat\u00f3rio de mudan\u00e7as clim\u00e1ticas que recebeu o Pr\u00eamio Nobel da Paz em 2007.<\/p>\n<p>Graduado em Engenharia Eletr\u00f4nica pelo Instituto Tecnol\u00f3gico da Aeron\u00e1utica \u2013 ITA, doutorado pelo Instituto de Tecnologia de Massachusetts \u2013 MIT, atualmente \u00e9 pesquisador s\u00eanior do Instituto de Estudos Avan\u00e7ados da Universidade de S\u00e3o Paulo (USP), e coordena o projeto Amaz\u00f4nia 4.0, iniciativa destinada a transformar a floresta em um centro tecnol\u00f3gico e de empreendedorismo sustent\u00e1vel.<\/p>\n<p>&nbsp;<\/p>\n<p>&nbsp;<\/p>\n<p><img loading=\"lazy\" decoding=\"async\" class=\"wp-image-85757 alignleft td-animation-stack-type0-2\" src=\"https:\/\/www.institutodeengenharia.org.br\/site\/wp-content\/uploads\/2021\/09\/marciosouza.jpg\" alt=\"\" width=\"254\" height=\"239\" \/><\/p>\n<p><strong>M\u00e1rcio Souza<\/strong><\/p>\n<p>\u00c9 romancista, dramaturgo, ensa\u00edsta, contista e diretor de cinema. \u00c9 membro da Academia Amazonense de Letras, foi professor assistente na Universidade de Berkeley e escritor residente nas universidades de Stanford, Austin e Dartmouth. Sua obra se destaca pela busca constante em desvendar a Amaz\u00f4nia. Autor de v\u00e1rios livros, entre eles Mad Maria, Galvez Imperador do Acre e sua obra mais recente Hist\u00f3ria da Amaz\u00f4nia: Do per\u00edodo pr\u00e9-colombiano aos desafios do s\u00e9culo XXI.<\/p>\n<p><em><strong>Moderador:<\/strong><\/em><\/p>\n<p><img loading=\"lazy\" decoding=\"async\" class=\"alignnone wp-image-77772 alignleft td-animation-stack-type0-2\" src=\"https:\/\/www.institutodeengenharia.org.br\/site\/wp-content\/uploads\/2021\/02\/George-Paulus.jpg\" alt=\"\" width=\"163\" height=\"163\" srcset=\"https:\/\/www.institutodeengenharia.org.br\/site\/wp-content\/uploads\/2021\/02\/George-Paulus.jpg 597w, https:\/\/www.institutodeengenharia.org.br\/site\/wp-content\/uploads\/2021\/02\/George-Paulus-300x300.jpg 300w, https:\/\/www.institutodeengenharia.org.br\/site\/wp-content\/uploads\/2021\/02\/George-Paulus-150x150.jpg 150w, https:\/\/www.institutodeengenharia.org.br\/site\/wp-content\/uploads\/2021\/02\/George-Paulus-420x420.jpg 420w, https:\/\/www.institutodeengenharia.org.br\/site\/wp-content\/uploads\/2021\/02\/George-Paulus-100x100.jpg 100w\" sizes=\"auto, (max-width: 163px) 100vw, 163px\" \/><\/p>\n<p><strong>Eng. George Paulus<\/strong><\/p>\n<p>Coordena o Grupo de Trabalho \u201cAmazonia e Bioeconomia\u201d e \u00e9 Conselheiro do Instituto de Engenharia.<\/p>\n<p>&nbsp;<\/p>\n<p>&nbsp;<\/p>\n<p><strong>Fa\u00e7a j\u00e1 sua inscri\u00e7\u00e3o para esta e as demais palestras:<\/strong><\/p>\n<p><a href=\"https:\/\/www.institutodeengenharia.org.br\/site\/events\/hidrovias-do-brasil\/\">A Import\u00e2ncia da Navega\u00e7\u00e3o na Matriz de Transporte<\/a><br \/>\n<a href=\"https:\/\/www.institutodeengenharia.org.br\/site\/events\/palestra-de-lancamento-da-cartilha-5g\/\">5G<\/a><br \/>\n<a href=\"https:\/\/www.institutodeengenharia.org.br\/site\/events\/governanca-metropolitana-dos-transportes\/\">Governan\u00e7a Metropolitana dos Transportes<\/a><\/p>\n<p><strong>Apoio Institucional:<\/strong><\/p>\n<p><img loading=\"lazy\" decoding=\"async\" class=\"alignnone wp-image-77696 td-animation-stack-type0-2\" src=\"https:\/\/www.institutodeengenharia.org.br\/site\/wp-content\/uploads\/2021\/02\/crea.jpg\" alt=\"\" width=\"142\" height=\"100\" srcset=\"https:\/\/www.institutodeengenharia.org.br\/site\/wp-content\/uploads\/2021\/02\/crea.jpg 448w, https:\/\/www.institutodeengenharia.org.br\/site\/wp-content\/uploads\/2021\/02\/crea-300x211.jpg 300w, https:\/\/www.institutodeengenharia.org.br\/site\/wp-content\/uploads\/2021\/02\/crea-100x70.jpg 100w\" sizes=\"auto, (max-width: 142px) 100vw, 142px\" \/><\/p>\n<p><strong>Apoio \u00e0 forma\u00e7\u00e3o:\u00a0<\/strong><\/p>\n<p>Espa\u00e7o aberto ao CREA-SP, objetivando o aperfei\u00e7oamento dos profissionais e o aprimoramento da fiscaliza\u00e7\u00e3o das \u00e1reas abrangidas pelo Sistema Confea\/CREAs, al\u00e9m de promover a conscientiza\u00e7\u00e3o da sociedade quanto \u00e0 necessidade e obrigatoriedade de contratar um profissional devidamente habilitado.<\/p>\n","protected":false},"excerpt":{"rendered":"<p>Assista abaixo \u00e0 grava\u00e7\u00e3o do evento: + Informa\u00e7\u00f5es: Como parte das comemora\u00e7\u00f5es dos 105 anos do Instituto de Engenharia, realizaremos, de 13 a 15 de outubro, uma s\u00e9rie de palestras sobre os cadernos especiais. Dia 13 \u00e9 a vez do tema \u201cAmaz\u00f4nia e Bioeconomia \u2013 Sustentada em Ci\u00eancia, Tecnologia e Inova\u00e7\u00e3o\u201c. O tema traz para [&hellip;]<\/p>\n","protected":false},"author":13,"featured_media":85320,"comment_status":"open","ping_status":"open","sticky":false,"template":"","format":"standard","meta":{"footnotes":""},"categories":[968,969],"tags":[],"class_list":{"0":"post-87318","1":"post","2":"type-post","3":"status-publish","4":"format-standard","5":"has-post-thumbnail","7":"category-nova-tv-engenharia","8":"category-palestra"},"yoast_head":"<!-- This site is optimized with the Yoast SEO plugin v27.2 - https:\/\/yoast.com\/product\/yoast-seo-wordpress\/ -->\n<title>Passado, Presente e Futuro da Amaz\u00f4nia - 105 anos do IE - Instituto de Engenharia<\/title>\n<meta name=\"robots\" content=\"index, follow, max-snippet:-1, max-image-preview:large, max-video-preview:-1\" \/>\n<link rel=\"canonical\" href=\"https:\/\/www.institutodeengenharia.org.br\/site\/2021\/10\/22\/passado-presente-e-futuro-da-amazonia-105-anos-do-ie\/\" \/>\n<meta property=\"og:locale\" content=\"pt_BR\" \/>\n<meta property=\"og:type\" content=\"article\" \/>\n<meta property=\"og:title\" content=\"Passado, Presente e Futuro da Amaz\u00f4nia - 105 anos do IE\" \/>\n<meta property=\"og:description\" content=\"O tema traz para discuss\u00e3o as oportunidades e desafios do Brasil na Bioeconomia e as mudan\u00e7as clim\u00e1ticas, \u00e1reas em que j\u00e1 existem exemplos de sucesso, resultantes da coopera\u00e7\u00e3o entre institui\u00e7\u00f5es p\u00fablicas, governo e iniciativa privada. O Pa\u00eds precisa investir mais em Educa\u00e7\u00e3o, Ci\u00eancia e Tecnologia e oferecer um ambiente de neg\u00f3cios est\u00e1vel e internacionalmente competitivo, para poder se apropriar de seu mais significativo diferencial: ter a biodiversidade do planeta, parte significativa dela, na Amaz\u00f4nia.\" \/>\n<meta property=\"og:url\" content=\"https:\/\/www.institutodeengenharia.org.br\/site\/2021\/10\/22\/passado-presente-e-futuro-da-amazonia-105-anos-do-ie\/\" \/>\n<meta property=\"og:site_name\" content=\"Instituto de Engenharia\" \/>\n<meta property=\"article:publisher\" content=\"https:\/\/www.facebook.com\/institutodeengenharia\" \/>\n<meta property=\"article:published_time\" content=\"2021-10-22T16:59:23+00:00\" \/>\n<meta property=\"og:image\" content=\"https:\/\/www.institutodeengenharia.org.br\/site\/wp-content\/uploads\/2021\/09\/amazonia.png\" \/>\n\t<meta property=\"og:image:width\" content=\"1245\" \/>\n\t<meta property=\"og:image:height\" content=\"577\" \/>\n\t<meta property=\"og:image:type\" content=\"image\/png\" \/>\n<meta name=\"author\" content=\"Bianca\" \/>\n<meta name=\"twitter:card\" content=\"summary_large_image\" \/>\n<meta name=\"twitter:title\" content=\"Passado, Presente e Futuro da Amaz\u00f4nia - 105 anos do IE\" \/>\n<meta name=\"twitter:description\" content=\"O tema traz para discuss\u00e3o as oportunidades e desafios do Brasil na Bioeconomia e as mudan\u00e7as clim\u00e1ticas, \u00e1reas em que j\u00e1 existem exemplos de sucesso, resultantes da coopera\u00e7\u00e3o entre institui\u00e7\u00f5es p\u00fablicas, governo e iniciativa privada. O Pa\u00eds precisa investir mais em Educa\u00e7\u00e3o, Ci\u00eancia e Tecnologia e oferecer um ambiente de neg\u00f3cios est\u00e1vel e internacionalmente competitivo, para poder se apropriar de seu mais significativo diferencial: ter a biodiversidade do planeta, parte significativa dela, na Amaz\u00f4nia.\" \/>\n<meta name=\"twitter:image\" content=\"https:\/\/www.institutodeengenharia.org.br\/site\/wp-content\/uploads\/2021\/09\/amazonia.png\" \/>\n<meta name=\"twitter:creator\" content=\"@iengenharia\" \/>\n<meta name=\"twitter:site\" content=\"@iengenharia\" \/>\n<meta name=\"twitter:label1\" content=\"Escrito por\" \/>\n\t<meta name=\"twitter:data1\" content=\"Bianca\" \/>\n\t<meta name=\"twitter:label2\" content=\"Est. tempo de leitura\" \/>\n\t<meta name=\"twitter:data2\" content=\"3 minutos\" \/>\n<script type=\"application\/ld+json\" class=\"yoast-schema-graph\">{\"@context\":\"https:\/\/schema.org\",\"@graph\":[{\"@type\":\"Article\",\"@id\":\"https:\/\/www.institutodeengenharia.org.br\/site\/2021\/10\/22\/passado-presente-e-futuro-da-amazonia-105-anos-do-ie\/#article\",\"isPartOf\":{\"@id\":\"https:\/\/www.institutodeengenharia.org.br\/site\/2021\/10\/22\/passado-presente-e-futuro-da-amazonia-105-anos-do-ie\/\"},\"author\":{\"name\":\"Bianca\",\"@id\":\"https:\/\/www.institutodeengenharia.org.br\/site\/#\/schema\/person\/aeb64951c405e100d26d30b033dd423f\"},\"headline\":\"Passado, Presente e Futuro da Amaz\u00f4nia &#8211; 105 anos do IE\",\"datePublished\":\"2021-10-22T16:59:23+00:00\",\"mainEntityOfPage\":{\"@id\":\"https:\/\/www.institutodeengenharia.org.br\/site\/2021\/10\/22\/passado-presente-e-futuro-da-amazonia-105-anos-do-ie\/\"},\"wordCount\":607,\"commentCount\":0,\"publisher\":{\"@id\":\"https:\/\/www.institutodeengenharia.org.br\/site\/#organization\"},\"image\":{\"@id\":\"https:\/\/www.institutodeengenharia.org.br\/site\/2021\/10\/22\/passado-presente-e-futuro-da-amazonia-105-anos-do-ie\/#primaryimage\"},\"thumbnailUrl\":\"https:\/\/www.institutodeengenharia.org.br\/site\/wp-content\/uploads\/2021\/09\/amazoniaebioeconomia.webp\",\"articleSection\":[\"Nova TV Engenharia\",\"Palestra\"],\"inLanguage\":\"pt-BR\",\"potentialAction\":[{\"@type\":\"CommentAction\",\"name\":\"Comment\",\"target\":[\"https:\/\/www.institutodeengenharia.org.br\/site\/2021\/10\/22\/passado-presente-e-futuro-da-amazonia-105-anos-do-ie\/#respond\"]}]},{\"@type\":\"WebPage\",\"@id\":\"https:\/\/www.institutodeengenharia.org.br\/site\/2021\/10\/22\/passado-presente-e-futuro-da-amazonia-105-anos-do-ie\/\",\"url\":\"https:\/\/www.institutodeengenharia.org.br\/site\/2021\/10\/22\/passado-presente-e-futuro-da-amazonia-105-anos-do-ie\/\",\"name\":\"Passado, Presente e Futuro da Amaz\u00f4nia - 105 anos do IE - Instituto de Engenharia\",\"isPartOf\":{\"@id\":\"https:\/\/www.institutodeengenharia.org.br\/site\/#website\"},\"primaryImageOfPage\":{\"@id\":\"https:\/\/www.institutodeengenharia.org.br\/site\/2021\/10\/22\/passado-presente-e-futuro-da-amazonia-105-anos-do-ie\/#primaryimage\"},\"image\":{\"@id\":\"https:\/\/www.institutodeengenharia.org.br\/site\/2021\/10\/22\/passado-presente-e-futuro-da-amazonia-105-anos-do-ie\/#primaryimage\"},\"thumbnailUrl\":\"https:\/\/www.institutodeengenharia.org.br\/site\/wp-content\/uploads\/2021\/09\/amazoniaebioeconomia.webp\",\"datePublished\":\"2021-10-22T16:59:23+00:00\",\"breadcrumb\":{\"@id\":\"https:\/\/www.institutodeengenharia.org.br\/site\/2021\/10\/22\/passado-presente-e-futuro-da-amazonia-105-anos-do-ie\/#breadcrumb\"},\"inLanguage\":\"pt-BR\",\"potentialAction\":[{\"@type\":\"ReadAction\",\"target\":[\"https:\/\/www.institutodeengenharia.org.br\/site\/2021\/10\/22\/passado-presente-e-futuro-da-amazonia-105-anos-do-ie\/\"]}]},{\"@type\":\"ImageObject\",\"inLanguage\":\"pt-BR\",\"@id\":\"https:\/\/www.institutodeengenharia.org.br\/site\/2021\/10\/22\/passado-presente-e-futuro-da-amazonia-105-anos-do-ie\/#primaryimage\",\"url\":\"https:\/\/www.institutodeengenharia.org.br\/site\/wp-content\/uploads\/2021\/09\/amazoniaebioeconomia.webp\",\"contentUrl\":\"https:\/\/www.institutodeengenharia.org.br\/site\/wp-content\/uploads\/2021\/09\/amazoniaebioeconomia.webp\",\"width\":1886,\"height\":786},{\"@type\":\"BreadcrumbList\",\"@id\":\"https:\/\/www.institutodeengenharia.org.br\/site\/2021\/10\/22\/passado-presente-e-futuro-da-amazonia-105-anos-do-ie\/#breadcrumb\",\"itemListElement\":[{\"@type\":\"ListItem\",\"position\":1,\"name\":\"In\u00edcio\",\"item\":\"https:\/\/www.institutodeengenharia.org.br\/site\/\"},{\"@type\":\"ListItem\",\"position\":2,\"name\":\"Passado, Presente e Futuro da Amaz\u00f4nia &#8211; 105 anos do IE\"}]},{\"@type\":\"WebSite\",\"@id\":\"https:\/\/www.institutodeengenharia.org.br\/site\/#website\",\"url\":\"https:\/\/www.institutodeengenharia.org.br\/site\/\",\"name\":\"Instituto de Engenharia\",\"description\":\"O Instituto de Engenharia promove a Engenharia em benef\u00edcio do desenvolvimento e da qualidade de vida da sociedade.\",\"publisher\":{\"@id\":\"https:\/\/www.institutodeengenharia.org.br\/site\/#organization\"},\"potentialAction\":[{\"@type\":\"SearchAction\",\"target\":{\"@type\":\"EntryPoint\",\"urlTemplate\":\"https:\/\/www.institutodeengenharia.org.br\/site\/?s={search_term_string}\"},\"query-input\":{\"@type\":\"PropertyValueSpecification\",\"valueRequired\":true,\"valueName\":\"search_term_string\"}}],\"inLanguage\":\"pt-BR\"},{\"@type\":\"Organization\",\"@id\":\"https:\/\/www.institutodeengenharia.org.br\/site\/#organization\",\"name\":\"Instituto de Engenharia\",\"url\":\"https:\/\/www.institutodeengenharia.org.br\/site\/\",\"logo\":{\"@type\":\"ImageObject\",\"inLanguage\":\"pt-BR\",\"@id\":\"https:\/\/www.institutodeengenharia.org.br\/site\/#\/schema\/logo\/image\/\",\"url\":\"https:\/\/www.institutodeengenharia.org.br\/site\/wp-content\/uploads\/2019\/03\/logo-novo-IE2018-1.jpg\",\"contentUrl\":\"https:\/\/www.institutodeengenharia.org.br\/site\/wp-content\/uploads\/2019\/03\/logo-novo-IE2018-1.jpg\",\"width\":1486,\"height\":1879,\"caption\":\"Instituto de Engenharia\"},\"image\":{\"@id\":\"https:\/\/www.institutodeengenharia.org.br\/site\/#\/schema\/logo\/image\/\"},\"sameAs\":[\"https:\/\/www.facebook.com\/institutodeengenharia\",\"https:\/\/x.com\/iengenharia\",\"https:\/\/www.instagram.com\/institutodeengenharia\/\",\"https:\/\/www.linkedin.com\/company\/instituto-de-engenharia\/\",\"https:\/\/www.youtube.com\/channel\/UCXiCAlsSMe977vamW915HxA\"]},{\"@type\":\"Person\",\"@id\":\"https:\/\/www.institutodeengenharia.org.br\/site\/#\/schema\/person\/aeb64951c405e100d26d30b033dd423f\",\"name\":\"Bianca\",\"image\":{\"@type\":\"ImageObject\",\"inLanguage\":\"pt-BR\",\"@id\":\"https:\/\/secure.gravatar.com\/avatar\/a6fbe9bff57405baf4c1e2c5c1811e072b558253974a9f9508f4678900c97c2a?s=96&d=mm&r=g\",\"url\":\"https:\/\/secure.gravatar.com\/avatar\/a6fbe9bff57405baf4c1e2c5c1811e072b558253974a9f9508f4678900c97c2a?s=96&d=mm&r=g\",\"contentUrl\":\"https:\/\/secure.gravatar.com\/avatar\/a6fbe9bff57405baf4c1e2c5c1811e072b558253974a9f9508f4678900c97c2a?s=96&d=mm&r=g\",\"caption\":\"Bianca\"},\"url\":\"https:\/\/www.institutodeengenharia.org.br\/site\/author\/comunicacao1\/\"}]}<\/script>\n<!-- \/ Yoast SEO plugin. -->","yoast_head_json":{"title":"Passado, Presente e Futuro da Amaz\u00f4nia - 105 anos do IE - Instituto de Engenharia","robots":{"index":"index","follow":"follow","max-snippet":"max-snippet:-1","max-image-preview":"max-image-preview:large","max-video-preview":"max-video-preview:-1"},"canonical":"https:\/\/www.institutodeengenharia.org.br\/site\/2021\/10\/22\/passado-presente-e-futuro-da-amazonia-105-anos-do-ie\/","og_locale":"pt_BR","og_type":"article","og_title":"Passado, Presente e Futuro da Amaz\u00f4nia - 105 anos do IE","og_description":"O tema traz para discuss\u00e3o as oportunidades e desafios do Brasil na Bioeconomia e as mudan\u00e7as clim\u00e1ticas, \u00e1reas em que j\u00e1 existem exemplos de sucesso, resultantes da coopera\u00e7\u00e3o entre institui\u00e7\u00f5es p\u00fablicas, governo e iniciativa privada. O Pa\u00eds precisa investir mais em Educa\u00e7\u00e3o, Ci\u00eancia e Tecnologia e oferecer um ambiente de neg\u00f3cios est\u00e1vel e internacionalmente competitivo, para poder se apropriar de seu mais significativo diferencial: ter a biodiversidade do planeta, parte significativa dela, na Amaz\u00f4nia.","og_url":"https:\/\/www.institutodeengenharia.org.br\/site\/2021\/10\/22\/passado-presente-e-futuro-da-amazonia-105-anos-do-ie\/","og_site_name":"Instituto de Engenharia","article_publisher":"https:\/\/www.facebook.com\/institutodeengenharia","article_published_time":"2021-10-22T16:59:23+00:00","og_image":[{"width":1245,"height":577,"url":"https:\/\/www.institutodeengenharia.org.br\/site\/wp-content\/uploads\/2021\/09\/amazonia.png","type":"image\/png"}],"author":"Bianca","twitter_card":"summary_large_image","twitter_title":"Passado, Presente e Futuro da Amaz\u00f4nia - 105 anos do IE","twitter_description":"O tema traz para discuss\u00e3o as oportunidades e desafios do Brasil na Bioeconomia e as mudan\u00e7as clim\u00e1ticas, \u00e1reas em que j\u00e1 existem exemplos de sucesso, resultantes da coopera\u00e7\u00e3o entre institui\u00e7\u00f5es p\u00fablicas, governo e iniciativa privada. O Pa\u00eds precisa investir mais em Educa\u00e7\u00e3o, Ci\u00eancia e Tecnologia e oferecer um ambiente de neg\u00f3cios est\u00e1vel e internacionalmente competitivo, para poder se apropriar de seu mais significativo diferencial: ter a biodiversidade do planeta, parte significativa dela, na Amaz\u00f4nia.","twitter_image":"https:\/\/www.institutodeengenharia.org.br\/site\/wp-content\/uploads\/2021\/09\/amazonia.png","twitter_creator":"@iengenharia","twitter_site":"@iengenharia","twitter_misc":{"Escrito por":"Bianca","Est. tempo de leitura":"3 minutos"},"schema":{"@context":"https:\/\/schema.org","@graph":[{"@type":"Article","@id":"https:\/\/www.institutodeengenharia.org.br\/site\/2021\/10\/22\/passado-presente-e-futuro-da-amazonia-105-anos-do-ie\/#article","isPartOf":{"@id":"https:\/\/www.institutodeengenharia.org.br\/site\/2021\/10\/22\/passado-presente-e-futuro-da-amazonia-105-anos-do-ie\/"},"author":{"name":"Bianca","@id":"https:\/\/www.institutodeengenharia.org.br\/site\/#\/schema\/person\/aeb64951c405e100d26d30b033dd423f"},"headline":"Passado, Presente e Futuro da Amaz\u00f4nia &#8211; 105 anos do IE","datePublished":"2021-10-22T16:59:23+00:00","mainEntityOfPage":{"@id":"https:\/\/www.institutodeengenharia.org.br\/site\/2021\/10\/22\/passado-presente-e-futuro-da-amazonia-105-anos-do-ie\/"},"wordCount":607,"commentCount":0,"publisher":{"@id":"https:\/\/www.institutodeengenharia.org.br\/site\/#organization"},"image":{"@id":"https:\/\/www.institutodeengenharia.org.br\/site\/2021\/10\/22\/passado-presente-e-futuro-da-amazonia-105-anos-do-ie\/#primaryimage"},"thumbnailUrl":"https:\/\/www.institutodeengenharia.org.br\/site\/wp-content\/uploads\/2021\/09\/amazoniaebioeconomia.webp","articleSection":["Nova TV Engenharia","Palestra"],"inLanguage":"pt-BR","potentialAction":[{"@type":"CommentAction","name":"Comment","target":["https:\/\/www.institutodeengenharia.org.br\/site\/2021\/10\/22\/passado-presente-e-futuro-da-amazonia-105-anos-do-ie\/#respond"]}]},{"@type":"WebPage","@id":"https:\/\/www.institutodeengenharia.org.br\/site\/2021\/10\/22\/passado-presente-e-futuro-da-amazonia-105-anos-do-ie\/","url":"https:\/\/www.institutodeengenharia.org.br\/site\/2021\/10\/22\/passado-presente-e-futuro-da-amazonia-105-anos-do-ie\/","name":"Passado, Presente e Futuro da Amaz\u00f4nia - 105 anos do IE - Instituto de Engenharia","isPartOf":{"@id":"https:\/\/www.institutodeengenharia.org.br\/site\/#website"},"primaryImageOfPage":{"@id":"https:\/\/www.institutodeengenharia.org.br\/site\/2021\/10\/22\/passado-presente-e-futuro-da-amazonia-105-anos-do-ie\/#primaryimage"},"image":{"@id":"https:\/\/www.institutodeengenharia.org.br\/site\/2021\/10\/22\/passado-presente-e-futuro-da-amazonia-105-anos-do-ie\/#primaryimage"},"thumbnailUrl":"https:\/\/www.institutodeengenharia.org.br\/site\/wp-content\/uploads\/2021\/09\/amazoniaebioeconomia.webp","datePublished":"2021-10-22T16:59:23+00:00","breadcrumb":{"@id":"https:\/\/www.institutodeengenharia.org.br\/site\/2021\/10\/22\/passado-presente-e-futuro-da-amazonia-105-anos-do-ie\/#breadcrumb"},"inLanguage":"pt-BR","potentialAction":[{"@type":"ReadAction","target":["https:\/\/www.institutodeengenharia.org.br\/site\/2021\/10\/22\/passado-presente-e-futuro-da-amazonia-105-anos-do-ie\/"]}]},{"@type":"ImageObject","inLanguage":"pt-BR","@id":"https:\/\/www.institutodeengenharia.org.br\/site\/2021\/10\/22\/passado-presente-e-futuro-da-amazonia-105-anos-do-ie\/#primaryimage","url":"https:\/\/www.institutodeengenharia.org.br\/site\/wp-content\/uploads\/2021\/09\/amazoniaebioeconomia.webp","contentUrl":"https:\/\/www.institutodeengenharia.org.br\/site\/wp-content\/uploads\/2021\/09\/amazoniaebioeconomia.webp","width":1886,"height":786},{"@type":"BreadcrumbList","@id":"https:\/\/www.institutodeengenharia.org.br\/site\/2021\/10\/22\/passado-presente-e-futuro-da-amazonia-105-anos-do-ie\/#breadcrumb","itemListElement":[{"@type":"ListItem","position":1,"name":"In\u00edcio","item":"https:\/\/www.institutodeengenharia.org.br\/site\/"},{"@type":"ListItem","position":2,"name":"Passado, Presente e Futuro da Amaz\u00f4nia &#8211; 105 anos do IE"}]},{"@type":"WebSite","@id":"https:\/\/www.institutodeengenharia.org.br\/site\/#website","url":"https:\/\/www.institutodeengenharia.org.br\/site\/","name":"Instituto de Engenharia","description":"O Instituto de Engenharia promove a Engenharia em benef\u00edcio do desenvolvimento e da qualidade de vida da sociedade.","publisher":{"@id":"https:\/\/www.institutodeengenharia.org.br\/site\/#organization"},"potentialAction":[{"@type":"SearchAction","target":{"@type":"EntryPoint","urlTemplate":"https:\/\/www.institutodeengenharia.org.br\/site\/?s={search_term_string}"},"query-input":{"@type":"PropertyValueSpecification","valueRequired":true,"valueName":"search_term_string"}}],"inLanguage":"pt-BR"},{"@type":"Organization","@id":"https:\/\/www.institutodeengenharia.org.br\/site\/#organization","name":"Instituto de Engenharia","url":"https:\/\/www.institutodeengenharia.org.br\/site\/","logo":{"@type":"ImageObject","inLanguage":"pt-BR","@id":"https:\/\/www.institutodeengenharia.org.br\/site\/#\/schema\/logo\/image\/","url":"https:\/\/www.institutodeengenharia.org.br\/site\/wp-content\/uploads\/2019\/03\/logo-novo-IE2018-1.jpg","contentUrl":"https:\/\/www.institutodeengenharia.org.br\/site\/wp-content\/uploads\/2019\/03\/logo-novo-IE2018-1.jpg","width":1486,"height":1879,"caption":"Instituto de Engenharia"},"image":{"@id":"https:\/\/www.institutodeengenharia.org.br\/site\/#\/schema\/logo\/image\/"},"sameAs":["https:\/\/www.facebook.com\/institutodeengenharia","https:\/\/x.com\/iengenharia","https:\/\/www.instagram.com\/institutodeengenharia\/","https:\/\/www.linkedin.com\/company\/instituto-de-engenharia\/","https:\/\/www.youtube.com\/channel\/UCXiCAlsSMe977vamW915HxA"]},{"@type":"Person","@id":"https:\/\/www.institutodeengenharia.org.br\/site\/#\/schema\/person\/aeb64951c405e100d26d30b033dd423f","name":"Bianca","image":{"@type":"ImageObject","inLanguage":"pt-BR","@id":"https:\/\/secure.gravatar.com\/avatar\/a6fbe9bff57405baf4c1e2c5c1811e072b558253974a9f9508f4678900c97c2a?s=96&d=mm&r=g","url":"https:\/\/secure.gravatar.com\/avatar\/a6fbe9bff57405baf4c1e2c5c1811e072b558253974a9f9508f4678900c97c2a?s=96&d=mm&r=g","contentUrl":"https:\/\/secure.gravatar.com\/avatar\/a6fbe9bff57405baf4c1e2c5c1811e072b558253974a9f9508f4678900c97c2a?s=96&d=mm&r=g","caption":"Bianca"},"url":"https:\/\/www.institutodeengenharia.org.br\/site\/author\/comunicacao1\/"}]}},"_links":{"self":[{"href":"https:\/\/www.institutodeengenharia.org.br\/site\/wp-json\/wp\/v2\/posts\/87318","targetHints":{"allow":["GET"]}}],"collection":[{"href":"https:\/\/www.institutodeengenharia.org.br\/site\/wp-json\/wp\/v2\/posts"}],"about":[{"href":"https:\/\/www.institutodeengenharia.org.br\/site\/wp-json\/wp\/v2\/types\/post"}],"author":[{"embeddable":true,"href":"https:\/\/www.institutodeengenharia.org.br\/site\/wp-json\/wp\/v2\/users\/13"}],"replies":[{"embeddable":true,"href":"https:\/\/www.institutodeengenharia.org.br\/site\/wp-json\/wp\/v2\/comments?post=87318"}],"version-history":[{"count":1,"href":"https:\/\/www.institutodeengenharia.org.br\/site\/wp-json\/wp\/v2\/posts\/87318\/revisions"}],"predecessor-version":[{"id":87319,"href":"https:\/\/www.institutodeengenharia.org.br\/site\/wp-json\/wp\/v2\/posts\/87318\/revisions\/87319"}],"wp:featuredmedia":[{"embeddable":true,"href":"https:\/\/www.institutodeengenharia.org.br\/site\/wp-json\/wp\/v2\/media\/85320"}],"wp:attachment":[{"href":"https:\/\/www.institutodeengenharia.org.br\/site\/wp-json\/wp\/v2\/media?parent=87318"}],"wp:term":[{"taxonomy":"category","embeddable":true,"href":"https:\/\/www.institutodeengenharia.org.br\/site\/wp-json\/wp\/v2\/categories?post=87318"},{"taxonomy":"post_tag","embeddable":true,"href":"https:\/\/www.institutodeengenharia.org.br\/site\/wp-json\/wp\/v2\/tags?post=87318"}],"curies":[{"name":"wp","href":"https:\/\/api.w.org\/{rel}","templated":true}]}}