{"id":86879,"date":"2021-10-15T14:40:54","date_gmt":"2021-10-15T17:40:54","guid":{"rendered":"https:\/\/www.institutodeengenharia.org.br\/site\/?p=86879"},"modified":"2021-10-15T15:01:01","modified_gmt":"2021-10-15T18:01:01","slug":"86879","status":"publish","type":"post","link":"https:\/\/www.institutodeengenharia.org.br\/site\/2021\/10\/15\/86879\/","title":{"rendered":"Instituto de Engenharia muda sua home em comemora\u00e7\u00e3o aos 105 anos"},"content":{"rendered":"<p>Abrindo oficialmente as comemora\u00e7\u00f5es dos 105 anos, o Instituto de Engenharia ganha uma nova home para seu portal, idealizado com formas mais din\u00e2micas e leves.<\/p>\n<p>O projeto gr\u00e1fico foi pensado na grande diversidade de conte\u00fado do Instituto de Engenharia, buscando uma arquitetura mais amig\u00e1vel, passando pelas produ\u00e7\u00f5es t\u00e9cnicas das Divis\u00f5es T\u00e9cnicas, a diversidade de cursos oferecidos pela Casa, o Giro pela a Engenharia, com as principais not\u00edcias da \u00e1rea, e toda a gama de projetos, encontros e publica\u00e7\u00f5es.<\/p>\n<p><img loading=\"lazy\" decoding=\"async\" class=\"wp-image-86888 size-full aligncenter\" src=\"https:\/\/www.institutodeengenharia.org.br\/site\/wp-content\/uploads\/2021\/10\/home-nova.png\" alt=\"\" width=\"1588\" height=\"828\" srcset=\"https:\/\/www.institutodeengenharia.org.br\/site\/wp-content\/uploads\/2021\/10\/home-nova.png 1588w, https:\/\/www.institutodeengenharia.org.br\/site\/wp-content\/uploads\/2021\/10\/home-nova-300x156.png 300w, https:\/\/www.institutodeengenharia.org.br\/site\/wp-content\/uploads\/2021\/10\/home-nova-1024x534.png 1024w, https:\/\/www.institutodeengenharia.org.br\/site\/wp-content\/uploads\/2021\/10\/home-nova-768x400.png 768w, https:\/\/www.institutodeengenharia.org.br\/site\/wp-content\/uploads\/2021\/10\/home-nova-1536x801.png 1536w, https:\/\/www.institutodeengenharia.org.br\/site\/wp-content\/uploads\/2021\/10\/home-nova-696x363.png 696w, https:\/\/www.institutodeengenharia.org.br\/site\/wp-content\/uploads\/2021\/10\/home-nova-1068x557.png 1068w, https:\/\/www.institutodeengenharia.org.br\/site\/wp-content\/uploads\/2021\/10\/home-nova-806x420.png 806w, https:\/\/www.institutodeengenharia.org.br\/site\/wp-content\/uploads\/2021\/10\/home-nova-600x313.png 600w\" sizes=\"auto, (max-width: 1588px) 100vw, 1588px\" \/><\/p>\n<p>E vem mais por a\u00ed, a renova\u00e7\u00e3o tamb\u00e9m visa a futura moderniza\u00e7\u00e3o da TV Engenharia, que hoje j\u00e1 conta com mais de mil v\u00eddeos sobre as palestra e eventos t\u00e9cnicos. Um verdadeiro o\u00e1sis de conhecimento a um clique!<\/p>\n<p>Os associados volunt\u00e1rios, que fazem o Instituto de Engenharia, ser\u00e3o parte primordial nas comemora\u00e7\u00f5es. Nos dias 13, 14 e 15 de outubro, eles trar\u00e3o novidades sobre alguns projetos de na\u00e7\u00e3o desenvolvidos por eles ao longo dos \u00faltimos anos, e tamb\u00e9m lan\u00e7amentos.<\/p>\n<p>Dia 13, o Passado, Presente e Futuro da Amaz\u00f4nia ser\u00e1 tema de palestra. Na sequ\u00eancia, haver\u00e1 o lan\u00e7amento da Cartilha 5G. Na quinta-feira, 14, \u00e9 a vez do tema Governan\u00e7a Metropolitana dos Transporte e, fechando a semana, A Import\u00e2ncia da Navega\u00e7\u00e3o na Matriz de Transporte.<\/p>\n<p>A tradi\u00e7\u00e3o e a modernid<img loading=\"lazy\" decoding=\"async\" class=\"size-medium wp-image-86882 alignright\" src=\"https:\/\/www.institutodeengenharia.org.br\/site\/wp-content\/uploads\/2021\/10\/selo-brecheret-105-anos-300x188.png\" alt=\"\" width=\"300\" height=\"188\" srcset=\"https:\/\/www.institutodeengenharia.org.br\/site\/wp-content\/uploads\/2021\/10\/selo-brecheret-105-anos-300x188.png 300w, https:\/\/www.institutodeengenharia.org.br\/site\/wp-content\/uploads\/2021\/10\/selo-brecheret-105-anos-1024x641.png 1024w, https:\/\/www.institutodeengenharia.org.br\/site\/wp-content\/uploads\/2021\/10\/selo-brecheret-105-anos-768x481.png 768w, https:\/\/www.institutodeengenharia.org.br\/site\/wp-content\/uploads\/2021\/10\/selo-brecheret-105-anos-696x436.png 696w, https:\/\/www.institutodeengenharia.org.br\/site\/wp-content\/uploads\/2021\/10\/selo-brecheret-105-anos-1068x668.png 1068w, https:\/\/www.institutodeengenharia.org.br\/site\/wp-content\/uploads\/2021\/10\/selo-brecheret-105-anos-671x420.png 671w, https:\/\/www.institutodeengenharia.org.br\/site\/wp-content\/uploads\/2021\/10\/selo-brecheret-105-anos-600x376.png 600w, https:\/\/www.institutodeengenharia.org.br\/site\/wp-content\/uploads\/2021\/10\/selo-brecheret-105-anos.png 1283w\" sizes=\"auto, (max-width: 300px) 100vw, 300px\" \/>ade caminham juntas no Instituto de Engenharia. Foram criados dois selos comemorativos: um, idealizado por Victor Brecheret Filho, Conselheiro do IE, que traz a nossa tradi\u00e7\u00e3o; e o outro o futuro, a tecnologia, os pr\u00f3ximos passos da Engenharia e os pr\u00f3ximos 105 anos.<\/p>\n<p>Naveguem, participem, comemorem conosco! Voc\u00ea, engenheiro, \u00e9 nossa raz\u00e3o de ser!<\/p>\n","protected":false},"excerpt":{"rendered":"<p>Abrindo oficialmente as comemora\u00e7\u00f5es dos 105 anos, o Instituto de Engenharia ganha uma nova home para seu portal, idealizado com formas mais din\u00e2micas e leves. O projeto gr\u00e1fico foi pensado na grande diversidade de conte\u00fado do Instituto de Engenharia, buscando uma arquitetura mais amig\u00e1vel, passando pelas produ\u00e7\u00f5es t\u00e9cnicas das Divis\u00f5es T\u00e9cnicas, a diversidade de cursos [&hellip;]<\/p>\n","protected":false},"author":2,"featured_media":86880,"comment_status":"open","ping_status":"open","sticky":false,"template":"","format":"standard","meta":{"footnotes":""},"categories":[1152,6,141],"tags":[201],"class_list":{"0":"post-86879","1":"post","2":"type-post","3":"status-publish","4":"format-standard","5":"has-post-thumbnail","7":"category-105-anos-ie","8":"category-noticias","9":"category-noticias-menu","10":"tag-destaque-topo"},"yoast_head":"<!-- This site is optimized with the Yoast SEO plugin v27.2 - https:\/\/yoast.com\/product\/yoast-seo-wordpress\/ -->\n<title>Instituto de Engenharia muda sua home em comemora\u00e7\u00e3o aos 105 anos - Instituto de Engenharia<\/title>\n<meta name=\"robots\" content=\"index, follow, max-snippet:-1, max-image-preview:large, max-video-preview:-1\" \/>\n<link rel=\"canonical\" href=\"https:\/\/www.institutodeengenharia.org.br\/site\/2021\/10\/15\/86879\/\" \/>\n<meta property=\"og:locale\" content=\"pt_BR\" \/>\n<meta property=\"og:type\" content=\"article\" \/>\n<meta property=\"og:title\" content=\"Instituto de Engenharia muda sua home em comemora\u00e7\u00e3o aos 105 anos - Instituto de Engenharia\" \/>\n<meta property=\"og:description\" content=\"Abrindo oficialmente as comemora\u00e7\u00f5es dos 105 anos, o Instituto de Engenharia ganha uma nova home para seu portal, idealizado com formas mais din\u00e2micas e leves. O projeto gr\u00e1fico foi pensado na grande diversidade de conte\u00fado do Instituto de Engenharia, buscando uma arquitetura mais amig\u00e1vel, passando pelas produ\u00e7\u00f5es t\u00e9cnicas das Divis\u00f5es T\u00e9cnicas, a diversidade de cursos [&hellip;]\" \/>\n<meta property=\"og:url\" content=\"https:\/\/www.institutodeengenharia.org.br\/site\/2021\/10\/15\/86879\/\" \/>\n<meta property=\"og:site_name\" content=\"Instituto de Engenharia\" \/>\n<meta property=\"article:publisher\" content=\"https:\/\/www.facebook.com\/institutodeengenharia\" \/>\n<meta property=\"article:published_time\" content=\"2021-10-15T17:40:54+00:00\" \/>\n<meta property=\"article:modified_time\" content=\"2021-10-15T18:01:01+00:00\" \/>\n<meta property=\"og:image\" content=\"https:\/\/www.institutodeengenharia.org.br\/site\/wp-content\/uploads\/2021\/10\/selo-105-anos_digital_aprovado.jpeg\" \/>\n\t<meta property=\"og:image:width\" content=\"610\" \/>\n\t<meta property=\"og:image:height\" content=\"610\" \/>\n\t<meta property=\"og:image:type\" content=\"image\/jpeg\" \/>\n<meta name=\"author\" content=\"Isabel\" \/>\n<meta name=\"twitter:card\" content=\"summary_large_image\" \/>\n<meta name=\"twitter:creator\" content=\"@iengenharia\" \/>\n<meta name=\"twitter:site\" content=\"@iengenharia\" \/>\n<meta name=\"twitter:label1\" content=\"Escrito por\" \/>\n\t<meta name=\"twitter:data1\" content=\"Isabel\" \/>\n\t<meta name=\"twitter:label2\" content=\"Est. tempo de leitura\" \/>\n\t<meta name=\"twitter:data2\" content=\"2 minutos\" \/>\n<script type=\"application\/ld+json\" class=\"yoast-schema-graph\">{\"@context\":\"https:\/\/schema.org\",\"@graph\":[{\"@type\":\"Article\",\"@id\":\"https:\/\/www.institutodeengenharia.org.br\/site\/2021\/10\/15\/86879\/#article\",\"isPartOf\":{\"@id\":\"https:\/\/www.institutodeengenharia.org.br\/site\/2021\/10\/15\/86879\/\"},\"author\":{\"name\":\"Isabel\",\"@id\":\"https:\/\/www.institutodeengenharia.org.br\/site\/#\/schema\/person\/d1764429c217aaa88954818c8f9a3036\"},\"headline\":\"Instituto de Engenharia muda sua home em comemora\u00e7\u00e3o aos 105 anos\",\"datePublished\":\"2021-10-15T17:40:54+00:00\",\"dateModified\":\"2021-10-15T18:01:01+00:00\",\"mainEntityOfPage\":{\"@id\":\"https:\/\/www.institutodeengenharia.org.br\/site\/2021\/10\/15\/86879\/\"},\"wordCount\":297,\"commentCount\":0,\"publisher\":{\"@id\":\"https:\/\/www.institutodeengenharia.org.br\/site\/#organization\"},\"image\":{\"@id\":\"https:\/\/www.institutodeengenharia.org.br\/site\/2021\/10\/15\/86879\/#primaryimage\"},\"thumbnailUrl\":\"https:\/\/www.institutodeengenharia.org.br\/site\/wp-content\/uploads\/2021\/10\/selo-105-anos_digital_aprovado.jpeg\",\"keywords\":[\"Destaque Topo\"],\"articleSection\":[\"105 anos IE\",\"Not\u00edcias\",\"Not\u00edcias\"],\"inLanguage\":\"pt-BR\",\"potentialAction\":[{\"@type\":\"CommentAction\",\"name\":\"Comment\",\"target\":[\"https:\/\/www.institutodeengenharia.org.br\/site\/2021\/10\/15\/86879\/#respond\"]}]},{\"@type\":\"WebPage\",\"@id\":\"https:\/\/www.institutodeengenharia.org.br\/site\/2021\/10\/15\/86879\/\",\"url\":\"https:\/\/www.institutodeengenharia.org.br\/site\/2021\/10\/15\/86879\/\",\"name\":\"Instituto de Engenharia muda sua home em comemora\u00e7\u00e3o aos 105 anos - Instituto de Engenharia\",\"isPartOf\":{\"@id\":\"https:\/\/www.institutodeengenharia.org.br\/site\/#website\"},\"primaryImageOfPage\":{\"@id\":\"https:\/\/www.institutodeengenharia.org.br\/site\/2021\/10\/15\/86879\/#primaryimage\"},\"image\":{\"@id\":\"https:\/\/www.institutodeengenharia.org.br\/site\/2021\/10\/15\/86879\/#primaryimage\"},\"thumbnailUrl\":\"https:\/\/www.institutodeengenharia.org.br\/site\/wp-content\/uploads\/2021\/10\/selo-105-anos_digital_aprovado.jpeg\",\"datePublished\":\"2021-10-15T17:40:54+00:00\",\"dateModified\":\"2021-10-15T18:01:01+00:00\",\"breadcrumb\":{\"@id\":\"https:\/\/www.institutodeengenharia.org.br\/site\/2021\/10\/15\/86879\/#breadcrumb\"},\"inLanguage\":\"pt-BR\",\"potentialAction\":[{\"@type\":\"ReadAction\",\"target\":[\"https:\/\/www.institutodeengenharia.org.br\/site\/2021\/10\/15\/86879\/\"]}]},{\"@type\":\"ImageObject\",\"inLanguage\":\"pt-BR\",\"@id\":\"https:\/\/www.institutodeengenharia.org.br\/site\/2021\/10\/15\/86879\/#primaryimage\",\"url\":\"https:\/\/www.institutodeengenharia.org.br\/site\/wp-content\/uploads\/2021\/10\/selo-105-anos_digital_aprovado.jpeg\",\"contentUrl\":\"https:\/\/www.institutodeengenharia.org.br\/site\/wp-content\/uploads\/2021\/10\/selo-105-anos_digital_aprovado.jpeg\",\"width\":610,\"height\":610},{\"@type\":\"BreadcrumbList\",\"@id\":\"https:\/\/www.institutodeengenharia.org.br\/site\/2021\/10\/15\/86879\/#breadcrumb\",\"itemListElement\":[{\"@type\":\"ListItem\",\"position\":1,\"name\":\"In\u00edcio\",\"item\":\"https:\/\/www.institutodeengenharia.org.br\/site\/\"},{\"@type\":\"ListItem\",\"position\":2,\"name\":\"Instituto de Engenharia muda sua home em comemora\u00e7\u00e3o aos 105 anos\"}]},{\"@type\":\"WebSite\",\"@id\":\"https:\/\/www.institutodeengenharia.org.br\/site\/#website\",\"url\":\"https:\/\/www.institutodeengenharia.org.br\/site\/\",\"name\":\"Instituto de Engenharia\",\"description\":\"O Instituto de Engenharia promove a Engenharia em benef\u00edcio do desenvolvimento e da qualidade de vida da sociedade.\",\"publisher\":{\"@id\":\"https:\/\/www.institutodeengenharia.org.br\/site\/#organization\"},\"potentialAction\":[{\"@type\":\"SearchAction\",\"target\":{\"@type\":\"EntryPoint\",\"urlTemplate\":\"https:\/\/www.institutodeengenharia.org.br\/site\/?s={search_term_string}\"},\"query-input\":{\"@type\":\"PropertyValueSpecification\",\"valueRequired\":true,\"valueName\":\"search_term_string\"}}],\"inLanguage\":\"pt-BR\"},{\"@type\":\"Organization\",\"@id\":\"https:\/\/www.institutodeengenharia.org.br\/site\/#organization\",\"name\":\"Instituto de Engenharia\",\"url\":\"https:\/\/www.institutodeengenharia.org.br\/site\/\",\"logo\":{\"@type\":\"ImageObject\",\"inLanguage\":\"pt-BR\",\"@id\":\"https:\/\/www.institutodeengenharia.org.br\/site\/#\/schema\/logo\/image\/\",\"url\":\"https:\/\/www.institutodeengenharia.org.br\/site\/wp-content\/uploads\/2019\/03\/logo-novo-IE2018-1.jpg\",\"contentUrl\":\"https:\/\/www.institutodeengenharia.org.br\/site\/wp-content\/uploads\/2019\/03\/logo-novo-IE2018-1.jpg\",\"width\":1486,\"height\":1879,\"caption\":\"Instituto de Engenharia\"},\"image\":{\"@id\":\"https:\/\/www.institutodeengenharia.org.br\/site\/#\/schema\/logo\/image\/\"},\"sameAs\":[\"https:\/\/www.facebook.com\/institutodeengenharia\",\"https:\/\/x.com\/iengenharia\",\"https:\/\/www.instagram.com\/institutodeengenharia\/\",\"https:\/\/www.linkedin.com\/company\/instituto-de-engenharia\/\",\"https:\/\/www.youtube.com\/channel\/UCXiCAlsSMe977vamW915HxA\"]},{\"@type\":\"Person\",\"@id\":\"https:\/\/www.institutodeengenharia.org.br\/site\/#\/schema\/person\/d1764429c217aaa88954818c8f9a3036\",\"name\":\"Isabel\",\"image\":{\"@type\":\"ImageObject\",\"inLanguage\":\"pt-BR\",\"@id\":\"https:\/\/secure.gravatar.com\/avatar\/a91d60506c31a7cb05e69a21529f91908e538db3b21f58bfda4039be740fcb71?s=96&d=mm&r=g\",\"url\":\"https:\/\/secure.gravatar.com\/avatar\/a91d60506c31a7cb05e69a21529f91908e538db3b21f58bfda4039be740fcb71?s=96&d=mm&r=g\",\"contentUrl\":\"https:\/\/secure.gravatar.com\/avatar\/a91d60506c31a7cb05e69a21529f91908e538db3b21f58bfda4039be740fcb71?s=96&d=mm&r=g\",\"caption\":\"Isabel\"},\"url\":\"https:\/\/www.institutodeengenharia.org.br\/site\/author\/isabel\/\"}]}<\/script>\n<!-- \/ Yoast SEO plugin. -->","yoast_head_json":{"title":"Instituto de Engenharia muda sua home em comemora\u00e7\u00e3o aos 105 anos - Instituto de Engenharia","robots":{"index":"index","follow":"follow","max-snippet":"max-snippet:-1","max-image-preview":"max-image-preview:large","max-video-preview":"max-video-preview:-1"},"canonical":"https:\/\/www.institutodeengenharia.org.br\/site\/2021\/10\/15\/86879\/","og_locale":"pt_BR","og_type":"article","og_title":"Instituto de Engenharia muda sua home em comemora\u00e7\u00e3o aos 105 anos - Instituto de Engenharia","og_description":"Abrindo oficialmente as comemora\u00e7\u00f5es dos 105 anos, o Instituto de Engenharia ganha uma nova home para seu portal, idealizado com formas mais din\u00e2micas e leves. O projeto gr\u00e1fico foi pensado na grande diversidade de conte\u00fado do Instituto de Engenharia, buscando uma arquitetura mais amig\u00e1vel, passando pelas produ\u00e7\u00f5es t\u00e9cnicas das Divis\u00f5es T\u00e9cnicas, a diversidade de cursos [&hellip;]","og_url":"https:\/\/www.institutodeengenharia.org.br\/site\/2021\/10\/15\/86879\/","og_site_name":"Instituto de Engenharia","article_publisher":"https:\/\/www.facebook.com\/institutodeengenharia","article_published_time":"2021-10-15T17:40:54+00:00","article_modified_time":"2021-10-15T18:01:01+00:00","og_image":[{"width":610,"height":610,"url":"https:\/\/www.institutodeengenharia.org.br\/site\/wp-content\/uploads\/2021\/10\/selo-105-anos_digital_aprovado.jpeg","type":"image\/jpeg"}],"author":"Isabel","twitter_card":"summary_large_image","twitter_creator":"@iengenharia","twitter_site":"@iengenharia","twitter_misc":{"Escrito por":"Isabel","Est. tempo de leitura":"2 minutos"},"schema":{"@context":"https:\/\/schema.org","@graph":[{"@type":"Article","@id":"https:\/\/www.institutodeengenharia.org.br\/site\/2021\/10\/15\/86879\/#article","isPartOf":{"@id":"https:\/\/www.institutodeengenharia.org.br\/site\/2021\/10\/15\/86879\/"},"author":{"name":"Isabel","@id":"https:\/\/www.institutodeengenharia.org.br\/site\/#\/schema\/person\/d1764429c217aaa88954818c8f9a3036"},"headline":"Instituto de Engenharia muda sua home em comemora\u00e7\u00e3o aos 105 anos","datePublished":"2021-10-15T17:40:54+00:00","dateModified":"2021-10-15T18:01:01+00:00","mainEntityOfPage":{"@id":"https:\/\/www.institutodeengenharia.org.br\/site\/2021\/10\/15\/86879\/"},"wordCount":297,"commentCount":0,"publisher":{"@id":"https:\/\/www.institutodeengenharia.org.br\/site\/#organization"},"image":{"@id":"https:\/\/www.institutodeengenharia.org.br\/site\/2021\/10\/15\/86879\/#primaryimage"},"thumbnailUrl":"https:\/\/www.institutodeengenharia.org.br\/site\/wp-content\/uploads\/2021\/10\/selo-105-anos_digital_aprovado.jpeg","keywords":["Destaque Topo"],"articleSection":["105 anos IE","Not\u00edcias","Not\u00edcias"],"inLanguage":"pt-BR","potentialAction":[{"@type":"CommentAction","name":"Comment","target":["https:\/\/www.institutodeengenharia.org.br\/site\/2021\/10\/15\/86879\/#respond"]}]},{"@type":"WebPage","@id":"https:\/\/www.institutodeengenharia.org.br\/site\/2021\/10\/15\/86879\/","url":"https:\/\/www.institutodeengenharia.org.br\/site\/2021\/10\/15\/86879\/","name":"Instituto de Engenharia muda sua home em comemora\u00e7\u00e3o aos 105 anos - Instituto de Engenharia","isPartOf":{"@id":"https:\/\/www.institutodeengenharia.org.br\/site\/#website"},"primaryImageOfPage":{"@id":"https:\/\/www.institutodeengenharia.org.br\/site\/2021\/10\/15\/86879\/#primaryimage"},"image":{"@id":"https:\/\/www.institutodeengenharia.org.br\/site\/2021\/10\/15\/86879\/#primaryimage"},"thumbnailUrl":"https:\/\/www.institutodeengenharia.org.br\/site\/wp-content\/uploads\/2021\/10\/selo-105-anos_digital_aprovado.jpeg","datePublished":"2021-10-15T17:40:54+00:00","dateModified":"2021-10-15T18:01:01+00:00","breadcrumb":{"@id":"https:\/\/www.institutodeengenharia.org.br\/site\/2021\/10\/15\/86879\/#breadcrumb"},"inLanguage":"pt-BR","potentialAction":[{"@type":"ReadAction","target":["https:\/\/www.institutodeengenharia.org.br\/site\/2021\/10\/15\/86879\/"]}]},{"@type":"ImageObject","inLanguage":"pt-BR","@id":"https:\/\/www.institutodeengenharia.org.br\/site\/2021\/10\/15\/86879\/#primaryimage","url":"https:\/\/www.institutodeengenharia.org.br\/site\/wp-content\/uploads\/2021\/10\/selo-105-anos_digital_aprovado.jpeg","contentUrl":"https:\/\/www.institutodeengenharia.org.br\/site\/wp-content\/uploads\/2021\/10\/selo-105-anos_digital_aprovado.jpeg","width":610,"height":610},{"@type":"BreadcrumbList","@id":"https:\/\/www.institutodeengenharia.org.br\/site\/2021\/10\/15\/86879\/#breadcrumb","itemListElement":[{"@type":"ListItem","position":1,"name":"In\u00edcio","item":"https:\/\/www.institutodeengenharia.org.br\/site\/"},{"@type":"ListItem","position":2,"name":"Instituto de Engenharia muda sua home em comemora\u00e7\u00e3o aos 105 anos"}]},{"@type":"WebSite","@id":"https:\/\/www.institutodeengenharia.org.br\/site\/#website","url":"https:\/\/www.institutodeengenharia.org.br\/site\/","name":"Instituto de Engenharia","description":"O Instituto de Engenharia promove a Engenharia em benef\u00edcio do desenvolvimento e da qualidade de vida da sociedade.","publisher":{"@id":"https:\/\/www.institutodeengenharia.org.br\/site\/#organization"},"potentialAction":[{"@type":"SearchAction","target":{"@type":"EntryPoint","urlTemplate":"https:\/\/www.institutodeengenharia.org.br\/site\/?s={search_term_string}"},"query-input":{"@type":"PropertyValueSpecification","valueRequired":true,"valueName":"search_term_string"}}],"inLanguage":"pt-BR"},{"@type":"Organization","@id":"https:\/\/www.institutodeengenharia.org.br\/site\/#organization","name":"Instituto de Engenharia","url":"https:\/\/www.institutodeengenharia.org.br\/site\/","logo":{"@type":"ImageObject","inLanguage":"pt-BR","@id":"https:\/\/www.institutodeengenharia.org.br\/site\/#\/schema\/logo\/image\/","url":"https:\/\/www.institutodeengenharia.org.br\/site\/wp-content\/uploads\/2019\/03\/logo-novo-IE2018-1.jpg","contentUrl":"https:\/\/www.institutodeengenharia.org.br\/site\/wp-content\/uploads\/2019\/03\/logo-novo-IE2018-1.jpg","width":1486,"height":1879,"caption":"Instituto de Engenharia"},"image":{"@id":"https:\/\/www.institutodeengenharia.org.br\/site\/#\/schema\/logo\/image\/"},"sameAs":["https:\/\/www.facebook.com\/institutodeengenharia","https:\/\/x.com\/iengenharia","https:\/\/www.instagram.com\/institutodeengenharia\/","https:\/\/www.linkedin.com\/company\/instituto-de-engenharia\/","https:\/\/www.youtube.com\/channel\/UCXiCAlsSMe977vamW915HxA"]},{"@type":"Person","@id":"https:\/\/www.institutodeengenharia.org.br\/site\/#\/schema\/person\/d1764429c217aaa88954818c8f9a3036","name":"Isabel","image":{"@type":"ImageObject","inLanguage":"pt-BR","@id":"https:\/\/secure.gravatar.com\/avatar\/a91d60506c31a7cb05e69a21529f91908e538db3b21f58bfda4039be740fcb71?s=96&d=mm&r=g","url":"https:\/\/secure.gravatar.com\/avatar\/a91d60506c31a7cb05e69a21529f91908e538db3b21f58bfda4039be740fcb71?s=96&d=mm&r=g","contentUrl":"https:\/\/secure.gravatar.com\/avatar\/a91d60506c31a7cb05e69a21529f91908e538db3b21f58bfda4039be740fcb71?s=96&d=mm&r=g","caption":"Isabel"},"url":"https:\/\/www.institutodeengenharia.org.br\/site\/author\/isabel\/"}]}},"_links":{"self":[{"href":"https:\/\/www.institutodeengenharia.org.br\/site\/wp-json\/wp\/v2\/posts\/86879","targetHints":{"allow":["GET"]}}],"collection":[{"href":"https:\/\/www.institutodeengenharia.org.br\/site\/wp-json\/wp\/v2\/posts"}],"about":[{"href":"https:\/\/www.institutodeengenharia.org.br\/site\/wp-json\/wp\/v2\/types\/post"}],"author":[{"embeddable":true,"href":"https:\/\/www.institutodeengenharia.org.br\/site\/wp-json\/wp\/v2\/users\/2"}],"replies":[{"embeddable":true,"href":"https:\/\/www.institutodeengenharia.org.br\/site\/wp-json\/wp\/v2\/comments?post=86879"}],"version-history":[{"count":5,"href":"https:\/\/www.institutodeengenharia.org.br\/site\/wp-json\/wp\/v2\/posts\/86879\/revisions"}],"predecessor-version":[{"id":86897,"href":"https:\/\/www.institutodeengenharia.org.br\/site\/wp-json\/wp\/v2\/posts\/86879\/revisions\/86897"}],"wp:featuredmedia":[{"embeddable":true,"href":"https:\/\/www.institutodeengenharia.org.br\/site\/wp-json\/wp\/v2\/media\/86880"}],"wp:attachment":[{"href":"https:\/\/www.institutodeengenharia.org.br\/site\/wp-json\/wp\/v2\/media?parent=86879"}],"wp:term":[{"taxonomy":"category","embeddable":true,"href":"https:\/\/www.institutodeengenharia.org.br\/site\/wp-json\/wp\/v2\/categories?post=86879"},{"taxonomy":"post_tag","embeddable":true,"href":"https:\/\/www.institutodeengenharia.org.br\/site\/wp-json\/wp\/v2\/tags?post=86879"}],"curies":[{"name":"wp","href":"https:\/\/api.w.org\/{rel}","templated":true}]}}