{"id":85623,"date":"2021-09-13T10:30:53","date_gmt":"2021-09-13T13:30:53","guid":{"rendered":"https:\/\/www.institutodeengenharia.org.br\/site\/?p=85623"},"modified":"2021-09-20T10:31:16","modified_gmt":"2021-09-20T13:31:16","slug":"ie-talks-panorama-geral-da-gestao-de-carga-aerea-do-brasil","status":"publish","type":"post","link":"https:\/\/www.institutodeengenharia.org.br\/site\/2021\/09\/13\/ie-talks-panorama-geral-da-gestao-de-carga-aerea-do-brasil\/","title":{"rendered":"IE Talks: &#8211; Panorama Geral da Gest\u00e3o de Carga A\u00e9rea do Brasil"},"content":{"rendered":"<p><strong>Assista abaixo \u00e0 grava\u00e7\u00e3o do evento:<\/strong><\/p>\n<p><iframe loading=\"lazy\" src=\"https:\/\/player.vimeo.com\/video\/608172504?h=cf6f66c6d9\" width=\"640\" height=\"360\" frameborder=\"0\" allowfullscreen=\"allowfullscreen\"><\/iframe><\/p>\n<p><strong>+ Informa\u00e7\u00f5es:<\/strong><\/p>\n<p>Experi\u00eancias e desafios: Um papo com Diretores Regionais.<\/p>\n<p><strong>P\u00fablico-alvo:<\/strong><\/p>\n<p>Engenheiros, arquitetos, t\u00e9cnicos, estudantes e demais interessados.<\/p>\n<p><strong>Anfitri\u00e3o:<\/strong><\/p>\n<p><img loading=\"lazy\" decoding=\"async\" class=\"alignnone size-full wp-image-81591 td-animation-stack-type0-2\" src=\"https:\/\/www.institutodeengenharia.org.br\/site\/wp-content\/uploads\/2021\/06\/bernardo.png\" alt=\"\" width=\"153\" height=\"207\" \/><\/p>\n<p><strong>Bernardo Levino dos Santos \u2013 Diretor Regional do IE em Curitiba\/PR.<\/strong><\/p>\n<p>Bacharel em Engenharia Eletr\u00f4nica pela FESP, licenciatura pela UNESP, p\u00f3s gradua\u00e7\u00e3o em Tecnologia da Informa\u00e7\u00e3o Aplicada a Neg\u00f3cios pela FASP, MBA pela USP com \u00eanfase em Administra\u00e7\u00e3o de Neg\u00f3cios Aeroportu\u00e1rios, especializa\u00e7\u00e3o em gerenciamento de aeroportos pela IAMTI\/Canad\u00e1, oficial pela Universidade de Oficiais de Jacarepagu\u00e1 e Escola de Oficiais da Aeron\u00e1utica de Curitiba, sargento especialista em telecomunica\u00e7\u00f5es pela Escola de Aeron\u00e1utica de Guaratinguet\u00e1 onde foi o 1\u00ba colocado da turma e Major por m\u00e9rito.<\/p>\n<p>Atuou na INFRAERO por mais de uma d\u00e9cada nas posi\u00e7\u00f5es de assessoria da presid\u00eancia, superintend\u00eancia regional, entre outras. No setor privado, em empresas como Camargo Correia, Constran em engenharia de tecnologias e sistemas aeroportu\u00e1rios. Na academia, foi docente da Universidade Estadual Paulista \u2013 UNESP, de Telecomunica\u00e7\u00f5es \u00e0 Navega\u00e7\u00e3o A\u00e9rea no CTA e na Academia da For\u00e7a A\u00e9rea. Atuou em servi\u00e7os sociais na AGENDE e na OXIG\u00caNIO. Condecorado com a Ordem de M\u00e9rito do Radioamador Brasileiro, M\u00e9rito de Instrutor no Instituto de Log\u00edstica da Aeron\u00e1utica, Gratid\u00e3o da Comitiva do Presidente Bush \u2013 USA, M\u00e9rito de desenvoltura pela INFRAERO e pela Receita Federal, Trof\u00e9u \u201cSantos Dumont\u201d da Grande Loja Ma\u00e7\u00f4nica do Estado de S\u00e3o Paulo, Trof\u00e9u da For\u00e7a A\u00e9rea do Chile e Medalha da For\u00e7a A\u00e9rea da Argentina como 1\u00aa colocado em telecomunica\u00e7\u00f5es da aeron\u00e1utica, Medalha de Bronze (10 anos) e Prata (20 anos) da For\u00e7a A\u00e9rea Brasileira e Medalha de Ordem do M\u00e9rito Santos Dumont, como reconhecimento do Ministro da Aeron\u00e1utica pelos destacados servi\u00e7os prestados \u00e0 For\u00e7a A\u00e9rea e ao Brasil. Palestrante em diversos eventos acad\u00eamicos e volunt\u00e1rio da ASSEA e ABEE.\u00a0 \u00c9 associado do Instituto de Engenharia e Diretor Regional de Curitiba\/PR.<\/p>\n<p><strong>Palestrante:<\/strong><\/p>\n<p><img loading=\"lazy\" decoding=\"async\" class=\"alignnone size-full wp-image-84284 td-animation-stack-type0-2\" src=\"https:\/\/www.institutodeengenharia.org.br\/site\/wp-content\/uploads\/2021\/08\/nelsonrodrigues.png\" alt=\"\" width=\"223\" height=\"168\" srcset=\"https:\/\/www.institutodeengenharia.org.br\/site\/wp-content\/uploads\/2021\/08\/nelsonrodrigues.png 223w, https:\/\/www.institutodeengenharia.org.br\/site\/wp-content\/uploads\/2021\/08\/nelsonrodrigues-80x60.png 80w\" sizes=\"auto, (max-width: 223px) 100vw, 223px\" \/><\/p>\n<p><strong>Nelson Rodrigues Farias \u2013 Graduado em An\u00e1lise de Sistemas pela PUC\/RJ<\/strong><\/p>\n<p>Graduado em An\u00e1lise de Sistemas pela PUC\/RJ, mestre em Administra\u00e7\u00e3o Log\u00edstica pela Air Force Institute Technology (AFIT) e possui especializa\u00e7\u00f5es na Forma\u00e7\u00e3o de Pilotos Militares pelo Centro de Forma\u00e7\u00e3o de Pilotos (Natal, RN), Administra\u00e7\u00e3o de Suprimentos pela Escola de Oficiais Especialistas e de Infantaria de Guarda (Curitiba, PR), Administra\u00e7\u00e3o de Contratos pela Defense Institute of Security Assistance Management (Ohio,USA), Planejamento de Opera\u00e7\u00f5es Log\u00edsticas da USAF (Denver, Colorado, USA) e diversos cursos de aprimoramento nacionais e internacionais.<\/p>\n<p>Participou de in\u00fameros cursos, simp\u00f3sios e eventos relacionados a administra\u00e7\u00e3o como participante e palestrante. Na FAB atuou profissionalmente no Parque de Material Aeron\u00e1utico do Gale\u00e3o (RJ), no Instituto de Log\u00edstica da Aeron\u00e1utica em diversas \u00e1reas e na Diretoria de Materiais em SP. Na INFRAERO atuou como gerente de log\u00edstica no Aeroporto Internacional de Guarulhos por mais de uma d\u00e9cada, nos aeroportos Costa do Sol Operadora Aeroportu\u00e1ria (Cabo Frio) e Participa\u00e7\u00f5es Morro Vermelho. Na academia, \u00e9 professor de Administra\u00e7\u00e3o e Produ\u00e7\u00e3o e Opera\u00e7\u00e3o Log\u00edstica, Com\u00e9rcio Exterior e Economia Brasileira Internacional na Faculdade Oswaldo Cruz (SP). \u00c9 Consultor de novos neg\u00f3cios em Log\u00edstica e Seguran\u00e7a Executiva e 4\u00ba oficial da reserva da FAB.<\/p>\n<p><img loading=\"lazy\" decoding=\"async\" class=\"alignnone size-full wp-image-85445 td-animation-stack-type0-2\" src=\"https:\/\/www.institutodeengenharia.org.br\/site\/wp-content\/uploads\/2021\/08\/MicrosoftTeams-image-14.jpg\" alt=\"\" width=\"143\" height=\"216\" \/><\/p>\n<p><strong>Wagner Borelli \u2013 American Airlines Cargo<\/strong><\/p>\n<p>Atualmente \u00e9 gerente regional De Opera\u00e7\u00f5es Logistica de Cargas \u2013 Brasil. Tem 29 anos de experiencia em gest\u00e3o operacional, desenvolvimento e organiza\u00e7\u00e3o de processos aduaneiros e intercambio internacional, observando melhores pr\u00e1ticas, fluxos e processos.<\/p>\n<p><strong>Realiza\u00e7\u00e3o:<\/strong><\/p>\n<p><strong>Eng. Ricardo Kenzo Motomatsu<\/strong>\u00a0\u2013 Vice-Presidente de Rela\u00e7\u00f5es Externas<\/p>\n<p><strong>Apoio Institucional:<\/strong><\/p>\n<p><img loading=\"lazy\" decoding=\"async\" class=\"alignnone wp-image-77696 td-animation-stack-type0-2\" src=\"https:\/\/www.institutodeengenharia.org.br\/site\/wp-content\/uploads\/2021\/02\/crea.jpg\" alt=\"\" width=\"142\" height=\"100\" srcset=\"https:\/\/www.institutodeengenharia.org.br\/site\/wp-content\/uploads\/2021\/02\/crea.jpg 448w, https:\/\/www.institutodeengenharia.org.br\/site\/wp-content\/uploads\/2021\/02\/crea-300x211.jpg 300w, https:\/\/www.institutodeengenharia.org.br\/site\/wp-content\/uploads\/2021\/02\/crea-100x70.jpg 100w\" sizes=\"auto, (max-width: 142px) 100vw, 142px\" \/><\/p>\n<p><strong>Apoio \u00e0 forma\u00e7\u00e3o:\u00a0<\/strong><\/p>\n<p>Espa\u00e7o aberto ao CREA-SP, objetivando o aperfei\u00e7oamento dos profissionais e o aprimoramento da fiscaliza\u00e7\u00e3o das \u00e1reas abrangidas pelo Sistema Confea\/CREAs, al\u00e9m de promover a conscientiza\u00e7\u00e3o da sociedade quanto \u00e0 necessidade e obrigatoriedade de contratar um profissional devidamente habilitado.<\/p>\n<p>&nbsp;<\/p>\n","protected":false},"excerpt":{"rendered":"<p>Assista abaixo \u00e0 grava\u00e7\u00e3o do evento: + Informa\u00e7\u00f5es: Experi\u00eancias e desafios: Um papo com Diretores Regionais. P\u00fablico-alvo: Engenheiros, arquitetos, t\u00e9cnicos, estudantes e demais interessados. Anfitri\u00e3o: Bernardo Levino dos Santos \u2013 Diretor Regional do IE em Curitiba\/PR. Bacharel em Engenharia Eletr\u00f4nica pela FESP, licenciatura pela UNESP, p\u00f3s gradua\u00e7\u00e3o em Tecnologia da Informa\u00e7\u00e3o Aplicada a Neg\u00f3cios pela [&hellip;]<\/p>\n","protected":false},"author":13,"featured_media":84285,"comment_status":"open","ping_status":"open","sticky":false,"template":"","format":"standard","meta":{"footnotes":""},"categories":[968,969],"tags":[],"class_list":{"0":"post-85623","1":"post","2":"type-post","3":"status-publish","4":"format-standard","5":"has-post-thumbnail","7":"category-nova-tv-engenharia","8":"category-palestra"},"yoast_head":"<!-- This site is optimized with the Yoast SEO plugin v27.2 - https:\/\/yoast.com\/product\/yoast-seo-wordpress\/ -->\n<title>IE Talks: - Panorama Geral da Gest\u00e3o de Carga A\u00e9rea do Brasil - Instituto de Engenharia<\/title>\n<meta name=\"robots\" content=\"index, follow, max-snippet:-1, max-image-preview:large, max-video-preview:-1\" \/>\n<link rel=\"canonical\" href=\"https:\/\/www.institutodeengenharia.org.br\/site\/2021\/09\/13\/ie-talks-panorama-geral-da-gestao-de-carga-aerea-do-brasil\/\" \/>\n<meta property=\"og:locale\" content=\"pt_BR\" \/>\n<meta property=\"og:type\" content=\"article\" \/>\n<meta property=\"og:title\" content=\"IE Talks: - Panorama Geral da Gest\u00e3o de Carga A\u00e9rea do Brasil\" \/>\n<meta property=\"og:description\" content=\"Assista abaixo \u00e0 grava\u00e7\u00e3o do evento\" \/>\n<meta property=\"og:url\" content=\"https:\/\/www.institutodeengenharia.org.br\/site\/2021\/09\/13\/ie-talks-panorama-geral-da-gestao-de-carga-aerea-do-brasil\/\" \/>\n<meta property=\"og:site_name\" content=\"Instituto de Engenharia\" \/>\n<meta property=\"article:publisher\" content=\"https:\/\/www.facebook.com\/institutodeengenharia\" \/>\n<meta property=\"article:published_time\" content=\"2021-09-13T13:30:53+00:00\" \/>\n<meta property=\"article:modified_time\" content=\"2021-09-20T13:31:16+00:00\" \/>\n<meta property=\"og:image\" content=\"https:\/\/www.institutodeengenharia.org.br\/site\/wp-content\/uploads\/2021\/08\/qatar-airways-3478969_1920.jpg\" \/>\n\t<meta property=\"og:image:width\" content=\"1920\" \/>\n\t<meta property=\"og:image:height\" content=\"1279\" \/>\n\t<meta property=\"og:image:type\" content=\"image\/jpeg\" \/>\n<meta name=\"author\" content=\"Bianca\" \/>\n<meta name=\"twitter:card\" content=\"summary_large_image\" \/>\n<meta name=\"twitter:title\" content=\"IE Talks: - Panorama Geral da Gest\u00e3o de Carga A\u00e9rea do Brasil\" \/>\n<meta name=\"twitter:description\" content=\"Assista abaixo \u00e0 grava\u00e7\u00e3o do evento\" \/>\n<meta name=\"twitter:image\" content=\"https:\/\/www.institutodeengenharia.org.br\/site\/wp-content\/uploads\/2021\/08\/qatar-airways-3478969_1920.jpg\" \/>\n<meta name=\"twitter:creator\" content=\"@iengenharia\" \/>\n<meta name=\"twitter:site\" content=\"@iengenharia\" \/>\n<meta name=\"twitter:label1\" content=\"Escrito por\" \/>\n\t<meta name=\"twitter:data1\" content=\"Bianca\" \/>\n\t<meta name=\"twitter:label2\" content=\"Est. tempo de leitura\" \/>\n\t<meta name=\"twitter:data2\" content=\"3 minutos\" \/>\n<script type=\"application\/ld+json\" class=\"yoast-schema-graph\">{\"@context\":\"https:\/\/schema.org\",\"@graph\":[{\"@type\":\"Article\",\"@id\":\"https:\/\/www.institutodeengenharia.org.br\/site\/2021\/09\/13\/ie-talks-panorama-geral-da-gestao-de-carga-aerea-do-brasil\/#article\",\"isPartOf\":{\"@id\":\"https:\/\/www.institutodeengenharia.org.br\/site\/2021\/09\/13\/ie-talks-panorama-geral-da-gestao-de-carga-aerea-do-brasil\/\"},\"author\":{\"name\":\"Bianca\",\"@id\":\"https:\/\/www.institutodeengenharia.org.br\/site\/#\/schema\/person\/aeb64951c405e100d26d30b033dd423f\"},\"headline\":\"IE Talks: &#8211; Panorama Geral da Gest\u00e3o de Carga A\u00e9rea do Brasil\",\"datePublished\":\"2021-09-13T13:30:53+00:00\",\"dateModified\":\"2021-09-20T13:31:16+00:00\",\"mainEntityOfPage\":{\"@id\":\"https:\/\/www.institutodeengenharia.org.br\/site\/2021\/09\/13\/ie-talks-panorama-geral-da-gestao-de-carga-aerea-do-brasil\/\"},\"wordCount\":690,\"commentCount\":0,\"publisher\":{\"@id\":\"https:\/\/www.institutodeengenharia.org.br\/site\/#organization\"},\"image\":{\"@id\":\"https:\/\/www.institutodeengenharia.org.br\/site\/2021\/09\/13\/ie-talks-panorama-geral-da-gestao-de-carga-aerea-do-brasil\/#primaryimage\"},\"thumbnailUrl\":\"https:\/\/www.institutodeengenharia.org.br\/site\/wp-content\/uploads\/2021\/08\/qatar-airways-3478969_1920.jpg\",\"articleSection\":[\"Nova TV Engenharia\",\"Palestra\"],\"inLanguage\":\"pt-BR\",\"potentialAction\":[{\"@type\":\"CommentAction\",\"name\":\"Comment\",\"target\":[\"https:\/\/www.institutodeengenharia.org.br\/site\/2021\/09\/13\/ie-talks-panorama-geral-da-gestao-de-carga-aerea-do-brasil\/#respond\"]}]},{\"@type\":\"WebPage\",\"@id\":\"https:\/\/www.institutodeengenharia.org.br\/site\/2021\/09\/13\/ie-talks-panorama-geral-da-gestao-de-carga-aerea-do-brasil\/\",\"url\":\"https:\/\/www.institutodeengenharia.org.br\/site\/2021\/09\/13\/ie-talks-panorama-geral-da-gestao-de-carga-aerea-do-brasil\/\",\"name\":\"IE Talks: - Panorama Geral da Gest\u00e3o de Carga A\u00e9rea do Brasil - Instituto de Engenharia\",\"isPartOf\":{\"@id\":\"https:\/\/www.institutodeengenharia.org.br\/site\/#website\"},\"primaryImageOfPage\":{\"@id\":\"https:\/\/www.institutodeengenharia.org.br\/site\/2021\/09\/13\/ie-talks-panorama-geral-da-gestao-de-carga-aerea-do-brasil\/#primaryimage\"},\"image\":{\"@id\":\"https:\/\/www.institutodeengenharia.org.br\/site\/2021\/09\/13\/ie-talks-panorama-geral-da-gestao-de-carga-aerea-do-brasil\/#primaryimage\"},\"thumbnailUrl\":\"https:\/\/www.institutodeengenharia.org.br\/site\/wp-content\/uploads\/2021\/08\/qatar-airways-3478969_1920.jpg\",\"datePublished\":\"2021-09-13T13:30:53+00:00\",\"dateModified\":\"2021-09-20T13:31:16+00:00\",\"breadcrumb\":{\"@id\":\"https:\/\/www.institutodeengenharia.org.br\/site\/2021\/09\/13\/ie-talks-panorama-geral-da-gestao-de-carga-aerea-do-brasil\/#breadcrumb\"},\"inLanguage\":\"pt-BR\",\"potentialAction\":[{\"@type\":\"ReadAction\",\"target\":[\"https:\/\/www.institutodeengenharia.org.br\/site\/2021\/09\/13\/ie-talks-panorama-geral-da-gestao-de-carga-aerea-do-brasil\/\"]}]},{\"@type\":\"ImageObject\",\"inLanguage\":\"pt-BR\",\"@id\":\"https:\/\/www.institutodeengenharia.org.br\/site\/2021\/09\/13\/ie-talks-panorama-geral-da-gestao-de-carga-aerea-do-brasil\/#primaryimage\",\"url\":\"https:\/\/www.institutodeengenharia.org.br\/site\/wp-content\/uploads\/2021\/08\/qatar-airways-3478969_1920.jpg\",\"contentUrl\":\"https:\/\/www.institutodeengenharia.org.br\/site\/wp-content\/uploads\/2021\/08\/qatar-airways-3478969_1920.jpg\",\"width\":1920,\"height\":1279},{\"@type\":\"BreadcrumbList\",\"@id\":\"https:\/\/www.institutodeengenharia.org.br\/site\/2021\/09\/13\/ie-talks-panorama-geral-da-gestao-de-carga-aerea-do-brasil\/#breadcrumb\",\"itemListElement\":[{\"@type\":\"ListItem\",\"position\":1,\"name\":\"In\u00edcio\",\"item\":\"https:\/\/www.institutodeengenharia.org.br\/site\/\"},{\"@type\":\"ListItem\",\"position\":2,\"name\":\"IE Talks: &#8211; Panorama Geral da Gest\u00e3o de Carga A\u00e9rea do Brasil\"}]},{\"@type\":\"WebSite\",\"@id\":\"https:\/\/www.institutodeengenharia.org.br\/site\/#website\",\"url\":\"https:\/\/www.institutodeengenharia.org.br\/site\/\",\"name\":\"Instituto de Engenharia\",\"description\":\"O Instituto de Engenharia promove a Engenharia em benef\u00edcio do desenvolvimento e da qualidade de vida da sociedade.\",\"publisher\":{\"@id\":\"https:\/\/www.institutodeengenharia.org.br\/site\/#organization\"},\"potentialAction\":[{\"@type\":\"SearchAction\",\"target\":{\"@type\":\"EntryPoint\",\"urlTemplate\":\"https:\/\/www.institutodeengenharia.org.br\/site\/?s={search_term_string}\"},\"query-input\":{\"@type\":\"PropertyValueSpecification\",\"valueRequired\":true,\"valueName\":\"search_term_string\"}}],\"inLanguage\":\"pt-BR\"},{\"@type\":\"Organization\",\"@id\":\"https:\/\/www.institutodeengenharia.org.br\/site\/#organization\",\"name\":\"Instituto de Engenharia\",\"url\":\"https:\/\/www.institutodeengenharia.org.br\/site\/\",\"logo\":{\"@type\":\"ImageObject\",\"inLanguage\":\"pt-BR\",\"@id\":\"https:\/\/www.institutodeengenharia.org.br\/site\/#\/schema\/logo\/image\/\",\"url\":\"https:\/\/www.institutodeengenharia.org.br\/site\/wp-content\/uploads\/2019\/03\/logo-novo-IE2018-1.jpg\",\"contentUrl\":\"https:\/\/www.institutodeengenharia.org.br\/site\/wp-content\/uploads\/2019\/03\/logo-novo-IE2018-1.jpg\",\"width\":1486,\"height\":1879,\"caption\":\"Instituto de Engenharia\"},\"image\":{\"@id\":\"https:\/\/www.institutodeengenharia.org.br\/site\/#\/schema\/logo\/image\/\"},\"sameAs\":[\"https:\/\/www.facebook.com\/institutodeengenharia\",\"https:\/\/x.com\/iengenharia\",\"https:\/\/www.instagram.com\/institutodeengenharia\/\",\"https:\/\/www.linkedin.com\/company\/instituto-de-engenharia\/\",\"https:\/\/www.youtube.com\/channel\/UCXiCAlsSMe977vamW915HxA\"]},{\"@type\":\"Person\",\"@id\":\"https:\/\/www.institutodeengenharia.org.br\/site\/#\/schema\/person\/aeb64951c405e100d26d30b033dd423f\",\"name\":\"Bianca\",\"image\":{\"@type\":\"ImageObject\",\"inLanguage\":\"pt-BR\",\"@id\":\"https:\/\/secure.gravatar.com\/avatar\/a6fbe9bff57405baf4c1e2c5c1811e072b558253974a9f9508f4678900c97c2a?s=96&d=mm&r=g\",\"url\":\"https:\/\/secure.gravatar.com\/avatar\/a6fbe9bff57405baf4c1e2c5c1811e072b558253974a9f9508f4678900c97c2a?s=96&d=mm&r=g\",\"contentUrl\":\"https:\/\/secure.gravatar.com\/avatar\/a6fbe9bff57405baf4c1e2c5c1811e072b558253974a9f9508f4678900c97c2a?s=96&d=mm&r=g\",\"caption\":\"Bianca\"},\"url\":\"https:\/\/www.institutodeengenharia.org.br\/site\/author\/comunicacao1\/\"}]}<\/script>\n<!-- \/ Yoast SEO plugin. -->","yoast_head_json":{"title":"IE Talks: - Panorama Geral da Gest\u00e3o de Carga A\u00e9rea do Brasil - Instituto de Engenharia","robots":{"index":"index","follow":"follow","max-snippet":"max-snippet:-1","max-image-preview":"max-image-preview:large","max-video-preview":"max-video-preview:-1"},"canonical":"https:\/\/www.institutodeengenharia.org.br\/site\/2021\/09\/13\/ie-talks-panorama-geral-da-gestao-de-carga-aerea-do-brasil\/","og_locale":"pt_BR","og_type":"article","og_title":"IE Talks: - Panorama Geral da Gest\u00e3o de Carga A\u00e9rea do Brasil","og_description":"Assista abaixo \u00e0 grava\u00e7\u00e3o do evento","og_url":"https:\/\/www.institutodeengenharia.org.br\/site\/2021\/09\/13\/ie-talks-panorama-geral-da-gestao-de-carga-aerea-do-brasil\/","og_site_name":"Instituto de Engenharia","article_publisher":"https:\/\/www.facebook.com\/institutodeengenharia","article_published_time":"2021-09-13T13:30:53+00:00","article_modified_time":"2021-09-20T13:31:16+00:00","og_image":[{"width":1920,"height":1279,"url":"https:\/\/www.institutodeengenharia.org.br\/site\/wp-content\/uploads\/2021\/08\/qatar-airways-3478969_1920.jpg","type":"image\/jpeg"}],"author":"Bianca","twitter_card":"summary_large_image","twitter_title":"IE Talks: - Panorama Geral da Gest\u00e3o de Carga A\u00e9rea do Brasil","twitter_description":"Assista abaixo \u00e0 grava\u00e7\u00e3o do evento","twitter_image":"https:\/\/www.institutodeengenharia.org.br\/site\/wp-content\/uploads\/2021\/08\/qatar-airways-3478969_1920.jpg","twitter_creator":"@iengenharia","twitter_site":"@iengenharia","twitter_misc":{"Escrito por":"Bianca","Est. tempo de leitura":"3 minutos"},"schema":{"@context":"https:\/\/schema.org","@graph":[{"@type":"Article","@id":"https:\/\/www.institutodeengenharia.org.br\/site\/2021\/09\/13\/ie-talks-panorama-geral-da-gestao-de-carga-aerea-do-brasil\/#article","isPartOf":{"@id":"https:\/\/www.institutodeengenharia.org.br\/site\/2021\/09\/13\/ie-talks-panorama-geral-da-gestao-de-carga-aerea-do-brasil\/"},"author":{"name":"Bianca","@id":"https:\/\/www.institutodeengenharia.org.br\/site\/#\/schema\/person\/aeb64951c405e100d26d30b033dd423f"},"headline":"IE Talks: &#8211; Panorama Geral da Gest\u00e3o de Carga A\u00e9rea do Brasil","datePublished":"2021-09-13T13:30:53+00:00","dateModified":"2021-09-20T13:31:16+00:00","mainEntityOfPage":{"@id":"https:\/\/www.institutodeengenharia.org.br\/site\/2021\/09\/13\/ie-talks-panorama-geral-da-gestao-de-carga-aerea-do-brasil\/"},"wordCount":690,"commentCount":0,"publisher":{"@id":"https:\/\/www.institutodeengenharia.org.br\/site\/#organization"},"image":{"@id":"https:\/\/www.institutodeengenharia.org.br\/site\/2021\/09\/13\/ie-talks-panorama-geral-da-gestao-de-carga-aerea-do-brasil\/#primaryimage"},"thumbnailUrl":"https:\/\/www.institutodeengenharia.org.br\/site\/wp-content\/uploads\/2021\/08\/qatar-airways-3478969_1920.jpg","articleSection":["Nova TV Engenharia","Palestra"],"inLanguage":"pt-BR","potentialAction":[{"@type":"CommentAction","name":"Comment","target":["https:\/\/www.institutodeengenharia.org.br\/site\/2021\/09\/13\/ie-talks-panorama-geral-da-gestao-de-carga-aerea-do-brasil\/#respond"]}]},{"@type":"WebPage","@id":"https:\/\/www.institutodeengenharia.org.br\/site\/2021\/09\/13\/ie-talks-panorama-geral-da-gestao-de-carga-aerea-do-brasil\/","url":"https:\/\/www.institutodeengenharia.org.br\/site\/2021\/09\/13\/ie-talks-panorama-geral-da-gestao-de-carga-aerea-do-brasil\/","name":"IE Talks: - Panorama Geral da Gest\u00e3o de Carga A\u00e9rea do Brasil - Instituto de Engenharia","isPartOf":{"@id":"https:\/\/www.institutodeengenharia.org.br\/site\/#website"},"primaryImageOfPage":{"@id":"https:\/\/www.institutodeengenharia.org.br\/site\/2021\/09\/13\/ie-talks-panorama-geral-da-gestao-de-carga-aerea-do-brasil\/#primaryimage"},"image":{"@id":"https:\/\/www.institutodeengenharia.org.br\/site\/2021\/09\/13\/ie-talks-panorama-geral-da-gestao-de-carga-aerea-do-brasil\/#primaryimage"},"thumbnailUrl":"https:\/\/www.institutodeengenharia.org.br\/site\/wp-content\/uploads\/2021\/08\/qatar-airways-3478969_1920.jpg","datePublished":"2021-09-13T13:30:53+00:00","dateModified":"2021-09-20T13:31:16+00:00","breadcrumb":{"@id":"https:\/\/www.institutodeengenharia.org.br\/site\/2021\/09\/13\/ie-talks-panorama-geral-da-gestao-de-carga-aerea-do-brasil\/#breadcrumb"},"inLanguage":"pt-BR","potentialAction":[{"@type":"ReadAction","target":["https:\/\/www.institutodeengenharia.org.br\/site\/2021\/09\/13\/ie-talks-panorama-geral-da-gestao-de-carga-aerea-do-brasil\/"]}]},{"@type":"ImageObject","inLanguage":"pt-BR","@id":"https:\/\/www.institutodeengenharia.org.br\/site\/2021\/09\/13\/ie-talks-panorama-geral-da-gestao-de-carga-aerea-do-brasil\/#primaryimage","url":"https:\/\/www.institutodeengenharia.org.br\/site\/wp-content\/uploads\/2021\/08\/qatar-airways-3478969_1920.jpg","contentUrl":"https:\/\/www.institutodeengenharia.org.br\/site\/wp-content\/uploads\/2021\/08\/qatar-airways-3478969_1920.jpg","width":1920,"height":1279},{"@type":"BreadcrumbList","@id":"https:\/\/www.institutodeengenharia.org.br\/site\/2021\/09\/13\/ie-talks-panorama-geral-da-gestao-de-carga-aerea-do-brasil\/#breadcrumb","itemListElement":[{"@type":"ListItem","position":1,"name":"In\u00edcio","item":"https:\/\/www.institutodeengenharia.org.br\/site\/"},{"@type":"ListItem","position":2,"name":"IE Talks: &#8211; Panorama Geral da Gest\u00e3o de Carga A\u00e9rea do Brasil"}]},{"@type":"WebSite","@id":"https:\/\/www.institutodeengenharia.org.br\/site\/#website","url":"https:\/\/www.institutodeengenharia.org.br\/site\/","name":"Instituto de Engenharia","description":"O Instituto de Engenharia promove a Engenharia em benef\u00edcio do desenvolvimento e da qualidade de vida da sociedade.","publisher":{"@id":"https:\/\/www.institutodeengenharia.org.br\/site\/#organization"},"potentialAction":[{"@type":"SearchAction","target":{"@type":"EntryPoint","urlTemplate":"https:\/\/www.institutodeengenharia.org.br\/site\/?s={search_term_string}"},"query-input":{"@type":"PropertyValueSpecification","valueRequired":true,"valueName":"search_term_string"}}],"inLanguage":"pt-BR"},{"@type":"Organization","@id":"https:\/\/www.institutodeengenharia.org.br\/site\/#organization","name":"Instituto de Engenharia","url":"https:\/\/www.institutodeengenharia.org.br\/site\/","logo":{"@type":"ImageObject","inLanguage":"pt-BR","@id":"https:\/\/www.institutodeengenharia.org.br\/site\/#\/schema\/logo\/image\/","url":"https:\/\/www.institutodeengenharia.org.br\/site\/wp-content\/uploads\/2019\/03\/logo-novo-IE2018-1.jpg","contentUrl":"https:\/\/www.institutodeengenharia.org.br\/site\/wp-content\/uploads\/2019\/03\/logo-novo-IE2018-1.jpg","width":1486,"height":1879,"caption":"Instituto de Engenharia"},"image":{"@id":"https:\/\/www.institutodeengenharia.org.br\/site\/#\/schema\/logo\/image\/"},"sameAs":["https:\/\/www.facebook.com\/institutodeengenharia","https:\/\/x.com\/iengenharia","https:\/\/www.instagram.com\/institutodeengenharia\/","https:\/\/www.linkedin.com\/company\/instituto-de-engenharia\/","https:\/\/www.youtube.com\/channel\/UCXiCAlsSMe977vamW915HxA"]},{"@type":"Person","@id":"https:\/\/www.institutodeengenharia.org.br\/site\/#\/schema\/person\/aeb64951c405e100d26d30b033dd423f","name":"Bianca","image":{"@type":"ImageObject","inLanguage":"pt-BR","@id":"https:\/\/secure.gravatar.com\/avatar\/a6fbe9bff57405baf4c1e2c5c1811e072b558253974a9f9508f4678900c97c2a?s=96&d=mm&r=g","url":"https:\/\/secure.gravatar.com\/avatar\/a6fbe9bff57405baf4c1e2c5c1811e072b558253974a9f9508f4678900c97c2a?s=96&d=mm&r=g","contentUrl":"https:\/\/secure.gravatar.com\/avatar\/a6fbe9bff57405baf4c1e2c5c1811e072b558253974a9f9508f4678900c97c2a?s=96&d=mm&r=g","caption":"Bianca"},"url":"https:\/\/www.institutodeengenharia.org.br\/site\/author\/comunicacao1\/"}]}},"_links":{"self":[{"href":"https:\/\/www.institutodeengenharia.org.br\/site\/wp-json\/wp\/v2\/posts\/85623","targetHints":{"allow":["GET"]}}],"collection":[{"href":"https:\/\/www.institutodeengenharia.org.br\/site\/wp-json\/wp\/v2\/posts"}],"about":[{"href":"https:\/\/www.institutodeengenharia.org.br\/site\/wp-json\/wp\/v2\/types\/post"}],"author":[{"embeddable":true,"href":"https:\/\/www.institutodeengenharia.org.br\/site\/wp-json\/wp\/v2\/users\/13"}],"replies":[{"embeddable":true,"href":"https:\/\/www.institutodeengenharia.org.br\/site\/wp-json\/wp\/v2\/comments?post=85623"}],"version-history":[{"count":1,"href":"https:\/\/www.institutodeengenharia.org.br\/site\/wp-json\/wp\/v2\/posts\/85623\/revisions"}],"predecessor-version":[{"id":85624,"href":"https:\/\/www.institutodeengenharia.org.br\/site\/wp-json\/wp\/v2\/posts\/85623\/revisions\/85624"}],"wp:featuredmedia":[{"embeddable":true,"href":"https:\/\/www.institutodeengenharia.org.br\/site\/wp-json\/wp\/v2\/media\/84285"}],"wp:attachment":[{"href":"https:\/\/www.institutodeengenharia.org.br\/site\/wp-json\/wp\/v2\/media?parent=85623"}],"wp:term":[{"taxonomy":"category","embeddable":true,"href":"https:\/\/www.institutodeengenharia.org.br\/site\/wp-json\/wp\/v2\/categories?post=85623"},{"taxonomy":"post_tag","embeddable":true,"href":"https:\/\/www.institutodeengenharia.org.br\/site\/wp-json\/wp\/v2\/tags?post=85623"}],"curies":[{"name":"wp","href":"https:\/\/api.w.org\/{rel}","templated":true}]}}