{"id":85569,"date":"2021-09-02T10:46:45","date_gmt":"2021-09-02T13:46:45","guid":{"rendered":"https:\/\/www.institutodeengenharia.org.br\/site\/?p=85569"},"modified":"2021-09-16T10:47:29","modified_gmt":"2021-09-16T13:47:29","slug":"a-crise-energetica-no-brasil","status":"publish","type":"post","link":"https:\/\/www.institutodeengenharia.org.br\/site\/2021\/09\/02\/a-crise-energetica-no-brasil\/","title":{"rendered":"A Crise Energ\u00e9tica no Brasil"},"content":{"rendered":"<p><strong>Assista abaixo \u00e0 grava\u00e7\u00e3o do evento:<\/strong><\/p>\n<p><iframe loading=\"lazy\" src=\"https:\/\/player.vimeo.com\/video\/606471257?h=366c62d6c7\" width=\"640\" height=\"360\" frameborder=\"0\" allowfullscreen=\"allowfullscreen\"><\/iframe><\/p>\n<p><strong>+ Informa\u00e7\u00f5es:<\/strong><\/p>\n<p>Em plena crise sanit\u00e1ria, econ\u00f4mica, ambiental e pol\u00edtica, o Brasil enfrenta problemas no setor el\u00e9trico, com risco de racionamento e apag\u00f5es.<\/p>\n<p>O objetivo do workshop ser\u00e1 discutir a situa\u00e7\u00e3o atual, as causas e as consequ\u00eancias da crise, bem como apontar solu\u00e7\u00f5es e perspectivas futuras.<\/p>\n<p>Na ocasi\u00e3o, haver\u00e1 homenagem p\u00f3stuma ao professor Mario Thadeu Leme de Barros, do Departamento de Engenharia Hidr\u00e1ulica e Ambiental da Escola Polit\u00e9cnica da Universidade de S\u00e3o Paulo.<\/p>\n<p><strong>Programa\u00e7\u00e3o*<\/strong><\/p>\n<p>14h \u2013 Homenagem ao prof. titular Mario Thadeu Leme de Barros, da Escola Polit\u00e9cnica da Universidade de S\u00e3o Paulo<\/p>\n<p>14h25 \u2013 Intervalo<\/p>\n<p>14h30 \u2013 A g\u00eanese e a perman\u00eancia da crise energ\u00e9tica \u2013 Professor titular Ildo Lu\u00eds Sauer (Instituto de Energia e Ambiente)<\/p>\n<p>15h \u2013 Intervalo<\/p>\n<p>15h05 \u2013 A opera\u00e7\u00e3o do sistema hidrot\u00e9rmico brasileiro de 2001 a 2021 \u2013 Professor associado Renato Carlos Zambon (Escola Polit\u00e9cnica da Universidade de S\u00e3o Paulo)15:35 \u00e0s 15:40: Intervalo<\/p>\n<p>15h40 \u2013 As principais fontes renov\u00e1veis no pa\u00eds e suas perspectivas para o futuro \u2013 Professor associado Frederico F\u00e1bio Mauad (Escola de Engenharia de S\u00e3o Carlos da Universidade de S\u00e3o Paulo)<\/p>\n<p>16h10 \u2013 Rodada de perguntas e respostas com os palestrantes e a plateia<\/p>\n<p>17h \u2013 Encerramento<\/p>\n<p><strong>Moderador: Eng. Fernando Moliterno da EMAE \u2013 Empresa Metropolitana de \u00c1guas e Energia<\/strong><\/p>\n<h6><em>*Programa sujeito \u00e0 altera\u00e7\u00e3o.<\/em><\/h6>\n<p>&nbsp;<\/p>\n<p><strong>Conhe\u00e7a os participantes:<\/strong><\/p>\n<p><img loading=\"lazy\" decoding=\"async\" class=\"alignnone size-full wp-image-84420 alignright td-animation-stack-type0-2\" src=\"https:\/\/www.institutodeengenharia.org.br\/site\/wp-content\/uploads\/2021\/08\/WhatsApp-Image-2021-08-17-at-11.22.04.jpeg\" alt=\"\" width=\"147\" height=\"202\" \/><\/p>\n<p><strong>Fernando Jos\u00e9 Moliterno \u2013 Assessor Especial para Capta\u00e7\u00e3o de Neg\u00f3cios da Presid\u00eancia<\/strong><\/p>\n<p>Graduado em engenharia mec\u00e2nica plena pela Faculdade de Engenharia Industrial \u2013 FEI de S\u00e3o Bernardo do Campo em 1984. Atua a 37 anos no setor el\u00e9trico brasileiro. Iniciou suas atividades na ELETROPAULO em 1984 nas \u00e1reas de opera\u00e7\u00e3o e manuten\u00e7\u00e3o de usinas termoel\u00e9trica e hidroel\u00e9tricas. Foi gerente do Departamentos de Engenharia entre 2000 e 2016, Departamento de Meio Ambiente em 2015 a 2018, Assessor da Diretoria de Gera\u00e7\u00e3o em 2018 e partir de 2019 ate a presente data exercendo suas atividades como Assessor da Presid\u00eancia da EMAE.<\/p>\n<p><img loading=\"lazy\" decoding=\"async\" class=\"alignnone wp-image-84197 alignleft td-animation-stack-type0-2\" src=\"https:\/\/www.institutodeengenharia.org.br\/site\/wp-content\/uploads\/2021\/08\/fredericofabio.jpg\" alt=\"\" width=\"213\" height=\"187\" \/><\/p>\n<p><strong>Frederico F\u00e1bio Mauad \u2013 Professor associado da Escola de Engenharia de S\u00e3o Carlos da Universidade de S\u00e3o Paulo<\/strong><\/p>\n<p>Possui gradua\u00e7\u00e3o em Engenharia Agr\u00edcola (1990), Especializa\u00e7\u00e3o em Projeto e Constru\u00e7\u00e3o de Pequenas Centrais Hidrel\u00e9tricas \u2013 Eletrobr\u00e1s\/UNIFEI, Mestrado em Engenharia Mec\u00e2nica- Energia pela Universidade Federal de Itajub\u00e1 (1995), PDEE Junto ao Instituto Superior T\u00e9cnico \u2013 Lisboa 1998 e doutorado em Planejamento de Sistemas Energ\u00e9ticos pela Universidade Estadual de Campinas (2000). Livre-Docente pela Universidade de S\u00e3o Paulo na \u00e1rea de conhecimento de planejamento de sistemas hidroenerg\u00e9ticos (2013). Atualmente \u00e9 Professor Associado da Universidade de S\u00e3o Paulo. Tem experi\u00eancia na \u00e1rea de Engenharia Civil, com \u00eanfase em Hidrologia, atuando principalmente nos seguintes temas: Estudo de Assoreamento de Grandes Reservat\u00f3rios, Hidrometria Aplicada, Equipamentos para An\u00e1lise Quantitativa, Qualitativa e Sedimentometrica, Planejamento e Gerenciamento de Recursos H\u00eddricos, Aporte de Sedimentos, Recursos H\u00eddricos (Quantitativo e Qualitativo), Simula\u00e7\u00e3o Computacional e Usos M\u00faltiplos da \u00c1gua. Vice-diretor do Centro de Ci\u00eancias da Engenharia Aplicadas ao Meio Ambiente para o per\u00edodo de Ci\u00eancias da Engenharia Aplicadas ao Meio Ambiente para o per\u00edodo 2019\/2021.<\/p>\n<p><img loading=\"lazy\" decoding=\"async\" class=\"alignnone size-full wp-image-84198 alignright td-animation-stack-type0-2\" src=\"https:\/\/www.institutodeengenharia.org.br\/site\/wp-content\/uploads\/2021\/08\/ildoluis.jpg\" alt=\"\" width=\"139\" height=\"200\" \/><\/p>\n<p><strong>Ildo Lu\u00eds Sauer \u2013 Professor titular do Instituto de Energia e Ambiente<\/strong><\/p>\n<p>Possui gradua\u00e7\u00e3o em Engenharia Civil pela Universidade Federal do Rio Grande do Sul (1977), mestrado em Engenharia Nuclear e Planejamento Energ\u00e9tico pela Universidade Federal do Rio de Janeiro (1981) e doutorado em Engenharia Nuclear \u2013 Massachusetts Institute of Technology (1985). Atualmente \u00e9 professor titular da Universidade de S\u00e3o Paulo. Tem experi\u00eancia na \u00e1rea de Energia com \u00eanfase em Organiza\u00e7\u00e3o da Industria de Energia e Organiza\u00e7\u00e3o da Produ\u00e7\u00e3o e Apropria\u00e7\u00e3o Social de Energia, atuando principalmente nos seguintes temas: planejamento energ\u00e9tico, modelos de demanda e recursos e oferta de energia, uso racional de energia, avalia\u00e7\u00e3o e desenvolvimento de recursos, produ\u00e7\u00e3o descentralizada de energia, regula\u00e7\u00e3o e controle, pol\u00edticas energ\u00e9ticas, an\u00e1lise econ\u00f4mica, hist\u00f3rica e social da evolu\u00e7\u00e3o das forma\u00e7\u00f5es sociais e apropria\u00e7\u00e3o da energia. Petr\u00f3leo, g\u00e1s natural, bioenergia, energia nuclear, energia e\u00f3lica, hidr\u00e1ulica.<\/p>\n<p><img loading=\"lazy\" decoding=\"async\" class=\"alignnone wp-image-84199 alignleft td-animation-stack-type0-2\" src=\"https:\/\/www.institutodeengenharia.org.br\/site\/wp-content\/uploads\/2021\/08\/renatocarlos.jpg\" alt=\"\" width=\"140\" height=\"183\" \/><\/p>\n<p><strong>Renato Carlos Zambon \u2013 Professor associado do Departamento de Engenharia Hidr\u00e1ulica e Ambiental da Escola Polit\u00e9cnica da Universidade de S\u00e3o Paulo<\/strong><\/p>\n<p>Possui gradua\u00e7\u00e3o em Engenharia Civil pela Universidade de S\u00e3o Paulo (1991), mestrado em Engenharia Civil pela Universidade de S\u00e3o Paulo (1998), doutorado em Engenharia Civil pela Universidade de S\u00e3o Paulo com per\u00edodo sandu\u00edche na University of California, Los Angeles (2008) e p\u00f3s-doutorado na University of California, Los Angeles (2014). Atualmente \u00e9 Professor Associado de Engenharia Ambiental e de Recursos H\u00eddricos da Escola Polit\u00e9cnica da Universidade de S\u00e3o Paulo. Tem experi\u00eancia nas \u00e1reas de Engenharia Hidr\u00e1ulica, Sanit\u00e1ria e de Recursos H\u00eddricos e atua principalmente nos seguintes temas: redes de abastecimento de \u00e1gua, adutoras, transientes, an\u00e1lise de sistemas de recursos h\u00eddricos, opera\u00e7\u00e3o de reservat\u00f3rios, gera\u00e7\u00e3o de energia, desenvolvimento de softwares para engenharia.<\/p>\n<p><strong>Realiza\u00e7\u00e3o e coordena\u00e7\u00e3o<\/strong><\/p>\n<p><strong>Eng. Ivan Metran Whately<\/strong>\u00a0\u2013 Vice-Presidente de Atividades T\u00e9cnicas IE<\/p>\n<p><strong>Eng. Dione Mari Morita<\/strong>\u00a0\u2013 Assessora Especial da Presid\u00eancia IE<\/p>\n<p><strong>Prof. Mario Thadeu Leme de Barros<\/strong>\u00a0\u2013 Depto de Engenharia Hidr\u00e1ulica e Ambiental da Poli\/USP (<em>em mem\u00f3ria<\/em>)<\/p>\n<p><strong>Apoio Institucional:<\/strong><\/p>\n<p><img loading=\"lazy\" decoding=\"async\" class=\"alignnone size-full wp-image-85151 td-animation-stack-type0-2\" src=\"https:\/\/www.institutodeengenharia.org.br\/site\/wp-content\/uploads\/2021\/08\/logocrisehidrica.png\" alt=\"\" width=\"764\" height=\"210\" srcset=\"https:\/\/www.institutodeengenharia.org.br\/site\/wp-content\/uploads\/2021\/08\/logocrisehidrica.png 764w, https:\/\/www.institutodeengenharia.org.br\/site\/wp-content\/uploads\/2021\/08\/logocrisehidrica-300x82.png 300w, https:\/\/www.institutodeengenharia.org.br\/site\/wp-content\/uploads\/2021\/08\/logocrisehidrica-696x191.png 696w, https:\/\/www.institutodeengenharia.org.br\/site\/wp-content\/uploads\/2021\/08\/logocrisehidrica-600x165.png 600w\" sizes=\"auto, (max-width: 764px) 100vw, 764px\" \/><\/p>\n<p><strong>Apoio \u00e0 forma\u00e7\u00e3o:\u00a0<\/strong><\/p>\n<p>Espa\u00e7o aberto ao CREA-SP, objetivando o aperfei\u00e7oamento dos profissionais e o aprimoramento da fiscaliza\u00e7\u00e3o das \u00e1reas abrangidas pelo Sistema Confea\/CREAs, al\u00e9m de promover a conscientiza\u00e7\u00e3o da sociedade quanto \u00e0 necessidade e obrigatoriedade de contratar um profissional devidamente habilitado.<\/p>\n","protected":false},"excerpt":{"rendered":"<p>Assista abaixo \u00e0 grava\u00e7\u00e3o do evento: + Informa\u00e7\u00f5es: Em plena crise sanit\u00e1ria, econ\u00f4mica, ambiental e pol\u00edtica, o Brasil enfrenta problemas no setor el\u00e9trico, com risco de racionamento e apag\u00f5es. O objetivo do workshop ser\u00e1 discutir a situa\u00e7\u00e3o atual, as causas e as consequ\u00eancias da crise, bem como apontar solu\u00e7\u00f5es e perspectivas futuras. Na ocasi\u00e3o, haver\u00e1 [&hellip;]<\/p>\n","protected":false},"author":13,"featured_media":83842,"comment_status":"open","ping_status":"open","sticky":false,"template":"","format":"standard","meta":{"footnotes":""},"categories":[12,968,969],"tags":[],"class_list":{"0":"post-85569","1":"post","2":"type-post","3":"status-publish","4":"format-standard","5":"has-post-thumbnail","7":"category-divisoes-tecnicas","8":"category-nova-tv-engenharia","9":"category-palestra"},"yoast_head":"<!-- This site is optimized with the Yoast SEO plugin v27.2 - https:\/\/yoast.com\/product\/yoast-seo-wordpress\/ -->\n<title>A Crise Energ\u00e9tica no Brasil - Instituto de Engenharia<\/title>\n<meta name=\"robots\" content=\"index, follow, max-snippet:-1, max-image-preview:large, max-video-preview:-1\" \/>\n<link rel=\"canonical\" href=\"https:\/\/www.institutodeengenharia.org.br\/site\/2021\/09\/02\/a-crise-energetica-no-brasil\/\" \/>\n<meta property=\"og:locale\" content=\"pt_BR\" \/>\n<meta property=\"og:type\" content=\"article\" \/>\n<meta property=\"og:title\" content=\"A Crise Energ\u00e9tica no Brasil\" \/>\n<meta property=\"og:description\" content=\"Assista abaixo \u00e0 grava\u00e7\u00e3o do evento\" \/>\n<meta property=\"og:url\" content=\"https:\/\/www.institutodeengenharia.org.br\/site\/2021\/09\/02\/a-crise-energetica-no-brasil\/\" \/>\n<meta property=\"og:site_name\" content=\"Instituto de Engenharia\" \/>\n<meta property=\"article:publisher\" content=\"https:\/\/www.facebook.com\/institutodeengenharia\" \/>\n<meta property=\"article:published_time\" content=\"2021-09-02T13:46:45+00:00\" \/>\n<meta property=\"article:modified_time\" content=\"2021-09-16T13:47:29+00:00\" \/>\n<meta property=\"og:image\" content=\"https:\/\/www.institutodeengenharia.org.br\/site\/wp-content\/uploads\/2019\/08\/tv_engenharia.jpg\" \/>\n\t<meta property=\"og:image:width\" content=\"1280\" \/>\n\t<meta property=\"og:image:height\" content=\"853\" \/>\n\t<meta property=\"og:image:type\" content=\"image\/jpeg\" \/>\n<meta name=\"author\" content=\"Bianca\" \/>\n<meta name=\"twitter:card\" content=\"summary_large_image\" \/>\n<meta name=\"twitter:title\" content=\"A Crise Energ\u00e9tica no Brasil\" \/>\n<meta name=\"twitter:description\" content=\"Assista abaixo \u00e0 grava\u00e7\u00e3o do evento\" \/>\n<meta name=\"twitter:image\" content=\"https:\/\/www.institutodeengenharia.org.br\/site\/wp-content\/uploads\/2019\/08\/tv_engenharia.jpg\" \/>\n<meta name=\"twitter:creator\" content=\"@iengenharia\" \/>\n<meta name=\"twitter:site\" content=\"@iengenharia\" \/>\n<meta name=\"twitter:label1\" content=\"Escrito por\" \/>\n\t<meta name=\"twitter:data1\" content=\"Bianca\" \/>\n\t<meta name=\"twitter:label2\" content=\"Est. tempo de leitura\" \/>\n\t<meta name=\"twitter:data2\" content=\"5 minutos\" \/>\n<script type=\"application\/ld+json\" class=\"yoast-schema-graph\">{\"@context\":\"https:\/\/schema.org\",\"@graph\":[{\"@type\":\"Article\",\"@id\":\"https:\/\/www.institutodeengenharia.org.br\/site\/2021\/09\/02\/a-crise-energetica-no-brasil\/#article\",\"isPartOf\":{\"@id\":\"https:\/\/www.institutodeengenharia.org.br\/site\/2021\/09\/02\/a-crise-energetica-no-brasil\/\"},\"author\":{\"name\":\"Bianca\",\"@id\":\"https:\/\/www.institutodeengenharia.org.br\/site\/#\/schema\/person\/aeb64951c405e100d26d30b033dd423f\"},\"headline\":\"A Crise Energ\u00e9tica no Brasil\",\"datePublished\":\"2021-09-02T13:46:45+00:00\",\"dateModified\":\"2021-09-16T13:47:29+00:00\",\"mainEntityOfPage\":{\"@id\":\"https:\/\/www.institutodeengenharia.org.br\/site\/2021\/09\/02\/a-crise-energetica-no-brasil\/\"},\"wordCount\":930,\"commentCount\":0,\"publisher\":{\"@id\":\"https:\/\/www.institutodeengenharia.org.br\/site\/#organization\"},\"image\":{\"@id\":\"https:\/\/www.institutodeengenharia.org.br\/site\/2021\/09\/02\/a-crise-energetica-no-brasil\/#primaryimage\"},\"thumbnailUrl\":\"https:\/\/www.institutodeengenharia.org.br\/site\/wp-content\/uploads\/2021\/08\/hidreletrica-1.webp\",\"articleSection\":[\"Divis\u00f5es T\u00e9cnicas\",\"Nova TV Engenharia\",\"Palestra\"],\"inLanguage\":\"pt-BR\",\"potentialAction\":[{\"@type\":\"CommentAction\",\"name\":\"Comment\",\"target\":[\"https:\/\/www.institutodeengenharia.org.br\/site\/2021\/09\/02\/a-crise-energetica-no-brasil\/#respond\"]}]},{\"@type\":\"WebPage\",\"@id\":\"https:\/\/www.institutodeengenharia.org.br\/site\/2021\/09\/02\/a-crise-energetica-no-brasil\/\",\"url\":\"https:\/\/www.institutodeengenharia.org.br\/site\/2021\/09\/02\/a-crise-energetica-no-brasil\/\",\"name\":\"A Crise Energ\u00e9tica no Brasil - Instituto de Engenharia\",\"isPartOf\":{\"@id\":\"https:\/\/www.institutodeengenharia.org.br\/site\/#website\"},\"primaryImageOfPage\":{\"@id\":\"https:\/\/www.institutodeengenharia.org.br\/site\/2021\/09\/02\/a-crise-energetica-no-brasil\/#primaryimage\"},\"image\":{\"@id\":\"https:\/\/www.institutodeengenharia.org.br\/site\/2021\/09\/02\/a-crise-energetica-no-brasil\/#primaryimage\"},\"thumbnailUrl\":\"https:\/\/www.institutodeengenharia.org.br\/site\/wp-content\/uploads\/2021\/08\/hidreletrica-1.webp\",\"datePublished\":\"2021-09-02T13:46:45+00:00\",\"dateModified\":\"2021-09-16T13:47:29+00:00\",\"breadcrumb\":{\"@id\":\"https:\/\/www.institutodeengenharia.org.br\/site\/2021\/09\/02\/a-crise-energetica-no-brasil\/#breadcrumb\"},\"inLanguage\":\"pt-BR\",\"potentialAction\":[{\"@type\":\"ReadAction\",\"target\":[\"https:\/\/www.institutodeengenharia.org.br\/site\/2021\/09\/02\/a-crise-energetica-no-brasil\/\"]}]},{\"@type\":\"ImageObject\",\"inLanguage\":\"pt-BR\",\"@id\":\"https:\/\/www.institutodeengenharia.org.br\/site\/2021\/09\/02\/a-crise-energetica-no-brasil\/#primaryimage\",\"url\":\"https:\/\/www.institutodeengenharia.org.br\/site\/wp-content\/uploads\/2021\/08\/hidreletrica-1.webp\",\"contentUrl\":\"https:\/\/www.institutodeengenharia.org.br\/site\/wp-content\/uploads\/2021\/08\/hidreletrica-1.webp\",\"width\":1280,\"height\":853},{\"@type\":\"BreadcrumbList\",\"@id\":\"https:\/\/www.institutodeengenharia.org.br\/site\/2021\/09\/02\/a-crise-energetica-no-brasil\/#breadcrumb\",\"itemListElement\":[{\"@type\":\"ListItem\",\"position\":1,\"name\":\"In\u00edcio\",\"item\":\"https:\/\/www.institutodeengenharia.org.br\/site\/\"},{\"@type\":\"ListItem\",\"position\":2,\"name\":\"A Crise Energ\u00e9tica no Brasil\"}]},{\"@type\":\"WebSite\",\"@id\":\"https:\/\/www.institutodeengenharia.org.br\/site\/#website\",\"url\":\"https:\/\/www.institutodeengenharia.org.br\/site\/\",\"name\":\"Instituto de Engenharia\",\"description\":\"O Instituto de Engenharia promove a Engenharia em benef\u00edcio do desenvolvimento e da qualidade de vida da sociedade.\",\"publisher\":{\"@id\":\"https:\/\/www.institutodeengenharia.org.br\/site\/#organization\"},\"potentialAction\":[{\"@type\":\"SearchAction\",\"target\":{\"@type\":\"EntryPoint\",\"urlTemplate\":\"https:\/\/www.institutodeengenharia.org.br\/site\/?s={search_term_string}\"},\"query-input\":{\"@type\":\"PropertyValueSpecification\",\"valueRequired\":true,\"valueName\":\"search_term_string\"}}],\"inLanguage\":\"pt-BR\"},{\"@type\":\"Organization\",\"@id\":\"https:\/\/www.institutodeengenharia.org.br\/site\/#organization\",\"name\":\"Instituto de Engenharia\",\"url\":\"https:\/\/www.institutodeengenharia.org.br\/site\/\",\"logo\":{\"@type\":\"ImageObject\",\"inLanguage\":\"pt-BR\",\"@id\":\"https:\/\/www.institutodeengenharia.org.br\/site\/#\/schema\/logo\/image\/\",\"url\":\"https:\/\/www.institutodeengenharia.org.br\/site\/wp-content\/uploads\/2019\/03\/logo-novo-IE2018-1.jpg\",\"contentUrl\":\"https:\/\/www.institutodeengenharia.org.br\/site\/wp-content\/uploads\/2019\/03\/logo-novo-IE2018-1.jpg\",\"width\":1486,\"height\":1879,\"caption\":\"Instituto de Engenharia\"},\"image\":{\"@id\":\"https:\/\/www.institutodeengenharia.org.br\/site\/#\/schema\/logo\/image\/\"},\"sameAs\":[\"https:\/\/www.facebook.com\/institutodeengenharia\",\"https:\/\/x.com\/iengenharia\",\"https:\/\/www.instagram.com\/institutodeengenharia\/\",\"https:\/\/www.linkedin.com\/company\/instituto-de-engenharia\/\",\"https:\/\/www.youtube.com\/channel\/UCXiCAlsSMe977vamW915HxA\"]},{\"@type\":\"Person\",\"@id\":\"https:\/\/www.institutodeengenharia.org.br\/site\/#\/schema\/person\/aeb64951c405e100d26d30b033dd423f\",\"name\":\"Bianca\",\"image\":{\"@type\":\"ImageObject\",\"inLanguage\":\"pt-BR\",\"@id\":\"https:\/\/secure.gravatar.com\/avatar\/a6fbe9bff57405baf4c1e2c5c1811e072b558253974a9f9508f4678900c97c2a?s=96&d=mm&r=g\",\"url\":\"https:\/\/secure.gravatar.com\/avatar\/a6fbe9bff57405baf4c1e2c5c1811e072b558253974a9f9508f4678900c97c2a?s=96&d=mm&r=g\",\"contentUrl\":\"https:\/\/secure.gravatar.com\/avatar\/a6fbe9bff57405baf4c1e2c5c1811e072b558253974a9f9508f4678900c97c2a?s=96&d=mm&r=g\",\"caption\":\"Bianca\"},\"url\":\"https:\/\/www.institutodeengenharia.org.br\/site\/author\/comunicacao1\/\"}]}<\/script>\n<!-- \/ Yoast SEO plugin. -->","yoast_head_json":{"title":"A Crise Energ\u00e9tica no Brasil - Instituto de Engenharia","robots":{"index":"index","follow":"follow","max-snippet":"max-snippet:-1","max-image-preview":"max-image-preview:large","max-video-preview":"max-video-preview:-1"},"canonical":"https:\/\/www.institutodeengenharia.org.br\/site\/2021\/09\/02\/a-crise-energetica-no-brasil\/","og_locale":"pt_BR","og_type":"article","og_title":"A Crise Energ\u00e9tica no Brasil","og_description":"Assista abaixo \u00e0 grava\u00e7\u00e3o do evento","og_url":"https:\/\/www.institutodeengenharia.org.br\/site\/2021\/09\/02\/a-crise-energetica-no-brasil\/","og_site_name":"Instituto de Engenharia","article_publisher":"https:\/\/www.facebook.com\/institutodeengenharia","article_published_time":"2021-09-02T13:46:45+00:00","article_modified_time":"2021-09-16T13:47:29+00:00","og_image":[{"width":1280,"height":853,"url":"https:\/\/www.institutodeengenharia.org.br\/site\/wp-content\/uploads\/2019\/08\/tv_engenharia.jpg","type":"image\/jpeg"}],"author":"Bianca","twitter_card":"summary_large_image","twitter_title":"A Crise Energ\u00e9tica no Brasil","twitter_description":"Assista abaixo \u00e0 grava\u00e7\u00e3o do evento","twitter_image":"https:\/\/www.institutodeengenharia.org.br\/site\/wp-content\/uploads\/2019\/08\/tv_engenharia.jpg","twitter_creator":"@iengenharia","twitter_site":"@iengenharia","twitter_misc":{"Escrito por":"Bianca","Est. tempo de leitura":"5 minutos"},"schema":{"@context":"https:\/\/schema.org","@graph":[{"@type":"Article","@id":"https:\/\/www.institutodeengenharia.org.br\/site\/2021\/09\/02\/a-crise-energetica-no-brasil\/#article","isPartOf":{"@id":"https:\/\/www.institutodeengenharia.org.br\/site\/2021\/09\/02\/a-crise-energetica-no-brasil\/"},"author":{"name":"Bianca","@id":"https:\/\/www.institutodeengenharia.org.br\/site\/#\/schema\/person\/aeb64951c405e100d26d30b033dd423f"},"headline":"A Crise Energ\u00e9tica no Brasil","datePublished":"2021-09-02T13:46:45+00:00","dateModified":"2021-09-16T13:47:29+00:00","mainEntityOfPage":{"@id":"https:\/\/www.institutodeengenharia.org.br\/site\/2021\/09\/02\/a-crise-energetica-no-brasil\/"},"wordCount":930,"commentCount":0,"publisher":{"@id":"https:\/\/www.institutodeengenharia.org.br\/site\/#organization"},"image":{"@id":"https:\/\/www.institutodeengenharia.org.br\/site\/2021\/09\/02\/a-crise-energetica-no-brasil\/#primaryimage"},"thumbnailUrl":"https:\/\/www.institutodeengenharia.org.br\/site\/wp-content\/uploads\/2021\/08\/hidreletrica-1.webp","articleSection":["Divis\u00f5es T\u00e9cnicas","Nova TV Engenharia","Palestra"],"inLanguage":"pt-BR","potentialAction":[{"@type":"CommentAction","name":"Comment","target":["https:\/\/www.institutodeengenharia.org.br\/site\/2021\/09\/02\/a-crise-energetica-no-brasil\/#respond"]}]},{"@type":"WebPage","@id":"https:\/\/www.institutodeengenharia.org.br\/site\/2021\/09\/02\/a-crise-energetica-no-brasil\/","url":"https:\/\/www.institutodeengenharia.org.br\/site\/2021\/09\/02\/a-crise-energetica-no-brasil\/","name":"A Crise Energ\u00e9tica no Brasil - Instituto de Engenharia","isPartOf":{"@id":"https:\/\/www.institutodeengenharia.org.br\/site\/#website"},"primaryImageOfPage":{"@id":"https:\/\/www.institutodeengenharia.org.br\/site\/2021\/09\/02\/a-crise-energetica-no-brasil\/#primaryimage"},"image":{"@id":"https:\/\/www.institutodeengenharia.org.br\/site\/2021\/09\/02\/a-crise-energetica-no-brasil\/#primaryimage"},"thumbnailUrl":"https:\/\/www.institutodeengenharia.org.br\/site\/wp-content\/uploads\/2021\/08\/hidreletrica-1.webp","datePublished":"2021-09-02T13:46:45+00:00","dateModified":"2021-09-16T13:47:29+00:00","breadcrumb":{"@id":"https:\/\/www.institutodeengenharia.org.br\/site\/2021\/09\/02\/a-crise-energetica-no-brasil\/#breadcrumb"},"inLanguage":"pt-BR","potentialAction":[{"@type":"ReadAction","target":["https:\/\/www.institutodeengenharia.org.br\/site\/2021\/09\/02\/a-crise-energetica-no-brasil\/"]}]},{"@type":"ImageObject","inLanguage":"pt-BR","@id":"https:\/\/www.institutodeengenharia.org.br\/site\/2021\/09\/02\/a-crise-energetica-no-brasil\/#primaryimage","url":"https:\/\/www.institutodeengenharia.org.br\/site\/wp-content\/uploads\/2021\/08\/hidreletrica-1.webp","contentUrl":"https:\/\/www.institutodeengenharia.org.br\/site\/wp-content\/uploads\/2021\/08\/hidreletrica-1.webp","width":1280,"height":853},{"@type":"BreadcrumbList","@id":"https:\/\/www.institutodeengenharia.org.br\/site\/2021\/09\/02\/a-crise-energetica-no-brasil\/#breadcrumb","itemListElement":[{"@type":"ListItem","position":1,"name":"In\u00edcio","item":"https:\/\/www.institutodeengenharia.org.br\/site\/"},{"@type":"ListItem","position":2,"name":"A Crise Energ\u00e9tica no Brasil"}]},{"@type":"WebSite","@id":"https:\/\/www.institutodeengenharia.org.br\/site\/#website","url":"https:\/\/www.institutodeengenharia.org.br\/site\/","name":"Instituto de Engenharia","description":"O Instituto de Engenharia promove a Engenharia em benef\u00edcio do desenvolvimento e da qualidade de vida da sociedade.","publisher":{"@id":"https:\/\/www.institutodeengenharia.org.br\/site\/#organization"},"potentialAction":[{"@type":"SearchAction","target":{"@type":"EntryPoint","urlTemplate":"https:\/\/www.institutodeengenharia.org.br\/site\/?s={search_term_string}"},"query-input":{"@type":"PropertyValueSpecification","valueRequired":true,"valueName":"search_term_string"}}],"inLanguage":"pt-BR"},{"@type":"Organization","@id":"https:\/\/www.institutodeengenharia.org.br\/site\/#organization","name":"Instituto de Engenharia","url":"https:\/\/www.institutodeengenharia.org.br\/site\/","logo":{"@type":"ImageObject","inLanguage":"pt-BR","@id":"https:\/\/www.institutodeengenharia.org.br\/site\/#\/schema\/logo\/image\/","url":"https:\/\/www.institutodeengenharia.org.br\/site\/wp-content\/uploads\/2019\/03\/logo-novo-IE2018-1.jpg","contentUrl":"https:\/\/www.institutodeengenharia.org.br\/site\/wp-content\/uploads\/2019\/03\/logo-novo-IE2018-1.jpg","width":1486,"height":1879,"caption":"Instituto de Engenharia"},"image":{"@id":"https:\/\/www.institutodeengenharia.org.br\/site\/#\/schema\/logo\/image\/"},"sameAs":["https:\/\/www.facebook.com\/institutodeengenharia","https:\/\/x.com\/iengenharia","https:\/\/www.instagram.com\/institutodeengenharia\/","https:\/\/www.linkedin.com\/company\/instituto-de-engenharia\/","https:\/\/www.youtube.com\/channel\/UCXiCAlsSMe977vamW915HxA"]},{"@type":"Person","@id":"https:\/\/www.institutodeengenharia.org.br\/site\/#\/schema\/person\/aeb64951c405e100d26d30b033dd423f","name":"Bianca","image":{"@type":"ImageObject","inLanguage":"pt-BR","@id":"https:\/\/secure.gravatar.com\/avatar\/a6fbe9bff57405baf4c1e2c5c1811e072b558253974a9f9508f4678900c97c2a?s=96&d=mm&r=g","url":"https:\/\/secure.gravatar.com\/avatar\/a6fbe9bff57405baf4c1e2c5c1811e072b558253974a9f9508f4678900c97c2a?s=96&d=mm&r=g","contentUrl":"https:\/\/secure.gravatar.com\/avatar\/a6fbe9bff57405baf4c1e2c5c1811e072b558253974a9f9508f4678900c97c2a?s=96&d=mm&r=g","caption":"Bianca"},"url":"https:\/\/www.institutodeengenharia.org.br\/site\/author\/comunicacao1\/"}]}},"_links":{"self":[{"href":"https:\/\/www.institutodeengenharia.org.br\/site\/wp-json\/wp\/v2\/posts\/85569","targetHints":{"allow":["GET"]}}],"collection":[{"href":"https:\/\/www.institutodeengenharia.org.br\/site\/wp-json\/wp\/v2\/posts"}],"about":[{"href":"https:\/\/www.institutodeengenharia.org.br\/site\/wp-json\/wp\/v2\/types\/post"}],"author":[{"embeddable":true,"href":"https:\/\/www.institutodeengenharia.org.br\/site\/wp-json\/wp\/v2\/users\/13"}],"replies":[{"embeddable":true,"href":"https:\/\/www.institutodeengenharia.org.br\/site\/wp-json\/wp\/v2\/comments?post=85569"}],"version-history":[{"count":1,"href":"https:\/\/www.institutodeengenharia.org.br\/site\/wp-json\/wp\/v2\/posts\/85569\/revisions"}],"predecessor-version":[{"id":85570,"href":"https:\/\/www.institutodeengenharia.org.br\/site\/wp-json\/wp\/v2\/posts\/85569\/revisions\/85570"}],"wp:featuredmedia":[{"embeddable":true,"href":"https:\/\/www.institutodeengenharia.org.br\/site\/wp-json\/wp\/v2\/media\/83842"}],"wp:attachment":[{"href":"https:\/\/www.institutodeengenharia.org.br\/site\/wp-json\/wp\/v2\/media?parent=85569"}],"wp:term":[{"taxonomy":"category","embeddable":true,"href":"https:\/\/www.institutodeengenharia.org.br\/site\/wp-json\/wp\/v2\/categories?post=85569"},{"taxonomy":"post_tag","embeddable":true,"href":"https:\/\/www.institutodeengenharia.org.br\/site\/wp-json\/wp\/v2\/tags?post=85569"}],"curies":[{"name":"wp","href":"https:\/\/api.w.org\/{rel}","templated":true}]}}