{"id":84936,"date":"2021-08-24T10:20:03","date_gmt":"2021-08-24T13:20:03","guid":{"rendered":"https:\/\/www.institutodeengenharia.org.br\/site\/?p=84936"},"modified":"2021-08-30T10:20:23","modified_gmt":"2021-08-30T13:20:23","slug":"licitacoes-de-obras-publicas-na-pratica","status":"publish","type":"post","link":"https:\/\/www.institutodeengenharia.org.br\/site\/2021\/08\/24\/licitacoes-de-obras-publicas-na-pratica\/","title":{"rendered":"Licita\u00e7\u00f5es de obras p\u00fablicas na pr\u00e1tica"},"content":{"rendered":"<p><strong>Assista abaixo \u00e0 grava\u00e7\u00e3o do evento:<\/strong><\/p>\n<p><iframe loading=\"lazy\" src=\"https:\/\/player.vimeo.com\/video\/592109677\" width=\"640\" height=\"564\" frameborder=\"0\" allowfullscreen=\"allowfullscreen\"><\/iframe><\/p>\n<p><strong>+ Informa\u00e7\u00f5es:<\/strong><\/p>\n<p>Ter uma discuss\u00e3o pr\u00e1tica para empreendedores e profissionais que atuam ou querem atuar com obras p\u00fablicas.<\/p>\n<p>Aperfei\u00e7oamento dos conhecimentos em licita\u00e7\u00f5es de obras e servi\u00e7os de engenharia.<\/p>\n<p>Apresenta\u00e7\u00e3o dos conceitos b\u00e1sicos de uma licita\u00e7\u00e3o, modalidades de contrata\u00e7\u00e3o, capta\u00e7\u00e3o de editais, documentos de habilita\u00e7\u00e3o jur\u00eddica, fiscal, previdenci\u00e1ria, trabalhista, econ\u00f4mico financeira e t\u00e9cnica (capacidade t\u00e9cnico-profissional e operacional).<\/p>\n<p>Ser\u00e3o abordados os principais pontos observados na sess\u00e3o p\u00fablica e os erros comumente verificados e passiveis de desclassifica\u00e7\u00e3o.<\/p>\n<p><strong>P\u00fablico-alvo:<\/strong><\/p>\n<p>Engenheiros, arquitetos, t\u00e9cnicos, estudantes, empreendedores e todos aqueles que atuam ou querem atuar com obras p\u00fablicas.<\/p>\n<p><strong>Palestrante:<\/strong><\/p>\n<p><img loading=\"lazy\" decoding=\"async\" class=\"alignnone wp-image-83598 ls-is-cached lazyloaded\" src=\"https:\/\/www.institutodeengenharia.org.br\/site\/wp-content\/uploads\/2021\/07\/fotopalestra.jpg\" alt=\"\" width=\"176\" height=\"245\" data-src=\"https:\/\/www.institutodeengenharia.org.br\/site\/wp-content\/uploads\/2021\/07\/fotopalestra.jpg\" srcset=\"https:\/\/www.institutodeengenharia.org.br\/site\/wp-content\/uploads\/2021\/07\/fotopalestra.jpg 427w, https:\/\/www.institutodeengenharia.org.br\/site\/wp-content\/uploads\/2021\/07\/fotopalestra-216x300.jpg 216w, https:\/\/www.institutodeengenharia.org.br\/site\/wp-content\/uploads\/2021\/07\/fotopalestra-302x420.jpg 302w\" sizes=\"auto, (max-width: 176px) 100vw, 176px\" \/><\/p>\n<p>Victor Moreti \u2013 engenheiro Civil<\/p>\n<p>Engenheiro Civil com diversas especializa\u00e7\u00f5es. Lato senso nas \u00e1reas de gerenciamento e planejamento de obras, projetos e gest\u00e3o de infraestrutura urbana e engenharia de custos. Mestre em engenharia Civil (pavimenta\u00e7\u00e3o) e professor de cursos de especializa\u00e7\u00e3o.<\/p>\n<p>Respons\u00e1vel t\u00e9cnico por mais de 30.000m\u00b2 de \u00e1reas constru\u00eddas, incluindo obras de edifica\u00e7\u00f5es em estruturas de concreto armado e met\u00e1lica, redes de \u00e1gua, esgoto, drenagem pluvial, canaliza\u00e7\u00e3o de c\u00f3rregos, urbaniza\u00e7\u00e3o de assentamentos prec\u00e1rio e pavimenta\u00e7\u00e3o flex\u00edvel e r\u00edgida.<\/p>\n<p>Atua como gerente de engenharia e consultor na \u00e1rea de Gerenciamento e Licita\u00e7\u00e3o de obras p\u00fablicas. Possui vasta experi\u00eancia em viabilidade e capta\u00e7\u00e3o de novos contratos, inclusive na capacita\u00e7\u00e3o t\u00e9cnico-operacional das equipes de produ\u00e7\u00e3o e medi\u00e7\u00e3o das obras.<\/p>\n<p>Palestrante de diversos temas. Atualmente, investe na educa\u00e7\u00e3o continuada dos profissionais da engenharia e tem foco na implanta\u00e7\u00e3o de ferramentas, novas tecnologias e softwares de controle e automa\u00e7\u00e3o de processos.<\/p>\n<p>Pretende desenvolver cada vez mais a divulga\u00e7\u00e3o de informa\u00e7\u00e3o afim de desmistificar processos e capacitar novos empreendedores a ocupar o espa\u00e7o deixado pelas grandes empreiteiras nas recentes reviravoltas da pol\u00edtica brasileira.<\/p>\n<p><strong>Realiza\u00e7\u00e3o:<\/strong><\/p>\n<p><strong>Eng. Ivan Metran Whately<\/strong>\u00a0\u2013 Vice-Presidente de Atividades T\u00e9cnicas<\/p>\n<p><strong>Eng.\u00aa D\u00e9bora Sanches de A. Marinello<\/strong>\u00a0\u2013 Diretora do Departamento de Engenharia de Produ\u00e7\u00e3o<\/p>\n<p><strong>Arq. Milene Costa Facioli<\/strong>\u00a0\u2013 Coordenadora da Divis\u00e3o T\u00e9cnica de Compliance<\/p>\n<p><strong>Apoio Institucional:<\/strong><\/p>\n<p><img loading=\"lazy\" decoding=\"async\" class=\"alignnone wp-image-77696 lazyloaded\" src=\"https:\/\/www.institutodeengenharia.org.br\/site\/wp-content\/uploads\/2021\/02\/crea.jpg\" alt=\"\" width=\"142\" height=\"100\" data-src=\"https:\/\/www.institutodeengenharia.org.br\/site\/wp-content\/uploads\/2021\/02\/crea.jpg\" srcset=\"https:\/\/www.institutodeengenharia.org.br\/site\/wp-content\/uploads\/2021\/02\/crea.jpg 448w, https:\/\/www.institutodeengenharia.org.br\/site\/wp-content\/uploads\/2021\/02\/crea-300x211.jpg 300w, https:\/\/www.institutodeengenharia.org.br\/site\/wp-content\/uploads\/2021\/02\/crea-100x70.jpg 100w\" sizes=\"auto, (max-width: 142px) 100vw, 142px\" \/><\/p>\n<p><strong>Apoio \u00e0 forma\u00e7\u00e3o:\u00a0<\/strong><\/p>\n<p>Espa\u00e7o aberto ao CREA-SP, objetivando o aperfei\u00e7oamento dos profissionais e o aprimoramento da fiscaliza\u00e7\u00e3o das \u00e1reas abrangidas pelo Sistema Confea\/CREAs, al\u00e9m de promover a conscientiza\u00e7\u00e3o da sociedade quanto \u00e0 necessidade e obrigatoriedade de contratar um profissional devidamente habilitado.<\/p>\n<p>&nbsp;<\/p>\n","protected":false},"excerpt":{"rendered":"<p>Assista abaixo \u00e0 grava\u00e7\u00e3o do evento: + Informa\u00e7\u00f5es: Ter uma discuss\u00e3o pr\u00e1tica para empreendedores e profissionais que atuam ou querem atuar com obras p\u00fablicas. Aperfei\u00e7oamento dos conhecimentos em licita\u00e7\u00f5es de obras e servi\u00e7os de engenharia. Apresenta\u00e7\u00e3o dos conceitos b\u00e1sicos de uma licita\u00e7\u00e3o, modalidades de contrata\u00e7\u00e3o, capta\u00e7\u00e3o de editais, documentos de habilita\u00e7\u00e3o jur\u00eddica, fiscal, previdenci\u00e1ria, trabalhista, [&hellip;]<\/p>\n","protected":false},"author":13,"featured_media":83562,"comment_status":"open","ping_status":"open","sticky":false,"template":"","format":"standard","meta":{"footnotes":""},"categories":[46,976,12,968,969],"tags":[],"class_list":{"0":"post-84936","1":"post","2":"type-post","3":"status-publish","4":"format-standard","5":"has-post-thumbnail","7":"category-departamento-desenvolvimento-de-gestao-e-objetivos","8":"category-divisao-de-compliance","9":"category-divisoes-tecnicas","10":"category-nova-tv-engenharia","11":"category-palestra"},"yoast_head":"<!-- This site is optimized with the Yoast SEO plugin v27.2 - https:\/\/yoast.com\/product\/yoast-seo-wordpress\/ -->\n<title>Licita\u00e7\u00f5es de obras p\u00fablicas na pr\u00e1tica - Instituto de Engenharia<\/title>\n<meta name=\"robots\" content=\"index, follow, max-snippet:-1, max-image-preview:large, max-video-preview:-1\" \/>\n<link rel=\"canonical\" href=\"https:\/\/www.institutodeengenharia.org.br\/site\/2021\/08\/24\/licitacoes-de-obras-publicas-na-pratica\/\" \/>\n<meta property=\"og:locale\" content=\"pt_BR\" \/>\n<meta property=\"og:type\" content=\"article\" \/>\n<meta property=\"og:title\" content=\"Licita\u00e7\u00f5es de obras p\u00fablicas na pr\u00e1tica\" \/>\n<meta property=\"og:description\" content=\"Assista abaixo \u00e0 grava\u00e7\u00e3o do evento\" \/>\n<meta property=\"og:url\" content=\"https:\/\/www.institutodeengenharia.org.br\/site\/2021\/08\/24\/licitacoes-de-obras-publicas-na-pratica\/\" \/>\n<meta property=\"og:site_name\" content=\"Instituto de Engenharia\" \/>\n<meta property=\"article:publisher\" content=\"https:\/\/www.facebook.com\/institutodeengenharia\" \/>\n<meta property=\"article:published_time\" content=\"2021-08-24T13:20:03+00:00\" \/>\n<meta property=\"article:modified_time\" content=\"2021-08-30T13:20:23+00:00\" \/>\n<meta property=\"og:image\" content=\"https:\/\/www.institutodeengenharia.org.br\/site\/wp-content\/uploads\/2021\/07\/hammer-719061_1920.jpg\" \/>\n\t<meta property=\"og:image:width\" content=\"1920\" \/>\n\t<meta property=\"og:image:height\" content=\"1440\" \/>\n\t<meta property=\"og:image:type\" content=\"image\/jpeg\" \/>\n<meta name=\"author\" content=\"Bianca\" \/>\n<meta name=\"twitter:card\" content=\"summary_large_image\" \/>\n<meta name=\"twitter:title\" content=\"Licita\u00e7\u00f5es de obras p\u00fablicas na pr\u00e1tica\" \/>\n<meta name=\"twitter:description\" content=\"Assista abaixo \u00e0 grava\u00e7\u00e3o do evento\" \/>\n<meta name=\"twitter:image\" content=\"https:\/\/www.institutodeengenharia.org.br\/site\/wp-content\/uploads\/2021\/07\/hammer-719061_1920.jpg\" \/>\n<meta name=\"twitter:creator\" content=\"@iengenharia\" \/>\n<meta name=\"twitter:site\" content=\"@iengenharia\" \/>\n<meta name=\"twitter:label1\" content=\"Escrito por\" \/>\n\t<meta name=\"twitter:data1\" content=\"Bianca\" \/>\n\t<meta name=\"twitter:label2\" content=\"Est. tempo de leitura\" \/>\n\t<meta name=\"twitter:data2\" content=\"2 minutos\" \/>\n<script type=\"application\/ld+json\" class=\"yoast-schema-graph\">{\"@context\":\"https:\/\/schema.org\",\"@graph\":[{\"@type\":\"Article\",\"@id\":\"https:\/\/www.institutodeengenharia.org.br\/site\/2021\/08\/24\/licitacoes-de-obras-publicas-na-pratica\/#article\",\"isPartOf\":{\"@id\":\"https:\/\/www.institutodeengenharia.org.br\/site\/2021\/08\/24\/licitacoes-de-obras-publicas-na-pratica\/\"},\"author\":{\"name\":\"Bianca\",\"@id\":\"https:\/\/www.institutodeengenharia.org.br\/site\/#\/schema\/person\/aeb64951c405e100d26d30b033dd423f\"},\"headline\":\"Licita\u00e7\u00f5es de obras p\u00fablicas na pr\u00e1tica\",\"datePublished\":\"2021-08-24T13:20:03+00:00\",\"dateModified\":\"2021-08-30T13:20:23+00:00\",\"mainEntityOfPage\":{\"@id\":\"https:\/\/www.institutodeengenharia.org.br\/site\/2021\/08\/24\/licitacoes-de-obras-publicas-na-pratica\/\"},\"wordCount\":427,\"commentCount\":0,\"publisher\":{\"@id\":\"https:\/\/www.institutodeengenharia.org.br\/site\/#organization\"},\"image\":{\"@id\":\"https:\/\/www.institutodeengenharia.org.br\/site\/2021\/08\/24\/licitacoes-de-obras-publicas-na-pratica\/#primaryimage\"},\"thumbnailUrl\":\"https:\/\/www.institutodeengenharia.org.br\/site\/wp-content\/uploads\/2021\/07\/hammer-719061_1920.jpg\",\"articleSection\":[\"Departamento Desenvolvimento de Gest\u00e3o e Objetivos\",\"Divis\u00e3o T\u00e9cnica de Compliance\",\"Divis\u00f5es T\u00e9cnicas\",\"Nova TV Engenharia\",\"Palestra\"],\"inLanguage\":\"pt-BR\",\"potentialAction\":[{\"@type\":\"CommentAction\",\"name\":\"Comment\",\"target\":[\"https:\/\/www.institutodeengenharia.org.br\/site\/2021\/08\/24\/licitacoes-de-obras-publicas-na-pratica\/#respond\"]}]},{\"@type\":\"WebPage\",\"@id\":\"https:\/\/www.institutodeengenharia.org.br\/site\/2021\/08\/24\/licitacoes-de-obras-publicas-na-pratica\/\",\"url\":\"https:\/\/www.institutodeengenharia.org.br\/site\/2021\/08\/24\/licitacoes-de-obras-publicas-na-pratica\/\",\"name\":\"Licita\u00e7\u00f5es de obras p\u00fablicas na pr\u00e1tica - Instituto de Engenharia\",\"isPartOf\":{\"@id\":\"https:\/\/www.institutodeengenharia.org.br\/site\/#website\"},\"primaryImageOfPage\":{\"@id\":\"https:\/\/www.institutodeengenharia.org.br\/site\/2021\/08\/24\/licitacoes-de-obras-publicas-na-pratica\/#primaryimage\"},\"image\":{\"@id\":\"https:\/\/www.institutodeengenharia.org.br\/site\/2021\/08\/24\/licitacoes-de-obras-publicas-na-pratica\/#primaryimage\"},\"thumbnailUrl\":\"https:\/\/www.institutodeengenharia.org.br\/site\/wp-content\/uploads\/2021\/07\/hammer-719061_1920.jpg\",\"datePublished\":\"2021-08-24T13:20:03+00:00\",\"dateModified\":\"2021-08-30T13:20:23+00:00\",\"breadcrumb\":{\"@id\":\"https:\/\/www.institutodeengenharia.org.br\/site\/2021\/08\/24\/licitacoes-de-obras-publicas-na-pratica\/#breadcrumb\"},\"inLanguage\":\"pt-BR\",\"potentialAction\":[{\"@type\":\"ReadAction\",\"target\":[\"https:\/\/www.institutodeengenharia.org.br\/site\/2021\/08\/24\/licitacoes-de-obras-publicas-na-pratica\/\"]}]},{\"@type\":\"ImageObject\",\"inLanguage\":\"pt-BR\",\"@id\":\"https:\/\/www.institutodeengenharia.org.br\/site\/2021\/08\/24\/licitacoes-de-obras-publicas-na-pratica\/#primaryimage\",\"url\":\"https:\/\/www.institutodeengenharia.org.br\/site\/wp-content\/uploads\/2021\/07\/hammer-719061_1920.jpg\",\"contentUrl\":\"https:\/\/www.institutodeengenharia.org.br\/site\/wp-content\/uploads\/2021\/07\/hammer-719061_1920.jpg\",\"width\":1920,\"height\":1440},{\"@type\":\"BreadcrumbList\",\"@id\":\"https:\/\/www.institutodeengenharia.org.br\/site\/2021\/08\/24\/licitacoes-de-obras-publicas-na-pratica\/#breadcrumb\",\"itemListElement\":[{\"@type\":\"ListItem\",\"position\":1,\"name\":\"In\u00edcio\",\"item\":\"https:\/\/www.institutodeengenharia.org.br\/site\/\"},{\"@type\":\"ListItem\",\"position\":2,\"name\":\"Licita\u00e7\u00f5es de obras p\u00fablicas na pr\u00e1tica\"}]},{\"@type\":\"WebSite\",\"@id\":\"https:\/\/www.institutodeengenharia.org.br\/site\/#website\",\"url\":\"https:\/\/www.institutodeengenharia.org.br\/site\/\",\"name\":\"Instituto de Engenharia\",\"description\":\"O Instituto de Engenharia promove a Engenharia em benef\u00edcio do desenvolvimento e da qualidade de vida da sociedade.\",\"publisher\":{\"@id\":\"https:\/\/www.institutodeengenharia.org.br\/site\/#organization\"},\"potentialAction\":[{\"@type\":\"SearchAction\",\"target\":{\"@type\":\"EntryPoint\",\"urlTemplate\":\"https:\/\/www.institutodeengenharia.org.br\/site\/?s={search_term_string}\"},\"query-input\":{\"@type\":\"PropertyValueSpecification\",\"valueRequired\":true,\"valueName\":\"search_term_string\"}}],\"inLanguage\":\"pt-BR\"},{\"@type\":\"Organization\",\"@id\":\"https:\/\/www.institutodeengenharia.org.br\/site\/#organization\",\"name\":\"Instituto de Engenharia\",\"url\":\"https:\/\/www.institutodeengenharia.org.br\/site\/\",\"logo\":{\"@type\":\"ImageObject\",\"inLanguage\":\"pt-BR\",\"@id\":\"https:\/\/www.institutodeengenharia.org.br\/site\/#\/schema\/logo\/image\/\",\"url\":\"https:\/\/www.institutodeengenharia.org.br\/site\/wp-content\/uploads\/2019\/03\/logo-novo-IE2018-1.jpg\",\"contentUrl\":\"https:\/\/www.institutodeengenharia.org.br\/site\/wp-content\/uploads\/2019\/03\/logo-novo-IE2018-1.jpg\",\"width\":1486,\"height\":1879,\"caption\":\"Instituto de Engenharia\"},\"image\":{\"@id\":\"https:\/\/www.institutodeengenharia.org.br\/site\/#\/schema\/logo\/image\/\"},\"sameAs\":[\"https:\/\/www.facebook.com\/institutodeengenharia\",\"https:\/\/x.com\/iengenharia\",\"https:\/\/www.instagram.com\/institutodeengenharia\/\",\"https:\/\/www.linkedin.com\/company\/instituto-de-engenharia\/\",\"https:\/\/www.youtube.com\/channel\/UCXiCAlsSMe977vamW915HxA\"]},{\"@type\":\"Person\",\"@id\":\"https:\/\/www.institutodeengenharia.org.br\/site\/#\/schema\/person\/aeb64951c405e100d26d30b033dd423f\",\"name\":\"Bianca\",\"image\":{\"@type\":\"ImageObject\",\"inLanguage\":\"pt-BR\",\"@id\":\"https:\/\/secure.gravatar.com\/avatar\/a6fbe9bff57405baf4c1e2c5c1811e072b558253974a9f9508f4678900c97c2a?s=96&d=mm&r=g\",\"url\":\"https:\/\/secure.gravatar.com\/avatar\/a6fbe9bff57405baf4c1e2c5c1811e072b558253974a9f9508f4678900c97c2a?s=96&d=mm&r=g\",\"contentUrl\":\"https:\/\/secure.gravatar.com\/avatar\/a6fbe9bff57405baf4c1e2c5c1811e072b558253974a9f9508f4678900c97c2a?s=96&d=mm&r=g\",\"caption\":\"Bianca\"},\"url\":\"https:\/\/www.institutodeengenharia.org.br\/site\/author\/comunicacao1\/\"}]}<\/script>\n<!-- \/ Yoast SEO plugin. -->","yoast_head_json":{"title":"Licita\u00e7\u00f5es de obras p\u00fablicas na pr\u00e1tica - Instituto de Engenharia","robots":{"index":"index","follow":"follow","max-snippet":"max-snippet:-1","max-image-preview":"max-image-preview:large","max-video-preview":"max-video-preview:-1"},"canonical":"https:\/\/www.institutodeengenharia.org.br\/site\/2021\/08\/24\/licitacoes-de-obras-publicas-na-pratica\/","og_locale":"pt_BR","og_type":"article","og_title":"Licita\u00e7\u00f5es de obras p\u00fablicas na pr\u00e1tica","og_description":"Assista abaixo \u00e0 grava\u00e7\u00e3o do evento","og_url":"https:\/\/www.institutodeengenharia.org.br\/site\/2021\/08\/24\/licitacoes-de-obras-publicas-na-pratica\/","og_site_name":"Instituto de Engenharia","article_publisher":"https:\/\/www.facebook.com\/institutodeengenharia","article_published_time":"2021-08-24T13:20:03+00:00","article_modified_time":"2021-08-30T13:20:23+00:00","og_image":[{"width":1920,"height":1440,"url":"https:\/\/www.institutodeengenharia.org.br\/site\/wp-content\/uploads\/2021\/07\/hammer-719061_1920.jpg","type":"image\/jpeg"}],"author":"Bianca","twitter_card":"summary_large_image","twitter_title":"Licita\u00e7\u00f5es de obras p\u00fablicas na pr\u00e1tica","twitter_description":"Assista abaixo \u00e0 grava\u00e7\u00e3o do evento","twitter_image":"https:\/\/www.institutodeengenharia.org.br\/site\/wp-content\/uploads\/2021\/07\/hammer-719061_1920.jpg","twitter_creator":"@iengenharia","twitter_site":"@iengenharia","twitter_misc":{"Escrito por":"Bianca","Est. tempo de leitura":"2 minutos"},"schema":{"@context":"https:\/\/schema.org","@graph":[{"@type":"Article","@id":"https:\/\/www.institutodeengenharia.org.br\/site\/2021\/08\/24\/licitacoes-de-obras-publicas-na-pratica\/#article","isPartOf":{"@id":"https:\/\/www.institutodeengenharia.org.br\/site\/2021\/08\/24\/licitacoes-de-obras-publicas-na-pratica\/"},"author":{"name":"Bianca","@id":"https:\/\/www.institutodeengenharia.org.br\/site\/#\/schema\/person\/aeb64951c405e100d26d30b033dd423f"},"headline":"Licita\u00e7\u00f5es de obras p\u00fablicas na pr\u00e1tica","datePublished":"2021-08-24T13:20:03+00:00","dateModified":"2021-08-30T13:20:23+00:00","mainEntityOfPage":{"@id":"https:\/\/www.institutodeengenharia.org.br\/site\/2021\/08\/24\/licitacoes-de-obras-publicas-na-pratica\/"},"wordCount":427,"commentCount":0,"publisher":{"@id":"https:\/\/www.institutodeengenharia.org.br\/site\/#organization"},"image":{"@id":"https:\/\/www.institutodeengenharia.org.br\/site\/2021\/08\/24\/licitacoes-de-obras-publicas-na-pratica\/#primaryimage"},"thumbnailUrl":"https:\/\/www.institutodeengenharia.org.br\/site\/wp-content\/uploads\/2021\/07\/hammer-719061_1920.jpg","articleSection":["Departamento Desenvolvimento de Gest\u00e3o e Objetivos","Divis\u00e3o T\u00e9cnica de Compliance","Divis\u00f5es T\u00e9cnicas","Nova TV Engenharia","Palestra"],"inLanguage":"pt-BR","potentialAction":[{"@type":"CommentAction","name":"Comment","target":["https:\/\/www.institutodeengenharia.org.br\/site\/2021\/08\/24\/licitacoes-de-obras-publicas-na-pratica\/#respond"]}]},{"@type":"WebPage","@id":"https:\/\/www.institutodeengenharia.org.br\/site\/2021\/08\/24\/licitacoes-de-obras-publicas-na-pratica\/","url":"https:\/\/www.institutodeengenharia.org.br\/site\/2021\/08\/24\/licitacoes-de-obras-publicas-na-pratica\/","name":"Licita\u00e7\u00f5es de obras p\u00fablicas na pr\u00e1tica - Instituto de Engenharia","isPartOf":{"@id":"https:\/\/www.institutodeengenharia.org.br\/site\/#website"},"primaryImageOfPage":{"@id":"https:\/\/www.institutodeengenharia.org.br\/site\/2021\/08\/24\/licitacoes-de-obras-publicas-na-pratica\/#primaryimage"},"image":{"@id":"https:\/\/www.institutodeengenharia.org.br\/site\/2021\/08\/24\/licitacoes-de-obras-publicas-na-pratica\/#primaryimage"},"thumbnailUrl":"https:\/\/www.institutodeengenharia.org.br\/site\/wp-content\/uploads\/2021\/07\/hammer-719061_1920.jpg","datePublished":"2021-08-24T13:20:03+00:00","dateModified":"2021-08-30T13:20:23+00:00","breadcrumb":{"@id":"https:\/\/www.institutodeengenharia.org.br\/site\/2021\/08\/24\/licitacoes-de-obras-publicas-na-pratica\/#breadcrumb"},"inLanguage":"pt-BR","potentialAction":[{"@type":"ReadAction","target":["https:\/\/www.institutodeengenharia.org.br\/site\/2021\/08\/24\/licitacoes-de-obras-publicas-na-pratica\/"]}]},{"@type":"ImageObject","inLanguage":"pt-BR","@id":"https:\/\/www.institutodeengenharia.org.br\/site\/2021\/08\/24\/licitacoes-de-obras-publicas-na-pratica\/#primaryimage","url":"https:\/\/www.institutodeengenharia.org.br\/site\/wp-content\/uploads\/2021\/07\/hammer-719061_1920.jpg","contentUrl":"https:\/\/www.institutodeengenharia.org.br\/site\/wp-content\/uploads\/2021\/07\/hammer-719061_1920.jpg","width":1920,"height":1440},{"@type":"BreadcrumbList","@id":"https:\/\/www.institutodeengenharia.org.br\/site\/2021\/08\/24\/licitacoes-de-obras-publicas-na-pratica\/#breadcrumb","itemListElement":[{"@type":"ListItem","position":1,"name":"In\u00edcio","item":"https:\/\/www.institutodeengenharia.org.br\/site\/"},{"@type":"ListItem","position":2,"name":"Licita\u00e7\u00f5es de obras p\u00fablicas na pr\u00e1tica"}]},{"@type":"WebSite","@id":"https:\/\/www.institutodeengenharia.org.br\/site\/#website","url":"https:\/\/www.institutodeengenharia.org.br\/site\/","name":"Instituto de Engenharia","description":"O Instituto de Engenharia promove a Engenharia em benef\u00edcio do desenvolvimento e da qualidade de vida da sociedade.","publisher":{"@id":"https:\/\/www.institutodeengenharia.org.br\/site\/#organization"},"potentialAction":[{"@type":"SearchAction","target":{"@type":"EntryPoint","urlTemplate":"https:\/\/www.institutodeengenharia.org.br\/site\/?s={search_term_string}"},"query-input":{"@type":"PropertyValueSpecification","valueRequired":true,"valueName":"search_term_string"}}],"inLanguage":"pt-BR"},{"@type":"Organization","@id":"https:\/\/www.institutodeengenharia.org.br\/site\/#organization","name":"Instituto de Engenharia","url":"https:\/\/www.institutodeengenharia.org.br\/site\/","logo":{"@type":"ImageObject","inLanguage":"pt-BR","@id":"https:\/\/www.institutodeengenharia.org.br\/site\/#\/schema\/logo\/image\/","url":"https:\/\/www.institutodeengenharia.org.br\/site\/wp-content\/uploads\/2019\/03\/logo-novo-IE2018-1.jpg","contentUrl":"https:\/\/www.institutodeengenharia.org.br\/site\/wp-content\/uploads\/2019\/03\/logo-novo-IE2018-1.jpg","width":1486,"height":1879,"caption":"Instituto de Engenharia"},"image":{"@id":"https:\/\/www.institutodeengenharia.org.br\/site\/#\/schema\/logo\/image\/"},"sameAs":["https:\/\/www.facebook.com\/institutodeengenharia","https:\/\/x.com\/iengenharia","https:\/\/www.instagram.com\/institutodeengenharia\/","https:\/\/www.linkedin.com\/company\/instituto-de-engenharia\/","https:\/\/www.youtube.com\/channel\/UCXiCAlsSMe977vamW915HxA"]},{"@type":"Person","@id":"https:\/\/www.institutodeengenharia.org.br\/site\/#\/schema\/person\/aeb64951c405e100d26d30b033dd423f","name":"Bianca","image":{"@type":"ImageObject","inLanguage":"pt-BR","@id":"https:\/\/secure.gravatar.com\/avatar\/a6fbe9bff57405baf4c1e2c5c1811e072b558253974a9f9508f4678900c97c2a?s=96&d=mm&r=g","url":"https:\/\/secure.gravatar.com\/avatar\/a6fbe9bff57405baf4c1e2c5c1811e072b558253974a9f9508f4678900c97c2a?s=96&d=mm&r=g","contentUrl":"https:\/\/secure.gravatar.com\/avatar\/a6fbe9bff57405baf4c1e2c5c1811e072b558253974a9f9508f4678900c97c2a?s=96&d=mm&r=g","caption":"Bianca"},"url":"https:\/\/www.institutodeengenharia.org.br\/site\/author\/comunicacao1\/"}]}},"_links":{"self":[{"href":"https:\/\/www.institutodeengenharia.org.br\/site\/wp-json\/wp\/v2\/posts\/84936","targetHints":{"allow":["GET"]}}],"collection":[{"href":"https:\/\/www.institutodeengenharia.org.br\/site\/wp-json\/wp\/v2\/posts"}],"about":[{"href":"https:\/\/www.institutodeengenharia.org.br\/site\/wp-json\/wp\/v2\/types\/post"}],"author":[{"embeddable":true,"href":"https:\/\/www.institutodeengenharia.org.br\/site\/wp-json\/wp\/v2\/users\/13"}],"replies":[{"embeddable":true,"href":"https:\/\/www.institutodeengenharia.org.br\/site\/wp-json\/wp\/v2\/comments?post=84936"}],"version-history":[{"count":1,"href":"https:\/\/www.institutodeengenharia.org.br\/site\/wp-json\/wp\/v2\/posts\/84936\/revisions"}],"predecessor-version":[{"id":84937,"href":"https:\/\/www.institutodeengenharia.org.br\/site\/wp-json\/wp\/v2\/posts\/84936\/revisions\/84937"}],"wp:featuredmedia":[{"embeddable":true,"href":"https:\/\/www.institutodeengenharia.org.br\/site\/wp-json\/wp\/v2\/media\/83562"}],"wp:attachment":[{"href":"https:\/\/www.institutodeengenharia.org.br\/site\/wp-json\/wp\/v2\/media?parent=84936"}],"wp:term":[{"taxonomy":"category","embeddable":true,"href":"https:\/\/www.institutodeengenharia.org.br\/site\/wp-json\/wp\/v2\/categories?post=84936"},{"taxonomy":"post_tag","embeddable":true,"href":"https:\/\/www.institutodeengenharia.org.br\/site\/wp-json\/wp\/v2\/tags?post=84936"}],"curies":[{"name":"wp","href":"https:\/\/api.w.org\/{rel}","templated":true}]}}