{"id":84735,"date":"2021-08-16T11:10:31","date_gmt":"2021-08-16T14:10:31","guid":{"rendered":"https:\/\/www.institutodeengenharia.org.br\/site\/?p=84735"},"modified":"2021-08-24T11:11:55","modified_gmt":"2021-08-24T14:11:55","slug":"ie-talks-aplicacoes-de-macro-e-microssimulacao-na-mobilidade-urbana","status":"publish","type":"post","link":"https:\/\/www.institutodeengenharia.org.br\/site\/2021\/08\/16\/ie-talks-aplicacoes-de-macro-e-microssimulacao-na-mobilidade-urbana\/","title":{"rendered":"IE Talks: Aplica\u00e7\u00f5es de Macro e Microssimula\u00e7\u00e3o na Mobilidade Urbana"},"content":{"rendered":"<p><strong>Assista abaixo \u00e0 grava\u00e7\u00e3o do evento:<\/strong><\/p>\n<p><iframe loading=\"lazy\" src=\"https:\/\/player.vimeo.com\/video\/591459016?h=95d96cfd34\" width=\"640\" height=\"360\" frameborder=\"0\" allowfullscreen=\"allowfullscreen\"><\/iframe><\/p>\n<p><strong>+ Informa\u00e7\u00f5es:<\/strong><\/p>\n<p>Experi\u00eancias e Desafios: Um papo com Diretores Regionais<\/p>\n<p><strong>P\u00fablico-alvo:<\/strong><\/p>\n<p>Engenheiros, arquitetos, t\u00e9cnicos, estudantes e demais interessados.<\/p>\n<p><strong>Palestrante:<\/strong><\/p>\n<p><img loading=\"lazy\" decoding=\"async\" class=\"alignnone wp-image-82368 td-animation-stack-type0-2\" src=\"https:\/\/www.institutodeengenharia.org.br\/site\/wp-content\/uploads\/2021\/07\/sideney.jpg\" alt=\"\" width=\"193\" height=\"202\" srcset=\"https:\/\/www.institutodeengenharia.org.br\/site\/wp-content\/uploads\/2021\/07\/sideney.jpg 430w, https:\/\/www.institutodeengenharia.org.br\/site\/wp-content\/uploads\/2021\/07\/sideney-286x300.jpg 286w, https:\/\/www.institutodeengenharia.org.br\/site\/wp-content\/uploads\/2021\/07\/sideney-400x420.jpg 400w\" sizes=\"auto, (max-width: 193px) 100vw, 193px\" \/><\/p>\n<p><strong>Sideney Antunes Schreiner J\u00fanior \u2013 Diretor Regional do IE em T\u00f3quio \u2013 Jap\u00e3o<\/strong><\/p>\n<p>Graduado em engenharia civil pela Universidade de Bras\u00edlia, mestre e doutor em engenharia de transportes pela Tokyo University of Marine Science and Technology (Jap\u00e3o), pesquisador no p\u00f3s-doutorado em log\u00edstica urbana na Kyoto University (Jap\u00e3o) e, especialista em modelagem de demanda de transportes e microssimula\u00e7\u00e3o de tr\u00e1fego com diversas publica\u00e7\u00f5es t\u00e9cnicas e acad\u00eamicas na \u00e1rea. Atuou em projetos desenvolvidos em todo Brasil, Am\u00e9rica Central, Europa, \u00c1frica e \u00c1sia como profissional nas \u00e1reas de engenharia de tr\u00e1fego, planejamento de transportes e log\u00edstica urbana pela EWS Engenharia de Transportes (S\u00e3o Paulo) e na Takumi Co., Ltd. (T\u00f3quio), ambas especializadas em modelos de simula\u00e7\u00e3o para mobilidade urbana e, no setor p\u00fablico, foi Diretor Executivo de Planejamento de Mobilidade Urbana da Prefeitura do Recife. \u00c9 consultor para o Banco Mundial em projetos de resili\u00eancia de infraestrutura de transportes e mitiga\u00e7\u00e3o de impactos das mudan\u00e7as clim\u00e1ticas na mobilidade urbana e pesquisador s\u00eanior associado \u00e0 Nihon University, em T\u00f3quio\/Jap\u00e3o.<\/p>\n<p><strong>Convidado:\u00a0<\/strong><\/p>\n<p><img loading=\"lazy\" decoding=\"async\" class=\"alignnone wp-image-82743 td-animation-stack-type0-2\" src=\"https:\/\/www.institutodeengenharia.org.br\/site\/wp-content\/uploads\/2021\/07\/flaminio.jpg\" alt=\"\" width=\"144\" height=\"173\" srcset=\"https:\/\/www.institutodeengenharia.org.br\/site\/wp-content\/uploads\/2021\/07\/flaminio.jpg 312w, https:\/\/www.institutodeengenharia.org.br\/site\/wp-content\/uploads\/2021\/07\/flaminio-250x300.jpg 250w\" sizes=\"auto, (max-width: 144px) 100vw, 144px\" \/><\/p>\n<p><strong>Flam\u00ednio Fichmann \u2013 Coordenador da Divis\u00e3o T\u00e9cnica de Transportes Metropolitanos<\/strong><\/p>\n<p>Graduado em Arquitetura e Urbanismo pela Universidade Mackenzie com especializa\u00e7\u00e3o na FGV. Trabalhou na administra\u00e7\u00e3o p\u00fablica por 14 anos (CET e EMTU\/SP). Atua como consultor h\u00e1 28 anos, s\u00f3cio e diretor da Projeto 34 \u2013 Arquitetura e Engenharia, empresa que executou in\u00fameros planos e projetos no Brasil e exterior, de rodovias, BRTs, metr\u00f4s, trens e atividades relacionadas a mobilidade urbana junto para \u00f3rg\u00e3os p\u00fablicos e empresas particulares. \u00c9 Coordenador da Divis\u00e3o T\u00e9cnica de Transporte Metropolitano do IE e Diretor de Mobilidade da Associa\u00e7\u00e3o Brasileira de Ve\u00edculos El\u00e9tricos \u2013 ABVE. Foi consultor da Socicam e do INST \u2013 Instituto Nacional de Seguran\u00e7a no Tr\u00e2nsito; Diretor da ONG Bairro Vivo, Presidente do Comit\u00ea de Tr\u00e2nsito da Ag\u00eancia Brasil de Seguran\u00e7a \u2013 ABS, Professor de in\u00fameros cursos de especializa\u00e7\u00e3o e do Curso de P\u00f3s-Gradua\u00e7\u00e3o \u201cGerente da Cidade\u201d da FAAP.<\/p>\n<p><strong>Realiza\u00e7\u00e3o:<\/strong><\/p>\n<p><strong>Eng. Ricardo Kenzo Motomatsu<\/strong>\u00a0\u2013 Vice-Presidente de Rela\u00e7\u00f5es Externas<\/p>\n<p><strong>Apoio Institucional:<\/strong><\/p>\n<p><img loading=\"lazy\" decoding=\"async\" class=\"alignnone wp-image-77696 td-animation-stack-type0-2\" src=\"https:\/\/www.institutodeengenharia.org.br\/site\/wp-content\/uploads\/2021\/02\/crea.jpg\" alt=\"\" width=\"142\" height=\"100\" srcset=\"https:\/\/www.institutodeengenharia.org.br\/site\/wp-content\/uploads\/2021\/02\/crea.jpg 448w, https:\/\/www.institutodeengenharia.org.br\/site\/wp-content\/uploads\/2021\/02\/crea-300x211.jpg 300w, https:\/\/www.institutodeengenharia.org.br\/site\/wp-content\/uploads\/2021\/02\/crea-100x70.jpg 100w\" sizes=\"auto, (max-width: 142px) 100vw, 142px\" \/><\/p>\n<p><strong>Apoio \u00e0 forma\u00e7\u00e3o:\u00a0<\/strong><\/p>\n<p>Espa\u00e7o aberto ao CREA-SP, objetivando o aperfei\u00e7oamento dos profissionais e o aprimoramento da fiscaliza\u00e7\u00e3o das \u00e1reas abrangidas pelo Sistema Confea\/CREAs, al\u00e9m de promover a conscientiza\u00e7\u00e3o da sociedade quanto \u00e0 necessidade e obrigatoriedade de contratar um profissional devidamente habilitado.<\/p>\n<p>&nbsp;<\/p>\n","protected":false},"excerpt":{"rendered":"<p>Assista abaixo \u00e0 grava\u00e7\u00e3o do evento: + Informa\u00e7\u00f5es: Experi\u00eancias e Desafios: Um papo com Diretores Regionais P\u00fablico-alvo: Engenheiros, arquitetos, t\u00e9cnicos, estudantes e demais interessados. Palestrante: Sideney Antunes Schreiner J\u00fanior \u2013 Diretor Regional do IE em T\u00f3quio \u2013 Jap\u00e3o Graduado em engenharia civil pela Universidade de Bras\u00edlia, mestre e doutor em engenharia de transportes pela Tokyo [&hellip;]<\/p>\n","protected":false},"author":13,"featured_media":83798,"comment_status":"open","ping_status":"open","sticky":false,"template":"","format":"standard","meta":{"footnotes":""},"categories":[968,969],"tags":[],"class_list":{"0":"post-84735","1":"post","2":"type-post","3":"status-publish","4":"format-standard","5":"has-post-thumbnail","7":"category-nova-tv-engenharia","8":"category-palestra"},"yoast_head":"<!-- This site is optimized with the Yoast SEO plugin v27.2 - https:\/\/yoast.com\/product\/yoast-seo-wordpress\/ -->\n<title>IE Talks: Aplica\u00e7\u00f5es de Macro e Microssimula\u00e7\u00e3o na Mobilidade Urbana - Instituto de Engenharia<\/title>\n<meta name=\"robots\" content=\"index, follow, max-snippet:-1, max-image-preview:large, max-video-preview:-1\" \/>\n<link rel=\"canonical\" href=\"https:\/\/www.institutodeengenharia.org.br\/site\/2021\/08\/16\/ie-talks-aplicacoes-de-macro-e-microssimulacao-na-mobilidade-urbana\/\" \/>\n<meta property=\"og:locale\" content=\"pt_BR\" \/>\n<meta property=\"og:type\" content=\"article\" \/>\n<meta property=\"og:title\" content=\"IE Talks: - Aplica\u00e7\u00f5es de Macro e Microssimula\u00e7\u00e3o na Mobilidade Urbana\" \/>\n<meta property=\"og:description\" content=\"Assista \u00e0 grava\u00e7\u00e3o do evento\" \/>\n<meta property=\"og:url\" content=\"https:\/\/www.institutodeengenharia.org.br\/site\/2021\/08\/16\/ie-talks-aplicacoes-de-macro-e-microssimulacao-na-mobilidade-urbana\/\" \/>\n<meta property=\"og:site_name\" content=\"Instituto de Engenharia\" \/>\n<meta property=\"article:publisher\" content=\"https:\/\/www.facebook.com\/institutodeengenharia\" \/>\n<meta property=\"article:published_time\" content=\"2021-08-16T14:10:31+00:00\" \/>\n<meta property=\"article:modified_time\" content=\"2021-08-24T14:11:55+00:00\" \/>\n<meta property=\"og:image\" content=\"https:\/\/www.institutodeengenharia.org.br\/site\/wp-content\/uploads\/2019\/08\/tv_engenharia.jpg\" \/>\n\t<meta property=\"og:image:width\" content=\"1280\" \/>\n\t<meta property=\"og:image:height\" content=\"853\" \/>\n\t<meta property=\"og:image:type\" content=\"image\/jpeg\" \/>\n<meta name=\"author\" content=\"Bianca\" \/>\n<meta name=\"twitter:card\" content=\"summary_large_image\" \/>\n<meta name=\"twitter:title\" content=\"IE Talks: - Aplica\u00e7\u00f5es de Macro e Microssimula\u00e7\u00e3o na Mobilidade Urbana\" \/>\n<meta name=\"twitter:description\" content=\"Assista \u00e0 grava\u00e7\u00e3o do evento\" \/>\n<meta name=\"twitter:image\" content=\"https:\/\/www.institutodeengenharia.org.br\/site\/wp-content\/uploads\/2019\/08\/tv_engenharia.jpg\" \/>\n<meta name=\"twitter:creator\" content=\"@iengenharia\" \/>\n<meta name=\"twitter:site\" content=\"@iengenharia\" \/>\n<meta name=\"twitter:label1\" content=\"Escrito por\" \/>\n\t<meta name=\"twitter:data1\" content=\"Bianca\" \/>\n\t<meta name=\"twitter:label2\" content=\"Est. tempo de leitura\" \/>\n\t<meta name=\"twitter:data2\" content=\"3 minutos\" \/>\n<script type=\"application\/ld+json\" class=\"yoast-schema-graph\">{\"@context\":\"https:\/\/schema.org\",\"@graph\":[{\"@type\":\"Article\",\"@id\":\"https:\/\/www.institutodeengenharia.org.br\/site\/2021\/08\/16\/ie-talks-aplicacoes-de-macro-e-microssimulacao-na-mobilidade-urbana\/#article\",\"isPartOf\":{\"@id\":\"https:\/\/www.institutodeengenharia.org.br\/site\/2021\/08\/16\/ie-talks-aplicacoes-de-macro-e-microssimulacao-na-mobilidade-urbana\/\"},\"author\":{\"name\":\"Bianca\",\"@id\":\"https:\/\/www.institutodeengenharia.org.br\/site\/#\/schema\/person\/aeb64951c405e100d26d30b033dd423f\"},\"headline\":\"IE Talks: Aplica\u00e7\u00f5es de Macro e Microssimula\u00e7\u00e3o na Mobilidade Urbana\",\"datePublished\":\"2021-08-16T14:10:31+00:00\",\"dateModified\":\"2021-08-24T14:11:55+00:00\",\"mainEntityOfPage\":{\"@id\":\"https:\/\/www.institutodeengenharia.org.br\/site\/2021\/08\/16\/ie-talks-aplicacoes-de-macro-e-microssimulacao-na-mobilidade-urbana\/\"},\"wordCount\":453,\"commentCount\":0,\"publisher\":{\"@id\":\"https:\/\/www.institutodeengenharia.org.br\/site\/#organization\"},\"image\":{\"@id\":\"https:\/\/www.institutodeengenharia.org.br\/site\/2021\/08\/16\/ie-talks-aplicacoes-de-macro-e-microssimulacao-na-mobilidade-urbana\/#primaryimage\"},\"thumbnailUrl\":\"https:\/\/www.institutodeengenharia.org.br\/site\/wp-content\/uploads\/2021\/08\/traffic-3612474_1920.webp\",\"articleSection\":[\"Nova TV Engenharia\",\"Palestra\"],\"inLanguage\":\"pt-BR\",\"potentialAction\":[{\"@type\":\"CommentAction\",\"name\":\"Comment\",\"target\":[\"https:\/\/www.institutodeengenharia.org.br\/site\/2021\/08\/16\/ie-talks-aplicacoes-de-macro-e-microssimulacao-na-mobilidade-urbana\/#respond\"]}]},{\"@type\":\"WebPage\",\"@id\":\"https:\/\/www.institutodeengenharia.org.br\/site\/2021\/08\/16\/ie-talks-aplicacoes-de-macro-e-microssimulacao-na-mobilidade-urbana\/\",\"url\":\"https:\/\/www.institutodeengenharia.org.br\/site\/2021\/08\/16\/ie-talks-aplicacoes-de-macro-e-microssimulacao-na-mobilidade-urbana\/\",\"name\":\"IE Talks: Aplica\u00e7\u00f5es de Macro e Microssimula\u00e7\u00e3o na Mobilidade Urbana - Instituto de Engenharia\",\"isPartOf\":{\"@id\":\"https:\/\/www.institutodeengenharia.org.br\/site\/#website\"},\"primaryImageOfPage\":{\"@id\":\"https:\/\/www.institutodeengenharia.org.br\/site\/2021\/08\/16\/ie-talks-aplicacoes-de-macro-e-microssimulacao-na-mobilidade-urbana\/#primaryimage\"},\"image\":{\"@id\":\"https:\/\/www.institutodeengenharia.org.br\/site\/2021\/08\/16\/ie-talks-aplicacoes-de-macro-e-microssimulacao-na-mobilidade-urbana\/#primaryimage\"},\"thumbnailUrl\":\"https:\/\/www.institutodeengenharia.org.br\/site\/wp-content\/uploads\/2021\/08\/traffic-3612474_1920.webp\",\"datePublished\":\"2021-08-16T14:10:31+00:00\",\"dateModified\":\"2021-08-24T14:11:55+00:00\",\"breadcrumb\":{\"@id\":\"https:\/\/www.institutodeengenharia.org.br\/site\/2021\/08\/16\/ie-talks-aplicacoes-de-macro-e-microssimulacao-na-mobilidade-urbana\/#breadcrumb\"},\"inLanguage\":\"pt-BR\",\"potentialAction\":[{\"@type\":\"ReadAction\",\"target\":[\"https:\/\/www.institutodeengenharia.org.br\/site\/2021\/08\/16\/ie-talks-aplicacoes-de-macro-e-microssimulacao-na-mobilidade-urbana\/\"]}]},{\"@type\":\"ImageObject\",\"inLanguage\":\"pt-BR\",\"@id\":\"https:\/\/www.institutodeengenharia.org.br\/site\/2021\/08\/16\/ie-talks-aplicacoes-de-macro-e-microssimulacao-na-mobilidade-urbana\/#primaryimage\",\"url\":\"https:\/\/www.institutodeengenharia.org.br\/site\/wp-content\/uploads\/2021\/08\/traffic-3612474_1920.webp\",\"contentUrl\":\"https:\/\/www.institutodeengenharia.org.br\/site\/wp-content\/uploads\/2021\/08\/traffic-3612474_1920.webp\",\"width\":1920,\"height\":1368},{\"@type\":\"BreadcrumbList\",\"@id\":\"https:\/\/www.institutodeengenharia.org.br\/site\/2021\/08\/16\/ie-talks-aplicacoes-de-macro-e-microssimulacao-na-mobilidade-urbana\/#breadcrumb\",\"itemListElement\":[{\"@type\":\"ListItem\",\"position\":1,\"name\":\"In\u00edcio\",\"item\":\"https:\/\/www.institutodeengenharia.org.br\/site\/\"},{\"@type\":\"ListItem\",\"position\":2,\"name\":\"IE Talks: Aplica\u00e7\u00f5es de Macro e Microssimula\u00e7\u00e3o na Mobilidade Urbana\"}]},{\"@type\":\"WebSite\",\"@id\":\"https:\/\/www.institutodeengenharia.org.br\/site\/#website\",\"url\":\"https:\/\/www.institutodeengenharia.org.br\/site\/\",\"name\":\"Instituto de Engenharia\",\"description\":\"O Instituto de Engenharia promove a Engenharia em benef\u00edcio do desenvolvimento e da qualidade de vida da sociedade.\",\"publisher\":{\"@id\":\"https:\/\/www.institutodeengenharia.org.br\/site\/#organization\"},\"potentialAction\":[{\"@type\":\"SearchAction\",\"target\":{\"@type\":\"EntryPoint\",\"urlTemplate\":\"https:\/\/www.institutodeengenharia.org.br\/site\/?s={search_term_string}\"},\"query-input\":{\"@type\":\"PropertyValueSpecification\",\"valueRequired\":true,\"valueName\":\"search_term_string\"}}],\"inLanguage\":\"pt-BR\"},{\"@type\":\"Organization\",\"@id\":\"https:\/\/www.institutodeengenharia.org.br\/site\/#organization\",\"name\":\"Instituto de Engenharia\",\"url\":\"https:\/\/www.institutodeengenharia.org.br\/site\/\",\"logo\":{\"@type\":\"ImageObject\",\"inLanguage\":\"pt-BR\",\"@id\":\"https:\/\/www.institutodeengenharia.org.br\/site\/#\/schema\/logo\/image\/\",\"url\":\"https:\/\/www.institutodeengenharia.org.br\/site\/wp-content\/uploads\/2019\/03\/logo-novo-IE2018-1.jpg\",\"contentUrl\":\"https:\/\/www.institutodeengenharia.org.br\/site\/wp-content\/uploads\/2019\/03\/logo-novo-IE2018-1.jpg\",\"width\":1486,\"height\":1879,\"caption\":\"Instituto de Engenharia\"},\"image\":{\"@id\":\"https:\/\/www.institutodeengenharia.org.br\/site\/#\/schema\/logo\/image\/\"},\"sameAs\":[\"https:\/\/www.facebook.com\/institutodeengenharia\",\"https:\/\/x.com\/iengenharia\",\"https:\/\/www.instagram.com\/institutodeengenharia\/\",\"https:\/\/www.linkedin.com\/company\/instituto-de-engenharia\/\",\"https:\/\/www.youtube.com\/channel\/UCXiCAlsSMe977vamW915HxA\"]},{\"@type\":\"Person\",\"@id\":\"https:\/\/www.institutodeengenharia.org.br\/site\/#\/schema\/person\/aeb64951c405e100d26d30b033dd423f\",\"name\":\"Bianca\",\"image\":{\"@type\":\"ImageObject\",\"inLanguage\":\"pt-BR\",\"@id\":\"https:\/\/secure.gravatar.com\/avatar\/a6fbe9bff57405baf4c1e2c5c1811e072b558253974a9f9508f4678900c97c2a?s=96&d=mm&r=g\",\"url\":\"https:\/\/secure.gravatar.com\/avatar\/a6fbe9bff57405baf4c1e2c5c1811e072b558253974a9f9508f4678900c97c2a?s=96&d=mm&r=g\",\"contentUrl\":\"https:\/\/secure.gravatar.com\/avatar\/a6fbe9bff57405baf4c1e2c5c1811e072b558253974a9f9508f4678900c97c2a?s=96&d=mm&r=g\",\"caption\":\"Bianca\"},\"url\":\"https:\/\/www.institutodeengenharia.org.br\/site\/author\/comunicacao1\/\"}]}<\/script>\n<!-- \/ Yoast SEO plugin. -->","yoast_head_json":{"title":"IE Talks: Aplica\u00e7\u00f5es de Macro e Microssimula\u00e7\u00e3o na Mobilidade Urbana - Instituto de Engenharia","robots":{"index":"index","follow":"follow","max-snippet":"max-snippet:-1","max-image-preview":"max-image-preview:large","max-video-preview":"max-video-preview:-1"},"canonical":"https:\/\/www.institutodeengenharia.org.br\/site\/2021\/08\/16\/ie-talks-aplicacoes-de-macro-e-microssimulacao-na-mobilidade-urbana\/","og_locale":"pt_BR","og_type":"article","og_title":"IE Talks: - Aplica\u00e7\u00f5es de Macro e Microssimula\u00e7\u00e3o na Mobilidade Urbana","og_description":"Assista \u00e0 grava\u00e7\u00e3o do evento","og_url":"https:\/\/www.institutodeengenharia.org.br\/site\/2021\/08\/16\/ie-talks-aplicacoes-de-macro-e-microssimulacao-na-mobilidade-urbana\/","og_site_name":"Instituto de Engenharia","article_publisher":"https:\/\/www.facebook.com\/institutodeengenharia","article_published_time":"2021-08-16T14:10:31+00:00","article_modified_time":"2021-08-24T14:11:55+00:00","og_image":[{"width":1280,"height":853,"url":"https:\/\/www.institutodeengenharia.org.br\/site\/wp-content\/uploads\/2019\/08\/tv_engenharia.jpg","type":"image\/jpeg"}],"author":"Bianca","twitter_card":"summary_large_image","twitter_title":"IE Talks: - Aplica\u00e7\u00f5es de Macro e Microssimula\u00e7\u00e3o na Mobilidade Urbana","twitter_description":"Assista \u00e0 grava\u00e7\u00e3o do evento","twitter_image":"https:\/\/www.institutodeengenharia.org.br\/site\/wp-content\/uploads\/2019\/08\/tv_engenharia.jpg","twitter_creator":"@iengenharia","twitter_site":"@iengenharia","twitter_misc":{"Escrito por":"Bianca","Est. tempo de leitura":"3 minutos"},"schema":{"@context":"https:\/\/schema.org","@graph":[{"@type":"Article","@id":"https:\/\/www.institutodeengenharia.org.br\/site\/2021\/08\/16\/ie-talks-aplicacoes-de-macro-e-microssimulacao-na-mobilidade-urbana\/#article","isPartOf":{"@id":"https:\/\/www.institutodeengenharia.org.br\/site\/2021\/08\/16\/ie-talks-aplicacoes-de-macro-e-microssimulacao-na-mobilidade-urbana\/"},"author":{"name":"Bianca","@id":"https:\/\/www.institutodeengenharia.org.br\/site\/#\/schema\/person\/aeb64951c405e100d26d30b033dd423f"},"headline":"IE Talks: Aplica\u00e7\u00f5es de Macro e Microssimula\u00e7\u00e3o na Mobilidade Urbana","datePublished":"2021-08-16T14:10:31+00:00","dateModified":"2021-08-24T14:11:55+00:00","mainEntityOfPage":{"@id":"https:\/\/www.institutodeengenharia.org.br\/site\/2021\/08\/16\/ie-talks-aplicacoes-de-macro-e-microssimulacao-na-mobilidade-urbana\/"},"wordCount":453,"commentCount":0,"publisher":{"@id":"https:\/\/www.institutodeengenharia.org.br\/site\/#organization"},"image":{"@id":"https:\/\/www.institutodeengenharia.org.br\/site\/2021\/08\/16\/ie-talks-aplicacoes-de-macro-e-microssimulacao-na-mobilidade-urbana\/#primaryimage"},"thumbnailUrl":"https:\/\/www.institutodeengenharia.org.br\/site\/wp-content\/uploads\/2021\/08\/traffic-3612474_1920.webp","articleSection":["Nova TV Engenharia","Palestra"],"inLanguage":"pt-BR","potentialAction":[{"@type":"CommentAction","name":"Comment","target":["https:\/\/www.institutodeengenharia.org.br\/site\/2021\/08\/16\/ie-talks-aplicacoes-de-macro-e-microssimulacao-na-mobilidade-urbana\/#respond"]}]},{"@type":"WebPage","@id":"https:\/\/www.institutodeengenharia.org.br\/site\/2021\/08\/16\/ie-talks-aplicacoes-de-macro-e-microssimulacao-na-mobilidade-urbana\/","url":"https:\/\/www.institutodeengenharia.org.br\/site\/2021\/08\/16\/ie-talks-aplicacoes-de-macro-e-microssimulacao-na-mobilidade-urbana\/","name":"IE Talks: Aplica\u00e7\u00f5es de Macro e Microssimula\u00e7\u00e3o na Mobilidade Urbana - Instituto de Engenharia","isPartOf":{"@id":"https:\/\/www.institutodeengenharia.org.br\/site\/#website"},"primaryImageOfPage":{"@id":"https:\/\/www.institutodeengenharia.org.br\/site\/2021\/08\/16\/ie-talks-aplicacoes-de-macro-e-microssimulacao-na-mobilidade-urbana\/#primaryimage"},"image":{"@id":"https:\/\/www.institutodeengenharia.org.br\/site\/2021\/08\/16\/ie-talks-aplicacoes-de-macro-e-microssimulacao-na-mobilidade-urbana\/#primaryimage"},"thumbnailUrl":"https:\/\/www.institutodeengenharia.org.br\/site\/wp-content\/uploads\/2021\/08\/traffic-3612474_1920.webp","datePublished":"2021-08-16T14:10:31+00:00","dateModified":"2021-08-24T14:11:55+00:00","breadcrumb":{"@id":"https:\/\/www.institutodeengenharia.org.br\/site\/2021\/08\/16\/ie-talks-aplicacoes-de-macro-e-microssimulacao-na-mobilidade-urbana\/#breadcrumb"},"inLanguage":"pt-BR","potentialAction":[{"@type":"ReadAction","target":["https:\/\/www.institutodeengenharia.org.br\/site\/2021\/08\/16\/ie-talks-aplicacoes-de-macro-e-microssimulacao-na-mobilidade-urbana\/"]}]},{"@type":"ImageObject","inLanguage":"pt-BR","@id":"https:\/\/www.institutodeengenharia.org.br\/site\/2021\/08\/16\/ie-talks-aplicacoes-de-macro-e-microssimulacao-na-mobilidade-urbana\/#primaryimage","url":"https:\/\/www.institutodeengenharia.org.br\/site\/wp-content\/uploads\/2021\/08\/traffic-3612474_1920.webp","contentUrl":"https:\/\/www.institutodeengenharia.org.br\/site\/wp-content\/uploads\/2021\/08\/traffic-3612474_1920.webp","width":1920,"height":1368},{"@type":"BreadcrumbList","@id":"https:\/\/www.institutodeengenharia.org.br\/site\/2021\/08\/16\/ie-talks-aplicacoes-de-macro-e-microssimulacao-na-mobilidade-urbana\/#breadcrumb","itemListElement":[{"@type":"ListItem","position":1,"name":"In\u00edcio","item":"https:\/\/www.institutodeengenharia.org.br\/site\/"},{"@type":"ListItem","position":2,"name":"IE Talks: Aplica\u00e7\u00f5es de Macro e Microssimula\u00e7\u00e3o na Mobilidade Urbana"}]},{"@type":"WebSite","@id":"https:\/\/www.institutodeengenharia.org.br\/site\/#website","url":"https:\/\/www.institutodeengenharia.org.br\/site\/","name":"Instituto de Engenharia","description":"O Instituto de Engenharia promove a Engenharia em benef\u00edcio do desenvolvimento e da qualidade de vida da sociedade.","publisher":{"@id":"https:\/\/www.institutodeengenharia.org.br\/site\/#organization"},"potentialAction":[{"@type":"SearchAction","target":{"@type":"EntryPoint","urlTemplate":"https:\/\/www.institutodeengenharia.org.br\/site\/?s={search_term_string}"},"query-input":{"@type":"PropertyValueSpecification","valueRequired":true,"valueName":"search_term_string"}}],"inLanguage":"pt-BR"},{"@type":"Organization","@id":"https:\/\/www.institutodeengenharia.org.br\/site\/#organization","name":"Instituto de Engenharia","url":"https:\/\/www.institutodeengenharia.org.br\/site\/","logo":{"@type":"ImageObject","inLanguage":"pt-BR","@id":"https:\/\/www.institutodeengenharia.org.br\/site\/#\/schema\/logo\/image\/","url":"https:\/\/www.institutodeengenharia.org.br\/site\/wp-content\/uploads\/2019\/03\/logo-novo-IE2018-1.jpg","contentUrl":"https:\/\/www.institutodeengenharia.org.br\/site\/wp-content\/uploads\/2019\/03\/logo-novo-IE2018-1.jpg","width":1486,"height":1879,"caption":"Instituto de Engenharia"},"image":{"@id":"https:\/\/www.institutodeengenharia.org.br\/site\/#\/schema\/logo\/image\/"},"sameAs":["https:\/\/www.facebook.com\/institutodeengenharia","https:\/\/x.com\/iengenharia","https:\/\/www.instagram.com\/institutodeengenharia\/","https:\/\/www.linkedin.com\/company\/instituto-de-engenharia\/","https:\/\/www.youtube.com\/channel\/UCXiCAlsSMe977vamW915HxA"]},{"@type":"Person","@id":"https:\/\/www.institutodeengenharia.org.br\/site\/#\/schema\/person\/aeb64951c405e100d26d30b033dd423f","name":"Bianca","image":{"@type":"ImageObject","inLanguage":"pt-BR","@id":"https:\/\/secure.gravatar.com\/avatar\/a6fbe9bff57405baf4c1e2c5c1811e072b558253974a9f9508f4678900c97c2a?s=96&d=mm&r=g","url":"https:\/\/secure.gravatar.com\/avatar\/a6fbe9bff57405baf4c1e2c5c1811e072b558253974a9f9508f4678900c97c2a?s=96&d=mm&r=g","contentUrl":"https:\/\/secure.gravatar.com\/avatar\/a6fbe9bff57405baf4c1e2c5c1811e072b558253974a9f9508f4678900c97c2a?s=96&d=mm&r=g","caption":"Bianca"},"url":"https:\/\/www.institutodeengenharia.org.br\/site\/author\/comunicacao1\/"}]}},"_links":{"self":[{"href":"https:\/\/www.institutodeengenharia.org.br\/site\/wp-json\/wp\/v2\/posts\/84735","targetHints":{"allow":["GET"]}}],"collection":[{"href":"https:\/\/www.institutodeengenharia.org.br\/site\/wp-json\/wp\/v2\/posts"}],"about":[{"href":"https:\/\/www.institutodeengenharia.org.br\/site\/wp-json\/wp\/v2\/types\/post"}],"author":[{"embeddable":true,"href":"https:\/\/www.institutodeengenharia.org.br\/site\/wp-json\/wp\/v2\/users\/13"}],"replies":[{"embeddable":true,"href":"https:\/\/www.institutodeengenharia.org.br\/site\/wp-json\/wp\/v2\/comments?post=84735"}],"version-history":[{"count":1,"href":"https:\/\/www.institutodeengenharia.org.br\/site\/wp-json\/wp\/v2\/posts\/84735\/revisions"}],"predecessor-version":[{"id":84736,"href":"https:\/\/www.institutodeengenharia.org.br\/site\/wp-json\/wp\/v2\/posts\/84735\/revisions\/84736"}],"wp:featuredmedia":[{"embeddable":true,"href":"https:\/\/www.institutodeengenharia.org.br\/site\/wp-json\/wp\/v2\/media\/83798"}],"wp:attachment":[{"href":"https:\/\/www.institutodeengenharia.org.br\/site\/wp-json\/wp\/v2\/media?parent=84735"}],"wp:term":[{"taxonomy":"category","embeddable":true,"href":"https:\/\/www.institutodeengenharia.org.br\/site\/wp-json\/wp\/v2\/categories?post=84735"},{"taxonomy":"post_tag","embeddable":true,"href":"https:\/\/www.institutodeengenharia.org.br\/site\/wp-json\/wp\/v2\/tags?post=84735"}],"curies":[{"name":"wp","href":"https:\/\/api.w.org\/{rel}","templated":true}]}}